{"id":82184,"date":"2025-04-15T15:30:58","date_gmt":"2025-04-15T13:30:58","guid":{"rendered":"https:\/\/now-news.de\/de\/deutschland\/literaturnobelpreistraeger-peter-handke-der-westen-traegt-mitschuld-am-ukrainekrieg\/"},"modified":"2025-04-15T15:30:58","modified_gmt":"2025-04-15T13:30:58","slug":"literaturnobelpreistraeger-peter-handke-der-westen-traegt-mitschuld-am-ukrainekrieg","status":"publish","type":"post","link":"https:\/\/now-news.de\/de\/deutschland\/literaturnobelpreistraeger-peter-handke-der-westen-traegt-mitschuld-am-ukrainekrieg\/","title":{"rendered":"Literaturnobelpreistr\u00e4ger Peter Handke: Der Westen tr\u00e4gt Mitschuld am Ukrainekrieg"},"content":{"rendered":"<p><img decoding=\"async\" src=\"https:\/\/now-news.de\/de\/wp-content\/uploads\/sites\/3\/2025\/04\/67fe1ae848fbef188f3cec7a.jpg\" \/><\/p>\n<div class=\"Text-root Text-type_1 \">\n                Literaturnobelpreistr\u00e4ger Peter Handke kritisiert Europas Demokratien als &#8220;Schein-Demokratien&#8221; und wirft dem Westen vor, Selenskij zum Ukraine-Krieg ermutigt zu haben. Das Leid der Bev\u00f6lkerung sei Ergebnis westlicher Unterst\u00fctzung. Er spricht von globaler Ersch\u00f6pfung und gesellschaftlicher Verzweiflung.\n            <\/div>\n<p><\/p>\n<div class=\"Text-root Text-type_5 ArticleView-text ViewText-root \">\n<p>Peter Handke, \u00f6sterreichischer Schriftsteller und Tr\u00e4ger des Literaturnobelpreises, hat erneut mit kritischen Aussagen f\u00fcr Aufmerksamkeit gesorgt. In Interviews mit dem ORF und der\u00a0<em>Neuen Z\u00fcrcher Zeitung<\/em>\u00a0\u00e4u\u00dferte sich der 82-J\u00e4hrige deutlich zur politischen und gesellschaftlichen Lage Europas \u2013 und zum Krieg in der Ukraine.<\/p>\n<p>Im Gespr\u00e4ch mit dem ORF\u00a0<a rel=\"nofollow noopener\" target=\"_blank\" href=\"https:\/\/orf.at\/av\/video\/newsVideo11216\">zeigte<\/a>\u00a0sich Handke desillusioniert vom Begriff der Demokratie:<\/p>\n<blockquote>\n<p><em>&#8220;Ich kann das Wort Demokratie nicht mehr ausstehen.&#8221;<\/em><\/p>\n<\/blockquote>\n<p>Er kritisierte, viele europ\u00e4ische Staaten w\u00fcrden sich zwar demokratisch nennen, seien in Wahrheit aber von kleinteiligen, autorit\u00e4ren Strukturen durchzogen. Besonders Frankreich nannte er als Beispiel: Dort w\u00fcrden Entscheidungen oft unter Berufung auf richterliche Unabh\u00e4ngigkeit gerechtfertigt, w\u00e4hrend im Alltag viele kleine diktatorische Mechanismen wirksam seien.<\/p>\n<p>Handke sprach von &#8220;Schein-Demokratien&#8221; \u2013 Systemen, die sich demokratisch geben, aber wenig Raum f\u00fcr echte Mitbestimmung lassen. In einer echten Diktatur, so seine provokante These, wisse man wenigstens, wogegen man k\u00e4mpfen k\u00f6nne. Heute hingegen seien viele Einschr\u00e4nkungen subtil und damit schwerer zu hinterfragen.<\/p>\n<p>Noch sch\u00e4rfer fiel seine Kritik am Umgang Europas mit dem Ukraine-Konflikt aus. In einem\u00a0<a rel=\"nofollow noopener\" target=\"_blank\" href=\"https:\/\/www.nzz.ch\/feuilleton\/peter-handke-debuetierte-vor-sechzig-jahren-im-interview-erinnert-er-sich-ld.1877604\">Interview mit der\u00a0<em>NZZ<\/em>\u00a0<\/a>sagte Handke, es sei seiner \u00dcberzeugung nach lange vor Kriegsbeginn m\u00f6glich gewesen, eine diplomatische L\u00f6sung zu finden.<\/p>\n<blockquote>\n<p><em>&#8220;Ich hasse mich selber daf\u00fcr, wenn ich sage &#8216;ich bin sicher&#8217;, aber ich bin sicher, dass die Europ\u00e4er Selenskij zum Krieg ermuntert haben: &#8216;Mach nur, mach nur. Wir unterst\u00fctzen dich&#8217;.&#8221;<\/em><\/p>\n<\/blockquote>\n<p>F\u00fcr ihn sei das Leid der ukrainischen Bev\u00f6lkerung ein Ergebnis einer verh\u00e4ngnisvollen politischen Ermutigung durch den Westen.<\/p>\n<blockquote>\n<p><em>&#8220;Selenskij opfert sein Volk, die haben alle genug. Es ist ein furchtbares Leid, das Volk leidet.&#8221;<\/em><\/p>\n<\/blockquote>\n<p>In einem weiteren Gedanken \u00e4u\u00dferte sich Handke zur allgemeinen Lage der Welt:\u00a0<\/p>\n<blockquote>\n<p><em>&#8220;Verzweiflung, ja, das ist es. Es kommt mir so vor, als h\u00e4tten wir gerade noch zehn Prozent Akkuladung. So weit sind wir mit der Welt.&#8221;<\/em><\/p>\n<\/blockquote>\n<p>Die Menschheit steuere aus seiner Sicht auf einen globalen Ersch\u00f6pfungszustand zu.<\/p>\n<p>Peter Handke wurde 2019 mit dem Nobelpreis f\u00fcr Literatur ausgezeichnet. Der geb\u00fcrtige K\u00e4rntner z\u00e4hlt zu den bedeutendsten Autoren der Gegenwart \u2013 aber auch zu den am meisten umstrittenen. Bereits in den 1990er-Jahren erregte er mit seiner proserbischen Haltung im Zusammenhang mit den Jugoslawienkriegen Aufsehen. Sein damaliges Manifest &#8220;Gerechtigkeit f\u00fcr Serbien&#8221; stie\u00df auf heftige Kritik, insbesondere weil es sich gegen die g\u00e4ngige westliche Sichtweise stellte, in der Serbien als Hauptverantwortlicher f\u00fcr die Kriegsverbrechen galt.<\/p>\n<p>J\u00fcngst erschien sein neues Werk &#8220;<a rel=\"nofollow noopener\" target=\"_blank\" href=\"https:\/\/www.amazon.de\/Schnee-von-gestern-morgen-Nobelpreistr%C3%A4gers\/dp\/3518432257\">Schnee von gestern, Schnee von morgen<\/a>&#8221;\u00a0im Suhrkamp Verlag \u2013 ein weiterer literarischer Beitrag eines Autors, der es sich zur Aufgabe gemacht hat, unbequeme Fragen zu stellen, auch wenn sie nicht auf Zustimmung treffen.<\/p>\n<p data-start=\"2803\" data-end=\"3056\"><strong>Mehr zum Thema<\/strong>\u00a0\u2013\u00a0<a rel=\"nofollow noopener\" target=\"_blank\" href=\"https:\/\/freedert.online\/oesterreich\/239242-auswirkungen-ramadan-auf-schulen-fpoe\/\">FP\u00d6 kritisiert Migrationspolitik<\/a><\/p>\n<div class=\"EmbedBlock-root EmbedBlock-externalVideo EmbedBlock-rumble\">\n<div class=\"VkEmbed\"><iframe class=\"lazyload\" data-src=\"https:\/\/rumble.com\/embed\/v6prm0x\" frameborder=\"0\" width=\"853\" height=\"480\" allowfullscreen><\/iframe><\/div>\n<\/div>\n<\/div>\n<p><br \/>\n<br \/><a href=\"https:\/\/de.rt.com\/oesterreich\/242466-literaturnobelpreistraeger-peter-handke-westen-traegt\/\">Source link <\/a><\/p>\n","protected":false},"excerpt":{"rendered":"<p>Literaturnobelpreistr\u00e4ger Peter Handke kritisiert Europas Demokratien als &#8220;Schein-Demokratien&#8221; und wirft dem Westen vor, Selenskij zum Ukraine-Krieg ermutigt zu haben. Das Leid der Bev\u00f6lkerung sei Ergebnis westlicher Unterst\u00fctzung. Er spricht von globaler Ersch\u00f6pfung und gesellschaftlicher Verzweiflung. Peter Handke, \u00f6sterreichischer Schriftsteller und Tr\u00e4ger des Literaturnobelpreises, hat erneut mit kritischen Aussagen f\u00fcr Aufmerksamkeit gesorgt. In Interviews mit dem [&hellip;]<\/p>\n","protected":false},"author":3,"featured_media":82185,"comment_status":"open","ping_status":"open","sticky":false,"template":"","format":"standard","meta":{"_yoast_indexnow_last_ping":["1744724779"],"wp_automatic_camp":["217"],"9c9ddec4ce04018e8b4e7a2847d7b940":["Literaturnobelpreistr\u00e4ger Peter Handke: Der Westen tr\u00e4gt Mitschuld am Ukrainekrieg"],"original_link":["https:\/\/de.rt.com\/oesterreich\/242466-literaturnobelpreistraeger-peter-handke-westen-traegt\/"],"_thumbnail_id":["82185"],"jnews_social_counter_last_update":["1777603202"],"_wptgpro_p2tg_sent2tg":["a:1:{i:23737;s:19:\"2025-04-15 15:47:31\";}"]},"categories":[19,23],"tags":[82,64296,64295,26365,1424,16145,566,378],"yoast_head":"<!-- This site is optimized with the Yoast SEO Premium plugin v22.7 (Yoast SEO v22.7) - https:\/\/yoast.com\/wordpress\/plugins\/seo\/ -->\n<title>Literaturnobelpreistr\u00e4ger Peter Handke: Der Westen tr\u00e4gt Mitschuld am Ukrainekrieg - just-now.NEWS Deutschland<\/title>\n<meta name=\"robots\" content=\"index, follow, max-snippet:-1, max-image-preview:large, max-video-preview:-1\" \/>\n<link rel=\"canonical\" href=\"https:\/\/now-news.de\/de\/deutschland\/literaturnobelpreistraeger-peter-handke-der-westen-traegt-mitschuld-am-ukrainekrieg\/\" \/>\n<meta property=\"og:locale\" content=\"de_DE\" \/>\n<meta property=\"og:type\" content=\"article\" \/>\n<meta property=\"og:title\" content=\"Literaturnobelpreistr\u00e4ger Peter Handke: Der Westen tr\u00e4gt Mitschuld am Ukrainekrieg\" \/>\n<meta property=\"og:description\" content=\"Literaturnobelpreistr\u00e4ger Peter Handke kritisiert Europas Demokratien als &#8220;Schein-Demokratien&#8221; und wirft dem Westen vor, Selenskij zum Ukraine-Krieg ermutigt zu haben. Das Leid der Bev\u00f6lkerung sei Ergebnis westlicher Unterst\u00fctzung. Er spricht von globaler Ersch\u00f6pfung und gesellschaftlicher Verzweiflung. Peter Handke, \u00f6sterreichischer Schriftsteller und Tr\u00e4ger des Literaturnobelpreises, hat erneut mit kritischen Aussagen f\u00fcr Aufmerksamkeit gesorgt. In Interviews mit dem [&hellip;]\" \/>\n<meta property=\"og:url\" content=\"https:\/\/now-news.de\/de\/deutschland\/literaturnobelpreistraeger-peter-handke-der-westen-traegt-mitschuld-am-ukrainekrieg\/\" \/>\n<meta property=\"og:site_name\" content=\"just-now.NEWS Deutschland\" \/>\n<meta property=\"article:publisher\" content=\"https:\/\/www.facebook.com\/wirmachenauf\" \/>\n<meta property=\"article:published_time\" content=\"2025-04-15T13:30:58+00:00\" \/>\n<meta property=\"og:image\" content=\"https:\/\/now-news.de\/de\/wp-content\/uploads\/sites\/3\/2025\/04\/67fe1ae848fbef188f3cec7a.jpg\" \/>\n<meta name=\"author\" content=\"rtnews\" \/>\n<meta name=\"twitter:card\" content=\"summary_large_image\" \/>\n<meta name=\"twitter:creator\" content=\"@WirMachenAuf_de\" \/>\n<meta name=\"twitter:site\" content=\"@WirMachenAuf_de\" \/>\n<meta name=\"twitter:label1\" content=\"Verfasst von\" \/>\n\t<meta name=\"twitter:data1\" content=\"rtnews\" \/>\n\t<meta name=\"twitter:label2\" content=\"Gesch\u00e4tzte Lesezeit\" \/>\n\t<meta name=\"twitter:data2\" content=\"2\u00a0Minuten\" \/>\n<script type=\"application\/ld+json\" class=\"yoast-schema-graph\">{\"@context\":\"https:\/\/schema.org\",\"@graph\":[{\"@type\":\"Article\",\"@id\":\"https:\/\/now-news.de\/de\/deutschland\/literaturnobelpreistraeger-peter-handke-der-westen-traegt-mitschuld-am-ukrainekrieg\/#article\",\"isPartOf\":{\"@id\":\"https:\/\/now-news.de\/de\/deutschland\/literaturnobelpreistraeger-peter-handke-der-westen-traegt-mitschuld-am-ukrainekrieg\/\"},\"author\":{\"name\":\"rtnews\",\"@id\":\"https:\/\/now-news.de\/de\/#\/schema\/person\/fb534a4e865501d8b3285208df34a9b5\"},\"headline\":\"Literaturnobelpreistr\u00e4ger Peter Handke: Der Westen tr\u00e4gt Mitschuld am Ukrainekrieg\",\"datePublished\":\"2025-04-15T13:30:58+00:00\",\"dateModified\":\"2025-04-15T13:30:58+00:00\",\"mainEntityOfPage\":{\"@id\":\"https:\/\/now-news.de\/de\/deutschland\/literaturnobelpreistraeger-peter-handke-der-westen-traegt-mitschuld-am-ukrainekrieg\/\"},\"wordCount\":500,\"commentCount\":0,\"publisher\":{\"@id\":\"https:\/\/now-news.de\/de\/#organization\"},\"image\":{\"@id\":\"https:\/\/now-news.de\/de\/deutschland\/literaturnobelpreistraeger-peter-handke-der-westen-traegt-mitschuld-am-ukrainekrieg\/#primaryimage\"},\"thumbnailUrl\":\"https:\/\/now-news.de\/de\/wp-content\/uploads\/sites\/3\/2025\/04\/Literaturnobelpreistraeger-Peter-Handke-Der-Westen-traegt-Mitschuld-am-Ukrainekrieg.jpg\",\"keywords\":[\"der\",\"Handke\",\"Literaturnobelpreistr\u00e4ger\",\"Mitschuld\",\"Peter\",\"tr\u00e4gt\",\"UkraineKrieg\",\"Westen\"],\"articleSection\":[\"Deutschland\",\"Russland\"],\"inLanguage\":\"de\",\"potentialAction\":[{\"@type\":\"CommentAction\",\"name\":\"Comment\",\"target\":[\"https:\/\/now-news.de\/de\/deutschland\/literaturnobelpreistraeger-peter-handke-der-westen-traegt-mitschuld-am-ukrainekrieg\/#respond\"]}]},{\"@type\":\"WebPage\",\"@id\":\"https:\/\/now-news.de\/de\/deutschland\/literaturnobelpreistraeger-peter-handke-der-westen-traegt-mitschuld-am-ukrainekrieg\/\",\"url\":\"https:\/\/now-news.de\/de\/deutschland\/literaturnobelpreistraeger-peter-handke-der-westen-traegt-mitschuld-am-ukrainekrieg\/\",\"name\":\"Literaturnobelpreistr\u00e4ger Peter Handke: Der Westen tr\u00e4gt Mitschuld am Ukrainekrieg - just-now.NEWS Deutschland\",\"isPartOf\":{\"@id\":\"https:\/\/now-news.de\/de\/#website\"},\"primaryImageOfPage\":{\"@id\":\"https:\/\/now-news.de\/de\/deutschland\/literaturnobelpreistraeger-peter-handke-der-westen-traegt-mitschuld-am-ukrainekrieg\/#primaryimage\"},\"image\":{\"@id\":\"https:\/\/now-news.de\/de\/deutschland\/literaturnobelpreistraeger-peter-handke-der-westen-traegt-mitschuld-am-ukrainekrieg\/#primaryimage\"},\"thumbnailUrl\":\"https:\/\/now-news.de\/de\/wp-content\/uploads\/sites\/3\/2025\/04\/Literaturnobelpreistraeger-Peter-Handke-Der-Westen-traegt-Mitschuld-am-Ukrainekrieg.jpg\",\"datePublished\":\"2025-04-15T13:30:58+00:00\",\"dateModified\":\"2025-04-15T13:30:58+00:00\",\"breadcrumb\":{\"@id\":\"https:\/\/now-news.de\/de\/deutschland\/literaturnobelpreistraeger-peter-handke-der-westen-traegt-mitschuld-am-ukrainekrieg\/#breadcrumb\"},\"inLanguage\":\"de\",\"potentialAction\":[{\"@type\":\"ReadAction\",\"target\":[\"https:\/\/now-news.de\/de\/deutschland\/literaturnobelpreistraeger-peter-handke-der-westen-traegt-mitschuld-am-ukrainekrieg\/\"]}]},{\"@type\":\"ImageObject\",\"inLanguage\":\"de\",\"@id\":\"https:\/\/now-news.de\/de\/deutschland\/literaturnobelpreistraeger-peter-handke-der-westen-traegt-mitschuld-am-ukrainekrieg\/#primaryimage\",\"url\":\"https:\/\/now-news.de\/de\/wp-content\/uploads\/sites\/3\/2025\/04\/Literaturnobelpreistraeger-Peter-Handke-Der-Westen-traegt-Mitschuld-am-Ukrainekrieg.jpg\",\"contentUrl\":\"https:\/\/now-news.de\/de\/wp-content\/uploads\/sites\/3\/2025\/04\/Literaturnobelpreistraeger-Peter-Handke-Der-Westen-traegt-Mitschuld-am-Ukrainekrieg.jpg\",\"width\":460,\"height\":259,\"caption\":\"Literaturnobelpreistr\u00e4ger Peter Handke: Der Westen tr\u00e4gt Mitschuld am Ukrainekrieg\"},{\"@type\":\"BreadcrumbList\",\"@id\":\"https:\/\/now-news.de\/de\/deutschland\/literaturnobelpreistraeger-peter-handke-der-westen-traegt-mitschuld-am-ukrainekrieg\/#breadcrumb\",\"itemListElement\":[{\"@type\":\"ListItem\",\"position\":1,\"name\":\"Home\",\"item\":\"https:\/\/now-news.de\/de\/\"},{\"@type\":\"ListItem\",\"position\":2,\"name\":\"Literaturnobelpreistr\u00e4ger Peter Handke: Der Westen tr\u00e4gt Mitschuld am Ukrainekrieg\"}]},{\"@type\":\"WebSite\",\"@id\":\"https:\/\/now-news.de\/de\/#website\",\"url\":\"https:\/\/now-news.de\/de\/\",\"name\":\"just-now.NEWS Deutschland\",\"description\":\"Das Portal f\u00fcr unzensierte Nachrichten aus der Welt\",\"publisher\":{\"@id\":\"https:\/\/now-news.de\/de\/#organization\"},\"potentialAction\":[{\"@type\":\"SearchAction\",\"target\":{\"@type\":\"EntryPoint\",\"urlTemplate\":\"https:\/\/now-news.de\/de\/?s={search_term_string}\"},\"query-input\":\"required name=search_term_string\"}],\"inLanguage\":\"de\"},{\"@type\":\"Organization\",\"@id\":\"https:\/\/now-news.de\/de\/#organization\",\"name\":\"Just Now News\",\"url\":\"https:\/\/now-news.de\/de\/\",\"logo\":{\"@type\":\"ImageObject\",\"inLanguage\":\"de\",\"@id\":\"https:\/\/now-news.de\/de\/#\/schema\/logo\/image\/\",\"url\":\"http:\/\/just-now.news\/de\/wp-content\/uploads\/sites\/3\/2022\/04\/logo500x500.jpg\",\"contentUrl\":\"http:\/\/just-now.news\/de\/wp-content\/uploads\/sites\/3\/2022\/04\/logo500x500.jpg\",\"width\":500,\"height\":500,\"caption\":\"Just Now News\"},\"image\":{\"@id\":\"https:\/\/now-news.de\/de\/#\/schema\/logo\/image\/\"},\"sameAs\":[\"https:\/\/www.facebook.com\/wirmachenauf\",\"https:\/\/x.com\/WirMachenAuf_de\"]},{\"@type\":\"Person\",\"@id\":\"https:\/\/now-news.de\/de\/#\/schema\/person\/fb534a4e865501d8b3285208df34a9b5\",\"name\":\"rtnews\",\"image\":{\"@type\":\"ImageObject\",\"inLanguage\":\"de\",\"@id\":\"https:\/\/now-news.de\/de\/#\/schema\/person\/image\/\",\"url\":\"https:\/\/secure.gravatar.com\/avatar\/82aafea7d8127119dd649515f56e2117?s=96&d=mm&r=g\",\"contentUrl\":\"https:\/\/secure.gravatar.com\/avatar\/82aafea7d8127119dd649515f56e2117?s=96&d=mm&r=g\",\"caption\":\"rtnews\"},\"url\":\"https:\/\/now-news.de\/de\/author\/rnews\/\"}]}<\/script>\n<!-- \/ Yoast SEO Premium plugin. -->","yoast_head_json":{"title":"Literaturnobelpreistr\u00e4ger Peter Handke: Der Westen tr\u00e4gt Mitschuld am Ukrainekrieg - just-now.NEWS Deutschland","robots":{"index":"index","follow":"follow","max-snippet":"max-snippet:-1","max-image-preview":"max-image-preview:large","max-video-preview":"max-video-preview:-1"},"canonical":"https:\/\/now-news.de\/de\/deutschland\/literaturnobelpreistraeger-peter-handke-der-westen-traegt-mitschuld-am-ukrainekrieg\/","og_locale":"de_DE","og_type":"article","og_title":"Literaturnobelpreistr\u00e4ger Peter Handke: Der Westen tr\u00e4gt Mitschuld am Ukrainekrieg","og_description":"Literaturnobelpreistr\u00e4ger Peter Handke kritisiert Europas Demokratien als &#8220;Schein-Demokratien&#8221; und wirft dem Westen vor, Selenskij zum Ukraine-Krieg ermutigt zu haben. Das Leid der Bev\u00f6lkerung sei Ergebnis westlicher Unterst\u00fctzung. Er spricht von globaler Ersch\u00f6pfung und gesellschaftlicher Verzweiflung. Peter Handke, \u00f6sterreichischer Schriftsteller und Tr\u00e4ger des Literaturnobelpreises, hat erneut mit kritischen Aussagen f\u00fcr Aufmerksamkeit gesorgt. In Interviews mit dem [&hellip;]","og_url":"https:\/\/now-news.de\/de\/deutschland\/literaturnobelpreistraeger-peter-handke-der-westen-traegt-mitschuld-am-ukrainekrieg\/","og_site_name":"just-now.NEWS Deutschland","article_publisher":"https:\/\/www.facebook.com\/wirmachenauf","article_published_time":"2025-04-15T13:30:58+00:00","og_image":[{"url":"https:\/\/now-news.de\/de\/wp-content\/uploads\/sites\/3\/2025\/04\/67fe1ae848fbef188f3cec7a.jpg"}],"author":"rtnews","twitter_card":"summary_large_image","twitter_creator":"@WirMachenAuf_de","twitter_site":"@WirMachenAuf_de","twitter_misc":{"Verfasst von":"rtnews","Gesch\u00e4tzte Lesezeit":"2\u00a0Minuten"},"schema":{"@context":"https:\/\/schema.org","@graph":[{"@type":"Article","@id":"https:\/\/now-news.de\/de\/deutschland\/literaturnobelpreistraeger-peter-handke-der-westen-traegt-mitschuld-am-ukrainekrieg\/#article","isPartOf":{"@id":"https:\/\/now-news.de\/de\/deutschland\/literaturnobelpreistraeger-peter-handke-der-westen-traegt-mitschuld-am-ukrainekrieg\/"},"author":{"name":"rtnews","@id":"https:\/\/now-news.de\/de\/#\/schema\/person\/fb534a4e865501d8b3285208df34a9b5"},"headline":"Literaturnobelpreistr\u00e4ger Peter Handke: Der Westen tr\u00e4gt Mitschuld am Ukrainekrieg","datePublished":"2025-04-15T13:30:58+00:00","dateModified":"2025-04-15T13:30:58+00:00","mainEntityOfPage":{"@id":"https:\/\/now-news.de\/de\/deutschland\/literaturnobelpreistraeger-peter-handke-der-westen-traegt-mitschuld-am-ukrainekrieg\/"},"wordCount":500,"commentCount":0,"publisher":{"@id":"https:\/\/now-news.de\/de\/#organization"},"image":{"@id":"https:\/\/now-news.de\/de\/deutschland\/literaturnobelpreistraeger-peter-handke-der-westen-traegt-mitschuld-am-ukrainekrieg\/#primaryimage"},"thumbnailUrl":"https:\/\/now-news.de\/de\/wp-content\/uploads\/sites\/3\/2025\/04\/Literaturnobelpreistraeger-Peter-Handke-Der-Westen-traegt-Mitschuld-am-Ukrainekrieg.jpg","keywords":["der","Handke","Literaturnobelpreistr\u00e4ger","Mitschuld","Peter","tr\u00e4gt","UkraineKrieg","Westen"],"articleSection":["Deutschland","Russland"],"inLanguage":"de","potentialAction":[{"@type":"CommentAction","name":"Comment","target":["https:\/\/now-news.de\/de\/deutschland\/literaturnobelpreistraeger-peter-handke-der-westen-traegt-mitschuld-am-ukrainekrieg\/#respond"]}]},{"@type":"WebPage","@id":"https:\/\/now-news.de\/de\/deutschland\/literaturnobelpreistraeger-peter-handke-der-westen-traegt-mitschuld-am-ukrainekrieg\/","url":"https:\/\/now-news.de\/de\/deutschland\/literaturnobelpreistraeger-peter-handke-der-westen-traegt-mitschuld-am-ukrainekrieg\/","name":"Literaturnobelpreistr\u00e4ger Peter Handke: Der Westen tr\u00e4gt Mitschuld am Ukrainekrieg - just-now.NEWS Deutschland","isPartOf":{"@id":"https:\/\/now-news.de\/de\/#website"},"primaryImageOfPage":{"@id":"https:\/\/now-news.de\/de\/deutschland\/literaturnobelpreistraeger-peter-handke-der-westen-traegt-mitschuld-am-ukrainekrieg\/#primaryimage"},"image":{"@id":"https:\/\/now-news.de\/de\/deutschland\/literaturnobelpreistraeger-peter-handke-der-westen-traegt-mitschuld-am-ukrainekrieg\/#primaryimage"},"thumbnailUrl":"https:\/\/now-news.de\/de\/wp-content\/uploads\/sites\/3\/2025\/04\/Literaturnobelpreistraeger-Peter-Handke-Der-Westen-traegt-Mitschuld-am-Ukrainekrieg.jpg","datePublished":"2025-04-15T13:30:58+00:00","dateModified":"2025-04-15T13:30:58+00:00","breadcrumb":{"@id":"https:\/\/now-news.de\/de\/deutschland\/literaturnobelpreistraeger-peter-handke-der-westen-traegt-mitschuld-am-ukrainekrieg\/#breadcrumb"},"inLanguage":"de","potentialAction":[{"@type":"ReadAction","target":["https:\/\/now-news.de\/de\/deutschland\/literaturnobelpreistraeger-peter-handke-der-westen-traegt-mitschuld-am-ukrainekrieg\/"]}]},{"@type":"ImageObject","inLanguage":"de","@id":"https:\/\/now-news.de\/de\/deutschland\/literaturnobelpreistraeger-peter-handke-der-westen-traegt-mitschuld-am-ukrainekrieg\/#primaryimage","url":"https:\/\/now-news.de\/de\/wp-content\/uploads\/sites\/3\/2025\/04\/Literaturnobelpreistraeger-Peter-Handke-Der-Westen-traegt-Mitschuld-am-Ukrainekrieg.jpg","contentUrl":"https:\/\/now-news.de\/de\/wp-content\/uploads\/sites\/3\/2025\/04\/Literaturnobelpreistraeger-Peter-Handke-Der-Westen-traegt-Mitschuld-am-Ukrainekrieg.jpg","width":460,"height":259,"caption":"Literaturnobelpreistr\u00e4ger Peter Handke: Der Westen tr\u00e4gt Mitschuld am Ukrainekrieg"},{"@type":"BreadcrumbList","@id":"https:\/\/now-news.de\/de\/deutschland\/literaturnobelpreistraeger-peter-handke-der-westen-traegt-mitschuld-am-ukrainekrieg\/#breadcrumb","itemListElement":[{"@type":"ListItem","position":1,"name":"Home","item":"https:\/\/now-news.de\/de\/"},{"@type":"ListItem","position":2,"name":"Literaturnobelpreistr\u00e4ger Peter Handke: Der Westen tr\u00e4gt Mitschuld am Ukrainekrieg"}]},{"@type":"WebSite","@id":"https:\/\/now-news.de\/de\/#website","url":"https:\/\/now-news.de\/de\/","name":"just-now.NEWS Deutschland","description":"Das Portal f\u00fcr unzensierte Nachrichten aus der Welt","publisher":{"@id":"https:\/\/now-news.de\/de\/#organization"},"potentialAction":[{"@type":"SearchAction","target":{"@type":"EntryPoint","urlTemplate":"https:\/\/now-news.de\/de\/?s={search_term_string}"},"query-input":"required name=search_term_string"}],"inLanguage":"de"},{"@type":"Organization","@id":"https:\/\/now-news.de\/de\/#organization","name":"Just Now News","url":"https:\/\/now-news.de\/de\/","logo":{"@type":"ImageObject","inLanguage":"de","@id":"https:\/\/now-news.de\/de\/#\/schema\/logo\/image\/","url":"http:\/\/just-now.news\/de\/wp-content\/uploads\/sites\/3\/2022\/04\/logo500x500.jpg","contentUrl":"http:\/\/just-now.news\/de\/wp-content\/uploads\/sites\/3\/2022\/04\/logo500x500.jpg","width":500,"height":500,"caption":"Just Now News"},"image":{"@id":"https:\/\/now-news.de\/de\/#\/schema\/logo\/image\/"},"sameAs":["https:\/\/www.facebook.com\/wirmachenauf","https:\/\/x.com\/WirMachenAuf_de"]},{"@type":"Person","@id":"https:\/\/now-news.de\/de\/#\/schema\/person\/fb534a4e865501d8b3285208df34a9b5","name":"rtnews","image":{"@type":"ImageObject","inLanguage":"de","@id":"https:\/\/now-news.de\/de\/#\/schema\/person\/image\/","url":"https:\/\/secure.gravatar.com\/avatar\/82aafea7d8127119dd649515f56e2117?s=96&d=mm&r=g","contentUrl":"https:\/\/secure.gravatar.com\/avatar\/82aafea7d8127119dd649515f56e2117?s=96&d=mm&r=g","caption":"rtnews"},"url":"https:\/\/now-news.de\/de\/author\/rnews\/"}]}},"_links":{"self":[{"href":"https:\/\/now-news.de\/de\/wp-json\/wp\/v2\/posts\/82184"}],"collection":[{"href":"https:\/\/now-news.de\/de\/wp-json\/wp\/v2\/posts"}],"about":[{"href":"https:\/\/now-news.de\/de\/wp-json\/wp\/v2\/types\/post"}],"author":[{"embeddable":true,"href":"https:\/\/now-news.de\/de\/wp-json\/wp\/v2\/users\/3"}],"replies":[{"embeddable":true,"href":"https:\/\/now-news.de\/de\/wp-json\/wp\/v2\/comments?post=82184"}],"version-history":[{"count":0,"href":"https:\/\/now-news.de\/de\/wp-json\/wp\/v2\/posts\/82184\/revisions"}],"wp:featuredmedia":[{"embeddable":true,"href":"https:\/\/now-news.de\/de\/wp-json\/wp\/v2\/media\/82185"}],"wp:attachment":[{"href":"https:\/\/now-news.de\/de\/wp-json\/wp\/v2\/media?parent=82184"}],"wp:term":[{"taxonomy":"category","embeddable":true,"href":"https:\/\/now-news.de\/de\/wp-json\/wp\/v2\/categories?post=82184"},{"taxonomy":"post_tag","embeddable":true,"href":"https:\/\/now-news.de\/de\/wp-json\/wp\/v2\/tags?post=82184"}],"curies":[{"name":"wp","href":"https:\/\/api.w.org\/{rel}","templated":true}]}}