{"id":82167,"date":"2025-04-15T06:00:00","date_gmt":"2025-04-15T04:00:00","guid":{"rendered":"https:\/\/now-news.de\/de\/deutschland\/arbeiter-entlasten-merz-oops-so-war-das-aber-nicht-gemeint\/"},"modified":"2025-04-15T06:00:00","modified_gmt":"2025-04-15T04:00:00","slug":"arbeiter-entlasten-merz-oops-so-war-das-aber-nicht-gemeint","status":"publish","type":"post","link":"https:\/\/now-news.de\/de\/deutschland\/arbeiter-entlasten-merz-oops-so-war-das-aber-nicht-gemeint\/","title":{"rendered":"Arbeiter entlasten? \u2013 Merz: Oops, so war das aber nicht gemeint"},"content":{"rendered":"<p><img decoding=\"async\" src=\"https:\/\/now-news.de\/de\/wp-content\/uploads\/sites\/3\/2025\/04\/67fd1db348fbef188f3cec3a.jpg\" \/><\/p>\n<div class=\"Text-root Text-type_1 \">\n                Steuern f\u00fcr Normalverdiener runter, Mindestlohn rauf: Die Handschrift der SPD habe Einzug in den Koalitionsvertrag gefunden, t\u00f6nten die Sozialdemokraten gerade eben noch. Tats\u00e4chlich steht das so nicht im Papier, stellt die Union nun klar \u2013 und \u00fcberf\u00fchrt die SPD (mal wieder) der Heuchelei.\n            <\/div>\n<p><\/p>\n<div class=\"Text-root Text-type_5 ArticleView-text ViewText-root \">\n<p><em>Von Susan Bonath<\/em><\/p>\n<p>Der Koalitionsvertrag der GroKo ist frisch gedruckt, gerade noch t\u00f6nte die Juniorpartnerin SPD von angeblichen &#8220;Erfolgen&#8221;, die sie in winzigen Details dann doch erzielt haben will: zum Beispiel mehr Mindestlohn und weniger Steuern f\u00fcr Normalverdiener. Quatsch mit So\u00dfe, t\u00f6nt es da aus der Union. Festgeschrieben sei das nicht, stellt deren Chef und Kanzler in spe, Friedrich (BlackRock) Merz, jetzt klar. Derlei Zugest\u00e4ndnisse h\u00e4ngen n\u00e4mlich von der Haushaltslage ab, und diese wird, dank Kriegsetat und Reichenschonprogramm, nicht \u00fcppiger \u2013 im Gegenteil.\u00a0<\/p>\n<p>Man kann ihn direkt f\u00fchlen, den emotionsbefreiten merzschen Stinkefinger: ha, von wegen \u2013 reingelegt! Selbst das ist allerdings nur eine Show f\u00fcrs Publikum. Nach mehr als 100 Jahren kontinuierlichen Verrats an der Arbeiterklasse nimmt den &#8220;Sozialdemokraten&#8221; wohl kaum noch jemand die Rolle des Unschuldslamms ab.\u00a0<\/p>\n<p><strong>Hohle Phrasen<\/strong>\u00a0<\/p>\n<p>Voraus ging dem vermeintlichen Disput mal wieder ein Griff in die Trickkiste: Man formuliert den Koalitionsvertrag so schwammig, dass alles offen bleibt. Die &#8220;GroKo&#8221; wolle &#8220;die Einkommenssteuer f\u00fcr kleine und mittlere Einkommen zur Mitte der Legislatur senken&#8221;, <a rel=\"nofollow noopener\" target=\"_blank\" href=\"https:\/\/www.tagesschau.de\/inland\/merz-mindestlohnt-einkommenssteuer-100.html\">hei\u00dft es da etwa<\/a>, ohne sich genauer festzulegen. Und: <a rel=\"nofollow noopener\" target=\"_blank\" href=\"https:\/\/www.spd.de\/fileadmin\/Dokumente\/Koalitionsvertrag_2025.pdf\">Durch die Mindestlohnkommission<\/a> sei &#8220;ein Mindestlohn von 15 Euro im Jahr 2026 erreichbar&#8221; \u2013 eine leere M\u00f6glichkeitsfloskel.\u00a0\u00a0<\/p>\n<p>Dass der Mindestlohn Ende 2022 aufgrund der Preisexplosion bei Energie und Lebensmitteln von 10,45 Euro auf 12 Euro angehoben wurde, war eine politische Entscheidung der Ampel, um den Schein der Wohlt\u00e4tigkeit nicht vollends zu verlieren. Besagte Mindestlohnkommission zeichnete sich bis dato eher durch Minischritte aus, die nicht einmal die Inflation auffingen. Alle zwei Jahre ein paar Cent pro Stunde mehr, das war die Regel \u2013 und ist es wieder: Heute bekommen Mindestlohnbezieher 12,82 Euro.\u00a0<\/p>\n<p><strong>Kommission f\u00fcr Kapitalinteressen<\/strong>\u00a0<\/p>\n<p>Das verwundert nicht:\u00a0Die <a rel=\"nofollow noopener\" target=\"_blank\" href=\"https:\/\/www.mindestlohn-kommission.de\/DE\/Kommission\/Mitglieder%20\">vermeintliche Ausgeglichenheit<\/a> in dieser Kommission durch jeweils drei Gewerkschaftsfunktion\u00e4re als &#8220;Arbeitnehmerseite&#8221; und Vertreter der Wirtschaftslobby als &#8220;Arbeitgeberseite&#8221; besteht nur theoretisch. So sind zwei weitere Mitglieder zwar gut getarnt als &#8220;wissenschaftliche Mitarbeiter&#8221;, in Wahrheit aber Lobbyisten f\u00fcr das Kapital. Auch die Vorsitzende Christiane Sch\u00f6nfeld hat eine erquickliche Karriere in der Bundesagentur f\u00fcr Arbeit (BA) hinter sich. Dass die DGB-Gewerkschaften unter dem Deckmantel &#8220;Sozialpartnerschaft&#8221; selbst oft als verl\u00e4ngerter Arm der Wirtschaftsbosse fungieren: geschenkt.\u00a0<\/p>\n<p>Merz interpretiert es durchaus richtig: &#8220;Erreichbar&#8221; w\u00e4re solch ein Mindestlohn von 15 Euro pro Stunde freilich \u2013 nur eben nicht mit dieser Kommission, die es vermeintlich richten soll. Das wissen CDU und CSU genauso wie die SPD. Man kennt die ganzen neoliberalen Argumente, um das zu rechtfertigen: Zu hohe L\u00f6hne verschreckten blo\u00df das Kapital und gef\u00e4hrdeten somit den Wirtschaftsstandort Deutschland. Das stimmt sogar: Hungerl\u00f6hne garantieren raschen Maximalprofit \u2013 eine Binsenweisheit.\u00a0<\/p>\n<p><strong>Spardiktat f\u00fcr die Masse<\/strong>\u00a0<\/p>\n<p>Blo\u00dfe PR ist auch der notierte SPD-&#8220;Wunsch&#8221;, die Steuerlast f\u00fcr Besch\u00e4ftigte mit kleinen und mittleren Lohneinkommen zu senken. Am Ende kann es dank gegenw\u00e4rtiger Politik nur hei\u00dfen, wie von Merz schon angedeutet: Die Staatseinnahmen waren leider nicht so doll, das Haushaltsloch ist riesig. Sorry, liebe B\u00fcrger, ihr m\u00fcsst den G\u00fcrtel enger schnallen. \u2013 Man kennt das neoliberale &#8220;Argument&#8221; seit 25 Jahren, Sozialabbau, Lohndumping und Auspressen der Massen seien &#8220;leider alternativlos&#8221;.\u00a0<\/p>\n<p>Die Staatskasse leeren werden nicht nur die j\u00fcngst noch durch das alte Parlament gepeitschten &#8220;Kriegskredite&#8221; in unbegrenzter H\u00f6he, was zu milliardenschwerer Zinsbelastung f\u00fchren wird, die freilich aus dem Haushalt zu begleichen w\u00e4re. Die &#8220;GroKo&#8221; sorgt \u00fcberdies daf\u00fcr, dass dieses Geld nicht hereinkommt \u2013 jedenfalls nicht von den Spitzenverdienern und reichen Konzernlenkern. F\u00fcr sie gilt das gewohnte Schonprogramm.\u00a0<\/p>\n<p><strong>Schonprogramm f\u00fcr Reiche<\/strong>\u00a0<\/p>\n<p>Die SPD wei\u00df aber sehr genau, wie es anders liefe. Sie warb bis k\u00fcrzlich noch daf\u00fcr, den steuerfreien Grundbetrag f\u00fcr Erwerbseinkommen zu erh\u00f6hen, die Progression, also den Anstieg des Steuersatzes oberhalb bestimmter Einkommensgrenzen zu verlangsamen und sehr hohe Geh\u00e4lter st\u00e4rker zu besteuern.\u00a0<\/p>\n<p>Der Grundfreibetrag f\u00fcr Unverheiratete betr\u00e4gt <a rel=\"nofollow noopener\" target=\"_blank\" href=\"https:\/\/www.vlh.de\/wissen-service\/steuer-abc\/was-ist-die-steuerprogression.html\">dieses Jahr<\/a> 12.096 Euro, das ist gerade einmal ein mickriges Monatsbrutto von 1.008 Euro bei Steuerklasse eins.\u00a0<strong><\/strong>F\u00fcr jeden dar\u00fcber hinaus verdienten Euro h\u00e4lt der Staat die Hand auf: Mit 14 Prozent geht es los, dann steigt der Satz recht schnell. F\u00fcr Monatseinkommen, die \u00fcber 5.707 Euro hinausgehen, verlangt der Fiskus bereits 42 Prozent Steuern, und oberhalb eines Jahresbrutto von knapp 278.000 Euro werden 45 Prozent f\u00e4llig. Das war&#8217;s jedoch: Auch Manager, die zehn Millionen j\u00e4hrlich kassieren, kommen \u00fcber diesen Satz nicht hinaus.\u00a0<\/p>\n<p>Um die Haushaltskasse zu f\u00fcllen und die wachsende Armut wirksam zu bek\u00e4mpfen, k\u00f6nnte der Staat zum Beispiel alle individuellen Jahreseinkommen oberhalb von einer Million Euro mit 70, 80 oder gar 90 Prozent besteuern, daf\u00fcr aber den Grundfreibetrag auf 36.000 Euro verdoppeln und die Progression verlangsamen. So w\u00e4ren alle bis in die obere Mittelschicht hinein weniger belastet. Zugleich w\u00fcrden sich die Verm\u00f6gen viel langsamer ganz oben konzentrieren, der Staat h\u00e4tte mehr Geld f\u00fcr Soziales. Doch das ist nicht gewollt.\u00a0<\/p>\n<p><strong>Partei ohne Eigenschaften<\/strong>\u00a0<\/p>\n<p>So kommen Pl\u00e4ne f\u00fcr Steuererh\u00f6hungen f\u00fcr Bezieher von Millionengeh\u00e4ltern im Koalitionsvertrag gar nicht vor. Um die SPD nicht zu vergr\u00e4tzen, hat man hier lieber gar nichts vereinbart. Das r\u00e4umte Merz auch ein: Wegen &#8220;Meinungsverschiedenheiten&#8221; h\u00e4tten die Verhandlungspartner dies offengelassen, begr\u00fcndete er. Das macht es nun der SPD so leicht wie immer: Was nicht zu ihrem Image passt, wird totgeschwiegen.\u00a0<\/p>\n<p>So kn\u00fcpfen die &#8220;Sozialdemokraten&#8221; an ihre lang geprobte &#8220;GroKo&#8221;-Rolle in der Merkel-\u00c4ra an: als Partei ohne Eigenschaften, um dem imperialistischen Kriegskartell beim Auspressen und Schikanieren der Lohnabh\u00e4ngigen tatkr\u00e4ftig zur Seite zu stehen \u2013 begleitet von einer Menge neoliberaler Propaganda.\u00a0<\/p>\n<p>Hartz IV und Niedriglohn, Leiharbeit und Rentenk\u00fcrzungen, Sparprogramme im Gesundheitswesen und bei der Pflege: Das alles ist l\u00e4ngst gelaufen \u2013 und war wohl nur der Einstieg. Mit Arbeitszeitverl\u00e4ngerung, Hungersanktionen gegen ungehorsame Erwerbslose, Rundum\u00fcberwachung und Kriegsvorbereitung beginnt unter Friedrich (BlackRock) Merz und Olaf (Cum-Ex) Scholz offenbar das n\u00e4chste Level der &#8220;Agenda 2010&#8221;.<\/p>\n<p><strong>Mehr zum Thema<\/strong> &#8211; <a rel=\"nofollow noopener\" target=\"_blank\" href=\"https:\/\/freedert.online\/meinung\/240490-milliardenfonds-fuer-klinikreform-gesetzlich-versicherte\/\">Milliardenfonds f\u00fcr Klinikreform: Gesetzlich Versicherte sollen blechen<\/a><\/p>\n<div class=\"EmbedBlock-root EmbedBlock-externalVideo EmbedBlock-rumble\">\n<div class=\"VkEmbed\"><iframe class=\"lazyload\" data-src=\"https:\/\/rumble.com\/embed\/v6pvusd\" frameborder=\"0\" width=\"853\" height=\"480\" allowfullscreen><\/iframe><\/div>\n<\/div>\n<\/div>\n<p><br \/>\n<br \/><a href=\"https:\/\/de.rt.com\/meinung\/242402-arbeiter-entlasten-merz-oops-so\/\">Source link <\/a><\/p>\n","protected":false},"excerpt":{"rendered":"<p>Steuern f\u00fcr Normalverdiener runter, Mindestlohn rauf: Die Handschrift der SPD habe Einzug in den Koalitionsvertrag gefunden, t\u00f6nten die Sozialdemokraten gerade eben noch. Tats\u00e4chlich steht das so nicht im Papier, stellt die Union nun klar \u2013 und \u00fcberf\u00fchrt die SPD (mal wieder) der Heuchelei. Von Susan Bonath Der Koalitionsvertrag der GroKo ist frisch gedruckt, gerade noch [&hellip;]<\/p>\n","protected":false},"author":3,"featured_media":82168,"comment_status":"open","ping_status":"open","sticky":false,"template":"","format":"standard","meta":{"_yoast_indexnow_last_ping":["1744690042"],"wp_automatic_camp":["217"],"56b0b590e3d677d7eee46377c1be1bd6":["Arbeiter entlasten? \u2013 Merz: Oops, so war das aber nicht gemeint"],"original_link":["https:\/\/de.rt.com\/meinung\/242402-arbeiter-entlasten-merz-oops-so\/"],"_thumbnail_id":["82168"],"jnews_social_counter_last_update":["1777092701"],"_wptgpro_p2tg_sent2tg":["a:1:{i:23737;s:19:\"2025-04-15 06:08:25\";}"]},"categories":[19,23],"tags":[2205,30628,427,30799,29726,18728,800,64288,2223],"yoast_head":"<!-- This site is optimized with the Yoast SEO Premium plugin v22.7 (Yoast SEO v22.7) - https:\/\/yoast.com\/wordpress\/plugins\/seo\/ -->\n<title>Arbeiter entlasten? \u2013 Merz: Oops, so war das aber nicht gemeint - just-now.NEWS Deutschland<\/title>\n<meta name=\"robots\" content=\"index, follow, max-snippet:-1, max-image-preview:large, max-video-preview:-1\" \/>\n<link rel=\"canonical\" href=\"https:\/\/now-news.de\/de\/deutschland\/arbeiter-entlasten-merz-oops-so-war-das-aber-nicht-gemeint\/\" \/>\n<meta property=\"og:locale\" content=\"de_DE\" \/>\n<meta property=\"og:type\" content=\"article\" \/>\n<meta property=\"og:title\" content=\"Arbeiter entlasten? \u2013 Merz: Oops, so war das aber nicht gemeint\" \/>\n<meta property=\"og:description\" content=\"Steuern f\u00fcr Normalverdiener runter, Mindestlohn rauf: Die Handschrift der SPD habe Einzug in den Koalitionsvertrag gefunden, t\u00f6nten die Sozialdemokraten gerade eben noch. Tats\u00e4chlich steht das so nicht im Papier, stellt die Union nun klar \u2013 und \u00fcberf\u00fchrt die SPD (mal wieder) der Heuchelei. Von Susan Bonath Der Koalitionsvertrag der GroKo ist frisch gedruckt, gerade noch [&hellip;]\" \/>\n<meta property=\"og:url\" content=\"https:\/\/now-news.de\/de\/deutschland\/arbeiter-entlasten-merz-oops-so-war-das-aber-nicht-gemeint\/\" \/>\n<meta property=\"og:site_name\" content=\"just-now.NEWS Deutschland\" \/>\n<meta property=\"article:publisher\" content=\"https:\/\/www.facebook.com\/wirmachenauf\" \/>\n<meta property=\"article:published_time\" content=\"2025-04-15T04:00:00+00:00\" \/>\n<meta property=\"og:image\" content=\"https:\/\/now-news.de\/de\/wp-content\/uploads\/sites\/3\/2025\/04\/67fd1db348fbef188f3cec3a.jpg\" \/>\n<meta name=\"author\" content=\"rtnews\" \/>\n<meta name=\"twitter:card\" content=\"summary_large_image\" \/>\n<meta name=\"twitter:creator\" content=\"@WirMachenAuf_de\" \/>\n<meta name=\"twitter:site\" content=\"@WirMachenAuf_de\" \/>\n<meta name=\"twitter:label1\" content=\"Verfasst von\" \/>\n\t<meta name=\"twitter:data1\" content=\"rtnews\" \/>\n\t<meta name=\"twitter:label2\" content=\"Gesch\u00e4tzte Lesezeit\" \/>\n\t<meta name=\"twitter:data2\" content=\"5\u00a0Minuten\" \/>\n<script type=\"application\/ld+json\" class=\"yoast-schema-graph\">{\"@context\":\"https:\/\/schema.org\",\"@graph\":[{\"@type\":\"Article\",\"@id\":\"https:\/\/now-news.de\/de\/deutschland\/arbeiter-entlasten-merz-oops-so-war-das-aber-nicht-gemeint\/#article\",\"isPartOf\":{\"@id\":\"https:\/\/now-news.de\/de\/deutschland\/arbeiter-entlasten-merz-oops-so-war-das-aber-nicht-gemeint\/\"},\"author\":{\"name\":\"rtnews\",\"@id\":\"https:\/\/now-news.de\/de\/#\/schema\/person\/fb534a4e865501d8b3285208df34a9b5\"},\"headline\":\"Arbeiter entlasten? \u2013 Merz: Oops, so war das aber nicht gemeint\",\"datePublished\":\"2025-04-15T04:00:00+00:00\",\"dateModified\":\"2025-04-15T04:00:00+00:00\",\"mainEntityOfPage\":{\"@id\":\"https:\/\/now-news.de\/de\/deutschland\/arbeiter-entlasten-merz-oops-so-war-das-aber-nicht-gemeint\/\"},\"wordCount\":1032,\"commentCount\":0,\"publisher\":{\"@id\":\"https:\/\/now-news.de\/de\/#organization\"},\"image\":{\"@id\":\"https:\/\/now-news.de\/de\/deutschland\/arbeiter-entlasten-merz-oops-so-war-das-aber-nicht-gemeint\/#primaryimage\"},\"thumbnailUrl\":\"https:\/\/now-news.de\/de\/wp-content\/uploads\/sites\/3\/2025\/04\/Arbeiter-entlasten-\u2013-Merz-Oops-so-war-das-aber-nicht.jpg\",\"keywords\":[\"aber\",\"Arbeiter\",\"das\",\"entlasten\",\"gemeint\",\"Merz\",\"nicht\",\"Oops\",\"War\"],\"articleSection\":[\"Deutschland\",\"Russland\"],\"inLanguage\":\"de\",\"potentialAction\":[{\"@type\":\"CommentAction\",\"name\":\"Comment\",\"target\":[\"https:\/\/now-news.de\/de\/deutschland\/arbeiter-entlasten-merz-oops-so-war-das-aber-nicht-gemeint\/#respond\"]}]},{\"@type\":\"WebPage\",\"@id\":\"https:\/\/now-news.de\/de\/deutschland\/arbeiter-entlasten-merz-oops-so-war-das-aber-nicht-gemeint\/\",\"url\":\"https:\/\/now-news.de\/de\/deutschland\/arbeiter-entlasten-merz-oops-so-war-das-aber-nicht-gemeint\/\",\"name\":\"Arbeiter entlasten? \u2013 Merz: Oops, so war das aber nicht gemeint - just-now.NEWS Deutschland\",\"isPartOf\":{\"@id\":\"https:\/\/now-news.de\/de\/#website\"},\"primaryImageOfPage\":{\"@id\":\"https:\/\/now-news.de\/de\/deutschland\/arbeiter-entlasten-merz-oops-so-war-das-aber-nicht-gemeint\/#primaryimage\"},\"image\":{\"@id\":\"https:\/\/now-news.de\/de\/deutschland\/arbeiter-entlasten-merz-oops-so-war-das-aber-nicht-gemeint\/#primaryimage\"},\"thumbnailUrl\":\"https:\/\/now-news.de\/de\/wp-content\/uploads\/sites\/3\/2025\/04\/Arbeiter-entlasten-\u2013-Merz-Oops-so-war-das-aber-nicht.jpg\",\"datePublished\":\"2025-04-15T04:00:00+00:00\",\"dateModified\":\"2025-04-15T04:00:00+00:00\",\"breadcrumb\":{\"@id\":\"https:\/\/now-news.de\/de\/deutschland\/arbeiter-entlasten-merz-oops-so-war-das-aber-nicht-gemeint\/#breadcrumb\"},\"inLanguage\":\"de\",\"potentialAction\":[{\"@type\":\"ReadAction\",\"target\":[\"https:\/\/now-news.de\/de\/deutschland\/arbeiter-entlasten-merz-oops-so-war-das-aber-nicht-gemeint\/\"]}]},{\"@type\":\"ImageObject\",\"inLanguage\":\"de\",\"@id\":\"https:\/\/now-news.de\/de\/deutschland\/arbeiter-entlasten-merz-oops-so-war-das-aber-nicht-gemeint\/#primaryimage\",\"url\":\"https:\/\/now-news.de\/de\/wp-content\/uploads\/sites\/3\/2025\/04\/Arbeiter-entlasten-\u2013-Merz-Oops-so-war-das-aber-nicht.jpg\",\"contentUrl\":\"https:\/\/now-news.de\/de\/wp-content\/uploads\/sites\/3\/2025\/04\/Arbeiter-entlasten-\u2013-Merz-Oops-so-war-das-aber-nicht.jpg\",\"width\":460,\"height\":259,\"caption\":\"Arbeiter entlasten? \u2013 Merz: Oops, so war das aber nicht gemeint\"},{\"@type\":\"BreadcrumbList\",\"@id\":\"https:\/\/now-news.de\/de\/deutschland\/arbeiter-entlasten-merz-oops-so-war-das-aber-nicht-gemeint\/#breadcrumb\",\"itemListElement\":[{\"@type\":\"ListItem\",\"position\":1,\"name\":\"Home\",\"item\":\"https:\/\/now-news.de\/de\/\"},{\"@type\":\"ListItem\",\"position\":2,\"name\":\"Arbeiter entlasten? \u2013 Merz: Oops, so war das aber nicht gemeint\"}]},{\"@type\":\"WebSite\",\"@id\":\"https:\/\/now-news.de\/de\/#website\",\"url\":\"https:\/\/now-news.de\/de\/\",\"name\":\"just-now.NEWS Deutschland\",\"description\":\"Das Portal f\u00fcr unzensierte Nachrichten aus der Welt\",\"publisher\":{\"@id\":\"https:\/\/now-news.de\/de\/#organization\"},\"potentialAction\":[{\"@type\":\"SearchAction\",\"target\":{\"@type\":\"EntryPoint\",\"urlTemplate\":\"https:\/\/now-news.de\/de\/?s={search_term_string}\"},\"query-input\":\"required name=search_term_string\"}],\"inLanguage\":\"de\"},{\"@type\":\"Organization\",\"@id\":\"https:\/\/now-news.de\/de\/#organization\",\"name\":\"Just Now News\",\"url\":\"https:\/\/now-news.de\/de\/\",\"logo\":{\"@type\":\"ImageObject\",\"inLanguage\":\"de\",\"@id\":\"https:\/\/now-news.de\/de\/#\/schema\/logo\/image\/\",\"url\":\"http:\/\/just-now.news\/de\/wp-content\/uploads\/sites\/3\/2022\/04\/logo500x500.jpg\",\"contentUrl\":\"http:\/\/just-now.news\/de\/wp-content\/uploads\/sites\/3\/2022\/04\/logo500x500.jpg\",\"width\":500,\"height\":500,\"caption\":\"Just Now News\"},\"image\":{\"@id\":\"https:\/\/now-news.de\/de\/#\/schema\/logo\/image\/\"},\"sameAs\":[\"https:\/\/www.facebook.com\/wirmachenauf\",\"https:\/\/x.com\/WirMachenAuf_de\"]},{\"@type\":\"Person\",\"@id\":\"https:\/\/now-news.de\/de\/#\/schema\/person\/fb534a4e865501d8b3285208df34a9b5\",\"name\":\"rtnews\",\"image\":{\"@type\":\"ImageObject\",\"inLanguage\":\"de\",\"@id\":\"https:\/\/now-news.de\/de\/#\/schema\/person\/image\/\",\"url\":\"https:\/\/secure.gravatar.com\/avatar\/82aafea7d8127119dd649515f56e2117?s=96&d=mm&r=g\",\"contentUrl\":\"https:\/\/secure.gravatar.com\/avatar\/82aafea7d8127119dd649515f56e2117?s=96&d=mm&r=g\",\"caption\":\"rtnews\"},\"url\":\"https:\/\/now-news.de\/de\/author\/rnews\/\"}]}<\/script>\n<!-- \/ Yoast SEO Premium plugin. -->","yoast_head_json":{"title":"Arbeiter entlasten? \u2013 Merz: Oops, so war das aber nicht gemeint - just-now.NEWS Deutschland","robots":{"index":"index","follow":"follow","max-snippet":"max-snippet:-1","max-image-preview":"max-image-preview:large","max-video-preview":"max-video-preview:-1"},"canonical":"https:\/\/now-news.de\/de\/deutschland\/arbeiter-entlasten-merz-oops-so-war-das-aber-nicht-gemeint\/","og_locale":"de_DE","og_type":"article","og_title":"Arbeiter entlasten? \u2013 Merz: Oops, so war das aber nicht gemeint","og_description":"Steuern f\u00fcr Normalverdiener runter, Mindestlohn rauf: Die Handschrift der SPD habe Einzug in den Koalitionsvertrag gefunden, t\u00f6nten die Sozialdemokraten gerade eben noch. Tats\u00e4chlich steht das so nicht im Papier, stellt die Union nun klar \u2013 und \u00fcberf\u00fchrt die SPD (mal wieder) der Heuchelei. Von Susan Bonath Der Koalitionsvertrag der GroKo ist frisch gedruckt, gerade noch [&hellip;]","og_url":"https:\/\/now-news.de\/de\/deutschland\/arbeiter-entlasten-merz-oops-so-war-das-aber-nicht-gemeint\/","og_site_name":"just-now.NEWS Deutschland","article_publisher":"https:\/\/www.facebook.com\/wirmachenauf","article_published_time":"2025-04-15T04:00:00+00:00","og_image":[{"url":"https:\/\/now-news.de\/de\/wp-content\/uploads\/sites\/3\/2025\/04\/67fd1db348fbef188f3cec3a.jpg"}],"author":"rtnews","twitter_card":"summary_large_image","twitter_creator":"@WirMachenAuf_de","twitter_site":"@WirMachenAuf_de","twitter_misc":{"Verfasst von":"rtnews","Gesch\u00e4tzte Lesezeit":"5\u00a0Minuten"},"schema":{"@context":"https:\/\/schema.org","@graph":[{"@type":"Article","@id":"https:\/\/now-news.de\/de\/deutschland\/arbeiter-entlasten-merz-oops-so-war-das-aber-nicht-gemeint\/#article","isPartOf":{"@id":"https:\/\/now-news.de\/de\/deutschland\/arbeiter-entlasten-merz-oops-so-war-das-aber-nicht-gemeint\/"},"author":{"name":"rtnews","@id":"https:\/\/now-news.de\/de\/#\/schema\/person\/fb534a4e865501d8b3285208df34a9b5"},"headline":"Arbeiter entlasten? \u2013 Merz: Oops, so war das aber nicht gemeint","datePublished":"2025-04-15T04:00:00+00:00","dateModified":"2025-04-15T04:00:00+00:00","mainEntityOfPage":{"@id":"https:\/\/now-news.de\/de\/deutschland\/arbeiter-entlasten-merz-oops-so-war-das-aber-nicht-gemeint\/"},"wordCount":1032,"commentCount":0,"publisher":{"@id":"https:\/\/now-news.de\/de\/#organization"},"image":{"@id":"https:\/\/now-news.de\/de\/deutschland\/arbeiter-entlasten-merz-oops-so-war-das-aber-nicht-gemeint\/#primaryimage"},"thumbnailUrl":"https:\/\/now-news.de\/de\/wp-content\/uploads\/sites\/3\/2025\/04\/Arbeiter-entlasten-\u2013-Merz-Oops-so-war-das-aber-nicht.jpg","keywords":["aber","Arbeiter","das","entlasten","gemeint","Merz","nicht","Oops","War"],"articleSection":["Deutschland","Russland"],"inLanguage":"de","potentialAction":[{"@type":"CommentAction","name":"Comment","target":["https:\/\/now-news.de\/de\/deutschland\/arbeiter-entlasten-merz-oops-so-war-das-aber-nicht-gemeint\/#respond"]}]},{"@type":"WebPage","@id":"https:\/\/now-news.de\/de\/deutschland\/arbeiter-entlasten-merz-oops-so-war-das-aber-nicht-gemeint\/","url":"https:\/\/now-news.de\/de\/deutschland\/arbeiter-entlasten-merz-oops-so-war-das-aber-nicht-gemeint\/","name":"Arbeiter entlasten? \u2013 Merz: Oops, so war das aber nicht gemeint - just-now.NEWS Deutschland","isPartOf":{"@id":"https:\/\/now-news.de\/de\/#website"},"primaryImageOfPage":{"@id":"https:\/\/now-news.de\/de\/deutschland\/arbeiter-entlasten-merz-oops-so-war-das-aber-nicht-gemeint\/#primaryimage"},"image":{"@id":"https:\/\/now-news.de\/de\/deutschland\/arbeiter-entlasten-merz-oops-so-war-das-aber-nicht-gemeint\/#primaryimage"},"thumbnailUrl":"https:\/\/now-news.de\/de\/wp-content\/uploads\/sites\/3\/2025\/04\/Arbeiter-entlasten-\u2013-Merz-Oops-so-war-das-aber-nicht.jpg","datePublished":"2025-04-15T04:00:00+00:00","dateModified":"2025-04-15T04:00:00+00:00","breadcrumb":{"@id":"https:\/\/now-news.de\/de\/deutschland\/arbeiter-entlasten-merz-oops-so-war-das-aber-nicht-gemeint\/#breadcrumb"},"inLanguage":"de","potentialAction":[{"@type":"ReadAction","target":["https:\/\/now-news.de\/de\/deutschland\/arbeiter-entlasten-merz-oops-so-war-das-aber-nicht-gemeint\/"]}]},{"@type":"ImageObject","inLanguage":"de","@id":"https:\/\/now-news.de\/de\/deutschland\/arbeiter-entlasten-merz-oops-so-war-das-aber-nicht-gemeint\/#primaryimage","url":"https:\/\/now-news.de\/de\/wp-content\/uploads\/sites\/3\/2025\/04\/Arbeiter-entlasten-\u2013-Merz-Oops-so-war-das-aber-nicht.jpg","contentUrl":"https:\/\/now-news.de\/de\/wp-content\/uploads\/sites\/3\/2025\/04\/Arbeiter-entlasten-\u2013-Merz-Oops-so-war-das-aber-nicht.jpg","width":460,"height":259,"caption":"Arbeiter entlasten? \u2013 Merz: Oops, so war das aber nicht gemeint"},{"@type":"BreadcrumbList","@id":"https:\/\/now-news.de\/de\/deutschland\/arbeiter-entlasten-merz-oops-so-war-das-aber-nicht-gemeint\/#breadcrumb","itemListElement":[{"@type":"ListItem","position":1,"name":"Home","item":"https:\/\/now-news.de\/de\/"},{"@type":"ListItem","position":2,"name":"Arbeiter entlasten? \u2013 Merz: Oops, so war das aber nicht gemeint"}]},{"@type":"WebSite","@id":"https:\/\/now-news.de\/de\/#website","url":"https:\/\/now-news.de\/de\/","name":"just-now.NEWS Deutschland","description":"Das Portal f\u00fcr unzensierte Nachrichten aus der Welt","publisher":{"@id":"https:\/\/now-news.de\/de\/#organization"},"potentialAction":[{"@type":"SearchAction","target":{"@type":"EntryPoint","urlTemplate":"https:\/\/now-news.de\/de\/?s={search_term_string}"},"query-input":"required name=search_term_string"}],"inLanguage":"de"},{"@type":"Organization","@id":"https:\/\/now-news.de\/de\/#organization","name":"Just Now News","url":"https:\/\/now-news.de\/de\/","logo":{"@type":"ImageObject","inLanguage":"de","@id":"https:\/\/now-news.de\/de\/#\/schema\/logo\/image\/","url":"http:\/\/just-now.news\/de\/wp-content\/uploads\/sites\/3\/2022\/04\/logo500x500.jpg","contentUrl":"http:\/\/just-now.news\/de\/wp-content\/uploads\/sites\/3\/2022\/04\/logo500x500.jpg","width":500,"height":500,"caption":"Just Now News"},"image":{"@id":"https:\/\/now-news.de\/de\/#\/schema\/logo\/image\/"},"sameAs":["https:\/\/www.facebook.com\/wirmachenauf","https:\/\/x.com\/WirMachenAuf_de"]},{"@type":"Person","@id":"https:\/\/now-news.de\/de\/#\/schema\/person\/fb534a4e865501d8b3285208df34a9b5","name":"rtnews","image":{"@type":"ImageObject","inLanguage":"de","@id":"https:\/\/now-news.de\/de\/#\/schema\/person\/image\/","url":"https:\/\/secure.gravatar.com\/avatar\/82aafea7d8127119dd649515f56e2117?s=96&d=mm&r=g","contentUrl":"https:\/\/secure.gravatar.com\/avatar\/82aafea7d8127119dd649515f56e2117?s=96&d=mm&r=g","caption":"rtnews"},"url":"https:\/\/now-news.de\/de\/author\/rnews\/"}]}},"_links":{"self":[{"href":"https:\/\/now-news.de\/de\/wp-json\/wp\/v2\/posts\/82167"}],"collection":[{"href":"https:\/\/now-news.de\/de\/wp-json\/wp\/v2\/posts"}],"about":[{"href":"https:\/\/now-news.de\/de\/wp-json\/wp\/v2\/types\/post"}],"author":[{"embeddable":true,"href":"https:\/\/now-news.de\/de\/wp-json\/wp\/v2\/users\/3"}],"replies":[{"embeddable":true,"href":"https:\/\/now-news.de\/de\/wp-json\/wp\/v2\/comments?post=82167"}],"version-history":[{"count":0,"href":"https:\/\/now-news.de\/de\/wp-json\/wp\/v2\/posts\/82167\/revisions"}],"wp:featuredmedia":[{"embeddable":true,"href":"https:\/\/now-news.de\/de\/wp-json\/wp\/v2\/media\/82168"}],"wp:attachment":[{"href":"https:\/\/now-news.de\/de\/wp-json\/wp\/v2\/media?parent=82167"}],"wp:term":[{"taxonomy":"category","embeddable":true,"href":"https:\/\/now-news.de\/de\/wp-json\/wp\/v2\/categories?post=82167"},{"taxonomy":"post_tag","embeddable":true,"href":"https:\/\/now-news.de\/de\/wp-json\/wp\/v2\/tags?post=82167"}],"curies":[{"name":"wp","href":"https:\/\/api.w.org\/{rel}","templated":true}]}}