{"id":82121,"date":"2025-04-14T11:54:34","date_gmt":"2025-04-14T09:54:34","guid":{"rendered":"https:\/\/now-news.de\/de\/deutschland\/einkommenssteuersenkung-mindestlohn-nicht-fix-merz-irritiert-und-veraergert-groko-partner\/"},"modified":"2025-04-14T11:54:34","modified_gmt":"2025-04-14T09:54:34","slug":"einkommenssteuersenkung-mindestlohn-nicht-fix-merz-irritiert-und-veraergert-groko-partner","status":"publish","type":"post","link":"https:\/\/now-news.de\/de\/deutschland\/einkommenssteuersenkung-mindestlohn-nicht-fix-merz-irritiert-und-veraergert-groko-partner\/","title":{"rendered":"Einkommenssteuersenkung &amp; Mindestlohn &quot;nicht fix&quot; \u2013 Merz irritiert und ver\u00e4rgert &quot;GroKo&quot;-Partner"},"content":{"rendered":"<p><img decoding=\"async\" src=\"https:\/\/now-news.de\/de\/wp-content\/uploads\/sites\/3\/2025\/04\/67fcd9d0b480cc29473ccd88.jpg\" \/><\/p>\n<div class=\"Text-root Text-type_1 \">\n                Unionschef Friedrich Merz sorgte am Wochenende mit zweierlei Aussagen f\u00fcr Verstimmung beim zuk\u00fcnftigen Koalitionspartner SPD. In einem Interview erkl\u00e4rte der designierte Bundeskanzler, dass die Senkung der Einkommenssteuer und der angek\u00fcndigte Mindestlohn von 15 Euro noch nicht druckreif w\u00e4ren.\n            <\/div>\n<p><\/p>\n<div class=\"Text-root Text-type_5 ArticleView-text ViewText-root \">\n<p>Der Unionschef und designierte Bundeskanzler Friedrich Merz konfrontiert SPD-Fraktionschef Lars Klingbeil mit einer ersten verbalen Retourkutsche in der noch nicht final besiegelten &#8220;GroKo&#8221;-Regierungsbildung. Klingbeil, m\u00f6glicher kommender Vize-Kanzler, galt medial als eindeutiger Gewinner der Koalitionsgespr\u00e4che. Merz erkl\u00e4rte nun im\u00a0<em>Bild<\/em>-Interview, dass es laut seiner Wahrnehmung\u00a0unter den k\u00fcnftigen Koalition\u00e4ren &#8220;noch keine feste Einigung zur Anhebung des Mindestlohns auf 15 Euro Stundenlohn&#8221; g\u00e4be. Auch beim Thema der seitens der SPD verk\u00fcndeten Senkung der Einkommenssteuer sei final noch nicht das letzte Wort gesprochen, so Merz.<\/p>\n<p>Mit vermeintlichem Schulterschluss und gegenseitigen Lobhuldigungen des &#8220;effektiven Miteinanders&#8221; und jeweiligen Sympathiebekundungen verk\u00fcndeten Union und SPD am 8. April die vorerst geplante kommende &#8220;Gro\u00dfe Koalition (GroKo)&#8221;. Die SPD befragt dabei noch ihre Mitglieder zur Abstimmung \u00fcber den Koalitionsvertrag. F\u00fcr die\u00a0CDU\u00a0soll\u00a0ein geplanter\u00a0Bundesausschuss den Koalitionsvertrag dann am 28. April billigen. Der CSU-Vorstand hat dem Papier bereits zugestimmt.\u00a0<\/p>\n<p>Unionschef Friedrich Merz sorgte nun am Wochenende f\u00fcr erste Risse im vermeintlichen Harmoniegebilde. Das\u00a0<em>Bild<\/em>&#8211;<a rel=\"nofollow noopener\" target=\"_blank\" href=\"https:\/\/www.bild.de\/politik\/inland\/friedrich-merz-im-exklusiven-interview-sind-sie-wirklich-zufrieden-67fa6ac64603926551c974c8\">Interview<\/a>\u00a0vom Sonntag tr\u00e4gt den Titel: &#8220;Sind Sie wirklich zufrieden, Herr Merz?&#8221;<\/p>\n<p>Zum Thema der den B\u00fcrgern angek\u00fcndigten Senkung der Einkommenssteuer, wie auch zu den Pl\u00e4nen\u00a0der &#8220;anvisierten\u00a0Steuerentlastung f\u00fcr Besch\u00e4ftigte&#8221; k\u00fcndigt Merz flexibel auslegbar an:<\/p>\n<p><em>&#8220;Nein, die ist nicht fix. Wir h\u00e4tten das in der Koalition mit den Sozialdemokraten gerne von Anfang an verabredet. Dar\u00fcber hat es einen Dissens gegeben. Deswegen haben wir es offengelassen. Wir senken die Unternehmensbesteuerung. Das ist richtig, damit die Unternehmen in Deutschland wieder investieren. Und die Einkommenssteuer, die wollen wir senken, wenn es der \u00f6ffentliche Haushalt hergibt.<\/em>&#8220;<\/p>\n<p>Auf die Frage der\u00a0<em>Bild<\/em>-Redakteure, ob die B\u00fcrger &#8220;am Ende der Regierungszeit mutma\u00dflich weniger Netto in der Tasche haben \u2013 weil die Sozialbeitr\u00e4ge steigen, die Steuern aber nicht sinken&#8221;, gibt der m\u00f6gliche zuk\u00fcnftige Kanzler zu Protokoll:<\/p>\n<p><em>&#8220;Die Bef\u00fcrchtung ist aus heutiger Sicht sicherlich nicht unberechtigt. Aber es wird unsere Aufgabe sein, diese Bef\u00fcrchtung zu zerstreuen und das Richtige zu tun, damit am Ende dieser Wahlperiode die Menschen sagen: Es geht uns besser als zu Beginn. Das ist die Aufgabe der Politik.&#8221;<\/em><\/p>\n<p>Zum Thema Mindestlohn lautete die Frage, ob &#8220;das klappt&#8221;. Merz erkl\u00e4rt w\u00f6rtlich ank\u00fcndigend:<\/p>\n<p><em>&#8220;Das haben wir so nicht verabredet. Wir haben verabredet, dass wir davon ausgehen, dass die Mindestlohnkommission in diese Richtung denkt. Es wird keinen gesetzlichen Automatismus geben. Der Mindestlohn kann bei dieser H\u00f6he zum 1.1.2026 oder 2027 liegen. Aber das bleibt die Aufgabe der Mindestlohnkommission, das in eigener Autonomie auch festzulegen.&#8221;<\/em><\/p>\n<p>Auf die Nachfrage, ob der Mindestlohn &#8220;auch niedriger liegen k\u00f6nnte&#8221;, erkl\u00e4rt Merz, dass &#8220;er m\u00f6glicherweise in diese Richtung geht&#8221;.<\/p>\n<p><em>Der Spiegel<\/em>\u00a0<a rel=\"nofollow noopener\" target=\"_blank\" href=\"https:\/\/www.spiegel.de\/wirtschaft\/15-euro-merz-bringt-mit-zweifeln-am-mindestlohn-spd-linke-gegen-sich-auf-a-7d7d1e2e-e80a-4213-9f49-6f15e514679e\">berichtet<\/a>\u00a0nun zu Wochenbeginn, dass Merz mit seinen Interviewaussagen und &#8220;Zweifeln am Mindestlohn SPD-Linke gegen sich aufbringt&#8221;.\u00a0SPD-Generalsekret\u00e4r\u00a0Matthias Miersch erkl\u00e4rte laut Artikel gegen\u00fcber der &#8220;Mediengruppe Bayern&#8221;:<\/p>\n<p><em>&#8220;Merz hat gesagt, wir gehen beide von 15 Euro aus. Und dabei bleibt es f\u00fcr uns als SPD. Wir haben auch in anderen Konstellationen ja schon gezeigt, dass wir zu unseren Worten und zu unserem Versprechen stehen.&#8221;<\/em><\/p>\n<p>Auf die Frage, ob der Mindestlohn von 15 Euro sicher komme, antwortete Miersch: &#8220;Er kommt&#8221;.\u00a0Bundesarbeitsminister Hubertus Heil (SPD) erkl\u00e4rte am Montag im\u00a0<em>ZDF<\/em>-Morgenmagazin zum Thema:<\/p>\n<p><em>&#8220;F\u00fcr den Mindestlohn haben wir besprochen, dass wir die 15 Euro erreichen wollen im Jahre 2026, und das machen wir, indem die Mindestlohnkommission sich an die eigene Gesch\u00e4ftsordnung h\u00e4lt. Im Koalitionsvertrag steht, dass 60 Prozent des mittleren Einkommens neben der Tarifentwicklung eine Grundlage sind, und damit sind die 15 Euro erreichbar.&#8221;<\/em><\/p>\n<p>SPD-Chef\u00a0Lars Klingbeil\u00a0erkl\u00e4rte am Sonntag in der\u00a0<em>ARD<\/em>-Sendung &#8220;Bericht aus Berlin&#8221;, als Reaktion auf das Bild-Interview:<\/p>\n<p><em>&#8220;&#8216;Es gilt das, was im Text steht&#8217;, sagte Klingbeil am Sonntag im &#8216;Bericht aus Berlin&#8217;. &#8216;Wir halten die 15 Euro f\u00fcr erreichbar. (\u2026) Wenn die Mindestlohnkommission sich an all die Kriterien h\u00e4lt, die mittlerweile auch in der Gesch\u00e4ftsordnung drinnen sind, dann erreichen wir 2026 die 15 Euro&#8217;.&#8221;<\/em><\/p>\n<p>Tim Kl\u00fcssendorf, Sprecher der Parlamentarischen Linken in der SPD-Bundestagsfraktion, reagierte auf die Aussagen mit einer Forderung an Unionschef Merz:<\/p>\n<p><em>&#8220;Die SPD-Mitglieder haben angesichts des nun anstehenden Votums ein Recht darauf, zu wissen, ob sie sich auf die Verabredungen aus dem Vertrag verlassen k\u00f6nnen.&#8221;<\/em><\/p>\n<p>Gegen\u00fcber dem\u00a0<em>Stern<\/em>-Magazin<a rel=\"nofollow noopener\" target=\"_blank\" href=\"https:\/\/www.stern.de\/politik\/deutschland\/friedrich-merz-und-das-heikle-mindestlohn-boembchen-35637414.html\">\u00a0erkl\u00e4rte<\/a>\u00a0Kl\u00fcssendorf, dass die Formulierungen des Unionschefs &#8220;an dieser Stelle \u00fcberhaupt nicht weiter beim so dringend notwendigen Vertrauensaufbau helfen&#8221;. Der Artikel tr\u00e4gt den Namen: &#8220;Merz\u2019 Mindestlohn-B\u00f6mbchen&#8221;.\u00a0<\/p>\n<p><strong>Mehr zum Thema &#8211;<\/strong>\u00a0<a rel=\"nofollow noopener\" target=\"_blank\" href=\"https:\/\/freedert.online\/inland\/242166-politbarometer-51-prozent-buerger-bezweifeln\/\">&#8220;Politbarometer&#8221;: 51 Prozent der B\u00fcrger zweifeln an kommender &#8220;GroKo&#8221;<\/a><\/p>\n<div class=\"EmbedBlock-root EmbedBlock-externalVideo EmbedBlock-rumble\">\n<div class=\"VkEmbed\"><iframe class=\"lazyload\" data-src=\"https:\/\/rumble.com\/embed\/v6pprep\" frameborder=\"0\" width=\"853\" height=\"480\" allowfullscreen><\/iframe><\/div>\n<\/div>\n<\/div>\n<p><br \/>\n<br \/><a href=\"https:\/\/de.rt.com\/inland\/242367-einkommenssteuersenkung-mindestlohn-nicht-fix-merz\/\">Source link <\/a><\/p>\n","protected":false},"excerpt":{"rendered":"<p>Unionschef Friedrich Merz sorgte am Wochenende mit zweierlei Aussagen f\u00fcr Verstimmung beim zuk\u00fcnftigen Koalitionspartner SPD. In einem Interview erkl\u00e4rte der designierte Bundeskanzler, dass die Senkung der Einkommenssteuer und der angek\u00fcndigte Mindestlohn von 15 Euro noch nicht druckreif w\u00e4ren. Der Unionschef und designierte Bundeskanzler Friedrich Merz konfrontiert SPD-Fraktionschef Lars Klingbeil mit einer ersten verbalen Retourkutsche in [&hellip;]<\/p>\n","protected":false},"author":3,"featured_media":82122,"comment_status":"open","ping_status":"open","sticky":false,"template":"","format":"standard","meta":{"_yoast_indexnow_last_ping":["1744625296"],"wp_automatic_camp":["217"],"8f0988d68b85c2b30ef9e5effb401514":["Einkommenssteuersenkung &amp; Mindestlohn &quot;nicht fix&quot; \u2013 Merz irritiert und ver\u00e4rgert &quot;GroKo&quot;-Partner"],"original_link":["https:\/\/de.rt.com\/inland\/242367-einkommenssteuersenkung-mindestlohn-nicht-fix-merz\/"],"_thumbnail_id":["82122"],"_wptgpro_p2tg_sent2tg":["a:1:{i:23737;s:19:\"2025-04-14 12:09:28\";}"],"jnews_social_counter_last_update":["1777111992"]},"categories":[19,23],"tags":[56,64265,64266,32865,18728,22609,64267,1546,140,14985],"yoast_head":"<!-- This site is optimized with the Yoast SEO Premium plugin v22.7 (Yoast SEO v22.7) - https:\/\/yoast.com\/wordpress\/plugins\/seo\/ -->\n<title>Einkommenssteuersenkung &amp; Mindestlohn &quot;nicht fix&quot; \u2013 Merz irritiert und ver\u00e4rgert &quot;GroKo&quot;-Partner - just-now.NEWS Deutschland<\/title>\n<meta name=\"robots\" content=\"index, follow, max-snippet:-1, max-image-preview:large, max-video-preview:-1\" \/>\n<link rel=\"canonical\" href=\"https:\/\/now-news.de\/de\/deutschland\/einkommenssteuersenkung-mindestlohn-nicht-fix-merz-irritiert-und-veraergert-groko-partner\/\" \/>\n<meta property=\"og:locale\" content=\"de_DE\" \/>\n<meta property=\"og:type\" content=\"article\" \/>\n<meta property=\"og:title\" content=\"Einkommenssteuersenkung &amp; Mindestlohn &quot;nicht fix&quot; \u2013 Merz irritiert und ver\u00e4rgert &quot;GroKo&quot;-Partner\" \/>\n<meta property=\"og:description\" content=\"Unionschef Friedrich Merz sorgte am Wochenende mit zweierlei Aussagen f\u00fcr Verstimmung beim zuk\u00fcnftigen Koalitionspartner SPD. In einem Interview erkl\u00e4rte der designierte Bundeskanzler, dass die Senkung der Einkommenssteuer und der angek\u00fcndigte Mindestlohn von 15 Euro noch nicht druckreif w\u00e4ren. Der Unionschef und designierte Bundeskanzler Friedrich Merz konfrontiert SPD-Fraktionschef Lars Klingbeil mit einer ersten verbalen Retourkutsche in [&hellip;]\" \/>\n<meta property=\"og:url\" content=\"https:\/\/now-news.de\/de\/deutschland\/einkommenssteuersenkung-mindestlohn-nicht-fix-merz-irritiert-und-veraergert-groko-partner\/\" \/>\n<meta property=\"og:site_name\" content=\"just-now.NEWS Deutschland\" \/>\n<meta property=\"article:publisher\" content=\"https:\/\/www.facebook.com\/wirmachenauf\" \/>\n<meta property=\"article:published_time\" content=\"2025-04-14T09:54:34+00:00\" \/>\n<meta property=\"og:image\" content=\"https:\/\/now-news.de\/de\/wp-content\/uploads\/sites\/3\/2025\/04\/67fcd9d0b480cc29473ccd88.jpg\" \/>\n<meta name=\"author\" content=\"rtnews\" \/>\n<meta name=\"twitter:card\" content=\"summary_large_image\" \/>\n<meta name=\"twitter:creator\" content=\"@WirMachenAuf_de\" \/>\n<meta name=\"twitter:site\" content=\"@WirMachenAuf_de\" \/>\n<meta name=\"twitter:label1\" content=\"Verfasst von\" \/>\n\t<meta name=\"twitter:data1\" content=\"rtnews\" \/>\n\t<meta name=\"twitter:label2\" content=\"Gesch\u00e4tzte Lesezeit\" \/>\n\t<meta name=\"twitter:data2\" content=\"4\u00a0Minuten\" \/>\n<script type=\"application\/ld+json\" class=\"yoast-schema-graph\">{\"@context\":\"https:\/\/schema.org\",\"@graph\":[{\"@type\":\"Article\",\"@id\":\"https:\/\/now-news.de\/de\/deutschland\/einkommenssteuersenkung-mindestlohn-nicht-fix-merz-irritiert-und-veraergert-groko-partner\/#article\",\"isPartOf\":{\"@id\":\"https:\/\/now-news.de\/de\/deutschland\/einkommenssteuersenkung-mindestlohn-nicht-fix-merz-irritiert-und-veraergert-groko-partner\/\"},\"author\":{\"name\":\"rtnews\",\"@id\":\"https:\/\/now-news.de\/de\/#\/schema\/person\/fb534a4e865501d8b3285208df34a9b5\"},\"headline\":\"Einkommenssteuersenkung &amp; Mindestlohn &quot;nicht fix&quot; \u2013 Merz irritiert und ver\u00e4rgert &quot;GroKo&quot;-Partner\",\"datePublished\":\"2025-04-14T09:54:34+00:00\",\"dateModified\":\"2025-04-14T09:54:34+00:00\",\"mainEntityOfPage\":{\"@id\":\"https:\/\/now-news.de\/de\/deutschland\/einkommenssteuersenkung-mindestlohn-nicht-fix-merz-irritiert-und-veraergert-groko-partner\/\"},\"wordCount\":802,\"commentCount\":0,\"publisher\":{\"@id\":\"https:\/\/now-news.de\/de\/#organization\"},\"image\":{\"@id\":\"https:\/\/now-news.de\/de\/deutschland\/einkommenssteuersenkung-mindestlohn-nicht-fix-merz-irritiert-und-veraergert-groko-partner\/#primaryimage\"},\"thumbnailUrl\":\"https:\/\/now-news.de\/de\/wp-content\/uploads\/sites\/3\/2025\/04\/Einkommenssteuersenkung-amp-Mindestlohn-quotnicht-fixquot-\u2013-Merz-irritiert-und-veraergert.jpg\",\"keywords\":[\"amp\",\"Einkommenssteuersenkung\",\"fixquot\",\"irritiert\",\"Merz\",\"Mindestlohn\",\"quotGroKoquotPartner\",\"quotnicht\",\"und\",\"ver\u00e4rgert\"],\"articleSection\":[\"Deutschland\",\"Russland\"],\"inLanguage\":\"de\",\"potentialAction\":[{\"@type\":\"CommentAction\",\"name\":\"Comment\",\"target\":[\"https:\/\/now-news.de\/de\/deutschland\/einkommenssteuersenkung-mindestlohn-nicht-fix-merz-irritiert-und-veraergert-groko-partner\/#respond\"]}]},{\"@type\":\"WebPage\",\"@id\":\"https:\/\/now-news.de\/de\/deutschland\/einkommenssteuersenkung-mindestlohn-nicht-fix-merz-irritiert-und-veraergert-groko-partner\/\",\"url\":\"https:\/\/now-news.de\/de\/deutschland\/einkommenssteuersenkung-mindestlohn-nicht-fix-merz-irritiert-und-veraergert-groko-partner\/\",\"name\":\"Einkommenssteuersenkung &amp; Mindestlohn &quot;nicht fix&quot; \u2013 Merz irritiert und ver\u00e4rgert &quot;GroKo&quot;-Partner - just-now.NEWS Deutschland\",\"isPartOf\":{\"@id\":\"https:\/\/now-news.de\/de\/#website\"},\"primaryImageOfPage\":{\"@id\":\"https:\/\/now-news.de\/de\/deutschland\/einkommenssteuersenkung-mindestlohn-nicht-fix-merz-irritiert-und-veraergert-groko-partner\/#primaryimage\"},\"image\":{\"@id\":\"https:\/\/now-news.de\/de\/deutschland\/einkommenssteuersenkung-mindestlohn-nicht-fix-merz-irritiert-und-veraergert-groko-partner\/#primaryimage\"},\"thumbnailUrl\":\"https:\/\/now-news.de\/de\/wp-content\/uploads\/sites\/3\/2025\/04\/Einkommenssteuersenkung-amp-Mindestlohn-quotnicht-fixquot-\u2013-Merz-irritiert-und-veraergert.jpg\",\"datePublished\":\"2025-04-14T09:54:34+00:00\",\"dateModified\":\"2025-04-14T09:54:34+00:00\",\"breadcrumb\":{\"@id\":\"https:\/\/now-news.de\/de\/deutschland\/einkommenssteuersenkung-mindestlohn-nicht-fix-merz-irritiert-und-veraergert-groko-partner\/#breadcrumb\"},\"inLanguage\":\"de\",\"potentialAction\":[{\"@type\":\"ReadAction\",\"target\":[\"https:\/\/now-news.de\/de\/deutschland\/einkommenssteuersenkung-mindestlohn-nicht-fix-merz-irritiert-und-veraergert-groko-partner\/\"]}]},{\"@type\":\"ImageObject\",\"inLanguage\":\"de\",\"@id\":\"https:\/\/now-news.de\/de\/deutschland\/einkommenssteuersenkung-mindestlohn-nicht-fix-merz-irritiert-und-veraergert-groko-partner\/#primaryimage\",\"url\":\"https:\/\/now-news.de\/de\/wp-content\/uploads\/sites\/3\/2025\/04\/Einkommenssteuersenkung-amp-Mindestlohn-quotnicht-fixquot-\u2013-Merz-irritiert-und-veraergert.jpg\",\"contentUrl\":\"https:\/\/now-news.de\/de\/wp-content\/uploads\/sites\/3\/2025\/04\/Einkommenssteuersenkung-amp-Mindestlohn-quotnicht-fixquot-\u2013-Merz-irritiert-und-veraergert.jpg\",\"width\":460,\"height\":259,\"caption\":\"Einkommenssteuersenkung &amp; Mindestlohn &quot;nicht fix&quot; \u2013 Merz irritiert und ver\u00e4rgert &quot;GroKo&quot;-Partner\"},{\"@type\":\"BreadcrumbList\",\"@id\":\"https:\/\/now-news.de\/de\/deutschland\/einkommenssteuersenkung-mindestlohn-nicht-fix-merz-irritiert-und-veraergert-groko-partner\/#breadcrumb\",\"itemListElement\":[{\"@type\":\"ListItem\",\"position\":1,\"name\":\"Home\",\"item\":\"https:\/\/now-news.de\/de\/\"},{\"@type\":\"ListItem\",\"position\":2,\"name\":\"Einkommenssteuersenkung &amp; Mindestlohn &quot;nicht fix&quot; \u2013 Merz irritiert und ver\u00e4rgert &quot;GroKo&quot;-Partner\"}]},{\"@type\":\"WebSite\",\"@id\":\"https:\/\/now-news.de\/de\/#website\",\"url\":\"https:\/\/now-news.de\/de\/\",\"name\":\"just-now.NEWS Deutschland\",\"description\":\"Das Portal f\u00fcr unzensierte Nachrichten aus der Welt\",\"publisher\":{\"@id\":\"https:\/\/now-news.de\/de\/#organization\"},\"potentialAction\":[{\"@type\":\"SearchAction\",\"target\":{\"@type\":\"EntryPoint\",\"urlTemplate\":\"https:\/\/now-news.de\/de\/?s={search_term_string}\"},\"query-input\":\"required name=search_term_string\"}],\"inLanguage\":\"de\"},{\"@type\":\"Organization\",\"@id\":\"https:\/\/now-news.de\/de\/#organization\",\"name\":\"Just Now News\",\"url\":\"https:\/\/now-news.de\/de\/\",\"logo\":{\"@type\":\"ImageObject\",\"inLanguage\":\"de\",\"@id\":\"https:\/\/now-news.de\/de\/#\/schema\/logo\/image\/\",\"url\":\"http:\/\/just-now.news\/de\/wp-content\/uploads\/sites\/3\/2022\/04\/logo500x500.jpg\",\"contentUrl\":\"http:\/\/just-now.news\/de\/wp-content\/uploads\/sites\/3\/2022\/04\/logo500x500.jpg\",\"width\":500,\"height\":500,\"caption\":\"Just Now News\"},\"image\":{\"@id\":\"https:\/\/now-news.de\/de\/#\/schema\/logo\/image\/\"},\"sameAs\":[\"https:\/\/www.facebook.com\/wirmachenauf\",\"https:\/\/x.com\/WirMachenAuf_de\"]},{\"@type\":\"Person\",\"@id\":\"https:\/\/now-news.de\/de\/#\/schema\/person\/fb534a4e865501d8b3285208df34a9b5\",\"name\":\"rtnews\",\"image\":{\"@type\":\"ImageObject\",\"inLanguage\":\"de\",\"@id\":\"https:\/\/now-news.de\/de\/#\/schema\/person\/image\/\",\"url\":\"https:\/\/secure.gravatar.com\/avatar\/82aafea7d8127119dd649515f56e2117?s=96&d=mm&r=g\",\"contentUrl\":\"https:\/\/secure.gravatar.com\/avatar\/82aafea7d8127119dd649515f56e2117?s=96&d=mm&r=g\",\"caption\":\"rtnews\"},\"url\":\"https:\/\/now-news.de\/de\/author\/rnews\/\"}]}<\/script>\n<!-- \/ Yoast SEO Premium plugin. -->","yoast_head_json":{"title":"Einkommenssteuersenkung &amp; Mindestlohn &quot;nicht fix&quot; \u2013 Merz irritiert und ver\u00e4rgert &quot;GroKo&quot;-Partner - just-now.NEWS Deutschland","robots":{"index":"index","follow":"follow","max-snippet":"max-snippet:-1","max-image-preview":"max-image-preview:large","max-video-preview":"max-video-preview:-1"},"canonical":"https:\/\/now-news.de\/de\/deutschland\/einkommenssteuersenkung-mindestlohn-nicht-fix-merz-irritiert-und-veraergert-groko-partner\/","og_locale":"de_DE","og_type":"article","og_title":"Einkommenssteuersenkung &amp; Mindestlohn &quot;nicht fix&quot; \u2013 Merz irritiert und ver\u00e4rgert &quot;GroKo&quot;-Partner","og_description":"Unionschef Friedrich Merz sorgte am Wochenende mit zweierlei Aussagen f\u00fcr Verstimmung beim zuk\u00fcnftigen Koalitionspartner SPD. In einem Interview erkl\u00e4rte der designierte Bundeskanzler, dass die Senkung der Einkommenssteuer und der angek\u00fcndigte Mindestlohn von 15 Euro noch nicht druckreif w\u00e4ren. Der Unionschef und designierte Bundeskanzler Friedrich Merz konfrontiert SPD-Fraktionschef Lars Klingbeil mit einer ersten verbalen Retourkutsche in [&hellip;]","og_url":"https:\/\/now-news.de\/de\/deutschland\/einkommenssteuersenkung-mindestlohn-nicht-fix-merz-irritiert-und-veraergert-groko-partner\/","og_site_name":"just-now.NEWS Deutschland","article_publisher":"https:\/\/www.facebook.com\/wirmachenauf","article_published_time":"2025-04-14T09:54:34+00:00","og_image":[{"url":"https:\/\/now-news.de\/de\/wp-content\/uploads\/sites\/3\/2025\/04\/67fcd9d0b480cc29473ccd88.jpg"}],"author":"rtnews","twitter_card":"summary_large_image","twitter_creator":"@WirMachenAuf_de","twitter_site":"@WirMachenAuf_de","twitter_misc":{"Verfasst von":"rtnews","Gesch\u00e4tzte Lesezeit":"4\u00a0Minuten"},"schema":{"@context":"https:\/\/schema.org","@graph":[{"@type":"Article","@id":"https:\/\/now-news.de\/de\/deutschland\/einkommenssteuersenkung-mindestlohn-nicht-fix-merz-irritiert-und-veraergert-groko-partner\/#article","isPartOf":{"@id":"https:\/\/now-news.de\/de\/deutschland\/einkommenssteuersenkung-mindestlohn-nicht-fix-merz-irritiert-und-veraergert-groko-partner\/"},"author":{"name":"rtnews","@id":"https:\/\/now-news.de\/de\/#\/schema\/person\/fb534a4e865501d8b3285208df34a9b5"},"headline":"Einkommenssteuersenkung &amp; Mindestlohn &quot;nicht fix&quot; \u2013 Merz irritiert und ver\u00e4rgert &quot;GroKo&quot;-Partner","datePublished":"2025-04-14T09:54:34+00:00","dateModified":"2025-04-14T09:54:34+00:00","mainEntityOfPage":{"@id":"https:\/\/now-news.de\/de\/deutschland\/einkommenssteuersenkung-mindestlohn-nicht-fix-merz-irritiert-und-veraergert-groko-partner\/"},"wordCount":802,"commentCount":0,"publisher":{"@id":"https:\/\/now-news.de\/de\/#organization"},"image":{"@id":"https:\/\/now-news.de\/de\/deutschland\/einkommenssteuersenkung-mindestlohn-nicht-fix-merz-irritiert-und-veraergert-groko-partner\/#primaryimage"},"thumbnailUrl":"https:\/\/now-news.de\/de\/wp-content\/uploads\/sites\/3\/2025\/04\/Einkommenssteuersenkung-amp-Mindestlohn-quotnicht-fixquot-\u2013-Merz-irritiert-und-veraergert.jpg","keywords":["amp","Einkommenssteuersenkung","fixquot","irritiert","Merz","Mindestlohn","quotGroKoquotPartner","quotnicht","und","ver\u00e4rgert"],"articleSection":["Deutschland","Russland"],"inLanguage":"de","potentialAction":[{"@type":"CommentAction","name":"Comment","target":["https:\/\/now-news.de\/de\/deutschland\/einkommenssteuersenkung-mindestlohn-nicht-fix-merz-irritiert-und-veraergert-groko-partner\/#respond"]}]},{"@type":"WebPage","@id":"https:\/\/now-news.de\/de\/deutschland\/einkommenssteuersenkung-mindestlohn-nicht-fix-merz-irritiert-und-veraergert-groko-partner\/","url":"https:\/\/now-news.de\/de\/deutschland\/einkommenssteuersenkung-mindestlohn-nicht-fix-merz-irritiert-und-veraergert-groko-partner\/","name":"Einkommenssteuersenkung &amp; Mindestlohn &quot;nicht fix&quot; \u2013 Merz irritiert und ver\u00e4rgert &quot;GroKo&quot;-Partner - just-now.NEWS Deutschland","isPartOf":{"@id":"https:\/\/now-news.de\/de\/#website"},"primaryImageOfPage":{"@id":"https:\/\/now-news.de\/de\/deutschland\/einkommenssteuersenkung-mindestlohn-nicht-fix-merz-irritiert-und-veraergert-groko-partner\/#primaryimage"},"image":{"@id":"https:\/\/now-news.de\/de\/deutschland\/einkommenssteuersenkung-mindestlohn-nicht-fix-merz-irritiert-und-veraergert-groko-partner\/#primaryimage"},"thumbnailUrl":"https:\/\/now-news.de\/de\/wp-content\/uploads\/sites\/3\/2025\/04\/Einkommenssteuersenkung-amp-Mindestlohn-quotnicht-fixquot-\u2013-Merz-irritiert-und-veraergert.jpg","datePublished":"2025-04-14T09:54:34+00:00","dateModified":"2025-04-14T09:54:34+00:00","breadcrumb":{"@id":"https:\/\/now-news.de\/de\/deutschland\/einkommenssteuersenkung-mindestlohn-nicht-fix-merz-irritiert-und-veraergert-groko-partner\/#breadcrumb"},"inLanguage":"de","potentialAction":[{"@type":"ReadAction","target":["https:\/\/now-news.de\/de\/deutschland\/einkommenssteuersenkung-mindestlohn-nicht-fix-merz-irritiert-und-veraergert-groko-partner\/"]}]},{"@type":"ImageObject","inLanguage":"de","@id":"https:\/\/now-news.de\/de\/deutschland\/einkommenssteuersenkung-mindestlohn-nicht-fix-merz-irritiert-und-veraergert-groko-partner\/#primaryimage","url":"https:\/\/now-news.de\/de\/wp-content\/uploads\/sites\/3\/2025\/04\/Einkommenssteuersenkung-amp-Mindestlohn-quotnicht-fixquot-\u2013-Merz-irritiert-und-veraergert.jpg","contentUrl":"https:\/\/now-news.de\/de\/wp-content\/uploads\/sites\/3\/2025\/04\/Einkommenssteuersenkung-amp-Mindestlohn-quotnicht-fixquot-\u2013-Merz-irritiert-und-veraergert.jpg","width":460,"height":259,"caption":"Einkommenssteuersenkung &amp; Mindestlohn &quot;nicht fix&quot; \u2013 Merz irritiert und ver\u00e4rgert &quot;GroKo&quot;-Partner"},{"@type":"BreadcrumbList","@id":"https:\/\/now-news.de\/de\/deutschland\/einkommenssteuersenkung-mindestlohn-nicht-fix-merz-irritiert-und-veraergert-groko-partner\/#breadcrumb","itemListElement":[{"@type":"ListItem","position":1,"name":"Home","item":"https:\/\/now-news.de\/de\/"},{"@type":"ListItem","position":2,"name":"Einkommenssteuersenkung &amp; Mindestlohn &quot;nicht fix&quot; \u2013 Merz irritiert und ver\u00e4rgert &quot;GroKo&quot;-Partner"}]},{"@type":"WebSite","@id":"https:\/\/now-news.de\/de\/#website","url":"https:\/\/now-news.de\/de\/","name":"just-now.NEWS Deutschland","description":"Das Portal f\u00fcr unzensierte Nachrichten aus der Welt","publisher":{"@id":"https:\/\/now-news.de\/de\/#organization"},"potentialAction":[{"@type":"SearchAction","target":{"@type":"EntryPoint","urlTemplate":"https:\/\/now-news.de\/de\/?s={search_term_string}"},"query-input":"required name=search_term_string"}],"inLanguage":"de"},{"@type":"Organization","@id":"https:\/\/now-news.de\/de\/#organization","name":"Just Now News","url":"https:\/\/now-news.de\/de\/","logo":{"@type":"ImageObject","inLanguage":"de","@id":"https:\/\/now-news.de\/de\/#\/schema\/logo\/image\/","url":"http:\/\/just-now.news\/de\/wp-content\/uploads\/sites\/3\/2022\/04\/logo500x500.jpg","contentUrl":"http:\/\/just-now.news\/de\/wp-content\/uploads\/sites\/3\/2022\/04\/logo500x500.jpg","width":500,"height":500,"caption":"Just Now News"},"image":{"@id":"https:\/\/now-news.de\/de\/#\/schema\/logo\/image\/"},"sameAs":["https:\/\/www.facebook.com\/wirmachenauf","https:\/\/x.com\/WirMachenAuf_de"]},{"@type":"Person","@id":"https:\/\/now-news.de\/de\/#\/schema\/person\/fb534a4e865501d8b3285208df34a9b5","name":"rtnews","image":{"@type":"ImageObject","inLanguage":"de","@id":"https:\/\/now-news.de\/de\/#\/schema\/person\/image\/","url":"https:\/\/secure.gravatar.com\/avatar\/82aafea7d8127119dd649515f56e2117?s=96&d=mm&r=g","contentUrl":"https:\/\/secure.gravatar.com\/avatar\/82aafea7d8127119dd649515f56e2117?s=96&d=mm&r=g","caption":"rtnews"},"url":"https:\/\/now-news.de\/de\/author\/rnews\/"}]}},"_links":{"self":[{"href":"https:\/\/now-news.de\/de\/wp-json\/wp\/v2\/posts\/82121"}],"collection":[{"href":"https:\/\/now-news.de\/de\/wp-json\/wp\/v2\/posts"}],"about":[{"href":"https:\/\/now-news.de\/de\/wp-json\/wp\/v2\/types\/post"}],"author":[{"embeddable":true,"href":"https:\/\/now-news.de\/de\/wp-json\/wp\/v2\/users\/3"}],"replies":[{"embeddable":true,"href":"https:\/\/now-news.de\/de\/wp-json\/wp\/v2\/comments?post=82121"}],"version-history":[{"count":0,"href":"https:\/\/now-news.de\/de\/wp-json\/wp\/v2\/posts\/82121\/revisions"}],"wp:featuredmedia":[{"embeddable":true,"href":"https:\/\/now-news.de\/de\/wp-json\/wp\/v2\/media\/82122"}],"wp:attachment":[{"href":"https:\/\/now-news.de\/de\/wp-json\/wp\/v2\/media?parent=82121"}],"wp:term":[{"taxonomy":"category","embeddable":true,"href":"https:\/\/now-news.de\/de\/wp-json\/wp\/v2\/categories?post=82121"},{"taxonomy":"post_tag","embeddable":true,"href":"https:\/\/now-news.de\/de\/wp-json\/wp\/v2\/tags?post=82121"}],"curies":[{"name":"wp","href":"https:\/\/api.w.org\/{rel}","templated":true}]}}