{"id":82105,"date":"2025-04-13T21:57:18","date_gmt":"2025-04-13T19:57:18","guid":{"rendered":"https:\/\/now-news.de\/de\/deutschland\/ukrainische-quellen-russischer-angriff-auf-sumy-galt-einer-aufstellung-des-ukrainischen-militaers\/"},"modified":"2025-04-13T21:57:18","modified_gmt":"2025-04-13T19:57:18","slug":"ukrainische-quellen-russischer-angriff-auf-sumy-galt-einer-aufstellung-des-ukrainischen-militaers","status":"publish","type":"post","link":"https:\/\/now-news.de\/de\/deutschland\/ukrainische-quellen-russischer-angriff-auf-sumy-galt-einer-aufstellung-des-ukrainischen-militaers\/","title":{"rendered":"Ukrainische Quellen: Russischer Angriff auf Sumy galt einer Aufstellung des ukrainischen Milit\u00e4rs"},"content":{"rendered":"<div class=\"Text-root Text-type_1 \">\n                Am Sonntag wurde das Zentrum der nordukrainischen Stadt Sumy beschossen. Unter den Opfern waren Dutzende Zivilisten. W\u00e4hrend die Politiker im Westen mit Hass-Tiraden auf den Angriff reagieren, h\u00e4ufen sich die Hinweise, dass das Ziel des Beschusses eine Versammlung des ukrainischen Milit\u00e4rs war.\n            <\/div>\n<p><\/p>\n<div class=\"Text-root Text-type_5 ArticleView-text ViewText-root \">\n<p><em>Von Wladislaw Sankin<\/em>\u00a0<\/p>\n<p>Am Sonntag schlugen zwei mutma\u00dfliche russische ballistische Raketen im Zentrum der nordukrainischen Gro\u00dfstadt Sumy ein. Das Gebiet Sumy ist seit der ukrainischen Invasion im Gebiet Kursk eine Frontregion. Der Angriff war verheerend. Nach den letzten offiziellen Angaben starben dabei 34 Menschen, mehr als 100 wurden verletzt. Unter den Toten waren auch zwei Kinder. Die meisten zivilen Opfer waren in einem Trolleybus unterwegs.<\/p>\n<p>Auf den im Internet verbreiteten Videos vom Ort des Geschehens waren auf dem Boden liegende Leichen zu sehen. Mehrere Geb\u00e4ude waren stark besch\u00e4digt. Auch die Schreie der trauernden Verwandten der Toten waren zu h\u00f6ren. Offenbar waren die Menschen an diesem Tag mit ihren Familien in der Stadt unterwegs. Die verbreiteten Szenen waren herzzerrei\u00dfend.<\/p>\n<p>Eine harsche Reaktion aus den L\u00e4ndern der Europ\u00e4ischen Union lie\u00df nicht lange auf sich warten. Dutzende Politiker und Funktionstr\u00e4ger haben sich zu Wort gemeldet. Fast einstimmig nannten sie den Angriff abscheulich und grausam. Einige Osteurop\u00e4er <a rel=\"nofollow noopener\" target=\"_blank\" href=\"https:\/\/newsukraine.rbc.ua\/news\/russia-is-ruled-by-murderers-western-leaders-1744550412.html\">bezeichneten<\/a> die Russen als &#8220;Barbaren&#8221; und &#8220;M\u00f6rder&#8221;.<\/p>\n<p>Auch Bundesau\u00dfenministerin Annalena Baerbock, Bundeskanzler Olaf Scholz und EU-Kommissionspr\u00e4sidentin Ursula von der Leyen kommentierten den tragischen Vorfall. &#8220;Das zeigt erneut: Putin unterstreicht mit Blut, dass er keinen Frieden, sondern nur Vernichtung will&#8221;, schrieb Baerbock. &#8220;Dieser Krieg muss enden und Russland muss endlich einer umfassenden Waffenruhe zustimmen&#8221;, forderte Scholz. Von der Leyen erkl\u00e4rte, dass als Reaktion auf den &#8220;barbarischen Angriff&#8221; dringend Ma\u00dfnahmen erforderlich seien.<\/p>\n<p>Ein Blick auf ukrainische Internet-Beitr\u00e4ge zeigt jedoch schnell, dass solche harschen und einseitigen Schuldzuweisungen zumindest voreilig sind. Das Ziel des Raketenangriffs war offensichtlich das Kongresszentrum der Staatlichen Universit\u00e4t Sumy. Dieses Geb\u00e4ude wurde am st\u00e4rksten besch\u00e4digt. Anhand der ver\u00f6ffentlichten Bilder ist zu erkennen, dass die Rakete direkt in das Geb\u00e4ude einschlug. Bereits zuvor gab es Hinweise, dass das Kongresszentrum f\u00fcr ukrainisches Milit\u00e4r als Versammlungsort diente.<\/p>\n<p>Am Tag des Beschusses waren mehrere Milit\u00e4r-Pickups in der N\u00e4he geparkt. &#8220;Seit Beginn der K\u00e4mpfe im benachbarten Gebiet Kursk wimmelt es im Sumy von ukrainischem Milit\u00e4r&#8221;, <a rel=\"nofollow noopener\" target=\"_blank\" href=\"https:\/\/rtvi.com\/news\/gorod-kishit-vsushnikami-chto-izvestno-ob-udare-po-sumam\/\">berichtete<\/a> der russisch-ukrainische Milit\u00e4rblogger Juri Podoljaka, der selbst aus Sumy stammt. Die Fotos vom Ort des Geschehens am Sonntag zeigen, dass auch Menschen in Uniform unter den Verletzten und Toten waren.\u00a0<\/p>\n<p>Die Explosionen in Sumy k\u00f6nnten daher durch Nachl\u00e4ssigkeiten der ukrainischen Milit\u00e4rf\u00fchrung und der Beh\u00f6rden der Stadt provoziert worden sein. Darauf wiesen mehrere namhafte ukrainische Politiker hin. Laut der Rada-Abgeordneten Marjana Besuglaja habe eine feierliche Auszeichnung von Soldaten des ukrainischen Milit\u00e4rs den Angriff <a rel=\"nofollow noopener\" target=\"_blank\" href=\"https:\/\/t.me\/stranaua\/192556\">provoziert<\/a>.<\/p>\n<p>Jede Versammlung des Milit\u00e4rs, unabh\u00e4ngig davon, ob sie an einem als zivil gekennzeichneten Ort stattfindet oder nicht, gilt f\u00fcr die gegnerische Armee als legitimes Ziel. Die israelische Armee gibt beispielsweise stets an, nur Hamas-Terroristen bek\u00e4mpfen zu wollen und f\u00fchrt den hohen Anteil an zivilen Opfern darauf zur\u00fcck, dass die Hamas Zivilisten als menschliche Schutzschilde missbraucht.<\/p>\n<p>Auf diese Weise waren beispielsweise im Gaza-Streifen mehr als 50.000 Menschen im Bombenhagel get\u00f6tet worden; 60 Prozent von ihnen waren Frauen, Kinder und \u00e4ltere Menschen. Von der Bundesregierung f\u00e4llt jedoch kein Wort der Kritik an Israel, als ob derartige &#8220;Kollateralsch\u00e4den&#8221; v\u00f6llig normal w\u00e4ren. Viel mehr schlie\u00dft sie sich den offiziellen Erkl\u00e4rungen Israels an, wonach die Hamas mit ihrer menschenverachtenden Art, Krieg auf dem R\u00fccken der Zivilisten zu f\u00fchren, f\u00fcr die Opfer verantwortlich sei.<\/p>\n<figure class=\"RTImage-root\">\n<div class=\"RTImage-image RTImage-original\"><picture class=\"Picture-root Picture-original\"><!--[if IE 9]><video style=\"display: none;\"><![endif]--><source media=\"(-webkit-min-device-pixel-ratio: 2) and (min-resolution: 120dpi)\" data-srcset=\" \nhttps:\/\/now-news.de\/de\/wp-content\/uploads\/sites\/3\/2025\/04\/67fc073848fbef18945b66bc.jpg 850w,\n                https:\/\/now-news.de\/de\/wp-content\/uploads\/sites\/3\/2025\/04\/67fc073848fbef18945b66bc.jpg 1960w,            \" ><source data-srcset=\" \nhttps:\/\/now-news.de\/de\/wp-content\/uploads\/sites\/3\/2025\/04\/67fc073848fbef18945b66bc.jpg 460w,\n              https:\/\/now-news.de\/de\/wp-content\/uploads\/sites\/3\/2025\/04\/67fc073848fbef18945b66bc.jpg 980w,\n            \" ><!--[if IE 9]><\/video><![endif]--><img decoding=\"async\" data- src=\"data:image\/png;base64,iVBORw0KGgoAAAANSUhEUgAAABAAAAAJCAQAAACRI2S5AAAAEElEQVR42mNkIAAYRxWAAQAG9gAKqv6+AwAAAABJRU5ErkJggg==\" class=\"Picture-root Picture-original lazyload\" data-src=\"https:\/\/now-news.de\/de\/wp-content\/uploads\/sites\/3\/2025\/04\/67fc073848fbef18945b66bc.jpg\" alt=\"\"><\/source><\/source><\/picture><!-- noscript pattern --><noscript><img decoding=\"async\" src=\"https:\/\/now-news.de\/de\/wp-content\/uploads\/sites\/3\/2025\/04\/67fc073848fbef18945b66bc.jpg\" alt=\"\"><\/noscript><\/div><figcaption class=\"RTImage-footer\"><span class=\"RTImage-caption\"><\/span><span class=\"RTImage-source\"><span class=\"RTImage-captionItem\">Rybar<\/span><\/span><\/figcaption><\/figure>\n<p>Besuglaja f\u00fchrte die hohe Zahl sowohl bei den zivilen als auch milit\u00e4rischen Opfern auf notorische Fehler der Milit\u00e4rf\u00fchrung zur\u00fcck. &#8220;Ich appelliere an (den Befehlshaber) Syrski und separat an den Kommandanten der Territorialverteidigung: Versammeln Sie das Milit\u00e4r nicht f\u00fcr Aufstellungen, erst recht nicht an zivilen Orten&#8221;, schrieb die Abgeordnete auf Telegram. Die Informationen \u00fcber die geplante Aufstellung des Milit\u00e4rs seien m\u00f6glicherweise durchgesickert und dem russischen Verteidigungsministerium bekannt geworden.<\/p>\n<p>Noch deutlicher <a rel=\"nofollow noopener\" target=\"_blank\" href=\"https:\/\/t.me\/stranaua\/192556\">kritisierte<\/a> der nationalistische Ex-Abgeordnete Igor Mossijtschuk den Vorfall. Ihm zufolge sollte am Sonntagvormittag das siebenj\u00e4hrige Bestehen der 117. Brigade der Territorial-Verteidigung gefeiert werden. Er postete ein Bild mit der \u00f6ffentlichen Ank\u00fcndigung als Beleg. Er rief dazu auf, die \u00f6rtlichen Verantwortlichen zu verhaften und wies darauf hin, dass auch Zivilisten und Kinder zu der feierlichen Aufstellung eingeladen wurden.<\/p>\n<div class=\"EmbedBlock-root EmbedBlock-twitter\">\n<div class=\"TwitterEmbed\">\n<blockquote class=\"twitter-tweet lazyload\" data-twitter=\"twitter-tweet\" data-conversation=\"none\">\n<p lang=\"pl\" dir=\"ltr\">Bzgl. Sumy <a rel=\"nofollow noopener\" target=\"_blank\" href=\"https:\/\/t.co\/JokBeGeMpp\">https:\/\/t.co\/JokBeGeMpp<\/a><\/p>\n<p>\u2014 JP (@lateral_think3r) <a rel=\"nofollow noopener\" target=\"_blank\" href=\"https:\/\/twitter.com\/lateral_think3r\/status\/1911478288964264386?ref_src=twsrc%5Etfw\">April 13, 2025<\/a><\/p><\/blockquote>\n<\/div>\n<\/div>\n<p>Der B\u00fcrgermeister der benachbarten Kleinstadt Konotop Artjom Semenichin hat sich noch deutlicher ge\u00e4u\u00dfert. In einer Videoansprache, die er w\u00e4hrend einer Autofahrt t\u00e4tigte, stellte er dem Gebietsb\u00fcrgermeister von Sumy, Wladimir Artjuk, ein Ultimatum und verlangte von ihm bis 18 Uhr eine Entschuldigung bei den Menschen. Er beschimpfte ihn w\u00fcst und drohte mit einer Enth\u00fcllung, falls er dieser Forderung nicht nachkommt.<\/p>\n<p>Am Sonntagabend <a rel=\"nofollow noopener\" target=\"_blank\" href=\"https:\/\/t.me\/stranaua\/192563\">teilte er mit<\/a>, dass &#8220;jedem bekannt war&#8221;, dass der Gebietsb\u00fcrgermeister eine &#8220;milit\u00e4rische Versammlung&#8221; angek\u00fcndigt habe. Ihm zufolge habe das Milit\u00e4r nicht gelitten, weil es sich in einem Schutzraum befand. Semenichin erkl\u00e4rte, dass eine Ermittlung gegen Artjuk eingeleitet worden sei.<\/p>\n<p>Die offiziellen russischen Milit\u00e4rbeh\u00f6rden haben sich zu dem Beschuss noch nicht ge\u00e4u\u00dfert. Andrej Jermak, der Leiter des Pr\u00e4sidialamtes in Kiew, schrieb, er sei ver\u00e4rgert, wenn &#8220;einige Leute versuchen, die Trag\u00f6die und dieses Kriegsverbrechen der Russen in den sozialen Medien f\u00fcr eine eigene PR-Kampagne zu nutzen&#8221;. Offenbar deutete er auf die Abgeordnete Marjana Besuglaja an. Wie ein Dementi sieht diese Aussage nicht aus. Das russische Nachrichtenportal des Milit\u00e4ranalysten Rybar <a rel=\"nofollow noopener\" target=\"_blank\" href=\"https:\/\/rybar.ru\/udar-po-sumam-chem-zakonchilos-postroenie-117-brigady-tro-vsu\/?utm_source=yandex.ru&amp;utm_medium=organic&amp;utm_campaign=yandex.ru&amp;utm_referrer=yandex.ru\">fasst zusammen<\/a>:<\/p>\n<blockquote>\n<p><em>&#8220;Leider ging es nicht ohne den Tod von Zivilisten aus. Dies war jedoch ein Schlag gegen ein bestimmtes milit\u00e4risches Ziel, wie sp\u00e4ter best\u00e4tigt wurde. In diesem Fall fehlte es einer der Raketen offenbar an Pr\u00e4zision.&#8221;<\/em><\/p>\n<\/blockquote>\n<p>Gleichzeitig sei interessant, wie in den ukrainischen Medien ohne \u00e4u\u00dfere Einfl\u00fcsse der Fokus von den Opfern auf innenpolitische Auseinandersetzungen verschoben wurde. Damit werde die Version eines &#8220;gezielten Angriffs auf Zivilisten&#8221; eigenh\u00e4ndig in St\u00fccke geschlagen.<\/p>\n<p>Der US-Au\u00dfenminister Marco Rubio nannte den russischen Raketenangriff auf Sumy &#8220;entsetzlich&#8221;. Der Vorfall sei eine tragische Erinnerung daran, warum Pr\u00e4sident Trump und seine Regierung so viel Zeit und M\u00fche aufwenden, um diesen Krieg zu beenden und einen dauerhaften Frieden zu erreichen. Im Unterschied zu den anderen westlichen Staats- und Regierungschefs hat Rubio Russland nicht aufgefordert, einem Waffenstillstand umgehend zuzustimmen.<\/p>\n<p><strong>Mehr zum Thema<\/strong> &#8211; <a rel=\"nofollow noopener\" target=\"_blank\" href=\"https:\/\/freedert.online\/meinung\/241866-kiews-medialer-blitzkrieg-geraet-ins\/\">Kiews medialer Blitzkrieg ger\u00e4t ins Stocken \u2013 Kriwoj Rog ist das j\u00fcngste Beispiel<\/a><\/p>\n<div class=\"EmbedBlock-root EmbedBlock-externalVideo EmbedBlock-rumble\">\n<div class=\"VkEmbed\"><iframe class=\"lazyload\" data-src=\"https:\/\/rumble.com\/embed\/v6po2ab\" frameborder=\"0\" width=\"853\" height=\"480\" allowfullscreen><\/iframe><\/div>\n<\/div>\n<\/div>\n<p><script async src=\"https:\/\/platform.twitter.com\/widgets.js\" charset=\"utf-8\"><\/script><br \/>\n<br \/><br \/>\n<br \/><a href=\"https:\/\/de.rt.com\/europa\/242346-ukrainische-quellen-russischer-angriff-auf\/\">Source link <\/a><\/p>\n","protected":false},"excerpt":{"rendered":"<p>Am Sonntag wurde das Zentrum der nordukrainischen Stadt Sumy beschossen. Unter den Opfern waren Dutzende Zivilisten. W\u00e4hrend die Politiker im Westen mit Hass-Tiraden auf den Angriff reagieren, h\u00e4ufen sich die Hinweise, dass das Ziel des Beschusses eine Versammlung des ukrainischen Milit\u00e4rs war. Von Wladislaw Sankin\u00a0 Am Sonntag schlugen zwei mutma\u00dfliche russische ballistische Raketen im Zentrum [&hellip;]<\/p>\n","protected":false},"author":3,"featured_media":82106,"comment_status":"open","ping_status":"open","sticky":false,"template":"","format":"standard","meta":{"_yoast_indexnow_last_ping":["1744575133"],"wp_automatic_camp":["217"],"116bd441ad824352d79999269e8091dd":["Ukrainische Quellen: Russischer Angriff auf Sumy galt einer Aufstellung des ukrainischen Milit\u00e4rs"],"original_link":["https:\/\/de.rt.com\/europa\/242346-ukrainische-quellen-russischer-angriff-auf\/"],"_thumbnail_id":["82106"],"jnews_social_counter_last_update":["1777345616"],"_wptgpro_p2tg_sent2tg":["a:1:{i:23737;s:19:\"2025-04-13 22:13:32\";}"]},"categories":[19,23],"tags":[6126,133,34923,583,212,59569,21064,25957,793,11454,905,2332],"yoast_head":"<!-- This site is optimized with the Yoast SEO Premium plugin v22.7 (Yoast SEO v22.7) - https:\/\/yoast.com\/wordpress\/plugins\/seo\/ -->\n<title>Ukrainische Quellen: Russischer Angriff auf Sumy galt einer Aufstellung des ukrainischen Milit\u00e4rs - just-now.NEWS Deutschland<\/title>\n<meta name=\"robots\" content=\"index, follow, max-snippet:-1, max-image-preview:large, max-video-preview:-1\" \/>\n<link rel=\"canonical\" href=\"https:\/\/now-news.de\/de\/deutschland\/ukrainische-quellen-russischer-angriff-auf-sumy-galt-einer-aufstellung-des-ukrainischen-militaers\/\" \/>\n<meta property=\"og:locale\" content=\"de_DE\" \/>\n<meta property=\"og:type\" content=\"article\" \/>\n<meta property=\"og:title\" content=\"Ukrainische Quellen: Russischer Angriff auf Sumy galt einer Aufstellung des ukrainischen Milit\u00e4rs\" \/>\n<meta property=\"og:description\" content=\"Am Sonntag wurde das Zentrum der nordukrainischen Stadt Sumy beschossen. Unter den Opfern waren Dutzende Zivilisten. W\u00e4hrend die Politiker im Westen mit Hass-Tiraden auf den Angriff reagieren, h\u00e4ufen sich die Hinweise, dass das Ziel des Beschusses eine Versammlung des ukrainischen Milit\u00e4rs war. Von Wladislaw Sankin\u00a0 Am Sonntag schlugen zwei mutma\u00dfliche russische ballistische Raketen im Zentrum [&hellip;]\" \/>\n<meta property=\"og:url\" content=\"https:\/\/now-news.de\/de\/deutschland\/ukrainische-quellen-russischer-angriff-auf-sumy-galt-einer-aufstellung-des-ukrainischen-militaers\/\" \/>\n<meta property=\"og:site_name\" content=\"just-now.NEWS Deutschland\" \/>\n<meta property=\"article:publisher\" content=\"https:\/\/www.facebook.com\/wirmachenauf\" \/>\n<meta property=\"article:published_time\" content=\"2025-04-13T19:57:18+00:00\" \/>\n<meta property=\"og:image\" content=\"https:\/\/now-news.de\/de\/wp-content\/uploads\/sites\/3\/2025\/04\/67fc073848fbef18945b66bc.jpg\" \/>\n<meta name=\"author\" content=\"rtnews\" \/>\n<meta name=\"twitter:card\" content=\"summary_large_image\" \/>\n<meta name=\"twitter:creator\" content=\"@WirMachenAuf_de\" \/>\n<meta name=\"twitter:site\" content=\"@WirMachenAuf_de\" \/>\n<meta name=\"twitter:label1\" content=\"Verfasst von\" \/>\n\t<meta name=\"twitter:data1\" content=\"rtnews\" \/>\n\t<meta name=\"twitter:label2\" content=\"Gesch\u00e4tzte Lesezeit\" \/>\n\t<meta name=\"twitter:data2\" content=\"6\u00a0Minuten\" \/>\n<script type=\"application\/ld+json\" class=\"yoast-schema-graph\">{\"@context\":\"https:\/\/schema.org\",\"@graph\":[{\"@type\":\"Article\",\"@id\":\"https:\/\/now-news.de\/de\/deutschland\/ukrainische-quellen-russischer-angriff-auf-sumy-galt-einer-aufstellung-des-ukrainischen-militaers\/#article\",\"isPartOf\":{\"@id\":\"https:\/\/now-news.de\/de\/deutschland\/ukrainische-quellen-russischer-angriff-auf-sumy-galt-einer-aufstellung-des-ukrainischen-militaers\/\"},\"author\":{\"name\":\"rtnews\",\"@id\":\"https:\/\/now-news.de\/de\/#\/schema\/person\/fb534a4e865501d8b3285208df34a9b5\"},\"headline\":\"Ukrainische Quellen: Russischer Angriff auf Sumy galt einer Aufstellung des ukrainischen Milit\u00e4rs\",\"datePublished\":\"2025-04-13T19:57:18+00:00\",\"dateModified\":\"2025-04-13T19:57:18+00:00\",\"mainEntityOfPage\":{\"@id\":\"https:\/\/now-news.de\/de\/deutschland\/ukrainische-quellen-russischer-angriff-auf-sumy-galt-einer-aufstellung-des-ukrainischen-militaers\/\"},\"wordCount\":1119,\"commentCount\":0,\"publisher\":{\"@id\":\"https:\/\/now-news.de\/de\/#organization\"},\"image\":{\"@id\":\"https:\/\/now-news.de\/de\/deutschland\/ukrainische-quellen-russischer-angriff-auf-sumy-galt-einer-aufstellung-des-ukrainischen-militaers\/#primaryimage\"},\"thumbnailUrl\":\"https:\/\/now-news.de\/de\/wp-content\/uploads\/sites\/3\/2025\/04\/Ukrainische-Quellen-Russischer-Angriff-auf-Sumy-galt-einer-Aufstellung-des.jpg\",\"keywords\":[\"Angriff\",\"AUF\",\"Aufstellung\",\"des\",\"einer\",\"galt\",\"Milit\u00e4rs\",\"Quellen\",\"Russischer\",\"sumy\",\"Ukrainische\",\"ukrainischen\"],\"articleSection\":[\"Deutschland\",\"Russland\"],\"inLanguage\":\"de\",\"potentialAction\":[{\"@type\":\"CommentAction\",\"name\":\"Comment\",\"target\":[\"https:\/\/now-news.de\/de\/deutschland\/ukrainische-quellen-russischer-angriff-auf-sumy-galt-einer-aufstellung-des-ukrainischen-militaers\/#respond\"]}]},{\"@type\":\"WebPage\",\"@id\":\"https:\/\/now-news.de\/de\/deutschland\/ukrainische-quellen-russischer-angriff-auf-sumy-galt-einer-aufstellung-des-ukrainischen-militaers\/\",\"url\":\"https:\/\/now-news.de\/de\/deutschland\/ukrainische-quellen-russischer-angriff-auf-sumy-galt-einer-aufstellung-des-ukrainischen-militaers\/\",\"name\":\"Ukrainische Quellen: Russischer Angriff auf Sumy galt einer Aufstellung des ukrainischen Milit\u00e4rs - just-now.NEWS Deutschland\",\"isPartOf\":{\"@id\":\"https:\/\/now-news.de\/de\/#website\"},\"primaryImageOfPage\":{\"@id\":\"https:\/\/now-news.de\/de\/deutschland\/ukrainische-quellen-russischer-angriff-auf-sumy-galt-einer-aufstellung-des-ukrainischen-militaers\/#primaryimage\"},\"image\":{\"@id\":\"https:\/\/now-news.de\/de\/deutschland\/ukrainische-quellen-russischer-angriff-auf-sumy-galt-einer-aufstellung-des-ukrainischen-militaers\/#primaryimage\"},\"thumbnailUrl\":\"https:\/\/now-news.de\/de\/wp-content\/uploads\/sites\/3\/2025\/04\/Ukrainische-Quellen-Russischer-Angriff-auf-Sumy-galt-einer-Aufstellung-des.jpg\",\"datePublished\":\"2025-04-13T19:57:18+00:00\",\"dateModified\":\"2025-04-13T19:57:18+00:00\",\"breadcrumb\":{\"@id\":\"https:\/\/now-news.de\/de\/deutschland\/ukrainische-quellen-russischer-angriff-auf-sumy-galt-einer-aufstellung-des-ukrainischen-militaers\/#breadcrumb\"},\"inLanguage\":\"de\",\"potentialAction\":[{\"@type\":\"ReadAction\",\"target\":[\"https:\/\/now-news.de\/de\/deutschland\/ukrainische-quellen-russischer-angriff-auf-sumy-galt-einer-aufstellung-des-ukrainischen-militaers\/\"]}]},{\"@type\":\"ImageObject\",\"inLanguage\":\"de\",\"@id\":\"https:\/\/now-news.de\/de\/deutschland\/ukrainische-quellen-russischer-angriff-auf-sumy-galt-einer-aufstellung-des-ukrainischen-militaers\/#primaryimage\",\"url\":\"https:\/\/now-news.de\/de\/wp-content\/uploads\/sites\/3\/2025\/04\/Ukrainische-Quellen-Russischer-Angriff-auf-Sumy-galt-einer-Aufstellung-des.jpg\",\"contentUrl\":\"https:\/\/now-news.de\/de\/wp-content\/uploads\/sites\/3\/2025\/04\/Ukrainische-Quellen-Russischer-Angriff-auf-Sumy-galt-einer-Aufstellung-des.jpg\",\"width\":1520,\"height\":1080,\"caption\":\"Ukrainische Quellen: Russischer Angriff auf Sumy galt einer Aufstellung des ukrainischen Milit\u00e4rs\"},{\"@type\":\"BreadcrumbList\",\"@id\":\"https:\/\/now-news.de\/de\/deutschland\/ukrainische-quellen-russischer-angriff-auf-sumy-galt-einer-aufstellung-des-ukrainischen-militaers\/#breadcrumb\",\"itemListElement\":[{\"@type\":\"ListItem\",\"position\":1,\"name\":\"Home\",\"item\":\"https:\/\/now-news.de\/de\/\"},{\"@type\":\"ListItem\",\"position\":2,\"name\":\"Ukrainische Quellen: Russischer Angriff auf Sumy galt einer Aufstellung des ukrainischen Milit\u00e4rs\"}]},{\"@type\":\"WebSite\",\"@id\":\"https:\/\/now-news.de\/de\/#website\",\"url\":\"https:\/\/now-news.de\/de\/\",\"name\":\"just-now.NEWS Deutschland\",\"description\":\"Das Portal f\u00fcr unzensierte Nachrichten aus der Welt\",\"publisher\":{\"@id\":\"https:\/\/now-news.de\/de\/#organization\"},\"potentialAction\":[{\"@type\":\"SearchAction\",\"target\":{\"@type\":\"EntryPoint\",\"urlTemplate\":\"https:\/\/now-news.de\/de\/?s={search_term_string}\"},\"query-input\":\"required name=search_term_string\"}],\"inLanguage\":\"de\"},{\"@type\":\"Organization\",\"@id\":\"https:\/\/now-news.de\/de\/#organization\",\"name\":\"Just Now News\",\"url\":\"https:\/\/now-news.de\/de\/\",\"logo\":{\"@type\":\"ImageObject\",\"inLanguage\":\"de\",\"@id\":\"https:\/\/now-news.de\/de\/#\/schema\/logo\/image\/\",\"url\":\"http:\/\/just-now.news\/de\/wp-content\/uploads\/sites\/3\/2022\/04\/logo500x500.jpg\",\"contentUrl\":\"http:\/\/just-now.news\/de\/wp-content\/uploads\/sites\/3\/2022\/04\/logo500x500.jpg\",\"width\":500,\"height\":500,\"caption\":\"Just Now News\"},\"image\":{\"@id\":\"https:\/\/now-news.de\/de\/#\/schema\/logo\/image\/\"},\"sameAs\":[\"https:\/\/www.facebook.com\/wirmachenauf\",\"https:\/\/x.com\/WirMachenAuf_de\"]},{\"@type\":\"Person\",\"@id\":\"https:\/\/now-news.de\/de\/#\/schema\/person\/fb534a4e865501d8b3285208df34a9b5\",\"name\":\"rtnews\",\"image\":{\"@type\":\"ImageObject\",\"inLanguage\":\"de\",\"@id\":\"https:\/\/now-news.de\/de\/#\/schema\/person\/image\/\",\"url\":\"https:\/\/secure.gravatar.com\/avatar\/82aafea7d8127119dd649515f56e2117?s=96&d=mm&r=g\",\"contentUrl\":\"https:\/\/secure.gravatar.com\/avatar\/82aafea7d8127119dd649515f56e2117?s=96&d=mm&r=g\",\"caption\":\"rtnews\"},\"url\":\"https:\/\/now-news.de\/de\/author\/rnews\/\"}]}<\/script>\n<!-- \/ Yoast SEO Premium plugin. -->","yoast_head_json":{"title":"Ukrainische Quellen: Russischer Angriff auf Sumy galt einer Aufstellung des ukrainischen Milit\u00e4rs - just-now.NEWS Deutschland","robots":{"index":"index","follow":"follow","max-snippet":"max-snippet:-1","max-image-preview":"max-image-preview:large","max-video-preview":"max-video-preview:-1"},"canonical":"https:\/\/now-news.de\/de\/deutschland\/ukrainische-quellen-russischer-angriff-auf-sumy-galt-einer-aufstellung-des-ukrainischen-militaers\/","og_locale":"de_DE","og_type":"article","og_title":"Ukrainische Quellen: Russischer Angriff auf Sumy galt einer Aufstellung des ukrainischen Milit\u00e4rs","og_description":"Am Sonntag wurde das Zentrum der nordukrainischen Stadt Sumy beschossen. Unter den Opfern waren Dutzende Zivilisten. W\u00e4hrend die Politiker im Westen mit Hass-Tiraden auf den Angriff reagieren, h\u00e4ufen sich die Hinweise, dass das Ziel des Beschusses eine Versammlung des ukrainischen Milit\u00e4rs war. Von Wladislaw Sankin\u00a0 Am Sonntag schlugen zwei mutma\u00dfliche russische ballistische Raketen im Zentrum [&hellip;]","og_url":"https:\/\/now-news.de\/de\/deutschland\/ukrainische-quellen-russischer-angriff-auf-sumy-galt-einer-aufstellung-des-ukrainischen-militaers\/","og_site_name":"just-now.NEWS Deutschland","article_publisher":"https:\/\/www.facebook.com\/wirmachenauf","article_published_time":"2025-04-13T19:57:18+00:00","og_image":[{"url":"https:\/\/now-news.de\/de\/wp-content\/uploads\/sites\/3\/2025\/04\/67fc073848fbef18945b66bc.jpg"}],"author":"rtnews","twitter_card":"summary_large_image","twitter_creator":"@WirMachenAuf_de","twitter_site":"@WirMachenAuf_de","twitter_misc":{"Verfasst von":"rtnews","Gesch\u00e4tzte Lesezeit":"6\u00a0Minuten"},"schema":{"@context":"https:\/\/schema.org","@graph":[{"@type":"Article","@id":"https:\/\/now-news.de\/de\/deutschland\/ukrainische-quellen-russischer-angriff-auf-sumy-galt-einer-aufstellung-des-ukrainischen-militaers\/#article","isPartOf":{"@id":"https:\/\/now-news.de\/de\/deutschland\/ukrainische-quellen-russischer-angriff-auf-sumy-galt-einer-aufstellung-des-ukrainischen-militaers\/"},"author":{"name":"rtnews","@id":"https:\/\/now-news.de\/de\/#\/schema\/person\/fb534a4e865501d8b3285208df34a9b5"},"headline":"Ukrainische Quellen: Russischer Angriff auf Sumy galt einer Aufstellung des ukrainischen Milit\u00e4rs","datePublished":"2025-04-13T19:57:18+00:00","dateModified":"2025-04-13T19:57:18+00:00","mainEntityOfPage":{"@id":"https:\/\/now-news.de\/de\/deutschland\/ukrainische-quellen-russischer-angriff-auf-sumy-galt-einer-aufstellung-des-ukrainischen-militaers\/"},"wordCount":1119,"commentCount":0,"publisher":{"@id":"https:\/\/now-news.de\/de\/#organization"},"image":{"@id":"https:\/\/now-news.de\/de\/deutschland\/ukrainische-quellen-russischer-angriff-auf-sumy-galt-einer-aufstellung-des-ukrainischen-militaers\/#primaryimage"},"thumbnailUrl":"https:\/\/now-news.de\/de\/wp-content\/uploads\/sites\/3\/2025\/04\/Ukrainische-Quellen-Russischer-Angriff-auf-Sumy-galt-einer-Aufstellung-des.jpg","keywords":["Angriff","AUF","Aufstellung","des","einer","galt","Milit\u00e4rs","Quellen","Russischer","sumy","Ukrainische","ukrainischen"],"articleSection":["Deutschland","Russland"],"inLanguage":"de","potentialAction":[{"@type":"CommentAction","name":"Comment","target":["https:\/\/now-news.de\/de\/deutschland\/ukrainische-quellen-russischer-angriff-auf-sumy-galt-einer-aufstellung-des-ukrainischen-militaers\/#respond"]}]},{"@type":"WebPage","@id":"https:\/\/now-news.de\/de\/deutschland\/ukrainische-quellen-russischer-angriff-auf-sumy-galt-einer-aufstellung-des-ukrainischen-militaers\/","url":"https:\/\/now-news.de\/de\/deutschland\/ukrainische-quellen-russischer-angriff-auf-sumy-galt-einer-aufstellung-des-ukrainischen-militaers\/","name":"Ukrainische Quellen: Russischer Angriff auf Sumy galt einer Aufstellung des ukrainischen Milit\u00e4rs - just-now.NEWS Deutschland","isPartOf":{"@id":"https:\/\/now-news.de\/de\/#website"},"primaryImageOfPage":{"@id":"https:\/\/now-news.de\/de\/deutschland\/ukrainische-quellen-russischer-angriff-auf-sumy-galt-einer-aufstellung-des-ukrainischen-militaers\/#primaryimage"},"image":{"@id":"https:\/\/now-news.de\/de\/deutschland\/ukrainische-quellen-russischer-angriff-auf-sumy-galt-einer-aufstellung-des-ukrainischen-militaers\/#primaryimage"},"thumbnailUrl":"https:\/\/now-news.de\/de\/wp-content\/uploads\/sites\/3\/2025\/04\/Ukrainische-Quellen-Russischer-Angriff-auf-Sumy-galt-einer-Aufstellung-des.jpg","datePublished":"2025-04-13T19:57:18+00:00","dateModified":"2025-04-13T19:57:18+00:00","breadcrumb":{"@id":"https:\/\/now-news.de\/de\/deutschland\/ukrainische-quellen-russischer-angriff-auf-sumy-galt-einer-aufstellung-des-ukrainischen-militaers\/#breadcrumb"},"inLanguage":"de","potentialAction":[{"@type":"ReadAction","target":["https:\/\/now-news.de\/de\/deutschland\/ukrainische-quellen-russischer-angriff-auf-sumy-galt-einer-aufstellung-des-ukrainischen-militaers\/"]}]},{"@type":"ImageObject","inLanguage":"de","@id":"https:\/\/now-news.de\/de\/deutschland\/ukrainische-quellen-russischer-angriff-auf-sumy-galt-einer-aufstellung-des-ukrainischen-militaers\/#primaryimage","url":"https:\/\/now-news.de\/de\/wp-content\/uploads\/sites\/3\/2025\/04\/Ukrainische-Quellen-Russischer-Angriff-auf-Sumy-galt-einer-Aufstellung-des.jpg","contentUrl":"https:\/\/now-news.de\/de\/wp-content\/uploads\/sites\/3\/2025\/04\/Ukrainische-Quellen-Russischer-Angriff-auf-Sumy-galt-einer-Aufstellung-des.jpg","width":1520,"height":1080,"caption":"Ukrainische Quellen: Russischer Angriff auf Sumy galt einer Aufstellung des ukrainischen Milit\u00e4rs"},{"@type":"BreadcrumbList","@id":"https:\/\/now-news.de\/de\/deutschland\/ukrainische-quellen-russischer-angriff-auf-sumy-galt-einer-aufstellung-des-ukrainischen-militaers\/#breadcrumb","itemListElement":[{"@type":"ListItem","position":1,"name":"Home","item":"https:\/\/now-news.de\/de\/"},{"@type":"ListItem","position":2,"name":"Ukrainische Quellen: Russischer Angriff auf Sumy galt einer Aufstellung des ukrainischen Milit\u00e4rs"}]},{"@type":"WebSite","@id":"https:\/\/now-news.de\/de\/#website","url":"https:\/\/now-news.de\/de\/","name":"just-now.NEWS Deutschland","description":"Das Portal f\u00fcr unzensierte Nachrichten aus der Welt","publisher":{"@id":"https:\/\/now-news.de\/de\/#organization"},"potentialAction":[{"@type":"SearchAction","target":{"@type":"EntryPoint","urlTemplate":"https:\/\/now-news.de\/de\/?s={search_term_string}"},"query-input":"required name=search_term_string"}],"inLanguage":"de"},{"@type":"Organization","@id":"https:\/\/now-news.de\/de\/#organization","name":"Just Now News","url":"https:\/\/now-news.de\/de\/","logo":{"@type":"ImageObject","inLanguage":"de","@id":"https:\/\/now-news.de\/de\/#\/schema\/logo\/image\/","url":"http:\/\/just-now.news\/de\/wp-content\/uploads\/sites\/3\/2022\/04\/logo500x500.jpg","contentUrl":"http:\/\/just-now.news\/de\/wp-content\/uploads\/sites\/3\/2022\/04\/logo500x500.jpg","width":500,"height":500,"caption":"Just Now News"},"image":{"@id":"https:\/\/now-news.de\/de\/#\/schema\/logo\/image\/"},"sameAs":["https:\/\/www.facebook.com\/wirmachenauf","https:\/\/x.com\/WirMachenAuf_de"]},{"@type":"Person","@id":"https:\/\/now-news.de\/de\/#\/schema\/person\/fb534a4e865501d8b3285208df34a9b5","name":"rtnews","image":{"@type":"ImageObject","inLanguage":"de","@id":"https:\/\/now-news.de\/de\/#\/schema\/person\/image\/","url":"https:\/\/secure.gravatar.com\/avatar\/82aafea7d8127119dd649515f56e2117?s=96&d=mm&r=g","contentUrl":"https:\/\/secure.gravatar.com\/avatar\/82aafea7d8127119dd649515f56e2117?s=96&d=mm&r=g","caption":"rtnews"},"url":"https:\/\/now-news.de\/de\/author\/rnews\/"}]}},"_links":{"self":[{"href":"https:\/\/now-news.de\/de\/wp-json\/wp\/v2\/posts\/82105"}],"collection":[{"href":"https:\/\/now-news.de\/de\/wp-json\/wp\/v2\/posts"}],"about":[{"href":"https:\/\/now-news.de\/de\/wp-json\/wp\/v2\/types\/post"}],"author":[{"embeddable":true,"href":"https:\/\/now-news.de\/de\/wp-json\/wp\/v2\/users\/3"}],"replies":[{"embeddable":true,"href":"https:\/\/now-news.de\/de\/wp-json\/wp\/v2\/comments?post=82105"}],"version-history":[{"count":0,"href":"https:\/\/now-news.de\/de\/wp-json\/wp\/v2\/posts\/82105\/revisions"}],"wp:featuredmedia":[{"embeddable":true,"href":"https:\/\/now-news.de\/de\/wp-json\/wp\/v2\/media\/82106"}],"wp:attachment":[{"href":"https:\/\/now-news.de\/de\/wp-json\/wp\/v2\/media?parent=82105"}],"wp:term":[{"taxonomy":"category","embeddable":true,"href":"https:\/\/now-news.de\/de\/wp-json\/wp\/v2\/categories?post=82105"},{"taxonomy":"post_tag","embeddable":true,"href":"https:\/\/now-news.de\/de\/wp-json\/wp\/v2\/tags?post=82105"}],"curies":[{"name":"wp","href":"https:\/\/api.w.org\/{rel}","templated":true}]}}