{"id":82067,"date":"2025-04-13T09:02:15","date_gmt":"2025-04-13T07:02:15","guid":{"rendered":"https:\/\/now-news.de\/de\/deutschland\/atomverhandlungen-iran-und-usa-fuehrten-positive-gespraeche-in-oman\/"},"modified":"2025-04-13T09:02:15","modified_gmt":"2025-04-13T07:02:15","slug":"atomverhandlungen-iran-und-usa-fuehrten-positive-gespraeche-in-oman","status":"publish","type":"post","link":"https:\/\/now-news.de\/de\/deutschland\/atomverhandlungen-iran-und-usa-fuehrten-positive-gespraeche-in-oman\/","title":{"rendered":"Atomverhandlungen: Iran und USA f\u00fchrten &quot;positive&quot; Gespr\u00e4che in Oman"},"content":{"rendered":"<p><img decoding=\"async\" src=\"https:\/\/now-news.de\/de\/wp-content\/uploads\/sites\/3\/2025\/04\/67fb5a7fb480cc34b6354d63.jpg\" \/><\/p>\n<div class=\"Text-root Text-type_1 \">\n                Nach dem Auftakt ihrer Atomgespr\u00e4che wollen Iran und die USA den Dialog in der kommenden Woche fortsetzen. Trump hatte im Falle eines Scheiterns der Verhandlungen mit milit\u00e4rischer H\u00e4rte gedroht.\n            <\/div>\n<p><\/p>\n<div class=\"Text-root Text-type_5 ArticleView-text ViewText-root \">\n<p>Iran und die USA haben am Samstag in Oman Gespr\u00e4che gef\u00fchrt und sich darauf geeinigt, in der n\u00e4chsten Woche erneut zusammenzukommen, wie die iranische Seite mitteilte. Der Dialog soll das eskalierende Atomprogramm Teherans ansprechen, da Pr\u00e4sident Donald Trump mit milit\u00e4rischen Ma\u00dfnahmen droht, falls es keine Einigung dar\u00fcber geben sollte.<\/p>\n<p>Der iranische Au\u00dfenminister Abbas Araghtschi teilte auf seinem Telegram-Kanal mit, dass seine Delegation nach dem Ende der indirekten Gespr\u00e4che, die von Oman vermittelt wurden, ein kurzes Treffen mit der US-Delegation unter der Leitung von Trumps Nahost-Gesandtem Steve Witkoff hatte.<\/p>\n<p>&#8220;Nach dem Ende der mehr als zweieinhalbst\u00fcndigen indirekten Gespr\u00e4che unterhielten sich die Leiter der iranischen und der amerikanischen Delegation beim Verlassen der Gespr\u00e4che einige Minuten lang im Beisein des omanischen Au\u00dfenministers&#8221;, sagte Araghtschi.<\/p>\n<p>Er erkl\u00e4rte, die Gespr\u00e4che (die ersten zwischen Iran und der Trump-Administration, einschlie\u00dflich seiner ersten Amtszeit 2017\u20132021) h\u00e4tten in einer &#8220;produktiven und positiven Atmosph\u00e4re&#8221; stattgefunden. &#8220;Beide Seiten haben sich darauf geeinigt, die Gespr\u00e4che n\u00e4chste Woche fortzusetzen&#8221;, schrieb Araghtschi, ohne den genauen Ort\u00a0oder das Datum zu nennen.<\/p>\n<p>&#8220;Im Mittelpunkt der Gespr\u00e4che stehen derzeit die Deeskalation der regionalen Spannungen, der Austausch von Gefangenen und begrenzte Vereinbarungen zur Lockerung der Sanktionen (gegen Iran) im Gegenzug\u00a0f\u00fcr die Kontrolle des iranischen Atomprogramms&#8221;, sagte eine omanische Quelle gegen\u00fcber <em>Reuters<\/em>. Ein iranischer Vertreter vor Ort\u00a0dementierte diese Darstellung, gab aber nicht an, was daran falsch war.<\/p>\n<p>Ein Scheitern der Verhandlungen\u00a0w\u00fcrde die Furcht\u00a0vor einem gr\u00f6\u00dferen Fl\u00e4chenbrand in einer Region, die einen Gro\u00dfteil des weltweiten \u00d6ls exportiert, noch verst\u00e4rken. Teheran hat die Nachbarl\u00e4nder, in denen US-St\u00fctzpunkte stationiert sind, gewarnt, dass sie mit &#8220;schwerwiegenden Konsequenzen&#8221; zu rechnen h\u00e4tten, wenn sie in einen US-Milit\u00e4rschlag gegen Iran verwickelt w\u00fcrden.<\/p>\n<p>Irans Oberster F\u00fchrer Ayatollah Ali Chamenei, der in wichtigen Staatsangelegenheiten das letzte Wort hat, habe Araghtschi &#8220;volle Autorit\u00e4t&#8221; f\u00fcr die Gespr\u00e4che erteilt, so ein iranischer Beamter gegen\u00fcber <em>Reuters<\/em>.\u00a0Teheran hat Verhandlungen \u00fcber seine Verteidigungskapazit\u00e4ten, wie zum Beispiel sein Programm f\u00fcr ballistische Raketen, bereits ausgeschlossen.<\/p>\n<p>Israel, der engste Verb\u00fcndete Washingtons im Nahen Osten, betrachtet das iranische Atomprogramm als existenzielle Bedrohung und droht seit langem mit einem Angriff auf die islamische Republik, falls es nicht gelingt, die nuklearen Ambitionen des Landes auf diplomatischem Wege zu stoppen.<\/p>\n<p><strong>Mehr zum Thema<\/strong> &#8211; <a rel=\"nofollow noopener\" target=\"_blank\" href=\"https:\/\/freedert.online\/international\/242125-wenn-externe-druck-anhaelt-teheran\/\">Wenn der externe Druck anh\u00e4lt: Teheran droht mit Ausweisung von IAEA-Inspektoren<\/a><\/p>\n<div class=\"EmbedBlock-root EmbedBlock-externalVideo EmbedBlock-vk\">\n<div class=\"VkEmbed\"><iframe class=\"lazyload\" data-src=\"https:\/\/vk.com\/video_ext.php?oid=-134310637&amp;id=456284370\" frameborder=\"0\" width=\"853\" height=\"480\" allowfullscreen><\/iframe><\/div>\n<\/div>\n<\/div>\n<p><br \/>\n<br \/><a href=\"https:\/\/de.rt.com\/der-nahe-osten\/242306-iran-und-usa-fuehrten-positive\/\">Source link <\/a><\/p>\n","protected":false},"excerpt":{"rendered":"<p>Nach dem Auftakt ihrer Atomgespr\u00e4che wollen Iran und die USA den Dialog in der kommenden Woche fortsetzen. Trump hatte im Falle eines Scheiterns der Verhandlungen mit milit\u00e4rischer H\u00e4rte gedroht. Iran und die USA haben am Samstag in Oman Gespr\u00e4che gef\u00fchrt und sich darauf geeinigt, in der n\u00e4chsten Woche erneut zusammenzukommen, wie die iranische Seite mitteilte. [&hellip;]<\/p>\n","protected":false},"author":3,"featured_media":82068,"comment_status":"open","ping_status":"open","sticky":false,"template":"","format":"standard","meta":{"_yoast_indexnow_last_ping":["1744527818"],"wp_automatic_camp":["217"],"b084f5d5d058e10d38cb33ac58bec129":["Atomverhandlungen: Iran und USA f\u00fchrten &quot;positive&quot; Gespr\u00e4che in Oman"],"original_link":["https:\/\/de.rt.com\/der-nahe-osten\/242306-iran-und-usa-fuehrten-positive\/"],"_thumbnail_id":["82068"],"jnews_social_counter_last_update":["1777503690"],"_wptgpro_p2tg_sent2tg":["a:1:{i:23737;s:19:\"2025-04-13 09:04:37\";}"]},"categories":[19,23],"tags":[18104,21921,11231,1786,19683,64249,140,193],"yoast_head":"<!-- This site is optimized with the Yoast SEO Premium plugin v22.7 (Yoast SEO v22.7) - https:\/\/yoast.com\/wordpress\/plugins\/seo\/ -->\n<title>Atomverhandlungen: Iran und USA f\u00fchrten &quot;positive&quot; Gespr\u00e4che in Oman - just-now.NEWS Deutschland<\/title>\n<meta name=\"robots\" content=\"index, follow, max-snippet:-1, max-image-preview:large, max-video-preview:-1\" \/>\n<link rel=\"canonical\" href=\"https:\/\/now-news.de\/de\/deutschland\/atomverhandlungen-iran-und-usa-fuehrten-positive-gespraeche-in-oman\/\" \/>\n<meta property=\"og:locale\" content=\"de_DE\" \/>\n<meta property=\"og:type\" content=\"article\" \/>\n<meta property=\"og:title\" content=\"Atomverhandlungen: Iran und USA f\u00fchrten &quot;positive&quot; Gespr\u00e4che in Oman\" \/>\n<meta property=\"og:description\" content=\"Nach dem Auftakt ihrer Atomgespr\u00e4che wollen Iran und die USA den Dialog in der kommenden Woche fortsetzen. Trump hatte im Falle eines Scheiterns der Verhandlungen mit milit\u00e4rischer H\u00e4rte gedroht. Iran und die USA haben am Samstag in Oman Gespr\u00e4che gef\u00fchrt und sich darauf geeinigt, in der n\u00e4chsten Woche erneut zusammenzukommen, wie die iranische Seite mitteilte. [&hellip;]\" \/>\n<meta property=\"og:url\" content=\"https:\/\/now-news.de\/de\/deutschland\/atomverhandlungen-iran-und-usa-fuehrten-positive-gespraeche-in-oman\/\" \/>\n<meta property=\"og:site_name\" content=\"just-now.NEWS Deutschland\" \/>\n<meta property=\"article:publisher\" content=\"https:\/\/www.facebook.com\/wirmachenauf\" \/>\n<meta property=\"article:published_time\" content=\"2025-04-13T07:02:15+00:00\" \/>\n<meta property=\"og:image\" content=\"https:\/\/now-news.de\/de\/wp-content\/uploads\/sites\/3\/2025\/04\/67fb5a7fb480cc34b6354d63.jpg\" \/>\n<meta name=\"author\" content=\"rtnews\" \/>\n<meta name=\"twitter:card\" content=\"summary_large_image\" \/>\n<meta name=\"twitter:creator\" content=\"@WirMachenAuf_de\" \/>\n<meta name=\"twitter:site\" content=\"@WirMachenAuf_de\" \/>\n<meta name=\"twitter:label1\" content=\"Verfasst von\" \/>\n\t<meta name=\"twitter:data1\" content=\"rtnews\" \/>\n\t<meta name=\"twitter:label2\" content=\"Gesch\u00e4tzte Lesezeit\" \/>\n\t<meta name=\"twitter:data2\" content=\"2\u00a0Minuten\" \/>\n<script type=\"application\/ld+json\" class=\"yoast-schema-graph\">{\"@context\":\"https:\/\/schema.org\",\"@graph\":[{\"@type\":\"Article\",\"@id\":\"https:\/\/now-news.de\/de\/deutschland\/atomverhandlungen-iran-und-usa-fuehrten-positive-gespraeche-in-oman\/#article\",\"isPartOf\":{\"@id\":\"https:\/\/now-news.de\/de\/deutschland\/atomverhandlungen-iran-und-usa-fuehrten-positive-gespraeche-in-oman\/\"},\"author\":{\"name\":\"rtnews\",\"@id\":\"https:\/\/now-news.de\/de\/#\/schema\/person\/fb534a4e865501d8b3285208df34a9b5\"},\"headline\":\"Atomverhandlungen: Iran und USA f\u00fchrten &quot;positive&quot; Gespr\u00e4che in Oman\",\"datePublished\":\"2025-04-13T07:02:15+00:00\",\"dateModified\":\"2025-04-13T07:02:15+00:00\",\"mainEntityOfPage\":{\"@id\":\"https:\/\/now-news.de\/de\/deutschland\/atomverhandlungen-iran-und-usa-fuehrten-positive-gespraeche-in-oman\/\"},\"wordCount\":459,\"commentCount\":0,\"publisher\":{\"@id\":\"https:\/\/now-news.de\/de\/#organization\"},\"image\":{\"@id\":\"https:\/\/now-news.de\/de\/deutschland\/atomverhandlungen-iran-und-usa-fuehrten-positive-gespraeche-in-oman\/#primaryimage\"},\"thumbnailUrl\":\"https:\/\/now-news.de\/de\/wp-content\/uploads\/sites\/3\/2025\/04\/Atomverhandlungen-Iran-und-USA-fuehrten-quotpositivequot-Gespraeche-in-Oman.jpg\",\"keywords\":[\"Atomverhandlungen\",\"f\u00fchrten\",\"Gespr\u00e4che\",\"Iran\",\"Oman\",\"quotpositivequot\",\"und\",\"USA\"],\"articleSection\":[\"Deutschland\",\"Russland\"],\"inLanguage\":\"de\",\"potentialAction\":[{\"@type\":\"CommentAction\",\"name\":\"Comment\",\"target\":[\"https:\/\/now-news.de\/de\/deutschland\/atomverhandlungen-iran-und-usa-fuehrten-positive-gespraeche-in-oman\/#respond\"]}]},{\"@type\":\"WebPage\",\"@id\":\"https:\/\/now-news.de\/de\/deutschland\/atomverhandlungen-iran-und-usa-fuehrten-positive-gespraeche-in-oman\/\",\"url\":\"https:\/\/now-news.de\/de\/deutschland\/atomverhandlungen-iran-und-usa-fuehrten-positive-gespraeche-in-oman\/\",\"name\":\"Atomverhandlungen: Iran und USA f\u00fchrten &quot;positive&quot; Gespr\u00e4che in Oman - just-now.NEWS Deutschland\",\"isPartOf\":{\"@id\":\"https:\/\/now-news.de\/de\/#website\"},\"primaryImageOfPage\":{\"@id\":\"https:\/\/now-news.de\/de\/deutschland\/atomverhandlungen-iran-und-usa-fuehrten-positive-gespraeche-in-oman\/#primaryimage\"},\"image\":{\"@id\":\"https:\/\/now-news.de\/de\/deutschland\/atomverhandlungen-iran-und-usa-fuehrten-positive-gespraeche-in-oman\/#primaryimage\"},\"thumbnailUrl\":\"https:\/\/now-news.de\/de\/wp-content\/uploads\/sites\/3\/2025\/04\/Atomverhandlungen-Iran-und-USA-fuehrten-quotpositivequot-Gespraeche-in-Oman.jpg\",\"datePublished\":\"2025-04-13T07:02:15+00:00\",\"dateModified\":\"2025-04-13T07:02:15+00:00\",\"breadcrumb\":{\"@id\":\"https:\/\/now-news.de\/de\/deutschland\/atomverhandlungen-iran-und-usa-fuehrten-positive-gespraeche-in-oman\/#breadcrumb\"},\"inLanguage\":\"de\",\"potentialAction\":[{\"@type\":\"ReadAction\",\"target\":[\"https:\/\/now-news.de\/de\/deutschland\/atomverhandlungen-iran-und-usa-fuehrten-positive-gespraeche-in-oman\/\"]}]},{\"@type\":\"ImageObject\",\"inLanguage\":\"de\",\"@id\":\"https:\/\/now-news.de\/de\/deutschland\/atomverhandlungen-iran-und-usa-fuehrten-positive-gespraeche-in-oman\/#primaryimage\",\"url\":\"https:\/\/now-news.de\/de\/wp-content\/uploads\/sites\/3\/2025\/04\/Atomverhandlungen-Iran-und-USA-fuehrten-quotpositivequot-Gespraeche-in-Oman.jpg\",\"contentUrl\":\"https:\/\/now-news.de\/de\/wp-content\/uploads\/sites\/3\/2025\/04\/Atomverhandlungen-Iran-und-USA-fuehrten-quotpositivequot-Gespraeche-in-Oman.jpg\",\"width\":460,\"height\":259,\"caption\":\"Atomverhandlungen: Iran und USA f\u00fchrten &quot;positive&quot; Gespr\u00e4che in Oman\"},{\"@type\":\"BreadcrumbList\",\"@id\":\"https:\/\/now-news.de\/de\/deutschland\/atomverhandlungen-iran-und-usa-fuehrten-positive-gespraeche-in-oman\/#breadcrumb\",\"itemListElement\":[{\"@type\":\"ListItem\",\"position\":1,\"name\":\"Home\",\"item\":\"https:\/\/now-news.de\/de\/\"},{\"@type\":\"ListItem\",\"position\":2,\"name\":\"Atomverhandlungen: Iran und USA f\u00fchrten &quot;positive&quot; Gespr\u00e4che in Oman\"}]},{\"@type\":\"WebSite\",\"@id\":\"https:\/\/now-news.de\/de\/#website\",\"url\":\"https:\/\/now-news.de\/de\/\",\"name\":\"just-now.NEWS Deutschland\",\"description\":\"Das Portal f\u00fcr unzensierte Nachrichten aus der Welt\",\"publisher\":{\"@id\":\"https:\/\/now-news.de\/de\/#organization\"},\"potentialAction\":[{\"@type\":\"SearchAction\",\"target\":{\"@type\":\"EntryPoint\",\"urlTemplate\":\"https:\/\/now-news.de\/de\/?s={search_term_string}\"},\"query-input\":\"required name=search_term_string\"}],\"inLanguage\":\"de\"},{\"@type\":\"Organization\",\"@id\":\"https:\/\/now-news.de\/de\/#organization\",\"name\":\"Just Now News\",\"url\":\"https:\/\/now-news.de\/de\/\",\"logo\":{\"@type\":\"ImageObject\",\"inLanguage\":\"de\",\"@id\":\"https:\/\/now-news.de\/de\/#\/schema\/logo\/image\/\",\"url\":\"http:\/\/just-now.news\/de\/wp-content\/uploads\/sites\/3\/2022\/04\/logo500x500.jpg\",\"contentUrl\":\"http:\/\/just-now.news\/de\/wp-content\/uploads\/sites\/3\/2022\/04\/logo500x500.jpg\",\"width\":500,\"height\":500,\"caption\":\"Just Now News\"},\"image\":{\"@id\":\"https:\/\/now-news.de\/de\/#\/schema\/logo\/image\/\"},\"sameAs\":[\"https:\/\/www.facebook.com\/wirmachenauf\",\"https:\/\/x.com\/WirMachenAuf_de\"]},{\"@type\":\"Person\",\"@id\":\"https:\/\/now-news.de\/de\/#\/schema\/person\/fb534a4e865501d8b3285208df34a9b5\",\"name\":\"rtnews\",\"image\":{\"@type\":\"ImageObject\",\"inLanguage\":\"de\",\"@id\":\"https:\/\/now-news.de\/de\/#\/schema\/person\/image\/\",\"url\":\"https:\/\/secure.gravatar.com\/avatar\/82aafea7d8127119dd649515f56e2117?s=96&d=mm&r=g\",\"contentUrl\":\"https:\/\/secure.gravatar.com\/avatar\/82aafea7d8127119dd649515f56e2117?s=96&d=mm&r=g\",\"caption\":\"rtnews\"},\"url\":\"https:\/\/now-news.de\/de\/author\/rnews\/\"}]}<\/script>\n<!-- \/ Yoast SEO Premium plugin. -->","yoast_head_json":{"title":"Atomverhandlungen: Iran und USA f\u00fchrten &quot;positive&quot; Gespr\u00e4che in Oman - just-now.NEWS Deutschland","robots":{"index":"index","follow":"follow","max-snippet":"max-snippet:-1","max-image-preview":"max-image-preview:large","max-video-preview":"max-video-preview:-1"},"canonical":"https:\/\/now-news.de\/de\/deutschland\/atomverhandlungen-iran-und-usa-fuehrten-positive-gespraeche-in-oman\/","og_locale":"de_DE","og_type":"article","og_title":"Atomverhandlungen: Iran und USA f\u00fchrten &quot;positive&quot; Gespr\u00e4che in Oman","og_description":"Nach dem Auftakt ihrer Atomgespr\u00e4che wollen Iran und die USA den Dialog in der kommenden Woche fortsetzen. Trump hatte im Falle eines Scheiterns der Verhandlungen mit milit\u00e4rischer H\u00e4rte gedroht. Iran und die USA haben am Samstag in Oman Gespr\u00e4che gef\u00fchrt und sich darauf geeinigt, in der n\u00e4chsten Woche erneut zusammenzukommen, wie die iranische Seite mitteilte. [&hellip;]","og_url":"https:\/\/now-news.de\/de\/deutschland\/atomverhandlungen-iran-und-usa-fuehrten-positive-gespraeche-in-oman\/","og_site_name":"just-now.NEWS Deutschland","article_publisher":"https:\/\/www.facebook.com\/wirmachenauf","article_published_time":"2025-04-13T07:02:15+00:00","og_image":[{"url":"https:\/\/now-news.de\/de\/wp-content\/uploads\/sites\/3\/2025\/04\/67fb5a7fb480cc34b6354d63.jpg"}],"author":"rtnews","twitter_card":"summary_large_image","twitter_creator":"@WirMachenAuf_de","twitter_site":"@WirMachenAuf_de","twitter_misc":{"Verfasst von":"rtnews","Gesch\u00e4tzte Lesezeit":"2\u00a0Minuten"},"schema":{"@context":"https:\/\/schema.org","@graph":[{"@type":"Article","@id":"https:\/\/now-news.de\/de\/deutschland\/atomverhandlungen-iran-und-usa-fuehrten-positive-gespraeche-in-oman\/#article","isPartOf":{"@id":"https:\/\/now-news.de\/de\/deutschland\/atomverhandlungen-iran-und-usa-fuehrten-positive-gespraeche-in-oman\/"},"author":{"name":"rtnews","@id":"https:\/\/now-news.de\/de\/#\/schema\/person\/fb534a4e865501d8b3285208df34a9b5"},"headline":"Atomverhandlungen: Iran und USA f\u00fchrten &quot;positive&quot; Gespr\u00e4che in Oman","datePublished":"2025-04-13T07:02:15+00:00","dateModified":"2025-04-13T07:02:15+00:00","mainEntityOfPage":{"@id":"https:\/\/now-news.de\/de\/deutschland\/atomverhandlungen-iran-und-usa-fuehrten-positive-gespraeche-in-oman\/"},"wordCount":459,"commentCount":0,"publisher":{"@id":"https:\/\/now-news.de\/de\/#organization"},"image":{"@id":"https:\/\/now-news.de\/de\/deutschland\/atomverhandlungen-iran-und-usa-fuehrten-positive-gespraeche-in-oman\/#primaryimage"},"thumbnailUrl":"https:\/\/now-news.de\/de\/wp-content\/uploads\/sites\/3\/2025\/04\/Atomverhandlungen-Iran-und-USA-fuehrten-quotpositivequot-Gespraeche-in-Oman.jpg","keywords":["Atomverhandlungen","f\u00fchrten","Gespr\u00e4che","Iran","Oman","quotpositivequot","und","USA"],"articleSection":["Deutschland","Russland"],"inLanguage":"de","potentialAction":[{"@type":"CommentAction","name":"Comment","target":["https:\/\/now-news.de\/de\/deutschland\/atomverhandlungen-iran-und-usa-fuehrten-positive-gespraeche-in-oman\/#respond"]}]},{"@type":"WebPage","@id":"https:\/\/now-news.de\/de\/deutschland\/atomverhandlungen-iran-und-usa-fuehrten-positive-gespraeche-in-oman\/","url":"https:\/\/now-news.de\/de\/deutschland\/atomverhandlungen-iran-und-usa-fuehrten-positive-gespraeche-in-oman\/","name":"Atomverhandlungen: Iran und USA f\u00fchrten &quot;positive&quot; Gespr\u00e4che in Oman - just-now.NEWS Deutschland","isPartOf":{"@id":"https:\/\/now-news.de\/de\/#website"},"primaryImageOfPage":{"@id":"https:\/\/now-news.de\/de\/deutschland\/atomverhandlungen-iran-und-usa-fuehrten-positive-gespraeche-in-oman\/#primaryimage"},"image":{"@id":"https:\/\/now-news.de\/de\/deutschland\/atomverhandlungen-iran-und-usa-fuehrten-positive-gespraeche-in-oman\/#primaryimage"},"thumbnailUrl":"https:\/\/now-news.de\/de\/wp-content\/uploads\/sites\/3\/2025\/04\/Atomverhandlungen-Iran-und-USA-fuehrten-quotpositivequot-Gespraeche-in-Oman.jpg","datePublished":"2025-04-13T07:02:15+00:00","dateModified":"2025-04-13T07:02:15+00:00","breadcrumb":{"@id":"https:\/\/now-news.de\/de\/deutschland\/atomverhandlungen-iran-und-usa-fuehrten-positive-gespraeche-in-oman\/#breadcrumb"},"inLanguage":"de","potentialAction":[{"@type":"ReadAction","target":["https:\/\/now-news.de\/de\/deutschland\/atomverhandlungen-iran-und-usa-fuehrten-positive-gespraeche-in-oman\/"]}]},{"@type":"ImageObject","inLanguage":"de","@id":"https:\/\/now-news.de\/de\/deutschland\/atomverhandlungen-iran-und-usa-fuehrten-positive-gespraeche-in-oman\/#primaryimage","url":"https:\/\/now-news.de\/de\/wp-content\/uploads\/sites\/3\/2025\/04\/Atomverhandlungen-Iran-und-USA-fuehrten-quotpositivequot-Gespraeche-in-Oman.jpg","contentUrl":"https:\/\/now-news.de\/de\/wp-content\/uploads\/sites\/3\/2025\/04\/Atomverhandlungen-Iran-und-USA-fuehrten-quotpositivequot-Gespraeche-in-Oman.jpg","width":460,"height":259,"caption":"Atomverhandlungen: Iran und USA f\u00fchrten &quot;positive&quot; Gespr\u00e4che in Oman"},{"@type":"BreadcrumbList","@id":"https:\/\/now-news.de\/de\/deutschland\/atomverhandlungen-iran-und-usa-fuehrten-positive-gespraeche-in-oman\/#breadcrumb","itemListElement":[{"@type":"ListItem","position":1,"name":"Home","item":"https:\/\/now-news.de\/de\/"},{"@type":"ListItem","position":2,"name":"Atomverhandlungen: Iran und USA f\u00fchrten &quot;positive&quot; Gespr\u00e4che in Oman"}]},{"@type":"WebSite","@id":"https:\/\/now-news.de\/de\/#website","url":"https:\/\/now-news.de\/de\/","name":"just-now.NEWS Deutschland","description":"Das Portal f\u00fcr unzensierte Nachrichten aus der Welt","publisher":{"@id":"https:\/\/now-news.de\/de\/#organization"},"potentialAction":[{"@type":"SearchAction","target":{"@type":"EntryPoint","urlTemplate":"https:\/\/now-news.de\/de\/?s={search_term_string}"},"query-input":"required name=search_term_string"}],"inLanguage":"de"},{"@type":"Organization","@id":"https:\/\/now-news.de\/de\/#organization","name":"Just Now News","url":"https:\/\/now-news.de\/de\/","logo":{"@type":"ImageObject","inLanguage":"de","@id":"https:\/\/now-news.de\/de\/#\/schema\/logo\/image\/","url":"http:\/\/just-now.news\/de\/wp-content\/uploads\/sites\/3\/2022\/04\/logo500x500.jpg","contentUrl":"http:\/\/just-now.news\/de\/wp-content\/uploads\/sites\/3\/2022\/04\/logo500x500.jpg","width":500,"height":500,"caption":"Just Now News"},"image":{"@id":"https:\/\/now-news.de\/de\/#\/schema\/logo\/image\/"},"sameAs":["https:\/\/www.facebook.com\/wirmachenauf","https:\/\/x.com\/WirMachenAuf_de"]},{"@type":"Person","@id":"https:\/\/now-news.de\/de\/#\/schema\/person\/fb534a4e865501d8b3285208df34a9b5","name":"rtnews","image":{"@type":"ImageObject","inLanguage":"de","@id":"https:\/\/now-news.de\/de\/#\/schema\/person\/image\/","url":"https:\/\/secure.gravatar.com\/avatar\/82aafea7d8127119dd649515f56e2117?s=96&d=mm&r=g","contentUrl":"https:\/\/secure.gravatar.com\/avatar\/82aafea7d8127119dd649515f56e2117?s=96&d=mm&r=g","caption":"rtnews"},"url":"https:\/\/now-news.de\/de\/author\/rnews\/"}]}},"_links":{"self":[{"href":"https:\/\/now-news.de\/de\/wp-json\/wp\/v2\/posts\/82067"}],"collection":[{"href":"https:\/\/now-news.de\/de\/wp-json\/wp\/v2\/posts"}],"about":[{"href":"https:\/\/now-news.de\/de\/wp-json\/wp\/v2\/types\/post"}],"author":[{"embeddable":true,"href":"https:\/\/now-news.de\/de\/wp-json\/wp\/v2\/users\/3"}],"replies":[{"embeddable":true,"href":"https:\/\/now-news.de\/de\/wp-json\/wp\/v2\/comments?post=82067"}],"version-history":[{"count":0,"href":"https:\/\/now-news.de\/de\/wp-json\/wp\/v2\/posts\/82067\/revisions"}],"wp:featuredmedia":[{"embeddable":true,"href":"https:\/\/now-news.de\/de\/wp-json\/wp\/v2\/media\/82068"}],"wp:attachment":[{"href":"https:\/\/now-news.de\/de\/wp-json\/wp\/v2\/media?parent=82067"}],"wp:term":[{"taxonomy":"category","embeddable":true,"href":"https:\/\/now-news.de\/de\/wp-json\/wp\/v2\/categories?post=82067"},{"taxonomy":"post_tag","embeddable":true,"href":"https:\/\/now-news.de\/de\/wp-json\/wp\/v2\/tags?post=82067"}],"curies":[{"name":"wp","href":"https:\/\/api.w.org\/{rel}","templated":true}]}}