{"id":82055,"date":"2025-04-12T21:06:06","date_gmt":"2025-04-12T19:06:06","guid":{"rendered":"https:\/\/now-news.de\/de\/deutschland\/am-6-mai-soll-friedrich-merz-kanzler-werden\/"},"modified":"2025-04-12T21:06:06","modified_gmt":"2025-04-12T19:06:06","slug":"am-6-mai-soll-friedrich-merz-kanzler-werden","status":"publish","type":"post","link":"https:\/\/now-news.de\/de\/deutschland\/am-6-mai-soll-friedrich-merz-kanzler-werden\/","title":{"rendered":"Am 6. Mai soll Friedrich Merz Kanzler werden"},"content":{"rendered":"<p><img decoding=\"async\" src=\"https:\/\/now-news.de\/de\/wp-content\/uploads\/sites\/3\/2025\/04\/67fa439e48fbef50eb51bee7.jpg\" \/><\/p>\n<div class=\"Text-root Text-type_1 \">\n                Es scheint bereits festzustehen: Diesmal geht die Koalitionsbildung schneller als bei der Ampelkoalition, die 73 Tage ben\u00f6tigte. Der Rekord in Deutschland liegt \u00fcbrigens bei 171 Tagen im Jahr 2017. Hier der geplante Ablauf bis zur Kanzlerwahl.\n            <\/div>\n<p><\/p>\n<div class=\"Text-root Text-type_5 ArticleView-text ViewText-root \">\n<p>Nachdem der Koalitionsvertrag fertig ausgehandelt ist, sind noch einige weitere H\u00fcrden zu nehmen, ehe Friedrich Merz sein angestrebtes Ziel, Bundeskanzler zu werden, erreichen kann.<\/p>\n<p>In der SPD werden die Parteimitglieder \u00fcber den Koalitionsvertrag abstimmen. Diese Entscheidung soll im Zeitraum vom 15. bis zum 19. April erfolgen. In der CDU entscheidet der Bundesausschuss \u00fcber die Zustimmung zur Koalition. Dieser wird sich am 28. April treffen.<\/p>\n<p>Der Bundesausschuss setzt sich zusammen aus den Mitgliedern des Bundesvorstands, acht Vertretern der CDU-Vereinigungen und den Delegierten der Landesverb\u00e4nde, weshalb er auch als &#8220;kleiner Parteitag&#8221; bezeichnet wird. Die CSU hat die entsprechende Zustimmung bereits im Laufe der Woche gegeben, in einer Abstimmung, an der der Parteivorstand, die Landesgruppe im Bundestag und die Landtagsfraktion beteiligt waren.<\/p>\n<p>Ab dem 5. Mai sollen dann\u00a0\u2012 vorausgesetzt, die Entscheidungen von SPD und CDU fallen positiv aus\u00a0\u2012 Sondersitzungen des Bundestags stattfinden, um den neuen Bundeskanzler zu w\u00e4hlen, der dann fr\u00fchestens am 6. Mai offiziell ernannt werden k\u00f6nnte.<\/p>\n<p>Der Mitgliederentscheid in der SPD d\u00fcrfte dabei der einzige Schritt sein, bei dem noch Unw\u00e4gbarkeiten zu bef\u00fcrchten sind.<\/p>\n<p><strong>Mehr zum Thema<\/strong>\u00a0\u2012 <a rel=\"nofollow noopener\" target=\"_blank\" href=\"https:\/\/freedert.online\/inland\/242166-politbarometer-51-prozent-buerger-bezweifeln\/\">&#8220;Politbarometer&#8221;: 51 Prozent der B\u00fcrger zweifeln an kommender &#8220;GroKo&#8221;<\/a><\/p>\n<div class=\"EmbedBlock-root EmbedBlock-externalVideo EmbedBlock-rumble\">\n<div class=\"VkEmbed\"><iframe class=\"lazyload\" data-src=\"https:\/\/rumble.com\/embed\/v6ps123\" frameborder=\"0\" width=\"853\" height=\"480\" allowfullscreen><\/iframe><\/div>\n<\/div>\n<\/div>\n<p><br \/>\n<br \/><a href=\"https:\/\/de.rt.com\/inland\/242258-am-6-mai-soll-friedrich\/\">Source link <\/a><\/p>\n","protected":false},"excerpt":{"rendered":"<p>Es scheint bereits festzustehen: Diesmal geht die Koalitionsbildung schneller als bei der Ampelkoalition, die 73 Tage ben\u00f6tigte. Der Rekord in Deutschland liegt \u00fcbrigens bei 171 Tagen im Jahr 2017. Hier der geplante Ablauf bis zur Kanzlerwahl. Nachdem der Koalitionsvertrag fertig ausgehandelt ist, sind noch einige weitere H\u00fcrden zu nehmen, ehe Friedrich Merz sein angestrebtes Ziel, [&hellip;]<\/p>\n","protected":false},"author":3,"featured_media":82056,"comment_status":"open","ping_status":"open","sticky":false,"template":"","format":"standard","meta":{"_yoast_indexnow_last_ping":["1744485200"],"wp_automatic_camp":["217"],"f72b0047ef10df30a63862b37bbe01bd":["Am 6. Mai soll Friedrich Merz Kanzler werden"],"original_link":["https:\/\/de.rt.com\/inland\/242258-am-6-mai-soll-friedrich\/"],"_thumbnail_id":["82056"],"jnews_social_counter_last_update":["1777367340"],"_wptgpro_p2tg_sent2tg":["a:1:{i:23737;s:19:\"2025-04-12 21:14:28\";}"]},"categories":[19,23],"tags":[18727,4907,9933,18728,766,1040],"yoast_head":"<!-- This site is optimized with the Yoast SEO Premium plugin v22.7 (Yoast SEO v22.7) - https:\/\/yoast.com\/wordpress\/plugins\/seo\/ -->\n<title>Am 6. Mai soll Friedrich Merz Kanzler werden - just-now.NEWS Deutschland<\/title>\n<meta name=\"robots\" content=\"index, follow, max-snippet:-1, max-image-preview:large, max-video-preview:-1\" \/>\n<link rel=\"canonical\" href=\"https:\/\/now-news.de\/de\/deutschland\/am-6-mai-soll-friedrich-merz-kanzler-werden\/\" \/>\n<meta property=\"og:locale\" content=\"de_DE\" \/>\n<meta property=\"og:type\" content=\"article\" \/>\n<meta property=\"og:title\" content=\"Am 6. Mai soll Friedrich Merz Kanzler werden\" \/>\n<meta property=\"og:description\" content=\"Es scheint bereits festzustehen: Diesmal geht die Koalitionsbildung schneller als bei der Ampelkoalition, die 73 Tage ben\u00f6tigte. Der Rekord in Deutschland liegt \u00fcbrigens bei 171 Tagen im Jahr 2017. Hier der geplante Ablauf bis zur Kanzlerwahl. Nachdem der Koalitionsvertrag fertig ausgehandelt ist, sind noch einige weitere H\u00fcrden zu nehmen, ehe Friedrich Merz sein angestrebtes Ziel, [&hellip;]\" \/>\n<meta property=\"og:url\" content=\"https:\/\/now-news.de\/de\/deutschland\/am-6-mai-soll-friedrich-merz-kanzler-werden\/\" \/>\n<meta property=\"og:site_name\" content=\"just-now.NEWS Deutschland\" \/>\n<meta property=\"article:publisher\" content=\"https:\/\/www.facebook.com\/wirmachenauf\" \/>\n<meta property=\"article:published_time\" content=\"2025-04-12T19:06:06+00:00\" \/>\n<meta property=\"og:image\" content=\"https:\/\/now-news.de\/de\/wp-content\/uploads\/sites\/3\/2025\/04\/67fa439e48fbef50eb51bee7.jpg\" \/>\n<meta name=\"author\" content=\"rtnews\" \/>\n<meta name=\"twitter:card\" content=\"summary_large_image\" \/>\n<meta name=\"twitter:creator\" content=\"@WirMachenAuf_de\" \/>\n<meta name=\"twitter:site\" content=\"@WirMachenAuf_de\" \/>\n<meta name=\"twitter:label1\" content=\"Verfasst von\" \/>\n\t<meta name=\"twitter:data1\" content=\"rtnews\" \/>\n\t<meta name=\"twitter:label2\" content=\"Gesch\u00e4tzte Lesezeit\" \/>\n\t<meta name=\"twitter:data2\" content=\"1\u00a0Minute\" \/>\n<script type=\"application\/ld+json\" class=\"yoast-schema-graph\">{\"@context\":\"https:\/\/schema.org\",\"@graph\":[{\"@type\":\"Article\",\"@id\":\"https:\/\/now-news.de\/de\/deutschland\/am-6-mai-soll-friedrich-merz-kanzler-werden\/#article\",\"isPartOf\":{\"@id\":\"https:\/\/now-news.de\/de\/deutschland\/am-6-mai-soll-friedrich-merz-kanzler-werden\/\"},\"author\":{\"name\":\"rtnews\",\"@id\":\"https:\/\/now-news.de\/de\/#\/schema\/person\/fb534a4e865501d8b3285208df34a9b5\"},\"headline\":\"Am 6. Mai soll Friedrich Merz Kanzler werden\",\"datePublished\":\"2025-04-12T19:06:06+00:00\",\"dateModified\":\"2025-04-12T19:06:06+00:00\",\"mainEntityOfPage\":{\"@id\":\"https:\/\/now-news.de\/de\/deutschland\/am-6-mai-soll-friedrich-merz-kanzler-werden\/\"},\"wordCount\":232,\"commentCount\":0,\"publisher\":{\"@id\":\"https:\/\/now-news.de\/de\/#organization\"},\"image\":{\"@id\":\"https:\/\/now-news.de\/de\/deutschland\/am-6-mai-soll-friedrich-merz-kanzler-werden\/#primaryimage\"},\"thumbnailUrl\":\"https:\/\/now-news.de\/de\/wp-content\/uploads\/sites\/3\/2025\/04\/Am-6-Mai-soll-Friedrich-Merz-Kanzler-werden.jpg\",\"keywords\":[\"Friedrich\",\"Kanzler\",\"Mai\",\"Merz\",\"soll\",\"Werden\"],\"articleSection\":[\"Deutschland\",\"Russland\"],\"inLanguage\":\"de\",\"potentialAction\":[{\"@type\":\"CommentAction\",\"name\":\"Comment\",\"target\":[\"https:\/\/now-news.de\/de\/deutschland\/am-6-mai-soll-friedrich-merz-kanzler-werden\/#respond\"]}]},{\"@type\":\"WebPage\",\"@id\":\"https:\/\/now-news.de\/de\/deutschland\/am-6-mai-soll-friedrich-merz-kanzler-werden\/\",\"url\":\"https:\/\/now-news.de\/de\/deutschland\/am-6-mai-soll-friedrich-merz-kanzler-werden\/\",\"name\":\"Am 6. Mai soll Friedrich Merz Kanzler werden - just-now.NEWS Deutschland\",\"isPartOf\":{\"@id\":\"https:\/\/now-news.de\/de\/#website\"},\"primaryImageOfPage\":{\"@id\":\"https:\/\/now-news.de\/de\/deutschland\/am-6-mai-soll-friedrich-merz-kanzler-werden\/#primaryimage\"},\"image\":{\"@id\":\"https:\/\/now-news.de\/de\/deutschland\/am-6-mai-soll-friedrich-merz-kanzler-werden\/#primaryimage\"},\"thumbnailUrl\":\"https:\/\/now-news.de\/de\/wp-content\/uploads\/sites\/3\/2025\/04\/Am-6-Mai-soll-Friedrich-Merz-Kanzler-werden.jpg\",\"datePublished\":\"2025-04-12T19:06:06+00:00\",\"dateModified\":\"2025-04-12T19:06:06+00:00\",\"breadcrumb\":{\"@id\":\"https:\/\/now-news.de\/de\/deutschland\/am-6-mai-soll-friedrich-merz-kanzler-werden\/#breadcrumb\"},\"inLanguage\":\"de\",\"potentialAction\":[{\"@type\":\"ReadAction\",\"target\":[\"https:\/\/now-news.de\/de\/deutschland\/am-6-mai-soll-friedrich-merz-kanzler-werden\/\"]}]},{\"@type\":\"ImageObject\",\"inLanguage\":\"de\",\"@id\":\"https:\/\/now-news.de\/de\/deutschland\/am-6-mai-soll-friedrich-merz-kanzler-werden\/#primaryimage\",\"url\":\"https:\/\/now-news.de\/de\/wp-content\/uploads\/sites\/3\/2025\/04\/Am-6-Mai-soll-Friedrich-Merz-Kanzler-werden.jpg\",\"contentUrl\":\"https:\/\/now-news.de\/de\/wp-content\/uploads\/sites\/3\/2025\/04\/Am-6-Mai-soll-Friedrich-Merz-Kanzler-werden.jpg\",\"width\":460,\"height\":259,\"caption\":\"Am 6. Mai soll Friedrich Merz Kanzler werden\"},{\"@type\":\"BreadcrumbList\",\"@id\":\"https:\/\/now-news.de\/de\/deutschland\/am-6-mai-soll-friedrich-merz-kanzler-werden\/#breadcrumb\",\"itemListElement\":[{\"@type\":\"ListItem\",\"position\":1,\"name\":\"Home\",\"item\":\"https:\/\/now-news.de\/de\/\"},{\"@type\":\"ListItem\",\"position\":2,\"name\":\"Am 6. Mai soll Friedrich Merz Kanzler werden\"}]},{\"@type\":\"WebSite\",\"@id\":\"https:\/\/now-news.de\/de\/#website\",\"url\":\"https:\/\/now-news.de\/de\/\",\"name\":\"just-now.NEWS Deutschland\",\"description\":\"Das Portal f\u00fcr unzensierte Nachrichten aus der Welt\",\"publisher\":{\"@id\":\"https:\/\/now-news.de\/de\/#organization\"},\"potentialAction\":[{\"@type\":\"SearchAction\",\"target\":{\"@type\":\"EntryPoint\",\"urlTemplate\":\"https:\/\/now-news.de\/de\/?s={search_term_string}\"},\"query-input\":\"required name=search_term_string\"}],\"inLanguage\":\"de\"},{\"@type\":\"Organization\",\"@id\":\"https:\/\/now-news.de\/de\/#organization\",\"name\":\"Just Now News\",\"url\":\"https:\/\/now-news.de\/de\/\",\"logo\":{\"@type\":\"ImageObject\",\"inLanguage\":\"de\",\"@id\":\"https:\/\/now-news.de\/de\/#\/schema\/logo\/image\/\",\"url\":\"http:\/\/just-now.news\/de\/wp-content\/uploads\/sites\/3\/2022\/04\/logo500x500.jpg\",\"contentUrl\":\"http:\/\/just-now.news\/de\/wp-content\/uploads\/sites\/3\/2022\/04\/logo500x500.jpg\",\"width\":500,\"height\":500,\"caption\":\"Just Now News\"},\"image\":{\"@id\":\"https:\/\/now-news.de\/de\/#\/schema\/logo\/image\/\"},\"sameAs\":[\"https:\/\/www.facebook.com\/wirmachenauf\",\"https:\/\/x.com\/WirMachenAuf_de\"]},{\"@type\":\"Person\",\"@id\":\"https:\/\/now-news.de\/de\/#\/schema\/person\/fb534a4e865501d8b3285208df34a9b5\",\"name\":\"rtnews\",\"image\":{\"@type\":\"ImageObject\",\"inLanguage\":\"de\",\"@id\":\"https:\/\/now-news.de\/de\/#\/schema\/person\/image\/\",\"url\":\"https:\/\/secure.gravatar.com\/avatar\/82aafea7d8127119dd649515f56e2117?s=96&d=mm&r=g\",\"contentUrl\":\"https:\/\/secure.gravatar.com\/avatar\/82aafea7d8127119dd649515f56e2117?s=96&d=mm&r=g\",\"caption\":\"rtnews\"},\"url\":\"https:\/\/now-news.de\/de\/author\/rnews\/\"}]}<\/script>\n<!-- \/ Yoast SEO Premium plugin. -->","yoast_head_json":{"title":"Am 6. Mai soll Friedrich Merz Kanzler werden - just-now.NEWS Deutschland","robots":{"index":"index","follow":"follow","max-snippet":"max-snippet:-1","max-image-preview":"max-image-preview:large","max-video-preview":"max-video-preview:-1"},"canonical":"https:\/\/now-news.de\/de\/deutschland\/am-6-mai-soll-friedrich-merz-kanzler-werden\/","og_locale":"de_DE","og_type":"article","og_title":"Am 6. Mai soll Friedrich Merz Kanzler werden","og_description":"Es scheint bereits festzustehen: Diesmal geht die Koalitionsbildung schneller als bei der Ampelkoalition, die 73 Tage ben\u00f6tigte. Der Rekord in Deutschland liegt \u00fcbrigens bei 171 Tagen im Jahr 2017. Hier der geplante Ablauf bis zur Kanzlerwahl. Nachdem der Koalitionsvertrag fertig ausgehandelt ist, sind noch einige weitere H\u00fcrden zu nehmen, ehe Friedrich Merz sein angestrebtes Ziel, [&hellip;]","og_url":"https:\/\/now-news.de\/de\/deutschland\/am-6-mai-soll-friedrich-merz-kanzler-werden\/","og_site_name":"just-now.NEWS Deutschland","article_publisher":"https:\/\/www.facebook.com\/wirmachenauf","article_published_time":"2025-04-12T19:06:06+00:00","og_image":[{"url":"https:\/\/now-news.de\/de\/wp-content\/uploads\/sites\/3\/2025\/04\/67fa439e48fbef50eb51bee7.jpg"}],"author":"rtnews","twitter_card":"summary_large_image","twitter_creator":"@WirMachenAuf_de","twitter_site":"@WirMachenAuf_de","twitter_misc":{"Verfasst von":"rtnews","Gesch\u00e4tzte Lesezeit":"1\u00a0Minute"},"schema":{"@context":"https:\/\/schema.org","@graph":[{"@type":"Article","@id":"https:\/\/now-news.de\/de\/deutschland\/am-6-mai-soll-friedrich-merz-kanzler-werden\/#article","isPartOf":{"@id":"https:\/\/now-news.de\/de\/deutschland\/am-6-mai-soll-friedrich-merz-kanzler-werden\/"},"author":{"name":"rtnews","@id":"https:\/\/now-news.de\/de\/#\/schema\/person\/fb534a4e865501d8b3285208df34a9b5"},"headline":"Am 6. Mai soll Friedrich Merz Kanzler werden","datePublished":"2025-04-12T19:06:06+00:00","dateModified":"2025-04-12T19:06:06+00:00","mainEntityOfPage":{"@id":"https:\/\/now-news.de\/de\/deutschland\/am-6-mai-soll-friedrich-merz-kanzler-werden\/"},"wordCount":232,"commentCount":0,"publisher":{"@id":"https:\/\/now-news.de\/de\/#organization"},"image":{"@id":"https:\/\/now-news.de\/de\/deutschland\/am-6-mai-soll-friedrich-merz-kanzler-werden\/#primaryimage"},"thumbnailUrl":"https:\/\/now-news.de\/de\/wp-content\/uploads\/sites\/3\/2025\/04\/Am-6-Mai-soll-Friedrich-Merz-Kanzler-werden.jpg","keywords":["Friedrich","Kanzler","Mai","Merz","soll","Werden"],"articleSection":["Deutschland","Russland"],"inLanguage":"de","potentialAction":[{"@type":"CommentAction","name":"Comment","target":["https:\/\/now-news.de\/de\/deutschland\/am-6-mai-soll-friedrich-merz-kanzler-werden\/#respond"]}]},{"@type":"WebPage","@id":"https:\/\/now-news.de\/de\/deutschland\/am-6-mai-soll-friedrich-merz-kanzler-werden\/","url":"https:\/\/now-news.de\/de\/deutschland\/am-6-mai-soll-friedrich-merz-kanzler-werden\/","name":"Am 6. Mai soll Friedrich Merz Kanzler werden - just-now.NEWS Deutschland","isPartOf":{"@id":"https:\/\/now-news.de\/de\/#website"},"primaryImageOfPage":{"@id":"https:\/\/now-news.de\/de\/deutschland\/am-6-mai-soll-friedrich-merz-kanzler-werden\/#primaryimage"},"image":{"@id":"https:\/\/now-news.de\/de\/deutschland\/am-6-mai-soll-friedrich-merz-kanzler-werden\/#primaryimage"},"thumbnailUrl":"https:\/\/now-news.de\/de\/wp-content\/uploads\/sites\/3\/2025\/04\/Am-6-Mai-soll-Friedrich-Merz-Kanzler-werden.jpg","datePublished":"2025-04-12T19:06:06+00:00","dateModified":"2025-04-12T19:06:06+00:00","breadcrumb":{"@id":"https:\/\/now-news.de\/de\/deutschland\/am-6-mai-soll-friedrich-merz-kanzler-werden\/#breadcrumb"},"inLanguage":"de","potentialAction":[{"@type":"ReadAction","target":["https:\/\/now-news.de\/de\/deutschland\/am-6-mai-soll-friedrich-merz-kanzler-werden\/"]}]},{"@type":"ImageObject","inLanguage":"de","@id":"https:\/\/now-news.de\/de\/deutschland\/am-6-mai-soll-friedrich-merz-kanzler-werden\/#primaryimage","url":"https:\/\/now-news.de\/de\/wp-content\/uploads\/sites\/3\/2025\/04\/Am-6-Mai-soll-Friedrich-Merz-Kanzler-werden.jpg","contentUrl":"https:\/\/now-news.de\/de\/wp-content\/uploads\/sites\/3\/2025\/04\/Am-6-Mai-soll-Friedrich-Merz-Kanzler-werden.jpg","width":460,"height":259,"caption":"Am 6. Mai soll Friedrich Merz Kanzler werden"},{"@type":"BreadcrumbList","@id":"https:\/\/now-news.de\/de\/deutschland\/am-6-mai-soll-friedrich-merz-kanzler-werden\/#breadcrumb","itemListElement":[{"@type":"ListItem","position":1,"name":"Home","item":"https:\/\/now-news.de\/de\/"},{"@type":"ListItem","position":2,"name":"Am 6. Mai soll Friedrich Merz Kanzler werden"}]},{"@type":"WebSite","@id":"https:\/\/now-news.de\/de\/#website","url":"https:\/\/now-news.de\/de\/","name":"just-now.NEWS Deutschland","description":"Das Portal f\u00fcr unzensierte Nachrichten aus der Welt","publisher":{"@id":"https:\/\/now-news.de\/de\/#organization"},"potentialAction":[{"@type":"SearchAction","target":{"@type":"EntryPoint","urlTemplate":"https:\/\/now-news.de\/de\/?s={search_term_string}"},"query-input":"required name=search_term_string"}],"inLanguage":"de"},{"@type":"Organization","@id":"https:\/\/now-news.de\/de\/#organization","name":"Just Now News","url":"https:\/\/now-news.de\/de\/","logo":{"@type":"ImageObject","inLanguage":"de","@id":"https:\/\/now-news.de\/de\/#\/schema\/logo\/image\/","url":"http:\/\/just-now.news\/de\/wp-content\/uploads\/sites\/3\/2022\/04\/logo500x500.jpg","contentUrl":"http:\/\/just-now.news\/de\/wp-content\/uploads\/sites\/3\/2022\/04\/logo500x500.jpg","width":500,"height":500,"caption":"Just Now News"},"image":{"@id":"https:\/\/now-news.de\/de\/#\/schema\/logo\/image\/"},"sameAs":["https:\/\/www.facebook.com\/wirmachenauf","https:\/\/x.com\/WirMachenAuf_de"]},{"@type":"Person","@id":"https:\/\/now-news.de\/de\/#\/schema\/person\/fb534a4e865501d8b3285208df34a9b5","name":"rtnews","image":{"@type":"ImageObject","inLanguage":"de","@id":"https:\/\/now-news.de\/de\/#\/schema\/person\/image\/","url":"https:\/\/secure.gravatar.com\/avatar\/82aafea7d8127119dd649515f56e2117?s=96&d=mm&r=g","contentUrl":"https:\/\/secure.gravatar.com\/avatar\/82aafea7d8127119dd649515f56e2117?s=96&d=mm&r=g","caption":"rtnews"},"url":"https:\/\/now-news.de\/de\/author\/rnews\/"}]}},"_links":{"self":[{"href":"https:\/\/now-news.de\/de\/wp-json\/wp\/v2\/posts\/82055"}],"collection":[{"href":"https:\/\/now-news.de\/de\/wp-json\/wp\/v2\/posts"}],"about":[{"href":"https:\/\/now-news.de\/de\/wp-json\/wp\/v2\/types\/post"}],"author":[{"embeddable":true,"href":"https:\/\/now-news.de\/de\/wp-json\/wp\/v2\/users\/3"}],"replies":[{"embeddable":true,"href":"https:\/\/now-news.de\/de\/wp-json\/wp\/v2\/comments?post=82055"}],"version-history":[{"count":0,"href":"https:\/\/now-news.de\/de\/wp-json\/wp\/v2\/posts\/82055\/revisions"}],"wp:featuredmedia":[{"embeddable":true,"href":"https:\/\/now-news.de\/de\/wp-json\/wp\/v2\/media\/82056"}],"wp:attachment":[{"href":"https:\/\/now-news.de\/de\/wp-json\/wp\/v2\/media?parent=82055"}],"wp:term":[{"taxonomy":"category","embeddable":true,"href":"https:\/\/now-news.de\/de\/wp-json\/wp\/v2\/categories?post=82055"},{"taxonomy":"post_tag","embeddable":true,"href":"https:\/\/now-news.de\/de\/wp-json\/wp\/v2\/tags?post=82055"}],"curies":[{"name":"wp","href":"https:\/\/api.w.org\/{rel}","templated":true}]}}