{"id":82012,"date":"2025-04-11T21:00:50","date_gmt":"2025-04-11T19:00:50","guid":{"rendered":"https:\/\/now-news.de\/de\/deutschland\/rfk-jr-verspricht-ursache-der-autismus-epidemie-wird-aufgedeckt\/"},"modified":"2025-04-11T21:00:50","modified_gmt":"2025-04-11T19:00:50","slug":"rfk-jr-verspricht-ursache-der-autismus-epidemie-wird-aufgedeckt","status":"publish","type":"post","link":"https:\/\/now-news.de\/de\/deutschland\/rfk-jr-verspricht-ursache-der-autismus-epidemie-wird-aufgedeckt\/","title":{"rendered":"RFK Jr. verspricht: Ursache der &quot;Autismus-Epidemie&quot; wird aufgedeckt"},"content":{"rendered":"<p><img decoding=\"async\" src=\"https:\/\/now-news.de\/de\/wp-content\/uploads\/sites\/3\/2025\/04\/67f913f9b480cc2cba517a97.jpg\" \/><\/p>\n<div class=\"Text-root Text-type_1 \">\n                In einer Kabinettssitzung hatte US-Pr\u00e4sident Donald Trump ge\u00e4u\u00dfert, es m\u00fcsse &#8220;etwas K\u00fcnstliches&#8221; sein. Kennedy sprach von einer gro\u00dfen internationalen Studie. Bereits im September dieses Jahres will er die ersten Ergebnisse vorlegen.\n            <\/div>\n<p><\/p>\n<div class=\"Text-root Text-type_5 ArticleView-text ViewText-root \">\n<p>US-Gesundheitsminister Robert F. Kennedy Jr. hat eine gro\u00dfangelegte Initiative der amerikanischen Bundesregierung angek\u00fcndigt, die die Faktoren identifizieren soll, was er die &#8220;Autismus-Epidemie&#8221; nennt. Die ersten Ergebnisse werden im September 2025 erwartet.<\/p>\n<p>In einer im Fernsehen \u00fcbertragenen Kabinettssitzung mit US-Pr\u00e4sident Donald Trump am Dienstag sagte Kennedy \u2012 dem von Kritikern oft vorgeworfen wurde, Verschw\u00f6rungstheorien \u00fcber Impfungen zu verbreiten \u2012, das neue Forschungsprojekt werde &#8220;hunderte Wissenschaftler aus der ganzen Welt&#8221; einbeziehen.<\/p>\n<p><em>&#8220;Im September werden wir wissen, was diese Autismus-Epidemie ausgel\u00f6st hat. Und wir werden imstande sein, diese Belastungen zu beseitigen&#8221;<\/em>, versprach Kennedy. Er betonte, wie dringlich das Projekt sei, und verwies auf die massive Zunahme der Zahl der als autistisch diagnostizierten Kinder in den letzten Jahrzehnten, die &#8220;1 von 10.000 war, als ich ein Kind war&#8221;.<\/p>\n<p>Das Zentrum f\u00fcr Krankheitskontrolle und -pr\u00e4vention (CDC) sch\u00e4tzt, dass derzeit bei 1 von 36 Kindern in den USA eine St\u00f6rung aus dem Autismus-Spektrum diagnostiziert wurde \u2012 eine Zunahme, die oft auf erh\u00f6hte Aufmerksamkeit und erweiterte Diagnosekriterien zur\u00fcckgef\u00fchrt wird.<\/p>\n<p><em>&#8220;Das ist eine schreckliche Statistik, oder nicht? Da muss etwas K\u00fcnstliches da drau\u00dfen sein, das das verursacht&#8221;<\/em>, sagte Trump zu Kennedy.<\/p>\n<p><em>&#8220;Wenn man eine Antwort finden kann \u2012 wenn man aufh\u00f6rt, etwas zu nehmen, etwas zu essen, oder vielleicht ist es eine Spritze, aber irgendetwas verursacht das&#8221;<\/em>, f\u00fcgte Trump hinzu.<\/p>\n<p>Das Nationale Gesundheitsinstitut (NIH) investiert bereits mehr als 300 Millionen US-Dollar j\u00e4hrlich in Forschungen zu Autismus, konzentriert sich aber vor allem auf genetische Faktoren und vorgeburtliche Umwelteinfl\u00fcsse. Kennedy f\u00fchrte die Gr\u00f6\u00dfenordnung der &#8220;massiven Test- und Forschungsanstrengungen&#8221; nicht weiter aus, oder welche spezifischen Belastungen untersucht werden sollen.<\/p>\n<p>Kennedy, der Gr\u00fcnder der Impfgegnergruppe Children&#8217;s Health Defense, wurde in den USA bekannt, weil er die Sicherheit und Wirksamkeit von Kinderimpfungen infrage stellte und die Behauptung verbreitete, sie seien mit Autismus verbunden \u2012 eine Theorie, die von gro\u00dfen Teilen der Wissenschaft abgelehnt wird. Die Kritik der Impfgegner richtet sich weniger gegen die biologisch wirksame Substanz, sondern meist gegen die Zusatzstoffe, die in den letzten Jahrzehnten aufkamen und Haltbarkeit wie Wirksamkeit der Impfung erh\u00f6hen sollen.<\/p>\n<p>Trotz seines kontroversen Rufs bestreitet Kennedy, grunds\u00e4tzlich gegen Immunisierungen zu sein, und erkl\u00e4rt, seine eigenen Kinder seien geimpft. In der Befragung vor seiner Best\u00e4tigung im Amt hatte er sich f\u00fcr strengere Sicherheits\u00fcberpr\u00fcfungen und gr\u00fcndlichere Studien ausgesprochen.<\/p>\n<p>Nachdem sich Kennedy im letzten Jahr dem Wahlkampf von Trump angeschlossen hatte, schwor der Pr\u00e4sident, ihm breite Vollmacht bei der Gesundheitspolitik zu geben, und sagte, er werde Kennedy &#8220;von der Leine lassen&#8221;.<\/p>\n<p><strong>Mehr zum Thema<\/strong>\u00a0\u2012 <a rel=\"nofollow noopener\" target=\"_blank\" href=\"https:\/\/freedert.online\/nordamerika\/226085-usa-ernennung-von-robert-f\/\">USA: Ernennung von Robert F. Kennedy Jr. l\u00e4sst Pharmaaktien purzeln<\/a><\/p>\n<div class=\"EmbedBlock-root EmbedBlock-externalVideo EmbedBlock-rumble\">\n<div class=\"VkEmbed\"><iframe class=\"lazyload\" data-src=\"https:\/\/rumble.com\/embed\/v6cvlt7\" frameborder=\"0\" width=\"853\" height=\"480\" allowfullscreen><\/iframe><\/div>\n<\/div>\n<\/div>\n<p><br \/>\n<br \/><a href=\"https:\/\/de.rt.com\/nordamerika\/242199-rfk-jr-verspricht-ursache-autismus\/\">Source link <\/a><\/p>\n","protected":false},"excerpt":{"rendered":"<p>In einer Kabinettssitzung hatte US-Pr\u00e4sident Donald Trump ge\u00e4u\u00dfert, es m\u00fcsse &#8220;etwas K\u00fcnstliches&#8221; sein. Kennedy sprach von einer gro\u00dfen internationalen Studie. Bereits im September dieses Jahres will er die ersten Ergebnisse vorlegen. US-Gesundheitsminister Robert F. Kennedy Jr. hat eine gro\u00dfangelegte Initiative der amerikanischen Bundesregierung angek\u00fcndigt, die die Faktoren identifizieren soll, was er die &#8220;Autismus-Epidemie&#8221; nennt. Die [&hellip;]<\/p>\n","protected":false},"author":3,"featured_media":82013,"comment_status":"open","ping_status":"open","sticky":false,"template":"","format":"standard","meta":{"_yoast_indexnow_last_ping":["1744398615"],"wp_automatic_camp":["217"],"9a517a6e53807b175b5c8df52a4d7fb3":["RFK Jr. verspricht: Ursache der &quot;Autismus-Epidemie&quot; wird aufgedeckt"],"original_link":["https:\/\/de.rt.com\/nordamerika\/242199-rfk-jr-verspricht-ursache-autismus\/"],"_thumbnail_id":["82013"],"jnews_social_counter_last_update":["1777147181"],"_wptgpro_p2tg_sent2tg":["a:1:{i:23737;s:19:\"2025-04-11 21:11:15\";}"]},"categories":[19,23],"tags":[19593,82,64228,62737,710,958,374],"yoast_head":"<!-- This site is optimized with the Yoast SEO Premium plugin v22.7 (Yoast SEO v22.7) - https:\/\/yoast.com\/wordpress\/plugins\/seo\/ -->\n<title>RFK Jr. verspricht: Ursache der &quot;Autismus-Epidemie&quot; wird aufgedeckt - just-now.NEWS Deutschland<\/title>\n<meta name=\"robots\" content=\"index, follow, max-snippet:-1, max-image-preview:large, max-video-preview:-1\" \/>\n<link rel=\"canonical\" href=\"https:\/\/now-news.de\/de\/deutschland\/rfk-jr-verspricht-ursache-der-autismus-epidemie-wird-aufgedeckt\/\" \/>\n<meta property=\"og:locale\" content=\"de_DE\" \/>\n<meta property=\"og:type\" content=\"article\" \/>\n<meta property=\"og:title\" content=\"RFK Jr. verspricht: Ursache der &quot;Autismus-Epidemie&quot; wird aufgedeckt\" \/>\n<meta property=\"og:description\" content=\"In einer Kabinettssitzung hatte US-Pr\u00e4sident Donald Trump ge\u00e4u\u00dfert, es m\u00fcsse &#8220;etwas K\u00fcnstliches&#8221; sein. Kennedy sprach von einer gro\u00dfen internationalen Studie. Bereits im September dieses Jahres will er die ersten Ergebnisse vorlegen. US-Gesundheitsminister Robert F. Kennedy Jr. hat eine gro\u00dfangelegte Initiative der amerikanischen Bundesregierung angek\u00fcndigt, die die Faktoren identifizieren soll, was er die &#8220;Autismus-Epidemie&#8221; nennt. Die [&hellip;]\" \/>\n<meta property=\"og:url\" content=\"https:\/\/now-news.de\/de\/deutschland\/rfk-jr-verspricht-ursache-der-autismus-epidemie-wird-aufgedeckt\/\" \/>\n<meta property=\"og:site_name\" content=\"just-now.NEWS Deutschland\" \/>\n<meta property=\"article:publisher\" content=\"https:\/\/www.facebook.com\/wirmachenauf\" \/>\n<meta property=\"article:published_time\" content=\"2025-04-11T19:00:50+00:00\" \/>\n<meta property=\"og:image\" content=\"https:\/\/now-news.de\/de\/wp-content\/uploads\/sites\/3\/2025\/04\/67f913f9b480cc2cba517a97.jpg\" \/>\n<meta name=\"author\" content=\"rtnews\" \/>\n<meta name=\"twitter:card\" content=\"summary_large_image\" \/>\n<meta name=\"twitter:creator\" content=\"@WirMachenAuf_de\" \/>\n<meta name=\"twitter:site\" content=\"@WirMachenAuf_de\" \/>\n<meta name=\"twitter:label1\" content=\"Verfasst von\" \/>\n\t<meta name=\"twitter:data1\" content=\"rtnews\" \/>\n\t<meta name=\"twitter:label2\" content=\"Gesch\u00e4tzte Lesezeit\" \/>\n\t<meta name=\"twitter:data2\" content=\"2\u00a0Minuten\" \/>\n<script type=\"application\/ld+json\" class=\"yoast-schema-graph\">{\"@context\":\"https:\/\/schema.org\",\"@graph\":[{\"@type\":\"Article\",\"@id\":\"https:\/\/now-news.de\/de\/deutschland\/rfk-jr-verspricht-ursache-der-autismus-epidemie-wird-aufgedeckt\/#article\",\"isPartOf\":{\"@id\":\"https:\/\/now-news.de\/de\/deutschland\/rfk-jr-verspricht-ursache-der-autismus-epidemie-wird-aufgedeckt\/\"},\"author\":{\"name\":\"rtnews\",\"@id\":\"https:\/\/now-news.de\/de\/#\/schema\/person\/fb534a4e865501d8b3285208df34a9b5\"},\"headline\":\"RFK Jr. verspricht: Ursache der &quot;Autismus-Epidemie&quot; wird aufgedeckt\",\"datePublished\":\"2025-04-11T19:00:50+00:00\",\"dateModified\":\"2025-04-11T19:00:50+00:00\",\"mainEntityOfPage\":{\"@id\":\"https:\/\/now-news.de\/de\/deutschland\/rfk-jr-verspricht-ursache-der-autismus-epidemie-wird-aufgedeckt\/\"},\"wordCount\":485,\"commentCount\":0,\"publisher\":{\"@id\":\"https:\/\/now-news.de\/de\/#organization\"},\"image\":{\"@id\":\"https:\/\/now-news.de\/de\/deutschland\/rfk-jr-verspricht-ursache-der-autismus-epidemie-wird-aufgedeckt\/#primaryimage\"},\"thumbnailUrl\":\"https:\/\/now-news.de\/de\/wp-content\/uploads\/sites\/3\/2025\/04\/RFK-Jr-verspricht-Ursache-der-quotAutismus-Epidemiequot-wird-aufgedeckt.jpg\",\"keywords\":[\"aufgedeckt\",\"der\",\"quotAutismusEpidemiequot\",\"RFK\",\"Ursache\",\"verspricht\",\"wird\"],\"articleSection\":[\"Deutschland\",\"Russland\"],\"inLanguage\":\"de\",\"potentialAction\":[{\"@type\":\"CommentAction\",\"name\":\"Comment\",\"target\":[\"https:\/\/now-news.de\/de\/deutschland\/rfk-jr-verspricht-ursache-der-autismus-epidemie-wird-aufgedeckt\/#respond\"]}]},{\"@type\":\"WebPage\",\"@id\":\"https:\/\/now-news.de\/de\/deutschland\/rfk-jr-verspricht-ursache-der-autismus-epidemie-wird-aufgedeckt\/\",\"url\":\"https:\/\/now-news.de\/de\/deutschland\/rfk-jr-verspricht-ursache-der-autismus-epidemie-wird-aufgedeckt\/\",\"name\":\"RFK Jr. verspricht: Ursache der &quot;Autismus-Epidemie&quot; wird aufgedeckt - just-now.NEWS Deutschland\",\"isPartOf\":{\"@id\":\"https:\/\/now-news.de\/de\/#website\"},\"primaryImageOfPage\":{\"@id\":\"https:\/\/now-news.de\/de\/deutschland\/rfk-jr-verspricht-ursache-der-autismus-epidemie-wird-aufgedeckt\/#primaryimage\"},\"image\":{\"@id\":\"https:\/\/now-news.de\/de\/deutschland\/rfk-jr-verspricht-ursache-der-autismus-epidemie-wird-aufgedeckt\/#primaryimage\"},\"thumbnailUrl\":\"https:\/\/now-news.de\/de\/wp-content\/uploads\/sites\/3\/2025\/04\/RFK-Jr-verspricht-Ursache-der-quotAutismus-Epidemiequot-wird-aufgedeckt.jpg\",\"datePublished\":\"2025-04-11T19:00:50+00:00\",\"dateModified\":\"2025-04-11T19:00:50+00:00\",\"breadcrumb\":{\"@id\":\"https:\/\/now-news.de\/de\/deutschland\/rfk-jr-verspricht-ursache-der-autismus-epidemie-wird-aufgedeckt\/#breadcrumb\"},\"inLanguage\":\"de\",\"potentialAction\":[{\"@type\":\"ReadAction\",\"target\":[\"https:\/\/now-news.de\/de\/deutschland\/rfk-jr-verspricht-ursache-der-autismus-epidemie-wird-aufgedeckt\/\"]}]},{\"@type\":\"ImageObject\",\"inLanguage\":\"de\",\"@id\":\"https:\/\/now-news.de\/de\/deutschland\/rfk-jr-verspricht-ursache-der-autismus-epidemie-wird-aufgedeckt\/#primaryimage\",\"url\":\"https:\/\/now-news.de\/de\/wp-content\/uploads\/sites\/3\/2025\/04\/RFK-Jr-verspricht-Ursache-der-quotAutismus-Epidemiequot-wird-aufgedeckt.jpg\",\"contentUrl\":\"https:\/\/now-news.de\/de\/wp-content\/uploads\/sites\/3\/2025\/04\/RFK-Jr-verspricht-Ursache-der-quotAutismus-Epidemiequot-wird-aufgedeckt.jpg\",\"width\":460,\"height\":259,\"caption\":\"RFK Jr. verspricht: Ursache der &quot;Autismus-Epidemie&quot; wird aufgedeckt\"},{\"@type\":\"BreadcrumbList\",\"@id\":\"https:\/\/now-news.de\/de\/deutschland\/rfk-jr-verspricht-ursache-der-autismus-epidemie-wird-aufgedeckt\/#breadcrumb\",\"itemListElement\":[{\"@type\":\"ListItem\",\"position\":1,\"name\":\"Home\",\"item\":\"https:\/\/now-news.de\/de\/\"},{\"@type\":\"ListItem\",\"position\":2,\"name\":\"RFK Jr. verspricht: Ursache der &quot;Autismus-Epidemie&quot; wird aufgedeckt\"}]},{\"@type\":\"WebSite\",\"@id\":\"https:\/\/now-news.de\/de\/#website\",\"url\":\"https:\/\/now-news.de\/de\/\",\"name\":\"just-now.NEWS Deutschland\",\"description\":\"Das Portal f\u00fcr unzensierte Nachrichten aus der Welt\",\"publisher\":{\"@id\":\"https:\/\/now-news.de\/de\/#organization\"},\"potentialAction\":[{\"@type\":\"SearchAction\",\"target\":{\"@type\":\"EntryPoint\",\"urlTemplate\":\"https:\/\/now-news.de\/de\/?s={search_term_string}\"},\"query-input\":\"required name=search_term_string\"}],\"inLanguage\":\"de\"},{\"@type\":\"Organization\",\"@id\":\"https:\/\/now-news.de\/de\/#organization\",\"name\":\"Just Now News\",\"url\":\"https:\/\/now-news.de\/de\/\",\"logo\":{\"@type\":\"ImageObject\",\"inLanguage\":\"de\",\"@id\":\"https:\/\/now-news.de\/de\/#\/schema\/logo\/image\/\",\"url\":\"http:\/\/just-now.news\/de\/wp-content\/uploads\/sites\/3\/2022\/04\/logo500x500.jpg\",\"contentUrl\":\"http:\/\/just-now.news\/de\/wp-content\/uploads\/sites\/3\/2022\/04\/logo500x500.jpg\",\"width\":500,\"height\":500,\"caption\":\"Just Now News\"},\"image\":{\"@id\":\"https:\/\/now-news.de\/de\/#\/schema\/logo\/image\/\"},\"sameAs\":[\"https:\/\/www.facebook.com\/wirmachenauf\",\"https:\/\/x.com\/WirMachenAuf_de\"]},{\"@type\":\"Person\",\"@id\":\"https:\/\/now-news.de\/de\/#\/schema\/person\/fb534a4e865501d8b3285208df34a9b5\",\"name\":\"rtnews\",\"image\":{\"@type\":\"ImageObject\",\"inLanguage\":\"de\",\"@id\":\"https:\/\/now-news.de\/de\/#\/schema\/person\/image\/\",\"url\":\"https:\/\/secure.gravatar.com\/avatar\/82aafea7d8127119dd649515f56e2117?s=96&d=mm&r=g\",\"contentUrl\":\"https:\/\/secure.gravatar.com\/avatar\/82aafea7d8127119dd649515f56e2117?s=96&d=mm&r=g\",\"caption\":\"rtnews\"},\"url\":\"https:\/\/now-news.de\/de\/author\/rnews\/\"}]}<\/script>\n<!-- \/ Yoast SEO Premium plugin. -->","yoast_head_json":{"title":"RFK Jr. verspricht: Ursache der &quot;Autismus-Epidemie&quot; wird aufgedeckt - just-now.NEWS Deutschland","robots":{"index":"index","follow":"follow","max-snippet":"max-snippet:-1","max-image-preview":"max-image-preview:large","max-video-preview":"max-video-preview:-1"},"canonical":"https:\/\/now-news.de\/de\/deutschland\/rfk-jr-verspricht-ursache-der-autismus-epidemie-wird-aufgedeckt\/","og_locale":"de_DE","og_type":"article","og_title":"RFK Jr. verspricht: Ursache der &quot;Autismus-Epidemie&quot; wird aufgedeckt","og_description":"In einer Kabinettssitzung hatte US-Pr\u00e4sident Donald Trump ge\u00e4u\u00dfert, es m\u00fcsse &#8220;etwas K\u00fcnstliches&#8221; sein. Kennedy sprach von einer gro\u00dfen internationalen Studie. Bereits im September dieses Jahres will er die ersten Ergebnisse vorlegen. US-Gesundheitsminister Robert F. Kennedy Jr. hat eine gro\u00dfangelegte Initiative der amerikanischen Bundesregierung angek\u00fcndigt, die die Faktoren identifizieren soll, was er die &#8220;Autismus-Epidemie&#8221; nennt. Die [&hellip;]","og_url":"https:\/\/now-news.de\/de\/deutschland\/rfk-jr-verspricht-ursache-der-autismus-epidemie-wird-aufgedeckt\/","og_site_name":"just-now.NEWS Deutschland","article_publisher":"https:\/\/www.facebook.com\/wirmachenauf","article_published_time":"2025-04-11T19:00:50+00:00","og_image":[{"url":"https:\/\/now-news.de\/de\/wp-content\/uploads\/sites\/3\/2025\/04\/67f913f9b480cc2cba517a97.jpg"}],"author":"rtnews","twitter_card":"summary_large_image","twitter_creator":"@WirMachenAuf_de","twitter_site":"@WirMachenAuf_de","twitter_misc":{"Verfasst von":"rtnews","Gesch\u00e4tzte Lesezeit":"2\u00a0Minuten"},"schema":{"@context":"https:\/\/schema.org","@graph":[{"@type":"Article","@id":"https:\/\/now-news.de\/de\/deutschland\/rfk-jr-verspricht-ursache-der-autismus-epidemie-wird-aufgedeckt\/#article","isPartOf":{"@id":"https:\/\/now-news.de\/de\/deutschland\/rfk-jr-verspricht-ursache-der-autismus-epidemie-wird-aufgedeckt\/"},"author":{"name":"rtnews","@id":"https:\/\/now-news.de\/de\/#\/schema\/person\/fb534a4e865501d8b3285208df34a9b5"},"headline":"RFK Jr. verspricht: Ursache der &quot;Autismus-Epidemie&quot; wird aufgedeckt","datePublished":"2025-04-11T19:00:50+00:00","dateModified":"2025-04-11T19:00:50+00:00","mainEntityOfPage":{"@id":"https:\/\/now-news.de\/de\/deutschland\/rfk-jr-verspricht-ursache-der-autismus-epidemie-wird-aufgedeckt\/"},"wordCount":485,"commentCount":0,"publisher":{"@id":"https:\/\/now-news.de\/de\/#organization"},"image":{"@id":"https:\/\/now-news.de\/de\/deutschland\/rfk-jr-verspricht-ursache-der-autismus-epidemie-wird-aufgedeckt\/#primaryimage"},"thumbnailUrl":"https:\/\/now-news.de\/de\/wp-content\/uploads\/sites\/3\/2025\/04\/RFK-Jr-verspricht-Ursache-der-quotAutismus-Epidemiequot-wird-aufgedeckt.jpg","keywords":["aufgedeckt","der","quotAutismusEpidemiequot","RFK","Ursache","verspricht","wird"],"articleSection":["Deutschland","Russland"],"inLanguage":"de","potentialAction":[{"@type":"CommentAction","name":"Comment","target":["https:\/\/now-news.de\/de\/deutschland\/rfk-jr-verspricht-ursache-der-autismus-epidemie-wird-aufgedeckt\/#respond"]}]},{"@type":"WebPage","@id":"https:\/\/now-news.de\/de\/deutschland\/rfk-jr-verspricht-ursache-der-autismus-epidemie-wird-aufgedeckt\/","url":"https:\/\/now-news.de\/de\/deutschland\/rfk-jr-verspricht-ursache-der-autismus-epidemie-wird-aufgedeckt\/","name":"RFK Jr. verspricht: Ursache der &quot;Autismus-Epidemie&quot; wird aufgedeckt - just-now.NEWS Deutschland","isPartOf":{"@id":"https:\/\/now-news.de\/de\/#website"},"primaryImageOfPage":{"@id":"https:\/\/now-news.de\/de\/deutschland\/rfk-jr-verspricht-ursache-der-autismus-epidemie-wird-aufgedeckt\/#primaryimage"},"image":{"@id":"https:\/\/now-news.de\/de\/deutschland\/rfk-jr-verspricht-ursache-der-autismus-epidemie-wird-aufgedeckt\/#primaryimage"},"thumbnailUrl":"https:\/\/now-news.de\/de\/wp-content\/uploads\/sites\/3\/2025\/04\/RFK-Jr-verspricht-Ursache-der-quotAutismus-Epidemiequot-wird-aufgedeckt.jpg","datePublished":"2025-04-11T19:00:50+00:00","dateModified":"2025-04-11T19:00:50+00:00","breadcrumb":{"@id":"https:\/\/now-news.de\/de\/deutschland\/rfk-jr-verspricht-ursache-der-autismus-epidemie-wird-aufgedeckt\/#breadcrumb"},"inLanguage":"de","potentialAction":[{"@type":"ReadAction","target":["https:\/\/now-news.de\/de\/deutschland\/rfk-jr-verspricht-ursache-der-autismus-epidemie-wird-aufgedeckt\/"]}]},{"@type":"ImageObject","inLanguage":"de","@id":"https:\/\/now-news.de\/de\/deutschland\/rfk-jr-verspricht-ursache-der-autismus-epidemie-wird-aufgedeckt\/#primaryimage","url":"https:\/\/now-news.de\/de\/wp-content\/uploads\/sites\/3\/2025\/04\/RFK-Jr-verspricht-Ursache-der-quotAutismus-Epidemiequot-wird-aufgedeckt.jpg","contentUrl":"https:\/\/now-news.de\/de\/wp-content\/uploads\/sites\/3\/2025\/04\/RFK-Jr-verspricht-Ursache-der-quotAutismus-Epidemiequot-wird-aufgedeckt.jpg","width":460,"height":259,"caption":"RFK Jr. verspricht: Ursache der &quot;Autismus-Epidemie&quot; wird aufgedeckt"},{"@type":"BreadcrumbList","@id":"https:\/\/now-news.de\/de\/deutschland\/rfk-jr-verspricht-ursache-der-autismus-epidemie-wird-aufgedeckt\/#breadcrumb","itemListElement":[{"@type":"ListItem","position":1,"name":"Home","item":"https:\/\/now-news.de\/de\/"},{"@type":"ListItem","position":2,"name":"RFK Jr. verspricht: Ursache der &quot;Autismus-Epidemie&quot; wird aufgedeckt"}]},{"@type":"WebSite","@id":"https:\/\/now-news.de\/de\/#website","url":"https:\/\/now-news.de\/de\/","name":"just-now.NEWS Deutschland","description":"Das Portal f\u00fcr unzensierte Nachrichten aus der Welt","publisher":{"@id":"https:\/\/now-news.de\/de\/#organization"},"potentialAction":[{"@type":"SearchAction","target":{"@type":"EntryPoint","urlTemplate":"https:\/\/now-news.de\/de\/?s={search_term_string}"},"query-input":"required name=search_term_string"}],"inLanguage":"de"},{"@type":"Organization","@id":"https:\/\/now-news.de\/de\/#organization","name":"Just Now News","url":"https:\/\/now-news.de\/de\/","logo":{"@type":"ImageObject","inLanguage":"de","@id":"https:\/\/now-news.de\/de\/#\/schema\/logo\/image\/","url":"http:\/\/just-now.news\/de\/wp-content\/uploads\/sites\/3\/2022\/04\/logo500x500.jpg","contentUrl":"http:\/\/just-now.news\/de\/wp-content\/uploads\/sites\/3\/2022\/04\/logo500x500.jpg","width":500,"height":500,"caption":"Just Now News"},"image":{"@id":"https:\/\/now-news.de\/de\/#\/schema\/logo\/image\/"},"sameAs":["https:\/\/www.facebook.com\/wirmachenauf","https:\/\/x.com\/WirMachenAuf_de"]},{"@type":"Person","@id":"https:\/\/now-news.de\/de\/#\/schema\/person\/fb534a4e865501d8b3285208df34a9b5","name":"rtnews","image":{"@type":"ImageObject","inLanguage":"de","@id":"https:\/\/now-news.de\/de\/#\/schema\/person\/image\/","url":"https:\/\/secure.gravatar.com\/avatar\/82aafea7d8127119dd649515f56e2117?s=96&d=mm&r=g","contentUrl":"https:\/\/secure.gravatar.com\/avatar\/82aafea7d8127119dd649515f56e2117?s=96&d=mm&r=g","caption":"rtnews"},"url":"https:\/\/now-news.de\/de\/author\/rnews\/"}]}},"_links":{"self":[{"href":"https:\/\/now-news.de\/de\/wp-json\/wp\/v2\/posts\/82012"}],"collection":[{"href":"https:\/\/now-news.de\/de\/wp-json\/wp\/v2\/posts"}],"about":[{"href":"https:\/\/now-news.de\/de\/wp-json\/wp\/v2\/types\/post"}],"author":[{"embeddable":true,"href":"https:\/\/now-news.de\/de\/wp-json\/wp\/v2\/users\/3"}],"replies":[{"embeddable":true,"href":"https:\/\/now-news.de\/de\/wp-json\/wp\/v2\/comments?post=82012"}],"version-history":[{"count":0,"href":"https:\/\/now-news.de\/de\/wp-json\/wp\/v2\/posts\/82012\/revisions"}],"wp:featuredmedia":[{"embeddable":true,"href":"https:\/\/now-news.de\/de\/wp-json\/wp\/v2\/media\/82013"}],"wp:attachment":[{"href":"https:\/\/now-news.de\/de\/wp-json\/wp\/v2\/media?parent=82012"}],"wp:term":[{"taxonomy":"category","embeddable":true,"href":"https:\/\/now-news.de\/de\/wp-json\/wp\/v2\/categories?post=82012"},{"taxonomy":"post_tag","embeddable":true,"href":"https:\/\/now-news.de\/de\/wp-json\/wp\/v2\/tags?post=82012"}],"curies":[{"name":"wp","href":"https:\/\/api.w.org\/{rel}","templated":true}]}}