{"id":81953,"date":"2025-04-10T20:35:05","date_gmt":"2025-04-10T18:35:05","guid":{"rendered":"https:\/\/now-news.de\/de\/deutschland\/herausgeber-bendels-zum-faeser-urteil-zeichen-der-panik-bei-politikkartell\/"},"modified":"2025-04-10T20:35:05","modified_gmt":"2025-04-10T18:35:05","slug":"herausgeber-bendels-zum-faeser-urteil-zeichen-der-panik-bei-politikkartell","status":"publish","type":"post","link":"https:\/\/now-news.de\/de\/deutschland\/herausgeber-bendels-zum-faeser-urteil-zeichen-der-panik-bei-politikkartell\/","title":{"rendered":"Herausgeber Bendels zum Faeser-Urteil: &quot;Zeichen der Panik bei Politikkartell&quot;"},"content":{"rendered":"<p><img decoding=\"async\" src=\"https:\/\/now-news.de\/de\/wp-content\/uploads\/sites\/3\/2025\/04\/67f7f52848fbef2a6c31cf78.jpg\" \/><\/p>\n<div class=\"Text-root Text-type_1 \">\n                Das Amtsgericht Bamberg verurteilte den Journalisten David Bendels wegen Verleumdung zu sieben Monaten auf Bew\u00e4hrung. Er hatte ein bearbeitetes Foto von Nancy Faeser satirisch verbreitet. Der Journalist h\u00e4lt den Prozess f\u00fcr ein &#8220;Zeichen der Schw\u00e4che&#8221;.\n            <\/div>\n<p><\/p>\n<div class=\"Text-root Text-type_5 ArticleView-text ViewText-root \">\n<p>In einem fragw\u00fcrdigen Prozess hat das Amtsgericht Bamberg den Herausgeber und Chefredakteur des AfD-nahen Magazins <em>Deutschland-Kurier<\/em> David Bendels zu sieben Monaten auf Bew\u00e4hrung verurteilt. Begr\u00fcndet wird das Urteil mit einem Satire-Meme auf Innenministerin Nancy Faeser, die von der\u00a0Politikerin als &#8220;Beleidigung, \u00fcble Nachrede und Verleumdung&#8221; empfunden wurde\u00a0\u2013 <em>RT\u00a0DE<\/em> berichtete <a rel=\"nofollow noopener\" target=\"_blank\" href=\"https:\/\/freedert.online\/inland\/241812-satirisches-faeser-meme-mit-folgen\/\">hier<\/a> und <a rel=\"nofollow noopener\" target=\"_blank\" href=\"https:\/\/freedert.online\/meinung\/241884-faeser-und-meinungsfreiheit-qed\/\">hier<\/a> \u00fcber den viel beachteten Vorfall.<\/p>\n<p>Das Urteil gegen ihn sei ein politischer Skandal, meint der Journalist. &#8220;Das Strafrecht wird instrumentalisiert, um Regierungskritiker und insbesondere die freien und alternativen Medien einzusch\u00fcchtern und zum Verstummen zu bringen&#8221;, sagte er in\u00a0einer Stellungnahme auf Anfrage von <em>RT\u00a0DE.\u00a0<\/em>Es sei absurd, aus einer satirischen Meinungs\u00e4u\u00dferung eine strafw\u00fcrdige &#8220;Verleumdung&#8221; zu konstruieren.<\/p>\n<p>Die Situation wertete Bendels als\u00a0Zeichen der Schw\u00e4che, die die Bundespolitik mit der Verfolgung von Kritikern und Gegnern unter Missbrauch des Strafrechts an den Tag legt. &#8220;Offenbar w\u00e4chst bei den links-woken Kartellpolitikern die Panik, weil sie erkennen, dass sie im freien demokratischen Wettbewerb keine Chance haben, sich noch l\u00e4nger an der Macht zu halten&#8221;, so Bendels. Auch warf er der Justiz Parteilichkeit beim Angriff von Noch-Bundesinnenministerin Faeser auf die Meinungs- und Pressefreiheit vor. &#8220;Wir werden dieses Urteil nicht hinnehmen und uns mit allen juristischen Mitteln dagegen zur Wehr setzen.&#8221;<\/p>\n<p>Viele alternative Medien aus dem rechtskonservativen Spektrum haben den Vorfall aufgegriffen und im \u00e4hnlichen Sinne kritisiert. Auch in der sogenannten Mainstreampresse h\u00e4ufen sich kritische Stimmen. Laut der\u00a0<em>FAZ<\/em>\u00a0ist die\u00a0Begr\u00fcndung des Gerichts <a rel=\"nofollow noopener\" target=\"_blank\" href=\"https:\/\/www.faz.net\/aktuell\/feuilleton\/nancy-faeser-erwirkt-urteil-gegen-deutschland-kurier-chef-david-bendels-110409959.html\">angreifbar<\/a>. Denn sie liefere genau das, war der Magazin-Herausgeber Faeser mit seinem satirischen Meme unterstellt: &#8220;Dass sie mit dem Straf- und nicht mit dem Presserecht gegen einen Journalisten vorgeht, legt zudem den Verdacht nahe, dass Nancy Faeser tats\u00e4chlich ein Problem mit der Meinungsfreiheit hat.&#8221; Mit dem Versuch, das rechtsgerichtete Magazin <em>Compact<\/em>\u00a0verbieten zu lassen, sei Faeser schon einmal baden gegangen.<\/p>\n<p>Faeser hatte am 16.\u00a0Juli 2024 die COMPACT-Magazin GmbH in Eigenregie verboten. In der Folge wurden das Haus des <em>Compact<\/em>-Herausgebers J\u00fcrgen Els\u00e4sser durchsucht und die Arbeitsmittel beschlagnahmt. Doch nur wenige Wochen sp\u00e4ter wurde der Faeser-Beschluss durch ein Urteil des Bundesverwaltungsgerichts kassiert. Der Skandal um <em>Compact-<\/em>Verbot wurde in der \u00d6ffentlichkeit als pers\u00f6nliche Niederlage der Innenministerin wahrgenommen.<\/p>\n<p><strong>Mehr zum Thema \u2013\u00a0<\/strong><a rel=\"nofollow noopener\" target=\"_blank\" href=\"https:\/\/freedert.online\/meinung\/212580-faeser-von-enteignung-bis-zur\/\">Faeser und das Compact-Verbot: Von der Enteignung bis zur Reichsschrifttumskammer<\/a><\/p>\n<div class=\"EmbedBlock-root EmbedBlock-externalVideo EmbedBlock-rumble\">\n<div class=\"VkEmbed\"><iframe class=\"lazyload\" data-src=\"https:\/\/rumble.com\/embed\/v6pmmat\" frameborder=\"0\" width=\"853\" height=\"480\" allowfullscreen><\/iframe><\/div>\n<\/div>\n<\/div>\n<p><br \/>\n<br \/><a href=\"https:\/\/de.rt.com\/europa\/242128-herausgeber-bendels-zum-faeser-urteil-zeichen-panik-bei-politikkartell\/\">Source link <\/a><\/p>\n","protected":false},"excerpt":{"rendered":"<p>Das Amtsgericht Bamberg verurteilte den Journalisten David Bendels wegen Verleumdung zu sieben Monaten auf Bew\u00e4hrung. Er hatte ein bearbeitetes Foto von Nancy Faeser satirisch verbreitet. Der Journalist h\u00e4lt den Prozess f\u00fcr ein &#8220;Zeichen der Schw\u00e4che&#8221;. In einem fragw\u00fcrdigen Prozess hat das Amtsgericht Bamberg den Herausgeber und Chefredakteur des AfD-nahen Magazins Deutschland-Kurier David Bendels zu sieben [&hellip;]<\/p>\n","protected":false},"author":3,"featured_media":81954,"comment_status":"open","ping_status":"open","sticky":false,"template":"","format":"standard","meta":{"_yoast_indexnow_last_ping":["1744310954"],"wp_automatic_camp":["217"],"90b69afb505fce0494bf586660937db1":["Herausgeber Bendels zum Faeser-Urteil: &quot;Zeichen der Panik bei Politikkartell&quot;"],"original_link":["https:\/\/de.rt.com\/europa\/242128-herausgeber-bendels-zum-faeser-urteil-zeichen-panik-bei-politikkartell\/"],"_thumbnail_id":["81954"],"jnews_social_counter_last_update":["1777356086"],"_wptgpro_p2tg_sent2tg":["a:1:{i:23737;s:19:\"2025-04-10 20:50:18\";}"]},"categories":[19,23],"tags":[363,64198,82,64199,60414,3379,64200,60709,565],"yoast_head":"<!-- This site is optimized with the Yoast SEO Premium plugin v22.7 (Yoast SEO v22.7) - https:\/\/yoast.com\/wordpress\/plugins\/seo\/ -->\n<title>Herausgeber Bendels zum Faeser-Urteil: &quot;Zeichen der Panik bei Politikkartell&quot; - just-now.NEWS Deutschland<\/title>\n<meta name=\"robots\" content=\"index, follow, max-snippet:-1, max-image-preview:large, max-video-preview:-1\" \/>\n<link rel=\"canonical\" href=\"https:\/\/now-news.de\/de\/deutschland\/herausgeber-bendels-zum-faeser-urteil-zeichen-der-panik-bei-politikkartell\/\" \/>\n<meta property=\"og:locale\" content=\"de_DE\" \/>\n<meta property=\"og:type\" content=\"article\" \/>\n<meta property=\"og:title\" content=\"Herausgeber Bendels zum Faeser-Urteil: &quot;Zeichen der Panik bei Politikkartell&quot;\" \/>\n<meta property=\"og:description\" content=\"Das Amtsgericht Bamberg verurteilte den Journalisten David Bendels wegen Verleumdung zu sieben Monaten auf Bew\u00e4hrung. Er hatte ein bearbeitetes Foto von Nancy Faeser satirisch verbreitet. Der Journalist h\u00e4lt den Prozess f\u00fcr ein &#8220;Zeichen der Schw\u00e4che&#8221;. In einem fragw\u00fcrdigen Prozess hat das Amtsgericht Bamberg den Herausgeber und Chefredakteur des AfD-nahen Magazins Deutschland-Kurier David Bendels zu sieben [&hellip;]\" \/>\n<meta property=\"og:url\" content=\"https:\/\/now-news.de\/de\/deutschland\/herausgeber-bendels-zum-faeser-urteil-zeichen-der-panik-bei-politikkartell\/\" \/>\n<meta property=\"og:site_name\" content=\"just-now.NEWS Deutschland\" \/>\n<meta property=\"article:publisher\" content=\"https:\/\/www.facebook.com\/wirmachenauf\" \/>\n<meta property=\"article:published_time\" content=\"2025-04-10T18:35:05+00:00\" \/>\n<meta property=\"og:image\" content=\"https:\/\/now-news.de\/de\/wp-content\/uploads\/sites\/3\/2025\/04\/67f7f52848fbef2a6c31cf78.jpg\" \/>\n<meta name=\"author\" content=\"rtnews\" \/>\n<meta name=\"twitter:card\" content=\"summary_large_image\" \/>\n<meta name=\"twitter:creator\" content=\"@WirMachenAuf_de\" \/>\n<meta name=\"twitter:site\" content=\"@WirMachenAuf_de\" \/>\n<meta name=\"twitter:label1\" content=\"Verfasst von\" \/>\n\t<meta name=\"twitter:data1\" content=\"rtnews\" \/>\n\t<meta name=\"twitter:label2\" content=\"Gesch\u00e4tzte Lesezeit\" \/>\n\t<meta name=\"twitter:data2\" content=\"2\u00a0Minuten\" \/>\n<script type=\"application\/ld+json\" class=\"yoast-schema-graph\">{\"@context\":\"https:\/\/schema.org\",\"@graph\":[{\"@type\":\"Article\",\"@id\":\"https:\/\/now-news.de\/de\/deutschland\/herausgeber-bendels-zum-faeser-urteil-zeichen-der-panik-bei-politikkartell\/#article\",\"isPartOf\":{\"@id\":\"https:\/\/now-news.de\/de\/deutschland\/herausgeber-bendels-zum-faeser-urteil-zeichen-der-panik-bei-politikkartell\/\"},\"author\":{\"name\":\"rtnews\",\"@id\":\"https:\/\/now-news.de\/de\/#\/schema\/person\/fb534a4e865501d8b3285208df34a9b5\"},\"headline\":\"Herausgeber Bendels zum Faeser-Urteil: &quot;Zeichen der Panik bei Politikkartell&quot;\",\"datePublished\":\"2025-04-10T18:35:05+00:00\",\"dateModified\":\"2025-04-10T18:35:05+00:00\",\"mainEntityOfPage\":{\"@id\":\"https:\/\/now-news.de\/de\/deutschland\/herausgeber-bendels-zum-faeser-urteil-zeichen-der-panik-bei-politikkartell\/\"},\"wordCount\":428,\"commentCount\":0,\"publisher\":{\"@id\":\"https:\/\/now-news.de\/de\/#organization\"},\"image\":{\"@id\":\"https:\/\/now-news.de\/de\/deutschland\/herausgeber-bendels-zum-faeser-urteil-zeichen-der-panik-bei-politikkartell\/#primaryimage\"},\"thumbnailUrl\":\"https:\/\/now-news.de\/de\/wp-content\/uploads\/sites\/3\/2025\/04\/Herausgeber-Bendels-zum-Faeser-Urteil-quotZeichen-der-Panik-bei-Politikkartellquot.jpg\",\"keywords\":[\"bei\",\"Bendels\",\"der\",\"FaeserUrteil\",\"Herausgeber\",\"Panik\",\"Politikkartellquot\",\"quotZeichen\",\"zum\"],\"articleSection\":[\"Deutschland\",\"Russland\"],\"inLanguage\":\"de\",\"potentialAction\":[{\"@type\":\"CommentAction\",\"name\":\"Comment\",\"target\":[\"https:\/\/now-news.de\/de\/deutschland\/herausgeber-bendels-zum-faeser-urteil-zeichen-der-panik-bei-politikkartell\/#respond\"]}]},{\"@type\":\"WebPage\",\"@id\":\"https:\/\/now-news.de\/de\/deutschland\/herausgeber-bendels-zum-faeser-urteil-zeichen-der-panik-bei-politikkartell\/\",\"url\":\"https:\/\/now-news.de\/de\/deutschland\/herausgeber-bendels-zum-faeser-urteil-zeichen-der-panik-bei-politikkartell\/\",\"name\":\"Herausgeber Bendels zum Faeser-Urteil: &quot;Zeichen der Panik bei Politikkartell&quot; - just-now.NEWS Deutschland\",\"isPartOf\":{\"@id\":\"https:\/\/now-news.de\/de\/#website\"},\"primaryImageOfPage\":{\"@id\":\"https:\/\/now-news.de\/de\/deutschland\/herausgeber-bendels-zum-faeser-urteil-zeichen-der-panik-bei-politikkartell\/#primaryimage\"},\"image\":{\"@id\":\"https:\/\/now-news.de\/de\/deutschland\/herausgeber-bendels-zum-faeser-urteil-zeichen-der-panik-bei-politikkartell\/#primaryimage\"},\"thumbnailUrl\":\"https:\/\/now-news.de\/de\/wp-content\/uploads\/sites\/3\/2025\/04\/Herausgeber-Bendels-zum-Faeser-Urteil-quotZeichen-der-Panik-bei-Politikkartellquot.jpg\",\"datePublished\":\"2025-04-10T18:35:05+00:00\",\"dateModified\":\"2025-04-10T18:35:05+00:00\",\"breadcrumb\":{\"@id\":\"https:\/\/now-news.de\/de\/deutschland\/herausgeber-bendels-zum-faeser-urteil-zeichen-der-panik-bei-politikkartell\/#breadcrumb\"},\"inLanguage\":\"de\",\"potentialAction\":[{\"@type\":\"ReadAction\",\"target\":[\"https:\/\/now-news.de\/de\/deutschland\/herausgeber-bendels-zum-faeser-urteil-zeichen-der-panik-bei-politikkartell\/\"]}]},{\"@type\":\"ImageObject\",\"inLanguage\":\"de\",\"@id\":\"https:\/\/now-news.de\/de\/deutschland\/herausgeber-bendels-zum-faeser-urteil-zeichen-der-panik-bei-politikkartell\/#primaryimage\",\"url\":\"https:\/\/now-news.de\/de\/wp-content\/uploads\/sites\/3\/2025\/04\/Herausgeber-Bendels-zum-Faeser-Urteil-quotZeichen-der-Panik-bei-Politikkartellquot.jpg\",\"contentUrl\":\"https:\/\/now-news.de\/de\/wp-content\/uploads\/sites\/3\/2025\/04\/Herausgeber-Bendels-zum-Faeser-Urteil-quotZeichen-der-Panik-bei-Politikkartellquot.jpg\",\"width\":460,\"height\":259,\"caption\":\"Herausgeber Bendels zum Faeser-Urteil: &quot;Zeichen der Panik bei Politikkartell&quot;\"},{\"@type\":\"BreadcrumbList\",\"@id\":\"https:\/\/now-news.de\/de\/deutschland\/herausgeber-bendels-zum-faeser-urteil-zeichen-der-panik-bei-politikkartell\/#breadcrumb\",\"itemListElement\":[{\"@type\":\"ListItem\",\"position\":1,\"name\":\"Home\",\"item\":\"https:\/\/now-news.de\/de\/\"},{\"@type\":\"ListItem\",\"position\":2,\"name\":\"Herausgeber Bendels zum Faeser-Urteil: &quot;Zeichen der Panik bei Politikkartell&quot;\"}]},{\"@type\":\"WebSite\",\"@id\":\"https:\/\/now-news.de\/de\/#website\",\"url\":\"https:\/\/now-news.de\/de\/\",\"name\":\"just-now.NEWS Deutschland\",\"description\":\"Das Portal f\u00fcr unzensierte Nachrichten aus der Welt\",\"publisher\":{\"@id\":\"https:\/\/now-news.de\/de\/#organization\"},\"potentialAction\":[{\"@type\":\"SearchAction\",\"target\":{\"@type\":\"EntryPoint\",\"urlTemplate\":\"https:\/\/now-news.de\/de\/?s={search_term_string}\"},\"query-input\":\"required name=search_term_string\"}],\"inLanguage\":\"de\"},{\"@type\":\"Organization\",\"@id\":\"https:\/\/now-news.de\/de\/#organization\",\"name\":\"Just Now News\",\"url\":\"https:\/\/now-news.de\/de\/\",\"logo\":{\"@type\":\"ImageObject\",\"inLanguage\":\"de\",\"@id\":\"https:\/\/now-news.de\/de\/#\/schema\/logo\/image\/\",\"url\":\"http:\/\/just-now.news\/de\/wp-content\/uploads\/sites\/3\/2022\/04\/logo500x500.jpg\",\"contentUrl\":\"http:\/\/just-now.news\/de\/wp-content\/uploads\/sites\/3\/2022\/04\/logo500x500.jpg\",\"width\":500,\"height\":500,\"caption\":\"Just Now News\"},\"image\":{\"@id\":\"https:\/\/now-news.de\/de\/#\/schema\/logo\/image\/\"},\"sameAs\":[\"https:\/\/www.facebook.com\/wirmachenauf\",\"https:\/\/x.com\/WirMachenAuf_de\"]},{\"@type\":\"Person\",\"@id\":\"https:\/\/now-news.de\/de\/#\/schema\/person\/fb534a4e865501d8b3285208df34a9b5\",\"name\":\"rtnews\",\"image\":{\"@type\":\"ImageObject\",\"inLanguage\":\"de\",\"@id\":\"https:\/\/now-news.de\/de\/#\/schema\/person\/image\/\",\"url\":\"https:\/\/secure.gravatar.com\/avatar\/82aafea7d8127119dd649515f56e2117?s=96&d=mm&r=g\",\"contentUrl\":\"https:\/\/secure.gravatar.com\/avatar\/82aafea7d8127119dd649515f56e2117?s=96&d=mm&r=g\",\"caption\":\"rtnews\"},\"url\":\"https:\/\/now-news.de\/de\/author\/rnews\/\"}]}<\/script>\n<!-- \/ Yoast SEO Premium plugin. -->","yoast_head_json":{"title":"Herausgeber Bendels zum Faeser-Urteil: &quot;Zeichen der Panik bei Politikkartell&quot; - just-now.NEWS Deutschland","robots":{"index":"index","follow":"follow","max-snippet":"max-snippet:-1","max-image-preview":"max-image-preview:large","max-video-preview":"max-video-preview:-1"},"canonical":"https:\/\/now-news.de\/de\/deutschland\/herausgeber-bendels-zum-faeser-urteil-zeichen-der-panik-bei-politikkartell\/","og_locale":"de_DE","og_type":"article","og_title":"Herausgeber Bendels zum Faeser-Urteil: &quot;Zeichen der Panik bei Politikkartell&quot;","og_description":"Das Amtsgericht Bamberg verurteilte den Journalisten David Bendels wegen Verleumdung zu sieben Monaten auf Bew\u00e4hrung. Er hatte ein bearbeitetes Foto von Nancy Faeser satirisch verbreitet. Der Journalist h\u00e4lt den Prozess f\u00fcr ein &#8220;Zeichen der Schw\u00e4che&#8221;. In einem fragw\u00fcrdigen Prozess hat das Amtsgericht Bamberg den Herausgeber und Chefredakteur des AfD-nahen Magazins Deutschland-Kurier David Bendels zu sieben [&hellip;]","og_url":"https:\/\/now-news.de\/de\/deutschland\/herausgeber-bendels-zum-faeser-urteil-zeichen-der-panik-bei-politikkartell\/","og_site_name":"just-now.NEWS Deutschland","article_publisher":"https:\/\/www.facebook.com\/wirmachenauf","article_published_time":"2025-04-10T18:35:05+00:00","og_image":[{"url":"https:\/\/now-news.de\/de\/wp-content\/uploads\/sites\/3\/2025\/04\/67f7f52848fbef2a6c31cf78.jpg"}],"author":"rtnews","twitter_card":"summary_large_image","twitter_creator":"@WirMachenAuf_de","twitter_site":"@WirMachenAuf_de","twitter_misc":{"Verfasst von":"rtnews","Gesch\u00e4tzte Lesezeit":"2\u00a0Minuten"},"schema":{"@context":"https:\/\/schema.org","@graph":[{"@type":"Article","@id":"https:\/\/now-news.de\/de\/deutschland\/herausgeber-bendels-zum-faeser-urteil-zeichen-der-panik-bei-politikkartell\/#article","isPartOf":{"@id":"https:\/\/now-news.de\/de\/deutschland\/herausgeber-bendels-zum-faeser-urteil-zeichen-der-panik-bei-politikkartell\/"},"author":{"name":"rtnews","@id":"https:\/\/now-news.de\/de\/#\/schema\/person\/fb534a4e865501d8b3285208df34a9b5"},"headline":"Herausgeber Bendels zum Faeser-Urteil: &quot;Zeichen der Panik bei Politikkartell&quot;","datePublished":"2025-04-10T18:35:05+00:00","dateModified":"2025-04-10T18:35:05+00:00","mainEntityOfPage":{"@id":"https:\/\/now-news.de\/de\/deutschland\/herausgeber-bendels-zum-faeser-urteil-zeichen-der-panik-bei-politikkartell\/"},"wordCount":428,"commentCount":0,"publisher":{"@id":"https:\/\/now-news.de\/de\/#organization"},"image":{"@id":"https:\/\/now-news.de\/de\/deutschland\/herausgeber-bendels-zum-faeser-urteil-zeichen-der-panik-bei-politikkartell\/#primaryimage"},"thumbnailUrl":"https:\/\/now-news.de\/de\/wp-content\/uploads\/sites\/3\/2025\/04\/Herausgeber-Bendels-zum-Faeser-Urteil-quotZeichen-der-Panik-bei-Politikkartellquot.jpg","keywords":["bei","Bendels","der","FaeserUrteil","Herausgeber","Panik","Politikkartellquot","quotZeichen","zum"],"articleSection":["Deutschland","Russland"],"inLanguage":"de","potentialAction":[{"@type":"CommentAction","name":"Comment","target":["https:\/\/now-news.de\/de\/deutschland\/herausgeber-bendels-zum-faeser-urteil-zeichen-der-panik-bei-politikkartell\/#respond"]}]},{"@type":"WebPage","@id":"https:\/\/now-news.de\/de\/deutschland\/herausgeber-bendels-zum-faeser-urteil-zeichen-der-panik-bei-politikkartell\/","url":"https:\/\/now-news.de\/de\/deutschland\/herausgeber-bendels-zum-faeser-urteil-zeichen-der-panik-bei-politikkartell\/","name":"Herausgeber Bendels zum Faeser-Urteil: &quot;Zeichen der Panik bei Politikkartell&quot; - just-now.NEWS Deutschland","isPartOf":{"@id":"https:\/\/now-news.de\/de\/#website"},"primaryImageOfPage":{"@id":"https:\/\/now-news.de\/de\/deutschland\/herausgeber-bendels-zum-faeser-urteil-zeichen-der-panik-bei-politikkartell\/#primaryimage"},"image":{"@id":"https:\/\/now-news.de\/de\/deutschland\/herausgeber-bendels-zum-faeser-urteil-zeichen-der-panik-bei-politikkartell\/#primaryimage"},"thumbnailUrl":"https:\/\/now-news.de\/de\/wp-content\/uploads\/sites\/3\/2025\/04\/Herausgeber-Bendels-zum-Faeser-Urteil-quotZeichen-der-Panik-bei-Politikkartellquot.jpg","datePublished":"2025-04-10T18:35:05+00:00","dateModified":"2025-04-10T18:35:05+00:00","breadcrumb":{"@id":"https:\/\/now-news.de\/de\/deutschland\/herausgeber-bendels-zum-faeser-urteil-zeichen-der-panik-bei-politikkartell\/#breadcrumb"},"inLanguage":"de","potentialAction":[{"@type":"ReadAction","target":["https:\/\/now-news.de\/de\/deutschland\/herausgeber-bendels-zum-faeser-urteil-zeichen-der-panik-bei-politikkartell\/"]}]},{"@type":"ImageObject","inLanguage":"de","@id":"https:\/\/now-news.de\/de\/deutschland\/herausgeber-bendels-zum-faeser-urteil-zeichen-der-panik-bei-politikkartell\/#primaryimage","url":"https:\/\/now-news.de\/de\/wp-content\/uploads\/sites\/3\/2025\/04\/Herausgeber-Bendels-zum-Faeser-Urteil-quotZeichen-der-Panik-bei-Politikkartellquot.jpg","contentUrl":"https:\/\/now-news.de\/de\/wp-content\/uploads\/sites\/3\/2025\/04\/Herausgeber-Bendels-zum-Faeser-Urteil-quotZeichen-der-Panik-bei-Politikkartellquot.jpg","width":460,"height":259,"caption":"Herausgeber Bendels zum Faeser-Urteil: &quot;Zeichen der Panik bei Politikkartell&quot;"},{"@type":"BreadcrumbList","@id":"https:\/\/now-news.de\/de\/deutschland\/herausgeber-bendels-zum-faeser-urteil-zeichen-der-panik-bei-politikkartell\/#breadcrumb","itemListElement":[{"@type":"ListItem","position":1,"name":"Home","item":"https:\/\/now-news.de\/de\/"},{"@type":"ListItem","position":2,"name":"Herausgeber Bendels zum Faeser-Urteil: &quot;Zeichen der Panik bei Politikkartell&quot;"}]},{"@type":"WebSite","@id":"https:\/\/now-news.de\/de\/#website","url":"https:\/\/now-news.de\/de\/","name":"just-now.NEWS Deutschland","description":"Das Portal f\u00fcr unzensierte Nachrichten aus der Welt","publisher":{"@id":"https:\/\/now-news.de\/de\/#organization"},"potentialAction":[{"@type":"SearchAction","target":{"@type":"EntryPoint","urlTemplate":"https:\/\/now-news.de\/de\/?s={search_term_string}"},"query-input":"required name=search_term_string"}],"inLanguage":"de"},{"@type":"Organization","@id":"https:\/\/now-news.de\/de\/#organization","name":"Just Now News","url":"https:\/\/now-news.de\/de\/","logo":{"@type":"ImageObject","inLanguage":"de","@id":"https:\/\/now-news.de\/de\/#\/schema\/logo\/image\/","url":"http:\/\/just-now.news\/de\/wp-content\/uploads\/sites\/3\/2022\/04\/logo500x500.jpg","contentUrl":"http:\/\/just-now.news\/de\/wp-content\/uploads\/sites\/3\/2022\/04\/logo500x500.jpg","width":500,"height":500,"caption":"Just Now News"},"image":{"@id":"https:\/\/now-news.de\/de\/#\/schema\/logo\/image\/"},"sameAs":["https:\/\/www.facebook.com\/wirmachenauf","https:\/\/x.com\/WirMachenAuf_de"]},{"@type":"Person","@id":"https:\/\/now-news.de\/de\/#\/schema\/person\/fb534a4e865501d8b3285208df34a9b5","name":"rtnews","image":{"@type":"ImageObject","inLanguage":"de","@id":"https:\/\/now-news.de\/de\/#\/schema\/person\/image\/","url":"https:\/\/secure.gravatar.com\/avatar\/82aafea7d8127119dd649515f56e2117?s=96&d=mm&r=g","contentUrl":"https:\/\/secure.gravatar.com\/avatar\/82aafea7d8127119dd649515f56e2117?s=96&d=mm&r=g","caption":"rtnews"},"url":"https:\/\/now-news.de\/de\/author\/rnews\/"}]}},"_links":{"self":[{"href":"https:\/\/now-news.de\/de\/wp-json\/wp\/v2\/posts\/81953"}],"collection":[{"href":"https:\/\/now-news.de\/de\/wp-json\/wp\/v2\/posts"}],"about":[{"href":"https:\/\/now-news.de\/de\/wp-json\/wp\/v2\/types\/post"}],"author":[{"embeddable":true,"href":"https:\/\/now-news.de\/de\/wp-json\/wp\/v2\/users\/3"}],"replies":[{"embeddable":true,"href":"https:\/\/now-news.de\/de\/wp-json\/wp\/v2\/comments?post=81953"}],"version-history":[{"count":0,"href":"https:\/\/now-news.de\/de\/wp-json\/wp\/v2\/posts\/81953\/revisions"}],"wp:featuredmedia":[{"embeddable":true,"href":"https:\/\/now-news.de\/de\/wp-json\/wp\/v2\/media\/81954"}],"wp:attachment":[{"href":"https:\/\/now-news.de\/de\/wp-json\/wp\/v2\/media?parent=81953"}],"wp:term":[{"taxonomy":"category","embeddable":true,"href":"https:\/\/now-news.de\/de\/wp-json\/wp\/v2\/categories?post=81953"},{"taxonomy":"post_tag","embeddable":true,"href":"https:\/\/now-news.de\/de\/wp-json\/wp\/v2\/tags?post=81953"}],"curies":[{"name":"wp","href":"https:\/\/api.w.org\/{rel}","templated":true}]}}