{"id":81935,"date":"2025-04-10T18:17:44","date_gmt":"2025-04-10T16:17:44","guid":{"rendered":"https:\/\/now-news.de\/de\/deutschland\/wiener-aussichten-muslimin-mit-hidschab-als-buergermeisterin-ramadan-offizieller-feiertag\/"},"modified":"2025-04-10T18:17:44","modified_gmt":"2025-04-10T16:17:44","slug":"wiener-aussichten-muslimin-mit-hidschab-als-buergermeisterin-ramadan-offizieller-feiertag","status":"publish","type":"post","link":"https:\/\/now-news.de\/de\/deutschland\/wiener-aussichten-muslimin-mit-hidschab-als-buergermeisterin-ramadan-offizieller-feiertag\/","title":{"rendered":"Wiener Aussichten: Muslimin mit Hidschab als B\u00fcrgermeisterin, Ramadan offizieller Feiertag"},"content":{"rendered":"<p><img decoding=\"async\" src=\"https:\/\/now-news.de\/de\/wp-content\/uploads\/sites\/3\/2025\/04\/67f7629648fbef2b5e403951.png\" \/><\/p>\n<div class=\"Text-root Text-type_1 \">\n                Sali Attia, Spitzenkandidatin der S\u00d6Z und fr\u00fchere &#8220;Liste GAZA&#8221;-Kandidatin, will mit einer Agenda f\u00fcr muslimische Migranten in den Wiener Gemeinderat einziehen. Beide Parteien setzen auf eine st\u00e4rkere politische Vertretung von Muslimen und kritisieren Israels Politik scharf. Die wachsende muslimische Bev\u00f6lkerung in Wien k\u00f6nnte ihren politischen Einfluss st\u00e4rken.\n            <\/div>\n<p><\/p>\n<div class=\"Text-root Text-type_5 ArticleView-text ViewText-root \">\n<p>In Wien sorgt die Kandidatur von Sali Attia, einer Muslimin, die als Spitzenkandidatin der Kleinpartei S\u00d6Z f\u00fcr das Amt der B\u00fcrgermeisterin antritt, f\u00fcr Aufsehen.<\/p>\n<p>Attia, die auch Lehrerin in Wien-Favoriten ist und den Hidschab tr\u00e4gt, tritt mit der S\u00d6Z unter dem Motto &#8220;Die neue Wiener B\u00fcrger Meisterin&#8221; an, das sich mit der Vision von &#8220;5 rassismusfreien Jahren&#8221; pr\u00e4sentiert.<\/p>\n<p>Ein solches Engagement ist nicht neu f\u00fcr die 2024 gegr\u00fcndete Partei S\u00d6Z, die sich auf die Interessen von Muslimen in \u00d6sterreich konzentriert. Attia hatte bereits im Jahr 2024 f\u00fcr die &#8220;Liste GAZA \u2013 Stimmen gegen den V\u00f6lkermord&#8221; kandidiert, eine Gruppierung, die mit extrem kritischen Ansichten zu Israel und einem starken Fokus auf die Pal\u00e4stinenserfrage in Erscheinung trat.<\/p>\n<p>Die &#8220;Liste GAZA&#8221; selbst hatte bei den Nationalratswahlen 2024 nur 0,4 Prozent der Stimmen erreicht, doch Attias Kandidatur f\u00fcr S\u00d6Z k\u00f6nnte der Partei helfen, eine breitere politische Plattform zu erlangen, ohne direkt bei den Gemeinderatswahlen am 27. April anzutreten.<\/p>\n<p>Ein enger Austausch zwischen S\u00d6Z und &#8220;Liste GAZA&#8221; deutet darauf hin, dass beide Parteien ein gemeinsames Ziel verfolgen: die St\u00e4rkung islamischer Belange und die F\u00f6rderung von Politik, die auf muslimische Migranten ausgerichtet ist.<\/p>\n<p>Die S\u00d6Z setzt sich unter anderem daf\u00fcr ein, den Ramadan als offiziellen Feiertag einzuf\u00fchren und fordert eine j\u00e4hrliche Feier des Eid al-Fitr auf \u00f6ffentlichen Pl\u00e4tzen in Wien. Zudem fordert sie die Einf\u00fchrung von Ramadan-Lichterketten, \u00e4hnlich wie in einigen deutschen St\u00e4dten. Parallel dazu gibt es immer wieder scharfe Kritik an Israel und an der \u00f6sterreichischen Politik, besonders im Hinblick auf die israelische Regierung und die Konflikte im Gaza-Streifen.<\/p>\n<p>Mit der &#8220;Liste GAZA&#8221; verfolgt Attia eine politische Agenda, die Israel als &#8220;V\u00f6lkermord&#8221;-Verursacher darstellt und die \u00f6sterreichische Au\u00dfenpolitik f\u00fcr ihre Unterst\u00fctzung Israels kritisiert.\u00a0<\/p>\n<p>Der Anstieg der muslimischen Bev\u00f6lkerung in Wien, deren Anteil mittlerweile an Wiener Volksschulen bei rund 35 Prozent liegt, k\u00f6nnte den politischen Einfluss von Parteien wie S\u00d6Z und &#8220;Liste GAZA&#8221; in Zukunft weiter verst\u00e4rken. Eine 2017 ver\u00f6ffentlichte Studie prognostiziert, dass bis 2046 jeder dritte Wiener dem muslimischen Glauben angeh\u00f6ren k\u00f6nnte.<\/p>\n<p data-start=\"1839\" data-end=\"2339\"><strong>Mehr zum Thema<\/strong>\u00a0\u2013\u00a0<a rel=\"nofollow noopener\" target=\"_blank\" href=\"https:\/\/freedert.online\/oesterreich\/239242-auswirkungen-ramadan-auf-schulen-fpoe\/\">Auswirkungen des Ramadan auf Schulen: FP\u00d6 kritisiert Migrationspolitik<\/a><\/p>\n<div class=\"EmbedBlock-root EmbedBlock-externalVideo EmbedBlock-rumble\">\n<div class=\"VkEmbed\"><iframe class=\"lazyload\" data-src=\"https:\/\/rumble.com\/embed\/v4f0lwu\" frameborder=\"0\" width=\"853\" height=\"480\" allowfullscreen><\/iframe><\/div>\n<\/div>\n<\/div>\n<p><br \/>\n<br \/><a href=\"https:\/\/de.rt.com\/oesterreich\/242051-muslimin-mit-hidschab-will-wiener\/\">Source link <\/a><\/p>\n","protected":false},"excerpt":{"rendered":"<p>Sali Attia, Spitzenkandidatin der S\u00d6Z und fr\u00fchere &#8220;Liste GAZA&#8221;-Kandidatin, will mit einer Agenda f\u00fcr muslimische Migranten in den Wiener Gemeinderat einziehen. Beide Parteien setzen auf eine st\u00e4rkere politische Vertretung von Muslimen und kritisieren Israels Politik scharf. Die wachsende muslimische Bev\u00f6lkerung in Wien k\u00f6nnte ihren politischen Einfluss st\u00e4rken. In Wien sorgt die Kandidatur von Sali Attia, [&hellip;]<\/p>\n","protected":false},"author":3,"featured_media":81936,"comment_status":"open","ping_status":"open","sticky":false,"template":"","format":"standard","meta":{"_yoast_indexnow_last_ping":["1744302140"],"wp_automatic_camp":["217"],"e1a6c373d2d7b897d0bef8ecf3edf600":["Wiener Aussichten: Muslimin mit Hidschab als B\u00fcrgermeisterin, Ramadan offizieller Feiertag"],"original_link":["https:\/\/de.rt.com\/oesterreich\/242051-muslimin-mit-hidschab-will-wiener\/"],"_thumbnail_id":["81936"],"jnews_social_counter_last_update":["1777554333"],"_wptgpro_p2tg_sent2tg":["a:1:{i:23737;s:19:\"2025-04-10 18:23:22\";}"]},"categories":[19,23],"tags":[273,19055,19427,3355,64194,419,59468,3376,6608,11271],"yoast_head":"<!-- This site is optimized with the Yoast SEO Premium plugin v22.7 (Yoast SEO v22.7) - https:\/\/yoast.com\/wordpress\/plugins\/seo\/ -->\n<title>Wiener Aussichten: Muslimin mit Hidschab als B\u00fcrgermeisterin, Ramadan offizieller Feiertag - just-now.NEWS Deutschland<\/title>\n<meta name=\"robots\" content=\"index, follow, max-snippet:-1, max-image-preview:large, max-video-preview:-1\" \/>\n<link rel=\"canonical\" href=\"https:\/\/now-news.de\/de\/deutschland\/wiener-aussichten-muslimin-mit-hidschab-als-buergermeisterin-ramadan-offizieller-feiertag\/\" \/>\n<meta property=\"og:locale\" content=\"de_DE\" \/>\n<meta property=\"og:type\" content=\"article\" \/>\n<meta property=\"og:title\" content=\"Wiener Aussichten: Muslimin mit Hidschab als B\u00fcrgermeisterin, Ramadan offizieller Feiertag\" \/>\n<meta property=\"og:description\" content=\"Sali Attia, Spitzenkandidatin der S\u00d6Z und fr\u00fchere &#8220;Liste GAZA&#8221;-Kandidatin, will mit einer Agenda f\u00fcr muslimische Migranten in den Wiener Gemeinderat einziehen. Beide Parteien setzen auf eine st\u00e4rkere politische Vertretung von Muslimen und kritisieren Israels Politik scharf. Die wachsende muslimische Bev\u00f6lkerung in Wien k\u00f6nnte ihren politischen Einfluss st\u00e4rken. In Wien sorgt die Kandidatur von Sali Attia, [&hellip;]\" \/>\n<meta property=\"og:url\" content=\"https:\/\/now-news.de\/de\/deutschland\/wiener-aussichten-muslimin-mit-hidschab-als-buergermeisterin-ramadan-offizieller-feiertag\/\" \/>\n<meta property=\"og:site_name\" content=\"just-now.NEWS Deutschland\" \/>\n<meta property=\"article:publisher\" content=\"https:\/\/www.facebook.com\/wirmachenauf\" \/>\n<meta property=\"article:published_time\" content=\"2025-04-10T16:17:44+00:00\" \/>\n<meta property=\"og:image\" content=\"https:\/\/now-news.de\/de\/wp-content\/uploads\/sites\/3\/2025\/04\/67f7629648fbef2b5e403951.png\" \/>\n<meta name=\"author\" content=\"rtnews\" \/>\n<meta name=\"twitter:card\" content=\"summary_large_image\" \/>\n<meta name=\"twitter:creator\" content=\"@WirMachenAuf_de\" \/>\n<meta name=\"twitter:site\" content=\"@WirMachenAuf_de\" \/>\n<meta name=\"twitter:label1\" content=\"Verfasst von\" \/>\n\t<meta name=\"twitter:data1\" content=\"rtnews\" \/>\n\t<meta name=\"twitter:label2\" content=\"Gesch\u00e4tzte Lesezeit\" \/>\n\t<meta name=\"twitter:data2\" content=\"2\u00a0Minuten\" \/>\n<script type=\"application\/ld+json\" class=\"yoast-schema-graph\">{\"@context\":\"https:\/\/schema.org\",\"@graph\":[{\"@type\":\"Article\",\"@id\":\"https:\/\/now-news.de\/de\/deutschland\/wiener-aussichten-muslimin-mit-hidschab-als-buergermeisterin-ramadan-offizieller-feiertag\/#article\",\"isPartOf\":{\"@id\":\"https:\/\/now-news.de\/de\/deutschland\/wiener-aussichten-muslimin-mit-hidschab-als-buergermeisterin-ramadan-offizieller-feiertag\/\"},\"author\":{\"name\":\"rtnews\",\"@id\":\"https:\/\/now-news.de\/de\/#\/schema\/person\/fb534a4e865501d8b3285208df34a9b5\"},\"headline\":\"Wiener Aussichten: Muslimin mit Hidschab als B\u00fcrgermeisterin, Ramadan offizieller Feiertag\",\"datePublished\":\"2025-04-10T16:17:44+00:00\",\"dateModified\":\"2025-04-10T16:17:44+00:00\",\"mainEntityOfPage\":{\"@id\":\"https:\/\/now-news.de\/de\/deutschland\/wiener-aussichten-muslimin-mit-hidschab-als-buergermeisterin-ramadan-offizieller-feiertag\/\"},\"wordCount\":435,\"commentCount\":0,\"publisher\":{\"@id\":\"https:\/\/now-news.de\/de\/#organization\"},\"image\":{\"@id\":\"https:\/\/now-news.de\/de\/deutschland\/wiener-aussichten-muslimin-mit-hidschab-als-buergermeisterin-ramadan-offizieller-feiertag\/#primaryimage\"},\"thumbnailUrl\":\"https:\/\/now-news.de\/de\/wp-content\/uploads\/sites\/3\/2025\/04\/Wiener-Aussichten-Muslimin-mit-Hidschab-als-Buergermeisterin-Ramadan-offizieller-Feiertag.png\",\"keywords\":[\"als\",\"Aussichten\",\"B\u00fcrgermeisterin\",\"Feiertag\",\"Hidschab\",\"mit\",\"Muslimin\",\"offizieller\",\"RAMADAN\",\"Wiener\"],\"articleSection\":[\"Deutschland\",\"Russland\"],\"inLanguage\":\"de\",\"potentialAction\":[{\"@type\":\"CommentAction\",\"name\":\"Comment\",\"target\":[\"https:\/\/now-news.de\/de\/deutschland\/wiener-aussichten-muslimin-mit-hidschab-als-buergermeisterin-ramadan-offizieller-feiertag\/#respond\"]}]},{\"@type\":\"WebPage\",\"@id\":\"https:\/\/now-news.de\/de\/deutschland\/wiener-aussichten-muslimin-mit-hidschab-als-buergermeisterin-ramadan-offizieller-feiertag\/\",\"url\":\"https:\/\/now-news.de\/de\/deutschland\/wiener-aussichten-muslimin-mit-hidschab-als-buergermeisterin-ramadan-offizieller-feiertag\/\",\"name\":\"Wiener Aussichten: Muslimin mit Hidschab als B\u00fcrgermeisterin, Ramadan offizieller Feiertag - just-now.NEWS Deutschland\",\"isPartOf\":{\"@id\":\"https:\/\/now-news.de\/de\/#website\"},\"primaryImageOfPage\":{\"@id\":\"https:\/\/now-news.de\/de\/deutschland\/wiener-aussichten-muslimin-mit-hidschab-als-buergermeisterin-ramadan-offizieller-feiertag\/#primaryimage\"},\"image\":{\"@id\":\"https:\/\/now-news.de\/de\/deutschland\/wiener-aussichten-muslimin-mit-hidschab-als-buergermeisterin-ramadan-offizieller-feiertag\/#primaryimage\"},\"thumbnailUrl\":\"https:\/\/now-news.de\/de\/wp-content\/uploads\/sites\/3\/2025\/04\/Wiener-Aussichten-Muslimin-mit-Hidschab-als-Buergermeisterin-Ramadan-offizieller-Feiertag.png\",\"datePublished\":\"2025-04-10T16:17:44+00:00\",\"dateModified\":\"2025-04-10T16:17:44+00:00\",\"breadcrumb\":{\"@id\":\"https:\/\/now-news.de\/de\/deutschland\/wiener-aussichten-muslimin-mit-hidschab-als-buergermeisterin-ramadan-offizieller-feiertag\/#breadcrumb\"},\"inLanguage\":\"de\",\"potentialAction\":[{\"@type\":\"ReadAction\",\"target\":[\"https:\/\/now-news.de\/de\/deutschland\/wiener-aussichten-muslimin-mit-hidschab-als-buergermeisterin-ramadan-offizieller-feiertag\/\"]}]},{\"@type\":\"ImageObject\",\"inLanguage\":\"de\",\"@id\":\"https:\/\/now-news.de\/de\/deutschland\/wiener-aussichten-muslimin-mit-hidschab-als-buergermeisterin-ramadan-offizieller-feiertag\/#primaryimage\",\"url\":\"https:\/\/now-news.de\/de\/wp-content\/uploads\/sites\/3\/2025\/04\/Wiener-Aussichten-Muslimin-mit-Hidschab-als-Buergermeisterin-Ramadan-offizieller-Feiertag.png\",\"contentUrl\":\"https:\/\/now-news.de\/de\/wp-content\/uploads\/sites\/3\/2025\/04\/Wiener-Aussichten-Muslimin-mit-Hidschab-als-Buergermeisterin-Ramadan-offizieller-Feiertag.png\",\"width\":460,\"height\":259,\"caption\":\"Wiener Aussichten: Muslimin mit Hidschab als B\u00fcrgermeisterin, Ramadan offizieller Feiertag\"},{\"@type\":\"BreadcrumbList\",\"@id\":\"https:\/\/now-news.de\/de\/deutschland\/wiener-aussichten-muslimin-mit-hidschab-als-buergermeisterin-ramadan-offizieller-feiertag\/#breadcrumb\",\"itemListElement\":[{\"@type\":\"ListItem\",\"position\":1,\"name\":\"Home\",\"item\":\"https:\/\/now-news.de\/de\/\"},{\"@type\":\"ListItem\",\"position\":2,\"name\":\"Wiener Aussichten: Muslimin mit Hidschab als B\u00fcrgermeisterin, Ramadan offizieller Feiertag\"}]},{\"@type\":\"WebSite\",\"@id\":\"https:\/\/now-news.de\/de\/#website\",\"url\":\"https:\/\/now-news.de\/de\/\",\"name\":\"just-now.NEWS Deutschland\",\"description\":\"Das Portal f\u00fcr unzensierte Nachrichten aus der Welt\",\"publisher\":{\"@id\":\"https:\/\/now-news.de\/de\/#organization\"},\"potentialAction\":[{\"@type\":\"SearchAction\",\"target\":{\"@type\":\"EntryPoint\",\"urlTemplate\":\"https:\/\/now-news.de\/de\/?s={search_term_string}\"},\"query-input\":\"required name=search_term_string\"}],\"inLanguage\":\"de\"},{\"@type\":\"Organization\",\"@id\":\"https:\/\/now-news.de\/de\/#organization\",\"name\":\"Just Now News\",\"url\":\"https:\/\/now-news.de\/de\/\",\"logo\":{\"@type\":\"ImageObject\",\"inLanguage\":\"de\",\"@id\":\"https:\/\/now-news.de\/de\/#\/schema\/logo\/image\/\",\"url\":\"http:\/\/just-now.news\/de\/wp-content\/uploads\/sites\/3\/2022\/04\/logo500x500.jpg\",\"contentUrl\":\"http:\/\/just-now.news\/de\/wp-content\/uploads\/sites\/3\/2022\/04\/logo500x500.jpg\",\"width\":500,\"height\":500,\"caption\":\"Just Now News\"},\"image\":{\"@id\":\"https:\/\/now-news.de\/de\/#\/schema\/logo\/image\/\"},\"sameAs\":[\"https:\/\/www.facebook.com\/wirmachenauf\",\"https:\/\/x.com\/WirMachenAuf_de\"]},{\"@type\":\"Person\",\"@id\":\"https:\/\/now-news.de\/de\/#\/schema\/person\/fb534a4e865501d8b3285208df34a9b5\",\"name\":\"rtnews\",\"image\":{\"@type\":\"ImageObject\",\"inLanguage\":\"de\",\"@id\":\"https:\/\/now-news.de\/de\/#\/schema\/person\/image\/\",\"url\":\"https:\/\/secure.gravatar.com\/avatar\/82aafea7d8127119dd649515f56e2117?s=96&d=mm&r=g\",\"contentUrl\":\"https:\/\/secure.gravatar.com\/avatar\/82aafea7d8127119dd649515f56e2117?s=96&d=mm&r=g\",\"caption\":\"rtnews\"},\"url\":\"https:\/\/now-news.de\/de\/author\/rnews\/\"}]}<\/script>\n<!-- \/ Yoast SEO Premium plugin. -->","yoast_head_json":{"title":"Wiener Aussichten: Muslimin mit Hidschab als B\u00fcrgermeisterin, Ramadan offizieller Feiertag - just-now.NEWS Deutschland","robots":{"index":"index","follow":"follow","max-snippet":"max-snippet:-1","max-image-preview":"max-image-preview:large","max-video-preview":"max-video-preview:-1"},"canonical":"https:\/\/now-news.de\/de\/deutschland\/wiener-aussichten-muslimin-mit-hidschab-als-buergermeisterin-ramadan-offizieller-feiertag\/","og_locale":"de_DE","og_type":"article","og_title":"Wiener Aussichten: Muslimin mit Hidschab als B\u00fcrgermeisterin, Ramadan offizieller Feiertag","og_description":"Sali Attia, Spitzenkandidatin der S\u00d6Z und fr\u00fchere &#8220;Liste GAZA&#8221;-Kandidatin, will mit einer Agenda f\u00fcr muslimische Migranten in den Wiener Gemeinderat einziehen. Beide Parteien setzen auf eine st\u00e4rkere politische Vertretung von Muslimen und kritisieren Israels Politik scharf. Die wachsende muslimische Bev\u00f6lkerung in Wien k\u00f6nnte ihren politischen Einfluss st\u00e4rken. In Wien sorgt die Kandidatur von Sali Attia, [&hellip;]","og_url":"https:\/\/now-news.de\/de\/deutschland\/wiener-aussichten-muslimin-mit-hidschab-als-buergermeisterin-ramadan-offizieller-feiertag\/","og_site_name":"just-now.NEWS Deutschland","article_publisher":"https:\/\/www.facebook.com\/wirmachenauf","article_published_time":"2025-04-10T16:17:44+00:00","og_image":[{"url":"https:\/\/now-news.de\/de\/wp-content\/uploads\/sites\/3\/2025\/04\/67f7629648fbef2b5e403951.png"}],"author":"rtnews","twitter_card":"summary_large_image","twitter_creator":"@WirMachenAuf_de","twitter_site":"@WirMachenAuf_de","twitter_misc":{"Verfasst von":"rtnews","Gesch\u00e4tzte Lesezeit":"2\u00a0Minuten"},"schema":{"@context":"https:\/\/schema.org","@graph":[{"@type":"Article","@id":"https:\/\/now-news.de\/de\/deutschland\/wiener-aussichten-muslimin-mit-hidschab-als-buergermeisterin-ramadan-offizieller-feiertag\/#article","isPartOf":{"@id":"https:\/\/now-news.de\/de\/deutschland\/wiener-aussichten-muslimin-mit-hidschab-als-buergermeisterin-ramadan-offizieller-feiertag\/"},"author":{"name":"rtnews","@id":"https:\/\/now-news.de\/de\/#\/schema\/person\/fb534a4e865501d8b3285208df34a9b5"},"headline":"Wiener Aussichten: Muslimin mit Hidschab als B\u00fcrgermeisterin, Ramadan offizieller Feiertag","datePublished":"2025-04-10T16:17:44+00:00","dateModified":"2025-04-10T16:17:44+00:00","mainEntityOfPage":{"@id":"https:\/\/now-news.de\/de\/deutschland\/wiener-aussichten-muslimin-mit-hidschab-als-buergermeisterin-ramadan-offizieller-feiertag\/"},"wordCount":435,"commentCount":0,"publisher":{"@id":"https:\/\/now-news.de\/de\/#organization"},"image":{"@id":"https:\/\/now-news.de\/de\/deutschland\/wiener-aussichten-muslimin-mit-hidschab-als-buergermeisterin-ramadan-offizieller-feiertag\/#primaryimage"},"thumbnailUrl":"https:\/\/now-news.de\/de\/wp-content\/uploads\/sites\/3\/2025\/04\/Wiener-Aussichten-Muslimin-mit-Hidschab-als-Buergermeisterin-Ramadan-offizieller-Feiertag.png","keywords":["als","Aussichten","B\u00fcrgermeisterin","Feiertag","Hidschab","mit","Muslimin","offizieller","RAMADAN","Wiener"],"articleSection":["Deutschland","Russland"],"inLanguage":"de","potentialAction":[{"@type":"CommentAction","name":"Comment","target":["https:\/\/now-news.de\/de\/deutschland\/wiener-aussichten-muslimin-mit-hidschab-als-buergermeisterin-ramadan-offizieller-feiertag\/#respond"]}]},{"@type":"WebPage","@id":"https:\/\/now-news.de\/de\/deutschland\/wiener-aussichten-muslimin-mit-hidschab-als-buergermeisterin-ramadan-offizieller-feiertag\/","url":"https:\/\/now-news.de\/de\/deutschland\/wiener-aussichten-muslimin-mit-hidschab-als-buergermeisterin-ramadan-offizieller-feiertag\/","name":"Wiener Aussichten: Muslimin mit Hidschab als B\u00fcrgermeisterin, Ramadan offizieller Feiertag - just-now.NEWS Deutschland","isPartOf":{"@id":"https:\/\/now-news.de\/de\/#website"},"primaryImageOfPage":{"@id":"https:\/\/now-news.de\/de\/deutschland\/wiener-aussichten-muslimin-mit-hidschab-als-buergermeisterin-ramadan-offizieller-feiertag\/#primaryimage"},"image":{"@id":"https:\/\/now-news.de\/de\/deutschland\/wiener-aussichten-muslimin-mit-hidschab-als-buergermeisterin-ramadan-offizieller-feiertag\/#primaryimage"},"thumbnailUrl":"https:\/\/now-news.de\/de\/wp-content\/uploads\/sites\/3\/2025\/04\/Wiener-Aussichten-Muslimin-mit-Hidschab-als-Buergermeisterin-Ramadan-offizieller-Feiertag.png","datePublished":"2025-04-10T16:17:44+00:00","dateModified":"2025-04-10T16:17:44+00:00","breadcrumb":{"@id":"https:\/\/now-news.de\/de\/deutschland\/wiener-aussichten-muslimin-mit-hidschab-als-buergermeisterin-ramadan-offizieller-feiertag\/#breadcrumb"},"inLanguage":"de","potentialAction":[{"@type":"ReadAction","target":["https:\/\/now-news.de\/de\/deutschland\/wiener-aussichten-muslimin-mit-hidschab-als-buergermeisterin-ramadan-offizieller-feiertag\/"]}]},{"@type":"ImageObject","inLanguage":"de","@id":"https:\/\/now-news.de\/de\/deutschland\/wiener-aussichten-muslimin-mit-hidschab-als-buergermeisterin-ramadan-offizieller-feiertag\/#primaryimage","url":"https:\/\/now-news.de\/de\/wp-content\/uploads\/sites\/3\/2025\/04\/Wiener-Aussichten-Muslimin-mit-Hidschab-als-Buergermeisterin-Ramadan-offizieller-Feiertag.png","contentUrl":"https:\/\/now-news.de\/de\/wp-content\/uploads\/sites\/3\/2025\/04\/Wiener-Aussichten-Muslimin-mit-Hidschab-als-Buergermeisterin-Ramadan-offizieller-Feiertag.png","width":460,"height":259,"caption":"Wiener Aussichten: Muslimin mit Hidschab als B\u00fcrgermeisterin, Ramadan offizieller Feiertag"},{"@type":"BreadcrumbList","@id":"https:\/\/now-news.de\/de\/deutschland\/wiener-aussichten-muslimin-mit-hidschab-als-buergermeisterin-ramadan-offizieller-feiertag\/#breadcrumb","itemListElement":[{"@type":"ListItem","position":1,"name":"Home","item":"https:\/\/now-news.de\/de\/"},{"@type":"ListItem","position":2,"name":"Wiener Aussichten: Muslimin mit Hidschab als B\u00fcrgermeisterin, Ramadan offizieller Feiertag"}]},{"@type":"WebSite","@id":"https:\/\/now-news.de\/de\/#website","url":"https:\/\/now-news.de\/de\/","name":"just-now.NEWS Deutschland","description":"Das Portal f\u00fcr unzensierte Nachrichten aus der Welt","publisher":{"@id":"https:\/\/now-news.de\/de\/#organization"},"potentialAction":[{"@type":"SearchAction","target":{"@type":"EntryPoint","urlTemplate":"https:\/\/now-news.de\/de\/?s={search_term_string}"},"query-input":"required name=search_term_string"}],"inLanguage":"de"},{"@type":"Organization","@id":"https:\/\/now-news.de\/de\/#organization","name":"Just Now News","url":"https:\/\/now-news.de\/de\/","logo":{"@type":"ImageObject","inLanguage":"de","@id":"https:\/\/now-news.de\/de\/#\/schema\/logo\/image\/","url":"http:\/\/just-now.news\/de\/wp-content\/uploads\/sites\/3\/2022\/04\/logo500x500.jpg","contentUrl":"http:\/\/just-now.news\/de\/wp-content\/uploads\/sites\/3\/2022\/04\/logo500x500.jpg","width":500,"height":500,"caption":"Just Now News"},"image":{"@id":"https:\/\/now-news.de\/de\/#\/schema\/logo\/image\/"},"sameAs":["https:\/\/www.facebook.com\/wirmachenauf","https:\/\/x.com\/WirMachenAuf_de"]},{"@type":"Person","@id":"https:\/\/now-news.de\/de\/#\/schema\/person\/fb534a4e865501d8b3285208df34a9b5","name":"rtnews","image":{"@type":"ImageObject","inLanguage":"de","@id":"https:\/\/now-news.de\/de\/#\/schema\/person\/image\/","url":"https:\/\/secure.gravatar.com\/avatar\/82aafea7d8127119dd649515f56e2117?s=96&d=mm&r=g","contentUrl":"https:\/\/secure.gravatar.com\/avatar\/82aafea7d8127119dd649515f56e2117?s=96&d=mm&r=g","caption":"rtnews"},"url":"https:\/\/now-news.de\/de\/author\/rnews\/"}]}},"_links":{"self":[{"href":"https:\/\/now-news.de\/de\/wp-json\/wp\/v2\/posts\/81935"}],"collection":[{"href":"https:\/\/now-news.de\/de\/wp-json\/wp\/v2\/posts"}],"about":[{"href":"https:\/\/now-news.de\/de\/wp-json\/wp\/v2\/types\/post"}],"author":[{"embeddable":true,"href":"https:\/\/now-news.de\/de\/wp-json\/wp\/v2\/users\/3"}],"replies":[{"embeddable":true,"href":"https:\/\/now-news.de\/de\/wp-json\/wp\/v2\/comments?post=81935"}],"version-history":[{"count":0,"href":"https:\/\/now-news.de\/de\/wp-json\/wp\/v2\/posts\/81935\/revisions"}],"wp:featuredmedia":[{"embeddable":true,"href":"https:\/\/now-news.de\/de\/wp-json\/wp\/v2\/media\/81936"}],"wp:attachment":[{"href":"https:\/\/now-news.de\/de\/wp-json\/wp\/v2\/media?parent=81935"}],"wp:term":[{"taxonomy":"category","embeddable":true,"href":"https:\/\/now-news.de\/de\/wp-json\/wp\/v2\/categories?post=81935"},{"taxonomy":"post_tag","embeddable":true,"href":"https:\/\/now-news.de\/de\/wp-json\/wp\/v2\/tags?post=81935"}],"curies":[{"name":"wp","href":"https:\/\/api.w.org\/{rel}","templated":true}]}}