{"id":81901,"date":"2025-04-10T08:37:48","date_gmt":"2025-04-10T06:37:48","guid":{"rendered":"https:\/\/now-news.de\/de\/deutschland\/schweizer-behoerden-setzen-journalisten-unter-druck\/"},"modified":"2025-04-10T08:37:48","modified_gmt":"2025-04-10T06:37:48","slug":"schweizer-behoerden-setzen-journalisten-unter-druck","status":"publish","type":"post","link":"https:\/\/now-news.de\/de\/deutschland\/schweizer-behoerden-setzen-journalisten-unter-druck\/","title":{"rendered":"Schweizer Beh\u00f6rden setzen Journalisten unter Druck"},"content":{"rendered":"<p><img decoding=\"async\" src=\"https:\/\/now-news.de\/de\/wp-content\/uploads\/sites\/3\/2025\/04\/67f7558348fbef2c994b848b.jpg\" \/><\/p>\n<div class=\"Text-root Text-type_1 \">\n                Internationale Journalisten meiden die Schweiz aufgrund rechtlicher Risiken im Zusammenhang mit Bankgeheimnisverletzungen. Besonders im Fall von Bankkunden, die mit Aserbaidschans Herrscherfamilie verbunden sind, sehen sie sich mit Strafanzeigen konfrontiert. Die Schweizer Beh\u00f6rden ermitteln weiterhin, w\u00e4hrend die Pressefreiheit auf dem Spiel steht.\n            <\/div>\n<p><\/p>\n<div class=\"Text-root Text-type_5 ArticleView-text ViewText-root \">\n<p data-start=\"94\" data-end=\"450\">Die Ermittlungen der Schweizer Beh\u00f6rden zum Bankgeheimnis werfen einen Schatten auf die Arbeit internationaler Investigativjournalisten. Besonders im Fall der Credit Suisse (CS) und der Bank Reyl, bei denen Whistleblower vertrauliche Informationen \u00fcber kriminelle Kunden der Banken preisgaben, sind Journalisten zunehmend von rechtlichen Risiken betroffen.<\/p>\n<p>Im Jahr 2022 deckten Journalisten aus der &#8220;S\u00fcddeutschen Zeitung&#8221;, &#8220;Le Monde&#8221;, &#8220;Guardian&#8221; und der Investigativplattform\u00a0<a rel=\"nofollow noopener\" target=\"_blank\" href=\"https:\/\/www.occrp.org\/en\">OCCRP<\/a>\u00a0auf, dass auch Schwerverbrecher und hochrangige Pers\u00f6nlichkeiten \u00fcber Schweizer Bankkonten agierten. Die Berichterstattung \u00fcber diese skandal\u00f6sen Verbindungen ist nun in das Visier der Schweizer Justiz geraten. Das Bankgeheimnis, das 2015 mit einem Gesetz versch\u00e4rft wurde, stellt jede Ver\u00f6ffentlichung von Bankdaten als strafbar dar, wenn diese Daten aus einer Bankgeheimnisverletzung stammen \u2013 auch wenn die betroffenen Kunden in schwerwiegende Straftaten verwickelt sind.<\/p>\n<p>Diese Situation hat dazu gef\u00fchrt, dass Journalisten wie Cecilia Anesi (Italien), Antonio Baquero (Spanien) und Frederik Obermaier (Deutschland) ihre Reisen in die Schweiz eingestellt haben. Sie f\u00fcrchten nicht nur rechtliche Konsequenzen, sondern auch Verh\u00f6re durch die Bundesanwaltschaft, die in mehreren F\u00e4llen von Bankgeheimnisverletzungen\u00a0<a rel=\"nofollow noopener\" target=\"_blank\" href=\"https:\/\/www.tagesanzeiger.ch\/bankgeheimnis-auslaendische-journalistinnen-meiden-die-schweiz-241516533611\">gegen Journalisten ermittelt<\/a>. Besonders brisant ist, dass auch die Entourage der aserbaidschanischen Herrscherfamilie in den Fokus der Recherchen geraten ist, was international politische Spannungen sch\u00fcrt.<\/p>\n<p>Im Rahmen dieser Entwicklungen haben mehrere ausl\u00e4ndische Medien \u00fcber Bankgesch\u00e4fte von Personen im Umfeld des aserbaidschanischen Regimes berichtet, darunter Investitionen in zwei Fonds der Bank Reyl, die \u00fcber 400 Millionen Franken umfassen.<\/p>\n<p>Trotz der Drohungen und rechtlicher H\u00fcrden setzen die Journalisten ihre Arbeit fort, unterst\u00fctzt durch die internationale Gemeinschaft, die sich f\u00fcr die Pressefreiheit stark macht.<\/p>\n<p>Die Schweizer Beh\u00f6rden hingegen stehen in der Kritik, das Bankgeheimnis m\u00f6glicherweise weiter zu versch\u00e4rfen, was die Pressefreiheit zus\u00e4tzlich einschr\u00e4nken k\u00f6nnte. Ein Vorschlag zur Untersuchung dieser Problematik wurde im St\u00e4nderat abgelehnt, und die Frage, wie viel Schutz von Quellen und Pressefreiheit tats\u00e4chlich gew\u00e4hrleistet werden sollte, bleibt weiterhin offen.<\/p>\n<p data-start=\"1629\" data-end=\"2052\"><strong><br \/> Mehr zum Thema<\/strong>\u00a0\u2013\u00a0<a rel=\"nofollow noopener\" target=\"_blank\" href=\"https:\/\/de.rt.com\/international\/204238-pluenderung-ukrainischen-staatskasse-von-eisenbahn\/\">Die Schweiz und die gestohlenen Staatsgelder der Ukraine<\/a><\/p>\n<div class=\"EmbedBlock-root EmbedBlock-externalVideo EmbedBlock-rumble\">\n<div class=\"VkEmbed\"><iframe class=\"lazyload\" data-src=\"https:\/\/rumble.com\/embed\/v5hkgnp\" frameborder=\"0\" width=\"853\" height=\"480\" allowfullscreen><\/iframe><\/div>\n<\/div>\n<\/div>\n<p><br \/>\n<br \/><a href=\"https:\/\/de.rt.com\/schweiz\/242047-schweizer-behoerden-setzen-journalisten-unter\/\">Source link <\/a><\/p>\n","protected":false},"excerpt":{"rendered":"<p>Internationale Journalisten meiden die Schweiz aufgrund rechtlicher Risiken im Zusammenhang mit Bankgeheimnisverletzungen. Besonders im Fall von Bankkunden, die mit Aserbaidschans Herrscherfamilie verbunden sind, sehen sie sich mit Strafanzeigen konfrontiert. Die Schweizer Beh\u00f6rden ermitteln weiterhin, w\u00e4hrend die Pressefreiheit auf dem Spiel steht. Die Ermittlungen der Schweizer Beh\u00f6rden zum Bankgeheimnis werfen einen Schatten auf die Arbeit internationaler [&hellip;]<\/p>\n","protected":false},"author":3,"featured_media":81902,"comment_status":"open","ping_status":"open","sticky":false,"template":"","format":"standard","meta":{"_yoast_indexnow_last_ping":["1744267513"],"wp_automatic_camp":["217"],"b06c51e89edce71bff20e3694a9e5e8b":["Schweizer Beh\u00f6rden setzen Journalisten unter Druck"],"original_link":["https:\/\/de.rt.com\/schweiz\/242047-schweizer-behoerden-setzen-journalisten-unter\/"],"_thumbnail_id":["81902"],"jnews_social_counter_last_update":["1777261587"],"_wptgpro_p2tg_sent2tg":["a:1:{i:23737;s:19:\"2025-04-10 08:46:24\";}"]},"categories":[19,23],"tags":[3244,1610,2726,3424,19207,908],"yoast_head":"<!-- This site is optimized with the Yoast SEO Premium plugin v22.7 (Yoast SEO v22.7) - https:\/\/yoast.com\/wordpress\/plugins\/seo\/ -->\n<title>Schweizer Beh\u00f6rden setzen Journalisten unter Druck - just-now.NEWS Deutschland<\/title>\n<meta name=\"robots\" content=\"index, follow, max-snippet:-1, max-image-preview:large, max-video-preview:-1\" \/>\n<link rel=\"canonical\" href=\"https:\/\/now-news.de\/de\/deutschland\/schweizer-behoerden-setzen-journalisten-unter-druck\/\" \/>\n<meta property=\"og:locale\" content=\"de_DE\" \/>\n<meta property=\"og:type\" content=\"article\" \/>\n<meta property=\"og:title\" content=\"Schweizer Beh\u00f6rden setzen Journalisten unter Druck\" \/>\n<meta property=\"og:description\" content=\"Internationale Journalisten meiden die Schweiz aufgrund rechtlicher Risiken im Zusammenhang mit Bankgeheimnisverletzungen. Besonders im Fall von Bankkunden, die mit Aserbaidschans Herrscherfamilie verbunden sind, sehen sie sich mit Strafanzeigen konfrontiert. Die Schweizer Beh\u00f6rden ermitteln weiterhin, w\u00e4hrend die Pressefreiheit auf dem Spiel steht. Die Ermittlungen der Schweizer Beh\u00f6rden zum Bankgeheimnis werfen einen Schatten auf die Arbeit internationaler [&hellip;]\" \/>\n<meta property=\"og:url\" content=\"https:\/\/now-news.de\/de\/deutschland\/schweizer-behoerden-setzen-journalisten-unter-druck\/\" \/>\n<meta property=\"og:site_name\" content=\"just-now.NEWS Deutschland\" \/>\n<meta property=\"article:publisher\" content=\"https:\/\/www.facebook.com\/wirmachenauf\" \/>\n<meta property=\"article:published_time\" content=\"2025-04-10T06:37:48+00:00\" \/>\n<meta property=\"og:image\" content=\"https:\/\/now-news.de\/de\/wp-content\/uploads\/sites\/3\/2025\/04\/67f7558348fbef2c994b848b.jpg\" \/>\n<meta name=\"author\" content=\"rtnews\" \/>\n<meta name=\"twitter:card\" content=\"summary_large_image\" \/>\n<meta name=\"twitter:creator\" content=\"@WirMachenAuf_de\" \/>\n<meta name=\"twitter:site\" content=\"@WirMachenAuf_de\" \/>\n<meta name=\"twitter:label1\" content=\"Verfasst von\" \/>\n\t<meta name=\"twitter:data1\" content=\"rtnews\" \/>\n\t<meta name=\"twitter:label2\" content=\"Gesch\u00e4tzte Lesezeit\" \/>\n\t<meta name=\"twitter:data2\" content=\"2\u00a0Minuten\" \/>\n<script type=\"application\/ld+json\" class=\"yoast-schema-graph\">{\"@context\":\"https:\/\/schema.org\",\"@graph\":[{\"@type\":\"Article\",\"@id\":\"https:\/\/now-news.de\/de\/deutschland\/schweizer-behoerden-setzen-journalisten-unter-druck\/#article\",\"isPartOf\":{\"@id\":\"https:\/\/now-news.de\/de\/deutschland\/schweizer-behoerden-setzen-journalisten-unter-druck\/\"},\"author\":{\"name\":\"rtnews\",\"@id\":\"https:\/\/now-news.de\/de\/#\/schema\/person\/fb534a4e865501d8b3285208df34a9b5\"},\"headline\":\"Schweizer Beh\u00f6rden setzen Journalisten unter Druck\",\"datePublished\":\"2025-04-10T06:37:48+00:00\",\"dateModified\":\"2025-04-10T06:37:48+00:00\",\"mainEntityOfPage\":{\"@id\":\"https:\/\/now-news.de\/de\/deutschland\/schweizer-behoerden-setzen-journalisten-unter-druck\/\"},\"wordCount\":377,\"commentCount\":0,\"publisher\":{\"@id\":\"https:\/\/now-news.de\/de\/#organization\"},\"image\":{\"@id\":\"https:\/\/now-news.de\/de\/deutschland\/schweizer-behoerden-setzen-journalisten-unter-druck\/#primaryimage\"},\"thumbnailUrl\":\"https:\/\/now-news.de\/de\/wp-content\/uploads\/sites\/3\/2025\/04\/Schweizer-Behoerden-setzen-Journalisten-unter-Druck.jpg\",\"keywords\":[\"Beh\u00f6rden\",\"Druck\",\"Journalisten\",\"Schweizer\",\"setzen\",\"unter\"],\"articleSection\":[\"Deutschland\",\"Russland\"],\"inLanguage\":\"de\",\"potentialAction\":[{\"@type\":\"CommentAction\",\"name\":\"Comment\",\"target\":[\"https:\/\/now-news.de\/de\/deutschland\/schweizer-behoerden-setzen-journalisten-unter-druck\/#respond\"]}]},{\"@type\":\"WebPage\",\"@id\":\"https:\/\/now-news.de\/de\/deutschland\/schweizer-behoerden-setzen-journalisten-unter-druck\/\",\"url\":\"https:\/\/now-news.de\/de\/deutschland\/schweizer-behoerden-setzen-journalisten-unter-druck\/\",\"name\":\"Schweizer Beh\u00f6rden setzen Journalisten unter Druck - just-now.NEWS Deutschland\",\"isPartOf\":{\"@id\":\"https:\/\/now-news.de\/de\/#website\"},\"primaryImageOfPage\":{\"@id\":\"https:\/\/now-news.de\/de\/deutschland\/schweizer-behoerden-setzen-journalisten-unter-druck\/#primaryimage\"},\"image\":{\"@id\":\"https:\/\/now-news.de\/de\/deutschland\/schweizer-behoerden-setzen-journalisten-unter-druck\/#primaryimage\"},\"thumbnailUrl\":\"https:\/\/now-news.de\/de\/wp-content\/uploads\/sites\/3\/2025\/04\/Schweizer-Behoerden-setzen-Journalisten-unter-Druck.jpg\",\"datePublished\":\"2025-04-10T06:37:48+00:00\",\"dateModified\":\"2025-04-10T06:37:48+00:00\",\"breadcrumb\":{\"@id\":\"https:\/\/now-news.de\/de\/deutschland\/schweizer-behoerden-setzen-journalisten-unter-druck\/#breadcrumb\"},\"inLanguage\":\"de\",\"potentialAction\":[{\"@type\":\"ReadAction\",\"target\":[\"https:\/\/now-news.de\/de\/deutschland\/schweizer-behoerden-setzen-journalisten-unter-druck\/\"]}]},{\"@type\":\"ImageObject\",\"inLanguage\":\"de\",\"@id\":\"https:\/\/now-news.de\/de\/deutschland\/schweizer-behoerden-setzen-journalisten-unter-druck\/#primaryimage\",\"url\":\"https:\/\/now-news.de\/de\/wp-content\/uploads\/sites\/3\/2025\/04\/Schweizer-Behoerden-setzen-Journalisten-unter-Druck.jpg\",\"contentUrl\":\"https:\/\/now-news.de\/de\/wp-content\/uploads\/sites\/3\/2025\/04\/Schweizer-Behoerden-setzen-Journalisten-unter-Druck.jpg\",\"width\":460,\"height\":259,\"caption\":\"Schweizer Beh\u00f6rden setzen Journalisten unter Druck\"},{\"@type\":\"BreadcrumbList\",\"@id\":\"https:\/\/now-news.de\/de\/deutschland\/schweizer-behoerden-setzen-journalisten-unter-druck\/#breadcrumb\",\"itemListElement\":[{\"@type\":\"ListItem\",\"position\":1,\"name\":\"Home\",\"item\":\"https:\/\/now-news.de\/de\/\"},{\"@type\":\"ListItem\",\"position\":2,\"name\":\"Schweizer Beh\u00f6rden setzen Journalisten unter Druck\"}]},{\"@type\":\"WebSite\",\"@id\":\"https:\/\/now-news.de\/de\/#website\",\"url\":\"https:\/\/now-news.de\/de\/\",\"name\":\"just-now.NEWS Deutschland\",\"description\":\"Das Portal f\u00fcr unzensierte Nachrichten aus der Welt\",\"publisher\":{\"@id\":\"https:\/\/now-news.de\/de\/#organization\"},\"potentialAction\":[{\"@type\":\"SearchAction\",\"target\":{\"@type\":\"EntryPoint\",\"urlTemplate\":\"https:\/\/now-news.de\/de\/?s={search_term_string}\"},\"query-input\":\"required name=search_term_string\"}],\"inLanguage\":\"de\"},{\"@type\":\"Organization\",\"@id\":\"https:\/\/now-news.de\/de\/#organization\",\"name\":\"Just Now News\",\"url\":\"https:\/\/now-news.de\/de\/\",\"logo\":{\"@type\":\"ImageObject\",\"inLanguage\":\"de\",\"@id\":\"https:\/\/now-news.de\/de\/#\/schema\/logo\/image\/\",\"url\":\"http:\/\/just-now.news\/de\/wp-content\/uploads\/sites\/3\/2022\/04\/logo500x500.jpg\",\"contentUrl\":\"http:\/\/just-now.news\/de\/wp-content\/uploads\/sites\/3\/2022\/04\/logo500x500.jpg\",\"width\":500,\"height\":500,\"caption\":\"Just Now News\"},\"image\":{\"@id\":\"https:\/\/now-news.de\/de\/#\/schema\/logo\/image\/\"},\"sameAs\":[\"https:\/\/www.facebook.com\/wirmachenauf\",\"https:\/\/x.com\/WirMachenAuf_de\"]},{\"@type\":\"Person\",\"@id\":\"https:\/\/now-news.de\/de\/#\/schema\/person\/fb534a4e865501d8b3285208df34a9b5\",\"name\":\"rtnews\",\"image\":{\"@type\":\"ImageObject\",\"inLanguage\":\"de\",\"@id\":\"https:\/\/now-news.de\/de\/#\/schema\/person\/image\/\",\"url\":\"https:\/\/secure.gravatar.com\/avatar\/82aafea7d8127119dd649515f56e2117?s=96&d=mm&r=g\",\"contentUrl\":\"https:\/\/secure.gravatar.com\/avatar\/82aafea7d8127119dd649515f56e2117?s=96&d=mm&r=g\",\"caption\":\"rtnews\"},\"url\":\"https:\/\/now-news.de\/de\/author\/rnews\/\"}]}<\/script>\n<!-- \/ Yoast SEO Premium plugin. -->","yoast_head_json":{"title":"Schweizer Beh\u00f6rden setzen Journalisten unter Druck - just-now.NEWS Deutschland","robots":{"index":"index","follow":"follow","max-snippet":"max-snippet:-1","max-image-preview":"max-image-preview:large","max-video-preview":"max-video-preview:-1"},"canonical":"https:\/\/now-news.de\/de\/deutschland\/schweizer-behoerden-setzen-journalisten-unter-druck\/","og_locale":"de_DE","og_type":"article","og_title":"Schweizer Beh\u00f6rden setzen Journalisten unter Druck","og_description":"Internationale Journalisten meiden die Schweiz aufgrund rechtlicher Risiken im Zusammenhang mit Bankgeheimnisverletzungen. Besonders im Fall von Bankkunden, die mit Aserbaidschans Herrscherfamilie verbunden sind, sehen sie sich mit Strafanzeigen konfrontiert. Die Schweizer Beh\u00f6rden ermitteln weiterhin, w\u00e4hrend die Pressefreiheit auf dem Spiel steht. Die Ermittlungen der Schweizer Beh\u00f6rden zum Bankgeheimnis werfen einen Schatten auf die Arbeit internationaler [&hellip;]","og_url":"https:\/\/now-news.de\/de\/deutschland\/schweizer-behoerden-setzen-journalisten-unter-druck\/","og_site_name":"just-now.NEWS Deutschland","article_publisher":"https:\/\/www.facebook.com\/wirmachenauf","article_published_time":"2025-04-10T06:37:48+00:00","og_image":[{"url":"https:\/\/now-news.de\/de\/wp-content\/uploads\/sites\/3\/2025\/04\/67f7558348fbef2c994b848b.jpg"}],"author":"rtnews","twitter_card":"summary_large_image","twitter_creator":"@WirMachenAuf_de","twitter_site":"@WirMachenAuf_de","twitter_misc":{"Verfasst von":"rtnews","Gesch\u00e4tzte Lesezeit":"2\u00a0Minuten"},"schema":{"@context":"https:\/\/schema.org","@graph":[{"@type":"Article","@id":"https:\/\/now-news.de\/de\/deutschland\/schweizer-behoerden-setzen-journalisten-unter-druck\/#article","isPartOf":{"@id":"https:\/\/now-news.de\/de\/deutschland\/schweizer-behoerden-setzen-journalisten-unter-druck\/"},"author":{"name":"rtnews","@id":"https:\/\/now-news.de\/de\/#\/schema\/person\/fb534a4e865501d8b3285208df34a9b5"},"headline":"Schweizer Beh\u00f6rden setzen Journalisten unter Druck","datePublished":"2025-04-10T06:37:48+00:00","dateModified":"2025-04-10T06:37:48+00:00","mainEntityOfPage":{"@id":"https:\/\/now-news.de\/de\/deutschland\/schweizer-behoerden-setzen-journalisten-unter-druck\/"},"wordCount":377,"commentCount":0,"publisher":{"@id":"https:\/\/now-news.de\/de\/#organization"},"image":{"@id":"https:\/\/now-news.de\/de\/deutschland\/schweizer-behoerden-setzen-journalisten-unter-druck\/#primaryimage"},"thumbnailUrl":"https:\/\/now-news.de\/de\/wp-content\/uploads\/sites\/3\/2025\/04\/Schweizer-Behoerden-setzen-Journalisten-unter-Druck.jpg","keywords":["Beh\u00f6rden","Druck","Journalisten","Schweizer","setzen","unter"],"articleSection":["Deutschland","Russland"],"inLanguage":"de","potentialAction":[{"@type":"CommentAction","name":"Comment","target":["https:\/\/now-news.de\/de\/deutschland\/schweizer-behoerden-setzen-journalisten-unter-druck\/#respond"]}]},{"@type":"WebPage","@id":"https:\/\/now-news.de\/de\/deutschland\/schweizer-behoerden-setzen-journalisten-unter-druck\/","url":"https:\/\/now-news.de\/de\/deutschland\/schweizer-behoerden-setzen-journalisten-unter-druck\/","name":"Schweizer Beh\u00f6rden setzen Journalisten unter Druck - just-now.NEWS Deutschland","isPartOf":{"@id":"https:\/\/now-news.de\/de\/#website"},"primaryImageOfPage":{"@id":"https:\/\/now-news.de\/de\/deutschland\/schweizer-behoerden-setzen-journalisten-unter-druck\/#primaryimage"},"image":{"@id":"https:\/\/now-news.de\/de\/deutschland\/schweizer-behoerden-setzen-journalisten-unter-druck\/#primaryimage"},"thumbnailUrl":"https:\/\/now-news.de\/de\/wp-content\/uploads\/sites\/3\/2025\/04\/Schweizer-Behoerden-setzen-Journalisten-unter-Druck.jpg","datePublished":"2025-04-10T06:37:48+00:00","dateModified":"2025-04-10T06:37:48+00:00","breadcrumb":{"@id":"https:\/\/now-news.de\/de\/deutschland\/schweizer-behoerden-setzen-journalisten-unter-druck\/#breadcrumb"},"inLanguage":"de","potentialAction":[{"@type":"ReadAction","target":["https:\/\/now-news.de\/de\/deutschland\/schweizer-behoerden-setzen-journalisten-unter-druck\/"]}]},{"@type":"ImageObject","inLanguage":"de","@id":"https:\/\/now-news.de\/de\/deutschland\/schweizer-behoerden-setzen-journalisten-unter-druck\/#primaryimage","url":"https:\/\/now-news.de\/de\/wp-content\/uploads\/sites\/3\/2025\/04\/Schweizer-Behoerden-setzen-Journalisten-unter-Druck.jpg","contentUrl":"https:\/\/now-news.de\/de\/wp-content\/uploads\/sites\/3\/2025\/04\/Schweizer-Behoerden-setzen-Journalisten-unter-Druck.jpg","width":460,"height":259,"caption":"Schweizer Beh\u00f6rden setzen Journalisten unter Druck"},{"@type":"BreadcrumbList","@id":"https:\/\/now-news.de\/de\/deutschland\/schweizer-behoerden-setzen-journalisten-unter-druck\/#breadcrumb","itemListElement":[{"@type":"ListItem","position":1,"name":"Home","item":"https:\/\/now-news.de\/de\/"},{"@type":"ListItem","position":2,"name":"Schweizer Beh\u00f6rden setzen Journalisten unter Druck"}]},{"@type":"WebSite","@id":"https:\/\/now-news.de\/de\/#website","url":"https:\/\/now-news.de\/de\/","name":"just-now.NEWS Deutschland","description":"Das Portal f\u00fcr unzensierte Nachrichten aus der Welt","publisher":{"@id":"https:\/\/now-news.de\/de\/#organization"},"potentialAction":[{"@type":"SearchAction","target":{"@type":"EntryPoint","urlTemplate":"https:\/\/now-news.de\/de\/?s={search_term_string}"},"query-input":"required name=search_term_string"}],"inLanguage":"de"},{"@type":"Organization","@id":"https:\/\/now-news.de\/de\/#organization","name":"Just Now News","url":"https:\/\/now-news.de\/de\/","logo":{"@type":"ImageObject","inLanguage":"de","@id":"https:\/\/now-news.de\/de\/#\/schema\/logo\/image\/","url":"http:\/\/just-now.news\/de\/wp-content\/uploads\/sites\/3\/2022\/04\/logo500x500.jpg","contentUrl":"http:\/\/just-now.news\/de\/wp-content\/uploads\/sites\/3\/2022\/04\/logo500x500.jpg","width":500,"height":500,"caption":"Just Now News"},"image":{"@id":"https:\/\/now-news.de\/de\/#\/schema\/logo\/image\/"},"sameAs":["https:\/\/www.facebook.com\/wirmachenauf","https:\/\/x.com\/WirMachenAuf_de"]},{"@type":"Person","@id":"https:\/\/now-news.de\/de\/#\/schema\/person\/fb534a4e865501d8b3285208df34a9b5","name":"rtnews","image":{"@type":"ImageObject","inLanguage":"de","@id":"https:\/\/now-news.de\/de\/#\/schema\/person\/image\/","url":"https:\/\/secure.gravatar.com\/avatar\/82aafea7d8127119dd649515f56e2117?s=96&d=mm&r=g","contentUrl":"https:\/\/secure.gravatar.com\/avatar\/82aafea7d8127119dd649515f56e2117?s=96&d=mm&r=g","caption":"rtnews"},"url":"https:\/\/now-news.de\/de\/author\/rnews\/"}]}},"_links":{"self":[{"href":"https:\/\/now-news.de\/de\/wp-json\/wp\/v2\/posts\/81901"}],"collection":[{"href":"https:\/\/now-news.de\/de\/wp-json\/wp\/v2\/posts"}],"about":[{"href":"https:\/\/now-news.de\/de\/wp-json\/wp\/v2\/types\/post"}],"author":[{"embeddable":true,"href":"https:\/\/now-news.de\/de\/wp-json\/wp\/v2\/users\/3"}],"replies":[{"embeddable":true,"href":"https:\/\/now-news.de\/de\/wp-json\/wp\/v2\/comments?post=81901"}],"version-history":[{"count":0,"href":"https:\/\/now-news.de\/de\/wp-json\/wp\/v2\/posts\/81901\/revisions"}],"wp:featuredmedia":[{"embeddable":true,"href":"https:\/\/now-news.de\/de\/wp-json\/wp\/v2\/media\/81902"}],"wp:attachment":[{"href":"https:\/\/now-news.de\/de\/wp-json\/wp\/v2\/media?parent=81901"}],"wp:term":[{"taxonomy":"category","embeddable":true,"href":"https:\/\/now-news.de\/de\/wp-json\/wp\/v2\/categories?post=81901"},{"taxonomy":"post_tag","embeddable":true,"href":"https:\/\/now-news.de\/de\/wp-json\/wp\/v2\/tags?post=81901"}],"curies":[{"name":"wp","href":"https:\/\/api.w.org\/{rel}","templated":true}]}}