{"id":81873,"date":"2025-04-09T16:25:46","date_gmt":"2025-04-09T14:25:46","guid":{"rendered":"https:\/\/now-news.de\/de\/deutschland\/praesidentschaftsrennen-beginnt-suedkoreas-oppositionsfuehrer-lee-will-fuer-amt-kandidieren\/"},"modified":"2025-04-09T16:25:46","modified_gmt":"2025-04-09T14:25:46","slug":"praesidentschaftsrennen-beginnt-suedkoreas-oppositionsfuehrer-lee-will-fuer-amt-kandidieren","status":"publish","type":"post","link":"https:\/\/now-news.de\/de\/deutschland\/praesidentschaftsrennen-beginnt-suedkoreas-oppositionsfuehrer-lee-will-fuer-amt-kandidieren\/","title":{"rendered":"Pr\u00e4sidentschaftsrennen beginnt: S\u00fcdkoreas Oppositionsf\u00fchrer Lee will f\u00fcr Amt kandidieren\u00a0"},"content":{"rendered":"<p><img decoding=\"async\" src=\"https:\/\/now-news.de\/de\/wp-content\/uploads\/sites\/3\/2025\/04\/67f6795c48fbef2bc96a4067.jpg\" \/><\/p>\n<div class=\"Text-root Text-type_1 \">\n                Nach der Absetzung von Pr\u00e4sident Yoon steht S\u00fcdkorea vor einem Machtwechsel. Die Neuwahlen werden Anfang Juni abgehalten. Der neue Staatschef wird von den Folgen des Handelskriegs mit den USA sowie den wachsenden nuklearen Ambitionen der DVRK konfrontiert sein.\n            <\/div>\n<p><\/p>\n<div class=\"Text-root Text-type_5 ArticleView-text ViewText-root \">\n<p>Der Vorsitzende der gr\u00f6\u00dften oppositionellen Demokratischen Partei S\u00fcdkoreas, Lee Jae-myung, hat am Mittwoch seinen R\u00fccktritt als Parteivorsitzender erkl\u00e4rt. Dies <a rel=\"nofollow noopener\" target=\"_blank\" href=\"https:\/\/en.yna.co.kr\/view\/AEN20250409003651315?section=search\">berichtet<\/a> die Nachrichtenagentur <em>Yonhap<\/em>.<\/p>\n<p>Es wird erwartet, dass Lee, der als Spitzenkandidat f\u00fcr die bevorstehenden Pr\u00e4sidentschaftswahlen angesehen wird, bereits am Donnerstag seine Pr\u00e4sidentschaftskandidatur bekannt geben wird. &#8220;Ich bin dankbar, dass ich drei Jahre lang als Parteivorsitzender arbeiten konnte und einige bedeutende Ergebnisse erzielt habe&#8221;, betonte der Politiker auf einer Sitzung des Obersten Rates der Partei. &#8220;Ich f\u00fchle mich nicht besonders traurig, denn ich glaube, dass ich bald ein neues Kapitel beginnen werde&#8221;, sagte Lee in Anspielung auf seine Pr\u00e4sidentschaftskandidatur.\u00a0Sp\u00e4ter erg\u00e4nzte sein Berater Kwon Hyuk-ki gegen\u00fcber Reportern, dass Lee seine Pr\u00e4sidentschaftskandidatur per Videobotschaft am Donnerstag ank\u00fcndigen werde.<\/p>\n<p>Am 3. Juni finden in S\u00fcdkorea vorgezogene Pr\u00e4sidentschaftswahlen statt, nachdem der ehemalige Pr\u00e4sident Yoon Suk-yeol infolge der Verh\u00e4ngung des Kriegsrechts im Dezember seines Amtes enthoben worden war.<\/p>\n<p>Die Wahl des neuen Staatsoberhauptes findet vor dem Hintergrund der schwersten Verfassungskrise des Landes seit Jahrzehnten statt.\u00a0Der neue Staatschef wird zudem mit schwerwiegenden wirtschaftlichen Problemen konfrontiert sein. Die Nachrichtenagentur <em>Reuters<\/em>\u00a0<a rel=\"nofollow noopener\" target=\"_blank\" href=\"https:\/\/www.reuters.com\/world\/asia-pacific\/south-koreas-lee-jae-myung-steps-down-party-head-amid-expectations-presidential-2025-04-09\/\">weist<\/a> darauf hin, dass er die viertgr\u00f6\u00dfte Volkswirtschaft Asiens durch einen globalen Handelskrieg f\u00fchren m\u00fcsse, der durch die von US-Pr\u00e4sident Donald Trump verh\u00e4ngten weitreichenden Z\u00f6lle ausgel\u00f6st wurde.<\/p>\n<p>Im Jahr 2022 verlor Lee bei den Pr\u00e4sidentschaftswahlen gegen Yoon mit dem knappsten Ergebnis in der Geschichte des Landes. Im vergangenen Jahr f\u00fchrte der 61-j\u00e4hrige Politiker seine Demokratische Partei bei den Parlamentswahlen zum Sieg.<\/p>\n<p><em>Reuters<\/em> zufolge verf\u00fcge die regierende Konservative Partei im Gegensatz zur oppositionellen Demokratischen Partei \u00fcber mehrere potenzielle Kandidaten, darunter den Arbeitsminister Kim Moon-soo, aber auch die B\u00fcrgermeister von Seoul, Oh Se-hoon, und von Incheon, Yoo Jeong-bok.<\/p>\n<p>Der 73-j\u00e4hrige Kim Moon-soo hat bereits bekannt gegeben, f\u00fcr das Amt des Pr\u00e4sidenten kandidieren zu wollen. Kim, der Yoon unterst\u00fctzt und seine Wiedereinsetzung gefordert hatte, f\u00fchre derzeit die Liste der konservativen Kandidaten an, wobei er in den Meinungsumfragen hinter Lee liegt.<\/p>\n<p>Laut einer j\u00fcngsten Umfrage von Gallup Korea, die vergangene Woche <a rel=\"nofollow noopener\" target=\"_blank\" href=\"https:\/\/en.yna.co.kr\/view\/AEN20250403008557315?section=search\">durchgef\u00fchrt<\/a> wurde, erwarten 52 Prozent der Befragten, dass ein Kandidat der Opposition die n\u00e4chsten Wahlen gewinnt, w\u00e4hrend 37 Prozent einen Kandidaten der Regierungspartei favorisieren. F\u00fcr das Amt des k\u00fcnftigen Pr\u00e4sidenten erhielt Lee mit 34 Prozent die gr\u00f6\u00dfte Unterst\u00fctzung der Befragten, gefolgt von Arbeitsminister Kim mit neun Prozent.\u00a0<\/p>\n<p>Sollte er gew\u00e4hlt werden, <a rel=\"nofollow noopener\" target=\"_blank\" href=\"https:\/\/en.yna.co.kr\/view\/AEN20250409003400315\">will<\/a>\u00a0Kim sich f\u00fcr die Wiederaufbereitung von Kernbrennstoffen einsetzen und U-Boote mit Atomantrieb entwickeln, um eine nukleare Bedrohung seitens der DVRK abzuwehren.<\/p>\n<p>Kim sagte, er werde sich auf die St\u00e4rkung des Sicherheitsb\u00fcndnisses mit Washington konzentrieren, betonte jedoch, er werde darauf dr\u00e4ngen, mit US-Pr\u00e4sident Donald Trump \u00fcber eine Vereinbarung zur Aufteilung der Verteidigungskosten f\u00fcr die Stationierung der US-Streitkr\u00e4fte in S\u00fcdkorea zu verhandeln.<\/p>\n<p><strong>Mehr zum Thema \u2013\u00a0<\/strong><a rel=\"nofollow noopener\" target=\"_blank\" href=\"https:\/\/freedert.online\/international\/241979-us-zoelle-von-104-auf\/\">Nach 104 Prozent Z\u00f6llen auf chinesische Importe: Peking schl\u00e4gt erneut zur\u00fcck<\/a><\/p>\n<div class=\"EmbedBlock-root EmbedBlock-externalVideo EmbedBlock-rumble\">\n<div class=\"VkEmbed\"><iframe class=\"lazyload\" data-src=\"https:\/\/rumble.com\/embed\/v6pebon\" frameborder=\"0\" width=\"853\" height=\"480\" allowfullscreen><\/iframe><\/div>\n<\/div>\n<\/div>\n<p><br \/>\n<br \/><a href=\"https:\/\/de.rt.com\/asien\/242003-praesidentschaftsrennen-beginnt-suedkoreas-oppositionsfuehrer-lee\/\">Source link <\/a><\/p>\n","protected":false},"excerpt":{"rendered":"<p>Nach der Absetzung von Pr\u00e4sident Yoon steht S\u00fcdkorea vor einem Machtwechsel. Die Neuwahlen werden Anfang Juni abgehalten. Der neue Staatschef wird von den Folgen des Handelskriegs mit den USA sowie den wachsenden nuklearen Ambitionen der DVRK konfrontiert sein. Der Vorsitzende der gr\u00f6\u00dften oppositionellen Demokratischen Partei S\u00fcdkoreas, Lee Jae-myung, hat am Mittwoch seinen R\u00fccktritt als Parteivorsitzender [&hellip;]<\/p>\n","protected":false},"author":3,"featured_media":81874,"comment_status":"open","ping_status":"open","sticky":false,"template":"","format":"standard","meta":{"_yoast_indexnow_last_ping":["1744212551"],"wp_automatic_camp":["217"],"498371e169f81adbba2cad5b24151ae5":["Pr\u00e4sidentschaftsrennen beginnt: S\u00fcdkoreas Oppositionsf\u00fchrer Lee will f\u00fcr Amt kandidieren\u00a0"],"original_link":["https:\/\/de.rt.com\/asien\/242003-praesidentschaftsrennen-beginnt-suedkoreas-oppositionsfuehrer-lee\/"],"_thumbnail_id":["81874"],"jnews_social_counter_last_update":["1777605127"],"_wptgpro_p2tg_sent2tg":["a:1:{i:23737;s:19:\"2025-04-09 17:30:31\";}"]},"categories":[19,23],"tags":[9132,490,221,5447,19233,673,56149,7777],"yoast_head":"<!-- This site is optimized with the Yoast SEO Premium plugin v22.7 (Yoast SEO v22.7) - https:\/\/yoast.com\/wordpress\/plugins\/seo\/ -->\n<title>Pr\u00e4sidentschaftsrennen beginnt: S\u00fcdkoreas Oppositionsf\u00fchrer Lee will f\u00fcr Amt kandidieren\u00a0 - just-now.NEWS Deutschland<\/title>\n<meta name=\"robots\" content=\"index, follow, max-snippet:-1, max-image-preview:large, max-video-preview:-1\" \/>\n<link rel=\"canonical\" href=\"https:\/\/now-news.de\/de\/deutschland\/praesidentschaftsrennen-beginnt-suedkoreas-oppositionsfuehrer-lee-will-fuer-amt-kandidieren\/\" \/>\n<meta property=\"og:locale\" content=\"de_DE\" \/>\n<meta property=\"og:type\" content=\"article\" \/>\n<meta property=\"og:title\" content=\"Pr\u00e4sidentschaftsrennen beginnt: S\u00fcdkoreas Oppositionsf\u00fchrer Lee will f\u00fcr Amt kandidieren\u00a0\" \/>\n<meta property=\"og:description\" content=\"Nach der Absetzung von Pr\u00e4sident Yoon steht S\u00fcdkorea vor einem Machtwechsel. Die Neuwahlen werden Anfang Juni abgehalten. Der neue Staatschef wird von den Folgen des Handelskriegs mit den USA sowie den wachsenden nuklearen Ambitionen der DVRK konfrontiert sein. Der Vorsitzende der gr\u00f6\u00dften oppositionellen Demokratischen Partei S\u00fcdkoreas, Lee Jae-myung, hat am Mittwoch seinen R\u00fccktritt als Parteivorsitzender [&hellip;]\" \/>\n<meta property=\"og:url\" content=\"https:\/\/now-news.de\/de\/deutschland\/praesidentschaftsrennen-beginnt-suedkoreas-oppositionsfuehrer-lee-will-fuer-amt-kandidieren\/\" \/>\n<meta property=\"og:site_name\" content=\"just-now.NEWS Deutschland\" \/>\n<meta property=\"article:publisher\" content=\"https:\/\/www.facebook.com\/wirmachenauf\" \/>\n<meta property=\"article:published_time\" content=\"2025-04-09T14:25:46+00:00\" \/>\n<meta property=\"og:image\" content=\"https:\/\/now-news.de\/de\/wp-content\/uploads\/sites\/3\/2025\/04\/67f6795c48fbef2bc96a4067.jpg\" \/>\n<meta name=\"author\" content=\"rtnews\" \/>\n<meta name=\"twitter:card\" content=\"summary_large_image\" \/>\n<meta name=\"twitter:creator\" content=\"@WirMachenAuf_de\" \/>\n<meta name=\"twitter:site\" content=\"@WirMachenAuf_de\" \/>\n<meta name=\"twitter:label1\" content=\"Verfasst von\" \/>\n\t<meta name=\"twitter:data1\" content=\"rtnews\" \/>\n\t<meta name=\"twitter:label2\" content=\"Gesch\u00e4tzte Lesezeit\" \/>\n\t<meta name=\"twitter:data2\" content=\"3\u00a0Minuten\" \/>\n<script type=\"application\/ld+json\" class=\"yoast-schema-graph\">{\"@context\":\"https:\/\/schema.org\",\"@graph\":[{\"@type\":\"Article\",\"@id\":\"https:\/\/now-news.de\/de\/deutschland\/praesidentschaftsrennen-beginnt-suedkoreas-oppositionsfuehrer-lee-will-fuer-amt-kandidieren\/#article\",\"isPartOf\":{\"@id\":\"https:\/\/now-news.de\/de\/deutschland\/praesidentschaftsrennen-beginnt-suedkoreas-oppositionsfuehrer-lee-will-fuer-amt-kandidieren\/\"},\"author\":{\"name\":\"rtnews\",\"@id\":\"https:\/\/now-news.de\/de\/#\/schema\/person\/fb534a4e865501d8b3285208df34a9b5\"},\"headline\":\"Pr\u00e4sidentschaftsrennen beginnt: S\u00fcdkoreas Oppositionsf\u00fchrer Lee will f\u00fcr Amt kandidieren\u00a0\",\"datePublished\":\"2025-04-09T14:25:46+00:00\",\"dateModified\":\"2025-04-09T14:25:46+00:00\",\"mainEntityOfPage\":{\"@id\":\"https:\/\/now-news.de\/de\/deutschland\/praesidentschaftsrennen-beginnt-suedkoreas-oppositionsfuehrer-lee-will-fuer-amt-kandidieren\/\"},\"wordCount\":553,\"commentCount\":0,\"publisher\":{\"@id\":\"https:\/\/now-news.de\/de\/#organization\"},\"image\":{\"@id\":\"https:\/\/now-news.de\/de\/deutschland\/praesidentschaftsrennen-beginnt-suedkoreas-oppositionsfuehrer-lee-will-fuer-amt-kandidieren\/#primaryimage\"},\"thumbnailUrl\":\"https:\/\/now-news.de\/de\/wp-content\/uploads\/sites\/3\/2025\/04\/Praesidentschaftsrennen-beginnt-Suedkoreas-Oppositionsfuehrer-Lee-will-fuer-Amt-kandidieren.jpg\",\"keywords\":[\"Amt\",\"beginnt\",\"f\u00fcr\",\"kandidieren\",\"Lee\",\"Oppositionsf\u00fchrer\",\"Pr\u00e4sidentschaftsrennen\",\"S\u00fcdkoreas\"],\"articleSection\":[\"Deutschland\",\"Russland\"],\"inLanguage\":\"de\",\"potentialAction\":[{\"@type\":\"CommentAction\",\"name\":\"Comment\",\"target\":[\"https:\/\/now-news.de\/de\/deutschland\/praesidentschaftsrennen-beginnt-suedkoreas-oppositionsfuehrer-lee-will-fuer-amt-kandidieren\/#respond\"]}]},{\"@type\":\"WebPage\",\"@id\":\"https:\/\/now-news.de\/de\/deutschland\/praesidentschaftsrennen-beginnt-suedkoreas-oppositionsfuehrer-lee-will-fuer-amt-kandidieren\/\",\"url\":\"https:\/\/now-news.de\/de\/deutschland\/praesidentschaftsrennen-beginnt-suedkoreas-oppositionsfuehrer-lee-will-fuer-amt-kandidieren\/\",\"name\":\"Pr\u00e4sidentschaftsrennen beginnt: S\u00fcdkoreas Oppositionsf\u00fchrer Lee will f\u00fcr Amt kandidieren\u00a0 - just-now.NEWS Deutschland\",\"isPartOf\":{\"@id\":\"https:\/\/now-news.de\/de\/#website\"},\"primaryImageOfPage\":{\"@id\":\"https:\/\/now-news.de\/de\/deutschland\/praesidentschaftsrennen-beginnt-suedkoreas-oppositionsfuehrer-lee-will-fuer-amt-kandidieren\/#primaryimage\"},\"image\":{\"@id\":\"https:\/\/now-news.de\/de\/deutschland\/praesidentschaftsrennen-beginnt-suedkoreas-oppositionsfuehrer-lee-will-fuer-amt-kandidieren\/#primaryimage\"},\"thumbnailUrl\":\"https:\/\/now-news.de\/de\/wp-content\/uploads\/sites\/3\/2025\/04\/Praesidentschaftsrennen-beginnt-Suedkoreas-Oppositionsfuehrer-Lee-will-fuer-Amt-kandidieren.jpg\",\"datePublished\":\"2025-04-09T14:25:46+00:00\",\"dateModified\":\"2025-04-09T14:25:46+00:00\",\"breadcrumb\":{\"@id\":\"https:\/\/now-news.de\/de\/deutschland\/praesidentschaftsrennen-beginnt-suedkoreas-oppositionsfuehrer-lee-will-fuer-amt-kandidieren\/#breadcrumb\"},\"inLanguage\":\"de\",\"potentialAction\":[{\"@type\":\"ReadAction\",\"target\":[\"https:\/\/now-news.de\/de\/deutschland\/praesidentschaftsrennen-beginnt-suedkoreas-oppositionsfuehrer-lee-will-fuer-amt-kandidieren\/\"]}]},{\"@type\":\"ImageObject\",\"inLanguage\":\"de\",\"@id\":\"https:\/\/now-news.de\/de\/deutschland\/praesidentschaftsrennen-beginnt-suedkoreas-oppositionsfuehrer-lee-will-fuer-amt-kandidieren\/#primaryimage\",\"url\":\"https:\/\/now-news.de\/de\/wp-content\/uploads\/sites\/3\/2025\/04\/Praesidentschaftsrennen-beginnt-Suedkoreas-Oppositionsfuehrer-Lee-will-fuer-Amt-kandidieren.jpg\",\"contentUrl\":\"https:\/\/now-news.de\/de\/wp-content\/uploads\/sites\/3\/2025\/04\/Praesidentschaftsrennen-beginnt-Suedkoreas-Oppositionsfuehrer-Lee-will-fuer-Amt-kandidieren.jpg\",\"width\":460,\"height\":259,\"caption\":\"Pr\u00e4sidentschaftsrennen beginnt: S\u00fcdkoreas Oppositionsf\u00fchrer Lee will f\u00fcr Amt kandidieren\u00a0\"},{\"@type\":\"BreadcrumbList\",\"@id\":\"https:\/\/now-news.de\/de\/deutschland\/praesidentschaftsrennen-beginnt-suedkoreas-oppositionsfuehrer-lee-will-fuer-amt-kandidieren\/#breadcrumb\",\"itemListElement\":[{\"@type\":\"ListItem\",\"position\":1,\"name\":\"Home\",\"item\":\"https:\/\/now-news.de\/de\/\"},{\"@type\":\"ListItem\",\"position\":2,\"name\":\"Pr\u00e4sidentschaftsrennen beginnt: S\u00fcdkoreas Oppositionsf\u00fchrer Lee will f\u00fcr Amt kandidieren\u00a0\"}]},{\"@type\":\"WebSite\",\"@id\":\"https:\/\/now-news.de\/de\/#website\",\"url\":\"https:\/\/now-news.de\/de\/\",\"name\":\"just-now.NEWS Deutschland\",\"description\":\"Das Portal f\u00fcr unzensierte Nachrichten aus der Welt\",\"publisher\":{\"@id\":\"https:\/\/now-news.de\/de\/#organization\"},\"potentialAction\":[{\"@type\":\"SearchAction\",\"target\":{\"@type\":\"EntryPoint\",\"urlTemplate\":\"https:\/\/now-news.de\/de\/?s={search_term_string}\"},\"query-input\":\"required name=search_term_string\"}],\"inLanguage\":\"de\"},{\"@type\":\"Organization\",\"@id\":\"https:\/\/now-news.de\/de\/#organization\",\"name\":\"Just Now News\",\"url\":\"https:\/\/now-news.de\/de\/\",\"logo\":{\"@type\":\"ImageObject\",\"inLanguage\":\"de\",\"@id\":\"https:\/\/now-news.de\/de\/#\/schema\/logo\/image\/\",\"url\":\"http:\/\/just-now.news\/de\/wp-content\/uploads\/sites\/3\/2022\/04\/logo500x500.jpg\",\"contentUrl\":\"http:\/\/just-now.news\/de\/wp-content\/uploads\/sites\/3\/2022\/04\/logo500x500.jpg\",\"width\":500,\"height\":500,\"caption\":\"Just Now News\"},\"image\":{\"@id\":\"https:\/\/now-news.de\/de\/#\/schema\/logo\/image\/\"},\"sameAs\":[\"https:\/\/www.facebook.com\/wirmachenauf\",\"https:\/\/x.com\/WirMachenAuf_de\"]},{\"@type\":\"Person\",\"@id\":\"https:\/\/now-news.de\/de\/#\/schema\/person\/fb534a4e865501d8b3285208df34a9b5\",\"name\":\"rtnews\",\"image\":{\"@type\":\"ImageObject\",\"inLanguage\":\"de\",\"@id\":\"https:\/\/now-news.de\/de\/#\/schema\/person\/image\/\",\"url\":\"https:\/\/secure.gravatar.com\/avatar\/82aafea7d8127119dd649515f56e2117?s=96&d=mm&r=g\",\"contentUrl\":\"https:\/\/secure.gravatar.com\/avatar\/82aafea7d8127119dd649515f56e2117?s=96&d=mm&r=g\",\"caption\":\"rtnews\"},\"url\":\"https:\/\/now-news.de\/de\/author\/rnews\/\"}]}<\/script>\n<!-- \/ Yoast SEO Premium plugin. -->","yoast_head_json":{"title":"Pr\u00e4sidentschaftsrennen beginnt: S\u00fcdkoreas Oppositionsf\u00fchrer Lee will f\u00fcr Amt kandidieren\u00a0 - just-now.NEWS Deutschland","robots":{"index":"index","follow":"follow","max-snippet":"max-snippet:-1","max-image-preview":"max-image-preview:large","max-video-preview":"max-video-preview:-1"},"canonical":"https:\/\/now-news.de\/de\/deutschland\/praesidentschaftsrennen-beginnt-suedkoreas-oppositionsfuehrer-lee-will-fuer-amt-kandidieren\/","og_locale":"de_DE","og_type":"article","og_title":"Pr\u00e4sidentschaftsrennen beginnt: S\u00fcdkoreas Oppositionsf\u00fchrer Lee will f\u00fcr Amt kandidieren\u00a0","og_description":"Nach der Absetzung von Pr\u00e4sident Yoon steht S\u00fcdkorea vor einem Machtwechsel. Die Neuwahlen werden Anfang Juni abgehalten. Der neue Staatschef wird von den Folgen des Handelskriegs mit den USA sowie den wachsenden nuklearen Ambitionen der DVRK konfrontiert sein. Der Vorsitzende der gr\u00f6\u00dften oppositionellen Demokratischen Partei S\u00fcdkoreas, Lee Jae-myung, hat am Mittwoch seinen R\u00fccktritt als Parteivorsitzender [&hellip;]","og_url":"https:\/\/now-news.de\/de\/deutschland\/praesidentschaftsrennen-beginnt-suedkoreas-oppositionsfuehrer-lee-will-fuer-amt-kandidieren\/","og_site_name":"just-now.NEWS Deutschland","article_publisher":"https:\/\/www.facebook.com\/wirmachenauf","article_published_time":"2025-04-09T14:25:46+00:00","og_image":[{"url":"https:\/\/now-news.de\/de\/wp-content\/uploads\/sites\/3\/2025\/04\/67f6795c48fbef2bc96a4067.jpg"}],"author":"rtnews","twitter_card":"summary_large_image","twitter_creator":"@WirMachenAuf_de","twitter_site":"@WirMachenAuf_de","twitter_misc":{"Verfasst von":"rtnews","Gesch\u00e4tzte Lesezeit":"3\u00a0Minuten"},"schema":{"@context":"https:\/\/schema.org","@graph":[{"@type":"Article","@id":"https:\/\/now-news.de\/de\/deutschland\/praesidentschaftsrennen-beginnt-suedkoreas-oppositionsfuehrer-lee-will-fuer-amt-kandidieren\/#article","isPartOf":{"@id":"https:\/\/now-news.de\/de\/deutschland\/praesidentschaftsrennen-beginnt-suedkoreas-oppositionsfuehrer-lee-will-fuer-amt-kandidieren\/"},"author":{"name":"rtnews","@id":"https:\/\/now-news.de\/de\/#\/schema\/person\/fb534a4e865501d8b3285208df34a9b5"},"headline":"Pr\u00e4sidentschaftsrennen beginnt: S\u00fcdkoreas Oppositionsf\u00fchrer Lee will f\u00fcr Amt kandidieren\u00a0","datePublished":"2025-04-09T14:25:46+00:00","dateModified":"2025-04-09T14:25:46+00:00","mainEntityOfPage":{"@id":"https:\/\/now-news.de\/de\/deutschland\/praesidentschaftsrennen-beginnt-suedkoreas-oppositionsfuehrer-lee-will-fuer-amt-kandidieren\/"},"wordCount":553,"commentCount":0,"publisher":{"@id":"https:\/\/now-news.de\/de\/#organization"},"image":{"@id":"https:\/\/now-news.de\/de\/deutschland\/praesidentschaftsrennen-beginnt-suedkoreas-oppositionsfuehrer-lee-will-fuer-amt-kandidieren\/#primaryimage"},"thumbnailUrl":"https:\/\/now-news.de\/de\/wp-content\/uploads\/sites\/3\/2025\/04\/Praesidentschaftsrennen-beginnt-Suedkoreas-Oppositionsfuehrer-Lee-will-fuer-Amt-kandidieren.jpg","keywords":["Amt","beginnt","f\u00fcr","kandidieren","Lee","Oppositionsf\u00fchrer","Pr\u00e4sidentschaftsrennen","S\u00fcdkoreas"],"articleSection":["Deutschland","Russland"],"inLanguage":"de","potentialAction":[{"@type":"CommentAction","name":"Comment","target":["https:\/\/now-news.de\/de\/deutschland\/praesidentschaftsrennen-beginnt-suedkoreas-oppositionsfuehrer-lee-will-fuer-amt-kandidieren\/#respond"]}]},{"@type":"WebPage","@id":"https:\/\/now-news.de\/de\/deutschland\/praesidentschaftsrennen-beginnt-suedkoreas-oppositionsfuehrer-lee-will-fuer-amt-kandidieren\/","url":"https:\/\/now-news.de\/de\/deutschland\/praesidentschaftsrennen-beginnt-suedkoreas-oppositionsfuehrer-lee-will-fuer-amt-kandidieren\/","name":"Pr\u00e4sidentschaftsrennen beginnt: S\u00fcdkoreas Oppositionsf\u00fchrer Lee will f\u00fcr Amt kandidieren\u00a0 - just-now.NEWS Deutschland","isPartOf":{"@id":"https:\/\/now-news.de\/de\/#website"},"primaryImageOfPage":{"@id":"https:\/\/now-news.de\/de\/deutschland\/praesidentschaftsrennen-beginnt-suedkoreas-oppositionsfuehrer-lee-will-fuer-amt-kandidieren\/#primaryimage"},"image":{"@id":"https:\/\/now-news.de\/de\/deutschland\/praesidentschaftsrennen-beginnt-suedkoreas-oppositionsfuehrer-lee-will-fuer-amt-kandidieren\/#primaryimage"},"thumbnailUrl":"https:\/\/now-news.de\/de\/wp-content\/uploads\/sites\/3\/2025\/04\/Praesidentschaftsrennen-beginnt-Suedkoreas-Oppositionsfuehrer-Lee-will-fuer-Amt-kandidieren.jpg","datePublished":"2025-04-09T14:25:46+00:00","dateModified":"2025-04-09T14:25:46+00:00","breadcrumb":{"@id":"https:\/\/now-news.de\/de\/deutschland\/praesidentschaftsrennen-beginnt-suedkoreas-oppositionsfuehrer-lee-will-fuer-amt-kandidieren\/#breadcrumb"},"inLanguage":"de","potentialAction":[{"@type":"ReadAction","target":["https:\/\/now-news.de\/de\/deutschland\/praesidentschaftsrennen-beginnt-suedkoreas-oppositionsfuehrer-lee-will-fuer-amt-kandidieren\/"]}]},{"@type":"ImageObject","inLanguage":"de","@id":"https:\/\/now-news.de\/de\/deutschland\/praesidentschaftsrennen-beginnt-suedkoreas-oppositionsfuehrer-lee-will-fuer-amt-kandidieren\/#primaryimage","url":"https:\/\/now-news.de\/de\/wp-content\/uploads\/sites\/3\/2025\/04\/Praesidentschaftsrennen-beginnt-Suedkoreas-Oppositionsfuehrer-Lee-will-fuer-Amt-kandidieren.jpg","contentUrl":"https:\/\/now-news.de\/de\/wp-content\/uploads\/sites\/3\/2025\/04\/Praesidentschaftsrennen-beginnt-Suedkoreas-Oppositionsfuehrer-Lee-will-fuer-Amt-kandidieren.jpg","width":460,"height":259,"caption":"Pr\u00e4sidentschaftsrennen beginnt: S\u00fcdkoreas Oppositionsf\u00fchrer Lee will f\u00fcr Amt kandidieren\u00a0"},{"@type":"BreadcrumbList","@id":"https:\/\/now-news.de\/de\/deutschland\/praesidentschaftsrennen-beginnt-suedkoreas-oppositionsfuehrer-lee-will-fuer-amt-kandidieren\/#breadcrumb","itemListElement":[{"@type":"ListItem","position":1,"name":"Home","item":"https:\/\/now-news.de\/de\/"},{"@type":"ListItem","position":2,"name":"Pr\u00e4sidentschaftsrennen beginnt: S\u00fcdkoreas Oppositionsf\u00fchrer Lee will f\u00fcr Amt kandidieren\u00a0"}]},{"@type":"WebSite","@id":"https:\/\/now-news.de\/de\/#website","url":"https:\/\/now-news.de\/de\/","name":"just-now.NEWS Deutschland","description":"Das Portal f\u00fcr unzensierte Nachrichten aus der Welt","publisher":{"@id":"https:\/\/now-news.de\/de\/#organization"},"potentialAction":[{"@type":"SearchAction","target":{"@type":"EntryPoint","urlTemplate":"https:\/\/now-news.de\/de\/?s={search_term_string}"},"query-input":"required name=search_term_string"}],"inLanguage":"de"},{"@type":"Organization","@id":"https:\/\/now-news.de\/de\/#organization","name":"Just Now News","url":"https:\/\/now-news.de\/de\/","logo":{"@type":"ImageObject","inLanguage":"de","@id":"https:\/\/now-news.de\/de\/#\/schema\/logo\/image\/","url":"http:\/\/just-now.news\/de\/wp-content\/uploads\/sites\/3\/2022\/04\/logo500x500.jpg","contentUrl":"http:\/\/just-now.news\/de\/wp-content\/uploads\/sites\/3\/2022\/04\/logo500x500.jpg","width":500,"height":500,"caption":"Just Now News"},"image":{"@id":"https:\/\/now-news.de\/de\/#\/schema\/logo\/image\/"},"sameAs":["https:\/\/www.facebook.com\/wirmachenauf","https:\/\/x.com\/WirMachenAuf_de"]},{"@type":"Person","@id":"https:\/\/now-news.de\/de\/#\/schema\/person\/fb534a4e865501d8b3285208df34a9b5","name":"rtnews","image":{"@type":"ImageObject","inLanguage":"de","@id":"https:\/\/now-news.de\/de\/#\/schema\/person\/image\/","url":"https:\/\/secure.gravatar.com\/avatar\/82aafea7d8127119dd649515f56e2117?s=96&d=mm&r=g","contentUrl":"https:\/\/secure.gravatar.com\/avatar\/82aafea7d8127119dd649515f56e2117?s=96&d=mm&r=g","caption":"rtnews"},"url":"https:\/\/now-news.de\/de\/author\/rnews\/"}]}},"_links":{"self":[{"href":"https:\/\/now-news.de\/de\/wp-json\/wp\/v2\/posts\/81873"}],"collection":[{"href":"https:\/\/now-news.de\/de\/wp-json\/wp\/v2\/posts"}],"about":[{"href":"https:\/\/now-news.de\/de\/wp-json\/wp\/v2\/types\/post"}],"author":[{"embeddable":true,"href":"https:\/\/now-news.de\/de\/wp-json\/wp\/v2\/users\/3"}],"replies":[{"embeddable":true,"href":"https:\/\/now-news.de\/de\/wp-json\/wp\/v2\/comments?post=81873"}],"version-history":[{"count":0,"href":"https:\/\/now-news.de\/de\/wp-json\/wp\/v2\/posts\/81873\/revisions"}],"wp:featuredmedia":[{"embeddable":true,"href":"https:\/\/now-news.de\/de\/wp-json\/wp\/v2\/media\/81874"}],"wp:attachment":[{"href":"https:\/\/now-news.de\/de\/wp-json\/wp\/v2\/media?parent=81873"}],"wp:term":[{"taxonomy":"category","embeddable":true,"href":"https:\/\/now-news.de\/de\/wp-json\/wp\/v2\/categories?post=81873"},{"taxonomy":"post_tag","embeddable":true,"href":"https:\/\/now-news.de\/de\/wp-json\/wp\/v2\/tags?post=81873"}],"curies":[{"name":"wp","href":"https:\/\/api.w.org\/{rel}","templated":true}]}}