{"id":81869,"date":"2025-04-09T16:54:56","date_gmt":"2025-04-09T14:54:56","guid":{"rendered":"https:\/\/now-news.de\/de\/deutschland\/dominikanische-republik-zahl-der-toten-bei-disco-einsturz-steigt-auf-ueber-110-an\/"},"modified":"2025-04-09T16:54:56","modified_gmt":"2025-04-09T14:54:56","slug":"dominikanische-republik-zahl-der-toten-bei-disco-einsturz-steigt-auf-ueber-110-an","status":"publish","type":"post","link":"https:\/\/now-news.de\/de\/deutschland\/dominikanische-republik-zahl-der-toten-bei-disco-einsturz-steigt-auf-ueber-110-an\/","title":{"rendered":"Dominikanische Republik: Zahl der Toten bei Disco-Einsturz steigt auf \u00fcber 110 an"},"content":{"rendered":"<p><img decoding=\"async\" src=\"https:\/\/now-news.de\/de\/wp-content\/uploads\/sites\/3\/2025\/04\/67f685abb480cc4ccf4ec9cf.jpg\" \/><\/p>\n<div class=\"Text-root Text-type_1 \">\n                Ein ausgelassener Discoabend hat in der Dominikanischen Republik in einer Trag\u00f6die geendet. Das Land steht unter Schock, nachdem das Dach eines beliebten Nachtklubs beim Einsturz zahlreiche Menschen unter sich begraben hat. Die Ursachen des Ungl\u00fccks m\u00fcssen noch ermittelt werden.\n            <\/div>\n<p><\/p>\n<div class=\"Text-root Text-type_5 ArticleView-text ViewText-root \">\n<p>Nach dem Einsturz einer angesagten Disco in Santo Domingo steigt die Zahl der Toten weiter an. Der Katastrophenschutz der Dominikanischen Republik hat am Mittwochmorgen (Ortszeit) inzwischen 113 Todesopfer best\u00e4tigt. Juan Manuel M\u00e9ndez, Direktor des Zentrums f\u00fcr Notfalleins\u00e4tze (COE), sprach au\u00dferdem von zahlreichen Verletzten. Eine genaue Zahl gab er nicht an, er bezifferte lediglich 155 Rettungstransporte zu Krankenh\u00e4usern und Privatkliniken. Dabei h\u00e4tten die Rettungswagen jeweils zwei oder drei Patienten bef\u00f6rdert, um die Hilfeleistung zu beschleunigen.<\/p>\n<div class=\"EmbedBlock-root EmbedBlock-twitter\">\n<div class=\"TwitterEmbed\">\n<blockquote class=\"twitter-tweet lazyload\" data-twitter=\"twitter-tweet\" data-media-max-width=\"560\">\n<p lang=\"es\" dir=\"ltr\"><a rel=\"nofollow noopener\" target=\"_blank\" href=\"https:\/\/twitter.com\/hashtag\/Actualidad?src=hash&amp;ref_src=twsrc%5Etfw\">#Actualidad<\/a> | El Centro de Operaciones de Emergencias (COE) report\u00f3 a las 6:10 de la ma\u00f1ana de este mi\u00e9rcoles que la cifra de muertos por el colapso en la discoteca Jet Set ha alcanzado los 113. El portavoz oficial, el general retirado Juan Manuel M\u00e9ndez, se\u00f1al\u00f3 que no se han\u2026 <a rel=\"nofollow noopener\" target=\"_blank\" href=\"https:\/\/t.co\/AphfTAoYTK\">pic.twitter.com\/AphfTAoYTK<\/a><\/p>\n<p>\u2014 Antena Noticias 7 (@ANoticias7) <a rel=\"nofollow noopener\" target=\"_blank\" href=\"https:\/\/twitter.com\/ANoticias7\/status\/1909965769875632498?ref_src=twsrc%5Etfw\">April 9, 2025<\/a><\/p><\/blockquote>\n<\/div>\n<\/div>\n<p>Die Trag\u00f6die hatte sich in der Nacht zum 8. April im Etablissement &#8220;Jet Set&#8221; ereignet. Dort trat gerade der bekannte Merengue-S\u00e4nger Rubby P\u00e9rez auf, als das Dach der Disco pl\u00f6tzlich einst\u00fcrzte und zahlreiche G\u00e4ste versch\u00fcttete. Unter ihnen befanden sich auch \u00f6rtliche Politiker und Prominente. Augenzeugen berichteten im \u00f6rtlichen Fernsehen, dass zuerst der Putz &#8220;wie Staub&#8221; von der Decke gefallen sei.<\/p>\n<div class=\"EmbedBlock-root EmbedBlock-twitter\">\n<div class=\"TwitterEmbed\">\n<blockquote class=\"twitter-tweet lazyload\" data-twitter=\"twitter-tweet\" data-media-max-width=\"560\">\n<p lang=\"es\" dir=\"ltr\">Otro \u00e1ngulo del momento exacto del momento exacto de la tragedia del Jet Set..<a rel=\"nofollow noopener\" target=\"_blank\" href=\"https:\/\/twitter.com\/hashtag\/jetset?src=hash&amp;ref_src=twsrc%5Etfw\">#jetset<\/a><a rel=\"nofollow noopener\" target=\"_blank\" href=\"https:\/\/twitter.com\/hashtag\/RubbyPerez?src=hash&amp;ref_src=twsrc%5Etfw\">#RubbyPerez<\/a><a rel=\"nofollow noopener\" target=\"_blank\" href=\"https:\/\/twitter.com\/hashtag\/discoteca?src=hash&amp;ref_src=twsrc%5Etfw\">#discoteca<\/a><a rel=\"nofollow noopener\" target=\"_blank\" href=\"https:\/\/twitter.com\/hashtag\/discotecajetset?src=hash&amp;ref_src=twsrc%5Etfw\">#discotecajetset<\/a><a rel=\"nofollow noopener\" target=\"_blank\" href=\"https:\/\/twitter.com\/hashtag\/GazcueEsArte?src=hash&amp;ref_src=twsrc%5Etfw\">#GazcueEsArte<\/a><a rel=\"nofollow noopener\" target=\"_blank\" href=\"https:\/\/t.co\/AjSCRHcHJi\">pic.twitter.com\/AjSCRHcHJi<\/a><\/p>\n<p>\u2014 Amable Chahin (@GazcueesArte) <a rel=\"nofollow noopener\" target=\"_blank\" href=\"https:\/\/twitter.com\/GazcueesArte\/status\/1909524653455913262?ref_src=twsrc%5Etfw\">April 8, 2025<\/a><\/p><\/blockquote>\n<\/div>\n<\/div>\n<p>Die genaue Zahl der G\u00e4ste blieb zun\u00e4chst ungewiss. Laut Medienberichten k\u00f6nnten sich zum Zeitpunkt des Ungl\u00fccks zwischen 500 und 1.000 Menschen in dem Nachtclub aufgehalten haben. Die Bergungsarbeiten dauerten am Mittwochmorgen noch an. Daran waren bis zu 400 Helfer beteiligt.<\/p>\n<p>M\u00e9ndez schloss auf der Pressekonferenz nicht aus, dass man weitere Menschen aus den Tr\u00fcmmern bergen k\u00f6nnte. Gleichzeitig best\u00e4tigte er den Tod von P\u00e9rez, nachdem eine Tochter des popul\u00e4ren Musikers den Medien zun\u00e4chst berichtet hatte, dass der 69-J\u00e4hrige am Leben sei; er singe unter den Tr\u00fcmmern, damit man ihn findet. Au\u00dferdem beklagten die Beh\u00f6rden den Tod der Gouverneurin der Provinz Monte Cristi, Nelsy Milagro Cruz Mart\u00ednez, des fr\u00fcheren Baseball-Stars Octavio Dotel, des Unternehmers Luis Emilio Guill\u00e9n Liranzo, des Saxofonisten Luis Sol\u00eds und der Kardiologin Lourdes Ricard.<\/p>\n<div class=\"EmbedBlock-root EmbedBlock-twitter\">\n<div class=\"TwitterEmbed\">\n<blockquote class=\"twitter-tweet lazyload\" data-twitter=\"twitter-tweet\" data-media-max-width=\"560\">\n<p lang=\"es\" dir=\"ltr\"><a rel=\"nofollow noopener\" target=\"_blank\" href=\"https:\/\/twitter.com\/hashtag\/ActualidadDL?src=hash&amp;ref_src=twsrc%5Etfw\">#ActualidadDL<\/a> | Efectivos del Cuerpo de Bomberos, junto al personal de rescate, derribaron una pared lateral del centro nocturno Jet Set, ubicada detr\u00e1s de la tarima, para facilitar el acceso a los equipos que trabajan en la calle Proyecto, adyacente al lugar.\ud83d\udcf9 Fotos : Diario\u2026 <a rel=\"nofollow noopener\" target=\"_blank\" href=\"https:\/\/t.co\/8AwMBISM8y\">pic.twitter.com\/8AwMBISM8y<\/a><\/p>\n<p>\u2014 Diario Libre (@DiarioLibre) <a rel=\"nofollow noopener\" target=\"_blank\" href=\"https:\/\/twitter.com\/DiarioLibre\/status\/1909861654424138015?ref_src=twsrc%5Etfw\">April 9, 2025<\/a><\/p><\/blockquote>\n<\/div>\n<\/div>\n<p>Pr\u00e4sident Luis Abinader ordnete nach einem Besuch des Ungl\u00fccksorts drei Tage Staatstrauer an. Alle \u00f6ffentlichen Einrichtungen waren angewiesen, die Staatsfahnen vom 8. bis zum 10. April auf halbmast zu setzen. Russlands Pr\u00e4sident Wladimir Putin <a rel=\"nofollow noopener\" target=\"_blank\" href=\"http:\/\/kremlin.ru\/events\/president\/letters\/76663\">sprach<\/a> in einem Telegramm seinem Amtskollegen sein aufrichtiges Beileid aus und w\u00fcnschte im Namen des russischen Volkes allen \u00dcberlebenden eine schnelle Besserung.<\/p>\n<p>Die Ursachen der Katastrophe blieben zun\u00e4chst ungewiss. Laut Medienberichten war das eingest\u00fcrzte Geb\u00e4ude 52 Jahre alt. Sein Besitzer Antonio Espaillat befand sich zum Zeitpunkt des Ungl\u00fccks in den USA. Die Familie des Unternehmers ver\u00f6ffentlichte jedoch ein Statement, in dem sie versprach, den Betroffenen zu helfen und mit den Beh\u00f6rden bei der Aufkl\u00e4rung des Vorfalls uneingeschr\u00e4nkt und transparent zusammenzuarbeiten.<\/p>\n<p>In den sozialen Medien tauchten inzwischen erste Spekulationen \u00fcber die Ursachen auf. Nutzer brachten den Einsturz von &#8220;Jet Set&#8221; mit einem schlechten Zustand des Geb\u00e4udes, mit einer \u00dcberlastung durch die umfangreiche Ton- und Lichtausr\u00fcstung, mit einem Brand im Geb\u00e4ude im Jahr 2023 oder mit einer Resonanzwirkung in Verbindung.<\/p>\n<p><strong>Mehr zum Thema<\/strong> &#8211; <a rel=\"nofollow noopener\" target=\"_blank\" href=\"https:\/\/freedert.online\/international\/239731-nordmazedonien-mindestens-50-tote-und\/\">Nordmazedonien: Mindestens 50 Tote und Dutzende Verletzte bei Brand in Nachtklub<\/a><\/p>\n<div class=\"EmbedBlock-root EmbedBlock-externalVideo EmbedBlock-rumble\">\n<div class=\"VkEmbed\"><iframe class=\"lazyload\" data-src=\"https:\/\/rumble.com\/embed\/v6po1xr\" frameborder=\"0\" width=\"853\" height=\"480\" allowfullscreen><\/iframe><\/div>\n<\/div>\n<\/div>\n<p><script async src=\"https:\/\/platform.twitter.com\/widgets.js\" charset=\"utf-8\"><\/script><br \/>\n<br \/><br \/>\n<br \/><a href=\"https:\/\/de.rt.com\/amerika\/242006-dominikanische-republik-zahl-toten-bei\/\">Source link <\/a><\/p>\n","protected":false},"excerpt":{"rendered":"<p>Ein ausgelassener Discoabend hat in der Dominikanischen Republik in einer Trag\u00f6die geendet. Das Land steht unter Schock, nachdem das Dach eines beliebten Nachtklubs beim Einsturz zahlreiche Menschen unter sich begraben hat. Die Ursachen des Ungl\u00fccks m\u00fcssen noch ermittelt werden. Nach dem Einsturz einer angesagten Disco in Santo Domingo steigt die Zahl der Toten weiter an. [&hellip;]<\/p>\n","protected":false},"author":3,"featured_media":81870,"comment_status":"open","ping_status":"open","sticky":false,"template":"","format":"standard","meta":{"_yoast_indexnow_last_ping":["1744210640"],"wp_automatic_camp":["217"],"c491a1c4e5d8dbac04ea3429d1a248be":["Dominikanische Republik: Zahl der Toten bei Disco-Einsturz steigt auf \u00fcber 110 an"],"original_link":["https:\/\/de.rt.com\/amerika\/242006-dominikanische-republik-zahl-toten-bei\/"],"_thumbnail_id":["81870"],"jnews_social_counter_last_update":["1777199045"],"_wptgpro_p2tg_sent2tg":["a:1:{i:23737;s:19:\"2025-04-09 16:58:35\";}"]},"categories":[19,23],"tags":[133,363,82,64168,42248,19766,13726,2564,139,16017],"yoast_head":"<!-- This site is optimized with the Yoast SEO Premium plugin v22.7 (Yoast SEO v22.7) - https:\/\/yoast.com\/wordpress\/plugins\/seo\/ -->\n<title>Dominikanische Republik: Zahl der Toten bei Disco-Einsturz steigt auf \u00fcber 110 an - just-now.NEWS Deutschland<\/title>\n<meta name=\"robots\" content=\"index, follow, max-snippet:-1, max-image-preview:large, max-video-preview:-1\" \/>\n<link rel=\"canonical\" href=\"https:\/\/now-news.de\/de\/deutschland\/dominikanische-republik-zahl-der-toten-bei-disco-einsturz-steigt-auf-ueber-110-an\/\" \/>\n<meta property=\"og:locale\" content=\"de_DE\" \/>\n<meta property=\"og:type\" content=\"article\" \/>\n<meta property=\"og:title\" content=\"Dominikanische Republik: Zahl der Toten bei Disco-Einsturz steigt auf \u00fcber 110 an\" \/>\n<meta property=\"og:description\" content=\"Ein ausgelassener Discoabend hat in der Dominikanischen Republik in einer Trag\u00f6die geendet. Das Land steht unter Schock, nachdem das Dach eines beliebten Nachtklubs beim Einsturz zahlreiche Menschen unter sich begraben hat. Die Ursachen des Ungl\u00fccks m\u00fcssen noch ermittelt werden. Nach dem Einsturz einer angesagten Disco in Santo Domingo steigt die Zahl der Toten weiter an. [&hellip;]\" \/>\n<meta property=\"og:url\" content=\"https:\/\/now-news.de\/de\/deutschland\/dominikanische-republik-zahl-der-toten-bei-disco-einsturz-steigt-auf-ueber-110-an\/\" \/>\n<meta property=\"og:site_name\" content=\"just-now.NEWS Deutschland\" \/>\n<meta property=\"article:publisher\" content=\"https:\/\/www.facebook.com\/wirmachenauf\" \/>\n<meta property=\"article:published_time\" content=\"2025-04-09T14:54:56+00:00\" \/>\n<meta property=\"og:image\" content=\"https:\/\/now-news.de\/de\/wp-content\/uploads\/sites\/3\/2025\/04\/67f685abb480cc4ccf4ec9cf.jpg\" \/>\n<meta name=\"author\" content=\"rtnews\" \/>\n<meta name=\"twitter:card\" content=\"summary_large_image\" \/>\n<meta name=\"twitter:creator\" content=\"@WirMachenAuf_de\" \/>\n<meta name=\"twitter:site\" content=\"@WirMachenAuf_de\" \/>\n<meta name=\"twitter:label1\" content=\"Verfasst von\" \/>\n\t<meta name=\"twitter:data1\" content=\"rtnews\" \/>\n\t<meta name=\"twitter:label2\" content=\"Gesch\u00e4tzte Lesezeit\" \/>\n\t<meta name=\"twitter:data2\" content=\"3\u00a0Minuten\" \/>\n<script type=\"application\/ld+json\" class=\"yoast-schema-graph\">{\"@context\":\"https:\/\/schema.org\",\"@graph\":[{\"@type\":\"Article\",\"@id\":\"https:\/\/now-news.de\/de\/deutschland\/dominikanische-republik-zahl-der-toten-bei-disco-einsturz-steigt-auf-ueber-110-an\/#article\",\"isPartOf\":{\"@id\":\"https:\/\/now-news.de\/de\/deutschland\/dominikanische-republik-zahl-der-toten-bei-disco-einsturz-steigt-auf-ueber-110-an\/\"},\"author\":{\"name\":\"rtnews\",\"@id\":\"https:\/\/now-news.de\/de\/#\/schema\/person\/fb534a4e865501d8b3285208df34a9b5\"},\"headline\":\"Dominikanische Republik: Zahl der Toten bei Disco-Einsturz steigt auf \u00fcber 110 an\",\"datePublished\":\"2025-04-09T14:54:56+00:00\",\"dateModified\":\"2025-04-09T14:54:56+00:00\",\"mainEntityOfPage\":{\"@id\":\"https:\/\/now-news.de\/de\/deutschland\/dominikanische-republik-zahl-der-toten-bei-disco-einsturz-steigt-auf-ueber-110-an\/\"},\"wordCount\":669,\"commentCount\":0,\"publisher\":{\"@id\":\"https:\/\/now-news.de\/de\/#organization\"},\"image\":{\"@id\":\"https:\/\/now-news.de\/de\/deutschland\/dominikanische-republik-zahl-der-toten-bei-disco-einsturz-steigt-auf-ueber-110-an\/#primaryimage\"},\"thumbnailUrl\":\"https:\/\/now-news.de\/de\/wp-content\/uploads\/sites\/3\/2025\/04\/Dominikanische-Republik-Zahl-der-Toten-bei-Disco-Einsturz-steigt-auf-ueber.jpg\",\"keywords\":[\"AUF\",\"bei\",\"der\",\"DiscoEinsturz\",\"Dominikanische\",\"Republik\",\"steigt\",\"Toten\",\"\u00fcber\",\"Zahl\"],\"articleSection\":[\"Deutschland\",\"Russland\"],\"inLanguage\":\"de\",\"potentialAction\":[{\"@type\":\"CommentAction\",\"name\":\"Comment\",\"target\":[\"https:\/\/now-news.de\/de\/deutschland\/dominikanische-republik-zahl-der-toten-bei-disco-einsturz-steigt-auf-ueber-110-an\/#respond\"]}]},{\"@type\":\"WebPage\",\"@id\":\"https:\/\/now-news.de\/de\/deutschland\/dominikanische-republik-zahl-der-toten-bei-disco-einsturz-steigt-auf-ueber-110-an\/\",\"url\":\"https:\/\/now-news.de\/de\/deutschland\/dominikanische-republik-zahl-der-toten-bei-disco-einsturz-steigt-auf-ueber-110-an\/\",\"name\":\"Dominikanische Republik: Zahl der Toten bei Disco-Einsturz steigt auf \u00fcber 110 an - just-now.NEWS Deutschland\",\"isPartOf\":{\"@id\":\"https:\/\/now-news.de\/de\/#website\"},\"primaryImageOfPage\":{\"@id\":\"https:\/\/now-news.de\/de\/deutschland\/dominikanische-republik-zahl-der-toten-bei-disco-einsturz-steigt-auf-ueber-110-an\/#primaryimage\"},\"image\":{\"@id\":\"https:\/\/now-news.de\/de\/deutschland\/dominikanische-republik-zahl-der-toten-bei-disco-einsturz-steigt-auf-ueber-110-an\/#primaryimage\"},\"thumbnailUrl\":\"https:\/\/now-news.de\/de\/wp-content\/uploads\/sites\/3\/2025\/04\/Dominikanische-Republik-Zahl-der-Toten-bei-Disco-Einsturz-steigt-auf-ueber.jpg\",\"datePublished\":\"2025-04-09T14:54:56+00:00\",\"dateModified\":\"2025-04-09T14:54:56+00:00\",\"breadcrumb\":{\"@id\":\"https:\/\/now-news.de\/de\/deutschland\/dominikanische-republik-zahl-der-toten-bei-disco-einsturz-steigt-auf-ueber-110-an\/#breadcrumb\"},\"inLanguage\":\"de\",\"potentialAction\":[{\"@type\":\"ReadAction\",\"target\":[\"https:\/\/now-news.de\/de\/deutschland\/dominikanische-republik-zahl-der-toten-bei-disco-einsturz-steigt-auf-ueber-110-an\/\"]}]},{\"@type\":\"ImageObject\",\"inLanguage\":\"de\",\"@id\":\"https:\/\/now-news.de\/de\/deutschland\/dominikanische-republik-zahl-der-toten-bei-disco-einsturz-steigt-auf-ueber-110-an\/#primaryimage\",\"url\":\"https:\/\/now-news.de\/de\/wp-content\/uploads\/sites\/3\/2025\/04\/Dominikanische-Republik-Zahl-der-Toten-bei-Disco-Einsturz-steigt-auf-ueber.jpg\",\"contentUrl\":\"https:\/\/now-news.de\/de\/wp-content\/uploads\/sites\/3\/2025\/04\/Dominikanische-Republik-Zahl-der-Toten-bei-Disco-Einsturz-steigt-auf-ueber.jpg\",\"width\":460,\"height\":259,\"caption\":\"Dominikanische Republik: Zahl der Toten bei Disco-Einsturz steigt auf \u00fcber 110 an\"},{\"@type\":\"BreadcrumbList\",\"@id\":\"https:\/\/now-news.de\/de\/deutschland\/dominikanische-republik-zahl-der-toten-bei-disco-einsturz-steigt-auf-ueber-110-an\/#breadcrumb\",\"itemListElement\":[{\"@type\":\"ListItem\",\"position\":1,\"name\":\"Home\",\"item\":\"https:\/\/now-news.de\/de\/\"},{\"@type\":\"ListItem\",\"position\":2,\"name\":\"Dominikanische Republik: Zahl der Toten bei Disco-Einsturz steigt auf \u00fcber 110 an\"}]},{\"@type\":\"WebSite\",\"@id\":\"https:\/\/now-news.de\/de\/#website\",\"url\":\"https:\/\/now-news.de\/de\/\",\"name\":\"just-now.NEWS Deutschland\",\"description\":\"Das Portal f\u00fcr unzensierte Nachrichten aus der Welt\",\"publisher\":{\"@id\":\"https:\/\/now-news.de\/de\/#organization\"},\"potentialAction\":[{\"@type\":\"SearchAction\",\"target\":{\"@type\":\"EntryPoint\",\"urlTemplate\":\"https:\/\/now-news.de\/de\/?s={search_term_string}\"},\"query-input\":\"required name=search_term_string\"}],\"inLanguage\":\"de\"},{\"@type\":\"Organization\",\"@id\":\"https:\/\/now-news.de\/de\/#organization\",\"name\":\"Just Now News\",\"url\":\"https:\/\/now-news.de\/de\/\",\"logo\":{\"@type\":\"ImageObject\",\"inLanguage\":\"de\",\"@id\":\"https:\/\/now-news.de\/de\/#\/schema\/logo\/image\/\",\"url\":\"http:\/\/just-now.news\/de\/wp-content\/uploads\/sites\/3\/2022\/04\/logo500x500.jpg\",\"contentUrl\":\"http:\/\/just-now.news\/de\/wp-content\/uploads\/sites\/3\/2022\/04\/logo500x500.jpg\",\"width\":500,\"height\":500,\"caption\":\"Just Now News\"},\"image\":{\"@id\":\"https:\/\/now-news.de\/de\/#\/schema\/logo\/image\/\"},\"sameAs\":[\"https:\/\/www.facebook.com\/wirmachenauf\",\"https:\/\/x.com\/WirMachenAuf_de\"]},{\"@type\":\"Person\",\"@id\":\"https:\/\/now-news.de\/de\/#\/schema\/person\/fb534a4e865501d8b3285208df34a9b5\",\"name\":\"rtnews\",\"image\":{\"@type\":\"ImageObject\",\"inLanguage\":\"de\",\"@id\":\"https:\/\/now-news.de\/de\/#\/schema\/person\/image\/\",\"url\":\"https:\/\/secure.gravatar.com\/avatar\/82aafea7d8127119dd649515f56e2117?s=96&d=mm&r=g\",\"contentUrl\":\"https:\/\/secure.gravatar.com\/avatar\/82aafea7d8127119dd649515f56e2117?s=96&d=mm&r=g\",\"caption\":\"rtnews\"},\"url\":\"https:\/\/now-news.de\/de\/author\/rnews\/\"}]}<\/script>\n<!-- \/ Yoast SEO Premium plugin. -->","yoast_head_json":{"title":"Dominikanische Republik: Zahl der Toten bei Disco-Einsturz steigt auf \u00fcber 110 an - just-now.NEWS Deutschland","robots":{"index":"index","follow":"follow","max-snippet":"max-snippet:-1","max-image-preview":"max-image-preview:large","max-video-preview":"max-video-preview:-1"},"canonical":"https:\/\/now-news.de\/de\/deutschland\/dominikanische-republik-zahl-der-toten-bei-disco-einsturz-steigt-auf-ueber-110-an\/","og_locale":"de_DE","og_type":"article","og_title":"Dominikanische Republik: Zahl der Toten bei Disco-Einsturz steigt auf \u00fcber 110 an","og_description":"Ein ausgelassener Discoabend hat in der Dominikanischen Republik in einer Trag\u00f6die geendet. Das Land steht unter Schock, nachdem das Dach eines beliebten Nachtklubs beim Einsturz zahlreiche Menschen unter sich begraben hat. Die Ursachen des Ungl\u00fccks m\u00fcssen noch ermittelt werden. Nach dem Einsturz einer angesagten Disco in Santo Domingo steigt die Zahl der Toten weiter an. [&hellip;]","og_url":"https:\/\/now-news.de\/de\/deutschland\/dominikanische-republik-zahl-der-toten-bei-disco-einsturz-steigt-auf-ueber-110-an\/","og_site_name":"just-now.NEWS Deutschland","article_publisher":"https:\/\/www.facebook.com\/wirmachenauf","article_published_time":"2025-04-09T14:54:56+00:00","og_image":[{"url":"https:\/\/now-news.de\/de\/wp-content\/uploads\/sites\/3\/2025\/04\/67f685abb480cc4ccf4ec9cf.jpg"}],"author":"rtnews","twitter_card":"summary_large_image","twitter_creator":"@WirMachenAuf_de","twitter_site":"@WirMachenAuf_de","twitter_misc":{"Verfasst von":"rtnews","Gesch\u00e4tzte Lesezeit":"3\u00a0Minuten"},"schema":{"@context":"https:\/\/schema.org","@graph":[{"@type":"Article","@id":"https:\/\/now-news.de\/de\/deutschland\/dominikanische-republik-zahl-der-toten-bei-disco-einsturz-steigt-auf-ueber-110-an\/#article","isPartOf":{"@id":"https:\/\/now-news.de\/de\/deutschland\/dominikanische-republik-zahl-der-toten-bei-disco-einsturz-steigt-auf-ueber-110-an\/"},"author":{"name":"rtnews","@id":"https:\/\/now-news.de\/de\/#\/schema\/person\/fb534a4e865501d8b3285208df34a9b5"},"headline":"Dominikanische Republik: Zahl der Toten bei Disco-Einsturz steigt auf \u00fcber 110 an","datePublished":"2025-04-09T14:54:56+00:00","dateModified":"2025-04-09T14:54:56+00:00","mainEntityOfPage":{"@id":"https:\/\/now-news.de\/de\/deutschland\/dominikanische-republik-zahl-der-toten-bei-disco-einsturz-steigt-auf-ueber-110-an\/"},"wordCount":669,"commentCount":0,"publisher":{"@id":"https:\/\/now-news.de\/de\/#organization"},"image":{"@id":"https:\/\/now-news.de\/de\/deutschland\/dominikanische-republik-zahl-der-toten-bei-disco-einsturz-steigt-auf-ueber-110-an\/#primaryimage"},"thumbnailUrl":"https:\/\/now-news.de\/de\/wp-content\/uploads\/sites\/3\/2025\/04\/Dominikanische-Republik-Zahl-der-Toten-bei-Disco-Einsturz-steigt-auf-ueber.jpg","keywords":["AUF","bei","der","DiscoEinsturz","Dominikanische","Republik","steigt","Toten","\u00fcber","Zahl"],"articleSection":["Deutschland","Russland"],"inLanguage":"de","potentialAction":[{"@type":"CommentAction","name":"Comment","target":["https:\/\/now-news.de\/de\/deutschland\/dominikanische-republik-zahl-der-toten-bei-disco-einsturz-steigt-auf-ueber-110-an\/#respond"]}]},{"@type":"WebPage","@id":"https:\/\/now-news.de\/de\/deutschland\/dominikanische-republik-zahl-der-toten-bei-disco-einsturz-steigt-auf-ueber-110-an\/","url":"https:\/\/now-news.de\/de\/deutschland\/dominikanische-republik-zahl-der-toten-bei-disco-einsturz-steigt-auf-ueber-110-an\/","name":"Dominikanische Republik: Zahl der Toten bei Disco-Einsturz steigt auf \u00fcber 110 an - just-now.NEWS Deutschland","isPartOf":{"@id":"https:\/\/now-news.de\/de\/#website"},"primaryImageOfPage":{"@id":"https:\/\/now-news.de\/de\/deutschland\/dominikanische-republik-zahl-der-toten-bei-disco-einsturz-steigt-auf-ueber-110-an\/#primaryimage"},"image":{"@id":"https:\/\/now-news.de\/de\/deutschland\/dominikanische-republik-zahl-der-toten-bei-disco-einsturz-steigt-auf-ueber-110-an\/#primaryimage"},"thumbnailUrl":"https:\/\/now-news.de\/de\/wp-content\/uploads\/sites\/3\/2025\/04\/Dominikanische-Republik-Zahl-der-Toten-bei-Disco-Einsturz-steigt-auf-ueber.jpg","datePublished":"2025-04-09T14:54:56+00:00","dateModified":"2025-04-09T14:54:56+00:00","breadcrumb":{"@id":"https:\/\/now-news.de\/de\/deutschland\/dominikanische-republik-zahl-der-toten-bei-disco-einsturz-steigt-auf-ueber-110-an\/#breadcrumb"},"inLanguage":"de","potentialAction":[{"@type":"ReadAction","target":["https:\/\/now-news.de\/de\/deutschland\/dominikanische-republik-zahl-der-toten-bei-disco-einsturz-steigt-auf-ueber-110-an\/"]}]},{"@type":"ImageObject","inLanguage":"de","@id":"https:\/\/now-news.de\/de\/deutschland\/dominikanische-republik-zahl-der-toten-bei-disco-einsturz-steigt-auf-ueber-110-an\/#primaryimage","url":"https:\/\/now-news.de\/de\/wp-content\/uploads\/sites\/3\/2025\/04\/Dominikanische-Republik-Zahl-der-Toten-bei-Disco-Einsturz-steigt-auf-ueber.jpg","contentUrl":"https:\/\/now-news.de\/de\/wp-content\/uploads\/sites\/3\/2025\/04\/Dominikanische-Republik-Zahl-der-Toten-bei-Disco-Einsturz-steigt-auf-ueber.jpg","width":460,"height":259,"caption":"Dominikanische Republik: Zahl der Toten bei Disco-Einsturz steigt auf \u00fcber 110 an"},{"@type":"BreadcrumbList","@id":"https:\/\/now-news.de\/de\/deutschland\/dominikanische-republik-zahl-der-toten-bei-disco-einsturz-steigt-auf-ueber-110-an\/#breadcrumb","itemListElement":[{"@type":"ListItem","position":1,"name":"Home","item":"https:\/\/now-news.de\/de\/"},{"@type":"ListItem","position":2,"name":"Dominikanische Republik: Zahl der Toten bei Disco-Einsturz steigt auf \u00fcber 110 an"}]},{"@type":"WebSite","@id":"https:\/\/now-news.de\/de\/#website","url":"https:\/\/now-news.de\/de\/","name":"just-now.NEWS Deutschland","description":"Das Portal f\u00fcr unzensierte Nachrichten aus der Welt","publisher":{"@id":"https:\/\/now-news.de\/de\/#organization"},"potentialAction":[{"@type":"SearchAction","target":{"@type":"EntryPoint","urlTemplate":"https:\/\/now-news.de\/de\/?s={search_term_string}"},"query-input":"required name=search_term_string"}],"inLanguage":"de"},{"@type":"Organization","@id":"https:\/\/now-news.de\/de\/#organization","name":"Just Now News","url":"https:\/\/now-news.de\/de\/","logo":{"@type":"ImageObject","inLanguage":"de","@id":"https:\/\/now-news.de\/de\/#\/schema\/logo\/image\/","url":"http:\/\/just-now.news\/de\/wp-content\/uploads\/sites\/3\/2022\/04\/logo500x500.jpg","contentUrl":"http:\/\/just-now.news\/de\/wp-content\/uploads\/sites\/3\/2022\/04\/logo500x500.jpg","width":500,"height":500,"caption":"Just Now News"},"image":{"@id":"https:\/\/now-news.de\/de\/#\/schema\/logo\/image\/"},"sameAs":["https:\/\/www.facebook.com\/wirmachenauf","https:\/\/x.com\/WirMachenAuf_de"]},{"@type":"Person","@id":"https:\/\/now-news.de\/de\/#\/schema\/person\/fb534a4e865501d8b3285208df34a9b5","name":"rtnews","image":{"@type":"ImageObject","inLanguage":"de","@id":"https:\/\/now-news.de\/de\/#\/schema\/person\/image\/","url":"https:\/\/secure.gravatar.com\/avatar\/82aafea7d8127119dd649515f56e2117?s=96&d=mm&r=g","contentUrl":"https:\/\/secure.gravatar.com\/avatar\/82aafea7d8127119dd649515f56e2117?s=96&d=mm&r=g","caption":"rtnews"},"url":"https:\/\/now-news.de\/de\/author\/rnews\/"}]}},"_links":{"self":[{"href":"https:\/\/now-news.de\/de\/wp-json\/wp\/v2\/posts\/81869"}],"collection":[{"href":"https:\/\/now-news.de\/de\/wp-json\/wp\/v2\/posts"}],"about":[{"href":"https:\/\/now-news.de\/de\/wp-json\/wp\/v2\/types\/post"}],"author":[{"embeddable":true,"href":"https:\/\/now-news.de\/de\/wp-json\/wp\/v2\/users\/3"}],"replies":[{"embeddable":true,"href":"https:\/\/now-news.de\/de\/wp-json\/wp\/v2\/comments?post=81869"}],"version-history":[{"count":0,"href":"https:\/\/now-news.de\/de\/wp-json\/wp\/v2\/posts\/81869\/revisions"}],"wp:featuredmedia":[{"embeddable":true,"href":"https:\/\/now-news.de\/de\/wp-json\/wp\/v2\/media\/81870"}],"wp:attachment":[{"href":"https:\/\/now-news.de\/de\/wp-json\/wp\/v2\/media?parent=81869"}],"wp:term":[{"taxonomy":"category","embeddable":true,"href":"https:\/\/now-news.de\/de\/wp-json\/wp\/v2\/categories?post=81869"},{"taxonomy":"post_tag","embeddable":true,"href":"https:\/\/now-news.de\/de\/wp-json\/wp\/v2\/tags?post=81869"}],"curies":[{"name":"wp","href":"https:\/\/api.w.org\/{rel}","templated":true}]}}