{"id":81813,"date":"2025-04-08T19:21:29","date_gmt":"2025-04-08T17:21:29","guid":{"rendered":"https:\/\/now-news.de\/de\/deutschland\/droht-anthony-fauci-mit-der-naechsten-pandemie\/"},"modified":"2025-04-08T19:21:29","modified_gmt":"2025-04-08T17:21:29","slug":"droht-anthony-fauci-mit-der-naechsten-pandemie","status":"publish","type":"post","link":"https:\/\/now-news.de\/de\/deutschland\/droht-anthony-fauci-mit-der-naechsten-pandemie\/","title":{"rendered":"Droht Anthony Fauci mit der n\u00e4chsten Pandemie?"},"content":{"rendered":"<div class=\"Text-root Text-type_1 \">\n                Er war in den USA das, was in Deutschland Christian Drosten war, nur noch etwas schlimmer. Immerhin war er nicht nur der Verfechter aller m\u00f6glichen Ma\u00dfnahmen und Verbote, sondern auch noch in Biowaffenforschung verwickelt\u00a0&#8230;\n            <\/div>\n<p><\/p>\n<div class=\"Text-root Text-type_5 ArticleView-text ViewText-root \">\n<p>Bei einer Buchvorstellung in New Orleans hat der ehemalige Chef der US-amerikanischen CDC (Centers for Disease Control) und Corona-Zar Anthony Fauci eine Bemerkung gemacht, die viele seiner Kritiker als Drohung verstanden haben. Der Auftritt fand bereits vor einigen Tagen statt, macht aber jetzt erst gro\u00df die Runde im Internet.<\/p>\n<div class=\"EmbedBlock-root EmbedBlock-twitter\">\n<div class=\"TwitterEmbed\">\n<blockquote class=\"twitter-tweet lazyload\" data-twitter=\"twitter-tweet\">\n<p lang=\"en\" dir=\"ltr\">\ud83d\udea8 NEW \u2013 Anthony Fauci says &#8220;the next outbreak will be of a respiratory disease that&#8217;s easily transmissible, that has a significant degree of morbidity&#8221; <a rel=\"nofollow noopener\" target=\"_blank\" href=\"https:\/\/t.co\/psUrIGwB45\">pic.twitter.com\/psUrIGwB45<\/a><\/p>\n<p>\u2014 Chief Nerd (@TheChiefNerd) <a rel=\"nofollow noopener\" target=\"_blank\" href=\"https:\/\/twitter.com\/TheChiefNerd\/status\/1908523425699602667?ref_src=twsrc%5Etfw\">April 5, 2025<\/a><\/p><\/blockquote>\n<\/div>\n<\/div>\n<p><em>&#8220;Der n\u00e4chste Ausbruch wird eine Atemwegserkrankung sein, die leicht \u00fcbertragbar ist und eine bedeutende Morbidit\u00e4t aufweist.&#8221;<\/em><\/p>\n<p>Er hatte bereits 2017 vor dem &#8220;\u00fcberraschenden Ausbruch einer Pandemie&#8221;\u00a0<a rel=\"nofollow noopener\" target=\"_blank\" href=\"https:\/\/x.com\/heliodown\/status\/1908551321763864710?ref_src=twsrc%5Etfw%7Ctwcamp%5Etweetembed%7Ctwterm%5E1908551321763864710%7Ctwgr%5Eeb45f8d930283f9e2ff3f2f3a5c359bccb624cae%7Ctwcon%5Es1_&amp;ref_url=https%3A%2F%2Fwww.zerohedge.com%2Fmedical%2Fagain-fauci-touts-next-outbreak\">gewarnt<\/a>. Fauci war nicht nur verantwortlich f\u00fcr die US-amerikanische Corona-Politik, sondern auch f\u00fcr die Finanzierung des US-Biolabors in Wuhan, das daran gearbeitet hatte, die \u00dcbertragbarkeit bestimmter Viren auf Menschen zu verbessern. Bei diesem Standort ist davon auszugehen, dass das Ziel die Entwicklung von Viren war, die f\u00fcr Chinesen besonders gef\u00e4hrlich sind, so wie die US-Biolabore in der Ukraine vermutlich Biowaffen gegen Russen erarbeiten sollten.<\/p>\n<p>Fauci geh\u00f6rt mit zu den Personen, die der ehemalige US-Pr\u00e4sident Joe Biden unmittelbar vor Ende seiner Amtsperiode begnadigt hatte. Die Kommentare, die Faucis Aussagen im Netz ausl\u00f6sten, sind dementsprechend:<\/p>\n<figure class=\"RTImage-root\">\n<div class=\"RTImage-image RTImage-original\"><picture class=\"Picture-root Picture-original\"><!--[if IE 9]><video style=\"display: none;\"><![endif]--><source media=\"(-webkit-min-device-pixel-ratio: 2) and (min-resolution: 120dpi)\" data-srcset=\" \nhttps:\/\/now-news.de\/de\/wp-content\/uploads\/sites\/3\/2025\/04\/67f54a06b480cc75d00c8247.jpg 850w,\n                https:\/\/now-news.de\/de\/wp-content\/uploads\/sites\/3\/2025\/04\/67f54a06b480cc75d00c8247.jpg 1960w,            \" ><source data-srcset=\" \nhttps:\/\/now-news.de\/de\/wp-content\/uploads\/sites\/3\/2025\/04\/67f54a06b480cc75d00c8247.jpg 460w,\n              https:\/\/now-news.de\/de\/wp-content\/uploads\/sites\/3\/2025\/04\/67f54a06b480cc75d00c8247.jpg 980w,\n            \" ><!--[if IE 9]><\/video><![endif]--><img decoding=\"async\" data- src=\"data:image\/png;base64,iVBORw0KGgoAAAANSUhEUgAAABAAAAAJCAQAAACRI2S5AAAAEElEQVR42mNkIAAYRxWAAQAG9gAKqv6+AwAAAABJRU5ErkJggg==\" class=\"Picture-root Picture-original lazyload\" data-src=\"https:\/\/now-news.de\/de\/wp-content\/uploads\/sites\/3\/2025\/04\/67f54a06b480cc75d00c8247.jpg\" alt=\"\"><\/source><\/source><\/picture><!-- noscript pattern --><noscript><img decoding=\"async\" src=\"https:\/\/now-news.de\/de\/wp-content\/uploads\/sites\/3\/2025\/04\/67f54a06b480cc75d00c8247.jpg\" alt=\"\"><\/noscript><\/div>\n<\/figure>\n<p><em>&#8220;Man stelle sich vor, der Mann, von dem du medizinischen Rat bekommen hast, brauchte eine vorsorgliche Begnadigung&#8221;.<\/em><\/p>\n<p>Andere Kommentare lauten: &#8220;Wie ein kommender Film, an dem gearbeitet wird&#8221;, oder &#8220;Wenn die Fortsetzung vom gleichen Kerl geschrieben wird, der schon beim ersten Teil Regie f\u00fchrte&#8221;, oder &#8220;Der beste Weg, eine neue Pandemie zu verhindern, ist, die zu verhaften, die die letzte angefangen haben.&#8221;<\/p>\n<p>Zuletzt hatte der jetzige US-Pr\u00e4sident Donald Trump diese Begnadigungen f\u00fcr ung\u00fcltig erkl\u00e4rt, da sie per Unterschriftautomat unterzeichnet worden waren und nicht klar ist, ob Biden \u00fcberhaupt Kenntnis von diesem Vorgang hatte. Es ist also nicht auszuschlie\u00dfen, dass Fauci in n\u00e4herer Zukunft doch vor Gericht gestellt wird.<\/p>\n<p><strong>Mehr zum Thema \u2013\u00a0<\/strong><a rel=\"nofollow noopener\" target=\"_blank\" href=\"https:\/\/freedert.online\/international\/233830-rand-paul-faucis-praeventive-begnadigung\/\">Rand Paul: Faucis &#8220;pr\u00e4ventive Begnadigung&#8221; durch Biden ist Beweis f\u00fcr seine Schuld<\/a><\/p>\n<div class=\"EmbedBlock-root EmbedBlock-externalVideo EmbedBlock-rumble\">\n<div class=\"VkEmbed\"><iframe class=\"lazyload\" data-src=\"https:\/\/rumble.com\/embed\/v6ogf4c\" frameborder=\"0\" width=\"853\" height=\"480\" allowfullscreen><\/iframe><\/div>\n<\/div>\n<\/div>\n<p><script async src=\"https:\/\/platform.twitter.com\/widgets.js\" charset=\"utf-8\"><\/script><br \/>\n<br \/><br \/>\n<br \/><a href=\"https:\/\/de.rt.com\/nordamerika\/241926-droht-anthony-fauci-mit-der-naechsten-pandemie\/\">Source link <\/a><\/p>\n","protected":false},"excerpt":{"rendered":"<p>Er war in den USA das, was in Deutschland Christian Drosten war, nur noch etwas schlimmer. Immerhin war er nicht nur der Verfechter aller m\u00f6glichen Ma\u00dfnahmen und Verbote, sondern auch noch in Biowaffenforschung verwickelt\u00a0&#8230; Bei einer Buchvorstellung in New Orleans hat der ehemalige Chef der US-amerikanischen CDC (Centers for Disease Control) und Corona-Zar Anthony Fauci [&hellip;]<\/p>\n","protected":false},"author":3,"featured_media":81814,"comment_status":"open","ping_status":"open","sticky":false,"template":"","format":"standard","meta":{"_yoast_indexnow_last_ping":["1744133716"],"wp_automatic_camp":["217"],"4a9cc52aa62df2b05ea019a5388affc9":["Droht Anthony Fauci mit der n\u00e4chsten Pandemie?"],"original_link":["https:\/\/de.rt.com\/nordamerika\/241926-droht-anthony-fauci-mit-der-naechsten-pandemie\/"],"_thumbnail_id":["81814"],"jnews_social_counter_last_update":["1777107017"],"_wptgpro_p2tg_sent2tg":["a:1:{i:23737;s:19:\"2025-04-08 19:36:22\";}"]},"categories":[19,23],"tags":[13076,82,44,4934,419,7529,530],"yoast_head":"<!-- This site is optimized with the Yoast SEO Premium plugin v22.7 (Yoast SEO v22.7) - https:\/\/yoast.com\/wordpress\/plugins\/seo\/ -->\n<title>Droht Anthony Fauci mit der n\u00e4chsten Pandemie? - just-now.NEWS Deutschland<\/title>\n<meta name=\"robots\" content=\"index, follow, max-snippet:-1, max-image-preview:large, max-video-preview:-1\" \/>\n<link rel=\"canonical\" href=\"https:\/\/now-news.de\/de\/deutschland\/droht-anthony-fauci-mit-der-naechsten-pandemie\/\" \/>\n<meta property=\"og:locale\" content=\"de_DE\" \/>\n<meta property=\"og:type\" content=\"article\" \/>\n<meta property=\"og:title\" content=\"Droht Anthony Fauci mit der n\u00e4chsten Pandemie?\" \/>\n<meta property=\"og:description\" content=\"Er war in den USA das, was in Deutschland Christian Drosten war, nur noch etwas schlimmer. Immerhin war er nicht nur der Verfechter aller m\u00f6glichen Ma\u00dfnahmen und Verbote, sondern auch noch in Biowaffenforschung verwickelt\u00a0&#8230; Bei einer Buchvorstellung in New Orleans hat der ehemalige Chef der US-amerikanischen CDC (Centers for Disease Control) und Corona-Zar Anthony Fauci [&hellip;]\" \/>\n<meta property=\"og:url\" content=\"https:\/\/now-news.de\/de\/deutschland\/droht-anthony-fauci-mit-der-naechsten-pandemie\/\" \/>\n<meta property=\"og:site_name\" content=\"just-now.NEWS Deutschland\" \/>\n<meta property=\"article:publisher\" content=\"https:\/\/www.facebook.com\/wirmachenauf\" \/>\n<meta property=\"article:published_time\" content=\"2025-04-08T17:21:29+00:00\" \/>\n<meta property=\"og:image\" content=\"https:\/\/now-news.de\/de\/wp-content\/uploads\/sites\/3\/2025\/04\/67f54a06b480cc75d00c8247.jpg\" \/>\n<meta name=\"author\" content=\"rtnews\" \/>\n<meta name=\"twitter:card\" content=\"summary_large_image\" \/>\n<meta name=\"twitter:creator\" content=\"@WirMachenAuf_de\" \/>\n<meta name=\"twitter:site\" content=\"@WirMachenAuf_de\" \/>\n<meta name=\"twitter:label1\" content=\"Verfasst von\" \/>\n\t<meta name=\"twitter:data1\" content=\"rtnews\" \/>\n\t<meta name=\"twitter:label2\" content=\"Gesch\u00e4tzte Lesezeit\" \/>\n\t<meta name=\"twitter:data2\" content=\"2\u00a0Minuten\" \/>\n<script type=\"application\/ld+json\" class=\"yoast-schema-graph\">{\"@context\":\"https:\/\/schema.org\",\"@graph\":[{\"@type\":\"Article\",\"@id\":\"https:\/\/now-news.de\/de\/deutschland\/droht-anthony-fauci-mit-der-naechsten-pandemie\/#article\",\"isPartOf\":{\"@id\":\"https:\/\/now-news.de\/de\/deutschland\/droht-anthony-fauci-mit-der-naechsten-pandemie\/\"},\"author\":{\"name\":\"rtnews\",\"@id\":\"https:\/\/now-news.de\/de\/#\/schema\/person\/fb534a4e865501d8b3285208df34a9b5\"},\"headline\":\"Droht Anthony Fauci mit der n\u00e4chsten Pandemie?\",\"datePublished\":\"2025-04-08T17:21:29+00:00\",\"dateModified\":\"2025-04-08T17:21:29+00:00\",\"mainEntityOfPage\":{\"@id\":\"https:\/\/now-news.de\/de\/deutschland\/droht-anthony-fauci-mit-der-naechsten-pandemie\/\"},\"wordCount\":387,\"commentCount\":0,\"publisher\":{\"@id\":\"https:\/\/now-news.de\/de\/#organization\"},\"image\":{\"@id\":\"https:\/\/now-news.de\/de\/deutschland\/droht-anthony-fauci-mit-der-naechsten-pandemie\/#primaryimage\"},\"thumbnailUrl\":\"https:\/\/now-news.de\/de\/wp-content\/uploads\/sites\/3\/2025\/04\/Droht-Anthony-Fauci-mit-der-naechsten-Pandemie.jpg\",\"keywords\":[\"Anthony\",\"der\",\"droht\",\"fauci\",\"mit\",\"n\u00e4chsten\",\"Pandemie\"],\"articleSection\":[\"Deutschland\",\"Russland\"],\"inLanguage\":\"de\",\"potentialAction\":[{\"@type\":\"CommentAction\",\"name\":\"Comment\",\"target\":[\"https:\/\/now-news.de\/de\/deutschland\/droht-anthony-fauci-mit-der-naechsten-pandemie\/#respond\"]}]},{\"@type\":\"WebPage\",\"@id\":\"https:\/\/now-news.de\/de\/deutschland\/droht-anthony-fauci-mit-der-naechsten-pandemie\/\",\"url\":\"https:\/\/now-news.de\/de\/deutschland\/droht-anthony-fauci-mit-der-naechsten-pandemie\/\",\"name\":\"Droht Anthony Fauci mit der n\u00e4chsten Pandemie? - just-now.NEWS Deutschland\",\"isPartOf\":{\"@id\":\"https:\/\/now-news.de\/de\/#website\"},\"primaryImageOfPage\":{\"@id\":\"https:\/\/now-news.de\/de\/deutschland\/droht-anthony-fauci-mit-der-naechsten-pandemie\/#primaryimage\"},\"image\":{\"@id\":\"https:\/\/now-news.de\/de\/deutschland\/droht-anthony-fauci-mit-der-naechsten-pandemie\/#primaryimage\"},\"thumbnailUrl\":\"https:\/\/now-news.de\/de\/wp-content\/uploads\/sites\/3\/2025\/04\/Droht-Anthony-Fauci-mit-der-naechsten-Pandemie.jpg\",\"datePublished\":\"2025-04-08T17:21:29+00:00\",\"dateModified\":\"2025-04-08T17:21:29+00:00\",\"breadcrumb\":{\"@id\":\"https:\/\/now-news.de\/de\/deutschland\/droht-anthony-fauci-mit-der-naechsten-pandemie\/#breadcrumb\"},\"inLanguage\":\"de\",\"potentialAction\":[{\"@type\":\"ReadAction\",\"target\":[\"https:\/\/now-news.de\/de\/deutschland\/droht-anthony-fauci-mit-der-naechsten-pandemie\/\"]}]},{\"@type\":\"ImageObject\",\"inLanguage\":\"de\",\"@id\":\"https:\/\/now-news.de\/de\/deutschland\/droht-anthony-fauci-mit-der-naechsten-pandemie\/#primaryimage\",\"url\":\"https:\/\/now-news.de\/de\/wp-content\/uploads\/sites\/3\/2025\/04\/Droht-Anthony-Fauci-mit-der-naechsten-Pandemie.jpg\",\"contentUrl\":\"https:\/\/now-news.de\/de\/wp-content\/uploads\/sites\/3\/2025\/04\/Droht-Anthony-Fauci-mit-der-naechsten-Pandemie.jpg\",\"width\":469,\"height\":451,\"caption\":\"Droht Anthony Fauci mit der n\u00e4chsten Pandemie?\"},{\"@type\":\"BreadcrumbList\",\"@id\":\"https:\/\/now-news.de\/de\/deutschland\/droht-anthony-fauci-mit-der-naechsten-pandemie\/#breadcrumb\",\"itemListElement\":[{\"@type\":\"ListItem\",\"position\":1,\"name\":\"Home\",\"item\":\"https:\/\/now-news.de\/de\/\"},{\"@type\":\"ListItem\",\"position\":2,\"name\":\"Droht Anthony Fauci mit der n\u00e4chsten Pandemie?\"}]},{\"@type\":\"WebSite\",\"@id\":\"https:\/\/now-news.de\/de\/#website\",\"url\":\"https:\/\/now-news.de\/de\/\",\"name\":\"just-now.NEWS Deutschland\",\"description\":\"Das Portal f\u00fcr unzensierte Nachrichten aus der Welt\",\"publisher\":{\"@id\":\"https:\/\/now-news.de\/de\/#organization\"},\"potentialAction\":[{\"@type\":\"SearchAction\",\"target\":{\"@type\":\"EntryPoint\",\"urlTemplate\":\"https:\/\/now-news.de\/de\/?s={search_term_string}\"},\"query-input\":\"required name=search_term_string\"}],\"inLanguage\":\"de\"},{\"@type\":\"Organization\",\"@id\":\"https:\/\/now-news.de\/de\/#organization\",\"name\":\"Just Now News\",\"url\":\"https:\/\/now-news.de\/de\/\",\"logo\":{\"@type\":\"ImageObject\",\"inLanguage\":\"de\",\"@id\":\"https:\/\/now-news.de\/de\/#\/schema\/logo\/image\/\",\"url\":\"http:\/\/just-now.news\/de\/wp-content\/uploads\/sites\/3\/2022\/04\/logo500x500.jpg\",\"contentUrl\":\"http:\/\/just-now.news\/de\/wp-content\/uploads\/sites\/3\/2022\/04\/logo500x500.jpg\",\"width\":500,\"height\":500,\"caption\":\"Just Now News\"},\"image\":{\"@id\":\"https:\/\/now-news.de\/de\/#\/schema\/logo\/image\/\"},\"sameAs\":[\"https:\/\/www.facebook.com\/wirmachenauf\",\"https:\/\/x.com\/WirMachenAuf_de\"]},{\"@type\":\"Person\",\"@id\":\"https:\/\/now-news.de\/de\/#\/schema\/person\/fb534a4e865501d8b3285208df34a9b5\",\"name\":\"rtnews\",\"image\":{\"@type\":\"ImageObject\",\"inLanguage\":\"de\",\"@id\":\"https:\/\/now-news.de\/de\/#\/schema\/person\/image\/\",\"url\":\"https:\/\/secure.gravatar.com\/avatar\/82aafea7d8127119dd649515f56e2117?s=96&d=mm&r=g\",\"contentUrl\":\"https:\/\/secure.gravatar.com\/avatar\/82aafea7d8127119dd649515f56e2117?s=96&d=mm&r=g\",\"caption\":\"rtnews\"},\"url\":\"https:\/\/now-news.de\/de\/author\/rnews\/\"}]}<\/script>\n<!-- \/ Yoast SEO Premium plugin. -->","yoast_head_json":{"title":"Droht Anthony Fauci mit der n\u00e4chsten Pandemie? - just-now.NEWS Deutschland","robots":{"index":"index","follow":"follow","max-snippet":"max-snippet:-1","max-image-preview":"max-image-preview:large","max-video-preview":"max-video-preview:-1"},"canonical":"https:\/\/now-news.de\/de\/deutschland\/droht-anthony-fauci-mit-der-naechsten-pandemie\/","og_locale":"de_DE","og_type":"article","og_title":"Droht Anthony Fauci mit der n\u00e4chsten Pandemie?","og_description":"Er war in den USA das, was in Deutschland Christian Drosten war, nur noch etwas schlimmer. Immerhin war er nicht nur der Verfechter aller m\u00f6glichen Ma\u00dfnahmen und Verbote, sondern auch noch in Biowaffenforschung verwickelt\u00a0&#8230; Bei einer Buchvorstellung in New Orleans hat der ehemalige Chef der US-amerikanischen CDC (Centers for Disease Control) und Corona-Zar Anthony Fauci [&hellip;]","og_url":"https:\/\/now-news.de\/de\/deutschland\/droht-anthony-fauci-mit-der-naechsten-pandemie\/","og_site_name":"just-now.NEWS Deutschland","article_publisher":"https:\/\/www.facebook.com\/wirmachenauf","article_published_time":"2025-04-08T17:21:29+00:00","og_image":[{"url":"https:\/\/now-news.de\/de\/wp-content\/uploads\/sites\/3\/2025\/04\/67f54a06b480cc75d00c8247.jpg"}],"author":"rtnews","twitter_card":"summary_large_image","twitter_creator":"@WirMachenAuf_de","twitter_site":"@WirMachenAuf_de","twitter_misc":{"Verfasst von":"rtnews","Gesch\u00e4tzte Lesezeit":"2\u00a0Minuten"},"schema":{"@context":"https:\/\/schema.org","@graph":[{"@type":"Article","@id":"https:\/\/now-news.de\/de\/deutschland\/droht-anthony-fauci-mit-der-naechsten-pandemie\/#article","isPartOf":{"@id":"https:\/\/now-news.de\/de\/deutschland\/droht-anthony-fauci-mit-der-naechsten-pandemie\/"},"author":{"name":"rtnews","@id":"https:\/\/now-news.de\/de\/#\/schema\/person\/fb534a4e865501d8b3285208df34a9b5"},"headline":"Droht Anthony Fauci mit der n\u00e4chsten Pandemie?","datePublished":"2025-04-08T17:21:29+00:00","dateModified":"2025-04-08T17:21:29+00:00","mainEntityOfPage":{"@id":"https:\/\/now-news.de\/de\/deutschland\/droht-anthony-fauci-mit-der-naechsten-pandemie\/"},"wordCount":387,"commentCount":0,"publisher":{"@id":"https:\/\/now-news.de\/de\/#organization"},"image":{"@id":"https:\/\/now-news.de\/de\/deutschland\/droht-anthony-fauci-mit-der-naechsten-pandemie\/#primaryimage"},"thumbnailUrl":"https:\/\/now-news.de\/de\/wp-content\/uploads\/sites\/3\/2025\/04\/Droht-Anthony-Fauci-mit-der-naechsten-Pandemie.jpg","keywords":["Anthony","der","droht","fauci","mit","n\u00e4chsten","Pandemie"],"articleSection":["Deutschland","Russland"],"inLanguage":"de","potentialAction":[{"@type":"CommentAction","name":"Comment","target":["https:\/\/now-news.de\/de\/deutschland\/droht-anthony-fauci-mit-der-naechsten-pandemie\/#respond"]}]},{"@type":"WebPage","@id":"https:\/\/now-news.de\/de\/deutschland\/droht-anthony-fauci-mit-der-naechsten-pandemie\/","url":"https:\/\/now-news.de\/de\/deutschland\/droht-anthony-fauci-mit-der-naechsten-pandemie\/","name":"Droht Anthony Fauci mit der n\u00e4chsten Pandemie? - just-now.NEWS Deutschland","isPartOf":{"@id":"https:\/\/now-news.de\/de\/#website"},"primaryImageOfPage":{"@id":"https:\/\/now-news.de\/de\/deutschland\/droht-anthony-fauci-mit-der-naechsten-pandemie\/#primaryimage"},"image":{"@id":"https:\/\/now-news.de\/de\/deutschland\/droht-anthony-fauci-mit-der-naechsten-pandemie\/#primaryimage"},"thumbnailUrl":"https:\/\/now-news.de\/de\/wp-content\/uploads\/sites\/3\/2025\/04\/Droht-Anthony-Fauci-mit-der-naechsten-Pandemie.jpg","datePublished":"2025-04-08T17:21:29+00:00","dateModified":"2025-04-08T17:21:29+00:00","breadcrumb":{"@id":"https:\/\/now-news.de\/de\/deutschland\/droht-anthony-fauci-mit-der-naechsten-pandemie\/#breadcrumb"},"inLanguage":"de","potentialAction":[{"@type":"ReadAction","target":["https:\/\/now-news.de\/de\/deutschland\/droht-anthony-fauci-mit-der-naechsten-pandemie\/"]}]},{"@type":"ImageObject","inLanguage":"de","@id":"https:\/\/now-news.de\/de\/deutschland\/droht-anthony-fauci-mit-der-naechsten-pandemie\/#primaryimage","url":"https:\/\/now-news.de\/de\/wp-content\/uploads\/sites\/3\/2025\/04\/Droht-Anthony-Fauci-mit-der-naechsten-Pandemie.jpg","contentUrl":"https:\/\/now-news.de\/de\/wp-content\/uploads\/sites\/3\/2025\/04\/Droht-Anthony-Fauci-mit-der-naechsten-Pandemie.jpg","width":469,"height":451,"caption":"Droht Anthony Fauci mit der n\u00e4chsten Pandemie?"},{"@type":"BreadcrumbList","@id":"https:\/\/now-news.de\/de\/deutschland\/droht-anthony-fauci-mit-der-naechsten-pandemie\/#breadcrumb","itemListElement":[{"@type":"ListItem","position":1,"name":"Home","item":"https:\/\/now-news.de\/de\/"},{"@type":"ListItem","position":2,"name":"Droht Anthony Fauci mit der n\u00e4chsten Pandemie?"}]},{"@type":"WebSite","@id":"https:\/\/now-news.de\/de\/#website","url":"https:\/\/now-news.de\/de\/","name":"just-now.NEWS Deutschland","description":"Das Portal f\u00fcr unzensierte Nachrichten aus der Welt","publisher":{"@id":"https:\/\/now-news.de\/de\/#organization"},"potentialAction":[{"@type":"SearchAction","target":{"@type":"EntryPoint","urlTemplate":"https:\/\/now-news.de\/de\/?s={search_term_string}"},"query-input":"required name=search_term_string"}],"inLanguage":"de"},{"@type":"Organization","@id":"https:\/\/now-news.de\/de\/#organization","name":"Just Now News","url":"https:\/\/now-news.de\/de\/","logo":{"@type":"ImageObject","inLanguage":"de","@id":"https:\/\/now-news.de\/de\/#\/schema\/logo\/image\/","url":"http:\/\/just-now.news\/de\/wp-content\/uploads\/sites\/3\/2022\/04\/logo500x500.jpg","contentUrl":"http:\/\/just-now.news\/de\/wp-content\/uploads\/sites\/3\/2022\/04\/logo500x500.jpg","width":500,"height":500,"caption":"Just Now News"},"image":{"@id":"https:\/\/now-news.de\/de\/#\/schema\/logo\/image\/"},"sameAs":["https:\/\/www.facebook.com\/wirmachenauf","https:\/\/x.com\/WirMachenAuf_de"]},{"@type":"Person","@id":"https:\/\/now-news.de\/de\/#\/schema\/person\/fb534a4e865501d8b3285208df34a9b5","name":"rtnews","image":{"@type":"ImageObject","inLanguage":"de","@id":"https:\/\/now-news.de\/de\/#\/schema\/person\/image\/","url":"https:\/\/secure.gravatar.com\/avatar\/82aafea7d8127119dd649515f56e2117?s=96&d=mm&r=g","contentUrl":"https:\/\/secure.gravatar.com\/avatar\/82aafea7d8127119dd649515f56e2117?s=96&d=mm&r=g","caption":"rtnews"},"url":"https:\/\/now-news.de\/de\/author\/rnews\/"}]}},"_links":{"self":[{"href":"https:\/\/now-news.de\/de\/wp-json\/wp\/v2\/posts\/81813"}],"collection":[{"href":"https:\/\/now-news.de\/de\/wp-json\/wp\/v2\/posts"}],"about":[{"href":"https:\/\/now-news.de\/de\/wp-json\/wp\/v2\/types\/post"}],"author":[{"embeddable":true,"href":"https:\/\/now-news.de\/de\/wp-json\/wp\/v2\/users\/3"}],"replies":[{"embeddable":true,"href":"https:\/\/now-news.de\/de\/wp-json\/wp\/v2\/comments?post=81813"}],"version-history":[{"count":0,"href":"https:\/\/now-news.de\/de\/wp-json\/wp\/v2\/posts\/81813\/revisions"}],"wp:featuredmedia":[{"embeddable":true,"href":"https:\/\/now-news.de\/de\/wp-json\/wp\/v2\/media\/81814"}],"wp:attachment":[{"href":"https:\/\/now-news.de\/de\/wp-json\/wp\/v2\/media?parent=81813"}],"wp:term":[{"taxonomy":"category","embeddable":true,"href":"https:\/\/now-news.de\/de\/wp-json\/wp\/v2\/categories?post=81813"},{"taxonomy":"post_tag","embeddable":true,"href":"https:\/\/now-news.de\/de\/wp-json\/wp\/v2\/tags?post=81813"}],"curies":[{"name":"wp","href":"https:\/\/api.w.org\/{rel}","templated":true}]}}