{"id":81789,"date":"2025-04-08T15:34:56","date_gmt":"2025-04-08T13:34:56","guid":{"rendered":"https:\/\/now-news.de\/de\/deutschland\/faeser-und-die-meinungsfreiheit-q-e-d\/"},"modified":"2025-04-08T15:34:56","modified_gmt":"2025-04-08T13:34:56","slug":"faeser-und-die-meinungsfreiheit-q-e-d","status":"publish","type":"post","link":"https:\/\/now-news.de\/de\/deutschland\/faeser-und-die-meinungsfreiheit-q-e-d\/","title":{"rendered":"Faeser und die Meinungsfreiheit: q.e.d."},"content":{"rendered":"<p><img decoding=\"async\" src=\"https:\/\/now-news.de\/de\/wp-content\/uploads\/sites\/3\/2025\/04\/67f50b1c48fbef0c1d3de02e.jpg\" \/><\/p>\n<div class=\"Text-root Text-type_1 \">\n                Es ist einfach so: Faeser und die Meinungsfreiheit lassen sich nicht positiv in einem Satz miteinander verkn\u00fcpfen. Jedoch soll sie sich pers\u00f6nlich M\u00fche gegeben haben, endlich ihren &#8220;Schwachkopf&#8221;-Moment zu erzielen. Das ist ihr mit dem Urteil des Amtsgerichts Bamberg vom Montag gelungen.\n            <\/div>\n<p><\/p>\n<div class=\"Text-root Text-type_5 ArticleView-text ViewText-root \">\n<p><em>Von Dagmar Henn<\/em><\/p>\n<p>Es klingt wie ein Abschiedsgeschenk einer Ministerin, die man m\u00f6glichst bald nur noch als d\u00fcstere Erinnerung in Geschichtsb\u00fcchern erw\u00e4hnt zu finden w\u00fcnscht: das Urteil, mit dem das Amtsgericht Bamberg ein Meme zur Innenministerin Nancy Faeser bedachte. Dabei belegt der Sachverhalt selbst, dass die studierte Juristin Faeser unter einer manifesten Logikschw\u00e4che leidet \u2013 der Inhalt des inkriminierten Bildes wird schlie\u00dflich durch das Handeln Faesers eigentlich von der Satire zur Tatsachenfeststellung erhoben.<\/p>\n<p>Mit anderen Worten, w\u00e4re die Presse nicht in dem erb\u00e4rmlichen Zustand, in dem sie sich in Deutschland leider derzeit befindet, Faeser k\u00f6nnte sich vor dem Spott, der auf sie niederginge, nur noch im Keller verstecken. Und selbst das Amtsgericht Bamberg, das wie das benachbarte W\u00fcrzburger, so seine Probleme mit der Meinungsfreiheit hat (dort erging auch der Durchsuchungsbefehl wegen &#8220;Schwachkopf&#8221;), h\u00e4tte sich lieber bedeckt gehalten, als den Herausgeber einer Zeitung wegen des belangten satirischen Bildchens gleich zu sieben Monaten Haft auf Bew\u00e4hrung zu verurteilen.<\/p>\n<p>Dabei mag eine Rolle gespielt haben, dass David Bendels, der Herausgeber (und damit juristisch Verantwortliche) des AfD-nahen <em>Deutschland-Kuriers<\/em>, urspr\u00fcnglich aus der CSU stammt, der bayerischen Regierungspartei seit Jahrzehnten, und nichts dort weniger gesch\u00e4tzt wird als Abtr\u00fcnnige. Das k\u00f6nnte zumindest erkl\u00e4ren, warum sich die bayerische Justiz mit solcher Vehemenz f\u00fcr eine Politikerin in die Bresche wirft, die zumindest angeblich Sozialdemokratin sein soll. Angeblich, weil selbst in den rechtesten Truppen der alten Sozialdemokratie der R\u00fcckgriff auf einen Paragrafen wie den \u00a7\u00a0188 Strafgesetzbuch verp\u00f6nt gewesen w\u00e4re, der eingef\u00fchrt wurde, um Politikern einen besonderen Schutz der pers\u00f6nlichen Ehre zu gew\u00e4hren; sich auf diese Weise \u00fcber den Rest der Menschheit zu erheben, widerspricht immerhin selbst den Grunds\u00e4tzen von 1848.<\/p>\n<p>Aber Faeser hat ja bereits auf vielf\u00e4ltige Weise bewiesen, dass ihre Wurzeln eine g\u00e4nzlich andere Farbe besitzen, wie etwa durch die Wiederbelebung des &#8220;Gesetzes zur Wiederherstellung des Berufsbeamtentums&#8221; aus dem Jahr 1933. Insofern ist dieser Fall ein weiteres Exempel deutscher Absurdit\u00e4ten, denn Bendels, der Beklagte, gilt, weil AfD-nah, irgendwie als Nazi, w\u00e4hrend Faeser, die vermutlich abends vor dem Schlafengehen alle Gesetze zwischen 1933 und 1938 rezitiert, um ihre k\u00fcnftigen Handlungen zu planen, nach wie vor irgendwie als &#8220;Linke&#8221; und &#8220;Demokratin&#8221; firmieren kann.<\/p>\n<p>Nein, ernsthaft: Es gab Zeiten, da w\u00e4re auch in der SPD jemand, der auf Majest\u00e4tsbeleidigung rekurriert, in hohem Bogen aus der Partei geflogen, weil sich die Genossen es nicht h\u00e4tten bieten lassen, dass sich jemand f\u00fcr einen der ihren h\u00e4lt, der B\u00fccklinge und Kratzf\u00fc\u00dfe erwartet. Man muss sich nur einmal vorstellen, wie ein Stahlkocher aus Duisburg oder ein Bergarbeiter aus Gelsenkirchen auf diese Madame reagiert h\u00e4tten. Ich f\u00fcrchte beinahe, da w\u00e4re es zu echten Straftaten gekommen, denn die Kumpels waren nicht notwendigerweise zartbesaitet; auf jeden Fall aber h\u00e4tten sie der Genossin Ministerin gr\u00fcndlich die Meinung gegeigt.<\/p>\n<p>Ja, Meinung. Das Bundesverfassungsgericht hat einmal, es ist noch nicht einmal so lange her, geurteilt, Meinungen \u2026<\/p>\n<p><em>&#8220;\u2026 genie\u00dfen den Schutz des Grundrechts, ohne dass es darauf ankommt, ob die \u00c4u\u00dferung begr\u00fcndet oder grundlos, emotional oder rational ist, als wertvoll oder wertlos, gef\u00e4hrlich oder harmlos eingesch\u00e4tzt wird.&#8221;<\/em><\/p>\n<p>Genau genommen hat das Gericht ebendiesen Satz in mehreren Urteilen wiederholt, man kann also davon ausgehen, dass er genau so gemeint war.<\/p>\n<p>Das Bild, f\u00fcr das Bendels vor Gericht gezogen wurde, zeigt Faeser mit einem Plakat in der Hand, auf dem steht &#8220;Ich hasse die Meinungsfreiheit&#8221;. Nun h\u00e4tte Faeser den Inhalt dieses Bildes m\u00fchelos widerlegen k\u00f6nnen, h\u00e4tte sie geschwiegen. Aber im Zusammenhang mit dem Strafbefehl wegen dieses Bildes, der im November vergangenen Jahres erging, berichtete die <em>Welt<\/em>:<\/p>\n<p><em>&#8220;Auf Anfrage von Welt best\u00e4tigt eine Sprecherin des BMI, dass Ministerin Faeser pers\u00f6nlich den Strafantrag stellte, &#8216;nachdem sie durch die Kriminalpolizeiinspektion Bamberg \u00fcber den Sachverhalt in Kenntnis gesetzt wurde'&#8221;.<\/em><\/p>\n<p>Nicht, dass das Bild an jeder Stra\u00dfenecke hing. Der <em>X<\/em>-Account des <em>Deutschland-Kuriers<\/em>, auf dem es zu sehen war, hat 49.000 Leser. Jeder juristische Schritt zu seiner Verfolgung d\u00fcrfte es weiter verbreiten als die urspr\u00fcngliche Ver\u00f6ffentlichung. Wobei die Berichterstattung der <em>Welt<\/em> sich damals durchaus gro\u00dfe M\u00fche gab, die absurde Reaktion Faesers zu rechtfertigen, und folgende Bemerkungen f\u00fcr n\u00f6tig hielt:<\/p>\n<p><em>&#8220;Kritiker werfen dem &#8216;Deutschland-Kurier&#8217; Rechtspopulismus und mangelnde Distanz zur AfD vor. Mehrere AfD-Politiker ver\u00f6ffentlichen Kolumnen auf der Webseite des &#8216;Deutschland-Kuriers'&#8221;<\/em>.<\/p>\n<p>Da wird so getan, als w\u00e4ren die Regeln, die f\u00fcr den \u00f6ffentlich-rechtlichen Rundfunk gelten (und von diesem alles andere als eingehalten werden) f\u00fcr jedes beliebige Blatt g\u00fcltig, was &#8220;mangelnde Distanz zur AfD&#8221; verwerflich machen w\u00fcrde. Aber eine Zeitung darf eine politische Richtung haben und einer Partei nahestehen; schlie\u00dflich wird sie (zumindest beim <em>Deutschland-Kurier<\/em> d\u00fcrfte das tats\u00e4chlich noch so sein) nicht mit Steuermitteln oder Zwangsgeb\u00fchren finanziert.<\/p>\n<p>In dem Strafbefehl wurde damals behauptet, Bendels habe bewusst den Eindruck erweckt, dass das manipulierte Bild echt sei. &#8220;Sie zielten dabei auf das Amt der Bundesinnenministerin und wollten die Amtsinhaberin damit diffamieren&#8221;, zitierte die Welt aus dem Schreiben. Wobei man nat\u00fcrlich im Zusammenhang mit Faeser anmerken muss, dass niemand sie so wirkungsvoll diffamiert wie sie sich selbst, und au\u00dferdem leben wir im Zeitalter von KI, in dem man grunds\u00e4tzlich jedes Bild erst einmal anzweifeln m\u00fcsste. Interessanterweise sollte man jedoch davon ausgehen, dass Faeser zwar nachweislich vielfach gegen die Meinungsfreiheit agiert hat (unter ihrer \u00c4gide stand auch die massive \u00f6ffentliche F\u00f6rderung von solchen geheimdienstlich-medialen Mischunternehmen wie &#8220;Correctiv&#8221;), aber mitnichten so offen und ehrlich ihre Agenda zeigen w\u00fcrde, dass sie ein entsprechendes Schild in die H\u00e4nde nehme, um sich damit fotografieren zu lassen.<\/p>\n<p>Was das Amtsgericht Bamberg nat\u00fcrlich vollkommen ignoriert, ist, dass gerade X eine Plattform ist, auf der satirische Memes eine sehr gro\u00dfe Rolle spielen. Insbesondere in Bildform. Nur wahre Hinterw\u00e4ldler, die das erste Mal einen Blick auf X werfen, wissen das noch nicht, und auch die nur in der ersten Viertelstunde. Was B\u00e4nde \u00fcber den Aufwand spricht, den das Amtsgericht Bamberg in diesem Fall zur Wahrheitsfindung betrieben haben d\u00fcrfte.<\/p>\n<p>Nebenbei: Lichtenfels, der Wohnort des Beklagten, entspricht weit eher der Vorstellung von Hinterwald. Das ist jener Ort, an dem fr\u00fcher die ICEs zwischen M\u00fcnchen und Berlin vor oder nach dem Durchfahren des malerischen Th\u00fcringer Waldes eine Art Ged\u00e4chtnishalt von unberechenbarer L\u00e4nge einlegten, wo einst die deutsch-deutsche Grenze verlief. Der unerkl\u00e4rliche Halt d\u00fcrfte \u00fcberlebt haben, nur die malerische Strecke wird inzwischen umgangen (auch das hinterl\u00e4sst ein Gef\u00fchl des Niedergangs \u2013 die zwei sch\u00f6nsten Streckenabschnitte der Deutschen Bahn, die durch den Th\u00fcringer Wald und die entlang des Rheins von Mainz bis Koblenz, werden von den Fernz\u00fcgen umgangen). Von Bamberg nach N\u00fcrnberg verkehren immerhin t\u00e4glich 40 Z\u00fcge. Und der Direktor des Amtsgerichts Bamberg, Martin Dippold, war wenigstens au\u00dfer in Bamberg zuvor auch in Coburg und Bayreuth t\u00e4tig.<\/p>\n<p>Aber dass sich Gerichte bem\u00fc\u00dfigt f\u00fchlen, den beleidigten Majest\u00e4ten Hilfestellung zu leisten, ist das eine, dass Faeser sich berufen f\u00fchlt, die majest\u00e4tische Unantastbarkeit in Anspruch zu nehmen, das andere. Was aber neben dem Skandal, dass hier f\u00fcr journalistische T\u00e4tigkeit in dem Verfahren vor dem Amtsgericht Bamberg am Montag eine Haftstrafe verh\u00e4ngt wurde (h\u00e4tten solche Ma\u00dfst\u00e4be in fr\u00fcheren Jahrzehnten gegolten, die Erfinder der <em>Titanic<\/em> w\u00e4ren aus dem Knast gar nicht mehr herausgekommen), wirklich dem Ganzen die Krone aufsetzt, ist, dass eine Meinung, die die Verfolgung der Meinungsfreiheit anprangert, gerichtlich verfolgt wird. Genauer, dass eine Ministerin, der in einem Bild vorgeworfen wird, die Meinungsfreiheit zu hassen, dieses Bild zur Anzeige bringt, um allen zu belegen, dass sie wirklich die Meinungsfreiheit hasst.<\/p>\n<p>Was, wie ich oben bereits andeutete, dem Bild die satirische Qualit\u00e4t nimmt und auch die Frage unerheblich macht, ob es vorgibt, echt zu sein oder nicht, denn was sp\u00e4testens durch dieses Beispiel aktueller deutscher Justiz belegt wird: Das Bild gibt die tats\u00e4chliche Haltung Faesers zur Meinungsfreiheit wahrhaftiger wieder als alles, was sie je gesagt oder geschrieben hat. David Bendels wurde in diesem Fall zum Opfer einer Abfolge der Irrationalit\u00e4t, bei der man bezogen auf die angegriffene Montage &#8220;Ich hasse die Meinungsfreiheit&#8221; nur mit einer Schlussfolgerung enden kann: quod erat demonstrandum (q.e.d.), was zu beweisen war.<\/p>\n<p><strong>Mehr zum Thema<\/strong> \u2013 <a rel=\"nofollow noopener\" target=\"_blank\" href=\"https:\/\/freedert.online\/inland\/241812-satirisches-faeser-meme-mit-folgen\/\">Satirisches Faeser-Meme mit Folgen: Freiheitsstrafe f\u00fcr Journalisten<\/a><\/p>\n<div class=\"EmbedBlock-root EmbedBlock-externalVideo EmbedBlock-rumble\">\n<div class=\"VkEmbed\"><iframe class=\"lazyload\" data-src=\"https:\/\/rumble.com\/embed\/v6pmmat\" frameborder=\"0\" width=\"853\" height=\"480\" allowfullscreen><\/iframe><\/div>\n<\/div>\n<\/div>\n<p><br \/>\n<br \/><a href=\"https:\/\/de.rt.com\/meinung\/241884-faeser-und-meinungsfreiheit-qed\/\">Source link <\/a><\/p>\n","protected":false},"excerpt":{"rendered":"<p>Es ist einfach so: Faeser und die Meinungsfreiheit lassen sich nicht positiv in einem Satz miteinander verkn\u00fcpfen. Jedoch soll sie sich pers\u00f6nlich M\u00fche gegeben haben, endlich ihren &#8220;Schwachkopf&#8221;-Moment zu erzielen. Das ist ihr mit dem Urteil des Amtsgerichts Bamberg vom Montag gelungen. Von Dagmar Henn Es klingt wie ein Abschiedsgeschenk einer Ministerin, die man m\u00f6glichst [&hellip;]<\/p>\n","protected":false},"author":3,"featured_media":81790,"comment_status":"open","ping_status":"open","sticky":false,"template":"","format":"standard","meta":{"_yoast_indexnow_last_ping":["1744120211"],"wp_automatic_camp":["217"],"d0f59058d411abb141d1e8fbefee7c73":["Faeser und die Meinungsfreiheit: q.e.d."],"original_link":["https:\/\/de.rt.com\/meinung\/241884-faeser-und-meinungsfreiheit-qed\/"],"_thumbnail_id":["81790"],"jnews_social_counter_last_update":["1777440487"],"_wptgpro_p2tg_sent2tg":["a:1:{i:23737;s:19:\"2025-04-08 15:51:12\";}"]},"categories":[19,23],"tags":[45,16802,7120,64128,140],"yoast_head":"<!-- This site is optimized with the Yoast SEO Premium plugin v22.7 (Yoast SEO v22.7) - https:\/\/yoast.com\/wordpress\/plugins\/seo\/ -->\n<title>Faeser und die Meinungsfreiheit: q.e.d. - just-now.NEWS Deutschland<\/title>\n<meta name=\"robots\" content=\"index, follow, max-snippet:-1, max-image-preview:large, max-video-preview:-1\" \/>\n<link rel=\"canonical\" href=\"https:\/\/now-news.de\/de\/deutschland\/faeser-und-die-meinungsfreiheit-q-e-d\/\" \/>\n<meta property=\"og:locale\" content=\"de_DE\" \/>\n<meta property=\"og:type\" content=\"article\" \/>\n<meta property=\"og:title\" content=\"Faeser und die Meinungsfreiheit: q.e.d.\" \/>\n<meta property=\"og:description\" content=\"Es ist einfach so: Faeser und die Meinungsfreiheit lassen sich nicht positiv in einem Satz miteinander verkn\u00fcpfen. Jedoch soll sie sich pers\u00f6nlich M\u00fche gegeben haben, endlich ihren &#8220;Schwachkopf&#8221;-Moment zu erzielen. Das ist ihr mit dem Urteil des Amtsgerichts Bamberg vom Montag gelungen. Von Dagmar Henn Es klingt wie ein Abschiedsgeschenk einer Ministerin, die man m\u00f6glichst [&hellip;]\" \/>\n<meta property=\"og:url\" content=\"https:\/\/now-news.de\/de\/deutschland\/faeser-und-die-meinungsfreiheit-q-e-d\/\" \/>\n<meta property=\"og:site_name\" content=\"just-now.NEWS Deutschland\" \/>\n<meta property=\"article:publisher\" content=\"https:\/\/www.facebook.com\/wirmachenauf\" \/>\n<meta property=\"article:published_time\" content=\"2025-04-08T13:34:56+00:00\" \/>\n<meta property=\"og:image\" content=\"https:\/\/now-news.de\/de\/wp-content\/uploads\/sites\/3\/2025\/04\/67f50b1c48fbef0c1d3de02e.jpg\" \/>\n<meta name=\"author\" content=\"rtnews\" \/>\n<meta name=\"twitter:card\" content=\"summary_large_image\" \/>\n<meta name=\"twitter:creator\" content=\"@WirMachenAuf_de\" \/>\n<meta name=\"twitter:site\" content=\"@WirMachenAuf_de\" \/>\n<meta name=\"twitter:label1\" content=\"Verfasst von\" \/>\n\t<meta name=\"twitter:data1\" content=\"rtnews\" \/>\n\t<meta name=\"twitter:label2\" content=\"Gesch\u00e4tzte Lesezeit\" \/>\n\t<meta name=\"twitter:data2\" content=\"7\u00a0Minuten\" \/>\n<script type=\"application\/ld+json\" class=\"yoast-schema-graph\">{\"@context\":\"https:\/\/schema.org\",\"@graph\":[{\"@type\":\"Article\",\"@id\":\"https:\/\/now-news.de\/de\/deutschland\/faeser-und-die-meinungsfreiheit-q-e-d\/#article\",\"isPartOf\":{\"@id\":\"https:\/\/now-news.de\/de\/deutschland\/faeser-und-die-meinungsfreiheit-q-e-d\/\"},\"author\":{\"name\":\"rtnews\",\"@id\":\"https:\/\/now-news.de\/de\/#\/schema\/person\/fb534a4e865501d8b3285208df34a9b5\"},\"headline\":\"Faeser und die Meinungsfreiheit: q.e.d.\",\"datePublished\":\"2025-04-08T13:34:56+00:00\",\"dateModified\":\"2025-04-08T13:34:56+00:00\",\"mainEntityOfPage\":{\"@id\":\"https:\/\/now-news.de\/de\/deutschland\/faeser-und-die-meinungsfreiheit-q-e-d\/\"},\"wordCount\":1458,\"commentCount\":0,\"publisher\":{\"@id\":\"https:\/\/now-news.de\/de\/#organization\"},\"image\":{\"@id\":\"https:\/\/now-news.de\/de\/deutschland\/faeser-und-die-meinungsfreiheit-q-e-d\/#primaryimage\"},\"thumbnailUrl\":\"https:\/\/now-news.de\/de\/wp-content\/uploads\/sites\/3\/2025\/04\/Faeser-und-die-Meinungsfreiheit-qed.jpg\",\"keywords\":[\"die\",\"Faeser\",\"Meinungsfreiheit\",\"q.e.d\",\"und\"],\"articleSection\":[\"Deutschland\",\"Russland\"],\"inLanguage\":\"de\",\"potentialAction\":[{\"@type\":\"CommentAction\",\"name\":\"Comment\",\"target\":[\"https:\/\/now-news.de\/de\/deutschland\/faeser-und-die-meinungsfreiheit-q-e-d\/#respond\"]}]},{\"@type\":\"WebPage\",\"@id\":\"https:\/\/now-news.de\/de\/deutschland\/faeser-und-die-meinungsfreiheit-q-e-d\/\",\"url\":\"https:\/\/now-news.de\/de\/deutschland\/faeser-und-die-meinungsfreiheit-q-e-d\/\",\"name\":\"Faeser und die Meinungsfreiheit: q.e.d. - just-now.NEWS Deutschland\",\"isPartOf\":{\"@id\":\"https:\/\/now-news.de\/de\/#website\"},\"primaryImageOfPage\":{\"@id\":\"https:\/\/now-news.de\/de\/deutschland\/faeser-und-die-meinungsfreiheit-q-e-d\/#primaryimage\"},\"image\":{\"@id\":\"https:\/\/now-news.de\/de\/deutschland\/faeser-und-die-meinungsfreiheit-q-e-d\/#primaryimage\"},\"thumbnailUrl\":\"https:\/\/now-news.de\/de\/wp-content\/uploads\/sites\/3\/2025\/04\/Faeser-und-die-Meinungsfreiheit-qed.jpg\",\"datePublished\":\"2025-04-08T13:34:56+00:00\",\"dateModified\":\"2025-04-08T13:34:56+00:00\",\"breadcrumb\":{\"@id\":\"https:\/\/now-news.de\/de\/deutschland\/faeser-und-die-meinungsfreiheit-q-e-d\/#breadcrumb\"},\"inLanguage\":\"de\",\"potentialAction\":[{\"@type\":\"ReadAction\",\"target\":[\"https:\/\/now-news.de\/de\/deutschland\/faeser-und-die-meinungsfreiheit-q-e-d\/\"]}]},{\"@type\":\"ImageObject\",\"inLanguage\":\"de\",\"@id\":\"https:\/\/now-news.de\/de\/deutschland\/faeser-und-die-meinungsfreiheit-q-e-d\/#primaryimage\",\"url\":\"https:\/\/now-news.de\/de\/wp-content\/uploads\/sites\/3\/2025\/04\/Faeser-und-die-Meinungsfreiheit-qed.jpg\",\"contentUrl\":\"https:\/\/now-news.de\/de\/wp-content\/uploads\/sites\/3\/2025\/04\/Faeser-und-die-Meinungsfreiheit-qed.jpg\",\"width\":460,\"height\":259,\"caption\":\"Faeser und die Meinungsfreiheit: q.e.d.\"},{\"@type\":\"BreadcrumbList\",\"@id\":\"https:\/\/now-news.de\/de\/deutschland\/faeser-und-die-meinungsfreiheit-q-e-d\/#breadcrumb\",\"itemListElement\":[{\"@type\":\"ListItem\",\"position\":1,\"name\":\"Home\",\"item\":\"https:\/\/now-news.de\/de\/\"},{\"@type\":\"ListItem\",\"position\":2,\"name\":\"Faeser und die Meinungsfreiheit: q.e.d.\"}]},{\"@type\":\"WebSite\",\"@id\":\"https:\/\/now-news.de\/de\/#website\",\"url\":\"https:\/\/now-news.de\/de\/\",\"name\":\"just-now.NEWS Deutschland\",\"description\":\"Das Portal f\u00fcr unzensierte Nachrichten aus der Welt\",\"publisher\":{\"@id\":\"https:\/\/now-news.de\/de\/#organization\"},\"potentialAction\":[{\"@type\":\"SearchAction\",\"target\":{\"@type\":\"EntryPoint\",\"urlTemplate\":\"https:\/\/now-news.de\/de\/?s={search_term_string}\"},\"query-input\":\"required name=search_term_string\"}],\"inLanguage\":\"de\"},{\"@type\":\"Organization\",\"@id\":\"https:\/\/now-news.de\/de\/#organization\",\"name\":\"Just Now News\",\"url\":\"https:\/\/now-news.de\/de\/\",\"logo\":{\"@type\":\"ImageObject\",\"inLanguage\":\"de\",\"@id\":\"https:\/\/now-news.de\/de\/#\/schema\/logo\/image\/\",\"url\":\"http:\/\/just-now.news\/de\/wp-content\/uploads\/sites\/3\/2022\/04\/logo500x500.jpg\",\"contentUrl\":\"http:\/\/just-now.news\/de\/wp-content\/uploads\/sites\/3\/2022\/04\/logo500x500.jpg\",\"width\":500,\"height\":500,\"caption\":\"Just Now News\"},\"image\":{\"@id\":\"https:\/\/now-news.de\/de\/#\/schema\/logo\/image\/\"},\"sameAs\":[\"https:\/\/www.facebook.com\/wirmachenauf\",\"https:\/\/x.com\/WirMachenAuf_de\"]},{\"@type\":\"Person\",\"@id\":\"https:\/\/now-news.de\/de\/#\/schema\/person\/fb534a4e865501d8b3285208df34a9b5\",\"name\":\"rtnews\",\"image\":{\"@type\":\"ImageObject\",\"inLanguage\":\"de\",\"@id\":\"https:\/\/now-news.de\/de\/#\/schema\/person\/image\/\",\"url\":\"https:\/\/secure.gravatar.com\/avatar\/82aafea7d8127119dd649515f56e2117?s=96&d=mm&r=g\",\"contentUrl\":\"https:\/\/secure.gravatar.com\/avatar\/82aafea7d8127119dd649515f56e2117?s=96&d=mm&r=g\",\"caption\":\"rtnews\"},\"url\":\"https:\/\/now-news.de\/de\/author\/rnews\/\"}]}<\/script>\n<!-- \/ Yoast SEO Premium plugin. -->","yoast_head_json":{"title":"Faeser und die Meinungsfreiheit: q.e.d. - just-now.NEWS Deutschland","robots":{"index":"index","follow":"follow","max-snippet":"max-snippet:-1","max-image-preview":"max-image-preview:large","max-video-preview":"max-video-preview:-1"},"canonical":"https:\/\/now-news.de\/de\/deutschland\/faeser-und-die-meinungsfreiheit-q-e-d\/","og_locale":"de_DE","og_type":"article","og_title":"Faeser und die Meinungsfreiheit: q.e.d.","og_description":"Es ist einfach so: Faeser und die Meinungsfreiheit lassen sich nicht positiv in einem Satz miteinander verkn\u00fcpfen. Jedoch soll sie sich pers\u00f6nlich M\u00fche gegeben haben, endlich ihren &#8220;Schwachkopf&#8221;-Moment zu erzielen. Das ist ihr mit dem Urteil des Amtsgerichts Bamberg vom Montag gelungen. Von Dagmar Henn Es klingt wie ein Abschiedsgeschenk einer Ministerin, die man m\u00f6glichst [&hellip;]","og_url":"https:\/\/now-news.de\/de\/deutschland\/faeser-und-die-meinungsfreiheit-q-e-d\/","og_site_name":"just-now.NEWS Deutschland","article_publisher":"https:\/\/www.facebook.com\/wirmachenauf","article_published_time":"2025-04-08T13:34:56+00:00","og_image":[{"url":"https:\/\/now-news.de\/de\/wp-content\/uploads\/sites\/3\/2025\/04\/67f50b1c48fbef0c1d3de02e.jpg"}],"author":"rtnews","twitter_card":"summary_large_image","twitter_creator":"@WirMachenAuf_de","twitter_site":"@WirMachenAuf_de","twitter_misc":{"Verfasst von":"rtnews","Gesch\u00e4tzte Lesezeit":"7\u00a0Minuten"},"schema":{"@context":"https:\/\/schema.org","@graph":[{"@type":"Article","@id":"https:\/\/now-news.de\/de\/deutschland\/faeser-und-die-meinungsfreiheit-q-e-d\/#article","isPartOf":{"@id":"https:\/\/now-news.de\/de\/deutschland\/faeser-und-die-meinungsfreiheit-q-e-d\/"},"author":{"name":"rtnews","@id":"https:\/\/now-news.de\/de\/#\/schema\/person\/fb534a4e865501d8b3285208df34a9b5"},"headline":"Faeser und die Meinungsfreiheit: q.e.d.","datePublished":"2025-04-08T13:34:56+00:00","dateModified":"2025-04-08T13:34:56+00:00","mainEntityOfPage":{"@id":"https:\/\/now-news.de\/de\/deutschland\/faeser-und-die-meinungsfreiheit-q-e-d\/"},"wordCount":1458,"commentCount":0,"publisher":{"@id":"https:\/\/now-news.de\/de\/#organization"},"image":{"@id":"https:\/\/now-news.de\/de\/deutschland\/faeser-und-die-meinungsfreiheit-q-e-d\/#primaryimage"},"thumbnailUrl":"https:\/\/now-news.de\/de\/wp-content\/uploads\/sites\/3\/2025\/04\/Faeser-und-die-Meinungsfreiheit-qed.jpg","keywords":["die","Faeser","Meinungsfreiheit","q.e.d","und"],"articleSection":["Deutschland","Russland"],"inLanguage":"de","potentialAction":[{"@type":"CommentAction","name":"Comment","target":["https:\/\/now-news.de\/de\/deutschland\/faeser-und-die-meinungsfreiheit-q-e-d\/#respond"]}]},{"@type":"WebPage","@id":"https:\/\/now-news.de\/de\/deutschland\/faeser-und-die-meinungsfreiheit-q-e-d\/","url":"https:\/\/now-news.de\/de\/deutschland\/faeser-und-die-meinungsfreiheit-q-e-d\/","name":"Faeser und die Meinungsfreiheit: q.e.d. - just-now.NEWS Deutschland","isPartOf":{"@id":"https:\/\/now-news.de\/de\/#website"},"primaryImageOfPage":{"@id":"https:\/\/now-news.de\/de\/deutschland\/faeser-und-die-meinungsfreiheit-q-e-d\/#primaryimage"},"image":{"@id":"https:\/\/now-news.de\/de\/deutschland\/faeser-und-die-meinungsfreiheit-q-e-d\/#primaryimage"},"thumbnailUrl":"https:\/\/now-news.de\/de\/wp-content\/uploads\/sites\/3\/2025\/04\/Faeser-und-die-Meinungsfreiheit-qed.jpg","datePublished":"2025-04-08T13:34:56+00:00","dateModified":"2025-04-08T13:34:56+00:00","breadcrumb":{"@id":"https:\/\/now-news.de\/de\/deutschland\/faeser-und-die-meinungsfreiheit-q-e-d\/#breadcrumb"},"inLanguage":"de","potentialAction":[{"@type":"ReadAction","target":["https:\/\/now-news.de\/de\/deutschland\/faeser-und-die-meinungsfreiheit-q-e-d\/"]}]},{"@type":"ImageObject","inLanguage":"de","@id":"https:\/\/now-news.de\/de\/deutschland\/faeser-und-die-meinungsfreiheit-q-e-d\/#primaryimage","url":"https:\/\/now-news.de\/de\/wp-content\/uploads\/sites\/3\/2025\/04\/Faeser-und-die-Meinungsfreiheit-qed.jpg","contentUrl":"https:\/\/now-news.de\/de\/wp-content\/uploads\/sites\/3\/2025\/04\/Faeser-und-die-Meinungsfreiheit-qed.jpg","width":460,"height":259,"caption":"Faeser und die Meinungsfreiheit: q.e.d."},{"@type":"BreadcrumbList","@id":"https:\/\/now-news.de\/de\/deutschland\/faeser-und-die-meinungsfreiheit-q-e-d\/#breadcrumb","itemListElement":[{"@type":"ListItem","position":1,"name":"Home","item":"https:\/\/now-news.de\/de\/"},{"@type":"ListItem","position":2,"name":"Faeser und die Meinungsfreiheit: q.e.d."}]},{"@type":"WebSite","@id":"https:\/\/now-news.de\/de\/#website","url":"https:\/\/now-news.de\/de\/","name":"just-now.NEWS Deutschland","description":"Das Portal f\u00fcr unzensierte Nachrichten aus der Welt","publisher":{"@id":"https:\/\/now-news.de\/de\/#organization"},"potentialAction":[{"@type":"SearchAction","target":{"@type":"EntryPoint","urlTemplate":"https:\/\/now-news.de\/de\/?s={search_term_string}"},"query-input":"required name=search_term_string"}],"inLanguage":"de"},{"@type":"Organization","@id":"https:\/\/now-news.de\/de\/#organization","name":"Just Now News","url":"https:\/\/now-news.de\/de\/","logo":{"@type":"ImageObject","inLanguage":"de","@id":"https:\/\/now-news.de\/de\/#\/schema\/logo\/image\/","url":"http:\/\/just-now.news\/de\/wp-content\/uploads\/sites\/3\/2022\/04\/logo500x500.jpg","contentUrl":"http:\/\/just-now.news\/de\/wp-content\/uploads\/sites\/3\/2022\/04\/logo500x500.jpg","width":500,"height":500,"caption":"Just Now News"},"image":{"@id":"https:\/\/now-news.de\/de\/#\/schema\/logo\/image\/"},"sameAs":["https:\/\/www.facebook.com\/wirmachenauf","https:\/\/x.com\/WirMachenAuf_de"]},{"@type":"Person","@id":"https:\/\/now-news.de\/de\/#\/schema\/person\/fb534a4e865501d8b3285208df34a9b5","name":"rtnews","image":{"@type":"ImageObject","inLanguage":"de","@id":"https:\/\/now-news.de\/de\/#\/schema\/person\/image\/","url":"https:\/\/secure.gravatar.com\/avatar\/82aafea7d8127119dd649515f56e2117?s=96&d=mm&r=g","contentUrl":"https:\/\/secure.gravatar.com\/avatar\/82aafea7d8127119dd649515f56e2117?s=96&d=mm&r=g","caption":"rtnews"},"url":"https:\/\/now-news.de\/de\/author\/rnews\/"}]}},"_links":{"self":[{"href":"https:\/\/now-news.de\/de\/wp-json\/wp\/v2\/posts\/81789"}],"collection":[{"href":"https:\/\/now-news.de\/de\/wp-json\/wp\/v2\/posts"}],"about":[{"href":"https:\/\/now-news.de\/de\/wp-json\/wp\/v2\/types\/post"}],"author":[{"embeddable":true,"href":"https:\/\/now-news.de\/de\/wp-json\/wp\/v2\/users\/3"}],"replies":[{"embeddable":true,"href":"https:\/\/now-news.de\/de\/wp-json\/wp\/v2\/comments?post=81789"}],"version-history":[{"count":0,"href":"https:\/\/now-news.de\/de\/wp-json\/wp\/v2\/posts\/81789\/revisions"}],"wp:featuredmedia":[{"embeddable":true,"href":"https:\/\/now-news.de\/de\/wp-json\/wp\/v2\/media\/81790"}],"wp:attachment":[{"href":"https:\/\/now-news.de\/de\/wp-json\/wp\/v2\/media?parent=81789"}],"wp:term":[{"taxonomy":"category","embeddable":true,"href":"https:\/\/now-news.de\/de\/wp-json\/wp\/v2\/categories?post=81789"},{"taxonomy":"post_tag","embeddable":true,"href":"https:\/\/now-news.de\/de\/wp-json\/wp\/v2\/tags?post=81789"}],"curies":[{"name":"wp","href":"https:\/\/api.w.org\/{rel}","templated":true}]}}