{"id":81785,"date":"2025-04-08T14:34:44","date_gmt":"2025-04-08T12:34:44","guid":{"rendered":"https:\/\/now-news.de\/de\/deutschland\/jan-josef-liefers-wir-koennen-unser-geschlecht-aendern-haben-aber-keine-wohnungen\/"},"modified":"2025-04-08T14:34:44","modified_gmt":"2025-04-08T12:34:44","slug":"jan-josef-liefers-wir-koennen-unser-geschlecht-aendern-haben-aber-keine-wohnungen","status":"publish","type":"post","link":"https:\/\/now-news.de\/de\/deutschland\/jan-josef-liefers-wir-koennen-unser-geschlecht-aendern-haben-aber-keine-wohnungen\/","title":{"rendered":"Jan Josef Liefers: Wir k\u00f6nnen unser Geschlecht \u00e4ndern, haben aber keine Wohnungen"},"content":{"rendered":"<p><img decoding=\"async\" src=\"https:\/\/now-news.de\/de\/wp-content\/uploads\/sites\/3\/2025\/04\/67f4f75db480cc577f316343.jpg\" \/><\/p>\n<div class=\"Text-root Text-type_1 \">\n                &#8220;Wir k\u00f6nnen jedes Jahr unser Geschlecht \u00e4ndern, haben Diversit\u00e4t und Pronomen, aber nicht genug Wohnraum f\u00fcr die Menschen im Land&#8221;, kritisiert der Schauspieler Jan<br \/>\nJosef Liefers. Der Schauspieler engagierte sich schon zur Corona-Zeit kritisch und wurde daf\u00fcr scharf angegangen.\n            <\/div>\n<p><\/p>\n<div class=\"Text-root Text-type_5 ArticleView-text ViewText-root \">\n<p>Jan Josef Liefers macht in einer aktuellen Wortmeldung auf die Widerspr\u00fcche deutscher Politik aufmerksam. Einerseits werde viel Wert auf Diversit\u00e4t gelegt. Man k\u00f6nne die Pronomen, mit denen man angesprochen werden m\u00f6chte, und sein Geschlecht frei w\u00e4hlen. Auf der anderen Seite fehle es an Grundlegendem wie Wohnraum.<\/p>\n<blockquote>\n<p><em>&#8220;Wir k\u00f6nnen jedes Jahr unser Geschlecht \u00e4ndern, haben Diversit\u00e4t und Pronomen, aber nicht genug Wohnraum f\u00fcr die Menschen im Land. Besonders wenn ihnen die Kohle fehlt. Als h\u00e4tte die Politik vergessen, ihre Grundaufgaben zu erledigen&#8221;, <\/em><\/p>\n<\/blockquote>\n<p>sagte der Schauspieler dem Springerblatt <em>Bild<\/em>.\u00a0<\/p>\n<p>Tats\u00e4chlich verfehlt deutsche Politik seit Jahren die selbstgesteckten Ziele zum Wohnungsbau. Die Ampelkoalition hatte in den Koalitionsvertrag geschrieben, f\u00fcr j\u00e4hrlich 400.000 neue Wohnungen sorgen zu wollen. Dieses Ziel wurde unter der Regierung der Ampelkoalition nie erreicht. Im Jahr 2024 wurde mit 215.000 Wohnungen gerade mal etwas mehr als die H\u00e4lfte des versprochenen Wohnraums geschaffen.\u00a0<\/p>\n<p>In Deutschland herrscht inzwischen echte Wohnungsnot. Allein in der deutschen Hauptstadt Berlin fehlen rund 100.000 Wohnungen. In der Konsequenz sind in Deutschland immer mehr Menschen von Obdachlosigkeit betroffen.\u00a0<\/p>\n<p>Dem stehen gesellschaftliche Experimente wie das Selbstbestimmungsgesetz gegen\u00fcber. Das Gesetz erm\u00f6glicht die unb\u00fcrokratische \u00c4nderung des Geschlechtereintrags. Die Ampelkoalition\u00e4re, vor allem die Gr\u00fcnen, heben dabei hervor, das Gesetz leiste einen wesentlichen Beitrag zur Antidiskriminierung. Dabei wird unterschlagen, dass die h\u00e4ufigste Form der Diskriminierung immer noch die \u00f6konomische ist. Das Recht auf Wohnraum ist ein Menschenrecht, dessen Gew\u00e4hrleistung die scheidende Bundesregierung weniger vitalen Interessen untergeordnet hat.<\/p>\n<p>In Russland ist das Recht auf Wohnen deutlich besser verwirklicht als in Deutschland. Allein im Jahr 2024 wurden in Russland 107\u00a0Millionen Quadratmeter neuer Wohnraum geschaffen. Das entspricht \u00fcber zwei Millionen neuer Wohnungen.<\/p>\n<p>Liefers\u00a0wurde einem breiten Publikum durch seine Rolle als Pathologe Professor Boerne im &#8220;Tatort&#8221; aus M\u00fcnster bekannt. W\u00e4hrend der COVID-19-Pandemie beteiligte sich der Schauspieler an der ma\u00dfnahmenkritischen Aktion &#8220;<a rel=\"nofollow noopener\" target=\"_blank\" href=\"https:\/\/www.youtube.com\/@allesdichtmachen142\/videos\">alles dichtmachen<\/a>&#8220;. Daf\u00fcr wurde er zum Teil harsch kritisiert. Unter anderem wurde gefordert, Liefers von der Produktion des Tatorts M\u00fcnster auszuschlie\u00dfen. Eine Aufarbeitung des drastischen Umgangs mit den Schauspielern, die sich an der Aktion beteiligt haben, fand bisher nicht statt.<\/p>\n<p><strong>Mehr zum Thema<\/strong>\u00a0\u2013 <a rel=\"nofollow noopener\" target=\"_blank\" href=\"https:\/\/freedert.online\/inland\/116772-liefers-und-spahn-stellen-sich\/\">Liefers und Spahn stellen sich Interview: &#8220;Man darf in diesem Land so ziemlich alles sagen&#8221;<\/a><\/p>\n<div class=\"EmbedBlock-root EmbedBlock-externalVideo EmbedBlock-rumble\">\n<div class=\"VkEmbed\"><iframe class=\"lazyload\" data-src=\"https:\/\/rumble.com\/embed\/v6pjdph\" frameborder=\"0\" width=\"853\" height=\"480\" allowfullscreen><\/iframe><\/div>\n<\/div>\n<\/div>\n<p><br \/>\n<br \/><a href=\"https:\/\/de.rt.com\/gesellschaft\/241869-jan-josef-liefers-wir-koennen-unser-geschlecht-aendern-haben-aber-keine-wohnungen\/\">Source link <\/a><\/p>\n","protected":false},"excerpt":{"rendered":"<p>&#8220;Wir k\u00f6nnen jedes Jahr unser Geschlecht \u00e4ndern, haben Diversit\u00e4t und Pronomen, aber nicht genug Wohnraum f\u00fcr die Menschen im Land&#8221;, kritisiert der Schauspieler Jan Josef Liefers. Der Schauspieler engagierte sich schon zur Corona-Zeit kritisch und wurde daf\u00fcr scharf angegangen. Jan Josef Liefers macht in einer aktuellen Wortmeldung auf die Widerspr\u00fcche deutscher Politik aufmerksam. Einerseits werde [&hellip;]<\/p>\n","protected":false},"author":3,"featured_media":81786,"comment_status":"open","ping_status":"open","sticky":false,"template":"","format":"standard","meta":{"_yoast_indexnow_last_ping":["1744116370"],"wp_automatic_camp":["217"],"6bf6d4298a4ee5bc9f7c5964abae3c42":["Jan Josef Liefers: Wir k\u00f6nnen unser Geschlecht \u00e4ndern, haben aber keine Wohnungen"],"original_link":["https:\/\/de.rt.com\/gesellschaft\/241869-jan-josef-liefers-wir-koennen-unser-geschlecht-aendern-haben-aber-keine-wohnungen\/"],"_thumbnail_id":["81786"],"jnews_social_counter_last_update":["1777108944"],"_wptgpro_p2tg_sent2tg":["a:1:{i:23737;s:19:\"2025-04-08 14:47:15\";}"]},"categories":[19,23],"tags":[2205,19229,4821,771,7164,41579,375,4296,64123,24970,1801,10624],"yoast_head":"<!-- This site is optimized with the Yoast SEO Premium plugin v22.7 (Yoast SEO v22.7) - https:\/\/yoast.com\/wordpress\/plugins\/seo\/ -->\n<title>Jan Josef Liefers: Wir k\u00f6nnen unser Geschlecht \u00e4ndern, haben aber keine Wohnungen - just-now.NEWS Deutschland<\/title>\n<meta name=\"robots\" content=\"index, follow, max-snippet:-1, max-image-preview:large, max-video-preview:-1\" \/>\n<link rel=\"canonical\" href=\"https:\/\/now-news.de\/de\/deutschland\/jan-josef-liefers-wir-koennen-unser-geschlecht-aendern-haben-aber-keine-wohnungen\/\" \/>\n<meta property=\"og:locale\" content=\"de_DE\" \/>\n<meta property=\"og:type\" content=\"article\" \/>\n<meta property=\"og:title\" content=\"Jan Josef Liefers: Wir k\u00f6nnen unser Geschlecht \u00e4ndern, haben aber keine Wohnungen\" \/>\n<meta property=\"og:description\" content=\"&#8220;Wir k\u00f6nnen jedes Jahr unser Geschlecht \u00e4ndern, haben Diversit\u00e4t und Pronomen, aber nicht genug Wohnraum f\u00fcr die Menschen im Land&#8221;, kritisiert der Schauspieler Jan Josef Liefers. Der Schauspieler engagierte sich schon zur Corona-Zeit kritisch und wurde daf\u00fcr scharf angegangen. Jan Josef Liefers macht in einer aktuellen Wortmeldung auf die Widerspr\u00fcche deutscher Politik aufmerksam. Einerseits werde [&hellip;]\" \/>\n<meta property=\"og:url\" content=\"https:\/\/now-news.de\/de\/deutschland\/jan-josef-liefers-wir-koennen-unser-geschlecht-aendern-haben-aber-keine-wohnungen\/\" \/>\n<meta property=\"og:site_name\" content=\"just-now.NEWS Deutschland\" \/>\n<meta property=\"article:publisher\" content=\"https:\/\/www.facebook.com\/wirmachenauf\" \/>\n<meta property=\"article:published_time\" content=\"2025-04-08T12:34:44+00:00\" \/>\n<meta property=\"og:image\" content=\"https:\/\/now-news.de\/de\/wp-content\/uploads\/sites\/3\/2025\/04\/67f4f75db480cc577f316343.jpg\" \/>\n<meta name=\"author\" content=\"rtnews\" \/>\n<meta name=\"twitter:card\" content=\"summary_large_image\" \/>\n<meta name=\"twitter:creator\" content=\"@WirMachenAuf_de\" \/>\n<meta name=\"twitter:site\" content=\"@WirMachenAuf_de\" \/>\n<meta name=\"twitter:label1\" content=\"Verfasst von\" \/>\n\t<meta name=\"twitter:data1\" content=\"rtnews\" \/>\n\t<meta name=\"twitter:label2\" content=\"Gesch\u00e4tzte Lesezeit\" \/>\n\t<meta name=\"twitter:data2\" content=\"2\u00a0Minuten\" \/>\n<script type=\"application\/ld+json\" class=\"yoast-schema-graph\">{\"@context\":\"https:\/\/schema.org\",\"@graph\":[{\"@type\":\"Article\",\"@id\":\"https:\/\/now-news.de\/de\/deutschland\/jan-josef-liefers-wir-koennen-unser-geschlecht-aendern-haben-aber-keine-wohnungen\/#article\",\"isPartOf\":{\"@id\":\"https:\/\/now-news.de\/de\/deutschland\/jan-josef-liefers-wir-koennen-unser-geschlecht-aendern-haben-aber-keine-wohnungen\/\"},\"author\":{\"name\":\"rtnews\",\"@id\":\"https:\/\/now-news.de\/de\/#\/schema\/person\/fb534a4e865501d8b3285208df34a9b5\"},\"headline\":\"Jan Josef Liefers: Wir k\u00f6nnen unser Geschlecht \u00e4ndern, haben aber keine Wohnungen\",\"datePublished\":\"2025-04-08T12:34:44+00:00\",\"dateModified\":\"2025-04-08T12:34:44+00:00\",\"mainEntityOfPage\":{\"@id\":\"https:\/\/now-news.de\/de\/deutschland\/jan-josef-liefers-wir-koennen-unser-geschlecht-aendern-haben-aber-keine-wohnungen\/\"},\"wordCount\":432,\"commentCount\":0,\"publisher\":{\"@id\":\"https:\/\/now-news.de\/de\/#organization\"},\"image\":{\"@id\":\"https:\/\/now-news.de\/de\/deutschland\/jan-josef-liefers-wir-koennen-unser-geschlecht-aendern-haben-aber-keine-wohnungen\/#primaryimage\"},\"thumbnailUrl\":\"https:\/\/now-news.de\/de\/wp-content\/uploads\/sites\/3\/2025\/04\/Jan-Josef-Liefers-Wir-koennen-unser-Geschlecht-aendern-haben-aber.jpg\",\"keywords\":[\"aber\",\"\u00e4ndern\",\"Geschlecht\",\"haben\",\"Jan\",\"Josef\",\"keine\",\"k\u00f6nnen\",\"Liefers\",\"unser\",\"Wir\",\"Wohnungen\"],\"articleSection\":[\"Deutschland\",\"Russland\"],\"inLanguage\":\"de\",\"potentialAction\":[{\"@type\":\"CommentAction\",\"name\":\"Comment\",\"target\":[\"https:\/\/now-news.de\/de\/deutschland\/jan-josef-liefers-wir-koennen-unser-geschlecht-aendern-haben-aber-keine-wohnungen\/#respond\"]}]},{\"@type\":\"WebPage\",\"@id\":\"https:\/\/now-news.de\/de\/deutschland\/jan-josef-liefers-wir-koennen-unser-geschlecht-aendern-haben-aber-keine-wohnungen\/\",\"url\":\"https:\/\/now-news.de\/de\/deutschland\/jan-josef-liefers-wir-koennen-unser-geschlecht-aendern-haben-aber-keine-wohnungen\/\",\"name\":\"Jan Josef Liefers: Wir k\u00f6nnen unser Geschlecht \u00e4ndern, haben aber keine Wohnungen - just-now.NEWS Deutschland\",\"isPartOf\":{\"@id\":\"https:\/\/now-news.de\/de\/#website\"},\"primaryImageOfPage\":{\"@id\":\"https:\/\/now-news.de\/de\/deutschland\/jan-josef-liefers-wir-koennen-unser-geschlecht-aendern-haben-aber-keine-wohnungen\/#primaryimage\"},\"image\":{\"@id\":\"https:\/\/now-news.de\/de\/deutschland\/jan-josef-liefers-wir-koennen-unser-geschlecht-aendern-haben-aber-keine-wohnungen\/#primaryimage\"},\"thumbnailUrl\":\"https:\/\/now-news.de\/de\/wp-content\/uploads\/sites\/3\/2025\/04\/Jan-Josef-Liefers-Wir-koennen-unser-Geschlecht-aendern-haben-aber.jpg\",\"datePublished\":\"2025-04-08T12:34:44+00:00\",\"dateModified\":\"2025-04-08T12:34:44+00:00\",\"breadcrumb\":{\"@id\":\"https:\/\/now-news.de\/de\/deutschland\/jan-josef-liefers-wir-koennen-unser-geschlecht-aendern-haben-aber-keine-wohnungen\/#breadcrumb\"},\"inLanguage\":\"de\",\"potentialAction\":[{\"@type\":\"ReadAction\",\"target\":[\"https:\/\/now-news.de\/de\/deutschland\/jan-josef-liefers-wir-koennen-unser-geschlecht-aendern-haben-aber-keine-wohnungen\/\"]}]},{\"@type\":\"ImageObject\",\"inLanguage\":\"de\",\"@id\":\"https:\/\/now-news.de\/de\/deutschland\/jan-josef-liefers-wir-koennen-unser-geschlecht-aendern-haben-aber-keine-wohnungen\/#primaryimage\",\"url\":\"https:\/\/now-news.de\/de\/wp-content\/uploads\/sites\/3\/2025\/04\/Jan-Josef-Liefers-Wir-koennen-unser-Geschlecht-aendern-haben-aber.jpg\",\"contentUrl\":\"https:\/\/now-news.de\/de\/wp-content\/uploads\/sites\/3\/2025\/04\/Jan-Josef-Liefers-Wir-koennen-unser-Geschlecht-aendern-haben-aber.jpg\",\"width\":460,\"height\":259,\"caption\":\"Jan Josef Liefers: Wir k\u00f6nnen unser Geschlecht \u00e4ndern, haben aber keine Wohnungen\"},{\"@type\":\"BreadcrumbList\",\"@id\":\"https:\/\/now-news.de\/de\/deutschland\/jan-josef-liefers-wir-koennen-unser-geschlecht-aendern-haben-aber-keine-wohnungen\/#breadcrumb\",\"itemListElement\":[{\"@type\":\"ListItem\",\"position\":1,\"name\":\"Home\",\"item\":\"https:\/\/now-news.de\/de\/\"},{\"@type\":\"ListItem\",\"position\":2,\"name\":\"Jan Josef Liefers: Wir k\u00f6nnen unser Geschlecht \u00e4ndern, haben aber keine Wohnungen\"}]},{\"@type\":\"WebSite\",\"@id\":\"https:\/\/now-news.de\/de\/#website\",\"url\":\"https:\/\/now-news.de\/de\/\",\"name\":\"just-now.NEWS Deutschland\",\"description\":\"Das Portal f\u00fcr unzensierte Nachrichten aus der Welt\",\"publisher\":{\"@id\":\"https:\/\/now-news.de\/de\/#organization\"},\"potentialAction\":[{\"@type\":\"SearchAction\",\"target\":{\"@type\":\"EntryPoint\",\"urlTemplate\":\"https:\/\/now-news.de\/de\/?s={search_term_string}\"},\"query-input\":\"required name=search_term_string\"}],\"inLanguage\":\"de\"},{\"@type\":\"Organization\",\"@id\":\"https:\/\/now-news.de\/de\/#organization\",\"name\":\"Just Now News\",\"url\":\"https:\/\/now-news.de\/de\/\",\"logo\":{\"@type\":\"ImageObject\",\"inLanguage\":\"de\",\"@id\":\"https:\/\/now-news.de\/de\/#\/schema\/logo\/image\/\",\"url\":\"http:\/\/just-now.news\/de\/wp-content\/uploads\/sites\/3\/2022\/04\/logo500x500.jpg\",\"contentUrl\":\"http:\/\/just-now.news\/de\/wp-content\/uploads\/sites\/3\/2022\/04\/logo500x500.jpg\",\"width\":500,\"height\":500,\"caption\":\"Just Now News\"},\"image\":{\"@id\":\"https:\/\/now-news.de\/de\/#\/schema\/logo\/image\/\"},\"sameAs\":[\"https:\/\/www.facebook.com\/wirmachenauf\",\"https:\/\/x.com\/WirMachenAuf_de\"]},{\"@type\":\"Person\",\"@id\":\"https:\/\/now-news.de\/de\/#\/schema\/person\/fb534a4e865501d8b3285208df34a9b5\",\"name\":\"rtnews\",\"image\":{\"@type\":\"ImageObject\",\"inLanguage\":\"de\",\"@id\":\"https:\/\/now-news.de\/de\/#\/schema\/person\/image\/\",\"url\":\"https:\/\/secure.gravatar.com\/avatar\/82aafea7d8127119dd649515f56e2117?s=96&d=mm&r=g\",\"contentUrl\":\"https:\/\/secure.gravatar.com\/avatar\/82aafea7d8127119dd649515f56e2117?s=96&d=mm&r=g\",\"caption\":\"rtnews\"},\"url\":\"https:\/\/now-news.de\/de\/author\/rnews\/\"}]}<\/script>\n<!-- \/ Yoast SEO Premium plugin. -->","yoast_head_json":{"title":"Jan Josef Liefers: Wir k\u00f6nnen unser Geschlecht \u00e4ndern, haben aber keine Wohnungen - just-now.NEWS Deutschland","robots":{"index":"index","follow":"follow","max-snippet":"max-snippet:-1","max-image-preview":"max-image-preview:large","max-video-preview":"max-video-preview:-1"},"canonical":"https:\/\/now-news.de\/de\/deutschland\/jan-josef-liefers-wir-koennen-unser-geschlecht-aendern-haben-aber-keine-wohnungen\/","og_locale":"de_DE","og_type":"article","og_title":"Jan Josef Liefers: Wir k\u00f6nnen unser Geschlecht \u00e4ndern, haben aber keine Wohnungen","og_description":"&#8220;Wir k\u00f6nnen jedes Jahr unser Geschlecht \u00e4ndern, haben Diversit\u00e4t und Pronomen, aber nicht genug Wohnraum f\u00fcr die Menschen im Land&#8221;, kritisiert der Schauspieler Jan Josef Liefers. Der Schauspieler engagierte sich schon zur Corona-Zeit kritisch und wurde daf\u00fcr scharf angegangen. Jan Josef Liefers macht in einer aktuellen Wortmeldung auf die Widerspr\u00fcche deutscher Politik aufmerksam. Einerseits werde [&hellip;]","og_url":"https:\/\/now-news.de\/de\/deutschland\/jan-josef-liefers-wir-koennen-unser-geschlecht-aendern-haben-aber-keine-wohnungen\/","og_site_name":"just-now.NEWS Deutschland","article_publisher":"https:\/\/www.facebook.com\/wirmachenauf","article_published_time":"2025-04-08T12:34:44+00:00","og_image":[{"url":"https:\/\/now-news.de\/de\/wp-content\/uploads\/sites\/3\/2025\/04\/67f4f75db480cc577f316343.jpg"}],"author":"rtnews","twitter_card":"summary_large_image","twitter_creator":"@WirMachenAuf_de","twitter_site":"@WirMachenAuf_de","twitter_misc":{"Verfasst von":"rtnews","Gesch\u00e4tzte Lesezeit":"2\u00a0Minuten"},"schema":{"@context":"https:\/\/schema.org","@graph":[{"@type":"Article","@id":"https:\/\/now-news.de\/de\/deutschland\/jan-josef-liefers-wir-koennen-unser-geschlecht-aendern-haben-aber-keine-wohnungen\/#article","isPartOf":{"@id":"https:\/\/now-news.de\/de\/deutschland\/jan-josef-liefers-wir-koennen-unser-geschlecht-aendern-haben-aber-keine-wohnungen\/"},"author":{"name":"rtnews","@id":"https:\/\/now-news.de\/de\/#\/schema\/person\/fb534a4e865501d8b3285208df34a9b5"},"headline":"Jan Josef Liefers: Wir k\u00f6nnen unser Geschlecht \u00e4ndern, haben aber keine Wohnungen","datePublished":"2025-04-08T12:34:44+00:00","dateModified":"2025-04-08T12:34:44+00:00","mainEntityOfPage":{"@id":"https:\/\/now-news.de\/de\/deutschland\/jan-josef-liefers-wir-koennen-unser-geschlecht-aendern-haben-aber-keine-wohnungen\/"},"wordCount":432,"commentCount":0,"publisher":{"@id":"https:\/\/now-news.de\/de\/#organization"},"image":{"@id":"https:\/\/now-news.de\/de\/deutschland\/jan-josef-liefers-wir-koennen-unser-geschlecht-aendern-haben-aber-keine-wohnungen\/#primaryimage"},"thumbnailUrl":"https:\/\/now-news.de\/de\/wp-content\/uploads\/sites\/3\/2025\/04\/Jan-Josef-Liefers-Wir-koennen-unser-Geschlecht-aendern-haben-aber.jpg","keywords":["aber","\u00e4ndern","Geschlecht","haben","Jan","Josef","keine","k\u00f6nnen","Liefers","unser","Wir","Wohnungen"],"articleSection":["Deutschland","Russland"],"inLanguage":"de","potentialAction":[{"@type":"CommentAction","name":"Comment","target":["https:\/\/now-news.de\/de\/deutschland\/jan-josef-liefers-wir-koennen-unser-geschlecht-aendern-haben-aber-keine-wohnungen\/#respond"]}]},{"@type":"WebPage","@id":"https:\/\/now-news.de\/de\/deutschland\/jan-josef-liefers-wir-koennen-unser-geschlecht-aendern-haben-aber-keine-wohnungen\/","url":"https:\/\/now-news.de\/de\/deutschland\/jan-josef-liefers-wir-koennen-unser-geschlecht-aendern-haben-aber-keine-wohnungen\/","name":"Jan Josef Liefers: Wir k\u00f6nnen unser Geschlecht \u00e4ndern, haben aber keine Wohnungen - just-now.NEWS Deutschland","isPartOf":{"@id":"https:\/\/now-news.de\/de\/#website"},"primaryImageOfPage":{"@id":"https:\/\/now-news.de\/de\/deutschland\/jan-josef-liefers-wir-koennen-unser-geschlecht-aendern-haben-aber-keine-wohnungen\/#primaryimage"},"image":{"@id":"https:\/\/now-news.de\/de\/deutschland\/jan-josef-liefers-wir-koennen-unser-geschlecht-aendern-haben-aber-keine-wohnungen\/#primaryimage"},"thumbnailUrl":"https:\/\/now-news.de\/de\/wp-content\/uploads\/sites\/3\/2025\/04\/Jan-Josef-Liefers-Wir-koennen-unser-Geschlecht-aendern-haben-aber.jpg","datePublished":"2025-04-08T12:34:44+00:00","dateModified":"2025-04-08T12:34:44+00:00","breadcrumb":{"@id":"https:\/\/now-news.de\/de\/deutschland\/jan-josef-liefers-wir-koennen-unser-geschlecht-aendern-haben-aber-keine-wohnungen\/#breadcrumb"},"inLanguage":"de","potentialAction":[{"@type":"ReadAction","target":["https:\/\/now-news.de\/de\/deutschland\/jan-josef-liefers-wir-koennen-unser-geschlecht-aendern-haben-aber-keine-wohnungen\/"]}]},{"@type":"ImageObject","inLanguage":"de","@id":"https:\/\/now-news.de\/de\/deutschland\/jan-josef-liefers-wir-koennen-unser-geschlecht-aendern-haben-aber-keine-wohnungen\/#primaryimage","url":"https:\/\/now-news.de\/de\/wp-content\/uploads\/sites\/3\/2025\/04\/Jan-Josef-Liefers-Wir-koennen-unser-Geschlecht-aendern-haben-aber.jpg","contentUrl":"https:\/\/now-news.de\/de\/wp-content\/uploads\/sites\/3\/2025\/04\/Jan-Josef-Liefers-Wir-koennen-unser-Geschlecht-aendern-haben-aber.jpg","width":460,"height":259,"caption":"Jan Josef Liefers: Wir k\u00f6nnen unser Geschlecht \u00e4ndern, haben aber keine Wohnungen"},{"@type":"BreadcrumbList","@id":"https:\/\/now-news.de\/de\/deutschland\/jan-josef-liefers-wir-koennen-unser-geschlecht-aendern-haben-aber-keine-wohnungen\/#breadcrumb","itemListElement":[{"@type":"ListItem","position":1,"name":"Home","item":"https:\/\/now-news.de\/de\/"},{"@type":"ListItem","position":2,"name":"Jan Josef Liefers: Wir k\u00f6nnen unser Geschlecht \u00e4ndern, haben aber keine Wohnungen"}]},{"@type":"WebSite","@id":"https:\/\/now-news.de\/de\/#website","url":"https:\/\/now-news.de\/de\/","name":"just-now.NEWS Deutschland","description":"Das Portal f\u00fcr unzensierte Nachrichten aus der Welt","publisher":{"@id":"https:\/\/now-news.de\/de\/#organization"},"potentialAction":[{"@type":"SearchAction","target":{"@type":"EntryPoint","urlTemplate":"https:\/\/now-news.de\/de\/?s={search_term_string}"},"query-input":"required name=search_term_string"}],"inLanguage":"de"},{"@type":"Organization","@id":"https:\/\/now-news.de\/de\/#organization","name":"Just Now News","url":"https:\/\/now-news.de\/de\/","logo":{"@type":"ImageObject","inLanguage":"de","@id":"https:\/\/now-news.de\/de\/#\/schema\/logo\/image\/","url":"http:\/\/just-now.news\/de\/wp-content\/uploads\/sites\/3\/2022\/04\/logo500x500.jpg","contentUrl":"http:\/\/just-now.news\/de\/wp-content\/uploads\/sites\/3\/2022\/04\/logo500x500.jpg","width":500,"height":500,"caption":"Just Now News"},"image":{"@id":"https:\/\/now-news.de\/de\/#\/schema\/logo\/image\/"},"sameAs":["https:\/\/www.facebook.com\/wirmachenauf","https:\/\/x.com\/WirMachenAuf_de"]},{"@type":"Person","@id":"https:\/\/now-news.de\/de\/#\/schema\/person\/fb534a4e865501d8b3285208df34a9b5","name":"rtnews","image":{"@type":"ImageObject","inLanguage":"de","@id":"https:\/\/now-news.de\/de\/#\/schema\/person\/image\/","url":"https:\/\/secure.gravatar.com\/avatar\/82aafea7d8127119dd649515f56e2117?s=96&d=mm&r=g","contentUrl":"https:\/\/secure.gravatar.com\/avatar\/82aafea7d8127119dd649515f56e2117?s=96&d=mm&r=g","caption":"rtnews"},"url":"https:\/\/now-news.de\/de\/author\/rnews\/"}]}},"_links":{"self":[{"href":"https:\/\/now-news.de\/de\/wp-json\/wp\/v2\/posts\/81785"}],"collection":[{"href":"https:\/\/now-news.de\/de\/wp-json\/wp\/v2\/posts"}],"about":[{"href":"https:\/\/now-news.de\/de\/wp-json\/wp\/v2\/types\/post"}],"author":[{"embeddable":true,"href":"https:\/\/now-news.de\/de\/wp-json\/wp\/v2\/users\/3"}],"replies":[{"embeddable":true,"href":"https:\/\/now-news.de\/de\/wp-json\/wp\/v2\/comments?post=81785"}],"version-history":[{"count":0,"href":"https:\/\/now-news.de\/de\/wp-json\/wp\/v2\/posts\/81785\/revisions"}],"wp:featuredmedia":[{"embeddable":true,"href":"https:\/\/now-news.de\/de\/wp-json\/wp\/v2\/media\/81786"}],"wp:attachment":[{"href":"https:\/\/now-news.de\/de\/wp-json\/wp\/v2\/media?parent=81785"}],"wp:term":[{"taxonomy":"category","embeddable":true,"href":"https:\/\/now-news.de\/de\/wp-json\/wp\/v2\/categories?post=81785"},{"taxonomy":"post_tag","embeddable":true,"href":"https:\/\/now-news.de\/de\/wp-json\/wp\/v2\/tags?post=81785"}],"curies":[{"name":"wp","href":"https:\/\/api.w.org\/{rel}","templated":true}]}}