{"id":81743,"date":"2025-04-07T19:18:23","date_gmt":"2025-04-07T17:18:23","guid":{"rendered":"https:\/\/now-news.de\/de\/deutschland\/us-strafzoelle-eu-voellig-planlos-habeck-fleht-um-solidaritaet-der-eu-laender\/"},"modified":"2025-04-07T19:18:23","modified_gmt":"2025-04-07T17:18:23","slug":"us-strafzoelle-eu-voellig-planlos-habeck-fleht-um-solidaritaet-der-eu-laender","status":"publish","type":"post","link":"https:\/\/now-news.de\/de\/deutschland\/us-strafzoelle-eu-voellig-planlos-habeck-fleht-um-solidaritaet-der-eu-laender\/","title":{"rendered":"US-Strafz\u00f6lle: EU v\u00f6llig planlos \u2013 Habeck fleht um Solidarit\u00e4t der EU-L\u00e4nder"},"content":{"rendered":"<p><img decoding=\"async\" src=\"https:\/\/now-news.de\/de\/wp-content\/uploads\/sites\/3\/2025\/04\/67f3d859b480cc209679ddcd.jpg\" \/><\/p>\n<div class=\"Text-root Text-type_1 \">\n                Die EU-Kommission hat Gegenma\u00dfnahmen f\u00fcr den Fall angek\u00fcndigt, dass die USA Strafz\u00f6lle verh\u00e4ngen. Jetzt w\u00e4re die Zeit des Handelns gekommen, doch die EU steht nackt da. Robert Habeck fordert Einheit, aber daraus wird nichts werden. Die EU-L\u00e4nder haben mit Deutschland noch eine Rechnung offen.\n            <\/div>\n<p><\/p>\n<div class=\"Text-root Text-type_5 ArticleView-text ViewText-root \">\n<p><em>Von Gert Ewen Ungar<\/em><\/p>\n<p>Nachdem US-Pr\u00e4sident Donald Trump Strafz\u00f6lle verh\u00e4ngt hat, um die US-Wirtschaft zu sch\u00fctzen, brechen die Kurse am ersten Handelstag in der neuen Woche und damit den zweiten Handelstag in Folge drastisch ein. Der Dax gab zur Er\u00f6ffnung um 10 Prozent nach. Die n\u00e4chste globale Wirtschaftskrise nimmt Fahrt auf.\u00a0<\/p>\n<p>Insbesondere die EU und Deutschland werden von der Ma\u00dfnahme hart getroffen, denn die USA sind der wichtigste Handelspartner. EU-Kommissionspr\u00e4sidentin Ursula von der Leyen hat schon fr\u00fch Gegenma\u00dfnahmen f\u00fcr den Fall angek\u00fcndigt, dass Trump seine Drohung wahr macht und die EU mit Strafz\u00f6llen belegt. Nun w\u00e4re eigentlich die Zeit des Handelns gekommen, doch im Gegensatz zu den Russlandsanktionen, die unmittelbar nach Beginn der milit\u00e4rischen Spezialoperation verh\u00e4ngt wurden, liegen dieses Mal die Strafma\u00dfnahmen nicht bereits ausgearbeitet in der Schublade. Die EU macht stattdessen das, was sie am besten kann: Sie ber\u00e4t sich.\u00a0<\/p>\n<p>So lie\u00df von der Leyen \u00fcber den Kurznachrichtendienst\u00a0<em>X<\/em>\u00a0wissen, sie habe mit den f\u00fchrenden Unternehmen der Metallindustrie gesprochen und sie um deren Meinung zu den m\u00f6glichen Auswirkungen der US-Z\u00f6lle gebeten. Das soll dabei helfen, eine scharfe Antwort zu formulieren. Entschlossenes Handeln sieht anders aus.\u00a0<\/p>\n<div class=\"EmbedBlock-root EmbedBlock-twitter\">\n<div class=\"TwitterEmbed\">\n<blockquote class=\"twitter-tweet lazyload\" data-twitter=\"twitter-tweet\">\n<p lang=\"en\" dir=\"ltr\">I spoke to European steel and metal industry leaders to get their perspective on the impact of the US tariffs.This is helping us shape an effective EU response. We&#8217;ll remain in close contact to ensure that their interests &#8211; our interests &#8211; are well protected.Read-out \u2b63<\/p>\n<p>\u2014 Ursula von der Leyen (@vonderleyen) <a rel=\"nofollow noopener\" target=\"_blank\" href=\"https:\/\/twitter.com\/vonderleyen\/status\/1909215338635411490?ref_src=twsrc%5Etfw\">April 7, 2025<\/a><\/p><\/blockquote>\n<\/div>\n<\/div>\n<p>Im Gegensatz zum Ukraine-Konflikt hat die EU-Kommission im Zollstreit auf Verhandlungen gesetzt und sich grundlegend verrechnet. W\u00e4hrend Russland klar erkennbar zu Verhandlungen bereit ist, ist Trump es ganz offensichtlich nicht.\u00a0<\/p>\n<p>Amerika sei in einer Position der Schw\u00e4che, spricht unterdessen der gesch\u00e4ftsf\u00fchrende deutsche Wirtschaftsminister Robert Habeck (B\u00fcndnis 90\/Die Gr\u00fcnen) in die ihm vorgehaltenen Mikrofone. Europa dagegen sei stark. Die Voraussetzung dazu sei allerdings, dass man nun zusammenhalte. Niemand d\u00fcrfe jetzt ausscheren und nach seinem eigenen Vorteil suchen. Die Hoffnung stirbt ja bekanntlich zum Schluss.\u00a0<\/p>\n<div class=\"EmbedBlock-root EmbedBlock-twitter\">\n<div class=\"TwitterEmbed\">\n<blockquote class=\"twitter-tweet lazyload\" data-twitter=\"twitter-tweet\" data-media-max-width=\"560\">\n<p lang=\"de\" dir=\"ltr\">Amerika ist in einer Position der Schw\u00e4che und Europa in einer der St\u00e4rke, wenn es weiter zusammenh\u00e4lt, so der gesch\u00e4ftsf\u00fchrende Wirtschaftsminister <a rel=\"nofollow noopener\" target=\"_blank\" href=\"https:\/\/twitter.com\/roberthabeck?ref_src=twsrc%5Etfw\">@roberthabeck<\/a> zu den von US-Pr\u00e4sident Trump verh\u00e4ngten Z\u00f6llen. Europa d\u00fcrfe sich jetzt nicht spalten lassen. <a rel=\"nofollow noopener\" target=\"_blank\" href=\"https:\/\/t.co\/WUeFR7nVOx\">pic.twitter.com\/WUeFR7nVOx<\/a><\/p>\n<p>\u2014 phoenix (@phoenix_de) <a rel=\"nofollow noopener\" target=\"_blank\" href=\"https:\/\/twitter.com\/phoenix_de\/status\/1909211874069004787?ref_src=twsrc%5Etfw\">April 7, 2025<\/a><\/p><\/blockquote>\n<\/div>\n<\/div>\n<p>Man merkt es Habeck an, sein Vertrauen in den Zusammenhalt der EU-L\u00e4nder ist gering. Das ist verst\u00e4ndlich und hat mit der Vorgeschichte und der Eskalation des Zollstreits zu tun. Daran hatte Deutschland gro\u00dfen Anteil und er tobte schon unter Obama.<\/p>\n<p>Damals behauptete die Regierung unter Kanzlerin Merkel, die deutsche Wettbewerbsf\u00e4higkeit und die damit verbundenen deutschen Export\u00fcbersch\u00fcsse gingen vor allem auf die Genialit\u00e4t deutscher Ingenieure und den Flei\u00df der deutschen Arbeitnehmer zur\u00fcck. Das habe nichts mit Wettbewerbsverzerrung zu tun. Deutschland sei Exportweltmeister, weil deutsche Produkte einfach besser sind als die der Konkurrenz.<\/p>\n<p>Inzwischen ist empirisch belegt, dass die Behauptung Unsinn war. Die deutschen Ingenieure sind so genial wie eh und je, auch der Flei\u00df der deutschen Arbeitnehmer ist nach wie vor vorhanden, allerdings ist die Wettbewerbsf\u00e4higkeit futsch. Der Titel des Exportweltmeisters ist in weite Ferne ger\u00fcckt. Einsicht gibt es in Deutschland jedoch nicht. Merz will m\u00f6glichst zum alten Modell der deutschen Exportst\u00e4rke zur\u00fcckkehren und die &#8220;Wettbewerbsf\u00e4higkeit&#8221; st\u00e4rken. Im Klartext hei\u00dft das: Die L\u00f6hne sollen sinken.\u00a0<\/p>\n<p>Deutschland hat nicht nur die USA, sondern vor allem die Partner in der EU in Grund und Boden konkurriert, denn sie waren in einer gemeinsamen W\u00e4hrung gefangen. Deutschland hat permanent gegen das Ziel versto\u00dfen, eine Inflationsrate von knapp unter zwei Prozent anzustreben. Die Bundesregierung setzte auf sinkende L\u00f6hne und hat zum Niedergang der Industrien in den EU-Partnerl\u00e4ndern ma\u00dfgeblich beigetragen. Daher sind noch Rechnungen offen. An eine gemeinsame Strategie der EU \u2013 m\u00f6glichst auch noch in deutschem Interesse \u2013 ist daher nicht zu denken.\u00a0<\/p>\n<p>Was bleibt, ist, dass Deutschland und die EU mit all den sch\u00f6nen neuen Schulden einen Haufen Waffen in den USA kaufen, um so die Handelsbilanz auszugleichen, in der Hoffnung, dass sich Trump so beschwichtigen l\u00e4sst. Bettelarm, wirtschaftlich ruiniert, aber hochger\u00fcstet bis an die Z\u00e4hne \u2013 so sieht die Zukunft der EU und Deutschlands wohl aus.\u00a0<\/p>\n<p>Auch wenn die Ma\u00dfnahme Trumps auf den ersten Blick drastisch und vor allem sehr polternd daherkommt. Die deutschen \u00dcbersch\u00fcsse in der Handelsbilanz waren f\u00fcr alle US-Regierungen ein Problem. Die Biden-Administration griff mutma\u00dflich allerdings noch zu viel radikaleren Ma\u00dfnahmen als Trump \u2013 in aller Stille. Bei dieser Gelegenheit ist noch einmal daran zu erinnern, dass die Aufkl\u00e4rung des Anschlags auf Nord Stream noch immer keine offiziellen Erkenntnisse zutage gef\u00f6rdert hat. Mit\u00a0dem Anschlag nahm\u00a0die Talfahrt der deutschen Wirtschaft Fahrt auf. Biden hat ihn in Gegenwart von Kanzler Scholz faktisch angek\u00fcndigt.<\/p>\n<p>Dass sich die EU und Deutschland zudem weigern, ihr Verh\u00e4ltnis zu Russland, zu China und den BRICS zu \u00fcberdenken, verd\u00fcstert die Prognose zus\u00e4tzlich. Der Niedergang der EU ist unter diesen Vorgaben nicht abwendbar. Und Ursula von der Leyen hat keinen Plan.\u00a0<\/p>\n<p><strong>Mehr zum Thema<\/strong>\u00a0\u2013 <a rel=\"nofollow noopener\" target=\"_blank\" href=\"https:\/\/freedert.online\/wirtschaft\/241754-weltweiter-aktiencrash-trumps-zollpolitik-hat\/\">Weltweiter Aktiencrash \u2013 Trumps Zollpolitik hat Folgen<\/a><\/p>\n<div class=\"EmbedBlock-root EmbedBlock-externalVideo EmbedBlock-rumble\">\n<div class=\"VkEmbed\"><iframe class=\"lazyload\" data-src=\"https:\/\/rumble.com\/embed\/v6pj9p7\" frameborder=\"0\" width=\"853\" height=\"480\" allowfullscreen><\/iframe><\/div>\n<\/div>\n<\/div>\n<p><script async src=\"https:\/\/platform.twitter.com\/widgets.js\" charset=\"utf-8\"><\/script><br \/>\n<br \/><br \/>\n<br \/><a href=\"https:\/\/de.rt.com\/meinung\/241790-us-strafzoelle-eu-voellig-planlos\/\">Source link <\/a><\/p>\n","protected":false},"excerpt":{"rendered":"<p>Die EU-Kommission hat Gegenma\u00dfnahmen f\u00fcr den Fall angek\u00fcndigt, dass die USA Strafz\u00f6lle verh\u00e4ngen. Jetzt w\u00e4re die Zeit des Handelns gekommen, doch die EU steht nackt da. Robert Habeck fordert Einheit, aber daraus wird nichts werden. Die EU-L\u00e4nder haben mit Deutschland noch eine Rechnung offen. Von Gert Ewen Ungar Nachdem US-Pr\u00e4sident Donald Trump Strafz\u00f6lle verh\u00e4ngt hat, [&hellip;]<\/p>\n","protected":false},"author":3,"featured_media":81744,"comment_status":"open","ping_status":"open","sticky":false,"template":"","format":"standard","meta":{"_yoast_indexnow_last_ping":["1744047132"],"wp_automatic_camp":["217"],"eaf1c3864c9c8c6a49ae9d11aa598a83":["US-Strafz\u00f6lle: EU v\u00f6llig planlos \u2013 Habeck fleht um Solidarit\u00e4t der EU-L\u00e4nder"],"original_link":["https:\/\/de.rt.com\/meinung\/241790-us-strafzoelle-eu-voellig-planlos\/"],"_thumbnail_id":["81744"],"jnews_social_counter_last_update":["1777282170"],"_wptgpro_p2tg_sent2tg":["a:1:{i:23737;s:19:\"2025-04-07 19:33:16\";}"]},"categories":[19,23],"tags":[82,11635,54880,911,51389,7143,64107,19291],"yoast_head":"<!-- This site is optimized with the Yoast SEO Premium plugin v22.7 (Yoast SEO v22.7) - https:\/\/yoast.com\/wordpress\/plugins\/seo\/ -->\n<title>US-Strafz\u00f6lle: EU v\u00f6llig planlos \u2013 Habeck fleht um Solidarit\u00e4t der EU-L\u00e4nder - just-now.NEWS Deutschland<\/title>\n<meta name=\"robots\" content=\"index, follow, max-snippet:-1, max-image-preview:large, max-video-preview:-1\" \/>\n<link rel=\"canonical\" href=\"https:\/\/now-news.de\/de\/deutschland\/us-strafzoelle-eu-voellig-planlos-habeck-fleht-um-solidaritaet-der-eu-laender\/\" \/>\n<meta property=\"og:locale\" content=\"de_DE\" \/>\n<meta property=\"og:type\" content=\"article\" \/>\n<meta property=\"og:title\" content=\"US-Strafz\u00f6lle: EU v\u00f6llig planlos \u2013 Habeck fleht um Solidarit\u00e4t der EU-L\u00e4nder\" \/>\n<meta property=\"og:description\" content=\"Die EU-Kommission hat Gegenma\u00dfnahmen f\u00fcr den Fall angek\u00fcndigt, dass die USA Strafz\u00f6lle verh\u00e4ngen. Jetzt w\u00e4re die Zeit des Handelns gekommen, doch die EU steht nackt da. Robert Habeck fordert Einheit, aber daraus wird nichts werden. Die EU-L\u00e4nder haben mit Deutschland noch eine Rechnung offen. Von Gert Ewen Ungar Nachdem US-Pr\u00e4sident Donald Trump Strafz\u00f6lle verh\u00e4ngt hat, [&hellip;]\" \/>\n<meta property=\"og:url\" content=\"https:\/\/now-news.de\/de\/deutschland\/us-strafzoelle-eu-voellig-planlos-habeck-fleht-um-solidaritaet-der-eu-laender\/\" \/>\n<meta property=\"og:site_name\" content=\"just-now.NEWS Deutschland\" \/>\n<meta property=\"article:publisher\" content=\"https:\/\/www.facebook.com\/wirmachenauf\" \/>\n<meta property=\"article:published_time\" content=\"2025-04-07T17:18:23+00:00\" \/>\n<meta property=\"og:image\" content=\"https:\/\/now-news.de\/de\/wp-content\/uploads\/sites\/3\/2025\/04\/67f3d859b480cc209679ddcd.jpg\" \/>\n<meta name=\"author\" content=\"rtnews\" \/>\n<meta name=\"twitter:card\" content=\"summary_large_image\" \/>\n<meta name=\"twitter:creator\" content=\"@WirMachenAuf_de\" \/>\n<meta name=\"twitter:site\" content=\"@WirMachenAuf_de\" \/>\n<meta name=\"twitter:label1\" content=\"Verfasst von\" \/>\n\t<meta name=\"twitter:data1\" content=\"rtnews\" \/>\n\t<meta name=\"twitter:label2\" content=\"Gesch\u00e4tzte Lesezeit\" \/>\n\t<meta name=\"twitter:data2\" content=\"5\u00a0Minuten\" \/>\n<script type=\"application\/ld+json\" class=\"yoast-schema-graph\">{\"@context\":\"https:\/\/schema.org\",\"@graph\":[{\"@type\":\"Article\",\"@id\":\"https:\/\/now-news.de\/de\/deutschland\/us-strafzoelle-eu-voellig-planlos-habeck-fleht-um-solidaritaet-der-eu-laender\/#article\",\"isPartOf\":{\"@id\":\"https:\/\/now-news.de\/de\/deutschland\/us-strafzoelle-eu-voellig-planlos-habeck-fleht-um-solidaritaet-der-eu-laender\/\"},\"author\":{\"name\":\"rtnews\",\"@id\":\"https:\/\/now-news.de\/de\/#\/schema\/person\/fb534a4e865501d8b3285208df34a9b5\"},\"headline\":\"US-Strafz\u00f6lle: EU v\u00f6llig planlos \u2013 Habeck fleht um Solidarit\u00e4t der EU-L\u00e4nder\",\"datePublished\":\"2025-04-07T17:18:23+00:00\",\"dateModified\":\"2025-04-07T17:18:23+00:00\",\"mainEntityOfPage\":{\"@id\":\"https:\/\/now-news.de\/de\/deutschland\/us-strafzoelle-eu-voellig-planlos-habeck-fleht-um-solidaritaet-der-eu-laender\/\"},\"wordCount\":948,\"commentCount\":0,\"publisher\":{\"@id\":\"https:\/\/now-news.de\/de\/#organization\"},\"image\":{\"@id\":\"https:\/\/now-news.de\/de\/deutschland\/us-strafzoelle-eu-voellig-planlos-habeck-fleht-um-solidaritaet-der-eu-laender\/#primaryimage\"},\"thumbnailUrl\":\"https:\/\/now-news.de\/de\/wp-content\/uploads\/sites\/3\/2025\/04\/US-Strafzoelle-EU-voellig-planlos-\u2013-Habeck-fleht-um-Solidaritaet-der.jpg\",\"keywords\":[\"der\",\"EUL\u00e4nder\",\"fleht\",\"Habeck\",\"planlos\",\"Solidarit\u00e4t\",\"USStrafz\u00f6lle\",\"v\u00f6llig\"],\"articleSection\":[\"Deutschland\",\"Russland\"],\"inLanguage\":\"de\",\"potentialAction\":[{\"@type\":\"CommentAction\",\"name\":\"Comment\",\"target\":[\"https:\/\/now-news.de\/de\/deutschland\/us-strafzoelle-eu-voellig-planlos-habeck-fleht-um-solidaritaet-der-eu-laender\/#respond\"]}]},{\"@type\":\"WebPage\",\"@id\":\"https:\/\/now-news.de\/de\/deutschland\/us-strafzoelle-eu-voellig-planlos-habeck-fleht-um-solidaritaet-der-eu-laender\/\",\"url\":\"https:\/\/now-news.de\/de\/deutschland\/us-strafzoelle-eu-voellig-planlos-habeck-fleht-um-solidaritaet-der-eu-laender\/\",\"name\":\"US-Strafz\u00f6lle: EU v\u00f6llig planlos \u2013 Habeck fleht um Solidarit\u00e4t der EU-L\u00e4nder - just-now.NEWS Deutschland\",\"isPartOf\":{\"@id\":\"https:\/\/now-news.de\/de\/#website\"},\"primaryImageOfPage\":{\"@id\":\"https:\/\/now-news.de\/de\/deutschland\/us-strafzoelle-eu-voellig-planlos-habeck-fleht-um-solidaritaet-der-eu-laender\/#primaryimage\"},\"image\":{\"@id\":\"https:\/\/now-news.de\/de\/deutschland\/us-strafzoelle-eu-voellig-planlos-habeck-fleht-um-solidaritaet-der-eu-laender\/#primaryimage\"},\"thumbnailUrl\":\"https:\/\/now-news.de\/de\/wp-content\/uploads\/sites\/3\/2025\/04\/US-Strafzoelle-EU-voellig-planlos-\u2013-Habeck-fleht-um-Solidaritaet-der.jpg\",\"datePublished\":\"2025-04-07T17:18:23+00:00\",\"dateModified\":\"2025-04-07T17:18:23+00:00\",\"breadcrumb\":{\"@id\":\"https:\/\/now-news.de\/de\/deutschland\/us-strafzoelle-eu-voellig-planlos-habeck-fleht-um-solidaritaet-der-eu-laender\/#breadcrumb\"},\"inLanguage\":\"de\",\"potentialAction\":[{\"@type\":\"ReadAction\",\"target\":[\"https:\/\/now-news.de\/de\/deutschland\/us-strafzoelle-eu-voellig-planlos-habeck-fleht-um-solidaritaet-der-eu-laender\/\"]}]},{\"@type\":\"ImageObject\",\"inLanguage\":\"de\",\"@id\":\"https:\/\/now-news.de\/de\/deutschland\/us-strafzoelle-eu-voellig-planlos-habeck-fleht-um-solidaritaet-der-eu-laender\/#primaryimage\",\"url\":\"https:\/\/now-news.de\/de\/wp-content\/uploads\/sites\/3\/2025\/04\/US-Strafzoelle-EU-voellig-planlos-\u2013-Habeck-fleht-um-Solidaritaet-der.jpg\",\"contentUrl\":\"https:\/\/now-news.de\/de\/wp-content\/uploads\/sites\/3\/2025\/04\/US-Strafzoelle-EU-voellig-planlos-\u2013-Habeck-fleht-um-Solidaritaet-der.jpg\",\"width\":460,\"height\":259,\"caption\":\"US-Strafz\u00f6lle: EU v\u00f6llig planlos \u2013 Habeck fleht um Solidarit\u00e4t der EU-L\u00e4nder\"},{\"@type\":\"BreadcrumbList\",\"@id\":\"https:\/\/now-news.de\/de\/deutschland\/us-strafzoelle-eu-voellig-planlos-habeck-fleht-um-solidaritaet-der-eu-laender\/#breadcrumb\",\"itemListElement\":[{\"@type\":\"ListItem\",\"position\":1,\"name\":\"Home\",\"item\":\"https:\/\/now-news.de\/de\/\"},{\"@type\":\"ListItem\",\"position\":2,\"name\":\"US-Strafz\u00f6lle: EU v\u00f6llig planlos \u2013 Habeck fleht um Solidarit\u00e4t der EU-L\u00e4nder\"}]},{\"@type\":\"WebSite\",\"@id\":\"https:\/\/now-news.de\/de\/#website\",\"url\":\"https:\/\/now-news.de\/de\/\",\"name\":\"just-now.NEWS Deutschland\",\"description\":\"Das Portal f\u00fcr unzensierte Nachrichten aus der Welt\",\"publisher\":{\"@id\":\"https:\/\/now-news.de\/de\/#organization\"},\"potentialAction\":[{\"@type\":\"SearchAction\",\"target\":{\"@type\":\"EntryPoint\",\"urlTemplate\":\"https:\/\/now-news.de\/de\/?s={search_term_string}\"},\"query-input\":\"required name=search_term_string\"}],\"inLanguage\":\"de\"},{\"@type\":\"Organization\",\"@id\":\"https:\/\/now-news.de\/de\/#organization\",\"name\":\"Just Now News\",\"url\":\"https:\/\/now-news.de\/de\/\",\"logo\":{\"@type\":\"ImageObject\",\"inLanguage\":\"de\",\"@id\":\"https:\/\/now-news.de\/de\/#\/schema\/logo\/image\/\",\"url\":\"http:\/\/just-now.news\/de\/wp-content\/uploads\/sites\/3\/2022\/04\/logo500x500.jpg\",\"contentUrl\":\"http:\/\/just-now.news\/de\/wp-content\/uploads\/sites\/3\/2022\/04\/logo500x500.jpg\",\"width\":500,\"height\":500,\"caption\":\"Just Now News\"},\"image\":{\"@id\":\"https:\/\/now-news.de\/de\/#\/schema\/logo\/image\/\"},\"sameAs\":[\"https:\/\/www.facebook.com\/wirmachenauf\",\"https:\/\/x.com\/WirMachenAuf_de\"]},{\"@type\":\"Person\",\"@id\":\"https:\/\/now-news.de\/de\/#\/schema\/person\/fb534a4e865501d8b3285208df34a9b5\",\"name\":\"rtnews\",\"image\":{\"@type\":\"ImageObject\",\"inLanguage\":\"de\",\"@id\":\"https:\/\/now-news.de\/de\/#\/schema\/person\/image\/\",\"url\":\"https:\/\/secure.gravatar.com\/avatar\/82aafea7d8127119dd649515f56e2117?s=96&d=mm&r=g\",\"contentUrl\":\"https:\/\/secure.gravatar.com\/avatar\/82aafea7d8127119dd649515f56e2117?s=96&d=mm&r=g\",\"caption\":\"rtnews\"},\"url\":\"https:\/\/now-news.de\/de\/author\/rnews\/\"}]}<\/script>\n<!-- \/ Yoast SEO Premium plugin. -->","yoast_head_json":{"title":"US-Strafz\u00f6lle: EU v\u00f6llig planlos \u2013 Habeck fleht um Solidarit\u00e4t der EU-L\u00e4nder - just-now.NEWS Deutschland","robots":{"index":"index","follow":"follow","max-snippet":"max-snippet:-1","max-image-preview":"max-image-preview:large","max-video-preview":"max-video-preview:-1"},"canonical":"https:\/\/now-news.de\/de\/deutschland\/us-strafzoelle-eu-voellig-planlos-habeck-fleht-um-solidaritaet-der-eu-laender\/","og_locale":"de_DE","og_type":"article","og_title":"US-Strafz\u00f6lle: EU v\u00f6llig planlos \u2013 Habeck fleht um Solidarit\u00e4t der EU-L\u00e4nder","og_description":"Die EU-Kommission hat Gegenma\u00dfnahmen f\u00fcr den Fall angek\u00fcndigt, dass die USA Strafz\u00f6lle verh\u00e4ngen. Jetzt w\u00e4re die Zeit des Handelns gekommen, doch die EU steht nackt da. Robert Habeck fordert Einheit, aber daraus wird nichts werden. Die EU-L\u00e4nder haben mit Deutschland noch eine Rechnung offen. Von Gert Ewen Ungar Nachdem US-Pr\u00e4sident Donald Trump Strafz\u00f6lle verh\u00e4ngt hat, [&hellip;]","og_url":"https:\/\/now-news.de\/de\/deutschland\/us-strafzoelle-eu-voellig-planlos-habeck-fleht-um-solidaritaet-der-eu-laender\/","og_site_name":"just-now.NEWS Deutschland","article_publisher":"https:\/\/www.facebook.com\/wirmachenauf","article_published_time":"2025-04-07T17:18:23+00:00","og_image":[{"url":"https:\/\/now-news.de\/de\/wp-content\/uploads\/sites\/3\/2025\/04\/67f3d859b480cc209679ddcd.jpg"}],"author":"rtnews","twitter_card":"summary_large_image","twitter_creator":"@WirMachenAuf_de","twitter_site":"@WirMachenAuf_de","twitter_misc":{"Verfasst von":"rtnews","Gesch\u00e4tzte Lesezeit":"5\u00a0Minuten"},"schema":{"@context":"https:\/\/schema.org","@graph":[{"@type":"Article","@id":"https:\/\/now-news.de\/de\/deutschland\/us-strafzoelle-eu-voellig-planlos-habeck-fleht-um-solidaritaet-der-eu-laender\/#article","isPartOf":{"@id":"https:\/\/now-news.de\/de\/deutschland\/us-strafzoelle-eu-voellig-planlos-habeck-fleht-um-solidaritaet-der-eu-laender\/"},"author":{"name":"rtnews","@id":"https:\/\/now-news.de\/de\/#\/schema\/person\/fb534a4e865501d8b3285208df34a9b5"},"headline":"US-Strafz\u00f6lle: EU v\u00f6llig planlos \u2013 Habeck fleht um Solidarit\u00e4t der EU-L\u00e4nder","datePublished":"2025-04-07T17:18:23+00:00","dateModified":"2025-04-07T17:18:23+00:00","mainEntityOfPage":{"@id":"https:\/\/now-news.de\/de\/deutschland\/us-strafzoelle-eu-voellig-planlos-habeck-fleht-um-solidaritaet-der-eu-laender\/"},"wordCount":948,"commentCount":0,"publisher":{"@id":"https:\/\/now-news.de\/de\/#organization"},"image":{"@id":"https:\/\/now-news.de\/de\/deutschland\/us-strafzoelle-eu-voellig-planlos-habeck-fleht-um-solidaritaet-der-eu-laender\/#primaryimage"},"thumbnailUrl":"https:\/\/now-news.de\/de\/wp-content\/uploads\/sites\/3\/2025\/04\/US-Strafzoelle-EU-voellig-planlos-\u2013-Habeck-fleht-um-Solidaritaet-der.jpg","keywords":["der","EUL\u00e4nder","fleht","Habeck","planlos","Solidarit\u00e4t","USStrafz\u00f6lle","v\u00f6llig"],"articleSection":["Deutschland","Russland"],"inLanguage":"de","potentialAction":[{"@type":"CommentAction","name":"Comment","target":["https:\/\/now-news.de\/de\/deutschland\/us-strafzoelle-eu-voellig-planlos-habeck-fleht-um-solidaritaet-der-eu-laender\/#respond"]}]},{"@type":"WebPage","@id":"https:\/\/now-news.de\/de\/deutschland\/us-strafzoelle-eu-voellig-planlos-habeck-fleht-um-solidaritaet-der-eu-laender\/","url":"https:\/\/now-news.de\/de\/deutschland\/us-strafzoelle-eu-voellig-planlos-habeck-fleht-um-solidaritaet-der-eu-laender\/","name":"US-Strafz\u00f6lle: EU v\u00f6llig planlos \u2013 Habeck fleht um Solidarit\u00e4t der EU-L\u00e4nder - just-now.NEWS Deutschland","isPartOf":{"@id":"https:\/\/now-news.de\/de\/#website"},"primaryImageOfPage":{"@id":"https:\/\/now-news.de\/de\/deutschland\/us-strafzoelle-eu-voellig-planlos-habeck-fleht-um-solidaritaet-der-eu-laender\/#primaryimage"},"image":{"@id":"https:\/\/now-news.de\/de\/deutschland\/us-strafzoelle-eu-voellig-planlos-habeck-fleht-um-solidaritaet-der-eu-laender\/#primaryimage"},"thumbnailUrl":"https:\/\/now-news.de\/de\/wp-content\/uploads\/sites\/3\/2025\/04\/US-Strafzoelle-EU-voellig-planlos-\u2013-Habeck-fleht-um-Solidaritaet-der.jpg","datePublished":"2025-04-07T17:18:23+00:00","dateModified":"2025-04-07T17:18:23+00:00","breadcrumb":{"@id":"https:\/\/now-news.de\/de\/deutschland\/us-strafzoelle-eu-voellig-planlos-habeck-fleht-um-solidaritaet-der-eu-laender\/#breadcrumb"},"inLanguage":"de","potentialAction":[{"@type":"ReadAction","target":["https:\/\/now-news.de\/de\/deutschland\/us-strafzoelle-eu-voellig-planlos-habeck-fleht-um-solidaritaet-der-eu-laender\/"]}]},{"@type":"ImageObject","inLanguage":"de","@id":"https:\/\/now-news.de\/de\/deutschland\/us-strafzoelle-eu-voellig-planlos-habeck-fleht-um-solidaritaet-der-eu-laender\/#primaryimage","url":"https:\/\/now-news.de\/de\/wp-content\/uploads\/sites\/3\/2025\/04\/US-Strafzoelle-EU-voellig-planlos-\u2013-Habeck-fleht-um-Solidaritaet-der.jpg","contentUrl":"https:\/\/now-news.de\/de\/wp-content\/uploads\/sites\/3\/2025\/04\/US-Strafzoelle-EU-voellig-planlos-\u2013-Habeck-fleht-um-Solidaritaet-der.jpg","width":460,"height":259,"caption":"US-Strafz\u00f6lle: EU v\u00f6llig planlos \u2013 Habeck fleht um Solidarit\u00e4t der EU-L\u00e4nder"},{"@type":"BreadcrumbList","@id":"https:\/\/now-news.de\/de\/deutschland\/us-strafzoelle-eu-voellig-planlos-habeck-fleht-um-solidaritaet-der-eu-laender\/#breadcrumb","itemListElement":[{"@type":"ListItem","position":1,"name":"Home","item":"https:\/\/now-news.de\/de\/"},{"@type":"ListItem","position":2,"name":"US-Strafz\u00f6lle: EU v\u00f6llig planlos \u2013 Habeck fleht um Solidarit\u00e4t der EU-L\u00e4nder"}]},{"@type":"WebSite","@id":"https:\/\/now-news.de\/de\/#website","url":"https:\/\/now-news.de\/de\/","name":"just-now.NEWS Deutschland","description":"Das Portal f\u00fcr unzensierte Nachrichten aus der Welt","publisher":{"@id":"https:\/\/now-news.de\/de\/#organization"},"potentialAction":[{"@type":"SearchAction","target":{"@type":"EntryPoint","urlTemplate":"https:\/\/now-news.de\/de\/?s={search_term_string}"},"query-input":"required name=search_term_string"}],"inLanguage":"de"},{"@type":"Organization","@id":"https:\/\/now-news.de\/de\/#organization","name":"Just Now News","url":"https:\/\/now-news.de\/de\/","logo":{"@type":"ImageObject","inLanguage":"de","@id":"https:\/\/now-news.de\/de\/#\/schema\/logo\/image\/","url":"http:\/\/just-now.news\/de\/wp-content\/uploads\/sites\/3\/2022\/04\/logo500x500.jpg","contentUrl":"http:\/\/just-now.news\/de\/wp-content\/uploads\/sites\/3\/2022\/04\/logo500x500.jpg","width":500,"height":500,"caption":"Just Now News"},"image":{"@id":"https:\/\/now-news.de\/de\/#\/schema\/logo\/image\/"},"sameAs":["https:\/\/www.facebook.com\/wirmachenauf","https:\/\/x.com\/WirMachenAuf_de"]},{"@type":"Person","@id":"https:\/\/now-news.de\/de\/#\/schema\/person\/fb534a4e865501d8b3285208df34a9b5","name":"rtnews","image":{"@type":"ImageObject","inLanguage":"de","@id":"https:\/\/now-news.de\/de\/#\/schema\/person\/image\/","url":"https:\/\/secure.gravatar.com\/avatar\/82aafea7d8127119dd649515f56e2117?s=96&d=mm&r=g","contentUrl":"https:\/\/secure.gravatar.com\/avatar\/82aafea7d8127119dd649515f56e2117?s=96&d=mm&r=g","caption":"rtnews"},"url":"https:\/\/now-news.de\/de\/author\/rnews\/"}]}},"_links":{"self":[{"href":"https:\/\/now-news.de\/de\/wp-json\/wp\/v2\/posts\/81743"}],"collection":[{"href":"https:\/\/now-news.de\/de\/wp-json\/wp\/v2\/posts"}],"about":[{"href":"https:\/\/now-news.de\/de\/wp-json\/wp\/v2\/types\/post"}],"author":[{"embeddable":true,"href":"https:\/\/now-news.de\/de\/wp-json\/wp\/v2\/users\/3"}],"replies":[{"embeddable":true,"href":"https:\/\/now-news.de\/de\/wp-json\/wp\/v2\/comments?post=81743"}],"version-history":[{"count":0,"href":"https:\/\/now-news.de\/de\/wp-json\/wp\/v2\/posts\/81743\/revisions"}],"wp:featuredmedia":[{"embeddable":true,"href":"https:\/\/now-news.de\/de\/wp-json\/wp\/v2\/media\/81744"}],"wp:attachment":[{"href":"https:\/\/now-news.de\/de\/wp-json\/wp\/v2\/media?parent=81743"}],"wp:term":[{"taxonomy":"category","embeddable":true,"href":"https:\/\/now-news.de\/de\/wp-json\/wp\/v2\/categories?post=81743"},{"taxonomy":"post_tag","embeddable":true,"href":"https:\/\/now-news.de\/de\/wp-json\/wp\/v2\/tags?post=81743"}],"curies":[{"name":"wp","href":"https:\/\/api.w.org\/{rel}","templated":true}]}}