{"id":81726,"date":"2025-04-07T13:12:05","date_gmt":"2025-04-07T11:12:05","guid":{"rendered":"https:\/\/now-news.de\/de\/deutschland\/bayern-sagt-danke-somalier-soll-trotz-beispielhafter-zivilcourage-bei-attentat-abgeschoben-werden\/"},"modified":"2025-04-07T13:12:05","modified_gmt":"2025-04-07T11:12:05","slug":"bayern-sagt-danke-somalier-soll-trotz-beispielhafter-zivilcourage-bei-attentat-abgeschoben-werden","status":"publish","type":"post","link":"https:\/\/now-news.de\/de\/deutschland\/bayern-sagt-danke-somalier-soll-trotz-beispielhafter-zivilcourage-bei-attentat-abgeschoben-werden\/","title":{"rendered":"Bayern sagt Danke: Somalier soll trotz &quot;beispielhafter Zivilcourage&quot; bei Attentat abgeschoben werden"},"content":{"rendered":"<div class=\"Text-root Text-type_1 \">\n                Am 23. Januar dieses Jahres kam es in Aschaffenburg zu einer t\u00f6dlichen Attacke durch einen Afghanen. Die Opfer waren ein zweij\u00e4hriges Kleinkind und ein 41-j\u00e4hriger Mann. Der T\u00e4ter konnte \u00fcberw\u00e4ltigt werden, dies unter wesentlicher Mithilfe eines Asylanten. Nun wird bekannt, dem Polizeihelfer droht die Abschiebung.\n            <\/div>\n<p><\/p>\n<div class=\"Text-root Text-type_5 ArticleView-text ViewText-root \">\n<p>Gleich zu Jahresbeginn schockierten mehrere t\u00f6dliche Attentate die B\u00fcrger\u00a0im Land. So im Januar im bayerischen Aschaffenburg sowie im Februar in M\u00fcnchen und Berlin (<em>RT DE<\/em>\u00a0berichtete\u00a0<a rel=\"nofollow noopener\" target=\"_blank\" href=\"https:\/\/freedert.online\/inland\/233977-aschaffenburg-taeter-war-polizeibekannt-und\/\">hier<\/a>,<a rel=\"nofollow noopener\" target=\"_blank\" href=\"https:\/\/freedert.online\/inland\/236794-muenchen-zustaendige-oberstaatsanwaeltin-spricht-nach\/\">\u00a0hier<\/a>\u00a0und\u00a0<a rel=\"nofollow noopener\" target=\"_blank\" href=\"https:\/\/freedert.online\/inland\/237733-messerangriff-am-holocaust-mahnmal-syrer\/\">hier<\/a>). Die Politik pr\u00e4sentierte sich professionell und routiniert mit den Aussagen &#8220;entsetzt und besorgt&#8221;. Der Zweifachmord von Aschaffenburg betraf\u00a0ein zweij\u00e4hriges Kleinkind und einen 41-j\u00e4hrigen Mann, der einer Kindergartengruppe bei der Attacke zu Hilfe eilte. Medial weniger beachtet ist dabei die Tatsache, dass bei den Ereignissen zur Ergreifung des T\u00e4ters unbekannte Helfer entscheidende Tipps an die Polizei gaben. Einem der couragierten Helfer, ein Asylant aus Somalia, droht nun die Abschiebung. Zuvor soll er noch mit einer Medaille geehrt werden.<\/p>\n<p>Die bizarre Geschichte\u00a0von\u00a0Ahmed Mohamed Odowaa aus Somalia entspricht exemplarisch dem chaotischen Niveau der desastr\u00f6sen Migrationspolitik in Deutschland. Aktenkundige Gewalt- und Wiederholungst\u00e4ter jeglicher juristischer Couleur k\u00f6nnen aufgrund von &#8220;Beh\u00f6rdenmissverst\u00e4ndnissen&#8221; trotz eindeutiger Urteile vermeintlich nicht ausgewiesen werden, demgegen\u00fcber erfahren regelm\u00e4\u00dfig bem\u00fchte und &#8220;gut integrierte&#8221; Asylbewerber beh\u00f6rdliche Schikanen und Androhungen hinsichtlich des weiteren Verbleibs in Deutschland.<\/p>\n<p>Der Fall von\u00a0Ahmed Mohamed Odowaa erf\u00e4hrt dabei einen besonders hohen Grad der Absurdit\u00e4t. Im\u00a0<em>RT-DE-Artikel<\/em>\u00a0hei\u00dft es zum Ereignis in Aschaffenburg:<\/p>\n<p><em>&#8220;Nach Aussagen [des bayerischen Innenministers] Herrmanns hat nicht nur der 41-j\u00e4hrige Deutsche eingegriffen, der seinen Versuch, die Kinder zu sch\u00fctzen, mit dem Leben bezahlte. Der T\u00e4ter konnte auch deshalb schnell gefasst werden, weil mehrere Umstehende ihn verfolgten.&#8221;<\/em><\/p>\n<p>Einer dieser der Polizei mehr als hilfreichen Personen war\u00a0Odowaa. Dazu hei\u00dft es in einem aktuellen\u00a0<a rel=\"nofollow noopener\" target=\"_blank\" href=\"https:\/\/www.main-echo.de\/region\/stadt-kreis-aschaffenburg\/messerangriff-im-park-schoental-dieser-mann-verfolgte-den-taeter-und-soll-nun-abgeschoben-werden-art-8490699\">Artikel<\/a>\u00a0vom\u00a0<em>Main-Echo<\/em>\u00a0(Bezahlschranke):<\/p>\n<p><em>&#8220;Allein verfolgt Odowaa den T\u00e4ter dennoch nicht: Ein anderer Mann, Odowaa nennt ihn den &#8216;italienischen Mann&#8217;, verfolgt den Fl\u00fcchtenden ebenfalls. Er lotst die Polizei per Handy. Die beiden M\u00e4nner bleiben dem T\u00e4ter auf den Fersen. In H\u00f6he der Hochschule fl\u00fcchtet dieser hinunter zu den Bahngleisen. Dort nimmt die Polizei ihn letztlich fest. Die Staatsanwaltschaft best\u00e4tigt, dass der T\u00e4ter bis zum Ort der Festnahme auch von einem somalischen Staatsangeh\u00f6rigen verfolgt wurde.&#8221;<\/em><\/p>\n<p>Odowaa wurde dennoch vor Ort am Tattag als &#8220;Verd\u00e4chtiger&#8221; zuerst festgenommen. Die Umst\u00e4nde wurden gekl\u00e4rt, es folgte der schriftliche Dank durch die bayerische Landesregierung. Dazu hei\u00dft es im Artikel:<\/p>\n<p><em>&#8220;Er [Odowaa] bekam keine \u00f6ffentliche Aufmerksamkeit, aber weitere Post.\u00a0Ministerpr\u00e4sident S\u00f6der\u00a0dankte ihm nicht nur f\u00fcr seinen Einsatz nach der schrecklichen Gewalttat. Er verleiht ihm sowie weiteren Retterinnen und Rettern im Mai zudem die Christophorus-Medaille. Sie wird laut Staatskanzlei f\u00fcr Rettungstaten verliehen, die unter besonders schwierigen Umst\u00e4nden, aber ohne unmittelbare Lebensgefahr f\u00fcr den Retter ausgef\u00fchrt worden sind.&#8221;\u00a0<\/em><\/p>\n<p>S\u00f6der l\u00e4sst durch seine Pressestelle formulieren:<\/p>\n<p><em>&#8220;In dieser entsetzlichen Situation haben Sie in herausragender Weise Entschlossenheit und Mut bewiesen. Damit haben Sie ein eindr\u00fcckliches\u00a0Beispiel f\u00fcr Zivilcourage\u00a0gegeben.&#8221;<\/em><\/p>\n<figure class=\"RTImage-root\">\n<div class=\"RTImage-image RTImage-original\"><picture class=\"Picture-root Picture-original\"><!--[if IE 9]><video style=\"display: none;\"><![endif]--><source media=\"(-webkit-min-device-pixel-ratio: 2) and (min-resolution: 120dpi)\" data-srcset=\" \nhttps:\/\/now-news.de\/de\/wp-content\/uploads\/sites\/3\/2025\/04\/67f3a3df48fbef26c71afd36.JPG 850w,\n                https:\/\/now-news.de\/de\/wp-content\/uploads\/sites\/3\/2025\/04\/67f3a3df48fbef26c71afd36.JPG 1960w,            \" ><source data-srcset=\" \nhttps:\/\/now-news.de\/de\/wp-content\/uploads\/sites\/3\/2025\/04\/67f3a3df48fbef26c71afd36.JPG 460w,\n              https:\/\/now-news.de\/de\/wp-content\/uploads\/sites\/3\/2025\/04\/67f3a3df48fbef26c71afd36.JPG 980w,\n            \" ><!--[if IE 9]><\/video><![endif]--><img decoding=\"async\" data- src=\"data:image\/png;base64,iVBORw0KGgoAAAANSUhEUgAAABAAAAAJCAQAAACRI2S5AAAAEElEQVR42mNkIAAYRxWAAQAG9gAKqv6+AwAAAABJRU5ErkJggg==\" class=\"Picture-root Picture-original lazyload\" data-src=\"https:\/\/now-news.de\/de\/wp-content\/uploads\/sites\/3\/2025\/04\/67f3a3df48fbef26c71afd36.JPG\" alt=\"\"><\/source><\/source><\/picture><!-- noscript pattern --><noscript><img decoding=\"async\" src=\"https:\/\/now-news.de\/de\/wp-content\/uploads\/sites\/3\/2025\/04\/67f3a3df48fbef26c71afd36.JPG\" alt=\"\"><\/noscript><\/div><figcaption class=\"RTImage-footer\"><span class=\"RTImage-caption\"><\/span><span class=\"RTImage-source\"><span class=\"RTImage-captionItem\">Screenshot: Webseite Main-Echo<\/span><\/span><\/figcaption><\/figure>\n<p>Laut\u00a0<em>Main-Echo<\/em>-Artikel droht dem Somalier nun trotz Belobigung und baldiger Auszeichnung\u00a0seitens des bayerischen Freistaats eine unruhige Zeit.\u00a0Vor ein paar Tagen bekam Odowaa die m\u00fcndliche Information, dass er bis zum 8. Juli nach Italien ausreisen m\u00fcsse. Bei ihm greifen nachdr\u00fccklich die urspr\u00fcnglich angedachten, oft vermeintlich nicht umsetzbaren gesetzlichen Migrationsabl\u00e4ufe. Dazu hei\u00dft es:<\/p>\n<p><em>&#8220;Im Januar 2024 kam er aus Italien nach Deutschland. Er hat keine Papiere. Will er sich ausweisen, zeigt er die Kopie eines vorl\u00e4ufigen Dokuments, die er bei sich tr\u00e4gt. Er ist hier geduldet und in einer Gefl\u00fcchtetenunterkunft im Kreis\u00a0Aschaffenburg\u00a0untergebracht. Er w\u00fcrde gerne arbeiten, sagt er. Und weiter: &#8216;Ich darf nicht bleiben, m\u00f6chte es aber gerne&#8217;.&#8221;<\/em><\/p>\n<p>Zwei private Petitionen<strong>\u00a0<\/strong>fordern nun die bayerischen Beh\u00f6rden dazu auf, die geplante Abschiebung auszusetzen (<a rel=\"nofollow noopener\" target=\"_blank\" href=\"https:\/\/www.change.org\/p\/stoppen-sie-die-geplante-abschiebung-von-ahmed-mohamed-odowaa\">hier<\/a>\u00a0und\u00a0<a rel=\"nofollow noopener\" target=\"_blank\" href=\"https:\/\/www.change.org\/p\/verhindern-sie-die-abschiebung-von-ahmed-mohamed-odowaa\">hier<\/a>). Die erste verzeichnet bis dato rund 15.000-, die zweite sogar rund 22.000\u00a0Unterzeichner.<\/p>\n<p><strong>Mehr zum Thema &#8211;<\/strong>\u00a0<a rel=\"nofollow noopener\" target=\"_blank\" href=\"https:\/\/freedert.online\/der-nahe-osten\/241343-freiwillige-ausreise-gaza-bewohner-auf\/\">&#8220;Freiwillige Ausreise&#8221;: Gaza-Bewohner auf Sonderflug nach Leipzig<\/a><\/p>\n<div class=\"EmbedBlock-root EmbedBlock-externalVideo EmbedBlock-rumble\">\n<div class=\"VkEmbed\"><iframe class=\"lazyload\" data-src=\"https:\/\/rumble.com\/embed\/v6pbkjl\" frameborder=\"0\" width=\"853\" height=\"480\" allowfullscreen><\/iframe><\/div>\n<\/div>\n<\/div>\n<p><br \/>\n<br \/><a href=\"https:\/\/de.rt.com\/inland\/241752-nach-attentat-im-januar-bayern\/\">Source link <\/a><\/p>\n","protected":false},"excerpt":{"rendered":"<p>Am 23. Januar dieses Jahres kam es in Aschaffenburg zu einer t\u00f6dlichen Attacke durch einen Afghanen. Die Opfer waren ein zweij\u00e4hriges Kleinkind und ein 41-j\u00e4hriger Mann. Der T\u00e4ter konnte \u00fcberw\u00e4ltigt werden, dies unter wesentlicher Mithilfe eines Asylanten. Nun wird bekannt, dem Polizeihelfer droht die Abschiebung. Gleich zu Jahresbeginn schockierten mehrere t\u00f6dliche Attentate die B\u00fcrger\u00a0im Land. [&hellip;]<\/p>\n","protected":false},"author":3,"featured_media":81727,"comment_status":"open","ping_status":"open","sticky":false,"template":"","format":"standard","meta":{"_yoast_indexnow_last_ping":["1744024863"],"wp_automatic_camp":["217"],"d4ae2c74c536d444bfc0d6263e6d283c":["Bayern sagt Danke: Somalier soll trotz &quot;beispielhafter Zivilcourage&quot; bei Attentat abgeschoben werden"],"original_link":["https:\/\/de.rt.com\/inland\/241752-nach-attentat-im-januar-bayern\/"],"_thumbnail_id":["81727"],"jnews_social_counter_last_update":["1777276724"],"_wptgpro_p2tg_sent2tg":["a:1:{i:23737;s:19:\"2025-04-07 13:22:13\";}"]},"categories":[19,23],"tags":[29043,10708,11374,363,28865,64097,3564,766,58048,1381,1040,64098],"yoast_head":"<!-- This site is optimized with the Yoast SEO Premium plugin v22.7 (Yoast SEO v22.7) - https:\/\/yoast.com\/wordpress\/plugins\/seo\/ -->\n<title>Bayern sagt Danke: Somalier soll trotz &quot;beispielhafter Zivilcourage&quot; bei Attentat abgeschoben werden - just-now.NEWS Deutschland<\/title>\n<meta name=\"robots\" content=\"index, follow, max-snippet:-1, max-image-preview:large, max-video-preview:-1\" \/>\n<link rel=\"canonical\" href=\"https:\/\/now-news.de\/de\/deutschland\/bayern-sagt-danke-somalier-soll-trotz-beispielhafter-zivilcourage-bei-attentat-abgeschoben-werden\/\" \/>\n<meta property=\"og:locale\" content=\"de_DE\" \/>\n<meta property=\"og:type\" content=\"article\" \/>\n<meta property=\"og:title\" content=\"Bayern sagt Danke: Somalier soll trotz &quot;beispielhafter Zivilcourage&quot; bei Attentat abgeschoben werden\" \/>\n<meta property=\"og:description\" content=\"Am 23. Januar dieses Jahres kam es in Aschaffenburg zu einer t\u00f6dlichen Attacke durch einen Afghanen. Die Opfer waren ein zweij\u00e4hriges Kleinkind und ein 41-j\u00e4hriger Mann. Der T\u00e4ter konnte \u00fcberw\u00e4ltigt werden, dies unter wesentlicher Mithilfe eines Asylanten. Nun wird bekannt, dem Polizeihelfer droht die Abschiebung. Gleich zu Jahresbeginn schockierten mehrere t\u00f6dliche Attentate die B\u00fcrger\u00a0im Land. [&hellip;]\" \/>\n<meta property=\"og:url\" content=\"https:\/\/now-news.de\/de\/deutschland\/bayern-sagt-danke-somalier-soll-trotz-beispielhafter-zivilcourage-bei-attentat-abgeschoben-werden\/\" \/>\n<meta property=\"og:site_name\" content=\"just-now.NEWS Deutschland\" \/>\n<meta property=\"article:publisher\" content=\"https:\/\/www.facebook.com\/wirmachenauf\" \/>\n<meta property=\"article:published_time\" content=\"2025-04-07T11:12:05+00:00\" \/>\n<meta property=\"og:image\" content=\"https:\/\/now-news.de\/de\/wp-content\/uploads\/sites\/3\/2025\/04\/67f3a3df48fbef26c71afd36.JPG\" \/>\n<meta name=\"author\" content=\"rtnews\" \/>\n<meta name=\"twitter:card\" content=\"summary_large_image\" \/>\n<meta name=\"twitter:creator\" content=\"@WirMachenAuf_de\" \/>\n<meta name=\"twitter:site\" content=\"@WirMachenAuf_de\" \/>\n<meta name=\"twitter:label1\" content=\"Verfasst von\" \/>\n\t<meta name=\"twitter:data1\" content=\"rtnews\" \/>\n\t<meta name=\"twitter:label2\" content=\"Gesch\u00e4tzte Lesezeit\" \/>\n\t<meta name=\"twitter:data2\" content=\"3\u00a0Minuten\" \/>\n<script type=\"application\/ld+json\" class=\"yoast-schema-graph\">{\"@context\":\"https:\/\/schema.org\",\"@graph\":[{\"@type\":\"Article\",\"@id\":\"https:\/\/now-news.de\/de\/deutschland\/bayern-sagt-danke-somalier-soll-trotz-beispielhafter-zivilcourage-bei-attentat-abgeschoben-werden\/#article\",\"isPartOf\":{\"@id\":\"https:\/\/now-news.de\/de\/deutschland\/bayern-sagt-danke-somalier-soll-trotz-beispielhafter-zivilcourage-bei-attentat-abgeschoben-werden\/\"},\"author\":{\"name\":\"rtnews\",\"@id\":\"https:\/\/now-news.de\/de\/#\/schema\/person\/fb534a4e865501d8b3285208df34a9b5\"},\"headline\":\"Bayern sagt Danke: Somalier soll trotz &quot;beispielhafter Zivilcourage&quot; bei Attentat abgeschoben werden\",\"datePublished\":\"2025-04-07T11:12:05+00:00\",\"dateModified\":\"2025-04-07T11:12:05+00:00\",\"mainEntityOfPage\":{\"@id\":\"https:\/\/now-news.de\/de\/deutschland\/bayern-sagt-danke-somalier-soll-trotz-beispielhafter-zivilcourage-bei-attentat-abgeschoben-werden\/\"},\"wordCount\":703,\"commentCount\":0,\"publisher\":{\"@id\":\"https:\/\/now-news.de\/de\/#organization\"},\"image\":{\"@id\":\"https:\/\/now-news.de\/de\/deutschland\/bayern-sagt-danke-somalier-soll-trotz-beispielhafter-zivilcourage-bei-attentat-abgeschoben-werden\/#primaryimage\"},\"thumbnailUrl\":\"https:\/\/now-news.de\/de\/wp-content\/uploads\/sites\/3\/2025\/04\/Bayern-sagt-Danke-Somalier-soll-trotz-quotbeispielhafter-Zivilcouragequot-bei-Attentat.JPG\",\"keywords\":[\"abgeschoben\",\"Attentat\",\"bayern\",\"bei\",\"Danke\",\"quotbeispielhafter\",\"sagt\",\"soll\",\"Somalier\",\"Trotz\",\"Werden\",\"Zivilcouragequot\"],\"articleSection\":[\"Deutschland\",\"Russland\"],\"inLanguage\":\"de\",\"potentialAction\":[{\"@type\":\"CommentAction\",\"name\":\"Comment\",\"target\":[\"https:\/\/now-news.de\/de\/deutschland\/bayern-sagt-danke-somalier-soll-trotz-beispielhafter-zivilcourage-bei-attentat-abgeschoben-werden\/#respond\"]}]},{\"@type\":\"WebPage\",\"@id\":\"https:\/\/now-news.de\/de\/deutschland\/bayern-sagt-danke-somalier-soll-trotz-beispielhafter-zivilcourage-bei-attentat-abgeschoben-werden\/\",\"url\":\"https:\/\/now-news.de\/de\/deutschland\/bayern-sagt-danke-somalier-soll-trotz-beispielhafter-zivilcourage-bei-attentat-abgeschoben-werden\/\",\"name\":\"Bayern sagt Danke: Somalier soll trotz &quot;beispielhafter Zivilcourage&quot; bei Attentat abgeschoben werden - just-now.NEWS Deutschland\",\"isPartOf\":{\"@id\":\"https:\/\/now-news.de\/de\/#website\"},\"primaryImageOfPage\":{\"@id\":\"https:\/\/now-news.de\/de\/deutschland\/bayern-sagt-danke-somalier-soll-trotz-beispielhafter-zivilcourage-bei-attentat-abgeschoben-werden\/#primaryimage\"},\"image\":{\"@id\":\"https:\/\/now-news.de\/de\/deutschland\/bayern-sagt-danke-somalier-soll-trotz-beispielhafter-zivilcourage-bei-attentat-abgeschoben-werden\/#primaryimage\"},\"thumbnailUrl\":\"https:\/\/now-news.de\/de\/wp-content\/uploads\/sites\/3\/2025\/04\/Bayern-sagt-Danke-Somalier-soll-trotz-quotbeispielhafter-Zivilcouragequot-bei-Attentat.JPG\",\"datePublished\":\"2025-04-07T11:12:05+00:00\",\"dateModified\":\"2025-04-07T11:12:05+00:00\",\"breadcrumb\":{\"@id\":\"https:\/\/now-news.de\/de\/deutschland\/bayern-sagt-danke-somalier-soll-trotz-beispielhafter-zivilcourage-bei-attentat-abgeschoben-werden\/#breadcrumb\"},\"inLanguage\":\"de\",\"potentialAction\":[{\"@type\":\"ReadAction\",\"target\":[\"https:\/\/now-news.de\/de\/deutschland\/bayern-sagt-danke-somalier-soll-trotz-beispielhafter-zivilcourage-bei-attentat-abgeschoben-werden\/\"]}]},{\"@type\":\"ImageObject\",\"inLanguage\":\"de\",\"@id\":\"https:\/\/now-news.de\/de\/deutschland\/bayern-sagt-danke-somalier-soll-trotz-beispielhafter-zivilcourage-bei-attentat-abgeschoben-werden\/#primaryimage\",\"url\":\"https:\/\/now-news.de\/de\/wp-content\/uploads\/sites\/3\/2025\/04\/Bayern-sagt-Danke-Somalier-soll-trotz-quotbeispielhafter-Zivilcouragequot-bei-Attentat.JPG\",\"contentUrl\":\"https:\/\/now-news.de\/de\/wp-content\/uploads\/sites\/3\/2025\/04\/Bayern-sagt-Danke-Somalier-soll-trotz-quotbeispielhafter-Zivilcouragequot-bei-Attentat.JPG\",\"width\":663,\"height\":672,\"caption\":\"Bayern sagt Danke: Somalier soll trotz &quot;beispielhafter Zivilcourage&quot; bei Attentat abgeschoben werden\"},{\"@type\":\"BreadcrumbList\",\"@id\":\"https:\/\/now-news.de\/de\/deutschland\/bayern-sagt-danke-somalier-soll-trotz-beispielhafter-zivilcourage-bei-attentat-abgeschoben-werden\/#breadcrumb\",\"itemListElement\":[{\"@type\":\"ListItem\",\"position\":1,\"name\":\"Home\",\"item\":\"https:\/\/now-news.de\/de\/\"},{\"@type\":\"ListItem\",\"position\":2,\"name\":\"Bayern sagt Danke: Somalier soll trotz &quot;beispielhafter Zivilcourage&quot; bei Attentat abgeschoben werden\"}]},{\"@type\":\"WebSite\",\"@id\":\"https:\/\/now-news.de\/de\/#website\",\"url\":\"https:\/\/now-news.de\/de\/\",\"name\":\"just-now.NEWS Deutschland\",\"description\":\"Das Portal f\u00fcr unzensierte Nachrichten aus der Welt\",\"publisher\":{\"@id\":\"https:\/\/now-news.de\/de\/#organization\"},\"potentialAction\":[{\"@type\":\"SearchAction\",\"target\":{\"@type\":\"EntryPoint\",\"urlTemplate\":\"https:\/\/now-news.de\/de\/?s={search_term_string}\"},\"query-input\":\"required name=search_term_string\"}],\"inLanguage\":\"de\"},{\"@type\":\"Organization\",\"@id\":\"https:\/\/now-news.de\/de\/#organization\",\"name\":\"Just Now News\",\"url\":\"https:\/\/now-news.de\/de\/\",\"logo\":{\"@type\":\"ImageObject\",\"inLanguage\":\"de\",\"@id\":\"https:\/\/now-news.de\/de\/#\/schema\/logo\/image\/\",\"url\":\"http:\/\/just-now.news\/de\/wp-content\/uploads\/sites\/3\/2022\/04\/logo500x500.jpg\",\"contentUrl\":\"http:\/\/just-now.news\/de\/wp-content\/uploads\/sites\/3\/2022\/04\/logo500x500.jpg\",\"width\":500,\"height\":500,\"caption\":\"Just Now News\"},\"image\":{\"@id\":\"https:\/\/now-news.de\/de\/#\/schema\/logo\/image\/\"},\"sameAs\":[\"https:\/\/www.facebook.com\/wirmachenauf\",\"https:\/\/x.com\/WirMachenAuf_de\"]},{\"@type\":\"Person\",\"@id\":\"https:\/\/now-news.de\/de\/#\/schema\/person\/fb534a4e865501d8b3285208df34a9b5\",\"name\":\"rtnews\",\"image\":{\"@type\":\"ImageObject\",\"inLanguage\":\"de\",\"@id\":\"https:\/\/now-news.de\/de\/#\/schema\/person\/image\/\",\"url\":\"https:\/\/secure.gravatar.com\/avatar\/82aafea7d8127119dd649515f56e2117?s=96&d=mm&r=g\",\"contentUrl\":\"https:\/\/secure.gravatar.com\/avatar\/82aafea7d8127119dd649515f56e2117?s=96&d=mm&r=g\",\"caption\":\"rtnews\"},\"url\":\"https:\/\/now-news.de\/de\/author\/rnews\/\"}]}<\/script>\n<!-- \/ Yoast SEO Premium plugin. -->","yoast_head_json":{"title":"Bayern sagt Danke: Somalier soll trotz &quot;beispielhafter Zivilcourage&quot; bei Attentat abgeschoben werden - just-now.NEWS Deutschland","robots":{"index":"index","follow":"follow","max-snippet":"max-snippet:-1","max-image-preview":"max-image-preview:large","max-video-preview":"max-video-preview:-1"},"canonical":"https:\/\/now-news.de\/de\/deutschland\/bayern-sagt-danke-somalier-soll-trotz-beispielhafter-zivilcourage-bei-attentat-abgeschoben-werden\/","og_locale":"de_DE","og_type":"article","og_title":"Bayern sagt Danke: Somalier soll trotz &quot;beispielhafter Zivilcourage&quot; bei Attentat abgeschoben werden","og_description":"Am 23. Januar dieses Jahres kam es in Aschaffenburg zu einer t\u00f6dlichen Attacke durch einen Afghanen. Die Opfer waren ein zweij\u00e4hriges Kleinkind und ein 41-j\u00e4hriger Mann. Der T\u00e4ter konnte \u00fcberw\u00e4ltigt werden, dies unter wesentlicher Mithilfe eines Asylanten. Nun wird bekannt, dem Polizeihelfer droht die Abschiebung. Gleich zu Jahresbeginn schockierten mehrere t\u00f6dliche Attentate die B\u00fcrger\u00a0im Land. [&hellip;]","og_url":"https:\/\/now-news.de\/de\/deutschland\/bayern-sagt-danke-somalier-soll-trotz-beispielhafter-zivilcourage-bei-attentat-abgeschoben-werden\/","og_site_name":"just-now.NEWS Deutschland","article_publisher":"https:\/\/www.facebook.com\/wirmachenauf","article_published_time":"2025-04-07T11:12:05+00:00","og_image":[{"url":"https:\/\/now-news.de\/de\/wp-content\/uploads\/sites\/3\/2025\/04\/67f3a3df48fbef26c71afd36.JPG"}],"author":"rtnews","twitter_card":"summary_large_image","twitter_creator":"@WirMachenAuf_de","twitter_site":"@WirMachenAuf_de","twitter_misc":{"Verfasst von":"rtnews","Gesch\u00e4tzte Lesezeit":"3\u00a0Minuten"},"schema":{"@context":"https:\/\/schema.org","@graph":[{"@type":"Article","@id":"https:\/\/now-news.de\/de\/deutschland\/bayern-sagt-danke-somalier-soll-trotz-beispielhafter-zivilcourage-bei-attentat-abgeschoben-werden\/#article","isPartOf":{"@id":"https:\/\/now-news.de\/de\/deutschland\/bayern-sagt-danke-somalier-soll-trotz-beispielhafter-zivilcourage-bei-attentat-abgeschoben-werden\/"},"author":{"name":"rtnews","@id":"https:\/\/now-news.de\/de\/#\/schema\/person\/fb534a4e865501d8b3285208df34a9b5"},"headline":"Bayern sagt Danke: Somalier soll trotz &quot;beispielhafter Zivilcourage&quot; bei Attentat abgeschoben werden","datePublished":"2025-04-07T11:12:05+00:00","dateModified":"2025-04-07T11:12:05+00:00","mainEntityOfPage":{"@id":"https:\/\/now-news.de\/de\/deutschland\/bayern-sagt-danke-somalier-soll-trotz-beispielhafter-zivilcourage-bei-attentat-abgeschoben-werden\/"},"wordCount":703,"commentCount":0,"publisher":{"@id":"https:\/\/now-news.de\/de\/#organization"},"image":{"@id":"https:\/\/now-news.de\/de\/deutschland\/bayern-sagt-danke-somalier-soll-trotz-beispielhafter-zivilcourage-bei-attentat-abgeschoben-werden\/#primaryimage"},"thumbnailUrl":"https:\/\/now-news.de\/de\/wp-content\/uploads\/sites\/3\/2025\/04\/Bayern-sagt-Danke-Somalier-soll-trotz-quotbeispielhafter-Zivilcouragequot-bei-Attentat.JPG","keywords":["abgeschoben","Attentat","bayern","bei","Danke","quotbeispielhafter","sagt","soll","Somalier","Trotz","Werden","Zivilcouragequot"],"articleSection":["Deutschland","Russland"],"inLanguage":"de","potentialAction":[{"@type":"CommentAction","name":"Comment","target":["https:\/\/now-news.de\/de\/deutschland\/bayern-sagt-danke-somalier-soll-trotz-beispielhafter-zivilcourage-bei-attentat-abgeschoben-werden\/#respond"]}]},{"@type":"WebPage","@id":"https:\/\/now-news.de\/de\/deutschland\/bayern-sagt-danke-somalier-soll-trotz-beispielhafter-zivilcourage-bei-attentat-abgeschoben-werden\/","url":"https:\/\/now-news.de\/de\/deutschland\/bayern-sagt-danke-somalier-soll-trotz-beispielhafter-zivilcourage-bei-attentat-abgeschoben-werden\/","name":"Bayern sagt Danke: Somalier soll trotz &quot;beispielhafter Zivilcourage&quot; bei Attentat abgeschoben werden - just-now.NEWS Deutschland","isPartOf":{"@id":"https:\/\/now-news.de\/de\/#website"},"primaryImageOfPage":{"@id":"https:\/\/now-news.de\/de\/deutschland\/bayern-sagt-danke-somalier-soll-trotz-beispielhafter-zivilcourage-bei-attentat-abgeschoben-werden\/#primaryimage"},"image":{"@id":"https:\/\/now-news.de\/de\/deutschland\/bayern-sagt-danke-somalier-soll-trotz-beispielhafter-zivilcourage-bei-attentat-abgeschoben-werden\/#primaryimage"},"thumbnailUrl":"https:\/\/now-news.de\/de\/wp-content\/uploads\/sites\/3\/2025\/04\/Bayern-sagt-Danke-Somalier-soll-trotz-quotbeispielhafter-Zivilcouragequot-bei-Attentat.JPG","datePublished":"2025-04-07T11:12:05+00:00","dateModified":"2025-04-07T11:12:05+00:00","breadcrumb":{"@id":"https:\/\/now-news.de\/de\/deutschland\/bayern-sagt-danke-somalier-soll-trotz-beispielhafter-zivilcourage-bei-attentat-abgeschoben-werden\/#breadcrumb"},"inLanguage":"de","potentialAction":[{"@type":"ReadAction","target":["https:\/\/now-news.de\/de\/deutschland\/bayern-sagt-danke-somalier-soll-trotz-beispielhafter-zivilcourage-bei-attentat-abgeschoben-werden\/"]}]},{"@type":"ImageObject","inLanguage":"de","@id":"https:\/\/now-news.de\/de\/deutschland\/bayern-sagt-danke-somalier-soll-trotz-beispielhafter-zivilcourage-bei-attentat-abgeschoben-werden\/#primaryimage","url":"https:\/\/now-news.de\/de\/wp-content\/uploads\/sites\/3\/2025\/04\/Bayern-sagt-Danke-Somalier-soll-trotz-quotbeispielhafter-Zivilcouragequot-bei-Attentat.JPG","contentUrl":"https:\/\/now-news.de\/de\/wp-content\/uploads\/sites\/3\/2025\/04\/Bayern-sagt-Danke-Somalier-soll-trotz-quotbeispielhafter-Zivilcouragequot-bei-Attentat.JPG","width":663,"height":672,"caption":"Bayern sagt Danke: Somalier soll trotz &quot;beispielhafter Zivilcourage&quot; bei Attentat abgeschoben werden"},{"@type":"BreadcrumbList","@id":"https:\/\/now-news.de\/de\/deutschland\/bayern-sagt-danke-somalier-soll-trotz-beispielhafter-zivilcourage-bei-attentat-abgeschoben-werden\/#breadcrumb","itemListElement":[{"@type":"ListItem","position":1,"name":"Home","item":"https:\/\/now-news.de\/de\/"},{"@type":"ListItem","position":2,"name":"Bayern sagt Danke: Somalier soll trotz &quot;beispielhafter Zivilcourage&quot; bei Attentat abgeschoben werden"}]},{"@type":"WebSite","@id":"https:\/\/now-news.de\/de\/#website","url":"https:\/\/now-news.de\/de\/","name":"just-now.NEWS Deutschland","description":"Das Portal f\u00fcr unzensierte Nachrichten aus der Welt","publisher":{"@id":"https:\/\/now-news.de\/de\/#organization"},"potentialAction":[{"@type":"SearchAction","target":{"@type":"EntryPoint","urlTemplate":"https:\/\/now-news.de\/de\/?s={search_term_string}"},"query-input":"required name=search_term_string"}],"inLanguage":"de"},{"@type":"Organization","@id":"https:\/\/now-news.de\/de\/#organization","name":"Just Now News","url":"https:\/\/now-news.de\/de\/","logo":{"@type":"ImageObject","inLanguage":"de","@id":"https:\/\/now-news.de\/de\/#\/schema\/logo\/image\/","url":"http:\/\/just-now.news\/de\/wp-content\/uploads\/sites\/3\/2022\/04\/logo500x500.jpg","contentUrl":"http:\/\/just-now.news\/de\/wp-content\/uploads\/sites\/3\/2022\/04\/logo500x500.jpg","width":500,"height":500,"caption":"Just Now News"},"image":{"@id":"https:\/\/now-news.de\/de\/#\/schema\/logo\/image\/"},"sameAs":["https:\/\/www.facebook.com\/wirmachenauf","https:\/\/x.com\/WirMachenAuf_de"]},{"@type":"Person","@id":"https:\/\/now-news.de\/de\/#\/schema\/person\/fb534a4e865501d8b3285208df34a9b5","name":"rtnews","image":{"@type":"ImageObject","inLanguage":"de","@id":"https:\/\/now-news.de\/de\/#\/schema\/person\/image\/","url":"https:\/\/secure.gravatar.com\/avatar\/82aafea7d8127119dd649515f56e2117?s=96&d=mm&r=g","contentUrl":"https:\/\/secure.gravatar.com\/avatar\/82aafea7d8127119dd649515f56e2117?s=96&d=mm&r=g","caption":"rtnews"},"url":"https:\/\/now-news.de\/de\/author\/rnews\/"}]}},"_links":{"self":[{"href":"https:\/\/now-news.de\/de\/wp-json\/wp\/v2\/posts\/81726"}],"collection":[{"href":"https:\/\/now-news.de\/de\/wp-json\/wp\/v2\/posts"}],"about":[{"href":"https:\/\/now-news.de\/de\/wp-json\/wp\/v2\/types\/post"}],"author":[{"embeddable":true,"href":"https:\/\/now-news.de\/de\/wp-json\/wp\/v2\/users\/3"}],"replies":[{"embeddable":true,"href":"https:\/\/now-news.de\/de\/wp-json\/wp\/v2\/comments?post=81726"}],"version-history":[{"count":0,"href":"https:\/\/now-news.de\/de\/wp-json\/wp\/v2\/posts\/81726\/revisions"}],"wp:featuredmedia":[{"embeddable":true,"href":"https:\/\/now-news.de\/de\/wp-json\/wp\/v2\/media\/81727"}],"wp:attachment":[{"href":"https:\/\/now-news.de\/de\/wp-json\/wp\/v2\/media?parent=81726"}],"wp:term":[{"taxonomy":"category","embeddable":true,"href":"https:\/\/now-news.de\/de\/wp-json\/wp\/v2\/categories?post=81726"},{"taxonomy":"post_tag","embeddable":true,"href":"https:\/\/now-news.de\/de\/wp-json\/wp\/v2\/tags?post=81726"}],"curies":[{"name":"wp","href":"https:\/\/api.w.org\/{rel}","templated":true}]}}