{"id":81724,"date":"2025-04-07T12:43:50","date_gmt":"2025-04-07T10:43:50","guid":{"rendered":"https:\/\/now-news.de\/de\/deutschland\/bericht-12-000-briten-jaehrlich-wegen-posts-in-sozialen-medien-festgenommen\/"},"modified":"2025-04-07T12:43:50","modified_gmt":"2025-04-07T10:43:50","slug":"bericht-12-000-briten-jaehrlich-wegen-posts-in-sozialen-medien-festgenommen","status":"publish","type":"post","link":"https:\/\/now-news.de\/de\/deutschland\/bericht-12-000-briten-jaehrlich-wegen-posts-in-sozialen-medien-festgenommen\/","title":{"rendered":"Bericht: 12.000 Briten j\u00e4hrlich wegen Posts in sozialen Medien festgenommen"},"content":{"rendered":"<p><img decoding=\"async\" src=\"https:\/\/now-news.de\/de\/wp-content\/uploads\/sites\/3\/2025\/04\/67f39e9cb480cc720a753dbc.jpg\" \/><\/p>\n<div class=\"Text-root Text-type_1 \">\n                Immer mehr Briten werden Beitr\u00e4ge in sozialen Medien zum Verh\u00e4ngnis. Wegen des Verdachts der Beleidigung oder &#8220;Hassrede&#8221; werden Tausende von den Beh\u00f6rden juristisch belangt \u2013 mit steigender Tendenz. Gleichzeitig ist die Zahl der Verurteilungen um die H\u00e4lfte zur\u00fcckgegangen.\n            <\/div>\n<p><\/p>\n<div class=\"Text-root Text-type_5 ArticleView-text ViewText-root \">\n<p>Tausende Menschen wurden im Vereinigten K\u00f6nigreich von der Polizei festgenommen und verh\u00f6rt, weil sie im Internet Drohungen oder Beleidigungen ge\u00e4u\u00dfert hatten. Dies berichtet die <em>Times<\/em> unter Berufung auf Daten \u00fcber Festnahmen.<\/p>\n<p>Den am Freitag ver\u00f6ffentlichten Zahlen zufolge nehmen Beamte j\u00e4hrlich rund 12.000 Personen auf der Grundlage von Abschnitt 127 des Communications Act 2003 und Abschnitt 1 des Malicious Communications Act 1988 fest. Diese Gesetze stellen die Verursachung von \u00c4rger durch das Versenden von Nachrichten, die &#8220;grob beleidigend&#8221; sind, oder durch das Teilen von Inhalten mit &#8220;unanst\u00e4ndigem, obsz\u00f6nem oder bedrohlichem Charakter&#8221; \u00fcber elektronische Kommunikationsnetze unter Strafe.<\/p>\n<p>Allein im Jahr 2023 nahmen Beamte von 37 Polizeidienststellen 12.183 Personen fest \u2013 etwa 33 pro Tag. Die <em>Times<\/em> berichtet, dass dies einen Anstieg von 58 Prozent gegen\u00fcber 2019 bedeute, als 7.734 Festnahmen verzeichnet worden seien.<\/p>\n<p>Gleichzeitig zeigen die Daten der Regierung, dass die Zahl der Schuldspr\u00fcche und Verurteilungen um fast die H\u00e4lfte zur\u00fcckgegangen ist. Zwar wurden einige F\u00e4lle durch au\u00dfergerichtliche Vergleiche beigelegt, doch der am h\u00e4ufigsten genannte Grund waren &#8220;Beweisschwierigkeiten&#8221;, insbesondere wenn die Opfer eine Klage ablehnten.<\/p>\n<p>Die Statistiken haben einen \u00f6ffentlichen Aufschrei ausgel\u00f6st. B\u00fcrgerrechtsgruppen werfen den Beh\u00f6rden vor, das Internet zu stark zu \u00fcberwachen und die Meinungsfreiheit durch die Anwendung &#8220;vager&#8221; Kommunikationsgesetze zu untergraben.<\/p>\n<p>Die <em>Times<\/em> hob den Fall von Maxie Allen und Rosalind Levine hervor, die am 29. Januar verhaftet wurden, nachdem sie in einer privaten WhatsApp-Gruppe von Eltern Bedenken \u00fcber den Einstellungsprozess an der Schule ihrer Tochter ge\u00e4u\u00dfert hatten. Sechs uniformierte Beamte kamen zu ihnen nach Hause, hielten sie vor den Augen ihres j\u00fcngsten Kindes fest und brachten sie auf eine Polizeistation.<\/p>\n<p>Das Ehepaar wurde wegen des Verdachts auf Bel\u00e4stigung, b\u00f6swillige Kommunikation und St\u00f6rung des Schulbetriebs verh\u00f6rt, nachdem die Schule behauptet hatte, sie h\u00e4tten den Vorsitzenden des Verwaltungsrates &#8220;verleumdet&#8221;. Ihnen wurden Fingerabdr\u00fccke abgenommen, sie wurden durchsucht und acht Stunden lang in eine Zelle gesperrt.<\/p>\n<p>&#8220;Es war schwer, das Gef\u00fchl loszuwerden, dass ich in einem Polizeistaat lebe&#8221;, sagte Allen der <em>Daily Mail<\/em> und f\u00fcgte hinzu, dass die Nachrichten &#8220;keine beleidigende Sprache oder Drohungen&#8221; enthalten h\u00e4tten, sondern einfach &#8220;ein bisschen sarkastisch&#8221; gewesen seien.<\/p>\n<p><strong>Mehr zum Thema<\/strong> &#8211; <a rel=\"nofollow noopener\" target=\"_blank\" href=\"https:\/\/freedert.online\/meinung\/152480-ab-jetzt-verboten-leugnen-was\/\">Ab jetzt verboten: Leugnen, was nicht bewiesen ist<\/a><\/p>\n<div class=\"EmbedBlock-root EmbedBlock-externalVideo EmbedBlock-rumble\">\n<div class=\"VkEmbed\"><iframe class=\"lazyload\" data-src=\"https:\/\/rumble.com\/embed\/v6jow6j\" frameborder=\"0\" width=\"853\" height=\"480\" allowfullscreen><\/iframe><\/div>\n<\/div>\n<\/div>\n<p><br \/>\n<br \/><a href=\"https:\/\/de.rt.com\/gesellschaft\/241756-bericht-12000-briten-jaehrlich-wegen\/\">Source link <\/a><\/p>\n","protected":false},"excerpt":{"rendered":"<p>Immer mehr Briten werden Beitr\u00e4ge in sozialen Medien zum Verh\u00e4ngnis. Wegen des Verdachts der Beleidigung oder &#8220;Hassrede&#8221; werden Tausende von den Beh\u00f6rden juristisch belangt \u2013 mit steigender Tendenz. Gleichzeitig ist die Zahl der Verurteilungen um die H\u00e4lfte zur\u00fcckgegangen. Tausende Menschen wurden im Vereinigten K\u00f6nigreich von der Polizei festgenommen und verh\u00f6rt, weil sie im Internet Drohungen [&hellip;]<\/p>\n","protected":false},"author":3,"featured_media":81725,"comment_status":"open","ping_status":"open","sticky":false,"template":"","format":"standard","meta":{"_yoast_indexnow_last_ping":["1744022942"],"wp_automatic_camp":["217"],"654615f2d450a410bec3cd5c54c656d3":["Bericht: 12.000 Briten j\u00e4hrlich wegen Posts in sozialen Medien festgenommen"],"original_link":["https:\/\/de.rt.com\/gesellschaft\/241756-bericht-12000-briten-jaehrlich-wegen\/"],"_thumbnail_id":["81725"],"jnews_social_counter_last_update":["1777224529"],"_wptgpro_p2tg_sent2tg":["a:1:{i:23737;s:19:\"2025-04-07 12:50:04\";}"]},"categories":[19,23],"tags":[667,22318,1356,10647,580,19208,15975,145],"yoast_head":"<!-- This site is optimized with the Yoast SEO Premium plugin v22.7 (Yoast SEO v22.7) - https:\/\/yoast.com\/wordpress\/plugins\/seo\/ -->\n<title>Bericht: 12.000 Briten j\u00e4hrlich wegen Posts in sozialen Medien festgenommen - just-now.NEWS Deutschland<\/title>\n<meta name=\"robots\" content=\"index, follow, max-snippet:-1, max-image-preview:large, max-video-preview:-1\" \/>\n<link rel=\"canonical\" href=\"https:\/\/now-news.de\/de\/deutschland\/bericht-12-000-briten-jaehrlich-wegen-posts-in-sozialen-medien-festgenommen\/\" \/>\n<meta property=\"og:locale\" content=\"de_DE\" \/>\n<meta property=\"og:type\" content=\"article\" \/>\n<meta property=\"og:title\" content=\"Bericht: 12.000 Briten j\u00e4hrlich wegen Posts in sozialen Medien festgenommen\" \/>\n<meta property=\"og:description\" content=\"Immer mehr Briten werden Beitr\u00e4ge in sozialen Medien zum Verh\u00e4ngnis. Wegen des Verdachts der Beleidigung oder &#8220;Hassrede&#8221; werden Tausende von den Beh\u00f6rden juristisch belangt \u2013 mit steigender Tendenz. Gleichzeitig ist die Zahl der Verurteilungen um die H\u00e4lfte zur\u00fcckgegangen. Tausende Menschen wurden im Vereinigten K\u00f6nigreich von der Polizei festgenommen und verh\u00f6rt, weil sie im Internet Drohungen [&hellip;]\" \/>\n<meta property=\"og:url\" content=\"https:\/\/now-news.de\/de\/deutschland\/bericht-12-000-briten-jaehrlich-wegen-posts-in-sozialen-medien-festgenommen\/\" \/>\n<meta property=\"og:site_name\" content=\"just-now.NEWS Deutschland\" \/>\n<meta property=\"article:publisher\" content=\"https:\/\/www.facebook.com\/wirmachenauf\" \/>\n<meta property=\"article:published_time\" content=\"2025-04-07T10:43:50+00:00\" \/>\n<meta property=\"og:image\" content=\"https:\/\/now-news.de\/de\/wp-content\/uploads\/sites\/3\/2025\/04\/67f39e9cb480cc720a753dbc.jpg\" \/>\n<meta name=\"author\" content=\"rtnews\" \/>\n<meta name=\"twitter:card\" content=\"summary_large_image\" \/>\n<meta name=\"twitter:creator\" content=\"@WirMachenAuf_de\" \/>\n<meta name=\"twitter:site\" content=\"@WirMachenAuf_de\" \/>\n<meta name=\"twitter:label1\" content=\"Verfasst von\" \/>\n\t<meta name=\"twitter:data1\" content=\"rtnews\" \/>\n\t<meta name=\"twitter:label2\" content=\"Gesch\u00e4tzte Lesezeit\" \/>\n\t<meta name=\"twitter:data2\" content=\"2\u00a0Minuten\" \/>\n<script type=\"application\/ld+json\" class=\"yoast-schema-graph\">{\"@context\":\"https:\/\/schema.org\",\"@graph\":[{\"@type\":\"Article\",\"@id\":\"https:\/\/now-news.de\/de\/deutschland\/bericht-12-000-briten-jaehrlich-wegen-posts-in-sozialen-medien-festgenommen\/#article\",\"isPartOf\":{\"@id\":\"https:\/\/now-news.de\/de\/deutschland\/bericht-12-000-briten-jaehrlich-wegen-posts-in-sozialen-medien-festgenommen\/\"},\"author\":{\"name\":\"rtnews\",\"@id\":\"https:\/\/now-news.de\/de\/#\/schema\/person\/fb534a4e865501d8b3285208df34a9b5\"},\"headline\":\"Bericht: 12.000 Briten j\u00e4hrlich wegen Posts in sozialen Medien festgenommen\",\"datePublished\":\"2025-04-07T10:43:50+00:00\",\"dateModified\":\"2025-04-07T10:43:50+00:00\",\"mainEntityOfPage\":{\"@id\":\"https:\/\/now-news.de\/de\/deutschland\/bericht-12-000-briten-jaehrlich-wegen-posts-in-sozialen-medien-festgenommen\/\"},\"wordCount\":423,\"commentCount\":0,\"publisher\":{\"@id\":\"https:\/\/now-news.de\/de\/#organization\"},\"image\":{\"@id\":\"https:\/\/now-news.de\/de\/deutschland\/bericht-12-000-briten-jaehrlich-wegen-posts-in-sozialen-medien-festgenommen\/#primaryimage\"},\"thumbnailUrl\":\"https:\/\/now-news.de\/de\/wp-content\/uploads\/sites\/3\/2025\/04\/Bericht-12000-Briten-jaehrlich-wegen-Posts-in-sozialen-Medien-festgenommen.jpg\",\"keywords\":[\"Bericht\",\"Briten\",\"festgenommen\",\"j\u00e4hrlich\",\"Medien\",\"Posts\",\"sozialen\",\"wegen\"],\"articleSection\":[\"Deutschland\",\"Russland\"],\"inLanguage\":\"de\",\"potentialAction\":[{\"@type\":\"CommentAction\",\"name\":\"Comment\",\"target\":[\"https:\/\/now-news.de\/de\/deutschland\/bericht-12-000-briten-jaehrlich-wegen-posts-in-sozialen-medien-festgenommen\/#respond\"]}]},{\"@type\":\"WebPage\",\"@id\":\"https:\/\/now-news.de\/de\/deutschland\/bericht-12-000-briten-jaehrlich-wegen-posts-in-sozialen-medien-festgenommen\/\",\"url\":\"https:\/\/now-news.de\/de\/deutschland\/bericht-12-000-briten-jaehrlich-wegen-posts-in-sozialen-medien-festgenommen\/\",\"name\":\"Bericht: 12.000 Briten j\u00e4hrlich wegen Posts in sozialen Medien festgenommen - just-now.NEWS Deutschland\",\"isPartOf\":{\"@id\":\"https:\/\/now-news.de\/de\/#website\"},\"primaryImageOfPage\":{\"@id\":\"https:\/\/now-news.de\/de\/deutschland\/bericht-12-000-briten-jaehrlich-wegen-posts-in-sozialen-medien-festgenommen\/#primaryimage\"},\"image\":{\"@id\":\"https:\/\/now-news.de\/de\/deutschland\/bericht-12-000-briten-jaehrlich-wegen-posts-in-sozialen-medien-festgenommen\/#primaryimage\"},\"thumbnailUrl\":\"https:\/\/now-news.de\/de\/wp-content\/uploads\/sites\/3\/2025\/04\/Bericht-12000-Briten-jaehrlich-wegen-Posts-in-sozialen-Medien-festgenommen.jpg\",\"datePublished\":\"2025-04-07T10:43:50+00:00\",\"dateModified\":\"2025-04-07T10:43:50+00:00\",\"breadcrumb\":{\"@id\":\"https:\/\/now-news.de\/de\/deutschland\/bericht-12-000-briten-jaehrlich-wegen-posts-in-sozialen-medien-festgenommen\/#breadcrumb\"},\"inLanguage\":\"de\",\"potentialAction\":[{\"@type\":\"ReadAction\",\"target\":[\"https:\/\/now-news.de\/de\/deutschland\/bericht-12-000-briten-jaehrlich-wegen-posts-in-sozialen-medien-festgenommen\/\"]}]},{\"@type\":\"ImageObject\",\"inLanguage\":\"de\",\"@id\":\"https:\/\/now-news.de\/de\/deutschland\/bericht-12-000-briten-jaehrlich-wegen-posts-in-sozialen-medien-festgenommen\/#primaryimage\",\"url\":\"https:\/\/now-news.de\/de\/wp-content\/uploads\/sites\/3\/2025\/04\/Bericht-12000-Briten-jaehrlich-wegen-Posts-in-sozialen-Medien-festgenommen.jpg\",\"contentUrl\":\"https:\/\/now-news.de\/de\/wp-content\/uploads\/sites\/3\/2025\/04\/Bericht-12000-Briten-jaehrlich-wegen-Posts-in-sozialen-Medien-festgenommen.jpg\",\"width\":460,\"height\":259,\"caption\":\"Bericht: 12.000 Briten j\u00e4hrlich wegen Posts in sozialen Medien festgenommen\"},{\"@type\":\"BreadcrumbList\",\"@id\":\"https:\/\/now-news.de\/de\/deutschland\/bericht-12-000-briten-jaehrlich-wegen-posts-in-sozialen-medien-festgenommen\/#breadcrumb\",\"itemListElement\":[{\"@type\":\"ListItem\",\"position\":1,\"name\":\"Home\",\"item\":\"https:\/\/now-news.de\/de\/\"},{\"@type\":\"ListItem\",\"position\":2,\"name\":\"Bericht: 12.000 Briten j\u00e4hrlich wegen Posts in sozialen Medien festgenommen\"}]},{\"@type\":\"WebSite\",\"@id\":\"https:\/\/now-news.de\/de\/#website\",\"url\":\"https:\/\/now-news.de\/de\/\",\"name\":\"just-now.NEWS Deutschland\",\"description\":\"Das Portal f\u00fcr unzensierte Nachrichten aus der Welt\",\"publisher\":{\"@id\":\"https:\/\/now-news.de\/de\/#organization\"},\"potentialAction\":[{\"@type\":\"SearchAction\",\"target\":{\"@type\":\"EntryPoint\",\"urlTemplate\":\"https:\/\/now-news.de\/de\/?s={search_term_string}\"},\"query-input\":\"required name=search_term_string\"}],\"inLanguage\":\"de\"},{\"@type\":\"Organization\",\"@id\":\"https:\/\/now-news.de\/de\/#organization\",\"name\":\"Just Now News\",\"url\":\"https:\/\/now-news.de\/de\/\",\"logo\":{\"@type\":\"ImageObject\",\"inLanguage\":\"de\",\"@id\":\"https:\/\/now-news.de\/de\/#\/schema\/logo\/image\/\",\"url\":\"http:\/\/just-now.news\/de\/wp-content\/uploads\/sites\/3\/2022\/04\/logo500x500.jpg\",\"contentUrl\":\"http:\/\/just-now.news\/de\/wp-content\/uploads\/sites\/3\/2022\/04\/logo500x500.jpg\",\"width\":500,\"height\":500,\"caption\":\"Just Now News\"},\"image\":{\"@id\":\"https:\/\/now-news.de\/de\/#\/schema\/logo\/image\/\"},\"sameAs\":[\"https:\/\/www.facebook.com\/wirmachenauf\",\"https:\/\/x.com\/WirMachenAuf_de\"]},{\"@type\":\"Person\",\"@id\":\"https:\/\/now-news.de\/de\/#\/schema\/person\/fb534a4e865501d8b3285208df34a9b5\",\"name\":\"rtnews\",\"image\":{\"@type\":\"ImageObject\",\"inLanguage\":\"de\",\"@id\":\"https:\/\/now-news.de\/de\/#\/schema\/person\/image\/\",\"url\":\"https:\/\/secure.gravatar.com\/avatar\/82aafea7d8127119dd649515f56e2117?s=96&d=mm&r=g\",\"contentUrl\":\"https:\/\/secure.gravatar.com\/avatar\/82aafea7d8127119dd649515f56e2117?s=96&d=mm&r=g\",\"caption\":\"rtnews\"},\"url\":\"https:\/\/now-news.de\/de\/author\/rnews\/\"}]}<\/script>\n<!-- \/ Yoast SEO Premium plugin. -->","yoast_head_json":{"title":"Bericht: 12.000 Briten j\u00e4hrlich wegen Posts in sozialen Medien festgenommen - just-now.NEWS Deutschland","robots":{"index":"index","follow":"follow","max-snippet":"max-snippet:-1","max-image-preview":"max-image-preview:large","max-video-preview":"max-video-preview:-1"},"canonical":"https:\/\/now-news.de\/de\/deutschland\/bericht-12-000-briten-jaehrlich-wegen-posts-in-sozialen-medien-festgenommen\/","og_locale":"de_DE","og_type":"article","og_title":"Bericht: 12.000 Briten j\u00e4hrlich wegen Posts in sozialen Medien festgenommen","og_description":"Immer mehr Briten werden Beitr\u00e4ge in sozialen Medien zum Verh\u00e4ngnis. Wegen des Verdachts der Beleidigung oder &#8220;Hassrede&#8221; werden Tausende von den Beh\u00f6rden juristisch belangt \u2013 mit steigender Tendenz. Gleichzeitig ist die Zahl der Verurteilungen um die H\u00e4lfte zur\u00fcckgegangen. Tausende Menschen wurden im Vereinigten K\u00f6nigreich von der Polizei festgenommen und verh\u00f6rt, weil sie im Internet Drohungen [&hellip;]","og_url":"https:\/\/now-news.de\/de\/deutschland\/bericht-12-000-briten-jaehrlich-wegen-posts-in-sozialen-medien-festgenommen\/","og_site_name":"just-now.NEWS Deutschland","article_publisher":"https:\/\/www.facebook.com\/wirmachenauf","article_published_time":"2025-04-07T10:43:50+00:00","og_image":[{"url":"https:\/\/now-news.de\/de\/wp-content\/uploads\/sites\/3\/2025\/04\/67f39e9cb480cc720a753dbc.jpg"}],"author":"rtnews","twitter_card":"summary_large_image","twitter_creator":"@WirMachenAuf_de","twitter_site":"@WirMachenAuf_de","twitter_misc":{"Verfasst von":"rtnews","Gesch\u00e4tzte Lesezeit":"2\u00a0Minuten"},"schema":{"@context":"https:\/\/schema.org","@graph":[{"@type":"Article","@id":"https:\/\/now-news.de\/de\/deutschland\/bericht-12-000-briten-jaehrlich-wegen-posts-in-sozialen-medien-festgenommen\/#article","isPartOf":{"@id":"https:\/\/now-news.de\/de\/deutschland\/bericht-12-000-briten-jaehrlich-wegen-posts-in-sozialen-medien-festgenommen\/"},"author":{"name":"rtnews","@id":"https:\/\/now-news.de\/de\/#\/schema\/person\/fb534a4e865501d8b3285208df34a9b5"},"headline":"Bericht: 12.000 Briten j\u00e4hrlich wegen Posts in sozialen Medien festgenommen","datePublished":"2025-04-07T10:43:50+00:00","dateModified":"2025-04-07T10:43:50+00:00","mainEntityOfPage":{"@id":"https:\/\/now-news.de\/de\/deutschland\/bericht-12-000-briten-jaehrlich-wegen-posts-in-sozialen-medien-festgenommen\/"},"wordCount":423,"commentCount":0,"publisher":{"@id":"https:\/\/now-news.de\/de\/#organization"},"image":{"@id":"https:\/\/now-news.de\/de\/deutschland\/bericht-12-000-briten-jaehrlich-wegen-posts-in-sozialen-medien-festgenommen\/#primaryimage"},"thumbnailUrl":"https:\/\/now-news.de\/de\/wp-content\/uploads\/sites\/3\/2025\/04\/Bericht-12000-Briten-jaehrlich-wegen-Posts-in-sozialen-Medien-festgenommen.jpg","keywords":["Bericht","Briten","festgenommen","j\u00e4hrlich","Medien","Posts","sozialen","wegen"],"articleSection":["Deutschland","Russland"],"inLanguage":"de","potentialAction":[{"@type":"CommentAction","name":"Comment","target":["https:\/\/now-news.de\/de\/deutschland\/bericht-12-000-briten-jaehrlich-wegen-posts-in-sozialen-medien-festgenommen\/#respond"]}]},{"@type":"WebPage","@id":"https:\/\/now-news.de\/de\/deutschland\/bericht-12-000-briten-jaehrlich-wegen-posts-in-sozialen-medien-festgenommen\/","url":"https:\/\/now-news.de\/de\/deutschland\/bericht-12-000-briten-jaehrlich-wegen-posts-in-sozialen-medien-festgenommen\/","name":"Bericht: 12.000 Briten j\u00e4hrlich wegen Posts in sozialen Medien festgenommen - just-now.NEWS Deutschland","isPartOf":{"@id":"https:\/\/now-news.de\/de\/#website"},"primaryImageOfPage":{"@id":"https:\/\/now-news.de\/de\/deutschland\/bericht-12-000-briten-jaehrlich-wegen-posts-in-sozialen-medien-festgenommen\/#primaryimage"},"image":{"@id":"https:\/\/now-news.de\/de\/deutschland\/bericht-12-000-briten-jaehrlich-wegen-posts-in-sozialen-medien-festgenommen\/#primaryimage"},"thumbnailUrl":"https:\/\/now-news.de\/de\/wp-content\/uploads\/sites\/3\/2025\/04\/Bericht-12000-Briten-jaehrlich-wegen-Posts-in-sozialen-Medien-festgenommen.jpg","datePublished":"2025-04-07T10:43:50+00:00","dateModified":"2025-04-07T10:43:50+00:00","breadcrumb":{"@id":"https:\/\/now-news.de\/de\/deutschland\/bericht-12-000-briten-jaehrlich-wegen-posts-in-sozialen-medien-festgenommen\/#breadcrumb"},"inLanguage":"de","potentialAction":[{"@type":"ReadAction","target":["https:\/\/now-news.de\/de\/deutschland\/bericht-12-000-briten-jaehrlich-wegen-posts-in-sozialen-medien-festgenommen\/"]}]},{"@type":"ImageObject","inLanguage":"de","@id":"https:\/\/now-news.de\/de\/deutschland\/bericht-12-000-briten-jaehrlich-wegen-posts-in-sozialen-medien-festgenommen\/#primaryimage","url":"https:\/\/now-news.de\/de\/wp-content\/uploads\/sites\/3\/2025\/04\/Bericht-12000-Briten-jaehrlich-wegen-Posts-in-sozialen-Medien-festgenommen.jpg","contentUrl":"https:\/\/now-news.de\/de\/wp-content\/uploads\/sites\/3\/2025\/04\/Bericht-12000-Briten-jaehrlich-wegen-Posts-in-sozialen-Medien-festgenommen.jpg","width":460,"height":259,"caption":"Bericht: 12.000 Briten j\u00e4hrlich wegen Posts in sozialen Medien festgenommen"},{"@type":"BreadcrumbList","@id":"https:\/\/now-news.de\/de\/deutschland\/bericht-12-000-briten-jaehrlich-wegen-posts-in-sozialen-medien-festgenommen\/#breadcrumb","itemListElement":[{"@type":"ListItem","position":1,"name":"Home","item":"https:\/\/now-news.de\/de\/"},{"@type":"ListItem","position":2,"name":"Bericht: 12.000 Briten j\u00e4hrlich wegen Posts in sozialen Medien festgenommen"}]},{"@type":"WebSite","@id":"https:\/\/now-news.de\/de\/#website","url":"https:\/\/now-news.de\/de\/","name":"just-now.NEWS Deutschland","description":"Das Portal f\u00fcr unzensierte Nachrichten aus der Welt","publisher":{"@id":"https:\/\/now-news.de\/de\/#organization"},"potentialAction":[{"@type":"SearchAction","target":{"@type":"EntryPoint","urlTemplate":"https:\/\/now-news.de\/de\/?s={search_term_string}"},"query-input":"required name=search_term_string"}],"inLanguage":"de"},{"@type":"Organization","@id":"https:\/\/now-news.de\/de\/#organization","name":"Just Now News","url":"https:\/\/now-news.de\/de\/","logo":{"@type":"ImageObject","inLanguage":"de","@id":"https:\/\/now-news.de\/de\/#\/schema\/logo\/image\/","url":"http:\/\/just-now.news\/de\/wp-content\/uploads\/sites\/3\/2022\/04\/logo500x500.jpg","contentUrl":"http:\/\/just-now.news\/de\/wp-content\/uploads\/sites\/3\/2022\/04\/logo500x500.jpg","width":500,"height":500,"caption":"Just Now News"},"image":{"@id":"https:\/\/now-news.de\/de\/#\/schema\/logo\/image\/"},"sameAs":["https:\/\/www.facebook.com\/wirmachenauf","https:\/\/x.com\/WirMachenAuf_de"]},{"@type":"Person","@id":"https:\/\/now-news.de\/de\/#\/schema\/person\/fb534a4e865501d8b3285208df34a9b5","name":"rtnews","image":{"@type":"ImageObject","inLanguage":"de","@id":"https:\/\/now-news.de\/de\/#\/schema\/person\/image\/","url":"https:\/\/secure.gravatar.com\/avatar\/82aafea7d8127119dd649515f56e2117?s=96&d=mm&r=g","contentUrl":"https:\/\/secure.gravatar.com\/avatar\/82aafea7d8127119dd649515f56e2117?s=96&d=mm&r=g","caption":"rtnews"},"url":"https:\/\/now-news.de\/de\/author\/rnews\/"}]}},"_links":{"self":[{"href":"https:\/\/now-news.de\/de\/wp-json\/wp\/v2\/posts\/81724"}],"collection":[{"href":"https:\/\/now-news.de\/de\/wp-json\/wp\/v2\/posts"}],"about":[{"href":"https:\/\/now-news.de\/de\/wp-json\/wp\/v2\/types\/post"}],"author":[{"embeddable":true,"href":"https:\/\/now-news.de\/de\/wp-json\/wp\/v2\/users\/3"}],"replies":[{"embeddable":true,"href":"https:\/\/now-news.de\/de\/wp-json\/wp\/v2\/comments?post=81724"}],"version-history":[{"count":0,"href":"https:\/\/now-news.de\/de\/wp-json\/wp\/v2\/posts\/81724\/revisions"}],"wp:featuredmedia":[{"embeddable":true,"href":"https:\/\/now-news.de\/de\/wp-json\/wp\/v2\/media\/81725"}],"wp:attachment":[{"href":"https:\/\/now-news.de\/de\/wp-json\/wp\/v2\/media?parent=81724"}],"wp:term":[{"taxonomy":"category","embeddable":true,"href":"https:\/\/now-news.de\/de\/wp-json\/wp\/v2\/categories?post=81724"},{"taxonomy":"post_tag","embeddable":true,"href":"https:\/\/now-news.de\/de\/wp-json\/wp\/v2\/tags?post=81724"}],"curies":[{"name":"wp","href":"https:\/\/api.w.org\/{rel}","templated":true}]}}