{"id":81700,"date":"2025-04-06T20:49:04","date_gmt":"2025-04-06T18:49:04","guid":{"rendered":"https:\/\/now-news.de\/de\/deutschland\/trump-in-der-falle-kiews-und-europas\/"},"modified":"2025-04-06T20:49:04","modified_gmt":"2025-04-06T18:49:04","slug":"trump-in-der-falle-kiews-und-europas","status":"publish","type":"post","link":"https:\/\/now-news.de\/de\/deutschland\/trump-in-der-falle-kiews-und-europas\/","title":{"rendered":"Trump in der Falle Kiews und Europas"},"content":{"rendered":"<p><img decoding=\"async\" src=\"https:\/\/now-news.de\/de\/wp-content\/uploads\/sites\/3\/2025\/04\/67ed5a64b480cc4f9a234f0e.jpg\" \/><\/p>\n<div class=\"Text-root Text-type_1 \">\n                Europa und die Ukraine versuchen, die USA mit Donald Trump an der Spitze in eine Konfrontation mit Russland hineinzuziehen. In dieser Situation sind Bem\u00fchungen um eine diplomatische L\u00f6sung des Ukraine-Konflikts in Trumps eigenem Interesse.\n            <\/div>\n<p><\/p>\n<div class=\"Text-root Text-type_5 ArticleView-text ViewText-root \">\n<p><em>Von Alexandr Jakowenko<\/em><\/p>\n<p>In den vergangenen drei\u00a0Jahren wurde es zu einer banalen Wahrheit, dass weder Russland noch China isoliert werden k\u00f6nnen: Eine derartige\u00a0Rolle haben diese globalen M\u00e4chte, die durch die F\u00e4den gegenseitiger Abh\u00e4ngigkeit nicht nur miteinander, sondern auch mit einer ganzen Reihe anderer Staaten verkn\u00fcpft sind. Im Hinblick auf Russland ist es offensichtlich wegen der grundlegenden Eigenst\u00e4ndigkeit des Landes der Fall. Prinzipiell stimmt dies auch in Bezug auf die USA, die durch Trumps Politik w\u00e4hrend seiner ersten Amtszeit zu einer f\u00fchrenden Energiemacht wurden. Wieso begannen also im Westen Gespr\u00e4che \u00fcber eine gewisse\u00a0Isolation Trumps?<\/p>\n<p>Klar ist, dass die zunehmenden revolution\u00e4ren Ver\u00e4nderungen unter Trump auf immer st\u00e4rkeren Widerstand der liberalen Eliten mit der Demokratischen Partei an der Spitze sto\u00dfen, die die Wahlen verlor und immer noch keine charismatische und hinreichend junge F\u00fchrungsfigur finden kann. Es reicht, festzustellen, dass sowohl Elon Musk als auch Robert Kennedy den liberalen &#8220;Sumpf&#8221; sowohl aus pers\u00f6nlichen Gr\u00fcnden als auch wegen Ablehnung der ultraliberalen Utopie, die die USA zerst\u00f6rte, verlassen haben. Es stellte sich die Frage nach der Rettung des Landes vor diesem Wahnsinn, der von Verletzung der Elternrechte und Redefreiheit begleitet wurde. Letztere wurde gemeinsam mit dem gesunden Menschenverstand mit dem Etikett der &#8220;rechten Agenda&#8221;, wenn nicht gar des Faschismus, versehen.<\/p>\n<p>Deswegen stellt sich die gro\u00dfe Frage: wenn nicht Trump und seine Ideen, wer dann? Das Land wurde f\u00f6rmlich, wie einst die Sowjetunion, zum Opfer einer radikalen und lebensfremden Ideologie. F\u00fcr viele, vor allem f\u00fcr die wei\u00dfe einheimische Bev\u00f6lkerung, war klar, dass nicht das Land f\u00fcr die Ideologie, sondern die Ideologie f\u00fcr das Land existieren sollte. So war es mit dem Globalismus, wodurch sich die USA vom Besitzer in einen Besitz irgendwelcher anonymer Eliten verwandelte. Gerade das stellt die Alternative f\u00fcr Trump und verhilft ihm zu seiner Popularit\u00e4t, egal wie steinig sein Weg zur Normalisierung des Landes nach konservativen Mustern ist. Am anderen Pol stehen jene, die zu Opfern der Gehirnw\u00e4sche durch Demokraten wurden und entweder kein anderes Leben kennen oder nicht die Kosten des liberal-globalistischen &#8220;Fortschritts&#8221; sehen wollen.<\/p>\n<p>Bisher ist es \u00e4u\u00dferst fraglich, ob Demokraten und die von ihnen regierten Bundesstaaten, einschlie\u00dflich der Gerichte, Trump widerstehen k\u00f6nnen. Er hat gerade erst angefangen, und man kann nur mutma\u00dfen, was ihm noch bevorsteht. So k\u00f6nnte er unerw\u00fcnschte Migranten in demokratische Bundesstaaten abschieben und sie damit schlicht in den Bankrott treiben. Die Macht der Pr\u00e4sidialregierung, die in vielerlei Hinsicht nach der britischen konstitutionellen Monarchie des 18. Jahrhunderts modelliert wurde, ist nicht zu untersch\u00e4tzen.<\/p>\n<p>In der Au\u00dfenpolitik ist die Spaltung unter den westlichen Verb\u00fcndeten der USA und deren Eliten offensichtlich. Ein Teil von ihnen strebt nach einer Anpassung an die im Wandel begriffene Welt und die sich transformierenden Vereinigten Staaten, zumal die Rede vom R\u00fcckgang zu einem gesunden Konservatismus ist, der den Interessen des Establishments so lange dienlich war. Und dann schien es, als h\u00e4tte der Teufel seine Hand im Spiel \u2013 und am meisten traf es die Demokraten in Amerika. Somit w\u00e4re es logisch, der &#8220;Parteilinie&#8221; der USA zu folgen, deren Vormacht in Worten, aber keinesfalls durch Taten infrage gestellt werden kann. Davon zeugen auch die Meinungsverschiedenheiten zum Ukraine-Konflikt: Europa setzt auf Krieg, was aber ohne Unterst\u00fctzung durch die USA kein Vertrauen erweckt.<\/p>\n<p>Die einen in Europa verstehen, dass die Herausforderungen f\u00fcr die eigene Entwicklung, die gel\u00f6st werden m\u00fcssen, offensichtlich sind. Die anderen setzen auf einen Erhalt der dominierenden Positionen des Westens in der Welt als eine notwendige Bedingung f\u00fcr die Entwicklung des eigenen Landes. In jedem Fall ist die Spaltung innerhalb der westlichen Gesellschaft offensichtlich. Sie kann einen aggressiveren Kurs gegen\u00fcber Russland, China und sonstigen ideellen Gegnern verursachen. Die Frage ist, ob eine Konfrontation mit dem Rest der Welt m\u00f6glich ist, wenn diese Welt, darunter Indien, gleich seit dem Beginn der russischen Spezialoperation eine Position der &#8220;Multiaffiliation&#8221; einnimmt, also mit allen Seiten Kontakte pflegt und sich an eigenen nationalen Interessen orientiert.<\/p>\n<p>Unter Trump traten an die Stelle der liberalen &#8220;regelbasierten Ordnung&#8221; wieder die nationalen Interessen, die von den Liberalen lange zugunsten der Ideologie vernachl\u00e4ssigt wurden und die sich situativ \u2013 abh\u00e4ngig von den Gegebenheiten und nicht\u00a0ihnen zum Trotz \u2013 herausbilden. Bei Trumps MAGA und &#8220;Frieden durch St\u00e4rke&#8221; geht es gerade darum, und nicht um die Aufrechterhaltung der liberalen Weltordnung der letzten 30 Jahre. Diese ist selbst nach Meinung der j\u00fcngsten Studie des britischen Chatham House mit dem Titel &#8220;Konkurrierende Visionen der internationalen Ordnung&#8221; zusammengebrochen. Demnach werde die Welt &#8220;fragmentiert&#8221;, egal, ob man dies als Regionalisierung oder Ausbildung von Einflusssph\u00e4ren bezeichnet.<\/p>\n<p>In diesem Kontext ist es kaum zu leugnen, dass der von Trump geerbte Ukraine-Konflikt zu weit gegangen ist und dass Bidens Administration die Eins\u00e4tze so hochgetrieben hat, dass der Konflikt nicht mehr auf eine f\u00fcr Trump gewohnte Ebene des Gleichgewichts zwischen Profiten und praktischen Interessen einerseits und Ausgaben andererseits \u00fcberf\u00fchrt werden kann. Dieser Konflikt steht Trump lediglich im Weg. Und gerade darin besteht Trumps Problem. Der US-Pr\u00e4sident beginnt erst, in die f\u00fcr ihn ungewohnte Materie des Existenziellen bei anderen Zivilisationen \u2013 der Identit\u00e4t, der Geschichte und des Schicksals \u2013 einzutauchen. Davon zeugen Meldungen \u00fcber neue Sanktionen gegen Russland, was diesen Konflikt zu einem Krieg werden l\u00e4sst und die Perspektive einer russisch-amerikanischen Normalisierung f\u00fcr lange Zeit verschlie\u00dfen wird. Dann w\u00e4ren die USA nicht f\u00fcr sich selbst, sondern f\u00fcr ihre Verb\u00fcndeten \u2013 Macron, Merz, das verhasste transnationale Br\u00fcssel \u2013 da.<\/p>\n<p>Deswegen k\u00f6nnte man wohl von einer Falle sprechen, in die Trump\u00a0aufgrund von Kiews Verhalten auf Betreiben der europ\u00e4ischen Hauptst\u00e4dte geraten ist, die die Transaktionsorientierung seiner Politik nicht akzeptieren. Russland hat seinerseits nicht vor, eigene Interessen aufzugeben, was aus den Erkl\u00e4rungen des Pr\u00e4sidenten Wladimir Putin in Murmansk deutlich wird.<\/p>\n<p>Unter diesen Bedingungen sieht die Welt gespannt zu, ob es Washington gelingt, den Verb\u00fcndeten und Kiew den eigenen Willen bei der L\u00f6sung des Ukraine-Konflikts aufzuzwingen, oder ob Trump\u00a0im\u00a0&#8220;K\u00e4fig&#8221; der alten au\u00dfenpolitischen Philosophie gefangen bleibt, die seiner Vision der amerikanischen Interessen grundlegend widerspricht. Kiews Sabotage von Trumps s\u00e4mtlichen Initiativen ist ein gef\u00e4hrliches Spiel vor allem der europ\u00e4ischen Hauptst\u00e4dte, denn das Wei\u00dfe Haus kann sich mit oder ohne Ultimatum von einer Konfliktbeilegung\u00a0zur\u00fcckziehen.<\/p>\n<p>Merkw\u00fcrdigerweise wurde der Tod von vier US-Milit\u00e4rangeh\u00f6rigen in einem litauischen Sumpf, der nicht auf Karten verzeichnet war, zu einem Element der f\u00fcr Trump entstandenen kritischen Lage. Der Zwischenfall illustriert deutlich die Position der f\u00fchrenden europ\u00e4ischen Hauptst\u00e4dte, die ihr Schicksal\u00a0an die Konfrontation mit Russland und die These der unvermeidlichen &#8220;russischen Aggression&#8221; in Europa gekn\u00fcpft haben. Wird Trump auf diese Weise nicht in den Stall der westlichen Solidarit\u00e4t zur\u00fcckgerufen?<\/p>\n<p>In jedem Fall steht die Zukunft von Trumps Revolution und der USA selbst auf dem Spiel \u2013 eine Frage, bei der innenpolitische und au\u00dfenpolitische Aufgaben eng verkn\u00fcpft sind. Der Pr\u00e4sident der USA kann das unm\u00f6glich nicht verstehen, was ihm einen starken Anreiz verleiht, mit dem Kreml\u00a0in Kontakt zu bleiben. Vergessen wir nicht, dass Moskau auch zu einem anderen Ausgang der US-amerikanischen Wahlen bereit war. Wie Trump zu Selenskij, k\u00f6nnen wir ihm sagen, dass die Probleme bei Amerika liegen, nicht bei uns.<\/p>\n<p><em>\u00dcbersetzt aus dem <a rel=\"nofollow noopener\" target=\"_blank\" href=\"https:\/\/ria.ru\/20250402\/tramp-2008633606.html\">Russischen<\/a>. Zuerst erschienen bei RIA Nowosti am 2. April 2025.<\/em><\/p>\n<p><strong>Mehr zum Thema <\/strong>\u2013 <a rel=\"nofollow noopener\" target=\"_blank\" href=\"https:\/\/freedert.online\/international\/240959-ideologie-gegen-pragmatismus-eu-verhindert\/\">Ideologie gegen Pragmatismus: EU verhindert Erneuerung der Schwarzmeer-Initiative<\/a><\/p>\n<div class=\"EmbedBlock-root EmbedBlock-externalVideo EmbedBlock-rumble\">\n<div class=\"VkEmbed\"><iframe class=\"lazyload\" data-src=\"https:\/\/rumble.com\/embed\/v6pb1mr\" frameborder=\"0\" width=\"853\" height=\"480\" allowfullscreen><\/iframe><\/div>\n<\/div>\n<\/div>\n<p><br \/>\n<br \/><a href=\"https:\/\/de.rt.com\/meinung\/241402-trump-geraet-in-falle-kiews\/\">Source link <\/a><\/p>\n","protected":false},"excerpt":{"rendered":"<p>Europa und die Ukraine versuchen, die USA mit Donald Trump an der Spitze in eine Konfrontation mit Russland hineinzuziehen. In dieser Situation sind Bem\u00fchungen um eine diplomatische L\u00f6sung des Ukraine-Konflikts in Trumps eigenem Interesse. Von Alexandr Jakowenko In den vergangenen drei\u00a0Jahren wurde es zu einer banalen Wahrheit, dass weder Russland noch China isoliert werden k\u00f6nnen: [&hellip;]<\/p>\n","protected":false},"author":3,"featured_media":81701,"comment_status":"open","ping_status":"open","sticky":false,"template":"","format":"standard","meta":{"_yoast_indexnow_last_ping":["1743967025"],"wp_automatic_camp":["217"],"f968a0f717a6447af51b61f7ce1c5bf7":["Trump in der Falle Kiews und Europas"],"original_link":["https:\/\/de.rt.com\/meinung\/241402-trump-geraet-in-falle-kiews\/"],"_thumbnail_id":["81701"],"jnews_social_counter_last_update":["1777160966"],"_wptgpro_p2tg_sent2tg":["a:1:{i:23737;s:19:\"2025-04-06 21:18:03\";}"]},"categories":[19,23],"tags":[82,1293,4478,6313,1639,140],"yoast_head":"<!-- This site is optimized with the Yoast SEO Premium plugin v22.7 (Yoast SEO v22.7) - https:\/\/yoast.com\/wordpress\/plugins\/seo\/ -->\n<title>Trump in der Falle Kiews und Europas - just-now.NEWS Deutschland<\/title>\n<meta name=\"robots\" content=\"index, follow, max-snippet:-1, max-image-preview:large, max-video-preview:-1\" \/>\n<link rel=\"canonical\" href=\"https:\/\/now-news.de\/de\/deutschland\/trump-in-der-falle-kiews-und-europas\/\" \/>\n<meta property=\"og:locale\" content=\"de_DE\" \/>\n<meta property=\"og:type\" content=\"article\" \/>\n<meta property=\"og:title\" content=\"Trump in der Falle Kiews und Europas\" \/>\n<meta property=\"og:description\" content=\"Europa und die Ukraine versuchen, die USA mit Donald Trump an der Spitze in eine Konfrontation mit Russland hineinzuziehen. In dieser Situation sind Bem\u00fchungen um eine diplomatische L\u00f6sung des Ukraine-Konflikts in Trumps eigenem Interesse. Von Alexandr Jakowenko In den vergangenen drei\u00a0Jahren wurde es zu einer banalen Wahrheit, dass weder Russland noch China isoliert werden k\u00f6nnen: [&hellip;]\" \/>\n<meta property=\"og:url\" content=\"https:\/\/now-news.de\/de\/deutschland\/trump-in-der-falle-kiews-und-europas\/\" \/>\n<meta property=\"og:site_name\" content=\"just-now.NEWS Deutschland\" \/>\n<meta property=\"article:publisher\" content=\"https:\/\/www.facebook.com\/wirmachenauf\" \/>\n<meta property=\"article:published_time\" content=\"2025-04-06T18:49:04+00:00\" \/>\n<meta property=\"og:image\" content=\"https:\/\/now-news.de\/de\/wp-content\/uploads\/sites\/3\/2025\/04\/67ed5a64b480cc4f9a234f0e.jpg\" \/>\n<meta name=\"author\" content=\"rtnews\" \/>\n<meta name=\"twitter:card\" content=\"summary_large_image\" \/>\n<meta name=\"twitter:creator\" content=\"@WirMachenAuf_de\" \/>\n<meta name=\"twitter:site\" content=\"@WirMachenAuf_de\" \/>\n<meta name=\"twitter:label1\" content=\"Verfasst von\" \/>\n\t<meta name=\"twitter:data1\" content=\"rtnews\" \/>\n\t<meta name=\"twitter:label2\" content=\"Gesch\u00e4tzte Lesezeit\" \/>\n\t<meta name=\"twitter:data2\" content=\"6\u00a0Minuten\" \/>\n<script type=\"application\/ld+json\" class=\"yoast-schema-graph\">{\"@context\":\"https:\/\/schema.org\",\"@graph\":[{\"@type\":\"Article\",\"@id\":\"https:\/\/now-news.de\/de\/deutschland\/trump-in-der-falle-kiews-und-europas\/#article\",\"isPartOf\":{\"@id\":\"https:\/\/now-news.de\/de\/deutschland\/trump-in-der-falle-kiews-und-europas\/\"},\"author\":{\"name\":\"rtnews\",\"@id\":\"https:\/\/now-news.de\/de\/#\/schema\/person\/fb534a4e865501d8b3285208df34a9b5\"},\"headline\":\"Trump in der Falle Kiews und Europas\",\"datePublished\":\"2025-04-06T18:49:04+00:00\",\"dateModified\":\"2025-04-06T18:49:04+00:00\",\"mainEntityOfPage\":{\"@id\":\"https:\/\/now-news.de\/de\/deutschland\/trump-in-der-falle-kiews-und-europas\/\"},\"wordCount\":1301,\"commentCount\":0,\"publisher\":{\"@id\":\"https:\/\/now-news.de\/de\/#organization\"},\"image\":{\"@id\":\"https:\/\/now-news.de\/de\/deutschland\/trump-in-der-falle-kiews-und-europas\/#primaryimage\"},\"thumbnailUrl\":\"https:\/\/now-news.de\/de\/wp-content\/uploads\/sites\/3\/2025\/04\/Trump-in-der-Falle-Kiews-und-Europas.jpg\",\"keywords\":[\"der\",\"Europas\",\"Falle\",\"Kiews\",\"trump\",\"und\"],\"articleSection\":[\"Deutschland\",\"Russland\"],\"inLanguage\":\"de\",\"potentialAction\":[{\"@type\":\"CommentAction\",\"name\":\"Comment\",\"target\":[\"https:\/\/now-news.de\/de\/deutschland\/trump-in-der-falle-kiews-und-europas\/#respond\"]}]},{\"@type\":\"WebPage\",\"@id\":\"https:\/\/now-news.de\/de\/deutschland\/trump-in-der-falle-kiews-und-europas\/\",\"url\":\"https:\/\/now-news.de\/de\/deutschland\/trump-in-der-falle-kiews-und-europas\/\",\"name\":\"Trump in der Falle Kiews und Europas - just-now.NEWS Deutschland\",\"isPartOf\":{\"@id\":\"https:\/\/now-news.de\/de\/#website\"},\"primaryImageOfPage\":{\"@id\":\"https:\/\/now-news.de\/de\/deutschland\/trump-in-der-falle-kiews-und-europas\/#primaryimage\"},\"image\":{\"@id\":\"https:\/\/now-news.de\/de\/deutschland\/trump-in-der-falle-kiews-und-europas\/#primaryimage\"},\"thumbnailUrl\":\"https:\/\/now-news.de\/de\/wp-content\/uploads\/sites\/3\/2025\/04\/Trump-in-der-Falle-Kiews-und-Europas.jpg\",\"datePublished\":\"2025-04-06T18:49:04+00:00\",\"dateModified\":\"2025-04-06T18:49:04+00:00\",\"breadcrumb\":{\"@id\":\"https:\/\/now-news.de\/de\/deutschland\/trump-in-der-falle-kiews-und-europas\/#breadcrumb\"},\"inLanguage\":\"de\",\"potentialAction\":[{\"@type\":\"ReadAction\",\"target\":[\"https:\/\/now-news.de\/de\/deutschland\/trump-in-der-falle-kiews-und-europas\/\"]}]},{\"@type\":\"ImageObject\",\"inLanguage\":\"de\",\"@id\":\"https:\/\/now-news.de\/de\/deutschland\/trump-in-der-falle-kiews-und-europas\/#primaryimage\",\"url\":\"https:\/\/now-news.de\/de\/wp-content\/uploads\/sites\/3\/2025\/04\/Trump-in-der-Falle-Kiews-und-Europas.jpg\",\"contentUrl\":\"https:\/\/now-news.de\/de\/wp-content\/uploads\/sites\/3\/2025\/04\/Trump-in-der-Falle-Kiews-und-Europas.jpg\",\"width\":460,\"height\":259,\"caption\":\"Trump in der Falle Kiews und Europas\"},{\"@type\":\"BreadcrumbList\",\"@id\":\"https:\/\/now-news.de\/de\/deutschland\/trump-in-der-falle-kiews-und-europas\/#breadcrumb\",\"itemListElement\":[{\"@type\":\"ListItem\",\"position\":1,\"name\":\"Home\",\"item\":\"https:\/\/now-news.de\/de\/\"},{\"@type\":\"ListItem\",\"position\":2,\"name\":\"Trump in der Falle Kiews und Europas\"}]},{\"@type\":\"WebSite\",\"@id\":\"https:\/\/now-news.de\/de\/#website\",\"url\":\"https:\/\/now-news.de\/de\/\",\"name\":\"just-now.NEWS Deutschland\",\"description\":\"Das Portal f\u00fcr unzensierte Nachrichten aus der Welt\",\"publisher\":{\"@id\":\"https:\/\/now-news.de\/de\/#organization\"},\"potentialAction\":[{\"@type\":\"SearchAction\",\"target\":{\"@type\":\"EntryPoint\",\"urlTemplate\":\"https:\/\/now-news.de\/de\/?s={search_term_string}\"},\"query-input\":\"required name=search_term_string\"}],\"inLanguage\":\"de\"},{\"@type\":\"Organization\",\"@id\":\"https:\/\/now-news.de\/de\/#organization\",\"name\":\"Just Now News\",\"url\":\"https:\/\/now-news.de\/de\/\",\"logo\":{\"@type\":\"ImageObject\",\"inLanguage\":\"de\",\"@id\":\"https:\/\/now-news.de\/de\/#\/schema\/logo\/image\/\",\"url\":\"http:\/\/just-now.news\/de\/wp-content\/uploads\/sites\/3\/2022\/04\/logo500x500.jpg\",\"contentUrl\":\"http:\/\/just-now.news\/de\/wp-content\/uploads\/sites\/3\/2022\/04\/logo500x500.jpg\",\"width\":500,\"height\":500,\"caption\":\"Just Now News\"},\"image\":{\"@id\":\"https:\/\/now-news.de\/de\/#\/schema\/logo\/image\/\"},\"sameAs\":[\"https:\/\/www.facebook.com\/wirmachenauf\",\"https:\/\/x.com\/WirMachenAuf_de\"]},{\"@type\":\"Person\",\"@id\":\"https:\/\/now-news.de\/de\/#\/schema\/person\/fb534a4e865501d8b3285208df34a9b5\",\"name\":\"rtnews\",\"image\":{\"@type\":\"ImageObject\",\"inLanguage\":\"de\",\"@id\":\"https:\/\/now-news.de\/de\/#\/schema\/person\/image\/\",\"url\":\"https:\/\/secure.gravatar.com\/avatar\/82aafea7d8127119dd649515f56e2117?s=96&d=mm&r=g\",\"contentUrl\":\"https:\/\/secure.gravatar.com\/avatar\/82aafea7d8127119dd649515f56e2117?s=96&d=mm&r=g\",\"caption\":\"rtnews\"},\"url\":\"https:\/\/now-news.de\/de\/author\/rnews\/\"}]}<\/script>\n<!-- \/ Yoast SEO Premium plugin. -->","yoast_head_json":{"title":"Trump in der Falle Kiews und Europas - just-now.NEWS Deutschland","robots":{"index":"index","follow":"follow","max-snippet":"max-snippet:-1","max-image-preview":"max-image-preview:large","max-video-preview":"max-video-preview:-1"},"canonical":"https:\/\/now-news.de\/de\/deutschland\/trump-in-der-falle-kiews-und-europas\/","og_locale":"de_DE","og_type":"article","og_title":"Trump in der Falle Kiews und Europas","og_description":"Europa und die Ukraine versuchen, die USA mit Donald Trump an der Spitze in eine Konfrontation mit Russland hineinzuziehen. In dieser Situation sind Bem\u00fchungen um eine diplomatische L\u00f6sung des Ukraine-Konflikts in Trumps eigenem Interesse. Von Alexandr Jakowenko In den vergangenen drei\u00a0Jahren wurde es zu einer banalen Wahrheit, dass weder Russland noch China isoliert werden k\u00f6nnen: [&hellip;]","og_url":"https:\/\/now-news.de\/de\/deutschland\/trump-in-der-falle-kiews-und-europas\/","og_site_name":"just-now.NEWS Deutschland","article_publisher":"https:\/\/www.facebook.com\/wirmachenauf","article_published_time":"2025-04-06T18:49:04+00:00","og_image":[{"url":"https:\/\/now-news.de\/de\/wp-content\/uploads\/sites\/3\/2025\/04\/67ed5a64b480cc4f9a234f0e.jpg"}],"author":"rtnews","twitter_card":"summary_large_image","twitter_creator":"@WirMachenAuf_de","twitter_site":"@WirMachenAuf_de","twitter_misc":{"Verfasst von":"rtnews","Gesch\u00e4tzte Lesezeit":"6\u00a0Minuten"},"schema":{"@context":"https:\/\/schema.org","@graph":[{"@type":"Article","@id":"https:\/\/now-news.de\/de\/deutschland\/trump-in-der-falle-kiews-und-europas\/#article","isPartOf":{"@id":"https:\/\/now-news.de\/de\/deutschland\/trump-in-der-falle-kiews-und-europas\/"},"author":{"name":"rtnews","@id":"https:\/\/now-news.de\/de\/#\/schema\/person\/fb534a4e865501d8b3285208df34a9b5"},"headline":"Trump in der Falle Kiews und Europas","datePublished":"2025-04-06T18:49:04+00:00","dateModified":"2025-04-06T18:49:04+00:00","mainEntityOfPage":{"@id":"https:\/\/now-news.de\/de\/deutschland\/trump-in-der-falle-kiews-und-europas\/"},"wordCount":1301,"commentCount":0,"publisher":{"@id":"https:\/\/now-news.de\/de\/#organization"},"image":{"@id":"https:\/\/now-news.de\/de\/deutschland\/trump-in-der-falle-kiews-und-europas\/#primaryimage"},"thumbnailUrl":"https:\/\/now-news.de\/de\/wp-content\/uploads\/sites\/3\/2025\/04\/Trump-in-der-Falle-Kiews-und-Europas.jpg","keywords":["der","Europas","Falle","Kiews","trump","und"],"articleSection":["Deutschland","Russland"],"inLanguage":"de","potentialAction":[{"@type":"CommentAction","name":"Comment","target":["https:\/\/now-news.de\/de\/deutschland\/trump-in-der-falle-kiews-und-europas\/#respond"]}]},{"@type":"WebPage","@id":"https:\/\/now-news.de\/de\/deutschland\/trump-in-der-falle-kiews-und-europas\/","url":"https:\/\/now-news.de\/de\/deutschland\/trump-in-der-falle-kiews-und-europas\/","name":"Trump in der Falle Kiews und Europas - just-now.NEWS Deutschland","isPartOf":{"@id":"https:\/\/now-news.de\/de\/#website"},"primaryImageOfPage":{"@id":"https:\/\/now-news.de\/de\/deutschland\/trump-in-der-falle-kiews-und-europas\/#primaryimage"},"image":{"@id":"https:\/\/now-news.de\/de\/deutschland\/trump-in-der-falle-kiews-und-europas\/#primaryimage"},"thumbnailUrl":"https:\/\/now-news.de\/de\/wp-content\/uploads\/sites\/3\/2025\/04\/Trump-in-der-Falle-Kiews-und-Europas.jpg","datePublished":"2025-04-06T18:49:04+00:00","dateModified":"2025-04-06T18:49:04+00:00","breadcrumb":{"@id":"https:\/\/now-news.de\/de\/deutschland\/trump-in-der-falle-kiews-und-europas\/#breadcrumb"},"inLanguage":"de","potentialAction":[{"@type":"ReadAction","target":["https:\/\/now-news.de\/de\/deutschland\/trump-in-der-falle-kiews-und-europas\/"]}]},{"@type":"ImageObject","inLanguage":"de","@id":"https:\/\/now-news.de\/de\/deutschland\/trump-in-der-falle-kiews-und-europas\/#primaryimage","url":"https:\/\/now-news.de\/de\/wp-content\/uploads\/sites\/3\/2025\/04\/Trump-in-der-Falle-Kiews-und-Europas.jpg","contentUrl":"https:\/\/now-news.de\/de\/wp-content\/uploads\/sites\/3\/2025\/04\/Trump-in-der-Falle-Kiews-und-Europas.jpg","width":460,"height":259,"caption":"Trump in der Falle Kiews und Europas"},{"@type":"BreadcrumbList","@id":"https:\/\/now-news.de\/de\/deutschland\/trump-in-der-falle-kiews-und-europas\/#breadcrumb","itemListElement":[{"@type":"ListItem","position":1,"name":"Home","item":"https:\/\/now-news.de\/de\/"},{"@type":"ListItem","position":2,"name":"Trump in der Falle Kiews und Europas"}]},{"@type":"WebSite","@id":"https:\/\/now-news.de\/de\/#website","url":"https:\/\/now-news.de\/de\/","name":"just-now.NEWS Deutschland","description":"Das Portal f\u00fcr unzensierte Nachrichten aus der Welt","publisher":{"@id":"https:\/\/now-news.de\/de\/#organization"},"potentialAction":[{"@type":"SearchAction","target":{"@type":"EntryPoint","urlTemplate":"https:\/\/now-news.de\/de\/?s={search_term_string}"},"query-input":"required name=search_term_string"}],"inLanguage":"de"},{"@type":"Organization","@id":"https:\/\/now-news.de\/de\/#organization","name":"Just Now News","url":"https:\/\/now-news.de\/de\/","logo":{"@type":"ImageObject","inLanguage":"de","@id":"https:\/\/now-news.de\/de\/#\/schema\/logo\/image\/","url":"http:\/\/just-now.news\/de\/wp-content\/uploads\/sites\/3\/2022\/04\/logo500x500.jpg","contentUrl":"http:\/\/just-now.news\/de\/wp-content\/uploads\/sites\/3\/2022\/04\/logo500x500.jpg","width":500,"height":500,"caption":"Just Now News"},"image":{"@id":"https:\/\/now-news.de\/de\/#\/schema\/logo\/image\/"},"sameAs":["https:\/\/www.facebook.com\/wirmachenauf","https:\/\/x.com\/WirMachenAuf_de"]},{"@type":"Person","@id":"https:\/\/now-news.de\/de\/#\/schema\/person\/fb534a4e865501d8b3285208df34a9b5","name":"rtnews","image":{"@type":"ImageObject","inLanguage":"de","@id":"https:\/\/now-news.de\/de\/#\/schema\/person\/image\/","url":"https:\/\/secure.gravatar.com\/avatar\/82aafea7d8127119dd649515f56e2117?s=96&d=mm&r=g","contentUrl":"https:\/\/secure.gravatar.com\/avatar\/82aafea7d8127119dd649515f56e2117?s=96&d=mm&r=g","caption":"rtnews"},"url":"https:\/\/now-news.de\/de\/author\/rnews\/"}]}},"_links":{"self":[{"href":"https:\/\/now-news.de\/de\/wp-json\/wp\/v2\/posts\/81700"}],"collection":[{"href":"https:\/\/now-news.de\/de\/wp-json\/wp\/v2\/posts"}],"about":[{"href":"https:\/\/now-news.de\/de\/wp-json\/wp\/v2\/types\/post"}],"author":[{"embeddable":true,"href":"https:\/\/now-news.de\/de\/wp-json\/wp\/v2\/users\/3"}],"replies":[{"embeddable":true,"href":"https:\/\/now-news.de\/de\/wp-json\/wp\/v2\/comments?post=81700"}],"version-history":[{"count":0,"href":"https:\/\/now-news.de\/de\/wp-json\/wp\/v2\/posts\/81700\/revisions"}],"wp:featuredmedia":[{"embeddable":true,"href":"https:\/\/now-news.de\/de\/wp-json\/wp\/v2\/media\/81701"}],"wp:attachment":[{"href":"https:\/\/now-news.de\/de\/wp-json\/wp\/v2\/media?parent=81700"}],"wp:term":[{"taxonomy":"category","embeddable":true,"href":"https:\/\/now-news.de\/de\/wp-json\/wp\/v2\/categories?post=81700"},{"taxonomy":"post_tag","embeddable":true,"href":"https:\/\/now-news.de\/de\/wp-json\/wp\/v2\/tags?post=81700"}],"curies":[{"name":"wp","href":"https:\/\/api.w.org\/{rel}","templated":true}]}}