{"id":81607,"date":"2025-04-04T21:01:05","date_gmt":"2025-04-04T19:01:05","guid":{"rendered":"https:\/\/now-news.de\/de\/deutschland\/deutsches-aussenministerium-will-gedenkfeiern-ohne-russen\/"},"modified":"2025-04-04T21:01:05","modified_gmt":"2025-04-04T19:01:05","slug":"deutsches-aussenministerium-will-gedenkfeiern-ohne-russen","status":"publish","type":"post","link":"https:\/\/now-news.de\/de\/deutschland\/deutsches-aussenministerium-will-gedenkfeiern-ohne-russen\/","title":{"rendered":"Deutsches Au\u00dfenministerium will Gedenkfeiern ohne Russen"},"content":{"rendered":"<p><img decoding=\"async\" src=\"https:\/\/now-news.de\/de\/wp-content\/uploads\/sites\/3\/2025\/04\/67f0257eb480cc2700664ff0.jpg\" \/><\/p>\n<div class=\"Text-root Text-type_1 \">\n                Wenn es nach dem Willen des deutschen Au\u00dfenministeriums geht, werden die diesj\u00e4hrigen Gedenkfeiern zum 80. Jahrestag der Niederlage Nazideutschlands einen v\u00f6llig falschen Eindruck der Geschichte wecken. Russen und Wei\u00dfrussen sind n\u00e4mlich nicht erw\u00fcnscht.\n            <\/div>\n<p><\/p>\n<div class=\"Text-root Text-type_5 ArticleView-text ViewText-root \">\n<p>Die scheidende Au\u00dfenministerin Annalena Baerbock und ihre Mannschaft haben einem <a rel=\"nofollow noopener\" target=\"_blank\" href=\"https:\/\/www.berliner-zeitung.de\/politik-gesellschaft\/geopolitik\/80-jahre-kriegsende-auswaertiges-amt-will-keine-vertreter-aus-russland-bei-gedenkfeier-li.2313544\">Bericht<\/a> der <em>Berliner Zeitung<\/em> zufolge noch rechtzeitig daf\u00fcr gesorgt, die Gedenkfeiern zum 80. Jahrestag des Kriegsendes 1945 in Deutschland in eine geschichtswidrige Peinlichkeit zu verwandeln. Das Ausw\u00e4rtige Amt soll eine Handreichung verschickt haben, wie mit russischen sowie wei\u00dfrussischen m\u00f6glichen G\u00e4sten umzugehen sei. Das Papier, so die <em>Berliner Zeitung<\/em>, sei streng vertraulich und mit der Ermahnung versehen, darauf zu achten, dass der Inhalt nicht an die \u00d6ffentlichkeit gelangt. In Brandenburg sei es vom Innenministerium an alle Kreise und Gemeinden verschickt worden.<\/p>\n<p><em>&#8220;Im Inland grunds\u00e4tzlich keine Teilnahme offizieller Stellen an Veranstaltungen auf Einladung von Russland\/Belarus und keine Einladung an russische und belarussische Vertreter zu Gedenken von Bund, L\u00e4ndern und Kommunen.&#8221;<\/em><\/p>\n<p>Im Ausland sei es jedoch &#8220;grunds\u00e4tzlich m\u00f6glich bzw. erw\u00fcnscht&#8221;, an Veranstaltungen teilzunehmen, &#8220;auch wenn ein Erscheinen von russischen und belarussischen Vertretern nicht auszuschlie\u00dfen ist&#8221;.<\/p>\n<p>Selbst f\u00fcr \u00f6rtliche Feiern wie den Elbe-Tag in Torgau seien offizielle Einladungen an russische oder wei\u00dfrussische Diplomaten tabu. Begr\u00fcndet wird das mit einer angeblichen &#8220;Instrumentalisierung des Gedenkens&#8221; und &#8220;Propaganda, Desinformation und geschichtsrevisionistischer Verf\u00e4lschung&#8221;.<\/p>\n<p><em>&#8220;Gleichzeitig ist zu erwarten, dass Russland (gemeinsam mit Belarus) das Weltkriegsgedenken instrumentalisieren und mit seinem Angriffskrieg gegen die Ukraine missbr\u00e4uchlich in Verbindung bringen wird.&#8221;<\/em><\/p>\n<p>Das Baerbock-Ministerium machte zudem einen Vorschlag, wie mit den unerw\u00fcnschten Befreiern umzugehen sei:<\/p>\n<p><em>&#8220;<\/em><em>Sollten Vertreter von Russland oder Belarus bei Veranstaltungen im Inland unangek\u00fcndigt erscheinen, k\u00f6nnen Einrichtungen in eigenem Ermessen und mit Augenma\u00df von ihrem Hausrecht Gebrauch machen.<\/em><em>&#8220;<\/em><\/p>\n<p>Das hei\u00dft, das Ausw\u00e4rtige Amt erwartet von allen deutschen Gedenkorten und Gemeindevertretern nicht nur, keine Einladungen an Russen oder Wei\u00dfrussen zu versenden, sondern sie, sollten sie dennoch auftauchen, um beispielsweise Kr\u00e4nze niederzulegen, hinauszuwerfen. Womit Baerbock zum Abschied noch schnell einen diplomatischen Skandal produziert hat, um in m\u00f6glichst schlechter Erinnerung zu bleiben.<\/p>\n<p>Eine Antwort russischer Stellen steht bisher aus; sie wird aber nicht lange auf sich warten lassen.<\/p>\n<p><strong>Mehr zum Thema<\/strong> &#8211;\u00a0<a rel=\"nofollow noopener\" target=\"_blank\" href=\"https:\/\/freedert.online\/meinung\/241582-deutsche-machtpolitik-kontinuitaet-herrschaftsanspruchs-ueber\/\">Deutsche Machtpolitik: Die Herrschaft \u00fcber Europa steht wieder auf der Agenda<\/a><\/p>\n<div class=\"EmbedBlock-root EmbedBlock-externalVideo EmbedBlock-rumble\">\n<div class=\"VkEmbed\"><iframe class=\"lazyload\" data-src=\"https:\/\/rumble.com\/embed\/v6pcufv\" frameborder=\"0\" width=\"853\" height=\"480\" allowfullscreen><\/iframe><\/div>\n<\/div>\n<\/div>\n<p><br \/>\n<br \/><a href=\"https:\/\/de.rt.com\/inland\/241609-deutsches-aussenministerium-will-gedenkfeiern-ohne\/\">Source link <\/a><\/p>\n","protected":false},"excerpt":{"rendered":"<p>Wenn es nach dem Willen des deutschen Au\u00dfenministeriums geht, werden die diesj\u00e4hrigen Gedenkfeiern zum 80. Jahrestag der Niederlage Nazideutschlands einen v\u00f6llig falschen Eindruck der Geschichte wecken. Russen und Wei\u00dfrussen sind n\u00e4mlich nicht erw\u00fcnscht. Die scheidende Au\u00dfenministerin Annalena Baerbock und ihre Mannschaft haben einem Bericht der Berliner Zeitung zufolge noch rechtzeitig daf\u00fcr gesorgt, die Gedenkfeiern zum [&hellip;]<\/p>\n","protected":false},"author":3,"featured_media":81608,"comment_status":"open","ping_status":"open","sticky":false,"template":"","format":"standard","meta":{"_yoast_indexnow_last_ping":["1743793494"],"wp_automatic_camp":["217"],"69c663914cb92c2a919db20f16d40331":["Deutsches Au\u00dfenministerium will Gedenkfeiern ohne Russen"],"original_link":["https:\/\/de.rt.com\/inland\/241609-deutsches-aussenministerium-will-gedenkfeiern-ohne\/"],"_thumbnail_id":["81608"],"jnews_social_counter_last_update":["1777357363"],"_wptgpro_p2tg_sent2tg":["a:1:{i:23737;s:19:\"2025-04-04 21:05:55\";}"]},"categories":[19,23],"tags":[16681,29966,39755,779,4405],"yoast_head":"<!-- This site is optimized with the Yoast SEO Premium plugin v22.7 (Yoast SEO v22.7) - https:\/\/yoast.com\/wordpress\/plugins\/seo\/ -->\n<title>Deutsches Au\u00dfenministerium will Gedenkfeiern ohne Russen - just-now.NEWS Deutschland<\/title>\n<meta name=\"robots\" content=\"index, follow, max-snippet:-1, max-image-preview:large, max-video-preview:-1\" \/>\n<link rel=\"canonical\" href=\"https:\/\/now-news.de\/de\/deutschland\/deutsches-aussenministerium-will-gedenkfeiern-ohne-russen\/\" \/>\n<meta property=\"og:locale\" content=\"de_DE\" \/>\n<meta property=\"og:type\" content=\"article\" \/>\n<meta property=\"og:title\" content=\"Deutsches Au\u00dfenministerium will Gedenkfeiern ohne Russen\" \/>\n<meta property=\"og:description\" content=\"Wenn es nach dem Willen des deutschen Au\u00dfenministeriums geht, werden die diesj\u00e4hrigen Gedenkfeiern zum 80. Jahrestag der Niederlage Nazideutschlands einen v\u00f6llig falschen Eindruck der Geschichte wecken. Russen und Wei\u00dfrussen sind n\u00e4mlich nicht erw\u00fcnscht. Die scheidende Au\u00dfenministerin Annalena Baerbock und ihre Mannschaft haben einem Bericht der Berliner Zeitung zufolge noch rechtzeitig daf\u00fcr gesorgt, die Gedenkfeiern zum [&hellip;]\" \/>\n<meta property=\"og:url\" content=\"https:\/\/now-news.de\/de\/deutschland\/deutsches-aussenministerium-will-gedenkfeiern-ohne-russen\/\" \/>\n<meta property=\"og:site_name\" content=\"just-now.NEWS Deutschland\" \/>\n<meta property=\"article:publisher\" content=\"https:\/\/www.facebook.com\/wirmachenauf\" \/>\n<meta property=\"article:published_time\" content=\"2025-04-04T19:01:05+00:00\" \/>\n<meta property=\"og:image\" content=\"https:\/\/now-news.de\/de\/wp-content\/uploads\/sites\/3\/2025\/04\/67f0257eb480cc2700664ff0.jpg\" \/>\n<meta name=\"author\" content=\"rtnews\" \/>\n<meta name=\"twitter:card\" content=\"summary_large_image\" \/>\n<meta name=\"twitter:creator\" content=\"@WirMachenAuf_de\" \/>\n<meta name=\"twitter:site\" content=\"@WirMachenAuf_de\" \/>\n<meta name=\"twitter:label1\" content=\"Verfasst von\" \/>\n\t<meta name=\"twitter:data1\" content=\"rtnews\" \/>\n\t<meta name=\"twitter:label2\" content=\"Gesch\u00e4tzte Lesezeit\" \/>\n\t<meta name=\"twitter:data2\" content=\"2\u00a0Minuten\" \/>\n<script type=\"application\/ld+json\" class=\"yoast-schema-graph\">{\"@context\":\"https:\/\/schema.org\",\"@graph\":[{\"@type\":\"Article\",\"@id\":\"https:\/\/now-news.de\/de\/deutschland\/deutsches-aussenministerium-will-gedenkfeiern-ohne-russen\/#article\",\"isPartOf\":{\"@id\":\"https:\/\/now-news.de\/de\/deutschland\/deutsches-aussenministerium-will-gedenkfeiern-ohne-russen\/\"},\"author\":{\"name\":\"rtnews\",\"@id\":\"https:\/\/now-news.de\/de\/#\/schema\/person\/fb534a4e865501d8b3285208df34a9b5\"},\"headline\":\"Deutsches Au\u00dfenministerium will Gedenkfeiern ohne Russen\",\"datePublished\":\"2025-04-04T19:01:05+00:00\",\"dateModified\":\"2025-04-04T19:01:05+00:00\",\"mainEntityOfPage\":{\"@id\":\"https:\/\/now-news.de\/de\/deutschland\/deutsches-aussenministerium-will-gedenkfeiern-ohne-russen\/\"},\"wordCount\":391,\"commentCount\":0,\"publisher\":{\"@id\":\"https:\/\/now-news.de\/de\/#organization\"},\"image\":{\"@id\":\"https:\/\/now-news.de\/de\/deutschland\/deutsches-aussenministerium-will-gedenkfeiern-ohne-russen\/#primaryimage\"},\"thumbnailUrl\":\"https:\/\/now-news.de\/de\/wp-content\/uploads\/sites\/3\/2025\/04\/Deutsches-Aussenministerium-will-Gedenkfeiern-ohne-Russen.jpg\",\"keywords\":[\"Au\u00dfenministerium\",\"deutsches\",\"Gedenkfeiern\",\"ohne\",\"Russen\"],\"articleSection\":[\"Deutschland\",\"Russland\"],\"inLanguage\":\"de\",\"potentialAction\":[{\"@type\":\"CommentAction\",\"name\":\"Comment\",\"target\":[\"https:\/\/now-news.de\/de\/deutschland\/deutsches-aussenministerium-will-gedenkfeiern-ohne-russen\/#respond\"]}]},{\"@type\":\"WebPage\",\"@id\":\"https:\/\/now-news.de\/de\/deutschland\/deutsches-aussenministerium-will-gedenkfeiern-ohne-russen\/\",\"url\":\"https:\/\/now-news.de\/de\/deutschland\/deutsches-aussenministerium-will-gedenkfeiern-ohne-russen\/\",\"name\":\"Deutsches Au\u00dfenministerium will Gedenkfeiern ohne Russen - just-now.NEWS Deutschland\",\"isPartOf\":{\"@id\":\"https:\/\/now-news.de\/de\/#website\"},\"primaryImageOfPage\":{\"@id\":\"https:\/\/now-news.de\/de\/deutschland\/deutsches-aussenministerium-will-gedenkfeiern-ohne-russen\/#primaryimage\"},\"image\":{\"@id\":\"https:\/\/now-news.de\/de\/deutschland\/deutsches-aussenministerium-will-gedenkfeiern-ohne-russen\/#primaryimage\"},\"thumbnailUrl\":\"https:\/\/now-news.de\/de\/wp-content\/uploads\/sites\/3\/2025\/04\/Deutsches-Aussenministerium-will-Gedenkfeiern-ohne-Russen.jpg\",\"datePublished\":\"2025-04-04T19:01:05+00:00\",\"dateModified\":\"2025-04-04T19:01:05+00:00\",\"breadcrumb\":{\"@id\":\"https:\/\/now-news.de\/de\/deutschland\/deutsches-aussenministerium-will-gedenkfeiern-ohne-russen\/#breadcrumb\"},\"inLanguage\":\"de\",\"potentialAction\":[{\"@type\":\"ReadAction\",\"target\":[\"https:\/\/now-news.de\/de\/deutschland\/deutsches-aussenministerium-will-gedenkfeiern-ohne-russen\/\"]}]},{\"@type\":\"ImageObject\",\"inLanguage\":\"de\",\"@id\":\"https:\/\/now-news.de\/de\/deutschland\/deutsches-aussenministerium-will-gedenkfeiern-ohne-russen\/#primaryimage\",\"url\":\"https:\/\/now-news.de\/de\/wp-content\/uploads\/sites\/3\/2025\/04\/Deutsches-Aussenministerium-will-Gedenkfeiern-ohne-Russen.jpg\",\"contentUrl\":\"https:\/\/now-news.de\/de\/wp-content\/uploads\/sites\/3\/2025\/04\/Deutsches-Aussenministerium-will-Gedenkfeiern-ohne-Russen.jpg\",\"width\":460,\"height\":259,\"caption\":\"Deutsches Au\u00dfenministerium will Gedenkfeiern ohne Russen\"},{\"@type\":\"BreadcrumbList\",\"@id\":\"https:\/\/now-news.de\/de\/deutschland\/deutsches-aussenministerium-will-gedenkfeiern-ohne-russen\/#breadcrumb\",\"itemListElement\":[{\"@type\":\"ListItem\",\"position\":1,\"name\":\"Home\",\"item\":\"https:\/\/now-news.de\/de\/\"},{\"@type\":\"ListItem\",\"position\":2,\"name\":\"Deutsches Au\u00dfenministerium will Gedenkfeiern ohne Russen\"}]},{\"@type\":\"WebSite\",\"@id\":\"https:\/\/now-news.de\/de\/#website\",\"url\":\"https:\/\/now-news.de\/de\/\",\"name\":\"just-now.NEWS Deutschland\",\"description\":\"Das Portal f\u00fcr unzensierte Nachrichten aus der Welt\",\"publisher\":{\"@id\":\"https:\/\/now-news.de\/de\/#organization\"},\"potentialAction\":[{\"@type\":\"SearchAction\",\"target\":{\"@type\":\"EntryPoint\",\"urlTemplate\":\"https:\/\/now-news.de\/de\/?s={search_term_string}\"},\"query-input\":\"required name=search_term_string\"}],\"inLanguage\":\"de\"},{\"@type\":\"Organization\",\"@id\":\"https:\/\/now-news.de\/de\/#organization\",\"name\":\"Just Now News\",\"url\":\"https:\/\/now-news.de\/de\/\",\"logo\":{\"@type\":\"ImageObject\",\"inLanguage\":\"de\",\"@id\":\"https:\/\/now-news.de\/de\/#\/schema\/logo\/image\/\",\"url\":\"http:\/\/just-now.news\/de\/wp-content\/uploads\/sites\/3\/2022\/04\/logo500x500.jpg\",\"contentUrl\":\"http:\/\/just-now.news\/de\/wp-content\/uploads\/sites\/3\/2022\/04\/logo500x500.jpg\",\"width\":500,\"height\":500,\"caption\":\"Just Now News\"},\"image\":{\"@id\":\"https:\/\/now-news.de\/de\/#\/schema\/logo\/image\/\"},\"sameAs\":[\"https:\/\/www.facebook.com\/wirmachenauf\",\"https:\/\/x.com\/WirMachenAuf_de\"]},{\"@type\":\"Person\",\"@id\":\"https:\/\/now-news.de\/de\/#\/schema\/person\/fb534a4e865501d8b3285208df34a9b5\",\"name\":\"rtnews\",\"image\":{\"@type\":\"ImageObject\",\"inLanguage\":\"de\",\"@id\":\"https:\/\/now-news.de\/de\/#\/schema\/person\/image\/\",\"url\":\"https:\/\/secure.gravatar.com\/avatar\/82aafea7d8127119dd649515f56e2117?s=96&d=mm&r=g\",\"contentUrl\":\"https:\/\/secure.gravatar.com\/avatar\/82aafea7d8127119dd649515f56e2117?s=96&d=mm&r=g\",\"caption\":\"rtnews\"},\"url\":\"https:\/\/now-news.de\/de\/author\/rnews\/\"}]}<\/script>\n<!-- \/ Yoast SEO Premium plugin. -->","yoast_head_json":{"title":"Deutsches Au\u00dfenministerium will Gedenkfeiern ohne Russen - just-now.NEWS Deutschland","robots":{"index":"index","follow":"follow","max-snippet":"max-snippet:-1","max-image-preview":"max-image-preview:large","max-video-preview":"max-video-preview:-1"},"canonical":"https:\/\/now-news.de\/de\/deutschland\/deutsches-aussenministerium-will-gedenkfeiern-ohne-russen\/","og_locale":"de_DE","og_type":"article","og_title":"Deutsches Au\u00dfenministerium will Gedenkfeiern ohne Russen","og_description":"Wenn es nach dem Willen des deutschen Au\u00dfenministeriums geht, werden die diesj\u00e4hrigen Gedenkfeiern zum 80. Jahrestag der Niederlage Nazideutschlands einen v\u00f6llig falschen Eindruck der Geschichte wecken. Russen und Wei\u00dfrussen sind n\u00e4mlich nicht erw\u00fcnscht. Die scheidende Au\u00dfenministerin Annalena Baerbock und ihre Mannschaft haben einem Bericht der Berliner Zeitung zufolge noch rechtzeitig daf\u00fcr gesorgt, die Gedenkfeiern zum [&hellip;]","og_url":"https:\/\/now-news.de\/de\/deutschland\/deutsches-aussenministerium-will-gedenkfeiern-ohne-russen\/","og_site_name":"just-now.NEWS Deutschland","article_publisher":"https:\/\/www.facebook.com\/wirmachenauf","article_published_time":"2025-04-04T19:01:05+00:00","og_image":[{"url":"https:\/\/now-news.de\/de\/wp-content\/uploads\/sites\/3\/2025\/04\/67f0257eb480cc2700664ff0.jpg"}],"author":"rtnews","twitter_card":"summary_large_image","twitter_creator":"@WirMachenAuf_de","twitter_site":"@WirMachenAuf_de","twitter_misc":{"Verfasst von":"rtnews","Gesch\u00e4tzte Lesezeit":"2\u00a0Minuten"},"schema":{"@context":"https:\/\/schema.org","@graph":[{"@type":"Article","@id":"https:\/\/now-news.de\/de\/deutschland\/deutsches-aussenministerium-will-gedenkfeiern-ohne-russen\/#article","isPartOf":{"@id":"https:\/\/now-news.de\/de\/deutschland\/deutsches-aussenministerium-will-gedenkfeiern-ohne-russen\/"},"author":{"name":"rtnews","@id":"https:\/\/now-news.de\/de\/#\/schema\/person\/fb534a4e865501d8b3285208df34a9b5"},"headline":"Deutsches Au\u00dfenministerium will Gedenkfeiern ohne Russen","datePublished":"2025-04-04T19:01:05+00:00","dateModified":"2025-04-04T19:01:05+00:00","mainEntityOfPage":{"@id":"https:\/\/now-news.de\/de\/deutschland\/deutsches-aussenministerium-will-gedenkfeiern-ohne-russen\/"},"wordCount":391,"commentCount":0,"publisher":{"@id":"https:\/\/now-news.de\/de\/#organization"},"image":{"@id":"https:\/\/now-news.de\/de\/deutschland\/deutsches-aussenministerium-will-gedenkfeiern-ohne-russen\/#primaryimage"},"thumbnailUrl":"https:\/\/now-news.de\/de\/wp-content\/uploads\/sites\/3\/2025\/04\/Deutsches-Aussenministerium-will-Gedenkfeiern-ohne-Russen.jpg","keywords":["Au\u00dfenministerium","deutsches","Gedenkfeiern","ohne","Russen"],"articleSection":["Deutschland","Russland"],"inLanguage":"de","potentialAction":[{"@type":"CommentAction","name":"Comment","target":["https:\/\/now-news.de\/de\/deutschland\/deutsches-aussenministerium-will-gedenkfeiern-ohne-russen\/#respond"]}]},{"@type":"WebPage","@id":"https:\/\/now-news.de\/de\/deutschland\/deutsches-aussenministerium-will-gedenkfeiern-ohne-russen\/","url":"https:\/\/now-news.de\/de\/deutschland\/deutsches-aussenministerium-will-gedenkfeiern-ohne-russen\/","name":"Deutsches Au\u00dfenministerium will Gedenkfeiern ohne Russen - just-now.NEWS Deutschland","isPartOf":{"@id":"https:\/\/now-news.de\/de\/#website"},"primaryImageOfPage":{"@id":"https:\/\/now-news.de\/de\/deutschland\/deutsches-aussenministerium-will-gedenkfeiern-ohne-russen\/#primaryimage"},"image":{"@id":"https:\/\/now-news.de\/de\/deutschland\/deutsches-aussenministerium-will-gedenkfeiern-ohne-russen\/#primaryimage"},"thumbnailUrl":"https:\/\/now-news.de\/de\/wp-content\/uploads\/sites\/3\/2025\/04\/Deutsches-Aussenministerium-will-Gedenkfeiern-ohne-Russen.jpg","datePublished":"2025-04-04T19:01:05+00:00","dateModified":"2025-04-04T19:01:05+00:00","breadcrumb":{"@id":"https:\/\/now-news.de\/de\/deutschland\/deutsches-aussenministerium-will-gedenkfeiern-ohne-russen\/#breadcrumb"},"inLanguage":"de","potentialAction":[{"@type":"ReadAction","target":["https:\/\/now-news.de\/de\/deutschland\/deutsches-aussenministerium-will-gedenkfeiern-ohne-russen\/"]}]},{"@type":"ImageObject","inLanguage":"de","@id":"https:\/\/now-news.de\/de\/deutschland\/deutsches-aussenministerium-will-gedenkfeiern-ohne-russen\/#primaryimage","url":"https:\/\/now-news.de\/de\/wp-content\/uploads\/sites\/3\/2025\/04\/Deutsches-Aussenministerium-will-Gedenkfeiern-ohne-Russen.jpg","contentUrl":"https:\/\/now-news.de\/de\/wp-content\/uploads\/sites\/3\/2025\/04\/Deutsches-Aussenministerium-will-Gedenkfeiern-ohne-Russen.jpg","width":460,"height":259,"caption":"Deutsches Au\u00dfenministerium will Gedenkfeiern ohne Russen"},{"@type":"BreadcrumbList","@id":"https:\/\/now-news.de\/de\/deutschland\/deutsches-aussenministerium-will-gedenkfeiern-ohne-russen\/#breadcrumb","itemListElement":[{"@type":"ListItem","position":1,"name":"Home","item":"https:\/\/now-news.de\/de\/"},{"@type":"ListItem","position":2,"name":"Deutsches Au\u00dfenministerium will Gedenkfeiern ohne Russen"}]},{"@type":"WebSite","@id":"https:\/\/now-news.de\/de\/#website","url":"https:\/\/now-news.de\/de\/","name":"just-now.NEWS Deutschland","description":"Das Portal f\u00fcr unzensierte Nachrichten aus der Welt","publisher":{"@id":"https:\/\/now-news.de\/de\/#organization"},"potentialAction":[{"@type":"SearchAction","target":{"@type":"EntryPoint","urlTemplate":"https:\/\/now-news.de\/de\/?s={search_term_string}"},"query-input":"required name=search_term_string"}],"inLanguage":"de"},{"@type":"Organization","@id":"https:\/\/now-news.de\/de\/#organization","name":"Just Now News","url":"https:\/\/now-news.de\/de\/","logo":{"@type":"ImageObject","inLanguage":"de","@id":"https:\/\/now-news.de\/de\/#\/schema\/logo\/image\/","url":"http:\/\/just-now.news\/de\/wp-content\/uploads\/sites\/3\/2022\/04\/logo500x500.jpg","contentUrl":"http:\/\/just-now.news\/de\/wp-content\/uploads\/sites\/3\/2022\/04\/logo500x500.jpg","width":500,"height":500,"caption":"Just Now News"},"image":{"@id":"https:\/\/now-news.de\/de\/#\/schema\/logo\/image\/"},"sameAs":["https:\/\/www.facebook.com\/wirmachenauf","https:\/\/x.com\/WirMachenAuf_de"]},{"@type":"Person","@id":"https:\/\/now-news.de\/de\/#\/schema\/person\/fb534a4e865501d8b3285208df34a9b5","name":"rtnews","image":{"@type":"ImageObject","inLanguage":"de","@id":"https:\/\/now-news.de\/de\/#\/schema\/person\/image\/","url":"https:\/\/secure.gravatar.com\/avatar\/82aafea7d8127119dd649515f56e2117?s=96&d=mm&r=g","contentUrl":"https:\/\/secure.gravatar.com\/avatar\/82aafea7d8127119dd649515f56e2117?s=96&d=mm&r=g","caption":"rtnews"},"url":"https:\/\/now-news.de\/de\/author\/rnews\/"}]}},"_links":{"self":[{"href":"https:\/\/now-news.de\/de\/wp-json\/wp\/v2\/posts\/81607"}],"collection":[{"href":"https:\/\/now-news.de\/de\/wp-json\/wp\/v2\/posts"}],"about":[{"href":"https:\/\/now-news.de\/de\/wp-json\/wp\/v2\/types\/post"}],"author":[{"embeddable":true,"href":"https:\/\/now-news.de\/de\/wp-json\/wp\/v2\/users\/3"}],"replies":[{"embeddable":true,"href":"https:\/\/now-news.de\/de\/wp-json\/wp\/v2\/comments?post=81607"}],"version-history":[{"count":0,"href":"https:\/\/now-news.de\/de\/wp-json\/wp\/v2\/posts\/81607\/revisions"}],"wp:featuredmedia":[{"embeddable":true,"href":"https:\/\/now-news.de\/de\/wp-json\/wp\/v2\/media\/81608"}],"wp:attachment":[{"href":"https:\/\/now-news.de\/de\/wp-json\/wp\/v2\/media?parent=81607"}],"wp:term":[{"taxonomy":"category","embeddable":true,"href":"https:\/\/now-news.de\/de\/wp-json\/wp\/v2\/categories?post=81607"},{"taxonomy":"post_tag","embeddable":true,"href":"https:\/\/now-news.de\/de\/wp-json\/wp\/v2\/tags?post=81607"}],"curies":[{"name":"wp","href":"https:\/\/api.w.org\/{rel}","templated":true}]}}