{"id":81572,"date":"2025-04-03T21:56:50","date_gmt":"2025-04-03T19:56:50","guid":{"rendered":"https:\/\/now-news.de\/de\/deutschland\/ungarn-will-sich-aus-internationalem-strafgerichtshof-zurueckziehen\/"},"modified":"2025-04-03T21:56:50","modified_gmt":"2025-04-03T19:56:50","slug":"ungarn-will-sich-aus-internationalem-strafgerichtshof-zurueckziehen","status":"publish","type":"post","link":"https:\/\/now-news.de\/de\/deutschland\/ungarn-will-sich-aus-internationalem-strafgerichtshof-zurueckziehen\/","title":{"rendered":"Ungarn will sich aus Internationalem Strafgerichtshof zur\u00fcckziehen"},"content":{"rendered":"<p><img decoding=\"async\" src=\"https:\/\/now-news.de\/de\/wp-content\/uploads\/sites\/3\/2025\/04\/67eed71c48fbef63c279eda2.jpg\" \/><\/p>\n<div class=\"Text-root Text-type_1 \">\n                Der IStGH hat auf den Besuch von Benjamin Netanjahu in Ungarn reagiert, und Ungarn reagiert auf den IStGH. Der israelische Ministerpr\u00e4sident besuchte Budapest trotz des Haftbefehls, den der Gerichtshof in Den Haag gegen ihn erlassen hatte.\n            <\/div>\n<p><\/p>\n<div class=\"Text-root Text-type_5 ArticleView-text ViewText-root \">\n<p>Der Internationale Strafgerichtshof (IStGH) erkl\u00e4rte, Ungarn sei verpflichtet, in Bezug auf den Haftbefehl f\u00fcr den israelischen Ministerpr\u00e4sidenten Benjamin Netanjahu zu kooperieren, nachdem der israelische Staatschef am Donnerstag zu einem Besuch in Budapest eingetroffen war.<\/p>\n<p>Der IStGH hatte im November letzten Jahres wegen mutma\u00dflicher Kriegsverbrechen und Verbrechen gegen die Menschlichkeit bei Israels laufender Milit\u00e4roperation im Gazastreifen Haftbefehle gegen Netanjahu und den ehemaligen israelischen Verteidigungsminister Joaw Galant erlassen. Netanjahu reiste am Donnerstag nach Ungarn, das zuvor betont hatte, es werde den israelischen Staatschef nicht festnehmen.<\/p>\n<p>Budapest erkl\u00e4rte am Donnerstag au\u00dferdem, es habe die offizielle Prozedur begonnen, um sich aus dem IStGH zur\u00fcckzuziehen. Der ungarische Ministerpr\u00e4sident Viktor Orb\u00e1n erkl\u00e4rte diesen Schritt damit, dass das Gericht in Den Haag sich in den letzten Jahren in ein &#8220;politisches Werkzeug&#8221; verwandelt habe.<\/p>\n<p>Der Sprecher des IStGH Fadi El Abdallah sagte sp\u00e4ter zu Netanjahus Besuch in Budapest, &#8220;das Gericht erinnert daran, dass Ungarn verpflichtet ist, mit dem IStGH zusammenzuarbeiten&#8221;.<\/p>\n<p><em>Reuters<\/em> hatte zuvor berichtet, Ungarn werde mindestens ein Jahr brauchen, um sich v\u00f6llig aus dem IStGH zur\u00fcckzuziehen. Budapest hatte das Statut von Rom, das dem IStGH seine Macht verleiht, 1999 unterzeichnet und es zwei Jahre sp\u00e4ter ratifiziert.<\/p>\n<p>Die Rechtsprechung des IStGH wird derzeit von 123 L\u00e4ndern anerkannt, aber das Gericht hat keine eigenen Polizeitruppen und verl\u00e4sst sich auf die Mitgliedsl\u00e4nder, um Verd\u00e4chtige festzunehmen und zu \u00fcbergeben.<\/p>\n<p>Orb\u00e1n lud Netanjahu am Tag, nachdem das Gericht in Den Haag einen Haftbefehl gegen ihn erlassen hatte, nach Ungarn ein und sagte, er werde &#8220;ihm garantieren, wenn er kommt, dass der Beschluss des IStGH in Ungarn keine Wirkung hat und wir seinem Inhalt nicht folgen werden&#8221;.<\/p>\n<p>In einer gemeinsamen Pressekonferenz mit seinem ungarischen Gastgeber pries Netanjahu am Donnerstag Budapests &#8220;k\u00fchne und prinzipientreue&#8221; Entscheidung, sich von Gericht zur\u00fcckzuziehen.<\/p>\n<p>Netanjahu bestand darauf, es sei &#8220;wichtig, sich gegen diese korrupte Organisation zu stellen&#8221;, und bekundete Zuversicht, dass Ungarn nicht das letzte Land sein werde, das den IStGH verl\u00e4sst.<\/p>\n<p>Der israelische Ministerpr\u00e4sident ist Beschuldigter in zahlreichen Korruptionsverfahren. Kritiker \u00e4u\u00dferten mehrfach die Vermutung, er f\u00fchre Krieg, um nicht vor Gericht gestellt werden zu k\u00f6nnen.<\/p>\n<p>Im letzten Monat nahmen die israelischen Streitkr\u00e4fte Luftangriffe und Bodeneins\u00e4tze im Gazastreifen wieder auf, nachdem Verhandlungen mit der Pal\u00e4stinenserorganisation Hamas \u00fcber die Freilassung der verbliebenen Geiseln und einen Waffenstillstand gescheitert waren.<\/p>\n<p>Nach neuesten Angaben des Gesundheitsministeriums im Gazastreifen wurden mindestens 50.523 Pal\u00e4stinenser get\u00f6tet und 114.638 weitere in der Enklave verwundet, seit Israel seine Angriffe in Reaktion auf die Attacke der Hamas in Israel am 7.\u00a0Oktober 2023 begann.<\/p>\n<p><strong>Mehr zum Thema \u2013\u00a0<\/strong><a rel=\"nofollow noopener\" target=\"_blank\" href=\"https:\/\/freedert.online\/europa\/241450-trotz-haftbefehls-netanjahu-in-ungarn\/\">Trotz Haftbefehls: Netanjahu in Ungarn eingetroffen<\/a><\/p>\n<div class=\"EmbedBlock-root EmbedBlock-externalVideo EmbedBlock-rumble\">\n<div class=\"VkEmbed\"><iframe class=\"lazyload\" data-src=\"https:\/\/rumble.com\/embed\/v6p1avs\" frameborder=\"0\" width=\"853\" height=\"480\" allowfullscreen><\/iframe><\/div>\n<\/div>\n<\/div>\n<p><br \/>\n<br \/><a href=\"https:\/\/de.rt.com\/international\/241535-ungarn-will-sich-aus-internationalem-strafgerichtshof-zurueckziehen\/\">Source link <\/a><\/p>\n","protected":false},"excerpt":{"rendered":"<p>Der IStGH hat auf den Besuch von Benjamin Netanjahu in Ungarn reagiert, und Ungarn reagiert auf den IStGH. Der israelische Ministerpr\u00e4sident besuchte Budapest trotz des Haftbefehls, den der Gerichtshof in Den Haag gegen ihn erlassen hatte. Der Internationale Strafgerichtshof (IStGH) erkl\u00e4rte, Ungarn sei verpflichtet, in Bezug auf den Haftbefehl f\u00fcr den israelischen Ministerpr\u00e4sidenten Benjamin Netanjahu [&hellip;]<\/p>\n","protected":false},"author":3,"featured_media":81573,"comment_status":"open","ping_status":"open","sticky":false,"template":"","format":"standard","meta":{"_yoast_indexnow_last_ping":["1743710595"],"wp_automatic_camp":["217"],"6825bf71b2ecbbf8ac273699265cab5f":["Ungarn will sich aus Internationalem Strafgerichtshof zur\u00fcckziehen"],"original_link":["https:\/\/de.rt.com\/international\/241535-ungarn-will-sich-aus-internationalem-strafgerichtshof-zurueckziehen\/"],"_thumbnail_id":["81573"],"jnews_social_counter_last_update":["1777404527"],"_wptgpro_p2tg_sent2tg":["a:1:{i:23737;s:19:\"2025-04-03 22:04:16\";}"]},"categories":[19,23],"tags":[679,30683,434,30684,11664,34591],"yoast_head":"<!-- This site is optimized with the Yoast SEO Premium plugin v22.7 (Yoast SEO v22.7) - https:\/\/yoast.com\/wordpress\/plugins\/seo\/ -->\n<title>Ungarn will sich aus Internationalem Strafgerichtshof zur\u00fcckziehen - just-now.NEWS Deutschland<\/title>\n<meta name=\"robots\" content=\"index, follow, max-snippet:-1, max-image-preview:large, max-video-preview:-1\" \/>\n<link rel=\"canonical\" href=\"https:\/\/now-news.de\/de\/deutschland\/ungarn-will-sich-aus-internationalem-strafgerichtshof-zurueckziehen\/\" \/>\n<meta property=\"og:locale\" content=\"de_DE\" \/>\n<meta property=\"og:type\" content=\"article\" \/>\n<meta property=\"og:title\" content=\"Ungarn will sich aus Internationalem Strafgerichtshof zur\u00fcckziehen\" \/>\n<meta property=\"og:description\" content=\"Der IStGH hat auf den Besuch von Benjamin Netanjahu in Ungarn reagiert, und Ungarn reagiert auf den IStGH. Der israelische Ministerpr\u00e4sident besuchte Budapest trotz des Haftbefehls, den der Gerichtshof in Den Haag gegen ihn erlassen hatte. Der Internationale Strafgerichtshof (IStGH) erkl\u00e4rte, Ungarn sei verpflichtet, in Bezug auf den Haftbefehl f\u00fcr den israelischen Ministerpr\u00e4sidenten Benjamin Netanjahu [&hellip;]\" \/>\n<meta property=\"og:url\" content=\"https:\/\/now-news.de\/de\/deutschland\/ungarn-will-sich-aus-internationalem-strafgerichtshof-zurueckziehen\/\" \/>\n<meta property=\"og:site_name\" content=\"just-now.NEWS Deutschland\" \/>\n<meta property=\"article:publisher\" content=\"https:\/\/www.facebook.com\/wirmachenauf\" \/>\n<meta property=\"article:published_time\" content=\"2025-04-03T19:56:50+00:00\" \/>\n<meta property=\"og:image\" content=\"https:\/\/now-news.de\/de\/wp-content\/uploads\/sites\/3\/2025\/04\/67eed71c48fbef63c279eda2.jpg\" \/>\n<meta name=\"author\" content=\"rtnews\" \/>\n<meta name=\"twitter:card\" content=\"summary_large_image\" \/>\n<meta name=\"twitter:creator\" content=\"@WirMachenAuf_de\" \/>\n<meta name=\"twitter:site\" content=\"@WirMachenAuf_de\" \/>\n<meta name=\"twitter:label1\" content=\"Verfasst von\" \/>\n\t<meta name=\"twitter:data1\" content=\"rtnews\" \/>\n\t<meta name=\"twitter:label2\" content=\"Gesch\u00e4tzte Lesezeit\" \/>\n\t<meta name=\"twitter:data2\" content=\"2\u00a0Minuten\" \/>\n<script type=\"application\/ld+json\" class=\"yoast-schema-graph\">{\"@context\":\"https:\/\/schema.org\",\"@graph\":[{\"@type\":\"Article\",\"@id\":\"https:\/\/now-news.de\/de\/deutschland\/ungarn-will-sich-aus-internationalem-strafgerichtshof-zurueckziehen\/#article\",\"isPartOf\":{\"@id\":\"https:\/\/now-news.de\/de\/deutschland\/ungarn-will-sich-aus-internationalem-strafgerichtshof-zurueckziehen\/\"},\"author\":{\"name\":\"rtnews\",\"@id\":\"https:\/\/now-news.de\/de\/#\/schema\/person\/fb534a4e865501d8b3285208df34a9b5\"},\"headline\":\"Ungarn will sich aus Internationalem Strafgerichtshof zur\u00fcckziehen\",\"datePublished\":\"2025-04-03T19:56:50+00:00\",\"dateModified\":\"2025-04-03T19:56:50+00:00\",\"mainEntityOfPage\":{\"@id\":\"https:\/\/now-news.de\/de\/deutschland\/ungarn-will-sich-aus-internationalem-strafgerichtshof-zurueckziehen\/\"},\"wordCount\":488,\"commentCount\":0,\"publisher\":{\"@id\":\"https:\/\/now-news.de\/de\/#organization\"},\"image\":{\"@id\":\"https:\/\/now-news.de\/de\/deutschland\/ungarn-will-sich-aus-internationalem-strafgerichtshof-zurueckziehen\/#primaryimage\"},\"thumbnailUrl\":\"https:\/\/now-news.de\/de\/wp-content\/uploads\/sites\/3\/2025\/04\/Ungarn-will-sich-aus-Internationalem-Strafgerichtshof-zurueckziehen.jpg\",\"keywords\":[\"aus\",\"Internationalem\",\"sich\",\"Strafgerichtshof\",\"Ungarn\",\"zur\u00fcckziehen\"],\"articleSection\":[\"Deutschland\",\"Russland\"],\"inLanguage\":\"de\",\"potentialAction\":[{\"@type\":\"CommentAction\",\"name\":\"Comment\",\"target\":[\"https:\/\/now-news.de\/de\/deutschland\/ungarn-will-sich-aus-internationalem-strafgerichtshof-zurueckziehen\/#respond\"]}]},{\"@type\":\"WebPage\",\"@id\":\"https:\/\/now-news.de\/de\/deutschland\/ungarn-will-sich-aus-internationalem-strafgerichtshof-zurueckziehen\/\",\"url\":\"https:\/\/now-news.de\/de\/deutschland\/ungarn-will-sich-aus-internationalem-strafgerichtshof-zurueckziehen\/\",\"name\":\"Ungarn will sich aus Internationalem Strafgerichtshof zur\u00fcckziehen - just-now.NEWS Deutschland\",\"isPartOf\":{\"@id\":\"https:\/\/now-news.de\/de\/#website\"},\"primaryImageOfPage\":{\"@id\":\"https:\/\/now-news.de\/de\/deutschland\/ungarn-will-sich-aus-internationalem-strafgerichtshof-zurueckziehen\/#primaryimage\"},\"image\":{\"@id\":\"https:\/\/now-news.de\/de\/deutschland\/ungarn-will-sich-aus-internationalem-strafgerichtshof-zurueckziehen\/#primaryimage\"},\"thumbnailUrl\":\"https:\/\/now-news.de\/de\/wp-content\/uploads\/sites\/3\/2025\/04\/Ungarn-will-sich-aus-Internationalem-Strafgerichtshof-zurueckziehen.jpg\",\"datePublished\":\"2025-04-03T19:56:50+00:00\",\"dateModified\":\"2025-04-03T19:56:50+00:00\",\"breadcrumb\":{\"@id\":\"https:\/\/now-news.de\/de\/deutschland\/ungarn-will-sich-aus-internationalem-strafgerichtshof-zurueckziehen\/#breadcrumb\"},\"inLanguage\":\"de\",\"potentialAction\":[{\"@type\":\"ReadAction\",\"target\":[\"https:\/\/now-news.de\/de\/deutschland\/ungarn-will-sich-aus-internationalem-strafgerichtshof-zurueckziehen\/\"]}]},{\"@type\":\"ImageObject\",\"inLanguage\":\"de\",\"@id\":\"https:\/\/now-news.de\/de\/deutschland\/ungarn-will-sich-aus-internationalem-strafgerichtshof-zurueckziehen\/#primaryimage\",\"url\":\"https:\/\/now-news.de\/de\/wp-content\/uploads\/sites\/3\/2025\/04\/Ungarn-will-sich-aus-Internationalem-Strafgerichtshof-zurueckziehen.jpg\",\"contentUrl\":\"https:\/\/now-news.de\/de\/wp-content\/uploads\/sites\/3\/2025\/04\/Ungarn-will-sich-aus-Internationalem-Strafgerichtshof-zurueckziehen.jpg\",\"width\":460,\"height\":259,\"caption\":\"Ungarn will sich aus Internationalem Strafgerichtshof zur\u00fcckziehen\"},{\"@type\":\"BreadcrumbList\",\"@id\":\"https:\/\/now-news.de\/de\/deutschland\/ungarn-will-sich-aus-internationalem-strafgerichtshof-zurueckziehen\/#breadcrumb\",\"itemListElement\":[{\"@type\":\"ListItem\",\"position\":1,\"name\":\"Home\",\"item\":\"https:\/\/now-news.de\/de\/\"},{\"@type\":\"ListItem\",\"position\":2,\"name\":\"Ungarn will sich aus Internationalem Strafgerichtshof zur\u00fcckziehen\"}]},{\"@type\":\"WebSite\",\"@id\":\"https:\/\/now-news.de\/de\/#website\",\"url\":\"https:\/\/now-news.de\/de\/\",\"name\":\"just-now.NEWS Deutschland\",\"description\":\"Das Portal f\u00fcr unzensierte Nachrichten aus der Welt\",\"publisher\":{\"@id\":\"https:\/\/now-news.de\/de\/#organization\"},\"potentialAction\":[{\"@type\":\"SearchAction\",\"target\":{\"@type\":\"EntryPoint\",\"urlTemplate\":\"https:\/\/now-news.de\/de\/?s={search_term_string}\"},\"query-input\":\"required name=search_term_string\"}],\"inLanguage\":\"de\"},{\"@type\":\"Organization\",\"@id\":\"https:\/\/now-news.de\/de\/#organization\",\"name\":\"Just Now News\",\"url\":\"https:\/\/now-news.de\/de\/\",\"logo\":{\"@type\":\"ImageObject\",\"inLanguage\":\"de\",\"@id\":\"https:\/\/now-news.de\/de\/#\/schema\/logo\/image\/\",\"url\":\"http:\/\/just-now.news\/de\/wp-content\/uploads\/sites\/3\/2022\/04\/logo500x500.jpg\",\"contentUrl\":\"http:\/\/just-now.news\/de\/wp-content\/uploads\/sites\/3\/2022\/04\/logo500x500.jpg\",\"width\":500,\"height\":500,\"caption\":\"Just Now News\"},\"image\":{\"@id\":\"https:\/\/now-news.de\/de\/#\/schema\/logo\/image\/\"},\"sameAs\":[\"https:\/\/www.facebook.com\/wirmachenauf\",\"https:\/\/x.com\/WirMachenAuf_de\"]},{\"@type\":\"Person\",\"@id\":\"https:\/\/now-news.de\/de\/#\/schema\/person\/fb534a4e865501d8b3285208df34a9b5\",\"name\":\"rtnews\",\"image\":{\"@type\":\"ImageObject\",\"inLanguage\":\"de\",\"@id\":\"https:\/\/now-news.de\/de\/#\/schema\/person\/image\/\",\"url\":\"https:\/\/secure.gravatar.com\/avatar\/82aafea7d8127119dd649515f56e2117?s=96&d=mm&r=g\",\"contentUrl\":\"https:\/\/secure.gravatar.com\/avatar\/82aafea7d8127119dd649515f56e2117?s=96&d=mm&r=g\",\"caption\":\"rtnews\"},\"url\":\"https:\/\/now-news.de\/de\/author\/rnews\/\"}]}<\/script>\n<!-- \/ Yoast SEO Premium plugin. -->","yoast_head_json":{"title":"Ungarn will sich aus Internationalem Strafgerichtshof zur\u00fcckziehen - just-now.NEWS Deutschland","robots":{"index":"index","follow":"follow","max-snippet":"max-snippet:-1","max-image-preview":"max-image-preview:large","max-video-preview":"max-video-preview:-1"},"canonical":"https:\/\/now-news.de\/de\/deutschland\/ungarn-will-sich-aus-internationalem-strafgerichtshof-zurueckziehen\/","og_locale":"de_DE","og_type":"article","og_title":"Ungarn will sich aus Internationalem Strafgerichtshof zur\u00fcckziehen","og_description":"Der IStGH hat auf den Besuch von Benjamin Netanjahu in Ungarn reagiert, und Ungarn reagiert auf den IStGH. Der israelische Ministerpr\u00e4sident besuchte Budapest trotz des Haftbefehls, den der Gerichtshof in Den Haag gegen ihn erlassen hatte. Der Internationale Strafgerichtshof (IStGH) erkl\u00e4rte, Ungarn sei verpflichtet, in Bezug auf den Haftbefehl f\u00fcr den israelischen Ministerpr\u00e4sidenten Benjamin Netanjahu [&hellip;]","og_url":"https:\/\/now-news.de\/de\/deutschland\/ungarn-will-sich-aus-internationalem-strafgerichtshof-zurueckziehen\/","og_site_name":"just-now.NEWS Deutschland","article_publisher":"https:\/\/www.facebook.com\/wirmachenauf","article_published_time":"2025-04-03T19:56:50+00:00","og_image":[{"url":"https:\/\/now-news.de\/de\/wp-content\/uploads\/sites\/3\/2025\/04\/67eed71c48fbef63c279eda2.jpg"}],"author":"rtnews","twitter_card":"summary_large_image","twitter_creator":"@WirMachenAuf_de","twitter_site":"@WirMachenAuf_de","twitter_misc":{"Verfasst von":"rtnews","Gesch\u00e4tzte Lesezeit":"2\u00a0Minuten"},"schema":{"@context":"https:\/\/schema.org","@graph":[{"@type":"Article","@id":"https:\/\/now-news.de\/de\/deutschland\/ungarn-will-sich-aus-internationalem-strafgerichtshof-zurueckziehen\/#article","isPartOf":{"@id":"https:\/\/now-news.de\/de\/deutschland\/ungarn-will-sich-aus-internationalem-strafgerichtshof-zurueckziehen\/"},"author":{"name":"rtnews","@id":"https:\/\/now-news.de\/de\/#\/schema\/person\/fb534a4e865501d8b3285208df34a9b5"},"headline":"Ungarn will sich aus Internationalem Strafgerichtshof zur\u00fcckziehen","datePublished":"2025-04-03T19:56:50+00:00","dateModified":"2025-04-03T19:56:50+00:00","mainEntityOfPage":{"@id":"https:\/\/now-news.de\/de\/deutschland\/ungarn-will-sich-aus-internationalem-strafgerichtshof-zurueckziehen\/"},"wordCount":488,"commentCount":0,"publisher":{"@id":"https:\/\/now-news.de\/de\/#organization"},"image":{"@id":"https:\/\/now-news.de\/de\/deutschland\/ungarn-will-sich-aus-internationalem-strafgerichtshof-zurueckziehen\/#primaryimage"},"thumbnailUrl":"https:\/\/now-news.de\/de\/wp-content\/uploads\/sites\/3\/2025\/04\/Ungarn-will-sich-aus-Internationalem-Strafgerichtshof-zurueckziehen.jpg","keywords":["aus","Internationalem","sich","Strafgerichtshof","Ungarn","zur\u00fcckziehen"],"articleSection":["Deutschland","Russland"],"inLanguage":"de","potentialAction":[{"@type":"CommentAction","name":"Comment","target":["https:\/\/now-news.de\/de\/deutschland\/ungarn-will-sich-aus-internationalem-strafgerichtshof-zurueckziehen\/#respond"]}]},{"@type":"WebPage","@id":"https:\/\/now-news.de\/de\/deutschland\/ungarn-will-sich-aus-internationalem-strafgerichtshof-zurueckziehen\/","url":"https:\/\/now-news.de\/de\/deutschland\/ungarn-will-sich-aus-internationalem-strafgerichtshof-zurueckziehen\/","name":"Ungarn will sich aus Internationalem Strafgerichtshof zur\u00fcckziehen - just-now.NEWS Deutschland","isPartOf":{"@id":"https:\/\/now-news.de\/de\/#website"},"primaryImageOfPage":{"@id":"https:\/\/now-news.de\/de\/deutschland\/ungarn-will-sich-aus-internationalem-strafgerichtshof-zurueckziehen\/#primaryimage"},"image":{"@id":"https:\/\/now-news.de\/de\/deutschland\/ungarn-will-sich-aus-internationalem-strafgerichtshof-zurueckziehen\/#primaryimage"},"thumbnailUrl":"https:\/\/now-news.de\/de\/wp-content\/uploads\/sites\/3\/2025\/04\/Ungarn-will-sich-aus-Internationalem-Strafgerichtshof-zurueckziehen.jpg","datePublished":"2025-04-03T19:56:50+00:00","dateModified":"2025-04-03T19:56:50+00:00","breadcrumb":{"@id":"https:\/\/now-news.de\/de\/deutschland\/ungarn-will-sich-aus-internationalem-strafgerichtshof-zurueckziehen\/#breadcrumb"},"inLanguage":"de","potentialAction":[{"@type":"ReadAction","target":["https:\/\/now-news.de\/de\/deutschland\/ungarn-will-sich-aus-internationalem-strafgerichtshof-zurueckziehen\/"]}]},{"@type":"ImageObject","inLanguage":"de","@id":"https:\/\/now-news.de\/de\/deutschland\/ungarn-will-sich-aus-internationalem-strafgerichtshof-zurueckziehen\/#primaryimage","url":"https:\/\/now-news.de\/de\/wp-content\/uploads\/sites\/3\/2025\/04\/Ungarn-will-sich-aus-Internationalem-Strafgerichtshof-zurueckziehen.jpg","contentUrl":"https:\/\/now-news.de\/de\/wp-content\/uploads\/sites\/3\/2025\/04\/Ungarn-will-sich-aus-Internationalem-Strafgerichtshof-zurueckziehen.jpg","width":460,"height":259,"caption":"Ungarn will sich aus Internationalem Strafgerichtshof zur\u00fcckziehen"},{"@type":"BreadcrumbList","@id":"https:\/\/now-news.de\/de\/deutschland\/ungarn-will-sich-aus-internationalem-strafgerichtshof-zurueckziehen\/#breadcrumb","itemListElement":[{"@type":"ListItem","position":1,"name":"Home","item":"https:\/\/now-news.de\/de\/"},{"@type":"ListItem","position":2,"name":"Ungarn will sich aus Internationalem Strafgerichtshof zur\u00fcckziehen"}]},{"@type":"WebSite","@id":"https:\/\/now-news.de\/de\/#website","url":"https:\/\/now-news.de\/de\/","name":"just-now.NEWS Deutschland","description":"Das Portal f\u00fcr unzensierte Nachrichten aus der Welt","publisher":{"@id":"https:\/\/now-news.de\/de\/#organization"},"potentialAction":[{"@type":"SearchAction","target":{"@type":"EntryPoint","urlTemplate":"https:\/\/now-news.de\/de\/?s={search_term_string}"},"query-input":"required name=search_term_string"}],"inLanguage":"de"},{"@type":"Organization","@id":"https:\/\/now-news.de\/de\/#organization","name":"Just Now News","url":"https:\/\/now-news.de\/de\/","logo":{"@type":"ImageObject","inLanguage":"de","@id":"https:\/\/now-news.de\/de\/#\/schema\/logo\/image\/","url":"http:\/\/just-now.news\/de\/wp-content\/uploads\/sites\/3\/2022\/04\/logo500x500.jpg","contentUrl":"http:\/\/just-now.news\/de\/wp-content\/uploads\/sites\/3\/2022\/04\/logo500x500.jpg","width":500,"height":500,"caption":"Just Now News"},"image":{"@id":"https:\/\/now-news.de\/de\/#\/schema\/logo\/image\/"},"sameAs":["https:\/\/www.facebook.com\/wirmachenauf","https:\/\/x.com\/WirMachenAuf_de"]},{"@type":"Person","@id":"https:\/\/now-news.de\/de\/#\/schema\/person\/fb534a4e865501d8b3285208df34a9b5","name":"rtnews","image":{"@type":"ImageObject","inLanguage":"de","@id":"https:\/\/now-news.de\/de\/#\/schema\/person\/image\/","url":"https:\/\/secure.gravatar.com\/avatar\/82aafea7d8127119dd649515f56e2117?s=96&d=mm&r=g","contentUrl":"https:\/\/secure.gravatar.com\/avatar\/82aafea7d8127119dd649515f56e2117?s=96&d=mm&r=g","caption":"rtnews"},"url":"https:\/\/now-news.de\/de\/author\/rnews\/"}]}},"_links":{"self":[{"href":"https:\/\/now-news.de\/de\/wp-json\/wp\/v2\/posts\/81572"}],"collection":[{"href":"https:\/\/now-news.de\/de\/wp-json\/wp\/v2\/posts"}],"about":[{"href":"https:\/\/now-news.de\/de\/wp-json\/wp\/v2\/types\/post"}],"author":[{"embeddable":true,"href":"https:\/\/now-news.de\/de\/wp-json\/wp\/v2\/users\/3"}],"replies":[{"embeddable":true,"href":"https:\/\/now-news.de\/de\/wp-json\/wp\/v2\/comments?post=81572"}],"version-history":[{"count":0,"href":"https:\/\/now-news.de\/de\/wp-json\/wp\/v2\/posts\/81572\/revisions"}],"wp:featuredmedia":[{"embeddable":true,"href":"https:\/\/now-news.de\/de\/wp-json\/wp\/v2\/media\/81573"}],"wp:attachment":[{"href":"https:\/\/now-news.de\/de\/wp-json\/wp\/v2\/media?parent=81572"}],"wp:term":[{"taxonomy":"category","embeddable":true,"href":"https:\/\/now-news.de\/de\/wp-json\/wp\/v2\/categories?post=81572"},{"taxonomy":"post_tag","embeddable":true,"href":"https:\/\/now-news.de\/de\/wp-json\/wp\/v2\/tags?post=81572"}],"curies":[{"name":"wp","href":"https:\/\/api.w.org\/{rel}","templated":true}]}}