{"id":81534,"date":"2025-04-03T16:18:52","date_gmt":"2025-04-03T14:18:52","guid":{"rendered":"https:\/\/now-news.de\/de\/deutschland\/linken-bundestagsmitglied-ferat-kocak-unterstuetzt-trans-messermoerder-mit-hilfspetition\/"},"modified":"2025-04-03T16:18:52","modified_gmt":"2025-04-03T14:18:52","slug":"linken-bundestagsmitglied-ferat-kocak-unterstuetzt-trans-messermoerder-mit-hilfspetition","status":"publish","type":"post","link":"https:\/\/now-news.de\/de\/deutschland\/linken-bundestagsmitglied-ferat-kocak-unterstuetzt-trans-messermoerder-mit-hilfspetition\/","title":{"rendered":"Linken-Bundestagsmitglied Ferat Ko\u00e7ak unterst\u00fctzt &quot;Trans&quot;-Messerm\u00f6rder mit Hilfspetition"},"content":{"rendered":"<p><img decoding=\"async\" src=\"https:\/\/now-news.de\/de\/wp-content\/uploads\/sites\/3\/2025\/04\/67ee59d648fbef67f42382e6.jpg\" \/><\/p>\n<div class=\"Text-root Text-type_1 \">\n                Eine mehr als bizarre Geschichte geistert durch die Berliner Medienlandschaft. Beteiligt sind &#8220;Cleopatra&#8221;, ein Messerm\u00f6rder und &#8220;Transfrau aus S\u00fcdafrika&#8221;, die Justiz und seit Neuestem auch das Linken-Bundestagsmitglied Ferat Ko\u00e7ak. Zusammengefasst: der ganz normale Irrsinn.\n            <\/div>\n<p><\/p>\n<div class=\"Text-root Text-type_5 ArticleView-text ViewText-root \">\n<p><em>Von Joseph Turner<\/em><\/p>\n<p>Manch B\u00fcrger reibt sich nach routinierter Betrachtung und j\u00fcngster Analyse des allt\u00e4glichen Irrsinns in der hiesigen Gesellschaft regelm\u00e4\u00dfig die m\u00fcden Augen. Nur die wenigsten\u00a0<em>RT<\/em>-Leser werden vom &#8220;<a rel=\"nofollow noopener\" target=\"_blank\" href=\"https:\/\/www.bmz.de\/de\/aktuelles\/aktuelle-meldungen\/gds-weltgipfel-fuer-menschen-mit-behinderung-249656\">Global Disability Summit<\/a>&#8221; in Berlin geh\u00f6rt haben. Das ist der &#8220;Weltgipfel f\u00fcr Menschen mit Behinderung&#8221;, der durch den Noch-Kanzlersimulanten Olaf Scholz im Rahmen eines X-Postings auf Englisch angek\u00fcndigt wird:<\/p>\n<p><em>&#8220;In einer Zeit, in der Vielfalt, Partizipation und Inklusion zunehmend in Frage gestellt werden, wollen wir hier ganz klar sagen: Wir werden dies nicht zulassen. Gemeinsames Handeln ist so dringend wie eh und je. Deshalb ist es mir eine Ehre, den Global Disability Summit hier in Berlin zu er\u00f6ffnen.&#8221;<\/em><\/p>\n<div class=\"EmbedBlock-root EmbedBlock-twitter\">\n<div class=\"TwitterEmbed\">\n<blockquote class=\"twitter-tweet lazyload\" data-twitter=\"twitter-tweet\">\n<p lang=\"en\" dir=\"ltr\">At a time when diversity, participation and inclusion are increasingly being called into question we are here to state very clearly: We will not let this happen.Joint action is as urgent as ever. Therefore it is an honour to open the Global Disability Summit here in Berlin. <a rel=\"nofollow noopener\" target=\"_blank\" href=\"https:\/\/t.co\/7GualmMvb1\">pic.twitter.com\/7GualmMvb1<\/a><\/p>\n<p>\u2014 Bundeskanzler Olaf Scholz (@Bundeskanzler) <a rel=\"nofollow noopener\" target=\"_blank\" href=\"https:\/\/twitter.com\/Bundeskanzler\/status\/1907461850490405086?ref_src=twsrc%5Etfw\">April 2, 2025<\/a><\/p><\/blockquote>\n<\/div>\n<\/div>\n<p>Die permanente Einforderung der untergehakten Politik und Medien, das aufgen\u00f6tigte Verst\u00e4ndnis f\u00fcr &#8220;Vielfalt, Partizipation und Inklusion&#8221; empfinden immer mehr B\u00fcrger nur noch als N\u00f6tigung im beschwerlichen Alltag. Die EU-Kommission erinnert und belehrt daher am 3.\u00a0April mit Nachdruck:<\/p>\n<p><em>&#8220;Gleichheit ist nicht verhandelbar. Zu viele LGBTIQ+-Menschen sind immer noch Diskriminierung, Bel\u00e4stigung und Gewalt ausgesetzt.&#8221;<\/em><\/p>\n<div class=\"EmbedBlock-root EmbedBlock-twitter\">\n<div class=\"TwitterEmbed\">\n<blockquote class=\"twitter-tweet lazyload\" data-twitter=\"twitter-tweet\">\n<p lang=\"en\" dir=\"ltr\">Equality is non-negotiable. \u2764\ufe0f\ud83e\udde1\ud83d\udc9b\ud83d\udc9a\ud83d\udc99\ud83d\udc9c Too many LGBTIQ+ people still face discrimination, harassment, and violence.<\/p>\n<p>\u2014 European Commission (@EU_Commission) <a rel=\"nofollow noopener\" target=\"_blank\" href=\"https:\/\/twitter.com\/EU_Commission\/status\/1907722967569555672?ref_src=twsrc%5Etfw\">April 3, 2025<\/a><\/p><\/blockquote>\n<\/div>\n<\/div>\n<p>So wie zum Beispiel\u00a0Hilton\u00a0G. aus Kapstadt, der im Jahr 2018 beschloss, aus S\u00fcdafrika nach Deutschland zu fliegen. Drei Jahre sp\u00e4ter wird der Mann\u00a0zur Ausreise verpflichtet, nachdem sein\u00a0Asylantrag endg\u00fcltig abgelehnt wurde. Das war G. aber egal, da er elementarere Probleme zu meistern hatte, n\u00e4mlich die Verweigerung der Mitb\u00fcrger, ihn &#8220;als Transfrau&#8221; in die Gesellschaft aufzunehmen.<\/p>\n<p>Der Berliner <em>Tagesspiegel<\/em>\u00a0hat j\u00fcngst recherchiert, dass bis zur Eskalation\u00a0im Mai des Vorjahres, der mutma\u00dflichen Ermordung eines\u00a0Wachmannes einer Fl\u00fcchtlingsunterkunft durch G. im Berlin-nahen Potsdam (<em>RT\u00a0DE<\/em>\u00a0<a rel=\"nofollow noopener\" target=\"_blank\" href=\"https:\/\/freedert.online\/inland\/207675-medienbericht-transfrau-wurde-als-mutmasslicher\/\">berichtete<\/a>), der\u00a0S\u00fcdafrikaner insgesamt\u00a018-mal polizeilich\u00a0registriert wurde, so unter anderem wegen &#8220;Delikte[n] von Bedrohungen bis hin zu K\u00f6rperverletzung&#8221;.<\/p>\n<p>Das bekannte Problem, die fatale Nichtumsetzung der eigentlich f\u00e4lligen Abschiebung, ergab sich laut <a rel=\"nofollow noopener\" target=\"_blank\" href=\"https:\/\/www.nius.de\/kriminalitaet\/news\/potsdam-kleopatra-hilton-g-frauen-jva-transkiller\/9f1b52a9-f81f-422f-a46b-6b3f87d926ef\">Recherchen<\/a> des Portals <em>Nius<\/em> aus folgenden Gr\u00fcnden:<\/p>\n<p><em>&#8220;Olaf Jansen, Chef der Brandenburger Zentrale Ausl\u00e4nderbeh\u00f6rde (ZABH), wiederum macht Potsdam schwere Vorw\u00fcrfe: &#8216;Die Potsdamer Ausl\u00e4nderbeh\u00f6rde hat uns G. nicht zur Abschiebung gemeldet\u00a0\u2013 obwohl sie dazu verpflichtet war.&#8217; Deshalb habe man den Messerangreifer nicht nach S\u00fcdafrika bringen k\u00f6nnen.&#8221;<\/em><\/p>\n<p>Es folgten\u00a0unmittelbar nach der Messertat Fahndung, Festnahme und j\u00fcngst der Verhandlungsbeginn in Potsdam. Die Anklage legte G. Folgendes zur Last:<\/p>\n<p><em>&#8220;Am 30.\u00a0Mai 2024 eskaliert die Situation in der\u00a0Geschwister-Scholl-Stra\u00dfe in Potsdam,\u00a0wo G. bis dahin gelebt hat. Das Heim gilt als spezielle Unterkunft f\u00fcr Frauen und Kinder. Dort sticht der S\u00fcdafrikaner dem syrischen\u00a0Wachmann Anwar\u00a0A.\u00a0zweimal in die Brust, trifft sein Herz.&#8221;\u00a0<\/em> \u00a0<\/p>\n<p>Der normale Irrsinn der Gegenwart nimmt an Fahrt und Dynamik auf. So hei\u00dft es im <em>Nius<\/em>-Artikel zusammenfassend:<\/p>\n<p><em>&#8220;Doch statt ins M\u00e4nnergef\u00e4ngnis kommt Hilton in die\u00a0Frauen-JVA Luckau-Duben. Das\u00a0Selbstbestimmungsgesetz, das die rechtliche Geschlechts\u00e4nderung erleichtert und M\u00e4nnern Zugang zu Frauenschutzr\u00e4umen gew\u00e4hrt, wird zwar erst im November 2024 in Kraft treten, dennoch wird Hilton\u00a0G. f\u00fcr die Dauer der\u00a0Untersuchungshaft im Juni bereits bei Frauen\u00a0eingewiesen.&#8221;<\/em><\/p>\n<p>Wenig \u00fcberraschend f\u00e4llt der\u00a0Messert\u00e4ter in seiner Haftzeit &#8220;durch Gewaltbereitschaft&#8221; auf, er wird &#8220;zum Albtraum der Mitgefangenen&#8221;. Sein Lieblingswort war laut der\u00a0<em>Bild<\/em>\u00a0demnach &#8220;Bitch&#8221; (Nutte). G. randalierte, w\u00fctete und terrorisierte Angestellte wie Mitinhaftierte. Dazu <a rel=\"nofollow noopener\" target=\"_blank\" href=\"https:\/\/www.tagesspiegel.de\/potsdam\/landeshauptstadt\/wachmann-prozess-in-potsdam-psychiatrisches-gutachten-zur-trans-angeklagten-fuhrt-zu-protest-13461955.html\">hei\u00dft es<\/a> beim T<em>agesspiegel<\/em>:<\/p>\n<p><em>&#8220;Mitinhaftierte der Justizvollzugsanstalt Luckau-Duben beschrieben den L\u00e4rm der Angeklagten (sic) als &#8216;Terror&#8217;, zwei Frauen hatten sie wegen Bedrohung angezeigt.&#8221;<\/em><\/p>\n<p>Nach Informationen von <em>Nius<\/em>\u00a0&#8220;fiel Hilton<em>\u00a0<\/em>G. auch dadurch auf, dass er gegen\u00fcber Insassinnen der JVA seinen\u00a0erigierten Penis\u00a0gezeigt haben soll&#8221;. Rundum ein Mensch, der laut Bericht des Gerichtspsychiaters &#8220;typisch narzisstische&#8221; Anzeichen auslebt. Weiter hei\u00dft es zu dem m\u00f6rderischen Selbstdarsteller:<\/p>\n<p><em>&#8220;An einer genoiden Transsexualit\u00e4t der Angeklagten zweifelt der Gutachter. Dies h\u00e4tte die Person bereits als Kind oder junge Erwachsene wissen m\u00fcssen. Zudem sei ihr Verhalten nicht typisch f\u00fcr eine trans Frau, etwa ihr Sexualverhalten, vulg\u00e4re Beleidigungen und das Unterbrechen einer Hormontherapie in U-Haft. Eher handle es sich um ein Narrativ, eine Art Lebensphilosophie, um Selbstvertrauen und Selbstwirksamkeit zu generiere.&#8221;<\/em><\/p>\n<p>Zu bef\u00fcrchten ist, dass G. in der Haftzeit schlicht zu viel Social-Media-Content von <em>ARD<\/em> und <em>ZDF<\/em>\u00a0zum Thema LGBTQ+-Irrungen und -Wirrungen konsumiert hat. Bei der j\u00fcngsten Verhandlung wollte sich G. laut Berliner<em> B.Z.<\/em>\u00a0daher konsequent therapieresistent bitte nur noch mit &#8220;Cleopatra&#8221; angesprochen wissen. Der normale Irrsinn im Jahr 2025 <a rel=\"nofollow noopener\" target=\"_blank\" href=\"https:\/\/www.bz-berlin.de\/brandenburg\/wachmann-killer-prozess-potsdam\">lautet<\/a>:<\/p>\n<p><em>&#8220;Rasta-Z\u00f6pfchen, Kopftuch, geschminkte Lippen: Mit selbstbewusstem L\u00e4cheln nimmt Hilton\u00a0G. auf der Anklagebank Platz. Laut Pass ist sie m\u00e4nnlich, wurde 1986 in Kapstadt geboren. Heute lebt sie transsexuell. &#8216;Sie m\u00f6chten als Frau angesprochen werden?&#8217;, fragt Richter Bodo Wermelskirchen. &#8216;Ja&#8217;, antwortet die Angeklagte mit tiefer Stimme, &#8216;nennen Sie mich Cleopatra.'&#8221;<\/em><\/p>\n<p>Also ein Mann mit Humor. Genau wie der Linken-Bundestagsabgeordnete\u00a0Ferat Ko\u00e7ak. Das Problem: Beide meinen ihr Agieren todernst<em>\u00a0<\/em>\u2013 G. im realen Falle, Ko\u00e7ak mit dem Tunnelblick des aufrechten, betriebsblinden &#8220;Antifaschisten&#8221;. Warum? Diese Schmierenkom\u00f6die\u00a0wird nach Prozessbeginn im Verlauf nun noch\u00a0gesteigert.\u00a0Ko\u00e7ak inszenierte allen Ernstes <a rel=\"nofollow noopener\" target=\"_blank\" href=\"https:\/\/innn.it\/justiceforcleo\">eine Petition<\/a> zugunsten und mit ganz viel Liebe und Verst\u00e4ndnis f\u00fcr den gemeingef\u00e4hrlichen S\u00fcdafrikaner. &#8220;Hoch lebe die Solidarit\u00e4t&#8221; bedeutet daher im Jahr 2025:<\/p>\n<p><em>&#8220;Stoppt die Ungerechtigkeit gegen eine Schwarze trans Frau im Gef\u00e4ngnis!&#8221;\u00a0<\/em><\/p>\n<p>&#8220;Genug ist genug!&#8221; hei\u00dft es im Petitionstext. Damit ist jedoch nicht das Vorstrafenregister samt Mordanklage gemeint, sondern:<\/p>\n<p><em>&#8220;Unser Community-Mitglied\u00a0Cleo, eine Schwarze trans Frau, befindet sich seit dem 31.\u00a0Mai 2024 in Untersuchungshaft, lediglich unter Generalverdacht und ohne belastbare Beweise.\u00a0Unter unmenschlichen Bedingungen, die gegen grundlegende Menschenrechte versto\u00dfen, ist sie seit \u00fcber sechs Monaten inhaftiert. Von Anfang an war sie schwerem Rassismus, Transfeindlichkeit und Diskriminierung ausgesetzt. Das gesamte Verfahren verst\u00f6\u00dft nicht nur gegen das Antidiskriminierungsgesetz und Grunds\u00e4tze der deutschen Strafprozessordnung, sondern auch gegen ihr Grundrecht auf Freiheit und W\u00fcrde.&#8221;<\/em><\/p>\n<p>Die Verlegung aus einem Frauengef\u00e4ngnis in die\u00a0JVA Nord-Brandenburg sei &#8220;nicht nur transfeindlich und diskriminierend, sondern bringt Cleo auch in noch gr\u00f6\u00dfere Gefahr&#8221;.<\/p>\n<p>&#8220;Cleo&#8221;, die s\u00fc\u00dfe Maus, eine wirklich geradezu liebevolle Bezeichnung f\u00fcr einen Messerm\u00f6rder. Gezeichnet haben die Petition bisher 1.148 verwirrte Menschen (m,<em>\u00a0<\/em>w,<em>\u00a0<\/em>d). Die Tat von G. ist dabei anscheinend vollkommen nebens\u00e4chlich.\u00a061 Zeugen sind zur Verhandlung geladen \u2013 egal, wenn es rein um Cleos Wohlbefinden geht. Verantwortlich sind f\u00fcr das Desaster einer Wahrnehmung die &#8220;LesMigraS \u2013 Lesben-Beratung, Each One Teach One (EOTO) e.\u00a0V.&#8221; und eben Ko\u00e7ak, Linken-Mitglied im 21.<em>\u00a0<\/em>Bundestag und aufrechter K\u00e4mpfer f\u00fcr den medial-politisch eingeforderten Gesellschaftsterror der Stunde: &#8220;Vielfalt, Partizipation und Inklusion&#8221;.<\/p>\n<p>So hei\u00dft es weiter: &#8220;Lasst uns daf\u00fcr sorgen, dass Cleo nicht einen weiteren Tag unter diesen Bedingungen leben muss.&#8221; Mein Gegenaufruf lautet: &#8220;Lasst uns daf\u00fcr sorgen, dass Cleo nicht einen weiteren Tag auf Steuerzahlerkosten in Deutschland\u00a0verbringen muss.&#8221;<\/p>\n<p>Dass Ko\u00e7ak f\u00fcr die kommende Legislaturperiode gut dotiert im Deutschen Bundestag weiter sein Unwesen treiben wird, geh\u00f6rt zu den Herausforderungen der gelebten Demokratie. Dass dabei ein nachweislicher M\u00f6rder durch einen Linken-Politiker aktiv unterst\u00fctzt wird, muss leider ebenfalls\u00a0ertragen werden, auch wenn es schlicht normalen B\u00fcrgern mutwillig immer schwieriger gemacht wird, diesen politischen Alltagsirrsinn zu ertragen.<\/p>\n<p>Am 14.\u00a0April werden in Potsdam die Pl\u00e4doyers in der Verhandlung zum Mord von G. gehalten.<\/p>\n<p><strong>Mehr zum Thema \u2013<\/strong>\u00a0<a rel=\"nofollow noopener\" target=\"_blank\" href=\"https:\/\/freedert.online\/inland\/237436-182-mio-euro-fuer-umstrittene\/\">182 Mio. Euro f\u00fcr umstrittene Projekte zur &#8220;Demokratief\u00f6rderung&#8221;<\/a><\/p>\n<div class=\"EmbedBlock-root EmbedBlock-externalVideo EmbedBlock-rumble\">\n<div class=\"VkEmbed\"><iframe class=\"lazyload\" data-src=\"https:\/\/rumble.com\/embed\/v6p9hkd\" frameborder=\"0\" width=\"853\" height=\"480\" allowfullscreen><\/iframe><\/div>\n<\/div>\n<\/div>\n<p><script async src=\"https:\/\/platform.twitter.com\/widgets.js\" charset=\"utf-8\"><\/script><br \/>\n<br \/><br \/>\n<br \/><a href=\"https:\/\/de.rt.com\/meinung\/241467-linken-bundestagsmitglied-ferat-kocak-unterstuetzt-trans-messermoerder-mit-hilfspetition\/\">Source link <\/a><\/p>\n","protected":false},"excerpt":{"rendered":"<p>Eine mehr als bizarre Geschichte geistert durch die Berliner Medienlandschaft. Beteiligt sind &#8220;Cleopatra&#8221;, ein Messerm\u00f6rder und &#8220;Transfrau aus S\u00fcdafrika&#8221;, die Justiz und seit Neuestem auch das Linken-Bundestagsmitglied Ferat Ko\u00e7ak. Zusammengefasst: der ganz normale Irrsinn. Von Joseph Turner Manch B\u00fcrger reibt sich nach routinierter Betrachtung und j\u00fcngster Analyse des allt\u00e4glichen Irrsinns in der hiesigen Gesellschaft regelm\u00e4\u00dfig [&hellip;]<\/p>\n","protected":false},"author":3,"featured_media":81535,"comment_status":"open","ping_status":"open","sticky":false,"template":"","format":"standard","meta":{"_yoast_indexnow_last_ping":["1743691317"],"wp_automatic_camp":["217"],"fc59a41ba82dd2050933c422bf93cd84":["Linken-Bundestagsmitglied Ferat Ko\u00e7ak unterst\u00fctzt &quot;Trans&quot;-Messerm\u00f6rder mit Hilfspetition"],"original_link":["https:\/\/de.rt.com\/meinung\/241467-linken-bundestagsmitglied-ferat-kocak-unterstuetzt-trans-messermoerder-mit-hilfspetition\/"],"_thumbnail_id":["81535"],"jnews_social_counter_last_update":["1777567025"],"_wptgpro_p2tg_sent2tg":["a:1:{i:23737;s:19:\"2025-04-03 16:43:04\";}"]},"categories":[19,23],"tags":[64013,64016,64014,64012,419,64015,5073],"yoast_head":"<!-- This site is optimized with the Yoast SEO Premium plugin v22.7 (Yoast SEO v22.7) - https:\/\/yoast.com\/wordpress\/plugins\/seo\/ -->\n<title>Linken-Bundestagsmitglied Ferat Ko\u00e7ak unterst\u00fctzt &quot;Trans&quot;-Messerm\u00f6rder mit Hilfspetition - just-now.NEWS Deutschland<\/title>\n<meta name=\"robots\" content=\"index, follow, max-snippet:-1, max-image-preview:large, max-video-preview:-1\" \/>\n<link rel=\"canonical\" href=\"https:\/\/now-news.de\/de\/deutschland\/linken-bundestagsmitglied-ferat-kocak-unterstuetzt-trans-messermoerder-mit-hilfspetition\/\" \/>\n<meta property=\"og:locale\" content=\"de_DE\" \/>\n<meta property=\"og:type\" content=\"article\" \/>\n<meta property=\"og:title\" content=\"Linken-Bundestagsmitglied Ferat Ko\u00e7ak unterst\u00fctzt &quot;Trans&quot;-Messerm\u00f6rder mit Hilfspetition\" \/>\n<meta property=\"og:description\" content=\"Eine mehr als bizarre Geschichte geistert durch die Berliner Medienlandschaft. Beteiligt sind &#8220;Cleopatra&#8221;, ein Messerm\u00f6rder und &#8220;Transfrau aus S\u00fcdafrika&#8221;, die Justiz und seit Neuestem auch das Linken-Bundestagsmitglied Ferat Ko\u00e7ak. Zusammengefasst: der ganz normale Irrsinn. Von Joseph Turner Manch B\u00fcrger reibt sich nach routinierter Betrachtung und j\u00fcngster Analyse des allt\u00e4glichen Irrsinns in der hiesigen Gesellschaft regelm\u00e4\u00dfig [&hellip;]\" \/>\n<meta property=\"og:url\" content=\"https:\/\/now-news.de\/de\/deutschland\/linken-bundestagsmitglied-ferat-kocak-unterstuetzt-trans-messermoerder-mit-hilfspetition\/\" \/>\n<meta property=\"og:site_name\" content=\"just-now.NEWS Deutschland\" \/>\n<meta property=\"article:publisher\" content=\"https:\/\/www.facebook.com\/wirmachenauf\" \/>\n<meta property=\"article:published_time\" content=\"2025-04-03T14:18:52+00:00\" \/>\n<meta property=\"og:image\" content=\"https:\/\/now-news.de\/de\/wp-content\/uploads\/sites\/3\/2025\/04\/67ee59d648fbef67f42382e6.jpg\" \/>\n<meta name=\"author\" content=\"rtnews\" \/>\n<meta name=\"twitter:card\" content=\"summary_large_image\" \/>\n<meta name=\"twitter:creator\" content=\"@WirMachenAuf_de\" \/>\n<meta name=\"twitter:site\" content=\"@WirMachenAuf_de\" \/>\n<meta name=\"twitter:label1\" content=\"Verfasst von\" \/>\n\t<meta name=\"twitter:data1\" content=\"rtnews\" \/>\n\t<meta name=\"twitter:label2\" content=\"Gesch\u00e4tzte Lesezeit\" \/>\n\t<meta name=\"twitter:data2\" content=\"7\u00a0Minuten\" \/>\n<script type=\"application\/ld+json\" class=\"yoast-schema-graph\">{\"@context\":\"https:\/\/schema.org\",\"@graph\":[{\"@type\":\"Article\",\"@id\":\"https:\/\/now-news.de\/de\/deutschland\/linken-bundestagsmitglied-ferat-kocak-unterstuetzt-trans-messermoerder-mit-hilfspetition\/#article\",\"isPartOf\":{\"@id\":\"https:\/\/now-news.de\/de\/deutschland\/linken-bundestagsmitglied-ferat-kocak-unterstuetzt-trans-messermoerder-mit-hilfspetition\/\"},\"author\":{\"name\":\"rtnews\",\"@id\":\"https:\/\/now-news.de\/de\/#\/schema\/person\/fb534a4e865501d8b3285208df34a9b5\"},\"headline\":\"Linken-Bundestagsmitglied Ferat Ko\u00e7ak unterst\u00fctzt &quot;Trans&quot;-Messerm\u00f6rder mit Hilfspetition\",\"datePublished\":\"2025-04-03T14:18:52+00:00\",\"dateModified\":\"2025-04-03T14:18:52+00:00\",\"mainEntityOfPage\":{\"@id\":\"https:\/\/now-news.de\/de\/deutschland\/linken-bundestagsmitglied-ferat-kocak-unterstuetzt-trans-messermoerder-mit-hilfspetition\/\"},\"wordCount\":1323,\"commentCount\":0,\"publisher\":{\"@id\":\"https:\/\/now-news.de\/de\/#organization\"},\"image\":{\"@id\":\"https:\/\/now-news.de\/de\/deutschland\/linken-bundestagsmitglied-ferat-kocak-unterstuetzt-trans-messermoerder-mit-hilfspetition\/#primaryimage\"},\"thumbnailUrl\":\"https:\/\/now-news.de\/de\/wp-content\/uploads\/sites\/3\/2025\/04\/Linken-Bundestagsmitglied-Ferat-Kocak-unterstuetzt-quotTransquot-Messermoerder-mit-Hilfspetition.jpg\",\"keywords\":[\"Ferat\",\"Hilfspetition\",\"Ko\u00e7ak\",\"LinkenBundestagsmitglied\",\"mit\",\"quotTransquotMesserm\u00f6rder\",\"unterst\u00fctzt\"],\"articleSection\":[\"Deutschland\",\"Russland\"],\"inLanguage\":\"de\",\"potentialAction\":[{\"@type\":\"CommentAction\",\"name\":\"Comment\",\"target\":[\"https:\/\/now-news.de\/de\/deutschland\/linken-bundestagsmitglied-ferat-kocak-unterstuetzt-trans-messermoerder-mit-hilfspetition\/#respond\"]}]},{\"@type\":\"WebPage\",\"@id\":\"https:\/\/now-news.de\/de\/deutschland\/linken-bundestagsmitglied-ferat-kocak-unterstuetzt-trans-messermoerder-mit-hilfspetition\/\",\"url\":\"https:\/\/now-news.de\/de\/deutschland\/linken-bundestagsmitglied-ferat-kocak-unterstuetzt-trans-messermoerder-mit-hilfspetition\/\",\"name\":\"Linken-Bundestagsmitglied Ferat Ko\u00e7ak unterst\u00fctzt &quot;Trans&quot;-Messerm\u00f6rder mit Hilfspetition - just-now.NEWS Deutschland\",\"isPartOf\":{\"@id\":\"https:\/\/now-news.de\/de\/#website\"},\"primaryImageOfPage\":{\"@id\":\"https:\/\/now-news.de\/de\/deutschland\/linken-bundestagsmitglied-ferat-kocak-unterstuetzt-trans-messermoerder-mit-hilfspetition\/#primaryimage\"},\"image\":{\"@id\":\"https:\/\/now-news.de\/de\/deutschland\/linken-bundestagsmitglied-ferat-kocak-unterstuetzt-trans-messermoerder-mit-hilfspetition\/#primaryimage\"},\"thumbnailUrl\":\"https:\/\/now-news.de\/de\/wp-content\/uploads\/sites\/3\/2025\/04\/Linken-Bundestagsmitglied-Ferat-Kocak-unterstuetzt-quotTransquot-Messermoerder-mit-Hilfspetition.jpg\",\"datePublished\":\"2025-04-03T14:18:52+00:00\",\"dateModified\":\"2025-04-03T14:18:52+00:00\",\"breadcrumb\":{\"@id\":\"https:\/\/now-news.de\/de\/deutschland\/linken-bundestagsmitglied-ferat-kocak-unterstuetzt-trans-messermoerder-mit-hilfspetition\/#breadcrumb\"},\"inLanguage\":\"de\",\"potentialAction\":[{\"@type\":\"ReadAction\",\"target\":[\"https:\/\/now-news.de\/de\/deutschland\/linken-bundestagsmitglied-ferat-kocak-unterstuetzt-trans-messermoerder-mit-hilfspetition\/\"]}]},{\"@type\":\"ImageObject\",\"inLanguage\":\"de\",\"@id\":\"https:\/\/now-news.de\/de\/deutschland\/linken-bundestagsmitglied-ferat-kocak-unterstuetzt-trans-messermoerder-mit-hilfspetition\/#primaryimage\",\"url\":\"https:\/\/now-news.de\/de\/wp-content\/uploads\/sites\/3\/2025\/04\/Linken-Bundestagsmitglied-Ferat-Kocak-unterstuetzt-quotTransquot-Messermoerder-mit-Hilfspetition.jpg\",\"contentUrl\":\"https:\/\/now-news.de\/de\/wp-content\/uploads\/sites\/3\/2025\/04\/Linken-Bundestagsmitglied-Ferat-Kocak-unterstuetzt-quotTransquot-Messermoerder-mit-Hilfspetition.jpg\",\"width\":460,\"height\":259,\"caption\":\"Linken-Bundestagsmitglied Ferat Ko\u00e7ak unterst\u00fctzt &quot;Trans&quot;-Messerm\u00f6rder mit Hilfspetition\"},{\"@type\":\"BreadcrumbList\",\"@id\":\"https:\/\/now-news.de\/de\/deutschland\/linken-bundestagsmitglied-ferat-kocak-unterstuetzt-trans-messermoerder-mit-hilfspetition\/#breadcrumb\",\"itemListElement\":[{\"@type\":\"ListItem\",\"position\":1,\"name\":\"Home\",\"item\":\"https:\/\/now-news.de\/de\/\"},{\"@type\":\"ListItem\",\"position\":2,\"name\":\"Linken-Bundestagsmitglied Ferat Ko\u00e7ak unterst\u00fctzt &quot;Trans&quot;-Messerm\u00f6rder mit Hilfspetition\"}]},{\"@type\":\"WebSite\",\"@id\":\"https:\/\/now-news.de\/de\/#website\",\"url\":\"https:\/\/now-news.de\/de\/\",\"name\":\"just-now.NEWS Deutschland\",\"description\":\"Das Portal f\u00fcr unzensierte Nachrichten aus der Welt\",\"publisher\":{\"@id\":\"https:\/\/now-news.de\/de\/#organization\"},\"potentialAction\":[{\"@type\":\"SearchAction\",\"target\":{\"@type\":\"EntryPoint\",\"urlTemplate\":\"https:\/\/now-news.de\/de\/?s={search_term_string}\"},\"query-input\":\"required name=search_term_string\"}],\"inLanguage\":\"de\"},{\"@type\":\"Organization\",\"@id\":\"https:\/\/now-news.de\/de\/#organization\",\"name\":\"Just Now News\",\"url\":\"https:\/\/now-news.de\/de\/\",\"logo\":{\"@type\":\"ImageObject\",\"inLanguage\":\"de\",\"@id\":\"https:\/\/now-news.de\/de\/#\/schema\/logo\/image\/\",\"url\":\"http:\/\/just-now.news\/de\/wp-content\/uploads\/sites\/3\/2022\/04\/logo500x500.jpg\",\"contentUrl\":\"http:\/\/just-now.news\/de\/wp-content\/uploads\/sites\/3\/2022\/04\/logo500x500.jpg\",\"width\":500,\"height\":500,\"caption\":\"Just Now News\"},\"image\":{\"@id\":\"https:\/\/now-news.de\/de\/#\/schema\/logo\/image\/\"},\"sameAs\":[\"https:\/\/www.facebook.com\/wirmachenauf\",\"https:\/\/x.com\/WirMachenAuf_de\"]},{\"@type\":\"Person\",\"@id\":\"https:\/\/now-news.de\/de\/#\/schema\/person\/fb534a4e865501d8b3285208df34a9b5\",\"name\":\"rtnews\",\"image\":{\"@type\":\"ImageObject\",\"inLanguage\":\"de\",\"@id\":\"https:\/\/now-news.de\/de\/#\/schema\/person\/image\/\",\"url\":\"https:\/\/secure.gravatar.com\/avatar\/82aafea7d8127119dd649515f56e2117?s=96&d=mm&r=g\",\"contentUrl\":\"https:\/\/secure.gravatar.com\/avatar\/82aafea7d8127119dd649515f56e2117?s=96&d=mm&r=g\",\"caption\":\"rtnews\"},\"url\":\"https:\/\/now-news.de\/de\/author\/rnews\/\"}]}<\/script>\n<!-- \/ Yoast SEO Premium plugin. -->","yoast_head_json":{"title":"Linken-Bundestagsmitglied Ferat Ko\u00e7ak unterst\u00fctzt &quot;Trans&quot;-Messerm\u00f6rder mit Hilfspetition - just-now.NEWS Deutschland","robots":{"index":"index","follow":"follow","max-snippet":"max-snippet:-1","max-image-preview":"max-image-preview:large","max-video-preview":"max-video-preview:-1"},"canonical":"https:\/\/now-news.de\/de\/deutschland\/linken-bundestagsmitglied-ferat-kocak-unterstuetzt-trans-messermoerder-mit-hilfspetition\/","og_locale":"de_DE","og_type":"article","og_title":"Linken-Bundestagsmitglied Ferat Ko\u00e7ak unterst\u00fctzt &quot;Trans&quot;-Messerm\u00f6rder mit Hilfspetition","og_description":"Eine mehr als bizarre Geschichte geistert durch die Berliner Medienlandschaft. Beteiligt sind &#8220;Cleopatra&#8221;, ein Messerm\u00f6rder und &#8220;Transfrau aus S\u00fcdafrika&#8221;, die Justiz und seit Neuestem auch das Linken-Bundestagsmitglied Ferat Ko\u00e7ak. Zusammengefasst: der ganz normale Irrsinn. Von Joseph Turner Manch B\u00fcrger reibt sich nach routinierter Betrachtung und j\u00fcngster Analyse des allt\u00e4glichen Irrsinns in der hiesigen Gesellschaft regelm\u00e4\u00dfig [&hellip;]","og_url":"https:\/\/now-news.de\/de\/deutschland\/linken-bundestagsmitglied-ferat-kocak-unterstuetzt-trans-messermoerder-mit-hilfspetition\/","og_site_name":"just-now.NEWS Deutschland","article_publisher":"https:\/\/www.facebook.com\/wirmachenauf","article_published_time":"2025-04-03T14:18:52+00:00","og_image":[{"url":"https:\/\/now-news.de\/de\/wp-content\/uploads\/sites\/3\/2025\/04\/67ee59d648fbef67f42382e6.jpg"}],"author":"rtnews","twitter_card":"summary_large_image","twitter_creator":"@WirMachenAuf_de","twitter_site":"@WirMachenAuf_de","twitter_misc":{"Verfasst von":"rtnews","Gesch\u00e4tzte Lesezeit":"7\u00a0Minuten"},"schema":{"@context":"https:\/\/schema.org","@graph":[{"@type":"Article","@id":"https:\/\/now-news.de\/de\/deutschland\/linken-bundestagsmitglied-ferat-kocak-unterstuetzt-trans-messermoerder-mit-hilfspetition\/#article","isPartOf":{"@id":"https:\/\/now-news.de\/de\/deutschland\/linken-bundestagsmitglied-ferat-kocak-unterstuetzt-trans-messermoerder-mit-hilfspetition\/"},"author":{"name":"rtnews","@id":"https:\/\/now-news.de\/de\/#\/schema\/person\/fb534a4e865501d8b3285208df34a9b5"},"headline":"Linken-Bundestagsmitglied Ferat Ko\u00e7ak unterst\u00fctzt &quot;Trans&quot;-Messerm\u00f6rder mit Hilfspetition","datePublished":"2025-04-03T14:18:52+00:00","dateModified":"2025-04-03T14:18:52+00:00","mainEntityOfPage":{"@id":"https:\/\/now-news.de\/de\/deutschland\/linken-bundestagsmitglied-ferat-kocak-unterstuetzt-trans-messermoerder-mit-hilfspetition\/"},"wordCount":1323,"commentCount":0,"publisher":{"@id":"https:\/\/now-news.de\/de\/#organization"},"image":{"@id":"https:\/\/now-news.de\/de\/deutschland\/linken-bundestagsmitglied-ferat-kocak-unterstuetzt-trans-messermoerder-mit-hilfspetition\/#primaryimage"},"thumbnailUrl":"https:\/\/now-news.de\/de\/wp-content\/uploads\/sites\/3\/2025\/04\/Linken-Bundestagsmitglied-Ferat-Kocak-unterstuetzt-quotTransquot-Messermoerder-mit-Hilfspetition.jpg","keywords":["Ferat","Hilfspetition","Ko\u00e7ak","LinkenBundestagsmitglied","mit","quotTransquotMesserm\u00f6rder","unterst\u00fctzt"],"articleSection":["Deutschland","Russland"],"inLanguage":"de","potentialAction":[{"@type":"CommentAction","name":"Comment","target":["https:\/\/now-news.de\/de\/deutschland\/linken-bundestagsmitglied-ferat-kocak-unterstuetzt-trans-messermoerder-mit-hilfspetition\/#respond"]}]},{"@type":"WebPage","@id":"https:\/\/now-news.de\/de\/deutschland\/linken-bundestagsmitglied-ferat-kocak-unterstuetzt-trans-messermoerder-mit-hilfspetition\/","url":"https:\/\/now-news.de\/de\/deutschland\/linken-bundestagsmitglied-ferat-kocak-unterstuetzt-trans-messermoerder-mit-hilfspetition\/","name":"Linken-Bundestagsmitglied Ferat Ko\u00e7ak unterst\u00fctzt &quot;Trans&quot;-Messerm\u00f6rder mit Hilfspetition - just-now.NEWS Deutschland","isPartOf":{"@id":"https:\/\/now-news.de\/de\/#website"},"primaryImageOfPage":{"@id":"https:\/\/now-news.de\/de\/deutschland\/linken-bundestagsmitglied-ferat-kocak-unterstuetzt-trans-messermoerder-mit-hilfspetition\/#primaryimage"},"image":{"@id":"https:\/\/now-news.de\/de\/deutschland\/linken-bundestagsmitglied-ferat-kocak-unterstuetzt-trans-messermoerder-mit-hilfspetition\/#primaryimage"},"thumbnailUrl":"https:\/\/now-news.de\/de\/wp-content\/uploads\/sites\/3\/2025\/04\/Linken-Bundestagsmitglied-Ferat-Kocak-unterstuetzt-quotTransquot-Messermoerder-mit-Hilfspetition.jpg","datePublished":"2025-04-03T14:18:52+00:00","dateModified":"2025-04-03T14:18:52+00:00","breadcrumb":{"@id":"https:\/\/now-news.de\/de\/deutschland\/linken-bundestagsmitglied-ferat-kocak-unterstuetzt-trans-messermoerder-mit-hilfspetition\/#breadcrumb"},"inLanguage":"de","potentialAction":[{"@type":"ReadAction","target":["https:\/\/now-news.de\/de\/deutschland\/linken-bundestagsmitglied-ferat-kocak-unterstuetzt-trans-messermoerder-mit-hilfspetition\/"]}]},{"@type":"ImageObject","inLanguage":"de","@id":"https:\/\/now-news.de\/de\/deutschland\/linken-bundestagsmitglied-ferat-kocak-unterstuetzt-trans-messermoerder-mit-hilfspetition\/#primaryimage","url":"https:\/\/now-news.de\/de\/wp-content\/uploads\/sites\/3\/2025\/04\/Linken-Bundestagsmitglied-Ferat-Kocak-unterstuetzt-quotTransquot-Messermoerder-mit-Hilfspetition.jpg","contentUrl":"https:\/\/now-news.de\/de\/wp-content\/uploads\/sites\/3\/2025\/04\/Linken-Bundestagsmitglied-Ferat-Kocak-unterstuetzt-quotTransquot-Messermoerder-mit-Hilfspetition.jpg","width":460,"height":259,"caption":"Linken-Bundestagsmitglied Ferat Ko\u00e7ak unterst\u00fctzt &quot;Trans&quot;-Messerm\u00f6rder mit Hilfspetition"},{"@type":"BreadcrumbList","@id":"https:\/\/now-news.de\/de\/deutschland\/linken-bundestagsmitglied-ferat-kocak-unterstuetzt-trans-messermoerder-mit-hilfspetition\/#breadcrumb","itemListElement":[{"@type":"ListItem","position":1,"name":"Home","item":"https:\/\/now-news.de\/de\/"},{"@type":"ListItem","position":2,"name":"Linken-Bundestagsmitglied Ferat Ko\u00e7ak unterst\u00fctzt &quot;Trans&quot;-Messerm\u00f6rder mit Hilfspetition"}]},{"@type":"WebSite","@id":"https:\/\/now-news.de\/de\/#website","url":"https:\/\/now-news.de\/de\/","name":"just-now.NEWS Deutschland","description":"Das Portal f\u00fcr unzensierte Nachrichten aus der Welt","publisher":{"@id":"https:\/\/now-news.de\/de\/#organization"},"potentialAction":[{"@type":"SearchAction","target":{"@type":"EntryPoint","urlTemplate":"https:\/\/now-news.de\/de\/?s={search_term_string}"},"query-input":"required name=search_term_string"}],"inLanguage":"de"},{"@type":"Organization","@id":"https:\/\/now-news.de\/de\/#organization","name":"Just Now News","url":"https:\/\/now-news.de\/de\/","logo":{"@type":"ImageObject","inLanguage":"de","@id":"https:\/\/now-news.de\/de\/#\/schema\/logo\/image\/","url":"http:\/\/just-now.news\/de\/wp-content\/uploads\/sites\/3\/2022\/04\/logo500x500.jpg","contentUrl":"http:\/\/just-now.news\/de\/wp-content\/uploads\/sites\/3\/2022\/04\/logo500x500.jpg","width":500,"height":500,"caption":"Just Now News"},"image":{"@id":"https:\/\/now-news.de\/de\/#\/schema\/logo\/image\/"},"sameAs":["https:\/\/www.facebook.com\/wirmachenauf","https:\/\/x.com\/WirMachenAuf_de"]},{"@type":"Person","@id":"https:\/\/now-news.de\/de\/#\/schema\/person\/fb534a4e865501d8b3285208df34a9b5","name":"rtnews","image":{"@type":"ImageObject","inLanguage":"de","@id":"https:\/\/now-news.de\/de\/#\/schema\/person\/image\/","url":"https:\/\/secure.gravatar.com\/avatar\/82aafea7d8127119dd649515f56e2117?s=96&d=mm&r=g","contentUrl":"https:\/\/secure.gravatar.com\/avatar\/82aafea7d8127119dd649515f56e2117?s=96&d=mm&r=g","caption":"rtnews"},"url":"https:\/\/now-news.de\/de\/author\/rnews\/"}]}},"_links":{"self":[{"href":"https:\/\/now-news.de\/de\/wp-json\/wp\/v2\/posts\/81534"}],"collection":[{"href":"https:\/\/now-news.de\/de\/wp-json\/wp\/v2\/posts"}],"about":[{"href":"https:\/\/now-news.de\/de\/wp-json\/wp\/v2\/types\/post"}],"author":[{"embeddable":true,"href":"https:\/\/now-news.de\/de\/wp-json\/wp\/v2\/users\/3"}],"replies":[{"embeddable":true,"href":"https:\/\/now-news.de\/de\/wp-json\/wp\/v2\/comments?post=81534"}],"version-history":[{"count":0,"href":"https:\/\/now-news.de\/de\/wp-json\/wp\/v2\/posts\/81534\/revisions"}],"wp:featuredmedia":[{"embeddable":true,"href":"https:\/\/now-news.de\/de\/wp-json\/wp\/v2\/media\/81535"}],"wp:attachment":[{"href":"https:\/\/now-news.de\/de\/wp-json\/wp\/v2\/media?parent=81534"}],"wp:term":[{"taxonomy":"category","embeddable":true,"href":"https:\/\/now-news.de\/de\/wp-json\/wp\/v2\/categories?post=81534"},{"taxonomy":"post_tag","embeddable":true,"href":"https:\/\/now-news.de\/de\/wp-json\/wp\/v2\/tags?post=81534"}],"curies":[{"name":"wp","href":"https:\/\/api.w.org\/{rel}","templated":true}]}}