{"id":81505,"date":"2025-04-02T22:03:24","date_gmt":"2025-04-02T20:03:24","guid":{"rendered":"https:\/\/now-news.de\/de\/deutschland\/tag-der-befreiung-trump-wird-eine-weltweite-umverteilung-des-zugangs-zum-us-markt-in-gang-setzen\/"},"modified":"2025-04-02T22:03:24","modified_gmt":"2025-04-02T20:03:24","slug":"tag-der-befreiung-trump-wird-eine-weltweite-umverteilung-des-zugangs-zum-us-markt-in-gang-setzen","status":"publish","type":"post","link":"https:\/\/now-news.de\/de\/deutschland\/tag-der-befreiung-trump-wird-eine-weltweite-umverteilung-des-zugangs-zum-us-markt-in-gang-setzen\/","title":{"rendered":"&quot;Tag der Befreiung&quot; \u2013 Trump wird eine weltweite Umverteilung des Zugangs zum US-Markt in Gang setzen"},"content":{"rendered":"<p><img decoding=\"async\" src=\"https:\/\/now-news.de\/de\/wp-content\/uploads\/sites\/3\/2025\/04\/67ed891d48fbef639d578615.jpg\" \/><\/p>\n<div class=\"Text-root Text-type_1 \">\n                Donald Trump hat den 2. April als den &#8220;Tag der Befreiung&#8221; bezeichnet. An diesem Tag sollen hohe Einfuhrz\u00f6lle in H\u00f6he von Billionen von US-Dollar in Kraft treten. Nach Ansicht von Experten wird die ganze Welt um den Zugang zum US-amerikanischen Markt konkurrieren. Die Welt bereitet sich bereits auf die Folgen eines solchen Konflikts vor.\n            <\/div>\n<p><\/p>\n<div class=\"Text-root Text-type_5 ArticleView-text ViewText-root \">\n<p><em>Von Olga Samofalowa<\/em><\/p>\n<p>F\u00fcr den heutigen Tag hat US-Pr\u00e4sident Donald Trump die Verh\u00e4ngung umfangreicher Handelsz\u00f6lle angek\u00fcndigt, die sich auf Billionen von US-Dollar belaufen k\u00f6nnten. Die Z\u00f6lle auf Kraftfahrzeuge sollen am 3. April in Kraft treten. Gleichzeitig bleibt jedoch unklar, welche L\u00e4nder diese Z\u00f6lle betreffen werden \u2013 alle 200 L\u00e4nder, mit denen die USA Handel treiben, oder nur 15 L\u00e4nder. Auch ist offen, wie hoch die Z\u00f6lle sein und welche Waren darunter fallen werden.<\/p>\n<p>Nach Angaben des <em>Wall Street Journal<\/em> brachte Trump vor Kurzem erneut die Idee ein, umfassende Z\u00f6lle in H\u00f6he von 20 Prozent auf alle Waren im Wert von mehr als drei Billionen US-Dollar zu erheben, die die USA j\u00e4hrlich einf\u00fchren. Damit w\u00fcrden die Einfuhrz\u00f6lle insgesamt wieder den H\u00f6chststand aus der Zeit der Gro\u00dfen Depression in den 1930er-Jahren erreichen. Peter Navarro, ein Berater des Wei\u00dfen Hauses, hatte am Vortag erkl\u00e4rt, dass diese Z\u00f6lle innerhalb eines Jahrzehnts Einnahmen in H\u00f6he von sechs Billionen US-Dollar generieren w\u00fcrden, was in etwa einem 20-Prozent-Zolltarif entspricht. Die Intrige h\u00e4lt bis zum heutigen Tag an.<\/p>\n<p>Doch die Welt ahnt bereits jetzt die Folgen dieser Entscheidung des neuen US-Pr\u00e4sidenten. Der Effekt ist bereits sp\u00fcrbar, noch bevor die Z\u00f6lle in Kraft getreten sind. So bricht der Goldpreis historische Rekorde und liegt bereits bei einem Wert von 3.128 US-Dollar pro Unze. F\u00fcr Gold war das erste Quartal 2025 das beste seit 1986. Einen solchen Preisanstieg gab es seit 36 Jahren nicht mehr: In diesem Quartal stieg der Goldpreis um mehr als 18 Prozent. Andere Metalle \u2013 Silber, Platin und Palladium \u2013 verzeichnen ebenfalls einen Preisanstieg. Gold dient traditionell als sicherer Rohstoff, in den Investoren ihr Geld stecken, um Krisen und Turbulenzen abzuwarten.<\/p>\n<p>Angesichts der erwarteten Auswirkungen von Zolltarifen und des prognostizierten schw\u00e4cheren US-amerikanischen und europ\u00e4ischen Wirtschaftswachstums korrigierten die Strategieexperten von Goldman Sachs ihre Prognosen f\u00fcr die europ\u00e4ischen Aktienrenditen nach unten \u2013 und das, obwohl europ\u00e4ische Aktien im Vorfeld eines historischen Aufschwungs bei den Verteidigungsausgaben die gr\u00f6\u00dften Zufl\u00fcsse seit einem Jahrzehnt verzeichnen.<\/p>\n<p>China sucht die Kooperation mit Japan und S\u00fcdkorea, um gemeinsam gegen Trumps Handelskrieg vorzugehen. Zugleich versichert Peking, dass es bereit ist, mit Gegensanktionen zur\u00fcckzuschlagen.<\/p>\n<p>Die USA haben ein riesiges Handelsdefizit mit China, der Europ\u00e4ischen Union, Mexiko, Vietnam, Taiwan, Japan, S\u00fcdkorea, Kanada, Indien, Thailand, der Schweiz und einer Reihe anderer L\u00e4nder <a>\u2013<\/a> in absteigender Reihenfolge. Das hei\u00dft, alle diese L\u00e4nder liefern den USA deutlich mehr Waren, als sie von Amerika kaufen. Und dieser Umstand ver\u00e4rgert Donald Trump sehr, der den Welthandel dahingehend umgestalten will, dass diese Handelsbilanzverzerrungen korrigiert werden.<\/p>\n<p>Der erste Versuch wurde 2019 unternommen \u2013 war aber erfolglos. F\u00fcr die USA \u00e4nderte sich nichts, w\u00e4hrend China in der Zwischenzeit seine Exporte steigerte, indem es sie einfach auf andere asiatische L\u00e4nder ausweitete: Dank Washington gelang es Peking, seinen Fokus auf andere M\u00e4rkte zu richten. Doch dieses Mal scheint es anders zu kommen.<\/p>\n<p>Olga Belenkaja, die Leiterin der Abteilung f\u00fcr makro\u00f6konomische Analysen bei der Finanzgruppe &#8220;Finam&#8221;, erl\u00e4utert: &#8220;Die Zollkriege gewinnen an Dynamik und weiten sich sowohl l\u00e4nder- als auch branchenspezifisch aus. Es steht bereits fest, dass der Zollkrieg 2.0 h\u00e4rter und umfassender ausfallen wird als die vorherige &#8216;Serie&#8217; von 2018 bis 2019. Einfache L\u00f6sungen wie die Produktionsverlagerung in Drittl\u00e4nder, um Z\u00f6lle zu vermeiden, sind nicht mehr so wirksam wie bisher.&#8221;<\/p>\n<p>Dazu kommt Natalia Miltschakowa, leitende Analystin bei Freedom Finance Global, zu der Einsch\u00e4tzung:<\/p>\n<p><em><a>&#8220;<\/a>Dies ist unserer Ansicht nach keine Wiederholung von 2019, als Trump einen Handelskrieg mit China ausl\u00f6ste. Vielmehr ist es eine R\u00fcckkehr zur \u00c4ra der Marktk\u00e4mpfe des 19. Jahrhunderts. Damals konkurrierten die europ\u00e4ischen L\u00e4nder miteinander um die Kolonien und ihre Ressourcen, heute konkurriert praktisch die ganze Welt um den Zugang zum US-Markt, und Pr\u00e4sident Trump versucht, genau das zugunsten seines Landes auszunutzen.&#8221;<\/em><\/p>\n<p>Ihrer Ansicht nach sind Trumps Handelsz\u00f6lle keine Botschaft an die ganze Welt, zum gegenseitigen Wohlwollen miteinander Handel zu treiben, sondern eine Einladung zu gegenseitigem Feilschen und zum Einsatz von Z\u00f6llen als geo\u00f6konomische und geopolitische Waffe. Miltschakowa meint:<\/p>\n<p><em>&#8220;Dies k\u00f6nnte dazu f\u00fchren, dass die Weltm\u00e4rkte zwischen den USA und denjenigen L\u00e4ndern aufgeteilt werden, die ihre Au\u00dfenhandelsinteressen am st\u00e4rksten verteidigen, indem sie Druck auf die USA aus\u00fcben, wie es beispielsweise China in einer &#8216;Allianz&#8217; mit Japan und S\u00fcdkorea anstrebt.&#8221;<\/em><\/p>\n<p>Viele L\u00e4nder versuchen, mit Trump eine Einigung zu erzielen. So bot Indien den USA beispielsweise an, die Z\u00f6lle auf amerikanische Produkte, darunter Mandeln und Preiselbeeren, zu senken. Mit Trump zu verhandeln ist jedoch schwierig, da aufgrund seiner widerspr\u00fcchlichen \u00c4u\u00dferungen nicht klar ist, was genau er eigentlich bezweckt.<\/p>\n<p>F\u00fcr den Fall, dass die Verhandlungen scheitern, haben viele L\u00e4nder Gegenma\u00dfnahmen angek\u00fcndigt. Die EU k\u00f6nnte zum Beispiel gro\u00dfe US-Tech-Unternehmen wie Alphabet oder Finanzunternehmen wie PayPal ins Visier nehmen. Auch China h\u00e4tte eine Vielzahl von M\u00f6glichkeiten \u2013 von der Aus\u00fcbung von Druck auf Tesla bis zur Abwertung des Yuan. Zudem verf\u00fcgt China \u00fcber Seltene Erden: Wenn das Reich der Mitte die Einfuhr dieser Metalle in die USA verbietet, droht vielen Akteuren der Technologiebranche der Garaus.<\/p>\n<p>Ein Handelskrieg hat negative Folgen f\u00fcr alle, auch f\u00fcr die USA selbst. Die Amerikaner werden zweifellos mehr f\u00fcr die gleichen Waren bezahlen m\u00fcssen, die Inflation wird steigen, und die US-Notenbank Fed wird es schwer haben, die Zinsen zu senken.<\/p>\n<p>Zweitens werden die USA nach Ansicht von Belenkaja durch die Zerst\u00f6rung von Produktionsketten und Gegenma\u00dfnahmen an Wirtschaftswachstum und Arbeitspl\u00e4tzen verlieren \u2013 die Rezessions\u00e4ngste auf dem Markt stiegen im M\u00e4rz. Andererseits werde der Staatshaushalt durch die Z\u00f6lle zus\u00e4tzliche Einnahmen erhalten. Diese Einnahmen, so die Expertin weiter, sollten laut Trump die Steuerausf\u00e4lle ausgleichen, die durch die Verl\u00e4ngerung der befristeten Steuererleichterungen im Rahmen des Gesetzes von 2017 und durch weitere Steuersenkungen, zum Beispiel f\u00fcr US-Produktionsunternehmen, entstehen.<\/p>\n<p>Auch die von den US-Z\u00f6llen betroffenen L\u00e4nder werden dadurch beeintr\u00e4chtigt. Sie werden mit einem R\u00fcckgang der Exporteinnahmen, dem Verlust von Wirtschaftswachstum und Arbeitspl\u00e4tzen sowie der Notwendigkeit konfrontiert sein, ihre Exporte in andere Richtungen umzustellen und\/oder die Binnennachfrage zu stimulieren. Belenkaja sagt: &#8220;W\u00e4hrend die chinesischen Beh\u00f6rden versuchen, die inl\u00e4ndische Verbrauchernachfrage und die Technologie zu f\u00f6rdern, setzen die EU-Politiker auf eine Steigerung der Verteidigungs- und Infrastrukturausgaben.&#8221; Alle erwarten f\u00fcr das Jahr 2025 eine Verlangsamung des globalen Wirtschaftswachstums.<\/p>\n<p><em>\u00dcbersetzt aus dem <a rel=\"nofollow noopener\" target=\"_blank\" href=\"https:\/\/vz.ru\/economy\/2025\/4\/2\/1323248.html\">Russischen<\/a>. Der Artikel ist am 2. April 2025 zuerst auf der Homepage der Zeitung Wsgljad erschienen.<\/em><\/p>\n<p><strong>Mehr zum Thema<\/strong> &#8211; <a rel=\"nofollow noopener\" target=\"_blank\" href=\"https:\/\/dert.site\/wirtschaft\/240950-trump-wird-globalen-automarkt-umgestalten\/\">Trump wird den globalen Automarkt bis zur Unkenntlichkeit umgestalten<\/a><em><br \/><\/em><\/p>\n<div class=\"EmbedBlock-root EmbedBlock-externalVideo EmbedBlock-rumble\">\n<div class=\"VkEmbed\"><iframe class=\"lazyload\" data-src=\"https:\/\/rumble.com\/embed\/v6pd23n\" frameborder=\"0\" width=\"853\" height=\"480\" allowfullscreen><\/iframe><\/div>\n<\/div>\n<\/div>\n<p><br \/>\n<br \/><a href=\"https:\/\/de.rt.com\/nordamerika\/241409-tag-befreiung-trump-wird-weltweite\/\">Source link <\/a><\/p>\n","protected":false},"excerpt":{"rendered":"<p>Donald Trump hat den 2. April als den &#8220;Tag der Befreiung&#8221; bezeichnet. An diesem Tag sollen hohe Einfuhrz\u00f6lle in H\u00f6he von Billionen von US-Dollar in Kraft treten. Nach Ansicht von Experten wird die ganze Welt um den Zugang zum US-amerikanischen Markt konkurrieren. Die Welt bereitet sich bereits auf die Folgen eines solchen Konflikts vor. Von [&hellip;]<\/p>\n","protected":false},"author":3,"featured_media":81506,"comment_status":"open","ping_status":"open","sticky":false,"template":"","format":"standard","meta":{"_yoast_indexnow_last_ping":["1743656568"],"wp_automatic_camp":["217"],"5deee6a9a2e11d7e6278551a58bca949":["&quot;Tag der Befreiung&quot; \u2013 Trump wird eine weltweite Umverteilung des Zugangs zum US-Markt in Gang setzen"],"original_link":["https:\/\/de.rt.com\/nordamerika\/241409-tag-befreiung-trump-wird-weltweite\/"],"_thumbnail_id":["81506"],"jnews_social_counter_last_update":["1777258240"],"_wptgpro_p2tg_sent2tg":["a:1:{i:23737;s:19:\"2025-04-03 07:03:46\";}"]},"categories":[19,23],"tags":[52881,82,583,275,19929,44038,19207,1639,596,36694,2829,374,64004,565],"yoast_head":"<!-- This site is optimized with the Yoast SEO Premium plugin v22.7 (Yoast SEO v22.7) - https:\/\/yoast.com\/wordpress\/plugins\/seo\/ -->\n<title>&quot;Tag der Befreiung&quot; \u2013 Trump wird eine weltweite Umverteilung des Zugangs zum US-Markt in Gang setzen - just-now.NEWS Deutschland<\/title>\n<meta name=\"robots\" content=\"index, follow, max-snippet:-1, max-image-preview:large, max-video-preview:-1\" \/>\n<link rel=\"canonical\" href=\"https:\/\/now-news.de\/de\/deutschland\/tag-der-befreiung-trump-wird-eine-weltweite-umverteilung-des-zugangs-zum-us-markt-in-gang-setzen\/\" \/>\n<meta property=\"og:locale\" content=\"de_DE\" \/>\n<meta property=\"og:type\" content=\"article\" \/>\n<meta property=\"og:title\" content=\"&quot;Tag der Befreiung&quot; \u2013 Trump wird eine weltweite Umverteilung des Zugangs zum US-Markt in Gang setzen\" \/>\n<meta property=\"og:description\" content=\"Donald Trump hat den 2. April als den &#8220;Tag der Befreiung&#8221; bezeichnet. An diesem Tag sollen hohe Einfuhrz\u00f6lle in H\u00f6he von Billionen von US-Dollar in Kraft treten. Nach Ansicht von Experten wird die ganze Welt um den Zugang zum US-amerikanischen Markt konkurrieren. Die Welt bereitet sich bereits auf die Folgen eines solchen Konflikts vor. Von [&hellip;]\" \/>\n<meta property=\"og:url\" content=\"https:\/\/now-news.de\/de\/deutschland\/tag-der-befreiung-trump-wird-eine-weltweite-umverteilung-des-zugangs-zum-us-markt-in-gang-setzen\/\" \/>\n<meta property=\"og:site_name\" content=\"just-now.NEWS Deutschland\" \/>\n<meta property=\"article:publisher\" content=\"https:\/\/www.facebook.com\/wirmachenauf\" \/>\n<meta property=\"article:published_time\" content=\"2025-04-02T20:03:24+00:00\" \/>\n<meta property=\"og:image\" content=\"https:\/\/now-news.de\/de\/wp-content\/uploads\/sites\/3\/2025\/04\/67ed891d48fbef639d578615.jpg\" \/>\n<meta name=\"author\" content=\"rtnews\" \/>\n<meta name=\"twitter:card\" content=\"summary_large_image\" \/>\n<meta name=\"twitter:creator\" content=\"@WirMachenAuf_de\" \/>\n<meta name=\"twitter:site\" content=\"@WirMachenAuf_de\" \/>\n<meta name=\"twitter:label1\" content=\"Verfasst von\" \/>\n\t<meta name=\"twitter:data1\" content=\"rtnews\" \/>\n\t<meta name=\"twitter:label2\" content=\"Gesch\u00e4tzte Lesezeit\" \/>\n\t<meta name=\"twitter:data2\" content=\"6\u00a0Minuten\" \/>\n<script type=\"application\/ld+json\" class=\"yoast-schema-graph\">{\"@context\":\"https:\/\/schema.org\",\"@graph\":[{\"@type\":\"Article\",\"@id\":\"https:\/\/now-news.de\/de\/deutschland\/tag-der-befreiung-trump-wird-eine-weltweite-umverteilung-des-zugangs-zum-us-markt-in-gang-setzen\/#article\",\"isPartOf\":{\"@id\":\"https:\/\/now-news.de\/de\/deutschland\/tag-der-befreiung-trump-wird-eine-weltweite-umverteilung-des-zugangs-zum-us-markt-in-gang-setzen\/\"},\"author\":{\"name\":\"rtnews\",\"@id\":\"https:\/\/now-news.de\/de\/#\/schema\/person\/fb534a4e865501d8b3285208df34a9b5\"},\"headline\":\"&quot;Tag der Befreiung&quot; \u2013 Trump wird eine weltweite Umverteilung des Zugangs zum US-Markt in Gang setzen\",\"datePublished\":\"2025-04-02T20:03:24+00:00\",\"dateModified\":\"2025-04-02T20:03:24+00:00\",\"mainEntityOfPage\":{\"@id\":\"https:\/\/now-news.de\/de\/deutschland\/tag-der-befreiung-trump-wird-eine-weltweite-umverteilung-des-zugangs-zum-us-markt-in-gang-setzen\/\"},\"wordCount\":1184,\"commentCount\":0,\"publisher\":{\"@id\":\"https:\/\/now-news.de\/de\/#organization\"},\"image\":{\"@id\":\"https:\/\/now-news.de\/de\/deutschland\/tag-der-befreiung-trump-wird-eine-weltweite-umverteilung-des-zugangs-zum-us-markt-in-gang-setzen\/#primaryimage\"},\"thumbnailUrl\":\"https:\/\/now-news.de\/de\/wp-content\/uploads\/sites\/3\/2025\/04\/quotTag-der-Befreiungquot-\u2013-Trump-wird-eine-weltweite-Umverteilung-des.jpg\",\"keywords\":[\"Befreiungquot\",\"der\",\"des\",\"eine\",\"Gang\",\"quotTag\",\"setzen\",\"trump\",\"Umverteilung\",\"USMarkt\",\"weltweite\",\"wird\",\"Zugangs\",\"zum\"],\"articleSection\":[\"Deutschland\",\"Russland\"],\"inLanguage\":\"de\",\"potentialAction\":[{\"@type\":\"CommentAction\",\"name\":\"Comment\",\"target\":[\"https:\/\/now-news.de\/de\/deutschland\/tag-der-befreiung-trump-wird-eine-weltweite-umverteilung-des-zugangs-zum-us-markt-in-gang-setzen\/#respond\"]}]},{\"@type\":\"WebPage\",\"@id\":\"https:\/\/now-news.de\/de\/deutschland\/tag-der-befreiung-trump-wird-eine-weltweite-umverteilung-des-zugangs-zum-us-markt-in-gang-setzen\/\",\"url\":\"https:\/\/now-news.de\/de\/deutschland\/tag-der-befreiung-trump-wird-eine-weltweite-umverteilung-des-zugangs-zum-us-markt-in-gang-setzen\/\",\"name\":\"&quot;Tag der Befreiung&quot; \u2013 Trump wird eine weltweite Umverteilung des Zugangs zum US-Markt in Gang setzen - just-now.NEWS Deutschland\",\"isPartOf\":{\"@id\":\"https:\/\/now-news.de\/de\/#website\"},\"primaryImageOfPage\":{\"@id\":\"https:\/\/now-news.de\/de\/deutschland\/tag-der-befreiung-trump-wird-eine-weltweite-umverteilung-des-zugangs-zum-us-markt-in-gang-setzen\/#primaryimage\"},\"image\":{\"@id\":\"https:\/\/now-news.de\/de\/deutschland\/tag-der-befreiung-trump-wird-eine-weltweite-umverteilung-des-zugangs-zum-us-markt-in-gang-setzen\/#primaryimage\"},\"thumbnailUrl\":\"https:\/\/now-news.de\/de\/wp-content\/uploads\/sites\/3\/2025\/04\/quotTag-der-Befreiungquot-\u2013-Trump-wird-eine-weltweite-Umverteilung-des.jpg\",\"datePublished\":\"2025-04-02T20:03:24+00:00\",\"dateModified\":\"2025-04-02T20:03:24+00:00\",\"breadcrumb\":{\"@id\":\"https:\/\/now-news.de\/de\/deutschland\/tag-der-befreiung-trump-wird-eine-weltweite-umverteilung-des-zugangs-zum-us-markt-in-gang-setzen\/#breadcrumb\"},\"inLanguage\":\"de\",\"potentialAction\":[{\"@type\":\"ReadAction\",\"target\":[\"https:\/\/now-news.de\/de\/deutschland\/tag-der-befreiung-trump-wird-eine-weltweite-umverteilung-des-zugangs-zum-us-markt-in-gang-setzen\/\"]}]},{\"@type\":\"ImageObject\",\"inLanguage\":\"de\",\"@id\":\"https:\/\/now-news.de\/de\/deutschland\/tag-der-befreiung-trump-wird-eine-weltweite-umverteilung-des-zugangs-zum-us-markt-in-gang-setzen\/#primaryimage\",\"url\":\"https:\/\/now-news.de\/de\/wp-content\/uploads\/sites\/3\/2025\/04\/quotTag-der-Befreiungquot-\u2013-Trump-wird-eine-weltweite-Umverteilung-des.jpg\",\"contentUrl\":\"https:\/\/now-news.de\/de\/wp-content\/uploads\/sites\/3\/2025\/04\/quotTag-der-Befreiungquot-\u2013-Trump-wird-eine-weltweite-Umverteilung-des.jpg\",\"width\":460,\"height\":259,\"caption\":\"&quot;Tag der Befreiung&quot; \u2013 Trump wird eine weltweite Umverteilung des Zugangs zum US-Markt in Gang setzen\"},{\"@type\":\"BreadcrumbList\",\"@id\":\"https:\/\/now-news.de\/de\/deutschland\/tag-der-befreiung-trump-wird-eine-weltweite-umverteilung-des-zugangs-zum-us-markt-in-gang-setzen\/#breadcrumb\",\"itemListElement\":[{\"@type\":\"ListItem\",\"position\":1,\"name\":\"Home\",\"item\":\"https:\/\/now-news.de\/de\/\"},{\"@type\":\"ListItem\",\"position\":2,\"name\":\"&quot;Tag der Befreiung&quot; \u2013 Trump wird eine weltweite Umverteilung des Zugangs zum US-Markt in Gang setzen\"}]},{\"@type\":\"WebSite\",\"@id\":\"https:\/\/now-news.de\/de\/#website\",\"url\":\"https:\/\/now-news.de\/de\/\",\"name\":\"just-now.NEWS Deutschland\",\"description\":\"Das Portal f\u00fcr unzensierte Nachrichten aus der Welt\",\"publisher\":{\"@id\":\"https:\/\/now-news.de\/de\/#organization\"},\"potentialAction\":[{\"@type\":\"SearchAction\",\"target\":{\"@type\":\"EntryPoint\",\"urlTemplate\":\"https:\/\/now-news.de\/de\/?s={search_term_string}\"},\"query-input\":\"required name=search_term_string\"}],\"inLanguage\":\"de\"},{\"@type\":\"Organization\",\"@id\":\"https:\/\/now-news.de\/de\/#organization\",\"name\":\"Just Now News\",\"url\":\"https:\/\/now-news.de\/de\/\",\"logo\":{\"@type\":\"ImageObject\",\"inLanguage\":\"de\",\"@id\":\"https:\/\/now-news.de\/de\/#\/schema\/logo\/image\/\",\"url\":\"http:\/\/just-now.news\/de\/wp-content\/uploads\/sites\/3\/2022\/04\/logo500x500.jpg\",\"contentUrl\":\"http:\/\/just-now.news\/de\/wp-content\/uploads\/sites\/3\/2022\/04\/logo500x500.jpg\",\"width\":500,\"height\":500,\"caption\":\"Just Now News\"},\"image\":{\"@id\":\"https:\/\/now-news.de\/de\/#\/schema\/logo\/image\/\"},\"sameAs\":[\"https:\/\/www.facebook.com\/wirmachenauf\",\"https:\/\/x.com\/WirMachenAuf_de\"]},{\"@type\":\"Person\",\"@id\":\"https:\/\/now-news.de\/de\/#\/schema\/person\/fb534a4e865501d8b3285208df34a9b5\",\"name\":\"rtnews\",\"image\":{\"@type\":\"ImageObject\",\"inLanguage\":\"de\",\"@id\":\"https:\/\/now-news.de\/de\/#\/schema\/person\/image\/\",\"url\":\"https:\/\/secure.gravatar.com\/avatar\/82aafea7d8127119dd649515f56e2117?s=96&d=mm&r=g\",\"contentUrl\":\"https:\/\/secure.gravatar.com\/avatar\/82aafea7d8127119dd649515f56e2117?s=96&d=mm&r=g\",\"caption\":\"rtnews\"},\"url\":\"https:\/\/now-news.de\/de\/author\/rnews\/\"}]}<\/script>\n<!-- \/ Yoast SEO Premium plugin. -->","yoast_head_json":{"title":"&quot;Tag der Befreiung&quot; \u2013 Trump wird eine weltweite Umverteilung des Zugangs zum US-Markt in Gang setzen - just-now.NEWS Deutschland","robots":{"index":"index","follow":"follow","max-snippet":"max-snippet:-1","max-image-preview":"max-image-preview:large","max-video-preview":"max-video-preview:-1"},"canonical":"https:\/\/now-news.de\/de\/deutschland\/tag-der-befreiung-trump-wird-eine-weltweite-umverteilung-des-zugangs-zum-us-markt-in-gang-setzen\/","og_locale":"de_DE","og_type":"article","og_title":"&quot;Tag der Befreiung&quot; \u2013 Trump wird eine weltweite Umverteilung des Zugangs zum US-Markt in Gang setzen","og_description":"Donald Trump hat den 2. April als den &#8220;Tag der Befreiung&#8221; bezeichnet. An diesem Tag sollen hohe Einfuhrz\u00f6lle in H\u00f6he von Billionen von US-Dollar in Kraft treten. Nach Ansicht von Experten wird die ganze Welt um den Zugang zum US-amerikanischen Markt konkurrieren. Die Welt bereitet sich bereits auf die Folgen eines solchen Konflikts vor. Von [&hellip;]","og_url":"https:\/\/now-news.de\/de\/deutschland\/tag-der-befreiung-trump-wird-eine-weltweite-umverteilung-des-zugangs-zum-us-markt-in-gang-setzen\/","og_site_name":"just-now.NEWS Deutschland","article_publisher":"https:\/\/www.facebook.com\/wirmachenauf","article_published_time":"2025-04-02T20:03:24+00:00","og_image":[{"url":"https:\/\/now-news.de\/de\/wp-content\/uploads\/sites\/3\/2025\/04\/67ed891d48fbef639d578615.jpg"}],"author":"rtnews","twitter_card":"summary_large_image","twitter_creator":"@WirMachenAuf_de","twitter_site":"@WirMachenAuf_de","twitter_misc":{"Verfasst von":"rtnews","Gesch\u00e4tzte Lesezeit":"6\u00a0Minuten"},"schema":{"@context":"https:\/\/schema.org","@graph":[{"@type":"Article","@id":"https:\/\/now-news.de\/de\/deutschland\/tag-der-befreiung-trump-wird-eine-weltweite-umverteilung-des-zugangs-zum-us-markt-in-gang-setzen\/#article","isPartOf":{"@id":"https:\/\/now-news.de\/de\/deutschland\/tag-der-befreiung-trump-wird-eine-weltweite-umverteilung-des-zugangs-zum-us-markt-in-gang-setzen\/"},"author":{"name":"rtnews","@id":"https:\/\/now-news.de\/de\/#\/schema\/person\/fb534a4e865501d8b3285208df34a9b5"},"headline":"&quot;Tag der Befreiung&quot; \u2013 Trump wird eine weltweite Umverteilung des Zugangs zum US-Markt in Gang setzen","datePublished":"2025-04-02T20:03:24+00:00","dateModified":"2025-04-02T20:03:24+00:00","mainEntityOfPage":{"@id":"https:\/\/now-news.de\/de\/deutschland\/tag-der-befreiung-trump-wird-eine-weltweite-umverteilung-des-zugangs-zum-us-markt-in-gang-setzen\/"},"wordCount":1184,"commentCount":0,"publisher":{"@id":"https:\/\/now-news.de\/de\/#organization"},"image":{"@id":"https:\/\/now-news.de\/de\/deutschland\/tag-der-befreiung-trump-wird-eine-weltweite-umverteilung-des-zugangs-zum-us-markt-in-gang-setzen\/#primaryimage"},"thumbnailUrl":"https:\/\/now-news.de\/de\/wp-content\/uploads\/sites\/3\/2025\/04\/quotTag-der-Befreiungquot-\u2013-Trump-wird-eine-weltweite-Umverteilung-des.jpg","keywords":["Befreiungquot","der","des","eine","Gang","quotTag","setzen","trump","Umverteilung","USMarkt","weltweite","wird","Zugangs","zum"],"articleSection":["Deutschland","Russland"],"inLanguage":"de","potentialAction":[{"@type":"CommentAction","name":"Comment","target":["https:\/\/now-news.de\/de\/deutschland\/tag-der-befreiung-trump-wird-eine-weltweite-umverteilung-des-zugangs-zum-us-markt-in-gang-setzen\/#respond"]}]},{"@type":"WebPage","@id":"https:\/\/now-news.de\/de\/deutschland\/tag-der-befreiung-trump-wird-eine-weltweite-umverteilung-des-zugangs-zum-us-markt-in-gang-setzen\/","url":"https:\/\/now-news.de\/de\/deutschland\/tag-der-befreiung-trump-wird-eine-weltweite-umverteilung-des-zugangs-zum-us-markt-in-gang-setzen\/","name":"&quot;Tag der Befreiung&quot; \u2013 Trump wird eine weltweite Umverteilung des Zugangs zum US-Markt in Gang setzen - just-now.NEWS Deutschland","isPartOf":{"@id":"https:\/\/now-news.de\/de\/#website"},"primaryImageOfPage":{"@id":"https:\/\/now-news.de\/de\/deutschland\/tag-der-befreiung-trump-wird-eine-weltweite-umverteilung-des-zugangs-zum-us-markt-in-gang-setzen\/#primaryimage"},"image":{"@id":"https:\/\/now-news.de\/de\/deutschland\/tag-der-befreiung-trump-wird-eine-weltweite-umverteilung-des-zugangs-zum-us-markt-in-gang-setzen\/#primaryimage"},"thumbnailUrl":"https:\/\/now-news.de\/de\/wp-content\/uploads\/sites\/3\/2025\/04\/quotTag-der-Befreiungquot-\u2013-Trump-wird-eine-weltweite-Umverteilung-des.jpg","datePublished":"2025-04-02T20:03:24+00:00","dateModified":"2025-04-02T20:03:24+00:00","breadcrumb":{"@id":"https:\/\/now-news.de\/de\/deutschland\/tag-der-befreiung-trump-wird-eine-weltweite-umverteilung-des-zugangs-zum-us-markt-in-gang-setzen\/#breadcrumb"},"inLanguage":"de","potentialAction":[{"@type":"ReadAction","target":["https:\/\/now-news.de\/de\/deutschland\/tag-der-befreiung-trump-wird-eine-weltweite-umverteilung-des-zugangs-zum-us-markt-in-gang-setzen\/"]}]},{"@type":"ImageObject","inLanguage":"de","@id":"https:\/\/now-news.de\/de\/deutschland\/tag-der-befreiung-trump-wird-eine-weltweite-umverteilung-des-zugangs-zum-us-markt-in-gang-setzen\/#primaryimage","url":"https:\/\/now-news.de\/de\/wp-content\/uploads\/sites\/3\/2025\/04\/quotTag-der-Befreiungquot-\u2013-Trump-wird-eine-weltweite-Umverteilung-des.jpg","contentUrl":"https:\/\/now-news.de\/de\/wp-content\/uploads\/sites\/3\/2025\/04\/quotTag-der-Befreiungquot-\u2013-Trump-wird-eine-weltweite-Umverteilung-des.jpg","width":460,"height":259,"caption":"&quot;Tag der Befreiung&quot; \u2013 Trump wird eine weltweite Umverteilung des Zugangs zum US-Markt in Gang setzen"},{"@type":"BreadcrumbList","@id":"https:\/\/now-news.de\/de\/deutschland\/tag-der-befreiung-trump-wird-eine-weltweite-umverteilung-des-zugangs-zum-us-markt-in-gang-setzen\/#breadcrumb","itemListElement":[{"@type":"ListItem","position":1,"name":"Home","item":"https:\/\/now-news.de\/de\/"},{"@type":"ListItem","position":2,"name":"&quot;Tag der Befreiung&quot; \u2013 Trump wird eine weltweite Umverteilung des Zugangs zum US-Markt in Gang setzen"}]},{"@type":"WebSite","@id":"https:\/\/now-news.de\/de\/#website","url":"https:\/\/now-news.de\/de\/","name":"just-now.NEWS Deutschland","description":"Das Portal f\u00fcr unzensierte Nachrichten aus der Welt","publisher":{"@id":"https:\/\/now-news.de\/de\/#organization"},"potentialAction":[{"@type":"SearchAction","target":{"@type":"EntryPoint","urlTemplate":"https:\/\/now-news.de\/de\/?s={search_term_string}"},"query-input":"required name=search_term_string"}],"inLanguage":"de"},{"@type":"Organization","@id":"https:\/\/now-news.de\/de\/#organization","name":"Just Now News","url":"https:\/\/now-news.de\/de\/","logo":{"@type":"ImageObject","inLanguage":"de","@id":"https:\/\/now-news.de\/de\/#\/schema\/logo\/image\/","url":"http:\/\/just-now.news\/de\/wp-content\/uploads\/sites\/3\/2022\/04\/logo500x500.jpg","contentUrl":"http:\/\/just-now.news\/de\/wp-content\/uploads\/sites\/3\/2022\/04\/logo500x500.jpg","width":500,"height":500,"caption":"Just Now News"},"image":{"@id":"https:\/\/now-news.de\/de\/#\/schema\/logo\/image\/"},"sameAs":["https:\/\/www.facebook.com\/wirmachenauf","https:\/\/x.com\/WirMachenAuf_de"]},{"@type":"Person","@id":"https:\/\/now-news.de\/de\/#\/schema\/person\/fb534a4e865501d8b3285208df34a9b5","name":"rtnews","image":{"@type":"ImageObject","inLanguage":"de","@id":"https:\/\/now-news.de\/de\/#\/schema\/person\/image\/","url":"https:\/\/secure.gravatar.com\/avatar\/82aafea7d8127119dd649515f56e2117?s=96&d=mm&r=g","contentUrl":"https:\/\/secure.gravatar.com\/avatar\/82aafea7d8127119dd649515f56e2117?s=96&d=mm&r=g","caption":"rtnews"},"url":"https:\/\/now-news.de\/de\/author\/rnews\/"}]}},"_links":{"self":[{"href":"https:\/\/now-news.de\/de\/wp-json\/wp\/v2\/posts\/81505"}],"collection":[{"href":"https:\/\/now-news.de\/de\/wp-json\/wp\/v2\/posts"}],"about":[{"href":"https:\/\/now-news.de\/de\/wp-json\/wp\/v2\/types\/post"}],"author":[{"embeddable":true,"href":"https:\/\/now-news.de\/de\/wp-json\/wp\/v2\/users\/3"}],"replies":[{"embeddable":true,"href":"https:\/\/now-news.de\/de\/wp-json\/wp\/v2\/comments?post=81505"}],"version-history":[{"count":0,"href":"https:\/\/now-news.de\/de\/wp-json\/wp\/v2\/posts\/81505\/revisions"}],"wp:featuredmedia":[{"embeddable":true,"href":"https:\/\/now-news.de\/de\/wp-json\/wp\/v2\/media\/81506"}],"wp:attachment":[{"href":"https:\/\/now-news.de\/de\/wp-json\/wp\/v2\/media?parent=81505"}],"wp:term":[{"taxonomy":"category","embeddable":true,"href":"https:\/\/now-news.de\/de\/wp-json\/wp\/v2\/categories?post=81505"},{"taxonomy":"post_tag","embeddable":true,"href":"https:\/\/now-news.de\/de\/wp-json\/wp\/v2\/tags?post=81505"}],"curies":[{"name":"wp","href":"https:\/\/api.w.org\/{rel}","templated":true}]}}