{"id":81452,"date":"2025-04-02T13:56:00","date_gmt":"2025-04-02T11:56:00","guid":{"rendered":"https:\/\/now-news.de\/de\/deutschland\/suedkoreas-verfassungsgericht-entscheidet-am-freitag-ueber-yoons-amtsenthebung\/"},"modified":"2025-04-02T13:56:00","modified_gmt":"2025-04-02T11:56:00","slug":"suedkoreas-verfassungsgericht-entscheidet-am-freitag-ueber-yoons-amtsenthebung","status":"publish","type":"post","link":"https:\/\/now-news.de\/de\/deutschland\/suedkoreas-verfassungsgericht-entscheidet-am-freitag-ueber-yoons-amtsenthebung\/","title":{"rendered":"S\u00fcdkoreas Verfassungsgericht entscheidet am Freitag \u00fcber Yoons Amtsenthebung"},"content":{"rendered":"<p><img decoding=\"async\" src=\"https:\/\/now-news.de\/de\/wp-content\/uploads\/sites\/3\/2025\/04\/67ed025a48fbef63e4636a08.jpg\" \/><\/p>\n<div class=\"Text-root Text-type_1 \">\n                Gegen S\u00fcdkoreas Pr\u00e4sident Yoon wird wegen der Verh\u00e4ngung des Kriegsrechts im Dezember 2024 ermittelt. Yoon, dem ein Amtsenthebungsverfahren und gar die Todesstrafe drohen, wirft der Opposition einen versuchten Staatsstreich und Sympathien f\u00fcr die DVRK vor.\n            <\/div>\n<p><\/p>\n<div class=\"Text-root Text-type_5 ArticleView-text ViewText-root \">\n<p>Das s\u00fcdkoreanische Verfassungsgericht, das die Amtsenthebung von Pr\u00e4sident Yoon Suk-yeol pr\u00fcft, wird am Freitag das Urteil f\u00e4llen, ob der Politiker dauerhaft seines Amtes enthoben oder wieder in sein Amt eingesetzt wird, <a rel=\"nofollow noopener\" target=\"_blank\" href=\"https:\/\/www.reuters.com\/world\/asia-pacific\/south-korea-constitutional-court-rule-yoons-impeachment-april-4-2025-04-01\/\">berichtet<\/a> die Nachrichtenagentur <em>Reuters<\/em>.<\/p>\n<p>Wie es hei\u00dft, werde die Entscheidung w\u00e4hrend einer Live-\u00dcbertragung der Sitzung verk\u00fcndet.<\/p>\n<p>Um ein Urteil zu f\u00e4llen, sind die Stimmen von mindestens sechs der neun Richter des Verfassungsgerichts erforderlich. Derzeit fehlt dem Gremium ein Mitglied.<\/p>\n<p>Am 14. Dezember vergangenen Jahres wurde Yoon vom Parlament seines Amtes enthoben, nachdem die Opposition ihm vorgeworfen hatte, mit der vor\u00fcbergehenden Verh\u00e4ngung des Kriegsrechts am 3. Dezember ohne rechtm\u00e4\u00dfige Gr\u00fcnde gegen seine verfassungsm\u00e4\u00dfigen Pflichten versto\u00dfen zu haben.<\/p>\n<p>Yoon hingegen erkl\u00e4rte, er habe nicht die Absicht gehabt, das Kriegsrecht dauerhaft zu verh\u00e4ngen, sondern mit der Ma\u00dfnahme Alarm schlagen wollen. Laut Yoon habe die oppositionelle Demokratische Partei ihre parlamentarische Mehrheit missbraucht. Er beschuldigte die Opposition, mit der DVRK zu sympathisieren und eine Rebellion vorzubereiten.<\/p>\n<p>In seiner j\u00fcngsten Erkl\u00e4rung, bevor das Gericht die Amtsenthebungsanh\u00f6rungen am 25. Februar beendete, sagte Yoon, seine Entscheidung \u00fcber die Verh\u00e4ngung des kurzzeitigen Kriegsrechts sei ein Appell an das Volk gewesen, sich staatsfeindlichen Kr\u00e4ften und Sympathisanten der DVRK in den Reihen der Opposition zu widersetzen.<\/p>\n<p><em>Reuters<\/em> schreibt, die Wartezeit bis zur Entscheidung des Gerichts habe zu einer Auseinandersetzung zwischen den oppositionellen Parteien gef\u00fchrt. Yoons Regierungspartei fordert seine Wiedereinsetzung, w\u00e4hrend die Opposition darauf pocht, dass seine R\u00fcckkehr der verfassungsm\u00e4\u00dfigen Ordnung des Landes einen schweren Schlag versetzen w\u00fcrde.<\/p>\n<p>Au\u00dferdem habe sich infolge der Krise die Spaltung der \u00d6ffentlichkeit vertieft. Gro\u00dfe Menschenmengen versammelten sich in den Stra\u00dfen zu Kundgebungen f\u00fcr und gegen Yoons Absetzung, so die Agentur weiter. Die Polizei bereite sich auf m\u00f6gliche Unruhen nach der Urteilsverk\u00fcndung vor.<\/p>\n<p>Laut Angaben der Nachrichtenagentur <em>Yonhap <\/em><a rel=\"nofollow noopener\" target=\"_blank\" href=\"https:\/\/en.yna.co.kr\/view\/AEN20250401005851315?section=search\">h\u00e4tten<\/a> die Beh\u00f6rden beschlossen, rund 14.000 Polizisten in Seoul einzusetzen. Alle verf\u00fcgbaren Polizeikr\u00e4fte seien in Alarmbereitschaft.<\/p>\n<p>Meinungsumfragen zufolge bef\u00fcrwortet die Mehrheit der Koreaner die Amtsenthebung von Pr\u00e4sident Yoon, obwohl die Zahl der Vertreter dieser Ansicht seit den ersten Tagen nach der Verh\u00e4ngung des Kriegsrechts abgenommen hat, berichtet <em>Reuters <\/em>weiter. In einer am Freitag ver\u00f6ffentlichten Umfrage von Gallup Korea unterst\u00fctzen 60 Prozent der Befragten Yoons Absetzung, w\u00e4hrend 34 Prozent sich dagegen aussprechen.\u00a0<\/p>\n<p>Sollte Yoon seines Amtes enthoben werden, m\u00fcssen\u00a0innerhalb von 60 Tagen Pr\u00e4sidentschaftswahlen abgehalten werden.\u00a0<\/p>\n<p>Der j\u00fcngste derartige Fall ereignete sich vor acht Jahren. Im Mai 2017 wurden neue Pr\u00e4sidentschaftswahlen abgehalten, nachdem Park Geun-hye, die damalige Pr\u00e4sidentin S\u00fcdkoreas, am 9. M\u00e4rz\u00a0wegen Korruptionsvorw\u00fcrfen per Gerichtsbeschluss\u00a0ihres Amtes enthoben worden war.<\/p>\n<p>Gegen Yoon wird auch wegen Hochverrats ermittelt. Er wird beschuldigt, durch die Ausrufung des Kriegsrechts einen Aufstand angezettelt zu haben. Wegen der Schwere der Tat drohen ihm zus\u00e4tzlich zu der Amtsenthebung die Todesstrafe oder eine lebenslange Haftstrafe. Allerdings hat S\u00fcdkorea seit dem Jahr 1997 keine Hinrichtungen mehr vollstreckt.<\/p>\n<p>Der suspendierte Staatschef genie\u00dft weiterhin Immunit\u00e4t vor Strafverfolgung, diese Regel erstreckt sich jedoch nicht auf Anklagen wegen Aufruhrs oder Hochverrats.\u00a0<\/p>\n<p>In der Nacht vom 3. auf den 4. Dezember 2024 hatte Pr\u00e4sident Yoon \u00fcberraschend das Kriegsrecht verh\u00e4ngt, das allerdings nur sechs Stunden andauerte. Kurz nach Yoons Erkl\u00e4rung hatten Abgeordnete, darunter auch mehrere Mitglieder von Yoons Partei, die Sicherheitsabsperrung um das Parlament durchbrochen und den Pr\u00e4sidenten aufgefordert, das Kriegsrecht wieder aufzuheben.<\/p>\n<p>Nachdem das Parlament f\u00fcr das Amtsenthebungsverfahren gestimmt hatte, wurde Yoon von der Erf\u00fcllung seiner Aufgaben suspendiert.<\/p>\n<p><strong>Mehr zum Thema \u2013\u00a0<\/strong><a rel=\"nofollow noopener\" target=\"_blank\" href=\"https:\/\/freedert.online\/international\/238977-suedkoreanischer-praesident-yoon-kommt-aus\/\">S\u00fcdkoreanischer Pr\u00e4sident Yoon kommt aus Untersuchungshaft frei<\/a><\/p>\n<div class=\"EmbedBlock-root EmbedBlock-externalVideo EmbedBlock-rumble\">\n<div class=\"VkEmbed\"><iframe class=\"lazyload\" data-src=\"https:\/\/rumble.com\/embed\/v6o42wa\" frameborder=\"0\" width=\"853\" height=\"480\" allowfullscreen><\/iframe><\/div>\n<\/div>\n<\/div>\n<p><br \/>\n<br \/><a href=\"https:\/\/de.rt.com\/asien\/241349-suedkoreas-verfassungsgericht-entscheidet-am-freitag\/\">Source link <\/a><\/p>\n","protected":false},"excerpt":{"rendered":"<p>Gegen S\u00fcdkoreas Pr\u00e4sident Yoon wird wegen der Verh\u00e4ngung des Kriegsrechts im Dezember 2024 ermittelt. Yoon, dem ein Amtsenthebungsverfahren und gar die Todesstrafe drohen, wirft der Opposition einen versuchten Staatsstreich und Sympathien f\u00fcr die DVRK vor. Das s\u00fcdkoreanische Verfassungsgericht, das die Amtsenthebung von Pr\u00e4sident Yoon Suk-yeol pr\u00fcft, wird am Freitag das Urteil f\u00e4llen, ob der Politiker [&hellip;]<\/p>\n","protected":false},"author":3,"featured_media":81453,"comment_status":"open","ping_status":"open","sticky":false,"template":"","format":"standard","meta":{"_yoast_indexnow_last_ping":["1743598724"],"wp_automatic_camp":["217"],"4cfe9757a9a3a10c52199a9ed9241432":["S\u00fcdkoreas Verfassungsgericht entscheidet am Freitag \u00fcber Yoons Amtsenthebung"],"original_link":["https:\/\/de.rt.com\/asien\/241349-suedkoreas-verfassungsgericht-entscheidet-am-freitag\/"],"_thumbnail_id":["81453"],"jnews_social_counter_last_update":["1777360886"],"_wptgpro_p2tg_sent2tg":["a:1:{i:23737;s:19:\"2025-04-02 14:59:51\";}"]},"categories":[19,23],"tags":[15919,14951,19505,7777,139,24561,61729],"yoast_head":"<!-- This site is optimized with the Yoast SEO Premium plugin v22.7 (Yoast SEO v22.7) - https:\/\/yoast.com\/wordpress\/plugins\/seo\/ -->\n<title>S\u00fcdkoreas Verfassungsgericht entscheidet am Freitag \u00fcber Yoons Amtsenthebung - just-now.NEWS Deutschland<\/title>\n<meta name=\"robots\" content=\"index, follow, max-snippet:-1, max-image-preview:large, max-video-preview:-1\" \/>\n<link rel=\"canonical\" href=\"https:\/\/now-news.de\/de\/deutschland\/suedkoreas-verfassungsgericht-entscheidet-am-freitag-ueber-yoons-amtsenthebung\/\" \/>\n<meta property=\"og:locale\" content=\"de_DE\" \/>\n<meta property=\"og:type\" content=\"article\" \/>\n<meta property=\"og:title\" content=\"S\u00fcdkoreas Verfassungsgericht entscheidet am Freitag \u00fcber Yoons Amtsenthebung\" \/>\n<meta property=\"og:description\" content=\"Gegen S\u00fcdkoreas Pr\u00e4sident Yoon wird wegen der Verh\u00e4ngung des Kriegsrechts im Dezember 2024 ermittelt. Yoon, dem ein Amtsenthebungsverfahren und gar die Todesstrafe drohen, wirft der Opposition einen versuchten Staatsstreich und Sympathien f\u00fcr die DVRK vor. Das s\u00fcdkoreanische Verfassungsgericht, das die Amtsenthebung von Pr\u00e4sident Yoon Suk-yeol pr\u00fcft, wird am Freitag das Urteil f\u00e4llen, ob der Politiker [&hellip;]\" \/>\n<meta property=\"og:url\" content=\"https:\/\/now-news.de\/de\/deutschland\/suedkoreas-verfassungsgericht-entscheidet-am-freitag-ueber-yoons-amtsenthebung\/\" \/>\n<meta property=\"og:site_name\" content=\"just-now.NEWS Deutschland\" \/>\n<meta property=\"article:publisher\" content=\"https:\/\/www.facebook.com\/wirmachenauf\" \/>\n<meta property=\"article:published_time\" content=\"2025-04-02T11:56:00+00:00\" \/>\n<meta property=\"og:image\" content=\"https:\/\/now-news.de\/de\/wp-content\/uploads\/sites\/3\/2025\/04\/67ed025a48fbef63e4636a08.jpg\" \/>\n<meta name=\"author\" content=\"rtnews\" \/>\n<meta name=\"twitter:card\" content=\"summary_large_image\" \/>\n<meta name=\"twitter:creator\" content=\"@WirMachenAuf_de\" \/>\n<meta name=\"twitter:site\" content=\"@WirMachenAuf_de\" \/>\n<meta name=\"twitter:label1\" content=\"Verfasst von\" \/>\n\t<meta name=\"twitter:data1\" content=\"rtnews\" \/>\n\t<meta name=\"twitter:label2\" content=\"Gesch\u00e4tzte Lesezeit\" \/>\n\t<meta name=\"twitter:data2\" content=\"3\u00a0Minuten\" \/>\n<script type=\"application\/ld+json\" class=\"yoast-schema-graph\">{\"@context\":\"https:\/\/schema.org\",\"@graph\":[{\"@type\":\"Article\",\"@id\":\"https:\/\/now-news.de\/de\/deutschland\/suedkoreas-verfassungsgericht-entscheidet-am-freitag-ueber-yoons-amtsenthebung\/#article\",\"isPartOf\":{\"@id\":\"https:\/\/now-news.de\/de\/deutschland\/suedkoreas-verfassungsgericht-entscheidet-am-freitag-ueber-yoons-amtsenthebung\/\"},\"author\":{\"name\":\"rtnews\",\"@id\":\"https:\/\/now-news.de\/de\/#\/schema\/person\/fb534a4e865501d8b3285208df34a9b5\"},\"headline\":\"S\u00fcdkoreas Verfassungsgericht entscheidet am Freitag \u00fcber Yoons Amtsenthebung\",\"datePublished\":\"2025-04-02T11:56:00+00:00\",\"dateModified\":\"2025-04-02T11:56:00+00:00\",\"mainEntityOfPage\":{\"@id\":\"https:\/\/now-news.de\/de\/deutschland\/suedkoreas-verfassungsgericht-entscheidet-am-freitag-ueber-yoons-amtsenthebung\/\"},\"wordCount\":647,\"commentCount\":0,\"publisher\":{\"@id\":\"https:\/\/now-news.de\/de\/#organization\"},\"image\":{\"@id\":\"https:\/\/now-news.de\/de\/deutschland\/suedkoreas-verfassungsgericht-entscheidet-am-freitag-ueber-yoons-amtsenthebung\/#primaryimage\"},\"thumbnailUrl\":\"https:\/\/now-news.de\/de\/wp-content\/uploads\/sites\/3\/2025\/04\/Suedkoreas-Verfassungsgericht-entscheidet-am-Freitag-ueber-Yoons-Amtsenthebung.jpg\",\"keywords\":[\"Amtsenthebung\",\"entscheidet\",\"Freitag\",\"S\u00fcdkoreas\",\"\u00fcber\",\"Verfassungsgericht\",\"Yoons\"],\"articleSection\":[\"Deutschland\",\"Russland\"],\"inLanguage\":\"de\",\"potentialAction\":[{\"@type\":\"CommentAction\",\"name\":\"Comment\",\"target\":[\"https:\/\/now-news.de\/de\/deutschland\/suedkoreas-verfassungsgericht-entscheidet-am-freitag-ueber-yoons-amtsenthebung\/#respond\"]}]},{\"@type\":\"WebPage\",\"@id\":\"https:\/\/now-news.de\/de\/deutschland\/suedkoreas-verfassungsgericht-entscheidet-am-freitag-ueber-yoons-amtsenthebung\/\",\"url\":\"https:\/\/now-news.de\/de\/deutschland\/suedkoreas-verfassungsgericht-entscheidet-am-freitag-ueber-yoons-amtsenthebung\/\",\"name\":\"S\u00fcdkoreas Verfassungsgericht entscheidet am Freitag \u00fcber Yoons Amtsenthebung - just-now.NEWS Deutschland\",\"isPartOf\":{\"@id\":\"https:\/\/now-news.de\/de\/#website\"},\"primaryImageOfPage\":{\"@id\":\"https:\/\/now-news.de\/de\/deutschland\/suedkoreas-verfassungsgericht-entscheidet-am-freitag-ueber-yoons-amtsenthebung\/#primaryimage\"},\"image\":{\"@id\":\"https:\/\/now-news.de\/de\/deutschland\/suedkoreas-verfassungsgericht-entscheidet-am-freitag-ueber-yoons-amtsenthebung\/#primaryimage\"},\"thumbnailUrl\":\"https:\/\/now-news.de\/de\/wp-content\/uploads\/sites\/3\/2025\/04\/Suedkoreas-Verfassungsgericht-entscheidet-am-Freitag-ueber-Yoons-Amtsenthebung.jpg\",\"datePublished\":\"2025-04-02T11:56:00+00:00\",\"dateModified\":\"2025-04-02T11:56:00+00:00\",\"breadcrumb\":{\"@id\":\"https:\/\/now-news.de\/de\/deutschland\/suedkoreas-verfassungsgericht-entscheidet-am-freitag-ueber-yoons-amtsenthebung\/#breadcrumb\"},\"inLanguage\":\"de\",\"potentialAction\":[{\"@type\":\"ReadAction\",\"target\":[\"https:\/\/now-news.de\/de\/deutschland\/suedkoreas-verfassungsgericht-entscheidet-am-freitag-ueber-yoons-amtsenthebung\/\"]}]},{\"@type\":\"ImageObject\",\"inLanguage\":\"de\",\"@id\":\"https:\/\/now-news.de\/de\/deutschland\/suedkoreas-verfassungsgericht-entscheidet-am-freitag-ueber-yoons-amtsenthebung\/#primaryimage\",\"url\":\"https:\/\/now-news.de\/de\/wp-content\/uploads\/sites\/3\/2025\/04\/Suedkoreas-Verfassungsgericht-entscheidet-am-Freitag-ueber-Yoons-Amtsenthebung.jpg\",\"contentUrl\":\"https:\/\/now-news.de\/de\/wp-content\/uploads\/sites\/3\/2025\/04\/Suedkoreas-Verfassungsgericht-entscheidet-am-Freitag-ueber-Yoons-Amtsenthebung.jpg\",\"width\":460,\"height\":259,\"caption\":\"S\u00fcdkoreas Verfassungsgericht entscheidet am Freitag \u00fcber Yoons Amtsenthebung\"},{\"@type\":\"BreadcrumbList\",\"@id\":\"https:\/\/now-news.de\/de\/deutschland\/suedkoreas-verfassungsgericht-entscheidet-am-freitag-ueber-yoons-amtsenthebung\/#breadcrumb\",\"itemListElement\":[{\"@type\":\"ListItem\",\"position\":1,\"name\":\"Home\",\"item\":\"https:\/\/now-news.de\/de\/\"},{\"@type\":\"ListItem\",\"position\":2,\"name\":\"S\u00fcdkoreas Verfassungsgericht entscheidet am Freitag \u00fcber Yoons Amtsenthebung\"}]},{\"@type\":\"WebSite\",\"@id\":\"https:\/\/now-news.de\/de\/#website\",\"url\":\"https:\/\/now-news.de\/de\/\",\"name\":\"just-now.NEWS Deutschland\",\"description\":\"Das Portal f\u00fcr unzensierte Nachrichten aus der Welt\",\"publisher\":{\"@id\":\"https:\/\/now-news.de\/de\/#organization\"},\"potentialAction\":[{\"@type\":\"SearchAction\",\"target\":{\"@type\":\"EntryPoint\",\"urlTemplate\":\"https:\/\/now-news.de\/de\/?s={search_term_string}\"},\"query-input\":\"required name=search_term_string\"}],\"inLanguage\":\"de\"},{\"@type\":\"Organization\",\"@id\":\"https:\/\/now-news.de\/de\/#organization\",\"name\":\"Just Now News\",\"url\":\"https:\/\/now-news.de\/de\/\",\"logo\":{\"@type\":\"ImageObject\",\"inLanguage\":\"de\",\"@id\":\"https:\/\/now-news.de\/de\/#\/schema\/logo\/image\/\",\"url\":\"http:\/\/just-now.news\/de\/wp-content\/uploads\/sites\/3\/2022\/04\/logo500x500.jpg\",\"contentUrl\":\"http:\/\/just-now.news\/de\/wp-content\/uploads\/sites\/3\/2022\/04\/logo500x500.jpg\",\"width\":500,\"height\":500,\"caption\":\"Just Now News\"},\"image\":{\"@id\":\"https:\/\/now-news.de\/de\/#\/schema\/logo\/image\/\"},\"sameAs\":[\"https:\/\/www.facebook.com\/wirmachenauf\",\"https:\/\/x.com\/WirMachenAuf_de\"]},{\"@type\":\"Person\",\"@id\":\"https:\/\/now-news.de\/de\/#\/schema\/person\/fb534a4e865501d8b3285208df34a9b5\",\"name\":\"rtnews\",\"image\":{\"@type\":\"ImageObject\",\"inLanguage\":\"de\",\"@id\":\"https:\/\/now-news.de\/de\/#\/schema\/person\/image\/\",\"url\":\"https:\/\/secure.gravatar.com\/avatar\/82aafea7d8127119dd649515f56e2117?s=96&d=mm&r=g\",\"contentUrl\":\"https:\/\/secure.gravatar.com\/avatar\/82aafea7d8127119dd649515f56e2117?s=96&d=mm&r=g\",\"caption\":\"rtnews\"},\"url\":\"https:\/\/now-news.de\/de\/author\/rnews\/\"}]}<\/script>\n<!-- \/ Yoast SEO Premium plugin. -->","yoast_head_json":{"title":"S\u00fcdkoreas Verfassungsgericht entscheidet am Freitag \u00fcber Yoons Amtsenthebung - just-now.NEWS Deutschland","robots":{"index":"index","follow":"follow","max-snippet":"max-snippet:-1","max-image-preview":"max-image-preview:large","max-video-preview":"max-video-preview:-1"},"canonical":"https:\/\/now-news.de\/de\/deutschland\/suedkoreas-verfassungsgericht-entscheidet-am-freitag-ueber-yoons-amtsenthebung\/","og_locale":"de_DE","og_type":"article","og_title":"S\u00fcdkoreas Verfassungsgericht entscheidet am Freitag \u00fcber Yoons Amtsenthebung","og_description":"Gegen S\u00fcdkoreas Pr\u00e4sident Yoon wird wegen der Verh\u00e4ngung des Kriegsrechts im Dezember 2024 ermittelt. Yoon, dem ein Amtsenthebungsverfahren und gar die Todesstrafe drohen, wirft der Opposition einen versuchten Staatsstreich und Sympathien f\u00fcr die DVRK vor. Das s\u00fcdkoreanische Verfassungsgericht, das die Amtsenthebung von Pr\u00e4sident Yoon Suk-yeol pr\u00fcft, wird am Freitag das Urteil f\u00e4llen, ob der Politiker [&hellip;]","og_url":"https:\/\/now-news.de\/de\/deutschland\/suedkoreas-verfassungsgericht-entscheidet-am-freitag-ueber-yoons-amtsenthebung\/","og_site_name":"just-now.NEWS Deutschland","article_publisher":"https:\/\/www.facebook.com\/wirmachenauf","article_published_time":"2025-04-02T11:56:00+00:00","og_image":[{"url":"https:\/\/now-news.de\/de\/wp-content\/uploads\/sites\/3\/2025\/04\/67ed025a48fbef63e4636a08.jpg"}],"author":"rtnews","twitter_card":"summary_large_image","twitter_creator":"@WirMachenAuf_de","twitter_site":"@WirMachenAuf_de","twitter_misc":{"Verfasst von":"rtnews","Gesch\u00e4tzte Lesezeit":"3\u00a0Minuten"},"schema":{"@context":"https:\/\/schema.org","@graph":[{"@type":"Article","@id":"https:\/\/now-news.de\/de\/deutschland\/suedkoreas-verfassungsgericht-entscheidet-am-freitag-ueber-yoons-amtsenthebung\/#article","isPartOf":{"@id":"https:\/\/now-news.de\/de\/deutschland\/suedkoreas-verfassungsgericht-entscheidet-am-freitag-ueber-yoons-amtsenthebung\/"},"author":{"name":"rtnews","@id":"https:\/\/now-news.de\/de\/#\/schema\/person\/fb534a4e865501d8b3285208df34a9b5"},"headline":"S\u00fcdkoreas Verfassungsgericht entscheidet am Freitag \u00fcber Yoons Amtsenthebung","datePublished":"2025-04-02T11:56:00+00:00","dateModified":"2025-04-02T11:56:00+00:00","mainEntityOfPage":{"@id":"https:\/\/now-news.de\/de\/deutschland\/suedkoreas-verfassungsgericht-entscheidet-am-freitag-ueber-yoons-amtsenthebung\/"},"wordCount":647,"commentCount":0,"publisher":{"@id":"https:\/\/now-news.de\/de\/#organization"},"image":{"@id":"https:\/\/now-news.de\/de\/deutschland\/suedkoreas-verfassungsgericht-entscheidet-am-freitag-ueber-yoons-amtsenthebung\/#primaryimage"},"thumbnailUrl":"https:\/\/now-news.de\/de\/wp-content\/uploads\/sites\/3\/2025\/04\/Suedkoreas-Verfassungsgericht-entscheidet-am-Freitag-ueber-Yoons-Amtsenthebung.jpg","keywords":["Amtsenthebung","entscheidet","Freitag","S\u00fcdkoreas","\u00fcber","Verfassungsgericht","Yoons"],"articleSection":["Deutschland","Russland"],"inLanguage":"de","potentialAction":[{"@type":"CommentAction","name":"Comment","target":["https:\/\/now-news.de\/de\/deutschland\/suedkoreas-verfassungsgericht-entscheidet-am-freitag-ueber-yoons-amtsenthebung\/#respond"]}]},{"@type":"WebPage","@id":"https:\/\/now-news.de\/de\/deutschland\/suedkoreas-verfassungsgericht-entscheidet-am-freitag-ueber-yoons-amtsenthebung\/","url":"https:\/\/now-news.de\/de\/deutschland\/suedkoreas-verfassungsgericht-entscheidet-am-freitag-ueber-yoons-amtsenthebung\/","name":"S\u00fcdkoreas Verfassungsgericht entscheidet am Freitag \u00fcber Yoons Amtsenthebung - just-now.NEWS Deutschland","isPartOf":{"@id":"https:\/\/now-news.de\/de\/#website"},"primaryImageOfPage":{"@id":"https:\/\/now-news.de\/de\/deutschland\/suedkoreas-verfassungsgericht-entscheidet-am-freitag-ueber-yoons-amtsenthebung\/#primaryimage"},"image":{"@id":"https:\/\/now-news.de\/de\/deutschland\/suedkoreas-verfassungsgericht-entscheidet-am-freitag-ueber-yoons-amtsenthebung\/#primaryimage"},"thumbnailUrl":"https:\/\/now-news.de\/de\/wp-content\/uploads\/sites\/3\/2025\/04\/Suedkoreas-Verfassungsgericht-entscheidet-am-Freitag-ueber-Yoons-Amtsenthebung.jpg","datePublished":"2025-04-02T11:56:00+00:00","dateModified":"2025-04-02T11:56:00+00:00","breadcrumb":{"@id":"https:\/\/now-news.de\/de\/deutschland\/suedkoreas-verfassungsgericht-entscheidet-am-freitag-ueber-yoons-amtsenthebung\/#breadcrumb"},"inLanguage":"de","potentialAction":[{"@type":"ReadAction","target":["https:\/\/now-news.de\/de\/deutschland\/suedkoreas-verfassungsgericht-entscheidet-am-freitag-ueber-yoons-amtsenthebung\/"]}]},{"@type":"ImageObject","inLanguage":"de","@id":"https:\/\/now-news.de\/de\/deutschland\/suedkoreas-verfassungsgericht-entscheidet-am-freitag-ueber-yoons-amtsenthebung\/#primaryimage","url":"https:\/\/now-news.de\/de\/wp-content\/uploads\/sites\/3\/2025\/04\/Suedkoreas-Verfassungsgericht-entscheidet-am-Freitag-ueber-Yoons-Amtsenthebung.jpg","contentUrl":"https:\/\/now-news.de\/de\/wp-content\/uploads\/sites\/3\/2025\/04\/Suedkoreas-Verfassungsgericht-entscheidet-am-Freitag-ueber-Yoons-Amtsenthebung.jpg","width":460,"height":259,"caption":"S\u00fcdkoreas Verfassungsgericht entscheidet am Freitag \u00fcber Yoons Amtsenthebung"},{"@type":"BreadcrumbList","@id":"https:\/\/now-news.de\/de\/deutschland\/suedkoreas-verfassungsgericht-entscheidet-am-freitag-ueber-yoons-amtsenthebung\/#breadcrumb","itemListElement":[{"@type":"ListItem","position":1,"name":"Home","item":"https:\/\/now-news.de\/de\/"},{"@type":"ListItem","position":2,"name":"S\u00fcdkoreas Verfassungsgericht entscheidet am Freitag \u00fcber Yoons Amtsenthebung"}]},{"@type":"WebSite","@id":"https:\/\/now-news.de\/de\/#website","url":"https:\/\/now-news.de\/de\/","name":"just-now.NEWS Deutschland","description":"Das Portal f\u00fcr unzensierte Nachrichten aus der Welt","publisher":{"@id":"https:\/\/now-news.de\/de\/#organization"},"potentialAction":[{"@type":"SearchAction","target":{"@type":"EntryPoint","urlTemplate":"https:\/\/now-news.de\/de\/?s={search_term_string}"},"query-input":"required name=search_term_string"}],"inLanguage":"de"},{"@type":"Organization","@id":"https:\/\/now-news.de\/de\/#organization","name":"Just Now News","url":"https:\/\/now-news.de\/de\/","logo":{"@type":"ImageObject","inLanguage":"de","@id":"https:\/\/now-news.de\/de\/#\/schema\/logo\/image\/","url":"http:\/\/just-now.news\/de\/wp-content\/uploads\/sites\/3\/2022\/04\/logo500x500.jpg","contentUrl":"http:\/\/just-now.news\/de\/wp-content\/uploads\/sites\/3\/2022\/04\/logo500x500.jpg","width":500,"height":500,"caption":"Just Now News"},"image":{"@id":"https:\/\/now-news.de\/de\/#\/schema\/logo\/image\/"},"sameAs":["https:\/\/www.facebook.com\/wirmachenauf","https:\/\/x.com\/WirMachenAuf_de"]},{"@type":"Person","@id":"https:\/\/now-news.de\/de\/#\/schema\/person\/fb534a4e865501d8b3285208df34a9b5","name":"rtnews","image":{"@type":"ImageObject","inLanguage":"de","@id":"https:\/\/now-news.de\/de\/#\/schema\/person\/image\/","url":"https:\/\/secure.gravatar.com\/avatar\/82aafea7d8127119dd649515f56e2117?s=96&d=mm&r=g","contentUrl":"https:\/\/secure.gravatar.com\/avatar\/82aafea7d8127119dd649515f56e2117?s=96&d=mm&r=g","caption":"rtnews"},"url":"https:\/\/now-news.de\/de\/author\/rnews\/"}]}},"_links":{"self":[{"href":"https:\/\/now-news.de\/de\/wp-json\/wp\/v2\/posts\/81452"}],"collection":[{"href":"https:\/\/now-news.de\/de\/wp-json\/wp\/v2\/posts"}],"about":[{"href":"https:\/\/now-news.de\/de\/wp-json\/wp\/v2\/types\/post"}],"author":[{"embeddable":true,"href":"https:\/\/now-news.de\/de\/wp-json\/wp\/v2\/users\/3"}],"replies":[{"embeddable":true,"href":"https:\/\/now-news.de\/de\/wp-json\/wp\/v2\/comments?post=81452"}],"version-history":[{"count":0,"href":"https:\/\/now-news.de\/de\/wp-json\/wp\/v2\/posts\/81452\/revisions"}],"wp:featuredmedia":[{"embeddable":true,"href":"https:\/\/now-news.de\/de\/wp-json\/wp\/v2\/media\/81453"}],"wp:attachment":[{"href":"https:\/\/now-news.de\/de\/wp-json\/wp\/v2\/media?parent=81452"}],"wp:term":[{"taxonomy":"category","embeddable":true,"href":"https:\/\/now-news.de\/de\/wp-json\/wp\/v2\/categories?post=81452"},{"taxonomy":"post_tag","embeddable":true,"href":"https:\/\/now-news.de\/de\/wp-json\/wp\/v2\/tags?post=81452"}],"curies":[{"name":"wp","href":"https:\/\/api.w.org\/{rel}","templated":true}]}}