{"id":81374,"date":"2025-04-01T15:47:03","date_gmt":"2025-04-01T13:47:03","guid":{"rendered":"https:\/\/now-news.de\/de\/deutschland\/trump-bestaetigt-kommunikation-mit-pjoengjang-und-spricht-von-guten-beziehungen-mit-kim\/"},"modified":"2025-04-01T15:47:03","modified_gmt":"2025-04-01T13:47:03","slug":"trump-bestaetigt-kommunikation-mit-pjoengjang-und-spricht-von-guten-beziehungen-mit-kim","status":"publish","type":"post","link":"https:\/\/now-news.de\/de\/deutschland\/trump-bestaetigt-kommunikation-mit-pjoengjang-und-spricht-von-guten-beziehungen-mit-kim\/","title":{"rendered":"Trump best\u00e4tigt &quot;Kommunikation&quot; mit Pj\u00f6ngjang und spricht von &quot;guten Beziehungen&quot; mit Kim"},"content":{"rendered":"<p><img decoding=\"async\" src=\"https:\/\/now-news.de\/de\/wp-content\/uploads\/sites\/3\/2025\/04\/67ebe0c4b480cc6ce867174b.jpg\" \/><\/p>\n<div class=\"Text-root Text-type_1 \">\n                Der US-Pr\u00e4sident Donald Trump gab bekannt, dass Washington Kommunikationskan\u00e4le mit Pj\u00f6ngjang unterh\u00e4lt. Der Staatschef r\u00e4umte ein, dass er &#8220;irgendwann&#8221; mit seinem nordkoreanischen Kollegen Kim Jong-un in Kontakt treten k\u00f6nnte, ohne jedoch n\u00e4her darauf einzugehen.\n            <\/div>\n<p><\/p>\n<div class=\"Text-root Text-type_5 ArticleView-text ViewText-root \">\n<p>Am Montag <a rel=\"nofollow noopener\" target=\"_blank\" href=\"https:\/\/www.bloomberg.com\/news\/articles\/2025-04-01\/trump-plans-to-contact-north-korea-touting-good-relationship\">erkl\u00e4rte<\/a> US-Pr\u00e4sident Donald Trump vor der Presse im Wei\u00dfen Haus, er wolle Pj\u00f6ngjang &#8220;irgendwann&#8221; kontaktieren und bekr\u00e4ftigte, dass er &#8220;sehr gute Beziehungen&#8221; zum nordkoreanischen Staatschef Kim Jong-un habe.<\/p>\n<p>&#8220;Es gibt eine Kommunikation und ich denke, sie ist \u00e4u\u00dferst wichtig&#8221;, sagte Trump.\u00a0&#8220;Ich habe sehr gute Beziehungen mit Kim Jong-un. Ihr Leute h\u00f6rt das nicht gerne, aber es ist immens wichtig&#8221;, so der US-Pr\u00e4sident.\u00a0<\/p>\n<p>Auf die Frage nach der M\u00f6glichkeit, mit der nordkoreanischen F\u00fchrung in Kontakt zu treten, sagte er, dass er diesbez\u00fcglich &#8220;wahrscheinlich irgendwann etwas unternehmen&#8221; werde, ohne jedoch einen Zeitplan zu nennen.<\/p>\n<p>Trump bezeichnete die DVRK als eine &#8220;gro\u00dfe Nuklearnation&#8221; und nannte Kim einen &#8220;klugen Kerl&#8221;. &#8220;Ich habe ihn ziemlich gut kennengelernt&#8221;, f\u00fcgte er hinzu.<\/p>\n<p>Trump bezog sich auf den Austausch mit Kim w\u00e4hrend seiner ersten Amtszeit, als er ihn in einer Rede vor den Vereinten Nationen im Jahr 2017 als &#8220;Little Rocket Man&#8221; bezeichnet hatte.<\/p>\n<p><em>&#8220;Wie Sie wissen, begann es sehr hart und sehr gemein. &#8216;Little Rocket Man&#8217;, die ganze Sache war sehr gemein. Und dann, eines Tages, bekamen wir einen Anruf, dass sie sich gerne treffen w\u00fcrden.&#8221;<\/em><\/p>\n<p>Trump und Kim trafen sich dreimal \u2013 das erste Mal im Juni 2018 in Singapur, ein weiteres Mal im Februar 2019 in Hanoi und das letzte Mal im Juni 2019 im innerkoreanischen Waffenstillstandsdorf Panmunjom.<\/p>\n<p>Trump war der erste amtierende US-Pr\u00e4sident, der den Boden der DVRK betreten und die Demarkationslinie von 1953 zwischen Nord- und S\u00fcdkorea \u00fcberschritten hat.<\/p>\n<p>W\u00e4hrend seiner ersten Amtszeit k\u00fcndigte Trump die Aussetzung einiger gro\u00dfer Milit\u00e4r\u00fcbungen zwischen den USA und S\u00fcdkorea an, nachdem er pers\u00f6nliche Gespr\u00e4che mit Kim aufgenommen hatte. Obwohl diese Verhandlungen gescheitert waren, signalisierte Trump nach seiner Vereidigung im Januar die Bereitschaft zur Wiederaufnahme der Gespr\u00e4che w\u00e4hrend seiner zweiten Amtszeit.<\/p>\n<p>Nach Ansicht von Experten deuteten Trumps j\u00fcngste \u00c4u\u00dferungen eher auf seine Bereitschaft zu Gespr\u00e4chen mit Pj\u00f6ngjang als auf eine \u00c4nderung der US-Politik hin, <a rel=\"nofollow noopener\" target=\"_blank\" href=\"https:\/\/www.koreatimes.co.kr\/www\/nation\/2025\/04\/103_395384.html\">berichtet<\/a> die Zeitung <em>The Korea Times<\/em> am Dienstag.<\/p>\n<p>&#8220;Obwohl wir die M\u00f6glichkeit nicht ausschlie\u00dfen k\u00f6nnen, dass die USA hinter den Kulissen &#8216;inoffizielle&#8217; Gespr\u00e4che mit Nordkorea f\u00fchren, bringt Trump seinen Wunsch zum Ausdruck, Kim an den Verhandlungstisch zur\u00fcckzubringen&#8221;, sagte Hong Min, ein leitender Wissenschaftler an dem in Seoul ans\u00e4ssigen Koreanischen Institut f\u00fcr Nationale Wiedervereinigung, gegen\u00fcber der Zeitung.<\/p>\n<p>Er f\u00fcgte hinzu, dass Washington die Kommunikation mit Pj\u00f6ngjang \u00fcber zwei Kan\u00e4le wiederaufnehmen k\u00f6nnte: \u00fcber die St\u00e4ndige Vertretung der DVRK bei der UNO in New York oder \u00fcber Jo Chol-su, den Botschafter der nordkoreanischen Vertretung im UNO-B\u00fcro in Genf. Jo sei ein enger Vertrauter der nordkoreanischen Au\u00dfenministerin Choe Son-hui und habe zwischen 2018 und 2020 an den Gespr\u00e4chen zwischen Washington und Pj\u00f6ngjang teilgenommen, so der Experte weiter.<\/p>\n<p>Moon Seong-mook, Leiter des Zentrums f\u00fcr Wiedervereinigungsstrategie an dem Koreanischen Forschungsinstitut f\u00fcr nationale Strategie, sagte gegen\u00fcber <em>The Korea Times<\/em>, die USA versuchten, Pj\u00f6ngjang die Botschaft zu \u00fcbermitteln, dass sie f\u00fcr einen Kontakt mit Kim offen seien.<\/p>\n<p>Der Experte wies darauf hin, dass die DVRK derzeit weniger Anreize f\u00fcr eine Zusammenarbeit mit den USA habe, denn Pj\u00f6ngjang erhalte nun wirtschaftliche und milit\u00e4rische Vorteile von Russland. &#8220;Ein Dialog ist nicht m\u00f6glich, solange die USA Nordkorea nicht als atomar bewaffneten Staat anerkennen&#8221;, so\u00a0Moon.<\/p>\n<p><strong>Mehr zum Thema <\/strong>\u2013\u00a0<strong><\/strong><a rel=\"nofollow noopener\" target=\"_blank\" href=\"https:\/\/freedert.online\/asien\/240796-kim-besucht-tests-von-kamikaze-drohnen\/\">Kim inspiziert Tests von Kamikaze-Drohnen: DVRK soll KI und Drohnenproduktion vorrangig entwickeln<\/a><\/p>\n<div class=\"EmbedBlock-root EmbedBlock-externalVideo EmbedBlock-rumble\">\n<div class=\"VkEmbed\"><iframe class=\"lazyload\" data-src=\"https:\/\/rumble.com\/embed\/v6osacg\" frameborder=\"0\" width=\"853\" height=\"480\" allowfullscreen><\/iframe><\/div>\n<\/div>\n<\/div>\n<p><br \/>\n<br \/><a href=\"https:\/\/de.rt.com\/asien\/241281-trump-bestaetigt-kommunikation-mit-pjoengjang\/\">Source link <\/a><\/p>\n","protected":false},"excerpt":{"rendered":"<p>Der US-Pr\u00e4sident Donald Trump gab bekannt, dass Washington Kommunikationskan\u00e4le mit Pj\u00f6ngjang unterh\u00e4lt. Der Staatschef r\u00e4umte ein, dass er &#8220;irgendwann&#8221; mit seinem nordkoreanischen Kollegen Kim Jong-un in Kontakt treten k\u00f6nnte, ohne jedoch n\u00e4her darauf einzugehen. Am Montag erkl\u00e4rte US-Pr\u00e4sident Donald Trump vor der Presse im Wei\u00dfen Haus, er wolle Pj\u00f6ngjang &#8220;irgendwann&#8221; kontaktieren und bekr\u00e4ftigte, dass er [&hellip;]<\/p>\n","protected":false},"author":3,"featured_media":81375,"comment_status":"open","ping_status":"open","sticky":false,"template":"","format":"standard","meta":{"_yoast_indexnow_last_ping":["1743515814"],"wp_automatic_camp":["217"],"eb9f5db91b54f562317f2f5edeeea206":["Trump best\u00e4tigt &quot;Kommunikation&quot; mit Pj\u00f6ngjang und spricht von &quot;guten Beziehungen&quot; mit Kim"],"original_link":["https:\/\/de.rt.com\/asien\/241281-trump-bestaetigt-kommunikation-mit-pjoengjang\/"],"_thumbnail_id":["81375"],"jnews_social_counter_last_update":["1777172679"],"_wptgpro_p2tg_sent2tg":["a:1:{i:23737;s:19:\"2025-04-01 15:57:56\";}"]},"categories":[19,23],"tags":[1438,33110,349,419,34850,52421,63941,4067,1639,140,50],"yoast_head":"<!-- This site is optimized with the Yoast SEO Premium plugin v22.7 (Yoast SEO v22.7) - https:\/\/yoast.com\/wordpress\/plugins\/seo\/ -->\n<title>Trump best\u00e4tigt &quot;Kommunikation&quot; mit Pj\u00f6ngjang und spricht von &quot;guten Beziehungen&quot; mit Kim - just-now.NEWS Deutschland<\/title>\n<meta name=\"robots\" content=\"index, follow, max-snippet:-1, max-image-preview:large, max-video-preview:-1\" \/>\n<link rel=\"canonical\" href=\"https:\/\/now-news.de\/de\/deutschland\/trump-bestaetigt-kommunikation-mit-pjoengjang-und-spricht-von-guten-beziehungen-mit-kim\/\" \/>\n<meta property=\"og:locale\" content=\"de_DE\" \/>\n<meta property=\"og:type\" content=\"article\" \/>\n<meta property=\"og:title\" content=\"Trump best\u00e4tigt &quot;Kommunikation&quot; mit Pj\u00f6ngjang und spricht von &quot;guten Beziehungen&quot; mit Kim\" \/>\n<meta property=\"og:description\" content=\"Der US-Pr\u00e4sident Donald Trump gab bekannt, dass Washington Kommunikationskan\u00e4le mit Pj\u00f6ngjang unterh\u00e4lt. Der Staatschef r\u00e4umte ein, dass er &#8220;irgendwann&#8221; mit seinem nordkoreanischen Kollegen Kim Jong-un in Kontakt treten k\u00f6nnte, ohne jedoch n\u00e4her darauf einzugehen. Am Montag erkl\u00e4rte US-Pr\u00e4sident Donald Trump vor der Presse im Wei\u00dfen Haus, er wolle Pj\u00f6ngjang &#8220;irgendwann&#8221; kontaktieren und bekr\u00e4ftigte, dass er [&hellip;]\" \/>\n<meta property=\"og:url\" content=\"https:\/\/now-news.de\/de\/deutschland\/trump-bestaetigt-kommunikation-mit-pjoengjang-und-spricht-von-guten-beziehungen-mit-kim\/\" \/>\n<meta property=\"og:site_name\" content=\"just-now.NEWS Deutschland\" \/>\n<meta property=\"article:publisher\" content=\"https:\/\/www.facebook.com\/wirmachenauf\" \/>\n<meta property=\"article:published_time\" content=\"2025-04-01T13:47:03+00:00\" \/>\n<meta property=\"og:image\" content=\"https:\/\/now-news.de\/de\/wp-content\/uploads\/sites\/3\/2025\/04\/67ebe0c4b480cc6ce867174b.jpg\" \/>\n<meta name=\"author\" content=\"rtnews\" \/>\n<meta name=\"twitter:card\" content=\"summary_large_image\" \/>\n<meta name=\"twitter:creator\" content=\"@WirMachenAuf_de\" \/>\n<meta name=\"twitter:site\" content=\"@WirMachenAuf_de\" \/>\n<meta name=\"twitter:label1\" content=\"Verfasst von\" \/>\n\t<meta name=\"twitter:data1\" content=\"rtnews\" \/>\n\t<meta name=\"twitter:label2\" content=\"Gesch\u00e4tzte Lesezeit\" \/>\n\t<meta name=\"twitter:data2\" content=\"3\u00a0Minuten\" \/>\n<script type=\"application\/ld+json\" class=\"yoast-schema-graph\">{\"@context\":\"https:\/\/schema.org\",\"@graph\":[{\"@type\":\"Article\",\"@id\":\"https:\/\/now-news.de\/de\/deutschland\/trump-bestaetigt-kommunikation-mit-pjoengjang-und-spricht-von-guten-beziehungen-mit-kim\/#article\",\"isPartOf\":{\"@id\":\"https:\/\/now-news.de\/de\/deutschland\/trump-bestaetigt-kommunikation-mit-pjoengjang-und-spricht-von-guten-beziehungen-mit-kim\/\"},\"author\":{\"name\":\"rtnews\",\"@id\":\"https:\/\/now-news.de\/de\/#\/schema\/person\/fb534a4e865501d8b3285208df34a9b5\"},\"headline\":\"Trump best\u00e4tigt &quot;Kommunikation&quot; mit Pj\u00f6ngjang und spricht von &quot;guten Beziehungen&quot; mit Kim\",\"datePublished\":\"2025-04-01T13:47:03+00:00\",\"dateModified\":\"2025-04-01T13:47:03+00:00\",\"mainEntityOfPage\":{\"@id\":\"https:\/\/now-news.de\/de\/deutschland\/trump-bestaetigt-kommunikation-mit-pjoengjang-und-spricht-von-guten-beziehungen-mit-kim\/\"},\"wordCount\":640,\"commentCount\":0,\"publisher\":{\"@id\":\"https:\/\/now-news.de\/de\/#organization\"},\"image\":{\"@id\":\"https:\/\/now-news.de\/de\/deutschland\/trump-bestaetigt-kommunikation-mit-pjoengjang-und-spricht-von-guten-beziehungen-mit-kim\/#primaryimage\"},\"thumbnailUrl\":\"https:\/\/now-news.de\/de\/wp-content\/uploads\/sites\/3\/2025\/04\/Trump-bestaetigt-quotKommunikationquot-mit-Pjoengjang-und-spricht-von-quotguten-Beziehungenquot.jpg\",\"keywords\":[\"best\u00e4tigt\",\"Beziehungenquot\",\"Kim\",\"mit\",\"Pj\u00f6ngjang\",\"quotguten\",\"quotKommunikationquot\",\"spricht\",\"trump\",\"und\",\"von\"],\"articleSection\":[\"Deutschland\",\"Russland\"],\"inLanguage\":\"de\",\"potentialAction\":[{\"@type\":\"CommentAction\",\"name\":\"Comment\",\"target\":[\"https:\/\/now-news.de\/de\/deutschland\/trump-bestaetigt-kommunikation-mit-pjoengjang-und-spricht-von-guten-beziehungen-mit-kim\/#respond\"]}]},{\"@type\":\"WebPage\",\"@id\":\"https:\/\/now-news.de\/de\/deutschland\/trump-bestaetigt-kommunikation-mit-pjoengjang-und-spricht-von-guten-beziehungen-mit-kim\/\",\"url\":\"https:\/\/now-news.de\/de\/deutschland\/trump-bestaetigt-kommunikation-mit-pjoengjang-und-spricht-von-guten-beziehungen-mit-kim\/\",\"name\":\"Trump best\u00e4tigt &quot;Kommunikation&quot; mit Pj\u00f6ngjang und spricht von &quot;guten Beziehungen&quot; mit Kim - just-now.NEWS Deutschland\",\"isPartOf\":{\"@id\":\"https:\/\/now-news.de\/de\/#website\"},\"primaryImageOfPage\":{\"@id\":\"https:\/\/now-news.de\/de\/deutschland\/trump-bestaetigt-kommunikation-mit-pjoengjang-und-spricht-von-guten-beziehungen-mit-kim\/#primaryimage\"},\"image\":{\"@id\":\"https:\/\/now-news.de\/de\/deutschland\/trump-bestaetigt-kommunikation-mit-pjoengjang-und-spricht-von-guten-beziehungen-mit-kim\/#primaryimage\"},\"thumbnailUrl\":\"https:\/\/now-news.de\/de\/wp-content\/uploads\/sites\/3\/2025\/04\/Trump-bestaetigt-quotKommunikationquot-mit-Pjoengjang-und-spricht-von-quotguten-Beziehungenquot.jpg\",\"datePublished\":\"2025-04-01T13:47:03+00:00\",\"dateModified\":\"2025-04-01T13:47:03+00:00\",\"breadcrumb\":{\"@id\":\"https:\/\/now-news.de\/de\/deutschland\/trump-bestaetigt-kommunikation-mit-pjoengjang-und-spricht-von-guten-beziehungen-mit-kim\/#breadcrumb\"},\"inLanguage\":\"de\",\"potentialAction\":[{\"@type\":\"ReadAction\",\"target\":[\"https:\/\/now-news.de\/de\/deutschland\/trump-bestaetigt-kommunikation-mit-pjoengjang-und-spricht-von-guten-beziehungen-mit-kim\/\"]}]},{\"@type\":\"ImageObject\",\"inLanguage\":\"de\",\"@id\":\"https:\/\/now-news.de\/de\/deutschland\/trump-bestaetigt-kommunikation-mit-pjoengjang-und-spricht-von-guten-beziehungen-mit-kim\/#primaryimage\",\"url\":\"https:\/\/now-news.de\/de\/wp-content\/uploads\/sites\/3\/2025\/04\/Trump-bestaetigt-quotKommunikationquot-mit-Pjoengjang-und-spricht-von-quotguten-Beziehungenquot.jpg\",\"contentUrl\":\"https:\/\/now-news.de\/de\/wp-content\/uploads\/sites\/3\/2025\/04\/Trump-bestaetigt-quotKommunikationquot-mit-Pjoengjang-und-spricht-von-quotguten-Beziehungenquot.jpg\",\"width\":460,\"height\":259,\"caption\":\"Trump best\u00e4tigt &quot;Kommunikation&quot; mit Pj\u00f6ngjang und spricht von &quot;guten Beziehungen&quot; mit Kim\"},{\"@type\":\"BreadcrumbList\",\"@id\":\"https:\/\/now-news.de\/de\/deutschland\/trump-bestaetigt-kommunikation-mit-pjoengjang-und-spricht-von-guten-beziehungen-mit-kim\/#breadcrumb\",\"itemListElement\":[{\"@type\":\"ListItem\",\"position\":1,\"name\":\"Home\",\"item\":\"https:\/\/now-news.de\/de\/\"},{\"@type\":\"ListItem\",\"position\":2,\"name\":\"Trump best\u00e4tigt &quot;Kommunikation&quot; mit Pj\u00f6ngjang und spricht von &quot;guten Beziehungen&quot; mit Kim\"}]},{\"@type\":\"WebSite\",\"@id\":\"https:\/\/now-news.de\/de\/#website\",\"url\":\"https:\/\/now-news.de\/de\/\",\"name\":\"just-now.NEWS Deutschland\",\"description\":\"Das Portal f\u00fcr unzensierte Nachrichten aus der Welt\",\"publisher\":{\"@id\":\"https:\/\/now-news.de\/de\/#organization\"},\"potentialAction\":[{\"@type\":\"SearchAction\",\"target\":{\"@type\":\"EntryPoint\",\"urlTemplate\":\"https:\/\/now-news.de\/de\/?s={search_term_string}\"},\"query-input\":\"required name=search_term_string\"}],\"inLanguage\":\"de\"},{\"@type\":\"Organization\",\"@id\":\"https:\/\/now-news.de\/de\/#organization\",\"name\":\"Just Now News\",\"url\":\"https:\/\/now-news.de\/de\/\",\"logo\":{\"@type\":\"ImageObject\",\"inLanguage\":\"de\",\"@id\":\"https:\/\/now-news.de\/de\/#\/schema\/logo\/image\/\",\"url\":\"http:\/\/just-now.news\/de\/wp-content\/uploads\/sites\/3\/2022\/04\/logo500x500.jpg\",\"contentUrl\":\"http:\/\/just-now.news\/de\/wp-content\/uploads\/sites\/3\/2022\/04\/logo500x500.jpg\",\"width\":500,\"height\":500,\"caption\":\"Just Now News\"},\"image\":{\"@id\":\"https:\/\/now-news.de\/de\/#\/schema\/logo\/image\/\"},\"sameAs\":[\"https:\/\/www.facebook.com\/wirmachenauf\",\"https:\/\/x.com\/WirMachenAuf_de\"]},{\"@type\":\"Person\",\"@id\":\"https:\/\/now-news.de\/de\/#\/schema\/person\/fb534a4e865501d8b3285208df34a9b5\",\"name\":\"rtnews\",\"image\":{\"@type\":\"ImageObject\",\"inLanguage\":\"de\",\"@id\":\"https:\/\/now-news.de\/de\/#\/schema\/person\/image\/\",\"url\":\"https:\/\/secure.gravatar.com\/avatar\/82aafea7d8127119dd649515f56e2117?s=96&d=mm&r=g\",\"contentUrl\":\"https:\/\/secure.gravatar.com\/avatar\/82aafea7d8127119dd649515f56e2117?s=96&d=mm&r=g\",\"caption\":\"rtnews\"},\"url\":\"https:\/\/now-news.de\/de\/author\/rnews\/\"}]}<\/script>\n<!-- \/ Yoast SEO Premium plugin. -->","yoast_head_json":{"title":"Trump best\u00e4tigt &quot;Kommunikation&quot; mit Pj\u00f6ngjang und spricht von &quot;guten Beziehungen&quot; mit Kim - just-now.NEWS Deutschland","robots":{"index":"index","follow":"follow","max-snippet":"max-snippet:-1","max-image-preview":"max-image-preview:large","max-video-preview":"max-video-preview:-1"},"canonical":"https:\/\/now-news.de\/de\/deutschland\/trump-bestaetigt-kommunikation-mit-pjoengjang-und-spricht-von-guten-beziehungen-mit-kim\/","og_locale":"de_DE","og_type":"article","og_title":"Trump best\u00e4tigt &quot;Kommunikation&quot; mit Pj\u00f6ngjang und spricht von &quot;guten Beziehungen&quot; mit Kim","og_description":"Der US-Pr\u00e4sident Donald Trump gab bekannt, dass Washington Kommunikationskan\u00e4le mit Pj\u00f6ngjang unterh\u00e4lt. Der Staatschef r\u00e4umte ein, dass er &#8220;irgendwann&#8221; mit seinem nordkoreanischen Kollegen Kim Jong-un in Kontakt treten k\u00f6nnte, ohne jedoch n\u00e4her darauf einzugehen. Am Montag erkl\u00e4rte US-Pr\u00e4sident Donald Trump vor der Presse im Wei\u00dfen Haus, er wolle Pj\u00f6ngjang &#8220;irgendwann&#8221; kontaktieren und bekr\u00e4ftigte, dass er [&hellip;]","og_url":"https:\/\/now-news.de\/de\/deutschland\/trump-bestaetigt-kommunikation-mit-pjoengjang-und-spricht-von-guten-beziehungen-mit-kim\/","og_site_name":"just-now.NEWS Deutschland","article_publisher":"https:\/\/www.facebook.com\/wirmachenauf","article_published_time":"2025-04-01T13:47:03+00:00","og_image":[{"url":"https:\/\/now-news.de\/de\/wp-content\/uploads\/sites\/3\/2025\/04\/67ebe0c4b480cc6ce867174b.jpg"}],"author":"rtnews","twitter_card":"summary_large_image","twitter_creator":"@WirMachenAuf_de","twitter_site":"@WirMachenAuf_de","twitter_misc":{"Verfasst von":"rtnews","Gesch\u00e4tzte Lesezeit":"3\u00a0Minuten"},"schema":{"@context":"https:\/\/schema.org","@graph":[{"@type":"Article","@id":"https:\/\/now-news.de\/de\/deutschland\/trump-bestaetigt-kommunikation-mit-pjoengjang-und-spricht-von-guten-beziehungen-mit-kim\/#article","isPartOf":{"@id":"https:\/\/now-news.de\/de\/deutschland\/trump-bestaetigt-kommunikation-mit-pjoengjang-und-spricht-von-guten-beziehungen-mit-kim\/"},"author":{"name":"rtnews","@id":"https:\/\/now-news.de\/de\/#\/schema\/person\/fb534a4e865501d8b3285208df34a9b5"},"headline":"Trump best\u00e4tigt &quot;Kommunikation&quot; mit Pj\u00f6ngjang und spricht von &quot;guten Beziehungen&quot; mit Kim","datePublished":"2025-04-01T13:47:03+00:00","dateModified":"2025-04-01T13:47:03+00:00","mainEntityOfPage":{"@id":"https:\/\/now-news.de\/de\/deutschland\/trump-bestaetigt-kommunikation-mit-pjoengjang-und-spricht-von-guten-beziehungen-mit-kim\/"},"wordCount":640,"commentCount":0,"publisher":{"@id":"https:\/\/now-news.de\/de\/#organization"},"image":{"@id":"https:\/\/now-news.de\/de\/deutschland\/trump-bestaetigt-kommunikation-mit-pjoengjang-und-spricht-von-guten-beziehungen-mit-kim\/#primaryimage"},"thumbnailUrl":"https:\/\/now-news.de\/de\/wp-content\/uploads\/sites\/3\/2025\/04\/Trump-bestaetigt-quotKommunikationquot-mit-Pjoengjang-und-spricht-von-quotguten-Beziehungenquot.jpg","keywords":["best\u00e4tigt","Beziehungenquot","Kim","mit","Pj\u00f6ngjang","quotguten","quotKommunikationquot","spricht","trump","und","von"],"articleSection":["Deutschland","Russland"],"inLanguage":"de","potentialAction":[{"@type":"CommentAction","name":"Comment","target":["https:\/\/now-news.de\/de\/deutschland\/trump-bestaetigt-kommunikation-mit-pjoengjang-und-spricht-von-guten-beziehungen-mit-kim\/#respond"]}]},{"@type":"WebPage","@id":"https:\/\/now-news.de\/de\/deutschland\/trump-bestaetigt-kommunikation-mit-pjoengjang-und-spricht-von-guten-beziehungen-mit-kim\/","url":"https:\/\/now-news.de\/de\/deutschland\/trump-bestaetigt-kommunikation-mit-pjoengjang-und-spricht-von-guten-beziehungen-mit-kim\/","name":"Trump best\u00e4tigt &quot;Kommunikation&quot; mit Pj\u00f6ngjang und spricht von &quot;guten Beziehungen&quot; mit Kim - just-now.NEWS Deutschland","isPartOf":{"@id":"https:\/\/now-news.de\/de\/#website"},"primaryImageOfPage":{"@id":"https:\/\/now-news.de\/de\/deutschland\/trump-bestaetigt-kommunikation-mit-pjoengjang-und-spricht-von-guten-beziehungen-mit-kim\/#primaryimage"},"image":{"@id":"https:\/\/now-news.de\/de\/deutschland\/trump-bestaetigt-kommunikation-mit-pjoengjang-und-spricht-von-guten-beziehungen-mit-kim\/#primaryimage"},"thumbnailUrl":"https:\/\/now-news.de\/de\/wp-content\/uploads\/sites\/3\/2025\/04\/Trump-bestaetigt-quotKommunikationquot-mit-Pjoengjang-und-spricht-von-quotguten-Beziehungenquot.jpg","datePublished":"2025-04-01T13:47:03+00:00","dateModified":"2025-04-01T13:47:03+00:00","breadcrumb":{"@id":"https:\/\/now-news.de\/de\/deutschland\/trump-bestaetigt-kommunikation-mit-pjoengjang-und-spricht-von-guten-beziehungen-mit-kim\/#breadcrumb"},"inLanguage":"de","potentialAction":[{"@type":"ReadAction","target":["https:\/\/now-news.de\/de\/deutschland\/trump-bestaetigt-kommunikation-mit-pjoengjang-und-spricht-von-guten-beziehungen-mit-kim\/"]}]},{"@type":"ImageObject","inLanguage":"de","@id":"https:\/\/now-news.de\/de\/deutschland\/trump-bestaetigt-kommunikation-mit-pjoengjang-und-spricht-von-guten-beziehungen-mit-kim\/#primaryimage","url":"https:\/\/now-news.de\/de\/wp-content\/uploads\/sites\/3\/2025\/04\/Trump-bestaetigt-quotKommunikationquot-mit-Pjoengjang-und-spricht-von-quotguten-Beziehungenquot.jpg","contentUrl":"https:\/\/now-news.de\/de\/wp-content\/uploads\/sites\/3\/2025\/04\/Trump-bestaetigt-quotKommunikationquot-mit-Pjoengjang-und-spricht-von-quotguten-Beziehungenquot.jpg","width":460,"height":259,"caption":"Trump best\u00e4tigt &quot;Kommunikation&quot; mit Pj\u00f6ngjang und spricht von &quot;guten Beziehungen&quot; mit Kim"},{"@type":"BreadcrumbList","@id":"https:\/\/now-news.de\/de\/deutschland\/trump-bestaetigt-kommunikation-mit-pjoengjang-und-spricht-von-guten-beziehungen-mit-kim\/#breadcrumb","itemListElement":[{"@type":"ListItem","position":1,"name":"Home","item":"https:\/\/now-news.de\/de\/"},{"@type":"ListItem","position":2,"name":"Trump best\u00e4tigt &quot;Kommunikation&quot; mit Pj\u00f6ngjang und spricht von &quot;guten Beziehungen&quot; mit Kim"}]},{"@type":"WebSite","@id":"https:\/\/now-news.de\/de\/#website","url":"https:\/\/now-news.de\/de\/","name":"just-now.NEWS Deutschland","description":"Das Portal f\u00fcr unzensierte Nachrichten aus der Welt","publisher":{"@id":"https:\/\/now-news.de\/de\/#organization"},"potentialAction":[{"@type":"SearchAction","target":{"@type":"EntryPoint","urlTemplate":"https:\/\/now-news.de\/de\/?s={search_term_string}"},"query-input":"required name=search_term_string"}],"inLanguage":"de"},{"@type":"Organization","@id":"https:\/\/now-news.de\/de\/#organization","name":"Just Now News","url":"https:\/\/now-news.de\/de\/","logo":{"@type":"ImageObject","inLanguage":"de","@id":"https:\/\/now-news.de\/de\/#\/schema\/logo\/image\/","url":"http:\/\/just-now.news\/de\/wp-content\/uploads\/sites\/3\/2022\/04\/logo500x500.jpg","contentUrl":"http:\/\/just-now.news\/de\/wp-content\/uploads\/sites\/3\/2022\/04\/logo500x500.jpg","width":500,"height":500,"caption":"Just Now News"},"image":{"@id":"https:\/\/now-news.de\/de\/#\/schema\/logo\/image\/"},"sameAs":["https:\/\/www.facebook.com\/wirmachenauf","https:\/\/x.com\/WirMachenAuf_de"]},{"@type":"Person","@id":"https:\/\/now-news.de\/de\/#\/schema\/person\/fb534a4e865501d8b3285208df34a9b5","name":"rtnews","image":{"@type":"ImageObject","inLanguage":"de","@id":"https:\/\/now-news.de\/de\/#\/schema\/person\/image\/","url":"https:\/\/secure.gravatar.com\/avatar\/82aafea7d8127119dd649515f56e2117?s=96&d=mm&r=g","contentUrl":"https:\/\/secure.gravatar.com\/avatar\/82aafea7d8127119dd649515f56e2117?s=96&d=mm&r=g","caption":"rtnews"},"url":"https:\/\/now-news.de\/de\/author\/rnews\/"}]}},"_links":{"self":[{"href":"https:\/\/now-news.de\/de\/wp-json\/wp\/v2\/posts\/81374"}],"collection":[{"href":"https:\/\/now-news.de\/de\/wp-json\/wp\/v2\/posts"}],"about":[{"href":"https:\/\/now-news.de\/de\/wp-json\/wp\/v2\/types\/post"}],"author":[{"embeddable":true,"href":"https:\/\/now-news.de\/de\/wp-json\/wp\/v2\/users\/3"}],"replies":[{"embeddable":true,"href":"https:\/\/now-news.de\/de\/wp-json\/wp\/v2\/comments?post=81374"}],"version-history":[{"count":0,"href":"https:\/\/now-news.de\/de\/wp-json\/wp\/v2\/posts\/81374\/revisions"}],"wp:featuredmedia":[{"embeddable":true,"href":"https:\/\/now-news.de\/de\/wp-json\/wp\/v2\/media\/81375"}],"wp:attachment":[{"href":"https:\/\/now-news.de\/de\/wp-json\/wp\/v2\/media?parent=81374"}],"wp:term":[{"taxonomy":"category","embeddable":true,"href":"https:\/\/now-news.de\/de\/wp-json\/wp\/v2\/categories?post=81374"},{"taxonomy":"post_tag","embeddable":true,"href":"https:\/\/now-news.de\/de\/wp-json\/wp\/v2\/tags?post=81374"}],"curies":[{"name":"wp","href":"https:\/\/api.w.org\/{rel}","templated":true}]}}