{"id":8133,"date":"2022-05-18T16:33:42","date_gmt":"2022-05-18T14:33:42","guid":{"rendered":"http:\/\/just-now.news\/de\/deutschland\/ukrainische-botschaft-warb-in-oesterreich-um-kaempfer\/"},"modified":"2022-05-18T16:33:42","modified_gmt":"2022-05-18T14:33:42","slug":"ukrainische-botschaft-warb-in-oesterreich-um-kaempfer","status":"publish","type":"post","link":"https:\/\/now-news.de\/de\/deutschland\/ukrainische-botschaft-warb-in-oesterreich-um-kaempfer\/","title":{"rendered":"Ukrainische Botschaft warb in \u00d6sterreich um K\u00e4mpfer"},"content":{"rendered":"<p><img decoding=\"async\" src=\"http:\/\/just-now.news\/de\/wp-content\/uploads\/sites\/3\/2022\/05\/6284d6bdb480cc3fd905930d.jpg\" \/><\/p>\n<p>Die ukrainische Botschaft in Wien soll \u00fcber das Internet um ausl\u00e4ndische K\u00e4mpfer geworben haben. In \u00d6sterreich ist die Rekrutierung von K\u00e4mpfern jedoch verboten.\u00a0Laut einem Bericht der <em>FAZ<\/em> ging dies aus einer Anfrage der FP\u00d6 hervor. Demnach hat Au\u00dfenminister Alexander Schallenberg (\u00d6VP) dem ukrainischen Botschafter &#8220;klar&#8221; kommunizieren lassen, dass solche Aufrufe im Widerspruch zum \u00f6sterreichischem Recht st\u00fcnden und zu entfernen seien.<\/p>\n<p>Der FP\u00d6-Abgeordnete Christian Hafenecker sagte der <em>FAZ<\/em>: &#8220;Wir gehen davon aus, dass Anwerbungen auch in \u00d6sterreich stattgefunden haben.&#8221; Die Partei kritisiere, dass diplomatische Vertretungen &#8220;dazu missbraucht werden, um Legion\u00e4rskr\u00e4fte anzuwerben&#8221;. Das Au\u00dfenministerium habe &#8220;keine Informationen&#8221; dar\u00fcber, ob \u00d6sterreicher dem Aufruf gefolgt sind und sich den ukrainischen Verteidigungskr\u00e4ften angeschlossen haben.<\/p>\n<p>Die &#8220;Bildung eines Freiwilligenkorps und das Betreiben einer Werbestelle&#8221; ist nach \u00f6sterreichischem Recht verboten und mit einer Strafandrohung von bis zu f\u00fcnf Jahren Haft versehen. Gegen Angeh\u00f6rige der ukrainischen Botschaft sei jedoch wegen der diplomatischen Immunit\u00e4t eine Anzeige nicht in Betracht gekommen.<\/p>\n<p>\u00d6sterreicher, die sich einer ausl\u00e4ndischen Fremdenlegion anschlie\u00dfen oder in sonstigen organisierten bewaffneten Formationen an K\u00e4mpfen beteiligen, wird die Staatsangeh\u00f6rigkeit entzogen \u2013 sollten sie eine andere als die \u00f6sterreichische haben. <br \/>Schallenberg hatte Ende April auch Vorbehalte zu einer \u00fcberst\u00fcrzten Vollmitgliedschaft der Ukraine in der EU ge\u00e4u\u00dfert, wodurch sich der ukrainische Au\u00dfenamtssprecher Oleg Nikolenko veranlasst sah, dem EU-Land und der Union Politik-Nachhilfe zu geben.<\/p>\n<p>Nach Angaben des ukrainischen Au\u00dfenministeriums von Mitte M\u00e4rz sollen sich 20.000 internationale K\u00e4mpfer f\u00fcr den Kriegsdienst gemeldet haben, w\u00e4hrend der US-Geheimdienst eher von 5.000 bis 6.000 ausging. Dass offenbar auch aus Deutschland K\u00e4mpfer angeworben werden, hat die russische Au\u00dfenamtssprecherin Maria Sacharowa j\u00fcngst kritisiert. Das russische Verteidigungsministerium sch\u00e4tzt, dass mehr als 6.800 ausl\u00e4ndische S\u00f6ldner aus 63 L\u00e4ndern in der Ukraine eingetroffen sind, und kritisiert, dass das Nachbarland zu einer Drehscheibe f\u00fcr Terroristen und S\u00f6ldner aller Art geworden ist.<\/p>\n<p>Deutsche ziehen Berichten zufolge mit verschiedenen Motivationen in den bewaffneten Einsatz, teils offenbar auch durch Action-Filme inspiriert. Orientierung erhalten sie dabei laut einem <em>Spiegel-Bericht<\/em> unter anderem von staatlichen ukrainischen Einrichtungen in Deutschland.<\/p>\n<p><strong>Mehr zum Thema<\/strong>\u00a0&#8211; <a rel=\"nofollow noopener\" target=\"_blank\" href=\"https:\/\/de.rt.com\/der-nahe-osten\/133427-bericht-hunderte-von-dschihadisten-aus\/\">Bericht: Hunderte von Dschihadisten aus Idlib treffen in der Ukraine ein<\/a><\/p>\n<\/p>\n<p><br \/>\n<br \/><a href=\"https:\/\/de.rt.com\/europa\/138754-ukrainische-botschaft-warb-in-osterreich\/\">Source link <\/a><\/p>\n","protected":false},"excerpt":{"rendered":"<p>Die ukrainische Botschaft in Wien soll \u00fcber das Internet um ausl\u00e4ndische K\u00e4mpfer geworben haben. In \u00d6sterreich ist die Rekrutierung von K\u00e4mpfern jedoch verboten.\u00a0Laut einem Bericht der FAZ ging dies aus einer Anfrage der FP\u00d6 hervor. Demnach hat Au\u00dfenminister Alexander Schallenberg (\u00d6VP) dem ukrainischen Botschafter &#8220;klar&#8221; kommunizieren lassen, dass solche Aufrufe im Widerspruch zum \u00f6sterreichischem Recht [&hellip;]<\/p>\n","protected":false},"author":3,"featured_media":8134,"comment_status":"open","ping_status":"open","sticky":false,"template":"","format":"standard","meta":{"wp_automatic_camp":["217"],"d75df88893d8e3db1ff6104521224e8c":["Ukrainische Botschaft warb in \u00d6sterreich um K\u00e4mpfer"],"original_link":["https:\/\/de.rt.com\/europa\/138754-ukrainische-botschaft-warb-in-osterreich\/"],"_thumbnail_id":["8134"],"_wptg_p2tg_sent2tg":["2022-05-18 16:36:20"],"jnews_social_counter_last_update":["1777313617"]},"categories":[19,23],"tags":[186,2973,7290,905,20739],"yoast_head":"<!-- This site is optimized with the Yoast SEO Premium plugin v22.7 (Yoast SEO v22.7) - https:\/\/yoast.com\/wordpress\/plugins\/seo\/ -->\n<title>Ukrainische Botschaft warb in \u00d6sterreich um K\u00e4mpfer - just-now.NEWS Deutschland<\/title>\n<meta name=\"robots\" content=\"index, follow, max-snippet:-1, max-image-preview:large, max-video-preview:-1\" \/>\n<link rel=\"canonical\" href=\"https:\/\/now-news.de\/de\/deutschland\/ukrainische-botschaft-warb-in-oesterreich-um-kaempfer\/\" \/>\n<meta property=\"og:locale\" content=\"de_DE\" \/>\n<meta property=\"og:type\" content=\"article\" \/>\n<meta property=\"og:title\" content=\"Ukrainische Botschaft warb in \u00d6sterreich um K\u00e4mpfer\" \/>\n<meta property=\"og:description\" content=\"Die ukrainische Botschaft in Wien soll \u00fcber das Internet um ausl\u00e4ndische K\u00e4mpfer geworben haben. In \u00d6sterreich ist die Rekrutierung von K\u00e4mpfern jedoch verboten.\u00a0Laut einem Bericht der FAZ ging dies aus einer Anfrage der FP\u00d6 hervor. Demnach hat Au\u00dfenminister Alexander Schallenberg (\u00d6VP) dem ukrainischen Botschafter &#8220;klar&#8221; kommunizieren lassen, dass solche Aufrufe im Widerspruch zum \u00f6sterreichischem Recht [&hellip;]\" \/>\n<meta property=\"og:url\" content=\"https:\/\/now-news.de\/de\/deutschland\/ukrainische-botschaft-warb-in-oesterreich-um-kaempfer\/\" \/>\n<meta property=\"og:site_name\" content=\"just-now.NEWS Deutschland\" \/>\n<meta property=\"article:publisher\" content=\"https:\/\/www.facebook.com\/wirmachenauf\" \/>\n<meta property=\"article:published_time\" content=\"2022-05-18T14:33:42+00:00\" \/>\n<meta property=\"og:image\" content=\"https:\/\/now-news.de\/de\/wp-content\/uploads\/sites\/3\/2022\/05\/Ukrainische-Botschaft-warb-in-Oesterreich-um-Kaempfer.jpg\" \/>\n\t<meta property=\"og:image:width\" content=\"460\" \/>\n\t<meta property=\"og:image:height\" content=\"259\" \/>\n\t<meta property=\"og:image:type\" content=\"image\/jpeg\" \/>\n<meta name=\"author\" content=\"rtnews\" \/>\n<meta name=\"twitter:card\" content=\"summary_large_image\" \/>\n<meta name=\"twitter:creator\" content=\"@WirMachenAuf_de\" \/>\n<meta name=\"twitter:site\" content=\"@WirMachenAuf_de\" \/>\n<meta name=\"twitter:label1\" content=\"Verfasst von\" \/>\n\t<meta name=\"twitter:data1\" content=\"rtnews\" \/>\n\t<meta name=\"twitter:label2\" content=\"Gesch\u00e4tzte Lesezeit\" \/>\n\t<meta name=\"twitter:data2\" content=\"2\u00a0Minuten\" \/>\n<script type=\"application\/ld+json\" class=\"yoast-schema-graph\">{\"@context\":\"https:\/\/schema.org\",\"@graph\":[{\"@type\":\"Article\",\"@id\":\"https:\/\/now-news.de\/de\/deutschland\/ukrainische-botschaft-warb-in-oesterreich-um-kaempfer\/#article\",\"isPartOf\":{\"@id\":\"https:\/\/now-news.de\/de\/deutschland\/ukrainische-botschaft-warb-in-oesterreich-um-kaempfer\/\"},\"author\":{\"name\":\"rtnews\",\"@id\":\"https:\/\/now-news.de\/de\/#\/schema\/person\/fb534a4e865501d8b3285208df34a9b5\"},\"headline\":\"Ukrainische Botschaft warb in \u00d6sterreich um K\u00e4mpfer\",\"datePublished\":\"2022-05-18T14:33:42+00:00\",\"dateModified\":\"2022-05-18T14:33:42+00:00\",\"mainEntityOfPage\":{\"@id\":\"https:\/\/now-news.de\/de\/deutschland\/ukrainische-botschaft-warb-in-oesterreich-um-kaempfer\/\"},\"wordCount\":379,\"commentCount\":0,\"publisher\":{\"@id\":\"https:\/\/now-news.de\/de\/#organization\"},\"image\":{\"@id\":\"https:\/\/now-news.de\/de\/deutschland\/ukrainische-botschaft-warb-in-oesterreich-um-kaempfer\/#primaryimage\"},\"thumbnailUrl\":\"https:\/\/now-news.de\/de\/wp-content\/uploads\/sites\/3\/2022\/05\/Ukrainische-Botschaft-warb-in-Oesterreich-um-Kaempfer.jpg\",\"keywords\":[\"Botschaft\",\"K\u00e4mpfer\",\"\u00d6sterreich\",\"Ukrainische\",\"warb\"],\"articleSection\":[\"Deutschland\",\"Russland\"],\"inLanguage\":\"de\",\"potentialAction\":[{\"@type\":\"CommentAction\",\"name\":\"Comment\",\"target\":[\"https:\/\/now-news.de\/de\/deutschland\/ukrainische-botschaft-warb-in-oesterreich-um-kaempfer\/#respond\"]}]},{\"@type\":\"WebPage\",\"@id\":\"https:\/\/now-news.de\/de\/deutschland\/ukrainische-botschaft-warb-in-oesterreich-um-kaempfer\/\",\"url\":\"https:\/\/now-news.de\/de\/deutschland\/ukrainische-botschaft-warb-in-oesterreich-um-kaempfer\/\",\"name\":\"Ukrainische Botschaft warb in \u00d6sterreich um K\u00e4mpfer - just-now.NEWS Deutschland\",\"isPartOf\":{\"@id\":\"https:\/\/now-news.de\/de\/#website\"},\"primaryImageOfPage\":{\"@id\":\"https:\/\/now-news.de\/de\/deutschland\/ukrainische-botschaft-warb-in-oesterreich-um-kaempfer\/#primaryimage\"},\"image\":{\"@id\":\"https:\/\/now-news.de\/de\/deutschland\/ukrainische-botschaft-warb-in-oesterreich-um-kaempfer\/#primaryimage\"},\"thumbnailUrl\":\"https:\/\/now-news.de\/de\/wp-content\/uploads\/sites\/3\/2022\/05\/Ukrainische-Botschaft-warb-in-Oesterreich-um-Kaempfer.jpg\",\"datePublished\":\"2022-05-18T14:33:42+00:00\",\"dateModified\":\"2022-05-18T14:33:42+00:00\",\"breadcrumb\":{\"@id\":\"https:\/\/now-news.de\/de\/deutschland\/ukrainische-botschaft-warb-in-oesterreich-um-kaempfer\/#breadcrumb\"},\"inLanguage\":\"de\",\"potentialAction\":[{\"@type\":\"ReadAction\",\"target\":[\"https:\/\/now-news.de\/de\/deutschland\/ukrainische-botschaft-warb-in-oesterreich-um-kaempfer\/\"]}]},{\"@type\":\"ImageObject\",\"inLanguage\":\"de\",\"@id\":\"https:\/\/now-news.de\/de\/deutschland\/ukrainische-botschaft-warb-in-oesterreich-um-kaempfer\/#primaryimage\",\"url\":\"https:\/\/now-news.de\/de\/wp-content\/uploads\/sites\/3\/2022\/05\/Ukrainische-Botschaft-warb-in-Oesterreich-um-Kaempfer.jpg\",\"contentUrl\":\"https:\/\/now-news.de\/de\/wp-content\/uploads\/sites\/3\/2022\/05\/Ukrainische-Botschaft-warb-in-Oesterreich-um-Kaempfer.jpg\",\"width\":460,\"height\":259,\"caption\":\"Ukrainische Botschaft warb in \u00d6sterreich um K\u00e4mpfer\"},{\"@type\":\"BreadcrumbList\",\"@id\":\"https:\/\/now-news.de\/de\/deutschland\/ukrainische-botschaft-warb-in-oesterreich-um-kaempfer\/#breadcrumb\",\"itemListElement\":[{\"@type\":\"ListItem\",\"position\":1,\"name\":\"Home\",\"item\":\"https:\/\/now-news.de\/de\/\"},{\"@type\":\"ListItem\",\"position\":2,\"name\":\"Ukrainische Botschaft warb in \u00d6sterreich um K\u00e4mpfer\"}]},{\"@type\":\"WebSite\",\"@id\":\"https:\/\/now-news.de\/de\/#website\",\"url\":\"https:\/\/now-news.de\/de\/\",\"name\":\"just-now.NEWS Deutschland\",\"description\":\"Das Portal f\u00fcr unzensierte Nachrichten aus der Welt\",\"publisher\":{\"@id\":\"https:\/\/now-news.de\/de\/#organization\"},\"potentialAction\":[{\"@type\":\"SearchAction\",\"target\":{\"@type\":\"EntryPoint\",\"urlTemplate\":\"https:\/\/now-news.de\/de\/?s={search_term_string}\"},\"query-input\":\"required name=search_term_string\"}],\"inLanguage\":\"de\"},{\"@type\":\"Organization\",\"@id\":\"https:\/\/now-news.de\/de\/#organization\",\"name\":\"Just Now News\",\"url\":\"https:\/\/now-news.de\/de\/\",\"logo\":{\"@type\":\"ImageObject\",\"inLanguage\":\"de\",\"@id\":\"https:\/\/now-news.de\/de\/#\/schema\/logo\/image\/\",\"url\":\"http:\/\/just-now.news\/de\/wp-content\/uploads\/sites\/3\/2022\/04\/logo500x500.jpg\",\"contentUrl\":\"http:\/\/just-now.news\/de\/wp-content\/uploads\/sites\/3\/2022\/04\/logo500x500.jpg\",\"width\":500,\"height\":500,\"caption\":\"Just Now News\"},\"image\":{\"@id\":\"https:\/\/now-news.de\/de\/#\/schema\/logo\/image\/\"},\"sameAs\":[\"https:\/\/www.facebook.com\/wirmachenauf\",\"https:\/\/x.com\/WirMachenAuf_de\"]},{\"@type\":\"Person\",\"@id\":\"https:\/\/now-news.de\/de\/#\/schema\/person\/fb534a4e865501d8b3285208df34a9b5\",\"name\":\"rtnews\",\"image\":{\"@type\":\"ImageObject\",\"inLanguage\":\"de\",\"@id\":\"https:\/\/now-news.de\/de\/#\/schema\/person\/image\/\",\"url\":\"https:\/\/secure.gravatar.com\/avatar\/82aafea7d8127119dd649515f56e2117?s=96&d=mm&r=g\",\"contentUrl\":\"https:\/\/secure.gravatar.com\/avatar\/82aafea7d8127119dd649515f56e2117?s=96&d=mm&r=g\",\"caption\":\"rtnews\"},\"url\":\"https:\/\/now-news.de\/de\/author\/rnews\/\"}]}<\/script>\n<!-- \/ Yoast SEO Premium plugin. -->","yoast_head_json":{"title":"Ukrainische Botschaft warb in \u00d6sterreich um K\u00e4mpfer - just-now.NEWS Deutschland","robots":{"index":"index","follow":"follow","max-snippet":"max-snippet:-1","max-image-preview":"max-image-preview:large","max-video-preview":"max-video-preview:-1"},"canonical":"https:\/\/now-news.de\/de\/deutschland\/ukrainische-botschaft-warb-in-oesterreich-um-kaempfer\/","og_locale":"de_DE","og_type":"article","og_title":"Ukrainische Botschaft warb in \u00d6sterreich um K\u00e4mpfer","og_description":"Die ukrainische Botschaft in Wien soll \u00fcber das Internet um ausl\u00e4ndische K\u00e4mpfer geworben haben. In \u00d6sterreich ist die Rekrutierung von K\u00e4mpfern jedoch verboten.\u00a0Laut einem Bericht der FAZ ging dies aus einer Anfrage der FP\u00d6 hervor. Demnach hat Au\u00dfenminister Alexander Schallenberg (\u00d6VP) dem ukrainischen Botschafter &#8220;klar&#8221; kommunizieren lassen, dass solche Aufrufe im Widerspruch zum \u00f6sterreichischem Recht [&hellip;]","og_url":"https:\/\/now-news.de\/de\/deutschland\/ukrainische-botschaft-warb-in-oesterreich-um-kaempfer\/","og_site_name":"just-now.NEWS Deutschland","article_publisher":"https:\/\/www.facebook.com\/wirmachenauf","article_published_time":"2022-05-18T14:33:42+00:00","og_image":[{"width":460,"height":259,"url":"https:\/\/now-news.de\/de\/wp-content\/uploads\/sites\/3\/2022\/05\/Ukrainische-Botschaft-warb-in-Oesterreich-um-Kaempfer.jpg","type":"image\/jpeg"}],"author":"rtnews","twitter_card":"summary_large_image","twitter_creator":"@WirMachenAuf_de","twitter_site":"@WirMachenAuf_de","twitter_misc":{"Verfasst von":"rtnews","Gesch\u00e4tzte Lesezeit":"2\u00a0Minuten"},"schema":{"@context":"https:\/\/schema.org","@graph":[{"@type":"Article","@id":"https:\/\/now-news.de\/de\/deutschland\/ukrainische-botschaft-warb-in-oesterreich-um-kaempfer\/#article","isPartOf":{"@id":"https:\/\/now-news.de\/de\/deutschland\/ukrainische-botschaft-warb-in-oesterreich-um-kaempfer\/"},"author":{"name":"rtnews","@id":"https:\/\/now-news.de\/de\/#\/schema\/person\/fb534a4e865501d8b3285208df34a9b5"},"headline":"Ukrainische Botschaft warb in \u00d6sterreich um K\u00e4mpfer","datePublished":"2022-05-18T14:33:42+00:00","dateModified":"2022-05-18T14:33:42+00:00","mainEntityOfPage":{"@id":"https:\/\/now-news.de\/de\/deutschland\/ukrainische-botschaft-warb-in-oesterreich-um-kaempfer\/"},"wordCount":379,"commentCount":0,"publisher":{"@id":"https:\/\/now-news.de\/de\/#organization"},"image":{"@id":"https:\/\/now-news.de\/de\/deutschland\/ukrainische-botschaft-warb-in-oesterreich-um-kaempfer\/#primaryimage"},"thumbnailUrl":"https:\/\/now-news.de\/de\/wp-content\/uploads\/sites\/3\/2022\/05\/Ukrainische-Botschaft-warb-in-Oesterreich-um-Kaempfer.jpg","keywords":["Botschaft","K\u00e4mpfer","\u00d6sterreich","Ukrainische","warb"],"articleSection":["Deutschland","Russland"],"inLanguage":"de","potentialAction":[{"@type":"CommentAction","name":"Comment","target":["https:\/\/now-news.de\/de\/deutschland\/ukrainische-botschaft-warb-in-oesterreich-um-kaempfer\/#respond"]}]},{"@type":"WebPage","@id":"https:\/\/now-news.de\/de\/deutschland\/ukrainische-botschaft-warb-in-oesterreich-um-kaempfer\/","url":"https:\/\/now-news.de\/de\/deutschland\/ukrainische-botschaft-warb-in-oesterreich-um-kaempfer\/","name":"Ukrainische Botschaft warb in \u00d6sterreich um K\u00e4mpfer - just-now.NEWS Deutschland","isPartOf":{"@id":"https:\/\/now-news.de\/de\/#website"},"primaryImageOfPage":{"@id":"https:\/\/now-news.de\/de\/deutschland\/ukrainische-botschaft-warb-in-oesterreich-um-kaempfer\/#primaryimage"},"image":{"@id":"https:\/\/now-news.de\/de\/deutschland\/ukrainische-botschaft-warb-in-oesterreich-um-kaempfer\/#primaryimage"},"thumbnailUrl":"https:\/\/now-news.de\/de\/wp-content\/uploads\/sites\/3\/2022\/05\/Ukrainische-Botschaft-warb-in-Oesterreich-um-Kaempfer.jpg","datePublished":"2022-05-18T14:33:42+00:00","dateModified":"2022-05-18T14:33:42+00:00","breadcrumb":{"@id":"https:\/\/now-news.de\/de\/deutschland\/ukrainische-botschaft-warb-in-oesterreich-um-kaempfer\/#breadcrumb"},"inLanguage":"de","potentialAction":[{"@type":"ReadAction","target":["https:\/\/now-news.de\/de\/deutschland\/ukrainische-botschaft-warb-in-oesterreich-um-kaempfer\/"]}]},{"@type":"ImageObject","inLanguage":"de","@id":"https:\/\/now-news.de\/de\/deutschland\/ukrainische-botschaft-warb-in-oesterreich-um-kaempfer\/#primaryimage","url":"https:\/\/now-news.de\/de\/wp-content\/uploads\/sites\/3\/2022\/05\/Ukrainische-Botschaft-warb-in-Oesterreich-um-Kaempfer.jpg","contentUrl":"https:\/\/now-news.de\/de\/wp-content\/uploads\/sites\/3\/2022\/05\/Ukrainische-Botschaft-warb-in-Oesterreich-um-Kaempfer.jpg","width":460,"height":259,"caption":"Ukrainische Botschaft warb in \u00d6sterreich um K\u00e4mpfer"},{"@type":"BreadcrumbList","@id":"https:\/\/now-news.de\/de\/deutschland\/ukrainische-botschaft-warb-in-oesterreich-um-kaempfer\/#breadcrumb","itemListElement":[{"@type":"ListItem","position":1,"name":"Home","item":"https:\/\/now-news.de\/de\/"},{"@type":"ListItem","position":2,"name":"Ukrainische Botschaft warb in \u00d6sterreich um K\u00e4mpfer"}]},{"@type":"WebSite","@id":"https:\/\/now-news.de\/de\/#website","url":"https:\/\/now-news.de\/de\/","name":"just-now.NEWS Deutschland","description":"Das Portal f\u00fcr unzensierte Nachrichten aus der Welt","publisher":{"@id":"https:\/\/now-news.de\/de\/#organization"},"potentialAction":[{"@type":"SearchAction","target":{"@type":"EntryPoint","urlTemplate":"https:\/\/now-news.de\/de\/?s={search_term_string}"},"query-input":"required name=search_term_string"}],"inLanguage":"de"},{"@type":"Organization","@id":"https:\/\/now-news.de\/de\/#organization","name":"Just Now News","url":"https:\/\/now-news.de\/de\/","logo":{"@type":"ImageObject","inLanguage":"de","@id":"https:\/\/now-news.de\/de\/#\/schema\/logo\/image\/","url":"http:\/\/just-now.news\/de\/wp-content\/uploads\/sites\/3\/2022\/04\/logo500x500.jpg","contentUrl":"http:\/\/just-now.news\/de\/wp-content\/uploads\/sites\/3\/2022\/04\/logo500x500.jpg","width":500,"height":500,"caption":"Just Now News"},"image":{"@id":"https:\/\/now-news.de\/de\/#\/schema\/logo\/image\/"},"sameAs":["https:\/\/www.facebook.com\/wirmachenauf","https:\/\/x.com\/WirMachenAuf_de"]},{"@type":"Person","@id":"https:\/\/now-news.de\/de\/#\/schema\/person\/fb534a4e865501d8b3285208df34a9b5","name":"rtnews","image":{"@type":"ImageObject","inLanguage":"de","@id":"https:\/\/now-news.de\/de\/#\/schema\/person\/image\/","url":"https:\/\/secure.gravatar.com\/avatar\/82aafea7d8127119dd649515f56e2117?s=96&d=mm&r=g","contentUrl":"https:\/\/secure.gravatar.com\/avatar\/82aafea7d8127119dd649515f56e2117?s=96&d=mm&r=g","caption":"rtnews"},"url":"https:\/\/now-news.de\/de\/author\/rnews\/"}]}},"_links":{"self":[{"href":"https:\/\/now-news.de\/de\/wp-json\/wp\/v2\/posts\/8133"}],"collection":[{"href":"https:\/\/now-news.de\/de\/wp-json\/wp\/v2\/posts"}],"about":[{"href":"https:\/\/now-news.de\/de\/wp-json\/wp\/v2\/types\/post"}],"author":[{"embeddable":true,"href":"https:\/\/now-news.de\/de\/wp-json\/wp\/v2\/users\/3"}],"replies":[{"embeddable":true,"href":"https:\/\/now-news.de\/de\/wp-json\/wp\/v2\/comments?post=8133"}],"version-history":[{"count":0,"href":"https:\/\/now-news.de\/de\/wp-json\/wp\/v2\/posts\/8133\/revisions"}],"wp:featuredmedia":[{"embeddable":true,"href":"https:\/\/now-news.de\/de\/wp-json\/wp\/v2\/media\/8134"}],"wp:attachment":[{"href":"https:\/\/now-news.de\/de\/wp-json\/wp\/v2\/media?parent=8133"}],"wp:term":[{"taxonomy":"category","embeddable":true,"href":"https:\/\/now-news.de\/de\/wp-json\/wp\/v2\/categories?post=8133"},{"taxonomy":"post_tag","embeddable":true,"href":"https:\/\/now-news.de\/de\/wp-json\/wp\/v2\/tags?post=8133"}],"curies":[{"name":"wp","href":"https:\/\/api.w.org\/{rel}","templated":true}]}}