{"id":81319,"date":"2025-03-31T18:44:52","date_gmt":"2025-03-31T16:44:52","guid":{"rendered":"https:\/\/now-news.de\/de\/deutschland\/fpoe-fordert-klare-begrenzung-des-familiennachzugs-oesterreichs-bevoelkerung-veraendert-sich-rasant\/"},"modified":"2025-03-31T18:44:52","modified_gmt":"2025-03-31T16:44:52","slug":"fpoe-fordert-klare-begrenzung-des-familiennachzugs-oesterreichs-bevoelkerung-veraendert-sich-rasant","status":"publish","type":"post","link":"https:\/\/now-news.de\/de\/deutschland\/fpoe-fordert-klare-begrenzung-des-familiennachzugs-oesterreichs-bevoelkerung-veraendert-sich-rasant\/","title":{"rendered":"FP\u00d6 fordert klare Begrenzung des Familiennachzugs. \u00d6sterreichs Bev\u00f6lkerung ver\u00e4ndert sich rasant."},"content":{"rendered":"<p><img decoding=\"async\" src=\"https:\/\/now-news.de\/de\/wp-content\/uploads\/sites\/3\/2025\/03\/67eabc6a48fbef42fd7a5d41.jpg\" \/><\/p>\n<div class=\"Text-root Text-type_1 \">\n                Zahlen und Herkunft: 2024 kamen 7.762 Menschen nach \u00d6sterreich, \u00fcberwiegend aus Syrien, und beeinflussen damit die gesellschaftliche Entwicklung. Die FP\u00d6 warnt vor den hohen Kosten des Familiennachzugs und fordert strengere Ma\u00dfnahmen zur Begrenzung der Zuwanderung.\n            <\/div>\n<p><\/p>\n<div class=\"Text-root Text-type_5 ArticleView-text ViewText-root \">\n<p data-pm-slice=\"1 1 []\">In den vergangenen zwei Jahren kamen rund 17.000 Menschen \u00fcber den Familiennachzug nach \u00d6sterreich. Die finanziellen Belastungen tr\u00e4gt der Steuerzahler. Doch wer genau profitiert vom Familiennachzug? Wie hoch sind die Kosten? Und welche Auswirkungen hat dies auf die Gesellschaft?<\/p>\n<p>Bundeskanzler Christian Stocker (\u00d6VP) k\u00fcndigte an, den Familiennachzug zu stoppen. Tats\u00e4chlich handelt es sich jedoch nur um eine Einschr\u00e4nkung, denn Antr\u00e4ge k\u00f6nnen weiterhin gestellt werden. Ausnahmen gelten insbesondere f\u00fcr gut integrierte Personen oder Kinder ohne Bezugsperson im Herkunftsland. Kritiker, darunter die FP\u00d6, bezeichnen die Reform daher als unzureichend.<\/p>\n<p>Im Jahr 2024 kamen insgesamt 7.762 Personen \u00fcber den Familiennachzug nach \u00d6sterreich, darunter 4.817 Frauen und 2.945 M\u00e4nner. Mehr als 5.300 davon waren minderj\u00e4hrig, wobei etwa 3.100 schulpflichtig sind. Der Gro\u00dfteil dieser Menschen stammt aus Syrien (89 Prozent), gefolgt von Afghanistan (4 Prozent) und Somalia (3 Prozent).<\/p>\n<p>Zum Vergleich: 2023 waren es 10.642 Personen, die \u00fcber den Familiennachzug einreisten. Auch hier stellte Syrien die mit Abstand gr\u00f6\u00dfte Herkunftsgruppe.<\/p>\n<p>Mit Stand 1. Januar 2025 lebten in \u00d6sterreich 9.198.214 Menschen. Rund 80\u00a0Prozent sind \u00f6sterreichische Staatsb\u00fcrger, 10\u00a0Prozent EU-B\u00fcrger sowie 10\u00a0Prozent Drittstaatsangeh\u00f6rige. Zum Vergleich: Vor 15 Jahren lag der Anteil der \u00d6sterreicher noch bei 89 Prozent, Drittstaatsangeh\u00f6rige machten lediglich 6\u00a0Prozent der Bev\u00f6lkerung aus.<\/p>\n<p>Die Zahl der Menschen mit ausl\u00e4ndischer Staatsb\u00fcrgerschaft liegt derzeit bei 1.855.624. Zudem sind 22,7\u00a0Prozent der Bev\u00f6lkerung im Ausland geboren. Im Jahr 2024 wurden 16.784 Asylantr\u00e4ge positiv entschieden, wovon 74\u00a0Prozent syrische Staatsb\u00fcrger betrafen. Hinzu kamen 7.673 F\u00e4lle von subsidi\u00e4rem Schutz, der haupts\u00e4chlich Afghanen gew\u00e4hrt wurde.<\/p>\n<p>Sobald jemand Asyl erh\u00e4lt, kann er innerhalb von drei Monaten einen Antrag auf Familiennachzug stellen. Bei subsidi\u00e4r Schutzberechtigten betr\u00e4gt die Wartezeit drei Jahre. Nach positivem Bescheid beginnt die Reise nach \u00d6sterreich \u2013 und mit der Einreise greifen bereits zahlreiche Sozialleistungen. Die Antragsteller erhalten Grundversorgung, Wohnkostenzusch\u00fcsse, Familienbeihilfe sowie weitere F\u00f6rderma\u00dfnahmen, etwa Deutschkurse oder Schulpl\u00e4tze.<\/p>\n<p>Besonders betroffen sind Schulen, vor allem in Wien. Dort haben 34\u00a0Prozent der Pflichtsch\u00fcler nicht Deutsch als Alltagssprache. Auch das Gesundheitssystem steht unter Druck.<\/p>\n<p>Die finanziellen Aufwendungen f\u00fcr den Familiennachzug sind enorm. Neben Sozialleistungen entstehen zus\u00e4tzliche Kosten f\u00fcr Verwaltung, Bildung und Integrationsma\u00dfnahmen. Eine vollst\u00e4ndige Kostenerhebung gibt es nicht \u2013 laut einer Anfragebeantwortung an die FP\u00d6 seien die Gesamtausgaben &#8220;nicht eruierbar&#8221;.<\/p>\n<p>Der Familiennachzug bleibt eine Herausforderung f\u00fcr \u00d6sterreichs Sozialsystem. Trotz der geplanten Einschr\u00e4nkungen bleibt er in vielen F\u00e4llen m\u00f6glich, was erhebliche Kosten verursacht und die gesellschaftliche Struktur nachhaltig ver\u00e4ndert.<\/p>\n<p><strong>Mehr zum Thema<\/strong>\u00a0\u2013\u00a0<a rel=\"nofollow noopener\" target=\"_blank\" href=\"https:\/\/freedert.online\/oesterreich\/239242-auswirkungen-ramadan-auf-schulen-fpoe\/\">Auswirkungen des Ramadan auf Schulen: FP\u00d6 kritisiert Migrationspolitik<\/a><\/p>\n<div class=\"EmbedBlock-root EmbedBlock-externalVideo EmbedBlock-rumble\">\n<div class=\"VkEmbed\"><iframe class=\"lazyload\" data-src=\"https:\/\/rumble.com\/embed\/v6igzz1\" frameborder=\"0\" width=\"853\" height=\"480\" allowfullscreen><\/iframe><\/div>\n<\/div>\n<\/div>\n<p><br \/>\n<br \/><a href=\"https:\/\/de.rt.com\/oesterreich\/241197-fpoe-fordert-klare-begrenzung-familiennachzugs\/\">Source link <\/a><\/p>\n","protected":false},"excerpt":{"rendered":"<p>Zahlen und Herkunft: 2024 kamen 7.762 Menschen nach \u00d6sterreich, \u00fcberwiegend aus Syrien, und beeinflussen damit die gesellschaftliche Entwicklung. Die FP\u00d6 warnt vor den hohen Kosten des Familiennachzugs und fordert strengere Ma\u00dfnahmen zur Begrenzung der Zuwanderung. In den vergangenen zwei Jahren kamen rund 17.000 Menschen \u00fcber den Familiennachzug nach \u00d6sterreich. Die finanziellen Belastungen tr\u00e4gt der Steuerzahler. [&hellip;]<\/p>\n","protected":false},"author":3,"featured_media":81320,"comment_status":"open","ping_status":"open","sticky":false,"template":"","format":"standard","meta":{"_yoast_indexnow_last_ping":["1743439783"],"wp_automatic_camp":["217"],"bbb91f9110c0f17c7901700fe3bffbec":["FP\u00d6 fordert klare Begrenzung des Familiennachzugs. \u00d6sterreichs Bev\u00f6lkerung ver\u00e4ndert sich rasant."],"original_link":["https:\/\/de.rt.com\/oesterreich\/241197-fpoe-fordert-klare-begrenzung-familiennachzugs\/"],"_thumbnail_id":["81320"],"jnews_social_counter_last_update":["1777077000"],"_wptgpro_p2tg_sent2tg":["a:1:{i:23737;s:19:\"2025-03-31 18:50:44\";}"]},"categories":[19,23],"tags":[23310,27586,583,63923,355,30964,34085,8354,27967,434,38230],"yoast_head":"<!-- This site is optimized with the Yoast SEO Premium plugin v22.7 (Yoast SEO v22.7) - https:\/\/yoast.com\/wordpress\/plugins\/seo\/ -->\n<title>FP\u00d6 fordert klare Begrenzung des Familiennachzugs. \u00d6sterreichs Bev\u00f6lkerung ver\u00e4ndert sich rasant. - just-now.NEWS Deutschland<\/title>\n<meta name=\"robots\" content=\"index, follow, max-snippet:-1, max-image-preview:large, max-video-preview:-1\" \/>\n<link rel=\"canonical\" href=\"https:\/\/now-news.de\/de\/deutschland\/fpoe-fordert-klare-begrenzung-des-familiennachzugs-oesterreichs-bevoelkerung-veraendert-sich-rasant\/\" \/>\n<meta property=\"og:locale\" content=\"de_DE\" \/>\n<meta property=\"og:type\" content=\"article\" \/>\n<meta property=\"og:title\" content=\"FP\u00d6 fordert klare Begrenzung des Familiennachzugs. \u00d6sterreichs Bev\u00f6lkerung ver\u00e4ndert sich rasant.\" \/>\n<meta property=\"og:description\" content=\"Zahlen und Herkunft: 2024 kamen 7.762 Menschen nach \u00d6sterreich, \u00fcberwiegend aus Syrien, und beeinflussen damit die gesellschaftliche Entwicklung. Die FP\u00d6 warnt vor den hohen Kosten des Familiennachzugs und fordert strengere Ma\u00dfnahmen zur Begrenzung der Zuwanderung. In den vergangenen zwei Jahren kamen rund 17.000 Menschen \u00fcber den Familiennachzug nach \u00d6sterreich. Die finanziellen Belastungen tr\u00e4gt der Steuerzahler. [&hellip;]\" \/>\n<meta property=\"og:url\" content=\"https:\/\/now-news.de\/de\/deutschland\/fpoe-fordert-klare-begrenzung-des-familiennachzugs-oesterreichs-bevoelkerung-veraendert-sich-rasant\/\" \/>\n<meta property=\"og:site_name\" content=\"just-now.NEWS Deutschland\" \/>\n<meta property=\"article:publisher\" content=\"https:\/\/www.facebook.com\/wirmachenauf\" \/>\n<meta property=\"article:published_time\" content=\"2025-03-31T16:44:52+00:00\" \/>\n<meta property=\"og:image\" content=\"https:\/\/now-news.de\/de\/wp-content\/uploads\/sites\/3\/2025\/03\/67eabc6a48fbef42fd7a5d41.jpg\" \/>\n<meta name=\"author\" content=\"rtnews\" \/>\n<meta name=\"twitter:card\" content=\"summary_large_image\" \/>\n<meta name=\"twitter:creator\" content=\"@WirMachenAuf_de\" \/>\n<meta name=\"twitter:site\" content=\"@WirMachenAuf_de\" \/>\n<meta name=\"twitter:label1\" content=\"Verfasst von\" \/>\n\t<meta name=\"twitter:data1\" content=\"rtnews\" \/>\n\t<meta name=\"twitter:label2\" content=\"Gesch\u00e4tzte Lesezeit\" \/>\n\t<meta name=\"twitter:data2\" content=\"2\u00a0Minuten\" \/>\n<script type=\"application\/ld+json\" class=\"yoast-schema-graph\">{\"@context\":\"https:\/\/schema.org\",\"@graph\":[{\"@type\":\"Article\",\"@id\":\"https:\/\/now-news.de\/de\/deutschland\/fpoe-fordert-klare-begrenzung-des-familiennachzugs-oesterreichs-bevoelkerung-veraendert-sich-rasant\/#article\",\"isPartOf\":{\"@id\":\"https:\/\/now-news.de\/de\/deutschland\/fpoe-fordert-klare-begrenzung-des-familiennachzugs-oesterreichs-bevoelkerung-veraendert-sich-rasant\/\"},\"author\":{\"name\":\"rtnews\",\"@id\":\"https:\/\/now-news.de\/de\/#\/schema\/person\/fb534a4e865501d8b3285208df34a9b5\"},\"headline\":\"FP\u00d6 fordert klare Begrenzung des Familiennachzugs. \u00d6sterreichs Bev\u00f6lkerung ver\u00e4ndert sich rasant.\",\"datePublished\":\"2025-03-31T16:44:52+00:00\",\"dateModified\":\"2025-03-31T16:44:52+00:00\",\"mainEntityOfPage\":{\"@id\":\"https:\/\/now-news.de\/de\/deutschland\/fpoe-fordert-klare-begrenzung-des-familiennachzugs-oesterreichs-bevoelkerung-veraendert-sich-rasant\/\"},\"wordCount\":461,\"commentCount\":0,\"publisher\":{\"@id\":\"https:\/\/now-news.de\/de\/#organization\"},\"image\":{\"@id\":\"https:\/\/now-news.de\/de\/deutschland\/fpoe-fordert-klare-begrenzung-des-familiennachzugs-oesterreichs-bevoelkerung-veraendert-sich-rasant\/#primaryimage\"},\"thumbnailUrl\":\"https:\/\/now-news.de\/de\/wp-content\/uploads\/sites\/3\/2025\/03\/FPOe-fordert-klare-Begrenzung-des-Familiennachzugs-Oesterreichs-Bevoelkerung-veraendert-sich.jpg\",\"keywords\":[\"Begrenzung\",\"Bev\u00f6lkerung\",\"des\",\"Familiennachzugs\",\"fordert\",\"FP\u00d6\",\"klare\",\"\u00d6sterreichs\",\"rasant\",\"sich\",\"ver\u00e4ndert\"],\"articleSection\":[\"Deutschland\",\"Russland\"],\"inLanguage\":\"de\",\"potentialAction\":[{\"@type\":\"CommentAction\",\"name\":\"Comment\",\"target\":[\"https:\/\/now-news.de\/de\/deutschland\/fpoe-fordert-klare-begrenzung-des-familiennachzugs-oesterreichs-bevoelkerung-veraendert-sich-rasant\/#respond\"]}]},{\"@type\":\"WebPage\",\"@id\":\"https:\/\/now-news.de\/de\/deutschland\/fpoe-fordert-klare-begrenzung-des-familiennachzugs-oesterreichs-bevoelkerung-veraendert-sich-rasant\/\",\"url\":\"https:\/\/now-news.de\/de\/deutschland\/fpoe-fordert-klare-begrenzung-des-familiennachzugs-oesterreichs-bevoelkerung-veraendert-sich-rasant\/\",\"name\":\"FP\u00d6 fordert klare Begrenzung des Familiennachzugs. \u00d6sterreichs Bev\u00f6lkerung ver\u00e4ndert sich rasant. - just-now.NEWS Deutschland\",\"isPartOf\":{\"@id\":\"https:\/\/now-news.de\/de\/#website\"},\"primaryImageOfPage\":{\"@id\":\"https:\/\/now-news.de\/de\/deutschland\/fpoe-fordert-klare-begrenzung-des-familiennachzugs-oesterreichs-bevoelkerung-veraendert-sich-rasant\/#primaryimage\"},\"image\":{\"@id\":\"https:\/\/now-news.de\/de\/deutschland\/fpoe-fordert-klare-begrenzung-des-familiennachzugs-oesterreichs-bevoelkerung-veraendert-sich-rasant\/#primaryimage\"},\"thumbnailUrl\":\"https:\/\/now-news.de\/de\/wp-content\/uploads\/sites\/3\/2025\/03\/FPOe-fordert-klare-Begrenzung-des-Familiennachzugs-Oesterreichs-Bevoelkerung-veraendert-sich.jpg\",\"datePublished\":\"2025-03-31T16:44:52+00:00\",\"dateModified\":\"2025-03-31T16:44:52+00:00\",\"breadcrumb\":{\"@id\":\"https:\/\/now-news.de\/de\/deutschland\/fpoe-fordert-klare-begrenzung-des-familiennachzugs-oesterreichs-bevoelkerung-veraendert-sich-rasant\/#breadcrumb\"},\"inLanguage\":\"de\",\"potentialAction\":[{\"@type\":\"ReadAction\",\"target\":[\"https:\/\/now-news.de\/de\/deutschland\/fpoe-fordert-klare-begrenzung-des-familiennachzugs-oesterreichs-bevoelkerung-veraendert-sich-rasant\/\"]}]},{\"@type\":\"ImageObject\",\"inLanguage\":\"de\",\"@id\":\"https:\/\/now-news.de\/de\/deutschland\/fpoe-fordert-klare-begrenzung-des-familiennachzugs-oesterreichs-bevoelkerung-veraendert-sich-rasant\/#primaryimage\",\"url\":\"https:\/\/now-news.de\/de\/wp-content\/uploads\/sites\/3\/2025\/03\/FPOe-fordert-klare-Begrenzung-des-Familiennachzugs-Oesterreichs-Bevoelkerung-veraendert-sich.jpg\",\"contentUrl\":\"https:\/\/now-news.de\/de\/wp-content\/uploads\/sites\/3\/2025\/03\/FPOe-fordert-klare-Begrenzung-des-Familiennachzugs-Oesterreichs-Bevoelkerung-veraendert-sich.jpg\",\"width\":460,\"height\":259,\"caption\":\"FP\u00d6 fordert klare Begrenzung des Familiennachzugs. \u00d6sterreichs Bev\u00f6lkerung ver\u00e4ndert sich rasant.\"},{\"@type\":\"BreadcrumbList\",\"@id\":\"https:\/\/now-news.de\/de\/deutschland\/fpoe-fordert-klare-begrenzung-des-familiennachzugs-oesterreichs-bevoelkerung-veraendert-sich-rasant\/#breadcrumb\",\"itemListElement\":[{\"@type\":\"ListItem\",\"position\":1,\"name\":\"Home\",\"item\":\"https:\/\/now-news.de\/de\/\"},{\"@type\":\"ListItem\",\"position\":2,\"name\":\"FP\u00d6 fordert klare Begrenzung des Familiennachzugs. \u00d6sterreichs Bev\u00f6lkerung ver\u00e4ndert sich rasant.\"}]},{\"@type\":\"WebSite\",\"@id\":\"https:\/\/now-news.de\/de\/#website\",\"url\":\"https:\/\/now-news.de\/de\/\",\"name\":\"just-now.NEWS Deutschland\",\"description\":\"Das Portal f\u00fcr unzensierte Nachrichten aus der Welt\",\"publisher\":{\"@id\":\"https:\/\/now-news.de\/de\/#organization\"},\"potentialAction\":[{\"@type\":\"SearchAction\",\"target\":{\"@type\":\"EntryPoint\",\"urlTemplate\":\"https:\/\/now-news.de\/de\/?s={search_term_string}\"},\"query-input\":\"required name=search_term_string\"}],\"inLanguage\":\"de\"},{\"@type\":\"Organization\",\"@id\":\"https:\/\/now-news.de\/de\/#organization\",\"name\":\"Just Now News\",\"url\":\"https:\/\/now-news.de\/de\/\",\"logo\":{\"@type\":\"ImageObject\",\"inLanguage\":\"de\",\"@id\":\"https:\/\/now-news.de\/de\/#\/schema\/logo\/image\/\",\"url\":\"http:\/\/just-now.news\/de\/wp-content\/uploads\/sites\/3\/2022\/04\/logo500x500.jpg\",\"contentUrl\":\"http:\/\/just-now.news\/de\/wp-content\/uploads\/sites\/3\/2022\/04\/logo500x500.jpg\",\"width\":500,\"height\":500,\"caption\":\"Just Now News\"},\"image\":{\"@id\":\"https:\/\/now-news.de\/de\/#\/schema\/logo\/image\/\"},\"sameAs\":[\"https:\/\/www.facebook.com\/wirmachenauf\",\"https:\/\/x.com\/WirMachenAuf_de\"]},{\"@type\":\"Person\",\"@id\":\"https:\/\/now-news.de\/de\/#\/schema\/person\/fb534a4e865501d8b3285208df34a9b5\",\"name\":\"rtnews\",\"image\":{\"@type\":\"ImageObject\",\"inLanguage\":\"de\",\"@id\":\"https:\/\/now-news.de\/de\/#\/schema\/person\/image\/\",\"url\":\"https:\/\/secure.gravatar.com\/avatar\/82aafea7d8127119dd649515f56e2117?s=96&d=mm&r=g\",\"contentUrl\":\"https:\/\/secure.gravatar.com\/avatar\/82aafea7d8127119dd649515f56e2117?s=96&d=mm&r=g\",\"caption\":\"rtnews\"},\"url\":\"https:\/\/now-news.de\/de\/author\/rnews\/\"}]}<\/script>\n<!-- \/ Yoast SEO Premium plugin. -->","yoast_head_json":{"title":"FP\u00d6 fordert klare Begrenzung des Familiennachzugs. \u00d6sterreichs Bev\u00f6lkerung ver\u00e4ndert sich rasant. - just-now.NEWS Deutschland","robots":{"index":"index","follow":"follow","max-snippet":"max-snippet:-1","max-image-preview":"max-image-preview:large","max-video-preview":"max-video-preview:-1"},"canonical":"https:\/\/now-news.de\/de\/deutschland\/fpoe-fordert-klare-begrenzung-des-familiennachzugs-oesterreichs-bevoelkerung-veraendert-sich-rasant\/","og_locale":"de_DE","og_type":"article","og_title":"FP\u00d6 fordert klare Begrenzung des Familiennachzugs. \u00d6sterreichs Bev\u00f6lkerung ver\u00e4ndert sich rasant.","og_description":"Zahlen und Herkunft: 2024 kamen 7.762 Menschen nach \u00d6sterreich, \u00fcberwiegend aus Syrien, und beeinflussen damit die gesellschaftliche Entwicklung. Die FP\u00d6 warnt vor den hohen Kosten des Familiennachzugs und fordert strengere Ma\u00dfnahmen zur Begrenzung der Zuwanderung. In den vergangenen zwei Jahren kamen rund 17.000 Menschen \u00fcber den Familiennachzug nach \u00d6sterreich. Die finanziellen Belastungen tr\u00e4gt der Steuerzahler. [&hellip;]","og_url":"https:\/\/now-news.de\/de\/deutschland\/fpoe-fordert-klare-begrenzung-des-familiennachzugs-oesterreichs-bevoelkerung-veraendert-sich-rasant\/","og_site_name":"just-now.NEWS Deutschland","article_publisher":"https:\/\/www.facebook.com\/wirmachenauf","article_published_time":"2025-03-31T16:44:52+00:00","og_image":[{"url":"https:\/\/now-news.de\/de\/wp-content\/uploads\/sites\/3\/2025\/03\/67eabc6a48fbef42fd7a5d41.jpg"}],"author":"rtnews","twitter_card":"summary_large_image","twitter_creator":"@WirMachenAuf_de","twitter_site":"@WirMachenAuf_de","twitter_misc":{"Verfasst von":"rtnews","Gesch\u00e4tzte Lesezeit":"2\u00a0Minuten"},"schema":{"@context":"https:\/\/schema.org","@graph":[{"@type":"Article","@id":"https:\/\/now-news.de\/de\/deutschland\/fpoe-fordert-klare-begrenzung-des-familiennachzugs-oesterreichs-bevoelkerung-veraendert-sich-rasant\/#article","isPartOf":{"@id":"https:\/\/now-news.de\/de\/deutschland\/fpoe-fordert-klare-begrenzung-des-familiennachzugs-oesterreichs-bevoelkerung-veraendert-sich-rasant\/"},"author":{"name":"rtnews","@id":"https:\/\/now-news.de\/de\/#\/schema\/person\/fb534a4e865501d8b3285208df34a9b5"},"headline":"FP\u00d6 fordert klare Begrenzung des Familiennachzugs. \u00d6sterreichs Bev\u00f6lkerung ver\u00e4ndert sich rasant.","datePublished":"2025-03-31T16:44:52+00:00","dateModified":"2025-03-31T16:44:52+00:00","mainEntityOfPage":{"@id":"https:\/\/now-news.de\/de\/deutschland\/fpoe-fordert-klare-begrenzung-des-familiennachzugs-oesterreichs-bevoelkerung-veraendert-sich-rasant\/"},"wordCount":461,"commentCount":0,"publisher":{"@id":"https:\/\/now-news.de\/de\/#organization"},"image":{"@id":"https:\/\/now-news.de\/de\/deutschland\/fpoe-fordert-klare-begrenzung-des-familiennachzugs-oesterreichs-bevoelkerung-veraendert-sich-rasant\/#primaryimage"},"thumbnailUrl":"https:\/\/now-news.de\/de\/wp-content\/uploads\/sites\/3\/2025\/03\/FPOe-fordert-klare-Begrenzung-des-Familiennachzugs-Oesterreichs-Bevoelkerung-veraendert-sich.jpg","keywords":["Begrenzung","Bev\u00f6lkerung","des","Familiennachzugs","fordert","FP\u00d6","klare","\u00d6sterreichs","rasant","sich","ver\u00e4ndert"],"articleSection":["Deutschland","Russland"],"inLanguage":"de","potentialAction":[{"@type":"CommentAction","name":"Comment","target":["https:\/\/now-news.de\/de\/deutschland\/fpoe-fordert-klare-begrenzung-des-familiennachzugs-oesterreichs-bevoelkerung-veraendert-sich-rasant\/#respond"]}]},{"@type":"WebPage","@id":"https:\/\/now-news.de\/de\/deutschland\/fpoe-fordert-klare-begrenzung-des-familiennachzugs-oesterreichs-bevoelkerung-veraendert-sich-rasant\/","url":"https:\/\/now-news.de\/de\/deutschland\/fpoe-fordert-klare-begrenzung-des-familiennachzugs-oesterreichs-bevoelkerung-veraendert-sich-rasant\/","name":"FP\u00d6 fordert klare Begrenzung des Familiennachzugs. \u00d6sterreichs Bev\u00f6lkerung ver\u00e4ndert sich rasant. - just-now.NEWS Deutschland","isPartOf":{"@id":"https:\/\/now-news.de\/de\/#website"},"primaryImageOfPage":{"@id":"https:\/\/now-news.de\/de\/deutschland\/fpoe-fordert-klare-begrenzung-des-familiennachzugs-oesterreichs-bevoelkerung-veraendert-sich-rasant\/#primaryimage"},"image":{"@id":"https:\/\/now-news.de\/de\/deutschland\/fpoe-fordert-klare-begrenzung-des-familiennachzugs-oesterreichs-bevoelkerung-veraendert-sich-rasant\/#primaryimage"},"thumbnailUrl":"https:\/\/now-news.de\/de\/wp-content\/uploads\/sites\/3\/2025\/03\/FPOe-fordert-klare-Begrenzung-des-Familiennachzugs-Oesterreichs-Bevoelkerung-veraendert-sich.jpg","datePublished":"2025-03-31T16:44:52+00:00","dateModified":"2025-03-31T16:44:52+00:00","breadcrumb":{"@id":"https:\/\/now-news.de\/de\/deutschland\/fpoe-fordert-klare-begrenzung-des-familiennachzugs-oesterreichs-bevoelkerung-veraendert-sich-rasant\/#breadcrumb"},"inLanguage":"de","potentialAction":[{"@type":"ReadAction","target":["https:\/\/now-news.de\/de\/deutschland\/fpoe-fordert-klare-begrenzung-des-familiennachzugs-oesterreichs-bevoelkerung-veraendert-sich-rasant\/"]}]},{"@type":"ImageObject","inLanguage":"de","@id":"https:\/\/now-news.de\/de\/deutschland\/fpoe-fordert-klare-begrenzung-des-familiennachzugs-oesterreichs-bevoelkerung-veraendert-sich-rasant\/#primaryimage","url":"https:\/\/now-news.de\/de\/wp-content\/uploads\/sites\/3\/2025\/03\/FPOe-fordert-klare-Begrenzung-des-Familiennachzugs-Oesterreichs-Bevoelkerung-veraendert-sich.jpg","contentUrl":"https:\/\/now-news.de\/de\/wp-content\/uploads\/sites\/3\/2025\/03\/FPOe-fordert-klare-Begrenzung-des-Familiennachzugs-Oesterreichs-Bevoelkerung-veraendert-sich.jpg","width":460,"height":259,"caption":"FP\u00d6 fordert klare Begrenzung des Familiennachzugs. \u00d6sterreichs Bev\u00f6lkerung ver\u00e4ndert sich rasant."},{"@type":"BreadcrumbList","@id":"https:\/\/now-news.de\/de\/deutschland\/fpoe-fordert-klare-begrenzung-des-familiennachzugs-oesterreichs-bevoelkerung-veraendert-sich-rasant\/#breadcrumb","itemListElement":[{"@type":"ListItem","position":1,"name":"Home","item":"https:\/\/now-news.de\/de\/"},{"@type":"ListItem","position":2,"name":"FP\u00d6 fordert klare Begrenzung des Familiennachzugs. \u00d6sterreichs Bev\u00f6lkerung ver\u00e4ndert sich rasant."}]},{"@type":"WebSite","@id":"https:\/\/now-news.de\/de\/#website","url":"https:\/\/now-news.de\/de\/","name":"just-now.NEWS Deutschland","description":"Das Portal f\u00fcr unzensierte Nachrichten aus der Welt","publisher":{"@id":"https:\/\/now-news.de\/de\/#organization"},"potentialAction":[{"@type":"SearchAction","target":{"@type":"EntryPoint","urlTemplate":"https:\/\/now-news.de\/de\/?s={search_term_string}"},"query-input":"required name=search_term_string"}],"inLanguage":"de"},{"@type":"Organization","@id":"https:\/\/now-news.de\/de\/#organization","name":"Just Now News","url":"https:\/\/now-news.de\/de\/","logo":{"@type":"ImageObject","inLanguage":"de","@id":"https:\/\/now-news.de\/de\/#\/schema\/logo\/image\/","url":"http:\/\/just-now.news\/de\/wp-content\/uploads\/sites\/3\/2022\/04\/logo500x500.jpg","contentUrl":"http:\/\/just-now.news\/de\/wp-content\/uploads\/sites\/3\/2022\/04\/logo500x500.jpg","width":500,"height":500,"caption":"Just Now News"},"image":{"@id":"https:\/\/now-news.de\/de\/#\/schema\/logo\/image\/"},"sameAs":["https:\/\/www.facebook.com\/wirmachenauf","https:\/\/x.com\/WirMachenAuf_de"]},{"@type":"Person","@id":"https:\/\/now-news.de\/de\/#\/schema\/person\/fb534a4e865501d8b3285208df34a9b5","name":"rtnews","image":{"@type":"ImageObject","inLanguage":"de","@id":"https:\/\/now-news.de\/de\/#\/schema\/person\/image\/","url":"https:\/\/secure.gravatar.com\/avatar\/82aafea7d8127119dd649515f56e2117?s=96&d=mm&r=g","contentUrl":"https:\/\/secure.gravatar.com\/avatar\/82aafea7d8127119dd649515f56e2117?s=96&d=mm&r=g","caption":"rtnews"},"url":"https:\/\/now-news.de\/de\/author\/rnews\/"}]}},"_links":{"self":[{"href":"https:\/\/now-news.de\/de\/wp-json\/wp\/v2\/posts\/81319"}],"collection":[{"href":"https:\/\/now-news.de\/de\/wp-json\/wp\/v2\/posts"}],"about":[{"href":"https:\/\/now-news.de\/de\/wp-json\/wp\/v2\/types\/post"}],"author":[{"embeddable":true,"href":"https:\/\/now-news.de\/de\/wp-json\/wp\/v2\/users\/3"}],"replies":[{"embeddable":true,"href":"https:\/\/now-news.de\/de\/wp-json\/wp\/v2\/comments?post=81319"}],"version-history":[{"count":0,"href":"https:\/\/now-news.de\/de\/wp-json\/wp\/v2\/posts\/81319\/revisions"}],"wp:featuredmedia":[{"embeddable":true,"href":"https:\/\/now-news.de\/de\/wp-json\/wp\/v2\/media\/81320"}],"wp:attachment":[{"href":"https:\/\/now-news.de\/de\/wp-json\/wp\/v2\/media?parent=81319"}],"wp:term":[{"taxonomy":"category","embeddable":true,"href":"https:\/\/now-news.de\/de\/wp-json\/wp\/v2\/categories?post=81319"},{"taxonomy":"post_tag","embeddable":true,"href":"https:\/\/now-news.de\/de\/wp-json\/wp\/v2\/tags?post=81319"}],"curies":[{"name":"wp","href":"https:\/\/api.w.org\/{rel}","templated":true}]}}