{"id":81286,"date":"2025-03-31T12:19:12","date_gmt":"2025-03-31T10:19:12","guid":{"rendered":"https:\/\/now-news.de\/de\/deutschland\/bewaffneter-eroeffnet-das-feuer-vom-dach-im-russischen-murmansk-videos\/"},"modified":"2025-03-31T12:19:12","modified_gmt":"2025-03-31T10:19:12","slug":"bewaffneter-eroeffnet-das-feuer-vom-dach-im-russischen-murmansk-videos","status":"publish","type":"post","link":"https:\/\/now-news.de\/de\/deutschland\/bewaffneter-eroeffnet-das-feuer-vom-dach-im-russischen-murmansk-videos\/","title":{"rendered":"Bewaffneter er\u00f6ffnet das Feuer vom Dach im russischen Murmansk (VIDEOS)"},"content":{"rendered":"<p><img decoding=\"async\" src=\"https:\/\/now-news.de\/de\/wp-content\/uploads\/sites\/3\/2025\/03\/67ea630d48fbef6e67033902.jpg\" \/><\/p>\n<div class=\"Text-root Text-type_1 \">\n                In der russischen Arktisstadt Murmansk er\u00f6ffnete ein Mann von einem Dach aus das Feuer auf Polizeifahrzeuge und umliegende Geb\u00e4ude. Spezialkr\u00e4fte konnten den 44-J\u00e4hrigen \u00fcberw\u00e4ltigen, der dabei eine Schussverletzung davon trug. Weitere Opfer gab es nicht zu beklagen. Das Motiv des Mannes ist noch unklar.\n            <\/div>\n<p><\/p>\n<div class=\"Text-root Text-type_5 ArticleView-text ViewText-root \">\n<p>Ein Bewaffneter er\u00f6ffnete am sp\u00e4ten Sonntag das Feuer vom Dach eines mehrst\u00f6ckigen Geb\u00e4udes im Zentrum von Murmansk. Die russische Polizei und die Nationalgarde reagierten schnell. Der Angreifer, der offenbar allein handelte, verbarrikadierte sich mit Stacheldraht und begann, wahllos auf Geb\u00e4ude und Polizeifahrzeuge in der Umgebung zu schie\u00dfen.<\/p>\n<p>Nach Angaben von Bewohnern der nordrussischen Stadt waren die ersten Sch\u00fcsse gegen 22:00 Uhr Ortszeit zu h\u00f6ren. Augenzeugen berichteten, dass der Sch\u00fctze auf Fenster und Polizeipatrouillen geschossen habe, bevor das Gebiet abgesperrt wurde.<\/p>\n<p>Spezialeinheiten und Einheiten der Nationalgarde trafen rasch am Tatort ein. Der Gouverneur der Region Murmansk, Andrej Chibis, forderte die Bewohner auf, das Licht auszuschalten und sich von den Fenstern fernzuhalten.<\/p>\n<p>Videos, die von der Polizei verbreitet wurden und in den sozialen Medien kursieren, zeigen den Vorfall, wie er sich entwickelt hat, mit sporadischen Sch\u00fcssen, die in den Stra\u00dfen widerhallen.<\/p>\n<div class=\"EmbedBlock-root EmbedBlock-video\">\n<div class=\"VideoEmbed\"><script src=\"https:\/\/de.russiatoday.com\/static\/libs\/jwplayer\/jwplayer-7.8.4\/jwplayer.js\"><\/script><\/p>\n<div class=\"mediaplayer\" id=\"mediaplayer-js-mediaplayer-67ea6058b480cc689a1a8b98-block\">\n<div id=\"js-mediaplayer-67ea6058b480cc689a1a8b98\"><\/div>\n<p><script src=\"https:\/\/de.russiatoday.com\/static\/js\/streamsense.4.1411.18.min.js\" type=\"text\/javascript\"><\/script><script type=\"text\/javascript\">\n            var myStreamingTag = new ns_.StreamingTag( { customerC2: '17935924', C3: 'deutsch' } );\n                                                var metadata = {\n                ns_st_ci: \"67ea6058b480cc689a1a8b98\", \/\/ \u0438\u0434\u0435\u043d\u0442\u0438\u0444\u0438\u043a\u0430\u0442\u043e\u0440 \u043a\u043e\u043d\u0442\u0435\u043d\u0442\u0430 (\u0432\u0438\u0434\u0435\u043e)\n                c3: \"deutsch\",\n                c4: \"*null\",\n                c6: \"*null\"\n            };\n        <\/script><\/div>\n<p><script>\n    jwplayer.key=\"kESrsgULvYO7r2MfUelqj3vs+2i8JdQBqjGNmA==\";\n            jwplayer(\"js-mediaplayer-67ea6058b480cc689a1a8b98\").setup({\n            advertising: {\n                client: \"googima\",\n                                                tag: 'https:\/\/googleads.g.doubleclick.net\/pagead\/ads?client=ca-video-pub-5925172396047466&slotname=7341516193&ad_type=video_text_image_flash&description_url=\"+encodeURIComponent(location.href)+\"&max_ad_duration=30000&videoad_start_delay=0',\n                            },\n            file: \"https:\/\/mf.b37mrtl.ru\/deutsch\/video\/2025.03\/67ea6058b480cc689a1a8b98.mp4\",\n                                    image: \"https:\/\/mf.b37mrtl.ru\/deutsch\/images\/2025.03\/article\/67ea6054b480cc7a5e12ec14.png\",\n            \/\/ stretching: 'fill',\n                        \/\/ title: \"Murmansk1\\u0060\",\n            aspectratio: \"16:9\",\n            skin: {\n                name: \"five\",\n                active: \"#77bd1e\",\n                background: \"rgba(0, 0, 0, 0.5)\",\n                inactive: \"#FFFFFF\"\n            },\n            width: \"100%\",\n            autostart: false,\n            mute: false,\n            startparam: \"start\",\n            ga: {},\n                        sharing: {\n                code: encodeURI('\n<div style=\"position: relative;padding-bottom: 56.25%; padding-top: 25px; height: 0;\"><iframe style=\"position: absolute;top: 0;left: 0;width: 100%;height: 100%;\" src=\"' +\n                    location.protocol + '\/\/' + location.host + '\/russland\/241140-bewaffneter-eroeffnet-feuer-vom-dach\/\/video\/67ea6058b480cc689a1a8b98\" frameborder=\"0\" allowfullscreen><\/script><\/div>\n<p>&#8216;),<br \/>\n                link: &#8220;\/russland\/241140-bewaffneter-eroeffnet-feuer-vom-dach\/&#8221;<br \/>\n            },<br \/>\n                        events: {<br \/>\n                onPlay: function(){<br \/>\n                    myStreamingTag.playVideoContentPart(metadata);<br \/>\n                    var playingVideoId = &#8216;js-mediaplayer-67ea6058b480cc689a1a8b98&#8217;; \/\/ id \u0442\u0435\u043a\u0443\u0449\u0435\u0433\u043e \u043f\u043b\u0435\u0435\u0440\u0430<br \/>\n                    playersTmplBehavior.pauseMedia(playingVideoId); \/\/\u0437\u0430\u043f\u0443\u0441\u043a\u0430\u0435\u043c \u0444\u0443\u043d\u043a\u0446\u0438\u044e \u043e\u0441\u0442\u0430\u043d\u043e\u0432\u043a\u0438 \u0432\u0441\u0435\u0445 \u0438\u0433\u0440\u0430\u044e\u0449\u0438\u0445 \u043f\u043b\u0435\u0435\u0440\u043e\u0432 \u043a\u0440\u043e\u043c\u0435 \u044d\u0442\u043e\u0433\u043e \u041a\u043e\u043b<\/p>\n<p>                    if(ga) {<br \/>\n                        ga(&#8216;send&#8217;, &#8216;event&#8217;, &#8216;jwplayer-ga&#8217;, &#8216;click play&#8217;, &#8216;Bewaffneter er\u00f6ffnet das Feuer vom Dach im russischen Murmansk (VIDEOS) &#8211; 67ea6058b480cc689a1a8b98&#8217;);<br \/>\n                    }<\/p>\n<p>                    if(gtag) gtag(&#8216;event&#8217;, &#8216;Play-click&#8217;, { url: &#8216;\/russland\/241140-bewaffneter-eroeffnet-feuer-vom-dach\/&#8217; });<br \/>\n                },<br \/>\n                onPause: function(){<br \/>\n                    myStreamingTag.stop();<\/p>\n<p>                    if(ga) {<br \/>\n                        ga(&#8216;send&#8217;, &#8216;event&#8217;, &#8216;jwplayer-ga&#8217;, &#8216;click pause&#8217;, &#8216;Bewaffneter er\u00f6ffnet das Feuer vom Dach im russischen Murmansk (VIDEOS) &#8211; 67ea6058b480cc689a1a8b98&#8217;);<br \/>\n                    }<br \/>\n                },<br \/>\n                onComplete: function(){<br \/>\n                    myStreamingTag.stop();<\/p>\n<p>                    if (ga) {<br \/>\n                        ga(&#8216;send&#8217;, &#8216;event&#8217;, &#8216;jwplayer-ga&#8217;, &#8216;complete&#8217;, &#8216;Bewaffneter er\u00f6ffnet das Feuer vom Dach im russischen Murmansk (VIDEOS) &#8211; 67ea6058b480cc689a1a8b98&#8217;);<br \/>\n                    }<br \/>\n                },<\/p>\n<p>                onTime() {<br \/>\n                    this.onceState = this.onceState || &#8216;3&#8217;<br \/>\n                    var videoDuration = this.getPosition();<\/p>\n<p>                    if (videoDuration &gt; 3 &amp;&amp; this.onceState === &#8216;3&#8217; &amp;&amp; ga) {<br \/>\n                        this.onceState=&#8221;15&#8243;<br \/>\n                        ga(&#8216;send&#8217;, &#8216;event&#8217;, &#8216;jwplayer-ga&#8217;, &#8216;3 sec&#8217;, &#8216;Bewaffneter er\u00f6ffnet das Feuer vom Dach im russischen Murmansk (VIDEOS) &#8211; 67ea6058b480cc689a1a8b98&#8242;);<br \/>\n                    }<\/p>\n<p>                    if (videoDuration &gt; 15 &amp;&amp; this.onceState === &#8217;15&#8217; &amp;&amp; ga) {<br \/>\n                        this.onceState=&#8221;60&#8243;<br \/>\n                        ga(&#8216;send&#8217;, &#8216;event&#8217;, &#8216;jwplayer-ga&#8217;, &#8217;15 sec&#8217;, &#8216;Bewaffneter er\u00f6ffnet das Feuer vom Dach im russischen Murmansk (VIDEOS) &#8211; 67ea6058b480cc689a1a8b98&#8242;);<br \/>\n                    }<\/p>\n<p>                    if (videoDuration &gt; 60 &amp;&amp; this.onceState === &#8217;60&#8217; &amp;&amp; ga) {<br \/>\n                        this.onceState=&#8221;180&#8243;<br \/>\n                        ga(&#8216;send&#8217;, &#8216;event&#8217;, &#8216;jwplayer-ga&#8217;, &#8216;1 min&#8217;, &#8216;Bewaffneter er\u00f6ffnet das Feuer vom Dach im russischen Murmansk (VIDEOS) &#8211; 67ea6058b480cc689a1a8b98&#8217;);<br \/>\n                    }<\/p>\n<p>                    if (videoDuration &gt; 180 &amp;&amp; this.onceState === &#8216;180&#8217; &amp;&amp; ga) {<br \/>\n                        this.onceState=&#8221;300&#8243;<br \/>\n                        ga(&#8216;send&#8217;, &#8216;event&#8217;, &#8216;jwplayer-ga&#8217;, &#8216;3 min&#8217;, &#8216;Bewaffneter er\u00f6ffnet das Feuer vom Dach im russischen Murmansk (VIDEOS) &#8211; 67ea6058b480cc689a1a8b98&#8217;);<br \/>\n                    }<\/p>\n<p>                    if (videoDuration &gt; 300 &amp;&amp; this.onceState === &#8216;300&#8217; &amp;&amp; ga) {<br \/>\n                        this.onceState=&#8221;600&#8243;<br \/>\n                        ga(&#8216;send&#8217;, &#8216;event&#8217;, &#8216;jwplayer-ga&#8217;, &#8216;5 min&#8217;, &#8216;Bewaffneter er\u00f6ffnet das Feuer vom Dach im russischen Murmansk (VIDEOS) &#8211; 67ea6058b480cc689a1a8b98&#8217;);<br \/>\n                    }<\/p>\n<p>                    if (videoDuration &gt; 600 &amp;&amp; this.onceState === &#8216;600&#8217; &amp;&amp; ga) {<br \/>\n                        this.onceState=&#8221;&#8221;<br \/>\n                        ga(&#8216;send&#8217;, &#8216;event&#8217;, &#8216;jwplayer-ga&#8217;, &#8217;10 min&#8217;, &#8216;Bewaffneter er\u00f6ffnet das Feuer vom Dach im russischen Murmansk (VIDEOS) &#8211; 67ea6058b480cc689a1a8b98&#8217;);<br \/>\n                    }<br \/>\n                }<br \/>\n            }<br \/>\n        });<\/p>\n<p>    var playersTmplBehavior = {};<\/p>\n<p>    \/\/\u0424\u0443\u043d\u043a\u0446\u0438\u044f \u043f\u0440\u043e\u0431\u0435\u0433\u0430\u0435\u0442 \u043f\u043e \u0432\u0441\u0435\u043c \u043f\u043b\u0435\u0435\u0440\u0430\u043c jwplayer, \u043a\u0440\u043e\u043c\u0435 \u043f\u0435\u0440\u0435\u0434\u0430\u043d\u043d\u043e\u0433\u043e, \u0438 \u0441\u0442\u0430\u0432\u0438\u0442 \u0438\u0445 \u043d\u0430 \u043f\u0430\u0443\u0437\u0443<br \/>\n    playersTmplBehavior.pauseMedia = function(playingMediaId) {<br \/>\n        var players = document.querySelectorAll(&#8216;.jwplayer, object&#8217;);<\/p>\n<p>        for (var i = 0, max = players.length; i &lt; max; i++) {<br \/>\n            var currentMediaId = players[i].id;<br \/>\n            if( jwplayer(players[i]).getState() == &#8220;PLAYING&#8221; || jwplayer(players[i]).getState() == &#8220;BUFFERING&#8221; ) {<br \/>\n                if(currentMediaId != playingMediaId){<br \/>\n                    jwplayer(players[i]).play(false);<br \/>\n                }<br \/>\n            }<br \/>\n        }<br \/>\n    };<\/p>\n<\/div>\n<\/div>\n<p><br \/>\n<br \/><a href=\"https:\/\/de.rt.com\/russland\/241140-bewaffneter-eroeffnet-feuer-vom-dach\/\">Source link <\/a><\/p>\n","protected":false},"excerpt":{"rendered":"<p>In der russischen Arktisstadt Murmansk er\u00f6ffnete ein Mann von einem Dach aus das Feuer auf Polizeifahrzeuge und umliegende Geb\u00e4ude. Spezialkr\u00e4fte konnten den 44-J\u00e4hrigen \u00fcberw\u00e4ltigen, der dabei eine Schussverletzung davon trug. Weitere Opfer gab es nicht zu beklagen. Das Motiv des Mannes ist noch unklar. Ein Bewaffneter er\u00f6ffnete am sp\u00e4ten Sonntag das Feuer vom Dach eines [&hellip;]<\/p>\n","protected":false},"author":3,"featured_media":81287,"comment_status":"open","ping_status":"open","sticky":false,"template":"","format":"standard","meta":{"_yoast_indexnow_last_ping":["1743416622"],"wp_automatic_camp":["217"],"8678c4751e325b360b62260db2adaeae":["Bewaffneter er\u00f6ffnet das Feuer vom Dach im russischen Murmansk (VIDEOS)"],"original_link":["https:\/\/de.rt.com\/russland\/241140-bewaffneter-eroeffnet-feuer-vom-dach\/"],"_thumbnail_id":["81287"],"jnews_social_counter_last_update":["1777302750"],"enclosure":["https:\/\/mf.b37mrtl.ru\/deutsch\/video\/2025.03\/67ea6058b480cc689a1a8b98.mp4\n3531418\nvideo\/mp4\n"],"_wptgpro_p2tg_sent2tg":["a:1:{i:23737;s:19:\"2025-03-31 12:24:47\";}"]},"categories":[19,23],"tags":[28041,26823,427,11662,1679,39106,973,3360,1010],"yoast_head":"<!-- This site is optimized with the Yoast SEO Premium plugin v22.7 (Yoast SEO v22.7) - https:\/\/yoast.com\/wordpress\/plugins\/seo\/ -->\n<title>Bewaffneter er\u00f6ffnet das Feuer vom Dach im russischen Murmansk (VIDEOS) - just-now.NEWS Deutschland<\/title>\n<meta name=\"robots\" content=\"index, follow, max-snippet:-1, max-image-preview:large, max-video-preview:-1\" \/>\n<link rel=\"canonical\" href=\"https:\/\/now-news.de\/de\/deutschland\/bewaffneter-eroeffnet-das-feuer-vom-dach-im-russischen-murmansk-videos\/\" \/>\n<meta property=\"og:locale\" content=\"de_DE\" \/>\n<meta property=\"og:type\" content=\"article\" \/>\n<meta property=\"og:title\" content=\"Bewaffneter er\u00f6ffnet das Feuer vom Dach im russischen Murmansk (VIDEOS)\" \/>\n<meta property=\"og:description\" content=\"In der russischen Arktisstadt Murmansk er\u00f6ffnete ein Mann von einem Dach aus das Feuer auf Polizeifahrzeuge und umliegende Geb\u00e4ude. Spezialkr\u00e4fte konnten den 44-J\u00e4hrigen \u00fcberw\u00e4ltigen, der dabei eine Schussverletzung davon trug. Weitere Opfer gab es nicht zu beklagen. Das Motiv des Mannes ist noch unklar. Ein Bewaffneter er\u00f6ffnete am sp\u00e4ten Sonntag das Feuer vom Dach eines [&hellip;]\" \/>\n<meta property=\"og:url\" content=\"https:\/\/now-news.de\/de\/deutschland\/bewaffneter-eroeffnet-das-feuer-vom-dach-im-russischen-murmansk-videos\/\" \/>\n<meta property=\"og:site_name\" content=\"just-now.NEWS Deutschland\" \/>\n<meta property=\"article:publisher\" content=\"https:\/\/www.facebook.com\/wirmachenauf\" \/>\n<meta property=\"article:published_time\" content=\"2025-03-31T10:19:12+00:00\" \/>\n<meta property=\"og:image\" content=\"https:\/\/now-news.de\/de\/wp-content\/uploads\/sites\/3\/2025\/03\/67ea630d48fbef6e67033902.jpg\" \/>\n<meta name=\"author\" content=\"rtnews\" \/>\n<meta name=\"twitter:card\" content=\"summary_large_image\" \/>\n<meta name=\"twitter:creator\" content=\"@WirMachenAuf_de\" \/>\n<meta name=\"twitter:site\" content=\"@WirMachenAuf_de\" \/>\n<meta name=\"twitter:label1\" content=\"Verfasst von\" \/>\n\t<meta name=\"twitter:data1\" content=\"rtnews\" \/>\n\t<meta name=\"twitter:label2\" content=\"Gesch\u00e4tzte Lesezeit\" \/>\n\t<meta name=\"twitter:data2\" content=\"3\u00a0Minuten\" \/>\n<script type=\"application\/ld+json\" class=\"yoast-schema-graph\">{\"@context\":\"https:\/\/schema.org\",\"@graph\":[{\"@type\":\"Article\",\"@id\":\"https:\/\/now-news.de\/de\/deutschland\/bewaffneter-eroeffnet-das-feuer-vom-dach-im-russischen-murmansk-videos\/#article\",\"isPartOf\":{\"@id\":\"https:\/\/now-news.de\/de\/deutschland\/bewaffneter-eroeffnet-das-feuer-vom-dach-im-russischen-murmansk-videos\/\"},\"author\":{\"name\":\"rtnews\",\"@id\":\"https:\/\/now-news.de\/de\/#\/schema\/person\/fb534a4e865501d8b3285208df34a9b5\"},\"headline\":\"Bewaffneter er\u00f6ffnet das Feuer vom Dach im russischen Murmansk (VIDEOS)\",\"datePublished\":\"2025-03-31T10:19:12+00:00\",\"dateModified\":\"2025-03-31T10:19:12+00:00\",\"mainEntityOfPage\":{\"@id\":\"https:\/\/now-news.de\/de\/deutschland\/bewaffneter-eroeffnet-das-feuer-vom-dach-im-russischen-murmansk-videos\/\"},\"wordCount\":616,\"commentCount\":0,\"publisher\":{\"@id\":\"https:\/\/now-news.de\/de\/#organization\"},\"image\":{\"@id\":\"https:\/\/now-news.de\/de\/deutschland\/bewaffneter-eroeffnet-das-feuer-vom-dach-im-russischen-murmansk-videos\/#primaryimage\"},\"thumbnailUrl\":\"https:\/\/now-news.de\/de\/wp-content\/uploads\/sites\/3\/2025\/03\/Bewaffneter-eroeffnet-das-Feuer-vom-Dach-im-russischen-Murmansk-VIDEOS.jpg\",\"keywords\":[\"Bewaffneter\",\"Dach\",\"das\",\"er\u00f6ffnet\",\"Feuer\",\"Murmansk\",\"russischen\",\"Videos\",\"vom\"],\"articleSection\":[\"Deutschland\",\"Russland\"],\"inLanguage\":\"de\",\"potentialAction\":[{\"@type\":\"CommentAction\",\"name\":\"Comment\",\"target\":[\"https:\/\/now-news.de\/de\/deutschland\/bewaffneter-eroeffnet-das-feuer-vom-dach-im-russischen-murmansk-videos\/#respond\"]}]},{\"@type\":\"WebPage\",\"@id\":\"https:\/\/now-news.de\/de\/deutschland\/bewaffneter-eroeffnet-das-feuer-vom-dach-im-russischen-murmansk-videos\/\",\"url\":\"https:\/\/now-news.de\/de\/deutschland\/bewaffneter-eroeffnet-das-feuer-vom-dach-im-russischen-murmansk-videos\/\",\"name\":\"Bewaffneter er\u00f6ffnet das Feuer vom Dach im russischen Murmansk (VIDEOS) - just-now.NEWS Deutschland\",\"isPartOf\":{\"@id\":\"https:\/\/now-news.de\/de\/#website\"},\"primaryImageOfPage\":{\"@id\":\"https:\/\/now-news.de\/de\/deutschland\/bewaffneter-eroeffnet-das-feuer-vom-dach-im-russischen-murmansk-videos\/#primaryimage\"},\"image\":{\"@id\":\"https:\/\/now-news.de\/de\/deutschland\/bewaffneter-eroeffnet-das-feuer-vom-dach-im-russischen-murmansk-videos\/#primaryimage\"},\"thumbnailUrl\":\"https:\/\/now-news.de\/de\/wp-content\/uploads\/sites\/3\/2025\/03\/Bewaffneter-eroeffnet-das-Feuer-vom-Dach-im-russischen-Murmansk-VIDEOS.jpg\",\"datePublished\":\"2025-03-31T10:19:12+00:00\",\"dateModified\":\"2025-03-31T10:19:12+00:00\",\"breadcrumb\":{\"@id\":\"https:\/\/now-news.de\/de\/deutschland\/bewaffneter-eroeffnet-das-feuer-vom-dach-im-russischen-murmansk-videos\/#breadcrumb\"},\"inLanguage\":\"de\",\"potentialAction\":[{\"@type\":\"ReadAction\",\"target\":[\"https:\/\/now-news.de\/de\/deutschland\/bewaffneter-eroeffnet-das-feuer-vom-dach-im-russischen-murmansk-videos\/\"]}]},{\"@type\":\"ImageObject\",\"inLanguage\":\"de\",\"@id\":\"https:\/\/now-news.de\/de\/deutschland\/bewaffneter-eroeffnet-das-feuer-vom-dach-im-russischen-murmansk-videos\/#primaryimage\",\"url\":\"https:\/\/now-news.de\/de\/wp-content\/uploads\/sites\/3\/2025\/03\/Bewaffneter-eroeffnet-das-Feuer-vom-Dach-im-russischen-Murmansk-VIDEOS.jpg\",\"contentUrl\":\"https:\/\/now-news.de\/de\/wp-content\/uploads\/sites\/3\/2025\/03\/Bewaffneter-eroeffnet-das-Feuer-vom-Dach-im-russischen-Murmansk-VIDEOS.jpg\",\"width\":460,\"height\":259,\"caption\":\"Bewaffneter er\u00f6ffnet das Feuer vom Dach im russischen Murmansk (VIDEOS)\"},{\"@type\":\"BreadcrumbList\",\"@id\":\"https:\/\/now-news.de\/de\/deutschland\/bewaffneter-eroeffnet-das-feuer-vom-dach-im-russischen-murmansk-videos\/#breadcrumb\",\"itemListElement\":[{\"@type\":\"ListItem\",\"position\":1,\"name\":\"Home\",\"item\":\"https:\/\/now-news.de\/de\/\"},{\"@type\":\"ListItem\",\"position\":2,\"name\":\"Bewaffneter er\u00f6ffnet das Feuer vom Dach im russischen Murmansk (VIDEOS)\"}]},{\"@type\":\"WebSite\",\"@id\":\"https:\/\/now-news.de\/de\/#website\",\"url\":\"https:\/\/now-news.de\/de\/\",\"name\":\"just-now.NEWS Deutschland\",\"description\":\"Das Portal f\u00fcr unzensierte Nachrichten aus der Welt\",\"publisher\":{\"@id\":\"https:\/\/now-news.de\/de\/#organization\"},\"potentialAction\":[{\"@type\":\"SearchAction\",\"target\":{\"@type\":\"EntryPoint\",\"urlTemplate\":\"https:\/\/now-news.de\/de\/?s={search_term_string}\"},\"query-input\":\"required name=search_term_string\"}],\"inLanguage\":\"de\"},{\"@type\":\"Organization\",\"@id\":\"https:\/\/now-news.de\/de\/#organization\",\"name\":\"Just Now News\",\"url\":\"https:\/\/now-news.de\/de\/\",\"logo\":{\"@type\":\"ImageObject\",\"inLanguage\":\"de\",\"@id\":\"https:\/\/now-news.de\/de\/#\/schema\/logo\/image\/\",\"url\":\"http:\/\/just-now.news\/de\/wp-content\/uploads\/sites\/3\/2022\/04\/logo500x500.jpg\",\"contentUrl\":\"http:\/\/just-now.news\/de\/wp-content\/uploads\/sites\/3\/2022\/04\/logo500x500.jpg\",\"width\":500,\"height\":500,\"caption\":\"Just Now News\"},\"image\":{\"@id\":\"https:\/\/now-news.de\/de\/#\/schema\/logo\/image\/\"},\"sameAs\":[\"https:\/\/www.facebook.com\/wirmachenauf\",\"https:\/\/x.com\/WirMachenAuf_de\"]},{\"@type\":\"Person\",\"@id\":\"https:\/\/now-news.de\/de\/#\/schema\/person\/fb534a4e865501d8b3285208df34a9b5\",\"name\":\"rtnews\",\"image\":{\"@type\":\"ImageObject\",\"inLanguage\":\"de\",\"@id\":\"https:\/\/now-news.de\/de\/#\/schema\/person\/image\/\",\"url\":\"https:\/\/secure.gravatar.com\/avatar\/82aafea7d8127119dd649515f56e2117?s=96&d=mm&r=g\",\"contentUrl\":\"https:\/\/secure.gravatar.com\/avatar\/82aafea7d8127119dd649515f56e2117?s=96&d=mm&r=g\",\"caption\":\"rtnews\"},\"url\":\"https:\/\/now-news.de\/de\/author\/rnews\/\"}]}<\/script>\n<!-- \/ Yoast SEO Premium plugin. -->","yoast_head_json":{"title":"Bewaffneter er\u00f6ffnet das Feuer vom Dach im russischen Murmansk (VIDEOS) - just-now.NEWS Deutschland","robots":{"index":"index","follow":"follow","max-snippet":"max-snippet:-1","max-image-preview":"max-image-preview:large","max-video-preview":"max-video-preview:-1"},"canonical":"https:\/\/now-news.de\/de\/deutschland\/bewaffneter-eroeffnet-das-feuer-vom-dach-im-russischen-murmansk-videos\/","og_locale":"de_DE","og_type":"article","og_title":"Bewaffneter er\u00f6ffnet das Feuer vom Dach im russischen Murmansk (VIDEOS)","og_description":"In der russischen Arktisstadt Murmansk er\u00f6ffnete ein Mann von einem Dach aus das Feuer auf Polizeifahrzeuge und umliegende Geb\u00e4ude. Spezialkr\u00e4fte konnten den 44-J\u00e4hrigen \u00fcberw\u00e4ltigen, der dabei eine Schussverletzung davon trug. Weitere Opfer gab es nicht zu beklagen. Das Motiv des Mannes ist noch unklar. Ein Bewaffneter er\u00f6ffnete am sp\u00e4ten Sonntag das Feuer vom Dach eines [&hellip;]","og_url":"https:\/\/now-news.de\/de\/deutschland\/bewaffneter-eroeffnet-das-feuer-vom-dach-im-russischen-murmansk-videos\/","og_site_name":"just-now.NEWS Deutschland","article_publisher":"https:\/\/www.facebook.com\/wirmachenauf","article_published_time":"2025-03-31T10:19:12+00:00","og_image":[{"url":"https:\/\/now-news.de\/de\/wp-content\/uploads\/sites\/3\/2025\/03\/67ea630d48fbef6e67033902.jpg"}],"author":"rtnews","twitter_card":"summary_large_image","twitter_creator":"@WirMachenAuf_de","twitter_site":"@WirMachenAuf_de","twitter_misc":{"Verfasst von":"rtnews","Gesch\u00e4tzte Lesezeit":"3\u00a0Minuten"},"schema":{"@context":"https:\/\/schema.org","@graph":[{"@type":"Article","@id":"https:\/\/now-news.de\/de\/deutschland\/bewaffneter-eroeffnet-das-feuer-vom-dach-im-russischen-murmansk-videos\/#article","isPartOf":{"@id":"https:\/\/now-news.de\/de\/deutschland\/bewaffneter-eroeffnet-das-feuer-vom-dach-im-russischen-murmansk-videos\/"},"author":{"name":"rtnews","@id":"https:\/\/now-news.de\/de\/#\/schema\/person\/fb534a4e865501d8b3285208df34a9b5"},"headline":"Bewaffneter er\u00f6ffnet das Feuer vom Dach im russischen Murmansk (VIDEOS)","datePublished":"2025-03-31T10:19:12+00:00","dateModified":"2025-03-31T10:19:12+00:00","mainEntityOfPage":{"@id":"https:\/\/now-news.de\/de\/deutschland\/bewaffneter-eroeffnet-das-feuer-vom-dach-im-russischen-murmansk-videos\/"},"wordCount":616,"commentCount":0,"publisher":{"@id":"https:\/\/now-news.de\/de\/#organization"},"image":{"@id":"https:\/\/now-news.de\/de\/deutschland\/bewaffneter-eroeffnet-das-feuer-vom-dach-im-russischen-murmansk-videos\/#primaryimage"},"thumbnailUrl":"https:\/\/now-news.de\/de\/wp-content\/uploads\/sites\/3\/2025\/03\/Bewaffneter-eroeffnet-das-Feuer-vom-Dach-im-russischen-Murmansk-VIDEOS.jpg","keywords":["Bewaffneter","Dach","das","er\u00f6ffnet","Feuer","Murmansk","russischen","Videos","vom"],"articleSection":["Deutschland","Russland"],"inLanguage":"de","potentialAction":[{"@type":"CommentAction","name":"Comment","target":["https:\/\/now-news.de\/de\/deutschland\/bewaffneter-eroeffnet-das-feuer-vom-dach-im-russischen-murmansk-videos\/#respond"]}]},{"@type":"WebPage","@id":"https:\/\/now-news.de\/de\/deutschland\/bewaffneter-eroeffnet-das-feuer-vom-dach-im-russischen-murmansk-videos\/","url":"https:\/\/now-news.de\/de\/deutschland\/bewaffneter-eroeffnet-das-feuer-vom-dach-im-russischen-murmansk-videos\/","name":"Bewaffneter er\u00f6ffnet das Feuer vom Dach im russischen Murmansk (VIDEOS) - just-now.NEWS Deutschland","isPartOf":{"@id":"https:\/\/now-news.de\/de\/#website"},"primaryImageOfPage":{"@id":"https:\/\/now-news.de\/de\/deutschland\/bewaffneter-eroeffnet-das-feuer-vom-dach-im-russischen-murmansk-videos\/#primaryimage"},"image":{"@id":"https:\/\/now-news.de\/de\/deutschland\/bewaffneter-eroeffnet-das-feuer-vom-dach-im-russischen-murmansk-videos\/#primaryimage"},"thumbnailUrl":"https:\/\/now-news.de\/de\/wp-content\/uploads\/sites\/3\/2025\/03\/Bewaffneter-eroeffnet-das-Feuer-vom-Dach-im-russischen-Murmansk-VIDEOS.jpg","datePublished":"2025-03-31T10:19:12+00:00","dateModified":"2025-03-31T10:19:12+00:00","breadcrumb":{"@id":"https:\/\/now-news.de\/de\/deutschland\/bewaffneter-eroeffnet-das-feuer-vom-dach-im-russischen-murmansk-videos\/#breadcrumb"},"inLanguage":"de","potentialAction":[{"@type":"ReadAction","target":["https:\/\/now-news.de\/de\/deutschland\/bewaffneter-eroeffnet-das-feuer-vom-dach-im-russischen-murmansk-videos\/"]}]},{"@type":"ImageObject","inLanguage":"de","@id":"https:\/\/now-news.de\/de\/deutschland\/bewaffneter-eroeffnet-das-feuer-vom-dach-im-russischen-murmansk-videos\/#primaryimage","url":"https:\/\/now-news.de\/de\/wp-content\/uploads\/sites\/3\/2025\/03\/Bewaffneter-eroeffnet-das-Feuer-vom-Dach-im-russischen-Murmansk-VIDEOS.jpg","contentUrl":"https:\/\/now-news.de\/de\/wp-content\/uploads\/sites\/3\/2025\/03\/Bewaffneter-eroeffnet-das-Feuer-vom-Dach-im-russischen-Murmansk-VIDEOS.jpg","width":460,"height":259,"caption":"Bewaffneter er\u00f6ffnet das Feuer vom Dach im russischen Murmansk (VIDEOS)"},{"@type":"BreadcrumbList","@id":"https:\/\/now-news.de\/de\/deutschland\/bewaffneter-eroeffnet-das-feuer-vom-dach-im-russischen-murmansk-videos\/#breadcrumb","itemListElement":[{"@type":"ListItem","position":1,"name":"Home","item":"https:\/\/now-news.de\/de\/"},{"@type":"ListItem","position":2,"name":"Bewaffneter er\u00f6ffnet das Feuer vom Dach im russischen Murmansk (VIDEOS)"}]},{"@type":"WebSite","@id":"https:\/\/now-news.de\/de\/#website","url":"https:\/\/now-news.de\/de\/","name":"just-now.NEWS Deutschland","description":"Das Portal f\u00fcr unzensierte Nachrichten aus der Welt","publisher":{"@id":"https:\/\/now-news.de\/de\/#organization"},"potentialAction":[{"@type":"SearchAction","target":{"@type":"EntryPoint","urlTemplate":"https:\/\/now-news.de\/de\/?s={search_term_string}"},"query-input":"required name=search_term_string"}],"inLanguage":"de"},{"@type":"Organization","@id":"https:\/\/now-news.de\/de\/#organization","name":"Just Now News","url":"https:\/\/now-news.de\/de\/","logo":{"@type":"ImageObject","inLanguage":"de","@id":"https:\/\/now-news.de\/de\/#\/schema\/logo\/image\/","url":"http:\/\/just-now.news\/de\/wp-content\/uploads\/sites\/3\/2022\/04\/logo500x500.jpg","contentUrl":"http:\/\/just-now.news\/de\/wp-content\/uploads\/sites\/3\/2022\/04\/logo500x500.jpg","width":500,"height":500,"caption":"Just Now News"},"image":{"@id":"https:\/\/now-news.de\/de\/#\/schema\/logo\/image\/"},"sameAs":["https:\/\/www.facebook.com\/wirmachenauf","https:\/\/x.com\/WirMachenAuf_de"]},{"@type":"Person","@id":"https:\/\/now-news.de\/de\/#\/schema\/person\/fb534a4e865501d8b3285208df34a9b5","name":"rtnews","image":{"@type":"ImageObject","inLanguage":"de","@id":"https:\/\/now-news.de\/de\/#\/schema\/person\/image\/","url":"https:\/\/secure.gravatar.com\/avatar\/82aafea7d8127119dd649515f56e2117?s=96&d=mm&r=g","contentUrl":"https:\/\/secure.gravatar.com\/avatar\/82aafea7d8127119dd649515f56e2117?s=96&d=mm&r=g","caption":"rtnews"},"url":"https:\/\/now-news.de\/de\/author\/rnews\/"}]}},"_links":{"self":[{"href":"https:\/\/now-news.de\/de\/wp-json\/wp\/v2\/posts\/81286"}],"collection":[{"href":"https:\/\/now-news.de\/de\/wp-json\/wp\/v2\/posts"}],"about":[{"href":"https:\/\/now-news.de\/de\/wp-json\/wp\/v2\/types\/post"}],"author":[{"embeddable":true,"href":"https:\/\/now-news.de\/de\/wp-json\/wp\/v2\/users\/3"}],"replies":[{"embeddable":true,"href":"https:\/\/now-news.de\/de\/wp-json\/wp\/v2\/comments?post=81286"}],"version-history":[{"count":0,"href":"https:\/\/now-news.de\/de\/wp-json\/wp\/v2\/posts\/81286\/revisions"}],"wp:featuredmedia":[{"embeddable":true,"href":"https:\/\/now-news.de\/de\/wp-json\/wp\/v2\/media\/81287"}],"wp:attachment":[{"href":"https:\/\/now-news.de\/de\/wp-json\/wp\/v2\/media?parent=81286"}],"wp:term":[{"taxonomy":"category","embeddable":true,"href":"https:\/\/now-news.de\/de\/wp-json\/wp\/v2\/categories?post=81286"},{"taxonomy":"post_tag","embeddable":true,"href":"https:\/\/now-news.de\/de\/wp-json\/wp\/v2\/tags?post=81286"}],"curies":[{"name":"wp","href":"https:\/\/api.w.org\/{rel}","templated":true}]}}