{"id":81232,"date":"2025-03-30T13:33:28","date_gmt":"2025-03-30T11:33:28","guid":{"rendered":"https:\/\/now-news.de\/de\/deutschland\/gekaperte-eventin-jetzt-mit-deutscher-besatzung\/"},"modified":"2025-03-30T13:33:28","modified_gmt":"2025-03-30T11:33:28","slug":"gekaperte-eventin-jetzt-mit-deutscher-besatzung","status":"publish","type":"post","link":"https:\/\/now-news.de\/de\/deutschland\/gekaperte-eventin-jetzt-mit-deutscher-besatzung\/","title":{"rendered":"Gekaperte &quot;Eventin&quot; jetzt mit deutscher Besatzung"},"content":{"rendered":"<p><img decoding=\"async\" src=\"https:\/\/now-news.de\/de\/wp-content\/uploads\/sites\/3\/2025\/03\/67e916ae48fbef6e6703387f.jpg\" \/><\/p>\n<div class=\"Text-root Text-type_1 \">\n                Das Drama um den Tanker, der im Januar havariert war, geht weiter. Zuletzt hatte der Zoll das Schiff beschlagnahmt. Und mittlerweile werden Zweifel an dem Vorgehen lauter ge\u00e4u\u00dfert, ausgerechnet von der Stiftung Wissenschaft und Politik.\n            <\/div>\n<p><\/p>\n<div class=\"Text-root Text-type_5 ArticleView-text ViewText-root \">\n<p>Nach <a rel=\"nofollow noopener\" target=\"_blank\" href=\"https:\/\/www.ndr.de\/nachrichten\/mecklenburg-vorpommern\/Eventin-vor-Ruegen-beschlagnahmt-Sanktionsexperte-sieht-erhebliche-Eskalation,eventin122.html\">Meldung<\/a> des <em>NDR<\/em> wurde die Besatzung des Tankers &#8220;Eventin&#8221;, auf dem im Januar die elektrischen Systeme ausgefallen waren und der daraufhin nach R\u00fcgen geschleppt wurde, mittlerweile ausgetauscht. Damit ist jedoch auch die gesamte Haftung an Deutschland \u00fcbergegangen, weil durch die Beschlagnahme das Eigentum und durch den Besatzungstausch auch die physische Kontrolle beim Bundesfinanzministerium liegt.<\/p>\n<p>Das Schiff, das unter der Flagge Panamas f\u00e4hrt, war zuerst nach R\u00fcgen geschleppt worden, weil es ohne Stromversorgung in einem aufziehenden Sturm die Position nicht halten konnte. Damit war es aber auch in die F\u00e4nge des Zollamts Stralsund geraten, das bereits Anfang 2024 wochenlang einen ebenfalls havarierten Frachter in Rostock wegen angeblichen Sanktionsversto\u00dfes festhielt, der unter anderem Uran f\u00fcr US-Kernkraftwerke geladen hatte.<\/p>\n<p>Das Schiff, auch das ist mittlerweile klar, hat Schwer\u00f6l geladen. Schwer\u00f6l wird \u00fcblicherweise als Treibstoff f\u00fcr Schiffe verwendet und ist mehr Teer als \u00d6l, muss also, auch ehe es verbrannt werden kann, erst erhitzt werden. Nachdem bisher unklar ist, ob die &#8220;Eventin&#8221; tats\u00e4chlich wieder aus eigener Kraft man\u00f6vrierf\u00e4hig ist, muss dieses Schwer\u00f6l wom\u00f6glich auf See abgepumpt werden. Der Marktwert des geladenen \u00d6ls soll bei 40 Millionen Euro liegen.<\/p>\n<p>Allerdings ist unklar, ob nicht Schiffseigner und Besitzer des \u00d6ls auf Schadensersatz klagen werden. Die Begr\u00fcndung f\u00fcr die Beschlagnahme lautete schlie\u00dflich &#8220;Sanktionsversto\u00df&#8221;\u00a0\u2012 genau das Gleiche, was das Zollamt Stralsund bereits im Fall des oben erw\u00e4hnten Frachtschiffes vorgetragen hatte. Eine fragw\u00fcrdige rechtliche Konstruktion, da Schiffe exterritorial sind. Im Falle der &#8220;Eventin&#8221; bedeutet das, dass sich die Fracht auf einem St\u00fcck panamaischen Gebiets befindet. Selbst wenn das Schiff in Deutschland anlegt, gilt die Ladung erst dann als auf EU-Gebiet eingetroffen, wenn sie das Schiff verl\u00e4sst.<\/p>\n<p>Erstaunlich am Fall der &#8220;Eventin&#8221; ist, dass mittlerweile andere Schiffe, die festgesetzt worden waren, wie die von Finnland festgesetzte &#8220;Eagle S&#8221;, wieder freigegeben wurden, da sich die Vorw\u00fcrfe, sie h\u00e4tten Unterseekabel besch\u00e4digt, als unhaltbar erwiesen haben.<\/p>\n<p>Das Vorgehen gegen die &#8220;Eventin&#8221; d\u00fcrfte jedenfalls nach wie vor die Fortsetzung einer Strategie sein, die auch die Festsetzungen anderer Schiffe ausl\u00f6ste:<\/p>\n<p><em>&#8220;Wie der NDR aus Sicherheitskreisen erfuhr, d\u00fcrfte die Beschlagnahmung des Schiffes auch auf die Beschl\u00fcsse des NATO-Ostsee-Gipfels im Januar in Helsinki zur\u00fcckzuf\u00fchren sein.&#8221;<\/em><\/p>\n<p>Damals, Mitte Januar, war noch in Abstimmung mit der Regierung Biden beschlossen worden, die NATO-Pr\u00e4senz in der Ostsee zu verst\u00e4rken und den Zugang Russlands zu den maritimen Handelswegen zu erschweren. Allerdings d\u00fcrfte sich durch den Regierungswechsel in den Vereinigten Staaten auch die dortige Haltung gegen\u00fcber weiteren Provokationen in der Ostsee ge\u00e4ndert haben. Nur das Zollamt Stralsund und das anweisende deutsche Finanzministerium scheinen an diesem Kurs festzuhalten.<\/p>\n<p>Beim <em>NDR<\/em> \u00e4u\u00dferte ein Vertreter der BND-nahen Stiftung f\u00fcr Wissenschaft und Politik (SWP), Sascha Lohmann, nun deutliche Kritik an diesem Vorgehen. Es handle sich um eine &#8220;erhebliche Eskalation&#8221;. Es sei nicht sicher, ob man das Schleppen des mit Motorschaden havarierten Tankers in deutsche Hoheitsgew\u00e4sser als Einfuhrvorgang bewerten k\u00f6nne. Die Beschlagnahme sei mit &#8220;politischem Risiko&#8221; verbunden, &#8220;man \u00fcberspringt Eskalationsstufen&#8221;. Die Bundesregierung betrete &#8220;weitgehend rechtliches Neuland im Sanktionsbereich&#8221;. Lohmann bleibt immer noch h\u00f6flich, aber es ist nicht zu verkennen, dass er dieses Handeln f\u00fcr einen Fehler h\u00e4lt:<\/p>\n<blockquote>\n<p><em>&#8220;\u00dcberraschend ist, dass die Bundesregierung das Risiko eingeht, dies auf nicht ganz klarer Rechtslage zu tun.&#8221;<\/em><\/p>\n<\/blockquote>\n<p>Der vom <em>NDR<\/em> als Sanktionsexperte eingef\u00fchrte Sascha Lohmann wird \u00fcbrigens bei der SWP als Mitarbeiter der Forschungsgruppe Amerika gef\u00fchrt.<\/p>\n<p><strong>Mehr zum Thema<\/strong>\u00a0\u2012 <a rel=\"nofollow noopener\" target=\"_blank\" href=\"https:\/\/freedert.online\/meinung\/232898-neues-von-eventin-eagle-s\/\">Eventin und Eagle S: Warum der Umgang mit den Tankern den gesamten Seehandel bedroht<\/a><\/p>\n<div class=\"EmbedBlock-root EmbedBlock-externalVideo EmbedBlock-rumble\">\n<div class=\"VkEmbed\"><iframe class=\"lazyload\" data-src=\"https:\/\/rumble.com\/embed\/v6orw0y\" frameborder=\"0\" width=\"853\" height=\"480\" allowfullscreen><\/iframe><\/div>\n<\/div>\n<\/div>\n<p><br \/>\n<br \/><a href=\"https:\/\/de.rt.com\/inland\/241072-gekaperte-eventin-jetzt-mit-deutscher\/\">Source link <\/a><\/p>\n","protected":false},"excerpt":{"rendered":"<p>Das Drama um den Tanker, der im Januar havariert war, geht weiter. Zuletzt hatte der Zoll das Schiff beschlagnahmt. Und mittlerweile werden Zweifel an dem Vorgehen lauter ge\u00e4u\u00dfert, ausgerechnet von der Stiftung Wissenschaft und Politik. Nach Meldung des NDR wurde die Besatzung des Tankers &#8220;Eventin&#8221;, auf dem im Januar die elektrischen Systeme ausgefallen waren und [&hellip;]<\/p>\n","protected":false},"author":3,"featured_media":81233,"comment_status":"open","ping_status":"open","sticky":false,"template":"","format":"standard","meta":{"_yoast_indexnow_last_ping":["1743334480"],"wp_automatic_camp":["217"],"4ec1d58691c3d8d62f58c50118c85dd9":["Gekaperte &quot;Eventin&quot; jetzt mit deutscher Besatzung"],"original_link":["https:\/\/de.rt.com\/inland\/241072-gekaperte-eventin-jetzt-mit-deutscher\/"],"_thumbnail_id":["81233"],"jnews_social_counter_last_update":["1777428148"],"_wptgpro_p2tg_sent2tg":["a:1:{i:23737;s:19:\"2025-03-30 13:36:00\";}"]},"categories":[19,23],"tags":[34462,8305,63896,2731,419,63897],"yoast_head":"<!-- This site is optimized with the Yoast SEO Premium plugin v22.7 (Yoast SEO v22.7) - https:\/\/yoast.com\/wordpress\/plugins\/seo\/ -->\n<title>Gekaperte &quot;Eventin&quot; jetzt mit deutscher Besatzung - just-now.NEWS Deutschland<\/title>\n<meta name=\"robots\" content=\"index, follow, max-snippet:-1, max-image-preview:large, max-video-preview:-1\" \/>\n<link rel=\"canonical\" href=\"https:\/\/now-news.de\/de\/deutschland\/gekaperte-eventin-jetzt-mit-deutscher-besatzung\/\" \/>\n<meta property=\"og:locale\" content=\"de_DE\" \/>\n<meta property=\"og:type\" content=\"article\" \/>\n<meta property=\"og:title\" content=\"Gekaperte &quot;Eventin&quot; jetzt mit deutscher Besatzung\" \/>\n<meta property=\"og:description\" content=\"Das Drama um den Tanker, der im Januar havariert war, geht weiter. Zuletzt hatte der Zoll das Schiff beschlagnahmt. Und mittlerweile werden Zweifel an dem Vorgehen lauter ge\u00e4u\u00dfert, ausgerechnet von der Stiftung Wissenschaft und Politik. Nach Meldung des NDR wurde die Besatzung des Tankers &#8220;Eventin&#8221;, auf dem im Januar die elektrischen Systeme ausgefallen waren und [&hellip;]\" \/>\n<meta property=\"og:url\" content=\"https:\/\/now-news.de\/de\/deutschland\/gekaperte-eventin-jetzt-mit-deutscher-besatzung\/\" \/>\n<meta property=\"og:site_name\" content=\"just-now.NEWS Deutschland\" \/>\n<meta property=\"article:publisher\" content=\"https:\/\/www.facebook.com\/wirmachenauf\" \/>\n<meta property=\"article:published_time\" content=\"2025-03-30T11:33:28+00:00\" \/>\n<meta property=\"og:image\" content=\"https:\/\/now-news.de\/de\/wp-content\/uploads\/sites\/3\/2025\/03\/67e916ae48fbef6e6703387f.jpg\" \/>\n<meta name=\"author\" content=\"rtnews\" \/>\n<meta name=\"twitter:card\" content=\"summary_large_image\" \/>\n<meta name=\"twitter:creator\" content=\"@WirMachenAuf_de\" \/>\n<meta name=\"twitter:site\" content=\"@WirMachenAuf_de\" \/>\n<meta name=\"twitter:label1\" content=\"Verfasst von\" \/>\n\t<meta name=\"twitter:data1\" content=\"rtnews\" \/>\n\t<meta name=\"twitter:label2\" content=\"Gesch\u00e4tzte Lesezeit\" \/>\n\t<meta name=\"twitter:data2\" content=\"3\u00a0Minuten\" \/>\n<script type=\"application\/ld+json\" class=\"yoast-schema-graph\">{\"@context\":\"https:\/\/schema.org\",\"@graph\":[{\"@type\":\"Article\",\"@id\":\"https:\/\/now-news.de\/de\/deutschland\/gekaperte-eventin-jetzt-mit-deutscher-besatzung\/#article\",\"isPartOf\":{\"@id\":\"https:\/\/now-news.de\/de\/deutschland\/gekaperte-eventin-jetzt-mit-deutscher-besatzung\/\"},\"author\":{\"name\":\"rtnews\",\"@id\":\"https:\/\/now-news.de\/de\/#\/schema\/person\/fb534a4e865501d8b3285208df34a9b5\"},\"headline\":\"Gekaperte &quot;Eventin&quot; jetzt mit deutscher Besatzung\",\"datePublished\":\"2025-03-30T11:33:28+00:00\",\"dateModified\":\"2025-03-30T11:33:28+00:00\",\"mainEntityOfPage\":{\"@id\":\"https:\/\/now-news.de\/de\/deutschland\/gekaperte-eventin-jetzt-mit-deutscher-besatzung\/\"},\"wordCount\":642,\"commentCount\":0,\"publisher\":{\"@id\":\"https:\/\/now-news.de\/de\/#organization\"},\"image\":{\"@id\":\"https:\/\/now-news.de\/de\/deutschland\/gekaperte-eventin-jetzt-mit-deutscher-besatzung\/#primaryimage\"},\"thumbnailUrl\":\"https:\/\/now-news.de\/de\/wp-content\/uploads\/sites\/3\/2025\/03\/Gekaperte-quotEventinquot-jetzt-mit-deutscher-Besatzung.jpg\",\"keywords\":[\"Besatzung\",\"deutscher\",\"Gekaperte\",\"Jetzt\",\"mit\",\"quotEventinquot\"],\"articleSection\":[\"Deutschland\",\"Russland\"],\"inLanguage\":\"de\",\"potentialAction\":[{\"@type\":\"CommentAction\",\"name\":\"Comment\",\"target\":[\"https:\/\/now-news.de\/de\/deutschland\/gekaperte-eventin-jetzt-mit-deutscher-besatzung\/#respond\"]}]},{\"@type\":\"WebPage\",\"@id\":\"https:\/\/now-news.de\/de\/deutschland\/gekaperte-eventin-jetzt-mit-deutscher-besatzung\/\",\"url\":\"https:\/\/now-news.de\/de\/deutschland\/gekaperte-eventin-jetzt-mit-deutscher-besatzung\/\",\"name\":\"Gekaperte &quot;Eventin&quot; jetzt mit deutscher Besatzung - just-now.NEWS Deutschland\",\"isPartOf\":{\"@id\":\"https:\/\/now-news.de\/de\/#website\"},\"primaryImageOfPage\":{\"@id\":\"https:\/\/now-news.de\/de\/deutschland\/gekaperte-eventin-jetzt-mit-deutscher-besatzung\/#primaryimage\"},\"image\":{\"@id\":\"https:\/\/now-news.de\/de\/deutschland\/gekaperte-eventin-jetzt-mit-deutscher-besatzung\/#primaryimage\"},\"thumbnailUrl\":\"https:\/\/now-news.de\/de\/wp-content\/uploads\/sites\/3\/2025\/03\/Gekaperte-quotEventinquot-jetzt-mit-deutscher-Besatzung.jpg\",\"datePublished\":\"2025-03-30T11:33:28+00:00\",\"dateModified\":\"2025-03-30T11:33:28+00:00\",\"breadcrumb\":{\"@id\":\"https:\/\/now-news.de\/de\/deutschland\/gekaperte-eventin-jetzt-mit-deutscher-besatzung\/#breadcrumb\"},\"inLanguage\":\"de\",\"potentialAction\":[{\"@type\":\"ReadAction\",\"target\":[\"https:\/\/now-news.de\/de\/deutschland\/gekaperte-eventin-jetzt-mit-deutscher-besatzung\/\"]}]},{\"@type\":\"ImageObject\",\"inLanguage\":\"de\",\"@id\":\"https:\/\/now-news.de\/de\/deutschland\/gekaperte-eventin-jetzt-mit-deutscher-besatzung\/#primaryimage\",\"url\":\"https:\/\/now-news.de\/de\/wp-content\/uploads\/sites\/3\/2025\/03\/Gekaperte-quotEventinquot-jetzt-mit-deutscher-Besatzung.jpg\",\"contentUrl\":\"https:\/\/now-news.de\/de\/wp-content\/uploads\/sites\/3\/2025\/03\/Gekaperte-quotEventinquot-jetzt-mit-deutscher-Besatzung.jpg\",\"width\":460,\"height\":259,\"caption\":\"Gekaperte &quot;Eventin&quot; jetzt mit deutscher Besatzung\"},{\"@type\":\"BreadcrumbList\",\"@id\":\"https:\/\/now-news.de\/de\/deutschland\/gekaperte-eventin-jetzt-mit-deutscher-besatzung\/#breadcrumb\",\"itemListElement\":[{\"@type\":\"ListItem\",\"position\":1,\"name\":\"Home\",\"item\":\"https:\/\/now-news.de\/de\/\"},{\"@type\":\"ListItem\",\"position\":2,\"name\":\"Gekaperte &quot;Eventin&quot; jetzt mit deutscher Besatzung\"}]},{\"@type\":\"WebSite\",\"@id\":\"https:\/\/now-news.de\/de\/#website\",\"url\":\"https:\/\/now-news.de\/de\/\",\"name\":\"just-now.NEWS Deutschland\",\"description\":\"Das Portal f\u00fcr unzensierte Nachrichten aus der Welt\",\"publisher\":{\"@id\":\"https:\/\/now-news.de\/de\/#organization\"},\"potentialAction\":[{\"@type\":\"SearchAction\",\"target\":{\"@type\":\"EntryPoint\",\"urlTemplate\":\"https:\/\/now-news.de\/de\/?s={search_term_string}\"},\"query-input\":\"required name=search_term_string\"}],\"inLanguage\":\"de\"},{\"@type\":\"Organization\",\"@id\":\"https:\/\/now-news.de\/de\/#organization\",\"name\":\"Just Now News\",\"url\":\"https:\/\/now-news.de\/de\/\",\"logo\":{\"@type\":\"ImageObject\",\"inLanguage\":\"de\",\"@id\":\"https:\/\/now-news.de\/de\/#\/schema\/logo\/image\/\",\"url\":\"http:\/\/just-now.news\/de\/wp-content\/uploads\/sites\/3\/2022\/04\/logo500x500.jpg\",\"contentUrl\":\"http:\/\/just-now.news\/de\/wp-content\/uploads\/sites\/3\/2022\/04\/logo500x500.jpg\",\"width\":500,\"height\":500,\"caption\":\"Just Now News\"},\"image\":{\"@id\":\"https:\/\/now-news.de\/de\/#\/schema\/logo\/image\/\"},\"sameAs\":[\"https:\/\/www.facebook.com\/wirmachenauf\",\"https:\/\/x.com\/WirMachenAuf_de\"]},{\"@type\":\"Person\",\"@id\":\"https:\/\/now-news.de\/de\/#\/schema\/person\/fb534a4e865501d8b3285208df34a9b5\",\"name\":\"rtnews\",\"image\":{\"@type\":\"ImageObject\",\"inLanguage\":\"de\",\"@id\":\"https:\/\/now-news.de\/de\/#\/schema\/person\/image\/\",\"url\":\"https:\/\/secure.gravatar.com\/avatar\/82aafea7d8127119dd649515f56e2117?s=96&d=mm&r=g\",\"contentUrl\":\"https:\/\/secure.gravatar.com\/avatar\/82aafea7d8127119dd649515f56e2117?s=96&d=mm&r=g\",\"caption\":\"rtnews\"},\"url\":\"https:\/\/now-news.de\/de\/author\/rnews\/\"}]}<\/script>\n<!-- \/ Yoast SEO Premium plugin. -->","yoast_head_json":{"title":"Gekaperte &quot;Eventin&quot; jetzt mit deutscher Besatzung - just-now.NEWS Deutschland","robots":{"index":"index","follow":"follow","max-snippet":"max-snippet:-1","max-image-preview":"max-image-preview:large","max-video-preview":"max-video-preview:-1"},"canonical":"https:\/\/now-news.de\/de\/deutschland\/gekaperte-eventin-jetzt-mit-deutscher-besatzung\/","og_locale":"de_DE","og_type":"article","og_title":"Gekaperte &quot;Eventin&quot; jetzt mit deutscher Besatzung","og_description":"Das Drama um den Tanker, der im Januar havariert war, geht weiter. Zuletzt hatte der Zoll das Schiff beschlagnahmt. Und mittlerweile werden Zweifel an dem Vorgehen lauter ge\u00e4u\u00dfert, ausgerechnet von der Stiftung Wissenschaft und Politik. Nach Meldung des NDR wurde die Besatzung des Tankers &#8220;Eventin&#8221;, auf dem im Januar die elektrischen Systeme ausgefallen waren und [&hellip;]","og_url":"https:\/\/now-news.de\/de\/deutschland\/gekaperte-eventin-jetzt-mit-deutscher-besatzung\/","og_site_name":"just-now.NEWS Deutschland","article_publisher":"https:\/\/www.facebook.com\/wirmachenauf","article_published_time":"2025-03-30T11:33:28+00:00","og_image":[{"url":"https:\/\/now-news.de\/de\/wp-content\/uploads\/sites\/3\/2025\/03\/67e916ae48fbef6e6703387f.jpg"}],"author":"rtnews","twitter_card":"summary_large_image","twitter_creator":"@WirMachenAuf_de","twitter_site":"@WirMachenAuf_de","twitter_misc":{"Verfasst von":"rtnews","Gesch\u00e4tzte Lesezeit":"3\u00a0Minuten"},"schema":{"@context":"https:\/\/schema.org","@graph":[{"@type":"Article","@id":"https:\/\/now-news.de\/de\/deutschland\/gekaperte-eventin-jetzt-mit-deutscher-besatzung\/#article","isPartOf":{"@id":"https:\/\/now-news.de\/de\/deutschland\/gekaperte-eventin-jetzt-mit-deutscher-besatzung\/"},"author":{"name":"rtnews","@id":"https:\/\/now-news.de\/de\/#\/schema\/person\/fb534a4e865501d8b3285208df34a9b5"},"headline":"Gekaperte &quot;Eventin&quot; jetzt mit deutscher Besatzung","datePublished":"2025-03-30T11:33:28+00:00","dateModified":"2025-03-30T11:33:28+00:00","mainEntityOfPage":{"@id":"https:\/\/now-news.de\/de\/deutschland\/gekaperte-eventin-jetzt-mit-deutscher-besatzung\/"},"wordCount":642,"commentCount":0,"publisher":{"@id":"https:\/\/now-news.de\/de\/#organization"},"image":{"@id":"https:\/\/now-news.de\/de\/deutschland\/gekaperte-eventin-jetzt-mit-deutscher-besatzung\/#primaryimage"},"thumbnailUrl":"https:\/\/now-news.de\/de\/wp-content\/uploads\/sites\/3\/2025\/03\/Gekaperte-quotEventinquot-jetzt-mit-deutscher-Besatzung.jpg","keywords":["Besatzung","deutscher","Gekaperte","Jetzt","mit","quotEventinquot"],"articleSection":["Deutschland","Russland"],"inLanguage":"de","potentialAction":[{"@type":"CommentAction","name":"Comment","target":["https:\/\/now-news.de\/de\/deutschland\/gekaperte-eventin-jetzt-mit-deutscher-besatzung\/#respond"]}]},{"@type":"WebPage","@id":"https:\/\/now-news.de\/de\/deutschland\/gekaperte-eventin-jetzt-mit-deutscher-besatzung\/","url":"https:\/\/now-news.de\/de\/deutschland\/gekaperte-eventin-jetzt-mit-deutscher-besatzung\/","name":"Gekaperte &quot;Eventin&quot; jetzt mit deutscher Besatzung - just-now.NEWS Deutschland","isPartOf":{"@id":"https:\/\/now-news.de\/de\/#website"},"primaryImageOfPage":{"@id":"https:\/\/now-news.de\/de\/deutschland\/gekaperte-eventin-jetzt-mit-deutscher-besatzung\/#primaryimage"},"image":{"@id":"https:\/\/now-news.de\/de\/deutschland\/gekaperte-eventin-jetzt-mit-deutscher-besatzung\/#primaryimage"},"thumbnailUrl":"https:\/\/now-news.de\/de\/wp-content\/uploads\/sites\/3\/2025\/03\/Gekaperte-quotEventinquot-jetzt-mit-deutscher-Besatzung.jpg","datePublished":"2025-03-30T11:33:28+00:00","dateModified":"2025-03-30T11:33:28+00:00","breadcrumb":{"@id":"https:\/\/now-news.de\/de\/deutschland\/gekaperte-eventin-jetzt-mit-deutscher-besatzung\/#breadcrumb"},"inLanguage":"de","potentialAction":[{"@type":"ReadAction","target":["https:\/\/now-news.de\/de\/deutschland\/gekaperte-eventin-jetzt-mit-deutscher-besatzung\/"]}]},{"@type":"ImageObject","inLanguage":"de","@id":"https:\/\/now-news.de\/de\/deutschland\/gekaperte-eventin-jetzt-mit-deutscher-besatzung\/#primaryimage","url":"https:\/\/now-news.de\/de\/wp-content\/uploads\/sites\/3\/2025\/03\/Gekaperte-quotEventinquot-jetzt-mit-deutscher-Besatzung.jpg","contentUrl":"https:\/\/now-news.de\/de\/wp-content\/uploads\/sites\/3\/2025\/03\/Gekaperte-quotEventinquot-jetzt-mit-deutscher-Besatzung.jpg","width":460,"height":259,"caption":"Gekaperte &quot;Eventin&quot; jetzt mit deutscher Besatzung"},{"@type":"BreadcrumbList","@id":"https:\/\/now-news.de\/de\/deutschland\/gekaperte-eventin-jetzt-mit-deutscher-besatzung\/#breadcrumb","itemListElement":[{"@type":"ListItem","position":1,"name":"Home","item":"https:\/\/now-news.de\/de\/"},{"@type":"ListItem","position":2,"name":"Gekaperte &quot;Eventin&quot; jetzt mit deutscher Besatzung"}]},{"@type":"WebSite","@id":"https:\/\/now-news.de\/de\/#website","url":"https:\/\/now-news.de\/de\/","name":"just-now.NEWS Deutschland","description":"Das Portal f\u00fcr unzensierte Nachrichten aus der Welt","publisher":{"@id":"https:\/\/now-news.de\/de\/#organization"},"potentialAction":[{"@type":"SearchAction","target":{"@type":"EntryPoint","urlTemplate":"https:\/\/now-news.de\/de\/?s={search_term_string}"},"query-input":"required name=search_term_string"}],"inLanguage":"de"},{"@type":"Organization","@id":"https:\/\/now-news.de\/de\/#organization","name":"Just Now News","url":"https:\/\/now-news.de\/de\/","logo":{"@type":"ImageObject","inLanguage":"de","@id":"https:\/\/now-news.de\/de\/#\/schema\/logo\/image\/","url":"http:\/\/just-now.news\/de\/wp-content\/uploads\/sites\/3\/2022\/04\/logo500x500.jpg","contentUrl":"http:\/\/just-now.news\/de\/wp-content\/uploads\/sites\/3\/2022\/04\/logo500x500.jpg","width":500,"height":500,"caption":"Just Now News"},"image":{"@id":"https:\/\/now-news.de\/de\/#\/schema\/logo\/image\/"},"sameAs":["https:\/\/www.facebook.com\/wirmachenauf","https:\/\/x.com\/WirMachenAuf_de"]},{"@type":"Person","@id":"https:\/\/now-news.de\/de\/#\/schema\/person\/fb534a4e865501d8b3285208df34a9b5","name":"rtnews","image":{"@type":"ImageObject","inLanguage":"de","@id":"https:\/\/now-news.de\/de\/#\/schema\/person\/image\/","url":"https:\/\/secure.gravatar.com\/avatar\/82aafea7d8127119dd649515f56e2117?s=96&d=mm&r=g","contentUrl":"https:\/\/secure.gravatar.com\/avatar\/82aafea7d8127119dd649515f56e2117?s=96&d=mm&r=g","caption":"rtnews"},"url":"https:\/\/now-news.de\/de\/author\/rnews\/"}]}},"_links":{"self":[{"href":"https:\/\/now-news.de\/de\/wp-json\/wp\/v2\/posts\/81232"}],"collection":[{"href":"https:\/\/now-news.de\/de\/wp-json\/wp\/v2\/posts"}],"about":[{"href":"https:\/\/now-news.de\/de\/wp-json\/wp\/v2\/types\/post"}],"author":[{"embeddable":true,"href":"https:\/\/now-news.de\/de\/wp-json\/wp\/v2\/users\/3"}],"replies":[{"embeddable":true,"href":"https:\/\/now-news.de\/de\/wp-json\/wp\/v2\/comments?post=81232"}],"version-history":[{"count":0,"href":"https:\/\/now-news.de\/de\/wp-json\/wp\/v2\/posts\/81232\/revisions"}],"wp:featuredmedia":[{"embeddable":true,"href":"https:\/\/now-news.de\/de\/wp-json\/wp\/v2\/media\/81233"}],"wp:attachment":[{"href":"https:\/\/now-news.de\/de\/wp-json\/wp\/v2\/media?parent=81232"}],"wp:term":[{"taxonomy":"category","embeddable":true,"href":"https:\/\/now-news.de\/de\/wp-json\/wp\/v2\/categories?post=81232"},{"taxonomy":"post_tag","embeddable":true,"href":"https:\/\/now-news.de\/de\/wp-json\/wp\/v2\/tags?post=81232"}],"curies":[{"name":"wp","href":"https:\/\/api.w.org\/{rel}","templated":true}]}}