{"id":81195,"date":"2025-03-29T18:10:42","date_gmt":"2025-03-29T16:10:42","guid":{"rendered":"https:\/\/now-news.de\/de\/deutschland\/rubio-kuendigt-endgueltige-aufloesung-von-usaid-an\/"},"modified":"2025-03-29T18:10:42","modified_gmt":"2025-03-29T16:10:42","slug":"rubio-kuendigt-endgueltige-aufloesung-von-usaid-an","status":"publish","type":"post","link":"https:\/\/now-news.de\/de\/deutschland\/rubio-kuendigt-endgueltige-aufloesung-von-usaid-an\/","title":{"rendered":"Rubio k\u00fcndigt endg\u00fcltige Aufl\u00f6sung von USAID an"},"content":{"rendered":"<p><img decoding=\"async\" src=\"https:\/\/now-news.de\/de\/wp-content\/uploads\/sites\/3\/2025\/03\/67e805beb480cc4eea6dfc9d.jpg\" \/><\/p>\n<div class=\"Text-root Text-type_1 \">\n                Die Trump-Administration plant offenbar, die umstrittene US-&#8220;Entwicklungshilfebeh\u00f6rde&#8221; bis zum 1. Juli ganz aufzul\u00f6sen. Das hat der Au\u00dfenminister der Vereinigten Staaten Marco Rubio am Freitag angek\u00fcndigt.\n            <\/div>\n<p><\/p>\n<div class=\"Text-root Text-type_5 ArticleView-text ViewText-root \">\n<p>US-Au\u00dfenminister Marco Rubio hat am Freitag (Ortszeit) bei einer Anh\u00f6rung im Kongress mitgeteilt, dass USAID bis zum 1. Juli endg\u00fcltig aufgel\u00f6st werden soll.<\/p>\n<p>Einige der Funktionen der wegen ihrer Einmischung in die inneren Angelegenheiten anderer L\u00e4nder und der Koordinierung gewaltsamer Umst\u00fcrze umstrittenen Organisation, die aber auch Entwicklungshilfe in armen L\u00e4ndern leistet, werden bis zu diesem Stichtag vom Au\u00dfenministerium \u00fcbernommen. Andere, die nicht mit den Zielen der Regierung \u00fcbereinstimmten, werden ganz aufgegeben, so Rubio. Die meisten USAID-Mitarbeiter werden entlassen.<\/p>\n<p>&#8220;Ungl\u00fccklicherweise&#8221; habe sich die Beh\u00f6rde schon vor langer Zeit von ihrem urspr\u00fcnglichen Auftrag entfernt, sagte der Minister. Pr\u00e4sident Donald Trump sei es zu verdanken, dass &#8220;diese fehlgeleitete und fiskalisch unverantwortliche \u00c4ra nun vorbei&#8221; sei.<\/p>\n<p>Bereits Anfang Februar lie\u00df der neu gew\u00e4hlte US-Pr\u00e4sident die Haushaltsmittel f\u00fcr USAID und ihre Vertragspartner einfrieren, was zu einer Klagewelle f\u00fchrte. Die Kl\u00e4ger hatten in einigen F\u00e4llen mit Eilantr\u00e4gen Erfolg, da Bundesrichter anordneten, die eingefrorenen Mittel doch noch an die Kontrahenten der Beh\u00f6rde auszuzahlen. Das Oberste Gericht der USA <a rel=\"nofollow noopener\" target=\"_blank\" href=\"https:\/\/freedert.online\/nordamerika\/238738-streit-um-hilfsgelder-fuers-ausland\/\">best\u00e4tigte<\/a> eine dieser Entscheidungen.<\/p>\n<p>Welchen Fortgang die Geschichte der Beh\u00f6rde nimmt, die so manches Land mit ihren Regime-Change-Aktivit\u00e4ten ins Ungl\u00fcck st\u00fcrzte, aber anderswo als weltweit gr\u00f6\u00dfter Entwicklungshilfegeber auch Gutes leistete, bleibt abzuwarten.<\/p>\n<p><strong>Mehr zum Thema<\/strong> \u2013 <a rel=\"nofollow noopener\" target=\"_blank\" href=\"https:\/\/freedert.online\/international\/238684-trumps-schliessung-von-usaid-und-folgen-journalismus\/\">Das Ende von USAID: Des einen &#8220;Soft Power&#8221; ist des anderen &#8220;hybrider Krieg&#8221;<\/a><\/p>\n<div class=\"EmbedBlock-root EmbedBlock-externalVideo EmbedBlock-rumble\">\n<div class=\"VkEmbed\"><iframe class=\"lazyload\" data-src=\"https:\/\/rumble.com\/embed\/v6ny1ua\" frameborder=\"0\" width=\"853\" height=\"480\" allowfullscreen><\/iframe><\/div>\n<\/div>\n<\/div>\n<p><br \/>\n<br \/><a href=\"https:\/\/de.rt.com\/nordamerika\/241017-rubio-kuendigt-endgueltige-aufloesung-von-usaid-an\/\">Source link <\/a><\/p>\n","protected":false},"excerpt":{"rendered":"<p>Die Trump-Administration plant offenbar, die umstrittene US-&#8220;Entwicklungshilfebeh\u00f6rde&#8221; bis zum 1. Juli ganz aufzul\u00f6sen. Das hat der Au\u00dfenminister der Vereinigten Staaten Marco Rubio am Freitag angek\u00fcndigt. US-Au\u00dfenminister Marco Rubio hat am Freitag (Ortszeit) bei einer Anh\u00f6rung im Kongress mitgeteilt, dass USAID bis zum 1. Juli endg\u00fcltig aufgel\u00f6st werden soll. Einige der Funktionen der wegen ihrer Einmischung [&hellip;]<\/p>\n","protected":false},"author":3,"featured_media":81196,"comment_status":"open","ping_status":"open","sticky":false,"template":"","format":"standard","meta":{"_yoast_indexnow_last_ping":["1743264910"],"wp_automatic_camp":["217"],"47d22b55ae41b66fc2c92a9935b4b7d4":["Rubio k\u00fcndigt endg\u00fcltige Aufl\u00f6sung von USAID an"],"original_link":["https:\/\/de.rt.com\/nordamerika\/241017-rubio-kuendigt-endgueltige-aufloesung-von-usaid-an\/"],"_thumbnail_id":["81196"],"jnews_social_counter_last_update":["1777190855"],"_wptgpro_p2tg_sent2tg":["a:1:{i:23737;s:19:\"2025-03-29 18:16:12\";}"]},"categories":[19,23],"tags":[10100,26551,4224,3904,62212,50],"yoast_head":"<!-- This site is optimized with the Yoast SEO Premium plugin v22.7 (Yoast SEO v22.7) - https:\/\/yoast.com\/wordpress\/plugins\/seo\/ -->\n<title>Rubio k\u00fcndigt endg\u00fcltige Aufl\u00f6sung von USAID an - just-now.NEWS Deutschland<\/title>\n<meta name=\"robots\" content=\"index, follow, max-snippet:-1, max-image-preview:large, max-video-preview:-1\" \/>\n<link rel=\"canonical\" href=\"https:\/\/now-news.de\/de\/deutschland\/rubio-kuendigt-endgueltige-aufloesung-von-usaid-an\/\" \/>\n<meta property=\"og:locale\" content=\"de_DE\" \/>\n<meta property=\"og:type\" content=\"article\" \/>\n<meta property=\"og:title\" content=\"Rubio k\u00fcndigt endg\u00fcltige Aufl\u00f6sung von USAID an\" \/>\n<meta property=\"og:description\" content=\"Die Trump-Administration plant offenbar, die umstrittene US-&#8220;Entwicklungshilfebeh\u00f6rde&#8221; bis zum 1. Juli ganz aufzul\u00f6sen. Das hat der Au\u00dfenminister der Vereinigten Staaten Marco Rubio am Freitag angek\u00fcndigt. US-Au\u00dfenminister Marco Rubio hat am Freitag (Ortszeit) bei einer Anh\u00f6rung im Kongress mitgeteilt, dass USAID bis zum 1. Juli endg\u00fcltig aufgel\u00f6st werden soll. Einige der Funktionen der wegen ihrer Einmischung [&hellip;]\" \/>\n<meta property=\"og:url\" content=\"https:\/\/now-news.de\/de\/deutschland\/rubio-kuendigt-endgueltige-aufloesung-von-usaid-an\/\" \/>\n<meta property=\"og:site_name\" content=\"just-now.NEWS Deutschland\" \/>\n<meta property=\"article:publisher\" content=\"https:\/\/www.facebook.com\/wirmachenauf\" \/>\n<meta property=\"article:published_time\" content=\"2025-03-29T16:10:42+00:00\" \/>\n<meta property=\"og:image\" content=\"https:\/\/now-news.de\/de\/wp-content\/uploads\/sites\/3\/2025\/03\/67e805beb480cc4eea6dfc9d.jpg\" \/>\n<meta name=\"author\" content=\"rtnews\" \/>\n<meta name=\"twitter:card\" content=\"summary_large_image\" \/>\n<meta name=\"twitter:creator\" content=\"@WirMachenAuf_de\" \/>\n<meta name=\"twitter:site\" content=\"@WirMachenAuf_de\" \/>\n<meta name=\"twitter:label1\" content=\"Verfasst von\" \/>\n\t<meta name=\"twitter:data1\" content=\"rtnews\" \/>\n\t<meta name=\"twitter:label2\" content=\"Gesch\u00e4tzte Lesezeit\" \/>\n\t<meta name=\"twitter:data2\" content=\"1\u00a0Minute\" \/>\n<script type=\"application\/ld+json\" class=\"yoast-schema-graph\">{\"@context\":\"https:\/\/schema.org\",\"@graph\":[{\"@type\":\"Article\",\"@id\":\"https:\/\/now-news.de\/de\/deutschland\/rubio-kuendigt-endgueltige-aufloesung-von-usaid-an\/#article\",\"isPartOf\":{\"@id\":\"https:\/\/now-news.de\/de\/deutschland\/rubio-kuendigt-endgueltige-aufloesung-von-usaid-an\/\"},\"author\":{\"name\":\"rtnews\",\"@id\":\"https:\/\/now-news.de\/de\/#\/schema\/person\/fb534a4e865501d8b3285208df34a9b5\"},\"headline\":\"Rubio k\u00fcndigt endg\u00fcltige Aufl\u00f6sung von USAID an\",\"datePublished\":\"2025-03-29T16:10:42+00:00\",\"dateModified\":\"2025-03-29T16:10:42+00:00\",\"mainEntityOfPage\":{\"@id\":\"https:\/\/now-news.de\/de\/deutschland\/rubio-kuendigt-endgueltige-aufloesung-von-usaid-an\/\"},\"wordCount\":276,\"commentCount\":0,\"publisher\":{\"@id\":\"https:\/\/now-news.de\/de\/#organization\"},\"image\":{\"@id\":\"https:\/\/now-news.de\/de\/deutschland\/rubio-kuendigt-endgueltige-aufloesung-von-usaid-an\/#primaryimage\"},\"thumbnailUrl\":\"https:\/\/now-news.de\/de\/wp-content\/uploads\/sites\/3\/2025\/03\/Rubio-kuendigt-endgueltige-Aufloesung-von-USAID-an.jpg\",\"keywords\":[\"Aufl\u00f6sung\",\"endg\u00fcltige\",\"k\u00fcndigt\",\"Rubio\",\"USAID\",\"von\"],\"articleSection\":[\"Deutschland\",\"Russland\"],\"inLanguage\":\"de\",\"potentialAction\":[{\"@type\":\"CommentAction\",\"name\":\"Comment\",\"target\":[\"https:\/\/now-news.de\/de\/deutschland\/rubio-kuendigt-endgueltige-aufloesung-von-usaid-an\/#respond\"]}]},{\"@type\":\"WebPage\",\"@id\":\"https:\/\/now-news.de\/de\/deutschland\/rubio-kuendigt-endgueltige-aufloesung-von-usaid-an\/\",\"url\":\"https:\/\/now-news.de\/de\/deutschland\/rubio-kuendigt-endgueltige-aufloesung-von-usaid-an\/\",\"name\":\"Rubio k\u00fcndigt endg\u00fcltige Aufl\u00f6sung von USAID an - just-now.NEWS Deutschland\",\"isPartOf\":{\"@id\":\"https:\/\/now-news.de\/de\/#website\"},\"primaryImageOfPage\":{\"@id\":\"https:\/\/now-news.de\/de\/deutschland\/rubio-kuendigt-endgueltige-aufloesung-von-usaid-an\/#primaryimage\"},\"image\":{\"@id\":\"https:\/\/now-news.de\/de\/deutschland\/rubio-kuendigt-endgueltige-aufloesung-von-usaid-an\/#primaryimage\"},\"thumbnailUrl\":\"https:\/\/now-news.de\/de\/wp-content\/uploads\/sites\/3\/2025\/03\/Rubio-kuendigt-endgueltige-Aufloesung-von-USAID-an.jpg\",\"datePublished\":\"2025-03-29T16:10:42+00:00\",\"dateModified\":\"2025-03-29T16:10:42+00:00\",\"breadcrumb\":{\"@id\":\"https:\/\/now-news.de\/de\/deutschland\/rubio-kuendigt-endgueltige-aufloesung-von-usaid-an\/#breadcrumb\"},\"inLanguage\":\"de\",\"potentialAction\":[{\"@type\":\"ReadAction\",\"target\":[\"https:\/\/now-news.de\/de\/deutschland\/rubio-kuendigt-endgueltige-aufloesung-von-usaid-an\/\"]}]},{\"@type\":\"ImageObject\",\"inLanguage\":\"de\",\"@id\":\"https:\/\/now-news.de\/de\/deutschland\/rubio-kuendigt-endgueltige-aufloesung-von-usaid-an\/#primaryimage\",\"url\":\"https:\/\/now-news.de\/de\/wp-content\/uploads\/sites\/3\/2025\/03\/Rubio-kuendigt-endgueltige-Aufloesung-von-USAID-an.jpg\",\"contentUrl\":\"https:\/\/now-news.de\/de\/wp-content\/uploads\/sites\/3\/2025\/03\/Rubio-kuendigt-endgueltige-Aufloesung-von-USAID-an.jpg\",\"width\":460,\"height\":259,\"caption\":\"Rubio k\u00fcndigt endg\u00fcltige Aufl\u00f6sung von USAID an\"},{\"@type\":\"BreadcrumbList\",\"@id\":\"https:\/\/now-news.de\/de\/deutschland\/rubio-kuendigt-endgueltige-aufloesung-von-usaid-an\/#breadcrumb\",\"itemListElement\":[{\"@type\":\"ListItem\",\"position\":1,\"name\":\"Home\",\"item\":\"https:\/\/now-news.de\/de\/\"},{\"@type\":\"ListItem\",\"position\":2,\"name\":\"Rubio k\u00fcndigt endg\u00fcltige Aufl\u00f6sung von USAID an\"}]},{\"@type\":\"WebSite\",\"@id\":\"https:\/\/now-news.de\/de\/#website\",\"url\":\"https:\/\/now-news.de\/de\/\",\"name\":\"just-now.NEWS Deutschland\",\"description\":\"Das Portal f\u00fcr unzensierte Nachrichten aus der Welt\",\"publisher\":{\"@id\":\"https:\/\/now-news.de\/de\/#organization\"},\"potentialAction\":[{\"@type\":\"SearchAction\",\"target\":{\"@type\":\"EntryPoint\",\"urlTemplate\":\"https:\/\/now-news.de\/de\/?s={search_term_string}\"},\"query-input\":\"required name=search_term_string\"}],\"inLanguage\":\"de\"},{\"@type\":\"Organization\",\"@id\":\"https:\/\/now-news.de\/de\/#organization\",\"name\":\"Just Now News\",\"url\":\"https:\/\/now-news.de\/de\/\",\"logo\":{\"@type\":\"ImageObject\",\"inLanguage\":\"de\",\"@id\":\"https:\/\/now-news.de\/de\/#\/schema\/logo\/image\/\",\"url\":\"http:\/\/just-now.news\/de\/wp-content\/uploads\/sites\/3\/2022\/04\/logo500x500.jpg\",\"contentUrl\":\"http:\/\/just-now.news\/de\/wp-content\/uploads\/sites\/3\/2022\/04\/logo500x500.jpg\",\"width\":500,\"height\":500,\"caption\":\"Just Now News\"},\"image\":{\"@id\":\"https:\/\/now-news.de\/de\/#\/schema\/logo\/image\/\"},\"sameAs\":[\"https:\/\/www.facebook.com\/wirmachenauf\",\"https:\/\/x.com\/WirMachenAuf_de\"]},{\"@type\":\"Person\",\"@id\":\"https:\/\/now-news.de\/de\/#\/schema\/person\/fb534a4e865501d8b3285208df34a9b5\",\"name\":\"rtnews\",\"image\":{\"@type\":\"ImageObject\",\"inLanguage\":\"de\",\"@id\":\"https:\/\/now-news.de\/de\/#\/schema\/person\/image\/\",\"url\":\"https:\/\/secure.gravatar.com\/avatar\/82aafea7d8127119dd649515f56e2117?s=96&d=mm&r=g\",\"contentUrl\":\"https:\/\/secure.gravatar.com\/avatar\/82aafea7d8127119dd649515f56e2117?s=96&d=mm&r=g\",\"caption\":\"rtnews\"},\"url\":\"https:\/\/now-news.de\/de\/author\/rnews\/\"}]}<\/script>\n<!-- \/ Yoast SEO Premium plugin. -->","yoast_head_json":{"title":"Rubio k\u00fcndigt endg\u00fcltige Aufl\u00f6sung von USAID an - just-now.NEWS Deutschland","robots":{"index":"index","follow":"follow","max-snippet":"max-snippet:-1","max-image-preview":"max-image-preview:large","max-video-preview":"max-video-preview:-1"},"canonical":"https:\/\/now-news.de\/de\/deutschland\/rubio-kuendigt-endgueltige-aufloesung-von-usaid-an\/","og_locale":"de_DE","og_type":"article","og_title":"Rubio k\u00fcndigt endg\u00fcltige Aufl\u00f6sung von USAID an","og_description":"Die Trump-Administration plant offenbar, die umstrittene US-&#8220;Entwicklungshilfebeh\u00f6rde&#8221; bis zum 1. Juli ganz aufzul\u00f6sen. Das hat der Au\u00dfenminister der Vereinigten Staaten Marco Rubio am Freitag angek\u00fcndigt. US-Au\u00dfenminister Marco Rubio hat am Freitag (Ortszeit) bei einer Anh\u00f6rung im Kongress mitgeteilt, dass USAID bis zum 1. Juli endg\u00fcltig aufgel\u00f6st werden soll. Einige der Funktionen der wegen ihrer Einmischung [&hellip;]","og_url":"https:\/\/now-news.de\/de\/deutschland\/rubio-kuendigt-endgueltige-aufloesung-von-usaid-an\/","og_site_name":"just-now.NEWS Deutschland","article_publisher":"https:\/\/www.facebook.com\/wirmachenauf","article_published_time":"2025-03-29T16:10:42+00:00","og_image":[{"url":"https:\/\/now-news.de\/de\/wp-content\/uploads\/sites\/3\/2025\/03\/67e805beb480cc4eea6dfc9d.jpg"}],"author":"rtnews","twitter_card":"summary_large_image","twitter_creator":"@WirMachenAuf_de","twitter_site":"@WirMachenAuf_de","twitter_misc":{"Verfasst von":"rtnews","Gesch\u00e4tzte Lesezeit":"1\u00a0Minute"},"schema":{"@context":"https:\/\/schema.org","@graph":[{"@type":"Article","@id":"https:\/\/now-news.de\/de\/deutschland\/rubio-kuendigt-endgueltige-aufloesung-von-usaid-an\/#article","isPartOf":{"@id":"https:\/\/now-news.de\/de\/deutschland\/rubio-kuendigt-endgueltige-aufloesung-von-usaid-an\/"},"author":{"name":"rtnews","@id":"https:\/\/now-news.de\/de\/#\/schema\/person\/fb534a4e865501d8b3285208df34a9b5"},"headline":"Rubio k\u00fcndigt endg\u00fcltige Aufl\u00f6sung von USAID an","datePublished":"2025-03-29T16:10:42+00:00","dateModified":"2025-03-29T16:10:42+00:00","mainEntityOfPage":{"@id":"https:\/\/now-news.de\/de\/deutschland\/rubio-kuendigt-endgueltige-aufloesung-von-usaid-an\/"},"wordCount":276,"commentCount":0,"publisher":{"@id":"https:\/\/now-news.de\/de\/#organization"},"image":{"@id":"https:\/\/now-news.de\/de\/deutschland\/rubio-kuendigt-endgueltige-aufloesung-von-usaid-an\/#primaryimage"},"thumbnailUrl":"https:\/\/now-news.de\/de\/wp-content\/uploads\/sites\/3\/2025\/03\/Rubio-kuendigt-endgueltige-Aufloesung-von-USAID-an.jpg","keywords":["Aufl\u00f6sung","endg\u00fcltige","k\u00fcndigt","Rubio","USAID","von"],"articleSection":["Deutschland","Russland"],"inLanguage":"de","potentialAction":[{"@type":"CommentAction","name":"Comment","target":["https:\/\/now-news.de\/de\/deutschland\/rubio-kuendigt-endgueltige-aufloesung-von-usaid-an\/#respond"]}]},{"@type":"WebPage","@id":"https:\/\/now-news.de\/de\/deutschland\/rubio-kuendigt-endgueltige-aufloesung-von-usaid-an\/","url":"https:\/\/now-news.de\/de\/deutschland\/rubio-kuendigt-endgueltige-aufloesung-von-usaid-an\/","name":"Rubio k\u00fcndigt endg\u00fcltige Aufl\u00f6sung von USAID an - just-now.NEWS Deutschland","isPartOf":{"@id":"https:\/\/now-news.de\/de\/#website"},"primaryImageOfPage":{"@id":"https:\/\/now-news.de\/de\/deutschland\/rubio-kuendigt-endgueltige-aufloesung-von-usaid-an\/#primaryimage"},"image":{"@id":"https:\/\/now-news.de\/de\/deutschland\/rubio-kuendigt-endgueltige-aufloesung-von-usaid-an\/#primaryimage"},"thumbnailUrl":"https:\/\/now-news.de\/de\/wp-content\/uploads\/sites\/3\/2025\/03\/Rubio-kuendigt-endgueltige-Aufloesung-von-USAID-an.jpg","datePublished":"2025-03-29T16:10:42+00:00","dateModified":"2025-03-29T16:10:42+00:00","breadcrumb":{"@id":"https:\/\/now-news.de\/de\/deutschland\/rubio-kuendigt-endgueltige-aufloesung-von-usaid-an\/#breadcrumb"},"inLanguage":"de","potentialAction":[{"@type":"ReadAction","target":["https:\/\/now-news.de\/de\/deutschland\/rubio-kuendigt-endgueltige-aufloesung-von-usaid-an\/"]}]},{"@type":"ImageObject","inLanguage":"de","@id":"https:\/\/now-news.de\/de\/deutschland\/rubio-kuendigt-endgueltige-aufloesung-von-usaid-an\/#primaryimage","url":"https:\/\/now-news.de\/de\/wp-content\/uploads\/sites\/3\/2025\/03\/Rubio-kuendigt-endgueltige-Aufloesung-von-USAID-an.jpg","contentUrl":"https:\/\/now-news.de\/de\/wp-content\/uploads\/sites\/3\/2025\/03\/Rubio-kuendigt-endgueltige-Aufloesung-von-USAID-an.jpg","width":460,"height":259,"caption":"Rubio k\u00fcndigt endg\u00fcltige Aufl\u00f6sung von USAID an"},{"@type":"BreadcrumbList","@id":"https:\/\/now-news.de\/de\/deutschland\/rubio-kuendigt-endgueltige-aufloesung-von-usaid-an\/#breadcrumb","itemListElement":[{"@type":"ListItem","position":1,"name":"Home","item":"https:\/\/now-news.de\/de\/"},{"@type":"ListItem","position":2,"name":"Rubio k\u00fcndigt endg\u00fcltige Aufl\u00f6sung von USAID an"}]},{"@type":"WebSite","@id":"https:\/\/now-news.de\/de\/#website","url":"https:\/\/now-news.de\/de\/","name":"just-now.NEWS Deutschland","description":"Das Portal f\u00fcr unzensierte Nachrichten aus der Welt","publisher":{"@id":"https:\/\/now-news.de\/de\/#organization"},"potentialAction":[{"@type":"SearchAction","target":{"@type":"EntryPoint","urlTemplate":"https:\/\/now-news.de\/de\/?s={search_term_string}"},"query-input":"required name=search_term_string"}],"inLanguage":"de"},{"@type":"Organization","@id":"https:\/\/now-news.de\/de\/#organization","name":"Just Now News","url":"https:\/\/now-news.de\/de\/","logo":{"@type":"ImageObject","inLanguage":"de","@id":"https:\/\/now-news.de\/de\/#\/schema\/logo\/image\/","url":"http:\/\/just-now.news\/de\/wp-content\/uploads\/sites\/3\/2022\/04\/logo500x500.jpg","contentUrl":"http:\/\/just-now.news\/de\/wp-content\/uploads\/sites\/3\/2022\/04\/logo500x500.jpg","width":500,"height":500,"caption":"Just Now News"},"image":{"@id":"https:\/\/now-news.de\/de\/#\/schema\/logo\/image\/"},"sameAs":["https:\/\/www.facebook.com\/wirmachenauf","https:\/\/x.com\/WirMachenAuf_de"]},{"@type":"Person","@id":"https:\/\/now-news.de\/de\/#\/schema\/person\/fb534a4e865501d8b3285208df34a9b5","name":"rtnews","image":{"@type":"ImageObject","inLanguage":"de","@id":"https:\/\/now-news.de\/de\/#\/schema\/person\/image\/","url":"https:\/\/secure.gravatar.com\/avatar\/82aafea7d8127119dd649515f56e2117?s=96&d=mm&r=g","contentUrl":"https:\/\/secure.gravatar.com\/avatar\/82aafea7d8127119dd649515f56e2117?s=96&d=mm&r=g","caption":"rtnews"},"url":"https:\/\/now-news.de\/de\/author\/rnews\/"}]}},"_links":{"self":[{"href":"https:\/\/now-news.de\/de\/wp-json\/wp\/v2\/posts\/81195"}],"collection":[{"href":"https:\/\/now-news.de\/de\/wp-json\/wp\/v2\/posts"}],"about":[{"href":"https:\/\/now-news.de\/de\/wp-json\/wp\/v2\/types\/post"}],"author":[{"embeddable":true,"href":"https:\/\/now-news.de\/de\/wp-json\/wp\/v2\/users\/3"}],"replies":[{"embeddable":true,"href":"https:\/\/now-news.de\/de\/wp-json\/wp\/v2\/comments?post=81195"}],"version-history":[{"count":0,"href":"https:\/\/now-news.de\/de\/wp-json\/wp\/v2\/posts\/81195\/revisions"}],"wp:featuredmedia":[{"embeddable":true,"href":"https:\/\/now-news.de\/de\/wp-json\/wp\/v2\/media\/81196"}],"wp:attachment":[{"href":"https:\/\/now-news.de\/de\/wp-json\/wp\/v2\/media?parent=81195"}],"wp:term":[{"taxonomy":"category","embeddable":true,"href":"https:\/\/now-news.de\/de\/wp-json\/wp\/v2\/categories?post=81195"},{"taxonomy":"post_tag","embeddable":true,"href":"https:\/\/now-news.de\/de\/wp-json\/wp\/v2\/tags?post=81195"}],"curies":[{"name":"wp","href":"https:\/\/api.w.org\/{rel}","templated":true}]}}