{"id":8118,"date":"2022-05-18T12:15:27","date_gmt":"2022-05-18T10:15:27","guid":{"rendered":"http:\/\/just-now.news\/de\/deutschland\/eine-lange-liste-von-forderungen-was-die-tuerkei-als-ausgleich-fuer-die-nato-erweiterung-verlangt\/"},"modified":"2022-05-18T12:15:27","modified_gmt":"2022-05-18T10:15:27","slug":"eine-lange-liste-von-forderungen-was-die-tuerkei-als-ausgleich-fuer-die-nato-erweiterung-verlangt","status":"publish","type":"post","link":"https:\/\/now-news.de\/de\/deutschland\/eine-lange-liste-von-forderungen-was-die-tuerkei-als-ausgleich-fuer-die-nato-erweiterung-verlangt\/","title":{"rendered":"Eine lange Liste von Forderungen: Was die T\u00fcrkei als Ausgleich f\u00fcr die NATO-Erweiterung verlangt"},"content":{"rendered":"<div class=\"Text-root Text-type_5 ArticleView-text ViewText-root \">\n<p>Die erneute NATO-Erweiterung \u2013 diesmal im Baltikum \u2013 ist gef\u00e4hrdet, da die T\u00fcrkei damit droht, gegen den Beitritt Schwedens und Finnlands ein Veto einzulegen. Die Nachrichtengruppe <em>Bloomberg<\/em> hat von den Forderungen der T\u00fcrkei erfahren, die sie bereit ist, gegen eine skandinavische Mitgliedschaft in der NATO einzutauschen. Und die Liste dieser Forderungen ist lang.\u00a0\u00a0<\/p>\n<p>&#8220;Die T\u00fcrkei m\u00f6chte wieder in das erweiterte Programm f\u00fcr F-35-Flugzeuge aufgenommen werden, von dem sie ausgeschlossen wurde, nachdem sie S-400-Raketenabwehrsysteme von Russland gekauft hatte. Au\u00dferdem hat sie eine ausstehende Anfrage an die USA zum Kauf von Dutzenden von F-16-Kampfflugzeugen und Nachr\u00fcstungss\u00e4tzen f\u00fcr ihre bestehende Flotte&#8221;, schreibt <em>Bloomberg<\/em> unter Berufung auf &#8220;drei hohe t\u00fcrkische Beamte&#8221;.<\/p>\n<p>Au\u00dferdem fordert die T\u00fcrkei, dass Schweden und Finnland sowie mehrere andere europ\u00e4ische L\u00e4nder &#8220;die Waffenexportbeschr\u00e4nkungen aufheben, die sie der T\u00fcrkei nach ihrem Einmarsch in Syrien im Jahr 2019 auferlegt haben&#8221;.<\/p>\n<p>Wie der t\u00fcrkische Au\u00dfenminister Mevl\u00fct \u00c7avu\u015fo\u011flu am Montag best\u00e4tigte, wolle sein Land au\u00dferdem, dass Schweden und Finnland die Handelsbeschr\u00e4nkungen aufheben, die sie der T\u00fcrkei auferlegt hatten.<\/p>\n<div class=\"ReadMore-root Section-root Section-is1to3-xs_is1to1\" data-widgets=\"ReadMore\" data-has-alias>\n<div class=\"Section-container Section-isRow-isTop-isWrap\">\n<article class=\"Card-root Card-is1to1 \">\n<div class=\"Card-imageWrap\">\n<div class=\"Card-picture\">\n<picture class=\"Picture-root Picture-default\"><!--[if IE 9]><video style=\"display: none;\"><![endif]--><source media=\"(-webkit-min-device-pixel-ratio: 2) and (min-resolution: 120dpi)\" data-srcset=\" \nhttp:\/\/just-now.news\/de\/wp-content\/uploads\/sites\/3\/2022\/05\/62820c5348fbef3be21ed3d2.jpg 850w,\n                http:\/\/just-now.news\/de\/wp-content\/uploads\/sites\/3\/2022\/05\/62820c5248fbef3be21ed3d1.jpg 1960w,\n            \" ><source data-srcset=\" \nhttp:\/\/just-now.news\/de\/wp-content\/uploads\/sites\/3\/2022\/05\/62820c5348fbef3be21ed3d2.jpg 460w,\n              http:\/\/just-now.news\/de\/wp-content\/uploads\/sites\/3\/2022\/05\/62820c5248fbef3be21ed3d1.jpg 980w,\n            \" ><!--[if IE 9]><\/video><![endif]--><img decoding=\"async\" data- src=\"data:image\/png;base64,iVBORw0KGgoAAAANSUhEUgAAABAAAAAJCAQAAACRI2S5AAAAEElEQVR42mNkIAAYRxWAAQAG9gAKqv6+AwAAAABJRU5ErkJggg==\" class=\"Picture-root Picture-default lazyload\" data-src=\"http:\/\/just-now.news\/de\/wp-content\/uploads\/sites\/3\/2022\/05\/62820c5348fbef3be21ed3d2.jpg\" alt=\"M\u00f6glicher NATO-Beitritt von Finnland und Schweden: Warum stellt sich T\u00fcrkei quer?\"><\/source><\/source><\/picture><!-- noscript pattern --><noscript><img decoding=\"async\" src=\"http:\/\/just-now.news\/de\/wp-content\/uploads\/sites\/3\/2022\/05\/62820c5248fbef3be21ed3d1.jpg\" alt=\"M\u00f6glicher NATO-Beitritt von Finnland und Schweden: Warum stellt sich T\u00fcrkei quer?\"><\/noscript>    <\/div><\/div>\n<div class=\"Card-contentWrap\">\n<div class=\"Card-label\">\n                <span class=\"Label-root Label-analyse\"><br \/>\n                    Analyse<br \/>\n                <\/span>\n            <\/div>\n<div class=\"Card-content\">\n<div class=\"Card-title\">\n<div class=\"HeaderNews-root HeaderNews-type_6 \">\n<p>            <a rel=\"nofollow noopener\" target=\"_blank\" href=\"https:\/\/de.rt.com\/international\/138544-moglicher-nato-beitritt-von-finnland\/\" class=\"Link-root Link-isFullCard \"><br \/>\n                M\u00f6glicher NATO-Beitritt von Finnland und Schweden: Warum stellt sich T\u00fcrkei quer?<br \/>\n            <\/a><\/p><\/div><\/div><\/div><\/div>\n<\/article>\n<\/div><\/div>\n<p>Eine der wichtigsten Voraussetzungen f\u00fcr die Aufnahme der beiden L\u00e4nder in die NATO durch die T\u00fcrkei ist auch eine \u00c4nderung ihrer Haltung gegen\u00fcber kurdischen Migranten und Mitgliedern der Arbeiterpartei Kurdistans, die die T\u00fcrkei als terroristische Organisation betrachtet. Zuvor hatte der t\u00fcrkische Fernsehsender <em>TRT berichtet<\/em>, dass Finnland und Schweden dem Antrag Ankaras auf Auslieferung von 33 Verd\u00e4chtigen, die in als terroristisch eingestufte Gruppen in der Republik verwickelt sind, nicht stattgegeben hatten. Laut <em>TRT<\/em>, h\u00e4tten Finnland und Schweden auf einige der Anfragen negativ reagiert und einige unbeantwortet gelassen.<\/p>\n<p>Die t\u00fcrkische\u00a0Agentur\u00a0<em>Anadolu<\/em>\u00a0zitierte den t\u00fcrkischen Pr\u00e4sidenten Recep Erdo\u011fan:<\/p>\n<blockquote>\n<p><em>&#8220;Keines dieser L\u00e4nder hat eine klare und eindeutige Position zu terroristischen Organisationen. Sie haben erkl\u00e4rt, dass sie keine Terroristen ausliefern werden. Die T\u00fcrkei wird einem NATO-Beitritt Schwedens und Finnlands nicht zustimmen&#8221;.\u00a0<\/em><\/p>\n<\/blockquote>\n<p>Erdo\u011fan wirft Schweden und Finnland vor, sich &#8220;in ein G\u00e4stehaus f\u00fcr Terroristen&#8221; verwandelt zu haben und Vertreter terroristischer Organisationen in ihren Parlamenten zu tolerieren. Es geht um die langj\u00e4hrige, konsequente Politik der nordischen L\u00e4nder, die politische Fl\u00fcchtlinge aus der T\u00fcrkei nicht nur aufnimmt, sondern auch umfassend unterst\u00fctzt. Zurzeit haben beispielsweise einige Mitglieder des schwedischen Parlaments eine kurdische Herkunft.<\/p>\n<p>Die T\u00fcrkei werde Schweden und Finnland demn\u00e4chst ein Manifest mit zehn Bedingungen \u00fcberreichen, die erf\u00fcllt sein m\u00fcssen, bevor die T\u00fcrkei einer NATO-Mitgliedschaft dieser L\u00e4nder zustimmt, berichtet\u00a0am Mittwoch\u00a0die t\u00fcrkische Tageszeitung <em>Sabah<\/em>. Demnach werde die T\u00fcrkei von Schweden und Finnland unter anderem verlangen, keine Mitglieder von Organisationen mehr zu beherbergen, die Ankara als terroristisch einstuft, sowie die finanzielle Unterst\u00fctzung kurdischer Gruppierungen einzustellen und insbesondere &#8220;den Geldfluss terroristischer Organisationen zu unterbinden und ihre Bankkonten&#8221; auf dem Gebiet der skandinavischen L\u00e4nder zu sperren. Dar\u00fcber hinaus m\u00fcssen die NATO-Beitrittskandidaten Kontakte zur F\u00fchrung der Arbeiterpartei Kurdistans vermeiden, die &#8220;Aktivit\u00e4ten&#8221; von Anh\u00e4ngern des in der T\u00fcrkei verbotenen islamischen Predigers Fethullah G\u00fclen einstellen, die Auslieferung gesuchter Mitglieder verbotener Organisationen in ihrem Hoheitsgebiet beschleunigen und die Unterst\u00fctzung &#8220;jeglicher Ma\u00dfnahmen gegen die Sicherheit der T\u00fcrkei&#8221; einstellen.<\/p>\n<div class=\"ReadMore-root Section-root Section-is1to3-xs_is1to1\" data-widgets=\"ReadMore\" data-has-alias>\n<div class=\"Section-container Section-isRow-isTop-isWrap\">\n<article class=\"Card-root Card-is1to1 \">\n<div class=\"Card-imageWrap\">\n<div class=\"Card-picture\">\n<picture class=\"Picture-root Picture-default\"><!--[if IE 9]><video style=\"display: none;\"><![endif]--><source media=\"(-webkit-min-device-pixel-ratio: 2) and (min-resolution: 120dpi)\" data-srcset=\" \nhttp:\/\/just-now.news\/de\/wp-content\/uploads\/sites\/3\/2022\/05\/6281489d48fbef36f00d7c55.jpg 850w,\n                http:\/\/just-now.news\/de\/wp-content\/uploads\/sites\/3\/2022\/05\/1652869203_126_6281489d48fbef36f00d7c55.jpg 1960w,\n            \" ><source data-srcset=\" \nhttp:\/\/just-now.news\/de\/wp-content\/uploads\/sites\/3\/2022\/05\/6281489d48fbef36f00d7c55.jpg 460w,\n              http:\/\/just-now.news\/de\/wp-content\/uploads\/sites\/3\/2022\/05\/1652869203_126_6281489d48fbef36f00d7c55.jpg 980w,\n            \" ><!--[if IE 9]><\/video><![endif]--><img decoding=\"async\" data- src=\"data:image\/png;base64,iVBORw0KGgoAAAANSUhEUgAAABAAAAAJCAQAAACRI2S5AAAAEElEQVR42mNkIAAYRxWAAQAG9gAKqv6+AwAAAABJRU5ErkJggg==\" class=\"Picture-root Picture-default lazyload\" data-src=\"http:\/\/just-now.news\/de\/wp-content\/uploads\/sites\/3\/2022\/05\/6281489d48fbef36f00d7c55.jpg\" alt='Finnland und Schweden wollen NATO-Mitglied werden \u2013 Baerbock: \"Einer f\u00fcr alle und alle f\u00fcr einen\"'><\/source><\/source><\/picture><!-- noscript pattern --><noscript><img decoding=\"async\" src=\"http:\/\/just-now.news\/de\/wp-content\/uploads\/sites\/3\/2022\/05\/1652869203_126_6281489d48fbef36f00d7c55.jpg\" alt='Finnland und Schweden wollen NATO-Mitglied werden \u2013 Baerbock: \"Einer f\u00fcr alle und alle f\u00fcr einen\"'><\/noscript><\/p>\n<div class=\"Picture-withVideo\"><svg class=\"Icon-root Icon-videoPlay\" width=\"31px\" height=\"40px\" viewbox=\"0 0 31 40\" fill=\"#FFFFFF\" opacity=\"0.9\" version=\"1.1\" xmlns=\"http:\/\/www.w3.org\/2000\/svg\" xmlns:xlink=\"http:\/\/www.w3.org\/1999\/xlink\"><g fill-rule=\"evenodd\"><g transform=\"translate(-14.000000, -8.000000)\"><path d=\"M17.0962701,9.21920419 L43.200784,26.3270141 C44.1246347,26.9324674 44.3827469,28.1722132 43.7772936,29.0960639 C43.6267472,29.3257802 43.4305003,29.5220271 43.200784,29.6725735 L17.0962701,46.7803835 C16.1724193,47.3858367 14.9326735,47.1277246 14.3272203,46.2038739 C14.1137272,45.8781084 14,45.4970938 14,45.1076038 L14,10.8919839 C14,9.78741439 14.8954305,8.89198389 16,8.89198389 C16.38949,8.89198389 16.7705046,9.00571108 17.0962701,9.21920419 Z\"><\/path><\/g><\/g><\/svg><\/div><\/div><\/div>\n<div class=\"Card-contentWrap\">\n<div class=\"Card-content\">\n<div class=\"Card-title\">\n<div class=\"HeaderNews-root HeaderNews-type_6 \">\n<p>            <a rel=\"nofollow noopener\" target=\"_blank\" href=\"https:\/\/de.rt.com\/kurzclips\/video\/138524-finnland-und-schweden-wollen-nato\/\" class=\"Link-root Link-isFullCard \"><br \/>\n                Finnland und Schweden wollen NATO-Mitglied werden \u2013 Baerbock: &#8220;Einer f\u00fcr alle und alle f\u00fcr einen&#8221;<br \/>\n            <\/a><\/p><\/div><\/div><\/div><\/div>\n<\/article>\n<\/div><\/div>\n<p>Manche europ\u00e4ische Politiker drohten der T\u00fcrkei mit\u00a0Schwierigkeiten\u00a0als Reaktion auf die harte Rhetorik Ankaras. So warnte der\u00a0Vorsitzende der Christdemokraten im Europ\u00e4ischen Parlament Manfred Weber die T\u00fcrkei vor einer Blockade der NATO-Aufnahme Finnlands und Schwedens. &#8220;Jeder, der die Geschlossenheit der NATO infrage stellt, wird sich innerhalb der Gemeinschaft isolieren&#8221;, sagte Weber den Zeitungen der Funke Mediengruppe. Im Gegensatz dazu schrieb NATO-Generalsekret\u00e4r Jens Stoltenberg auf Twitter: &#8220;Die T\u00fcrkei ist ein gesch\u00e4tzter B\u00fcndnispartner und alle Sicherheitsbedenken m\u00fcssen angegangen werden. In diesem historischen Augenblick m\u00fcssen wir zusammenstehen.&#8221;<\/p>\n<p>W\u00e4hrend der luxemburgische Au\u00dfenminister Jean Asselborn dem t\u00fcrkischen Staatschef Erdo\u011fan in einem Interview mit dem <em>ZDF-Morgenmagazin eine &#8220;Basar-Mentalit\u00e4t<\/em>&#8221; vorwirft, ist die deutsche Verteidigungsministerin Christine Lambrecht \u00fcberzeugt, dass alle Meinungsverschiedenheiten mit der T\u00fcrkei bald beigelegt sein werden. &#8220;Am Ende ist es eine Bereicherung f\u00fcr die NATO, wenn zwei so starke EU-Staaten wie Finnland und Schweden der NATO beitreten&#8221;, sagte sie am Rande des Br\u00fcsseler Treffens der EU-Verteidigungsminister. &#8220;Und ich bin fest davon \u00fcberzeugt, dass auch die T\u00fcrkei sich davon \u00fcberzeugen l\u00e4sst&#8221;.<\/p>\n<p><strong>Mehr zum Thema<\/strong> &#8211; <a rel=\"nofollow noopener\" target=\"_blank\" href=\"https:\/\/de.rt.com\/kurzclips\/video\/138667-brutstatte-fur-terrororganisationen-erdogan-lehnt\/\">&#8220;Brutst\u00e4tte f\u00fcr Terrororganisationen&#8221; \u2013 Erdo\u011fan lehnt NATO-Beitritt Finnlands und Schwedens ab<\/a><\/p>\n<\/p>\n<\/div>\n<p><br \/>\n<br \/><a href=\"https:\/\/de.rt.com\/international\/138733-lange-liste-von-forderungen-was\/\">Source link <\/a><\/p>\n","protected":false},"excerpt":{"rendered":"<p>Die erneute NATO-Erweiterung \u2013 diesmal im Baltikum \u2013 ist gef\u00e4hrdet, da die T\u00fcrkei damit droht, gegen den Beitritt Schwedens und Finnlands ein Veto einzulegen. Die Nachrichtengruppe Bloomberg hat von den Forderungen der T\u00fcrkei erfahren, die sie bereit ist, gegen eine skandinavische Mitgliedschaft in der NATO einzutauschen. Und die Liste dieser Forderungen ist lang.\u00a0\u00a0 &#8220;Die T\u00fcrkei [&hellip;]<\/p>\n","protected":false},"author":3,"featured_media":7915,"comment_status":"open","ping_status":"open","sticky":false,"template":"","format":"standard","meta":{"wp_automatic_camp":["217"],"137e75a1e66af0a5ddc36b27cf1b2a7d":["Eine lange Liste von Forderungen: Was die T\u00fcrkei als Ausgleich f\u00fcr die NATO-Erweiterung verlangt"],"original_link":["https:\/\/de.rt.com\/international\/138733-lange-liste-von-forderungen-was\/"],"_thumbnail_id":["7915"],"_wptg_p2tg_sent2tg":["2022-05-18 12:21:08"],"jnews_social_counter_last_update":["1777259432"]},"categories":[19,23],"tags":[273,20714,45,275,20713,221,18679,16492,20715,1897,18985,50],"yoast_head":"<!-- This site is optimized with the Yoast SEO Premium plugin v22.7 (Yoast SEO v22.7) - https:\/\/yoast.com\/wordpress\/plugins\/seo\/ -->\n<title>Eine lange Liste von Forderungen: Was die T\u00fcrkei als Ausgleich f\u00fcr die NATO-Erweiterung verlangt - just-now.NEWS Deutschland<\/title>\n<meta name=\"robots\" content=\"index, follow, max-snippet:-1, max-image-preview:large, max-video-preview:-1\" \/>\n<link rel=\"canonical\" href=\"https:\/\/now-news.de\/de\/deutschland\/eine-lange-liste-von-forderungen-was-die-tuerkei-als-ausgleich-fuer-die-nato-erweiterung-verlangt\/\" \/>\n<meta property=\"og:locale\" content=\"de_DE\" \/>\n<meta property=\"og:type\" content=\"article\" \/>\n<meta property=\"og:title\" content=\"Eine lange Liste von Forderungen: Was die T\u00fcrkei als Ausgleich f\u00fcr die NATO-Erweiterung verlangt\" \/>\n<meta property=\"og:description\" content=\"Die erneute NATO-Erweiterung \u2013 diesmal im Baltikum \u2013 ist gef\u00e4hrdet, da die T\u00fcrkei damit droht, gegen den Beitritt Schwedens und Finnlands ein Veto einzulegen. Die Nachrichtengruppe Bloomberg hat von den Forderungen der T\u00fcrkei erfahren, die sie bereit ist, gegen eine skandinavische Mitgliedschaft in der NATO einzutauschen. Und die Liste dieser Forderungen ist lang.\u00a0\u00a0 &#8220;Die T\u00fcrkei [&hellip;]\" \/>\n<meta property=\"og:url\" content=\"https:\/\/now-news.de\/de\/deutschland\/eine-lange-liste-von-forderungen-was-die-tuerkei-als-ausgleich-fuer-die-nato-erweiterung-verlangt\/\" \/>\n<meta property=\"og:site_name\" content=\"just-now.NEWS Deutschland\" \/>\n<meta property=\"article:publisher\" content=\"https:\/\/www.facebook.com\/wirmachenauf\" \/>\n<meta property=\"article:published_time\" content=\"2022-05-18T10:15:27+00:00\" \/>\n<meta property=\"og:image\" content=\"https:\/\/now-news.de\/de\/wp-content\/uploads\/sites\/3\/2022\/05\/Moeglicher-NATO-Beitritt-von-Finnland-und-Schweden-Warum-stellt-sich-Tuerkei.jpg\" \/>\n\t<meta property=\"og:image:width\" content=\"460\" \/>\n\t<meta property=\"og:image:height\" content=\"259\" \/>\n\t<meta property=\"og:image:type\" content=\"image\/jpeg\" \/>\n<meta name=\"author\" content=\"rtnews\" \/>\n<meta name=\"twitter:card\" content=\"summary_large_image\" \/>\n<meta name=\"twitter:creator\" content=\"@WirMachenAuf_de\" \/>\n<meta name=\"twitter:site\" content=\"@WirMachenAuf_de\" \/>\n<meta name=\"twitter:label1\" content=\"Verfasst von\" \/>\n\t<meta name=\"twitter:data1\" content=\"rtnews\" \/>\n\t<meta name=\"twitter:label2\" content=\"Gesch\u00e4tzte Lesezeit\" \/>\n\t<meta name=\"twitter:data2\" content=\"4\u00a0Minuten\" \/>\n<script type=\"application\/ld+json\" class=\"yoast-schema-graph\">{\"@context\":\"https:\/\/schema.org\",\"@graph\":[{\"@type\":\"Article\",\"@id\":\"https:\/\/now-news.de\/de\/deutschland\/eine-lange-liste-von-forderungen-was-die-tuerkei-als-ausgleich-fuer-die-nato-erweiterung-verlangt\/#article\",\"isPartOf\":{\"@id\":\"https:\/\/now-news.de\/de\/deutschland\/eine-lange-liste-von-forderungen-was-die-tuerkei-als-ausgleich-fuer-die-nato-erweiterung-verlangt\/\"},\"author\":{\"name\":\"rtnews\",\"@id\":\"https:\/\/now-news.de\/de\/#\/schema\/person\/fb534a4e865501d8b3285208df34a9b5\"},\"headline\":\"Eine lange Liste von Forderungen: Was die T\u00fcrkei als Ausgleich f\u00fcr die NATO-Erweiterung verlangt\",\"datePublished\":\"2022-05-18T10:15:27+00:00\",\"dateModified\":\"2022-05-18T10:15:27+00:00\",\"mainEntityOfPage\":{\"@id\":\"https:\/\/now-news.de\/de\/deutschland\/eine-lange-liste-von-forderungen-was-die-tuerkei-als-ausgleich-fuer-die-nato-erweiterung-verlangt\/\"},\"wordCount\":795,\"commentCount\":0,\"publisher\":{\"@id\":\"https:\/\/now-news.de\/de\/#organization\"},\"image\":{\"@id\":\"https:\/\/now-news.de\/de\/deutschland\/eine-lange-liste-von-forderungen-was-die-tuerkei-als-ausgleich-fuer-die-nato-erweiterung-verlangt\/#primaryimage\"},\"thumbnailUrl\":\"https:\/\/now-news.de\/de\/wp-content\/uploads\/sites\/3\/2022\/05\/Moeglicher-NATO-Beitritt-von-Finnland-und-Schweden-Warum-stellt-sich-Tuerkei.jpg\",\"keywords\":[\"als\",\"Ausgleich\",\"die\",\"eine\",\"Forderungen\",\"f\u00fcr\",\"lange\",\"Liste\",\"NATOErweiterung\",\"T\u00fcrkei\",\"verlangt\",\"von\"],\"articleSection\":[\"Deutschland\",\"Russland\"],\"inLanguage\":\"de\",\"potentialAction\":[{\"@type\":\"CommentAction\",\"name\":\"Comment\",\"target\":[\"https:\/\/now-news.de\/de\/deutschland\/eine-lange-liste-von-forderungen-was-die-tuerkei-als-ausgleich-fuer-die-nato-erweiterung-verlangt\/#respond\"]}]},{\"@type\":\"WebPage\",\"@id\":\"https:\/\/now-news.de\/de\/deutschland\/eine-lange-liste-von-forderungen-was-die-tuerkei-als-ausgleich-fuer-die-nato-erweiterung-verlangt\/\",\"url\":\"https:\/\/now-news.de\/de\/deutschland\/eine-lange-liste-von-forderungen-was-die-tuerkei-als-ausgleich-fuer-die-nato-erweiterung-verlangt\/\",\"name\":\"Eine lange Liste von Forderungen: Was die T\u00fcrkei als Ausgleich f\u00fcr die NATO-Erweiterung verlangt - just-now.NEWS Deutschland\",\"isPartOf\":{\"@id\":\"https:\/\/now-news.de\/de\/#website\"},\"primaryImageOfPage\":{\"@id\":\"https:\/\/now-news.de\/de\/deutschland\/eine-lange-liste-von-forderungen-was-die-tuerkei-als-ausgleich-fuer-die-nato-erweiterung-verlangt\/#primaryimage\"},\"image\":{\"@id\":\"https:\/\/now-news.de\/de\/deutschland\/eine-lange-liste-von-forderungen-was-die-tuerkei-als-ausgleich-fuer-die-nato-erweiterung-verlangt\/#primaryimage\"},\"thumbnailUrl\":\"https:\/\/now-news.de\/de\/wp-content\/uploads\/sites\/3\/2022\/05\/Moeglicher-NATO-Beitritt-von-Finnland-und-Schweden-Warum-stellt-sich-Tuerkei.jpg\",\"datePublished\":\"2022-05-18T10:15:27+00:00\",\"dateModified\":\"2022-05-18T10:15:27+00:00\",\"breadcrumb\":{\"@id\":\"https:\/\/now-news.de\/de\/deutschland\/eine-lange-liste-von-forderungen-was-die-tuerkei-als-ausgleich-fuer-die-nato-erweiterung-verlangt\/#breadcrumb\"},\"inLanguage\":\"de\",\"potentialAction\":[{\"@type\":\"ReadAction\",\"target\":[\"https:\/\/now-news.de\/de\/deutschland\/eine-lange-liste-von-forderungen-was-die-tuerkei-als-ausgleich-fuer-die-nato-erweiterung-verlangt\/\"]}]},{\"@type\":\"ImageObject\",\"inLanguage\":\"de\",\"@id\":\"https:\/\/now-news.de\/de\/deutschland\/eine-lange-liste-von-forderungen-was-die-tuerkei-als-ausgleich-fuer-die-nato-erweiterung-verlangt\/#primaryimage\",\"url\":\"https:\/\/now-news.de\/de\/wp-content\/uploads\/sites\/3\/2022\/05\/Moeglicher-NATO-Beitritt-von-Finnland-und-Schweden-Warum-stellt-sich-Tuerkei.jpg\",\"contentUrl\":\"https:\/\/now-news.de\/de\/wp-content\/uploads\/sites\/3\/2022\/05\/Moeglicher-NATO-Beitritt-von-Finnland-und-Schweden-Warum-stellt-sich-Tuerkei.jpg\",\"width\":460,\"height\":259,\"caption\":\"M\u00f6glicher NATO-Beitritt von Finnland und Schweden: Warum stellt sich T\u00fcrkei quer?\"},{\"@type\":\"BreadcrumbList\",\"@id\":\"https:\/\/now-news.de\/de\/deutschland\/eine-lange-liste-von-forderungen-was-die-tuerkei-als-ausgleich-fuer-die-nato-erweiterung-verlangt\/#breadcrumb\",\"itemListElement\":[{\"@type\":\"ListItem\",\"position\":1,\"name\":\"Home\",\"item\":\"https:\/\/now-news.de\/de\/\"},{\"@type\":\"ListItem\",\"position\":2,\"name\":\"Eine lange Liste von Forderungen: Was die T\u00fcrkei als Ausgleich f\u00fcr die NATO-Erweiterung verlangt\"}]},{\"@type\":\"WebSite\",\"@id\":\"https:\/\/now-news.de\/de\/#website\",\"url\":\"https:\/\/now-news.de\/de\/\",\"name\":\"just-now.NEWS Deutschland\",\"description\":\"Das Portal f\u00fcr unzensierte Nachrichten aus der Welt\",\"publisher\":{\"@id\":\"https:\/\/now-news.de\/de\/#organization\"},\"potentialAction\":[{\"@type\":\"SearchAction\",\"target\":{\"@type\":\"EntryPoint\",\"urlTemplate\":\"https:\/\/now-news.de\/de\/?s={search_term_string}\"},\"query-input\":\"required name=search_term_string\"}],\"inLanguage\":\"de\"},{\"@type\":\"Organization\",\"@id\":\"https:\/\/now-news.de\/de\/#organization\",\"name\":\"Just Now News\",\"url\":\"https:\/\/now-news.de\/de\/\",\"logo\":{\"@type\":\"ImageObject\",\"inLanguage\":\"de\",\"@id\":\"https:\/\/now-news.de\/de\/#\/schema\/logo\/image\/\",\"url\":\"http:\/\/just-now.news\/de\/wp-content\/uploads\/sites\/3\/2022\/04\/logo500x500.jpg\",\"contentUrl\":\"http:\/\/just-now.news\/de\/wp-content\/uploads\/sites\/3\/2022\/04\/logo500x500.jpg\",\"width\":500,\"height\":500,\"caption\":\"Just Now News\"},\"image\":{\"@id\":\"https:\/\/now-news.de\/de\/#\/schema\/logo\/image\/\"},\"sameAs\":[\"https:\/\/www.facebook.com\/wirmachenauf\",\"https:\/\/x.com\/WirMachenAuf_de\"]},{\"@type\":\"Person\",\"@id\":\"https:\/\/now-news.de\/de\/#\/schema\/person\/fb534a4e865501d8b3285208df34a9b5\",\"name\":\"rtnews\",\"image\":{\"@type\":\"ImageObject\",\"inLanguage\":\"de\",\"@id\":\"https:\/\/now-news.de\/de\/#\/schema\/person\/image\/\",\"url\":\"https:\/\/secure.gravatar.com\/avatar\/82aafea7d8127119dd649515f56e2117?s=96&d=mm&r=g\",\"contentUrl\":\"https:\/\/secure.gravatar.com\/avatar\/82aafea7d8127119dd649515f56e2117?s=96&d=mm&r=g\",\"caption\":\"rtnews\"},\"url\":\"https:\/\/now-news.de\/de\/author\/rnews\/\"}]}<\/script>\n<!-- \/ Yoast SEO Premium plugin. -->","yoast_head_json":{"title":"Eine lange Liste von Forderungen: Was die T\u00fcrkei als Ausgleich f\u00fcr die NATO-Erweiterung verlangt - just-now.NEWS Deutschland","robots":{"index":"index","follow":"follow","max-snippet":"max-snippet:-1","max-image-preview":"max-image-preview:large","max-video-preview":"max-video-preview:-1"},"canonical":"https:\/\/now-news.de\/de\/deutschland\/eine-lange-liste-von-forderungen-was-die-tuerkei-als-ausgleich-fuer-die-nato-erweiterung-verlangt\/","og_locale":"de_DE","og_type":"article","og_title":"Eine lange Liste von Forderungen: Was die T\u00fcrkei als Ausgleich f\u00fcr die NATO-Erweiterung verlangt","og_description":"Die erneute NATO-Erweiterung \u2013 diesmal im Baltikum \u2013 ist gef\u00e4hrdet, da die T\u00fcrkei damit droht, gegen den Beitritt Schwedens und Finnlands ein Veto einzulegen. Die Nachrichtengruppe Bloomberg hat von den Forderungen der T\u00fcrkei erfahren, die sie bereit ist, gegen eine skandinavische Mitgliedschaft in der NATO einzutauschen. Und die Liste dieser Forderungen ist lang.\u00a0\u00a0 &#8220;Die T\u00fcrkei [&hellip;]","og_url":"https:\/\/now-news.de\/de\/deutschland\/eine-lange-liste-von-forderungen-was-die-tuerkei-als-ausgleich-fuer-die-nato-erweiterung-verlangt\/","og_site_name":"just-now.NEWS Deutschland","article_publisher":"https:\/\/www.facebook.com\/wirmachenauf","article_published_time":"2022-05-18T10:15:27+00:00","og_image":[{"width":460,"height":259,"url":"https:\/\/now-news.de\/de\/wp-content\/uploads\/sites\/3\/2022\/05\/Moeglicher-NATO-Beitritt-von-Finnland-und-Schweden-Warum-stellt-sich-Tuerkei.jpg","type":"image\/jpeg"}],"author":"rtnews","twitter_card":"summary_large_image","twitter_creator":"@WirMachenAuf_de","twitter_site":"@WirMachenAuf_de","twitter_misc":{"Verfasst von":"rtnews","Gesch\u00e4tzte Lesezeit":"4\u00a0Minuten"},"schema":{"@context":"https:\/\/schema.org","@graph":[{"@type":"Article","@id":"https:\/\/now-news.de\/de\/deutschland\/eine-lange-liste-von-forderungen-was-die-tuerkei-als-ausgleich-fuer-die-nato-erweiterung-verlangt\/#article","isPartOf":{"@id":"https:\/\/now-news.de\/de\/deutschland\/eine-lange-liste-von-forderungen-was-die-tuerkei-als-ausgleich-fuer-die-nato-erweiterung-verlangt\/"},"author":{"name":"rtnews","@id":"https:\/\/now-news.de\/de\/#\/schema\/person\/fb534a4e865501d8b3285208df34a9b5"},"headline":"Eine lange Liste von Forderungen: Was die T\u00fcrkei als Ausgleich f\u00fcr die NATO-Erweiterung verlangt","datePublished":"2022-05-18T10:15:27+00:00","dateModified":"2022-05-18T10:15:27+00:00","mainEntityOfPage":{"@id":"https:\/\/now-news.de\/de\/deutschland\/eine-lange-liste-von-forderungen-was-die-tuerkei-als-ausgleich-fuer-die-nato-erweiterung-verlangt\/"},"wordCount":795,"commentCount":0,"publisher":{"@id":"https:\/\/now-news.de\/de\/#organization"},"image":{"@id":"https:\/\/now-news.de\/de\/deutschland\/eine-lange-liste-von-forderungen-was-die-tuerkei-als-ausgleich-fuer-die-nato-erweiterung-verlangt\/#primaryimage"},"thumbnailUrl":"https:\/\/now-news.de\/de\/wp-content\/uploads\/sites\/3\/2022\/05\/Moeglicher-NATO-Beitritt-von-Finnland-und-Schweden-Warum-stellt-sich-Tuerkei.jpg","keywords":["als","Ausgleich","die","eine","Forderungen","f\u00fcr","lange","Liste","NATOErweiterung","T\u00fcrkei","verlangt","von"],"articleSection":["Deutschland","Russland"],"inLanguage":"de","potentialAction":[{"@type":"CommentAction","name":"Comment","target":["https:\/\/now-news.de\/de\/deutschland\/eine-lange-liste-von-forderungen-was-die-tuerkei-als-ausgleich-fuer-die-nato-erweiterung-verlangt\/#respond"]}]},{"@type":"WebPage","@id":"https:\/\/now-news.de\/de\/deutschland\/eine-lange-liste-von-forderungen-was-die-tuerkei-als-ausgleich-fuer-die-nato-erweiterung-verlangt\/","url":"https:\/\/now-news.de\/de\/deutschland\/eine-lange-liste-von-forderungen-was-die-tuerkei-als-ausgleich-fuer-die-nato-erweiterung-verlangt\/","name":"Eine lange Liste von Forderungen: Was die T\u00fcrkei als Ausgleich f\u00fcr die NATO-Erweiterung verlangt - just-now.NEWS Deutschland","isPartOf":{"@id":"https:\/\/now-news.de\/de\/#website"},"primaryImageOfPage":{"@id":"https:\/\/now-news.de\/de\/deutschland\/eine-lange-liste-von-forderungen-was-die-tuerkei-als-ausgleich-fuer-die-nato-erweiterung-verlangt\/#primaryimage"},"image":{"@id":"https:\/\/now-news.de\/de\/deutschland\/eine-lange-liste-von-forderungen-was-die-tuerkei-als-ausgleich-fuer-die-nato-erweiterung-verlangt\/#primaryimage"},"thumbnailUrl":"https:\/\/now-news.de\/de\/wp-content\/uploads\/sites\/3\/2022\/05\/Moeglicher-NATO-Beitritt-von-Finnland-und-Schweden-Warum-stellt-sich-Tuerkei.jpg","datePublished":"2022-05-18T10:15:27+00:00","dateModified":"2022-05-18T10:15:27+00:00","breadcrumb":{"@id":"https:\/\/now-news.de\/de\/deutschland\/eine-lange-liste-von-forderungen-was-die-tuerkei-als-ausgleich-fuer-die-nato-erweiterung-verlangt\/#breadcrumb"},"inLanguage":"de","potentialAction":[{"@type":"ReadAction","target":["https:\/\/now-news.de\/de\/deutschland\/eine-lange-liste-von-forderungen-was-die-tuerkei-als-ausgleich-fuer-die-nato-erweiterung-verlangt\/"]}]},{"@type":"ImageObject","inLanguage":"de","@id":"https:\/\/now-news.de\/de\/deutschland\/eine-lange-liste-von-forderungen-was-die-tuerkei-als-ausgleich-fuer-die-nato-erweiterung-verlangt\/#primaryimage","url":"https:\/\/now-news.de\/de\/wp-content\/uploads\/sites\/3\/2022\/05\/Moeglicher-NATO-Beitritt-von-Finnland-und-Schweden-Warum-stellt-sich-Tuerkei.jpg","contentUrl":"https:\/\/now-news.de\/de\/wp-content\/uploads\/sites\/3\/2022\/05\/Moeglicher-NATO-Beitritt-von-Finnland-und-Schweden-Warum-stellt-sich-Tuerkei.jpg","width":460,"height":259,"caption":"M\u00f6glicher NATO-Beitritt von Finnland und Schweden: Warum stellt sich T\u00fcrkei quer?"},{"@type":"BreadcrumbList","@id":"https:\/\/now-news.de\/de\/deutschland\/eine-lange-liste-von-forderungen-was-die-tuerkei-als-ausgleich-fuer-die-nato-erweiterung-verlangt\/#breadcrumb","itemListElement":[{"@type":"ListItem","position":1,"name":"Home","item":"https:\/\/now-news.de\/de\/"},{"@type":"ListItem","position":2,"name":"Eine lange Liste von Forderungen: Was die T\u00fcrkei als Ausgleich f\u00fcr die NATO-Erweiterung verlangt"}]},{"@type":"WebSite","@id":"https:\/\/now-news.de\/de\/#website","url":"https:\/\/now-news.de\/de\/","name":"just-now.NEWS Deutschland","description":"Das Portal f\u00fcr unzensierte Nachrichten aus der Welt","publisher":{"@id":"https:\/\/now-news.de\/de\/#organization"},"potentialAction":[{"@type":"SearchAction","target":{"@type":"EntryPoint","urlTemplate":"https:\/\/now-news.de\/de\/?s={search_term_string}"},"query-input":"required name=search_term_string"}],"inLanguage":"de"},{"@type":"Organization","@id":"https:\/\/now-news.de\/de\/#organization","name":"Just Now News","url":"https:\/\/now-news.de\/de\/","logo":{"@type":"ImageObject","inLanguage":"de","@id":"https:\/\/now-news.de\/de\/#\/schema\/logo\/image\/","url":"http:\/\/just-now.news\/de\/wp-content\/uploads\/sites\/3\/2022\/04\/logo500x500.jpg","contentUrl":"http:\/\/just-now.news\/de\/wp-content\/uploads\/sites\/3\/2022\/04\/logo500x500.jpg","width":500,"height":500,"caption":"Just Now News"},"image":{"@id":"https:\/\/now-news.de\/de\/#\/schema\/logo\/image\/"},"sameAs":["https:\/\/www.facebook.com\/wirmachenauf","https:\/\/x.com\/WirMachenAuf_de"]},{"@type":"Person","@id":"https:\/\/now-news.de\/de\/#\/schema\/person\/fb534a4e865501d8b3285208df34a9b5","name":"rtnews","image":{"@type":"ImageObject","inLanguage":"de","@id":"https:\/\/now-news.de\/de\/#\/schema\/person\/image\/","url":"https:\/\/secure.gravatar.com\/avatar\/82aafea7d8127119dd649515f56e2117?s=96&d=mm&r=g","contentUrl":"https:\/\/secure.gravatar.com\/avatar\/82aafea7d8127119dd649515f56e2117?s=96&d=mm&r=g","caption":"rtnews"},"url":"https:\/\/now-news.de\/de\/author\/rnews\/"}]}},"_links":{"self":[{"href":"https:\/\/now-news.de\/de\/wp-json\/wp\/v2\/posts\/8118"}],"collection":[{"href":"https:\/\/now-news.de\/de\/wp-json\/wp\/v2\/posts"}],"about":[{"href":"https:\/\/now-news.de\/de\/wp-json\/wp\/v2\/types\/post"}],"author":[{"embeddable":true,"href":"https:\/\/now-news.de\/de\/wp-json\/wp\/v2\/users\/3"}],"replies":[{"embeddable":true,"href":"https:\/\/now-news.de\/de\/wp-json\/wp\/v2\/comments?post=8118"}],"version-history":[{"count":0,"href":"https:\/\/now-news.de\/de\/wp-json\/wp\/v2\/posts\/8118\/revisions"}],"wp:featuredmedia":[{"embeddable":true,"href":"https:\/\/now-news.de\/de\/wp-json\/wp\/v2\/media\/7915"}],"wp:attachment":[{"href":"https:\/\/now-news.de\/de\/wp-json\/wp\/v2\/media?parent=8118"}],"wp:term":[{"taxonomy":"category","embeddable":true,"href":"https:\/\/now-news.de\/de\/wp-json\/wp\/v2\/categories?post=8118"},{"taxonomy":"post_tag","embeddable":true,"href":"https:\/\/now-news.de\/de\/wp-json\/wp\/v2\/tags?post=8118"}],"curies":[{"name":"wp","href":"https:\/\/api.w.org\/{rel}","templated":true}]}}