{"id":81075,"date":"2025-03-27T20:23:23","date_gmt":"2025-03-27T18:23:23","guid":{"rendered":"https:\/\/now-news.de\/de\/deutschland\/kolumbiens-praesident-petro-es-fehlt-nicht-viel-dass-sich-die-ukraine-in-eine-kolonie-verwandelt\/"},"modified":"2025-03-27T20:23:23","modified_gmt":"2025-03-27T18:23:23","slug":"kolumbiens-praesident-petro-es-fehlt-nicht-viel-dass-sich-die-ukraine-in-eine-kolonie-verwandelt","status":"publish","type":"post","link":"https:\/\/now-news.de\/de\/deutschland\/kolumbiens-praesident-petro-es-fehlt-nicht-viel-dass-sich-die-ukraine-in-eine-kolonie-verwandelt\/","title":{"rendered":"Kolumbiens Pr\u00e4sident Petro: &quot;Es fehlt nicht viel, dass sich die Ukraine in eine Kolonie verwandelt&quot;"},"content":{"rendered":"<p><img decoding=\"async\" src=\"https:\/\/now-news.de\/de\/wp-content\/uploads\/sites\/3\/2025\/03\/67e5605a48fbef4be36dc90f.jpg\" \/><\/p>\n<div class=\"Text-root Text-type_1 \">\n                An die \u00d6ffentlichkeit sind Details eines neuen Rohstoffabkommens zwischen den USA und der Ukraine durchgesickert. Kolumbiens Pr\u00e4sident Gustavo Petro h\u00e4lt den Deal f\u00fcr eine Ausbeutung der Ukraine. Auf der Plattform X verurteilt er die Aufteilung der Welt in Kolonien.\n            <\/div>\n<p><\/p>\n<div class=\"Text-root Text-type_5 ArticleView-text ViewText-root \">\n<p>Vor dem Hintergrund der laufenden Verhandlungen zwischen der Ukraine und den USA sowie den USA und Russland hat sich Kolumbiens Pr\u00e4sident Gustavo Petro erneut zu der Ukraine-Krise ge\u00e4u\u00dfert. Der linke Politiker kritisierte\u00a0die US-Regierung f\u00fcr ihren angeblichen Plan, Bodensch\u00e4tze in der Ukraine auszubeuten. Auf der Plattform X <a rel=\"nofollow noopener\" target=\"_blank\" href=\"https:\/\/x.com\/petrogustavo\/status\/1905221084959428743\">schrieb<\/a> Petro:\u00a0\u00a0\u00a0\u00a0<\/p>\n<blockquote>\n<p><em>&#8220;Es fehlt nicht viel, dass sich die Ukraine in eine Kolonie verwandelt.&#8221;<\/em><\/p>\n<\/blockquote>\n<p>Ausgerechnet die Aufteilung der Welt in Kolonien habe zum Ersten Weltkrieg gef\u00fchrt, f\u00fcgte der Pr\u00e4sident hinzu. Der Frieden beginne mit der globalen Gerechtigkeit und sei nur in einer Zivilisation m\u00f6glich, die sich auf das V\u00f6lkerrecht st\u00fctze. Der Regierung in Kiew riet Petro, ein Friedensabkommen mit Russland zu schlie\u00dfen:\u00a0<\/p>\n<blockquote>\n<p><em>&#8220;Die Ukraine kann die Menschheit anf\u00fchren, wenn sie einem Friedensabkommen mit Russland zustimmt, ohne dem Kolonialismus anheimzufallen.&#8221;<\/em><\/p>\n<\/blockquote>\n<p>Zuvor hatte der ukrainische Abgeordnete Jaroslaw Schelesnjak Details \u00fcber den Entwurf eines Rohstoffabkommens zwischen den USA und der Ukraine enth\u00fcllt. Auf Telegram <a rel=\"nofollow noopener\" target=\"_blank\" href=\"https:\/\/t.me\/yzheleznyak\/12081\">schrieb<\/a> der Politiker, dass das auf den 23. M\u00e4rz datierte Dokument noch nicht endg\u00fcltig sei. Er hoffe, dass die Ukraine wesentliche \u00c4nderungen fordern werde.<\/p>\n<p>Der 58 Seiten lange Text, den er gesehen habe, sei schrecklich, f\u00fcgte Schelesnjak hinzu. Die Rede sei nicht nur von Seltenen Erden, sondern auch von Kohlenwasserstoffen auf dem gesamten Territorium der Ukraine. Die F\u00f6rdergenehmigungen sollen sowohl privaten als auch Staatsunternehmen gew\u00e4hrt werden. Die Erl\u00f6se sollen sofort in den US-Dollar konvertiert und ins Ausland \u00fcberwiesen werden. Im Gegenteil erhalte das Land von den USA keine einzige Sicherheitsgarantie. Schelesnjak zufolge wolle die Regierung von US-Pr\u00e4sident Donald Trump somit die seit dem Ausbruch des Krieges Ende Februar 2022 geleistete US-Unterst\u00fctzung f\u00fcr die Ukraine zur\u00fcckerstattet bekommen.<\/p>\n<p><strong>Mehr zum Thema<\/strong> \u2013 <a rel=\"nofollow noopener\" target=\"_blank\" href=\"https:\/\/freedert.online\/europa\/238156-franzoesischer-verteidigungsminister-paris-verhandelt\/\">Auch Frankreich verhandelt mit Kiew \u00fcber ukrainische Bodensch\u00e4tze<\/a><\/p>\n<\/p>\n<\/div>\n<p><br \/>\n<br \/><a href=\"https:\/\/de.rt.com\/international\/240838-kolumbiens-praesident-petro-ukraine-verwandelt-sich-in-us-kolonie\/\">Source link <\/a><\/p>\n","protected":false},"excerpt":{"rendered":"<p>An die \u00d6ffentlichkeit sind Details eines neuen Rohstoffabkommens zwischen den USA und der Ukraine durchgesickert. Kolumbiens Pr\u00e4sident Gustavo Petro h\u00e4lt den Deal f\u00fcr eine Ausbeutung der Ukraine. Auf der Plattform X verurteilt er die Aufteilung der Welt in Kolonien. Vor dem Hintergrund der laufenden Verhandlungen zwischen der Ukraine und den USA sowie den USA und [&hellip;]<\/p>\n","protected":false},"author":3,"featured_media":81076,"comment_status":"open","ping_status":"open","sticky":false,"template":"","format":"standard","meta":{"_yoast_indexnow_last_ping":["1743100141"],"wp_automatic_camp":["217"],"175e87d76c4d7110118475cd69a08e82":["Kolumbiens Pr\u00e4sident Petro: &quot;Es fehlt nicht viel, dass sich die Ukraine in eine Kolonie verwandelt&quot;"],"original_link":["https:\/\/de.rt.com\/international\/240838-kolumbiens-praesident-petro-ukraine-verwandelt-sich-in-us-kolonie\/"],"_thumbnail_id":["81076"],"jnews_social_counter_last_update":["1777121529"],"_wptgpro_p2tg_sent2tg":["a:1:{i:23737;s:19:\"2025-03-27 20:29:57\";}"]},"categories":[19,23],"tags":[42,45,275,25129,24661,27109,800,26776,3464,19377,434,127,63812,11607],"yoast_head":"<!-- This site is optimized with the Yoast SEO Premium plugin v22.7 (Yoast SEO v22.7) - https:\/\/yoast.com\/wordpress\/plugins\/seo\/ -->\n<title>Kolumbiens Pr\u00e4sident Petro: &quot;Es fehlt nicht viel, dass sich die Ukraine in eine Kolonie verwandelt&quot; - just-now.NEWS Deutschland<\/title>\n<meta name=\"robots\" content=\"index, follow, max-snippet:-1, max-image-preview:large, max-video-preview:-1\" \/>\n<link rel=\"canonical\" href=\"https:\/\/now-news.de\/de\/deutschland\/kolumbiens-praesident-petro-es-fehlt-nicht-viel-dass-sich-die-ukraine-in-eine-kolonie-verwandelt\/\" \/>\n<meta property=\"og:locale\" content=\"de_DE\" \/>\n<meta property=\"og:type\" content=\"article\" \/>\n<meta property=\"og:title\" content=\"Kolumbiens Pr\u00e4sident Petro: &quot;Es fehlt nicht viel, dass sich die Ukraine in eine Kolonie verwandelt&quot;\" \/>\n<meta property=\"og:description\" content=\"An die \u00d6ffentlichkeit sind Details eines neuen Rohstoffabkommens zwischen den USA und der Ukraine durchgesickert. Kolumbiens Pr\u00e4sident Gustavo Petro h\u00e4lt den Deal f\u00fcr eine Ausbeutung der Ukraine. Auf der Plattform X verurteilt er die Aufteilung der Welt in Kolonien. Vor dem Hintergrund der laufenden Verhandlungen zwischen der Ukraine und den USA sowie den USA und [&hellip;]\" \/>\n<meta property=\"og:url\" content=\"https:\/\/now-news.de\/de\/deutschland\/kolumbiens-praesident-petro-es-fehlt-nicht-viel-dass-sich-die-ukraine-in-eine-kolonie-verwandelt\/\" \/>\n<meta property=\"og:site_name\" content=\"just-now.NEWS Deutschland\" \/>\n<meta property=\"article:publisher\" content=\"https:\/\/www.facebook.com\/wirmachenauf\" \/>\n<meta property=\"article:published_time\" content=\"2025-03-27T18:23:23+00:00\" \/>\n<meta property=\"og:image\" content=\"https:\/\/now-news.de\/de\/wp-content\/uploads\/sites\/3\/2025\/03\/67e5605a48fbef4be36dc90f.jpg\" \/>\n<meta name=\"author\" content=\"rtnews\" \/>\n<meta name=\"twitter:card\" content=\"summary_large_image\" \/>\n<meta name=\"twitter:creator\" content=\"@WirMachenAuf_de\" \/>\n<meta name=\"twitter:site\" content=\"@WirMachenAuf_de\" \/>\n<meta name=\"twitter:label1\" content=\"Verfasst von\" \/>\n\t<meta name=\"twitter:data1\" content=\"rtnews\" \/>\n\t<meta name=\"twitter:label2\" content=\"Gesch\u00e4tzte Lesezeit\" \/>\n\t<meta name=\"twitter:data2\" content=\"2\u00a0Minuten\" \/>\n<script type=\"application\/ld+json\" class=\"yoast-schema-graph\">{\"@context\":\"https:\/\/schema.org\",\"@graph\":[{\"@type\":\"Article\",\"@id\":\"https:\/\/now-news.de\/de\/deutschland\/kolumbiens-praesident-petro-es-fehlt-nicht-viel-dass-sich-die-ukraine-in-eine-kolonie-verwandelt\/#article\",\"isPartOf\":{\"@id\":\"https:\/\/now-news.de\/de\/deutschland\/kolumbiens-praesident-petro-es-fehlt-nicht-viel-dass-sich-die-ukraine-in-eine-kolonie-verwandelt\/\"},\"author\":{\"name\":\"rtnews\",\"@id\":\"https:\/\/now-news.de\/de\/#\/schema\/person\/fb534a4e865501d8b3285208df34a9b5\"},\"headline\":\"Kolumbiens Pr\u00e4sident Petro: &quot;Es fehlt nicht viel, dass sich die Ukraine in eine Kolonie verwandelt&quot;\",\"datePublished\":\"2025-03-27T18:23:23+00:00\",\"dateModified\":\"2025-03-27T18:23:23+00:00\",\"mainEntityOfPage\":{\"@id\":\"https:\/\/now-news.de\/de\/deutschland\/kolumbiens-praesident-petro-es-fehlt-nicht-viel-dass-sich-die-ukraine-in-eine-kolonie-verwandelt\/\"},\"wordCount\":360,\"commentCount\":0,\"publisher\":{\"@id\":\"https:\/\/now-news.de\/de\/#organization\"},\"image\":{\"@id\":\"https:\/\/now-news.de\/de\/deutschland\/kolumbiens-praesident-petro-es-fehlt-nicht-viel-dass-sich-die-ukraine-in-eine-kolonie-verwandelt\/#primaryimage\"},\"thumbnailUrl\":\"https:\/\/now-news.de\/de\/wp-content\/uploads\/sites\/3\/2025\/03\/Kolumbiens-Praesident-Petro-quotEs-fehlt-nicht-viel-dass-sich-die.jpg\",\"keywords\":[\"dass\",\"die\",\"eine\",\"fehlt\",\"Kolonie\",\"Kolumbiens\",\"nicht\",\"Petro\",\"Pr\u00e4sident\",\"quotEs\",\"sich\",\"ukraine\",\"verwandeltquot\",\"viel\"],\"articleSection\":[\"Deutschland\",\"Russland\"],\"inLanguage\":\"de\",\"potentialAction\":[{\"@type\":\"CommentAction\",\"name\":\"Comment\",\"target\":[\"https:\/\/now-news.de\/de\/deutschland\/kolumbiens-praesident-petro-es-fehlt-nicht-viel-dass-sich-die-ukraine-in-eine-kolonie-verwandelt\/#respond\"]}]},{\"@type\":\"WebPage\",\"@id\":\"https:\/\/now-news.de\/de\/deutschland\/kolumbiens-praesident-petro-es-fehlt-nicht-viel-dass-sich-die-ukraine-in-eine-kolonie-verwandelt\/\",\"url\":\"https:\/\/now-news.de\/de\/deutschland\/kolumbiens-praesident-petro-es-fehlt-nicht-viel-dass-sich-die-ukraine-in-eine-kolonie-verwandelt\/\",\"name\":\"Kolumbiens Pr\u00e4sident Petro: &quot;Es fehlt nicht viel, dass sich die Ukraine in eine Kolonie verwandelt&quot; - just-now.NEWS Deutschland\",\"isPartOf\":{\"@id\":\"https:\/\/now-news.de\/de\/#website\"},\"primaryImageOfPage\":{\"@id\":\"https:\/\/now-news.de\/de\/deutschland\/kolumbiens-praesident-petro-es-fehlt-nicht-viel-dass-sich-die-ukraine-in-eine-kolonie-verwandelt\/#primaryimage\"},\"image\":{\"@id\":\"https:\/\/now-news.de\/de\/deutschland\/kolumbiens-praesident-petro-es-fehlt-nicht-viel-dass-sich-die-ukraine-in-eine-kolonie-verwandelt\/#primaryimage\"},\"thumbnailUrl\":\"https:\/\/now-news.de\/de\/wp-content\/uploads\/sites\/3\/2025\/03\/Kolumbiens-Praesident-Petro-quotEs-fehlt-nicht-viel-dass-sich-die.jpg\",\"datePublished\":\"2025-03-27T18:23:23+00:00\",\"dateModified\":\"2025-03-27T18:23:23+00:00\",\"breadcrumb\":{\"@id\":\"https:\/\/now-news.de\/de\/deutschland\/kolumbiens-praesident-petro-es-fehlt-nicht-viel-dass-sich-die-ukraine-in-eine-kolonie-verwandelt\/#breadcrumb\"},\"inLanguage\":\"de\",\"potentialAction\":[{\"@type\":\"ReadAction\",\"target\":[\"https:\/\/now-news.de\/de\/deutschland\/kolumbiens-praesident-petro-es-fehlt-nicht-viel-dass-sich-die-ukraine-in-eine-kolonie-verwandelt\/\"]}]},{\"@type\":\"ImageObject\",\"inLanguage\":\"de\",\"@id\":\"https:\/\/now-news.de\/de\/deutschland\/kolumbiens-praesident-petro-es-fehlt-nicht-viel-dass-sich-die-ukraine-in-eine-kolonie-verwandelt\/#primaryimage\",\"url\":\"https:\/\/now-news.de\/de\/wp-content\/uploads\/sites\/3\/2025\/03\/Kolumbiens-Praesident-Petro-quotEs-fehlt-nicht-viel-dass-sich-die.jpg\",\"contentUrl\":\"https:\/\/now-news.de\/de\/wp-content\/uploads\/sites\/3\/2025\/03\/Kolumbiens-Praesident-Petro-quotEs-fehlt-nicht-viel-dass-sich-die.jpg\",\"width\":460,\"height\":259,\"caption\":\"Kolumbiens Pr\u00e4sident Petro: &quot;Es fehlt nicht viel, dass sich die Ukraine in eine Kolonie verwandelt&quot;\"},{\"@type\":\"BreadcrumbList\",\"@id\":\"https:\/\/now-news.de\/de\/deutschland\/kolumbiens-praesident-petro-es-fehlt-nicht-viel-dass-sich-die-ukraine-in-eine-kolonie-verwandelt\/#breadcrumb\",\"itemListElement\":[{\"@type\":\"ListItem\",\"position\":1,\"name\":\"Home\",\"item\":\"https:\/\/now-news.de\/de\/\"},{\"@type\":\"ListItem\",\"position\":2,\"name\":\"Kolumbiens Pr\u00e4sident Petro: &quot;Es fehlt nicht viel, dass sich die Ukraine in eine Kolonie verwandelt&quot;\"}]},{\"@type\":\"WebSite\",\"@id\":\"https:\/\/now-news.de\/de\/#website\",\"url\":\"https:\/\/now-news.de\/de\/\",\"name\":\"just-now.NEWS Deutschland\",\"description\":\"Das Portal f\u00fcr unzensierte Nachrichten aus der Welt\",\"publisher\":{\"@id\":\"https:\/\/now-news.de\/de\/#organization\"},\"potentialAction\":[{\"@type\":\"SearchAction\",\"target\":{\"@type\":\"EntryPoint\",\"urlTemplate\":\"https:\/\/now-news.de\/de\/?s={search_term_string}\"},\"query-input\":\"required name=search_term_string\"}],\"inLanguage\":\"de\"},{\"@type\":\"Organization\",\"@id\":\"https:\/\/now-news.de\/de\/#organization\",\"name\":\"Just Now News\",\"url\":\"https:\/\/now-news.de\/de\/\",\"logo\":{\"@type\":\"ImageObject\",\"inLanguage\":\"de\",\"@id\":\"https:\/\/now-news.de\/de\/#\/schema\/logo\/image\/\",\"url\":\"http:\/\/just-now.news\/de\/wp-content\/uploads\/sites\/3\/2022\/04\/logo500x500.jpg\",\"contentUrl\":\"http:\/\/just-now.news\/de\/wp-content\/uploads\/sites\/3\/2022\/04\/logo500x500.jpg\",\"width\":500,\"height\":500,\"caption\":\"Just Now News\"},\"image\":{\"@id\":\"https:\/\/now-news.de\/de\/#\/schema\/logo\/image\/\"},\"sameAs\":[\"https:\/\/www.facebook.com\/wirmachenauf\",\"https:\/\/x.com\/WirMachenAuf_de\"]},{\"@type\":\"Person\",\"@id\":\"https:\/\/now-news.de\/de\/#\/schema\/person\/fb534a4e865501d8b3285208df34a9b5\",\"name\":\"rtnews\",\"image\":{\"@type\":\"ImageObject\",\"inLanguage\":\"de\",\"@id\":\"https:\/\/now-news.de\/de\/#\/schema\/person\/image\/\",\"url\":\"https:\/\/secure.gravatar.com\/avatar\/82aafea7d8127119dd649515f56e2117?s=96&d=mm&r=g\",\"contentUrl\":\"https:\/\/secure.gravatar.com\/avatar\/82aafea7d8127119dd649515f56e2117?s=96&d=mm&r=g\",\"caption\":\"rtnews\"},\"url\":\"https:\/\/now-news.de\/de\/author\/rnews\/\"}]}<\/script>\n<!-- \/ Yoast SEO Premium plugin. -->","yoast_head_json":{"title":"Kolumbiens Pr\u00e4sident Petro: &quot;Es fehlt nicht viel, dass sich die Ukraine in eine Kolonie verwandelt&quot; - just-now.NEWS Deutschland","robots":{"index":"index","follow":"follow","max-snippet":"max-snippet:-1","max-image-preview":"max-image-preview:large","max-video-preview":"max-video-preview:-1"},"canonical":"https:\/\/now-news.de\/de\/deutschland\/kolumbiens-praesident-petro-es-fehlt-nicht-viel-dass-sich-die-ukraine-in-eine-kolonie-verwandelt\/","og_locale":"de_DE","og_type":"article","og_title":"Kolumbiens Pr\u00e4sident Petro: &quot;Es fehlt nicht viel, dass sich die Ukraine in eine Kolonie verwandelt&quot;","og_description":"An die \u00d6ffentlichkeit sind Details eines neuen Rohstoffabkommens zwischen den USA und der Ukraine durchgesickert. Kolumbiens Pr\u00e4sident Gustavo Petro h\u00e4lt den Deal f\u00fcr eine Ausbeutung der Ukraine. Auf der Plattform X verurteilt er die Aufteilung der Welt in Kolonien. Vor dem Hintergrund der laufenden Verhandlungen zwischen der Ukraine und den USA sowie den USA und [&hellip;]","og_url":"https:\/\/now-news.de\/de\/deutschland\/kolumbiens-praesident-petro-es-fehlt-nicht-viel-dass-sich-die-ukraine-in-eine-kolonie-verwandelt\/","og_site_name":"just-now.NEWS Deutschland","article_publisher":"https:\/\/www.facebook.com\/wirmachenauf","article_published_time":"2025-03-27T18:23:23+00:00","og_image":[{"url":"https:\/\/now-news.de\/de\/wp-content\/uploads\/sites\/3\/2025\/03\/67e5605a48fbef4be36dc90f.jpg"}],"author":"rtnews","twitter_card":"summary_large_image","twitter_creator":"@WirMachenAuf_de","twitter_site":"@WirMachenAuf_de","twitter_misc":{"Verfasst von":"rtnews","Gesch\u00e4tzte Lesezeit":"2\u00a0Minuten"},"schema":{"@context":"https:\/\/schema.org","@graph":[{"@type":"Article","@id":"https:\/\/now-news.de\/de\/deutschland\/kolumbiens-praesident-petro-es-fehlt-nicht-viel-dass-sich-die-ukraine-in-eine-kolonie-verwandelt\/#article","isPartOf":{"@id":"https:\/\/now-news.de\/de\/deutschland\/kolumbiens-praesident-petro-es-fehlt-nicht-viel-dass-sich-die-ukraine-in-eine-kolonie-verwandelt\/"},"author":{"name":"rtnews","@id":"https:\/\/now-news.de\/de\/#\/schema\/person\/fb534a4e865501d8b3285208df34a9b5"},"headline":"Kolumbiens Pr\u00e4sident Petro: &quot;Es fehlt nicht viel, dass sich die Ukraine in eine Kolonie verwandelt&quot;","datePublished":"2025-03-27T18:23:23+00:00","dateModified":"2025-03-27T18:23:23+00:00","mainEntityOfPage":{"@id":"https:\/\/now-news.de\/de\/deutschland\/kolumbiens-praesident-petro-es-fehlt-nicht-viel-dass-sich-die-ukraine-in-eine-kolonie-verwandelt\/"},"wordCount":360,"commentCount":0,"publisher":{"@id":"https:\/\/now-news.de\/de\/#organization"},"image":{"@id":"https:\/\/now-news.de\/de\/deutschland\/kolumbiens-praesident-petro-es-fehlt-nicht-viel-dass-sich-die-ukraine-in-eine-kolonie-verwandelt\/#primaryimage"},"thumbnailUrl":"https:\/\/now-news.de\/de\/wp-content\/uploads\/sites\/3\/2025\/03\/Kolumbiens-Praesident-Petro-quotEs-fehlt-nicht-viel-dass-sich-die.jpg","keywords":["dass","die","eine","fehlt","Kolonie","Kolumbiens","nicht","Petro","Pr\u00e4sident","quotEs","sich","ukraine","verwandeltquot","viel"],"articleSection":["Deutschland","Russland"],"inLanguage":"de","potentialAction":[{"@type":"CommentAction","name":"Comment","target":["https:\/\/now-news.de\/de\/deutschland\/kolumbiens-praesident-petro-es-fehlt-nicht-viel-dass-sich-die-ukraine-in-eine-kolonie-verwandelt\/#respond"]}]},{"@type":"WebPage","@id":"https:\/\/now-news.de\/de\/deutschland\/kolumbiens-praesident-petro-es-fehlt-nicht-viel-dass-sich-die-ukraine-in-eine-kolonie-verwandelt\/","url":"https:\/\/now-news.de\/de\/deutschland\/kolumbiens-praesident-petro-es-fehlt-nicht-viel-dass-sich-die-ukraine-in-eine-kolonie-verwandelt\/","name":"Kolumbiens Pr\u00e4sident Petro: &quot;Es fehlt nicht viel, dass sich die Ukraine in eine Kolonie verwandelt&quot; - just-now.NEWS Deutschland","isPartOf":{"@id":"https:\/\/now-news.de\/de\/#website"},"primaryImageOfPage":{"@id":"https:\/\/now-news.de\/de\/deutschland\/kolumbiens-praesident-petro-es-fehlt-nicht-viel-dass-sich-die-ukraine-in-eine-kolonie-verwandelt\/#primaryimage"},"image":{"@id":"https:\/\/now-news.de\/de\/deutschland\/kolumbiens-praesident-petro-es-fehlt-nicht-viel-dass-sich-die-ukraine-in-eine-kolonie-verwandelt\/#primaryimage"},"thumbnailUrl":"https:\/\/now-news.de\/de\/wp-content\/uploads\/sites\/3\/2025\/03\/Kolumbiens-Praesident-Petro-quotEs-fehlt-nicht-viel-dass-sich-die.jpg","datePublished":"2025-03-27T18:23:23+00:00","dateModified":"2025-03-27T18:23:23+00:00","breadcrumb":{"@id":"https:\/\/now-news.de\/de\/deutschland\/kolumbiens-praesident-petro-es-fehlt-nicht-viel-dass-sich-die-ukraine-in-eine-kolonie-verwandelt\/#breadcrumb"},"inLanguage":"de","potentialAction":[{"@type":"ReadAction","target":["https:\/\/now-news.de\/de\/deutschland\/kolumbiens-praesident-petro-es-fehlt-nicht-viel-dass-sich-die-ukraine-in-eine-kolonie-verwandelt\/"]}]},{"@type":"ImageObject","inLanguage":"de","@id":"https:\/\/now-news.de\/de\/deutschland\/kolumbiens-praesident-petro-es-fehlt-nicht-viel-dass-sich-die-ukraine-in-eine-kolonie-verwandelt\/#primaryimage","url":"https:\/\/now-news.de\/de\/wp-content\/uploads\/sites\/3\/2025\/03\/Kolumbiens-Praesident-Petro-quotEs-fehlt-nicht-viel-dass-sich-die.jpg","contentUrl":"https:\/\/now-news.de\/de\/wp-content\/uploads\/sites\/3\/2025\/03\/Kolumbiens-Praesident-Petro-quotEs-fehlt-nicht-viel-dass-sich-die.jpg","width":460,"height":259,"caption":"Kolumbiens Pr\u00e4sident Petro: &quot;Es fehlt nicht viel, dass sich die Ukraine in eine Kolonie verwandelt&quot;"},{"@type":"BreadcrumbList","@id":"https:\/\/now-news.de\/de\/deutschland\/kolumbiens-praesident-petro-es-fehlt-nicht-viel-dass-sich-die-ukraine-in-eine-kolonie-verwandelt\/#breadcrumb","itemListElement":[{"@type":"ListItem","position":1,"name":"Home","item":"https:\/\/now-news.de\/de\/"},{"@type":"ListItem","position":2,"name":"Kolumbiens Pr\u00e4sident Petro: &quot;Es fehlt nicht viel, dass sich die Ukraine in eine Kolonie verwandelt&quot;"}]},{"@type":"WebSite","@id":"https:\/\/now-news.de\/de\/#website","url":"https:\/\/now-news.de\/de\/","name":"just-now.NEWS Deutschland","description":"Das Portal f\u00fcr unzensierte Nachrichten aus der Welt","publisher":{"@id":"https:\/\/now-news.de\/de\/#organization"},"potentialAction":[{"@type":"SearchAction","target":{"@type":"EntryPoint","urlTemplate":"https:\/\/now-news.de\/de\/?s={search_term_string}"},"query-input":"required name=search_term_string"}],"inLanguage":"de"},{"@type":"Organization","@id":"https:\/\/now-news.de\/de\/#organization","name":"Just Now News","url":"https:\/\/now-news.de\/de\/","logo":{"@type":"ImageObject","inLanguage":"de","@id":"https:\/\/now-news.de\/de\/#\/schema\/logo\/image\/","url":"http:\/\/just-now.news\/de\/wp-content\/uploads\/sites\/3\/2022\/04\/logo500x500.jpg","contentUrl":"http:\/\/just-now.news\/de\/wp-content\/uploads\/sites\/3\/2022\/04\/logo500x500.jpg","width":500,"height":500,"caption":"Just Now News"},"image":{"@id":"https:\/\/now-news.de\/de\/#\/schema\/logo\/image\/"},"sameAs":["https:\/\/www.facebook.com\/wirmachenauf","https:\/\/x.com\/WirMachenAuf_de"]},{"@type":"Person","@id":"https:\/\/now-news.de\/de\/#\/schema\/person\/fb534a4e865501d8b3285208df34a9b5","name":"rtnews","image":{"@type":"ImageObject","inLanguage":"de","@id":"https:\/\/now-news.de\/de\/#\/schema\/person\/image\/","url":"https:\/\/secure.gravatar.com\/avatar\/82aafea7d8127119dd649515f56e2117?s=96&d=mm&r=g","contentUrl":"https:\/\/secure.gravatar.com\/avatar\/82aafea7d8127119dd649515f56e2117?s=96&d=mm&r=g","caption":"rtnews"},"url":"https:\/\/now-news.de\/de\/author\/rnews\/"}]}},"_links":{"self":[{"href":"https:\/\/now-news.de\/de\/wp-json\/wp\/v2\/posts\/81075"}],"collection":[{"href":"https:\/\/now-news.de\/de\/wp-json\/wp\/v2\/posts"}],"about":[{"href":"https:\/\/now-news.de\/de\/wp-json\/wp\/v2\/types\/post"}],"author":[{"embeddable":true,"href":"https:\/\/now-news.de\/de\/wp-json\/wp\/v2\/users\/3"}],"replies":[{"embeddable":true,"href":"https:\/\/now-news.de\/de\/wp-json\/wp\/v2\/comments?post=81075"}],"version-history":[{"count":0,"href":"https:\/\/now-news.de\/de\/wp-json\/wp\/v2\/posts\/81075\/revisions"}],"wp:featuredmedia":[{"embeddable":true,"href":"https:\/\/now-news.de\/de\/wp-json\/wp\/v2\/media\/81076"}],"wp:attachment":[{"href":"https:\/\/now-news.de\/de\/wp-json\/wp\/v2\/media?parent=81075"}],"wp:term":[{"taxonomy":"category","embeddable":true,"href":"https:\/\/now-news.de\/de\/wp-json\/wp\/v2\/categories?post=81075"},{"taxonomy":"post_tag","embeddable":true,"href":"https:\/\/now-news.de\/de\/wp-json\/wp\/v2\/tags?post=81075"}],"curies":[{"name":"wp","href":"https:\/\/api.w.org\/{rel}","templated":true}]}}