{"id":81069,"date":"2025-03-27T19:04:34","date_gmt":"2025-03-27T17:04:34","guid":{"rendered":"https:\/\/now-news.de\/de\/deutschland\/daenische-regierungschefin-lobt-groenland-ihr-habt-euch-von-trump-nicht-einschuechtern-lassen\/"},"modified":"2025-03-27T19:04:34","modified_gmt":"2025-03-27T17:04:34","slug":"daenische-regierungschefin-lobt-groenland-ihr-habt-euch-von-trump-nicht-einschuechtern-lassen","status":"publish","type":"post","link":"https:\/\/now-news.de\/de\/deutschland\/daenische-regierungschefin-lobt-groenland-ihr-habt-euch-von-trump-nicht-einschuechtern-lassen\/","title":{"rendered":"D\u00e4nische Regierungschefin lobt Gr\u00f6nland: &quot;Ihr habt euch von Trump nicht einsch\u00fcchtern lassen&quot;"},"content":{"rendered":"<p><img decoding=\"async\" src=\"https:\/\/now-news.de\/de\/wp-content\/uploads\/sites\/3\/2025\/03\/67e5417c48fbef4aed52b0b4.jpg\" \/><\/p>\n<div class=\"Text-root Text-type_1 \">\n                JD Vance&#8217; Besuch in Gr\u00f6nland ohne Einladung der Beh\u00f6rden inmitten von Donald Trumps Annexionsdrohungen sorgt in D\u00e4nemark f\u00fcr Ver\u00e4rgerung. Trotz \u00c4nderung des umstrittenen Reiseplans warnt Regierungschefin Frederiksen weiterhin vor Trumps Interesse an Gr\u00f6nland.\n            <\/div>\n<p><\/p>\n<div class=\"Text-root Text-type_5 ArticleView-text ViewText-root \">\n<p>D\u00e4nemarks Premierministerin Mette Frederiksen hat die Gr\u00f6nl\u00e4nder daf\u00fcr gelobt, dass sie angesichts der Besitzanspr\u00fcche von US-Pr\u00e4sident Donald Trump auf die d\u00e4nische Insel standhaft geblieben sind.<\/p>\n<p>Eine entsprechende Botschaft ver\u00f6ffentlichte\u00a0Frederiksen am Mittwoch auf Facebook im Vorfeld des Besuchs von US-Vizepr\u00e4sident JD Vance und weiteren US-Beamten auf einen US-amerikanischen Milit\u00e4rst\u00fctzpunkt in Gr\u00f6nland am Freitag.<\/p>\n<p>&#8220;Die Aufmerksamkeit ist \u00fcberw\u00e4ltigend und der Druck ist gro\u00df&#8221;, schrieb Frederiksen. &#8220;Aber gerade in solchen Momenten zeigen Sie, was in Ihnen steckt. Sie haben sich nicht einsch\u00fcchtern lassen. Sie haben zu dem gestanden, was Sie sind \u2013 und Sie haben gezeigt, wof\u00fcr Sie stehen. Davor habe ich den gr\u00f6\u00dften Respekt.&#8221;<\/p>\n<p>Frederiksen warnte, dass sich Trumps Ziele nicht ge\u00e4ndert h\u00e4tten. Sie bezog sich dabei auf ein Radiointerview vom Mittwoch, in dem Trump erneut mit einer Annexion Gr\u00f6nlands gedroht hatte. &#8220;Wir brauchen Gr\u00f6nland f\u00fcr die nationale und internationale Sicherheit. Ich denke, wir werden so weit gehen, wie wir gehen m\u00fcssen&#8221;, <a rel=\"nofollow noopener\" target=\"_blank\" href=\"https:\/\/www.reuters.com\/world\/europe\/denmark-prime-minister-praises-people-greenland-amid-pressure-trump-2025-03-27\/\">sagte<\/a> Trump vor Journalisten im Oval Office.<\/p>\n<p>D\u00e4nemarks Premierministerin f\u00fcgte hinzu, dass Washington trotz der Einw\u00e4nde der d\u00e4nischen Regierung weiterhin &#8220;nach seinen eigenen W\u00fcnschen&#8221; handeln werde. &#8220;Die USA wissen, dass Gr\u00f6nland nicht zum Verkauf steht&#8221;, so Frederiksen. &#8220;Sie wissen, dass Gr\u00f6nland nicht Teil der USA sein will. Dies wurde ihnen sowohl direkt als auch von der \u00d6ffentlichkeit unmissverst\u00e4ndlich mitgeteilt.&#8221;\u00a0<\/p>\n<p>Vance&#8217; bevorstehender Besuch auf dem Au\u00dfenposten der US-Raumfahrtbeh\u00f6rde in Pituffik an der Nordwestk\u00fcste Gr\u00f6nlands ersetzt einen urspr\u00fcnglichen Plan, der einen Aufenthalt in der Hauptstadt Nuuk und die Teilnahme an einem Hundeschlittenrennen durch die US-amerikanische Second Lady Usha Vance vorsah.<\/p>\n<p>Usha Vance hatte <a rel=\"nofollow noopener\" target=\"_blank\" href=\"https:\/\/www.politico.com\/news\/2025\/03\/25\/jd-vance-greenland-trip-027758\">angek\u00fcndigt<\/a>, sie wolle die Insel besuchen, &#8220;um die lange Geschichte des Respekts und der Zusammenarbeit zwischen unseren Nationen zu feiern und der Hoffnung Ausdruck zu verleihen, dass unsere Beziehungen in den kommenden Jahren nur noch st\u00e4rker werden&#8221;. Neben der Frau des US-Vizepr\u00e4sidenten sollten der nationale US-Sicherheitsberater Mike Waltz und US-Energieminister Chris Wright an dem urspr\u00fcnglichen Besuch teilnehmen.<\/p>\n<p>Diese Reise wurde schlie\u00dflich nach scharfer Kritik seitens d\u00e4nischer und gr\u00f6nl\u00e4ndischer Beamter abgesagt. Gr\u00f6nlands amtierender Regierungschef M\u00fate B. Egede sagte, dass ein solcher Besuch einen Mangel an Respekt zeige.\u00a0In der aktuellen Lage k\u00f6nne ein solcher Besuch &#8220;in keiner Weise als harmlos bezeichnet werden&#8221;, so Egede. &#8220;Was hat der nationale US-Sicherheitsberater in Gr\u00f6nland zu suchen? Das einzige Ziel ist, Macht \u00fcber uns zu demonstrieren, und die Botschaft ist klar.&#8221;<\/p>\n<p>Frederiksen merkte an, dass die gr\u00f6nl\u00e4ndischen Beh\u00f6rden deutlich gesagt h\u00e4tten, dass sie &#8220;im Moment keinen Besuch wollen, weil sie keine Regierung haben&#8221;, nachdem Anfang des Monats Parlamentswahlen stattgefunden h\u00e4tten. Den abgesagten Besuch bezeichnete sie als &#8220;inakzeptablen Druck&#8221;.<\/p>\n<p>Au\u00dferdem erkl\u00e4rten die Beh\u00f6rden der Insel, Gr\u00f6nlands Regierung habe &#8220;keine Einladungen f\u00fcr Besuche ausgesprochen, weder privat noch offiziell&#8221;.<\/p>\n<p>Aktivisten in Gr\u00f6nland haben Proteste gegen die US-amerikanische Delegation angesagt. Pipaluk Lynge, ein gr\u00f6nl\u00e4ndisches Parlamentsmitglied, <a rel=\"nofollow noopener\" target=\"_blank\" href=\"https:\/\/www.politico.com\/news\/2025\/03\/24\/greenland-trump-00246587\">sagte<\/a> gegen\u00fcber <em>Politico<\/em>: &#8220;Wir protestieren politisch als Gr\u00f6nlands Volk.&#8221;<\/p>\n<p>Die Entscheidung der US-Beamten, nur eine US-Milit\u00e4rbasis zu besuchen, statt der urspr\u00fcnglich geplanten umfassenderen Reise, sei klug, erkl\u00e4rte der d\u00e4nische Verteidigungsminister Troels Lund Poulsen. &#8220;Ich denke, es ist eine viel kl\u00fcgere Entscheidung, die Milit\u00e4reinrichtung zu besuchen, als sich in die gr\u00f6nl\u00e4ndische Politik einzumischen&#8221;, so Poulsen.<\/p>\n<p>Mit 85 Prozent der Befragten will die Mehrheit der Gr\u00f6nl\u00e4nder D\u00e4nemark weder verlassen noch Teil der USA werden, w\u00e4hrend 6 Prozent Teil der Vereinigten Staaten werden wollen; die restlichen 9 Prozent sind unentschlossen. Dies <a rel=\"nofollow noopener\" target=\"_blank\" href=\"https:\/\/www.veriangroup.com\/da\/insights\/opinionsmalingigroenland2025\">sind<\/a> die Ergebnisse einer j\u00fcngsten Umfrage des Meinungsforschungsinstituts Verian, die von der d\u00e4nischen Zeitung <em>Berlingske <\/em>und der gr\u00f6nl\u00e4ndischen Tageszeitung <em>Sermitsiaq <\/em>in Auftrag gegeben wurde.\u00a0<\/p>\n<p><strong>Mehr zum Thema \u2013\u00a0<\/strong><a rel=\"nofollow noopener\" target=\"_blank\" href=\"https:\/\/freedert.online\/nordamerika\/239856-gangbarer-weg-fuer-trump-groenland\/\">Gr\u00f6nland-Wahl: F\u00fcr Trump \u00f6ffnete sich ein Weg, es einzunehmen<\/a><\/p>\n<div class=\"EmbedBlock-root EmbedBlock-externalVideo EmbedBlock-rumble\">\n<div class=\"VkEmbed\"><iframe class=\"lazyload\" data-src=\"https:\/\/rumble.com\/embed\/v6oevvm\" frameborder=\"0\" width=\"853\" height=\"480\" allowfullscreen><\/iframe><\/div>\n<\/div>\n<\/div>\n<p><br \/>\n<br \/><a href=\"https:\/\/de.rt.com\/europa\/240832-daenische-regierungschefin-an-groenlaender-ihr\/\">Source link <\/a><\/p>\n","protected":false},"excerpt":{"rendered":"<p>JD Vance&#8217; Besuch in Gr\u00f6nland ohne Einladung der Beh\u00f6rden inmitten von Donald Trumps Annexionsdrohungen sorgt in D\u00e4nemark f\u00fcr Ver\u00e4rgerung. Trotz \u00c4nderung des umstrittenen Reiseplans warnt Regierungschefin Frederiksen weiterhin vor Trumps Interesse an Gr\u00f6nland. D\u00e4nemarks Premierministerin Mette Frederiksen hat die Gr\u00f6nl\u00e4nder daf\u00fcr gelobt, dass sie angesichts der Besitzanspr\u00fcche von US-Pr\u00e4sident Donald Trump auf die d\u00e4nische Insel [&hellip;]<\/p>\n","protected":false},"author":3,"featured_media":81070,"comment_status":"open","ping_status":"open","sticky":false,"template":"","format":"standard","meta":{"_yoast_indexnow_last_ping":["1743097256"],"wp_automatic_camp":["217"],"bc2f69fce3164b1b875c6b8b395d60bc":["D\u00e4nische Regierungschefin lobt Gr\u00f6nland: &quot;Ihr habt euch von Trump nicht einsch\u00fcchtern lassen&quot;"],"original_link":["https:\/\/de.rt.com\/europa\/240832-daenische-regierungschefin-an-groenlaender-ihr\/"],"_thumbnail_id":["81070"],"jnews_social_counter_last_update":["1777183353"],"_wptgpro_p2tg_sent2tg":["a:1:{i:23737;s:19:\"2025-03-27 19:41:59\";}"]},"categories":[19,23],"tags":[38007,52947,20617,61318,44889,30073,6305,800,16511,19838,1639,50],"yoast_head":"<!-- This site is optimized with the Yoast SEO Premium plugin v22.7 (Yoast SEO v22.7) - https:\/\/yoast.com\/wordpress\/plugins\/seo\/ -->\n<title>D\u00e4nische Regierungschefin lobt Gr\u00f6nland: &quot;Ihr habt euch von Trump nicht einsch\u00fcchtern lassen&quot; - just-now.NEWS Deutschland<\/title>\n<meta name=\"robots\" content=\"index, follow, max-snippet:-1, max-image-preview:large, max-video-preview:-1\" \/>\n<link rel=\"canonical\" href=\"https:\/\/now-news.de\/de\/deutschland\/daenische-regierungschefin-lobt-groenland-ihr-habt-euch-von-trump-nicht-einschuechtern-lassen\/\" \/>\n<meta property=\"og:locale\" content=\"de_DE\" \/>\n<meta property=\"og:type\" content=\"article\" \/>\n<meta property=\"og:title\" content=\"D\u00e4nische Regierungschefin lobt Gr\u00f6nland: &quot;Ihr habt euch von Trump nicht einsch\u00fcchtern lassen&quot;\" \/>\n<meta property=\"og:description\" content=\"JD Vance&#8217; Besuch in Gr\u00f6nland ohne Einladung der Beh\u00f6rden inmitten von Donald Trumps Annexionsdrohungen sorgt in D\u00e4nemark f\u00fcr Ver\u00e4rgerung. Trotz \u00c4nderung des umstrittenen Reiseplans warnt Regierungschefin Frederiksen weiterhin vor Trumps Interesse an Gr\u00f6nland. D\u00e4nemarks Premierministerin Mette Frederiksen hat die Gr\u00f6nl\u00e4nder daf\u00fcr gelobt, dass sie angesichts der Besitzanspr\u00fcche von US-Pr\u00e4sident Donald Trump auf die d\u00e4nische Insel [&hellip;]\" \/>\n<meta property=\"og:url\" content=\"https:\/\/now-news.de\/de\/deutschland\/daenische-regierungschefin-lobt-groenland-ihr-habt-euch-von-trump-nicht-einschuechtern-lassen\/\" \/>\n<meta property=\"og:site_name\" content=\"just-now.NEWS Deutschland\" \/>\n<meta property=\"article:publisher\" content=\"https:\/\/www.facebook.com\/wirmachenauf\" \/>\n<meta property=\"article:published_time\" content=\"2025-03-27T17:04:34+00:00\" \/>\n<meta property=\"og:image\" content=\"https:\/\/now-news.de\/de\/wp-content\/uploads\/sites\/3\/2025\/03\/67e5417c48fbef4aed52b0b4.jpg\" \/>\n<meta name=\"author\" content=\"rtnews\" \/>\n<meta name=\"twitter:card\" content=\"summary_large_image\" \/>\n<meta name=\"twitter:creator\" content=\"@WirMachenAuf_de\" \/>\n<meta name=\"twitter:site\" content=\"@WirMachenAuf_de\" \/>\n<meta name=\"twitter:label1\" content=\"Verfasst von\" \/>\n\t<meta name=\"twitter:data1\" content=\"rtnews\" \/>\n\t<meta name=\"twitter:label2\" content=\"Gesch\u00e4tzte Lesezeit\" \/>\n\t<meta name=\"twitter:data2\" content=\"3\u00a0Minuten\" \/>\n<script type=\"application\/ld+json\" class=\"yoast-schema-graph\">{\"@context\":\"https:\/\/schema.org\",\"@graph\":[{\"@type\":\"Article\",\"@id\":\"https:\/\/now-news.de\/de\/deutschland\/daenische-regierungschefin-lobt-groenland-ihr-habt-euch-von-trump-nicht-einschuechtern-lassen\/#article\",\"isPartOf\":{\"@id\":\"https:\/\/now-news.de\/de\/deutschland\/daenische-regierungschefin-lobt-groenland-ihr-habt-euch-von-trump-nicht-einschuechtern-lassen\/\"},\"author\":{\"name\":\"rtnews\",\"@id\":\"https:\/\/now-news.de\/de\/#\/schema\/person\/fb534a4e865501d8b3285208df34a9b5\"},\"headline\":\"D\u00e4nische Regierungschefin lobt Gr\u00f6nland: &quot;Ihr habt euch von Trump nicht einsch\u00fcchtern lassen&quot;\",\"datePublished\":\"2025-03-27T17:04:34+00:00\",\"dateModified\":\"2025-03-27T17:04:34+00:00\",\"mainEntityOfPage\":{\"@id\":\"https:\/\/now-news.de\/de\/deutschland\/daenische-regierungschefin-lobt-groenland-ihr-habt-euch-von-trump-nicht-einschuechtern-lassen\/\"},\"wordCount\":707,\"commentCount\":0,\"publisher\":{\"@id\":\"https:\/\/now-news.de\/de\/#organization\"},\"image\":{\"@id\":\"https:\/\/now-news.de\/de\/deutschland\/daenische-regierungschefin-lobt-groenland-ihr-habt-euch-von-trump-nicht-einschuechtern-lassen\/#primaryimage\"},\"thumbnailUrl\":\"https:\/\/now-news.de\/de\/wp-content\/uploads\/sites\/3\/2025\/03\/Daenische-Regierungschefin-lobt-Groenland-quotIhr-habt-euch-von-Trump-nicht.jpg\",\"keywords\":[\"D\u00e4nische\",\"einsch\u00fcchtern\",\"euch\",\"Gr\u00f6nland\",\"habt\",\"lassenquot\",\"lobt\",\"nicht\",\"quotihr\",\"Regierungschefin\",\"trump\",\"von\"],\"articleSection\":[\"Deutschland\",\"Russland\"],\"inLanguage\":\"de\",\"potentialAction\":[{\"@type\":\"CommentAction\",\"name\":\"Comment\",\"target\":[\"https:\/\/now-news.de\/de\/deutschland\/daenische-regierungschefin-lobt-groenland-ihr-habt-euch-von-trump-nicht-einschuechtern-lassen\/#respond\"]}]},{\"@type\":\"WebPage\",\"@id\":\"https:\/\/now-news.de\/de\/deutschland\/daenische-regierungschefin-lobt-groenland-ihr-habt-euch-von-trump-nicht-einschuechtern-lassen\/\",\"url\":\"https:\/\/now-news.de\/de\/deutschland\/daenische-regierungschefin-lobt-groenland-ihr-habt-euch-von-trump-nicht-einschuechtern-lassen\/\",\"name\":\"D\u00e4nische Regierungschefin lobt Gr\u00f6nland: &quot;Ihr habt euch von Trump nicht einsch\u00fcchtern lassen&quot; - just-now.NEWS Deutschland\",\"isPartOf\":{\"@id\":\"https:\/\/now-news.de\/de\/#website\"},\"primaryImageOfPage\":{\"@id\":\"https:\/\/now-news.de\/de\/deutschland\/daenische-regierungschefin-lobt-groenland-ihr-habt-euch-von-trump-nicht-einschuechtern-lassen\/#primaryimage\"},\"image\":{\"@id\":\"https:\/\/now-news.de\/de\/deutschland\/daenische-regierungschefin-lobt-groenland-ihr-habt-euch-von-trump-nicht-einschuechtern-lassen\/#primaryimage\"},\"thumbnailUrl\":\"https:\/\/now-news.de\/de\/wp-content\/uploads\/sites\/3\/2025\/03\/Daenische-Regierungschefin-lobt-Groenland-quotIhr-habt-euch-von-Trump-nicht.jpg\",\"datePublished\":\"2025-03-27T17:04:34+00:00\",\"dateModified\":\"2025-03-27T17:04:34+00:00\",\"breadcrumb\":{\"@id\":\"https:\/\/now-news.de\/de\/deutschland\/daenische-regierungschefin-lobt-groenland-ihr-habt-euch-von-trump-nicht-einschuechtern-lassen\/#breadcrumb\"},\"inLanguage\":\"de\",\"potentialAction\":[{\"@type\":\"ReadAction\",\"target\":[\"https:\/\/now-news.de\/de\/deutschland\/daenische-regierungschefin-lobt-groenland-ihr-habt-euch-von-trump-nicht-einschuechtern-lassen\/\"]}]},{\"@type\":\"ImageObject\",\"inLanguage\":\"de\",\"@id\":\"https:\/\/now-news.de\/de\/deutschland\/daenische-regierungschefin-lobt-groenland-ihr-habt-euch-von-trump-nicht-einschuechtern-lassen\/#primaryimage\",\"url\":\"https:\/\/now-news.de\/de\/wp-content\/uploads\/sites\/3\/2025\/03\/Daenische-Regierungschefin-lobt-Groenland-quotIhr-habt-euch-von-Trump-nicht.jpg\",\"contentUrl\":\"https:\/\/now-news.de\/de\/wp-content\/uploads\/sites\/3\/2025\/03\/Daenische-Regierungschefin-lobt-Groenland-quotIhr-habt-euch-von-Trump-nicht.jpg\",\"width\":460,\"height\":259,\"caption\":\"D\u00e4nische Regierungschefin lobt Gr\u00f6nland: &quot;Ihr habt euch von Trump nicht einsch\u00fcchtern lassen&quot;\"},{\"@type\":\"BreadcrumbList\",\"@id\":\"https:\/\/now-news.de\/de\/deutschland\/daenische-regierungschefin-lobt-groenland-ihr-habt-euch-von-trump-nicht-einschuechtern-lassen\/#breadcrumb\",\"itemListElement\":[{\"@type\":\"ListItem\",\"position\":1,\"name\":\"Home\",\"item\":\"https:\/\/now-news.de\/de\/\"},{\"@type\":\"ListItem\",\"position\":2,\"name\":\"D\u00e4nische Regierungschefin lobt Gr\u00f6nland: &quot;Ihr habt euch von Trump nicht einsch\u00fcchtern lassen&quot;\"}]},{\"@type\":\"WebSite\",\"@id\":\"https:\/\/now-news.de\/de\/#website\",\"url\":\"https:\/\/now-news.de\/de\/\",\"name\":\"just-now.NEWS Deutschland\",\"description\":\"Das Portal f\u00fcr unzensierte Nachrichten aus der Welt\",\"publisher\":{\"@id\":\"https:\/\/now-news.de\/de\/#organization\"},\"potentialAction\":[{\"@type\":\"SearchAction\",\"target\":{\"@type\":\"EntryPoint\",\"urlTemplate\":\"https:\/\/now-news.de\/de\/?s={search_term_string}\"},\"query-input\":\"required name=search_term_string\"}],\"inLanguage\":\"de\"},{\"@type\":\"Organization\",\"@id\":\"https:\/\/now-news.de\/de\/#organization\",\"name\":\"Just Now News\",\"url\":\"https:\/\/now-news.de\/de\/\",\"logo\":{\"@type\":\"ImageObject\",\"inLanguage\":\"de\",\"@id\":\"https:\/\/now-news.de\/de\/#\/schema\/logo\/image\/\",\"url\":\"http:\/\/just-now.news\/de\/wp-content\/uploads\/sites\/3\/2022\/04\/logo500x500.jpg\",\"contentUrl\":\"http:\/\/just-now.news\/de\/wp-content\/uploads\/sites\/3\/2022\/04\/logo500x500.jpg\",\"width\":500,\"height\":500,\"caption\":\"Just Now News\"},\"image\":{\"@id\":\"https:\/\/now-news.de\/de\/#\/schema\/logo\/image\/\"},\"sameAs\":[\"https:\/\/www.facebook.com\/wirmachenauf\",\"https:\/\/x.com\/WirMachenAuf_de\"]},{\"@type\":\"Person\",\"@id\":\"https:\/\/now-news.de\/de\/#\/schema\/person\/fb534a4e865501d8b3285208df34a9b5\",\"name\":\"rtnews\",\"image\":{\"@type\":\"ImageObject\",\"inLanguage\":\"de\",\"@id\":\"https:\/\/now-news.de\/de\/#\/schema\/person\/image\/\",\"url\":\"https:\/\/secure.gravatar.com\/avatar\/82aafea7d8127119dd649515f56e2117?s=96&d=mm&r=g\",\"contentUrl\":\"https:\/\/secure.gravatar.com\/avatar\/82aafea7d8127119dd649515f56e2117?s=96&d=mm&r=g\",\"caption\":\"rtnews\"},\"url\":\"https:\/\/now-news.de\/de\/author\/rnews\/\"}]}<\/script>\n<!-- \/ Yoast SEO Premium plugin. -->","yoast_head_json":{"title":"D\u00e4nische Regierungschefin lobt Gr\u00f6nland: &quot;Ihr habt euch von Trump nicht einsch\u00fcchtern lassen&quot; - just-now.NEWS Deutschland","robots":{"index":"index","follow":"follow","max-snippet":"max-snippet:-1","max-image-preview":"max-image-preview:large","max-video-preview":"max-video-preview:-1"},"canonical":"https:\/\/now-news.de\/de\/deutschland\/daenische-regierungschefin-lobt-groenland-ihr-habt-euch-von-trump-nicht-einschuechtern-lassen\/","og_locale":"de_DE","og_type":"article","og_title":"D\u00e4nische Regierungschefin lobt Gr\u00f6nland: &quot;Ihr habt euch von Trump nicht einsch\u00fcchtern lassen&quot;","og_description":"JD Vance&#8217; Besuch in Gr\u00f6nland ohne Einladung der Beh\u00f6rden inmitten von Donald Trumps Annexionsdrohungen sorgt in D\u00e4nemark f\u00fcr Ver\u00e4rgerung. Trotz \u00c4nderung des umstrittenen Reiseplans warnt Regierungschefin Frederiksen weiterhin vor Trumps Interesse an Gr\u00f6nland. D\u00e4nemarks Premierministerin Mette Frederiksen hat die Gr\u00f6nl\u00e4nder daf\u00fcr gelobt, dass sie angesichts der Besitzanspr\u00fcche von US-Pr\u00e4sident Donald Trump auf die d\u00e4nische Insel [&hellip;]","og_url":"https:\/\/now-news.de\/de\/deutschland\/daenische-regierungschefin-lobt-groenland-ihr-habt-euch-von-trump-nicht-einschuechtern-lassen\/","og_site_name":"just-now.NEWS Deutschland","article_publisher":"https:\/\/www.facebook.com\/wirmachenauf","article_published_time":"2025-03-27T17:04:34+00:00","og_image":[{"url":"https:\/\/now-news.de\/de\/wp-content\/uploads\/sites\/3\/2025\/03\/67e5417c48fbef4aed52b0b4.jpg"}],"author":"rtnews","twitter_card":"summary_large_image","twitter_creator":"@WirMachenAuf_de","twitter_site":"@WirMachenAuf_de","twitter_misc":{"Verfasst von":"rtnews","Gesch\u00e4tzte Lesezeit":"3\u00a0Minuten"},"schema":{"@context":"https:\/\/schema.org","@graph":[{"@type":"Article","@id":"https:\/\/now-news.de\/de\/deutschland\/daenische-regierungschefin-lobt-groenland-ihr-habt-euch-von-trump-nicht-einschuechtern-lassen\/#article","isPartOf":{"@id":"https:\/\/now-news.de\/de\/deutschland\/daenische-regierungschefin-lobt-groenland-ihr-habt-euch-von-trump-nicht-einschuechtern-lassen\/"},"author":{"name":"rtnews","@id":"https:\/\/now-news.de\/de\/#\/schema\/person\/fb534a4e865501d8b3285208df34a9b5"},"headline":"D\u00e4nische Regierungschefin lobt Gr\u00f6nland: &quot;Ihr habt euch von Trump nicht einsch\u00fcchtern lassen&quot;","datePublished":"2025-03-27T17:04:34+00:00","dateModified":"2025-03-27T17:04:34+00:00","mainEntityOfPage":{"@id":"https:\/\/now-news.de\/de\/deutschland\/daenische-regierungschefin-lobt-groenland-ihr-habt-euch-von-trump-nicht-einschuechtern-lassen\/"},"wordCount":707,"commentCount":0,"publisher":{"@id":"https:\/\/now-news.de\/de\/#organization"},"image":{"@id":"https:\/\/now-news.de\/de\/deutschland\/daenische-regierungschefin-lobt-groenland-ihr-habt-euch-von-trump-nicht-einschuechtern-lassen\/#primaryimage"},"thumbnailUrl":"https:\/\/now-news.de\/de\/wp-content\/uploads\/sites\/3\/2025\/03\/Daenische-Regierungschefin-lobt-Groenland-quotIhr-habt-euch-von-Trump-nicht.jpg","keywords":["D\u00e4nische","einsch\u00fcchtern","euch","Gr\u00f6nland","habt","lassenquot","lobt","nicht","quotihr","Regierungschefin","trump","von"],"articleSection":["Deutschland","Russland"],"inLanguage":"de","potentialAction":[{"@type":"CommentAction","name":"Comment","target":["https:\/\/now-news.de\/de\/deutschland\/daenische-regierungschefin-lobt-groenland-ihr-habt-euch-von-trump-nicht-einschuechtern-lassen\/#respond"]}]},{"@type":"WebPage","@id":"https:\/\/now-news.de\/de\/deutschland\/daenische-regierungschefin-lobt-groenland-ihr-habt-euch-von-trump-nicht-einschuechtern-lassen\/","url":"https:\/\/now-news.de\/de\/deutschland\/daenische-regierungschefin-lobt-groenland-ihr-habt-euch-von-trump-nicht-einschuechtern-lassen\/","name":"D\u00e4nische Regierungschefin lobt Gr\u00f6nland: &quot;Ihr habt euch von Trump nicht einsch\u00fcchtern lassen&quot; - just-now.NEWS Deutschland","isPartOf":{"@id":"https:\/\/now-news.de\/de\/#website"},"primaryImageOfPage":{"@id":"https:\/\/now-news.de\/de\/deutschland\/daenische-regierungschefin-lobt-groenland-ihr-habt-euch-von-trump-nicht-einschuechtern-lassen\/#primaryimage"},"image":{"@id":"https:\/\/now-news.de\/de\/deutschland\/daenische-regierungschefin-lobt-groenland-ihr-habt-euch-von-trump-nicht-einschuechtern-lassen\/#primaryimage"},"thumbnailUrl":"https:\/\/now-news.de\/de\/wp-content\/uploads\/sites\/3\/2025\/03\/Daenische-Regierungschefin-lobt-Groenland-quotIhr-habt-euch-von-Trump-nicht.jpg","datePublished":"2025-03-27T17:04:34+00:00","dateModified":"2025-03-27T17:04:34+00:00","breadcrumb":{"@id":"https:\/\/now-news.de\/de\/deutschland\/daenische-regierungschefin-lobt-groenland-ihr-habt-euch-von-trump-nicht-einschuechtern-lassen\/#breadcrumb"},"inLanguage":"de","potentialAction":[{"@type":"ReadAction","target":["https:\/\/now-news.de\/de\/deutschland\/daenische-regierungschefin-lobt-groenland-ihr-habt-euch-von-trump-nicht-einschuechtern-lassen\/"]}]},{"@type":"ImageObject","inLanguage":"de","@id":"https:\/\/now-news.de\/de\/deutschland\/daenische-regierungschefin-lobt-groenland-ihr-habt-euch-von-trump-nicht-einschuechtern-lassen\/#primaryimage","url":"https:\/\/now-news.de\/de\/wp-content\/uploads\/sites\/3\/2025\/03\/Daenische-Regierungschefin-lobt-Groenland-quotIhr-habt-euch-von-Trump-nicht.jpg","contentUrl":"https:\/\/now-news.de\/de\/wp-content\/uploads\/sites\/3\/2025\/03\/Daenische-Regierungschefin-lobt-Groenland-quotIhr-habt-euch-von-Trump-nicht.jpg","width":460,"height":259,"caption":"D\u00e4nische Regierungschefin lobt Gr\u00f6nland: &quot;Ihr habt euch von Trump nicht einsch\u00fcchtern lassen&quot;"},{"@type":"BreadcrumbList","@id":"https:\/\/now-news.de\/de\/deutschland\/daenische-regierungschefin-lobt-groenland-ihr-habt-euch-von-trump-nicht-einschuechtern-lassen\/#breadcrumb","itemListElement":[{"@type":"ListItem","position":1,"name":"Home","item":"https:\/\/now-news.de\/de\/"},{"@type":"ListItem","position":2,"name":"D\u00e4nische Regierungschefin lobt Gr\u00f6nland: &quot;Ihr habt euch von Trump nicht einsch\u00fcchtern lassen&quot;"}]},{"@type":"WebSite","@id":"https:\/\/now-news.de\/de\/#website","url":"https:\/\/now-news.de\/de\/","name":"just-now.NEWS Deutschland","description":"Das Portal f\u00fcr unzensierte Nachrichten aus der Welt","publisher":{"@id":"https:\/\/now-news.de\/de\/#organization"},"potentialAction":[{"@type":"SearchAction","target":{"@type":"EntryPoint","urlTemplate":"https:\/\/now-news.de\/de\/?s={search_term_string}"},"query-input":"required name=search_term_string"}],"inLanguage":"de"},{"@type":"Organization","@id":"https:\/\/now-news.de\/de\/#organization","name":"Just Now News","url":"https:\/\/now-news.de\/de\/","logo":{"@type":"ImageObject","inLanguage":"de","@id":"https:\/\/now-news.de\/de\/#\/schema\/logo\/image\/","url":"http:\/\/just-now.news\/de\/wp-content\/uploads\/sites\/3\/2022\/04\/logo500x500.jpg","contentUrl":"http:\/\/just-now.news\/de\/wp-content\/uploads\/sites\/3\/2022\/04\/logo500x500.jpg","width":500,"height":500,"caption":"Just Now News"},"image":{"@id":"https:\/\/now-news.de\/de\/#\/schema\/logo\/image\/"},"sameAs":["https:\/\/www.facebook.com\/wirmachenauf","https:\/\/x.com\/WirMachenAuf_de"]},{"@type":"Person","@id":"https:\/\/now-news.de\/de\/#\/schema\/person\/fb534a4e865501d8b3285208df34a9b5","name":"rtnews","image":{"@type":"ImageObject","inLanguage":"de","@id":"https:\/\/now-news.de\/de\/#\/schema\/person\/image\/","url":"https:\/\/secure.gravatar.com\/avatar\/82aafea7d8127119dd649515f56e2117?s=96&d=mm&r=g","contentUrl":"https:\/\/secure.gravatar.com\/avatar\/82aafea7d8127119dd649515f56e2117?s=96&d=mm&r=g","caption":"rtnews"},"url":"https:\/\/now-news.de\/de\/author\/rnews\/"}]}},"_links":{"self":[{"href":"https:\/\/now-news.de\/de\/wp-json\/wp\/v2\/posts\/81069"}],"collection":[{"href":"https:\/\/now-news.de\/de\/wp-json\/wp\/v2\/posts"}],"about":[{"href":"https:\/\/now-news.de\/de\/wp-json\/wp\/v2\/types\/post"}],"author":[{"embeddable":true,"href":"https:\/\/now-news.de\/de\/wp-json\/wp\/v2\/users\/3"}],"replies":[{"embeddable":true,"href":"https:\/\/now-news.de\/de\/wp-json\/wp\/v2\/comments?post=81069"}],"version-history":[{"count":0,"href":"https:\/\/now-news.de\/de\/wp-json\/wp\/v2\/posts\/81069\/revisions"}],"wp:featuredmedia":[{"embeddable":true,"href":"https:\/\/now-news.de\/de\/wp-json\/wp\/v2\/media\/81070"}],"wp:attachment":[{"href":"https:\/\/now-news.de\/de\/wp-json\/wp\/v2\/media?parent=81069"}],"wp:term":[{"taxonomy":"category","embeddable":true,"href":"https:\/\/now-news.de\/de\/wp-json\/wp\/v2\/categories?post=81069"},{"taxonomy":"post_tag","embeddable":true,"href":"https:\/\/now-news.de\/de\/wp-json\/wp\/v2\/tags?post=81069"}],"curies":[{"name":"wp","href":"https:\/\/api.w.org\/{rel}","templated":true}]}}