{"id":81063,"date":"2025-03-27T17:58:13","date_gmt":"2025-03-27T15:58:13","guid":{"rendered":"https:\/\/now-news.de\/de\/deutschland\/groesster-wirtschaftsrueckgang-seit-jahren-oesterreichs-wirtschaft-schwaechelt-weiter\/"},"modified":"2025-03-27T17:58:13","modified_gmt":"2025-03-27T15:58:13","slug":"groesster-wirtschaftsrueckgang-seit-jahren-oesterreichs-wirtschaft-schwaechelt-weiter","status":"publish","type":"post","link":"https:\/\/now-news.de\/de\/deutschland\/groesster-wirtschaftsrueckgang-seit-jahren-oesterreichs-wirtschaft-schwaechelt-weiter\/","title":{"rendered":"Gr\u00f6\u00dfter Wirtschaftsr\u00fcckgang seit Jahren: \u00d6sterreichs Wirtschaft schw\u00e4chelt weiter"},"content":{"rendered":"<p><img decoding=\"async\" src=\"https:\/\/now-news.de\/de\/wp-content\/uploads\/sites\/3\/2025\/03\/67e51a9548fbef4aed52b082.jpg\" \/><\/p>\n<div class=\"Text-root Text-type_1 \">\n                \u00d6sterreichs Wirtschaft leidet unter einem R\u00fcckgang der Wirtschaftsleistung von 0,3 Prozent, das Budgetdefizit bleibt \u00fcber der Maastricht-Grenze. Die Industrie verliert 3 Prozent an Wertsch\u00f6pfung, und die Zinslast \u00fcbersteigt das Sparpaket. Trotz Einsparungen bleibt die Haushaltslage unsicher.\n            <\/div>\n<p><\/p>\n<div class=\"Text-root Text-type_5 ArticleView-text ViewText-root \">\n<p data-start=\"48\" data-end=\"627\">Die aktuellen Konjunkturprognosen von Wifo und IHS lassen wenig Raum f\u00fcr Optimismus. \u00d6sterreichs Wirtschaft steht vor einem weiteren R\u00fcckgang der Wirtschaftsleistung von 0,3 Prozent im Jahr 2025.<\/p>\n<p data-start=\"48\" data-end=\"627\">Trotz eines Sparpakets wird das gesamtstaatliche Budgetdefizit voraussichtlich bei 3,3 Prozent des Bruttoinlandsprodukts (BIP) liegen, was erneut \u00fcber der Maastricht-Grenze von 3 Prozent liegt. Auch f\u00fcr das Jahr 2026 rechnen die Wirtschaftsforschungsinstitute mit einem Defizit von etwa 3,5 Prozent. Dies bedeutet, dass \u00d6sterreich\u00a0aller Voraussicht nach in den n\u00e4chsten Jahren gegen die EU-Schuldenregeln verst\u00f6\u00dft.<\/p>\n<p data-start=\"629\" data-end=\"973\">Im vergangenen Jahr betrug das Defizit etwa 4 Prozent, und auch in naher Zukunft wird mit einem weiteren Anstieg gerechnet, bevor die offiziellen Zahlen von Statistik Austria ver\u00f6ffentlicht werden. Dabei tr\u00e4gt insbesondere die Haushaltskonsolidierung der neuen Bundesregierung zur Konjunkturschw\u00e4che bei, die das Wirtschaftswachstum um 0,3 Prozentpunkte d\u00e4mpft.<\/p>\n<p data-start=\"975\" data-end=\"1345\">Die industrielle Produktion in \u00d6sterreich wird weiterhin unter Druck stehen: Ein R\u00fcckgang von 3 Prozent wird f\u00fcr 2025 prognostiziert. Dies trifft die Wirtschaft besonders hart, da die Industrie eine zentrale Rolle in der \u00f6sterreichischen Volkswirtschaft spielt. Gleichzeitig wird auch die Bev\u00f6lkerung in \u00d6sterreich weiter wachsen, was zu einem R\u00fcckgang des BIP pro Kopf f\u00fchrt.<\/p>\n<p data-start=\"1347\" data-end=\"1617\">Zus\u00e4tzlich zur wirtschaftlichen Schw\u00e4che w\u00e4chst der Zinsendienst, der in diesem Jahr bereits 7,6 Milliarden Euro verschlingen wird und bis 2026 auf 8,5 Milliarden Euro ansteigt. Damit \u00fcbersteigt der Zinsaufwand die geplanten Einsparungen aus dem Sparpaket der Regierung.<\/p>\n<p data-start=\"1619\" data-end=\"2140\">Die Steuereinnahmen bleiben aufgrund der schw\u00e4chelnden Konjunktur hinter den Erwartungen zur\u00fcck, was die angestrebte Haushaltskonsolidierung zus\u00e4tzlich erschwert. Die Regierung hat sich auf ein Sparpaket von mehr als 6,3 Milliarden Euro f\u00fcr 2025 und 8,7 Milliarden Euro f\u00fcr 2026 geeinigt. Dennoch bleibt unklar, ob das angestrebte Defizitverfahren der EU abgewendet werden kann, da die Wirtschaft weiter stagniert und die \u00f6ffentlichen Ausgaben, insbesondere im Bereich der Pensions- und Gesundheitskosten, weiter wachsen.<\/p>\n<p data-start=\"2142\" data-end=\"2509\">Die wirtschaftliche und haushaltspolitische Lage in \u00d6sterreich bleibt angespannt, mit einer wirtschaftlichen Erholung, die fr\u00fchestens Mitte 2025 erwartet wird \u2013 wenn \u00fcberhaupt. Hinzu kommt die Unsicherheit durch die drohende Handelspolitik von Trump und die Abkehr von g\u00fcnstigem russischen Gas, Faktoren, die die Situation noch schwerer kalkulierbar machen. Es ist jedoch zu erwarten, dass die wirtschaftliche Stabilit\u00e4t weiterhin auf der Kippe steht. Die Unsicherheit hinsichtlich der k\u00fcnftigen Entwicklung der \u00f6ffentlichen Haushalte bleibt gro\u00df, da die steigenden Zinsausgaben und der anhaltende wirtschaftliche R\u00fcckgang weiterhin sp\u00fcrbare Auswirkungen auf die Haushaltslage haben.<\/p>\n<p data-start=\"2142\" data-end=\"2509\"><strong>Mehr zum Thema<\/strong>\u00a0\u2013\u00a0<a rel=\"nofollow noopener\" target=\"_blank\" href=\"https:\/\/freedert.online\/oesterreich\/239242-auswirkungen-ramadan-auf-schulen-fpoe\/\">Auswirkungen des Ramadan auf Schulen: FP\u00d6 kritisiert Migrationspolitik<\/a><\/p>\n<div class=\"EmbedBlock-root EmbedBlock-externalVideo EmbedBlock-rumble\">\n<div class=\"VkEmbed\"><iframe class=\"lazyload\" data-src=\"https:\/\/rumble.com\/embed\/v6odm30\" frameborder=\"0\" width=\"853\" height=\"480\" allowfullscreen><\/iframe><\/div>\n<\/div>\n<\/div>\n<p><br \/>\n<br \/><a href=\"https:\/\/de.rt.com\/oesterreich\/240814-groesstes-wirtschaftsrueckgang-seit-jahren-oesterreichs\/\">Source link <\/a><\/p>\n","protected":false},"excerpt":{"rendered":"<p>\u00d6sterreichs Wirtschaft leidet unter einem R\u00fcckgang der Wirtschaftsleistung von 0,3 Prozent, das Budgetdefizit bleibt \u00fcber der Maastricht-Grenze. Die Industrie verliert 3 Prozent an Wertsch\u00f6pfung, und die Zinslast \u00fcbersteigt das Sparpaket. Trotz Einsparungen bleibt die Haushaltslage unsicher. Die aktuellen Konjunkturprognosen von Wifo und IHS lassen wenig Raum f\u00fcr Optimismus. \u00d6sterreichs Wirtschaft steht vor einem weiteren R\u00fcckgang [&hellip;]<\/p>\n","protected":false},"author":3,"featured_media":81064,"comment_status":"open","ping_status":"open","sticky":false,"template":"","format":"standard","meta":{"_yoast_indexnow_last_ping":["1743094380"],"wp_automatic_camp":["217"],"469dd05412db3358066c3b329765375e":["Gr\u00f6\u00dfter Wirtschaftsr\u00fcckgang seit Jahren: \u00d6sterreichs Wirtschaft schw\u00e4chelt weiter"],"original_link":["https:\/\/de.rt.com\/oesterreich\/240814-groesstes-wirtschaftsrueckgang-seit-jahren-oesterreichs\/"],"_thumbnail_id":["81064"],"_wptgpro_p2tg_sent2tg":["a:1:{i:23737;s:19:\"2025-03-27 18:53:58\";}"],"jnews_social_counter_last_update":["1777592910"]},"categories":[19,23],"tags":[22417,1728,8354,29557,1829,601,291,35711],"yoast_head":"<!-- This site is optimized with the Yoast SEO Premium plugin v22.7 (Yoast SEO v22.7) - https:\/\/yoast.com\/wordpress\/plugins\/seo\/ -->\n<title>Gr\u00f6\u00dfter Wirtschaftsr\u00fcckgang seit Jahren: \u00d6sterreichs Wirtschaft schw\u00e4chelt weiter - just-now.NEWS Deutschland<\/title>\n<meta name=\"robots\" content=\"index, follow, max-snippet:-1, max-image-preview:large, max-video-preview:-1\" \/>\n<link rel=\"canonical\" href=\"https:\/\/now-news.de\/de\/deutschland\/groesster-wirtschaftsrueckgang-seit-jahren-oesterreichs-wirtschaft-schwaechelt-weiter\/\" \/>\n<meta property=\"og:locale\" content=\"de_DE\" \/>\n<meta property=\"og:type\" content=\"article\" \/>\n<meta property=\"og:title\" content=\"Gr\u00f6\u00dfter Wirtschaftsr\u00fcckgang seit Jahren: \u00d6sterreichs Wirtschaft schw\u00e4chelt weiter\" \/>\n<meta property=\"og:description\" content=\"\u00d6sterreichs Wirtschaft leidet unter einem R\u00fcckgang der Wirtschaftsleistung von 0,3 Prozent, das Budgetdefizit bleibt \u00fcber der Maastricht-Grenze. Die Industrie verliert 3 Prozent an Wertsch\u00f6pfung, und die Zinslast \u00fcbersteigt das Sparpaket. Trotz Einsparungen bleibt die Haushaltslage unsicher. Die aktuellen Konjunkturprognosen von Wifo und IHS lassen wenig Raum f\u00fcr Optimismus. \u00d6sterreichs Wirtschaft steht vor einem weiteren R\u00fcckgang [&hellip;]\" \/>\n<meta property=\"og:url\" content=\"https:\/\/now-news.de\/de\/deutschland\/groesster-wirtschaftsrueckgang-seit-jahren-oesterreichs-wirtschaft-schwaechelt-weiter\/\" \/>\n<meta property=\"og:site_name\" content=\"just-now.NEWS Deutschland\" \/>\n<meta property=\"article:publisher\" content=\"https:\/\/www.facebook.com\/wirmachenauf\" \/>\n<meta property=\"article:published_time\" content=\"2025-03-27T15:58:13+00:00\" \/>\n<meta property=\"og:image\" content=\"https:\/\/now-news.de\/de\/wp-content\/uploads\/sites\/3\/2025\/03\/67e51a9548fbef4aed52b082.jpg\" \/>\n<meta name=\"author\" content=\"rtnews\" \/>\n<meta name=\"twitter:card\" content=\"summary_large_image\" \/>\n<meta name=\"twitter:creator\" content=\"@WirMachenAuf_de\" \/>\n<meta name=\"twitter:site\" content=\"@WirMachenAuf_de\" \/>\n<meta name=\"twitter:label1\" content=\"Verfasst von\" \/>\n\t<meta name=\"twitter:data1\" content=\"rtnews\" \/>\n\t<meta name=\"twitter:label2\" content=\"Gesch\u00e4tzte Lesezeit\" \/>\n\t<meta name=\"twitter:data2\" content=\"2\u00a0Minuten\" \/>\n<script type=\"application\/ld+json\" class=\"yoast-schema-graph\">{\"@context\":\"https:\/\/schema.org\",\"@graph\":[{\"@type\":\"Article\",\"@id\":\"https:\/\/now-news.de\/de\/deutschland\/groesster-wirtschaftsrueckgang-seit-jahren-oesterreichs-wirtschaft-schwaechelt-weiter\/#article\",\"isPartOf\":{\"@id\":\"https:\/\/now-news.de\/de\/deutschland\/groesster-wirtschaftsrueckgang-seit-jahren-oesterreichs-wirtschaft-schwaechelt-weiter\/\"},\"author\":{\"name\":\"rtnews\",\"@id\":\"https:\/\/now-news.de\/de\/#\/schema\/person\/fb534a4e865501d8b3285208df34a9b5\"},\"headline\":\"Gr\u00f6\u00dfter Wirtschaftsr\u00fcckgang seit Jahren: \u00d6sterreichs Wirtschaft schw\u00e4chelt weiter\",\"datePublished\":\"2025-03-27T15:58:13+00:00\",\"dateModified\":\"2025-03-27T15:58:13+00:00\",\"mainEntityOfPage\":{\"@id\":\"https:\/\/now-news.de\/de\/deutschland\/groesster-wirtschaftsrueckgang-seit-jahren-oesterreichs-wirtschaft-schwaechelt-weiter\/\"},\"wordCount\":446,\"commentCount\":0,\"publisher\":{\"@id\":\"https:\/\/now-news.de\/de\/#organization\"},\"image\":{\"@id\":\"https:\/\/now-news.de\/de\/deutschland\/groesster-wirtschaftsrueckgang-seit-jahren-oesterreichs-wirtschaft-schwaechelt-weiter\/#primaryimage\"},\"thumbnailUrl\":\"https:\/\/now-news.de\/de\/wp-content\/uploads\/sites\/3\/2025\/03\/Groesster-Wirtschaftsrueckgang-seit-Jahren-Oesterreichs-Wirtschaft-schwaechelt-weiter.jpg\",\"keywords\":[\"Gr\u00f6\u00dfter\",\"Jahren\",\"\u00d6sterreichs\",\"schw\u00e4chelt\",\"seit\",\"weiter\",\"wirtschaft\",\"Wirtschaftsr\u00fcckgang\"],\"articleSection\":[\"Deutschland\",\"Russland\"],\"inLanguage\":\"de\",\"potentialAction\":[{\"@type\":\"CommentAction\",\"name\":\"Comment\",\"target\":[\"https:\/\/now-news.de\/de\/deutschland\/groesster-wirtschaftsrueckgang-seit-jahren-oesterreichs-wirtschaft-schwaechelt-weiter\/#respond\"]}]},{\"@type\":\"WebPage\",\"@id\":\"https:\/\/now-news.de\/de\/deutschland\/groesster-wirtschaftsrueckgang-seit-jahren-oesterreichs-wirtschaft-schwaechelt-weiter\/\",\"url\":\"https:\/\/now-news.de\/de\/deutschland\/groesster-wirtschaftsrueckgang-seit-jahren-oesterreichs-wirtschaft-schwaechelt-weiter\/\",\"name\":\"Gr\u00f6\u00dfter Wirtschaftsr\u00fcckgang seit Jahren: \u00d6sterreichs Wirtschaft schw\u00e4chelt weiter - just-now.NEWS Deutschland\",\"isPartOf\":{\"@id\":\"https:\/\/now-news.de\/de\/#website\"},\"primaryImageOfPage\":{\"@id\":\"https:\/\/now-news.de\/de\/deutschland\/groesster-wirtschaftsrueckgang-seit-jahren-oesterreichs-wirtschaft-schwaechelt-weiter\/#primaryimage\"},\"image\":{\"@id\":\"https:\/\/now-news.de\/de\/deutschland\/groesster-wirtschaftsrueckgang-seit-jahren-oesterreichs-wirtschaft-schwaechelt-weiter\/#primaryimage\"},\"thumbnailUrl\":\"https:\/\/now-news.de\/de\/wp-content\/uploads\/sites\/3\/2025\/03\/Groesster-Wirtschaftsrueckgang-seit-Jahren-Oesterreichs-Wirtschaft-schwaechelt-weiter.jpg\",\"datePublished\":\"2025-03-27T15:58:13+00:00\",\"dateModified\":\"2025-03-27T15:58:13+00:00\",\"breadcrumb\":{\"@id\":\"https:\/\/now-news.de\/de\/deutschland\/groesster-wirtschaftsrueckgang-seit-jahren-oesterreichs-wirtschaft-schwaechelt-weiter\/#breadcrumb\"},\"inLanguage\":\"de\",\"potentialAction\":[{\"@type\":\"ReadAction\",\"target\":[\"https:\/\/now-news.de\/de\/deutschland\/groesster-wirtschaftsrueckgang-seit-jahren-oesterreichs-wirtschaft-schwaechelt-weiter\/\"]}]},{\"@type\":\"ImageObject\",\"inLanguage\":\"de\",\"@id\":\"https:\/\/now-news.de\/de\/deutschland\/groesster-wirtschaftsrueckgang-seit-jahren-oesterreichs-wirtschaft-schwaechelt-weiter\/#primaryimage\",\"url\":\"https:\/\/now-news.de\/de\/wp-content\/uploads\/sites\/3\/2025\/03\/Groesster-Wirtschaftsrueckgang-seit-Jahren-Oesterreichs-Wirtschaft-schwaechelt-weiter.jpg\",\"contentUrl\":\"https:\/\/now-news.de\/de\/wp-content\/uploads\/sites\/3\/2025\/03\/Groesster-Wirtschaftsrueckgang-seit-Jahren-Oesterreichs-Wirtschaft-schwaechelt-weiter.jpg\",\"width\":460,\"height\":259,\"caption\":\"Gr\u00f6\u00dfter Wirtschaftsr\u00fcckgang seit Jahren: \u00d6sterreichs Wirtschaft schw\u00e4chelt weiter\"},{\"@type\":\"BreadcrumbList\",\"@id\":\"https:\/\/now-news.de\/de\/deutschland\/groesster-wirtschaftsrueckgang-seit-jahren-oesterreichs-wirtschaft-schwaechelt-weiter\/#breadcrumb\",\"itemListElement\":[{\"@type\":\"ListItem\",\"position\":1,\"name\":\"Home\",\"item\":\"https:\/\/now-news.de\/de\/\"},{\"@type\":\"ListItem\",\"position\":2,\"name\":\"Gr\u00f6\u00dfter Wirtschaftsr\u00fcckgang seit Jahren: \u00d6sterreichs Wirtschaft schw\u00e4chelt weiter\"}]},{\"@type\":\"WebSite\",\"@id\":\"https:\/\/now-news.de\/de\/#website\",\"url\":\"https:\/\/now-news.de\/de\/\",\"name\":\"just-now.NEWS Deutschland\",\"description\":\"Das Portal f\u00fcr unzensierte Nachrichten aus der Welt\",\"publisher\":{\"@id\":\"https:\/\/now-news.de\/de\/#organization\"},\"potentialAction\":[{\"@type\":\"SearchAction\",\"target\":{\"@type\":\"EntryPoint\",\"urlTemplate\":\"https:\/\/now-news.de\/de\/?s={search_term_string}\"},\"query-input\":\"required name=search_term_string\"}],\"inLanguage\":\"de\"},{\"@type\":\"Organization\",\"@id\":\"https:\/\/now-news.de\/de\/#organization\",\"name\":\"Just Now News\",\"url\":\"https:\/\/now-news.de\/de\/\",\"logo\":{\"@type\":\"ImageObject\",\"inLanguage\":\"de\",\"@id\":\"https:\/\/now-news.de\/de\/#\/schema\/logo\/image\/\",\"url\":\"http:\/\/just-now.news\/de\/wp-content\/uploads\/sites\/3\/2022\/04\/logo500x500.jpg\",\"contentUrl\":\"http:\/\/just-now.news\/de\/wp-content\/uploads\/sites\/3\/2022\/04\/logo500x500.jpg\",\"width\":500,\"height\":500,\"caption\":\"Just Now News\"},\"image\":{\"@id\":\"https:\/\/now-news.de\/de\/#\/schema\/logo\/image\/\"},\"sameAs\":[\"https:\/\/www.facebook.com\/wirmachenauf\",\"https:\/\/x.com\/WirMachenAuf_de\"]},{\"@type\":\"Person\",\"@id\":\"https:\/\/now-news.de\/de\/#\/schema\/person\/fb534a4e865501d8b3285208df34a9b5\",\"name\":\"rtnews\",\"image\":{\"@type\":\"ImageObject\",\"inLanguage\":\"de\",\"@id\":\"https:\/\/now-news.de\/de\/#\/schema\/person\/image\/\",\"url\":\"https:\/\/secure.gravatar.com\/avatar\/82aafea7d8127119dd649515f56e2117?s=96&d=mm&r=g\",\"contentUrl\":\"https:\/\/secure.gravatar.com\/avatar\/82aafea7d8127119dd649515f56e2117?s=96&d=mm&r=g\",\"caption\":\"rtnews\"},\"url\":\"https:\/\/now-news.de\/de\/author\/rnews\/\"}]}<\/script>\n<!-- \/ Yoast SEO Premium plugin. -->","yoast_head_json":{"title":"Gr\u00f6\u00dfter Wirtschaftsr\u00fcckgang seit Jahren: \u00d6sterreichs Wirtschaft schw\u00e4chelt weiter - just-now.NEWS Deutschland","robots":{"index":"index","follow":"follow","max-snippet":"max-snippet:-1","max-image-preview":"max-image-preview:large","max-video-preview":"max-video-preview:-1"},"canonical":"https:\/\/now-news.de\/de\/deutschland\/groesster-wirtschaftsrueckgang-seit-jahren-oesterreichs-wirtschaft-schwaechelt-weiter\/","og_locale":"de_DE","og_type":"article","og_title":"Gr\u00f6\u00dfter Wirtschaftsr\u00fcckgang seit Jahren: \u00d6sterreichs Wirtschaft schw\u00e4chelt weiter","og_description":"\u00d6sterreichs Wirtschaft leidet unter einem R\u00fcckgang der Wirtschaftsleistung von 0,3 Prozent, das Budgetdefizit bleibt \u00fcber der Maastricht-Grenze. Die Industrie verliert 3 Prozent an Wertsch\u00f6pfung, und die Zinslast \u00fcbersteigt das Sparpaket. Trotz Einsparungen bleibt die Haushaltslage unsicher. Die aktuellen Konjunkturprognosen von Wifo und IHS lassen wenig Raum f\u00fcr Optimismus. \u00d6sterreichs Wirtschaft steht vor einem weiteren R\u00fcckgang [&hellip;]","og_url":"https:\/\/now-news.de\/de\/deutschland\/groesster-wirtschaftsrueckgang-seit-jahren-oesterreichs-wirtschaft-schwaechelt-weiter\/","og_site_name":"just-now.NEWS Deutschland","article_publisher":"https:\/\/www.facebook.com\/wirmachenauf","article_published_time":"2025-03-27T15:58:13+00:00","og_image":[{"url":"https:\/\/now-news.de\/de\/wp-content\/uploads\/sites\/3\/2025\/03\/67e51a9548fbef4aed52b082.jpg"}],"author":"rtnews","twitter_card":"summary_large_image","twitter_creator":"@WirMachenAuf_de","twitter_site":"@WirMachenAuf_de","twitter_misc":{"Verfasst von":"rtnews","Gesch\u00e4tzte Lesezeit":"2\u00a0Minuten"},"schema":{"@context":"https:\/\/schema.org","@graph":[{"@type":"Article","@id":"https:\/\/now-news.de\/de\/deutschland\/groesster-wirtschaftsrueckgang-seit-jahren-oesterreichs-wirtschaft-schwaechelt-weiter\/#article","isPartOf":{"@id":"https:\/\/now-news.de\/de\/deutschland\/groesster-wirtschaftsrueckgang-seit-jahren-oesterreichs-wirtschaft-schwaechelt-weiter\/"},"author":{"name":"rtnews","@id":"https:\/\/now-news.de\/de\/#\/schema\/person\/fb534a4e865501d8b3285208df34a9b5"},"headline":"Gr\u00f6\u00dfter Wirtschaftsr\u00fcckgang seit Jahren: \u00d6sterreichs Wirtschaft schw\u00e4chelt weiter","datePublished":"2025-03-27T15:58:13+00:00","dateModified":"2025-03-27T15:58:13+00:00","mainEntityOfPage":{"@id":"https:\/\/now-news.de\/de\/deutschland\/groesster-wirtschaftsrueckgang-seit-jahren-oesterreichs-wirtschaft-schwaechelt-weiter\/"},"wordCount":446,"commentCount":0,"publisher":{"@id":"https:\/\/now-news.de\/de\/#organization"},"image":{"@id":"https:\/\/now-news.de\/de\/deutschland\/groesster-wirtschaftsrueckgang-seit-jahren-oesterreichs-wirtschaft-schwaechelt-weiter\/#primaryimage"},"thumbnailUrl":"https:\/\/now-news.de\/de\/wp-content\/uploads\/sites\/3\/2025\/03\/Groesster-Wirtschaftsrueckgang-seit-Jahren-Oesterreichs-Wirtschaft-schwaechelt-weiter.jpg","keywords":["Gr\u00f6\u00dfter","Jahren","\u00d6sterreichs","schw\u00e4chelt","seit","weiter","wirtschaft","Wirtschaftsr\u00fcckgang"],"articleSection":["Deutschland","Russland"],"inLanguage":"de","potentialAction":[{"@type":"CommentAction","name":"Comment","target":["https:\/\/now-news.de\/de\/deutschland\/groesster-wirtschaftsrueckgang-seit-jahren-oesterreichs-wirtschaft-schwaechelt-weiter\/#respond"]}]},{"@type":"WebPage","@id":"https:\/\/now-news.de\/de\/deutschland\/groesster-wirtschaftsrueckgang-seit-jahren-oesterreichs-wirtschaft-schwaechelt-weiter\/","url":"https:\/\/now-news.de\/de\/deutschland\/groesster-wirtschaftsrueckgang-seit-jahren-oesterreichs-wirtschaft-schwaechelt-weiter\/","name":"Gr\u00f6\u00dfter Wirtschaftsr\u00fcckgang seit Jahren: \u00d6sterreichs Wirtschaft schw\u00e4chelt weiter - just-now.NEWS Deutschland","isPartOf":{"@id":"https:\/\/now-news.de\/de\/#website"},"primaryImageOfPage":{"@id":"https:\/\/now-news.de\/de\/deutschland\/groesster-wirtschaftsrueckgang-seit-jahren-oesterreichs-wirtschaft-schwaechelt-weiter\/#primaryimage"},"image":{"@id":"https:\/\/now-news.de\/de\/deutschland\/groesster-wirtschaftsrueckgang-seit-jahren-oesterreichs-wirtschaft-schwaechelt-weiter\/#primaryimage"},"thumbnailUrl":"https:\/\/now-news.de\/de\/wp-content\/uploads\/sites\/3\/2025\/03\/Groesster-Wirtschaftsrueckgang-seit-Jahren-Oesterreichs-Wirtschaft-schwaechelt-weiter.jpg","datePublished":"2025-03-27T15:58:13+00:00","dateModified":"2025-03-27T15:58:13+00:00","breadcrumb":{"@id":"https:\/\/now-news.de\/de\/deutschland\/groesster-wirtschaftsrueckgang-seit-jahren-oesterreichs-wirtschaft-schwaechelt-weiter\/#breadcrumb"},"inLanguage":"de","potentialAction":[{"@type":"ReadAction","target":["https:\/\/now-news.de\/de\/deutschland\/groesster-wirtschaftsrueckgang-seit-jahren-oesterreichs-wirtschaft-schwaechelt-weiter\/"]}]},{"@type":"ImageObject","inLanguage":"de","@id":"https:\/\/now-news.de\/de\/deutschland\/groesster-wirtschaftsrueckgang-seit-jahren-oesterreichs-wirtschaft-schwaechelt-weiter\/#primaryimage","url":"https:\/\/now-news.de\/de\/wp-content\/uploads\/sites\/3\/2025\/03\/Groesster-Wirtschaftsrueckgang-seit-Jahren-Oesterreichs-Wirtschaft-schwaechelt-weiter.jpg","contentUrl":"https:\/\/now-news.de\/de\/wp-content\/uploads\/sites\/3\/2025\/03\/Groesster-Wirtschaftsrueckgang-seit-Jahren-Oesterreichs-Wirtschaft-schwaechelt-weiter.jpg","width":460,"height":259,"caption":"Gr\u00f6\u00dfter Wirtschaftsr\u00fcckgang seit Jahren: \u00d6sterreichs Wirtschaft schw\u00e4chelt weiter"},{"@type":"BreadcrumbList","@id":"https:\/\/now-news.de\/de\/deutschland\/groesster-wirtschaftsrueckgang-seit-jahren-oesterreichs-wirtschaft-schwaechelt-weiter\/#breadcrumb","itemListElement":[{"@type":"ListItem","position":1,"name":"Home","item":"https:\/\/now-news.de\/de\/"},{"@type":"ListItem","position":2,"name":"Gr\u00f6\u00dfter Wirtschaftsr\u00fcckgang seit Jahren: \u00d6sterreichs Wirtschaft schw\u00e4chelt weiter"}]},{"@type":"WebSite","@id":"https:\/\/now-news.de\/de\/#website","url":"https:\/\/now-news.de\/de\/","name":"just-now.NEWS Deutschland","description":"Das Portal f\u00fcr unzensierte Nachrichten aus der Welt","publisher":{"@id":"https:\/\/now-news.de\/de\/#organization"},"potentialAction":[{"@type":"SearchAction","target":{"@type":"EntryPoint","urlTemplate":"https:\/\/now-news.de\/de\/?s={search_term_string}"},"query-input":"required name=search_term_string"}],"inLanguage":"de"},{"@type":"Organization","@id":"https:\/\/now-news.de\/de\/#organization","name":"Just Now News","url":"https:\/\/now-news.de\/de\/","logo":{"@type":"ImageObject","inLanguage":"de","@id":"https:\/\/now-news.de\/de\/#\/schema\/logo\/image\/","url":"http:\/\/just-now.news\/de\/wp-content\/uploads\/sites\/3\/2022\/04\/logo500x500.jpg","contentUrl":"http:\/\/just-now.news\/de\/wp-content\/uploads\/sites\/3\/2022\/04\/logo500x500.jpg","width":500,"height":500,"caption":"Just Now News"},"image":{"@id":"https:\/\/now-news.de\/de\/#\/schema\/logo\/image\/"},"sameAs":["https:\/\/www.facebook.com\/wirmachenauf","https:\/\/x.com\/WirMachenAuf_de"]},{"@type":"Person","@id":"https:\/\/now-news.de\/de\/#\/schema\/person\/fb534a4e865501d8b3285208df34a9b5","name":"rtnews","image":{"@type":"ImageObject","inLanguage":"de","@id":"https:\/\/now-news.de\/de\/#\/schema\/person\/image\/","url":"https:\/\/secure.gravatar.com\/avatar\/82aafea7d8127119dd649515f56e2117?s=96&d=mm&r=g","contentUrl":"https:\/\/secure.gravatar.com\/avatar\/82aafea7d8127119dd649515f56e2117?s=96&d=mm&r=g","caption":"rtnews"},"url":"https:\/\/now-news.de\/de\/author\/rnews\/"}]}},"_links":{"self":[{"href":"https:\/\/now-news.de\/de\/wp-json\/wp\/v2\/posts\/81063"}],"collection":[{"href":"https:\/\/now-news.de\/de\/wp-json\/wp\/v2\/posts"}],"about":[{"href":"https:\/\/now-news.de\/de\/wp-json\/wp\/v2\/types\/post"}],"author":[{"embeddable":true,"href":"https:\/\/now-news.de\/de\/wp-json\/wp\/v2\/users\/3"}],"replies":[{"embeddable":true,"href":"https:\/\/now-news.de\/de\/wp-json\/wp\/v2\/comments?post=81063"}],"version-history":[{"count":0,"href":"https:\/\/now-news.de\/de\/wp-json\/wp\/v2\/posts\/81063\/revisions"}],"wp:featuredmedia":[{"embeddable":true,"href":"https:\/\/now-news.de\/de\/wp-json\/wp\/v2\/media\/81064"}],"wp:attachment":[{"href":"https:\/\/now-news.de\/de\/wp-json\/wp\/v2\/media?parent=81063"}],"wp:term":[{"taxonomy":"category","embeddable":true,"href":"https:\/\/now-news.de\/de\/wp-json\/wp\/v2\/categories?post=81063"},{"taxonomy":"post_tag","embeddable":true,"href":"https:\/\/now-news.de\/de\/wp-json\/wp\/v2\/tags?post=81063"}],"curies":[{"name":"wp","href":"https:\/\/api.w.org\/{rel}","templated":true}]}}