{"id":81034,"date":"2025-03-27T14:07:28","date_gmt":"2025-03-27T12:07:28","guid":{"rendered":"https:\/\/now-news.de\/de\/deutschland\/warschau-ruestet-auf-tusk-will-jeden-erwachsenen-polen-fuer-den-krieg\/"},"modified":"2025-03-27T14:07:28","modified_gmt":"2025-03-27T12:07:28","slug":"warschau-ruestet-auf-tusk-will-jeden-erwachsenen-polen-fuer-den-krieg","status":"publish","type":"post","link":"https:\/\/now-news.de\/de\/deutschland\/warschau-ruestet-auf-tusk-will-jeden-erwachsenen-polen-fuer-den-krieg\/","title":{"rendered":"Warschau r\u00fcstet auf \u2013 Tusk will jeden erwachsenen Polen f\u00fcr den Krieg"},"content":{"rendered":"<p><img decoding=\"async\" src=\"https:\/\/now-news.de\/de\/wp-content\/uploads\/sites\/3\/2025\/03\/67e51f6748fbef4a187fa310.jpg\" \/><\/p>\n<div class=\"Text-root Text-type_1 \">\n                Polen gibt bereits viel Geld f\u00fcr die Verteidigung aus. Jetzt ergreift Warschau weitere Ma\u00dfnahmen, um Polens &#8220;Sicherheit&#8221; zu st\u00e4rken. Die f\u00fcr einen Kriegsfall ausgebildeten Milit\u00e4rs und Zivilisten sollen in der Lage sein, Bedrohungen seitens Russlands entgegenzuwirken.\n            <\/div>\n<p><\/p>\n<div class=\"Text-root Text-type_5 ArticleView-text ViewText-root \">\n<p>Mit 4,7 Prozent des BIP, das Warschau im laufenden Jahr f\u00fcr das Milit\u00e4r auszugeben plant, hat Polen heute die h\u00f6chsten Verteidigungsausgaben unter allen NATO-Staaten. Die Summe betr\u00e4gt etwa 186 Milliarden Z\u0142oty, umgerechnet rund 44,4 Milliarden Euro.<\/p>\n<p>Auch w\u00e4hrend der sechsmonatigen EU-Ratspr\u00e4sidentschaft unter dem Motto &#8220;Sicherheit in Europa!&#8221;, die\u00a0Polen am 1. Januar von Ungarn \u00fcbernommen hat,\u00a0plant die polnische Regierung, sich f\u00fcr Sicherheit und Verteidigung einzusetzen.\u00a0<\/p>\n<p>Heute hat Polen die gr\u00f6\u00dfte Armee der EU und gibt Milliarden von Euro f\u00fcr Kampfflugzeuge, Raketen, Panzer, Artillerie und weitere Ausr\u00fcstung aus. Sollte es zu einem umfassenden milit\u00e4rischen Konflikt kommen, verf\u00fcgt das Land aber trotzdem nicht \u00fcber die strategische Tiefe einiger anderer europ\u00e4ischer Staaten, <a rel=\"nofollow noopener\" target=\"_blank\" href=\"https:\/\/www.politico.eu\/article\/poland-military-training-war-defense-russia-belarus\/\">meint<\/a> General Wies\u0142aw Kuku\u0142a, der Generalstabschef der polnischen Streitkr\u00e4fte, in einem Beitrag f\u00fcr <em>Politico<\/em>. &#8220;Wir sind Nachbarn der Russischen F\u00f6deration und ihres Verb\u00fcndeten Wei\u00dfrussland. Deswegen haben wir keinen Puffer zwischen uns und ihnen, und wir haben nur eine begrenzte Zeit, um uns vorzubereiten und zu reagieren&#8221;, so Kuku\u0142a.<\/p>\n<p>Polens Regierungschef Donald Tusk k\u00fcndigte Pl\u00e4ne seiner Regierung an, die Armee des Landes auf eine halbe Million Soldaten mehr als zu verdoppeln und Millionen von Reservisten auszubilden. &#8220;Wir werden versuchen, bis Ende des Jahres ein Modell zu entwickeln, mit dem jeder erwachsene Mann in Polen f\u00fcr den Kriegsfall ausgebildet wird, sodass diese Reserve vergleichbar und den potenziellen Bedrohungen angemessen ist&#8221;, <a rel=\"nofollow noopener\" target=\"_blank\" href=\"https:\/\/www.rp.pl\/polityka\/art41893201-donald-tusk-kazdy-dorosly-mezczyzna-w-polsce-bedzie-szkolony-na-potrzeby-wojny\">sagte<\/a> Tusk Anfang M\u00e4rz in einer Rede vor dem polnischen Parlament. Er f\u00fcgte hinzu, dass sich auch Frauen melden k\u00f6nnen.<\/p>\n<p>Laut Tusk werde die Ausbildung freiwillig sein, um die Bef\u00fcrchtungen einer R\u00fcckkehr zur \u00e4u\u00dferst unpopul\u00e4ren Wehrpflicht, die 2008 abgeschafft wurde, zu zerstreuen.<\/p>\n<p>Wie es hei\u00dft, arbeite das polnische Milit\u00e4r noch die Details aus und der Plan selbst soll bis Ende M\u00e4rz vorgelegt werden.<\/p>\n<p>Wie die Zeitung <em>Rzeczpospolita <\/em><a rel=\"nofollow noopener\" target=\"_blank\" href=\"https:\/\/www.rp.pl\/wojsko\/art41997271-jakie-beda-nowe-szkolenia-wojskowe\">berichtet<\/a>, plane die Regierung &#8220;kurzfristige milit\u00e4rische Ausbildungsprogramme f\u00fcr Zivilisten ohne vorherige Erfahrung&#8221;.<\/p>\n<p>In diesen Intensivkursen, die nur wenige Tage dauern, werden den Teilnehmern neben\u00a0ausgew\u00e4hlten milit\u00e4rischen F\u00e4higkeiten die Grundlagen des Zivilschutzes und der Ersten Hilfe vermittelt.<\/p>\n<p>F\u00fcr diejenigen, die bereits eine milit\u00e4rische Ausbildung haben, bietet die Regierung Auffrischungskurse an, in denen man spezielle F\u00e4higkeiten vertiefen kann. Zivilisten, die eine umfassendere Vorbereitung wollen, k\u00f6nnen sich f\u00fcr ein einmonatiges Programm anmelden.<\/p>\n<p>Erstes Ziel des Ausbildungsprogramms sei es, &#8220;die Verf\u00fcgbarkeit und Qualit\u00e4t von Reservisten zu verbessern&#8221;, so Kuku\u0142a weiter.\u00a0Denn diese k\u00f6nnten im Falle eines Konflikts &#8220;neben den Berufssoldaten operieren&#8221;. Der urspr\u00fcngliche Plan sehe die Ausbildung von 100.000 polnischen B\u00fcrgern bis Ende 2026 vor.<\/p>\n<p>Die Regierung m\u00fcsse alles tun, um ein ausreichendes Interesse an dem Programm in der Bev\u00f6lkerung zu gew\u00e4hrleisten, meint der Milit\u00e4rexperte Marek Kozubel in dem Beitrag f\u00fcr <em>Politico<\/em>. &#8220;Finanzielle Anreize sind von entscheidender Bedeutung, ebenso wie eine erfolgreiche Marketingkampagne, die die Vorteile der Teilnahme an Ausbildungsprogrammen hervorhebt.&#8221;<\/p>\n<p>Diesbez\u00fcglich meint General Kuku\u0142a, die Ausbildung soll F\u00e4higkeiten vermitteln, &#8220;die sowohl in Kriegs- als auch in Friedenszeiten n\u00fctzlich sind, wie Cybersicherheit oder medizinische Ausbildung&#8221;. Er betont, dass solche\u00a0F\u00e4higkeiten &#8220;auch auf dem Arbeitsmarkt von Nutzen sein k\u00f6nnen&#8221;. Au\u00dferdem w\u00fcrden die Anreize finanzielle Entsch\u00e4digungen sowie Steuererleichterungen f\u00fcr die Teilnehmer und ihre Arbeitgeber vorsehen, so Kuku\u0142a.<\/p>\n<p><strong>Mehr zum Thema \u2013\u00a0<\/strong><a rel=\"nofollow noopener\" target=\"_blank\" href=\"https:\/\/freedert.online\/europa\/240207-polens-innenministerium-empfiehlt-buergern-vorrat\/\">Polens Innenministerium empfiehlt B\u00fcrgern Vorrat an Lebensmitteln und Medikamenten f\u00fcr drei Tage<\/a><\/p>\n<div class=\"EmbedBlock-root EmbedBlock-externalVideo EmbedBlock-rumble\">\n<div class=\"VkEmbed\"><iframe class=\"lazyload\" data-src=\"https:\/\/rumble.com\/embed\/v6o4euy\" frameborder=\"0\" width=\"853\" height=\"480\" allowfullscreen><\/iframe><\/div>\n<\/div>\n<\/div>\n<p><br \/>\n<br \/><a href=\"https:\/\/de.rt.com\/europa\/240815-warschau-ruestet-auf-tusk-will\/\">Source link <\/a><\/p>\n","protected":false},"excerpt":{"rendered":"<p>Polen gibt bereits viel Geld f\u00fcr die Verteidigung aus. Jetzt ergreift Warschau weitere Ma\u00dfnahmen, um Polens &#8220;Sicherheit&#8221; zu st\u00e4rken. Die f\u00fcr einen Kriegsfall ausgebildeten Milit\u00e4rs und Zivilisten sollen in der Lage sein, Bedrohungen seitens Russlands entgegenzuwirken. Mit 4,7 Prozent des BIP, das Warschau im laufenden Jahr f\u00fcr das Milit\u00e4r auszugeben plant, hat Polen heute die [&hellip;]<\/p>\n","protected":false},"author":3,"featured_media":81035,"comment_status":"open","ping_status":"open","sticky":false,"template":"","format":"standard","meta":{"_yoast_indexnow_last_ping":["1743077936"],"wp_automatic_camp":["217"],"71b8723607905142aa165ee3de37ab79":["Warschau r\u00fcstet auf \u2013 Tusk will jeden erwachsenen Polen f\u00fcr den Krieg"],"original_link":["https:\/\/de.rt.com\/europa\/240815-warschau-ruestet-auf-tusk-will\/"],"_thumbnail_id":["81035"],"jnews_social_counter_last_update":["1777285287"],"_wptgpro_p2tg_sent2tg":["a:1:{i:23737;s:19:\"2025-03-27 14:20:02\";}"]},"categories":[19,23],"tags":[133,48,24010,221,1175,130,5850,11460,32121,1366],"yoast_head":"<!-- This site is optimized with the Yoast SEO Premium plugin v22.7 (Yoast SEO v22.7) - https:\/\/yoast.com\/wordpress\/plugins\/seo\/ -->\n<title>Warschau r\u00fcstet auf \u2013 Tusk will jeden erwachsenen Polen f\u00fcr den Krieg - just-now.NEWS Deutschland<\/title>\n<meta name=\"robots\" content=\"index, follow, max-snippet:-1, max-image-preview:large, max-video-preview:-1\" \/>\n<link rel=\"canonical\" href=\"https:\/\/now-news.de\/de\/deutschland\/warschau-ruestet-auf-tusk-will-jeden-erwachsenen-polen-fuer-den-krieg\/\" \/>\n<meta property=\"og:locale\" content=\"de_DE\" \/>\n<meta property=\"og:type\" content=\"article\" \/>\n<meta property=\"og:title\" content=\"Warschau r\u00fcstet auf \u2013 Tusk will jeden erwachsenen Polen f\u00fcr den Krieg\" \/>\n<meta property=\"og:description\" content=\"Polen gibt bereits viel Geld f\u00fcr die Verteidigung aus. Jetzt ergreift Warschau weitere Ma\u00dfnahmen, um Polens &#8220;Sicherheit&#8221; zu st\u00e4rken. Die f\u00fcr einen Kriegsfall ausgebildeten Milit\u00e4rs und Zivilisten sollen in der Lage sein, Bedrohungen seitens Russlands entgegenzuwirken. Mit 4,7 Prozent des BIP, das Warschau im laufenden Jahr f\u00fcr das Milit\u00e4r auszugeben plant, hat Polen heute die [&hellip;]\" \/>\n<meta property=\"og:url\" content=\"https:\/\/now-news.de\/de\/deutschland\/warschau-ruestet-auf-tusk-will-jeden-erwachsenen-polen-fuer-den-krieg\/\" \/>\n<meta property=\"og:site_name\" content=\"just-now.NEWS Deutschland\" \/>\n<meta property=\"article:publisher\" content=\"https:\/\/www.facebook.com\/wirmachenauf\" \/>\n<meta property=\"article:published_time\" content=\"2025-03-27T12:07:28+00:00\" \/>\n<meta property=\"og:image\" content=\"https:\/\/now-news.de\/de\/wp-content\/uploads\/sites\/3\/2025\/03\/67e51f6748fbef4a187fa310.jpg\" \/>\n<meta name=\"author\" content=\"rtnews\" \/>\n<meta name=\"twitter:card\" content=\"summary_large_image\" \/>\n<meta name=\"twitter:creator\" content=\"@WirMachenAuf_de\" \/>\n<meta name=\"twitter:site\" content=\"@WirMachenAuf_de\" \/>\n<meta name=\"twitter:label1\" content=\"Verfasst von\" \/>\n\t<meta name=\"twitter:data1\" content=\"rtnews\" \/>\n\t<meta name=\"twitter:label2\" content=\"Gesch\u00e4tzte Lesezeit\" \/>\n\t<meta name=\"twitter:data2\" content=\"3\u00a0Minuten\" \/>\n<script type=\"application\/ld+json\" class=\"yoast-schema-graph\">{\"@context\":\"https:\/\/schema.org\",\"@graph\":[{\"@type\":\"Article\",\"@id\":\"https:\/\/now-news.de\/de\/deutschland\/warschau-ruestet-auf-tusk-will-jeden-erwachsenen-polen-fuer-den-krieg\/#article\",\"isPartOf\":{\"@id\":\"https:\/\/now-news.de\/de\/deutschland\/warschau-ruestet-auf-tusk-will-jeden-erwachsenen-polen-fuer-den-krieg\/\"},\"author\":{\"name\":\"rtnews\",\"@id\":\"https:\/\/now-news.de\/de\/#\/schema\/person\/fb534a4e865501d8b3285208df34a9b5\"},\"headline\":\"Warschau r\u00fcstet auf \u2013 Tusk will jeden erwachsenen Polen f\u00fcr den Krieg\",\"datePublished\":\"2025-03-27T12:07:28+00:00\",\"dateModified\":\"2025-03-27T12:07:28+00:00\",\"mainEntityOfPage\":{\"@id\":\"https:\/\/now-news.de\/de\/deutschland\/warschau-ruestet-auf-tusk-will-jeden-erwachsenen-polen-fuer-den-krieg\/\"},\"wordCount\":630,\"commentCount\":0,\"publisher\":{\"@id\":\"https:\/\/now-news.de\/de\/#organization\"},\"image\":{\"@id\":\"https:\/\/now-news.de\/de\/deutschland\/warschau-ruestet-auf-tusk-will-jeden-erwachsenen-polen-fuer-den-krieg\/#primaryimage\"},\"thumbnailUrl\":\"https:\/\/now-news.de\/de\/wp-content\/uploads\/sites\/3\/2025\/03\/Warschau-ruestet-auf-\u2013-Tusk-will-jeden-erwachsenen-Polen-fuer.jpg\",\"keywords\":[\"AUF\",\"den\",\"Erwachsenen\",\"f\u00fcr\",\"jeden\",\"krieg\",\"Polen\",\"r\u00fcstet\",\"Tusk\",\"Warschau\"],\"articleSection\":[\"Deutschland\",\"Russland\"],\"inLanguage\":\"de\",\"potentialAction\":[{\"@type\":\"CommentAction\",\"name\":\"Comment\",\"target\":[\"https:\/\/now-news.de\/de\/deutschland\/warschau-ruestet-auf-tusk-will-jeden-erwachsenen-polen-fuer-den-krieg\/#respond\"]}]},{\"@type\":\"WebPage\",\"@id\":\"https:\/\/now-news.de\/de\/deutschland\/warschau-ruestet-auf-tusk-will-jeden-erwachsenen-polen-fuer-den-krieg\/\",\"url\":\"https:\/\/now-news.de\/de\/deutschland\/warschau-ruestet-auf-tusk-will-jeden-erwachsenen-polen-fuer-den-krieg\/\",\"name\":\"Warschau r\u00fcstet auf \u2013 Tusk will jeden erwachsenen Polen f\u00fcr den Krieg - just-now.NEWS Deutschland\",\"isPartOf\":{\"@id\":\"https:\/\/now-news.de\/de\/#website\"},\"primaryImageOfPage\":{\"@id\":\"https:\/\/now-news.de\/de\/deutschland\/warschau-ruestet-auf-tusk-will-jeden-erwachsenen-polen-fuer-den-krieg\/#primaryimage\"},\"image\":{\"@id\":\"https:\/\/now-news.de\/de\/deutschland\/warschau-ruestet-auf-tusk-will-jeden-erwachsenen-polen-fuer-den-krieg\/#primaryimage\"},\"thumbnailUrl\":\"https:\/\/now-news.de\/de\/wp-content\/uploads\/sites\/3\/2025\/03\/Warschau-ruestet-auf-\u2013-Tusk-will-jeden-erwachsenen-Polen-fuer.jpg\",\"datePublished\":\"2025-03-27T12:07:28+00:00\",\"dateModified\":\"2025-03-27T12:07:28+00:00\",\"breadcrumb\":{\"@id\":\"https:\/\/now-news.de\/de\/deutschland\/warschau-ruestet-auf-tusk-will-jeden-erwachsenen-polen-fuer-den-krieg\/#breadcrumb\"},\"inLanguage\":\"de\",\"potentialAction\":[{\"@type\":\"ReadAction\",\"target\":[\"https:\/\/now-news.de\/de\/deutschland\/warschau-ruestet-auf-tusk-will-jeden-erwachsenen-polen-fuer-den-krieg\/\"]}]},{\"@type\":\"ImageObject\",\"inLanguage\":\"de\",\"@id\":\"https:\/\/now-news.de\/de\/deutschland\/warschau-ruestet-auf-tusk-will-jeden-erwachsenen-polen-fuer-den-krieg\/#primaryimage\",\"url\":\"https:\/\/now-news.de\/de\/wp-content\/uploads\/sites\/3\/2025\/03\/Warschau-ruestet-auf-\u2013-Tusk-will-jeden-erwachsenen-Polen-fuer.jpg\",\"contentUrl\":\"https:\/\/now-news.de\/de\/wp-content\/uploads\/sites\/3\/2025\/03\/Warschau-ruestet-auf-\u2013-Tusk-will-jeden-erwachsenen-Polen-fuer.jpg\",\"width\":460,\"height\":259,\"caption\":\"Warschau r\u00fcstet auf \u2013 Tusk will jeden erwachsenen Polen f\u00fcr den Krieg\"},{\"@type\":\"BreadcrumbList\",\"@id\":\"https:\/\/now-news.de\/de\/deutschland\/warschau-ruestet-auf-tusk-will-jeden-erwachsenen-polen-fuer-den-krieg\/#breadcrumb\",\"itemListElement\":[{\"@type\":\"ListItem\",\"position\":1,\"name\":\"Home\",\"item\":\"https:\/\/now-news.de\/de\/\"},{\"@type\":\"ListItem\",\"position\":2,\"name\":\"Warschau r\u00fcstet auf \u2013 Tusk will jeden erwachsenen Polen f\u00fcr den Krieg\"}]},{\"@type\":\"WebSite\",\"@id\":\"https:\/\/now-news.de\/de\/#website\",\"url\":\"https:\/\/now-news.de\/de\/\",\"name\":\"just-now.NEWS Deutschland\",\"description\":\"Das Portal f\u00fcr unzensierte Nachrichten aus der Welt\",\"publisher\":{\"@id\":\"https:\/\/now-news.de\/de\/#organization\"},\"potentialAction\":[{\"@type\":\"SearchAction\",\"target\":{\"@type\":\"EntryPoint\",\"urlTemplate\":\"https:\/\/now-news.de\/de\/?s={search_term_string}\"},\"query-input\":\"required name=search_term_string\"}],\"inLanguage\":\"de\"},{\"@type\":\"Organization\",\"@id\":\"https:\/\/now-news.de\/de\/#organization\",\"name\":\"Just Now News\",\"url\":\"https:\/\/now-news.de\/de\/\",\"logo\":{\"@type\":\"ImageObject\",\"inLanguage\":\"de\",\"@id\":\"https:\/\/now-news.de\/de\/#\/schema\/logo\/image\/\",\"url\":\"http:\/\/just-now.news\/de\/wp-content\/uploads\/sites\/3\/2022\/04\/logo500x500.jpg\",\"contentUrl\":\"http:\/\/just-now.news\/de\/wp-content\/uploads\/sites\/3\/2022\/04\/logo500x500.jpg\",\"width\":500,\"height\":500,\"caption\":\"Just Now News\"},\"image\":{\"@id\":\"https:\/\/now-news.de\/de\/#\/schema\/logo\/image\/\"},\"sameAs\":[\"https:\/\/www.facebook.com\/wirmachenauf\",\"https:\/\/x.com\/WirMachenAuf_de\"]},{\"@type\":\"Person\",\"@id\":\"https:\/\/now-news.de\/de\/#\/schema\/person\/fb534a4e865501d8b3285208df34a9b5\",\"name\":\"rtnews\",\"image\":{\"@type\":\"ImageObject\",\"inLanguage\":\"de\",\"@id\":\"https:\/\/now-news.de\/de\/#\/schema\/person\/image\/\",\"url\":\"https:\/\/secure.gravatar.com\/avatar\/82aafea7d8127119dd649515f56e2117?s=96&d=mm&r=g\",\"contentUrl\":\"https:\/\/secure.gravatar.com\/avatar\/82aafea7d8127119dd649515f56e2117?s=96&d=mm&r=g\",\"caption\":\"rtnews\"},\"url\":\"https:\/\/now-news.de\/de\/author\/rnews\/\"}]}<\/script>\n<!-- \/ Yoast SEO Premium plugin. -->","yoast_head_json":{"title":"Warschau r\u00fcstet auf \u2013 Tusk will jeden erwachsenen Polen f\u00fcr den Krieg - just-now.NEWS Deutschland","robots":{"index":"index","follow":"follow","max-snippet":"max-snippet:-1","max-image-preview":"max-image-preview:large","max-video-preview":"max-video-preview:-1"},"canonical":"https:\/\/now-news.de\/de\/deutschland\/warschau-ruestet-auf-tusk-will-jeden-erwachsenen-polen-fuer-den-krieg\/","og_locale":"de_DE","og_type":"article","og_title":"Warschau r\u00fcstet auf \u2013 Tusk will jeden erwachsenen Polen f\u00fcr den Krieg","og_description":"Polen gibt bereits viel Geld f\u00fcr die Verteidigung aus. Jetzt ergreift Warschau weitere Ma\u00dfnahmen, um Polens &#8220;Sicherheit&#8221; zu st\u00e4rken. Die f\u00fcr einen Kriegsfall ausgebildeten Milit\u00e4rs und Zivilisten sollen in der Lage sein, Bedrohungen seitens Russlands entgegenzuwirken. Mit 4,7 Prozent des BIP, das Warschau im laufenden Jahr f\u00fcr das Milit\u00e4r auszugeben plant, hat Polen heute die [&hellip;]","og_url":"https:\/\/now-news.de\/de\/deutschland\/warschau-ruestet-auf-tusk-will-jeden-erwachsenen-polen-fuer-den-krieg\/","og_site_name":"just-now.NEWS Deutschland","article_publisher":"https:\/\/www.facebook.com\/wirmachenauf","article_published_time":"2025-03-27T12:07:28+00:00","og_image":[{"url":"https:\/\/now-news.de\/de\/wp-content\/uploads\/sites\/3\/2025\/03\/67e51f6748fbef4a187fa310.jpg"}],"author":"rtnews","twitter_card":"summary_large_image","twitter_creator":"@WirMachenAuf_de","twitter_site":"@WirMachenAuf_de","twitter_misc":{"Verfasst von":"rtnews","Gesch\u00e4tzte Lesezeit":"3\u00a0Minuten"},"schema":{"@context":"https:\/\/schema.org","@graph":[{"@type":"Article","@id":"https:\/\/now-news.de\/de\/deutschland\/warschau-ruestet-auf-tusk-will-jeden-erwachsenen-polen-fuer-den-krieg\/#article","isPartOf":{"@id":"https:\/\/now-news.de\/de\/deutschland\/warschau-ruestet-auf-tusk-will-jeden-erwachsenen-polen-fuer-den-krieg\/"},"author":{"name":"rtnews","@id":"https:\/\/now-news.de\/de\/#\/schema\/person\/fb534a4e865501d8b3285208df34a9b5"},"headline":"Warschau r\u00fcstet auf \u2013 Tusk will jeden erwachsenen Polen f\u00fcr den Krieg","datePublished":"2025-03-27T12:07:28+00:00","dateModified":"2025-03-27T12:07:28+00:00","mainEntityOfPage":{"@id":"https:\/\/now-news.de\/de\/deutschland\/warschau-ruestet-auf-tusk-will-jeden-erwachsenen-polen-fuer-den-krieg\/"},"wordCount":630,"commentCount":0,"publisher":{"@id":"https:\/\/now-news.de\/de\/#organization"},"image":{"@id":"https:\/\/now-news.de\/de\/deutschland\/warschau-ruestet-auf-tusk-will-jeden-erwachsenen-polen-fuer-den-krieg\/#primaryimage"},"thumbnailUrl":"https:\/\/now-news.de\/de\/wp-content\/uploads\/sites\/3\/2025\/03\/Warschau-ruestet-auf-\u2013-Tusk-will-jeden-erwachsenen-Polen-fuer.jpg","keywords":["AUF","den","Erwachsenen","f\u00fcr","jeden","krieg","Polen","r\u00fcstet","Tusk","Warschau"],"articleSection":["Deutschland","Russland"],"inLanguage":"de","potentialAction":[{"@type":"CommentAction","name":"Comment","target":["https:\/\/now-news.de\/de\/deutschland\/warschau-ruestet-auf-tusk-will-jeden-erwachsenen-polen-fuer-den-krieg\/#respond"]}]},{"@type":"WebPage","@id":"https:\/\/now-news.de\/de\/deutschland\/warschau-ruestet-auf-tusk-will-jeden-erwachsenen-polen-fuer-den-krieg\/","url":"https:\/\/now-news.de\/de\/deutschland\/warschau-ruestet-auf-tusk-will-jeden-erwachsenen-polen-fuer-den-krieg\/","name":"Warschau r\u00fcstet auf \u2013 Tusk will jeden erwachsenen Polen f\u00fcr den Krieg - just-now.NEWS Deutschland","isPartOf":{"@id":"https:\/\/now-news.de\/de\/#website"},"primaryImageOfPage":{"@id":"https:\/\/now-news.de\/de\/deutschland\/warschau-ruestet-auf-tusk-will-jeden-erwachsenen-polen-fuer-den-krieg\/#primaryimage"},"image":{"@id":"https:\/\/now-news.de\/de\/deutschland\/warschau-ruestet-auf-tusk-will-jeden-erwachsenen-polen-fuer-den-krieg\/#primaryimage"},"thumbnailUrl":"https:\/\/now-news.de\/de\/wp-content\/uploads\/sites\/3\/2025\/03\/Warschau-ruestet-auf-\u2013-Tusk-will-jeden-erwachsenen-Polen-fuer.jpg","datePublished":"2025-03-27T12:07:28+00:00","dateModified":"2025-03-27T12:07:28+00:00","breadcrumb":{"@id":"https:\/\/now-news.de\/de\/deutschland\/warschau-ruestet-auf-tusk-will-jeden-erwachsenen-polen-fuer-den-krieg\/#breadcrumb"},"inLanguage":"de","potentialAction":[{"@type":"ReadAction","target":["https:\/\/now-news.de\/de\/deutschland\/warschau-ruestet-auf-tusk-will-jeden-erwachsenen-polen-fuer-den-krieg\/"]}]},{"@type":"ImageObject","inLanguage":"de","@id":"https:\/\/now-news.de\/de\/deutschland\/warschau-ruestet-auf-tusk-will-jeden-erwachsenen-polen-fuer-den-krieg\/#primaryimage","url":"https:\/\/now-news.de\/de\/wp-content\/uploads\/sites\/3\/2025\/03\/Warschau-ruestet-auf-\u2013-Tusk-will-jeden-erwachsenen-Polen-fuer.jpg","contentUrl":"https:\/\/now-news.de\/de\/wp-content\/uploads\/sites\/3\/2025\/03\/Warschau-ruestet-auf-\u2013-Tusk-will-jeden-erwachsenen-Polen-fuer.jpg","width":460,"height":259,"caption":"Warschau r\u00fcstet auf \u2013 Tusk will jeden erwachsenen Polen f\u00fcr den Krieg"},{"@type":"BreadcrumbList","@id":"https:\/\/now-news.de\/de\/deutschland\/warschau-ruestet-auf-tusk-will-jeden-erwachsenen-polen-fuer-den-krieg\/#breadcrumb","itemListElement":[{"@type":"ListItem","position":1,"name":"Home","item":"https:\/\/now-news.de\/de\/"},{"@type":"ListItem","position":2,"name":"Warschau r\u00fcstet auf \u2013 Tusk will jeden erwachsenen Polen f\u00fcr den Krieg"}]},{"@type":"WebSite","@id":"https:\/\/now-news.de\/de\/#website","url":"https:\/\/now-news.de\/de\/","name":"just-now.NEWS Deutschland","description":"Das Portal f\u00fcr unzensierte Nachrichten aus der Welt","publisher":{"@id":"https:\/\/now-news.de\/de\/#organization"},"potentialAction":[{"@type":"SearchAction","target":{"@type":"EntryPoint","urlTemplate":"https:\/\/now-news.de\/de\/?s={search_term_string}"},"query-input":"required name=search_term_string"}],"inLanguage":"de"},{"@type":"Organization","@id":"https:\/\/now-news.de\/de\/#organization","name":"Just Now News","url":"https:\/\/now-news.de\/de\/","logo":{"@type":"ImageObject","inLanguage":"de","@id":"https:\/\/now-news.de\/de\/#\/schema\/logo\/image\/","url":"http:\/\/just-now.news\/de\/wp-content\/uploads\/sites\/3\/2022\/04\/logo500x500.jpg","contentUrl":"http:\/\/just-now.news\/de\/wp-content\/uploads\/sites\/3\/2022\/04\/logo500x500.jpg","width":500,"height":500,"caption":"Just Now News"},"image":{"@id":"https:\/\/now-news.de\/de\/#\/schema\/logo\/image\/"},"sameAs":["https:\/\/www.facebook.com\/wirmachenauf","https:\/\/x.com\/WirMachenAuf_de"]},{"@type":"Person","@id":"https:\/\/now-news.de\/de\/#\/schema\/person\/fb534a4e865501d8b3285208df34a9b5","name":"rtnews","image":{"@type":"ImageObject","inLanguage":"de","@id":"https:\/\/now-news.de\/de\/#\/schema\/person\/image\/","url":"https:\/\/secure.gravatar.com\/avatar\/82aafea7d8127119dd649515f56e2117?s=96&d=mm&r=g","contentUrl":"https:\/\/secure.gravatar.com\/avatar\/82aafea7d8127119dd649515f56e2117?s=96&d=mm&r=g","caption":"rtnews"},"url":"https:\/\/now-news.de\/de\/author\/rnews\/"}]}},"_links":{"self":[{"href":"https:\/\/now-news.de\/de\/wp-json\/wp\/v2\/posts\/81034"}],"collection":[{"href":"https:\/\/now-news.de\/de\/wp-json\/wp\/v2\/posts"}],"about":[{"href":"https:\/\/now-news.de\/de\/wp-json\/wp\/v2\/types\/post"}],"author":[{"embeddable":true,"href":"https:\/\/now-news.de\/de\/wp-json\/wp\/v2\/users\/3"}],"replies":[{"embeddable":true,"href":"https:\/\/now-news.de\/de\/wp-json\/wp\/v2\/comments?post=81034"}],"version-history":[{"count":0,"href":"https:\/\/now-news.de\/de\/wp-json\/wp\/v2\/posts\/81034\/revisions"}],"wp:featuredmedia":[{"embeddable":true,"href":"https:\/\/now-news.de\/de\/wp-json\/wp\/v2\/media\/81035"}],"wp:attachment":[{"href":"https:\/\/now-news.de\/de\/wp-json\/wp\/v2\/media?parent=81034"}],"wp:term":[{"taxonomy":"category","embeddable":true,"href":"https:\/\/now-news.de\/de\/wp-json\/wp\/v2\/categories?post=81034"},{"taxonomy":"post_tag","embeddable":true,"href":"https:\/\/now-news.de\/de\/wp-json\/wp\/v2\/tags?post=81034"}],"curies":[{"name":"wp","href":"https:\/\/api.w.org\/{rel}","templated":true}]}}