{"id":81004,"date":"2025-03-26T21:47:55","date_gmt":"2025-03-26T19:47:55","guid":{"rendered":"https:\/\/now-news.de\/de\/deutschland\/grenell-die-ukraine-hatte-nie-atomwaffen\/"},"modified":"2025-03-26T21:47:55","modified_gmt":"2025-03-26T19:47:55","slug":"grenell-die-ukraine-hatte-nie-atomwaffen","status":"publish","type":"post","link":"https:\/\/now-news.de\/de\/deutschland\/grenell-die-ukraine-hatte-nie-atomwaffen\/","title":{"rendered":"Grenell: Die Ukraine hatte nie Atomwaffen"},"content":{"rendered":"<p><img decoding=\"async\" src=\"https:\/\/now-news.de\/de\/wp-content\/uploads\/sites\/3\/2025\/03\/67e4518b48fbef4be36dc890.jpg\" \/><\/p>\n<div class=\"Text-root Text-type_1 \">\n                Die Atomwaffen, die im Land stationiert waren, waren immer unter russischer Kontrolle, sagte Richard Grenell, und nannte das eine &#8220;unbequeme Tatsache&#8221;. Wladimir Selenskij hatte j\u00fcngst erst wieder die Forderung &#8220;NATO oder Atomwaffen&#8221; erhoben.\n            <\/div>\n<p><\/p>\n<div class=\"Text-root Text-type_5 ArticleView-text ViewText-root \">\n<p>Die Atomwaffen, die die Ukraine in den 1990ern gem\u00e4\u00df den Vorgaben des Budapester Memorandums an Russland \u00fcbergeben hat, waren nie unter der Kontrolle Kiews, sagte der Sonderbotschafter des US-Pr\u00e4sidenten f\u00fcr besondere Aufgaben, Richard Grenell, der von 2018 bis 2020 US-Botschafter in Deutschland war.<\/p>\n<p>Nach dem Zusammenbruch der Sowjetunion 1991 erbte die Ukraine einen bedeutenden Teil des Nukleararsenals der UdSSR, wodurch sie zeitweise zur drittst\u00e4rksten Atommacht wurde. Die Waffen blieben jedoch unter der operativen Kontrolle Russlands, und Kiew hatte nicht die technischen F\u00e4higkeiten, sie zu starten.<\/p>\n<p>1994 unterzeichnete die Ukraine \u2012 zusammen mit den USA, Russland und Gro\u00dfbritannien\u00a0\u2012 das Budapester Memorandum, mit dem Kiew zustimmte, alle seine Atomwaffen im Austausch f\u00fcr Sicherheitsgarantien an Russland zu \u00fcbergeben.<\/p>\n<p>In einer Nachricht auf X schrieb Grenell am Dienstag: <em>&#8220;Erkl\u00e4ren wir die Lage mit dem Budapester Memorandum: Die Atomwaffen geh\u00f6rten Russland und waren \u00dcberreste. Die Ukraine gab die Atomwaffen an Russland zur\u00fcck. Sie geh\u00f6rten nicht der Ukraine. Das ist eine unbequeme Tatsache.&#8221;<\/em><\/p>\n<p>Grenells Kommentare sind eine Reaktion auf neuerliche Erkl\u00e4rungen ukrainischer Politiker, die die Entwaffnung des Landes in den 1990ern kritisieren. Wladimir Selenskij erkl\u00e4rte j\u00fcngst dem britischen Journalisten Piers Morgan, die Ukraine sei &#8220;gezwungen&#8221; worden, ihre Atomwaffen aufzugeben, und beschrieb das Budapester Memorandum als &#8220;dumm, unlogisch und sehr unverantwortlich&#8221;. Er meinte, Kiew solle nun entweder im Eilverfahren in die NATO aufgenommen werden oder Atomwaffen und Raketensysteme erhalten, um Russland zu kontern.<\/p>\n<p>Der pensionierte US-General Keith Kellogg, der als Trumps Gesandter f\u00fcr die Ukraine und Russland dient, wies den Vorschlag zur\u00fcck. In einem Gespr\u00e4ch mit <em>Fox Digital News<\/em>\u00a0vergangenen Monat sagte Kellogg: <em>&#8220;Die Chance, dass sie ihre Atomwaffen zur\u00fcckbekommen, liegt irgendwo zwischen winzig und gar nicht. Seien wir hier ehrlich, wir beide wissen, dass das nicht passieren wird.&#8221;<\/em><\/p>\n<p>Russland hat wiederholt erkl\u00e4rt, die Ukraine habe nie eigene Nuklearwaffen besessen, da sie Moskau als dem einzigen Rechtsnachfolger der Sowjetunion geh\u00f6rten.<\/p>\n<p>Russische Vertreter betonen au\u00dferdem, das Budapester Memorandum habe einen neutralen Status f\u00fcr die Ukraine vorgesehen, der seitdem durch die Osterweiterung der NATO und Kiews Bestrebungen, sich diesem B\u00fcndnis anzuschlie\u00dfen, untergraben worden sei.<\/p>\n<p>Moskau verwies auf die Bestrebungen der Ukraine, der NATO beizutreten, und ihre Drohungen, sich Atomwaffen zu beschaffen, als Mitausl\u00f6ser des Ukraine-Konflikts. Im November warnte der russische Pr\u00e4sident Wladimir Putin, sollte die Ukraine in den Besitz nuklearer Waffen kommen, werde Moskau &#8220;alle Mittel der Zerst\u00f6rung, die Russland zur Verf\u00fcgung stehen&#8221;, gebrauchen.<\/p>\n<p><strong>Mehr zum Thema<\/strong>\u00a0\u2012 <a rel=\"nofollow noopener\" target=\"_blank\" href=\"https:\/\/freedert.online\/international\/236093-usa-lehnen-selenskijs-forderung-nach\/\">USA lehnen Selenskijs Forderung nach Atomwaffen ab<\/a><\/p>\n<div class=\"EmbedBlock-root EmbedBlock-externalVideo EmbedBlock-rumble\">\n<div class=\"VkEmbed\"><iframe class=\"lazyload\" data-src=\"https:\/\/rumble.com\/embed\/v6ox9ry\" frameborder=\"0\" width=\"853\" height=\"480\" allowfullscreen><\/iframe><\/div>\n<\/div>\n<\/div>\n<p><br \/>\n<br \/><a href=\"https:\/\/de.rt.com\/international\/240781-grenell-ukraine-hatte-nie-atomwaffen\/\">Source link <\/a><\/p>\n","protected":false},"excerpt":{"rendered":"<p>Die Atomwaffen, die im Land stationiert waren, waren immer unter russischer Kontrolle, sagte Richard Grenell, und nannte das eine &#8220;unbequeme Tatsache&#8221;. Wladimir Selenskij hatte j\u00fcngst erst wieder die Forderung &#8220;NATO oder Atomwaffen&#8221; erhoben. Die Atomwaffen, die die Ukraine in den 1990ern gem\u00e4\u00df den Vorgaben des Budapester Memorandums an Russland \u00fcbergeben hat, waren nie unter der [&hellip;]<\/p>\n","protected":false},"author":3,"featured_media":81005,"comment_status":"open","ping_status":"open","sticky":false,"template":"","format":"standard","meta":{"_yoast_indexnow_last_ping":["1743019132"],"wp_automatic_camp":["217"],"a39d270c0f0bdea3734d2ac7a74d39e3":["Grenell: Die Ukraine hatte nie Atomwaffen"],"original_link":["https:\/\/de.rt.com\/international\/240781-grenell-ukraine-hatte-nie-atomwaffen\/"],"_thumbnail_id":["81005"],"jnews_social_counter_last_update":["1777410834"],"_wptgpro_p2tg_sent2tg":["a:1:{i:23737;s:19:\"2025-03-26 21:59:54\";}"]},"categories":[19,23],"tags":[7620,45,56735,5373,10730,127],"yoast_head":"<!-- This site is optimized with the Yoast SEO Premium plugin v22.7 (Yoast SEO v22.7) - https:\/\/yoast.com\/wordpress\/plugins\/seo\/ -->\n<title>Grenell: Die Ukraine hatte nie Atomwaffen - just-now.NEWS Deutschland<\/title>\n<meta name=\"robots\" content=\"index, follow, max-snippet:-1, max-image-preview:large, max-video-preview:-1\" \/>\n<link rel=\"canonical\" href=\"https:\/\/now-news.de\/de\/deutschland\/grenell-die-ukraine-hatte-nie-atomwaffen\/\" \/>\n<meta property=\"og:locale\" content=\"de_DE\" \/>\n<meta property=\"og:type\" content=\"article\" \/>\n<meta property=\"og:title\" content=\"Grenell: Die Ukraine hatte nie Atomwaffen\" \/>\n<meta property=\"og:description\" content=\"Die Atomwaffen, die im Land stationiert waren, waren immer unter russischer Kontrolle, sagte Richard Grenell, und nannte das eine &#8220;unbequeme Tatsache&#8221;. Wladimir Selenskij hatte j\u00fcngst erst wieder die Forderung &#8220;NATO oder Atomwaffen&#8221; erhoben. Die Atomwaffen, die die Ukraine in den 1990ern gem\u00e4\u00df den Vorgaben des Budapester Memorandums an Russland \u00fcbergeben hat, waren nie unter der [&hellip;]\" \/>\n<meta property=\"og:url\" content=\"https:\/\/now-news.de\/de\/deutschland\/grenell-die-ukraine-hatte-nie-atomwaffen\/\" \/>\n<meta property=\"og:site_name\" content=\"just-now.NEWS Deutschland\" \/>\n<meta property=\"article:publisher\" content=\"https:\/\/www.facebook.com\/wirmachenauf\" \/>\n<meta property=\"article:published_time\" content=\"2025-03-26T19:47:55+00:00\" \/>\n<meta property=\"og:image\" content=\"https:\/\/now-news.de\/de\/wp-content\/uploads\/sites\/3\/2025\/03\/67e4518b48fbef4be36dc890.jpg\" \/>\n<meta name=\"author\" content=\"rtnews\" \/>\n<meta name=\"twitter:card\" content=\"summary_large_image\" \/>\n<meta name=\"twitter:creator\" content=\"@WirMachenAuf_de\" \/>\n<meta name=\"twitter:site\" content=\"@WirMachenAuf_de\" \/>\n<meta name=\"twitter:label1\" content=\"Verfasst von\" \/>\n\t<meta name=\"twitter:data1\" content=\"rtnews\" \/>\n\t<meta name=\"twitter:label2\" content=\"Gesch\u00e4tzte Lesezeit\" \/>\n\t<meta name=\"twitter:data2\" content=\"2\u00a0Minuten\" \/>\n<script type=\"application\/ld+json\" class=\"yoast-schema-graph\">{\"@context\":\"https:\/\/schema.org\",\"@graph\":[{\"@type\":\"Article\",\"@id\":\"https:\/\/now-news.de\/de\/deutschland\/grenell-die-ukraine-hatte-nie-atomwaffen\/#article\",\"isPartOf\":{\"@id\":\"https:\/\/now-news.de\/de\/deutschland\/grenell-die-ukraine-hatte-nie-atomwaffen\/\"},\"author\":{\"name\":\"rtnews\",\"@id\":\"https:\/\/now-news.de\/de\/#\/schema\/person\/fb534a4e865501d8b3285208df34a9b5\"},\"headline\":\"Grenell: Die Ukraine hatte nie Atomwaffen\",\"datePublished\":\"2025-03-26T19:47:55+00:00\",\"dateModified\":\"2025-03-26T19:47:55+00:00\",\"mainEntityOfPage\":{\"@id\":\"https:\/\/now-news.de\/de\/deutschland\/grenell-die-ukraine-hatte-nie-atomwaffen\/\"},\"wordCount\":460,\"commentCount\":0,\"publisher\":{\"@id\":\"https:\/\/now-news.de\/de\/#organization\"},\"image\":{\"@id\":\"https:\/\/now-news.de\/de\/deutschland\/grenell-die-ukraine-hatte-nie-atomwaffen\/#primaryimage\"},\"thumbnailUrl\":\"https:\/\/now-news.de\/de\/wp-content\/uploads\/sites\/3\/2025\/03\/Grenell-Die-Ukraine-hatte-nie-Atomwaffen.jpg\",\"keywords\":[\"Atomwaffen\",\"die\",\"Grenell\",\"h\u00e4tte\",\"nie\",\"ukraine\"],\"articleSection\":[\"Deutschland\",\"Russland\"],\"inLanguage\":\"de\",\"potentialAction\":[{\"@type\":\"CommentAction\",\"name\":\"Comment\",\"target\":[\"https:\/\/now-news.de\/de\/deutschland\/grenell-die-ukraine-hatte-nie-atomwaffen\/#respond\"]}]},{\"@type\":\"WebPage\",\"@id\":\"https:\/\/now-news.de\/de\/deutschland\/grenell-die-ukraine-hatte-nie-atomwaffen\/\",\"url\":\"https:\/\/now-news.de\/de\/deutschland\/grenell-die-ukraine-hatte-nie-atomwaffen\/\",\"name\":\"Grenell: Die Ukraine hatte nie Atomwaffen - just-now.NEWS Deutschland\",\"isPartOf\":{\"@id\":\"https:\/\/now-news.de\/de\/#website\"},\"primaryImageOfPage\":{\"@id\":\"https:\/\/now-news.de\/de\/deutschland\/grenell-die-ukraine-hatte-nie-atomwaffen\/#primaryimage\"},\"image\":{\"@id\":\"https:\/\/now-news.de\/de\/deutschland\/grenell-die-ukraine-hatte-nie-atomwaffen\/#primaryimage\"},\"thumbnailUrl\":\"https:\/\/now-news.de\/de\/wp-content\/uploads\/sites\/3\/2025\/03\/Grenell-Die-Ukraine-hatte-nie-Atomwaffen.jpg\",\"datePublished\":\"2025-03-26T19:47:55+00:00\",\"dateModified\":\"2025-03-26T19:47:55+00:00\",\"breadcrumb\":{\"@id\":\"https:\/\/now-news.de\/de\/deutschland\/grenell-die-ukraine-hatte-nie-atomwaffen\/#breadcrumb\"},\"inLanguage\":\"de\",\"potentialAction\":[{\"@type\":\"ReadAction\",\"target\":[\"https:\/\/now-news.de\/de\/deutschland\/grenell-die-ukraine-hatte-nie-atomwaffen\/\"]}]},{\"@type\":\"ImageObject\",\"inLanguage\":\"de\",\"@id\":\"https:\/\/now-news.de\/de\/deutschland\/grenell-die-ukraine-hatte-nie-atomwaffen\/#primaryimage\",\"url\":\"https:\/\/now-news.de\/de\/wp-content\/uploads\/sites\/3\/2025\/03\/Grenell-Die-Ukraine-hatte-nie-Atomwaffen.jpg\",\"contentUrl\":\"https:\/\/now-news.de\/de\/wp-content\/uploads\/sites\/3\/2025\/03\/Grenell-Die-Ukraine-hatte-nie-Atomwaffen.jpg\",\"width\":460,\"height\":259,\"caption\":\"Grenell: Die Ukraine hatte nie Atomwaffen\"},{\"@type\":\"BreadcrumbList\",\"@id\":\"https:\/\/now-news.de\/de\/deutschland\/grenell-die-ukraine-hatte-nie-atomwaffen\/#breadcrumb\",\"itemListElement\":[{\"@type\":\"ListItem\",\"position\":1,\"name\":\"Home\",\"item\":\"https:\/\/now-news.de\/de\/\"},{\"@type\":\"ListItem\",\"position\":2,\"name\":\"Grenell: Die Ukraine hatte nie Atomwaffen\"}]},{\"@type\":\"WebSite\",\"@id\":\"https:\/\/now-news.de\/de\/#website\",\"url\":\"https:\/\/now-news.de\/de\/\",\"name\":\"just-now.NEWS Deutschland\",\"description\":\"Das Portal f\u00fcr unzensierte Nachrichten aus der Welt\",\"publisher\":{\"@id\":\"https:\/\/now-news.de\/de\/#organization\"},\"potentialAction\":[{\"@type\":\"SearchAction\",\"target\":{\"@type\":\"EntryPoint\",\"urlTemplate\":\"https:\/\/now-news.de\/de\/?s={search_term_string}\"},\"query-input\":\"required name=search_term_string\"}],\"inLanguage\":\"de\"},{\"@type\":\"Organization\",\"@id\":\"https:\/\/now-news.de\/de\/#organization\",\"name\":\"Just Now News\",\"url\":\"https:\/\/now-news.de\/de\/\",\"logo\":{\"@type\":\"ImageObject\",\"inLanguage\":\"de\",\"@id\":\"https:\/\/now-news.de\/de\/#\/schema\/logo\/image\/\",\"url\":\"http:\/\/just-now.news\/de\/wp-content\/uploads\/sites\/3\/2022\/04\/logo500x500.jpg\",\"contentUrl\":\"http:\/\/just-now.news\/de\/wp-content\/uploads\/sites\/3\/2022\/04\/logo500x500.jpg\",\"width\":500,\"height\":500,\"caption\":\"Just Now News\"},\"image\":{\"@id\":\"https:\/\/now-news.de\/de\/#\/schema\/logo\/image\/\"},\"sameAs\":[\"https:\/\/www.facebook.com\/wirmachenauf\",\"https:\/\/x.com\/WirMachenAuf_de\"]},{\"@type\":\"Person\",\"@id\":\"https:\/\/now-news.de\/de\/#\/schema\/person\/fb534a4e865501d8b3285208df34a9b5\",\"name\":\"rtnews\",\"image\":{\"@type\":\"ImageObject\",\"inLanguage\":\"de\",\"@id\":\"https:\/\/now-news.de\/de\/#\/schema\/person\/image\/\",\"url\":\"https:\/\/secure.gravatar.com\/avatar\/82aafea7d8127119dd649515f56e2117?s=96&d=mm&r=g\",\"contentUrl\":\"https:\/\/secure.gravatar.com\/avatar\/82aafea7d8127119dd649515f56e2117?s=96&d=mm&r=g\",\"caption\":\"rtnews\"},\"url\":\"https:\/\/now-news.de\/de\/author\/rnews\/\"}]}<\/script>\n<!-- \/ Yoast SEO Premium plugin. -->","yoast_head_json":{"title":"Grenell: Die Ukraine hatte nie Atomwaffen - just-now.NEWS Deutschland","robots":{"index":"index","follow":"follow","max-snippet":"max-snippet:-1","max-image-preview":"max-image-preview:large","max-video-preview":"max-video-preview:-1"},"canonical":"https:\/\/now-news.de\/de\/deutschland\/grenell-die-ukraine-hatte-nie-atomwaffen\/","og_locale":"de_DE","og_type":"article","og_title":"Grenell: Die Ukraine hatte nie Atomwaffen","og_description":"Die Atomwaffen, die im Land stationiert waren, waren immer unter russischer Kontrolle, sagte Richard Grenell, und nannte das eine &#8220;unbequeme Tatsache&#8221;. Wladimir Selenskij hatte j\u00fcngst erst wieder die Forderung &#8220;NATO oder Atomwaffen&#8221; erhoben. Die Atomwaffen, die die Ukraine in den 1990ern gem\u00e4\u00df den Vorgaben des Budapester Memorandums an Russland \u00fcbergeben hat, waren nie unter der [&hellip;]","og_url":"https:\/\/now-news.de\/de\/deutschland\/grenell-die-ukraine-hatte-nie-atomwaffen\/","og_site_name":"just-now.NEWS Deutschland","article_publisher":"https:\/\/www.facebook.com\/wirmachenauf","article_published_time":"2025-03-26T19:47:55+00:00","og_image":[{"url":"https:\/\/now-news.de\/de\/wp-content\/uploads\/sites\/3\/2025\/03\/67e4518b48fbef4be36dc890.jpg"}],"author":"rtnews","twitter_card":"summary_large_image","twitter_creator":"@WirMachenAuf_de","twitter_site":"@WirMachenAuf_de","twitter_misc":{"Verfasst von":"rtnews","Gesch\u00e4tzte Lesezeit":"2\u00a0Minuten"},"schema":{"@context":"https:\/\/schema.org","@graph":[{"@type":"Article","@id":"https:\/\/now-news.de\/de\/deutschland\/grenell-die-ukraine-hatte-nie-atomwaffen\/#article","isPartOf":{"@id":"https:\/\/now-news.de\/de\/deutschland\/grenell-die-ukraine-hatte-nie-atomwaffen\/"},"author":{"name":"rtnews","@id":"https:\/\/now-news.de\/de\/#\/schema\/person\/fb534a4e865501d8b3285208df34a9b5"},"headline":"Grenell: Die Ukraine hatte nie Atomwaffen","datePublished":"2025-03-26T19:47:55+00:00","dateModified":"2025-03-26T19:47:55+00:00","mainEntityOfPage":{"@id":"https:\/\/now-news.de\/de\/deutschland\/grenell-die-ukraine-hatte-nie-atomwaffen\/"},"wordCount":460,"commentCount":0,"publisher":{"@id":"https:\/\/now-news.de\/de\/#organization"},"image":{"@id":"https:\/\/now-news.de\/de\/deutschland\/grenell-die-ukraine-hatte-nie-atomwaffen\/#primaryimage"},"thumbnailUrl":"https:\/\/now-news.de\/de\/wp-content\/uploads\/sites\/3\/2025\/03\/Grenell-Die-Ukraine-hatte-nie-Atomwaffen.jpg","keywords":["Atomwaffen","die","Grenell","h\u00e4tte","nie","ukraine"],"articleSection":["Deutschland","Russland"],"inLanguage":"de","potentialAction":[{"@type":"CommentAction","name":"Comment","target":["https:\/\/now-news.de\/de\/deutschland\/grenell-die-ukraine-hatte-nie-atomwaffen\/#respond"]}]},{"@type":"WebPage","@id":"https:\/\/now-news.de\/de\/deutschland\/grenell-die-ukraine-hatte-nie-atomwaffen\/","url":"https:\/\/now-news.de\/de\/deutschland\/grenell-die-ukraine-hatte-nie-atomwaffen\/","name":"Grenell: Die Ukraine hatte nie Atomwaffen - just-now.NEWS Deutschland","isPartOf":{"@id":"https:\/\/now-news.de\/de\/#website"},"primaryImageOfPage":{"@id":"https:\/\/now-news.de\/de\/deutschland\/grenell-die-ukraine-hatte-nie-atomwaffen\/#primaryimage"},"image":{"@id":"https:\/\/now-news.de\/de\/deutschland\/grenell-die-ukraine-hatte-nie-atomwaffen\/#primaryimage"},"thumbnailUrl":"https:\/\/now-news.de\/de\/wp-content\/uploads\/sites\/3\/2025\/03\/Grenell-Die-Ukraine-hatte-nie-Atomwaffen.jpg","datePublished":"2025-03-26T19:47:55+00:00","dateModified":"2025-03-26T19:47:55+00:00","breadcrumb":{"@id":"https:\/\/now-news.de\/de\/deutschland\/grenell-die-ukraine-hatte-nie-atomwaffen\/#breadcrumb"},"inLanguage":"de","potentialAction":[{"@type":"ReadAction","target":["https:\/\/now-news.de\/de\/deutschland\/grenell-die-ukraine-hatte-nie-atomwaffen\/"]}]},{"@type":"ImageObject","inLanguage":"de","@id":"https:\/\/now-news.de\/de\/deutschland\/grenell-die-ukraine-hatte-nie-atomwaffen\/#primaryimage","url":"https:\/\/now-news.de\/de\/wp-content\/uploads\/sites\/3\/2025\/03\/Grenell-Die-Ukraine-hatte-nie-Atomwaffen.jpg","contentUrl":"https:\/\/now-news.de\/de\/wp-content\/uploads\/sites\/3\/2025\/03\/Grenell-Die-Ukraine-hatte-nie-Atomwaffen.jpg","width":460,"height":259,"caption":"Grenell: Die Ukraine hatte nie Atomwaffen"},{"@type":"BreadcrumbList","@id":"https:\/\/now-news.de\/de\/deutschland\/grenell-die-ukraine-hatte-nie-atomwaffen\/#breadcrumb","itemListElement":[{"@type":"ListItem","position":1,"name":"Home","item":"https:\/\/now-news.de\/de\/"},{"@type":"ListItem","position":2,"name":"Grenell: Die Ukraine hatte nie Atomwaffen"}]},{"@type":"WebSite","@id":"https:\/\/now-news.de\/de\/#website","url":"https:\/\/now-news.de\/de\/","name":"just-now.NEWS Deutschland","description":"Das Portal f\u00fcr unzensierte Nachrichten aus der Welt","publisher":{"@id":"https:\/\/now-news.de\/de\/#organization"},"potentialAction":[{"@type":"SearchAction","target":{"@type":"EntryPoint","urlTemplate":"https:\/\/now-news.de\/de\/?s={search_term_string}"},"query-input":"required name=search_term_string"}],"inLanguage":"de"},{"@type":"Organization","@id":"https:\/\/now-news.de\/de\/#organization","name":"Just Now News","url":"https:\/\/now-news.de\/de\/","logo":{"@type":"ImageObject","inLanguage":"de","@id":"https:\/\/now-news.de\/de\/#\/schema\/logo\/image\/","url":"http:\/\/just-now.news\/de\/wp-content\/uploads\/sites\/3\/2022\/04\/logo500x500.jpg","contentUrl":"http:\/\/just-now.news\/de\/wp-content\/uploads\/sites\/3\/2022\/04\/logo500x500.jpg","width":500,"height":500,"caption":"Just Now News"},"image":{"@id":"https:\/\/now-news.de\/de\/#\/schema\/logo\/image\/"},"sameAs":["https:\/\/www.facebook.com\/wirmachenauf","https:\/\/x.com\/WirMachenAuf_de"]},{"@type":"Person","@id":"https:\/\/now-news.de\/de\/#\/schema\/person\/fb534a4e865501d8b3285208df34a9b5","name":"rtnews","image":{"@type":"ImageObject","inLanguage":"de","@id":"https:\/\/now-news.de\/de\/#\/schema\/person\/image\/","url":"https:\/\/secure.gravatar.com\/avatar\/82aafea7d8127119dd649515f56e2117?s=96&d=mm&r=g","contentUrl":"https:\/\/secure.gravatar.com\/avatar\/82aafea7d8127119dd649515f56e2117?s=96&d=mm&r=g","caption":"rtnews"},"url":"https:\/\/now-news.de\/de\/author\/rnews\/"}]}},"_links":{"self":[{"href":"https:\/\/now-news.de\/de\/wp-json\/wp\/v2\/posts\/81004"}],"collection":[{"href":"https:\/\/now-news.de\/de\/wp-json\/wp\/v2\/posts"}],"about":[{"href":"https:\/\/now-news.de\/de\/wp-json\/wp\/v2\/types\/post"}],"author":[{"embeddable":true,"href":"https:\/\/now-news.de\/de\/wp-json\/wp\/v2\/users\/3"}],"replies":[{"embeddable":true,"href":"https:\/\/now-news.de\/de\/wp-json\/wp\/v2\/comments?post=81004"}],"version-history":[{"count":0,"href":"https:\/\/now-news.de\/de\/wp-json\/wp\/v2\/posts\/81004\/revisions"}],"wp:featuredmedia":[{"embeddable":true,"href":"https:\/\/now-news.de\/de\/wp-json\/wp\/v2\/media\/81005"}],"wp:attachment":[{"href":"https:\/\/now-news.de\/de\/wp-json\/wp\/v2\/media?parent=81004"}],"wp:term":[{"taxonomy":"category","embeddable":true,"href":"https:\/\/now-news.de\/de\/wp-json\/wp\/v2\/categories?post=81004"},{"taxonomy":"post_tag","embeddable":true,"href":"https:\/\/now-news.de\/de\/wp-json\/wp\/v2\/tags?post=81004"}],"curies":[{"name":"wp","href":"https:\/\/api.w.org\/{rel}","templated":true}]}}