{"id":8099,"date":"2022-05-18T05:29:00","date_gmt":"2022-05-18T03:29:00","guid":{"rendered":"http:\/\/just-now.news\/de\/usa\/die-anklage-gegen-einen-schwarzen-mann-aus-michigan-der-aeltere-weisse-pflegeheimpatienten-schlug-wurde-fallen-gelassen\/"},"modified":"2022-05-18T05:29:00","modified_gmt":"2022-05-18T03:29:00","slug":"die-anklage-gegen-einen-schwarzen-mann-aus-michigan-der-aeltere-weisse-pflegeheimpatienten-schlug-wurde-fallen-gelassen","status":"publish","type":"post","link":"https:\/\/now-news.de\/de\/usa\/die-anklage-gegen-einen-schwarzen-mann-aus-michigan-der-aeltere-weisse-pflegeheimpatienten-schlug-wurde-fallen-gelassen\/","title":{"rendered":"Die Anklage gegen einen schwarzen Mann aus Michigan, der \u00e4ltere wei\u00dfe Pflegeheimpatienten schlug, wurde fallen gelassen"},"content":{"rendered":"<div class=\"entry-content\">\n<p><\/p>\n<p>Im Mai 2020 kursierten in den sozialen Medien zahlreiche verst\u00f6rende Videos, die einen schwarzen Mann aus Michigan zeigen, der \u00e4ltere wei\u00dfe M\u00e4nner und Frauen in Pflegeheimen schl\u00e4gt.<\/p>\n<p>Jaden Hayden stammt Berichten zufolge aus Westland, Michigan, und hat \u00e4ltere wei\u00dfe Pflegeheimpatienten zum Sport geschlagen.<\/p>\n<div id=\"IC1-ad\" class=\"sponsor IC1\">\n<p class=\"ad-notice flipboard-remove\" fl:fl-noexcerpt=\"true\">Werbung \u2013 die Geschichte geht unten weiter<\/p>\n<div id=\"IC1\">\n<script>\n\t\t\t\t\tif( FFADS.units.IC1 && FFADS.units.IC1.ad_type == 'custom' && FFADS.units.IC1.custom_ads && ! getCookie( 'ff_subbed' ) ) {\n\t\t\t\t\t\tdocument.getElementById( 'IC1' ).innerHTML = FFADS.units.IC1.custom_ads[0].code;\n\t\t\t\t\t\tif( ! FFADS.units.IC1.lazy_load ) eval( FFADS.units.IC1.custom_ads[0].rendering_script );\n\t\t\t\t\t}\n\t\t\t\t\telse if( FFADS.units.IC1 && ! getCookie( 'ff_subbed' ) ) {\n\t\t\t\t\t\tif( 'IC' != 'SB' && 'IC' != 'SA' && FFADS.use_fixed_containers ) {\n\t\t\t\t\t\t\tlet max_wh = firefly_size_list_to_max_wh( FFADS.units.IC1.sizes );\n\t\t\t\t\t\t\tlet el = document.querySelector( '#IC1' );\n\t\t\t\t\t\t\tif( 'IC' != 'SA' && FFADS.slide_pixels ) {\n\t\t\t\t\t\t\t\tmax_wh[1] += parseInt( FFADS.slide_pixels );\n\t\t\t\t\t\t\t\tel.classList.add( 'sliding' );\n\t\t\t\t\t\t\t}\n\t\t\t\t\t\t\tel.style.width = max_wh[0] + 'px';\n\t\t\t\t\t\t\tel.style.height = max_wh[1] + 'px';\n\t\t\t\t\t\t\tel.classList.add( 'fixed-size' );\n\t\t\t\t\t\t}\n\t\t\t\t\t\tgoogletag.cmd.push( function() {\n\t\t\t\t\t\t\tFFADS.debug( 'googletag.displaying IC1' );\n\t\t\t\t\t\t\tgoogletag.display( 'IC1' );\n\t\t\t\t\t\t} );\n\t\t\t\t\t}\n\t\t\t\t\telse {\n\t\t\t\t\t\tdocument.querySelector( '#IC1-ad' ).style.display = 'none';}\n\t\t\t\t<\/script><\/div>\n<\/div>\n<p>Hayden filmte sich dabei, wie er die Senioren in ihren Betten schlug, bis sie bluteten.<\/p>\n<p>Ein Opfer wurde sp\u00e4ter als 75-j\u00e4hriger Veteran identifiziert. <\/p>\n<p><script>\n\t\t\t\t\tif( ! getCookie( 'ff_subbed' ) ) if( typeof FFADS.replace_ict != 'undefined' ) if( FFADS.replace_ict ) eval( FFADS.replace_ict );\n\t\t\t\t<\/script><\/p>\n<blockquote class=\"twitter-tweet\">\n<p lang=\"en\" dir=\"ltr\">Dies wurde auch auf meiner gepostet <a rel=\"nofollow noopener\" target=\"_blank\" href=\"https:\/\/twitter.com\/Twitter\">@Twitter<\/a> f\u00fcttern u <a rel=\"nofollow noopener\" target=\"_blank\" href=\"https:\/\/twitter.com\/JudicialWatch\">@ JudicialWatch<\/a> Kontakt zu den Beh\u00f6rden aufgenommen, die dann auf unsere Besorgnis hin diese Person festgenommen haben.  Danke an diejenigen, die uns dabei geholfen haben.  https:\/\/t.co\/zER9GCWVK4<\/p>\n<p>\u2013 Tom Fitton (@TomFitton) <a rel=\"nofollow noopener\" target=\"_blank\" href=\"https:\/\/twitter.com\/TomFitton\/status\/1263570382923186182\">21. Mai 2020<\/a><\/p>\n<\/blockquote>\n<p> <script async src=\"https:\/\/platform.twitter.com\/widgets.js\" charset=\"utf-8\"><\/script><\/p>\n<div id=\"IC2-ad\" class=\"sponsor IC2\">\n<p class=\"ad-notice flipboard-remove\" fl:fl-noexcerpt=\"true\">Werbung \u2013 die Geschichte geht unten weiter<\/p>\n<div id=\"IC2\">\n<script>\n\t\t\t\t\tif( FFADS.units.IC2 && FFADS.units.IC2.ad_type == 'custom' && FFADS.units.IC2.custom_ads && ! getCookie( 'ff_subbed' ) ) {\n\t\t\t\t\t\tdocument.getElementById( 'IC2' ).innerHTML = FFADS.units.IC2.custom_ads[0].code;\n\t\t\t\t\t\tif( ! FFADS.units.IC2.lazy_load ) eval( FFADS.units.IC2.custom_ads[0].rendering_script );\n\t\t\t\t\t}\n\t\t\t\t\telse if( FFADS.units.IC2 && ! getCookie( 'ff_subbed' ) ) {\n\t\t\t\t\t\tif( 'IC' != 'SB' && 'IC' != 'SA' && FFADS.use_fixed_containers ) {\n\t\t\t\t\t\t\tlet max_wh = firefly_size_list_to_max_wh( FFADS.units.IC2.sizes );\n\t\t\t\t\t\t\tlet el = document.querySelector( '#IC2' );\n\t\t\t\t\t\t\tif( 'IC' != 'SA' && FFADS.slide_pixels ) {\n\t\t\t\t\t\t\t\tmax_wh[1] += parseInt( FFADS.slide_pixels );\n\t\t\t\t\t\t\t\tel.classList.add( 'sliding' );\n\t\t\t\t\t\t\t}\n\t\t\t\t\t\t\tel.style.width = max_wh[0] + 'px';\n\t\t\t\t\t\t\tel.style.height = max_wh[1] + 'px';\n\t\t\t\t\t\t\tel.classList.add( 'fixed-size' );\n\t\t\t\t\t\t}\n\t\t\t\t\t\tgoogletag.cmd.push( function() {\n\t\t\t\t\t\t\tFFADS.debug( 'googletag.displaying IC2' );\n\t\t\t\t\t\t\tgoogletag.display( 'IC2' );\n\t\t\t\t\t\t} );\n\t\t\t\t\t}\n\t\t\t\t\telse {\n\t\t\t\t\t\tdocument.querySelector( '#IC2-ad' ).style.display = 'none';}\n\t\t\t\t<\/script><\/div>\n<\/div>\n<p>Hayden wurde in die Pflegeheimeinrichtung geschickt, um sich von Coronavirus zu erholen, also missbrauchte er nicht nur \u00e4ltere Patienten, er verbreitete auch Covid.<\/p>\n<p>Hayden wurde festgenommen und angeklagt, kurz nachdem die Videos, in denen er \u00e4ltere Opfer missbrauchte, viral wurden.<\/p>\n<p>Haydens Vater argumentierte, dass sein Sohn keine b\u00f6sartige Person sei und dass er ein Opfer des Systems sei.<\/p>\n<p>Die Anklage gegen Jaden Hayden wurde diese Woche fallen gelassen, nachdem er f\u00fcr unf\u00e4hig erkl\u00e4rt worden war, sich einem Prozess zu stellen. <\/p>\n<p>WXYZ berichtet:<\/p>\n<div id=\"IC3-ad\" class=\"sponsor IC3\">\n<p class=\"ad-notice flipboard-remove\" fl:fl-noexcerpt=\"true\">Werbung \u2013 die Geschichte geht unten weiter<\/p>\n<div id=\"IC3\">\n<script>\n\t\t\t\t\tif( FFADS.units.IC3 && FFADS.units.IC3.ad_type == 'custom' && FFADS.units.IC3.custom_ads && ! getCookie( 'ff_subbed' ) ) {\n\t\t\t\t\t\tdocument.getElementById( 'IC3' ).innerHTML = FFADS.units.IC3.custom_ads[0].code;\n\t\t\t\t\t\tif( ! FFADS.units.IC3.lazy_load ) eval( FFADS.units.IC3.custom_ads[0].rendering_script );\n\t\t\t\t\t}\n\t\t\t\t\telse if( FFADS.units.IC3 && ! getCookie( 'ff_subbed' ) ) {\n\t\t\t\t\t\tif( 'IC' != 'SB' && 'IC' != 'SA' && FFADS.use_fixed_containers ) {\n\t\t\t\t\t\t\tlet max_wh = firefly_size_list_to_max_wh( FFADS.units.IC3.sizes );\n\t\t\t\t\t\t\tlet el = document.querySelector( '#IC3' );\n\t\t\t\t\t\t\tif( 'IC' != 'SA' && FFADS.slide_pixels ) {\n\t\t\t\t\t\t\t\tmax_wh[1] += parseInt( FFADS.slide_pixels );\n\t\t\t\t\t\t\t\tel.classList.add( 'sliding' );\n\t\t\t\t\t\t\t}\n\t\t\t\t\t\t\tel.style.width = max_wh[0] + 'px';\n\t\t\t\t\t\t\tel.style.height = max_wh[1] + 'px';\n\t\t\t\t\t\t\tel.classList.add( 'fixed-size' );\n\t\t\t\t\t\t}\n\t\t\t\t\t\tgoogletag.cmd.push( function() {\n\t\t\t\t\t\t\tFFADS.debug( 'googletag.displaying IC3' );\n\t\t\t\t\t\t\tgoogletag.display( 'IC3' );\n\t\t\t\t\t\t} );\n\t\t\t\t\t}\n\t\t\t\t\telse {\n\t\t\t\t\t\tdocument.querySelector( '#IC3-ad' ).style.display = 'none';}\n\t\t\t\t<\/script><\/div>\n<\/div>\n<blockquote>\n<p>\u201eEr sollte nicht im Gef\u00e4ngnis sein\u201c, sagte Marty Hayden \u00fcber seinen 22-j\u00e4hrigen Sohn Jaden, der wegen mehrerer Anklagepunkte angeklagt wurde, darunter der Pr\u00fcgelstrafe gegen Norman Bledsoe im Mai 2020 in einem Pflegeheim im Westen von Detroit.  .<\/p>\n<p>Die Anklage gegen Jaden Hayden wurde fallen gelassen, nachdem er f\u00fcr unzurechnungsf\u00e4hig erkl\u00e4rt worden war.<\/p>\n<p>Marty Hayden sagte, wenn sein Sohn verurteilt und ins Gef\u00e4ngnis gesteckt w\u00fcrde, w\u00fcrde dies seine psychischen Gesundheitsprobleme nur verschlimmern.<\/p>\n<p>\u201eDas System wird ihn also wieder im Stich lassen.  Er wird nicht rehabilitiert\u201c, sagte Marty Hayden am Dienstag gegen\u00fcber 7 Action News und f\u00fcgte hinzu, dass er aufgrund der psychischen Probleme seines Sohnes die Schwere seiner Handlungen nicht verstehen k\u00f6nne.<\/p>\n<div id=\"IC4-ad\" class=\"sponsor IC4\">\n<p class=\"ad-notice flipboard-remove\" fl:fl-noexcerpt=\"true\">Werbung \u2013 die Geschichte geht unten weiter<\/p>\n<div id=\"IC4\">\n<script>\n\t\t\t\t\tif( FFADS.units.IC4 && FFADS.units.IC4.ad_type == 'custom' && FFADS.units.IC4.custom_ads && ! getCookie( 'ff_subbed' ) ) {\n\t\t\t\t\t\tdocument.getElementById( 'IC4' ).innerHTML = FFADS.units.IC4.custom_ads[0].code;\n\t\t\t\t\t\tif( ! FFADS.units.IC4.lazy_load ) eval( FFADS.units.IC4.custom_ads[0].rendering_script );\n\t\t\t\t\t}\n\t\t\t\t\telse if( FFADS.units.IC4 && ! getCookie( 'ff_subbed' ) ) {\n\t\t\t\t\t\tif( 'IC' != 'SB' && 'IC' != 'SA' && FFADS.use_fixed_containers ) {\n\t\t\t\t\t\t\tlet max_wh = firefly_size_list_to_max_wh( FFADS.units.IC4.sizes );\n\t\t\t\t\t\t\tlet el = document.querySelector( '#IC4' );\n\t\t\t\t\t\t\tif( 'IC' != 'SA' && FFADS.slide_pixels ) {\n\t\t\t\t\t\t\t\tmax_wh[1] += parseInt( FFADS.slide_pixels );\n\t\t\t\t\t\t\t\tel.classList.add( 'sliding' );\n\t\t\t\t\t\t\t}\n\t\t\t\t\t\t\tel.style.width = max_wh[0] + 'px';\n\t\t\t\t\t\t\tel.style.height = max_wh[1] + 'px';\n\t\t\t\t\t\t\tel.classList.add( 'fixed-size' );\n\t\t\t\t\t\t}\n\t\t\t\t\t\tgoogletag.cmd.push( function() {\n\t\t\t\t\t\t\tFFADS.debug( 'googletag.displaying IC4' );\n\t\t\t\t\t\t\tgoogletag.display( 'IC4' );\n\t\t\t\t\t\t} );\n\t\t\t\t\t}\n\t\t\t\t\telse {\n\t\t\t\t\t\tdocument.querySelector( '#IC4-ad' ).style.display = 'none';}\n\t\t\t\t<\/script><\/div>\n<\/div>\n<p>Marty Hayden hofft, einen Anwalt zu finden, den er strafrechtlich verfolgen kann, weil er seinen Sohn in ein Pflegeheim gebracht hat, wo er glaubt, dass er scheitern w\u00fcrde und Bledsoe ein Opfer wurde.<\/p>\n<p>\u201eWarum ihn in ein Pflegeheim stecken?  \u00c4ltere Menschen sind in der N\u00e4he \u201c, sagte er.<\/p>\n<p>Jaden Hayden filmte sich selbst auf einem Video, das wiederholt von Bledsoe getroffen wurde, als ein Armeeveteran in seinem Bett lag.  Zwei M\u00e4nner lebten in einem Zimmer im Westwood Nursing Center auf der West Side von Detroit.<\/p>\n<p>Jaden Hayden war in einem Wohnheim in Washington County, als er seinen Vater anrief, um ihm zu sagen, dass er Stimmen h\u00f6rte und dachte, die Leute wollten ihn t\u00f6ten.<\/p>\n<div id=\"REP_0-ad\" class=\"sponsor REP\">\n<p class=\"ad-notice flipboard-remove\" fl:fl-noexcerpt=\"true\">Werbung \u2013 die Geschichte geht unten weiter<\/p>\n<div id=\"REP_0\">\n<script>\n\t\t\t\t\tif( FFADS.units.IC5 && FFADS.units.IC5.ad_type == 'custom' && FFADS.units.IC5.custom_ads && ! getCookie( 'ff_subbed' ) ) {\n\t\t\t\t\t\tdocument.getElementById( 'REP_0' ).innerHTML = FFADS.units.IC5.custom_ads[0].code;\n\t\t\t\t\t\tif( ! FFADS.units.IC5.lazy_load ) eval( FFADS.units.IC5.custom_ads[0].rendering_script );\n\t\t\t\t\t}\n\t\t\t\t\telse if( FFADS.units.IC5 && ! getCookie( 'ff_subbed' ) ) {\n\t\t\t\t\t\tif( 'RE' != 'SB' && 'RE' != 'SA' && FFADS.use_fixed_containers ) {\n\t\t\t\t\t\t\tlet max_wh = firefly_size_list_to_max_wh( FFADS.units.IC5.sizes );\n\t\t\t\t\t\t\tlet el = document.querySelector( '#REP_0' );\n\t\t\t\t\t\t\tif( 'RE' != 'SA' && FFADS.slide_pixels ) {\n\t\t\t\t\t\t\t\tmax_wh[1] += parseInt( FFADS.slide_pixels );\n\t\t\t\t\t\t\t\tel.classList.add( 'sliding' );\n\t\t\t\t\t\t\t}\n\t\t\t\t\t\t\tel.style.width = max_wh[0] + 'px';\n\t\t\t\t\t\t\tel.style.height = max_wh[1] + 'px';\n\t\t\t\t\t\t\tel.classList.add( 'fixed-size' );\n\t\t\t\t\t\t}\n\t\t\t\t\t\tgoogletag.cmd.push( function() {\n\t\t\t\t\t\t\tFFADS.debug( 'googletag.displaying REP_0' );\n\t\t\t\t\t\t\tgoogletag.display( 'REP_0' );\n\t\t\t\t\t\t} );\n\t\t\t\t\t}\n\t\t\t\t\telse {\n\t\t\t\t\t\tdocument.querySelector( '#REP_0-ad' ).style.display = 'none';}\n\t\t\t\t<\/script><\/div>\n<\/div>\n<p>\u201eEr steckte in einer Krise\u201c, sagte Marty Hayden \u00fcber seinen Sohn, der eine Vorgeschichte von gewaltt\u00e4tigem Verhalten hatte.<\/p>\n<\/blockquote>\n<p class=\"article-ask\"><span class=\"ask\"><script>\n  if( getParameterByName( \"utm_source\" ) == \"testpage\" ) {\n    !function(e,t,a,n,g){e[n]=e[n]||[],e[n].push({\"gtm.start\":(new Date).getTime(),event:\"gtm.js\"});var m=t.getElementsByTagName(a)[0],r=t.createElement(a);r.async=!0,r.src=\"https:\/\/www.googletagmanager.com\/gtm.js?id=GTM-PL4PD49\",m.parentNode.insertBefore(r,m)}(window.parent,window.parent.document,\"script\",\"dataLayer\");\n    var iframe=window.parent.document.createElement(\"iframe\");iframe.src=\"https:\/\/www.googletagmanager.com\/ns.html?id=GTM-PL4PD49\";iframe.height=\"0\";iframe.width=\"0\";iframe.style=\"display:none;visibility:hidden\";window.parent.document.body.appendChild(iframe);\n    window.parent[\"$$mm-analytics\"] = window.parent[\"$$mm-analytics\"] || {};if (typeof window.parent[\"$$mm-analytics\"].firstEmbed === \"undefined\") {window.parent[\"$$mm-analytics\"].firstEmbed = Date.now();}\n    let as1 = document.createElement( \"script\" );\n    as1.src = \"https:\/\/bucket1.mm-syringe.com\/prod\/configs\/ee2300c8-43d2-7f0b-dac0-40aaf31c9d3d.js\";\n    document.body.appendChild( as1 );\n    let as2 = document.createElement( \"script\" );\n    as2.src = \"https:\/\/bucket1.mm-syringe.com\/prod\/injector\/injector.1.5.3.js\";\n    document.body.appendChild( as2 );\n  }\n<\/script><\/p>\n<div class=\"apester-media\" data-token=\"5f10a39f94902bc81d3d59a7\" data-context=\"true\" data-tags=\"\" data-fallback=\"true\" height=\"350\"><\/div>\n<p><script id=\"apester_script\" src=\"https:\/\/static.apester.com\/js\/sdk\/latest\/apester-sdk.js\" async><\/script><script async src=\"https:\/\/www.googletagmanager.com\/gtag\/js?id=G-EFE91RJVSQ\"><\/script><script>\n  window.dataLayer = window.dataLayer || [];\n  function gtag(){dataLayer.push(arguments);}\n  gtag(\\'js\\', new Date());\n  gtag(\\'config\\', \\'G-EFE91RJVSQ\\');\n<\/script><\/span><\/p>\n<\/div>\n<p><br \/>\n<br \/><a href=\"https:\/\/www.thegatewaypundit.com\/2022\/05\/charges-black-michigan-man-beat-elderly-white-nursing-home-patients-dropped\/\">Source link <\/a><\/p>\n","protected":false},"excerpt":{"rendered":"<p>Im Mai 2020 kursierten in den sozialen Medien zahlreiche verst\u00f6rende Videos, die einen schwarzen Mann aus Michigan zeigen, der \u00e4ltere wei\u00dfe M\u00e4nner und Frauen in Pflegeheimen schl\u00e4gt. Jaden Hayden stammt Berichten zufolge aus Westland, Michigan, und hat \u00e4ltere wei\u00dfe Pflegeheimpatienten zum Sport geschlagen. Werbung \u2013 die Geschichte geht unten weiter Hayden filmte sich dabei, wie [&hellip;]<\/p>\n","protected":false},"author":5,"featured_media":8100,"comment_status":"open","ping_status":"open","sticky":false,"template":"","format":"standard","meta":{"wp_automatic_camp":["1161"],"a1b74763f57f8375d883bf9abc59f8a8":["Die Anklage gegen einen schwarzen Mann aus Michigan, der \u00e4ltere wei\u00dfe Pflegeheimpatienten schlug, wurde fallen gelassen\n"],"original_link":["https:\/\/www.thegatewaypundit.com\/2022\/05\/charges-black-michigan-man-beat-elderly-white-nursing-home-patients-dropped\/"],"_thumbnail_id":["8100"],"wp_automatic_remove_first_image":["yes"],"jnews_social_counter_last_update":["1777301614"]},"categories":[25],"tags":[20683,8054,679,82,45,768,4179,278,8057,8042,1956,20684,9403,13171,3683,528],"yoast_head":"<!-- This site is optimized with the Yoast SEO Premium plugin v22.7 (Yoast SEO v22.7) - https:\/\/yoast.com\/wordpress\/plugins\/seo\/ -->\n<title>Die Anklage gegen einen schwarzen Mann aus Michigan, der \u00e4ltere wei\u00dfe Pflegeheimpatienten schlug, wurde fallen gelassen - just-now.NEWS Deutschland<\/title>\n<meta name=\"robots\" content=\"index, follow, max-snippet:-1, max-image-preview:large, max-video-preview:-1\" \/>\n<link rel=\"canonical\" href=\"https:\/\/now-news.de\/de\/usa\/die-anklage-gegen-einen-schwarzen-mann-aus-michigan-der-aeltere-weisse-pflegeheimpatienten-schlug-wurde-fallen-gelassen\/\" \/>\n<meta property=\"og:locale\" content=\"de_DE\" \/>\n<meta property=\"og:type\" content=\"article\" \/>\n<meta property=\"og:title\" content=\"Die Anklage gegen einen schwarzen Mann aus Michigan, der \u00e4ltere wei\u00dfe Pflegeheimpatienten schlug, wurde fallen gelassen\" \/>\n<meta property=\"og:description\" content=\"Im Mai 2020 kursierten in den sozialen Medien zahlreiche verst\u00f6rende Videos, die einen schwarzen Mann aus Michigan zeigen, der \u00e4ltere wei\u00dfe M\u00e4nner und Frauen in Pflegeheimen schl\u00e4gt. Jaden Hayden stammt Berichten zufolge aus Westland, Michigan, und hat \u00e4ltere wei\u00dfe Pflegeheimpatienten zum Sport geschlagen. Werbung \u2013 die Geschichte geht unten weiter Hayden filmte sich dabei, wie [&hellip;]\" \/>\n<meta property=\"og:url\" content=\"https:\/\/now-news.de\/de\/usa\/die-anklage-gegen-einen-schwarzen-mann-aus-michigan-der-aeltere-weisse-pflegeheimpatienten-schlug-wurde-fallen-gelassen\/\" \/>\n<meta property=\"og:site_name\" content=\"just-now.NEWS Deutschland\" \/>\n<meta property=\"article:publisher\" content=\"https:\/\/www.facebook.com\/wirmachenauf\" \/>\n<meta property=\"article:published_time\" content=\"2022-05-18T03:29:00+00:00\" \/>\n<meta property=\"og:image\" content=\"https:\/\/now-news.de\/de\/wp-content\/uploads\/sites\/3\/2022\/05\/Die-Anklage-gegen-einen-schwarzen-Mann-aus-Michigan-der-aeltere.jpg\" \/>\n\t<meta property=\"og:image:width\" content=\"600\" \/>\n\t<meta property=\"og:image:height\" content=\"334\" \/>\n\t<meta property=\"og:image:type\" content=\"image\/jpeg\" \/>\n<meta name=\"author\" content=\"greatreset\" \/>\n<meta name=\"twitter:card\" content=\"summary_large_image\" \/>\n<meta name=\"twitter:creator\" content=\"@WirMachenAuf_de\" \/>\n<meta name=\"twitter:site\" content=\"@WirMachenAuf_de\" \/>\n<meta name=\"twitter:label1\" content=\"Verfasst von\" \/>\n\t<meta name=\"twitter:data1\" content=\"greatreset\" \/>\n\t<meta name=\"twitter:label2\" content=\"Gesch\u00e4tzte Lesezeit\" \/>\n\t<meta name=\"twitter:data2\" content=\"2\u00a0Minuten\" \/>\n<script type=\"application\/ld+json\" class=\"yoast-schema-graph\">{\"@context\":\"https:\/\/schema.org\",\"@graph\":[{\"@type\":\"Article\",\"@id\":\"https:\/\/now-news.de\/de\/usa\/die-anklage-gegen-einen-schwarzen-mann-aus-michigan-der-aeltere-weisse-pflegeheimpatienten-schlug-wurde-fallen-gelassen\/#article\",\"isPartOf\":{\"@id\":\"https:\/\/now-news.de\/de\/usa\/die-anklage-gegen-einen-schwarzen-mann-aus-michigan-der-aeltere-weisse-pflegeheimpatienten-schlug-wurde-fallen-gelassen\/\"},\"author\":{\"name\":\"greatreset\",\"@id\":\"https:\/\/now-news.de\/de\/#\/schema\/person\/8afb4cd92b68572db7902c13a349ffcb\"},\"headline\":\"Die Anklage gegen einen schwarzen Mann aus Michigan, der \u00e4ltere wei\u00dfe Pflegeheimpatienten schlug, wurde fallen gelassen\",\"datePublished\":\"2022-05-18T03:29:00+00:00\",\"dateModified\":\"2022-05-18T03:29:00+00:00\",\"mainEntityOfPage\":{\"@id\":\"https:\/\/now-news.de\/de\/usa\/die-anklage-gegen-einen-schwarzen-mann-aus-michigan-der-aeltere-weisse-pflegeheimpatienten-schlug-wurde-fallen-gelassen\/\"},\"wordCount\":509,\"commentCount\":0,\"publisher\":{\"@id\":\"https:\/\/now-news.de\/de\/#organization\"},\"image\":{\"@id\":\"https:\/\/now-news.de\/de\/usa\/die-anklage-gegen-einen-schwarzen-mann-aus-michigan-der-aeltere-weisse-pflegeheimpatienten-schlug-wurde-fallen-gelassen\/#primaryimage\"},\"thumbnailUrl\":\"https:\/\/now-news.de\/de\/wp-content\/uploads\/sites\/3\/2022\/05\/Die-Anklage-gegen-einen-schwarzen-Mann-aus-Michigan-der-aeltere.jpg\",\"keywords\":[\"\u00e4ltere\",\"Anklage\",\"aus\",\"der\",\"die\",\"einen\",\"fallen\",\"gegen\",\"gelassen\",\"Mann\",\"Michigan\",\"Pflegeheimpatienten\",\"schlug\",\"Schwarzen\",\"Wei\u00dfe\",\"wurde\"],\"articleSection\":[\"USA\"],\"inLanguage\":\"de\",\"potentialAction\":[{\"@type\":\"CommentAction\",\"name\":\"Comment\",\"target\":[\"https:\/\/now-news.de\/de\/usa\/die-anklage-gegen-einen-schwarzen-mann-aus-michigan-der-aeltere-weisse-pflegeheimpatienten-schlug-wurde-fallen-gelassen\/#respond\"]}]},{\"@type\":\"WebPage\",\"@id\":\"https:\/\/now-news.de\/de\/usa\/die-anklage-gegen-einen-schwarzen-mann-aus-michigan-der-aeltere-weisse-pflegeheimpatienten-schlug-wurde-fallen-gelassen\/\",\"url\":\"https:\/\/now-news.de\/de\/usa\/die-anklage-gegen-einen-schwarzen-mann-aus-michigan-der-aeltere-weisse-pflegeheimpatienten-schlug-wurde-fallen-gelassen\/\",\"name\":\"Die Anklage gegen einen schwarzen Mann aus Michigan, der \u00e4ltere wei\u00dfe Pflegeheimpatienten schlug, wurde fallen gelassen - just-now.NEWS Deutschland\",\"isPartOf\":{\"@id\":\"https:\/\/now-news.de\/de\/#website\"},\"primaryImageOfPage\":{\"@id\":\"https:\/\/now-news.de\/de\/usa\/die-anklage-gegen-einen-schwarzen-mann-aus-michigan-der-aeltere-weisse-pflegeheimpatienten-schlug-wurde-fallen-gelassen\/#primaryimage\"},\"image\":{\"@id\":\"https:\/\/now-news.de\/de\/usa\/die-anklage-gegen-einen-schwarzen-mann-aus-michigan-der-aeltere-weisse-pflegeheimpatienten-schlug-wurde-fallen-gelassen\/#primaryimage\"},\"thumbnailUrl\":\"https:\/\/now-news.de\/de\/wp-content\/uploads\/sites\/3\/2022\/05\/Die-Anklage-gegen-einen-schwarzen-Mann-aus-Michigan-der-aeltere.jpg\",\"datePublished\":\"2022-05-18T03:29:00+00:00\",\"dateModified\":\"2022-05-18T03:29:00+00:00\",\"breadcrumb\":{\"@id\":\"https:\/\/now-news.de\/de\/usa\/die-anklage-gegen-einen-schwarzen-mann-aus-michigan-der-aeltere-weisse-pflegeheimpatienten-schlug-wurde-fallen-gelassen\/#breadcrumb\"},\"inLanguage\":\"de\",\"potentialAction\":[{\"@type\":\"ReadAction\",\"target\":[\"https:\/\/now-news.de\/de\/usa\/die-anklage-gegen-einen-schwarzen-mann-aus-michigan-der-aeltere-weisse-pflegeheimpatienten-schlug-wurde-fallen-gelassen\/\"]}]},{\"@type\":\"ImageObject\",\"inLanguage\":\"de\",\"@id\":\"https:\/\/now-news.de\/de\/usa\/die-anklage-gegen-einen-schwarzen-mann-aus-michigan-der-aeltere-weisse-pflegeheimpatienten-schlug-wurde-fallen-gelassen\/#primaryimage\",\"url\":\"https:\/\/now-news.de\/de\/wp-content\/uploads\/sites\/3\/2022\/05\/Die-Anklage-gegen-einen-schwarzen-Mann-aus-Michigan-der-aeltere.jpg\",\"contentUrl\":\"https:\/\/now-news.de\/de\/wp-content\/uploads\/sites\/3\/2022\/05\/Die-Anklage-gegen-einen-schwarzen-Mann-aus-Michigan-der-aeltere.jpg\",\"width\":600,\"height\":334},{\"@type\":\"BreadcrumbList\",\"@id\":\"https:\/\/now-news.de\/de\/usa\/die-anklage-gegen-einen-schwarzen-mann-aus-michigan-der-aeltere-weisse-pflegeheimpatienten-schlug-wurde-fallen-gelassen\/#breadcrumb\",\"itemListElement\":[{\"@type\":\"ListItem\",\"position\":1,\"name\":\"Home\",\"item\":\"https:\/\/now-news.de\/de\/\"},{\"@type\":\"ListItem\",\"position\":2,\"name\":\"Die Anklage gegen einen schwarzen Mann aus Michigan, der \u00e4ltere wei\u00dfe Pflegeheimpatienten schlug, wurde fallen gelassen\"}]},{\"@type\":\"WebSite\",\"@id\":\"https:\/\/now-news.de\/de\/#website\",\"url\":\"https:\/\/now-news.de\/de\/\",\"name\":\"just-now.NEWS Deutschland\",\"description\":\"Das Portal f\u00fcr unzensierte Nachrichten aus der Welt\",\"publisher\":{\"@id\":\"https:\/\/now-news.de\/de\/#organization\"},\"potentialAction\":[{\"@type\":\"SearchAction\",\"target\":{\"@type\":\"EntryPoint\",\"urlTemplate\":\"https:\/\/now-news.de\/de\/?s={search_term_string}\"},\"query-input\":\"required name=search_term_string\"}],\"inLanguage\":\"de\"},{\"@type\":\"Organization\",\"@id\":\"https:\/\/now-news.de\/de\/#organization\",\"name\":\"Just Now News\",\"url\":\"https:\/\/now-news.de\/de\/\",\"logo\":{\"@type\":\"ImageObject\",\"inLanguage\":\"de\",\"@id\":\"https:\/\/now-news.de\/de\/#\/schema\/logo\/image\/\",\"url\":\"http:\/\/just-now.news\/de\/wp-content\/uploads\/sites\/3\/2022\/04\/logo500x500.jpg\",\"contentUrl\":\"http:\/\/just-now.news\/de\/wp-content\/uploads\/sites\/3\/2022\/04\/logo500x500.jpg\",\"width\":500,\"height\":500,\"caption\":\"Just Now News\"},\"image\":{\"@id\":\"https:\/\/now-news.de\/de\/#\/schema\/logo\/image\/\"},\"sameAs\":[\"https:\/\/www.facebook.com\/wirmachenauf\",\"https:\/\/x.com\/WirMachenAuf_de\"]},{\"@type\":\"Person\",\"@id\":\"https:\/\/now-news.de\/de\/#\/schema\/person\/8afb4cd92b68572db7902c13a349ffcb\",\"name\":\"greatreset\",\"image\":{\"@type\":\"ImageObject\",\"inLanguage\":\"de\",\"@id\":\"https:\/\/now-news.de\/de\/#\/schema\/person\/image\/\",\"url\":\"https:\/\/secure.gravatar.com\/avatar\/a088df625d49991c090e78c8b9542592?s=96&d=mm&r=g\",\"contentUrl\":\"https:\/\/secure.gravatar.com\/avatar\/a088df625d49991c090e78c8b9542592?s=96&d=mm&r=g\",\"caption\":\"greatreset\"},\"url\":\"https:\/\/now-news.de\/de\/author\/greatreset\/\"}]}<\/script>\n<!-- \/ Yoast SEO Premium plugin. -->","yoast_head_json":{"title":"Die Anklage gegen einen schwarzen Mann aus Michigan, der \u00e4ltere wei\u00dfe Pflegeheimpatienten schlug, wurde fallen gelassen - just-now.NEWS Deutschland","robots":{"index":"index","follow":"follow","max-snippet":"max-snippet:-1","max-image-preview":"max-image-preview:large","max-video-preview":"max-video-preview:-1"},"canonical":"https:\/\/now-news.de\/de\/usa\/die-anklage-gegen-einen-schwarzen-mann-aus-michigan-der-aeltere-weisse-pflegeheimpatienten-schlug-wurde-fallen-gelassen\/","og_locale":"de_DE","og_type":"article","og_title":"Die Anklage gegen einen schwarzen Mann aus Michigan, der \u00e4ltere wei\u00dfe Pflegeheimpatienten schlug, wurde fallen gelassen","og_description":"Im Mai 2020 kursierten in den sozialen Medien zahlreiche verst\u00f6rende Videos, die einen schwarzen Mann aus Michigan zeigen, der \u00e4ltere wei\u00dfe M\u00e4nner und Frauen in Pflegeheimen schl\u00e4gt. Jaden Hayden stammt Berichten zufolge aus Westland, Michigan, und hat \u00e4ltere wei\u00dfe Pflegeheimpatienten zum Sport geschlagen. Werbung \u2013 die Geschichte geht unten weiter Hayden filmte sich dabei, wie [&hellip;]","og_url":"https:\/\/now-news.de\/de\/usa\/die-anklage-gegen-einen-schwarzen-mann-aus-michigan-der-aeltere-weisse-pflegeheimpatienten-schlug-wurde-fallen-gelassen\/","og_site_name":"just-now.NEWS Deutschland","article_publisher":"https:\/\/www.facebook.com\/wirmachenauf","article_published_time":"2022-05-18T03:29:00+00:00","og_image":[{"width":600,"height":334,"url":"https:\/\/now-news.de\/de\/wp-content\/uploads\/sites\/3\/2022\/05\/Die-Anklage-gegen-einen-schwarzen-Mann-aus-Michigan-der-aeltere.jpg","type":"image\/jpeg"}],"author":"greatreset","twitter_card":"summary_large_image","twitter_creator":"@WirMachenAuf_de","twitter_site":"@WirMachenAuf_de","twitter_misc":{"Verfasst von":"greatreset","Gesch\u00e4tzte Lesezeit":"2\u00a0Minuten"},"schema":{"@context":"https:\/\/schema.org","@graph":[{"@type":"Article","@id":"https:\/\/now-news.de\/de\/usa\/die-anklage-gegen-einen-schwarzen-mann-aus-michigan-der-aeltere-weisse-pflegeheimpatienten-schlug-wurde-fallen-gelassen\/#article","isPartOf":{"@id":"https:\/\/now-news.de\/de\/usa\/die-anklage-gegen-einen-schwarzen-mann-aus-michigan-der-aeltere-weisse-pflegeheimpatienten-schlug-wurde-fallen-gelassen\/"},"author":{"name":"greatreset","@id":"https:\/\/now-news.de\/de\/#\/schema\/person\/8afb4cd92b68572db7902c13a349ffcb"},"headline":"Die Anklage gegen einen schwarzen Mann aus Michigan, der \u00e4ltere wei\u00dfe Pflegeheimpatienten schlug, wurde fallen gelassen","datePublished":"2022-05-18T03:29:00+00:00","dateModified":"2022-05-18T03:29:00+00:00","mainEntityOfPage":{"@id":"https:\/\/now-news.de\/de\/usa\/die-anklage-gegen-einen-schwarzen-mann-aus-michigan-der-aeltere-weisse-pflegeheimpatienten-schlug-wurde-fallen-gelassen\/"},"wordCount":509,"commentCount":0,"publisher":{"@id":"https:\/\/now-news.de\/de\/#organization"},"image":{"@id":"https:\/\/now-news.de\/de\/usa\/die-anklage-gegen-einen-schwarzen-mann-aus-michigan-der-aeltere-weisse-pflegeheimpatienten-schlug-wurde-fallen-gelassen\/#primaryimage"},"thumbnailUrl":"https:\/\/now-news.de\/de\/wp-content\/uploads\/sites\/3\/2022\/05\/Die-Anklage-gegen-einen-schwarzen-Mann-aus-Michigan-der-aeltere.jpg","keywords":["\u00e4ltere","Anklage","aus","der","die","einen","fallen","gegen","gelassen","Mann","Michigan","Pflegeheimpatienten","schlug","Schwarzen","Wei\u00dfe","wurde"],"articleSection":["USA"],"inLanguage":"de","potentialAction":[{"@type":"CommentAction","name":"Comment","target":["https:\/\/now-news.de\/de\/usa\/die-anklage-gegen-einen-schwarzen-mann-aus-michigan-der-aeltere-weisse-pflegeheimpatienten-schlug-wurde-fallen-gelassen\/#respond"]}]},{"@type":"WebPage","@id":"https:\/\/now-news.de\/de\/usa\/die-anklage-gegen-einen-schwarzen-mann-aus-michigan-der-aeltere-weisse-pflegeheimpatienten-schlug-wurde-fallen-gelassen\/","url":"https:\/\/now-news.de\/de\/usa\/die-anklage-gegen-einen-schwarzen-mann-aus-michigan-der-aeltere-weisse-pflegeheimpatienten-schlug-wurde-fallen-gelassen\/","name":"Die Anklage gegen einen schwarzen Mann aus Michigan, der \u00e4ltere wei\u00dfe Pflegeheimpatienten schlug, wurde fallen gelassen - just-now.NEWS Deutschland","isPartOf":{"@id":"https:\/\/now-news.de\/de\/#website"},"primaryImageOfPage":{"@id":"https:\/\/now-news.de\/de\/usa\/die-anklage-gegen-einen-schwarzen-mann-aus-michigan-der-aeltere-weisse-pflegeheimpatienten-schlug-wurde-fallen-gelassen\/#primaryimage"},"image":{"@id":"https:\/\/now-news.de\/de\/usa\/die-anklage-gegen-einen-schwarzen-mann-aus-michigan-der-aeltere-weisse-pflegeheimpatienten-schlug-wurde-fallen-gelassen\/#primaryimage"},"thumbnailUrl":"https:\/\/now-news.de\/de\/wp-content\/uploads\/sites\/3\/2022\/05\/Die-Anklage-gegen-einen-schwarzen-Mann-aus-Michigan-der-aeltere.jpg","datePublished":"2022-05-18T03:29:00+00:00","dateModified":"2022-05-18T03:29:00+00:00","breadcrumb":{"@id":"https:\/\/now-news.de\/de\/usa\/die-anklage-gegen-einen-schwarzen-mann-aus-michigan-der-aeltere-weisse-pflegeheimpatienten-schlug-wurde-fallen-gelassen\/#breadcrumb"},"inLanguage":"de","potentialAction":[{"@type":"ReadAction","target":["https:\/\/now-news.de\/de\/usa\/die-anklage-gegen-einen-schwarzen-mann-aus-michigan-der-aeltere-weisse-pflegeheimpatienten-schlug-wurde-fallen-gelassen\/"]}]},{"@type":"ImageObject","inLanguage":"de","@id":"https:\/\/now-news.de\/de\/usa\/die-anklage-gegen-einen-schwarzen-mann-aus-michigan-der-aeltere-weisse-pflegeheimpatienten-schlug-wurde-fallen-gelassen\/#primaryimage","url":"https:\/\/now-news.de\/de\/wp-content\/uploads\/sites\/3\/2022\/05\/Die-Anklage-gegen-einen-schwarzen-Mann-aus-Michigan-der-aeltere.jpg","contentUrl":"https:\/\/now-news.de\/de\/wp-content\/uploads\/sites\/3\/2022\/05\/Die-Anklage-gegen-einen-schwarzen-Mann-aus-Michigan-der-aeltere.jpg","width":600,"height":334},{"@type":"BreadcrumbList","@id":"https:\/\/now-news.de\/de\/usa\/die-anklage-gegen-einen-schwarzen-mann-aus-michigan-der-aeltere-weisse-pflegeheimpatienten-schlug-wurde-fallen-gelassen\/#breadcrumb","itemListElement":[{"@type":"ListItem","position":1,"name":"Home","item":"https:\/\/now-news.de\/de\/"},{"@type":"ListItem","position":2,"name":"Die Anklage gegen einen schwarzen Mann aus Michigan, der \u00e4ltere wei\u00dfe Pflegeheimpatienten schlug, wurde fallen gelassen"}]},{"@type":"WebSite","@id":"https:\/\/now-news.de\/de\/#website","url":"https:\/\/now-news.de\/de\/","name":"just-now.NEWS Deutschland","description":"Das Portal f\u00fcr unzensierte Nachrichten aus der Welt","publisher":{"@id":"https:\/\/now-news.de\/de\/#organization"},"potentialAction":[{"@type":"SearchAction","target":{"@type":"EntryPoint","urlTemplate":"https:\/\/now-news.de\/de\/?s={search_term_string}"},"query-input":"required name=search_term_string"}],"inLanguage":"de"},{"@type":"Organization","@id":"https:\/\/now-news.de\/de\/#organization","name":"Just Now News","url":"https:\/\/now-news.de\/de\/","logo":{"@type":"ImageObject","inLanguage":"de","@id":"https:\/\/now-news.de\/de\/#\/schema\/logo\/image\/","url":"http:\/\/just-now.news\/de\/wp-content\/uploads\/sites\/3\/2022\/04\/logo500x500.jpg","contentUrl":"http:\/\/just-now.news\/de\/wp-content\/uploads\/sites\/3\/2022\/04\/logo500x500.jpg","width":500,"height":500,"caption":"Just Now News"},"image":{"@id":"https:\/\/now-news.de\/de\/#\/schema\/logo\/image\/"},"sameAs":["https:\/\/www.facebook.com\/wirmachenauf","https:\/\/x.com\/WirMachenAuf_de"]},{"@type":"Person","@id":"https:\/\/now-news.de\/de\/#\/schema\/person\/8afb4cd92b68572db7902c13a349ffcb","name":"greatreset","image":{"@type":"ImageObject","inLanguage":"de","@id":"https:\/\/now-news.de\/de\/#\/schema\/person\/image\/","url":"https:\/\/secure.gravatar.com\/avatar\/a088df625d49991c090e78c8b9542592?s=96&d=mm&r=g","contentUrl":"https:\/\/secure.gravatar.com\/avatar\/a088df625d49991c090e78c8b9542592?s=96&d=mm&r=g","caption":"greatreset"},"url":"https:\/\/now-news.de\/de\/author\/greatreset\/"}]}},"_links":{"self":[{"href":"https:\/\/now-news.de\/de\/wp-json\/wp\/v2\/posts\/8099"}],"collection":[{"href":"https:\/\/now-news.de\/de\/wp-json\/wp\/v2\/posts"}],"about":[{"href":"https:\/\/now-news.de\/de\/wp-json\/wp\/v2\/types\/post"}],"author":[{"embeddable":true,"href":"https:\/\/now-news.de\/de\/wp-json\/wp\/v2\/users\/5"}],"replies":[{"embeddable":true,"href":"https:\/\/now-news.de\/de\/wp-json\/wp\/v2\/comments?post=8099"}],"version-history":[{"count":0,"href":"https:\/\/now-news.de\/de\/wp-json\/wp\/v2\/posts\/8099\/revisions"}],"wp:featuredmedia":[{"embeddable":true,"href":"https:\/\/now-news.de\/de\/wp-json\/wp\/v2\/media\/8100"}],"wp:attachment":[{"href":"https:\/\/now-news.de\/de\/wp-json\/wp\/v2\/media?parent=8099"}],"wp:term":[{"taxonomy":"category","embeddable":true,"href":"https:\/\/now-news.de\/de\/wp-json\/wp\/v2\/categories?post=8099"},{"taxonomy":"post_tag","embeddable":true,"href":"https:\/\/now-news.de\/de\/wp-json\/wp\/v2\/tags?post=8099"}],"curies":[{"name":"wp","href":"https:\/\/api.w.org\/{rel}","templated":true}]}}