{"id":80976,"date":"2025-03-26T17:29:33","date_gmt":"2025-03-26T15:29:33","guid":{"rendered":"https:\/\/now-news.de\/de\/deutschland\/putin-legt-iran-abkommen-der-duma-zur-ratifizierung-vor\/"},"modified":"2025-03-26T17:29:33","modified_gmt":"2025-03-26T15:29:33","slug":"putin-legt-iran-abkommen-der-duma-zur-ratifizierung-vor","status":"publish","type":"post","link":"https:\/\/now-news.de\/de\/deutschland\/putin-legt-iran-abkommen-der-duma-zur-ratifizierung-vor\/","title":{"rendered":"Putin legt Iran-Abkommen der Duma zur Ratifizierung vor"},"content":{"rendered":"<p><img decoding=\"async\" src=\"https:\/\/now-news.de\/de\/wp-content\/uploads\/sites\/3\/2025\/03\/67e417e5b480cc29d6391f89.jpg\" \/><\/p>\n<div class=\"Text-root Text-type_1 \">\n                Das urspr\u00fcnglich am 17. Januar 2025 geschlossene Abkommen \u00fcber umfassende strategische Partnerschaft zwischen Russland und Iran soll vom russischen Parlament ratifiziert werden. Putin ver\u00f6ffentlichte eine entsprechende Anordnung.\n            <\/div>\n<p><\/p>\n<div class=\"Text-root Text-type_5 ArticleView-text ViewText-root \">\n<p>Russlands Pr\u00e4sident Wladimir Putin hat den Vertrag \u00fcber strategische Partnerschaft mit Iran der russischen Staatsduma zur Ratifizierung vorgelegt. Dies geht aus einer <a rel=\"nofollow noopener\" target=\"_blank\" href=\"http:\/\/publication.pravo.gov.ru\/document\/0001202503260003\">Anordnung<\/a> hervor, die am 26. M\u00e4rz\u00a0auf dem russischen Portal f\u00fcr Rechtsinformationen ver\u00f6ffentlicht wurde. Nach Angaben des Dokuments werde der stellvertretende Au\u00dfenminister Russlands, Andrei Rudenko, als offizieller Vertreter des Pr\u00e4sidenten fungieren, w\u00e4hrend die beiden Parlamentskammern den Vertrag ratifizieren.<\/p>\n<p>Zuvor hatten Wladimir Putin und sein iranischer Amtskollege Massud Peseschkian am 17. Januar 2025 einen Vertrag \u00fcber umfassende strategische Partnerschaft zwischen Russland und Iran unterzeichnet. Putin bezeichnete das Abkommen als einen Durchbruch. Die Vereinbarung soll f\u00fcr die kommenden 20 Jahre die wirtschaftliche, politische und milit\u00e4rische Zusammenarbeit zwischen Moskau und Teheran st\u00e4rken und die Folgen der Sanktionen abmildern. Das 47 Artikel umfassende Dokument behandelt unter anderem Bereiche der Verteidigung, Bek\u00e4mpfung des Terrorismus, Energie, Finanzen und Kultur.<\/p>\n<p>Am 22. M\u00e4rz meldete die iranische Nachrichtenagentur <em>IRNA<\/em>, dass Russland und Iran ihre Bem\u00fchungen zur Schaffung einer multipolaren Weltordnung fortsetzen werden. Dazu werden die beiden Staaten ihre Kontakte im Rahmen der BRICS und der Shanghaier Organisation f\u00fcr Zusammenarbeit pflegen und an einer Erweiterung dieser internationalen Organisationen arbeiten.<\/p>\n<p><strong>Mehr zum Thema <\/strong>\u2013 <a rel=\"nofollow noopener\" target=\"_blank\" href=\"https:\/\/freedert.online\/international\/233717-russland-iran-vertrag-verteidigung-energie\/\">Russland-Iran-Vertrag: Verteidigung, Energie und mehr Unabh\u00e4ngigkeit vom Dollar<\/a><\/p>\n<div class=\"EmbedBlock-root EmbedBlock-externalVideo EmbedBlock-rumble\">\n<div class=\"VkEmbed\"><iframe class=\"lazyload\" data-src=\"https:\/\/rumble.com\/embed\/v687127\" frameborder=\"0\" width=\"853\" height=\"480\" allowfullscreen><\/iframe><\/div>\n<\/div>\n<\/div>\n<p><br \/>\n<br \/><a href=\"https:\/\/de.rt.com\/international\/240757-putin-legt-duma-vertrag-mit\/\">Source link <\/a><\/p>\n","protected":false},"excerpt":{"rendered":"<p>Das urspr\u00fcnglich am 17. Januar 2025 geschlossene Abkommen \u00fcber umfassende strategische Partnerschaft zwischen Russland und Iran soll vom russischen Parlament ratifiziert werden. Putin ver\u00f6ffentlichte eine entsprechende Anordnung. Russlands Pr\u00e4sident Wladimir Putin hat den Vertrag \u00fcber strategische Partnerschaft mit Iran der russischen Staatsduma zur Ratifizierung vorgelegt. Dies geht aus einer Anordnung hervor, die am 26. M\u00e4rz\u00a0auf [&hellip;]<\/p>\n","protected":false},"author":3,"featured_media":80977,"comment_status":"open","ping_status":"open","sticky":false,"template":"","format":"standard","meta":{"_yoast_indexnow_last_ping":["1743003772"],"wp_automatic_camp":["217"],"82568c3a0bcbcac617c0ca92e0b4e697":["Putin legt Iran-Abkommen der Duma zur Ratifizierung vor"],"original_link":["https:\/\/de.rt.com\/international\/240757-putin-legt-duma-vertrag-mit\/"],"_thumbnail_id":["80977"],"jnews_social_counter_last_update":["1777339138"],"_wptgpro_p2tg_sent2tg":["a:1:{i:23737;s:19:\"2025-03-26 17:43:56\";}"]},"categories":[19,23],"tags":[82,21818,18865,5552,125,18675,320,581],"yoast_head":"<!-- This site is optimized with the Yoast SEO Premium plugin v22.7 (Yoast SEO v22.7) - https:\/\/yoast.com\/wordpress\/plugins\/seo\/ -->\n<title>Putin legt Iran-Abkommen der Duma zur Ratifizierung vor - just-now.NEWS Deutschland<\/title>\n<meta name=\"robots\" content=\"index, follow, max-snippet:-1, max-image-preview:large, max-video-preview:-1\" \/>\n<link rel=\"canonical\" href=\"https:\/\/now-news.de\/de\/deutschland\/putin-legt-iran-abkommen-der-duma-zur-ratifizierung-vor\/\" \/>\n<meta property=\"og:locale\" content=\"de_DE\" \/>\n<meta property=\"og:type\" content=\"article\" \/>\n<meta property=\"og:title\" content=\"Putin legt Iran-Abkommen der Duma zur Ratifizierung vor\" \/>\n<meta property=\"og:description\" content=\"Das urspr\u00fcnglich am 17. Januar 2025 geschlossene Abkommen \u00fcber umfassende strategische Partnerschaft zwischen Russland und Iran soll vom russischen Parlament ratifiziert werden. Putin ver\u00f6ffentlichte eine entsprechende Anordnung. Russlands Pr\u00e4sident Wladimir Putin hat den Vertrag \u00fcber strategische Partnerschaft mit Iran der russischen Staatsduma zur Ratifizierung vorgelegt. Dies geht aus einer Anordnung hervor, die am 26. M\u00e4rz\u00a0auf [&hellip;]\" \/>\n<meta property=\"og:url\" content=\"https:\/\/now-news.de\/de\/deutschland\/putin-legt-iran-abkommen-der-duma-zur-ratifizierung-vor\/\" \/>\n<meta property=\"og:site_name\" content=\"just-now.NEWS Deutschland\" \/>\n<meta property=\"article:publisher\" content=\"https:\/\/www.facebook.com\/wirmachenauf\" \/>\n<meta property=\"article:published_time\" content=\"2025-03-26T15:29:33+00:00\" \/>\n<meta property=\"og:image\" content=\"https:\/\/now-news.de\/de\/wp-content\/uploads\/sites\/3\/2025\/03\/67e417e5b480cc29d6391f89.jpg\" \/>\n<meta name=\"author\" content=\"rtnews\" \/>\n<meta name=\"twitter:card\" content=\"summary_large_image\" \/>\n<meta name=\"twitter:creator\" content=\"@WirMachenAuf_de\" \/>\n<meta name=\"twitter:site\" content=\"@WirMachenAuf_de\" \/>\n<meta name=\"twitter:label1\" content=\"Verfasst von\" \/>\n\t<meta name=\"twitter:data1\" content=\"rtnews\" \/>\n\t<meta name=\"twitter:label2\" content=\"Gesch\u00e4tzte Lesezeit\" \/>\n\t<meta name=\"twitter:data2\" content=\"1\u00a0Minute\" \/>\n<script type=\"application\/ld+json\" class=\"yoast-schema-graph\">{\"@context\":\"https:\/\/schema.org\",\"@graph\":[{\"@type\":\"Article\",\"@id\":\"https:\/\/now-news.de\/de\/deutschland\/putin-legt-iran-abkommen-der-duma-zur-ratifizierung-vor\/#article\",\"isPartOf\":{\"@id\":\"https:\/\/now-news.de\/de\/deutschland\/putin-legt-iran-abkommen-der-duma-zur-ratifizierung-vor\/\"},\"author\":{\"name\":\"rtnews\",\"@id\":\"https:\/\/now-news.de\/de\/#\/schema\/person\/fb534a4e865501d8b3285208df34a9b5\"},\"headline\":\"Putin legt Iran-Abkommen der Duma zur Ratifizierung vor\",\"datePublished\":\"2025-03-26T15:29:33+00:00\",\"dateModified\":\"2025-03-26T15:29:33+00:00\",\"mainEntityOfPage\":{\"@id\":\"https:\/\/now-news.de\/de\/deutschland\/putin-legt-iran-abkommen-der-duma-zur-ratifizierung-vor\/\"},\"wordCount\":240,\"commentCount\":0,\"publisher\":{\"@id\":\"https:\/\/now-news.de\/de\/#organization\"},\"image\":{\"@id\":\"https:\/\/now-news.de\/de\/deutschland\/putin-legt-iran-abkommen-der-duma-zur-ratifizierung-vor\/#primaryimage\"},\"thumbnailUrl\":\"https:\/\/now-news.de\/de\/wp-content\/uploads\/sites\/3\/2025\/03\/Putin-legt-Iran-Abkommen-der-Duma-zur-Ratifizierung-vor.jpg\",\"keywords\":[\"der\",\"Duma\",\"IranAbkommen\",\"legt\",\"putin\",\"Ratifizierung\",\"vor\",\"zur\"],\"articleSection\":[\"Deutschland\",\"Russland\"],\"inLanguage\":\"de\",\"potentialAction\":[{\"@type\":\"CommentAction\",\"name\":\"Comment\",\"target\":[\"https:\/\/now-news.de\/de\/deutschland\/putin-legt-iran-abkommen-der-duma-zur-ratifizierung-vor\/#respond\"]}]},{\"@type\":\"WebPage\",\"@id\":\"https:\/\/now-news.de\/de\/deutschland\/putin-legt-iran-abkommen-der-duma-zur-ratifizierung-vor\/\",\"url\":\"https:\/\/now-news.de\/de\/deutschland\/putin-legt-iran-abkommen-der-duma-zur-ratifizierung-vor\/\",\"name\":\"Putin legt Iran-Abkommen der Duma zur Ratifizierung vor - just-now.NEWS Deutschland\",\"isPartOf\":{\"@id\":\"https:\/\/now-news.de\/de\/#website\"},\"primaryImageOfPage\":{\"@id\":\"https:\/\/now-news.de\/de\/deutschland\/putin-legt-iran-abkommen-der-duma-zur-ratifizierung-vor\/#primaryimage\"},\"image\":{\"@id\":\"https:\/\/now-news.de\/de\/deutschland\/putin-legt-iran-abkommen-der-duma-zur-ratifizierung-vor\/#primaryimage\"},\"thumbnailUrl\":\"https:\/\/now-news.de\/de\/wp-content\/uploads\/sites\/3\/2025\/03\/Putin-legt-Iran-Abkommen-der-Duma-zur-Ratifizierung-vor.jpg\",\"datePublished\":\"2025-03-26T15:29:33+00:00\",\"dateModified\":\"2025-03-26T15:29:33+00:00\",\"breadcrumb\":{\"@id\":\"https:\/\/now-news.de\/de\/deutschland\/putin-legt-iran-abkommen-der-duma-zur-ratifizierung-vor\/#breadcrumb\"},\"inLanguage\":\"de\",\"potentialAction\":[{\"@type\":\"ReadAction\",\"target\":[\"https:\/\/now-news.de\/de\/deutschland\/putin-legt-iran-abkommen-der-duma-zur-ratifizierung-vor\/\"]}]},{\"@type\":\"ImageObject\",\"inLanguage\":\"de\",\"@id\":\"https:\/\/now-news.de\/de\/deutschland\/putin-legt-iran-abkommen-der-duma-zur-ratifizierung-vor\/#primaryimage\",\"url\":\"https:\/\/now-news.de\/de\/wp-content\/uploads\/sites\/3\/2025\/03\/Putin-legt-Iran-Abkommen-der-Duma-zur-Ratifizierung-vor.jpg\",\"contentUrl\":\"https:\/\/now-news.de\/de\/wp-content\/uploads\/sites\/3\/2025\/03\/Putin-legt-Iran-Abkommen-der-Duma-zur-Ratifizierung-vor.jpg\",\"width\":460,\"height\":259,\"caption\":\"Putin legt Iran-Abkommen der Duma zur Ratifizierung vor\"},{\"@type\":\"BreadcrumbList\",\"@id\":\"https:\/\/now-news.de\/de\/deutschland\/putin-legt-iran-abkommen-der-duma-zur-ratifizierung-vor\/#breadcrumb\",\"itemListElement\":[{\"@type\":\"ListItem\",\"position\":1,\"name\":\"Home\",\"item\":\"https:\/\/now-news.de\/de\/\"},{\"@type\":\"ListItem\",\"position\":2,\"name\":\"Putin legt Iran-Abkommen der Duma zur Ratifizierung vor\"}]},{\"@type\":\"WebSite\",\"@id\":\"https:\/\/now-news.de\/de\/#website\",\"url\":\"https:\/\/now-news.de\/de\/\",\"name\":\"just-now.NEWS Deutschland\",\"description\":\"Das Portal f\u00fcr unzensierte Nachrichten aus der Welt\",\"publisher\":{\"@id\":\"https:\/\/now-news.de\/de\/#organization\"},\"potentialAction\":[{\"@type\":\"SearchAction\",\"target\":{\"@type\":\"EntryPoint\",\"urlTemplate\":\"https:\/\/now-news.de\/de\/?s={search_term_string}\"},\"query-input\":\"required name=search_term_string\"}],\"inLanguage\":\"de\"},{\"@type\":\"Organization\",\"@id\":\"https:\/\/now-news.de\/de\/#organization\",\"name\":\"Just Now News\",\"url\":\"https:\/\/now-news.de\/de\/\",\"logo\":{\"@type\":\"ImageObject\",\"inLanguage\":\"de\",\"@id\":\"https:\/\/now-news.de\/de\/#\/schema\/logo\/image\/\",\"url\":\"http:\/\/just-now.news\/de\/wp-content\/uploads\/sites\/3\/2022\/04\/logo500x500.jpg\",\"contentUrl\":\"http:\/\/just-now.news\/de\/wp-content\/uploads\/sites\/3\/2022\/04\/logo500x500.jpg\",\"width\":500,\"height\":500,\"caption\":\"Just Now News\"},\"image\":{\"@id\":\"https:\/\/now-news.de\/de\/#\/schema\/logo\/image\/\"},\"sameAs\":[\"https:\/\/www.facebook.com\/wirmachenauf\",\"https:\/\/x.com\/WirMachenAuf_de\"]},{\"@type\":\"Person\",\"@id\":\"https:\/\/now-news.de\/de\/#\/schema\/person\/fb534a4e865501d8b3285208df34a9b5\",\"name\":\"rtnews\",\"image\":{\"@type\":\"ImageObject\",\"inLanguage\":\"de\",\"@id\":\"https:\/\/now-news.de\/de\/#\/schema\/person\/image\/\",\"url\":\"https:\/\/secure.gravatar.com\/avatar\/82aafea7d8127119dd649515f56e2117?s=96&d=mm&r=g\",\"contentUrl\":\"https:\/\/secure.gravatar.com\/avatar\/82aafea7d8127119dd649515f56e2117?s=96&d=mm&r=g\",\"caption\":\"rtnews\"},\"url\":\"https:\/\/now-news.de\/de\/author\/rnews\/\"}]}<\/script>\n<!-- \/ Yoast SEO Premium plugin. -->","yoast_head_json":{"title":"Putin legt Iran-Abkommen der Duma zur Ratifizierung vor - just-now.NEWS Deutschland","robots":{"index":"index","follow":"follow","max-snippet":"max-snippet:-1","max-image-preview":"max-image-preview:large","max-video-preview":"max-video-preview:-1"},"canonical":"https:\/\/now-news.de\/de\/deutschland\/putin-legt-iran-abkommen-der-duma-zur-ratifizierung-vor\/","og_locale":"de_DE","og_type":"article","og_title":"Putin legt Iran-Abkommen der Duma zur Ratifizierung vor","og_description":"Das urspr\u00fcnglich am 17. Januar 2025 geschlossene Abkommen \u00fcber umfassende strategische Partnerschaft zwischen Russland und Iran soll vom russischen Parlament ratifiziert werden. Putin ver\u00f6ffentlichte eine entsprechende Anordnung. Russlands Pr\u00e4sident Wladimir Putin hat den Vertrag \u00fcber strategische Partnerschaft mit Iran der russischen Staatsduma zur Ratifizierung vorgelegt. Dies geht aus einer Anordnung hervor, die am 26. M\u00e4rz\u00a0auf [&hellip;]","og_url":"https:\/\/now-news.de\/de\/deutschland\/putin-legt-iran-abkommen-der-duma-zur-ratifizierung-vor\/","og_site_name":"just-now.NEWS Deutschland","article_publisher":"https:\/\/www.facebook.com\/wirmachenauf","article_published_time":"2025-03-26T15:29:33+00:00","og_image":[{"url":"https:\/\/now-news.de\/de\/wp-content\/uploads\/sites\/3\/2025\/03\/67e417e5b480cc29d6391f89.jpg"}],"author":"rtnews","twitter_card":"summary_large_image","twitter_creator":"@WirMachenAuf_de","twitter_site":"@WirMachenAuf_de","twitter_misc":{"Verfasst von":"rtnews","Gesch\u00e4tzte Lesezeit":"1\u00a0Minute"},"schema":{"@context":"https:\/\/schema.org","@graph":[{"@type":"Article","@id":"https:\/\/now-news.de\/de\/deutschland\/putin-legt-iran-abkommen-der-duma-zur-ratifizierung-vor\/#article","isPartOf":{"@id":"https:\/\/now-news.de\/de\/deutschland\/putin-legt-iran-abkommen-der-duma-zur-ratifizierung-vor\/"},"author":{"name":"rtnews","@id":"https:\/\/now-news.de\/de\/#\/schema\/person\/fb534a4e865501d8b3285208df34a9b5"},"headline":"Putin legt Iran-Abkommen der Duma zur Ratifizierung vor","datePublished":"2025-03-26T15:29:33+00:00","dateModified":"2025-03-26T15:29:33+00:00","mainEntityOfPage":{"@id":"https:\/\/now-news.de\/de\/deutschland\/putin-legt-iran-abkommen-der-duma-zur-ratifizierung-vor\/"},"wordCount":240,"commentCount":0,"publisher":{"@id":"https:\/\/now-news.de\/de\/#organization"},"image":{"@id":"https:\/\/now-news.de\/de\/deutschland\/putin-legt-iran-abkommen-der-duma-zur-ratifizierung-vor\/#primaryimage"},"thumbnailUrl":"https:\/\/now-news.de\/de\/wp-content\/uploads\/sites\/3\/2025\/03\/Putin-legt-Iran-Abkommen-der-Duma-zur-Ratifizierung-vor.jpg","keywords":["der","Duma","IranAbkommen","legt","putin","Ratifizierung","vor","zur"],"articleSection":["Deutschland","Russland"],"inLanguage":"de","potentialAction":[{"@type":"CommentAction","name":"Comment","target":["https:\/\/now-news.de\/de\/deutschland\/putin-legt-iran-abkommen-der-duma-zur-ratifizierung-vor\/#respond"]}]},{"@type":"WebPage","@id":"https:\/\/now-news.de\/de\/deutschland\/putin-legt-iran-abkommen-der-duma-zur-ratifizierung-vor\/","url":"https:\/\/now-news.de\/de\/deutschland\/putin-legt-iran-abkommen-der-duma-zur-ratifizierung-vor\/","name":"Putin legt Iran-Abkommen der Duma zur Ratifizierung vor - just-now.NEWS Deutschland","isPartOf":{"@id":"https:\/\/now-news.de\/de\/#website"},"primaryImageOfPage":{"@id":"https:\/\/now-news.de\/de\/deutschland\/putin-legt-iran-abkommen-der-duma-zur-ratifizierung-vor\/#primaryimage"},"image":{"@id":"https:\/\/now-news.de\/de\/deutschland\/putin-legt-iran-abkommen-der-duma-zur-ratifizierung-vor\/#primaryimage"},"thumbnailUrl":"https:\/\/now-news.de\/de\/wp-content\/uploads\/sites\/3\/2025\/03\/Putin-legt-Iran-Abkommen-der-Duma-zur-Ratifizierung-vor.jpg","datePublished":"2025-03-26T15:29:33+00:00","dateModified":"2025-03-26T15:29:33+00:00","breadcrumb":{"@id":"https:\/\/now-news.de\/de\/deutschland\/putin-legt-iran-abkommen-der-duma-zur-ratifizierung-vor\/#breadcrumb"},"inLanguage":"de","potentialAction":[{"@type":"ReadAction","target":["https:\/\/now-news.de\/de\/deutschland\/putin-legt-iran-abkommen-der-duma-zur-ratifizierung-vor\/"]}]},{"@type":"ImageObject","inLanguage":"de","@id":"https:\/\/now-news.de\/de\/deutschland\/putin-legt-iran-abkommen-der-duma-zur-ratifizierung-vor\/#primaryimage","url":"https:\/\/now-news.de\/de\/wp-content\/uploads\/sites\/3\/2025\/03\/Putin-legt-Iran-Abkommen-der-Duma-zur-Ratifizierung-vor.jpg","contentUrl":"https:\/\/now-news.de\/de\/wp-content\/uploads\/sites\/3\/2025\/03\/Putin-legt-Iran-Abkommen-der-Duma-zur-Ratifizierung-vor.jpg","width":460,"height":259,"caption":"Putin legt Iran-Abkommen der Duma zur Ratifizierung vor"},{"@type":"BreadcrumbList","@id":"https:\/\/now-news.de\/de\/deutschland\/putin-legt-iran-abkommen-der-duma-zur-ratifizierung-vor\/#breadcrumb","itemListElement":[{"@type":"ListItem","position":1,"name":"Home","item":"https:\/\/now-news.de\/de\/"},{"@type":"ListItem","position":2,"name":"Putin legt Iran-Abkommen der Duma zur Ratifizierung vor"}]},{"@type":"WebSite","@id":"https:\/\/now-news.de\/de\/#website","url":"https:\/\/now-news.de\/de\/","name":"just-now.NEWS Deutschland","description":"Das Portal f\u00fcr unzensierte Nachrichten aus der Welt","publisher":{"@id":"https:\/\/now-news.de\/de\/#organization"},"potentialAction":[{"@type":"SearchAction","target":{"@type":"EntryPoint","urlTemplate":"https:\/\/now-news.de\/de\/?s={search_term_string}"},"query-input":"required name=search_term_string"}],"inLanguage":"de"},{"@type":"Organization","@id":"https:\/\/now-news.de\/de\/#organization","name":"Just Now News","url":"https:\/\/now-news.de\/de\/","logo":{"@type":"ImageObject","inLanguage":"de","@id":"https:\/\/now-news.de\/de\/#\/schema\/logo\/image\/","url":"http:\/\/just-now.news\/de\/wp-content\/uploads\/sites\/3\/2022\/04\/logo500x500.jpg","contentUrl":"http:\/\/just-now.news\/de\/wp-content\/uploads\/sites\/3\/2022\/04\/logo500x500.jpg","width":500,"height":500,"caption":"Just Now News"},"image":{"@id":"https:\/\/now-news.de\/de\/#\/schema\/logo\/image\/"},"sameAs":["https:\/\/www.facebook.com\/wirmachenauf","https:\/\/x.com\/WirMachenAuf_de"]},{"@type":"Person","@id":"https:\/\/now-news.de\/de\/#\/schema\/person\/fb534a4e865501d8b3285208df34a9b5","name":"rtnews","image":{"@type":"ImageObject","inLanguage":"de","@id":"https:\/\/now-news.de\/de\/#\/schema\/person\/image\/","url":"https:\/\/secure.gravatar.com\/avatar\/82aafea7d8127119dd649515f56e2117?s=96&d=mm&r=g","contentUrl":"https:\/\/secure.gravatar.com\/avatar\/82aafea7d8127119dd649515f56e2117?s=96&d=mm&r=g","caption":"rtnews"},"url":"https:\/\/now-news.de\/de\/author\/rnews\/"}]}},"_links":{"self":[{"href":"https:\/\/now-news.de\/de\/wp-json\/wp\/v2\/posts\/80976"}],"collection":[{"href":"https:\/\/now-news.de\/de\/wp-json\/wp\/v2\/posts"}],"about":[{"href":"https:\/\/now-news.de\/de\/wp-json\/wp\/v2\/types\/post"}],"author":[{"embeddable":true,"href":"https:\/\/now-news.de\/de\/wp-json\/wp\/v2\/users\/3"}],"replies":[{"embeddable":true,"href":"https:\/\/now-news.de\/de\/wp-json\/wp\/v2\/comments?post=80976"}],"version-history":[{"count":0,"href":"https:\/\/now-news.de\/de\/wp-json\/wp\/v2\/posts\/80976\/revisions"}],"wp:featuredmedia":[{"embeddable":true,"href":"https:\/\/now-news.de\/de\/wp-json\/wp\/v2\/media\/80977"}],"wp:attachment":[{"href":"https:\/\/now-news.de\/de\/wp-json\/wp\/v2\/media?parent=80976"}],"wp:term":[{"taxonomy":"category","embeddable":true,"href":"https:\/\/now-news.de\/de\/wp-json\/wp\/v2\/categories?post=80976"},{"taxonomy":"post_tag","embeddable":true,"href":"https:\/\/now-news.de\/de\/wp-json\/wp\/v2\/tags?post=80976"}],"curies":[{"name":"wp","href":"https:\/\/api.w.org\/{rel}","templated":true}]}}