{"id":8097,"date":"2022-05-18T07:56:51","date_gmt":"2022-05-18T05:56:51","guid":{"rendered":"http:\/\/just-now.news\/de\/deutschland\/wef-praesident-brende-es-geht-uns-schlechter-als-letztes-jahr-aber-besser-als-im-naechsten-jahr\/"},"modified":"2022-05-18T07:56:51","modified_gmt":"2022-05-18T05:56:51","slug":"wef-praesident-brende-es-geht-uns-schlechter-als-letztes-jahr-aber-besser-als-im-naechsten-jahr","status":"publish","type":"post","link":"https:\/\/now-news.de\/de\/deutschland\/wef-praesident-brende-es-geht-uns-schlechter-als-letztes-jahr-aber-besser-als-im-naechsten-jahr\/","title":{"rendered":"WEF-Pr\u00e4sident Brende: Es geht uns schlechter als letztes Jahr, aber besser als im n\u00e4chsten Jahr"},"content":{"rendered":"<div class=\"Text-root Text-type_5 ArticleView-text ViewText-root \">\n<p>Ab dem kommenden Wochenende findet wieder das Treffen des Weltwirtschaftsforums (World Economic Forum; WEF) im schweizerischen Davos statt. F\u00fcr den WEF-Pr\u00e4sidenten B\u00f8rge Brende kommt das Treffen zu einem Zeitpunkt, in dem man sich in der schwierigsten geopolitischen Lage seit Langem befinde. So drohe die Weltwirtschaft in eine Stagflation zu st\u00fcrzen, auch die geopolitischen Spannungen seien so gro\u00df wie seit Langem nicht mehr und die Pandemie sei noch immer nicht vorbei, so Brende im Interview mit dem <em>Handelsblatt<\/em>. Angesichts dessen habe man es mit starken Schwankungen, hohen Unsicherheiten und einer fragilen Gesamtsituation zu tun:<\/p>\n<blockquote>\n<p><em>&#8220;Auf die Frage nach dem Zustand der Welt habe ich k\u00fcrzlich gesagt: Es geht uns schlechter als letztes Jahr, aber besser als im n\u00e4chsten Jahr.&#8221;<\/em><\/p>\n<\/blockquote>\n<p><em><\/em><em><\/em><\/p>\n<div class=\"ReadMore-root Section-root Section-is1to3-xs_is1to1\" data-widgets=\"ReadMore\" data-has-alias>\n<div class=\"Section-container Section-isRow-isTop-isWrap\">\n<article class=\"Card-root Card-is1to1 \">\n<div class=\"Card-imageWrap\">\n<div class=\"Card-picture\">\n<picture class=\"Picture-root Picture-default\"><!--[if IE 9]><video style=\"display: none;\"><![endif]--><source media=\"(-webkit-min-device-pixel-ratio: 2) and (min-resolution: 120dpi)\" data-srcset=\" \nhttp:\/\/just-now.news\/de\/wp-content\/uploads\/sites\/3\/2022\/05\/61fd40a8b480cc30d66b18b9.jpg 850w,\n                http:\/\/just-now.news\/de\/wp-content\/uploads\/sites\/3\/2022\/05\/1652853785_879_61fd40a8b480cc30d66b18b9.jpg 1960w,\n            \" ><source data-srcset=\" \nhttp:\/\/just-now.news\/de\/wp-content\/uploads\/sites\/3\/2022\/05\/61fd40a8b480cc30d66b18b9.jpg 460w,\n              http:\/\/just-now.news\/de\/wp-content\/uploads\/sites\/3\/2022\/05\/1652853785_879_61fd40a8b480cc30d66b18b9.jpg 980w,\n            \" ><!--[if IE 9]><\/video><![endif]--><img decoding=\"async\" data- src=\"data:image\/png;base64,iVBORw0KGgoAAAANSUhEUgAAABAAAAAJCAQAAACRI2S5AAAAEElEQVR42mNkIAAYRxWAAQAG9gAKqv6+AwAAAABJRU5ErkJggg==\" class=\"Picture-root Picture-default lazyload\" data-src=\"http:\/\/just-now.news\/de\/wp-content\/uploads\/sites\/3\/2022\/05\/61fd40a8b480cc30d66b18b9.jpg\" alt='Finanzexperte Ernst Wolff: \"Elite will die totale Kontrolle \u00fcber die Menschen erlangen\"'><\/source><\/source><\/picture><!-- noscript pattern --><noscript><img decoding=\"async\" src=\"http:\/\/just-now.news\/de\/wp-content\/uploads\/sites\/3\/2022\/05\/1652853785_879_61fd40a8b480cc30d66b18b9.jpg\" alt='Finanzexperte Ernst Wolff: \"Elite will die totale Kontrolle \u00fcber die Menschen erlangen\"'><\/noscript><\/p>\n<div class=\"Picture-withVideo\"><svg class=\"Icon-root Icon-videoPlay\" width=\"31px\" height=\"40px\" viewbox=\"0 0 31 40\" fill=\"#FFFFFF\" opacity=\"0.9\" version=\"1.1\" xmlns=\"http:\/\/www.w3.org\/2000\/svg\" xmlns:xlink=\"http:\/\/www.w3.org\/1999\/xlink\"><g fill-rule=\"evenodd\"><g transform=\"translate(-14.000000, -8.000000)\"><path d=\"M17.0962701,9.21920419 L43.200784,26.3270141 C44.1246347,26.9324674 44.3827469,28.1722132 43.7772936,29.0960639 C43.6267472,29.3257802 43.4305003,29.5220271 43.200784,29.6725735 L17.0962701,46.7803835 C16.1724193,47.3858367 14.9326735,47.1277246 14.3272203,46.2038739 C14.1137272,45.8781084 14,45.4970938 14,45.1076038 L14,10.8919839 C14,9.78741439 14.8954305,8.89198389 16,8.89198389 C16.38949,8.89198389 16.7705046,9.00571108 17.0962701,9.21920419 Z\"><\/path><\/g><\/g><\/svg><\/div><\/div><\/div>\n<div class=\"Card-contentWrap\">\n<div class=\"Card-content\">\n<div class=\"Card-title\">\n<div class=\"HeaderNews-root HeaderNews-type_6 \">\n<p>            <a rel=\"nofollow noopener\" target=\"_blank\" href=\"https:\/\/de.rt.com\/international\/131046-finanzexperte-ernst-wolff-elite-will\/\" class=\"Link-root Link-isFullCard \"><br \/>\n                Finanzexperte Ernst Wolff: &#8220;Elite will die totale Kontrolle \u00fcber die Menschen erlangen&#8221;<br \/>\n            <\/a><\/p><\/div><\/div><\/div><\/div>\n<\/article>\n<\/div><\/div>\n<p>Noch vor dem Ende der Pandemie habe mit dem Krieg in der Ukraine die n\u00e4chste Krise begonnen, die das Wirtschaftswachstum in Europa erheblich schw\u00e4che und die Europ\u00e4er auch vor enorme Herausforderungen bei ihrer Energieversorgung stelle. Zudem h\u00e4tten die Lockdowns in China erhebliche Auswirkungen auf die Weltwirtschaft bewirkt.<\/p>\n<p>Weiterhin gebe es erhebliche Spannungen zwischen den verschiedenen Wirtschaftsregionen, daher sei es m\u00f6glich, dass ein Treffen der 20 wichtigsten Industrie- und Schwellenl\u00e4nder (G20) nicht zustande kommt. Dennoch wolle das Weltwirtschaftsforum weiter an der bisherigen Linie festhalten:<\/p>\n<blockquote>\n<p><em>&#8220;Wenn wir den Welthandel weiter einschr\u00e4nken, wird es weniger Wachstum, weniger Jobs und weniger Wohlstand f\u00fcr alle geben. Wir d\u00fcrfen nicht zur\u00fcck in einen Protektionismus verfallen.&#8221;<\/em><\/p>\n<\/blockquote>\n<p><em><\/em><em><\/em><\/p>\n<div class=\"ReadMore-root Section-root Section-is1to3-xs_is1to1\" data-widgets=\"ReadMore\" data-has-alias>\n<div class=\"Section-container Section-isRow-isTop-isWrap\">\n<article class=\"Card-root Card-is1to1 \">\n<div class=\"Card-imageWrap\">\n<div class=\"Card-picture\">\n<picture class=\"Picture-root Picture-default\"><!--[if IE 9]><video style=\"display: none;\"><![endif]--><source media=\"(-webkit-min-device-pixel-ratio: 2) and (min-resolution: 120dpi)\" data-srcset=\" \nhttp:\/\/just-now.news\/de\/wp-content\/uploads\/sites\/3\/2022\/05\/628483ac48fbef3c8f7830d3.jpg 850w,\n                http:\/\/just-now.news\/de\/wp-content\/uploads\/sites\/3\/2022\/05\/628483ab48fbef3c8f7830d2.jpg 1960w,\n            \" ><source data-srcset=\" \nhttp:\/\/just-now.news\/de\/wp-content\/uploads\/sites\/3\/2022\/05\/628483ac48fbef3c8f7830d3.jpg 460w,\n              http:\/\/just-now.news\/de\/wp-content\/uploads\/sites\/3\/2022\/05\/628483ab48fbef3c8f7830d2.jpg 980w,\n            \" ><!--[if IE 9]><\/video><![endif]--><img decoding=\"async\" data- src=\"data:image\/png;base64,iVBORw0KGgoAAAANSUhEUgAAABAAAAAJCAQAAACRI2S5AAAAEElEQVR42mNkIAAYRxWAAQAG9gAKqv6+AwAAAABJRU5ErkJggg==\" class=\"Picture-root Picture-default lazyload\" data-src=\"http:\/\/just-now.news\/de\/wp-content\/uploads\/sites\/3\/2022\/05\/628483ac48fbef3c8f7830d3.jpg\" alt=\"Liveticker zum Ukraine-Krieg: Ukraine laut Medienberichten nun gr\u00f6\u00dfter Empf\u00e4nger von US-Milit\u00e4rhilfe\"><\/source><\/source><\/picture><!-- noscript pattern --><noscript><img decoding=\"async\" src=\"http:\/\/just-now.news\/de\/wp-content\/uploads\/sites\/3\/2022\/05\/628483ab48fbef3c8f7830d2.jpg\" alt=\"Liveticker zum Ukraine-Krieg: Ukraine laut Medienberichten nun gr\u00f6\u00dfter Empf\u00e4nger von US-Milit\u00e4rhilfe\"><\/noscript>    <\/div><\/div>\n<div class=\"Card-contentWrap\">\n<div class=\"Card-content\">\n<div class=\"Card-title\">\n<div class=\"HeaderNews-root HeaderNews-type_6 \">\n<p>            <a rel=\"nofollow noopener\" target=\"_blank\" href=\"https:\/\/de.rt.com\/international\/131481-liveticker-zum-ukraine-krieg-nicht\/\" class=\"Link-root Link-isFullCard \"><br \/>\n                Liveticker zum Ukraine-Krieg: Ukraine laut Medienberichten nun gr\u00f6\u00dfter Empf\u00e4nger von US-Milit\u00e4rhilfe<br \/>\n            <\/a><\/p><\/div><\/div><\/div><\/div>\n<\/article>\n<\/div><\/div>\n<p>Im globalen Lebensmittelhandel sehe man bereits &#8220;be\u00e4ngstigende Entwicklungen&#8221;, da viele L\u00e4nder Exportrestriktionen einf\u00fchren und so eine globale Nahrungsmittelkrise ausl\u00f6sen w\u00fcrden, so Brende. Die Weltwirtschaft stehe zudem an einer durch Probleme gezeichneten Wegscheide. So habe man bereits in der Corona-Krise 14 Billionen US-Dollar ausgegeben, um eine wirtschaftliche Depression zu vermeiden. Nun zwinge die hohe Inflation die Notenbank zu einer Zinswende, welche jedoch auch den Aufschwung abw\u00fcrgen k\u00f6nne. Ein weiterer Punkt sei die F\u00f6rderung von &#8220;erneuerbaren Kraftstoffen der Freiheit&#8221; und Technologien zur Dekarbonisierung der Wirtschaft, die noch st\u00e4rker erfolgen m\u00fcsse, da der &#8220;Kampf gegen den Klimawandel&#8221; weiterhin zur Agenda des WEF geh\u00f6re.<\/p>\n<p>Brende stellte weiterhin klar, dass man in Davos eine gro\u00dfe Delegation der Ukraine erwarte.<\/p>\n<blockquote>\n<p><em>&#8220;F\u00fcr mich ist dieser &#8216;Moment der Ukraine&#8217; ein wichtiges Ereignis in diesem Jahr.&#8221;<\/em><\/p>\n<\/blockquote>\n<p>Es werde jedoch keine Vertreter von russischen Unternehmen oder der Regierung in Moskau beim diesj\u00e4hrigen Weltwirtschaftsforum geben, so Brende. Viele europ\u00e4ische Unternehmer wollen in Davos ein Zeichen setzen und sich an der Initiative &#8216;CEO f\u00fcr die Ukraine&#8217; beteiligen. Den R\u00fcckzug vieler Unternehmen aus Russland und die dadurch bezogene &#8220;Stellungnahme&#8221; der Konzerne begr\u00fc\u00dfe man beim WEF. So zeige es doch auch, &#8220;dass der Stakeholder-Kapitalismus, wie ihn WEF-Gr\u00fcnder Klaus Schwab seit vielen Jahren propagiere, lebendig sei&#8221;.<\/p>\n<p><strong>Mehr zum Thema &#8211;<\/strong>\u00a0<a rel=\"nofollow noopener\" target=\"_blank\" href=\"https:\/\/rtde.site\/international\/133606-weltwirtschaftsforum-friert-alle-beziehungen-zu-russland-und-putin-ein\/\">Weltwirtschaftsforum friert &#8220;alle Beziehungen&#8221; zu Russland und Putin ein<\/a><\/p>\n<\/div>\n<p><br \/>\n<br \/><a href=\"https:\/\/de.rt.com\/international\/138620-wef-prasident-brende-es-geht\/\">Source link <\/a><\/p>\n","protected":false},"excerpt":{"rendered":"<p>Ab dem kommenden Wochenende findet wieder das Treffen des Weltwirtschaftsforums (World Economic Forum; WEF) im schweizerischen Davos statt. F\u00fcr den WEF-Pr\u00e4sidenten B\u00f8rge Brende kommt das Treffen zu einem Zeitpunkt, in dem man sich in der schwierigsten geopolitischen Lage seit Langem befinde. So drohe die Weltwirtschaft in eine Stagflation zu st\u00fcrzen, auch die geopolitischen Spannungen seien [&hellip;]<\/p>\n","protected":false},"author":3,"featured_media":8098,"comment_status":"open","ping_status":"open","sticky":false,"template":"","format":"standard","meta":{"wp_automatic_camp":["217"],"5e1845ecfe908303adabc873633606a2":["WEF-Pr\u00e4sident Brende: Es geht uns schlechter als letztes Jahr, aber besser als im n\u00e4chsten Jahr"],"original_link":["https:\/\/de.rt.com\/international\/138620-wef-prasident-brende-es-geht\/"],"_thumbnail_id":["8098"],"_wptg_p2tg_sent2tg":["2022-05-18 08:04:22"],"jnews_social_counter_last_update":["1777170152"]},"categories":[19,23],"tags":[2205,273,19379,16856,1673,1615,20324,7529,20682,311,20681],"yoast_head":"<!-- This site is optimized with the Yoast SEO Premium plugin v22.7 (Yoast SEO v22.7) - https:\/\/yoast.com\/wordpress\/plugins\/seo\/ -->\n<title>WEF-Pr\u00e4sident Brende: Es geht uns schlechter als letztes Jahr, aber besser als im n\u00e4chsten Jahr - just-now.NEWS Deutschland<\/title>\n<meta name=\"robots\" content=\"index, follow, max-snippet:-1, max-image-preview:large, max-video-preview:-1\" \/>\n<link rel=\"canonical\" href=\"https:\/\/now-news.de\/de\/deutschland\/wef-praesident-brende-es-geht-uns-schlechter-als-letztes-jahr-aber-besser-als-im-naechsten-jahr\/\" \/>\n<meta property=\"og:locale\" content=\"de_DE\" \/>\n<meta property=\"og:type\" content=\"article\" \/>\n<meta property=\"og:title\" content=\"WEF-Pr\u00e4sident Brende: Es geht uns schlechter als letztes Jahr, aber besser als im n\u00e4chsten Jahr\" \/>\n<meta property=\"og:description\" content=\"Ab dem kommenden Wochenende findet wieder das Treffen des Weltwirtschaftsforums (World Economic Forum; WEF) im schweizerischen Davos statt. F\u00fcr den WEF-Pr\u00e4sidenten B\u00f8rge Brende kommt das Treffen zu einem Zeitpunkt, in dem man sich in der schwierigsten geopolitischen Lage seit Langem befinde. So drohe die Weltwirtschaft in eine Stagflation zu st\u00fcrzen, auch die geopolitischen Spannungen seien [&hellip;]\" \/>\n<meta property=\"og:url\" content=\"https:\/\/now-news.de\/de\/deutschland\/wef-praesident-brende-es-geht-uns-schlechter-als-letztes-jahr-aber-besser-als-im-naechsten-jahr\/\" \/>\n<meta property=\"og:site_name\" content=\"just-now.NEWS Deutschland\" \/>\n<meta property=\"article:publisher\" content=\"https:\/\/www.facebook.com\/wirmachenauf\" \/>\n<meta property=\"article:published_time\" content=\"2022-05-18T05:56:51+00:00\" \/>\n<meta property=\"og:image\" content=\"https:\/\/now-news.de\/de\/wp-content\/uploads\/sites\/3\/2022\/05\/WEF-Praesident-Brende-Es-geht-uns-schlechter-als-letztes-Jahr-aber.jpg\" \/>\n\t<meta property=\"og:image:width\" content=\"460\" \/>\n\t<meta property=\"og:image:height\" content=\"259\" \/>\n\t<meta property=\"og:image:type\" content=\"image\/jpeg\" \/>\n<meta name=\"author\" content=\"rtnews\" \/>\n<meta name=\"twitter:card\" content=\"summary_large_image\" \/>\n<meta name=\"twitter:creator\" content=\"@WirMachenAuf_de\" \/>\n<meta name=\"twitter:site\" content=\"@WirMachenAuf_de\" \/>\n<meta name=\"twitter:label1\" content=\"Verfasst von\" \/>\n\t<meta name=\"twitter:data1\" content=\"rtnews\" \/>\n\t<meta name=\"twitter:label2\" content=\"Gesch\u00e4tzte Lesezeit\" \/>\n\t<meta name=\"twitter:data2\" content=\"3\u00a0Minuten\" \/>\n<script type=\"application\/ld+json\" class=\"yoast-schema-graph\">{\"@context\":\"https:\/\/schema.org\",\"@graph\":[{\"@type\":\"Article\",\"@id\":\"https:\/\/now-news.de\/de\/deutschland\/wef-praesident-brende-es-geht-uns-schlechter-als-letztes-jahr-aber-besser-als-im-naechsten-jahr\/#article\",\"isPartOf\":{\"@id\":\"https:\/\/now-news.de\/de\/deutschland\/wef-praesident-brende-es-geht-uns-schlechter-als-letztes-jahr-aber-besser-als-im-naechsten-jahr\/\"},\"author\":{\"name\":\"rtnews\",\"@id\":\"https:\/\/now-news.de\/de\/#\/schema\/person\/fb534a4e865501d8b3285208df34a9b5\"},\"headline\":\"WEF-Pr\u00e4sident Brende: Es geht uns schlechter als letztes Jahr, aber besser als im n\u00e4chsten Jahr\",\"datePublished\":\"2022-05-18T05:56:51+00:00\",\"dateModified\":\"2022-05-18T05:56:51+00:00\",\"mainEntityOfPage\":{\"@id\":\"https:\/\/now-news.de\/de\/deutschland\/wef-praesident-brende-es-geht-uns-schlechter-als-letztes-jahr-aber-besser-als-im-naechsten-jahr\/\"},\"wordCount\":520,\"commentCount\":0,\"publisher\":{\"@id\":\"https:\/\/now-news.de\/de\/#organization\"},\"image\":{\"@id\":\"https:\/\/now-news.de\/de\/deutschland\/wef-praesident-brende-es-geht-uns-schlechter-als-letztes-jahr-aber-besser-als-im-naechsten-jahr\/#primaryimage\"},\"thumbnailUrl\":\"https:\/\/now-news.de\/de\/wp-content\/uploads\/sites\/3\/2022\/05\/WEF-Praesident-Brende-Es-geht-uns-schlechter-als-letztes-Jahr-aber.jpg\",\"keywords\":[\"aber\",\"als\",\"besser\",\"Brende\",\"Geht\",\"Jahr\",\"letztes\",\"n\u00e4chsten\",\"schlechter\",\"uns\",\"WEFPr\u00e4sident\"],\"articleSection\":[\"Deutschland\",\"Russland\"],\"inLanguage\":\"de\",\"potentialAction\":[{\"@type\":\"CommentAction\",\"name\":\"Comment\",\"target\":[\"https:\/\/now-news.de\/de\/deutschland\/wef-praesident-brende-es-geht-uns-schlechter-als-letztes-jahr-aber-besser-als-im-naechsten-jahr\/#respond\"]}]},{\"@type\":\"WebPage\",\"@id\":\"https:\/\/now-news.de\/de\/deutschland\/wef-praesident-brende-es-geht-uns-schlechter-als-letztes-jahr-aber-besser-als-im-naechsten-jahr\/\",\"url\":\"https:\/\/now-news.de\/de\/deutschland\/wef-praesident-brende-es-geht-uns-schlechter-als-letztes-jahr-aber-besser-als-im-naechsten-jahr\/\",\"name\":\"WEF-Pr\u00e4sident Brende: Es geht uns schlechter als letztes Jahr, aber besser als im n\u00e4chsten Jahr - just-now.NEWS Deutschland\",\"isPartOf\":{\"@id\":\"https:\/\/now-news.de\/de\/#website\"},\"primaryImageOfPage\":{\"@id\":\"https:\/\/now-news.de\/de\/deutschland\/wef-praesident-brende-es-geht-uns-schlechter-als-letztes-jahr-aber-besser-als-im-naechsten-jahr\/#primaryimage\"},\"image\":{\"@id\":\"https:\/\/now-news.de\/de\/deutschland\/wef-praesident-brende-es-geht-uns-schlechter-als-letztes-jahr-aber-besser-als-im-naechsten-jahr\/#primaryimage\"},\"thumbnailUrl\":\"https:\/\/now-news.de\/de\/wp-content\/uploads\/sites\/3\/2022\/05\/WEF-Praesident-Brende-Es-geht-uns-schlechter-als-letztes-Jahr-aber.jpg\",\"datePublished\":\"2022-05-18T05:56:51+00:00\",\"dateModified\":\"2022-05-18T05:56:51+00:00\",\"breadcrumb\":{\"@id\":\"https:\/\/now-news.de\/de\/deutschland\/wef-praesident-brende-es-geht-uns-schlechter-als-letztes-jahr-aber-besser-als-im-naechsten-jahr\/#breadcrumb\"},\"inLanguage\":\"de\",\"potentialAction\":[{\"@type\":\"ReadAction\",\"target\":[\"https:\/\/now-news.de\/de\/deutschland\/wef-praesident-brende-es-geht-uns-schlechter-als-letztes-jahr-aber-besser-als-im-naechsten-jahr\/\"]}]},{\"@type\":\"ImageObject\",\"inLanguage\":\"de\",\"@id\":\"https:\/\/now-news.de\/de\/deutschland\/wef-praesident-brende-es-geht-uns-schlechter-als-letztes-jahr-aber-besser-als-im-naechsten-jahr\/#primaryimage\",\"url\":\"https:\/\/now-news.de\/de\/wp-content\/uploads\/sites\/3\/2022\/05\/WEF-Praesident-Brende-Es-geht-uns-schlechter-als-letztes-Jahr-aber.jpg\",\"contentUrl\":\"https:\/\/now-news.de\/de\/wp-content\/uploads\/sites\/3\/2022\/05\/WEF-Praesident-Brende-Es-geht-uns-schlechter-als-letztes-Jahr-aber.jpg\",\"width\":460,\"height\":259,\"caption\":\"WEF-Pr\u00e4sident Brende: Es geht uns schlechter als letztes Jahr, aber besser als im n\u00e4chsten Jahr\"},{\"@type\":\"BreadcrumbList\",\"@id\":\"https:\/\/now-news.de\/de\/deutschland\/wef-praesident-brende-es-geht-uns-schlechter-als-letztes-jahr-aber-besser-als-im-naechsten-jahr\/#breadcrumb\",\"itemListElement\":[{\"@type\":\"ListItem\",\"position\":1,\"name\":\"Home\",\"item\":\"https:\/\/now-news.de\/de\/\"},{\"@type\":\"ListItem\",\"position\":2,\"name\":\"WEF-Pr\u00e4sident Brende: Es geht uns schlechter als letztes Jahr, aber besser als im n\u00e4chsten Jahr\"}]},{\"@type\":\"WebSite\",\"@id\":\"https:\/\/now-news.de\/de\/#website\",\"url\":\"https:\/\/now-news.de\/de\/\",\"name\":\"just-now.NEWS Deutschland\",\"description\":\"Das Portal f\u00fcr unzensierte Nachrichten aus der Welt\",\"publisher\":{\"@id\":\"https:\/\/now-news.de\/de\/#organization\"},\"potentialAction\":[{\"@type\":\"SearchAction\",\"target\":{\"@type\":\"EntryPoint\",\"urlTemplate\":\"https:\/\/now-news.de\/de\/?s={search_term_string}\"},\"query-input\":\"required name=search_term_string\"}],\"inLanguage\":\"de\"},{\"@type\":\"Organization\",\"@id\":\"https:\/\/now-news.de\/de\/#organization\",\"name\":\"Just Now News\",\"url\":\"https:\/\/now-news.de\/de\/\",\"logo\":{\"@type\":\"ImageObject\",\"inLanguage\":\"de\",\"@id\":\"https:\/\/now-news.de\/de\/#\/schema\/logo\/image\/\",\"url\":\"http:\/\/just-now.news\/de\/wp-content\/uploads\/sites\/3\/2022\/04\/logo500x500.jpg\",\"contentUrl\":\"http:\/\/just-now.news\/de\/wp-content\/uploads\/sites\/3\/2022\/04\/logo500x500.jpg\",\"width\":500,\"height\":500,\"caption\":\"Just Now News\"},\"image\":{\"@id\":\"https:\/\/now-news.de\/de\/#\/schema\/logo\/image\/\"},\"sameAs\":[\"https:\/\/www.facebook.com\/wirmachenauf\",\"https:\/\/x.com\/WirMachenAuf_de\"]},{\"@type\":\"Person\",\"@id\":\"https:\/\/now-news.de\/de\/#\/schema\/person\/fb534a4e865501d8b3285208df34a9b5\",\"name\":\"rtnews\",\"image\":{\"@type\":\"ImageObject\",\"inLanguage\":\"de\",\"@id\":\"https:\/\/now-news.de\/de\/#\/schema\/person\/image\/\",\"url\":\"https:\/\/secure.gravatar.com\/avatar\/82aafea7d8127119dd649515f56e2117?s=96&d=mm&r=g\",\"contentUrl\":\"https:\/\/secure.gravatar.com\/avatar\/82aafea7d8127119dd649515f56e2117?s=96&d=mm&r=g\",\"caption\":\"rtnews\"},\"url\":\"https:\/\/now-news.de\/de\/author\/rnews\/\"}]}<\/script>\n<!-- \/ Yoast SEO Premium plugin. -->","yoast_head_json":{"title":"WEF-Pr\u00e4sident Brende: Es geht uns schlechter als letztes Jahr, aber besser als im n\u00e4chsten Jahr - just-now.NEWS Deutschland","robots":{"index":"index","follow":"follow","max-snippet":"max-snippet:-1","max-image-preview":"max-image-preview:large","max-video-preview":"max-video-preview:-1"},"canonical":"https:\/\/now-news.de\/de\/deutschland\/wef-praesident-brende-es-geht-uns-schlechter-als-letztes-jahr-aber-besser-als-im-naechsten-jahr\/","og_locale":"de_DE","og_type":"article","og_title":"WEF-Pr\u00e4sident Brende: Es geht uns schlechter als letztes Jahr, aber besser als im n\u00e4chsten Jahr","og_description":"Ab dem kommenden Wochenende findet wieder das Treffen des Weltwirtschaftsforums (World Economic Forum; WEF) im schweizerischen Davos statt. F\u00fcr den WEF-Pr\u00e4sidenten B\u00f8rge Brende kommt das Treffen zu einem Zeitpunkt, in dem man sich in der schwierigsten geopolitischen Lage seit Langem befinde. So drohe die Weltwirtschaft in eine Stagflation zu st\u00fcrzen, auch die geopolitischen Spannungen seien [&hellip;]","og_url":"https:\/\/now-news.de\/de\/deutschland\/wef-praesident-brende-es-geht-uns-schlechter-als-letztes-jahr-aber-besser-als-im-naechsten-jahr\/","og_site_name":"just-now.NEWS Deutschland","article_publisher":"https:\/\/www.facebook.com\/wirmachenauf","article_published_time":"2022-05-18T05:56:51+00:00","og_image":[{"width":460,"height":259,"url":"https:\/\/now-news.de\/de\/wp-content\/uploads\/sites\/3\/2022\/05\/WEF-Praesident-Brende-Es-geht-uns-schlechter-als-letztes-Jahr-aber.jpg","type":"image\/jpeg"}],"author":"rtnews","twitter_card":"summary_large_image","twitter_creator":"@WirMachenAuf_de","twitter_site":"@WirMachenAuf_de","twitter_misc":{"Verfasst von":"rtnews","Gesch\u00e4tzte Lesezeit":"3\u00a0Minuten"},"schema":{"@context":"https:\/\/schema.org","@graph":[{"@type":"Article","@id":"https:\/\/now-news.de\/de\/deutschland\/wef-praesident-brende-es-geht-uns-schlechter-als-letztes-jahr-aber-besser-als-im-naechsten-jahr\/#article","isPartOf":{"@id":"https:\/\/now-news.de\/de\/deutschland\/wef-praesident-brende-es-geht-uns-schlechter-als-letztes-jahr-aber-besser-als-im-naechsten-jahr\/"},"author":{"name":"rtnews","@id":"https:\/\/now-news.de\/de\/#\/schema\/person\/fb534a4e865501d8b3285208df34a9b5"},"headline":"WEF-Pr\u00e4sident Brende: Es geht uns schlechter als letztes Jahr, aber besser als im n\u00e4chsten Jahr","datePublished":"2022-05-18T05:56:51+00:00","dateModified":"2022-05-18T05:56:51+00:00","mainEntityOfPage":{"@id":"https:\/\/now-news.de\/de\/deutschland\/wef-praesident-brende-es-geht-uns-schlechter-als-letztes-jahr-aber-besser-als-im-naechsten-jahr\/"},"wordCount":520,"commentCount":0,"publisher":{"@id":"https:\/\/now-news.de\/de\/#organization"},"image":{"@id":"https:\/\/now-news.de\/de\/deutschland\/wef-praesident-brende-es-geht-uns-schlechter-als-letztes-jahr-aber-besser-als-im-naechsten-jahr\/#primaryimage"},"thumbnailUrl":"https:\/\/now-news.de\/de\/wp-content\/uploads\/sites\/3\/2022\/05\/WEF-Praesident-Brende-Es-geht-uns-schlechter-als-letztes-Jahr-aber.jpg","keywords":["aber","als","besser","Brende","Geht","Jahr","letztes","n\u00e4chsten","schlechter","uns","WEFPr\u00e4sident"],"articleSection":["Deutschland","Russland"],"inLanguage":"de","potentialAction":[{"@type":"CommentAction","name":"Comment","target":["https:\/\/now-news.de\/de\/deutschland\/wef-praesident-brende-es-geht-uns-schlechter-als-letztes-jahr-aber-besser-als-im-naechsten-jahr\/#respond"]}]},{"@type":"WebPage","@id":"https:\/\/now-news.de\/de\/deutschland\/wef-praesident-brende-es-geht-uns-schlechter-als-letztes-jahr-aber-besser-als-im-naechsten-jahr\/","url":"https:\/\/now-news.de\/de\/deutschland\/wef-praesident-brende-es-geht-uns-schlechter-als-letztes-jahr-aber-besser-als-im-naechsten-jahr\/","name":"WEF-Pr\u00e4sident Brende: Es geht uns schlechter als letztes Jahr, aber besser als im n\u00e4chsten Jahr - just-now.NEWS Deutschland","isPartOf":{"@id":"https:\/\/now-news.de\/de\/#website"},"primaryImageOfPage":{"@id":"https:\/\/now-news.de\/de\/deutschland\/wef-praesident-brende-es-geht-uns-schlechter-als-letztes-jahr-aber-besser-als-im-naechsten-jahr\/#primaryimage"},"image":{"@id":"https:\/\/now-news.de\/de\/deutschland\/wef-praesident-brende-es-geht-uns-schlechter-als-letztes-jahr-aber-besser-als-im-naechsten-jahr\/#primaryimage"},"thumbnailUrl":"https:\/\/now-news.de\/de\/wp-content\/uploads\/sites\/3\/2022\/05\/WEF-Praesident-Brende-Es-geht-uns-schlechter-als-letztes-Jahr-aber.jpg","datePublished":"2022-05-18T05:56:51+00:00","dateModified":"2022-05-18T05:56:51+00:00","breadcrumb":{"@id":"https:\/\/now-news.de\/de\/deutschland\/wef-praesident-brende-es-geht-uns-schlechter-als-letztes-jahr-aber-besser-als-im-naechsten-jahr\/#breadcrumb"},"inLanguage":"de","potentialAction":[{"@type":"ReadAction","target":["https:\/\/now-news.de\/de\/deutschland\/wef-praesident-brende-es-geht-uns-schlechter-als-letztes-jahr-aber-besser-als-im-naechsten-jahr\/"]}]},{"@type":"ImageObject","inLanguage":"de","@id":"https:\/\/now-news.de\/de\/deutschland\/wef-praesident-brende-es-geht-uns-schlechter-als-letztes-jahr-aber-besser-als-im-naechsten-jahr\/#primaryimage","url":"https:\/\/now-news.de\/de\/wp-content\/uploads\/sites\/3\/2022\/05\/WEF-Praesident-Brende-Es-geht-uns-schlechter-als-letztes-Jahr-aber.jpg","contentUrl":"https:\/\/now-news.de\/de\/wp-content\/uploads\/sites\/3\/2022\/05\/WEF-Praesident-Brende-Es-geht-uns-schlechter-als-letztes-Jahr-aber.jpg","width":460,"height":259,"caption":"WEF-Pr\u00e4sident Brende: Es geht uns schlechter als letztes Jahr, aber besser als im n\u00e4chsten Jahr"},{"@type":"BreadcrumbList","@id":"https:\/\/now-news.de\/de\/deutschland\/wef-praesident-brende-es-geht-uns-schlechter-als-letztes-jahr-aber-besser-als-im-naechsten-jahr\/#breadcrumb","itemListElement":[{"@type":"ListItem","position":1,"name":"Home","item":"https:\/\/now-news.de\/de\/"},{"@type":"ListItem","position":2,"name":"WEF-Pr\u00e4sident Brende: Es geht uns schlechter als letztes Jahr, aber besser als im n\u00e4chsten Jahr"}]},{"@type":"WebSite","@id":"https:\/\/now-news.de\/de\/#website","url":"https:\/\/now-news.de\/de\/","name":"just-now.NEWS Deutschland","description":"Das Portal f\u00fcr unzensierte Nachrichten aus der Welt","publisher":{"@id":"https:\/\/now-news.de\/de\/#organization"},"potentialAction":[{"@type":"SearchAction","target":{"@type":"EntryPoint","urlTemplate":"https:\/\/now-news.de\/de\/?s={search_term_string}"},"query-input":"required name=search_term_string"}],"inLanguage":"de"},{"@type":"Organization","@id":"https:\/\/now-news.de\/de\/#organization","name":"Just Now News","url":"https:\/\/now-news.de\/de\/","logo":{"@type":"ImageObject","inLanguage":"de","@id":"https:\/\/now-news.de\/de\/#\/schema\/logo\/image\/","url":"http:\/\/just-now.news\/de\/wp-content\/uploads\/sites\/3\/2022\/04\/logo500x500.jpg","contentUrl":"http:\/\/just-now.news\/de\/wp-content\/uploads\/sites\/3\/2022\/04\/logo500x500.jpg","width":500,"height":500,"caption":"Just Now News"},"image":{"@id":"https:\/\/now-news.de\/de\/#\/schema\/logo\/image\/"},"sameAs":["https:\/\/www.facebook.com\/wirmachenauf","https:\/\/x.com\/WirMachenAuf_de"]},{"@type":"Person","@id":"https:\/\/now-news.de\/de\/#\/schema\/person\/fb534a4e865501d8b3285208df34a9b5","name":"rtnews","image":{"@type":"ImageObject","inLanguage":"de","@id":"https:\/\/now-news.de\/de\/#\/schema\/person\/image\/","url":"https:\/\/secure.gravatar.com\/avatar\/82aafea7d8127119dd649515f56e2117?s=96&d=mm&r=g","contentUrl":"https:\/\/secure.gravatar.com\/avatar\/82aafea7d8127119dd649515f56e2117?s=96&d=mm&r=g","caption":"rtnews"},"url":"https:\/\/now-news.de\/de\/author\/rnews\/"}]}},"_links":{"self":[{"href":"https:\/\/now-news.de\/de\/wp-json\/wp\/v2\/posts\/8097"}],"collection":[{"href":"https:\/\/now-news.de\/de\/wp-json\/wp\/v2\/posts"}],"about":[{"href":"https:\/\/now-news.de\/de\/wp-json\/wp\/v2\/types\/post"}],"author":[{"embeddable":true,"href":"https:\/\/now-news.de\/de\/wp-json\/wp\/v2\/users\/3"}],"replies":[{"embeddable":true,"href":"https:\/\/now-news.de\/de\/wp-json\/wp\/v2\/comments?post=8097"}],"version-history":[{"count":0,"href":"https:\/\/now-news.de\/de\/wp-json\/wp\/v2\/posts\/8097\/revisions"}],"wp:featuredmedia":[{"embeddable":true,"href":"https:\/\/now-news.de\/de\/wp-json\/wp\/v2\/media\/8098"}],"wp:attachment":[{"href":"https:\/\/now-news.de\/de\/wp-json\/wp\/v2\/media?parent=8097"}],"wp:term":[{"taxonomy":"category","embeddable":true,"href":"https:\/\/now-news.de\/de\/wp-json\/wp\/v2\/categories?post=8097"},{"taxonomy":"post_tag","embeddable":true,"href":"https:\/\/now-news.de\/de\/wp-json\/wp\/v2\/tags?post=8097"}],"curies":[{"name":"wp","href":"https:\/\/api.w.org\/{rel}","templated":true}]}}