{"id":80966,"date":"2025-03-26T16:19:07","date_gmt":"2025-03-26T14:19:07","guid":{"rendered":"https:\/\/now-news.de\/de\/deutschland\/er-laechelte-verschmitzt-cdu-politiker-laschet-bringt-sich-als-kommender-aussenminister-ins-spiel\/"},"modified":"2025-03-26T16:19:07","modified_gmt":"2025-03-26T14:19:07","slug":"er-laechelte-verschmitzt-cdu-politiker-laschet-bringt-sich-als-kommender-aussenminister-ins-spiel","status":"publish","type":"post","link":"https:\/\/now-news.de\/de\/deutschland\/er-laechelte-verschmitzt-cdu-politiker-laschet-bringt-sich-als-kommender-aussenminister-ins-spiel\/","title":{"rendered":"&quot;Er l\u00e4chelte verschmitzt&quot; \u2013 CDU-Politiker Laschet bringt sich als kommender Au\u00dfenminister ins Spiel"},"content":{"rendered":"<p><img decoding=\"async\" src=\"https:\/\/now-news.de\/de\/wp-content\/uploads\/sites\/3\/2025\/03\/67e3f00948fbef4bce67afc0.jpeg\" \/><\/p>\n<div class=\"Text-root Text-type_1 \">\n                Der CDU-Politiker Armin Laschet begleitete die Noch-Au\u00dfenministerin Annalena Baerbock auf ihrer j\u00fcngsten Nahost-Tour. Der Spiegel unterst\u00fctzt mit einem Artikel, zum Thema eines Nachfolgers der Gr\u00fcnen-Politikerin, die Berliner Ger\u00fcchtek\u00fcche. Anfang Februar traf sich das Duo mit Friedrich Merz auf einer &#8220;Wein-Party&#8221;.\n            <\/div>\n<p><\/p>\n<div class=\"Text-root Text-type_5 ArticleView-text ViewText-root \">\n<p>Armin Laschet, der fr\u00fchere NRW-CDU-Ministerpr\u00e4sident, Mitglied im Ausw\u00e4rtigen Ausschuss des Bundestags sowie seit dem Jahr 2022 Vizepr\u00e4sident der Parlamentarischen Versammlung des Europarats, begleitet mehr als medienwirksam die kommissarische Au\u00dfenministerin Annalena Baerbock auf einer Reise in den Libanon und nach Syrien. Nach der R\u00fcckkehr hat ein\u00a0<em>Spiegel<\/em>-Journalist Laschet mit &#8220;Ger\u00fcchten&#8221; einer m\u00f6glichen Baerbock-Nachfolge konfrontiert, die der CDU-Politiker demnach nur mit einem &#8220;verschmitzten L\u00e4cheln&#8221; kommentierte. Anfang Februar kam es zu einem Treffen von Spitzen-Politikern der CDU und den Gr\u00fcnen-Politikern auf &#8220;einem entspannten Weinabend&#8221;.<\/p>\n<p>Die Berliner Ger\u00fcchtek\u00fcche zum Thema der ministeriellen Besetzungen einer kommenden &#8220;GroKo&#8221; von Union und SPD erh\u00e4lt eine kleine Pfeffernote. Mehrere Medienberichte besch\u00e4ftigen sich mit dem Artikel des stets aus Regierungskreisen &#8220;gut informierten&#8221;\u00a0<em>Spiegel<\/em>-Magazins. So lautet die Schlagzeile\u00a0samt Einleitung des Beitrags (Bezahlschranke):<\/p>\n<p><em>&#8220;Wird dieser Mann Au\u00dfenminister? Laschet und die k\u00fcnftige Regierung: Die Posten im Kabinett Merz sind noch nicht offiziell vergeben. F\u00fcr die Nachfolge von Annalena Baerbock kursiert in Berlin der Name eines einstigen Kontrahenten des k\u00fcnftigen Kanzlers. Und der bringt sich schon mal in Stellung.&#8221;<\/em><\/p>\n<p>Laschet h\u00e4tte sich demnach bei einem der letzten Auslandseins\u00e4tze der deutschen Chefdiplomatin Baerbock f\u00fcr mitreisende\u00a0<em>Spiegel<\/em>-Mitarbeiter mehr als auff\u00e4llig verhalten, dies bereits vor\u00a0Abflug nach\u00a0Beirut:<\/p>\n<p><em>&#8220;Auff\u00e4llig jedenfalls war, dass Laschet vor dem Start der Luftwaffenmaschine in Berlin an Bord ein Hintergrundgespr\u00e4ch mit den mitgereisten Journalistinnen und Journalisten abhielt, noch vor der Ministerin. So viel kann aus einer solchen \u00fcblicherweise vertraulichen Runde zumindest verraten werden: Laschet zeigte sich sattelfest, was die Details der Reise und der verschiedenen Akteure vor Ort im\u00a0Libanon\u00a0und in\u00a0Syrien\u00a0anging.&#8221;<\/em><\/p>\n<p>Ein weiteres, m\u00f6gliches Indiz w\u00e4hrend der pressewirksamen gemeinsamen Termine von dem CDUler und Baerbock lautet im\u00a0<em>Spiegel<\/em>-Artikel:<\/p>\n<p><em>&#8220;Als\u00a0Baerbock und Laschet dann den Stadtteil Dschubar bei Damaskus besuchten, zeigte sich der CDU-Politiker ersch\u00fcttert \u00fcber das Ausma\u00df der Zerst\u00f6rungen. W\u00e4hrend des Rundgangs durch Ruinen sagte er den Journalisten, er mache diese Reise \u00bbganz bewusst\u00ab, um zu zeigen, dass auch unter einer k\u00fcnftigen Regierung aus Union und\u00a0SPD\u00a0&#8216;Kontinuit\u00e4t herrschen wird&#8217;, was Syrien angehe. &#8216;Wo wir helfen k\u00f6nnen, werden wir helfen&#8217;, betonte er.&#8221;<\/em><\/p>\n<p>Laschet habe vor Ort sich &#8220;offiziell keine Erkl\u00e4rung entlocken lassen, wohin es ihn wirklich [beruflich zuk\u00fcnftig] treibt.\u00a0<\/p>\n<div class=\"EmbedBlock-root EmbedBlock-twitter\">\n<div class=\"TwitterEmbed\">\n<blockquote class=\"twitter-tweet lazyload\" data-twitter=\"twitter-tweet\">\n<p lang=\"de\" dir=\"ltr\">Wer die Rechte der Minderheiten, der Christen, Alawiten, Kurden in Syrien sch\u00fctzen will, muss mit den Machthabern reden. F\u00fcr die Unionsfraktion habe ich die Au\u00dfenministerin begleitet um dem Pr\u00e4sidenten zu zeigen: Auch eine neue Bundesregierung hat klare Erwartungen und wird mit\u2026 <a rel=\"nofollow noopener\" target=\"_blank\" href=\"https:\/\/t.co\/2sR3sHSOYv\">https:\/\/t.co\/2sR3sHSOYv<\/a><a rel=\"nofollow noopener\" target=\"_blank\" href=\"https:\/\/t.co\/Q32t6Cm2Dh\">pic.twitter.com\/Q32t6Cm2Dh<\/a><\/p>\n<p>\u2014 Armin Laschet (@ArminLaschet) <a rel=\"nofollow noopener\" target=\"_blank\" href=\"https:\/\/twitter.com\/ArminLaschet\/status\/1902730331041722824?ref_src=twsrc%5Etfw\">March 20, 2025<\/a><\/p><\/blockquote>\n<\/div>\n<\/div>\n<p><em>Spiegel<\/em>-Redakteur Wieland\u00a0mutma\u00dft daher, ob der CDU-Politiker &#8220;den Plan L f\u00fcrs Kabinett verfolgt&#8221;, da aktuell im Regierungsviertel &#8220;das Verh\u00e4ltnis zwischen Laschet und Merz als ausgesprochen gut gilt&#8221;. Als &#8220;sehr gut&#8221; gilt nachweislich die freundschaftliche Beziehung zwischen Laschet und Baerbock.<\/p>\n<div class=\"EmbedBlock-root EmbedBlock-twitter\">\n<div class=\"TwitterEmbed\">\n<blockquote class=\"twitter-tweet lazyload\" data-twitter=\"twitter-tweet\">\n<p lang=\"de\" dir=\"ltr\">Laschet lacht wieder. Statt Asylwende gibt&#8217;s schwarz-gr\u00fcne Heiterkeit mit Baerbock im Bundestag. <a rel=\"nofollow noopener\" target=\"_blank\" href=\"https:\/\/t.co\/NqpGOcvhBN\">pic.twitter.com\/NqpGOcvhBN<\/a><\/p>\n<p>\u2014 Gr@ntl\u0258r \ud83e\udd68\ud83c\udf7a (@oida_grantler) <a rel=\"nofollow noopener\" target=\"_blank\" href=\"https:\/\/twitter.com\/oida_grantler\/status\/1885299945529352267?ref_src=twsrc%5Etfw\">January 31, 2025<\/a><\/p><\/blockquote>\n<\/div>\n<\/div>\n<p>Das Video aus dem Bundestag entstand nach einem Treffen, das im politischen Berlin kontrovers wahrgenommen wurde. So lauteten Schlagzeilen und Ger\u00fcchte:<\/p>\n<ul>\n<li><em><a rel=\"nofollow noopener\" target=\"_blank\" href=\"https:\/\/www.fr.de\/politik\/nach-wein-abend-mit-merz-und-baerbock-laschet-gibt-statement-heraus-93549070.html\">Frankfurter Rundschau<\/a>:<\/em>\u00a0Merz, Baerbock und weitere Spitzenpolitiker bei Laschet \u2013 Schwarz-gr\u00fcnes Gipfeltreffen?&#8221;<\/li>\n<li><a rel=\"nofollow noopener\" target=\"_blank\" href=\"https:\/\/www.spiegel.de\/politik\/deutschland\/armin-laschet-politikertreffen-in-seiner-wohnung-als-annalena-baerbock-zur-tuer-will-taucht-friedrich-merz-auf-a-2b2aae94-9b20-417f-87a4-272a9f672c16\">Der Spiegel<\/a>: Politikertreffen in Laschets Wohnung \u2013 Als Baerbock zur T\u00fcr will, taucht pl\u00f6tzlich Friedrich Merz auf<\/li>\n<li><a rel=\"nofollow noopener\" target=\"_blank\" href=\"https:\/\/www.merkur.de\/politik\/brisante-party-mit-merz-und-baerbock-gastgeber-laschet-muss-sich-erklaeren-zr-93548998.html\"><em>Merkur<\/em><\/a>:\u00a0Brisante Party mit Merz und Baerbock: Gastgeber Laschet muss sich erkl\u00e4ren<\/li>\n<li><a rel=\"nofollow noopener\" target=\"_blank\" href=\"https:\/\/www.bild.de\/politik\/nach-bundestags-asyl-eklat-merz-und-baerbock-feiern-bei-wein-party-679e213dd72ca12c3499c1c1\"><em>Bild<\/em>-Zeitung<\/a>: Baerbock und Merz gemeinsam auf Party: Trotz Asyl-Eklat \u2013 Ein Weinchen geht immer<\/li>\n<\/ul>\n<p>Die &#8220;Party&#8221; fand laut\u00a0<em>Spiegel<\/em>-Artikel &#8220;nur einen Tag sp\u00e4ter statt, nachdem die Unionsfraktion ein Gesetz f\u00fcr sch\u00e4rfere Asylgesetze in den\u00a0Bundestag\u00a0eingebracht hatte, zur Freude der AfD und zum Entsetzen der Gr\u00fcnen&#8221;. Laschet verteidigte sich und die Anwesenden mit der Information, dass die Veranstaltung schon vor Wochen geplant und diesbez\u00fcgliche Einladungen versandt wurden.\u00a0<\/p>\n<p>Nach j\u00fcngster R\u00fcckkehr des Regierungstrosses aus Nahost, &#8220;nach der Landung in Berlin&#8221;, wurde Laschet\u00a0nun von\u00a0<em>Spiegel<\/em>-Redakteuren zu seinen Ambitionen f\u00fcr das Ausw\u00e4rtige Amt befragt. Dazu hei\u00dft es im Artikel:<\/p>\n<p><em>&#8220;Er l\u00e4chelte verschmitzt, sagte nichts Bestimmtes, dann schob er seinen Rollkoffer in die Nacht hinaus. Er k\u00f6nnte zumindest Geschichte schreiben, sollte es doch noch so kommen. Laschet w\u00e4re dann der erste CDU-Au\u00dfenminister seit langer Zeit, seit 1966.&#8221;<\/em><\/p>\n<p><strong>Mehr zum Thema<\/strong> &#8211; <a rel=\"nofollow noopener\" target=\"_blank\" href=\"https:\/\/freedert.online\/bundestagswahl_2025\/240694-csu-ministerkandidat-kuendigt-nach-persoenlicher\/\">CSU-Ministerkandidat k\u00fcndigt nach pers\u00f6nlicher Attacke seitens militanter Tiersch\u00fctzer R\u00fcckzug an<\/a><\/p>\n<div class=\"EmbedBlock-root EmbedBlock-externalVideo EmbedBlock-rumble\">\n<div class=\"VkEmbed\"><iframe class=\"lazyload\" data-src=\"https:\/\/rumble.com\/embed\/v6oz1ge\" frameborder=\"0\" width=\"853\" height=\"480\" allowfullscreen><\/iframe><\/div>\n<\/div>\n<\/div>\n<p><script async src=\"https:\/\/platform.twitter.com\/widgets.js\" charset=\"utf-8\"><\/script><br \/>\n<br \/><br \/>\n<br \/><a href=\"https:\/\/de.rt.com\/bundestagswahl_2025\/240719-er-laechelte-verschmitzt-cdu-politiker\/\">Source link <\/a><\/p>\n","protected":false},"excerpt":{"rendered":"<p>Der CDU-Politiker Armin Laschet begleitete die Noch-Au\u00dfenministerin Annalena Baerbock auf ihrer j\u00fcngsten Nahost-Tour. Der Spiegel unterst\u00fctzt mit einem Artikel, zum Thema eines Nachfolgers der Gr\u00fcnen-Politikerin, die Berliner Ger\u00fcchtek\u00fcche. Anfang Februar traf sich das Duo mit Friedrich Merz auf einer &#8220;Wein-Party&#8221;. Armin Laschet, der fr\u00fchere NRW-CDU-Ministerpr\u00e4sident, Mitglied im Ausw\u00e4rtigen Ausschuss des Bundestags sowie seit dem Jahr [&hellip;]<\/p>\n","protected":false},"author":3,"featured_media":80967,"comment_status":"open","ping_status":"open","sticky":false,"template":"","format":"standard","meta":{"_yoast_indexnow_last_ping":["1742998914"],"wp_automatic_camp":["217"],"920b55c01dc178fe41c03c3d9412eead":["&quot;Er l\u00e4chelte verschmitzt&quot; \u2013 CDU-Politiker Laschet bringt sich als kommender Au\u00dfenminister ins Spiel"],"original_link":["https:\/\/de.rt.com\/bundestagswahl_2025\/240719-er-laechelte-verschmitzt-cdu-politiker\/"],"_thumbnail_id":["80967"],"jnews_social_counter_last_update":["1777181973"],"_wptgpro_p2tg_sent2tg":["a:1:{i:23737;s:19:\"2025-03-26 16:23:12\";}"]},"categories":[19,23],"tags":[273,13830,7313,39526,1678,34050,63766,42211,18889,434,11362,63767],"yoast_head":"<!-- This site is optimized with the Yoast SEO Premium plugin v22.7 (Yoast SEO v22.7) - https:\/\/yoast.com\/wordpress\/plugins\/seo\/ -->\n<title>&quot;Er l\u00e4chelte verschmitzt&quot; \u2013 CDU-Politiker Laschet bringt sich als kommender Au\u00dfenminister ins Spiel - just-now.NEWS Deutschland<\/title>\n<meta name=\"robots\" content=\"index, follow, max-snippet:-1, max-image-preview:large, max-video-preview:-1\" \/>\n<link rel=\"canonical\" href=\"https:\/\/now-news.de\/de\/deutschland\/er-laechelte-verschmitzt-cdu-politiker-laschet-bringt-sich-als-kommender-aussenminister-ins-spiel\/\" \/>\n<meta property=\"og:locale\" content=\"de_DE\" \/>\n<meta property=\"og:type\" content=\"article\" \/>\n<meta property=\"og:title\" content=\"&quot;Er l\u00e4chelte verschmitzt&quot; \u2013 CDU-Politiker Laschet bringt sich als kommender Au\u00dfenminister ins Spiel\" \/>\n<meta property=\"og:description\" content=\"Der CDU-Politiker Armin Laschet begleitete die Noch-Au\u00dfenministerin Annalena Baerbock auf ihrer j\u00fcngsten Nahost-Tour. Der Spiegel unterst\u00fctzt mit einem Artikel, zum Thema eines Nachfolgers der Gr\u00fcnen-Politikerin, die Berliner Ger\u00fcchtek\u00fcche. Anfang Februar traf sich das Duo mit Friedrich Merz auf einer &#8220;Wein-Party&#8221;. Armin Laschet, der fr\u00fchere NRW-CDU-Ministerpr\u00e4sident, Mitglied im Ausw\u00e4rtigen Ausschuss des Bundestags sowie seit dem Jahr [&hellip;]\" \/>\n<meta property=\"og:url\" content=\"https:\/\/now-news.de\/de\/deutschland\/er-laechelte-verschmitzt-cdu-politiker-laschet-bringt-sich-als-kommender-aussenminister-ins-spiel\/\" \/>\n<meta property=\"og:site_name\" content=\"just-now.NEWS Deutschland\" \/>\n<meta property=\"article:publisher\" content=\"https:\/\/www.facebook.com\/wirmachenauf\" \/>\n<meta property=\"article:published_time\" content=\"2025-03-26T14:19:07+00:00\" \/>\n<meta property=\"og:image\" content=\"https:\/\/now-news.de\/de\/wp-content\/uploads\/sites\/3\/2025\/03\/67e3f00948fbef4bce67afc0.jpeg\" \/>\n<meta name=\"author\" content=\"rtnews\" \/>\n<meta name=\"twitter:card\" content=\"summary_large_image\" \/>\n<meta name=\"twitter:creator\" content=\"@WirMachenAuf_de\" \/>\n<meta name=\"twitter:site\" content=\"@WirMachenAuf_de\" \/>\n<meta name=\"twitter:label1\" content=\"Verfasst von\" \/>\n\t<meta name=\"twitter:data1\" content=\"rtnews\" \/>\n\t<meta name=\"twitter:label2\" content=\"Gesch\u00e4tzte Lesezeit\" \/>\n\t<meta name=\"twitter:data2\" content=\"4\u00a0Minuten\" \/>\n<script type=\"application\/ld+json\" class=\"yoast-schema-graph\">{\"@context\":\"https:\/\/schema.org\",\"@graph\":[{\"@type\":\"Article\",\"@id\":\"https:\/\/now-news.de\/de\/deutschland\/er-laechelte-verschmitzt-cdu-politiker-laschet-bringt-sich-als-kommender-aussenminister-ins-spiel\/#article\",\"isPartOf\":{\"@id\":\"https:\/\/now-news.de\/de\/deutschland\/er-laechelte-verschmitzt-cdu-politiker-laschet-bringt-sich-als-kommender-aussenminister-ins-spiel\/\"},\"author\":{\"name\":\"rtnews\",\"@id\":\"https:\/\/now-news.de\/de\/#\/schema\/person\/fb534a4e865501d8b3285208df34a9b5\"},\"headline\":\"&quot;Er l\u00e4chelte verschmitzt&quot; \u2013 CDU-Politiker Laschet bringt sich als kommender Au\u00dfenminister ins Spiel\",\"datePublished\":\"2025-03-26T14:19:07+00:00\",\"dateModified\":\"2025-03-26T14:19:07+00:00\",\"mainEntityOfPage\":{\"@id\":\"https:\/\/now-news.de\/de\/deutschland\/er-laechelte-verschmitzt-cdu-politiker-laschet-bringt-sich-als-kommender-aussenminister-ins-spiel\/\"},\"wordCount\":805,\"commentCount\":0,\"publisher\":{\"@id\":\"https:\/\/now-news.de\/de\/#organization\"},\"image\":{\"@id\":\"https:\/\/now-news.de\/de\/deutschland\/er-laechelte-verschmitzt-cdu-politiker-laschet-bringt-sich-als-kommender-aussenminister-ins-spiel\/#primaryimage\"},\"thumbnailUrl\":\"https:\/\/now-news.de\/de\/wp-content\/uploads\/sites\/3\/2025\/03\/quotEr-laechelte-verschmitztquot-\u2013-CDU-Politiker-Laschet-bringt-sich-als-kommender.jpeg\",\"keywords\":[\"als\",\"Au\u00dfenminister\",\"bringt\",\"CDUPolitiker\",\"ins\",\"kommender\",\"l\u00e4chelte\",\"Laschet\",\"quotEr\",\"sich\",\"Spiel\",\"verschmitztquot\"],\"articleSection\":[\"Deutschland\",\"Russland\"],\"inLanguage\":\"de\",\"potentialAction\":[{\"@type\":\"CommentAction\",\"name\":\"Comment\",\"target\":[\"https:\/\/now-news.de\/de\/deutschland\/er-laechelte-verschmitzt-cdu-politiker-laschet-bringt-sich-als-kommender-aussenminister-ins-spiel\/#respond\"]}]},{\"@type\":\"WebPage\",\"@id\":\"https:\/\/now-news.de\/de\/deutschland\/er-laechelte-verschmitzt-cdu-politiker-laschet-bringt-sich-als-kommender-aussenminister-ins-spiel\/\",\"url\":\"https:\/\/now-news.de\/de\/deutschland\/er-laechelte-verschmitzt-cdu-politiker-laschet-bringt-sich-als-kommender-aussenminister-ins-spiel\/\",\"name\":\"&quot;Er l\u00e4chelte verschmitzt&quot; \u2013 CDU-Politiker Laschet bringt sich als kommender Au\u00dfenminister ins Spiel - just-now.NEWS Deutschland\",\"isPartOf\":{\"@id\":\"https:\/\/now-news.de\/de\/#website\"},\"primaryImageOfPage\":{\"@id\":\"https:\/\/now-news.de\/de\/deutschland\/er-laechelte-verschmitzt-cdu-politiker-laschet-bringt-sich-als-kommender-aussenminister-ins-spiel\/#primaryimage\"},\"image\":{\"@id\":\"https:\/\/now-news.de\/de\/deutschland\/er-laechelte-verschmitzt-cdu-politiker-laschet-bringt-sich-als-kommender-aussenminister-ins-spiel\/#primaryimage\"},\"thumbnailUrl\":\"https:\/\/now-news.de\/de\/wp-content\/uploads\/sites\/3\/2025\/03\/quotEr-laechelte-verschmitztquot-\u2013-CDU-Politiker-Laschet-bringt-sich-als-kommender.jpeg\",\"datePublished\":\"2025-03-26T14:19:07+00:00\",\"dateModified\":\"2025-03-26T14:19:07+00:00\",\"breadcrumb\":{\"@id\":\"https:\/\/now-news.de\/de\/deutschland\/er-laechelte-verschmitzt-cdu-politiker-laschet-bringt-sich-als-kommender-aussenminister-ins-spiel\/#breadcrumb\"},\"inLanguage\":\"de\",\"potentialAction\":[{\"@type\":\"ReadAction\",\"target\":[\"https:\/\/now-news.de\/de\/deutschland\/er-laechelte-verschmitzt-cdu-politiker-laschet-bringt-sich-als-kommender-aussenminister-ins-spiel\/\"]}]},{\"@type\":\"ImageObject\",\"inLanguage\":\"de\",\"@id\":\"https:\/\/now-news.de\/de\/deutschland\/er-laechelte-verschmitzt-cdu-politiker-laschet-bringt-sich-als-kommender-aussenminister-ins-spiel\/#primaryimage\",\"url\":\"https:\/\/now-news.de\/de\/wp-content\/uploads\/sites\/3\/2025\/03\/quotEr-laechelte-verschmitztquot-\u2013-CDU-Politiker-Laschet-bringt-sich-als-kommender.jpeg\",\"contentUrl\":\"https:\/\/now-news.de\/de\/wp-content\/uploads\/sites\/3\/2025\/03\/quotEr-laechelte-verschmitztquot-\u2013-CDU-Politiker-Laschet-bringt-sich-als-kommender.jpeg\",\"width\":460,\"height\":259,\"caption\":\"&quot;Er l\u00e4chelte verschmitzt&quot; \u2013 CDU-Politiker Laschet bringt sich als kommender Au\u00dfenminister ins Spiel\"},{\"@type\":\"BreadcrumbList\",\"@id\":\"https:\/\/now-news.de\/de\/deutschland\/er-laechelte-verschmitzt-cdu-politiker-laschet-bringt-sich-als-kommender-aussenminister-ins-spiel\/#breadcrumb\",\"itemListElement\":[{\"@type\":\"ListItem\",\"position\":1,\"name\":\"Home\",\"item\":\"https:\/\/now-news.de\/de\/\"},{\"@type\":\"ListItem\",\"position\":2,\"name\":\"&quot;Er l\u00e4chelte verschmitzt&quot; \u2013 CDU-Politiker Laschet bringt sich als kommender Au\u00dfenminister ins Spiel\"}]},{\"@type\":\"WebSite\",\"@id\":\"https:\/\/now-news.de\/de\/#website\",\"url\":\"https:\/\/now-news.de\/de\/\",\"name\":\"just-now.NEWS Deutschland\",\"description\":\"Das Portal f\u00fcr unzensierte Nachrichten aus der Welt\",\"publisher\":{\"@id\":\"https:\/\/now-news.de\/de\/#organization\"},\"potentialAction\":[{\"@type\":\"SearchAction\",\"target\":{\"@type\":\"EntryPoint\",\"urlTemplate\":\"https:\/\/now-news.de\/de\/?s={search_term_string}\"},\"query-input\":\"required name=search_term_string\"}],\"inLanguage\":\"de\"},{\"@type\":\"Organization\",\"@id\":\"https:\/\/now-news.de\/de\/#organization\",\"name\":\"Just Now News\",\"url\":\"https:\/\/now-news.de\/de\/\",\"logo\":{\"@type\":\"ImageObject\",\"inLanguage\":\"de\",\"@id\":\"https:\/\/now-news.de\/de\/#\/schema\/logo\/image\/\",\"url\":\"http:\/\/just-now.news\/de\/wp-content\/uploads\/sites\/3\/2022\/04\/logo500x500.jpg\",\"contentUrl\":\"http:\/\/just-now.news\/de\/wp-content\/uploads\/sites\/3\/2022\/04\/logo500x500.jpg\",\"width\":500,\"height\":500,\"caption\":\"Just Now News\"},\"image\":{\"@id\":\"https:\/\/now-news.de\/de\/#\/schema\/logo\/image\/\"},\"sameAs\":[\"https:\/\/www.facebook.com\/wirmachenauf\",\"https:\/\/x.com\/WirMachenAuf_de\"]},{\"@type\":\"Person\",\"@id\":\"https:\/\/now-news.de\/de\/#\/schema\/person\/fb534a4e865501d8b3285208df34a9b5\",\"name\":\"rtnews\",\"image\":{\"@type\":\"ImageObject\",\"inLanguage\":\"de\",\"@id\":\"https:\/\/now-news.de\/de\/#\/schema\/person\/image\/\",\"url\":\"https:\/\/secure.gravatar.com\/avatar\/82aafea7d8127119dd649515f56e2117?s=96&d=mm&r=g\",\"contentUrl\":\"https:\/\/secure.gravatar.com\/avatar\/82aafea7d8127119dd649515f56e2117?s=96&d=mm&r=g\",\"caption\":\"rtnews\"},\"url\":\"https:\/\/now-news.de\/de\/author\/rnews\/\"}]}<\/script>\n<!-- \/ Yoast SEO Premium plugin. -->","yoast_head_json":{"title":"&quot;Er l\u00e4chelte verschmitzt&quot; \u2013 CDU-Politiker Laschet bringt sich als kommender Au\u00dfenminister ins Spiel - just-now.NEWS Deutschland","robots":{"index":"index","follow":"follow","max-snippet":"max-snippet:-1","max-image-preview":"max-image-preview:large","max-video-preview":"max-video-preview:-1"},"canonical":"https:\/\/now-news.de\/de\/deutschland\/er-laechelte-verschmitzt-cdu-politiker-laschet-bringt-sich-als-kommender-aussenminister-ins-spiel\/","og_locale":"de_DE","og_type":"article","og_title":"&quot;Er l\u00e4chelte verschmitzt&quot; \u2013 CDU-Politiker Laschet bringt sich als kommender Au\u00dfenminister ins Spiel","og_description":"Der CDU-Politiker Armin Laschet begleitete die Noch-Au\u00dfenministerin Annalena Baerbock auf ihrer j\u00fcngsten Nahost-Tour. Der Spiegel unterst\u00fctzt mit einem Artikel, zum Thema eines Nachfolgers der Gr\u00fcnen-Politikerin, die Berliner Ger\u00fcchtek\u00fcche. Anfang Februar traf sich das Duo mit Friedrich Merz auf einer &#8220;Wein-Party&#8221;. Armin Laschet, der fr\u00fchere NRW-CDU-Ministerpr\u00e4sident, Mitglied im Ausw\u00e4rtigen Ausschuss des Bundestags sowie seit dem Jahr [&hellip;]","og_url":"https:\/\/now-news.de\/de\/deutschland\/er-laechelte-verschmitzt-cdu-politiker-laschet-bringt-sich-als-kommender-aussenminister-ins-spiel\/","og_site_name":"just-now.NEWS Deutschland","article_publisher":"https:\/\/www.facebook.com\/wirmachenauf","article_published_time":"2025-03-26T14:19:07+00:00","og_image":[{"url":"https:\/\/now-news.de\/de\/wp-content\/uploads\/sites\/3\/2025\/03\/67e3f00948fbef4bce67afc0.jpeg"}],"author":"rtnews","twitter_card":"summary_large_image","twitter_creator":"@WirMachenAuf_de","twitter_site":"@WirMachenAuf_de","twitter_misc":{"Verfasst von":"rtnews","Gesch\u00e4tzte Lesezeit":"4\u00a0Minuten"},"schema":{"@context":"https:\/\/schema.org","@graph":[{"@type":"Article","@id":"https:\/\/now-news.de\/de\/deutschland\/er-laechelte-verschmitzt-cdu-politiker-laschet-bringt-sich-als-kommender-aussenminister-ins-spiel\/#article","isPartOf":{"@id":"https:\/\/now-news.de\/de\/deutschland\/er-laechelte-verschmitzt-cdu-politiker-laschet-bringt-sich-als-kommender-aussenminister-ins-spiel\/"},"author":{"name":"rtnews","@id":"https:\/\/now-news.de\/de\/#\/schema\/person\/fb534a4e865501d8b3285208df34a9b5"},"headline":"&quot;Er l\u00e4chelte verschmitzt&quot; \u2013 CDU-Politiker Laschet bringt sich als kommender Au\u00dfenminister ins Spiel","datePublished":"2025-03-26T14:19:07+00:00","dateModified":"2025-03-26T14:19:07+00:00","mainEntityOfPage":{"@id":"https:\/\/now-news.de\/de\/deutschland\/er-laechelte-verschmitzt-cdu-politiker-laschet-bringt-sich-als-kommender-aussenminister-ins-spiel\/"},"wordCount":805,"commentCount":0,"publisher":{"@id":"https:\/\/now-news.de\/de\/#organization"},"image":{"@id":"https:\/\/now-news.de\/de\/deutschland\/er-laechelte-verschmitzt-cdu-politiker-laschet-bringt-sich-als-kommender-aussenminister-ins-spiel\/#primaryimage"},"thumbnailUrl":"https:\/\/now-news.de\/de\/wp-content\/uploads\/sites\/3\/2025\/03\/quotEr-laechelte-verschmitztquot-\u2013-CDU-Politiker-Laschet-bringt-sich-als-kommender.jpeg","keywords":["als","Au\u00dfenminister","bringt","CDUPolitiker","ins","kommender","l\u00e4chelte","Laschet","quotEr","sich","Spiel","verschmitztquot"],"articleSection":["Deutschland","Russland"],"inLanguage":"de","potentialAction":[{"@type":"CommentAction","name":"Comment","target":["https:\/\/now-news.de\/de\/deutschland\/er-laechelte-verschmitzt-cdu-politiker-laschet-bringt-sich-als-kommender-aussenminister-ins-spiel\/#respond"]}]},{"@type":"WebPage","@id":"https:\/\/now-news.de\/de\/deutschland\/er-laechelte-verschmitzt-cdu-politiker-laschet-bringt-sich-als-kommender-aussenminister-ins-spiel\/","url":"https:\/\/now-news.de\/de\/deutschland\/er-laechelte-verschmitzt-cdu-politiker-laschet-bringt-sich-als-kommender-aussenminister-ins-spiel\/","name":"&quot;Er l\u00e4chelte verschmitzt&quot; \u2013 CDU-Politiker Laschet bringt sich als kommender Au\u00dfenminister ins Spiel - just-now.NEWS Deutschland","isPartOf":{"@id":"https:\/\/now-news.de\/de\/#website"},"primaryImageOfPage":{"@id":"https:\/\/now-news.de\/de\/deutschland\/er-laechelte-verschmitzt-cdu-politiker-laschet-bringt-sich-als-kommender-aussenminister-ins-spiel\/#primaryimage"},"image":{"@id":"https:\/\/now-news.de\/de\/deutschland\/er-laechelte-verschmitzt-cdu-politiker-laschet-bringt-sich-als-kommender-aussenminister-ins-spiel\/#primaryimage"},"thumbnailUrl":"https:\/\/now-news.de\/de\/wp-content\/uploads\/sites\/3\/2025\/03\/quotEr-laechelte-verschmitztquot-\u2013-CDU-Politiker-Laschet-bringt-sich-als-kommender.jpeg","datePublished":"2025-03-26T14:19:07+00:00","dateModified":"2025-03-26T14:19:07+00:00","breadcrumb":{"@id":"https:\/\/now-news.de\/de\/deutschland\/er-laechelte-verschmitzt-cdu-politiker-laschet-bringt-sich-als-kommender-aussenminister-ins-spiel\/#breadcrumb"},"inLanguage":"de","potentialAction":[{"@type":"ReadAction","target":["https:\/\/now-news.de\/de\/deutschland\/er-laechelte-verschmitzt-cdu-politiker-laschet-bringt-sich-als-kommender-aussenminister-ins-spiel\/"]}]},{"@type":"ImageObject","inLanguage":"de","@id":"https:\/\/now-news.de\/de\/deutschland\/er-laechelte-verschmitzt-cdu-politiker-laschet-bringt-sich-als-kommender-aussenminister-ins-spiel\/#primaryimage","url":"https:\/\/now-news.de\/de\/wp-content\/uploads\/sites\/3\/2025\/03\/quotEr-laechelte-verschmitztquot-\u2013-CDU-Politiker-Laschet-bringt-sich-als-kommender.jpeg","contentUrl":"https:\/\/now-news.de\/de\/wp-content\/uploads\/sites\/3\/2025\/03\/quotEr-laechelte-verschmitztquot-\u2013-CDU-Politiker-Laschet-bringt-sich-als-kommender.jpeg","width":460,"height":259,"caption":"&quot;Er l\u00e4chelte verschmitzt&quot; \u2013 CDU-Politiker Laschet bringt sich als kommender Au\u00dfenminister ins Spiel"},{"@type":"BreadcrumbList","@id":"https:\/\/now-news.de\/de\/deutschland\/er-laechelte-verschmitzt-cdu-politiker-laschet-bringt-sich-als-kommender-aussenminister-ins-spiel\/#breadcrumb","itemListElement":[{"@type":"ListItem","position":1,"name":"Home","item":"https:\/\/now-news.de\/de\/"},{"@type":"ListItem","position":2,"name":"&quot;Er l\u00e4chelte verschmitzt&quot; \u2013 CDU-Politiker Laschet bringt sich als kommender Au\u00dfenminister ins Spiel"}]},{"@type":"WebSite","@id":"https:\/\/now-news.de\/de\/#website","url":"https:\/\/now-news.de\/de\/","name":"just-now.NEWS Deutschland","description":"Das Portal f\u00fcr unzensierte Nachrichten aus der Welt","publisher":{"@id":"https:\/\/now-news.de\/de\/#organization"},"potentialAction":[{"@type":"SearchAction","target":{"@type":"EntryPoint","urlTemplate":"https:\/\/now-news.de\/de\/?s={search_term_string}"},"query-input":"required name=search_term_string"}],"inLanguage":"de"},{"@type":"Organization","@id":"https:\/\/now-news.de\/de\/#organization","name":"Just Now News","url":"https:\/\/now-news.de\/de\/","logo":{"@type":"ImageObject","inLanguage":"de","@id":"https:\/\/now-news.de\/de\/#\/schema\/logo\/image\/","url":"http:\/\/just-now.news\/de\/wp-content\/uploads\/sites\/3\/2022\/04\/logo500x500.jpg","contentUrl":"http:\/\/just-now.news\/de\/wp-content\/uploads\/sites\/3\/2022\/04\/logo500x500.jpg","width":500,"height":500,"caption":"Just Now News"},"image":{"@id":"https:\/\/now-news.de\/de\/#\/schema\/logo\/image\/"},"sameAs":["https:\/\/www.facebook.com\/wirmachenauf","https:\/\/x.com\/WirMachenAuf_de"]},{"@type":"Person","@id":"https:\/\/now-news.de\/de\/#\/schema\/person\/fb534a4e865501d8b3285208df34a9b5","name":"rtnews","image":{"@type":"ImageObject","inLanguage":"de","@id":"https:\/\/now-news.de\/de\/#\/schema\/person\/image\/","url":"https:\/\/secure.gravatar.com\/avatar\/82aafea7d8127119dd649515f56e2117?s=96&d=mm&r=g","contentUrl":"https:\/\/secure.gravatar.com\/avatar\/82aafea7d8127119dd649515f56e2117?s=96&d=mm&r=g","caption":"rtnews"},"url":"https:\/\/now-news.de\/de\/author\/rnews\/"}]}},"_links":{"self":[{"href":"https:\/\/now-news.de\/de\/wp-json\/wp\/v2\/posts\/80966"}],"collection":[{"href":"https:\/\/now-news.de\/de\/wp-json\/wp\/v2\/posts"}],"about":[{"href":"https:\/\/now-news.de\/de\/wp-json\/wp\/v2\/types\/post"}],"author":[{"embeddable":true,"href":"https:\/\/now-news.de\/de\/wp-json\/wp\/v2\/users\/3"}],"replies":[{"embeddable":true,"href":"https:\/\/now-news.de\/de\/wp-json\/wp\/v2\/comments?post=80966"}],"version-history":[{"count":0,"href":"https:\/\/now-news.de\/de\/wp-json\/wp\/v2\/posts\/80966\/revisions"}],"wp:featuredmedia":[{"embeddable":true,"href":"https:\/\/now-news.de\/de\/wp-json\/wp\/v2\/media\/80967"}],"wp:attachment":[{"href":"https:\/\/now-news.de\/de\/wp-json\/wp\/v2\/media?parent=80966"}],"wp:term":[{"taxonomy":"category","embeddable":true,"href":"https:\/\/now-news.de\/de\/wp-json\/wp\/v2\/categories?post=80966"},{"taxonomy":"post_tag","embeddable":true,"href":"https:\/\/now-news.de\/de\/wp-json\/wp\/v2\/tags?post=80966"}],"curies":[{"name":"wp","href":"https:\/\/api.w.org\/{rel}","templated":true}]}}