{"id":80929,"date":"2025-03-25T22:07:41","date_gmt":"2025-03-25T20:07:41","guid":{"rendered":"https:\/\/now-news.de\/de\/deutschland\/argentinien-gibt-nazi-akten-frei\/"},"modified":"2025-03-25T22:07:41","modified_gmt":"2025-03-25T20:07:41","slug":"argentinien-gibt-nazi-akten-frei","status":"publish","type":"post","link":"https:\/\/now-news.de\/de\/deutschland\/argentinien-gibt-nazi-akten-frei\/","title":{"rendered":"Argentinien gibt Nazi-Akten frei"},"content":{"rendered":"<p><img decoding=\"async\" src=\"https:\/\/now-news.de\/de\/wp-content\/uploads\/sites\/3\/2025\/03\/67e2e834b480cc628e62e0b2.jpg\" \/><\/p>\n<div class=\"Text-root Text-type_1 \">\n                Es gebe &#8220;keinen Grund&#8221;, Informationen \u00fcber den Schutz zur\u00fcckzuhalten, den das Land Fl\u00fcchtigen nach dem Zweiten Weltkrieg gew\u00e4hrte, sagte ein h\u00f6herer Beamter. Nach 1945 waren viele Nazi-Kriegsverbrecher \u00fcber die &#8220;Rattenlinie&#8221; ins Land gebracht worden.\n            <\/div>\n<p><\/p>\n<div class=\"Text-root Text-type_5 ArticleView-text ViewText-root \">\n<p>Argentinien plant, die Geheimhaltung von Regierungsdokumenten aufzuheben, in denen es um gefl\u00fcchtete Nazis in dem lateinamerikanischen Land nach Hitlerdeutschlands Niederlage im Zweiten Weltkrieg geht.<\/p>\n<p>Am Montag erkl\u00e4rte der Stabschef von Pr\u00e4sident Javier Milei, Guillermo Francos, in einem Interview mit dem TV-Kanal <em>DNews<\/em>, man habe sich f\u00fcr Transparenz entschieden. Er sagte, der Pr\u00e4sident habe diese Entscheidung letzten Monat nach einem Treffen mit dem US-Senator Steve Daines getroffen, der vehement f\u00fcr die Ver\u00f6ffentlichung der Akten eintrat.<\/p>\n<p>Francos sagte, der Pr\u00e4sident glaube, &#8220;es gibt keinen Grund, Informationen zur\u00fcckzuhalten&#8221; \u00fcber den Schutz, den Argentinien Nazis gew\u00e4hrt hatte, und f\u00fcgte hinzu, die meisten Dokumente, deren Ver\u00f6ffentlichung beschlossen sei, bef\u00e4nden sich im Verteidigungsministerium. Einige der Akten befassen sich mit Finanzfragen, die auch Dienste Schweizer Banken einbeziehen, f\u00fcgte er hinzu.<\/p>\n<p>Nach Sch\u00e4tzungen sind etwa 10.000 Kriegsverbrecher \u00fcber die sogenannte &#8220;Rattenlinie&#8221; aus Europa entkommen und haben sich andernorts niedergelassen, als die Achsenm\u00e4chte auf dem Kontinent gefallen sind. Etwa die H\u00e4lfte davon soll sich f\u00fcr Argentinien als Refugium entschieden haben \u2013 ein Land, das f\u00fcr seine Z\u00f6gerlichkeit bekannt ist, Auslieferungsbegehren nachzukommen.<\/p>\n<p>Darunter waren der Architekt des Holocaust Adolf Eichmann und der ber\u00fcchtigte Arzt der Todeslager Josef Mengele. Eichmann wurde von israelischen Agenten gefangen und zum Prozess nach Israel gebracht, w\u00e4hrend Mengele 1979 nach einem Herzschlag ertrank.<\/p>\n<p>Der Zufluss fand gr\u00f6\u00dftenteils w\u00e4hrend der ersten Pr\u00e4sidentschaft des umstrittenen argentinischen Staatschefs Juan Per\u00f3n statt, dessen Regierung von 1946 bis 1955 Nazi-Exilanten explizit unterst\u00fctzte. Per\u00f3n verfolgte eine Politik, die Autoritarismus mit populistischen Elementen mischte und nach Meinung von Kritikern vom Faschismus beeinflusst war.<\/p>\n<p>Mileis Zusage, die Naziakten zu enth\u00fcllen, folgt auf eine zuvor erlassenes Dekret, das die Ver\u00f6ffentlichung von Akten bez\u00fcglich der Handlungen der argentinischen Streitkr\u00e4fte w\u00e4hrend der Milit\u00e4rdiktatur 1976 bis 1983 beschleunigen soll. Diese unruhige Zeit, die als &#8220;die letzte Junta&#8221; bekannt ist, begann mit einem Putsch gegen Isabel Per\u00f3n, die Witwe und Nachfolgerin Per\u00f3ns, nachdem dessen Tod 1974 seine zweite Amtszeit abrupt beendet hatte.<\/p>\n<p>Die Junta ging brutal gegen politische Abweichungen vor, wodurch Zehntausende starben oder verschwanden. Pr\u00e4sidentensprecher Manuel Adorni sagte, die Regierung wolle politische Manipulationen dieser tragischen Zeit durch vollst\u00e4ndige Ver\u00f6ffentlichung verhindern.<\/p>\n<p><strong>Mehr zum Thema \u2013\u00a0<\/strong><a rel=\"nofollow noopener\" target=\"_blank\" href=\"https:\/\/freedert.online\/schweiz\/238685-nazi-gelder-bei-credit-suisse\/\">Nazi-Gelder bei der Credit Suisse: Amerikaner wittern Skandal \u2013 und Milei spielt mit <\/a><\/p>\n<div class=\"EmbedBlock-root EmbedBlock-externalVideo EmbedBlock-rumble\">\n<div class=\"VkEmbed\"><iframe class=\"lazyload\" data-src=\"https:\/\/rumble.com\/embed\/v6ogyx0\" frameborder=\"0\" width=\"853\" height=\"480\" allowfullscreen><\/iframe><\/div>\n<\/div>\n<\/div>\n<p><br \/>\n<br \/><a href=\"https:\/\/de.rt.com\/amerika\/240663-argentinien-gibt-nazi-akten-frei\/\">Source link <\/a><\/p>\n","protected":false},"excerpt":{"rendered":"<p>Es gebe &#8220;keinen Grund&#8221;, Informationen \u00fcber den Schutz zur\u00fcckzuhalten, den das Land Fl\u00fcchtigen nach dem Zweiten Weltkrieg gew\u00e4hrte, sagte ein h\u00f6herer Beamter. Nach 1945 waren viele Nazi-Kriegsverbrecher \u00fcber die &#8220;Rattenlinie&#8221; ins Land gebracht worden. Argentinien plant, die Geheimhaltung von Regierungsdokumenten aufzuheben, in denen es um gefl\u00fcchtete Nazis in dem lateinamerikanischen Land nach Hitlerdeutschlands Niederlage im [&hellip;]<\/p>\n","protected":false},"author":3,"featured_media":80930,"comment_status":"open","ping_status":"open","sticky":false,"template":"","format":"standard","meta":{"_yoast_indexnow_last_ping":["1742933445"],"wp_automatic_camp":["217"],"a46b149d6ef7d041bc4b371b498a5340":["Argentinien gibt Nazi-Akten frei"],"original_link":["https:\/\/de.rt.com\/amerika\/240663-argentinien-gibt-nazi-akten-frei\/"],"_thumbnail_id":["80930"],"jnews_social_counter_last_update":["1777435545"],"_wptgpro_p2tg_sent2tg":["a:1:{i:23737;s:19:\"2025-03-25 22:11:44\";}"]},"categories":[19,23],"tags":[21891,1008,1002,63751],"yoast_head":"<!-- This site is optimized with the Yoast SEO Premium plugin v22.7 (Yoast SEO v22.7) - https:\/\/yoast.com\/wordpress\/plugins\/seo\/ -->\n<title>Argentinien gibt Nazi-Akten frei - just-now.NEWS Deutschland<\/title>\n<meta name=\"robots\" content=\"index, follow, max-snippet:-1, max-image-preview:large, max-video-preview:-1\" \/>\n<link rel=\"canonical\" href=\"https:\/\/now-news.de\/de\/deutschland\/argentinien-gibt-nazi-akten-frei\/\" \/>\n<meta property=\"og:locale\" content=\"de_DE\" \/>\n<meta property=\"og:type\" content=\"article\" \/>\n<meta property=\"og:title\" content=\"Argentinien gibt Nazi-Akten frei\" \/>\n<meta property=\"og:description\" content=\"Es gebe &#8220;keinen Grund&#8221;, Informationen \u00fcber den Schutz zur\u00fcckzuhalten, den das Land Fl\u00fcchtigen nach dem Zweiten Weltkrieg gew\u00e4hrte, sagte ein h\u00f6herer Beamter. Nach 1945 waren viele Nazi-Kriegsverbrecher \u00fcber die &#8220;Rattenlinie&#8221; ins Land gebracht worden. Argentinien plant, die Geheimhaltung von Regierungsdokumenten aufzuheben, in denen es um gefl\u00fcchtete Nazis in dem lateinamerikanischen Land nach Hitlerdeutschlands Niederlage im [&hellip;]\" \/>\n<meta property=\"og:url\" content=\"https:\/\/now-news.de\/de\/deutschland\/argentinien-gibt-nazi-akten-frei\/\" \/>\n<meta property=\"og:site_name\" content=\"just-now.NEWS Deutschland\" \/>\n<meta property=\"article:publisher\" content=\"https:\/\/www.facebook.com\/wirmachenauf\" \/>\n<meta property=\"article:published_time\" content=\"2025-03-25T20:07:41+00:00\" \/>\n<meta property=\"og:image\" content=\"https:\/\/now-news.de\/de\/wp-content\/uploads\/sites\/3\/2025\/03\/67e2e834b480cc628e62e0b2.jpg\" \/>\n<meta name=\"author\" content=\"rtnews\" \/>\n<meta name=\"twitter:card\" content=\"summary_large_image\" \/>\n<meta name=\"twitter:creator\" content=\"@WirMachenAuf_de\" \/>\n<meta name=\"twitter:site\" content=\"@WirMachenAuf_de\" \/>\n<meta name=\"twitter:label1\" content=\"Verfasst von\" \/>\n\t<meta name=\"twitter:data1\" content=\"rtnews\" \/>\n\t<meta name=\"twitter:label2\" content=\"Gesch\u00e4tzte Lesezeit\" \/>\n\t<meta name=\"twitter:data2\" content=\"2\u00a0Minuten\" \/>\n<script type=\"application\/ld+json\" class=\"yoast-schema-graph\">{\"@context\":\"https:\/\/schema.org\",\"@graph\":[{\"@type\":\"Article\",\"@id\":\"https:\/\/now-news.de\/de\/deutschland\/argentinien-gibt-nazi-akten-frei\/#article\",\"isPartOf\":{\"@id\":\"https:\/\/now-news.de\/de\/deutschland\/argentinien-gibt-nazi-akten-frei\/\"},\"author\":{\"name\":\"rtnews\",\"@id\":\"https:\/\/now-news.de\/de\/#\/schema\/person\/fb534a4e865501d8b3285208df34a9b5\"},\"headline\":\"Argentinien gibt Nazi-Akten frei\",\"datePublished\":\"2025-03-25T20:07:41+00:00\",\"dateModified\":\"2025-03-25T20:07:41+00:00\",\"mainEntityOfPage\":{\"@id\":\"https:\/\/now-news.de\/de\/deutschland\/argentinien-gibt-nazi-akten-frei\/\"},\"wordCount\":432,\"commentCount\":0,\"publisher\":{\"@id\":\"https:\/\/now-news.de\/de\/#organization\"},\"image\":{\"@id\":\"https:\/\/now-news.de\/de\/deutschland\/argentinien-gibt-nazi-akten-frei\/#primaryimage\"},\"thumbnailUrl\":\"https:\/\/now-news.de\/de\/wp-content\/uploads\/sites\/3\/2025\/03\/Argentinien-gibt-Nazi-Akten-frei.jpg\",\"keywords\":[\"Argentinien\",\"frei\",\"gibt\",\"NaziAkten\"],\"articleSection\":[\"Deutschland\",\"Russland\"],\"inLanguage\":\"de\",\"potentialAction\":[{\"@type\":\"CommentAction\",\"name\":\"Comment\",\"target\":[\"https:\/\/now-news.de\/de\/deutschland\/argentinien-gibt-nazi-akten-frei\/#respond\"]}]},{\"@type\":\"WebPage\",\"@id\":\"https:\/\/now-news.de\/de\/deutschland\/argentinien-gibt-nazi-akten-frei\/\",\"url\":\"https:\/\/now-news.de\/de\/deutschland\/argentinien-gibt-nazi-akten-frei\/\",\"name\":\"Argentinien gibt Nazi-Akten frei - just-now.NEWS Deutschland\",\"isPartOf\":{\"@id\":\"https:\/\/now-news.de\/de\/#website\"},\"primaryImageOfPage\":{\"@id\":\"https:\/\/now-news.de\/de\/deutschland\/argentinien-gibt-nazi-akten-frei\/#primaryimage\"},\"image\":{\"@id\":\"https:\/\/now-news.de\/de\/deutschland\/argentinien-gibt-nazi-akten-frei\/#primaryimage\"},\"thumbnailUrl\":\"https:\/\/now-news.de\/de\/wp-content\/uploads\/sites\/3\/2025\/03\/Argentinien-gibt-Nazi-Akten-frei.jpg\",\"datePublished\":\"2025-03-25T20:07:41+00:00\",\"dateModified\":\"2025-03-25T20:07:41+00:00\",\"breadcrumb\":{\"@id\":\"https:\/\/now-news.de\/de\/deutschland\/argentinien-gibt-nazi-akten-frei\/#breadcrumb\"},\"inLanguage\":\"de\",\"potentialAction\":[{\"@type\":\"ReadAction\",\"target\":[\"https:\/\/now-news.de\/de\/deutschland\/argentinien-gibt-nazi-akten-frei\/\"]}]},{\"@type\":\"ImageObject\",\"inLanguage\":\"de\",\"@id\":\"https:\/\/now-news.de\/de\/deutschland\/argentinien-gibt-nazi-akten-frei\/#primaryimage\",\"url\":\"https:\/\/now-news.de\/de\/wp-content\/uploads\/sites\/3\/2025\/03\/Argentinien-gibt-Nazi-Akten-frei.jpg\",\"contentUrl\":\"https:\/\/now-news.de\/de\/wp-content\/uploads\/sites\/3\/2025\/03\/Argentinien-gibt-Nazi-Akten-frei.jpg\",\"width\":460,\"height\":259,\"caption\":\"Argentinien gibt Nazi-Akten frei\"},{\"@type\":\"BreadcrumbList\",\"@id\":\"https:\/\/now-news.de\/de\/deutschland\/argentinien-gibt-nazi-akten-frei\/#breadcrumb\",\"itemListElement\":[{\"@type\":\"ListItem\",\"position\":1,\"name\":\"Home\",\"item\":\"https:\/\/now-news.de\/de\/\"},{\"@type\":\"ListItem\",\"position\":2,\"name\":\"Argentinien gibt Nazi-Akten frei\"}]},{\"@type\":\"WebSite\",\"@id\":\"https:\/\/now-news.de\/de\/#website\",\"url\":\"https:\/\/now-news.de\/de\/\",\"name\":\"just-now.NEWS Deutschland\",\"description\":\"Das Portal f\u00fcr unzensierte Nachrichten aus der Welt\",\"publisher\":{\"@id\":\"https:\/\/now-news.de\/de\/#organization\"},\"potentialAction\":[{\"@type\":\"SearchAction\",\"target\":{\"@type\":\"EntryPoint\",\"urlTemplate\":\"https:\/\/now-news.de\/de\/?s={search_term_string}\"},\"query-input\":\"required name=search_term_string\"}],\"inLanguage\":\"de\"},{\"@type\":\"Organization\",\"@id\":\"https:\/\/now-news.de\/de\/#organization\",\"name\":\"Just Now News\",\"url\":\"https:\/\/now-news.de\/de\/\",\"logo\":{\"@type\":\"ImageObject\",\"inLanguage\":\"de\",\"@id\":\"https:\/\/now-news.de\/de\/#\/schema\/logo\/image\/\",\"url\":\"http:\/\/just-now.news\/de\/wp-content\/uploads\/sites\/3\/2022\/04\/logo500x500.jpg\",\"contentUrl\":\"http:\/\/just-now.news\/de\/wp-content\/uploads\/sites\/3\/2022\/04\/logo500x500.jpg\",\"width\":500,\"height\":500,\"caption\":\"Just Now News\"},\"image\":{\"@id\":\"https:\/\/now-news.de\/de\/#\/schema\/logo\/image\/\"},\"sameAs\":[\"https:\/\/www.facebook.com\/wirmachenauf\",\"https:\/\/x.com\/WirMachenAuf_de\"]},{\"@type\":\"Person\",\"@id\":\"https:\/\/now-news.de\/de\/#\/schema\/person\/fb534a4e865501d8b3285208df34a9b5\",\"name\":\"rtnews\",\"image\":{\"@type\":\"ImageObject\",\"inLanguage\":\"de\",\"@id\":\"https:\/\/now-news.de\/de\/#\/schema\/person\/image\/\",\"url\":\"https:\/\/secure.gravatar.com\/avatar\/82aafea7d8127119dd649515f56e2117?s=96&d=mm&r=g\",\"contentUrl\":\"https:\/\/secure.gravatar.com\/avatar\/82aafea7d8127119dd649515f56e2117?s=96&d=mm&r=g\",\"caption\":\"rtnews\"},\"url\":\"https:\/\/now-news.de\/de\/author\/rnews\/\"}]}<\/script>\n<!-- \/ Yoast SEO Premium plugin. -->","yoast_head_json":{"title":"Argentinien gibt Nazi-Akten frei - just-now.NEWS Deutschland","robots":{"index":"index","follow":"follow","max-snippet":"max-snippet:-1","max-image-preview":"max-image-preview:large","max-video-preview":"max-video-preview:-1"},"canonical":"https:\/\/now-news.de\/de\/deutschland\/argentinien-gibt-nazi-akten-frei\/","og_locale":"de_DE","og_type":"article","og_title":"Argentinien gibt Nazi-Akten frei","og_description":"Es gebe &#8220;keinen Grund&#8221;, Informationen \u00fcber den Schutz zur\u00fcckzuhalten, den das Land Fl\u00fcchtigen nach dem Zweiten Weltkrieg gew\u00e4hrte, sagte ein h\u00f6herer Beamter. Nach 1945 waren viele Nazi-Kriegsverbrecher \u00fcber die &#8220;Rattenlinie&#8221; ins Land gebracht worden. Argentinien plant, die Geheimhaltung von Regierungsdokumenten aufzuheben, in denen es um gefl\u00fcchtete Nazis in dem lateinamerikanischen Land nach Hitlerdeutschlands Niederlage im [&hellip;]","og_url":"https:\/\/now-news.de\/de\/deutschland\/argentinien-gibt-nazi-akten-frei\/","og_site_name":"just-now.NEWS Deutschland","article_publisher":"https:\/\/www.facebook.com\/wirmachenauf","article_published_time":"2025-03-25T20:07:41+00:00","og_image":[{"url":"https:\/\/now-news.de\/de\/wp-content\/uploads\/sites\/3\/2025\/03\/67e2e834b480cc628e62e0b2.jpg"}],"author":"rtnews","twitter_card":"summary_large_image","twitter_creator":"@WirMachenAuf_de","twitter_site":"@WirMachenAuf_de","twitter_misc":{"Verfasst von":"rtnews","Gesch\u00e4tzte Lesezeit":"2\u00a0Minuten"},"schema":{"@context":"https:\/\/schema.org","@graph":[{"@type":"Article","@id":"https:\/\/now-news.de\/de\/deutschland\/argentinien-gibt-nazi-akten-frei\/#article","isPartOf":{"@id":"https:\/\/now-news.de\/de\/deutschland\/argentinien-gibt-nazi-akten-frei\/"},"author":{"name":"rtnews","@id":"https:\/\/now-news.de\/de\/#\/schema\/person\/fb534a4e865501d8b3285208df34a9b5"},"headline":"Argentinien gibt Nazi-Akten frei","datePublished":"2025-03-25T20:07:41+00:00","dateModified":"2025-03-25T20:07:41+00:00","mainEntityOfPage":{"@id":"https:\/\/now-news.de\/de\/deutschland\/argentinien-gibt-nazi-akten-frei\/"},"wordCount":432,"commentCount":0,"publisher":{"@id":"https:\/\/now-news.de\/de\/#organization"},"image":{"@id":"https:\/\/now-news.de\/de\/deutschland\/argentinien-gibt-nazi-akten-frei\/#primaryimage"},"thumbnailUrl":"https:\/\/now-news.de\/de\/wp-content\/uploads\/sites\/3\/2025\/03\/Argentinien-gibt-Nazi-Akten-frei.jpg","keywords":["Argentinien","frei","gibt","NaziAkten"],"articleSection":["Deutschland","Russland"],"inLanguage":"de","potentialAction":[{"@type":"CommentAction","name":"Comment","target":["https:\/\/now-news.de\/de\/deutschland\/argentinien-gibt-nazi-akten-frei\/#respond"]}]},{"@type":"WebPage","@id":"https:\/\/now-news.de\/de\/deutschland\/argentinien-gibt-nazi-akten-frei\/","url":"https:\/\/now-news.de\/de\/deutschland\/argentinien-gibt-nazi-akten-frei\/","name":"Argentinien gibt Nazi-Akten frei - just-now.NEWS Deutschland","isPartOf":{"@id":"https:\/\/now-news.de\/de\/#website"},"primaryImageOfPage":{"@id":"https:\/\/now-news.de\/de\/deutschland\/argentinien-gibt-nazi-akten-frei\/#primaryimage"},"image":{"@id":"https:\/\/now-news.de\/de\/deutschland\/argentinien-gibt-nazi-akten-frei\/#primaryimage"},"thumbnailUrl":"https:\/\/now-news.de\/de\/wp-content\/uploads\/sites\/3\/2025\/03\/Argentinien-gibt-Nazi-Akten-frei.jpg","datePublished":"2025-03-25T20:07:41+00:00","dateModified":"2025-03-25T20:07:41+00:00","breadcrumb":{"@id":"https:\/\/now-news.de\/de\/deutschland\/argentinien-gibt-nazi-akten-frei\/#breadcrumb"},"inLanguage":"de","potentialAction":[{"@type":"ReadAction","target":["https:\/\/now-news.de\/de\/deutschland\/argentinien-gibt-nazi-akten-frei\/"]}]},{"@type":"ImageObject","inLanguage":"de","@id":"https:\/\/now-news.de\/de\/deutschland\/argentinien-gibt-nazi-akten-frei\/#primaryimage","url":"https:\/\/now-news.de\/de\/wp-content\/uploads\/sites\/3\/2025\/03\/Argentinien-gibt-Nazi-Akten-frei.jpg","contentUrl":"https:\/\/now-news.de\/de\/wp-content\/uploads\/sites\/3\/2025\/03\/Argentinien-gibt-Nazi-Akten-frei.jpg","width":460,"height":259,"caption":"Argentinien gibt Nazi-Akten frei"},{"@type":"BreadcrumbList","@id":"https:\/\/now-news.de\/de\/deutschland\/argentinien-gibt-nazi-akten-frei\/#breadcrumb","itemListElement":[{"@type":"ListItem","position":1,"name":"Home","item":"https:\/\/now-news.de\/de\/"},{"@type":"ListItem","position":2,"name":"Argentinien gibt Nazi-Akten frei"}]},{"@type":"WebSite","@id":"https:\/\/now-news.de\/de\/#website","url":"https:\/\/now-news.de\/de\/","name":"just-now.NEWS Deutschland","description":"Das Portal f\u00fcr unzensierte Nachrichten aus der Welt","publisher":{"@id":"https:\/\/now-news.de\/de\/#organization"},"potentialAction":[{"@type":"SearchAction","target":{"@type":"EntryPoint","urlTemplate":"https:\/\/now-news.de\/de\/?s={search_term_string}"},"query-input":"required name=search_term_string"}],"inLanguage":"de"},{"@type":"Organization","@id":"https:\/\/now-news.de\/de\/#organization","name":"Just Now News","url":"https:\/\/now-news.de\/de\/","logo":{"@type":"ImageObject","inLanguage":"de","@id":"https:\/\/now-news.de\/de\/#\/schema\/logo\/image\/","url":"http:\/\/just-now.news\/de\/wp-content\/uploads\/sites\/3\/2022\/04\/logo500x500.jpg","contentUrl":"http:\/\/just-now.news\/de\/wp-content\/uploads\/sites\/3\/2022\/04\/logo500x500.jpg","width":500,"height":500,"caption":"Just Now News"},"image":{"@id":"https:\/\/now-news.de\/de\/#\/schema\/logo\/image\/"},"sameAs":["https:\/\/www.facebook.com\/wirmachenauf","https:\/\/x.com\/WirMachenAuf_de"]},{"@type":"Person","@id":"https:\/\/now-news.de\/de\/#\/schema\/person\/fb534a4e865501d8b3285208df34a9b5","name":"rtnews","image":{"@type":"ImageObject","inLanguage":"de","@id":"https:\/\/now-news.de\/de\/#\/schema\/person\/image\/","url":"https:\/\/secure.gravatar.com\/avatar\/82aafea7d8127119dd649515f56e2117?s=96&d=mm&r=g","contentUrl":"https:\/\/secure.gravatar.com\/avatar\/82aafea7d8127119dd649515f56e2117?s=96&d=mm&r=g","caption":"rtnews"},"url":"https:\/\/now-news.de\/de\/author\/rnews\/"}]}},"_links":{"self":[{"href":"https:\/\/now-news.de\/de\/wp-json\/wp\/v2\/posts\/80929"}],"collection":[{"href":"https:\/\/now-news.de\/de\/wp-json\/wp\/v2\/posts"}],"about":[{"href":"https:\/\/now-news.de\/de\/wp-json\/wp\/v2\/types\/post"}],"author":[{"embeddable":true,"href":"https:\/\/now-news.de\/de\/wp-json\/wp\/v2\/users\/3"}],"replies":[{"embeddable":true,"href":"https:\/\/now-news.de\/de\/wp-json\/wp\/v2\/comments?post=80929"}],"version-history":[{"count":0,"href":"https:\/\/now-news.de\/de\/wp-json\/wp\/v2\/posts\/80929\/revisions"}],"wp:featuredmedia":[{"embeddable":true,"href":"https:\/\/now-news.de\/de\/wp-json\/wp\/v2\/media\/80930"}],"wp:attachment":[{"href":"https:\/\/now-news.de\/de\/wp-json\/wp\/v2\/media?parent=80929"}],"wp:term":[{"taxonomy":"category","embeddable":true,"href":"https:\/\/now-news.de\/de\/wp-json\/wp\/v2\/categories?post=80929"},{"taxonomy":"post_tag","embeddable":true,"href":"https:\/\/now-news.de\/de\/wp-json\/wp\/v2\/tags?post=80929"}],"curies":[{"name":"wp","href":"https:\/\/api.w.org\/{rel}","templated":true}]}}