{"id":80897,"date":"2025-03-25T15:48:06","date_gmt":"2025-03-25T13:48:06","guid":{"rendered":"https:\/\/now-news.de\/de\/deutschland\/ansehen-im-ausland-auf-schmalspur-abgeschoben-hochrangige-ex-un-mitglieder-kritisieren-baerbock\/"},"modified":"2025-03-25T15:48:06","modified_gmt":"2025-03-25T13:48:06","slug":"ansehen-im-ausland-auf-schmalspur-abgeschoben-hochrangige-ex-un-mitglieder-kritisieren-baerbock","status":"publish","type":"post","link":"https:\/\/now-news.de\/de\/deutschland\/ansehen-im-ausland-auf-schmalspur-abgeschoben-hochrangige-ex-un-mitglieder-kritisieren-baerbock\/","title":{"rendered":"&quot;Ansehen im Ausland auf Schmalspur abgeschoben&quot; \u2013 Hochrangige Ex-UN-Mitglieder kritisieren Baerbock"},"content":{"rendered":"<p><img decoding=\"async\" src=\"https:\/\/now-news.de\/de\/wp-content\/uploads\/sites\/3\/2025\/03\/67e289dfb480cc32ea236996.jpg\" \/><\/p>\n<div class=\"Text-root Text-type_1 \">\n                Zwei hochrangige deutsche Ex-UN-Mitarbeiter rechnen in einem Gastbeitrag in der &#8220;Berliner Zeitung&#8221; mit der kommissarischen Au\u00dfenministerin Baerbock ab, dies mit Blick auf ihren nahenden UN-Job. Die Diplomaten stellen die angebrachte Frage: &#8220;Will Deutschland sich international weiter schaden?&#8221;\n            <\/div>\n<p><\/p>\n<div class=\"Text-root Text-type_5 ArticleView-text ViewText-root \">\n<p>Michael von der Schulenburg und Hans-Christof von Sponeck sezieren in ihrem gemeinsamen <a rel=\"nofollow noopener\" target=\"_blank\" href=\"https:\/\/www.berliner-zeitung.de\/politik-gesellschaft\/geopolitik\/annalena-baerbock-als-un-diplomatin-will-deutschland-sich-international-weiter-schaden-li.2310040\">Gastbeitrag<\/a> in der <em>Berliner Zeitung<\/em>\u00a0das nachweislich fatale Agieren von Annalena Baerbock auf dem internationalen Parkett zwischen Dezember 2021 bis in die Gegenwart. Das &#8220;Image&#8221; Deutschlands sei heute weltweit &#8220;nicht mehr das, was uns Ehre macht.&#8221; Zwei ehemalige Kollegen &#8220;aus dem\u00a0Mittleren Osten und Europa&#8221; h\u00e4tten den Autoren in einem pers\u00f6nlichen Gespr\u00e4ch auf &#8220;einer gro\u00dfen internationalen Konferenz&#8221; mitgeteilt,\u00a0wie entt\u00e4uscht man von der deutschen Au\u00dfenpolitik sei.\u00a0Deutschland w\u00fcrde weiterhin &#8220;Ansehen und Einfluss in Europa und in der Welt verlieren.&#8221; Die Entscheidung, Baerbock nun nach New York zu senden, als\u00a0Pr\u00e4sidentin der UN-Generalversammlung, sei daher ein Fehler.<\/p>\n<p><strong>Zu den beiden Autoren:<\/strong><\/p>\n<p>Hans-Christof von Sponeck, Jahrgang 1939, war von 1968 bis 2000 an verschiedenen Einsatzorten f\u00fcr die\u00a0Vereinten Nationen\u00a0t\u00e4tig, darunter auch im Irak. Von Sponeck ist Autor des Sachbuches: &#8220;Irak \u2013 Chronik eines gewollten Krieges&#8221;.\u00a0Im April 2022 geh\u00f6rte er zu den Erstunterzeichnern eines <a rel=\"nofollow noopener\" target=\"_blank\" href=\"https:\/\/www.berliner-zeitung.de\/politik-gesellschaft\/offener-brief-fordert-von-scholz-stopp-der-waffenlieferungen-an-die-ukraine-li.223704\">offenen Briefes<\/a>, in welchem Bundeskanzler\u00a0Olaf Scholz\u00a0aufgefordert wurde, keine Waffen an die Ukraine zu liefern sowie die Regierung &#8220;in Kiew zu ermutigen, den milit\u00e4rischen Widerstand zu beenden.&#8221;<\/p>\n<p>Michael von der Schulenburg, Jahrgang 1948, war vormaliger\u00a0Diplomat\u00a0der\u00a0OSZE\u00a0sowie der\u00a0UN und sitzt aktuell f\u00fcr das BSW im EU-Parlament.\u00a0<\/p>\n<p>Deutschland ist der viertgr\u00f6\u00dfte Beitragszahler der Vereinten Nationen.\u00a0Die beiden Autoren erinnern einleitend daran, dass\u00a0Deutschland sich &#8220;in den\u00a0Vereinten Nationen\u00a0(UN) einmal einen sehr guten internationalen Ruf erarbeitet hatte.&#8221; Ihre Kritik an der scheidenden Bundesregierung lautet:<\/p>\n<p><em>&#8220;Das Image Deutschlands ist heute weltweit nicht mehr das, was uns Ehre macht (\u2026) und die Einseitigkeit der deutschen Politik in ihren Stellungnahmen sind immer wieder mit Unfassbarkeit bei uns, und noch viel mehr im Ausland, aufgenommen worden.&#8221;<\/em><\/p>\n<p>Dies bezogen auf das Agieren und die politischen Reaktionen aus Berlin in den vergangenen Jahren seit Beginn der Ampel:<\/p>\n<p><em>&#8220;(\u2026) besonders im Krieg in der\u00a0Ukraine\u00a0und dem asymmetrischen Konflikt zwischen\u00a0Pal\u00e4stina\u00a0und\u00a0Israel, [hat die Au\u00dfenministerin]<\/em><em>\u00a0kein R\u00fcckgrat im Sinne des UN-Charta-Rechts und der Genfer Konventionen gezeigt.&#8221;\u00a0<\/em><\/p>\n<p>In ihrem Gastbeitrag verweisen die Autoren auf die Tatsache, dass sie durch ihre langj\u00e4hrige Arbeit f\u00fcr die Vereinten Nationen &#8220;\u00fcber ein gro\u00dfes Netzwerk an weltweiten Kontakten&#8221; verf\u00fcgen. Zu den Gr\u00fcnden des Artikels hei\u00dft es weiter:<\/p>\n<p><em>&#8220;Wichtig ist aber, dass diese immer wieder eindringlich zeigen, dass deutsche ausw\u00e4rtige Politik uns auf eine Schmalspur abgeschoben hat. Deutschland verliert weiterhin Ansehen und Einfluss in Europa und in der Welt.&#8221;\u00a0\u00a0<\/em><\/p>\n<p>F\u00fcr die beiden Diplomaten sei unmissverst\u00e4ndliche Realit\u00e4t, dass das &#8220;au\u00dfenpolitische Porzellan von der Ressortministerin\u00a0Annalena Baerbock\u00a0zerschlagen&#8221; worden sei, dies bezogen auf die zitierte <a rel=\"nofollow noopener\" target=\"_blank\" href=\"https:\/\/www.rolfmuetzenich.de\/publikation\/wandel-kontinuitaeten-deutscher-aussenpolitik\">Aussage<\/a> des Ex-SPD-Fraktionschefs Rolf M\u00fctzenich: &#8220;Au\u00dfenpolitik wird im Kanzleramt gemacht.&#8221; Die Autoren zitieren zudem die j\u00fcngste Aussage von Jeffrey Sachs, dem &#8220;Berater dreier UN-Generalsekret\u00e4re&#8221;:<\/p>\n<p><em>&#8220;Baerbock ist eine Kriegstreiberin. Ich kann nicht glauben, was da aus ihrem Mund herauskommt.&#8221;<\/em><\/p>\n<p>Baerbocks Auftreten auf dem internationalen Parkett habe \u00fcber die Jahre immer wieder gezeigt, dass die Gr\u00fcnen-Politikerin in der Rolle der zust\u00e4ndigen Au\u00dfenministerin \u00fcberfordert war, da eine &#8220;Diplomatin bereit sein muss, mit allen zu sprechen.&#8221; Die eindeutige, vernichtende Kritik lautet seitens der Autoren:<\/p>\n<p><em>&#8220;Abbau von Spannungen oder Friedensverhandlungen mit Kompromissbereitschaft will sie nicht unterst\u00fctzen. Sie ist alles andere als eine Br\u00fcckenbauerin. Frau Baerbock hat mehrmals gezeigt, dass sie internationales Recht und den Geist und die Ethik der Charta der Vereinten Nationen nicht versteht. Das hat sie mit Aussagen wie man m\u00fcsse Russland so sch\u00e4digen, dass &#8216;es volkswirtschaftlich jahrelang nicht mehr auf die Beine kommt&#8217;, und bez\u00fcglich der Ukraine \u2013 &#8216;Wir stehen bei euch, solange ihr uns braucht, egal was meine deutschen W\u00e4hler denken&#8217; \u2013 bewiesen.&#8221;<\/em><\/p>\n<p>Der Vorwurf lautet daher: &#8220;&#8216;Frieden durch St\u00e4rke&#8217; bedeutet f\u00fcr Baerbock milit\u00e4rische, nicht menschliche Sicherheit.&#8221; Es br\u00e4uchte\u00a0zudem nicht betont werden, dass &#8220;ihre vielen, und im Sinn internationaler Beziehungen meist erfolglosen, Reisen Deutschland und Europa erheblichen Schaden eingebracht&#8221; h\u00e4tten. Gerichtet an die Restregierung und den involvierten, absegnenden Kanzlerkandidaten Merz lautet die Kritik an der Nominierung Baerbocks f\u00fcr den UN-Posten:<\/p>\n<p><em>&#8220;Warum weisen wir darauf hin? Weil wir nicht verstehen, warum die nun abtretende Bundesregierung Annalena Baerbock trotz minderwertiger Arbeit f\u00fcr das Amt der Pr\u00e4sidentin der UN-Generalversammlung f\u00fcr 2025\/26 anstelle von Helga Schmid bevorzugt. Annalena Baerbock hat weder multilaterale noch bilaterale Erfahrung, w\u00e4hrend Helga Schmid, als ehemalige Generalsekret\u00e4rin der OSZE und Diplomatin in leitenden Funktionen im Ausw\u00e4rtigen Amt, genau die Erfahrungen hat, die in den Vereinten Nationen dringlich gebraucht werden.&#8221;<\/em><\/p>\n<p>Die beiden Diplomaten a.D. appellieren daher an die kommende Regierung, diese sollte &#8220;ernsthaft \u00fcberdenken, wie Deutschland die wichtige Position des Pr\u00e4sidenten der UN-Vollversammlung angemessen besetzen kann, um zu vermeiden, dass unser Ansehen in der Welt neuen Schaden erf\u00e4hrt.&#8221;<\/p>\n<p><strong>Mehr zum Thema &#8211;<\/strong>\u00a0<a rel=\"nofollow noopener\" target=\"_blank\" href=\"https:\/\/freedert.online\/international\/239971-baerbock-soll-top-job-bei-der-uno-bekommen\/\">Wechsel nach New York: Baerbock soll Top-Job bei der UNO bekommen<\/a><\/p>\n<div class=\"EmbedBlock-root EmbedBlock-externalVideo EmbedBlock-rumble\">\n<div class=\"VkEmbed\"><iframe class=\"lazyload\" data-src=\"https:\/\/rumble.com\/embed\/v6nzrze\" frameborder=\"0\" width=\"853\" height=\"480\" allowfullscreen><\/iframe><\/div>\n<\/div>\n<\/div>\n<p><br \/>\n<br \/><a href=\"https:\/\/de.rt.com\/inland\/240600-ansehen-im-ausland-auf-schmalspur\/\">Source link <\/a><\/p>\n","protected":false},"excerpt":{"rendered":"<p>Zwei hochrangige deutsche Ex-UN-Mitarbeiter rechnen in einem Gastbeitrag in der &#8220;Berliner Zeitung&#8221; mit der kommissarischen Au\u00dfenministerin Baerbock ab, dies mit Blick auf ihren nahenden UN-Job. Die Diplomaten stellen die angebrachte Frage: &#8220;Will Deutschland sich international weiter schaden?&#8221; Michael von der Schulenburg und Hans-Christof von Sponeck sezieren in ihrem gemeinsamen Gastbeitrag in der Berliner Zeitung\u00a0das nachweislich [&hellip;]<\/p>\n","protected":false},"author":3,"featured_media":80898,"comment_status":"open","ping_status":"open","sticky":false,"template":"","format":"standard","meta":{"_yoast_indexnow_last_ping":["1742911180"],"wp_automatic_camp":["217"],"7853b8ef1c362ba32bff86f35bf911e2":["&quot;Ansehen im Ausland auf Schmalspur abgeschoben&quot; \u2013 Hochrangige Ex-UN-Mitglieder kritisieren Baerbock"],"original_link":["https:\/\/de.rt.com\/inland\/240600-ansehen-im-ausland-auf-schmalspur\/"],"_thumbnail_id":["80898"],"jnews_social_counter_last_update":["1777175263"],"_wptgpro_p2tg_sent2tg":["a:1:{i:23737;s:19:\"2025-03-25 16:00:38\";}"]},"categories":[19,23],"tags":[63736,133,22067,587,63737,14709,1302,63734,63735],"yoast_head":"<!-- This site is optimized with the Yoast SEO Premium plugin v22.7 (Yoast SEO v22.7) - https:\/\/yoast.com\/wordpress\/plugins\/seo\/ -->\n<title>&quot;Ansehen im Ausland auf Schmalspur abgeschoben&quot; \u2013 Hochrangige Ex-UN-Mitglieder kritisieren Baerbock - just-now.NEWS Deutschland<\/title>\n<meta name=\"robots\" content=\"index, follow, max-snippet:-1, max-image-preview:large, max-video-preview:-1\" \/>\n<link rel=\"canonical\" href=\"https:\/\/now-news.de\/de\/deutschland\/ansehen-im-ausland-auf-schmalspur-abgeschoben-hochrangige-ex-un-mitglieder-kritisieren-baerbock\/\" \/>\n<meta property=\"og:locale\" content=\"de_DE\" \/>\n<meta property=\"og:type\" content=\"article\" \/>\n<meta property=\"og:title\" content=\"&quot;Ansehen im Ausland auf Schmalspur abgeschoben&quot; \u2013 Hochrangige Ex-UN-Mitglieder kritisieren Baerbock\" \/>\n<meta property=\"og:description\" content=\"Zwei hochrangige deutsche Ex-UN-Mitarbeiter rechnen in einem Gastbeitrag in der &#8220;Berliner Zeitung&#8221; mit der kommissarischen Au\u00dfenministerin Baerbock ab, dies mit Blick auf ihren nahenden UN-Job. Die Diplomaten stellen die angebrachte Frage: &#8220;Will Deutschland sich international weiter schaden?&#8221; Michael von der Schulenburg und Hans-Christof von Sponeck sezieren in ihrem gemeinsamen Gastbeitrag in der Berliner Zeitung\u00a0das nachweislich [&hellip;]\" \/>\n<meta property=\"og:url\" content=\"https:\/\/now-news.de\/de\/deutschland\/ansehen-im-ausland-auf-schmalspur-abgeschoben-hochrangige-ex-un-mitglieder-kritisieren-baerbock\/\" \/>\n<meta property=\"og:site_name\" content=\"just-now.NEWS Deutschland\" \/>\n<meta property=\"article:publisher\" content=\"https:\/\/www.facebook.com\/wirmachenauf\" \/>\n<meta property=\"article:published_time\" content=\"2025-03-25T13:48:06+00:00\" \/>\n<meta property=\"og:image\" content=\"https:\/\/now-news.de\/de\/wp-content\/uploads\/sites\/3\/2025\/03\/67e289dfb480cc32ea236996.jpg\" \/>\n<meta name=\"author\" content=\"rtnews\" \/>\n<meta name=\"twitter:card\" content=\"summary_large_image\" \/>\n<meta name=\"twitter:creator\" content=\"@WirMachenAuf_de\" \/>\n<meta name=\"twitter:site\" content=\"@WirMachenAuf_de\" \/>\n<meta name=\"twitter:label1\" content=\"Verfasst von\" \/>\n\t<meta name=\"twitter:data1\" content=\"rtnews\" \/>\n\t<meta name=\"twitter:label2\" content=\"Gesch\u00e4tzte Lesezeit\" \/>\n\t<meta name=\"twitter:data2\" content=\"4\u00a0Minuten\" \/>\n<script type=\"application\/ld+json\" class=\"yoast-schema-graph\">{\"@context\":\"https:\/\/schema.org\",\"@graph\":[{\"@type\":\"Article\",\"@id\":\"https:\/\/now-news.de\/de\/deutschland\/ansehen-im-ausland-auf-schmalspur-abgeschoben-hochrangige-ex-un-mitglieder-kritisieren-baerbock\/#article\",\"isPartOf\":{\"@id\":\"https:\/\/now-news.de\/de\/deutschland\/ansehen-im-ausland-auf-schmalspur-abgeschoben-hochrangige-ex-un-mitglieder-kritisieren-baerbock\/\"},\"author\":{\"name\":\"rtnews\",\"@id\":\"https:\/\/now-news.de\/de\/#\/schema\/person\/fb534a4e865501d8b3285208df34a9b5\"},\"headline\":\"&quot;Ansehen im Ausland auf Schmalspur abgeschoben&quot; \u2013 Hochrangige Ex-UN-Mitglieder kritisieren Baerbock\",\"datePublished\":\"2025-03-25T13:48:06+00:00\",\"dateModified\":\"2025-03-25T13:48:06+00:00\",\"mainEntityOfPage\":{\"@id\":\"https:\/\/now-news.de\/de\/deutschland\/ansehen-im-ausland-auf-schmalspur-abgeschoben-hochrangige-ex-un-mitglieder-kritisieren-baerbock\/\"},\"wordCount\":857,\"commentCount\":0,\"publisher\":{\"@id\":\"https:\/\/now-news.de\/de\/#organization\"},\"image\":{\"@id\":\"https:\/\/now-news.de\/de\/deutschland\/ansehen-im-ausland-auf-schmalspur-abgeschoben-hochrangige-ex-un-mitglieder-kritisieren-baerbock\/#primaryimage\"},\"thumbnailUrl\":\"https:\/\/now-news.de\/de\/wp-content\/uploads\/sites\/3\/2025\/03\/quotAnsehen-im-Ausland-auf-Schmalspur-abgeschobenquot-\u2013-Hochrangige-Ex-UN-Mitglieder-kritisieren.jpg\",\"keywords\":[\"abgeschobenquot\",\"AUF\",\"Ausland\",\"Baerbock\",\"ExUNMitglieder\",\"Hochrangige\",\"kritisieren\",\"quotAnsehen\",\"Schmalspur\"],\"articleSection\":[\"Deutschland\",\"Russland\"],\"inLanguage\":\"de\",\"potentialAction\":[{\"@type\":\"CommentAction\",\"name\":\"Comment\",\"target\":[\"https:\/\/now-news.de\/de\/deutschland\/ansehen-im-ausland-auf-schmalspur-abgeschoben-hochrangige-ex-un-mitglieder-kritisieren-baerbock\/#respond\"]}]},{\"@type\":\"WebPage\",\"@id\":\"https:\/\/now-news.de\/de\/deutschland\/ansehen-im-ausland-auf-schmalspur-abgeschoben-hochrangige-ex-un-mitglieder-kritisieren-baerbock\/\",\"url\":\"https:\/\/now-news.de\/de\/deutschland\/ansehen-im-ausland-auf-schmalspur-abgeschoben-hochrangige-ex-un-mitglieder-kritisieren-baerbock\/\",\"name\":\"&quot;Ansehen im Ausland auf Schmalspur abgeschoben&quot; \u2013 Hochrangige Ex-UN-Mitglieder kritisieren Baerbock - just-now.NEWS Deutschland\",\"isPartOf\":{\"@id\":\"https:\/\/now-news.de\/de\/#website\"},\"primaryImageOfPage\":{\"@id\":\"https:\/\/now-news.de\/de\/deutschland\/ansehen-im-ausland-auf-schmalspur-abgeschoben-hochrangige-ex-un-mitglieder-kritisieren-baerbock\/#primaryimage\"},\"image\":{\"@id\":\"https:\/\/now-news.de\/de\/deutschland\/ansehen-im-ausland-auf-schmalspur-abgeschoben-hochrangige-ex-un-mitglieder-kritisieren-baerbock\/#primaryimage\"},\"thumbnailUrl\":\"https:\/\/now-news.de\/de\/wp-content\/uploads\/sites\/3\/2025\/03\/quotAnsehen-im-Ausland-auf-Schmalspur-abgeschobenquot-\u2013-Hochrangige-Ex-UN-Mitglieder-kritisieren.jpg\",\"datePublished\":\"2025-03-25T13:48:06+00:00\",\"dateModified\":\"2025-03-25T13:48:06+00:00\",\"breadcrumb\":{\"@id\":\"https:\/\/now-news.de\/de\/deutschland\/ansehen-im-ausland-auf-schmalspur-abgeschoben-hochrangige-ex-un-mitglieder-kritisieren-baerbock\/#breadcrumb\"},\"inLanguage\":\"de\",\"potentialAction\":[{\"@type\":\"ReadAction\",\"target\":[\"https:\/\/now-news.de\/de\/deutschland\/ansehen-im-ausland-auf-schmalspur-abgeschoben-hochrangige-ex-un-mitglieder-kritisieren-baerbock\/\"]}]},{\"@type\":\"ImageObject\",\"inLanguage\":\"de\",\"@id\":\"https:\/\/now-news.de\/de\/deutschland\/ansehen-im-ausland-auf-schmalspur-abgeschoben-hochrangige-ex-un-mitglieder-kritisieren-baerbock\/#primaryimage\",\"url\":\"https:\/\/now-news.de\/de\/wp-content\/uploads\/sites\/3\/2025\/03\/quotAnsehen-im-Ausland-auf-Schmalspur-abgeschobenquot-\u2013-Hochrangige-Ex-UN-Mitglieder-kritisieren.jpg\",\"contentUrl\":\"https:\/\/now-news.de\/de\/wp-content\/uploads\/sites\/3\/2025\/03\/quotAnsehen-im-Ausland-auf-Schmalspur-abgeschobenquot-\u2013-Hochrangige-Ex-UN-Mitglieder-kritisieren.jpg\",\"width\":460,\"height\":259,\"caption\":\"&quot;Ansehen im Ausland auf Schmalspur abgeschoben&quot; \u2013 Hochrangige Ex-UN-Mitglieder kritisieren Baerbock\"},{\"@type\":\"BreadcrumbList\",\"@id\":\"https:\/\/now-news.de\/de\/deutschland\/ansehen-im-ausland-auf-schmalspur-abgeschoben-hochrangige-ex-un-mitglieder-kritisieren-baerbock\/#breadcrumb\",\"itemListElement\":[{\"@type\":\"ListItem\",\"position\":1,\"name\":\"Home\",\"item\":\"https:\/\/now-news.de\/de\/\"},{\"@type\":\"ListItem\",\"position\":2,\"name\":\"&quot;Ansehen im Ausland auf Schmalspur abgeschoben&quot; \u2013 Hochrangige Ex-UN-Mitglieder kritisieren Baerbock\"}]},{\"@type\":\"WebSite\",\"@id\":\"https:\/\/now-news.de\/de\/#website\",\"url\":\"https:\/\/now-news.de\/de\/\",\"name\":\"just-now.NEWS Deutschland\",\"description\":\"Das Portal f\u00fcr unzensierte Nachrichten aus der Welt\",\"publisher\":{\"@id\":\"https:\/\/now-news.de\/de\/#organization\"},\"potentialAction\":[{\"@type\":\"SearchAction\",\"target\":{\"@type\":\"EntryPoint\",\"urlTemplate\":\"https:\/\/now-news.de\/de\/?s={search_term_string}\"},\"query-input\":\"required name=search_term_string\"}],\"inLanguage\":\"de\"},{\"@type\":\"Organization\",\"@id\":\"https:\/\/now-news.de\/de\/#organization\",\"name\":\"Just Now News\",\"url\":\"https:\/\/now-news.de\/de\/\",\"logo\":{\"@type\":\"ImageObject\",\"inLanguage\":\"de\",\"@id\":\"https:\/\/now-news.de\/de\/#\/schema\/logo\/image\/\",\"url\":\"http:\/\/just-now.news\/de\/wp-content\/uploads\/sites\/3\/2022\/04\/logo500x500.jpg\",\"contentUrl\":\"http:\/\/just-now.news\/de\/wp-content\/uploads\/sites\/3\/2022\/04\/logo500x500.jpg\",\"width\":500,\"height\":500,\"caption\":\"Just Now News\"},\"image\":{\"@id\":\"https:\/\/now-news.de\/de\/#\/schema\/logo\/image\/\"},\"sameAs\":[\"https:\/\/www.facebook.com\/wirmachenauf\",\"https:\/\/x.com\/WirMachenAuf_de\"]},{\"@type\":\"Person\",\"@id\":\"https:\/\/now-news.de\/de\/#\/schema\/person\/fb534a4e865501d8b3285208df34a9b5\",\"name\":\"rtnews\",\"image\":{\"@type\":\"ImageObject\",\"inLanguage\":\"de\",\"@id\":\"https:\/\/now-news.de\/de\/#\/schema\/person\/image\/\",\"url\":\"https:\/\/secure.gravatar.com\/avatar\/82aafea7d8127119dd649515f56e2117?s=96&d=mm&r=g\",\"contentUrl\":\"https:\/\/secure.gravatar.com\/avatar\/82aafea7d8127119dd649515f56e2117?s=96&d=mm&r=g\",\"caption\":\"rtnews\"},\"url\":\"https:\/\/now-news.de\/de\/author\/rnews\/\"}]}<\/script>\n<!-- \/ Yoast SEO Premium plugin. -->","yoast_head_json":{"title":"&quot;Ansehen im Ausland auf Schmalspur abgeschoben&quot; \u2013 Hochrangige Ex-UN-Mitglieder kritisieren Baerbock - just-now.NEWS Deutschland","robots":{"index":"index","follow":"follow","max-snippet":"max-snippet:-1","max-image-preview":"max-image-preview:large","max-video-preview":"max-video-preview:-1"},"canonical":"https:\/\/now-news.de\/de\/deutschland\/ansehen-im-ausland-auf-schmalspur-abgeschoben-hochrangige-ex-un-mitglieder-kritisieren-baerbock\/","og_locale":"de_DE","og_type":"article","og_title":"&quot;Ansehen im Ausland auf Schmalspur abgeschoben&quot; \u2013 Hochrangige Ex-UN-Mitglieder kritisieren Baerbock","og_description":"Zwei hochrangige deutsche Ex-UN-Mitarbeiter rechnen in einem Gastbeitrag in der &#8220;Berliner Zeitung&#8221; mit der kommissarischen Au\u00dfenministerin Baerbock ab, dies mit Blick auf ihren nahenden UN-Job. Die Diplomaten stellen die angebrachte Frage: &#8220;Will Deutschland sich international weiter schaden?&#8221; Michael von der Schulenburg und Hans-Christof von Sponeck sezieren in ihrem gemeinsamen Gastbeitrag in der Berliner Zeitung\u00a0das nachweislich [&hellip;]","og_url":"https:\/\/now-news.de\/de\/deutschland\/ansehen-im-ausland-auf-schmalspur-abgeschoben-hochrangige-ex-un-mitglieder-kritisieren-baerbock\/","og_site_name":"just-now.NEWS Deutschland","article_publisher":"https:\/\/www.facebook.com\/wirmachenauf","article_published_time":"2025-03-25T13:48:06+00:00","og_image":[{"url":"https:\/\/now-news.de\/de\/wp-content\/uploads\/sites\/3\/2025\/03\/67e289dfb480cc32ea236996.jpg"}],"author":"rtnews","twitter_card":"summary_large_image","twitter_creator":"@WirMachenAuf_de","twitter_site":"@WirMachenAuf_de","twitter_misc":{"Verfasst von":"rtnews","Gesch\u00e4tzte Lesezeit":"4\u00a0Minuten"},"schema":{"@context":"https:\/\/schema.org","@graph":[{"@type":"Article","@id":"https:\/\/now-news.de\/de\/deutschland\/ansehen-im-ausland-auf-schmalspur-abgeschoben-hochrangige-ex-un-mitglieder-kritisieren-baerbock\/#article","isPartOf":{"@id":"https:\/\/now-news.de\/de\/deutschland\/ansehen-im-ausland-auf-schmalspur-abgeschoben-hochrangige-ex-un-mitglieder-kritisieren-baerbock\/"},"author":{"name":"rtnews","@id":"https:\/\/now-news.de\/de\/#\/schema\/person\/fb534a4e865501d8b3285208df34a9b5"},"headline":"&quot;Ansehen im Ausland auf Schmalspur abgeschoben&quot; \u2013 Hochrangige Ex-UN-Mitglieder kritisieren Baerbock","datePublished":"2025-03-25T13:48:06+00:00","dateModified":"2025-03-25T13:48:06+00:00","mainEntityOfPage":{"@id":"https:\/\/now-news.de\/de\/deutschland\/ansehen-im-ausland-auf-schmalspur-abgeschoben-hochrangige-ex-un-mitglieder-kritisieren-baerbock\/"},"wordCount":857,"commentCount":0,"publisher":{"@id":"https:\/\/now-news.de\/de\/#organization"},"image":{"@id":"https:\/\/now-news.de\/de\/deutschland\/ansehen-im-ausland-auf-schmalspur-abgeschoben-hochrangige-ex-un-mitglieder-kritisieren-baerbock\/#primaryimage"},"thumbnailUrl":"https:\/\/now-news.de\/de\/wp-content\/uploads\/sites\/3\/2025\/03\/quotAnsehen-im-Ausland-auf-Schmalspur-abgeschobenquot-\u2013-Hochrangige-Ex-UN-Mitglieder-kritisieren.jpg","keywords":["abgeschobenquot","AUF","Ausland","Baerbock","ExUNMitglieder","Hochrangige","kritisieren","quotAnsehen","Schmalspur"],"articleSection":["Deutschland","Russland"],"inLanguage":"de","potentialAction":[{"@type":"CommentAction","name":"Comment","target":["https:\/\/now-news.de\/de\/deutschland\/ansehen-im-ausland-auf-schmalspur-abgeschoben-hochrangige-ex-un-mitglieder-kritisieren-baerbock\/#respond"]}]},{"@type":"WebPage","@id":"https:\/\/now-news.de\/de\/deutschland\/ansehen-im-ausland-auf-schmalspur-abgeschoben-hochrangige-ex-un-mitglieder-kritisieren-baerbock\/","url":"https:\/\/now-news.de\/de\/deutschland\/ansehen-im-ausland-auf-schmalspur-abgeschoben-hochrangige-ex-un-mitglieder-kritisieren-baerbock\/","name":"&quot;Ansehen im Ausland auf Schmalspur abgeschoben&quot; \u2013 Hochrangige Ex-UN-Mitglieder kritisieren Baerbock - just-now.NEWS Deutschland","isPartOf":{"@id":"https:\/\/now-news.de\/de\/#website"},"primaryImageOfPage":{"@id":"https:\/\/now-news.de\/de\/deutschland\/ansehen-im-ausland-auf-schmalspur-abgeschoben-hochrangige-ex-un-mitglieder-kritisieren-baerbock\/#primaryimage"},"image":{"@id":"https:\/\/now-news.de\/de\/deutschland\/ansehen-im-ausland-auf-schmalspur-abgeschoben-hochrangige-ex-un-mitglieder-kritisieren-baerbock\/#primaryimage"},"thumbnailUrl":"https:\/\/now-news.de\/de\/wp-content\/uploads\/sites\/3\/2025\/03\/quotAnsehen-im-Ausland-auf-Schmalspur-abgeschobenquot-\u2013-Hochrangige-Ex-UN-Mitglieder-kritisieren.jpg","datePublished":"2025-03-25T13:48:06+00:00","dateModified":"2025-03-25T13:48:06+00:00","breadcrumb":{"@id":"https:\/\/now-news.de\/de\/deutschland\/ansehen-im-ausland-auf-schmalspur-abgeschoben-hochrangige-ex-un-mitglieder-kritisieren-baerbock\/#breadcrumb"},"inLanguage":"de","potentialAction":[{"@type":"ReadAction","target":["https:\/\/now-news.de\/de\/deutschland\/ansehen-im-ausland-auf-schmalspur-abgeschoben-hochrangige-ex-un-mitglieder-kritisieren-baerbock\/"]}]},{"@type":"ImageObject","inLanguage":"de","@id":"https:\/\/now-news.de\/de\/deutschland\/ansehen-im-ausland-auf-schmalspur-abgeschoben-hochrangige-ex-un-mitglieder-kritisieren-baerbock\/#primaryimage","url":"https:\/\/now-news.de\/de\/wp-content\/uploads\/sites\/3\/2025\/03\/quotAnsehen-im-Ausland-auf-Schmalspur-abgeschobenquot-\u2013-Hochrangige-Ex-UN-Mitglieder-kritisieren.jpg","contentUrl":"https:\/\/now-news.de\/de\/wp-content\/uploads\/sites\/3\/2025\/03\/quotAnsehen-im-Ausland-auf-Schmalspur-abgeschobenquot-\u2013-Hochrangige-Ex-UN-Mitglieder-kritisieren.jpg","width":460,"height":259,"caption":"&quot;Ansehen im Ausland auf Schmalspur abgeschoben&quot; \u2013 Hochrangige Ex-UN-Mitglieder kritisieren Baerbock"},{"@type":"BreadcrumbList","@id":"https:\/\/now-news.de\/de\/deutschland\/ansehen-im-ausland-auf-schmalspur-abgeschoben-hochrangige-ex-un-mitglieder-kritisieren-baerbock\/#breadcrumb","itemListElement":[{"@type":"ListItem","position":1,"name":"Home","item":"https:\/\/now-news.de\/de\/"},{"@type":"ListItem","position":2,"name":"&quot;Ansehen im Ausland auf Schmalspur abgeschoben&quot; \u2013 Hochrangige Ex-UN-Mitglieder kritisieren Baerbock"}]},{"@type":"WebSite","@id":"https:\/\/now-news.de\/de\/#website","url":"https:\/\/now-news.de\/de\/","name":"just-now.NEWS Deutschland","description":"Das Portal f\u00fcr unzensierte Nachrichten aus der Welt","publisher":{"@id":"https:\/\/now-news.de\/de\/#organization"},"potentialAction":[{"@type":"SearchAction","target":{"@type":"EntryPoint","urlTemplate":"https:\/\/now-news.de\/de\/?s={search_term_string}"},"query-input":"required name=search_term_string"}],"inLanguage":"de"},{"@type":"Organization","@id":"https:\/\/now-news.de\/de\/#organization","name":"Just Now News","url":"https:\/\/now-news.de\/de\/","logo":{"@type":"ImageObject","inLanguage":"de","@id":"https:\/\/now-news.de\/de\/#\/schema\/logo\/image\/","url":"http:\/\/just-now.news\/de\/wp-content\/uploads\/sites\/3\/2022\/04\/logo500x500.jpg","contentUrl":"http:\/\/just-now.news\/de\/wp-content\/uploads\/sites\/3\/2022\/04\/logo500x500.jpg","width":500,"height":500,"caption":"Just Now News"},"image":{"@id":"https:\/\/now-news.de\/de\/#\/schema\/logo\/image\/"},"sameAs":["https:\/\/www.facebook.com\/wirmachenauf","https:\/\/x.com\/WirMachenAuf_de"]},{"@type":"Person","@id":"https:\/\/now-news.de\/de\/#\/schema\/person\/fb534a4e865501d8b3285208df34a9b5","name":"rtnews","image":{"@type":"ImageObject","inLanguage":"de","@id":"https:\/\/now-news.de\/de\/#\/schema\/person\/image\/","url":"https:\/\/secure.gravatar.com\/avatar\/82aafea7d8127119dd649515f56e2117?s=96&d=mm&r=g","contentUrl":"https:\/\/secure.gravatar.com\/avatar\/82aafea7d8127119dd649515f56e2117?s=96&d=mm&r=g","caption":"rtnews"},"url":"https:\/\/now-news.de\/de\/author\/rnews\/"}]}},"_links":{"self":[{"href":"https:\/\/now-news.de\/de\/wp-json\/wp\/v2\/posts\/80897"}],"collection":[{"href":"https:\/\/now-news.de\/de\/wp-json\/wp\/v2\/posts"}],"about":[{"href":"https:\/\/now-news.de\/de\/wp-json\/wp\/v2\/types\/post"}],"author":[{"embeddable":true,"href":"https:\/\/now-news.de\/de\/wp-json\/wp\/v2\/users\/3"}],"replies":[{"embeddable":true,"href":"https:\/\/now-news.de\/de\/wp-json\/wp\/v2\/comments?post=80897"}],"version-history":[{"count":0,"href":"https:\/\/now-news.de\/de\/wp-json\/wp\/v2\/posts\/80897\/revisions"}],"wp:featuredmedia":[{"embeddable":true,"href":"https:\/\/now-news.de\/de\/wp-json\/wp\/v2\/media\/80898"}],"wp:attachment":[{"href":"https:\/\/now-news.de\/de\/wp-json\/wp\/v2\/media?parent=80897"}],"wp:term":[{"taxonomy":"category","embeddable":true,"href":"https:\/\/now-news.de\/de\/wp-json\/wp\/v2\/categories?post=80897"},{"taxonomy":"post_tag","embeddable":true,"href":"https:\/\/now-news.de\/de\/wp-json\/wp\/v2\/tags?post=80897"}],"curies":[{"name":"wp","href":"https:\/\/api.w.org\/{rel}","templated":true}]}}