{"id":80887,"date":"2025-03-25T13:55:05","date_gmt":"2025-03-25T11:55:05","guid":{"rendered":"https:\/\/now-news.de\/de\/deutschland\/massenproteste-erdogan-setzt-auf-abhaengigkeit-des-westens-von-der-tuerkei\/"},"modified":"2025-03-25T13:55:05","modified_gmt":"2025-03-25T11:55:05","slug":"massenproteste-erdogan-setzt-auf-abhaengigkeit-des-westens-von-der-tuerkei","status":"publish","type":"post","link":"https:\/\/now-news.de\/de\/deutschland\/massenproteste-erdogan-setzt-auf-abhaengigkeit-des-westens-von-der-tuerkei\/","title":{"rendered":"Massenproteste: Erdo\u011fan setzt auf Abh\u00e4ngigkeit des Westens von der T\u00fcrkei"},"content":{"rendered":"<p><img decoding=\"async\" src=\"https:\/\/now-news.de\/de\/wp-content\/uploads\/sites\/3\/2025\/03\/67e284e0b480cc42544ade2c.jpg\" \/><\/p>\n<div class=\"Text-root Text-type_1 \">\n                Nach der Inhaftierung seines Rivalen Imamo\u011flu rechnet der t\u00fcrkische Pr\u00e4sident Erdo\u011fan damit, dass seine NATO-Verb\u00fcndeten die T\u00fcrkei mehr brauchen als einen Kampf um ihre Demokratie. Experten erwarten keine wesentlichen Gegenma\u00dfnahmen seitens Europas oder der USA.\n            <\/div>\n<p><\/p>\n<div class=\"Text-root Text-type_5 ArticleView-text ViewText-root \">\n<p>Der popul\u00e4re Istanbuler B\u00fcrgermeister Ekrem \u0130mamo\u011flu, der inhaftiert und von seinem Posten abgesetzt wurde, ist der wichtigste politische Gegner\u00a0von Pr\u00e4sident Recep Tayyip Erdo\u011fan.<\/p>\n<p>Als \u0130mamo\u011flu am Wochenende ins Gef\u00e4ngnis\u00a0gesteckt wurde, gingen Tausende von Demonstranten auf die Stra\u00dfen der t\u00fcrkischen St\u00e4dte.\u00a0Die westlichen Verb\u00fcndeten des Landes h\u00e4tten auf diese Ereignisse jedoch zur\u00fcckhaltend reagiert, <a rel=\"nofollow noopener\" target=\"_blank\" href=\"https:\/\/www.bloomberg.com\/news\/articles\/2025-03-24\/turkey-erdogan-bets-nato-allies-will-turn-a-blind-eye-to-turmoil\">schreibt<\/a> die Nachrichtenagentur <em>Bloomberg<\/em>.<\/p>\n<p>Die EU-Au\u00dfenbeauftragte Kaja Kallas <a rel=\"nofollow noopener\" target=\"_blank\" href=\"https:\/\/www.eeas.europa.eu\/eeas\/joint-statement-high-representative%C2%A0kallas-commissioner-kos-recent-events-concerning-istanbul-mayor_en\">erkl\u00e4rte<\/a>, dass Erdo\u011fans Vorgehen gegen die Opposition &#8220;die Frage aufwirft, ob die T\u00fcrkei ihrer langj\u00e4hrigen demokratischen Tradition treu geblieben ist.&#8221; Sie betonte auch, die Achtung der Grundrechte sei f\u00fcr den EU-Beitrittsprozess von wesentlicher Bedeutung. Die Verhaftung und Suspendierung Imamo\u011flus bezeichnete der scheidende deutsche Bundeskanzler Olaf Scholz als &#8220;absolut inakzeptabel&#8221;. Das US-Au\u00dfenministerium hat sich hingegen kaum zu den Protesten ge\u00e4u\u00dfert und bezeichnete die Situation als &#8220;interne Angelegenheit&#8221; der T\u00fcrkei.<\/p>\n<p>Erdo\u011fan setze darauf, dass der Westen ihn mehr brauche, als dass es sich an einem Kampf um die Demokratie der T\u00fcrkei beteiligen wolle. W\u00e4hrend die USA und Europa mit Sicherheitsproblemen besch\u00e4ftigt seien, wolle sich Erdo\u011fan als wichtiger Vermittler bei der Beilegung der internationalen Konflikte positionieren \u2013 von der Ukraine bis zu den Konfliktgebieten im Nahen Osten und in Afrika, so die Agentur.<\/p>\n<p><em>Bloomberg <\/em>schreibt, dass die Inhaftierung eines so prominenten Politikers wie Imamo\u011flu, der eine Bedrohung f\u00fcr Erdo\u011fans Chancen auf die Wiederwahl darstellen k\u00f6nnte, jedoch beispiellos sei. Der t\u00fcrkische Pr\u00e4sident habe wahrscheinlich damit gerechnet, dass die wachsende strategische Bedeutung der T\u00fcrkei ihren Mangel an Demokratie \u00fcberwiege.\u00a0 Dies habe sich bisher politisch ausgezahlt, selbst wenn Investoren t\u00fcrkische Verm\u00f6genswerte losw\u00fcrden, was die j\u00fcngsten Fortschritte bei der Zuf\u00fchrung ausl\u00e4ndischer Gelder in die T\u00fcrkei zunichtemachen k\u00f6nnte.<\/p>\n<p>Der Krieg in der Ukraine habe Europa mehr von der T\u00fcrkei abh\u00e4ngig gemacht, schreibt <em>Bloomberg <\/em>weiter.\u00a0Ihre wachsende milit\u00e4rische Pr\u00e4senz und Verteidigungskapazit\u00e4ten h\u00e4tten sie zu einem wertvollen Verb\u00fcndeten gemacht, w\u00e4hrend Trump die Sicherheitsverpflichtungen der USA in Europa \u00fcberdenke.<\/p>\n<p>&#8220;Das globale Umfeld beg\u00fcnstigt Erdo\u011fan, der den Zeitgeist sehr gut sp\u00fcrt&#8221;, sagt Soner \u00c7a\u011faptay, Direktor des t\u00fcrkischen Forschungsprogramms am Washingtoner Institut f\u00fcr Nahostpolitik, gegen\u00fcber <em>Bloomberg<\/em>. &#8220;Ich erwarte keine wesentlichen Gegenma\u00dfnahmen\u00a0seitens Europas oder der USA.&#8221;<\/p>\n<p>Die Pr\u00e4sidentschaftswahlen in der T\u00fcrkei finden erst im Jahr 2028 statt. Laut Verfassung darf der 71-j\u00e4hrige Erdo\u011fan nicht erneut kandidieren. Um dies zu \u00e4ndern, ben\u00f6tigen Erdo\u011fans Partei Gerechtigkeit (kurz AKP) und ihre Verb\u00fcndeten eine parlamentarische Mehrheit. &#8220;Was immer deutlicher wird, ist Erdo\u011fans Bereitschaft, die T\u00fcrkei in Richtung einer vollst\u00e4ndigen Autokratie zu f\u00fchren und sich von dem wettbewerbsf\u00e4higen autorit\u00e4ren Modell zu entfernen, das die Regierung des Landes in den letzten zehn Jahren gepr\u00e4gt hat&#8221;, sagt Wolfango Piccoli, Co-Pr\u00e4sident der US-amerikanischen Beratungsfirma Teneo, in einem Gespr\u00e4ch mit <em>Bloomberg<\/em>.<\/p>\n<p>Die politischen Unruhen in der T\u00fcrkei k\u00e4men zu einer Zeit, in der die transatlantische Verteidigungsindustrie mit ihren eigenen Herausforderungen konfrontiert sei, schreibt die Agentur weiter. Trump verhandelt derzeit \u00fcber einen Waffenstillstand zwischen Russland und der Ukraine. Die T\u00fcrkei k\u00f6nnte Friedenstruppen entsenden, aber nur, wenn Ankara in alle Konsultationen und Vorbereitungen einbezogen werde, <a rel=\"nofollow noopener\" target=\"_blank\" href=\"https:\/\/www.bloomberg.com\/news\/articles\/2025-02-27\/nato-member-turkey-open-to-deploying-peacekeepers-in-ukraine\">berichtete<\/a>\u00a0<em>Bloomberg <\/em>im Februar\u00a0unter Bezugnahme auf eigene Quellen.<\/p>\n<p>Ankara habe Washington Pl\u00e4ne vorgelegt, den Kampf gegen den Islamischen Staat zu \u00fcbernehmen und f\u00fcr Stabilit\u00e4t in Syrien zu sorgen, damit die USA sich auf andere nationale Sicherheitspriorit\u00e4ten konzentrieren k\u00f6nnten, berichtet <em>Bloomberg<\/em> weiter.<\/p>\n<p>Die Agentur weist darauf hin, dass die Investoren im Moment vielleicht die einzige Kraft seien, die die Bestrebungen des t\u00fcrkischen Pr\u00e4sidenten bremsen k\u00f6nnte. Die Volatilit\u00e4t an den Finanzm\u00e4rkten gef\u00e4hrde die wirtschaftlichen Vorteile, die Erdo\u011fan seit seiner Wiederwahl im Jahr 2023 erzielt habe.\u00a0 Nach Imamo\u011flus Verhaftung in der vergangenen Woche fiel der Kurs der t\u00fcrkischen Lira im Handel mit dem US-Dollar und dem Euro jeweils auf ein Rekordtief seit 2021.\u00a0Die Zentralbank der T\u00fcrkei hat Ma\u00dfnahmen ergriffen, um den Verfall der Lira aufzuhalten und damit zu verhindern, dass sie die Inflation anheizt.<\/p>\n<p>&#8220;Derzeit k\u00f6nnen nur massive friedliche Proteste und die M\u00e4rkte \u2013 das Einzige, wor\u00fcber Erdo\u011fan in der T\u00fcrkei keine Kontrolle hat \u2013 den t\u00fcrkischen Pr\u00e4sidenten dazu bringen, dass er seinen Kurs \u00e4ndert&#8221;, so \u00c7a\u011faptay.<\/p>\n<p><strong>Mehr zum Thema \u2013 <\/strong><a rel=\"nofollow noopener\" target=\"_blank\" href=\"https:\/\/freedert.online\/europa\/240467-tuerkei-partei-chp-kuert-inhaftierten\/\">T\u00fcrkei: Partei CHP k\u00fcrt inhaftierten Ekrem Imamo\u011flu zum Pr\u00e4sidentschaftskandidaten<\/a><\/p>\n<div class=\"EmbedBlock-root EmbedBlock-externalVideo EmbedBlock-rumble\">\n<div class=\"VkEmbed\"><iframe class=\"lazyload\" data-src=\"https:\/\/rumble.com\/embed\/v6ovox2\" frameborder=\"0\" width=\"853\" height=\"480\" allowfullscreen><\/iframe><\/div>\n<\/div>\n<\/div>\n<p><br \/>\n<br \/><a href=\"https:\/\/de.rt.com\/asien\/240595-bloomberg-erdogan-setzt-auf-abhaengigkeit\/\">Source link <\/a><\/p>\n","protected":false},"excerpt":{"rendered":"<p>Nach der Inhaftierung seines Rivalen Imamo\u011flu rechnet der t\u00fcrkische Pr\u00e4sident Erdo\u011fan damit, dass seine NATO-Verb\u00fcndeten die T\u00fcrkei mehr brauchen als einen Kampf um ihre Demokratie. Experten erwarten keine wesentlichen Gegenma\u00dfnahmen seitens Europas oder der USA. Der popul\u00e4re Istanbuler B\u00fcrgermeister Ekrem \u0130mamo\u011flu, der inhaftiert und von seinem Posten abgesetzt wurde, ist der wichtigste politische Gegner\u00a0von Pr\u00e4sident [&hellip;]<\/p>\n","protected":false},"author":3,"featured_media":80888,"comment_status":"open","ping_status":"open","sticky":false,"template":"","format":"standard","meta":{"_yoast_indexnow_last_ping":["1742904458"],"wp_automatic_camp":["217"],"f45c13b0a39aeb8785930b5363696050":["Massenproteste: Erdo\u011fan setzt auf Abh\u00e4ngigkeit des Westens von der T\u00fcrkei"],"original_link":["https:\/\/de.rt.com\/asien\/240595-bloomberg-erdogan-setzt-auf-abhaengigkeit\/"],"_thumbnail_id":["80888"],"jnews_social_counter_last_update":["1777346670"],"_wptgpro_p2tg_sent2tg":["a:1:{i:23737;s:19:\"2025-03-25 14:08:41\";}"]},"categories":[19,23],"tags":[4390,133,82,583,13697,33868,1997,1897,50,3117],"yoast_head":"<!-- This site is optimized with the Yoast SEO Premium plugin v22.7 (Yoast SEO v22.7) - https:\/\/yoast.com\/wordpress\/plugins\/seo\/ -->\n<title>Massenproteste: Erdo\u011fan setzt auf Abh\u00e4ngigkeit des Westens von der T\u00fcrkei - just-now.NEWS Deutschland<\/title>\n<meta name=\"robots\" content=\"index, follow, max-snippet:-1, max-image-preview:large, max-video-preview:-1\" \/>\n<link rel=\"canonical\" href=\"https:\/\/now-news.de\/de\/deutschland\/massenproteste-erdogan-setzt-auf-abhaengigkeit-des-westens-von-der-tuerkei\/\" \/>\n<meta property=\"og:locale\" content=\"de_DE\" \/>\n<meta property=\"og:type\" content=\"article\" \/>\n<meta property=\"og:title\" content=\"Massenproteste: Erdo\u011fan setzt auf Abh\u00e4ngigkeit des Westens von der T\u00fcrkei\" \/>\n<meta property=\"og:description\" content=\"Nach der Inhaftierung seines Rivalen Imamo\u011flu rechnet der t\u00fcrkische Pr\u00e4sident Erdo\u011fan damit, dass seine NATO-Verb\u00fcndeten die T\u00fcrkei mehr brauchen als einen Kampf um ihre Demokratie. Experten erwarten keine wesentlichen Gegenma\u00dfnahmen seitens Europas oder der USA. Der popul\u00e4re Istanbuler B\u00fcrgermeister Ekrem \u0130mamo\u011flu, der inhaftiert und von seinem Posten abgesetzt wurde, ist der wichtigste politische Gegner\u00a0von Pr\u00e4sident [&hellip;]\" \/>\n<meta property=\"og:url\" content=\"https:\/\/now-news.de\/de\/deutschland\/massenproteste-erdogan-setzt-auf-abhaengigkeit-des-westens-von-der-tuerkei\/\" \/>\n<meta property=\"og:site_name\" content=\"just-now.NEWS Deutschland\" \/>\n<meta property=\"article:publisher\" content=\"https:\/\/www.facebook.com\/wirmachenauf\" \/>\n<meta property=\"article:published_time\" content=\"2025-03-25T11:55:05+00:00\" \/>\n<meta property=\"og:image\" content=\"https:\/\/now-news.de\/de\/wp-content\/uploads\/sites\/3\/2025\/03\/67e284e0b480cc42544ade2c.jpg\" \/>\n<meta name=\"author\" content=\"rtnews\" \/>\n<meta name=\"twitter:card\" content=\"summary_large_image\" \/>\n<meta name=\"twitter:creator\" content=\"@WirMachenAuf_de\" \/>\n<meta name=\"twitter:site\" content=\"@WirMachenAuf_de\" \/>\n<meta name=\"twitter:label1\" content=\"Verfasst von\" \/>\n\t<meta name=\"twitter:data1\" content=\"rtnews\" \/>\n\t<meta name=\"twitter:label2\" content=\"Gesch\u00e4tzte Lesezeit\" \/>\n\t<meta name=\"twitter:data2\" content=\"4\u00a0Minuten\" \/>\n<script type=\"application\/ld+json\" class=\"yoast-schema-graph\">{\"@context\":\"https:\/\/schema.org\",\"@graph\":[{\"@type\":\"Article\",\"@id\":\"https:\/\/now-news.de\/de\/deutschland\/massenproteste-erdogan-setzt-auf-abhaengigkeit-des-westens-von-der-tuerkei\/#article\",\"isPartOf\":{\"@id\":\"https:\/\/now-news.de\/de\/deutschland\/massenproteste-erdogan-setzt-auf-abhaengigkeit-des-westens-von-der-tuerkei\/\"},\"author\":{\"name\":\"rtnews\",\"@id\":\"https:\/\/now-news.de\/de\/#\/schema\/person\/fb534a4e865501d8b3285208df34a9b5\"},\"headline\":\"Massenproteste: Erdo\u011fan setzt auf Abh\u00e4ngigkeit des Westens von der T\u00fcrkei\",\"datePublished\":\"2025-03-25T11:55:05+00:00\",\"dateModified\":\"2025-03-25T11:55:05+00:00\",\"mainEntityOfPage\":{\"@id\":\"https:\/\/now-news.de\/de\/deutschland\/massenproteste-erdogan-setzt-auf-abhaengigkeit-des-westens-von-der-tuerkei\/\"},\"wordCount\":811,\"commentCount\":0,\"publisher\":{\"@id\":\"https:\/\/now-news.de\/de\/#organization\"},\"image\":{\"@id\":\"https:\/\/now-news.de\/de\/deutschland\/massenproteste-erdogan-setzt-auf-abhaengigkeit-des-westens-von-der-tuerkei\/#primaryimage\"},\"thumbnailUrl\":\"https:\/\/now-news.de\/de\/wp-content\/uploads\/sites\/3\/2025\/03\/Massenproteste-Erdogan-setzt-auf-Abhaengigkeit-des-Westens-von-der-Tuerkei.jpg\",\"keywords\":[\"Abh\u00e4ngigkeit\",\"AUF\",\"der\",\"des\",\"Erdo\u011fan\",\"Massenproteste\",\"setzt\",\"T\u00fcrkei\",\"von\",\"Westens\"],\"articleSection\":[\"Deutschland\",\"Russland\"],\"inLanguage\":\"de\",\"potentialAction\":[{\"@type\":\"CommentAction\",\"name\":\"Comment\",\"target\":[\"https:\/\/now-news.de\/de\/deutschland\/massenproteste-erdogan-setzt-auf-abhaengigkeit-des-westens-von-der-tuerkei\/#respond\"]}]},{\"@type\":\"WebPage\",\"@id\":\"https:\/\/now-news.de\/de\/deutschland\/massenproteste-erdogan-setzt-auf-abhaengigkeit-des-westens-von-der-tuerkei\/\",\"url\":\"https:\/\/now-news.de\/de\/deutschland\/massenproteste-erdogan-setzt-auf-abhaengigkeit-des-westens-von-der-tuerkei\/\",\"name\":\"Massenproteste: Erdo\u011fan setzt auf Abh\u00e4ngigkeit des Westens von der T\u00fcrkei - just-now.NEWS Deutschland\",\"isPartOf\":{\"@id\":\"https:\/\/now-news.de\/de\/#website\"},\"primaryImageOfPage\":{\"@id\":\"https:\/\/now-news.de\/de\/deutschland\/massenproteste-erdogan-setzt-auf-abhaengigkeit-des-westens-von-der-tuerkei\/#primaryimage\"},\"image\":{\"@id\":\"https:\/\/now-news.de\/de\/deutschland\/massenproteste-erdogan-setzt-auf-abhaengigkeit-des-westens-von-der-tuerkei\/#primaryimage\"},\"thumbnailUrl\":\"https:\/\/now-news.de\/de\/wp-content\/uploads\/sites\/3\/2025\/03\/Massenproteste-Erdogan-setzt-auf-Abhaengigkeit-des-Westens-von-der-Tuerkei.jpg\",\"datePublished\":\"2025-03-25T11:55:05+00:00\",\"dateModified\":\"2025-03-25T11:55:05+00:00\",\"breadcrumb\":{\"@id\":\"https:\/\/now-news.de\/de\/deutschland\/massenproteste-erdogan-setzt-auf-abhaengigkeit-des-westens-von-der-tuerkei\/#breadcrumb\"},\"inLanguage\":\"de\",\"potentialAction\":[{\"@type\":\"ReadAction\",\"target\":[\"https:\/\/now-news.de\/de\/deutschland\/massenproteste-erdogan-setzt-auf-abhaengigkeit-des-westens-von-der-tuerkei\/\"]}]},{\"@type\":\"ImageObject\",\"inLanguage\":\"de\",\"@id\":\"https:\/\/now-news.de\/de\/deutschland\/massenproteste-erdogan-setzt-auf-abhaengigkeit-des-westens-von-der-tuerkei\/#primaryimage\",\"url\":\"https:\/\/now-news.de\/de\/wp-content\/uploads\/sites\/3\/2025\/03\/Massenproteste-Erdogan-setzt-auf-Abhaengigkeit-des-Westens-von-der-Tuerkei.jpg\",\"contentUrl\":\"https:\/\/now-news.de\/de\/wp-content\/uploads\/sites\/3\/2025\/03\/Massenproteste-Erdogan-setzt-auf-Abhaengigkeit-des-Westens-von-der-Tuerkei.jpg\",\"width\":460,\"height\":259,\"caption\":\"Massenproteste: Erdo\u011fan setzt auf Abh\u00e4ngigkeit des Westens von der T\u00fcrkei\"},{\"@type\":\"BreadcrumbList\",\"@id\":\"https:\/\/now-news.de\/de\/deutschland\/massenproteste-erdogan-setzt-auf-abhaengigkeit-des-westens-von-der-tuerkei\/#breadcrumb\",\"itemListElement\":[{\"@type\":\"ListItem\",\"position\":1,\"name\":\"Home\",\"item\":\"https:\/\/now-news.de\/de\/\"},{\"@type\":\"ListItem\",\"position\":2,\"name\":\"Massenproteste: Erdo\u011fan setzt auf Abh\u00e4ngigkeit des Westens von der T\u00fcrkei\"}]},{\"@type\":\"WebSite\",\"@id\":\"https:\/\/now-news.de\/de\/#website\",\"url\":\"https:\/\/now-news.de\/de\/\",\"name\":\"just-now.NEWS Deutschland\",\"description\":\"Das Portal f\u00fcr unzensierte Nachrichten aus der Welt\",\"publisher\":{\"@id\":\"https:\/\/now-news.de\/de\/#organization\"},\"potentialAction\":[{\"@type\":\"SearchAction\",\"target\":{\"@type\":\"EntryPoint\",\"urlTemplate\":\"https:\/\/now-news.de\/de\/?s={search_term_string}\"},\"query-input\":\"required name=search_term_string\"}],\"inLanguage\":\"de\"},{\"@type\":\"Organization\",\"@id\":\"https:\/\/now-news.de\/de\/#organization\",\"name\":\"Just Now News\",\"url\":\"https:\/\/now-news.de\/de\/\",\"logo\":{\"@type\":\"ImageObject\",\"inLanguage\":\"de\",\"@id\":\"https:\/\/now-news.de\/de\/#\/schema\/logo\/image\/\",\"url\":\"http:\/\/just-now.news\/de\/wp-content\/uploads\/sites\/3\/2022\/04\/logo500x500.jpg\",\"contentUrl\":\"http:\/\/just-now.news\/de\/wp-content\/uploads\/sites\/3\/2022\/04\/logo500x500.jpg\",\"width\":500,\"height\":500,\"caption\":\"Just Now News\"},\"image\":{\"@id\":\"https:\/\/now-news.de\/de\/#\/schema\/logo\/image\/\"},\"sameAs\":[\"https:\/\/www.facebook.com\/wirmachenauf\",\"https:\/\/x.com\/WirMachenAuf_de\"]},{\"@type\":\"Person\",\"@id\":\"https:\/\/now-news.de\/de\/#\/schema\/person\/fb534a4e865501d8b3285208df34a9b5\",\"name\":\"rtnews\",\"image\":{\"@type\":\"ImageObject\",\"inLanguage\":\"de\",\"@id\":\"https:\/\/now-news.de\/de\/#\/schema\/person\/image\/\",\"url\":\"https:\/\/secure.gravatar.com\/avatar\/82aafea7d8127119dd649515f56e2117?s=96&d=mm&r=g\",\"contentUrl\":\"https:\/\/secure.gravatar.com\/avatar\/82aafea7d8127119dd649515f56e2117?s=96&d=mm&r=g\",\"caption\":\"rtnews\"},\"url\":\"https:\/\/now-news.de\/de\/author\/rnews\/\"}]}<\/script>\n<!-- \/ Yoast SEO Premium plugin. -->","yoast_head_json":{"title":"Massenproteste: Erdo\u011fan setzt auf Abh\u00e4ngigkeit des Westens von der T\u00fcrkei - just-now.NEWS Deutschland","robots":{"index":"index","follow":"follow","max-snippet":"max-snippet:-1","max-image-preview":"max-image-preview:large","max-video-preview":"max-video-preview:-1"},"canonical":"https:\/\/now-news.de\/de\/deutschland\/massenproteste-erdogan-setzt-auf-abhaengigkeit-des-westens-von-der-tuerkei\/","og_locale":"de_DE","og_type":"article","og_title":"Massenproteste: Erdo\u011fan setzt auf Abh\u00e4ngigkeit des Westens von der T\u00fcrkei","og_description":"Nach der Inhaftierung seines Rivalen Imamo\u011flu rechnet der t\u00fcrkische Pr\u00e4sident Erdo\u011fan damit, dass seine NATO-Verb\u00fcndeten die T\u00fcrkei mehr brauchen als einen Kampf um ihre Demokratie. Experten erwarten keine wesentlichen Gegenma\u00dfnahmen seitens Europas oder der USA. Der popul\u00e4re Istanbuler B\u00fcrgermeister Ekrem \u0130mamo\u011flu, der inhaftiert und von seinem Posten abgesetzt wurde, ist der wichtigste politische Gegner\u00a0von Pr\u00e4sident [&hellip;]","og_url":"https:\/\/now-news.de\/de\/deutschland\/massenproteste-erdogan-setzt-auf-abhaengigkeit-des-westens-von-der-tuerkei\/","og_site_name":"just-now.NEWS Deutschland","article_publisher":"https:\/\/www.facebook.com\/wirmachenauf","article_published_time":"2025-03-25T11:55:05+00:00","og_image":[{"url":"https:\/\/now-news.de\/de\/wp-content\/uploads\/sites\/3\/2025\/03\/67e284e0b480cc42544ade2c.jpg"}],"author":"rtnews","twitter_card":"summary_large_image","twitter_creator":"@WirMachenAuf_de","twitter_site":"@WirMachenAuf_de","twitter_misc":{"Verfasst von":"rtnews","Gesch\u00e4tzte Lesezeit":"4\u00a0Minuten"},"schema":{"@context":"https:\/\/schema.org","@graph":[{"@type":"Article","@id":"https:\/\/now-news.de\/de\/deutschland\/massenproteste-erdogan-setzt-auf-abhaengigkeit-des-westens-von-der-tuerkei\/#article","isPartOf":{"@id":"https:\/\/now-news.de\/de\/deutschland\/massenproteste-erdogan-setzt-auf-abhaengigkeit-des-westens-von-der-tuerkei\/"},"author":{"name":"rtnews","@id":"https:\/\/now-news.de\/de\/#\/schema\/person\/fb534a4e865501d8b3285208df34a9b5"},"headline":"Massenproteste: Erdo\u011fan setzt auf Abh\u00e4ngigkeit des Westens von der T\u00fcrkei","datePublished":"2025-03-25T11:55:05+00:00","dateModified":"2025-03-25T11:55:05+00:00","mainEntityOfPage":{"@id":"https:\/\/now-news.de\/de\/deutschland\/massenproteste-erdogan-setzt-auf-abhaengigkeit-des-westens-von-der-tuerkei\/"},"wordCount":811,"commentCount":0,"publisher":{"@id":"https:\/\/now-news.de\/de\/#organization"},"image":{"@id":"https:\/\/now-news.de\/de\/deutschland\/massenproteste-erdogan-setzt-auf-abhaengigkeit-des-westens-von-der-tuerkei\/#primaryimage"},"thumbnailUrl":"https:\/\/now-news.de\/de\/wp-content\/uploads\/sites\/3\/2025\/03\/Massenproteste-Erdogan-setzt-auf-Abhaengigkeit-des-Westens-von-der-Tuerkei.jpg","keywords":["Abh\u00e4ngigkeit","AUF","der","des","Erdo\u011fan","Massenproteste","setzt","T\u00fcrkei","von","Westens"],"articleSection":["Deutschland","Russland"],"inLanguage":"de","potentialAction":[{"@type":"CommentAction","name":"Comment","target":["https:\/\/now-news.de\/de\/deutschland\/massenproteste-erdogan-setzt-auf-abhaengigkeit-des-westens-von-der-tuerkei\/#respond"]}]},{"@type":"WebPage","@id":"https:\/\/now-news.de\/de\/deutschland\/massenproteste-erdogan-setzt-auf-abhaengigkeit-des-westens-von-der-tuerkei\/","url":"https:\/\/now-news.de\/de\/deutschland\/massenproteste-erdogan-setzt-auf-abhaengigkeit-des-westens-von-der-tuerkei\/","name":"Massenproteste: Erdo\u011fan setzt auf Abh\u00e4ngigkeit des Westens von der T\u00fcrkei - just-now.NEWS Deutschland","isPartOf":{"@id":"https:\/\/now-news.de\/de\/#website"},"primaryImageOfPage":{"@id":"https:\/\/now-news.de\/de\/deutschland\/massenproteste-erdogan-setzt-auf-abhaengigkeit-des-westens-von-der-tuerkei\/#primaryimage"},"image":{"@id":"https:\/\/now-news.de\/de\/deutschland\/massenproteste-erdogan-setzt-auf-abhaengigkeit-des-westens-von-der-tuerkei\/#primaryimage"},"thumbnailUrl":"https:\/\/now-news.de\/de\/wp-content\/uploads\/sites\/3\/2025\/03\/Massenproteste-Erdogan-setzt-auf-Abhaengigkeit-des-Westens-von-der-Tuerkei.jpg","datePublished":"2025-03-25T11:55:05+00:00","dateModified":"2025-03-25T11:55:05+00:00","breadcrumb":{"@id":"https:\/\/now-news.de\/de\/deutschland\/massenproteste-erdogan-setzt-auf-abhaengigkeit-des-westens-von-der-tuerkei\/#breadcrumb"},"inLanguage":"de","potentialAction":[{"@type":"ReadAction","target":["https:\/\/now-news.de\/de\/deutschland\/massenproteste-erdogan-setzt-auf-abhaengigkeit-des-westens-von-der-tuerkei\/"]}]},{"@type":"ImageObject","inLanguage":"de","@id":"https:\/\/now-news.de\/de\/deutschland\/massenproteste-erdogan-setzt-auf-abhaengigkeit-des-westens-von-der-tuerkei\/#primaryimage","url":"https:\/\/now-news.de\/de\/wp-content\/uploads\/sites\/3\/2025\/03\/Massenproteste-Erdogan-setzt-auf-Abhaengigkeit-des-Westens-von-der-Tuerkei.jpg","contentUrl":"https:\/\/now-news.de\/de\/wp-content\/uploads\/sites\/3\/2025\/03\/Massenproteste-Erdogan-setzt-auf-Abhaengigkeit-des-Westens-von-der-Tuerkei.jpg","width":460,"height":259,"caption":"Massenproteste: Erdo\u011fan setzt auf Abh\u00e4ngigkeit des Westens von der T\u00fcrkei"},{"@type":"BreadcrumbList","@id":"https:\/\/now-news.de\/de\/deutschland\/massenproteste-erdogan-setzt-auf-abhaengigkeit-des-westens-von-der-tuerkei\/#breadcrumb","itemListElement":[{"@type":"ListItem","position":1,"name":"Home","item":"https:\/\/now-news.de\/de\/"},{"@type":"ListItem","position":2,"name":"Massenproteste: Erdo\u011fan setzt auf Abh\u00e4ngigkeit des Westens von der T\u00fcrkei"}]},{"@type":"WebSite","@id":"https:\/\/now-news.de\/de\/#website","url":"https:\/\/now-news.de\/de\/","name":"just-now.NEWS Deutschland","description":"Das Portal f\u00fcr unzensierte Nachrichten aus der Welt","publisher":{"@id":"https:\/\/now-news.de\/de\/#organization"},"potentialAction":[{"@type":"SearchAction","target":{"@type":"EntryPoint","urlTemplate":"https:\/\/now-news.de\/de\/?s={search_term_string}"},"query-input":"required name=search_term_string"}],"inLanguage":"de"},{"@type":"Organization","@id":"https:\/\/now-news.de\/de\/#organization","name":"Just Now News","url":"https:\/\/now-news.de\/de\/","logo":{"@type":"ImageObject","inLanguage":"de","@id":"https:\/\/now-news.de\/de\/#\/schema\/logo\/image\/","url":"http:\/\/just-now.news\/de\/wp-content\/uploads\/sites\/3\/2022\/04\/logo500x500.jpg","contentUrl":"http:\/\/just-now.news\/de\/wp-content\/uploads\/sites\/3\/2022\/04\/logo500x500.jpg","width":500,"height":500,"caption":"Just Now News"},"image":{"@id":"https:\/\/now-news.de\/de\/#\/schema\/logo\/image\/"},"sameAs":["https:\/\/www.facebook.com\/wirmachenauf","https:\/\/x.com\/WirMachenAuf_de"]},{"@type":"Person","@id":"https:\/\/now-news.de\/de\/#\/schema\/person\/fb534a4e865501d8b3285208df34a9b5","name":"rtnews","image":{"@type":"ImageObject","inLanguage":"de","@id":"https:\/\/now-news.de\/de\/#\/schema\/person\/image\/","url":"https:\/\/secure.gravatar.com\/avatar\/82aafea7d8127119dd649515f56e2117?s=96&d=mm&r=g","contentUrl":"https:\/\/secure.gravatar.com\/avatar\/82aafea7d8127119dd649515f56e2117?s=96&d=mm&r=g","caption":"rtnews"},"url":"https:\/\/now-news.de\/de\/author\/rnews\/"}]}},"_links":{"self":[{"href":"https:\/\/now-news.de\/de\/wp-json\/wp\/v2\/posts\/80887"}],"collection":[{"href":"https:\/\/now-news.de\/de\/wp-json\/wp\/v2\/posts"}],"about":[{"href":"https:\/\/now-news.de\/de\/wp-json\/wp\/v2\/types\/post"}],"author":[{"embeddable":true,"href":"https:\/\/now-news.de\/de\/wp-json\/wp\/v2\/users\/3"}],"replies":[{"embeddable":true,"href":"https:\/\/now-news.de\/de\/wp-json\/wp\/v2\/comments?post=80887"}],"version-history":[{"count":0,"href":"https:\/\/now-news.de\/de\/wp-json\/wp\/v2\/posts\/80887\/revisions"}],"wp:featuredmedia":[{"embeddable":true,"href":"https:\/\/now-news.de\/de\/wp-json\/wp\/v2\/media\/80888"}],"wp:attachment":[{"href":"https:\/\/now-news.de\/de\/wp-json\/wp\/v2\/media?parent=80887"}],"wp:term":[{"taxonomy":"category","embeddable":true,"href":"https:\/\/now-news.de\/de\/wp-json\/wp\/v2\/categories?post=80887"},{"taxonomy":"post_tag","embeddable":true,"href":"https:\/\/now-news.de\/de\/wp-json\/wp\/v2\/tags?post=80887"}],"curies":[{"name":"wp","href":"https:\/\/api.w.org\/{rel}","templated":true}]}}