{"id":80885,"date":"2025-03-25T13:36:04","date_gmt":"2025-03-25T11:36:04","guid":{"rendered":"https:\/\/now-news.de\/de\/deutschland\/eu-und-schweiz-wie-realistisch-ist-eine-migrationsbremse\/"},"modified":"2025-03-25T13:36:04","modified_gmt":"2025-03-25T11:36:04","slug":"eu-und-schweiz-wie-realistisch-ist-eine-migrationsbremse","status":"publish","type":"post","link":"https:\/\/now-news.de\/de\/deutschland\/eu-und-schweiz-wie-realistisch-ist-eine-migrationsbremse\/","title":{"rendered":"EU und Schweiz: Wie realistisch ist eine Migrationsbremse?"},"content":{"rendered":"<p><img decoding=\"async\" src=\"https:\/\/now-news.de\/de\/wp-content\/uploads\/sites\/3\/2025\/03\/67e264c4b480cc22593287a4.jpg\" \/><\/p>\n<div class=\"Text-root Text-type_1 \">\n                Bundesrat Beat Jans sorgt mit Aussagen zur geplanten Schutzklausel f\u00fcr Verwirrung. W\u00e4hrend er betont, die Schweiz k\u00f6nne die Zuwanderung steuern, sehen Experten hohe H\u00fcrden f\u00fcr die Aktivierung der Klausel: Br\u00fcssel bleibt skeptisch.\n            <\/div>\n<p><\/p>\n<div class=\"Text-root Text-type_5 ArticleView-text ViewText-root \">\n<p data-pm-slice=\"1 1 []\"><em>Von Hans-Ueli L\u00e4ppli<\/em><\/p>\n<p data-pm-slice=\"1 1 []\">Bundesrat Beat Jans hat mit einer neuen Aussage zur geplanten Schutzklausel f\u00fcr die Zuwanderung aus der EU f\u00fcr Stirnrunzeln gesorgt. Seinen Worten zufolge k\u00f6nne die Schweiz die Einwanderung steuern \u2013 eine Darstellung, die im Widerspruch zu den bekannten Details des neuen bilateralen Abkommens mit der EU steht.<\/p>\n<p>Die Schweiz steht in der Frage der Zuwanderung traditionell in einem Spannungsfeld mit der Europ\u00e4ischen Union. W\u00e4hrend Bern eine Begrenzung erw\u00e4gt \u2013 insbesondere angesichts steigender Mieten und angespannter Wohnverh\u00e4ltnisse \u2013, verteidigt die EU-Kommission die Personenfreiz\u00fcgigkeit vehement als zentralen Pfeiler europ\u00e4ischer Integration.<\/p>\n<p>Besonders irritierend erscheint deshalb eine Aussage von Bundesrat Jans in Bezug auf die Nachhaltigkeitsinitiative der SVP, die eine Begrenzung der Schweizer Bev\u00f6lkerung auf zehn Millionen vorsieht. Der Bundesrat will auf einen direkten Gegenvorschlag verzichten. Laut Jans sei dies nicht n\u00f6tig, da die mit der EU ausgehandelte Schutzklausel eine vergleichbare Steuerungsm\u00f6glichkeit biete. Allerdings sind die genauen Mechanismen dieser Klausel noch nicht bekannt.<\/p>\n<p>Die Reaktion in Br\u00fcssel war verhalten bis skeptisch. Experten weisen darauf hin, dass die Schutzklausel nur unter sehr restriktiven Bedingungen greifen k\u00f6nnte. Zwei zentrale Voraussetzungen m\u00fcssten erf\u00fcllt sein: Erstens m\u00fcsste sich die Schweiz in einer wirtschaftlichen Krise befinden, zweitens m\u00fcsste diese eindeutig auf die Zuwanderung aus der Europ\u00e4ischen Union zur\u00fcckzuf\u00fchren sein.<\/p>\n<p data-start=\"0\" data-end=\"86\">Zudem m\u00fcsste ein Schiedsgericht in der EU die Notwendigkeit der Ma\u00dfnahme anerkennen.<\/p>\n<p data-start=\"88\" data-end=\"332\">In Anbetracht der aktuell stabilen wirtschaftlichen Lage der Schweiz ist es kaum vorstellbar, dass die Klausel \u00fcberhaupt zur Anwendung kommt. Dass letztlich ein EU-Gericht das letzte Wort hat, k\u00f6nnte man fast f\u00fcr einen schlechten Witz halten.<\/p>\n<p>Zus\u00e4tzlich unterliegt die Schutzklausel strengen Vorgaben zur Verh\u00e4ltnism\u00e4\u00dfigkeit. Eine fixe j\u00e4hrliche Obergrenze f\u00fcr die Zuwanderung ist laut Experten kaum durchsetzbar. Denkbar w\u00e4ren allenfalls regionale oder zeitlich befristete Begrenzungen \u2013 deren Effektivit\u00e4t jedoch fraglich bleibt. Eine regionale Einschr\u00e4nkung k\u00f6nnte Unternehmen in bestimmten Kantonen benachteiligen, eine zeitlich begrenzte Ma\u00dfnahme w\u00fcrde die strukturellen Herausforderungen des Wohnungsmarkts kaum l\u00f6sen.<\/p>\n<p>Ein weiteres Missverst\u00e4ndnis liegt in der Zust\u00e4ndigkeit f\u00fcr die Ma\u00dfnahmen. Der Bundesrat erweckt den Eindruck, dass er selbst \u00fcber Gegenma\u00dfnahmen entscheiden k\u00f6nne. Tats\u00e4chlich liegt die letzte Entscheidungsgewalt jedoch bei dem geplanten EU-Schiedsgericht. Zwar bleibt abzuwarten, ob die Schweiz sich in einer Krisensituation \u00fcber das Gericht hinwegsetzen w\u00fcrde \u2013 doch vertraglich verpflichtet sie sich, dessen Urteile zu akzeptieren.<\/p>\n<p>Wie strikt die Europ\u00e4ische Union an der Personenfreiz\u00fcgigkeit gegen\u00fcber der Schweiz festhalten wird, bleibt offen. Offizielle Vertreter, darunter EU-Kommissar Maro\u0161 \u0160ef\u010dovi\u010d, haben mehrfach betont, dass eine einseitige Einschr\u00e4nkung durch die Schweiz nicht akzeptabel sei. Dennoch spielt die politische Gesamtlage eine Rolle: Die EU hat derzeit ein schwieriges Verh\u00e4ltnis zu den USA und steht unter wirtschaftlichem Druck vonseiten\u00a0Chinas.<\/p>\n<p>Vor diesem Hintergrund hat die Schweiz als stabiler, demokratischer Partner an Bedeutung gewonnen. In Br\u00fcssel wird das j\u00fcngst ausgehandelte Abkommen als diplomatischer Erfolg gewertet. Doch ob dies auch zu einer flexibleren Haltung in der Frage der Personenfreiz\u00fcgigkeit f\u00fchrt, bleibt ungewiss.<\/p>\n<p>Die EU-Kommission sieht sich zudem unter Druck, die Grundfreiheiten der Union zu verteidigen. Die Personenfreiz\u00fcgigkeit gilt als eine der zentralen Errungenschaften der EU. Bereits in der Vergangenheit wurden viele europ\u00e4ische Reformvorhaben mit der Schweiz abgeschw\u00e4cht oder blockiert \u2013 ein R\u00fcckzug bei der Freiz\u00fcgigkeit k\u00f6nnte als weiteres Zeichen von Schw\u00e4che gewertet werden.<\/p>\n<p><strong>Mehr zum Thema<\/strong>\u00a0&#8211;\u00a0<a rel=\"nofollow noopener\" target=\"_blank\" href=\"https:\/\/freedert.online\/schweiz\/200434-schweizer-geheimdienst-ueberwacht-journalisten-statt\/\">Seltsame Priorit\u00e4ten: Schweizer Geheimdienst \u00fcberwacht Journalisten statt IS-Extremisten<\/a><\/p>\n<div class=\"EmbedBlock-root EmbedBlock-externalVideo EmbedBlock-rumble\">\n<div class=\"VkEmbed\"><iframe class=\"lazyload\" data-src=\"https:\/\/rumble.com\/embed\/v5adi1x\" frameborder=\"0\" width=\"853\" height=\"480\" allowfullscreen><\/iframe><\/div>\n<\/div>\n<\/div>\n<p><br \/>\n<br \/><a href=\"https:\/\/de.rt.com\/meinung\/240574-eu-und-schweiz-wie-realistisch\/\">Source link <\/a><\/p>\n","protected":false},"excerpt":{"rendered":"<p>Bundesrat Beat Jans sorgt mit Aussagen zur geplanten Schutzklausel f\u00fcr Verwirrung. W\u00e4hrend er betont, die Schweiz k\u00f6nne die Zuwanderung steuern, sehen Experten hohe H\u00fcrden f\u00fcr die Aktivierung der Klausel: Br\u00fcssel bleibt skeptisch. Von Hans-Ueli L\u00e4ppli Bundesrat Beat Jans hat mit einer neuen Aussage zur geplanten Schutzklausel f\u00fcr die Zuwanderung aus der EU f\u00fcr Stirnrunzeln gesorgt. [&hellip;]<\/p>\n","protected":false},"author":3,"featured_media":80886,"comment_status":"open","ping_status":"open","sticky":false,"template":"","format":"standard","meta":{"_yoast_indexnow_last_ping":["1742903506"],"wp_automatic_camp":["217"],"729ce13a714129db60b3c329409ce50c":["EU und Schweiz: Wie realistisch ist eine Migrationsbremse?"],"original_link":["https:\/\/de.rt.com\/meinung\/240574-eu-und-schweiz-wie-realistisch\/"],"_thumbnail_id":["80886"],"jnews_social_counter_last_update":["1777511870"],"_wptgpro_p2tg_sent2tg":["a:1:{i:23737;s:19:\"2025-03-25 13:52:41\";}"]},"categories":[19,23],"tags":[275,414,63727,26286,4207,140,579],"yoast_head":"<!-- This site is optimized with the Yoast SEO Premium plugin v22.7 (Yoast SEO v22.7) - https:\/\/yoast.com\/wordpress\/plugins\/seo\/ -->\n<title>EU und Schweiz: Wie realistisch ist eine Migrationsbremse? - just-now.NEWS Deutschland<\/title>\n<meta name=\"robots\" content=\"index, follow, max-snippet:-1, max-image-preview:large, max-video-preview:-1\" \/>\n<link rel=\"canonical\" href=\"https:\/\/now-news.de\/de\/deutschland\/eu-und-schweiz-wie-realistisch-ist-eine-migrationsbremse\/\" \/>\n<meta property=\"og:locale\" content=\"de_DE\" \/>\n<meta property=\"og:type\" content=\"article\" \/>\n<meta property=\"og:title\" content=\"EU und Schweiz: Wie realistisch ist eine Migrationsbremse?\" \/>\n<meta property=\"og:description\" content=\"Bundesrat Beat Jans sorgt mit Aussagen zur geplanten Schutzklausel f\u00fcr Verwirrung. W\u00e4hrend er betont, die Schweiz k\u00f6nne die Zuwanderung steuern, sehen Experten hohe H\u00fcrden f\u00fcr die Aktivierung der Klausel: Br\u00fcssel bleibt skeptisch. Von Hans-Ueli L\u00e4ppli Bundesrat Beat Jans hat mit einer neuen Aussage zur geplanten Schutzklausel f\u00fcr die Zuwanderung aus der EU f\u00fcr Stirnrunzeln gesorgt. [&hellip;]\" \/>\n<meta property=\"og:url\" content=\"https:\/\/now-news.de\/de\/deutschland\/eu-und-schweiz-wie-realistisch-ist-eine-migrationsbremse\/\" \/>\n<meta property=\"og:site_name\" content=\"just-now.NEWS Deutschland\" \/>\n<meta property=\"article:publisher\" content=\"https:\/\/www.facebook.com\/wirmachenauf\" \/>\n<meta property=\"article:published_time\" content=\"2025-03-25T11:36:04+00:00\" \/>\n<meta property=\"og:image\" content=\"https:\/\/now-news.de\/de\/wp-content\/uploads\/sites\/3\/2025\/03\/67e264c4b480cc22593287a4.jpg\" \/>\n<meta name=\"author\" content=\"rtnews\" \/>\n<meta name=\"twitter:card\" content=\"summary_large_image\" \/>\n<meta name=\"twitter:creator\" content=\"@WirMachenAuf_de\" \/>\n<meta name=\"twitter:site\" content=\"@WirMachenAuf_de\" \/>\n<meta name=\"twitter:label1\" content=\"Verfasst von\" \/>\n\t<meta name=\"twitter:data1\" content=\"rtnews\" \/>\n\t<meta name=\"twitter:label2\" content=\"Gesch\u00e4tzte Lesezeit\" \/>\n\t<meta name=\"twitter:data2\" content=\"3\u00a0Minuten\" \/>\n<script type=\"application\/ld+json\" class=\"yoast-schema-graph\">{\"@context\":\"https:\/\/schema.org\",\"@graph\":[{\"@type\":\"Article\",\"@id\":\"https:\/\/now-news.de\/de\/deutschland\/eu-und-schweiz-wie-realistisch-ist-eine-migrationsbremse\/#article\",\"isPartOf\":{\"@id\":\"https:\/\/now-news.de\/de\/deutschland\/eu-und-schweiz-wie-realistisch-ist-eine-migrationsbremse\/\"},\"author\":{\"name\":\"rtnews\",\"@id\":\"https:\/\/now-news.de\/de\/#\/schema\/person\/fb534a4e865501d8b3285208df34a9b5\"},\"headline\":\"EU und Schweiz: Wie realistisch ist eine Migrationsbremse?\",\"datePublished\":\"2025-03-25T11:36:04+00:00\",\"dateModified\":\"2025-03-25T11:36:04+00:00\",\"mainEntityOfPage\":{\"@id\":\"https:\/\/now-news.de\/de\/deutschland\/eu-und-schweiz-wie-realistisch-ist-eine-migrationsbremse\/\"},\"wordCount\":631,\"commentCount\":0,\"publisher\":{\"@id\":\"https:\/\/now-news.de\/de\/#organization\"},\"image\":{\"@id\":\"https:\/\/now-news.de\/de\/deutschland\/eu-und-schweiz-wie-realistisch-ist-eine-migrationsbremse\/#primaryimage\"},\"thumbnailUrl\":\"https:\/\/now-news.de\/de\/wp-content\/uploads\/sites\/3\/2025\/03\/EU-und-Schweiz-Wie-realistisch-ist-eine-Migrationsbremse.jpg\",\"keywords\":[\"eine\",\"ist\",\"Migrationsbremse\",\"realistisch\",\"schweiz\",\"und\",\"Wie\"],\"articleSection\":[\"Deutschland\",\"Russland\"],\"inLanguage\":\"de\",\"potentialAction\":[{\"@type\":\"CommentAction\",\"name\":\"Comment\",\"target\":[\"https:\/\/now-news.de\/de\/deutschland\/eu-und-schweiz-wie-realistisch-ist-eine-migrationsbremse\/#respond\"]}]},{\"@type\":\"WebPage\",\"@id\":\"https:\/\/now-news.de\/de\/deutschland\/eu-und-schweiz-wie-realistisch-ist-eine-migrationsbremse\/\",\"url\":\"https:\/\/now-news.de\/de\/deutschland\/eu-und-schweiz-wie-realistisch-ist-eine-migrationsbremse\/\",\"name\":\"EU und Schweiz: Wie realistisch ist eine Migrationsbremse? - just-now.NEWS Deutschland\",\"isPartOf\":{\"@id\":\"https:\/\/now-news.de\/de\/#website\"},\"primaryImageOfPage\":{\"@id\":\"https:\/\/now-news.de\/de\/deutschland\/eu-und-schweiz-wie-realistisch-ist-eine-migrationsbremse\/#primaryimage\"},\"image\":{\"@id\":\"https:\/\/now-news.de\/de\/deutschland\/eu-und-schweiz-wie-realistisch-ist-eine-migrationsbremse\/#primaryimage\"},\"thumbnailUrl\":\"https:\/\/now-news.de\/de\/wp-content\/uploads\/sites\/3\/2025\/03\/EU-und-Schweiz-Wie-realistisch-ist-eine-Migrationsbremse.jpg\",\"datePublished\":\"2025-03-25T11:36:04+00:00\",\"dateModified\":\"2025-03-25T11:36:04+00:00\",\"breadcrumb\":{\"@id\":\"https:\/\/now-news.de\/de\/deutschland\/eu-und-schweiz-wie-realistisch-ist-eine-migrationsbremse\/#breadcrumb\"},\"inLanguage\":\"de\",\"potentialAction\":[{\"@type\":\"ReadAction\",\"target\":[\"https:\/\/now-news.de\/de\/deutschland\/eu-und-schweiz-wie-realistisch-ist-eine-migrationsbremse\/\"]}]},{\"@type\":\"ImageObject\",\"inLanguage\":\"de\",\"@id\":\"https:\/\/now-news.de\/de\/deutschland\/eu-und-schweiz-wie-realistisch-ist-eine-migrationsbremse\/#primaryimage\",\"url\":\"https:\/\/now-news.de\/de\/wp-content\/uploads\/sites\/3\/2025\/03\/EU-und-Schweiz-Wie-realistisch-ist-eine-Migrationsbremse.jpg\",\"contentUrl\":\"https:\/\/now-news.de\/de\/wp-content\/uploads\/sites\/3\/2025\/03\/EU-und-Schweiz-Wie-realistisch-ist-eine-Migrationsbremse.jpg\",\"width\":460,\"height\":259,\"caption\":\"EU und Schweiz: Wie realistisch ist eine Migrationsbremse?\"},{\"@type\":\"BreadcrumbList\",\"@id\":\"https:\/\/now-news.de\/de\/deutschland\/eu-und-schweiz-wie-realistisch-ist-eine-migrationsbremse\/#breadcrumb\",\"itemListElement\":[{\"@type\":\"ListItem\",\"position\":1,\"name\":\"Home\",\"item\":\"https:\/\/now-news.de\/de\/\"},{\"@type\":\"ListItem\",\"position\":2,\"name\":\"EU und Schweiz: Wie realistisch ist eine Migrationsbremse?\"}]},{\"@type\":\"WebSite\",\"@id\":\"https:\/\/now-news.de\/de\/#website\",\"url\":\"https:\/\/now-news.de\/de\/\",\"name\":\"just-now.NEWS Deutschland\",\"description\":\"Das Portal f\u00fcr unzensierte Nachrichten aus der Welt\",\"publisher\":{\"@id\":\"https:\/\/now-news.de\/de\/#organization\"},\"potentialAction\":[{\"@type\":\"SearchAction\",\"target\":{\"@type\":\"EntryPoint\",\"urlTemplate\":\"https:\/\/now-news.de\/de\/?s={search_term_string}\"},\"query-input\":\"required name=search_term_string\"}],\"inLanguage\":\"de\"},{\"@type\":\"Organization\",\"@id\":\"https:\/\/now-news.de\/de\/#organization\",\"name\":\"Just Now News\",\"url\":\"https:\/\/now-news.de\/de\/\",\"logo\":{\"@type\":\"ImageObject\",\"inLanguage\":\"de\",\"@id\":\"https:\/\/now-news.de\/de\/#\/schema\/logo\/image\/\",\"url\":\"http:\/\/just-now.news\/de\/wp-content\/uploads\/sites\/3\/2022\/04\/logo500x500.jpg\",\"contentUrl\":\"http:\/\/just-now.news\/de\/wp-content\/uploads\/sites\/3\/2022\/04\/logo500x500.jpg\",\"width\":500,\"height\":500,\"caption\":\"Just Now News\"},\"image\":{\"@id\":\"https:\/\/now-news.de\/de\/#\/schema\/logo\/image\/\"},\"sameAs\":[\"https:\/\/www.facebook.com\/wirmachenauf\",\"https:\/\/x.com\/WirMachenAuf_de\"]},{\"@type\":\"Person\",\"@id\":\"https:\/\/now-news.de\/de\/#\/schema\/person\/fb534a4e865501d8b3285208df34a9b5\",\"name\":\"rtnews\",\"image\":{\"@type\":\"ImageObject\",\"inLanguage\":\"de\",\"@id\":\"https:\/\/now-news.de\/de\/#\/schema\/person\/image\/\",\"url\":\"https:\/\/secure.gravatar.com\/avatar\/82aafea7d8127119dd649515f56e2117?s=96&d=mm&r=g\",\"contentUrl\":\"https:\/\/secure.gravatar.com\/avatar\/82aafea7d8127119dd649515f56e2117?s=96&d=mm&r=g\",\"caption\":\"rtnews\"},\"url\":\"https:\/\/now-news.de\/de\/author\/rnews\/\"}]}<\/script>\n<!-- \/ Yoast SEO Premium plugin. -->","yoast_head_json":{"title":"EU und Schweiz: Wie realistisch ist eine Migrationsbremse? - just-now.NEWS Deutschland","robots":{"index":"index","follow":"follow","max-snippet":"max-snippet:-1","max-image-preview":"max-image-preview:large","max-video-preview":"max-video-preview:-1"},"canonical":"https:\/\/now-news.de\/de\/deutschland\/eu-und-schweiz-wie-realistisch-ist-eine-migrationsbremse\/","og_locale":"de_DE","og_type":"article","og_title":"EU und Schweiz: Wie realistisch ist eine Migrationsbremse?","og_description":"Bundesrat Beat Jans sorgt mit Aussagen zur geplanten Schutzklausel f\u00fcr Verwirrung. W\u00e4hrend er betont, die Schweiz k\u00f6nne die Zuwanderung steuern, sehen Experten hohe H\u00fcrden f\u00fcr die Aktivierung der Klausel: Br\u00fcssel bleibt skeptisch. Von Hans-Ueli L\u00e4ppli Bundesrat Beat Jans hat mit einer neuen Aussage zur geplanten Schutzklausel f\u00fcr die Zuwanderung aus der EU f\u00fcr Stirnrunzeln gesorgt. [&hellip;]","og_url":"https:\/\/now-news.de\/de\/deutschland\/eu-und-schweiz-wie-realistisch-ist-eine-migrationsbremse\/","og_site_name":"just-now.NEWS Deutschland","article_publisher":"https:\/\/www.facebook.com\/wirmachenauf","article_published_time":"2025-03-25T11:36:04+00:00","og_image":[{"url":"https:\/\/now-news.de\/de\/wp-content\/uploads\/sites\/3\/2025\/03\/67e264c4b480cc22593287a4.jpg"}],"author":"rtnews","twitter_card":"summary_large_image","twitter_creator":"@WirMachenAuf_de","twitter_site":"@WirMachenAuf_de","twitter_misc":{"Verfasst von":"rtnews","Gesch\u00e4tzte Lesezeit":"3\u00a0Minuten"},"schema":{"@context":"https:\/\/schema.org","@graph":[{"@type":"Article","@id":"https:\/\/now-news.de\/de\/deutschland\/eu-und-schweiz-wie-realistisch-ist-eine-migrationsbremse\/#article","isPartOf":{"@id":"https:\/\/now-news.de\/de\/deutschland\/eu-und-schweiz-wie-realistisch-ist-eine-migrationsbremse\/"},"author":{"name":"rtnews","@id":"https:\/\/now-news.de\/de\/#\/schema\/person\/fb534a4e865501d8b3285208df34a9b5"},"headline":"EU und Schweiz: Wie realistisch ist eine Migrationsbremse?","datePublished":"2025-03-25T11:36:04+00:00","dateModified":"2025-03-25T11:36:04+00:00","mainEntityOfPage":{"@id":"https:\/\/now-news.de\/de\/deutschland\/eu-und-schweiz-wie-realistisch-ist-eine-migrationsbremse\/"},"wordCount":631,"commentCount":0,"publisher":{"@id":"https:\/\/now-news.de\/de\/#organization"},"image":{"@id":"https:\/\/now-news.de\/de\/deutschland\/eu-und-schweiz-wie-realistisch-ist-eine-migrationsbremse\/#primaryimage"},"thumbnailUrl":"https:\/\/now-news.de\/de\/wp-content\/uploads\/sites\/3\/2025\/03\/EU-und-Schweiz-Wie-realistisch-ist-eine-Migrationsbremse.jpg","keywords":["eine","ist","Migrationsbremse","realistisch","schweiz","und","Wie"],"articleSection":["Deutschland","Russland"],"inLanguage":"de","potentialAction":[{"@type":"CommentAction","name":"Comment","target":["https:\/\/now-news.de\/de\/deutschland\/eu-und-schweiz-wie-realistisch-ist-eine-migrationsbremse\/#respond"]}]},{"@type":"WebPage","@id":"https:\/\/now-news.de\/de\/deutschland\/eu-und-schweiz-wie-realistisch-ist-eine-migrationsbremse\/","url":"https:\/\/now-news.de\/de\/deutschland\/eu-und-schweiz-wie-realistisch-ist-eine-migrationsbremse\/","name":"EU und Schweiz: Wie realistisch ist eine Migrationsbremse? - just-now.NEWS Deutschland","isPartOf":{"@id":"https:\/\/now-news.de\/de\/#website"},"primaryImageOfPage":{"@id":"https:\/\/now-news.de\/de\/deutschland\/eu-und-schweiz-wie-realistisch-ist-eine-migrationsbremse\/#primaryimage"},"image":{"@id":"https:\/\/now-news.de\/de\/deutschland\/eu-und-schweiz-wie-realistisch-ist-eine-migrationsbremse\/#primaryimage"},"thumbnailUrl":"https:\/\/now-news.de\/de\/wp-content\/uploads\/sites\/3\/2025\/03\/EU-und-Schweiz-Wie-realistisch-ist-eine-Migrationsbremse.jpg","datePublished":"2025-03-25T11:36:04+00:00","dateModified":"2025-03-25T11:36:04+00:00","breadcrumb":{"@id":"https:\/\/now-news.de\/de\/deutschland\/eu-und-schweiz-wie-realistisch-ist-eine-migrationsbremse\/#breadcrumb"},"inLanguage":"de","potentialAction":[{"@type":"ReadAction","target":["https:\/\/now-news.de\/de\/deutschland\/eu-und-schweiz-wie-realistisch-ist-eine-migrationsbremse\/"]}]},{"@type":"ImageObject","inLanguage":"de","@id":"https:\/\/now-news.de\/de\/deutschland\/eu-und-schweiz-wie-realistisch-ist-eine-migrationsbremse\/#primaryimage","url":"https:\/\/now-news.de\/de\/wp-content\/uploads\/sites\/3\/2025\/03\/EU-und-Schweiz-Wie-realistisch-ist-eine-Migrationsbremse.jpg","contentUrl":"https:\/\/now-news.de\/de\/wp-content\/uploads\/sites\/3\/2025\/03\/EU-und-Schweiz-Wie-realistisch-ist-eine-Migrationsbremse.jpg","width":460,"height":259,"caption":"EU und Schweiz: Wie realistisch ist eine Migrationsbremse?"},{"@type":"BreadcrumbList","@id":"https:\/\/now-news.de\/de\/deutschland\/eu-und-schweiz-wie-realistisch-ist-eine-migrationsbremse\/#breadcrumb","itemListElement":[{"@type":"ListItem","position":1,"name":"Home","item":"https:\/\/now-news.de\/de\/"},{"@type":"ListItem","position":2,"name":"EU und Schweiz: Wie realistisch ist eine Migrationsbremse?"}]},{"@type":"WebSite","@id":"https:\/\/now-news.de\/de\/#website","url":"https:\/\/now-news.de\/de\/","name":"just-now.NEWS Deutschland","description":"Das Portal f\u00fcr unzensierte Nachrichten aus der Welt","publisher":{"@id":"https:\/\/now-news.de\/de\/#organization"},"potentialAction":[{"@type":"SearchAction","target":{"@type":"EntryPoint","urlTemplate":"https:\/\/now-news.de\/de\/?s={search_term_string}"},"query-input":"required name=search_term_string"}],"inLanguage":"de"},{"@type":"Organization","@id":"https:\/\/now-news.de\/de\/#organization","name":"Just Now News","url":"https:\/\/now-news.de\/de\/","logo":{"@type":"ImageObject","inLanguage":"de","@id":"https:\/\/now-news.de\/de\/#\/schema\/logo\/image\/","url":"http:\/\/just-now.news\/de\/wp-content\/uploads\/sites\/3\/2022\/04\/logo500x500.jpg","contentUrl":"http:\/\/just-now.news\/de\/wp-content\/uploads\/sites\/3\/2022\/04\/logo500x500.jpg","width":500,"height":500,"caption":"Just Now News"},"image":{"@id":"https:\/\/now-news.de\/de\/#\/schema\/logo\/image\/"},"sameAs":["https:\/\/www.facebook.com\/wirmachenauf","https:\/\/x.com\/WirMachenAuf_de"]},{"@type":"Person","@id":"https:\/\/now-news.de\/de\/#\/schema\/person\/fb534a4e865501d8b3285208df34a9b5","name":"rtnews","image":{"@type":"ImageObject","inLanguage":"de","@id":"https:\/\/now-news.de\/de\/#\/schema\/person\/image\/","url":"https:\/\/secure.gravatar.com\/avatar\/82aafea7d8127119dd649515f56e2117?s=96&d=mm&r=g","contentUrl":"https:\/\/secure.gravatar.com\/avatar\/82aafea7d8127119dd649515f56e2117?s=96&d=mm&r=g","caption":"rtnews"},"url":"https:\/\/now-news.de\/de\/author\/rnews\/"}]}},"_links":{"self":[{"href":"https:\/\/now-news.de\/de\/wp-json\/wp\/v2\/posts\/80885"}],"collection":[{"href":"https:\/\/now-news.de\/de\/wp-json\/wp\/v2\/posts"}],"about":[{"href":"https:\/\/now-news.de\/de\/wp-json\/wp\/v2\/types\/post"}],"author":[{"embeddable":true,"href":"https:\/\/now-news.de\/de\/wp-json\/wp\/v2\/users\/3"}],"replies":[{"embeddable":true,"href":"https:\/\/now-news.de\/de\/wp-json\/wp\/v2\/comments?post=80885"}],"version-history":[{"count":0,"href":"https:\/\/now-news.de\/de\/wp-json\/wp\/v2\/posts\/80885\/revisions"}],"wp:featuredmedia":[{"embeddable":true,"href":"https:\/\/now-news.de\/de\/wp-json\/wp\/v2\/media\/80886"}],"wp:attachment":[{"href":"https:\/\/now-news.de\/de\/wp-json\/wp\/v2\/media?parent=80885"}],"wp:term":[{"taxonomy":"category","embeddable":true,"href":"https:\/\/now-news.de\/de\/wp-json\/wp\/v2\/categories?post=80885"},{"taxonomy":"post_tag","embeddable":true,"href":"https:\/\/now-news.de\/de\/wp-json\/wp\/v2\/tags?post=80885"}],"curies":[{"name":"wp","href":"https:\/\/api.w.org\/{rel}","templated":true}]}}