{"id":80879,"date":"2025-03-25T12:40:06","date_gmt":"2025-03-25T10:40:06","guid":{"rendered":"https:\/\/now-news.de\/de\/deutschland\/serlenskij-will-juengere-maenner-fuer-fronteinsatz-anwerben\/"},"modified":"2025-03-25T12:40:06","modified_gmt":"2025-03-25T10:40:06","slug":"serlenskij-will-juengere-maenner-fuer-fronteinsatz-anwerben","status":"publish","type":"post","link":"https:\/\/now-news.de\/de\/deutschland\/serlenskij-will-juengere-maenner-fuer-fronteinsatz-anwerben\/","title":{"rendered":"Serlenskij will j\u00fcngere M\u00e4nner f\u00fcr Fronteinsatz anwerben"},"content":{"rendered":"<p><img decoding=\"async\" src=\"https:\/\/now-news.de\/de\/wp-content\/uploads\/sites\/3\/2025\/03\/67e287e7b480cc32ea23698e.jpg\" \/><\/p>\n<div class=\"Text-root Text-type_1 \">\n                W\u00e4hrend die USA das Land zu einem Waffenstillstand mit Russland dr\u00e4ngen, will die Ukraine verst\u00e4rkt junge M\u00e4nner f\u00fcr den Milit\u00e4rdienst anwerben. Noch will Kiew die 18- bis 24-J\u00e4hrigen mit Anreizen zum Fronteinsatz locken, darunter etwa die M\u00f6glichkeit, das Land nach einem Jahr Milit\u00e4rdient verlassen zu d\u00fcrfen.\n            <\/div>\n<p><\/p>\n<div class=\"Text-root Text-type_5 ArticleView-text ViewText-root \">\n<p>Die Ukraine muss mehr junge M\u00e4nner in ihre Streitkr\u00e4fte aufnehmen, da eine Reihe von Einheiten dringend Verst\u00e4rkung ben\u00f6tigt, so Wladimir Selenskij.\u00a0<\/p>\n<p>In einer regelm\u00e4\u00dfigen Pressekonferenz am Montag gab der ukrainische Pr\u00e4sident bekannt, dass die milit\u00e4rische F\u00fchrung eine Ausweitung der Rekrutierung auf B\u00fcrger im Alter von 18 bis 24 Jahren genehmigt hat. W\u00e4hrend die Wehrpflicht f\u00fcr M\u00e4nner \u00fcber 24 Jahren gilt, versucht die Regierung, j\u00fcngere Menschen mit einer Reihe von Anreizen zur freiwilligen Teilnahme zu bewegen.<\/p>\n<p>&#8220;Ich habe am Samstag die Front besucht. Es gibt eine Nachfrage von bestimmten Brigaden, und wir werden positiv darauf reagieren. Es wird mehr Brigaden geben, die junge Spezialisten einstellen&#8221;, erkl\u00e4rte Selenskij. &#8220;Diese Initiative wird sich auch auf die Nationalgarde und die Grenzschutzeinheiten erstrecken, da alle effektiven Verteidigungskr\u00e4fte jede M\u00f6glichkeit erhalten sollten, ihre F\u00e4higkeiten zu verbessern.&#8221;<\/p>\n<p>Im Rahmen einer im Februar gestarteten Rekrutierungskampagne wird jungen Erwachsenen 1 Million Griwna (22.000 Euro) f\u00fcr ein Jahr Milit\u00e4rdienst versprochen sowie kostenlose zahn\u00e4rztliche Versorgung und die M\u00f6glichkeit, die Ukraine nach Erf\u00fcllung ihres Vertrags zu verlassen \u2013 eine Option, die M\u00e4nner im regul\u00e4ren Kampfalter nicht haben.\u00a0<\/p>\n<p>Das Verteidigungsministerium wirbt f\u00fcr das Angebot, indem es aufzeigt, wie viel die Rekruten mit dem Geld kaufen k\u00f6nnen \u2013 es entspricht 15.625 Cheeseburgern oder 185 Jahren Netflix-Abonnement. Kritiker haben die Werbekampagne als erniedrigend f\u00fcr potenzielle Rekruten verurteilt.\u00a0<\/p>\n<p>Letztes Jahr senkte Selenskij das Mindestalter f\u00fcr die Wehrpflicht von 27 auf 25 Jahre, verzichtete aber auf weitere Anpassungen, da er Bedenken hinsichtlich der wirtschaftlichen und demografischen Auswirkungen \u00e4u\u00dferte. Washington und andere westliche Unterst\u00fctzer haben Kiew gedr\u00e4ngt, j\u00fcngere M\u00e4nner zu rekrutieren, da die alternde ukrainische Armee nicht mehr in der Lage sei, effektiv zu k\u00e4mpfen.\u00a0<\/p>\n<p>Die Ukraine intensiviert ihre Mobilisierungsbem\u00fchungen, w\u00e4hrend die USA versuchen, eine L\u00f6sung des Konflikts mit Russland zu vermitteln. Washington hat beide Seiten davon \u00fcberzeugt, einem Moratorium f\u00fcr Angriffe auf die Energieinfrastruktur zuzustimmen. Nach mehreren Angriffen auf russische Energieinfrastruktur\u00a0hat Moskau Kiew jedoch vorgeworfen, sich nicht an diese Verpflichtung zu halten, und damit gedroht, den 30-t\u00e4gigen Teil-Waffenstillstand aufzuk\u00fcndigen.\u00a0<\/p>\n<p>In den letzten Tagen trafen US-Vertreter in Saudi-Arabien getrennt mit ukrainischen und russischen Delegationen zusammen, um eine m\u00f6gliche Wiederaufnahme der Schwarzmeer-Initiative zu sondieren, die darauf abzielt, die Exporte auf dem Seeweg zu erleichtern.<\/p>\n<p><strong>Mehr zum Thema<\/strong> &#8211; <a rel=\"nofollow noopener\" target=\"_blank\" href=\"https:\/\/freedert.online\/europa\/240480-politisches-theater-von-starmer-britische\/\">&#8220;Politisches Theater&#8221; von Starmer: Britische Milit\u00e4rs halten Ukraine-Einsatz f\u00fcr nicht machbar<\/a><\/p>\n<div class=\"EmbedBlock-root EmbedBlock-externalVideo EmbedBlock-rumble\">\n<div class=\"VkEmbed\"><iframe class=\"lazyload\" data-src=\"https:\/\/rumble.com\/embed\/v6owq3a\" frameborder=\"0\" width=\"853\" height=\"480\" allowfullscreen><\/iframe><\/div>\n<\/div>\n<\/div>\n<p><br \/>\n<br \/><a href=\"https:\/\/de.rt.com\/europa\/240586-serlenskij-will-juengere-maenner-fuer\/\">Source link <\/a><\/p>\n","protected":false},"excerpt":{"rendered":"<p>W\u00e4hrend die USA das Land zu einem Waffenstillstand mit Russland dr\u00e4ngen, will die Ukraine verst\u00e4rkt junge M\u00e4nner f\u00fcr den Milit\u00e4rdienst anwerben. Noch will Kiew die 18- bis 24-J\u00e4hrigen mit Anreizen zum Fronteinsatz locken, darunter etwa die M\u00f6glichkeit, das Land nach einem Jahr Milit\u00e4rdient verlassen zu d\u00fcrfen. Die Ukraine muss mehr junge M\u00e4nner in ihre Streitkr\u00e4fte [&hellip;]<\/p>\n","protected":false},"author":3,"featured_media":80880,"comment_status":"open","ping_status":"open","sticky":false,"template":"","format":"standard","meta":{"_yoast_indexnow_last_ping":["1742899661"],"wp_automatic_camp":["217"],"96294ea40e88b04968b54f44b815e3bf":["Serlenskij will j\u00fcngere M\u00e4nner f\u00fcr Fronteinsatz anwerben"],"original_link":["https:\/\/de.rt.com\/europa\/240586-serlenskij-will-juengere-maenner-fuer\/"],"_thumbnail_id":["80880"],"jnews_social_counter_last_update":["1777560271"],"_wptgpro_p2tg_sent2tg":["a:1:{i:23737;s:19:\"2025-03-25 12:48:45\";}"]},"categories":[19,23],"tags":[44362,63724,221,54560,16415,63723],"yoast_head":"<!-- This site is optimized with the Yoast SEO Premium plugin v22.7 (Yoast SEO v22.7) - https:\/\/yoast.com\/wordpress\/plugins\/seo\/ -->\n<title>Serlenskij will j\u00fcngere M\u00e4nner f\u00fcr Fronteinsatz anwerben - just-now.NEWS Deutschland<\/title>\n<meta name=\"robots\" content=\"index, follow, max-snippet:-1, max-image-preview:large, max-video-preview:-1\" \/>\n<link rel=\"canonical\" href=\"https:\/\/now-news.de\/de\/deutschland\/serlenskij-will-juengere-maenner-fuer-fronteinsatz-anwerben\/\" \/>\n<meta property=\"og:locale\" content=\"de_DE\" \/>\n<meta property=\"og:type\" content=\"article\" \/>\n<meta property=\"og:title\" content=\"Serlenskij will j\u00fcngere M\u00e4nner f\u00fcr Fronteinsatz anwerben\" \/>\n<meta property=\"og:description\" content=\"W\u00e4hrend die USA das Land zu einem Waffenstillstand mit Russland dr\u00e4ngen, will die Ukraine verst\u00e4rkt junge M\u00e4nner f\u00fcr den Milit\u00e4rdienst anwerben. Noch will Kiew die 18- bis 24-J\u00e4hrigen mit Anreizen zum Fronteinsatz locken, darunter etwa die M\u00f6glichkeit, das Land nach einem Jahr Milit\u00e4rdient verlassen zu d\u00fcrfen. Die Ukraine muss mehr junge M\u00e4nner in ihre Streitkr\u00e4fte [&hellip;]\" \/>\n<meta property=\"og:url\" content=\"https:\/\/now-news.de\/de\/deutschland\/serlenskij-will-juengere-maenner-fuer-fronteinsatz-anwerben\/\" \/>\n<meta property=\"og:site_name\" content=\"just-now.NEWS Deutschland\" \/>\n<meta property=\"article:publisher\" content=\"https:\/\/www.facebook.com\/wirmachenauf\" \/>\n<meta property=\"article:published_time\" content=\"2025-03-25T10:40:06+00:00\" \/>\n<meta property=\"og:image\" content=\"https:\/\/now-news.de\/de\/wp-content\/uploads\/sites\/3\/2025\/03\/67e287e7b480cc32ea23698e.jpg\" \/>\n<meta name=\"author\" content=\"rtnews\" \/>\n<meta name=\"twitter:card\" content=\"summary_large_image\" \/>\n<meta name=\"twitter:creator\" content=\"@WirMachenAuf_de\" \/>\n<meta name=\"twitter:site\" content=\"@WirMachenAuf_de\" \/>\n<meta name=\"twitter:label1\" content=\"Verfasst von\" \/>\n\t<meta name=\"twitter:data1\" content=\"rtnews\" \/>\n\t<meta name=\"twitter:label2\" content=\"Gesch\u00e4tzte Lesezeit\" \/>\n\t<meta name=\"twitter:data2\" content=\"2\u00a0Minuten\" \/>\n<script type=\"application\/ld+json\" class=\"yoast-schema-graph\">{\"@context\":\"https:\/\/schema.org\",\"@graph\":[{\"@type\":\"Article\",\"@id\":\"https:\/\/now-news.de\/de\/deutschland\/serlenskij-will-juengere-maenner-fuer-fronteinsatz-anwerben\/#article\",\"isPartOf\":{\"@id\":\"https:\/\/now-news.de\/de\/deutschland\/serlenskij-will-juengere-maenner-fuer-fronteinsatz-anwerben\/\"},\"author\":{\"name\":\"rtnews\",\"@id\":\"https:\/\/now-news.de\/de\/#\/schema\/person\/fb534a4e865501d8b3285208df34a9b5\"},\"headline\":\"Serlenskij will j\u00fcngere M\u00e4nner f\u00fcr Fronteinsatz anwerben\",\"datePublished\":\"2025-03-25T10:40:06+00:00\",\"dateModified\":\"2025-03-25T10:40:06+00:00\",\"mainEntityOfPage\":{\"@id\":\"https:\/\/now-news.de\/de\/deutschland\/serlenskij-will-juengere-maenner-fuer-fronteinsatz-anwerben\/\"},\"wordCount\":472,\"commentCount\":0,\"publisher\":{\"@id\":\"https:\/\/now-news.de\/de\/#organization\"},\"image\":{\"@id\":\"https:\/\/now-news.de\/de\/deutschland\/serlenskij-will-juengere-maenner-fuer-fronteinsatz-anwerben\/#primaryimage\"},\"thumbnailUrl\":\"https:\/\/now-news.de\/de\/wp-content\/uploads\/sites\/3\/2025\/03\/Serlenskij-will-juengere-Maenner-fuer-Fronteinsatz-anwerben.jpg\",\"keywords\":[\"anwerben\",\"Fronteinsatz\",\"f\u00fcr\",\"j\u00fcngere\",\"M\u00e4nner\",\"Serlenskij\"],\"articleSection\":[\"Deutschland\",\"Russland\"],\"inLanguage\":\"de\",\"potentialAction\":[{\"@type\":\"CommentAction\",\"name\":\"Comment\",\"target\":[\"https:\/\/now-news.de\/de\/deutschland\/serlenskij-will-juengere-maenner-fuer-fronteinsatz-anwerben\/#respond\"]}]},{\"@type\":\"WebPage\",\"@id\":\"https:\/\/now-news.de\/de\/deutschland\/serlenskij-will-juengere-maenner-fuer-fronteinsatz-anwerben\/\",\"url\":\"https:\/\/now-news.de\/de\/deutschland\/serlenskij-will-juengere-maenner-fuer-fronteinsatz-anwerben\/\",\"name\":\"Serlenskij will j\u00fcngere M\u00e4nner f\u00fcr Fronteinsatz anwerben - just-now.NEWS Deutschland\",\"isPartOf\":{\"@id\":\"https:\/\/now-news.de\/de\/#website\"},\"primaryImageOfPage\":{\"@id\":\"https:\/\/now-news.de\/de\/deutschland\/serlenskij-will-juengere-maenner-fuer-fronteinsatz-anwerben\/#primaryimage\"},\"image\":{\"@id\":\"https:\/\/now-news.de\/de\/deutschland\/serlenskij-will-juengere-maenner-fuer-fronteinsatz-anwerben\/#primaryimage\"},\"thumbnailUrl\":\"https:\/\/now-news.de\/de\/wp-content\/uploads\/sites\/3\/2025\/03\/Serlenskij-will-juengere-Maenner-fuer-Fronteinsatz-anwerben.jpg\",\"datePublished\":\"2025-03-25T10:40:06+00:00\",\"dateModified\":\"2025-03-25T10:40:06+00:00\",\"breadcrumb\":{\"@id\":\"https:\/\/now-news.de\/de\/deutschland\/serlenskij-will-juengere-maenner-fuer-fronteinsatz-anwerben\/#breadcrumb\"},\"inLanguage\":\"de\",\"potentialAction\":[{\"@type\":\"ReadAction\",\"target\":[\"https:\/\/now-news.de\/de\/deutschland\/serlenskij-will-juengere-maenner-fuer-fronteinsatz-anwerben\/\"]}]},{\"@type\":\"ImageObject\",\"inLanguage\":\"de\",\"@id\":\"https:\/\/now-news.de\/de\/deutschland\/serlenskij-will-juengere-maenner-fuer-fronteinsatz-anwerben\/#primaryimage\",\"url\":\"https:\/\/now-news.de\/de\/wp-content\/uploads\/sites\/3\/2025\/03\/Serlenskij-will-juengere-Maenner-fuer-Fronteinsatz-anwerben.jpg\",\"contentUrl\":\"https:\/\/now-news.de\/de\/wp-content\/uploads\/sites\/3\/2025\/03\/Serlenskij-will-juengere-Maenner-fuer-Fronteinsatz-anwerben.jpg\",\"width\":460,\"height\":259,\"caption\":\"Serlenskij will j\u00fcngere M\u00e4nner f\u00fcr Fronteinsatz anwerben\"},{\"@type\":\"BreadcrumbList\",\"@id\":\"https:\/\/now-news.de\/de\/deutschland\/serlenskij-will-juengere-maenner-fuer-fronteinsatz-anwerben\/#breadcrumb\",\"itemListElement\":[{\"@type\":\"ListItem\",\"position\":1,\"name\":\"Home\",\"item\":\"https:\/\/now-news.de\/de\/\"},{\"@type\":\"ListItem\",\"position\":2,\"name\":\"Serlenskij will j\u00fcngere M\u00e4nner f\u00fcr Fronteinsatz anwerben\"}]},{\"@type\":\"WebSite\",\"@id\":\"https:\/\/now-news.de\/de\/#website\",\"url\":\"https:\/\/now-news.de\/de\/\",\"name\":\"just-now.NEWS Deutschland\",\"description\":\"Das Portal f\u00fcr unzensierte Nachrichten aus der Welt\",\"publisher\":{\"@id\":\"https:\/\/now-news.de\/de\/#organization\"},\"potentialAction\":[{\"@type\":\"SearchAction\",\"target\":{\"@type\":\"EntryPoint\",\"urlTemplate\":\"https:\/\/now-news.de\/de\/?s={search_term_string}\"},\"query-input\":\"required name=search_term_string\"}],\"inLanguage\":\"de\"},{\"@type\":\"Organization\",\"@id\":\"https:\/\/now-news.de\/de\/#organization\",\"name\":\"Just Now News\",\"url\":\"https:\/\/now-news.de\/de\/\",\"logo\":{\"@type\":\"ImageObject\",\"inLanguage\":\"de\",\"@id\":\"https:\/\/now-news.de\/de\/#\/schema\/logo\/image\/\",\"url\":\"http:\/\/just-now.news\/de\/wp-content\/uploads\/sites\/3\/2022\/04\/logo500x500.jpg\",\"contentUrl\":\"http:\/\/just-now.news\/de\/wp-content\/uploads\/sites\/3\/2022\/04\/logo500x500.jpg\",\"width\":500,\"height\":500,\"caption\":\"Just Now News\"},\"image\":{\"@id\":\"https:\/\/now-news.de\/de\/#\/schema\/logo\/image\/\"},\"sameAs\":[\"https:\/\/www.facebook.com\/wirmachenauf\",\"https:\/\/x.com\/WirMachenAuf_de\"]},{\"@type\":\"Person\",\"@id\":\"https:\/\/now-news.de\/de\/#\/schema\/person\/fb534a4e865501d8b3285208df34a9b5\",\"name\":\"rtnews\",\"image\":{\"@type\":\"ImageObject\",\"inLanguage\":\"de\",\"@id\":\"https:\/\/now-news.de\/de\/#\/schema\/person\/image\/\",\"url\":\"https:\/\/secure.gravatar.com\/avatar\/82aafea7d8127119dd649515f56e2117?s=96&d=mm&r=g\",\"contentUrl\":\"https:\/\/secure.gravatar.com\/avatar\/82aafea7d8127119dd649515f56e2117?s=96&d=mm&r=g\",\"caption\":\"rtnews\"},\"url\":\"https:\/\/now-news.de\/de\/author\/rnews\/\"}]}<\/script>\n<!-- \/ Yoast SEO Premium plugin. -->","yoast_head_json":{"title":"Serlenskij will j\u00fcngere M\u00e4nner f\u00fcr Fronteinsatz anwerben - just-now.NEWS Deutschland","robots":{"index":"index","follow":"follow","max-snippet":"max-snippet:-1","max-image-preview":"max-image-preview:large","max-video-preview":"max-video-preview:-1"},"canonical":"https:\/\/now-news.de\/de\/deutschland\/serlenskij-will-juengere-maenner-fuer-fronteinsatz-anwerben\/","og_locale":"de_DE","og_type":"article","og_title":"Serlenskij will j\u00fcngere M\u00e4nner f\u00fcr Fronteinsatz anwerben","og_description":"W\u00e4hrend die USA das Land zu einem Waffenstillstand mit Russland dr\u00e4ngen, will die Ukraine verst\u00e4rkt junge M\u00e4nner f\u00fcr den Milit\u00e4rdienst anwerben. Noch will Kiew die 18- bis 24-J\u00e4hrigen mit Anreizen zum Fronteinsatz locken, darunter etwa die M\u00f6glichkeit, das Land nach einem Jahr Milit\u00e4rdient verlassen zu d\u00fcrfen. Die Ukraine muss mehr junge M\u00e4nner in ihre Streitkr\u00e4fte [&hellip;]","og_url":"https:\/\/now-news.de\/de\/deutschland\/serlenskij-will-juengere-maenner-fuer-fronteinsatz-anwerben\/","og_site_name":"just-now.NEWS Deutschland","article_publisher":"https:\/\/www.facebook.com\/wirmachenauf","article_published_time":"2025-03-25T10:40:06+00:00","og_image":[{"url":"https:\/\/now-news.de\/de\/wp-content\/uploads\/sites\/3\/2025\/03\/67e287e7b480cc32ea23698e.jpg"}],"author":"rtnews","twitter_card":"summary_large_image","twitter_creator":"@WirMachenAuf_de","twitter_site":"@WirMachenAuf_de","twitter_misc":{"Verfasst von":"rtnews","Gesch\u00e4tzte Lesezeit":"2\u00a0Minuten"},"schema":{"@context":"https:\/\/schema.org","@graph":[{"@type":"Article","@id":"https:\/\/now-news.de\/de\/deutschland\/serlenskij-will-juengere-maenner-fuer-fronteinsatz-anwerben\/#article","isPartOf":{"@id":"https:\/\/now-news.de\/de\/deutschland\/serlenskij-will-juengere-maenner-fuer-fronteinsatz-anwerben\/"},"author":{"name":"rtnews","@id":"https:\/\/now-news.de\/de\/#\/schema\/person\/fb534a4e865501d8b3285208df34a9b5"},"headline":"Serlenskij will j\u00fcngere M\u00e4nner f\u00fcr Fronteinsatz anwerben","datePublished":"2025-03-25T10:40:06+00:00","dateModified":"2025-03-25T10:40:06+00:00","mainEntityOfPage":{"@id":"https:\/\/now-news.de\/de\/deutschland\/serlenskij-will-juengere-maenner-fuer-fronteinsatz-anwerben\/"},"wordCount":472,"commentCount":0,"publisher":{"@id":"https:\/\/now-news.de\/de\/#organization"},"image":{"@id":"https:\/\/now-news.de\/de\/deutschland\/serlenskij-will-juengere-maenner-fuer-fronteinsatz-anwerben\/#primaryimage"},"thumbnailUrl":"https:\/\/now-news.de\/de\/wp-content\/uploads\/sites\/3\/2025\/03\/Serlenskij-will-juengere-Maenner-fuer-Fronteinsatz-anwerben.jpg","keywords":["anwerben","Fronteinsatz","f\u00fcr","j\u00fcngere","M\u00e4nner","Serlenskij"],"articleSection":["Deutschland","Russland"],"inLanguage":"de","potentialAction":[{"@type":"CommentAction","name":"Comment","target":["https:\/\/now-news.de\/de\/deutschland\/serlenskij-will-juengere-maenner-fuer-fronteinsatz-anwerben\/#respond"]}]},{"@type":"WebPage","@id":"https:\/\/now-news.de\/de\/deutschland\/serlenskij-will-juengere-maenner-fuer-fronteinsatz-anwerben\/","url":"https:\/\/now-news.de\/de\/deutschland\/serlenskij-will-juengere-maenner-fuer-fronteinsatz-anwerben\/","name":"Serlenskij will j\u00fcngere M\u00e4nner f\u00fcr Fronteinsatz anwerben - just-now.NEWS Deutschland","isPartOf":{"@id":"https:\/\/now-news.de\/de\/#website"},"primaryImageOfPage":{"@id":"https:\/\/now-news.de\/de\/deutschland\/serlenskij-will-juengere-maenner-fuer-fronteinsatz-anwerben\/#primaryimage"},"image":{"@id":"https:\/\/now-news.de\/de\/deutschland\/serlenskij-will-juengere-maenner-fuer-fronteinsatz-anwerben\/#primaryimage"},"thumbnailUrl":"https:\/\/now-news.de\/de\/wp-content\/uploads\/sites\/3\/2025\/03\/Serlenskij-will-juengere-Maenner-fuer-Fronteinsatz-anwerben.jpg","datePublished":"2025-03-25T10:40:06+00:00","dateModified":"2025-03-25T10:40:06+00:00","breadcrumb":{"@id":"https:\/\/now-news.de\/de\/deutschland\/serlenskij-will-juengere-maenner-fuer-fronteinsatz-anwerben\/#breadcrumb"},"inLanguage":"de","potentialAction":[{"@type":"ReadAction","target":["https:\/\/now-news.de\/de\/deutschland\/serlenskij-will-juengere-maenner-fuer-fronteinsatz-anwerben\/"]}]},{"@type":"ImageObject","inLanguage":"de","@id":"https:\/\/now-news.de\/de\/deutschland\/serlenskij-will-juengere-maenner-fuer-fronteinsatz-anwerben\/#primaryimage","url":"https:\/\/now-news.de\/de\/wp-content\/uploads\/sites\/3\/2025\/03\/Serlenskij-will-juengere-Maenner-fuer-Fronteinsatz-anwerben.jpg","contentUrl":"https:\/\/now-news.de\/de\/wp-content\/uploads\/sites\/3\/2025\/03\/Serlenskij-will-juengere-Maenner-fuer-Fronteinsatz-anwerben.jpg","width":460,"height":259,"caption":"Serlenskij will j\u00fcngere M\u00e4nner f\u00fcr Fronteinsatz anwerben"},{"@type":"BreadcrumbList","@id":"https:\/\/now-news.de\/de\/deutschland\/serlenskij-will-juengere-maenner-fuer-fronteinsatz-anwerben\/#breadcrumb","itemListElement":[{"@type":"ListItem","position":1,"name":"Home","item":"https:\/\/now-news.de\/de\/"},{"@type":"ListItem","position":2,"name":"Serlenskij will j\u00fcngere M\u00e4nner f\u00fcr Fronteinsatz anwerben"}]},{"@type":"WebSite","@id":"https:\/\/now-news.de\/de\/#website","url":"https:\/\/now-news.de\/de\/","name":"just-now.NEWS Deutschland","description":"Das Portal f\u00fcr unzensierte Nachrichten aus der Welt","publisher":{"@id":"https:\/\/now-news.de\/de\/#organization"},"potentialAction":[{"@type":"SearchAction","target":{"@type":"EntryPoint","urlTemplate":"https:\/\/now-news.de\/de\/?s={search_term_string}"},"query-input":"required name=search_term_string"}],"inLanguage":"de"},{"@type":"Organization","@id":"https:\/\/now-news.de\/de\/#organization","name":"Just Now News","url":"https:\/\/now-news.de\/de\/","logo":{"@type":"ImageObject","inLanguage":"de","@id":"https:\/\/now-news.de\/de\/#\/schema\/logo\/image\/","url":"http:\/\/just-now.news\/de\/wp-content\/uploads\/sites\/3\/2022\/04\/logo500x500.jpg","contentUrl":"http:\/\/just-now.news\/de\/wp-content\/uploads\/sites\/3\/2022\/04\/logo500x500.jpg","width":500,"height":500,"caption":"Just Now News"},"image":{"@id":"https:\/\/now-news.de\/de\/#\/schema\/logo\/image\/"},"sameAs":["https:\/\/www.facebook.com\/wirmachenauf","https:\/\/x.com\/WirMachenAuf_de"]},{"@type":"Person","@id":"https:\/\/now-news.de\/de\/#\/schema\/person\/fb534a4e865501d8b3285208df34a9b5","name":"rtnews","image":{"@type":"ImageObject","inLanguage":"de","@id":"https:\/\/now-news.de\/de\/#\/schema\/person\/image\/","url":"https:\/\/secure.gravatar.com\/avatar\/82aafea7d8127119dd649515f56e2117?s=96&d=mm&r=g","contentUrl":"https:\/\/secure.gravatar.com\/avatar\/82aafea7d8127119dd649515f56e2117?s=96&d=mm&r=g","caption":"rtnews"},"url":"https:\/\/now-news.de\/de\/author\/rnews\/"}]}},"_links":{"self":[{"href":"https:\/\/now-news.de\/de\/wp-json\/wp\/v2\/posts\/80879"}],"collection":[{"href":"https:\/\/now-news.de\/de\/wp-json\/wp\/v2\/posts"}],"about":[{"href":"https:\/\/now-news.de\/de\/wp-json\/wp\/v2\/types\/post"}],"author":[{"embeddable":true,"href":"https:\/\/now-news.de\/de\/wp-json\/wp\/v2\/users\/3"}],"replies":[{"embeddable":true,"href":"https:\/\/now-news.de\/de\/wp-json\/wp\/v2\/comments?post=80879"}],"version-history":[{"count":0,"href":"https:\/\/now-news.de\/de\/wp-json\/wp\/v2\/posts\/80879\/revisions"}],"wp:featuredmedia":[{"embeddable":true,"href":"https:\/\/now-news.de\/de\/wp-json\/wp\/v2\/media\/80880"}],"wp:attachment":[{"href":"https:\/\/now-news.de\/de\/wp-json\/wp\/v2\/media?parent=80879"}],"wp:term":[{"taxonomy":"category","embeddable":true,"href":"https:\/\/now-news.de\/de\/wp-json\/wp\/v2\/categories?post=80879"},{"taxonomy":"post_tag","embeddable":true,"href":"https:\/\/now-news.de\/de\/wp-json\/wp\/v2\/tags?post=80879"}],"curies":[{"name":"wp","href":"https:\/\/api.w.org\/{rel}","templated":true}]}}