{"id":80865,"date":"2025-03-25T07:03:20","date_gmt":"2025-03-25T05:03:20","guid":{"rendered":"https:\/\/now-news.de\/de\/deutschland\/milliardenfonds-fuer-klinikreform-gesetzlich-versicherte-sollen-blechen\/"},"modified":"2025-03-25T07:03:20","modified_gmt":"2025-03-25T05:03:20","slug":"milliardenfonds-fuer-klinikreform-gesetzlich-versicherte-sollen-blechen","status":"publish","type":"post","link":"https:\/\/now-news.de\/de\/deutschland\/milliardenfonds-fuer-klinikreform-gesetzlich-versicherte-sollen-blechen\/","title":{"rendered":"Milliardenfonds f\u00fcr Klinikreform: Gesetzlich Versicherte sollen blechen"},"content":{"rendered":"<p><img decoding=\"async\" src=\"https:\/\/now-news.de\/de\/wp-content\/uploads\/sites\/3\/2025\/03\/67e153d9b480cc6cac6f0e5d.jpg\" \/><\/p>\n<div class=\"Text-root Text-type_1 \">\n                Steigende Beitr\u00e4ge, sinkende Leistungen: Seit Jahren belastet die Abw\u00e4rtsspirale gesetzlich Krankenversicherte in Deutschland. Lauterbachs Klinikreform d\u00fcrfte dies weiter beschleunigen: Der Bundesrat stimmte einem 50-Milliarden-Fonds zu, den zur H\u00e4lfte die Beitragszahler f\u00fcllen sollen.\n            <\/div>\n<p><\/p>\n<div class=\"Text-root Text-type_5 ArticleView-text ViewText-root \">\n<p><em>Von Susan Bonath<\/em><\/p>\n<p>Ob beim Zahnarzt, Orthop\u00e4den oder Augenarzt: Gesetzlich Versicherte m\u00fcssen immer mehr Behandlungen und Medikamente selbst bezahlen. Obwohl die Kassen bei den Leistungen knausern, schie\u00dfen die Beitr\u00e4ge in die H\u00f6he. Ein starker Anstieg zu Beginn dieses Jahres ist noch nicht einmal verdaut, da droht schon die n\u00e4chste &#8220;Explosion&#8221;, um die Krankenhausreform zu finanzieren. Der Bundesrat gab daf\u00fcr gr\u00fcnes Licht.\u00a0<\/p>\n<p><strong>50-Milliarden-Fonds f\u00fcr Umbau<\/strong>\u00a0<\/p>\n<p>So winkte das L\u00e4ndergremium letzten Freitag nicht nur den Wegfall der Schuldenbremse f\u00fcr R\u00fcstungskredite zusammen mit einem riesigen Finanzpaket f\u00fcr &#8220;Infrastruktur&#8221; durch. Das Thema war auch die von der ehemaligen Ampel-Regierung initiierte Krankenhausreform. Beschlossen wurde ein &#8220;Transformationsfonds&#8221; von 50 Milliarden Euro, um die Umstrukturierung zu finanzieren. Damit habe das Vorhaben eine &#8220;wichtige H\u00fcrde&#8221; genommen, <a rel=\"nofollow noopener\" target=\"_blank\" href=\"https:\/\/www.bundesgesundheitsministerium.de\/presse\/pressemitteilungen\/transformationsfonds-beschlossen-pm-21-03-2025.html\">freute sich<\/a> Noch-Gesundheitsminister Karl Lauterbach (SPD).\u00a0\u00a0<\/p>\n<p>Zehn Jahre lang soll Geld aus diesem F\u00f6rdertopf in die Reform flie\u00dfen. Einerseits sollen die Einrichtungen weniger abh\u00e4ngig von den 2003 eingef\u00fchrten Fallpauschalen werden. Die Politik will diese auf 40 Prozent senken. Umstrittener ist die anvisierte Mittelvergabe nach Spezialisierung. Kleine Kliniken auf dem Land sollen ihr Angebot zugunsten gro\u00dfer, st\u00e4dtischer Zentren reduzieren. Die Anfahrtswege f\u00fcr viele Patienten d\u00fcrften l\u00e4nger werden. Das ist schon jetzt ein Problem, weil Krankenh\u00e4user Sparten schlie\u00dfen, die sich f\u00fcr sie nicht rentieren. Betroffen sind vor allem Kindermedizin, Geburtshilfe und Frauenheilkunde.\u00a0<\/p>\n<p><strong>Gesetzlich Versicherte sollen H\u00e4lfte zahlen<\/strong>\u00a0<\/p>\n<p>Das Problem an dem neuen Fonds ist seine Finanzierung: Die Mittel daf\u00fcr sollen nicht vom Bund kommen, sondern je zur H\u00e4lfte von den Bundesl\u00e4ndern und den gesetzlichen Krankenkassen. Der Bundesrat forderte deshalb trotz seiner Zustimmung die Regierung und das Parlament auf, dies noch zu \u00e4ndern: 40 Prozent m\u00fcsse der Bund mindestens tragen, so das L\u00e4ndergremium. Daf\u00fcr ist es aber wohl zu sp\u00e4t.\u00a0<\/p>\n<p>Die gesetzlichen Kassen halten den Plan sogar <a rel=\"nofollow noopener\" target=\"_blank\" href=\"https:\/\/www.merkur.de\/wirtschaft\/krankenhausreform-beitraege-der-krankenkassen-werden-durch-lauterbach-gesetz-steigen-zr-93427495.html\">f\u00fcr verfassungswidrig<\/a>. Obwohl die Reform allen B\u00fcrgern zugutekomme, auch den Privatversicherten, w\u00fcrden einseitig Beitragsgelder der gesetzlich Versicherten verwendet, r\u00fcgen sie. Der Sozialverband VdK <a rel=\"nofollow noopener\" target=\"_blank\" href=\"https:\/\/www.vdk.de\/presse\/pressemitteilung\/unfaire-kostenverteilung-der-krankenhausreform-vdk-klagt-gegen-zu-hohe-gkv-beitraege-1\/\">k\u00fcndigte<\/a> Ende Januar eine Klage gegen die Reform wegen &#8220;unfairer Kostenverteilung&#8221; an.\u00a0\u00a0<\/p>\n<p><strong>Neue Schulden nur f\u00fcr Krieg?<\/strong>\u00a0<\/p>\n<p>Der Spitzenverband der gesetzlichen Kassen GKV <a rel=\"nofollow noopener\" target=\"_blank\" href=\"https:\/\/www.merkur.de\/wirtschaft\/krankenkassen-schlagen-alarm-bundesrat-laesst-neue-erhoehungen-der-krankenkassenbeitraege-zu-93642146.html\">warnte darum<\/a> vor erneuten Beitragssteigerungen. Er forderte die k\u00fcnftige Regierung unter Friedrich (BlackRock) Merz (CDU) auf, die 50 Milliarden Euro aus dem Sonderverm\u00f6gen f\u00fcr Infrastruktur zu nehmen.\u00a0\u00a0<\/p>\n<p>Das ist aber nicht geplant. Dieses Vorgehen liefert somit ein weiteres Indiz daf\u00fcr, dass die freigegebenen &#8220;Infrastruktur&#8221;-Kredite von bis zu 500 Milliarden Euro vor allem kriegswirtschaftlichen Belangen dienen d\u00fcrften. Zugleich wurde die Schuldenbremse f\u00fcr Aufr\u00fcstungsvorhaben gelockert \u2013 nach oben offen.\u00a0<\/p>\n<p>Mit anderen Worten: F\u00fcr Lauterbachs Krankenhausreform, die immer noch teilweise an den scharf kritisierten Fallpauschalen festh\u00e4lt und ein zunehmendes Ausd\u00fcnnen der medizinischen Versorgung bef\u00f6rdern d\u00fcrfte, soll zur H\u00e4lfte der \u00e4rmere, gesetzlich versicherte Teil der Bev\u00f6lkerung blechen. Zur anderen H\u00e4lfte sollen die Bundesl\u00e4nder ihre klammen Steuert\u00f6pfe weiter anzapfen, obwohl diese l\u00e4ngst soziale Leistungen zusammenk\u00fcrzen, um zu &#8220;sparen&#8221;. Denn offensichtlich z\u00e4hlt die tonangebende Politik das Gesundheitswesen nicht zu jener &#8220;Infrastruktur&#8221;, die sie mit 500 Milliarden Euro &#8220;sanieren&#8221; will.\u00a0<\/p>\n<p><strong>Explodierte Beitr\u00e4ge<\/strong>\u00a0<\/p>\n<p>Der Anstieg der Beitr\u00e4ge f\u00fcr gesetzlich Versicherte wird in Deutschland seit Jahren (schlecht) verschleiert. Die allgemeinen S\u00e4tze sind seit 2015 n\u00e4mlich gar nicht angehoben worden. Sie lagen konstant bei 14,6 Prozent vom Bruttoverdienst, bei abh\u00e4ngig Besch\u00e4ftigten je zur H\u00e4lfte vom &#8220;Arbeitnehmer&#8221; und &#8220;Arbeitgeber&#8221; getragen. Die Krux sind die damals eingef\u00fchrten kassenindividuellen und seither kontinuierlich steigenden &#8220;<a rel=\"nofollow noopener\" target=\"_blank\" href=\"https:\/\/www.zusatzbeitrag.net\/\">Zusatzbeitr\u00e4ge<\/a>&#8220;,\u00a0wodurch die Gesamts\u00e4tze bei den einzelnen Kassen mittlerweile zwischen 17 und 19 Prozent liegen.\u00a0<\/p>\n<p>Zum letzten Jahreswechsel hoben die gesetzlichen Kassen die Zusatzbeitr\u00e4ge f\u00fcr die Versicherten besonders heftig an, etliche haben sie mehr als verdoppelt. Seither verlangen sie je nach Kasse zwei bis 4,5 Prozent vom Brutto zus\u00e4tzlich zum Grundbetrag. Im Ergebnis m\u00fcssen die Mitglieder monatlich mehr Geld als je zuvor abdr\u00fccken \u2013 Tendenz steigend.\u00a0<\/p>\n<p>Zum Vergleich: In den 1990er Jahren lag der Gesamtbeitrag noch bei 13,6 Prozent. Bis 2008 stieg er auf 15,5 Prozent, wo er einige Zeit stagnierte. Dann wurden die Summen in &#8220;allgemeine Beitragss\u00e4tze&#8221; und &#8220;Zusatzbeitr\u00e4ge&#8221; gesplittet, angeblich auch, um die Konkurrenz unter den Dutzenden gesetzlichen Kassen zu f\u00f6rdern. Dies aber sorgte prim\u00e4r f\u00fcr mehr Intransparenz und einen undurchsichtigen B\u00fcrokratiedschungel.\u00a0<\/p>\n<p><strong>Gek\u00fcrzte Leistungen<\/strong><\/p>\n<p>Zugleich reduzierten die Kassen zunehmend ihre Leistungen, beispielsweise f\u00fcr Sehhilfen, bestimmte Zahnbehandlungen, verschiedene Medikamente, Krankenhausaufenthalte und das Krankengeld. Einige Hilfen wurden komplett gestrichen, beispielsweise f\u00fcr zahlreiche Formen des Zahnersatzes sowie das Entbindungs- und Sterbegeld.\u00a0<\/p>\n<p>Viele Kritiker fordern seit langem die Abkehr vom Vielkassensystem, stattdessen m\u00fcsse eine einzige gesetzliche Krankenkasse f\u00fcr alle her, in die auch Reiche einzahlen sollen. Dies w\u00e4re weitaus kosteneffizienter. Heute k\u00f6nnen sich Selbstst\u00e4ndige sowie abh\u00e4ngig Besch\u00e4ftigte ab einem Jahresbrutto von 73.800 Euro privat versichern, was ihnen oft hohe finanzielle Vorteile verschafft.\u00a0\u00a0<\/p>\n<p>Doch echte Politik f\u00fcr die Interessen Lohnabh\u00e4ngiger bleibt Utopie in Deutschland. Zu m\u00e4chtig ist die Reichenlobby. L\u00e4ngst schon ist die Lebenserwartung vom Verm\u00f6gen abh\u00e4ngig, Arme sind <a rel=\"nofollow noopener\" target=\"_blank\" href=\"https:\/\/www.aok.de\/pp\/gg\/update\/rki-bericht-zur-armut\/\">kr\u00e4nker und sterben fr\u00fcher<\/a>,\u00a0Gesundheit wird zunehmend zum Privileg f\u00fcr Wohlhabende. Das kennt man im &#8220;Hort des Wertewestens&#8221;, den USA, bereits seit langem. Fr\u00fcher oder sp\u00e4ter schwappte bekanntlich fast alles von dort \u00fcber den Atlantik nach Europa. Gesundheitsf\u00f6rdernd ist das <a rel=\"nofollow noopener\" target=\"_blank\" href=\"https:\/\/www.wirtschaftsdienst.eu\/inhalt\/jahr\/2024\/heft\/6\/beitrag\/die-us-variante-des-kapitalismus-erzeugt-gesundheitsgefaehrdenden-chronischen-stress.html\">wahrlich nicht<\/a>.\u00a0<\/p>\n<p><strong>Mehr zum Thema<\/strong> &#8211; <a rel=\"nofollow noopener\" target=\"_blank\" href=\"https:\/\/freedert.online\/meinung\/240125-nach-kriegskrediten-merz-propaganda-fuer\/\">Nach Kriegskrediten: Merz-Propaganda f\u00fcr Sozialabbauorgie<\/a><\/p>\n<div class=\"EmbedBlock-root EmbedBlock-externalVideo EmbedBlock-odysee\">\n<div class=\"VkEmbed\"><iframe class=\"lazyload\" data-src=\"https:\/\/odysee.com\/%24\/embed\/%40RTDE%3Ae%2FKliniksterben-Bundesweiter-Protest-der-Krankenh%C3%A4user%3A1\" frameborder=\"0\" width=\"853\" height=\"480\" allowfullscreen><\/iframe><\/div>\n<\/div>\n<\/div>\n<p><br \/>\n<br \/><a href=\"https:\/\/de.rt.com\/meinung\/240490-milliardenfonds-fuer-klinikreform-gesetzlich-versicherte\/\">Source link <\/a><\/p>\n","protected":false},"excerpt":{"rendered":"<p>Steigende Beitr\u00e4ge, sinkende Leistungen: Seit Jahren belastet die Abw\u00e4rtsspirale gesetzlich Krankenversicherte in Deutschland. Lauterbachs Klinikreform d\u00fcrfte dies weiter beschleunigen: Der Bundesrat stimmte einem 50-Milliarden-Fonds zu, den zur H\u00e4lfte die Beitragszahler f\u00fcllen sollen. Von Susan Bonath Ob beim Zahnarzt, Orthop\u00e4den oder Augenarzt: Gesetzlich Versicherte m\u00fcssen immer mehr Behandlungen und Medikamente selbst bezahlen. Obwohl die Kassen bei [&hellip;]<\/p>\n","protected":false},"author":3,"featured_media":80866,"comment_status":"open","ping_status":"open","sticky":false,"template":"","format":"standard","meta":{"_yoast_indexnow_last_ping":["1742879444"],"wp_automatic_camp":["217"],"ed2b8afd1d871ee125189173b228f8d6":["Milliardenfonds f\u00fcr Klinikreform: Gesetzlich Versicherte sollen blechen"],"original_link":["https:\/\/de.rt.com\/meinung\/240490-milliardenfonds-fuer-klinikreform-gesetzlich-versicherte\/"],"_thumbnail_id":["80866"],"jnews_social_counter_last_update":["1777594565"],"_wptgpro_p2tg_sent2tg":["a:1:{i:23737;s:19:\"2025-03-25 07:11:42\";}"]},"categories":[19,23],"tags":[63719,221,50344,63718,55482,1677,47613],"yoast_head":"<!-- This site is optimized with the Yoast SEO Premium plugin v22.7 (Yoast SEO v22.7) - https:\/\/yoast.com\/wordpress\/plugins\/seo\/ -->\n<title>Milliardenfonds f\u00fcr Klinikreform: Gesetzlich Versicherte sollen blechen - just-now.NEWS Deutschland<\/title>\n<meta name=\"robots\" content=\"index, follow, max-snippet:-1, max-image-preview:large, max-video-preview:-1\" \/>\n<link rel=\"canonical\" href=\"https:\/\/now-news.de\/de\/deutschland\/milliardenfonds-fuer-klinikreform-gesetzlich-versicherte-sollen-blechen\/\" \/>\n<meta property=\"og:locale\" content=\"de_DE\" \/>\n<meta property=\"og:type\" content=\"article\" \/>\n<meta property=\"og:title\" content=\"Milliardenfonds f\u00fcr Klinikreform: Gesetzlich Versicherte sollen blechen\" \/>\n<meta property=\"og:description\" content=\"Steigende Beitr\u00e4ge, sinkende Leistungen: Seit Jahren belastet die Abw\u00e4rtsspirale gesetzlich Krankenversicherte in Deutschland. Lauterbachs Klinikreform d\u00fcrfte dies weiter beschleunigen: Der Bundesrat stimmte einem 50-Milliarden-Fonds zu, den zur H\u00e4lfte die Beitragszahler f\u00fcllen sollen. Von Susan Bonath Ob beim Zahnarzt, Orthop\u00e4den oder Augenarzt: Gesetzlich Versicherte m\u00fcssen immer mehr Behandlungen und Medikamente selbst bezahlen. Obwohl die Kassen bei [&hellip;]\" \/>\n<meta property=\"og:url\" content=\"https:\/\/now-news.de\/de\/deutschland\/milliardenfonds-fuer-klinikreform-gesetzlich-versicherte-sollen-blechen\/\" \/>\n<meta property=\"og:site_name\" content=\"just-now.NEWS Deutschland\" \/>\n<meta property=\"article:publisher\" content=\"https:\/\/www.facebook.com\/wirmachenauf\" \/>\n<meta property=\"article:published_time\" content=\"2025-03-25T05:03:20+00:00\" \/>\n<meta property=\"og:image\" content=\"https:\/\/now-news.de\/de\/wp-content\/uploads\/sites\/3\/2025\/03\/67e153d9b480cc6cac6f0e5d.jpg\" \/>\n<meta name=\"author\" content=\"rtnews\" \/>\n<meta name=\"twitter:card\" content=\"summary_large_image\" \/>\n<meta name=\"twitter:creator\" content=\"@WirMachenAuf_de\" \/>\n<meta name=\"twitter:site\" content=\"@WirMachenAuf_de\" \/>\n<meta name=\"twitter:label1\" content=\"Verfasst von\" \/>\n\t<meta name=\"twitter:data1\" content=\"rtnews\" \/>\n\t<meta name=\"twitter:label2\" content=\"Gesch\u00e4tzte Lesezeit\" \/>\n\t<meta name=\"twitter:data2\" content=\"5\u00a0Minuten\" \/>\n<script type=\"application\/ld+json\" class=\"yoast-schema-graph\">{\"@context\":\"https:\/\/schema.org\",\"@graph\":[{\"@type\":\"Article\",\"@id\":\"https:\/\/now-news.de\/de\/deutschland\/milliardenfonds-fuer-klinikreform-gesetzlich-versicherte-sollen-blechen\/#article\",\"isPartOf\":{\"@id\":\"https:\/\/now-news.de\/de\/deutschland\/milliardenfonds-fuer-klinikreform-gesetzlich-versicherte-sollen-blechen\/\"},\"author\":{\"name\":\"rtnews\",\"@id\":\"https:\/\/now-news.de\/de\/#\/schema\/person\/fb534a4e865501d8b3285208df34a9b5\"},\"headline\":\"Milliardenfonds f\u00fcr Klinikreform: Gesetzlich Versicherte sollen blechen\",\"datePublished\":\"2025-03-25T05:03:20+00:00\",\"dateModified\":\"2025-03-25T05:03:20+00:00\",\"mainEntityOfPage\":{\"@id\":\"https:\/\/now-news.de\/de\/deutschland\/milliardenfonds-fuer-klinikreform-gesetzlich-versicherte-sollen-blechen\/\"},\"wordCount\":951,\"commentCount\":0,\"publisher\":{\"@id\":\"https:\/\/now-news.de\/de\/#organization\"},\"image\":{\"@id\":\"https:\/\/now-news.de\/de\/deutschland\/milliardenfonds-fuer-klinikreform-gesetzlich-versicherte-sollen-blechen\/#primaryimage\"},\"thumbnailUrl\":\"https:\/\/now-news.de\/de\/wp-content\/uploads\/sites\/3\/2025\/03\/Milliardenfonds-fuer-Klinikreform-Gesetzlich-Versicherte-sollen-blechen.jpg\",\"keywords\":[\"blechen\",\"f\u00fcr\",\"gesetzlich\",\"Klinikreform\",\"MilliardenFonds\",\"sollen\",\"Versicherte\"],\"articleSection\":[\"Deutschland\",\"Russland\"],\"inLanguage\":\"de\",\"potentialAction\":[{\"@type\":\"CommentAction\",\"name\":\"Comment\",\"target\":[\"https:\/\/now-news.de\/de\/deutschland\/milliardenfonds-fuer-klinikreform-gesetzlich-versicherte-sollen-blechen\/#respond\"]}]},{\"@type\":\"WebPage\",\"@id\":\"https:\/\/now-news.de\/de\/deutschland\/milliardenfonds-fuer-klinikreform-gesetzlich-versicherte-sollen-blechen\/\",\"url\":\"https:\/\/now-news.de\/de\/deutschland\/milliardenfonds-fuer-klinikreform-gesetzlich-versicherte-sollen-blechen\/\",\"name\":\"Milliardenfonds f\u00fcr Klinikreform: Gesetzlich Versicherte sollen blechen - just-now.NEWS Deutschland\",\"isPartOf\":{\"@id\":\"https:\/\/now-news.de\/de\/#website\"},\"primaryImageOfPage\":{\"@id\":\"https:\/\/now-news.de\/de\/deutschland\/milliardenfonds-fuer-klinikreform-gesetzlich-versicherte-sollen-blechen\/#primaryimage\"},\"image\":{\"@id\":\"https:\/\/now-news.de\/de\/deutschland\/milliardenfonds-fuer-klinikreform-gesetzlich-versicherte-sollen-blechen\/#primaryimage\"},\"thumbnailUrl\":\"https:\/\/now-news.de\/de\/wp-content\/uploads\/sites\/3\/2025\/03\/Milliardenfonds-fuer-Klinikreform-Gesetzlich-Versicherte-sollen-blechen.jpg\",\"datePublished\":\"2025-03-25T05:03:20+00:00\",\"dateModified\":\"2025-03-25T05:03:20+00:00\",\"breadcrumb\":{\"@id\":\"https:\/\/now-news.de\/de\/deutschland\/milliardenfonds-fuer-klinikreform-gesetzlich-versicherte-sollen-blechen\/#breadcrumb\"},\"inLanguage\":\"de\",\"potentialAction\":[{\"@type\":\"ReadAction\",\"target\":[\"https:\/\/now-news.de\/de\/deutschland\/milliardenfonds-fuer-klinikreform-gesetzlich-versicherte-sollen-blechen\/\"]}]},{\"@type\":\"ImageObject\",\"inLanguage\":\"de\",\"@id\":\"https:\/\/now-news.de\/de\/deutschland\/milliardenfonds-fuer-klinikreform-gesetzlich-versicherte-sollen-blechen\/#primaryimage\",\"url\":\"https:\/\/now-news.de\/de\/wp-content\/uploads\/sites\/3\/2025\/03\/Milliardenfonds-fuer-Klinikreform-Gesetzlich-Versicherte-sollen-blechen.jpg\",\"contentUrl\":\"https:\/\/now-news.de\/de\/wp-content\/uploads\/sites\/3\/2025\/03\/Milliardenfonds-fuer-Klinikreform-Gesetzlich-Versicherte-sollen-blechen.jpg\",\"width\":460,\"height\":259,\"caption\":\"Milliardenfonds f\u00fcr Klinikreform: Gesetzlich Versicherte sollen blechen\"},{\"@type\":\"BreadcrumbList\",\"@id\":\"https:\/\/now-news.de\/de\/deutschland\/milliardenfonds-fuer-klinikreform-gesetzlich-versicherte-sollen-blechen\/#breadcrumb\",\"itemListElement\":[{\"@type\":\"ListItem\",\"position\":1,\"name\":\"Home\",\"item\":\"https:\/\/now-news.de\/de\/\"},{\"@type\":\"ListItem\",\"position\":2,\"name\":\"Milliardenfonds f\u00fcr Klinikreform: Gesetzlich Versicherte sollen blechen\"}]},{\"@type\":\"WebSite\",\"@id\":\"https:\/\/now-news.de\/de\/#website\",\"url\":\"https:\/\/now-news.de\/de\/\",\"name\":\"just-now.NEWS Deutschland\",\"description\":\"Das Portal f\u00fcr unzensierte Nachrichten aus der Welt\",\"publisher\":{\"@id\":\"https:\/\/now-news.de\/de\/#organization\"},\"potentialAction\":[{\"@type\":\"SearchAction\",\"target\":{\"@type\":\"EntryPoint\",\"urlTemplate\":\"https:\/\/now-news.de\/de\/?s={search_term_string}\"},\"query-input\":\"required name=search_term_string\"}],\"inLanguage\":\"de\"},{\"@type\":\"Organization\",\"@id\":\"https:\/\/now-news.de\/de\/#organization\",\"name\":\"Just Now News\",\"url\":\"https:\/\/now-news.de\/de\/\",\"logo\":{\"@type\":\"ImageObject\",\"inLanguage\":\"de\",\"@id\":\"https:\/\/now-news.de\/de\/#\/schema\/logo\/image\/\",\"url\":\"http:\/\/just-now.news\/de\/wp-content\/uploads\/sites\/3\/2022\/04\/logo500x500.jpg\",\"contentUrl\":\"http:\/\/just-now.news\/de\/wp-content\/uploads\/sites\/3\/2022\/04\/logo500x500.jpg\",\"width\":500,\"height\":500,\"caption\":\"Just Now News\"},\"image\":{\"@id\":\"https:\/\/now-news.de\/de\/#\/schema\/logo\/image\/\"},\"sameAs\":[\"https:\/\/www.facebook.com\/wirmachenauf\",\"https:\/\/x.com\/WirMachenAuf_de\"]},{\"@type\":\"Person\",\"@id\":\"https:\/\/now-news.de\/de\/#\/schema\/person\/fb534a4e865501d8b3285208df34a9b5\",\"name\":\"rtnews\",\"image\":{\"@type\":\"ImageObject\",\"inLanguage\":\"de\",\"@id\":\"https:\/\/now-news.de\/de\/#\/schema\/person\/image\/\",\"url\":\"https:\/\/secure.gravatar.com\/avatar\/82aafea7d8127119dd649515f56e2117?s=96&d=mm&r=g\",\"contentUrl\":\"https:\/\/secure.gravatar.com\/avatar\/82aafea7d8127119dd649515f56e2117?s=96&d=mm&r=g\",\"caption\":\"rtnews\"},\"url\":\"https:\/\/now-news.de\/de\/author\/rnews\/\"}]}<\/script>\n<!-- \/ Yoast SEO Premium plugin. -->","yoast_head_json":{"title":"Milliardenfonds f\u00fcr Klinikreform: Gesetzlich Versicherte sollen blechen - just-now.NEWS Deutschland","robots":{"index":"index","follow":"follow","max-snippet":"max-snippet:-1","max-image-preview":"max-image-preview:large","max-video-preview":"max-video-preview:-1"},"canonical":"https:\/\/now-news.de\/de\/deutschland\/milliardenfonds-fuer-klinikreform-gesetzlich-versicherte-sollen-blechen\/","og_locale":"de_DE","og_type":"article","og_title":"Milliardenfonds f\u00fcr Klinikreform: Gesetzlich Versicherte sollen blechen","og_description":"Steigende Beitr\u00e4ge, sinkende Leistungen: Seit Jahren belastet die Abw\u00e4rtsspirale gesetzlich Krankenversicherte in Deutschland. Lauterbachs Klinikreform d\u00fcrfte dies weiter beschleunigen: Der Bundesrat stimmte einem 50-Milliarden-Fonds zu, den zur H\u00e4lfte die Beitragszahler f\u00fcllen sollen. Von Susan Bonath Ob beim Zahnarzt, Orthop\u00e4den oder Augenarzt: Gesetzlich Versicherte m\u00fcssen immer mehr Behandlungen und Medikamente selbst bezahlen. Obwohl die Kassen bei [&hellip;]","og_url":"https:\/\/now-news.de\/de\/deutschland\/milliardenfonds-fuer-klinikreform-gesetzlich-versicherte-sollen-blechen\/","og_site_name":"just-now.NEWS Deutschland","article_publisher":"https:\/\/www.facebook.com\/wirmachenauf","article_published_time":"2025-03-25T05:03:20+00:00","og_image":[{"url":"https:\/\/now-news.de\/de\/wp-content\/uploads\/sites\/3\/2025\/03\/67e153d9b480cc6cac6f0e5d.jpg"}],"author":"rtnews","twitter_card":"summary_large_image","twitter_creator":"@WirMachenAuf_de","twitter_site":"@WirMachenAuf_de","twitter_misc":{"Verfasst von":"rtnews","Gesch\u00e4tzte Lesezeit":"5\u00a0Minuten"},"schema":{"@context":"https:\/\/schema.org","@graph":[{"@type":"Article","@id":"https:\/\/now-news.de\/de\/deutschland\/milliardenfonds-fuer-klinikreform-gesetzlich-versicherte-sollen-blechen\/#article","isPartOf":{"@id":"https:\/\/now-news.de\/de\/deutschland\/milliardenfonds-fuer-klinikreform-gesetzlich-versicherte-sollen-blechen\/"},"author":{"name":"rtnews","@id":"https:\/\/now-news.de\/de\/#\/schema\/person\/fb534a4e865501d8b3285208df34a9b5"},"headline":"Milliardenfonds f\u00fcr Klinikreform: Gesetzlich Versicherte sollen blechen","datePublished":"2025-03-25T05:03:20+00:00","dateModified":"2025-03-25T05:03:20+00:00","mainEntityOfPage":{"@id":"https:\/\/now-news.de\/de\/deutschland\/milliardenfonds-fuer-klinikreform-gesetzlich-versicherte-sollen-blechen\/"},"wordCount":951,"commentCount":0,"publisher":{"@id":"https:\/\/now-news.de\/de\/#organization"},"image":{"@id":"https:\/\/now-news.de\/de\/deutschland\/milliardenfonds-fuer-klinikreform-gesetzlich-versicherte-sollen-blechen\/#primaryimage"},"thumbnailUrl":"https:\/\/now-news.de\/de\/wp-content\/uploads\/sites\/3\/2025\/03\/Milliardenfonds-fuer-Klinikreform-Gesetzlich-Versicherte-sollen-blechen.jpg","keywords":["blechen","f\u00fcr","gesetzlich","Klinikreform","MilliardenFonds","sollen","Versicherte"],"articleSection":["Deutschland","Russland"],"inLanguage":"de","potentialAction":[{"@type":"CommentAction","name":"Comment","target":["https:\/\/now-news.de\/de\/deutschland\/milliardenfonds-fuer-klinikreform-gesetzlich-versicherte-sollen-blechen\/#respond"]}]},{"@type":"WebPage","@id":"https:\/\/now-news.de\/de\/deutschland\/milliardenfonds-fuer-klinikreform-gesetzlich-versicherte-sollen-blechen\/","url":"https:\/\/now-news.de\/de\/deutschland\/milliardenfonds-fuer-klinikreform-gesetzlich-versicherte-sollen-blechen\/","name":"Milliardenfonds f\u00fcr Klinikreform: Gesetzlich Versicherte sollen blechen - just-now.NEWS Deutschland","isPartOf":{"@id":"https:\/\/now-news.de\/de\/#website"},"primaryImageOfPage":{"@id":"https:\/\/now-news.de\/de\/deutschland\/milliardenfonds-fuer-klinikreform-gesetzlich-versicherte-sollen-blechen\/#primaryimage"},"image":{"@id":"https:\/\/now-news.de\/de\/deutschland\/milliardenfonds-fuer-klinikreform-gesetzlich-versicherte-sollen-blechen\/#primaryimage"},"thumbnailUrl":"https:\/\/now-news.de\/de\/wp-content\/uploads\/sites\/3\/2025\/03\/Milliardenfonds-fuer-Klinikreform-Gesetzlich-Versicherte-sollen-blechen.jpg","datePublished":"2025-03-25T05:03:20+00:00","dateModified":"2025-03-25T05:03:20+00:00","breadcrumb":{"@id":"https:\/\/now-news.de\/de\/deutschland\/milliardenfonds-fuer-klinikreform-gesetzlich-versicherte-sollen-blechen\/#breadcrumb"},"inLanguage":"de","potentialAction":[{"@type":"ReadAction","target":["https:\/\/now-news.de\/de\/deutschland\/milliardenfonds-fuer-klinikreform-gesetzlich-versicherte-sollen-blechen\/"]}]},{"@type":"ImageObject","inLanguage":"de","@id":"https:\/\/now-news.de\/de\/deutschland\/milliardenfonds-fuer-klinikreform-gesetzlich-versicherte-sollen-blechen\/#primaryimage","url":"https:\/\/now-news.de\/de\/wp-content\/uploads\/sites\/3\/2025\/03\/Milliardenfonds-fuer-Klinikreform-Gesetzlich-Versicherte-sollen-blechen.jpg","contentUrl":"https:\/\/now-news.de\/de\/wp-content\/uploads\/sites\/3\/2025\/03\/Milliardenfonds-fuer-Klinikreform-Gesetzlich-Versicherte-sollen-blechen.jpg","width":460,"height":259,"caption":"Milliardenfonds f\u00fcr Klinikreform: Gesetzlich Versicherte sollen blechen"},{"@type":"BreadcrumbList","@id":"https:\/\/now-news.de\/de\/deutschland\/milliardenfonds-fuer-klinikreform-gesetzlich-versicherte-sollen-blechen\/#breadcrumb","itemListElement":[{"@type":"ListItem","position":1,"name":"Home","item":"https:\/\/now-news.de\/de\/"},{"@type":"ListItem","position":2,"name":"Milliardenfonds f\u00fcr Klinikreform: Gesetzlich Versicherte sollen blechen"}]},{"@type":"WebSite","@id":"https:\/\/now-news.de\/de\/#website","url":"https:\/\/now-news.de\/de\/","name":"just-now.NEWS Deutschland","description":"Das Portal f\u00fcr unzensierte Nachrichten aus der Welt","publisher":{"@id":"https:\/\/now-news.de\/de\/#organization"},"potentialAction":[{"@type":"SearchAction","target":{"@type":"EntryPoint","urlTemplate":"https:\/\/now-news.de\/de\/?s={search_term_string}"},"query-input":"required name=search_term_string"}],"inLanguage":"de"},{"@type":"Organization","@id":"https:\/\/now-news.de\/de\/#organization","name":"Just Now News","url":"https:\/\/now-news.de\/de\/","logo":{"@type":"ImageObject","inLanguage":"de","@id":"https:\/\/now-news.de\/de\/#\/schema\/logo\/image\/","url":"http:\/\/just-now.news\/de\/wp-content\/uploads\/sites\/3\/2022\/04\/logo500x500.jpg","contentUrl":"http:\/\/just-now.news\/de\/wp-content\/uploads\/sites\/3\/2022\/04\/logo500x500.jpg","width":500,"height":500,"caption":"Just Now News"},"image":{"@id":"https:\/\/now-news.de\/de\/#\/schema\/logo\/image\/"},"sameAs":["https:\/\/www.facebook.com\/wirmachenauf","https:\/\/x.com\/WirMachenAuf_de"]},{"@type":"Person","@id":"https:\/\/now-news.de\/de\/#\/schema\/person\/fb534a4e865501d8b3285208df34a9b5","name":"rtnews","image":{"@type":"ImageObject","inLanguage":"de","@id":"https:\/\/now-news.de\/de\/#\/schema\/person\/image\/","url":"https:\/\/secure.gravatar.com\/avatar\/82aafea7d8127119dd649515f56e2117?s=96&d=mm&r=g","contentUrl":"https:\/\/secure.gravatar.com\/avatar\/82aafea7d8127119dd649515f56e2117?s=96&d=mm&r=g","caption":"rtnews"},"url":"https:\/\/now-news.de\/de\/author\/rnews\/"}]}},"_links":{"self":[{"href":"https:\/\/now-news.de\/de\/wp-json\/wp\/v2\/posts\/80865"}],"collection":[{"href":"https:\/\/now-news.de\/de\/wp-json\/wp\/v2\/posts"}],"about":[{"href":"https:\/\/now-news.de\/de\/wp-json\/wp\/v2\/types\/post"}],"author":[{"embeddable":true,"href":"https:\/\/now-news.de\/de\/wp-json\/wp\/v2\/users\/3"}],"replies":[{"embeddable":true,"href":"https:\/\/now-news.de\/de\/wp-json\/wp\/v2\/comments?post=80865"}],"version-history":[{"count":0,"href":"https:\/\/now-news.de\/de\/wp-json\/wp\/v2\/posts\/80865\/revisions"}],"wp:featuredmedia":[{"embeddable":true,"href":"https:\/\/now-news.de\/de\/wp-json\/wp\/v2\/media\/80866"}],"wp:attachment":[{"href":"https:\/\/now-news.de\/de\/wp-json\/wp\/v2\/media?parent=80865"}],"wp:term":[{"taxonomy":"category","embeddable":true,"href":"https:\/\/now-news.de\/de\/wp-json\/wp\/v2\/categories?post=80865"},{"taxonomy":"post_tag","embeddable":true,"href":"https:\/\/now-news.de\/de\/wp-json\/wp\/v2\/tags?post=80865"}],"curies":[{"name":"wp","href":"https:\/\/api.w.org\/{rel}","templated":true}]}}