{"id":80851,"date":"2025-03-24T20:29:09","date_gmt":"2025-03-24T18:29:09","guid":{"rendered":"https:\/\/now-news.de\/de\/deutschland\/trump-kuendigt-sekundaerzoelle-fuer-venezuela-an\/"},"modified":"2025-03-24T20:29:09","modified_gmt":"2025-03-24T18:29:09","slug":"trump-kuendigt-sekundaerzoelle-fuer-venezuela-an","status":"publish","type":"post","link":"https:\/\/now-news.de\/de\/deutschland\/trump-kuendigt-sekundaerzoelle-fuer-venezuela-an\/","title":{"rendered":"Trump k\u00fcndigt Sekund\u00e4rz\u00f6lle f\u00fcr Venezuela an"},"content":{"rendered":"<p><img decoding=\"async\" src=\"https:\/\/now-news.de\/de\/wp-content\/uploads\/sites\/3\/2025\/03\/67e1999b48fbef25f046dc5b.jpg\" \/><\/p>\n<div class=\"Text-root Text-type_1 \">\n                US-Pr\u00e4sident Donald Trump hat neue Z\u00f6lle angek\u00fcndigt: L\u00e4nder, die \u00d6l und Gas aus Venezuela kaufen, sollen k\u00fcnftig einen Zoll in H\u00f6he von 25 Prozent zahlen, wenn sie Handel mit den USA betreiben, da Venezuela sich &#8220;sehr feindselig&#8221; gegen\u00fcber den Vereinigten Staaten verhalte.\n            <\/div>\n<p><\/p>\n<div class=\"Text-root Text-type_5 ArticleView-text ViewText-root \">\n<p>US-Pr\u00e4sident Donald Trump will sogenannte Sekund\u00e4rz\u00f6lle f\u00fcr Venezuela erheben. Wie Trump am Montag auf seiner Plattform Truth Social schrieb, sollen ab dem 2. April alle L\u00e4nder, die \u00d6l und Gas von Venezuela kaufen, einen Zoll in H\u00f6he von 25 Prozent zahlen m\u00fcssen, sobald sie mit den USA Handel treiben. Wie Trump schrieb, habe die Entscheidung &#8220;zahlreiche Gr\u00fcnde&#8221;. Er behauptete weiterhin, Venezuela stehe den USA &#8220;feindselig gegen\u00fcber&#8221;.<\/p>\n<p>Trump wirft dem lateinamerikanischen Land insbesondere vor, Zehntausende kriminelle Migranten &#8220;absichtlich und hinterlistig&#8221; in die USA geschickt zu haben, darunter &#8220;viele M\u00f6rder und sehr gewaltt\u00e4tige Menschen&#8221;. Dabei bezog er sich vor allem auf die Bande &#8220;Tren de Aragua&#8221;, die in den USA mittlerweile als terroristische Organisation eingestuft wurde.<\/p>\n<p>Der US-Pr\u00e4sident erkl\u00e4rte weiterhin, das Ministerium f\u00fcr Heimatschutz, der Grenzschutz und alle anderen Strafverfolgungsbeh\u00f6rden in den USA seien entsprechend informiert worden. In der vergangenen Woche hatten die USA mehr als 200 vermeintliche Mitglieder des venezolanischen Verbrechersyndikats trotz einer richterlichen Anordnung zur Aussetzung der Abschiebungen zur Inhaftierung nach El Salvador abgeschoben.<\/p>\n<p>Der dortige Regierungschef Nayib Bukele hatte der neuen US-Regierung im Februar angeboten, verurteilte Straft\u00e4ter aus den Vereinigten Staaten gegen eine Geb\u00fchr in dem Hochsicherheitsgef\u00e4ngnis Cecot zu internieren. Trump und Au\u00dfenminister Marco Rubio hatten das Angebot &#8220;zutiefst dankbar&#8221; angenommen.<\/p>\n<p>Widerspruch kam unterdessen aus Caracas: Bei den aus den USA abgeschobenen Venezolanern handle es sich nach Angaben von Venezuelas Regierung nicht um Mitglieder der kriminellen Organisation Tren de Aragua, wie US-Beh\u00f6rden zuvor behauptet hatten. Der venezolanische Innenminister Diosdado Cabello sagte:<\/p>\n<p><em>&#8220;Es ist eine L\u00fcge, dass sie dem Tren de Aragua angeh\u00f6ren.&#8221;<\/em><\/p>\n<p>Keine der 238 nach El Salvador abgeschobenen Personen ist seinen Informationen zufolge Mitglied des Verbrechersyndikats.<\/p>\n<p>Bereits im Pr\u00e4sidentschaftswahlkampf 2024 hatte Trump den Kampf gegen irregul\u00e4re Migration zu seinem Thema gemacht und die gr\u00f6\u00dfte Abschiebekampagne in der Geschichte der USA angek\u00fcndigt.<\/p>\n<p>Seit Februar sind etwa 900 Venezolaner in ihre Heimat abgeschoben worden, der Gro\u00dfteil davon aus den USA und Mexiko. Im vergangenen Monat waren die Abschiebefl\u00fcge allerdings ausgesetzt worden. Trump hatte der venezolanischen Regierung vorgeworfen, R\u00fccknahme-Zusagen nicht eingehalten zu haben. Caracas erkl\u00e4rte daraufhin, man werde die Fl\u00fcge nicht mehr akzeptieren.<\/p>\n<p>Die Ank\u00fcndigung der Sekund\u00e4rz\u00f6lle erfolgt nun, nachdem sich die Regierungen der USA und Venezuelas laut Medienberichten am Samstag auf die Fortsetzung der Abschiebefl\u00fcge verst\u00e4ndigt hatten. Zuvor soll US-Au\u00dfenminister Marco Rubio Druck auf Venezuela ausge\u00fcbt haben. Der erste Flug mit rund 200 Migranten landete laut Medienberichten am Montag in Venezuela.<\/p>\n<p>Trump hatte bereits mehrmals angek\u00fcndigt, ab dem 2. April Z\u00f6lle auf zahlreiche Produkte aus L\u00e4ndern erheben zu wollen, die US-Produkte mit eigenen Z\u00f6llen belegt haben. Betroffen w\u00e4ren voraussichtlich auch Mitgliedstaaten der EU.<\/p>\n<p><strong>Mehr zum Thema \u2013<\/strong>\u00a0<a rel=\"nofollow noopener\" target=\"_blank\" href=\"https:\/\/freedert.online\/wirtschaft\/239278-usa-brauchen-russisches-oel-fuer-handelskrieg\/\">Die USA brauchen russisches \u00d6l f\u00fcr ihre Handelskriege <\/a><\/p>\n<div class=\"EmbedBlock-root EmbedBlock-externalVideo EmbedBlock-rumble\">\n<div class=\"VkEmbed\"><iframe class=\"lazyload\" data-src=\"https:\/\/rumble.com\/embed\/v6lrzzf\" frameborder=\"0\" width=\"853\" height=\"480\" allowfullscreen><\/iframe><\/div>\n<\/div>\n<\/div>\n<p><br \/>\n<br \/><a href=\"https:\/\/de.rt.com\/amerika\/240544-trump-kuendigt-sekundaerzoelle-fuer-venezuela\/\">Source link <\/a><\/p>\n","protected":false},"excerpt":{"rendered":"<p>US-Pr\u00e4sident Donald Trump hat neue Z\u00f6lle angek\u00fcndigt: L\u00e4nder, die \u00d6l und Gas aus Venezuela kaufen, sollen k\u00fcnftig einen Zoll in H\u00f6he von 25 Prozent zahlen, wenn sie Handel mit den USA betreiben, da Venezuela sich &#8220;sehr feindselig&#8221; gegen\u00fcber den Vereinigten Staaten verhalte. US-Pr\u00e4sident Donald Trump will sogenannte Sekund\u00e4rz\u00f6lle f\u00fcr Venezuela erheben. Wie Trump am Montag [&hellip;]<\/p>\n","protected":false},"author":3,"featured_media":80852,"comment_status":"open","ping_status":"open","sticky":false,"template":"","format":"standard","meta":{"_yoast_indexnow_last_ping":["1742841876"],"wp_automatic_camp":["217"],"2eafe16a15bd64c62ed919a1b0482681":["Trump k\u00fcndigt Sekund\u00e4rz\u00f6lle f\u00fcr Venezuela an"],"original_link":["https:\/\/de.rt.com\/amerika\/240544-trump-kuendigt-sekundaerzoelle-fuer-venezuela\/"],"_thumbnail_id":["80852"],"jnews_social_counter_last_update":["1776542200"],"_wptgpro_p2tg_sent2tg":["a:1:{i:23737;s:19:\"2025-03-24 20:45:38\";}"]},"categories":[19,23],"tags":[221,4224,63715,1639,18708],"yoast_head":"<!-- This site is optimized with the Yoast SEO Premium plugin v22.7 (Yoast SEO v22.7) - https:\/\/yoast.com\/wordpress\/plugins\/seo\/ -->\n<title>Trump k\u00fcndigt Sekund\u00e4rz\u00f6lle f\u00fcr Venezuela an - just-now.NEWS Deutschland<\/title>\n<meta name=\"robots\" content=\"index, follow, max-snippet:-1, max-image-preview:large, max-video-preview:-1\" \/>\n<link rel=\"canonical\" href=\"https:\/\/now-news.de\/de\/deutschland\/trump-kuendigt-sekundaerzoelle-fuer-venezuela-an\/\" \/>\n<meta property=\"og:locale\" content=\"de_DE\" \/>\n<meta property=\"og:type\" content=\"article\" \/>\n<meta property=\"og:title\" content=\"Trump k\u00fcndigt Sekund\u00e4rz\u00f6lle f\u00fcr Venezuela an\" \/>\n<meta property=\"og:description\" content=\"US-Pr\u00e4sident Donald Trump hat neue Z\u00f6lle angek\u00fcndigt: L\u00e4nder, die \u00d6l und Gas aus Venezuela kaufen, sollen k\u00fcnftig einen Zoll in H\u00f6he von 25 Prozent zahlen, wenn sie Handel mit den USA betreiben, da Venezuela sich &#8220;sehr feindselig&#8221; gegen\u00fcber den Vereinigten Staaten verhalte. US-Pr\u00e4sident Donald Trump will sogenannte Sekund\u00e4rz\u00f6lle f\u00fcr Venezuela erheben. Wie Trump am Montag [&hellip;]\" \/>\n<meta property=\"og:url\" content=\"https:\/\/now-news.de\/de\/deutschland\/trump-kuendigt-sekundaerzoelle-fuer-venezuela-an\/\" \/>\n<meta property=\"og:site_name\" content=\"just-now.NEWS Deutschland\" \/>\n<meta property=\"article:publisher\" content=\"https:\/\/www.facebook.com\/wirmachenauf\" \/>\n<meta property=\"article:published_time\" content=\"2025-03-24T18:29:09+00:00\" \/>\n<meta property=\"og:image\" content=\"https:\/\/now-news.de\/de\/wp-content\/uploads\/sites\/3\/2025\/03\/67e1999b48fbef25f046dc5b.jpg\" \/>\n<meta name=\"author\" content=\"rtnews\" \/>\n<meta name=\"twitter:card\" content=\"summary_large_image\" \/>\n<meta name=\"twitter:creator\" content=\"@WirMachenAuf_de\" \/>\n<meta name=\"twitter:site\" content=\"@WirMachenAuf_de\" \/>\n<meta name=\"twitter:label1\" content=\"Verfasst von\" \/>\n\t<meta name=\"twitter:data1\" content=\"rtnews\" \/>\n\t<meta name=\"twitter:label2\" content=\"Gesch\u00e4tzte Lesezeit\" \/>\n\t<meta name=\"twitter:data2\" content=\"3\u00a0Minuten\" \/>\n<script type=\"application\/ld+json\" class=\"yoast-schema-graph\">{\"@context\":\"https:\/\/schema.org\",\"@graph\":[{\"@type\":\"Article\",\"@id\":\"https:\/\/now-news.de\/de\/deutschland\/trump-kuendigt-sekundaerzoelle-fuer-venezuela-an\/#article\",\"isPartOf\":{\"@id\":\"https:\/\/now-news.de\/de\/deutschland\/trump-kuendigt-sekundaerzoelle-fuer-venezuela-an\/\"},\"author\":{\"name\":\"rtnews\",\"@id\":\"https:\/\/now-news.de\/de\/#\/schema\/person\/fb534a4e865501d8b3285208df34a9b5\"},\"headline\":\"Trump k\u00fcndigt Sekund\u00e4rz\u00f6lle f\u00fcr Venezuela an\",\"datePublished\":\"2025-03-24T18:29:09+00:00\",\"dateModified\":\"2025-03-24T18:29:09+00:00\",\"mainEntityOfPage\":{\"@id\":\"https:\/\/now-news.de\/de\/deutschland\/trump-kuendigt-sekundaerzoelle-fuer-venezuela-an\/\"},\"wordCount\":531,\"commentCount\":0,\"publisher\":{\"@id\":\"https:\/\/now-news.de\/de\/#organization\"},\"image\":{\"@id\":\"https:\/\/now-news.de\/de\/deutschland\/trump-kuendigt-sekundaerzoelle-fuer-venezuela-an\/#primaryimage\"},\"thumbnailUrl\":\"https:\/\/now-news.de\/de\/wp-content\/uploads\/sites\/3\/2025\/03\/Trump-kuendigt-Sekundaerzoelle-fuer-Venezuela-an.jpg\",\"keywords\":[\"f\u00fcr\",\"k\u00fcndigt\",\"Sekund\u00e4rz\u00f6lle\",\"trump\",\"Venezuela\"],\"articleSection\":[\"Deutschland\",\"Russland\"],\"inLanguage\":\"de\",\"potentialAction\":[{\"@type\":\"CommentAction\",\"name\":\"Comment\",\"target\":[\"https:\/\/now-news.de\/de\/deutschland\/trump-kuendigt-sekundaerzoelle-fuer-venezuela-an\/#respond\"]}]},{\"@type\":\"WebPage\",\"@id\":\"https:\/\/now-news.de\/de\/deutschland\/trump-kuendigt-sekundaerzoelle-fuer-venezuela-an\/\",\"url\":\"https:\/\/now-news.de\/de\/deutschland\/trump-kuendigt-sekundaerzoelle-fuer-venezuela-an\/\",\"name\":\"Trump k\u00fcndigt Sekund\u00e4rz\u00f6lle f\u00fcr Venezuela an - just-now.NEWS Deutschland\",\"isPartOf\":{\"@id\":\"https:\/\/now-news.de\/de\/#website\"},\"primaryImageOfPage\":{\"@id\":\"https:\/\/now-news.de\/de\/deutschland\/trump-kuendigt-sekundaerzoelle-fuer-venezuela-an\/#primaryimage\"},\"image\":{\"@id\":\"https:\/\/now-news.de\/de\/deutschland\/trump-kuendigt-sekundaerzoelle-fuer-venezuela-an\/#primaryimage\"},\"thumbnailUrl\":\"https:\/\/now-news.de\/de\/wp-content\/uploads\/sites\/3\/2025\/03\/Trump-kuendigt-Sekundaerzoelle-fuer-Venezuela-an.jpg\",\"datePublished\":\"2025-03-24T18:29:09+00:00\",\"dateModified\":\"2025-03-24T18:29:09+00:00\",\"breadcrumb\":{\"@id\":\"https:\/\/now-news.de\/de\/deutschland\/trump-kuendigt-sekundaerzoelle-fuer-venezuela-an\/#breadcrumb\"},\"inLanguage\":\"de\",\"potentialAction\":[{\"@type\":\"ReadAction\",\"target\":[\"https:\/\/now-news.de\/de\/deutschland\/trump-kuendigt-sekundaerzoelle-fuer-venezuela-an\/\"]}]},{\"@type\":\"ImageObject\",\"inLanguage\":\"de\",\"@id\":\"https:\/\/now-news.de\/de\/deutschland\/trump-kuendigt-sekundaerzoelle-fuer-venezuela-an\/#primaryimage\",\"url\":\"https:\/\/now-news.de\/de\/wp-content\/uploads\/sites\/3\/2025\/03\/Trump-kuendigt-Sekundaerzoelle-fuer-Venezuela-an.jpg\",\"contentUrl\":\"https:\/\/now-news.de\/de\/wp-content\/uploads\/sites\/3\/2025\/03\/Trump-kuendigt-Sekundaerzoelle-fuer-Venezuela-an.jpg\",\"width\":460,\"height\":259,\"caption\":\"Trump k\u00fcndigt Sekund\u00e4rz\u00f6lle f\u00fcr Venezuela an\"},{\"@type\":\"BreadcrumbList\",\"@id\":\"https:\/\/now-news.de\/de\/deutschland\/trump-kuendigt-sekundaerzoelle-fuer-venezuela-an\/#breadcrumb\",\"itemListElement\":[{\"@type\":\"ListItem\",\"position\":1,\"name\":\"Home\",\"item\":\"https:\/\/now-news.de\/de\/\"},{\"@type\":\"ListItem\",\"position\":2,\"name\":\"Trump k\u00fcndigt Sekund\u00e4rz\u00f6lle f\u00fcr Venezuela an\"}]},{\"@type\":\"WebSite\",\"@id\":\"https:\/\/now-news.de\/de\/#website\",\"url\":\"https:\/\/now-news.de\/de\/\",\"name\":\"just-now.NEWS Deutschland\",\"description\":\"Das Portal f\u00fcr unzensierte Nachrichten aus der Welt\",\"publisher\":{\"@id\":\"https:\/\/now-news.de\/de\/#organization\"},\"potentialAction\":[{\"@type\":\"SearchAction\",\"target\":{\"@type\":\"EntryPoint\",\"urlTemplate\":\"https:\/\/now-news.de\/de\/?s={search_term_string}\"},\"query-input\":\"required name=search_term_string\"}],\"inLanguage\":\"de\"},{\"@type\":\"Organization\",\"@id\":\"https:\/\/now-news.de\/de\/#organization\",\"name\":\"Just Now News\",\"url\":\"https:\/\/now-news.de\/de\/\",\"logo\":{\"@type\":\"ImageObject\",\"inLanguage\":\"de\",\"@id\":\"https:\/\/now-news.de\/de\/#\/schema\/logo\/image\/\",\"url\":\"http:\/\/just-now.news\/de\/wp-content\/uploads\/sites\/3\/2022\/04\/logo500x500.jpg\",\"contentUrl\":\"http:\/\/just-now.news\/de\/wp-content\/uploads\/sites\/3\/2022\/04\/logo500x500.jpg\",\"width\":500,\"height\":500,\"caption\":\"Just Now News\"},\"image\":{\"@id\":\"https:\/\/now-news.de\/de\/#\/schema\/logo\/image\/\"},\"sameAs\":[\"https:\/\/www.facebook.com\/wirmachenauf\",\"https:\/\/x.com\/WirMachenAuf_de\"]},{\"@type\":\"Person\",\"@id\":\"https:\/\/now-news.de\/de\/#\/schema\/person\/fb534a4e865501d8b3285208df34a9b5\",\"name\":\"rtnews\",\"image\":{\"@type\":\"ImageObject\",\"inLanguage\":\"de\",\"@id\":\"https:\/\/now-news.de\/de\/#\/schema\/person\/image\/\",\"url\":\"https:\/\/secure.gravatar.com\/avatar\/82aafea7d8127119dd649515f56e2117?s=96&d=mm&r=g\",\"contentUrl\":\"https:\/\/secure.gravatar.com\/avatar\/82aafea7d8127119dd649515f56e2117?s=96&d=mm&r=g\",\"caption\":\"rtnews\"},\"url\":\"https:\/\/now-news.de\/de\/author\/rnews\/\"}]}<\/script>\n<!-- \/ Yoast SEO Premium plugin. -->","yoast_head_json":{"title":"Trump k\u00fcndigt Sekund\u00e4rz\u00f6lle f\u00fcr Venezuela an - just-now.NEWS Deutschland","robots":{"index":"index","follow":"follow","max-snippet":"max-snippet:-1","max-image-preview":"max-image-preview:large","max-video-preview":"max-video-preview:-1"},"canonical":"https:\/\/now-news.de\/de\/deutschland\/trump-kuendigt-sekundaerzoelle-fuer-venezuela-an\/","og_locale":"de_DE","og_type":"article","og_title":"Trump k\u00fcndigt Sekund\u00e4rz\u00f6lle f\u00fcr Venezuela an","og_description":"US-Pr\u00e4sident Donald Trump hat neue Z\u00f6lle angek\u00fcndigt: L\u00e4nder, die \u00d6l und Gas aus Venezuela kaufen, sollen k\u00fcnftig einen Zoll in H\u00f6he von 25 Prozent zahlen, wenn sie Handel mit den USA betreiben, da Venezuela sich &#8220;sehr feindselig&#8221; gegen\u00fcber den Vereinigten Staaten verhalte. US-Pr\u00e4sident Donald Trump will sogenannte Sekund\u00e4rz\u00f6lle f\u00fcr Venezuela erheben. Wie Trump am Montag [&hellip;]","og_url":"https:\/\/now-news.de\/de\/deutschland\/trump-kuendigt-sekundaerzoelle-fuer-venezuela-an\/","og_site_name":"just-now.NEWS Deutschland","article_publisher":"https:\/\/www.facebook.com\/wirmachenauf","article_published_time":"2025-03-24T18:29:09+00:00","og_image":[{"url":"https:\/\/now-news.de\/de\/wp-content\/uploads\/sites\/3\/2025\/03\/67e1999b48fbef25f046dc5b.jpg"}],"author":"rtnews","twitter_card":"summary_large_image","twitter_creator":"@WirMachenAuf_de","twitter_site":"@WirMachenAuf_de","twitter_misc":{"Verfasst von":"rtnews","Gesch\u00e4tzte Lesezeit":"3\u00a0Minuten"},"schema":{"@context":"https:\/\/schema.org","@graph":[{"@type":"Article","@id":"https:\/\/now-news.de\/de\/deutschland\/trump-kuendigt-sekundaerzoelle-fuer-venezuela-an\/#article","isPartOf":{"@id":"https:\/\/now-news.de\/de\/deutschland\/trump-kuendigt-sekundaerzoelle-fuer-venezuela-an\/"},"author":{"name":"rtnews","@id":"https:\/\/now-news.de\/de\/#\/schema\/person\/fb534a4e865501d8b3285208df34a9b5"},"headline":"Trump k\u00fcndigt Sekund\u00e4rz\u00f6lle f\u00fcr Venezuela an","datePublished":"2025-03-24T18:29:09+00:00","dateModified":"2025-03-24T18:29:09+00:00","mainEntityOfPage":{"@id":"https:\/\/now-news.de\/de\/deutschland\/trump-kuendigt-sekundaerzoelle-fuer-venezuela-an\/"},"wordCount":531,"commentCount":0,"publisher":{"@id":"https:\/\/now-news.de\/de\/#organization"},"image":{"@id":"https:\/\/now-news.de\/de\/deutschland\/trump-kuendigt-sekundaerzoelle-fuer-venezuela-an\/#primaryimage"},"thumbnailUrl":"https:\/\/now-news.de\/de\/wp-content\/uploads\/sites\/3\/2025\/03\/Trump-kuendigt-Sekundaerzoelle-fuer-Venezuela-an.jpg","keywords":["f\u00fcr","k\u00fcndigt","Sekund\u00e4rz\u00f6lle","trump","Venezuela"],"articleSection":["Deutschland","Russland"],"inLanguage":"de","potentialAction":[{"@type":"CommentAction","name":"Comment","target":["https:\/\/now-news.de\/de\/deutschland\/trump-kuendigt-sekundaerzoelle-fuer-venezuela-an\/#respond"]}]},{"@type":"WebPage","@id":"https:\/\/now-news.de\/de\/deutschland\/trump-kuendigt-sekundaerzoelle-fuer-venezuela-an\/","url":"https:\/\/now-news.de\/de\/deutschland\/trump-kuendigt-sekundaerzoelle-fuer-venezuela-an\/","name":"Trump k\u00fcndigt Sekund\u00e4rz\u00f6lle f\u00fcr Venezuela an - just-now.NEWS Deutschland","isPartOf":{"@id":"https:\/\/now-news.de\/de\/#website"},"primaryImageOfPage":{"@id":"https:\/\/now-news.de\/de\/deutschland\/trump-kuendigt-sekundaerzoelle-fuer-venezuela-an\/#primaryimage"},"image":{"@id":"https:\/\/now-news.de\/de\/deutschland\/trump-kuendigt-sekundaerzoelle-fuer-venezuela-an\/#primaryimage"},"thumbnailUrl":"https:\/\/now-news.de\/de\/wp-content\/uploads\/sites\/3\/2025\/03\/Trump-kuendigt-Sekundaerzoelle-fuer-Venezuela-an.jpg","datePublished":"2025-03-24T18:29:09+00:00","dateModified":"2025-03-24T18:29:09+00:00","breadcrumb":{"@id":"https:\/\/now-news.de\/de\/deutschland\/trump-kuendigt-sekundaerzoelle-fuer-venezuela-an\/#breadcrumb"},"inLanguage":"de","potentialAction":[{"@type":"ReadAction","target":["https:\/\/now-news.de\/de\/deutschland\/trump-kuendigt-sekundaerzoelle-fuer-venezuela-an\/"]}]},{"@type":"ImageObject","inLanguage":"de","@id":"https:\/\/now-news.de\/de\/deutschland\/trump-kuendigt-sekundaerzoelle-fuer-venezuela-an\/#primaryimage","url":"https:\/\/now-news.de\/de\/wp-content\/uploads\/sites\/3\/2025\/03\/Trump-kuendigt-Sekundaerzoelle-fuer-Venezuela-an.jpg","contentUrl":"https:\/\/now-news.de\/de\/wp-content\/uploads\/sites\/3\/2025\/03\/Trump-kuendigt-Sekundaerzoelle-fuer-Venezuela-an.jpg","width":460,"height":259,"caption":"Trump k\u00fcndigt Sekund\u00e4rz\u00f6lle f\u00fcr Venezuela an"},{"@type":"BreadcrumbList","@id":"https:\/\/now-news.de\/de\/deutschland\/trump-kuendigt-sekundaerzoelle-fuer-venezuela-an\/#breadcrumb","itemListElement":[{"@type":"ListItem","position":1,"name":"Home","item":"https:\/\/now-news.de\/de\/"},{"@type":"ListItem","position":2,"name":"Trump k\u00fcndigt Sekund\u00e4rz\u00f6lle f\u00fcr Venezuela an"}]},{"@type":"WebSite","@id":"https:\/\/now-news.de\/de\/#website","url":"https:\/\/now-news.de\/de\/","name":"just-now.NEWS Deutschland","description":"Das Portal f\u00fcr unzensierte Nachrichten aus der Welt","publisher":{"@id":"https:\/\/now-news.de\/de\/#organization"},"potentialAction":[{"@type":"SearchAction","target":{"@type":"EntryPoint","urlTemplate":"https:\/\/now-news.de\/de\/?s={search_term_string}"},"query-input":"required name=search_term_string"}],"inLanguage":"de"},{"@type":"Organization","@id":"https:\/\/now-news.de\/de\/#organization","name":"Just Now News","url":"https:\/\/now-news.de\/de\/","logo":{"@type":"ImageObject","inLanguage":"de","@id":"https:\/\/now-news.de\/de\/#\/schema\/logo\/image\/","url":"http:\/\/just-now.news\/de\/wp-content\/uploads\/sites\/3\/2022\/04\/logo500x500.jpg","contentUrl":"http:\/\/just-now.news\/de\/wp-content\/uploads\/sites\/3\/2022\/04\/logo500x500.jpg","width":500,"height":500,"caption":"Just Now News"},"image":{"@id":"https:\/\/now-news.de\/de\/#\/schema\/logo\/image\/"},"sameAs":["https:\/\/www.facebook.com\/wirmachenauf","https:\/\/x.com\/WirMachenAuf_de"]},{"@type":"Person","@id":"https:\/\/now-news.de\/de\/#\/schema\/person\/fb534a4e865501d8b3285208df34a9b5","name":"rtnews","image":{"@type":"ImageObject","inLanguage":"de","@id":"https:\/\/now-news.de\/de\/#\/schema\/person\/image\/","url":"https:\/\/secure.gravatar.com\/avatar\/82aafea7d8127119dd649515f56e2117?s=96&d=mm&r=g","contentUrl":"https:\/\/secure.gravatar.com\/avatar\/82aafea7d8127119dd649515f56e2117?s=96&d=mm&r=g","caption":"rtnews"},"url":"https:\/\/now-news.de\/de\/author\/rnews\/"}]}},"_links":{"self":[{"href":"https:\/\/now-news.de\/de\/wp-json\/wp\/v2\/posts\/80851"}],"collection":[{"href":"https:\/\/now-news.de\/de\/wp-json\/wp\/v2\/posts"}],"about":[{"href":"https:\/\/now-news.de\/de\/wp-json\/wp\/v2\/types\/post"}],"author":[{"embeddable":true,"href":"https:\/\/now-news.de\/de\/wp-json\/wp\/v2\/users\/3"}],"replies":[{"embeddable":true,"href":"https:\/\/now-news.de\/de\/wp-json\/wp\/v2\/comments?post=80851"}],"version-history":[{"count":0,"href":"https:\/\/now-news.de\/de\/wp-json\/wp\/v2\/posts\/80851\/revisions"}],"wp:featuredmedia":[{"embeddable":true,"href":"https:\/\/now-news.de\/de\/wp-json\/wp\/v2\/media\/80852"}],"wp:attachment":[{"href":"https:\/\/now-news.de\/de\/wp-json\/wp\/v2\/media?parent=80851"}],"wp:term":[{"taxonomy":"category","embeddable":true,"href":"https:\/\/now-news.de\/de\/wp-json\/wp\/v2\/categories?post=80851"},{"taxonomy":"post_tag","embeddable":true,"href":"https:\/\/now-news.de\/de\/wp-json\/wp\/v2\/tags?post=80851"}],"curies":[{"name":"wp","href":"https:\/\/api.w.org\/{rel}","templated":true}]}}