{"id":80847,"date":"2025-03-24T19:35:28","date_gmt":"2025-03-24T17:35:28","guid":{"rendered":"https:\/\/now-news.de\/de\/deutschland\/kallas-unverschaemtheit-provoziert-eu-laender-zu-demonstrativen-aktionen\/"},"modified":"2025-03-24T19:35:28","modified_gmt":"2025-03-24T17:35:28","slug":"kallas-unverschaemtheit-provoziert-eu-laender-zu-demonstrativen-aktionen","status":"publish","type":"post","link":"https:\/\/now-news.de\/de\/deutschland\/kallas-unverschaemtheit-provoziert-eu-laender-zu-demonstrativen-aktionen\/","title":{"rendered":"Kallas&#039; Unversch\u00e4mtheit provoziert EU-L\u00e4nder zu demonstrativen Aktionen"},"content":{"rendered":"<p><img decoding=\"async\" src=\"https:\/\/now-news.de\/de\/wp-content\/uploads\/sites\/3\/2025\/03\/67e18870b480cc7d0f10d2d6.jpg\" \/><\/p>\n<div class=\"Text-root Text-type_1 \">\n                Die EU-Au\u00dfenkommissarin Kaja Kallas &#8220;versucht, gro\u00dfe EU-Mitgliedstaaten zu dreist und unversch\u00e4mt zu zwingen&#8221;. Mit diesen Worten kommentieren politische Analysten das gro\u00dfe Scheitern von Kallas&#8217; j\u00fcngster Initiative zur Finanzierung der Milit\u00e4rhilfe f\u00fcr die Ukraine.\n            <\/div>\n<p><\/p>\n<div class=\"Text-root Text-type_5 ArticleView-text ViewText-root \">\n<p><em>Von Geworg Mirsajan<\/em><strong><\/strong><\/p>\n<p>Anfang M\u00e4rz stellte die EU-Au\u00dfenkommissarin Kaja Kallas einen gro\u00df angelegten Plan f\u00fcr Milit\u00e4rhilfe an Kiew vor. Fast 40 Milliarden Euro f\u00fcr ein Jahr, mit denen Artilleriemunition, Luftabwehrsysteme, Raketen, Drohnen und sogar Kampfjets f\u00fcr das Kiewer Regime gekauft werden sollten. Der Anteil jedes Landes, das sich an der Initiative beteiligte, hing von der H\u00f6he seines nationalen BIP ab. Dar\u00fcber hinaus konnten sich auch Nicht-EU-Mitglieder wie Norwegen oder das Vereinigte K\u00f6nigreich an der Initiative beteiligen.<strong><\/strong><\/p>\n<p>Kaja Kallas sorgte daf\u00fcr, dass ihr Plan nicht in b\u00fcrokratischen Querelen stecken blieb. Die Initiative selbst war freiwillig (was bedeutet, dass sie nicht zur europ\u00e4ischen Abstimmung gestellt werden musste und Ungarn sie nicht blockieren konnte). Dar\u00fcber hinaus konnte jeder Mitgliedstaat seinen Anteil an den Mitteln f\u00fcr bestimmte Bed\u00fcrfnisse verwenden \u2013 zum Beispiel nur f\u00fcr die Ausbildung ukrainischer Soldaten (wenn man sich nicht an Waffenlieferungen beteiligen wollte). Und schlie\u00dflich war es m\u00f6glich, diesen Anteil nicht in Geld, sondern in &#8220;Naturalien&#8221; \u2013 also in Waffen \u2013 zu zahlen.<strong><\/strong><\/p>\n<p>Es wurde jedoch schnell klar, dass der Plan von Kaja Kallas selbst in dieser Form nicht umsetzbar war. Dmitri Suslow, stellvertretender Direktor des Zentrums f\u00fcr komplexe europ\u00e4ische und internationale Studien an der Nationalen Forschungsuniversit\u00e4t &#8220;Hochschule f\u00fcr Wirtschaft&#8221;\u00a0in Moskau, erkl\u00e4rte:<strong><\/strong><\/p>\n<p><em>&#8220;Die baltischen und skandinavischen L\u00e4nder unterst\u00fctzten ihren Vorschlag, aber die gro\u00dfen L\u00e4nder West- und S\u00fcdeuropas \u2013 also genau die L\u00e4nder, die die Hauptlast der Finanzierung zu tragen gehabt h\u00e4tten \u2013 taten dies nicht.&#8221;<\/em><strong><\/strong><\/p>\n<p>Die Franzosen waren dagegen \u2013 ihr BIP ist das zweitgr\u00f6\u00dfte in der EU nach Deutschland, und Paris wollte keine neuen milliardenschweren Verpflichtungen eingehen. Die Italiener, die vier bis f\u00fcnf Milliarden investieren m\u00fcssten, unterst\u00fctzten Kaja Kallas ebenfalls nicht \u2013 laut Au\u00dfenminister Antonio Tajani gibt es &#8220;viele Fragen&#8221; zu diesem Plan, und Italien muss bereits viele Ressourcen in die St\u00e4rkung seiner eigenen Verteidigungsf\u00e4higkeiten investieren. Auch die Spanier und Portugiesen hatten Einw\u00e4nde.<strong><\/strong><\/p>\n<p>Am Ende musste sich Kallas auf dem EU-Gipfel am 20. M\u00e4rz geschlagen geben. Ihre urspr\u00fcnglichen 40 Milliarden Euro wurden in f\u00fcnf Milliarden Euro f\u00fcr Munition umgewandelt.<strong><\/strong><\/p>\n<p>Das Nachrichtenmagazin <em>Politico<\/em> f\u00fchrt die unterschiedlichen Interessen und Weltanschauungen der EU-Mitgliedstaaten als Grund f\u00fcr die Niederlage an. Die Zeitung analysierte:<strong><\/strong><\/p>\n<blockquote>\n<p><em>&#8220;Das Interesse, f\u00fcr Kiew zu opfern, ist von Land zu Land sehr unterschiedlich. Die s\u00fcdlichen L\u00e4nder, die viel weiter von der russischen Bedrohung entfernt sind, sind weniger geneigt, etwas dagegen zu tun, als die L\u00e4nder im Osten oder Norden.&#8221;<\/em><strong><\/strong><\/p>\n<\/blockquote>\n<p>Zum Teil ist dies tats\u00e4chlich wahr. Das Problem ist jedoch viel umfassender \u2013 es ist nicht nur ein Unterschied im Verst\u00e4ndnis der Bedrohung, sondern ein Unterschied in den Interessen an sich. Alexei Naumow, ein internationaler Politologe und Experte des Russischen Rates f\u00fcr Ausw\u00e4rtige Angelegenheiten, erkl\u00e4rte:<strong><\/strong><\/p>\n<p><em>&#8220;Die Europ\u00e4ische Union ist nicht die Vereinigten Staaten von Europa, sondern ein Zusammenschluss von mehreren Dutzend L\u00e4ndern mit unterschiedlichen Interessen, unterschiedlichem Wirtschaftsvolumen und unterschiedlicher wirtschaftlicher Lage. Und das ist Kallas nicht klar.&#8221;<\/em><strong><\/strong><\/p>\n<p>Die Vorg\u00e4nger von Kallas haben dieses Grundprinzip der Existenz der Europ\u00e4ischen Union verstanden. Oder sie hatten nicht den Ehrgeiz, es in Frage zu stellen. Suslow sagte:<strong><\/strong><\/p>\n<p><em>&#8220;Wenn man sich die Geschichte anschaut, haben die EU-Mitgliedsstaaten seit der Verabschiedung des Lissabon-Vertrags absichtlich schwache politische Pers\u00f6nlichkeiten auf Posten wie den des Hohen Vertreters f\u00fcr Au\u00dfenpolitik und des Pr\u00e4sidenten des Europ\u00e4ischen Rates berufen. Das waren Baroness Ashton, Federica Mogherini, Josep Borrell \u2013 und jetzt Kaja Kallas. Kein politisches Gewicht, keine wirkliche politische Macht\u00a0\u2013 und keine M\u00f6glichkeit, wichtige Mitgliedstaaten zu irgendetwas zu zwingen.&#8221;<\/em><strong><\/strong><\/p>\n<p>So lauteten die ungeschriebenen Regeln. Und Kaja Kallas hat laut Suslow beschlossen, diese Regeln zu brechen\u00a0\u2013 mit dem Recht, eine angebliche paramilit\u00e4rische Anf\u00fchrerin zu sein, die im Namen der EU in den Krieg gegen Russland ziehen will. Suslow sagte:<strong><\/strong><\/p>\n<p><em>&#8220;Sie ber\u00e4t sich nicht mit den EU-Mitgliedstaaten. Anstatt sich an die Vereinbarungen mit Frankreich, Deutschland und Italien zu halten, verfolgt sie ihre eigenen Ideen.\u00a0<\/em><em>Sie erkl\u00e4rt der Trump-Administration fast offen den Krieg und ist fast die Einzige, die gesagt hat, dass die freie Welt jetzt einen neuen F\u00fchrer braucht. Und das in einer Situation, in der Europa offen gesagt keinen Streit mit den USA haben will.&#8221;<\/em><strong><\/strong><\/p>\n<p>Tats\u00e4chlich hat sie die Entscheidung \u00fcber dieses Paket als paramilit\u00e4rische Anf\u00fchrerin getroffen \u2013 unter Versto\u00df gegen alle anerkannten Verfahren. Suslow sagte:<strong><\/strong><\/p>\n<p><em>&#8220;In der EU werden Entscheidungen in der Regel mit Hilfe von Vereinbarungen zwischen den wichtigsten Mitgliedstaaten hinter den Kulissen getroffen, nicht auf Vorschlag des EU-Kommissars f\u00fcr Au\u00dfenpolitik.&#8221;<\/em><strong><\/strong><\/p>\n<p>Kallas hingegen hat sie tats\u00e4chlich vor die Tatsache gestellt. Naumow erkl\u00e4rte:<strong><\/strong><\/p>\n<p><em>&#8220;Das Problem ist nicht nur, was sie beantragt hat, sondern wie sie es getan hat. Sie hat sich nicht mit den Au\u00dfenministern der Europ\u00e4ischen Union beraten, bevor sie dieses Projekt vorgeschlagen hat.&#8221;<\/em><strong><\/strong><\/p>\n<p>Und in dieser Situation haben die Staats- und Regierungschefs der Europ\u00e4ischen Union und ihre gr\u00f6\u00dften Geldgeber ebenfalls einen Showdown inszeniert. Suslow f\u00fcgte hinzu:<strong><\/strong><\/p>\n<p><em>&#8220;Die EU-L\u00e4nder haben sich geweigert, den Vorschlag von Kallas anzunehmen, weil sie sie in die Schranken weisen wollten. Sie ist zu unversch\u00e4mt und dreist, wenn sie versucht, die gro\u00dfen EU-Mitgliedsstaaten zu etwas zu zwingen, und selbst wenn es mit ihrer eigenen Vision und ihren eigenen Interessen \u00fcbereinstimmt, gef\u00e4llt ihnen das nicht.&#8221;<\/em><strong><\/strong><\/p>\n<p>Wird Kaja Kallas ihre Lektion lernen? Wenn ja, wenn sie ihre Ambitionen auf das Niveau einer normalen EU-Kommissarin f\u00fcr ausw\u00e4rtige Angelegenheiten reduziert, wird sie in der Lage sein, weiterhin in dieser Rolle zu funktionieren. Wenn nicht, wird sie sich m\u00f6glicherweise nicht auf ihrem Posten halten k\u00f6nnen. Suslow ist der Meinung:<strong><\/strong><\/p>\n<p><em>&#8220;Die wichtigsten Mitgliedstaaten haben erkannt, dass ein Waffenstillstand zwischen Russland und der Ukraine im Gange ist, und das m\u00fcssen wir ber\u00fccksichtigen und uns darauf einstellen. Und hier wird Kallas zu einem Hindernis und einem Problem.&#8221;<\/em><strong><\/strong><\/p>\n<p>Au\u00dferdem k\u00f6nnte ganz Br\u00fcssel zu einem Hindernis und Problem werden. Kaja Kallas ist keine Politikerin per se \u2013 sie geh\u00f6rt zum Team der selbsternannten halbmilit\u00e4rischen F\u00fchrerin der Europ\u00e4ischen Union, der Chefin der Europ\u00e4ischen Kommission, Ursula von der Leyen. Diese ist gerade dabei, Europa mit Hilfe Deutschlands einen 800 Milliarden Euro schweren Aufr\u00fcstungsplan aufzuzwingen.<strong><\/strong><\/p>\n<p>Und diese Aufforderung k\u00f6nnte zu einer Gegenreaktion f\u00fchren \u2013 umso mehr, als die Politik der Br\u00fcsseler Kreuzritter zunehmend von den Bed\u00fcrfnissen der EU-Mitgliedstaaten abweicht. Naumow erkl\u00e4rte:<strong><\/strong><\/p>\n<p><em>&#8220;Der Widerstand der nationalen Regierungen gegen die Pl\u00e4ne Br\u00fcssels wird generell zunehmen. Wir k\u00f6nnen sehen, dass die europ\u00e4ische B\u00fcrokratie im Moment nicht sehr effektiv ist. Sie hat weder einen besonderen Plan noch besondere Erfolge. Die L\u00e4nder der Europ\u00e4ischen Union werden mehr Autonomie und mehr Befugnisse fordern. In dieser historischen Phase wird sich der Zentralisierungsprozess der Europ\u00e4ischen Union also abschw\u00e4chen oder zumindest verlangsamen.&#8221;<\/em><strong><\/strong><\/p>\n<p>Das wiederum kommt sowohl Russland als auch den Vereinigten Staaten zugute. Sie sind seit langem davon \u00fcberzeugt, dass es besser ist, europ\u00e4ische Angelegenheiten mit den europ\u00e4ischen L\u00e4ndern und nicht mit der Europ\u00e4ischen Kommission zu l\u00f6sen.<strong><\/strong><\/p>\n<p><em>\u00dcbersetzt aus dem\u00a0<\/em><a rel=\"nofollow noopener\" target=\"_blank\" href=\"https:\/\/vz.ru\/world\/2025\/3\/24\/1321699.html\"><em>Russischen<\/em><\/a><em>. Der Artikel ist am 24. M\u00e4rz 2025 zuerst in der Zeitung Wsgljad\u00a0erschienen.<\/em><strong><\/strong><\/p>\n<p><strong><em>Geworg Mirsajan<\/em><\/strong><em>\u00a0ist au\u00dferordentlicher Professor an der Finanzuniversit\u00e4t der Regierung der Russischen F\u00f6deration, Politikwissenschaftler und eine Pers\u00f6nlichkeit des \u00f6ffentlichen Lebens. Geboren wurde er 1984 in Taschkent. Er machte seinen Abschluss an der Staatlichen Universit\u00e4t Kuban und promovierte in Politikwissenschaft mit dem Schwerpunkt USA. Er war von 2005 bis 2016 Forscher am Institut f\u00fcr die Vereinigten Staaten und Kanada an der Russischen Akademie der Wissenschaften.<\/em><\/p>\n<p><strong>Mehr zum Thema<\/strong> &#8211; <a rel=\"nofollow noopener\" target=\"_blank\" href=\"https:\/\/freedert.online\/europa\/240145-aufruestungsgipfel-in-bruessel-hunderte-milliarden\/\">Aufr\u00fcstungsbeschluss in Br\u00fcssel: Hunderte Milliarden f\u00fcr den Krieg<\/a><\/p>\n<\/div>\n<p><br \/>\n<br \/><a href=\"https:\/\/de.rt.com\/europa\/240533-kallas-unverschaemtheit-provoziert-eu-laender\/\">Source link <\/a><\/p>\n","protected":false},"excerpt":{"rendered":"<p>Die EU-Au\u00dfenkommissarin Kaja Kallas &#8220;versucht, gro\u00dfe EU-Mitgliedstaaten zu dreist und unversch\u00e4mt zu zwingen&#8221;. Mit diesen Worten kommentieren politische Analysten das gro\u00dfe Scheitern von Kallas&#8217; j\u00fcngster Initiative zur Finanzierung der Milit\u00e4rhilfe f\u00fcr die Ukraine. Von Geworg Mirsajan Anfang M\u00e4rz stellte die EU-Au\u00dfenkommissarin Kaja Kallas einen gro\u00df angelegten Plan f\u00fcr Milit\u00e4rhilfe an Kiew vor. Fast 40 Milliarden [&hellip;]<\/p>\n","protected":false},"author":3,"featured_media":80848,"comment_status":"open","ping_status":"open","sticky":false,"template":"","format":"standard","meta":{"_yoast_indexnow_last_ping":["1742838035"],"wp_automatic_camp":["217"],"6b35511547a37e7f194079970d8105fd":["Kallas&#039; Unversch\u00e4mtheit provoziert EU-L\u00e4nder zu demonstrativen Aktionen"],"original_link":["https:\/\/de.rt.com\/europa\/240533-kallas-unverschaemtheit-provoziert-eu-laender\/"],"_thumbnail_id":["80848"],"jnews_social_counter_last_update":["1777334781"],"_wptgpro_p2tg_sent2tg":["a:1:{i:23737;s:19:\"2025-03-24 19:41:39\";}"]},"categories":[19,23],"tags":[22240,63712,11635,63639,31698,53297],"yoast_head":"<!-- This site is optimized with the Yoast SEO Premium plugin v22.7 (Yoast SEO v22.7) - https:\/\/yoast.com\/wordpress\/plugins\/seo\/ -->\n<title>Kallas&#039; Unversch\u00e4mtheit provoziert EU-L\u00e4nder zu demonstrativen Aktionen - just-now.NEWS Deutschland<\/title>\n<meta name=\"robots\" content=\"index, follow, max-snippet:-1, max-image-preview:large, max-video-preview:-1\" \/>\n<link rel=\"canonical\" href=\"https:\/\/now-news.de\/de\/deutschland\/kallas-unverschaemtheit-provoziert-eu-laender-zu-demonstrativen-aktionen\/\" \/>\n<meta property=\"og:locale\" content=\"de_DE\" \/>\n<meta property=\"og:type\" content=\"article\" \/>\n<meta property=\"og:title\" content=\"Kallas&#039; Unversch\u00e4mtheit provoziert EU-L\u00e4nder zu demonstrativen Aktionen\" \/>\n<meta property=\"og:description\" content=\"Die EU-Au\u00dfenkommissarin Kaja Kallas &#8220;versucht, gro\u00dfe EU-Mitgliedstaaten zu dreist und unversch\u00e4mt zu zwingen&#8221;. Mit diesen Worten kommentieren politische Analysten das gro\u00dfe Scheitern von Kallas&#8217; j\u00fcngster Initiative zur Finanzierung der Milit\u00e4rhilfe f\u00fcr die Ukraine. Von Geworg Mirsajan Anfang M\u00e4rz stellte die EU-Au\u00dfenkommissarin Kaja Kallas einen gro\u00df angelegten Plan f\u00fcr Milit\u00e4rhilfe an Kiew vor. Fast 40 Milliarden [&hellip;]\" \/>\n<meta property=\"og:url\" content=\"https:\/\/now-news.de\/de\/deutschland\/kallas-unverschaemtheit-provoziert-eu-laender-zu-demonstrativen-aktionen\/\" \/>\n<meta property=\"og:site_name\" content=\"just-now.NEWS Deutschland\" \/>\n<meta property=\"article:publisher\" content=\"https:\/\/www.facebook.com\/wirmachenauf\" \/>\n<meta property=\"article:published_time\" content=\"2025-03-24T17:35:28+00:00\" \/>\n<meta property=\"og:image\" content=\"https:\/\/now-news.de\/de\/wp-content\/uploads\/sites\/3\/2025\/03\/67e18870b480cc7d0f10d2d6.jpg\" \/>\n<meta name=\"author\" content=\"rtnews\" \/>\n<meta name=\"twitter:card\" content=\"summary_large_image\" \/>\n<meta name=\"twitter:creator\" content=\"@WirMachenAuf_de\" \/>\n<meta name=\"twitter:site\" content=\"@WirMachenAuf_de\" \/>\n<meta name=\"twitter:label1\" content=\"Verfasst von\" \/>\n\t<meta name=\"twitter:data1\" content=\"rtnews\" \/>\n\t<meta name=\"twitter:label2\" content=\"Gesch\u00e4tzte Lesezeit\" \/>\n\t<meta name=\"twitter:data2\" content=\"7\u00a0Minuten\" \/>\n<script type=\"application\/ld+json\" class=\"yoast-schema-graph\">{\"@context\":\"https:\/\/schema.org\",\"@graph\":[{\"@type\":\"Article\",\"@id\":\"https:\/\/now-news.de\/de\/deutschland\/kallas-unverschaemtheit-provoziert-eu-laender-zu-demonstrativen-aktionen\/#article\",\"isPartOf\":{\"@id\":\"https:\/\/now-news.de\/de\/deutschland\/kallas-unverschaemtheit-provoziert-eu-laender-zu-demonstrativen-aktionen\/\"},\"author\":{\"name\":\"rtnews\",\"@id\":\"https:\/\/now-news.de\/de\/#\/schema\/person\/fb534a4e865501d8b3285208df34a9b5\"},\"headline\":\"Kallas&#039; Unversch\u00e4mtheit provoziert EU-L\u00e4nder zu demonstrativen Aktionen\",\"datePublished\":\"2025-03-24T17:35:28+00:00\",\"dateModified\":\"2025-03-24T17:35:28+00:00\",\"mainEntityOfPage\":{\"@id\":\"https:\/\/now-news.de\/de\/deutschland\/kallas-unverschaemtheit-provoziert-eu-laender-zu-demonstrativen-aktionen\/\"},\"wordCount\":1338,\"commentCount\":0,\"publisher\":{\"@id\":\"https:\/\/now-news.de\/de\/#organization\"},\"image\":{\"@id\":\"https:\/\/now-news.de\/de\/deutschland\/kallas-unverschaemtheit-provoziert-eu-laender-zu-demonstrativen-aktionen\/#primaryimage\"},\"thumbnailUrl\":\"https:\/\/now-news.de\/de\/wp-content\/uploads\/sites\/3\/2025\/03\/Kallas039-Unverschaemtheit-provoziert-EU-Laender-zu-demonstrativen-Aktionen.jpg\",\"keywords\":[\"Aktionen\",\"demonstrativen\",\"EUL\u00e4nder\",\"Kallas039\",\"provoziert\",\"Unversch\u00e4mtheit\"],\"articleSection\":[\"Deutschland\",\"Russland\"],\"inLanguage\":\"de\",\"potentialAction\":[{\"@type\":\"CommentAction\",\"name\":\"Comment\",\"target\":[\"https:\/\/now-news.de\/de\/deutschland\/kallas-unverschaemtheit-provoziert-eu-laender-zu-demonstrativen-aktionen\/#respond\"]}]},{\"@type\":\"WebPage\",\"@id\":\"https:\/\/now-news.de\/de\/deutschland\/kallas-unverschaemtheit-provoziert-eu-laender-zu-demonstrativen-aktionen\/\",\"url\":\"https:\/\/now-news.de\/de\/deutschland\/kallas-unverschaemtheit-provoziert-eu-laender-zu-demonstrativen-aktionen\/\",\"name\":\"Kallas&#039; Unversch\u00e4mtheit provoziert EU-L\u00e4nder zu demonstrativen Aktionen - just-now.NEWS Deutschland\",\"isPartOf\":{\"@id\":\"https:\/\/now-news.de\/de\/#website\"},\"primaryImageOfPage\":{\"@id\":\"https:\/\/now-news.de\/de\/deutschland\/kallas-unverschaemtheit-provoziert-eu-laender-zu-demonstrativen-aktionen\/#primaryimage\"},\"image\":{\"@id\":\"https:\/\/now-news.de\/de\/deutschland\/kallas-unverschaemtheit-provoziert-eu-laender-zu-demonstrativen-aktionen\/#primaryimage\"},\"thumbnailUrl\":\"https:\/\/now-news.de\/de\/wp-content\/uploads\/sites\/3\/2025\/03\/Kallas039-Unverschaemtheit-provoziert-EU-Laender-zu-demonstrativen-Aktionen.jpg\",\"datePublished\":\"2025-03-24T17:35:28+00:00\",\"dateModified\":\"2025-03-24T17:35:28+00:00\",\"breadcrumb\":{\"@id\":\"https:\/\/now-news.de\/de\/deutschland\/kallas-unverschaemtheit-provoziert-eu-laender-zu-demonstrativen-aktionen\/#breadcrumb\"},\"inLanguage\":\"de\",\"potentialAction\":[{\"@type\":\"ReadAction\",\"target\":[\"https:\/\/now-news.de\/de\/deutschland\/kallas-unverschaemtheit-provoziert-eu-laender-zu-demonstrativen-aktionen\/\"]}]},{\"@type\":\"ImageObject\",\"inLanguage\":\"de\",\"@id\":\"https:\/\/now-news.de\/de\/deutschland\/kallas-unverschaemtheit-provoziert-eu-laender-zu-demonstrativen-aktionen\/#primaryimage\",\"url\":\"https:\/\/now-news.de\/de\/wp-content\/uploads\/sites\/3\/2025\/03\/Kallas039-Unverschaemtheit-provoziert-EU-Laender-zu-demonstrativen-Aktionen.jpg\",\"contentUrl\":\"https:\/\/now-news.de\/de\/wp-content\/uploads\/sites\/3\/2025\/03\/Kallas039-Unverschaemtheit-provoziert-EU-Laender-zu-demonstrativen-Aktionen.jpg\",\"width\":460,\"height\":259,\"caption\":\"Kallas&#039; Unversch\u00e4mtheit provoziert EU-L\u00e4nder zu demonstrativen Aktionen\"},{\"@type\":\"BreadcrumbList\",\"@id\":\"https:\/\/now-news.de\/de\/deutschland\/kallas-unverschaemtheit-provoziert-eu-laender-zu-demonstrativen-aktionen\/#breadcrumb\",\"itemListElement\":[{\"@type\":\"ListItem\",\"position\":1,\"name\":\"Home\",\"item\":\"https:\/\/now-news.de\/de\/\"},{\"@type\":\"ListItem\",\"position\":2,\"name\":\"Kallas&#039; Unversch\u00e4mtheit provoziert EU-L\u00e4nder zu demonstrativen Aktionen\"}]},{\"@type\":\"WebSite\",\"@id\":\"https:\/\/now-news.de\/de\/#website\",\"url\":\"https:\/\/now-news.de\/de\/\",\"name\":\"just-now.NEWS Deutschland\",\"description\":\"Das Portal f\u00fcr unzensierte Nachrichten aus der Welt\",\"publisher\":{\"@id\":\"https:\/\/now-news.de\/de\/#organization\"},\"potentialAction\":[{\"@type\":\"SearchAction\",\"target\":{\"@type\":\"EntryPoint\",\"urlTemplate\":\"https:\/\/now-news.de\/de\/?s={search_term_string}\"},\"query-input\":\"required name=search_term_string\"}],\"inLanguage\":\"de\"},{\"@type\":\"Organization\",\"@id\":\"https:\/\/now-news.de\/de\/#organization\",\"name\":\"Just Now News\",\"url\":\"https:\/\/now-news.de\/de\/\",\"logo\":{\"@type\":\"ImageObject\",\"inLanguage\":\"de\",\"@id\":\"https:\/\/now-news.de\/de\/#\/schema\/logo\/image\/\",\"url\":\"http:\/\/just-now.news\/de\/wp-content\/uploads\/sites\/3\/2022\/04\/logo500x500.jpg\",\"contentUrl\":\"http:\/\/just-now.news\/de\/wp-content\/uploads\/sites\/3\/2022\/04\/logo500x500.jpg\",\"width\":500,\"height\":500,\"caption\":\"Just Now News\"},\"image\":{\"@id\":\"https:\/\/now-news.de\/de\/#\/schema\/logo\/image\/\"},\"sameAs\":[\"https:\/\/www.facebook.com\/wirmachenauf\",\"https:\/\/x.com\/WirMachenAuf_de\"]},{\"@type\":\"Person\",\"@id\":\"https:\/\/now-news.de\/de\/#\/schema\/person\/fb534a4e865501d8b3285208df34a9b5\",\"name\":\"rtnews\",\"image\":{\"@type\":\"ImageObject\",\"inLanguage\":\"de\",\"@id\":\"https:\/\/now-news.de\/de\/#\/schema\/person\/image\/\",\"url\":\"https:\/\/secure.gravatar.com\/avatar\/82aafea7d8127119dd649515f56e2117?s=96&d=mm&r=g\",\"contentUrl\":\"https:\/\/secure.gravatar.com\/avatar\/82aafea7d8127119dd649515f56e2117?s=96&d=mm&r=g\",\"caption\":\"rtnews\"},\"url\":\"https:\/\/now-news.de\/de\/author\/rnews\/\"}]}<\/script>\n<!-- \/ Yoast SEO Premium plugin. -->","yoast_head_json":{"title":"Kallas&#039; Unversch\u00e4mtheit provoziert EU-L\u00e4nder zu demonstrativen Aktionen - just-now.NEWS Deutschland","robots":{"index":"index","follow":"follow","max-snippet":"max-snippet:-1","max-image-preview":"max-image-preview:large","max-video-preview":"max-video-preview:-1"},"canonical":"https:\/\/now-news.de\/de\/deutschland\/kallas-unverschaemtheit-provoziert-eu-laender-zu-demonstrativen-aktionen\/","og_locale":"de_DE","og_type":"article","og_title":"Kallas&#039; Unversch\u00e4mtheit provoziert EU-L\u00e4nder zu demonstrativen Aktionen","og_description":"Die EU-Au\u00dfenkommissarin Kaja Kallas &#8220;versucht, gro\u00dfe EU-Mitgliedstaaten zu dreist und unversch\u00e4mt zu zwingen&#8221;. Mit diesen Worten kommentieren politische Analysten das gro\u00dfe Scheitern von Kallas&#8217; j\u00fcngster Initiative zur Finanzierung der Milit\u00e4rhilfe f\u00fcr die Ukraine. Von Geworg Mirsajan Anfang M\u00e4rz stellte die EU-Au\u00dfenkommissarin Kaja Kallas einen gro\u00df angelegten Plan f\u00fcr Milit\u00e4rhilfe an Kiew vor. Fast 40 Milliarden [&hellip;]","og_url":"https:\/\/now-news.de\/de\/deutschland\/kallas-unverschaemtheit-provoziert-eu-laender-zu-demonstrativen-aktionen\/","og_site_name":"just-now.NEWS Deutschland","article_publisher":"https:\/\/www.facebook.com\/wirmachenauf","article_published_time":"2025-03-24T17:35:28+00:00","og_image":[{"url":"https:\/\/now-news.de\/de\/wp-content\/uploads\/sites\/3\/2025\/03\/67e18870b480cc7d0f10d2d6.jpg"}],"author":"rtnews","twitter_card":"summary_large_image","twitter_creator":"@WirMachenAuf_de","twitter_site":"@WirMachenAuf_de","twitter_misc":{"Verfasst von":"rtnews","Gesch\u00e4tzte Lesezeit":"7\u00a0Minuten"},"schema":{"@context":"https:\/\/schema.org","@graph":[{"@type":"Article","@id":"https:\/\/now-news.de\/de\/deutschland\/kallas-unverschaemtheit-provoziert-eu-laender-zu-demonstrativen-aktionen\/#article","isPartOf":{"@id":"https:\/\/now-news.de\/de\/deutschland\/kallas-unverschaemtheit-provoziert-eu-laender-zu-demonstrativen-aktionen\/"},"author":{"name":"rtnews","@id":"https:\/\/now-news.de\/de\/#\/schema\/person\/fb534a4e865501d8b3285208df34a9b5"},"headline":"Kallas&#039; Unversch\u00e4mtheit provoziert EU-L\u00e4nder zu demonstrativen Aktionen","datePublished":"2025-03-24T17:35:28+00:00","dateModified":"2025-03-24T17:35:28+00:00","mainEntityOfPage":{"@id":"https:\/\/now-news.de\/de\/deutschland\/kallas-unverschaemtheit-provoziert-eu-laender-zu-demonstrativen-aktionen\/"},"wordCount":1338,"commentCount":0,"publisher":{"@id":"https:\/\/now-news.de\/de\/#organization"},"image":{"@id":"https:\/\/now-news.de\/de\/deutschland\/kallas-unverschaemtheit-provoziert-eu-laender-zu-demonstrativen-aktionen\/#primaryimage"},"thumbnailUrl":"https:\/\/now-news.de\/de\/wp-content\/uploads\/sites\/3\/2025\/03\/Kallas039-Unverschaemtheit-provoziert-EU-Laender-zu-demonstrativen-Aktionen.jpg","keywords":["Aktionen","demonstrativen","EUL\u00e4nder","Kallas039","provoziert","Unversch\u00e4mtheit"],"articleSection":["Deutschland","Russland"],"inLanguage":"de","potentialAction":[{"@type":"CommentAction","name":"Comment","target":["https:\/\/now-news.de\/de\/deutschland\/kallas-unverschaemtheit-provoziert-eu-laender-zu-demonstrativen-aktionen\/#respond"]}]},{"@type":"WebPage","@id":"https:\/\/now-news.de\/de\/deutschland\/kallas-unverschaemtheit-provoziert-eu-laender-zu-demonstrativen-aktionen\/","url":"https:\/\/now-news.de\/de\/deutschland\/kallas-unverschaemtheit-provoziert-eu-laender-zu-demonstrativen-aktionen\/","name":"Kallas&#039; Unversch\u00e4mtheit provoziert EU-L\u00e4nder zu demonstrativen Aktionen - just-now.NEWS Deutschland","isPartOf":{"@id":"https:\/\/now-news.de\/de\/#website"},"primaryImageOfPage":{"@id":"https:\/\/now-news.de\/de\/deutschland\/kallas-unverschaemtheit-provoziert-eu-laender-zu-demonstrativen-aktionen\/#primaryimage"},"image":{"@id":"https:\/\/now-news.de\/de\/deutschland\/kallas-unverschaemtheit-provoziert-eu-laender-zu-demonstrativen-aktionen\/#primaryimage"},"thumbnailUrl":"https:\/\/now-news.de\/de\/wp-content\/uploads\/sites\/3\/2025\/03\/Kallas039-Unverschaemtheit-provoziert-EU-Laender-zu-demonstrativen-Aktionen.jpg","datePublished":"2025-03-24T17:35:28+00:00","dateModified":"2025-03-24T17:35:28+00:00","breadcrumb":{"@id":"https:\/\/now-news.de\/de\/deutschland\/kallas-unverschaemtheit-provoziert-eu-laender-zu-demonstrativen-aktionen\/#breadcrumb"},"inLanguage":"de","potentialAction":[{"@type":"ReadAction","target":["https:\/\/now-news.de\/de\/deutschland\/kallas-unverschaemtheit-provoziert-eu-laender-zu-demonstrativen-aktionen\/"]}]},{"@type":"ImageObject","inLanguage":"de","@id":"https:\/\/now-news.de\/de\/deutschland\/kallas-unverschaemtheit-provoziert-eu-laender-zu-demonstrativen-aktionen\/#primaryimage","url":"https:\/\/now-news.de\/de\/wp-content\/uploads\/sites\/3\/2025\/03\/Kallas039-Unverschaemtheit-provoziert-EU-Laender-zu-demonstrativen-Aktionen.jpg","contentUrl":"https:\/\/now-news.de\/de\/wp-content\/uploads\/sites\/3\/2025\/03\/Kallas039-Unverschaemtheit-provoziert-EU-Laender-zu-demonstrativen-Aktionen.jpg","width":460,"height":259,"caption":"Kallas&#039; Unversch\u00e4mtheit provoziert EU-L\u00e4nder zu demonstrativen Aktionen"},{"@type":"BreadcrumbList","@id":"https:\/\/now-news.de\/de\/deutschland\/kallas-unverschaemtheit-provoziert-eu-laender-zu-demonstrativen-aktionen\/#breadcrumb","itemListElement":[{"@type":"ListItem","position":1,"name":"Home","item":"https:\/\/now-news.de\/de\/"},{"@type":"ListItem","position":2,"name":"Kallas&#039; Unversch\u00e4mtheit provoziert EU-L\u00e4nder zu demonstrativen Aktionen"}]},{"@type":"WebSite","@id":"https:\/\/now-news.de\/de\/#website","url":"https:\/\/now-news.de\/de\/","name":"just-now.NEWS Deutschland","description":"Das Portal f\u00fcr unzensierte Nachrichten aus der Welt","publisher":{"@id":"https:\/\/now-news.de\/de\/#organization"},"potentialAction":[{"@type":"SearchAction","target":{"@type":"EntryPoint","urlTemplate":"https:\/\/now-news.de\/de\/?s={search_term_string}"},"query-input":"required name=search_term_string"}],"inLanguage":"de"},{"@type":"Organization","@id":"https:\/\/now-news.de\/de\/#organization","name":"Just Now News","url":"https:\/\/now-news.de\/de\/","logo":{"@type":"ImageObject","inLanguage":"de","@id":"https:\/\/now-news.de\/de\/#\/schema\/logo\/image\/","url":"http:\/\/just-now.news\/de\/wp-content\/uploads\/sites\/3\/2022\/04\/logo500x500.jpg","contentUrl":"http:\/\/just-now.news\/de\/wp-content\/uploads\/sites\/3\/2022\/04\/logo500x500.jpg","width":500,"height":500,"caption":"Just Now News"},"image":{"@id":"https:\/\/now-news.de\/de\/#\/schema\/logo\/image\/"},"sameAs":["https:\/\/www.facebook.com\/wirmachenauf","https:\/\/x.com\/WirMachenAuf_de"]},{"@type":"Person","@id":"https:\/\/now-news.de\/de\/#\/schema\/person\/fb534a4e865501d8b3285208df34a9b5","name":"rtnews","image":{"@type":"ImageObject","inLanguage":"de","@id":"https:\/\/now-news.de\/de\/#\/schema\/person\/image\/","url":"https:\/\/secure.gravatar.com\/avatar\/82aafea7d8127119dd649515f56e2117?s=96&d=mm&r=g","contentUrl":"https:\/\/secure.gravatar.com\/avatar\/82aafea7d8127119dd649515f56e2117?s=96&d=mm&r=g","caption":"rtnews"},"url":"https:\/\/now-news.de\/de\/author\/rnews\/"}]}},"_links":{"self":[{"href":"https:\/\/now-news.de\/de\/wp-json\/wp\/v2\/posts\/80847"}],"collection":[{"href":"https:\/\/now-news.de\/de\/wp-json\/wp\/v2\/posts"}],"about":[{"href":"https:\/\/now-news.de\/de\/wp-json\/wp\/v2\/types\/post"}],"author":[{"embeddable":true,"href":"https:\/\/now-news.de\/de\/wp-json\/wp\/v2\/users\/3"}],"replies":[{"embeddable":true,"href":"https:\/\/now-news.de\/de\/wp-json\/wp\/v2\/comments?post=80847"}],"version-history":[{"count":0,"href":"https:\/\/now-news.de\/de\/wp-json\/wp\/v2\/posts\/80847\/revisions"}],"wp:featuredmedia":[{"embeddable":true,"href":"https:\/\/now-news.de\/de\/wp-json\/wp\/v2\/media\/80848"}],"wp:attachment":[{"href":"https:\/\/now-news.de\/de\/wp-json\/wp\/v2\/media?parent=80847"}],"wp:term":[{"taxonomy":"category","embeddable":true,"href":"https:\/\/now-news.de\/de\/wp-json\/wp\/v2\/categories?post=80847"},{"taxonomy":"post_tag","embeddable":true,"href":"https:\/\/now-news.de\/de\/wp-json\/wp\/v2\/tags?post=80847"}],"curies":[{"name":"wp","href":"https:\/\/api.w.org\/{rel}","templated":true}]}}