{"id":80829,"date":"2025-03-24T16:54:21","date_gmt":"2025-03-24T14:54:21","guid":{"rendered":"https:\/\/now-news.de\/de\/deutschland\/zoff-mit-der-spd-scheitern-merz-koalitonsplaene-an-der-migrationsfrage\/"},"modified":"2025-03-24T16:54:21","modified_gmt":"2025-03-24T14:54:21","slug":"zoff-mit-der-spd-scheitern-merz-koalitonsplaene-an-der-migrationsfrage","status":"publish","type":"post","link":"https:\/\/now-news.de\/de\/deutschland\/zoff-mit-der-spd-scheitern-merz-koalitonsplaene-an-der-migrationsfrage\/","title":{"rendered":"Zoff mit der SPD: Scheitern Merz&#039; Koalitonspl\u00e4ne an der Migrationsfrage?"},"content":{"rendered":"<p><img decoding=\"async\" src=\"https:\/\/now-news.de\/de\/wp-content\/uploads\/sites\/3\/2025\/03\/67e16c5448fbef6c9b175572.jpg\" \/><\/p>\n<div class=\"Text-root Text-type_1 \">\n                Bis Montagabend sollen die Koalitionsverhandlungen abgeschlossen sein \u2013 doch zwischen Union und SPD gibt es weiterhin viele Streitpunkte. Neben einer h\u00e4rteren Gangart in der Migrationsfrage will die CDU auch Steuererleichterungen f\u00fcr Unternehmen durchsetzen.\n            <\/div>\n<p><\/p>\n<div class=\"Text-root Text-type_5 ArticleView-text ViewText-root \">\n<p>Es kracht wohl gewaltig \u2013 bei den aktuellen Koalitionsverhandlungen zwischen CDU und SPD im Kontext der letzten Bundestagswahl. Das berichtet die <em>Berliner Zeitung<\/em> (BZ) am Montag. Kurz vor dem geplanten Ende der Konsultationen stehen vor allem zwei Streitpunkte einer neuen Regierung im Weg.<\/p>\n<p><strong>SPD f\u00fcr &#8220;weiter so&#8221; beim Thema Migration<\/strong><\/p>\n<p>Der Streit zwischen Union und SPD \u00fcber die\u00a0Zur\u00fcckweisung von Fl\u00fcchtlingen an den Grenzen\u00a0dreht sich um die Frage, wie konsequent Deutschland Personen zur\u00fcckweisen soll, die bereits in einem anderen EU-Land registriert wurden. Die Union fordert eine h\u00e4rtere Gangart und m\u00f6chte, dass solche Migranten direkt an der Grenze abgewiesen werden.<\/p>\n<p>Besonders CSU-Chef S\u00f6der befeuert die Debatte. Er argumentiert, dass dies notwendig sei, um das deutsche Asylsystem zu entlasten und illegale Migration einzud\u00e4mmen. Die Sozialdemokraten dagegen lehnen eine pauschale Zur\u00fcckweisung ab und setzten auf &#8220;europ\u00e4ische L\u00f6sungen&#8221;. Die Genossen wollen nur abschieben, wenn die Nachbarstaaten zustimmen \u2013 davon ist aber eher nicht auszugehen.<\/p>\n<p><strong>Niedrige Steuern f\u00fcr Unternehmen oder noch mehr Daumenschrauben?<\/strong><\/p>\n<p>W\u00e4hrend CDU und CSU auf eine Senkung der K\u00f6rperschaftsteuer f\u00fcr die ohnehin krisengebeutelten Unternehmen dr\u00e4ngen, schlagen die Sozialdemokraten einen Einstieg in eine Unternehmenssteuerreform erst f\u00fcr das Jahr 2029 vor. In Unionskreisen wurden die Verhandlungen in der Finanz-Arbeitsgruppe demnach als &#8220;z\u00e4h&#8221; definiert.<\/p>\n<p>Bei der\u00a0SPD\u00a0gebe es kein Problembewusstsein. Die wirtschaftsfernen Genossen w\u00fcrden leugnen, dass eine Entlastung der Unternehmen notwendig sei, um die im dritten Jahr in Rezession stehende Wirtschaft \u00fcberhaupt noch zu retten. Die Senkung der K\u00f6rperschaftsteuer sei als reines Unionsthema hingestellt worden. Die SPD bekam allerdings auch eine Absage: Sie sprach sich f\u00fcr eine &#8220;Reichensteuer&#8221; aus \u2013 abgelehnt. Laut <em>BZ<\/em> verlie\u00dfen manche Abgeordnete der 16-Prozent-Partei w\u00fctend die Verhandlungen.<\/p>\n<p><strong>Zeitplan dr\u00e4ngt &#8211; oder alles nur Polit-Theater?<\/strong><\/p>\n<p>Bis Ostern wollte sich Friedrich Merz eigentlich zum Kanzler w\u00e4hlen lassen. Aber inzwischen scheint die Regierungsbildung wegen der z\u00e4hen Verhandlungen in Gefahr. Saarlands Ministerpr\u00e4sidentin Anke Rehlinger (SPD) ist sich sicher, dass die Kl\u00e4rung strittiger Punkte \u00fcber den Montag hinaus dauern wird. &#8220;Es wird nat\u00fcrlich auch einige strittige Punkte geben, die vielleicht dann in einer Arbeitsgruppe nicht gekl\u00e4rt werden konnten&#8221;, sagte Rehlinger gegen\u00fcber der <em>Welt<\/em>.<\/p>\n<p>Merz deutete seinen R\u00fccktritt f\u00fcr den Fall an, dass die\u00a0Koalitionsverhandlungen\u00a0mit der SPD scheitern: &#8220;Wenn es uns nicht gelingt, ist meine Karriere eh beendet, zu einem Zeitpunkt, zu dem ich damit umgehen kann.&#8221; Gleichzeitig sprach er sich gegen eine Minderheitsregierung der CDU aus. <a rel=\"nofollow noopener\" target=\"_blank\" href=\"https:\/\/www.cicero.de\/innenpolitik\/verfassungsanderung-schuldenbremse-rot-grun-rot-ist-durchaus-moglich\">Winkt<\/a> hier vielleicht sogar eine Minderheitsregierung aus SPD\/Linken\/Gr\u00fcnen unter einem SPD-Kanzler Lars Klingbeil oder gar Boris Pistorius? Auszuschlie\u00dfen ist auch das nicht \u2013 im Berliner Politiktheater muss man schlie\u00dflich mit allem rechnen.<\/p>\n<p><strong>Mehr zum Thema<\/strong>\u00a0\u2012 <a rel=\"nofollow noopener\" target=\"_blank\" href=\"https:\/\/freedert.online\/inland\/240246-umfrage-merz-hat-waehler-getaeuscht\/\">Umfrage: Merz hat die W\u00e4hler get\u00e4uscht<\/a><\/p>\n<\/p>\n<\/div>\n<p><br \/>\n<br \/><a href=\"https:\/\/de.rt.com\/inland\/240510-zoff-mit-spd-scheitern-merz\/\">Source link <\/a><\/p>\n","protected":false},"excerpt":{"rendered":"<p>Bis Montagabend sollen die Koalitionsverhandlungen abgeschlossen sein \u2013 doch zwischen Union und SPD gibt es weiterhin viele Streitpunkte. Neben einer h\u00e4rteren Gangart in der Migrationsfrage will die CDU auch Steuererleichterungen f\u00fcr Unternehmen durchsetzen. Es kracht wohl gewaltig \u2013 bei den aktuellen Koalitionsverhandlungen zwischen CDU und SPD im Kontext der letzten Bundestagswahl. Das berichtet die Berliner [&hellip;]<\/p>\n","protected":false},"author":3,"featured_media":80830,"comment_status":"open","ping_status":"open","sticky":false,"template":"","format":"standard","meta":{"_yoast_indexnow_last_ping":["1742828438"],"wp_automatic_camp":["217"],"d39016831201c3abaaffea6513ccd936":["Zoff mit der SPD: Scheitern Merz&#039; Koalitonspl\u00e4ne an der Migrationsfrage?"],"original_link":["https:\/\/de.rt.com\/inland\/240510-zoff-mit-spd-scheitern-merz\/"],"_thumbnail_id":["80830"],"jnews_social_counter_last_update":["1776938120"],"_wptgpro_p2tg_sent2tg":["a:1:{i:23737;s:19:\"2025-03-24 17:01:38\";}"]},"categories":[19,23],"tags":[82,63703,34020,63704,419,11272,3814,24662],"yoast_head":"<!-- This site is optimized with the Yoast SEO Premium plugin v22.7 (Yoast SEO v22.7) - https:\/\/yoast.com\/wordpress\/plugins\/seo\/ -->\n<title>Zoff mit der SPD: Scheitern Merz&#039; Koalitonspl\u00e4ne an der Migrationsfrage? - just-now.NEWS Deutschland<\/title>\n<meta name=\"robots\" content=\"index, follow, max-snippet:-1, max-image-preview:large, max-video-preview:-1\" \/>\n<link rel=\"canonical\" href=\"https:\/\/now-news.de\/de\/deutschland\/zoff-mit-der-spd-scheitern-merz-koalitonsplaene-an-der-migrationsfrage\/\" \/>\n<meta property=\"og:locale\" content=\"de_DE\" \/>\n<meta property=\"og:type\" content=\"article\" \/>\n<meta property=\"og:title\" content=\"Zoff mit der SPD: Scheitern Merz&#039; Koalitonspl\u00e4ne an der Migrationsfrage?\" \/>\n<meta property=\"og:description\" content=\"Bis Montagabend sollen die Koalitionsverhandlungen abgeschlossen sein \u2013 doch zwischen Union und SPD gibt es weiterhin viele Streitpunkte. Neben einer h\u00e4rteren Gangart in der Migrationsfrage will die CDU auch Steuererleichterungen f\u00fcr Unternehmen durchsetzen. Es kracht wohl gewaltig \u2013 bei den aktuellen Koalitionsverhandlungen zwischen CDU und SPD im Kontext der letzten Bundestagswahl. Das berichtet die Berliner [&hellip;]\" \/>\n<meta property=\"og:url\" content=\"https:\/\/now-news.de\/de\/deutschland\/zoff-mit-der-spd-scheitern-merz-koalitonsplaene-an-der-migrationsfrage\/\" \/>\n<meta property=\"og:site_name\" content=\"just-now.NEWS Deutschland\" \/>\n<meta property=\"article:publisher\" content=\"https:\/\/www.facebook.com\/wirmachenauf\" \/>\n<meta property=\"article:published_time\" content=\"2025-03-24T14:54:21+00:00\" \/>\n<meta property=\"og:image\" content=\"https:\/\/now-news.de\/de\/wp-content\/uploads\/sites\/3\/2025\/03\/67e16c5448fbef6c9b175572.jpg\" \/>\n<meta name=\"author\" content=\"rtnews\" \/>\n<meta name=\"twitter:card\" content=\"summary_large_image\" \/>\n<meta name=\"twitter:creator\" content=\"@WirMachenAuf_de\" \/>\n<meta name=\"twitter:site\" content=\"@WirMachenAuf_de\" \/>\n<meta name=\"twitter:label1\" content=\"Verfasst von\" \/>\n\t<meta name=\"twitter:data1\" content=\"rtnews\" \/>\n\t<meta name=\"twitter:label2\" content=\"Gesch\u00e4tzte Lesezeit\" \/>\n\t<meta name=\"twitter:data2\" content=\"2\u00a0Minuten\" \/>\n<script type=\"application\/ld+json\" class=\"yoast-schema-graph\">{\"@context\":\"https:\/\/schema.org\",\"@graph\":[{\"@type\":\"Article\",\"@id\":\"https:\/\/now-news.de\/de\/deutschland\/zoff-mit-der-spd-scheitern-merz-koalitonsplaene-an-der-migrationsfrage\/#article\",\"isPartOf\":{\"@id\":\"https:\/\/now-news.de\/de\/deutschland\/zoff-mit-der-spd-scheitern-merz-koalitonsplaene-an-der-migrationsfrage\/\"},\"author\":{\"name\":\"rtnews\",\"@id\":\"https:\/\/now-news.de\/de\/#\/schema\/person\/fb534a4e865501d8b3285208df34a9b5\"},\"headline\":\"Zoff mit der SPD: Scheitern Merz&#039; Koalitonspl\u00e4ne an der Migrationsfrage?\",\"datePublished\":\"2025-03-24T14:54:21+00:00\",\"dateModified\":\"2025-03-24T14:54:21+00:00\",\"mainEntityOfPage\":{\"@id\":\"https:\/\/now-news.de\/de\/deutschland\/zoff-mit-der-spd-scheitern-merz-koalitonsplaene-an-der-migrationsfrage\/\"},\"wordCount\":507,\"commentCount\":0,\"publisher\":{\"@id\":\"https:\/\/now-news.de\/de\/#organization\"},\"image\":{\"@id\":\"https:\/\/now-news.de\/de\/deutschland\/zoff-mit-der-spd-scheitern-merz-koalitonsplaene-an-der-migrationsfrage\/#primaryimage\"},\"thumbnailUrl\":\"https:\/\/now-news.de\/de\/wp-content\/uploads\/sites\/3\/2025\/03\/Zoff-mit-der-SPD-Scheitern-Merz039-Koalitonsplaene-an-der-Migrationsfrage.jpg\",\"keywords\":[\"der\",\"Koalitonspl\u00e4ne\",\"Merz039\",\"Migrationsfrage\",\"mit\",\"Scheitern\",\"SPD\",\"Zoff\"],\"articleSection\":[\"Deutschland\",\"Russland\"],\"inLanguage\":\"de\",\"potentialAction\":[{\"@type\":\"CommentAction\",\"name\":\"Comment\",\"target\":[\"https:\/\/now-news.de\/de\/deutschland\/zoff-mit-der-spd-scheitern-merz-koalitonsplaene-an-der-migrationsfrage\/#respond\"]}]},{\"@type\":\"WebPage\",\"@id\":\"https:\/\/now-news.de\/de\/deutschland\/zoff-mit-der-spd-scheitern-merz-koalitonsplaene-an-der-migrationsfrage\/\",\"url\":\"https:\/\/now-news.de\/de\/deutschland\/zoff-mit-der-spd-scheitern-merz-koalitonsplaene-an-der-migrationsfrage\/\",\"name\":\"Zoff mit der SPD: Scheitern Merz&#039; Koalitonspl\u00e4ne an der Migrationsfrage? - just-now.NEWS Deutschland\",\"isPartOf\":{\"@id\":\"https:\/\/now-news.de\/de\/#website\"},\"primaryImageOfPage\":{\"@id\":\"https:\/\/now-news.de\/de\/deutschland\/zoff-mit-der-spd-scheitern-merz-koalitonsplaene-an-der-migrationsfrage\/#primaryimage\"},\"image\":{\"@id\":\"https:\/\/now-news.de\/de\/deutschland\/zoff-mit-der-spd-scheitern-merz-koalitonsplaene-an-der-migrationsfrage\/#primaryimage\"},\"thumbnailUrl\":\"https:\/\/now-news.de\/de\/wp-content\/uploads\/sites\/3\/2025\/03\/Zoff-mit-der-SPD-Scheitern-Merz039-Koalitonsplaene-an-der-Migrationsfrage.jpg\",\"datePublished\":\"2025-03-24T14:54:21+00:00\",\"dateModified\":\"2025-03-24T14:54:21+00:00\",\"breadcrumb\":{\"@id\":\"https:\/\/now-news.de\/de\/deutschland\/zoff-mit-der-spd-scheitern-merz-koalitonsplaene-an-der-migrationsfrage\/#breadcrumb\"},\"inLanguage\":\"de\",\"potentialAction\":[{\"@type\":\"ReadAction\",\"target\":[\"https:\/\/now-news.de\/de\/deutschland\/zoff-mit-der-spd-scheitern-merz-koalitonsplaene-an-der-migrationsfrage\/\"]}]},{\"@type\":\"ImageObject\",\"inLanguage\":\"de\",\"@id\":\"https:\/\/now-news.de\/de\/deutschland\/zoff-mit-der-spd-scheitern-merz-koalitonsplaene-an-der-migrationsfrage\/#primaryimage\",\"url\":\"https:\/\/now-news.de\/de\/wp-content\/uploads\/sites\/3\/2025\/03\/Zoff-mit-der-SPD-Scheitern-Merz039-Koalitonsplaene-an-der-Migrationsfrage.jpg\",\"contentUrl\":\"https:\/\/now-news.de\/de\/wp-content\/uploads\/sites\/3\/2025\/03\/Zoff-mit-der-SPD-Scheitern-Merz039-Koalitonsplaene-an-der-Migrationsfrage.jpg\",\"width\":460,\"height\":259,\"caption\":\"Zoff mit der SPD: Scheitern Merz&#039; Koalitonspl\u00e4ne an der Migrationsfrage?\"},{\"@type\":\"BreadcrumbList\",\"@id\":\"https:\/\/now-news.de\/de\/deutschland\/zoff-mit-der-spd-scheitern-merz-koalitonsplaene-an-der-migrationsfrage\/#breadcrumb\",\"itemListElement\":[{\"@type\":\"ListItem\",\"position\":1,\"name\":\"Home\",\"item\":\"https:\/\/now-news.de\/de\/\"},{\"@type\":\"ListItem\",\"position\":2,\"name\":\"Zoff mit der SPD: Scheitern Merz&#039; Koalitonspl\u00e4ne an der Migrationsfrage?\"}]},{\"@type\":\"WebSite\",\"@id\":\"https:\/\/now-news.de\/de\/#website\",\"url\":\"https:\/\/now-news.de\/de\/\",\"name\":\"just-now.NEWS Deutschland\",\"description\":\"Das Portal f\u00fcr unzensierte Nachrichten aus der Welt\",\"publisher\":{\"@id\":\"https:\/\/now-news.de\/de\/#organization\"},\"potentialAction\":[{\"@type\":\"SearchAction\",\"target\":{\"@type\":\"EntryPoint\",\"urlTemplate\":\"https:\/\/now-news.de\/de\/?s={search_term_string}\"},\"query-input\":\"required name=search_term_string\"}],\"inLanguage\":\"de\"},{\"@type\":\"Organization\",\"@id\":\"https:\/\/now-news.de\/de\/#organization\",\"name\":\"Just Now News\",\"url\":\"https:\/\/now-news.de\/de\/\",\"logo\":{\"@type\":\"ImageObject\",\"inLanguage\":\"de\",\"@id\":\"https:\/\/now-news.de\/de\/#\/schema\/logo\/image\/\",\"url\":\"http:\/\/just-now.news\/de\/wp-content\/uploads\/sites\/3\/2022\/04\/logo500x500.jpg\",\"contentUrl\":\"http:\/\/just-now.news\/de\/wp-content\/uploads\/sites\/3\/2022\/04\/logo500x500.jpg\",\"width\":500,\"height\":500,\"caption\":\"Just Now News\"},\"image\":{\"@id\":\"https:\/\/now-news.de\/de\/#\/schema\/logo\/image\/\"},\"sameAs\":[\"https:\/\/www.facebook.com\/wirmachenauf\",\"https:\/\/x.com\/WirMachenAuf_de\"]},{\"@type\":\"Person\",\"@id\":\"https:\/\/now-news.de\/de\/#\/schema\/person\/fb534a4e865501d8b3285208df34a9b5\",\"name\":\"rtnews\",\"image\":{\"@type\":\"ImageObject\",\"inLanguage\":\"de\",\"@id\":\"https:\/\/now-news.de\/de\/#\/schema\/person\/image\/\",\"url\":\"https:\/\/secure.gravatar.com\/avatar\/82aafea7d8127119dd649515f56e2117?s=96&d=mm&r=g\",\"contentUrl\":\"https:\/\/secure.gravatar.com\/avatar\/82aafea7d8127119dd649515f56e2117?s=96&d=mm&r=g\",\"caption\":\"rtnews\"},\"url\":\"https:\/\/now-news.de\/de\/author\/rnews\/\"}]}<\/script>\n<!-- \/ Yoast SEO Premium plugin. -->","yoast_head_json":{"title":"Zoff mit der SPD: Scheitern Merz&#039; Koalitonspl\u00e4ne an der Migrationsfrage? - just-now.NEWS Deutschland","robots":{"index":"index","follow":"follow","max-snippet":"max-snippet:-1","max-image-preview":"max-image-preview:large","max-video-preview":"max-video-preview:-1"},"canonical":"https:\/\/now-news.de\/de\/deutschland\/zoff-mit-der-spd-scheitern-merz-koalitonsplaene-an-der-migrationsfrage\/","og_locale":"de_DE","og_type":"article","og_title":"Zoff mit der SPD: Scheitern Merz&#039; Koalitonspl\u00e4ne an der Migrationsfrage?","og_description":"Bis Montagabend sollen die Koalitionsverhandlungen abgeschlossen sein \u2013 doch zwischen Union und SPD gibt es weiterhin viele Streitpunkte. Neben einer h\u00e4rteren Gangart in der Migrationsfrage will die CDU auch Steuererleichterungen f\u00fcr Unternehmen durchsetzen. Es kracht wohl gewaltig \u2013 bei den aktuellen Koalitionsverhandlungen zwischen CDU und SPD im Kontext der letzten Bundestagswahl. Das berichtet die Berliner [&hellip;]","og_url":"https:\/\/now-news.de\/de\/deutschland\/zoff-mit-der-spd-scheitern-merz-koalitonsplaene-an-der-migrationsfrage\/","og_site_name":"just-now.NEWS Deutschland","article_publisher":"https:\/\/www.facebook.com\/wirmachenauf","article_published_time":"2025-03-24T14:54:21+00:00","og_image":[{"url":"https:\/\/now-news.de\/de\/wp-content\/uploads\/sites\/3\/2025\/03\/67e16c5448fbef6c9b175572.jpg"}],"author":"rtnews","twitter_card":"summary_large_image","twitter_creator":"@WirMachenAuf_de","twitter_site":"@WirMachenAuf_de","twitter_misc":{"Verfasst von":"rtnews","Gesch\u00e4tzte Lesezeit":"2\u00a0Minuten"},"schema":{"@context":"https:\/\/schema.org","@graph":[{"@type":"Article","@id":"https:\/\/now-news.de\/de\/deutschland\/zoff-mit-der-spd-scheitern-merz-koalitonsplaene-an-der-migrationsfrage\/#article","isPartOf":{"@id":"https:\/\/now-news.de\/de\/deutschland\/zoff-mit-der-spd-scheitern-merz-koalitonsplaene-an-der-migrationsfrage\/"},"author":{"name":"rtnews","@id":"https:\/\/now-news.de\/de\/#\/schema\/person\/fb534a4e865501d8b3285208df34a9b5"},"headline":"Zoff mit der SPD: Scheitern Merz&#039; Koalitonspl\u00e4ne an der Migrationsfrage?","datePublished":"2025-03-24T14:54:21+00:00","dateModified":"2025-03-24T14:54:21+00:00","mainEntityOfPage":{"@id":"https:\/\/now-news.de\/de\/deutschland\/zoff-mit-der-spd-scheitern-merz-koalitonsplaene-an-der-migrationsfrage\/"},"wordCount":507,"commentCount":0,"publisher":{"@id":"https:\/\/now-news.de\/de\/#organization"},"image":{"@id":"https:\/\/now-news.de\/de\/deutschland\/zoff-mit-der-spd-scheitern-merz-koalitonsplaene-an-der-migrationsfrage\/#primaryimage"},"thumbnailUrl":"https:\/\/now-news.de\/de\/wp-content\/uploads\/sites\/3\/2025\/03\/Zoff-mit-der-SPD-Scheitern-Merz039-Koalitonsplaene-an-der-Migrationsfrage.jpg","keywords":["der","Koalitonspl\u00e4ne","Merz039","Migrationsfrage","mit","Scheitern","SPD","Zoff"],"articleSection":["Deutschland","Russland"],"inLanguage":"de","potentialAction":[{"@type":"CommentAction","name":"Comment","target":["https:\/\/now-news.de\/de\/deutschland\/zoff-mit-der-spd-scheitern-merz-koalitonsplaene-an-der-migrationsfrage\/#respond"]}]},{"@type":"WebPage","@id":"https:\/\/now-news.de\/de\/deutschland\/zoff-mit-der-spd-scheitern-merz-koalitonsplaene-an-der-migrationsfrage\/","url":"https:\/\/now-news.de\/de\/deutschland\/zoff-mit-der-spd-scheitern-merz-koalitonsplaene-an-der-migrationsfrage\/","name":"Zoff mit der SPD: Scheitern Merz&#039; Koalitonspl\u00e4ne an der Migrationsfrage? - just-now.NEWS Deutschland","isPartOf":{"@id":"https:\/\/now-news.de\/de\/#website"},"primaryImageOfPage":{"@id":"https:\/\/now-news.de\/de\/deutschland\/zoff-mit-der-spd-scheitern-merz-koalitonsplaene-an-der-migrationsfrage\/#primaryimage"},"image":{"@id":"https:\/\/now-news.de\/de\/deutschland\/zoff-mit-der-spd-scheitern-merz-koalitonsplaene-an-der-migrationsfrage\/#primaryimage"},"thumbnailUrl":"https:\/\/now-news.de\/de\/wp-content\/uploads\/sites\/3\/2025\/03\/Zoff-mit-der-SPD-Scheitern-Merz039-Koalitonsplaene-an-der-Migrationsfrage.jpg","datePublished":"2025-03-24T14:54:21+00:00","dateModified":"2025-03-24T14:54:21+00:00","breadcrumb":{"@id":"https:\/\/now-news.de\/de\/deutschland\/zoff-mit-der-spd-scheitern-merz-koalitonsplaene-an-der-migrationsfrage\/#breadcrumb"},"inLanguage":"de","potentialAction":[{"@type":"ReadAction","target":["https:\/\/now-news.de\/de\/deutschland\/zoff-mit-der-spd-scheitern-merz-koalitonsplaene-an-der-migrationsfrage\/"]}]},{"@type":"ImageObject","inLanguage":"de","@id":"https:\/\/now-news.de\/de\/deutschland\/zoff-mit-der-spd-scheitern-merz-koalitonsplaene-an-der-migrationsfrage\/#primaryimage","url":"https:\/\/now-news.de\/de\/wp-content\/uploads\/sites\/3\/2025\/03\/Zoff-mit-der-SPD-Scheitern-Merz039-Koalitonsplaene-an-der-Migrationsfrage.jpg","contentUrl":"https:\/\/now-news.de\/de\/wp-content\/uploads\/sites\/3\/2025\/03\/Zoff-mit-der-SPD-Scheitern-Merz039-Koalitonsplaene-an-der-Migrationsfrage.jpg","width":460,"height":259,"caption":"Zoff mit der SPD: Scheitern Merz&#039; Koalitonspl\u00e4ne an der Migrationsfrage?"},{"@type":"BreadcrumbList","@id":"https:\/\/now-news.de\/de\/deutschland\/zoff-mit-der-spd-scheitern-merz-koalitonsplaene-an-der-migrationsfrage\/#breadcrumb","itemListElement":[{"@type":"ListItem","position":1,"name":"Home","item":"https:\/\/now-news.de\/de\/"},{"@type":"ListItem","position":2,"name":"Zoff mit der SPD: Scheitern Merz&#039; Koalitonspl\u00e4ne an der Migrationsfrage?"}]},{"@type":"WebSite","@id":"https:\/\/now-news.de\/de\/#website","url":"https:\/\/now-news.de\/de\/","name":"just-now.NEWS Deutschland","description":"Das Portal f\u00fcr unzensierte Nachrichten aus der Welt","publisher":{"@id":"https:\/\/now-news.de\/de\/#organization"},"potentialAction":[{"@type":"SearchAction","target":{"@type":"EntryPoint","urlTemplate":"https:\/\/now-news.de\/de\/?s={search_term_string}"},"query-input":"required name=search_term_string"}],"inLanguage":"de"},{"@type":"Organization","@id":"https:\/\/now-news.de\/de\/#organization","name":"Just Now News","url":"https:\/\/now-news.de\/de\/","logo":{"@type":"ImageObject","inLanguage":"de","@id":"https:\/\/now-news.de\/de\/#\/schema\/logo\/image\/","url":"http:\/\/just-now.news\/de\/wp-content\/uploads\/sites\/3\/2022\/04\/logo500x500.jpg","contentUrl":"http:\/\/just-now.news\/de\/wp-content\/uploads\/sites\/3\/2022\/04\/logo500x500.jpg","width":500,"height":500,"caption":"Just Now News"},"image":{"@id":"https:\/\/now-news.de\/de\/#\/schema\/logo\/image\/"},"sameAs":["https:\/\/www.facebook.com\/wirmachenauf","https:\/\/x.com\/WirMachenAuf_de"]},{"@type":"Person","@id":"https:\/\/now-news.de\/de\/#\/schema\/person\/fb534a4e865501d8b3285208df34a9b5","name":"rtnews","image":{"@type":"ImageObject","inLanguage":"de","@id":"https:\/\/now-news.de\/de\/#\/schema\/person\/image\/","url":"https:\/\/secure.gravatar.com\/avatar\/82aafea7d8127119dd649515f56e2117?s=96&d=mm&r=g","contentUrl":"https:\/\/secure.gravatar.com\/avatar\/82aafea7d8127119dd649515f56e2117?s=96&d=mm&r=g","caption":"rtnews"},"url":"https:\/\/now-news.de\/de\/author\/rnews\/"}]}},"_links":{"self":[{"href":"https:\/\/now-news.de\/de\/wp-json\/wp\/v2\/posts\/80829"}],"collection":[{"href":"https:\/\/now-news.de\/de\/wp-json\/wp\/v2\/posts"}],"about":[{"href":"https:\/\/now-news.de\/de\/wp-json\/wp\/v2\/types\/post"}],"author":[{"embeddable":true,"href":"https:\/\/now-news.de\/de\/wp-json\/wp\/v2\/users\/3"}],"replies":[{"embeddable":true,"href":"https:\/\/now-news.de\/de\/wp-json\/wp\/v2\/comments?post=80829"}],"version-history":[{"count":0,"href":"https:\/\/now-news.de\/de\/wp-json\/wp\/v2\/posts\/80829\/revisions"}],"wp:featuredmedia":[{"embeddable":true,"href":"https:\/\/now-news.de\/de\/wp-json\/wp\/v2\/media\/80830"}],"wp:attachment":[{"href":"https:\/\/now-news.de\/de\/wp-json\/wp\/v2\/media?parent=80829"}],"wp:term":[{"taxonomy":"category","embeddable":true,"href":"https:\/\/now-news.de\/de\/wp-json\/wp\/v2\/categories?post=80829"},{"taxonomy":"post_tag","embeddable":true,"href":"https:\/\/now-news.de\/de\/wp-json\/wp\/v2\/tags?post=80829"}],"curies":[{"name":"wp","href":"https:\/\/api.w.org\/{rel}","templated":true}]}}