{"id":80795,"date":"2025-03-23T22:04:41","date_gmt":"2025-03-23T20:04:41","guid":{"rendered":"https:\/\/now-news.de\/de\/deutschland\/kremlsprecher-peskow-bezeichnet-europas-politik-in-ukraine-krise-als-paradoxal\/"},"modified":"2025-03-23T22:04:41","modified_gmt":"2025-03-23T20:04:41","slug":"kremlsprecher-peskow-bezeichnet-europas-politik-in-ukraine-krise-als-paradoxal","status":"publish","type":"post","link":"https:\/\/now-news.de\/de\/deutschland\/kremlsprecher-peskow-bezeichnet-europas-politik-in-ukraine-krise-als-paradoxal\/","title":{"rendered":"Kremlsprecher Peskow bezeichnet Europas Politik in Ukraine-Krise als &quot;paradoxal&quot;"},"content":{"rendered":"<p><img decoding=\"async\" src=\"https:\/\/now-news.de\/de\/wp-content\/uploads\/sites\/3\/2025\/03\/67e01c13b480cc10b6643531.jpg\" \/><\/p>\n<div class=\"Text-root Text-type_1 \">\n                Vor dem Hintergrund einer Ann\u00e4herung zwischen Russland und den USA h\u00e4lt die Regierung in Moskau die europ\u00e4ische Politik in Bezug auf die Ukraine-Krise f\u00fcr alogisch. Der Kreml wirft Europa vor, mit den Pl\u00e4nen f\u00fcr eine Entsendung von Truppen nur \u00d6l ins Feuer zu gie\u00dfen.\n            <\/div>\n<p><\/p>\n<div class=\"Text-root Text-type_5 ArticleView-text ViewText-root \">\n<p>In einem Interview f\u00fcr den Fernsehsender <em>Rossija 1<\/em> hat der Kremlsprecher Dmitri Peskow ausf\u00fchrlich die aktuelle Situation rund um die Ukraine-Krise kommentiert. Im Gespr\u00e4ch mit dem Moderator Pawel Sarubin <a rel=\"nofollow noopener\" target=\"_blank\" href=\"https:\/\/t.me\/zarubinreporter\/3799\">warf<\/a> der Sprecher des russischen Pr\u00e4sidenten unter anderem Europa vor, weiterhin \u00d6l ins Feuer zu gie\u00dfen. Die Position vieler L\u00e4nder des Kontinents bezeichnete Peskow als alogisch.<\/p>\n<blockquote>\n<p><em>&#8220;Europa muss eigentlich an einem Frieden durch und durch interessiert sein. Aber Europa spricht jetzt von einem Krieg und dar\u00fcber, wie es sich selbst militarisieren soll.&#8221;<\/em><\/p>\n<\/blockquote>\n<p>Es sei &#8220;paradoxal&#8221;, dass Europa jetzt nicht dar\u00fcber nachdenke, wie sich die Grundursachen des Ukraine-Konfliktes beseitigen lie\u00dfen, stellte Peskow fest. Ganz im Gegenheil: Europa habe nun vor, zu diesen Grundursachen noch Milit\u00e4rkontingente aus NATO-L\u00e4ndern hinzuzuf\u00fcgen.<\/p>\n<p>In diesem Kontext \u00e4u\u00dferte der Kremlsprecher sein Befremden dar\u00fcber, dass die Europ\u00e4er momentan 800 Milliarden Euro f\u00fcr ihre\u00a0Aufr\u00fcstung\u00a0aufzutreiben versuchten, statt dieses\u00a0Geld\u00a0ins Gesundheitswesen oder in die Infrastrukturentwicklung zu investieren. Die Situation sei &#8220;paradoxal&#8221;. Er k\u00f6nne diese &#8220;rasende militaristische Politik Europas&#8221; nicht fassen, sagte Peskow.<\/p>\n<p>Insbesondere verurteilte der Kremlsprecher den Vorschlag des franz\u00f6sischen Pr\u00e4sidenten Emmanuel Macron,\u00a0verb\u00fcndete L\u00e4nder unter den Schutz der franz\u00f6sischen\u00a0Atomwaffen\u00a0zu stellen. Solche \u00c4u\u00dferungen seien gef\u00e4hrlich, warnte Peskow.<\/p>\n<p>Gleichzeitig warb der Kremlsprecher f\u00fcr gute nachbarschaftliche Beziehungen. Ihm zufolge sollten die europ\u00e4ischen L\u00e4nder eigentlich daran interessiert sein, im Verh\u00e4ltnis mit Moskau &#8220;alle Mauern&#8221; und Hindernisse einzurei\u00dfen. Das Ziel sollte eine harmonische Entwicklung zum gegenseitigen Vorteil sein. Peskow brachte seine Hoffnung zum Ausdruck, dass es in Europa einmal wieder Politiker geben werde, die die Wichtigkeit der guten Beziehungen zu Russland verst\u00fcnden.<\/p>\n<p><strong>Mehr zum Thema<\/strong> \u2013 <a rel=\"nofollow noopener\" target=\"_blank\" href=\"https:\/\/freedert.online\/international\/240391-bericht-usa-wollen-waffenstillstand-bis-ostern-erreichen\/\">Bericht: USA wollen Waffenstillstand zwischen Russland und Ukraine bis Ostern erreichen<\/a><\/p>\n<\/p>\n<\/div>\n<p><br \/>\n<br \/><a href=\"https:\/\/de.rt.com\/europa\/240412-kremlsprecher-peskow-bezeichnet-europas-politik-als-paradoxal\/\">Source link <\/a><\/p>\n","protected":false},"excerpt":{"rendered":"<p>Vor dem Hintergrund einer Ann\u00e4herung zwischen Russland und den USA h\u00e4lt die Regierung in Moskau die europ\u00e4ische Politik in Bezug auf die Ukraine-Krise f\u00fcr alogisch. Der Kreml wirft Europa vor, mit den Pl\u00e4nen f\u00fcr eine Entsendung von Truppen nur \u00d6l ins Feuer zu gie\u00dfen. In einem Interview f\u00fcr den Fernsehsender Rossija 1 hat der Kremlsprecher [&hellip;]<\/p>\n","protected":false},"author":3,"featured_media":80796,"comment_status":"open","ping_status":"open","sticky":false,"template":"","format":"standard","meta":{"_yoast_indexnow_last_ping":["1742760694"],"wp_automatic_camp":["217"],"2cc4a7d31a333131133fd0aefd508a94":["Kremlsprecher Peskow bezeichnet Europas Politik in Ukraine-Krise als &quot;paradoxal&quot;"],"original_link":["https:\/\/de.rt.com\/europa\/240412-kremlsprecher-peskow-bezeichnet-europas-politik-als-paradoxal\/"],"_thumbnail_id":["80796"],"jnews_social_counter_last_update":["1777105216"],"_wptgpro_p2tg_sent2tg":["a:1:{i:23737;s:19:\"2025-03-23 22:12:35\";}"]},"categories":[19,23],"tags":[273,7183,1293,18596,18597,592,63683,5015],"yoast_head":"<!-- This site is optimized with the Yoast SEO Premium plugin v22.7 (Yoast SEO v22.7) - https:\/\/yoast.com\/wordpress\/plugins\/seo\/ -->\n<title>Kremlsprecher Peskow bezeichnet Europas Politik in Ukraine-Krise als &quot;paradoxal&quot; - just-now.NEWS Deutschland<\/title>\n<meta name=\"robots\" content=\"index, follow, max-snippet:-1, max-image-preview:large, max-video-preview:-1\" \/>\n<link rel=\"canonical\" href=\"https:\/\/now-news.de\/de\/deutschland\/kremlsprecher-peskow-bezeichnet-europas-politik-in-ukraine-krise-als-paradoxal\/\" \/>\n<meta property=\"og:locale\" content=\"de_DE\" \/>\n<meta property=\"og:type\" content=\"article\" \/>\n<meta property=\"og:title\" content=\"Kremlsprecher Peskow bezeichnet Europas Politik in Ukraine-Krise als &quot;paradoxal&quot;\" \/>\n<meta property=\"og:description\" content=\"Vor dem Hintergrund einer Ann\u00e4herung zwischen Russland und den USA h\u00e4lt die Regierung in Moskau die europ\u00e4ische Politik in Bezug auf die Ukraine-Krise f\u00fcr alogisch. Der Kreml wirft Europa vor, mit den Pl\u00e4nen f\u00fcr eine Entsendung von Truppen nur \u00d6l ins Feuer zu gie\u00dfen. In einem Interview f\u00fcr den Fernsehsender Rossija 1 hat der Kremlsprecher [&hellip;]\" \/>\n<meta property=\"og:url\" content=\"https:\/\/now-news.de\/de\/deutschland\/kremlsprecher-peskow-bezeichnet-europas-politik-in-ukraine-krise-als-paradoxal\/\" \/>\n<meta property=\"og:site_name\" content=\"just-now.NEWS Deutschland\" \/>\n<meta property=\"article:publisher\" content=\"https:\/\/www.facebook.com\/wirmachenauf\" \/>\n<meta property=\"article:published_time\" content=\"2025-03-23T20:04:41+00:00\" \/>\n<meta property=\"og:image\" content=\"https:\/\/now-news.de\/de\/wp-content\/uploads\/sites\/3\/2025\/03\/67e01c13b480cc10b6643531.jpg\" \/>\n<meta name=\"author\" content=\"rtnews\" \/>\n<meta name=\"twitter:card\" content=\"summary_large_image\" \/>\n<meta name=\"twitter:creator\" content=\"@WirMachenAuf_de\" \/>\n<meta name=\"twitter:site\" content=\"@WirMachenAuf_de\" \/>\n<meta name=\"twitter:label1\" content=\"Verfasst von\" \/>\n\t<meta name=\"twitter:data1\" content=\"rtnews\" \/>\n\t<meta name=\"twitter:label2\" content=\"Gesch\u00e4tzte Lesezeit\" \/>\n\t<meta name=\"twitter:data2\" content=\"2\u00a0Minuten\" \/>\n<script type=\"application\/ld+json\" class=\"yoast-schema-graph\">{\"@context\":\"https:\/\/schema.org\",\"@graph\":[{\"@type\":\"Article\",\"@id\":\"https:\/\/now-news.de\/de\/deutschland\/kremlsprecher-peskow-bezeichnet-europas-politik-in-ukraine-krise-als-paradoxal\/#article\",\"isPartOf\":{\"@id\":\"https:\/\/now-news.de\/de\/deutschland\/kremlsprecher-peskow-bezeichnet-europas-politik-in-ukraine-krise-als-paradoxal\/\"},\"author\":{\"name\":\"rtnews\",\"@id\":\"https:\/\/now-news.de\/de\/#\/schema\/person\/fb534a4e865501d8b3285208df34a9b5\"},\"headline\":\"Kremlsprecher Peskow bezeichnet Europas Politik in Ukraine-Krise als &quot;paradoxal&quot;\",\"datePublished\":\"2025-03-23T20:04:41+00:00\",\"dateModified\":\"2025-03-23T20:04:41+00:00\",\"mainEntityOfPage\":{\"@id\":\"https:\/\/now-news.de\/de\/deutschland\/kremlsprecher-peskow-bezeichnet-europas-politik-in-ukraine-krise-als-paradoxal\/\"},\"wordCount\":359,\"commentCount\":0,\"publisher\":{\"@id\":\"https:\/\/now-news.de\/de\/#organization\"},\"image\":{\"@id\":\"https:\/\/now-news.de\/de\/deutschland\/kremlsprecher-peskow-bezeichnet-europas-politik-in-ukraine-krise-als-paradoxal\/#primaryimage\"},\"thumbnailUrl\":\"https:\/\/now-news.de\/de\/wp-content\/uploads\/sites\/3\/2025\/03\/Kremlsprecher-Peskow-bezeichnet-Europas-Politik-in-Ukraine-Krise-als-quotparadoxalquot.jpg\",\"keywords\":[\"als\",\"bezeichnet\",\"Europas\",\"KremlSprecher\",\"Peskow\",\"Politik\",\"quotparadoxalquot\",\"UkraineKrise\"],\"articleSection\":[\"Deutschland\",\"Russland\"],\"inLanguage\":\"de\",\"potentialAction\":[{\"@type\":\"CommentAction\",\"name\":\"Comment\",\"target\":[\"https:\/\/now-news.de\/de\/deutschland\/kremlsprecher-peskow-bezeichnet-europas-politik-in-ukraine-krise-als-paradoxal\/#respond\"]}]},{\"@type\":\"WebPage\",\"@id\":\"https:\/\/now-news.de\/de\/deutschland\/kremlsprecher-peskow-bezeichnet-europas-politik-in-ukraine-krise-als-paradoxal\/\",\"url\":\"https:\/\/now-news.de\/de\/deutschland\/kremlsprecher-peskow-bezeichnet-europas-politik-in-ukraine-krise-als-paradoxal\/\",\"name\":\"Kremlsprecher Peskow bezeichnet Europas Politik in Ukraine-Krise als &quot;paradoxal&quot; - just-now.NEWS Deutschland\",\"isPartOf\":{\"@id\":\"https:\/\/now-news.de\/de\/#website\"},\"primaryImageOfPage\":{\"@id\":\"https:\/\/now-news.de\/de\/deutschland\/kremlsprecher-peskow-bezeichnet-europas-politik-in-ukraine-krise-als-paradoxal\/#primaryimage\"},\"image\":{\"@id\":\"https:\/\/now-news.de\/de\/deutschland\/kremlsprecher-peskow-bezeichnet-europas-politik-in-ukraine-krise-als-paradoxal\/#primaryimage\"},\"thumbnailUrl\":\"https:\/\/now-news.de\/de\/wp-content\/uploads\/sites\/3\/2025\/03\/Kremlsprecher-Peskow-bezeichnet-Europas-Politik-in-Ukraine-Krise-als-quotparadoxalquot.jpg\",\"datePublished\":\"2025-03-23T20:04:41+00:00\",\"dateModified\":\"2025-03-23T20:04:41+00:00\",\"breadcrumb\":{\"@id\":\"https:\/\/now-news.de\/de\/deutschland\/kremlsprecher-peskow-bezeichnet-europas-politik-in-ukraine-krise-als-paradoxal\/#breadcrumb\"},\"inLanguage\":\"de\",\"potentialAction\":[{\"@type\":\"ReadAction\",\"target\":[\"https:\/\/now-news.de\/de\/deutschland\/kremlsprecher-peskow-bezeichnet-europas-politik-in-ukraine-krise-als-paradoxal\/\"]}]},{\"@type\":\"ImageObject\",\"inLanguage\":\"de\",\"@id\":\"https:\/\/now-news.de\/de\/deutschland\/kremlsprecher-peskow-bezeichnet-europas-politik-in-ukraine-krise-als-paradoxal\/#primaryimage\",\"url\":\"https:\/\/now-news.de\/de\/wp-content\/uploads\/sites\/3\/2025\/03\/Kremlsprecher-Peskow-bezeichnet-Europas-Politik-in-Ukraine-Krise-als-quotparadoxalquot.jpg\",\"contentUrl\":\"https:\/\/now-news.de\/de\/wp-content\/uploads\/sites\/3\/2025\/03\/Kremlsprecher-Peskow-bezeichnet-Europas-Politik-in-Ukraine-Krise-als-quotparadoxalquot.jpg\",\"width\":460,\"height\":259,\"caption\":\"Kremlsprecher Peskow bezeichnet Europas Politik in Ukraine-Krise als &quot;paradoxal&quot;\"},{\"@type\":\"BreadcrumbList\",\"@id\":\"https:\/\/now-news.de\/de\/deutschland\/kremlsprecher-peskow-bezeichnet-europas-politik-in-ukraine-krise-als-paradoxal\/#breadcrumb\",\"itemListElement\":[{\"@type\":\"ListItem\",\"position\":1,\"name\":\"Home\",\"item\":\"https:\/\/now-news.de\/de\/\"},{\"@type\":\"ListItem\",\"position\":2,\"name\":\"Kremlsprecher Peskow bezeichnet Europas Politik in Ukraine-Krise als &quot;paradoxal&quot;\"}]},{\"@type\":\"WebSite\",\"@id\":\"https:\/\/now-news.de\/de\/#website\",\"url\":\"https:\/\/now-news.de\/de\/\",\"name\":\"just-now.NEWS Deutschland\",\"description\":\"Das Portal f\u00fcr unzensierte Nachrichten aus der Welt\",\"publisher\":{\"@id\":\"https:\/\/now-news.de\/de\/#organization\"},\"potentialAction\":[{\"@type\":\"SearchAction\",\"target\":{\"@type\":\"EntryPoint\",\"urlTemplate\":\"https:\/\/now-news.de\/de\/?s={search_term_string}\"},\"query-input\":\"required name=search_term_string\"}],\"inLanguage\":\"de\"},{\"@type\":\"Organization\",\"@id\":\"https:\/\/now-news.de\/de\/#organization\",\"name\":\"Just Now News\",\"url\":\"https:\/\/now-news.de\/de\/\",\"logo\":{\"@type\":\"ImageObject\",\"inLanguage\":\"de\",\"@id\":\"https:\/\/now-news.de\/de\/#\/schema\/logo\/image\/\",\"url\":\"http:\/\/just-now.news\/de\/wp-content\/uploads\/sites\/3\/2022\/04\/logo500x500.jpg\",\"contentUrl\":\"http:\/\/just-now.news\/de\/wp-content\/uploads\/sites\/3\/2022\/04\/logo500x500.jpg\",\"width\":500,\"height\":500,\"caption\":\"Just Now News\"},\"image\":{\"@id\":\"https:\/\/now-news.de\/de\/#\/schema\/logo\/image\/\"},\"sameAs\":[\"https:\/\/www.facebook.com\/wirmachenauf\",\"https:\/\/x.com\/WirMachenAuf_de\"]},{\"@type\":\"Person\",\"@id\":\"https:\/\/now-news.de\/de\/#\/schema\/person\/fb534a4e865501d8b3285208df34a9b5\",\"name\":\"rtnews\",\"image\":{\"@type\":\"ImageObject\",\"inLanguage\":\"de\",\"@id\":\"https:\/\/now-news.de\/de\/#\/schema\/person\/image\/\",\"url\":\"https:\/\/secure.gravatar.com\/avatar\/82aafea7d8127119dd649515f56e2117?s=96&d=mm&r=g\",\"contentUrl\":\"https:\/\/secure.gravatar.com\/avatar\/82aafea7d8127119dd649515f56e2117?s=96&d=mm&r=g\",\"caption\":\"rtnews\"},\"url\":\"https:\/\/now-news.de\/de\/author\/rnews\/\"}]}<\/script>\n<!-- \/ Yoast SEO Premium plugin. -->","yoast_head_json":{"title":"Kremlsprecher Peskow bezeichnet Europas Politik in Ukraine-Krise als &quot;paradoxal&quot; - just-now.NEWS Deutschland","robots":{"index":"index","follow":"follow","max-snippet":"max-snippet:-1","max-image-preview":"max-image-preview:large","max-video-preview":"max-video-preview:-1"},"canonical":"https:\/\/now-news.de\/de\/deutschland\/kremlsprecher-peskow-bezeichnet-europas-politik-in-ukraine-krise-als-paradoxal\/","og_locale":"de_DE","og_type":"article","og_title":"Kremlsprecher Peskow bezeichnet Europas Politik in Ukraine-Krise als &quot;paradoxal&quot;","og_description":"Vor dem Hintergrund einer Ann\u00e4herung zwischen Russland und den USA h\u00e4lt die Regierung in Moskau die europ\u00e4ische Politik in Bezug auf die Ukraine-Krise f\u00fcr alogisch. Der Kreml wirft Europa vor, mit den Pl\u00e4nen f\u00fcr eine Entsendung von Truppen nur \u00d6l ins Feuer zu gie\u00dfen. In einem Interview f\u00fcr den Fernsehsender Rossija 1 hat der Kremlsprecher [&hellip;]","og_url":"https:\/\/now-news.de\/de\/deutschland\/kremlsprecher-peskow-bezeichnet-europas-politik-in-ukraine-krise-als-paradoxal\/","og_site_name":"just-now.NEWS Deutschland","article_publisher":"https:\/\/www.facebook.com\/wirmachenauf","article_published_time":"2025-03-23T20:04:41+00:00","og_image":[{"url":"https:\/\/now-news.de\/de\/wp-content\/uploads\/sites\/3\/2025\/03\/67e01c13b480cc10b6643531.jpg"}],"author":"rtnews","twitter_card":"summary_large_image","twitter_creator":"@WirMachenAuf_de","twitter_site":"@WirMachenAuf_de","twitter_misc":{"Verfasst von":"rtnews","Gesch\u00e4tzte Lesezeit":"2\u00a0Minuten"},"schema":{"@context":"https:\/\/schema.org","@graph":[{"@type":"Article","@id":"https:\/\/now-news.de\/de\/deutschland\/kremlsprecher-peskow-bezeichnet-europas-politik-in-ukraine-krise-als-paradoxal\/#article","isPartOf":{"@id":"https:\/\/now-news.de\/de\/deutschland\/kremlsprecher-peskow-bezeichnet-europas-politik-in-ukraine-krise-als-paradoxal\/"},"author":{"name":"rtnews","@id":"https:\/\/now-news.de\/de\/#\/schema\/person\/fb534a4e865501d8b3285208df34a9b5"},"headline":"Kremlsprecher Peskow bezeichnet Europas Politik in Ukraine-Krise als &quot;paradoxal&quot;","datePublished":"2025-03-23T20:04:41+00:00","dateModified":"2025-03-23T20:04:41+00:00","mainEntityOfPage":{"@id":"https:\/\/now-news.de\/de\/deutschland\/kremlsprecher-peskow-bezeichnet-europas-politik-in-ukraine-krise-als-paradoxal\/"},"wordCount":359,"commentCount":0,"publisher":{"@id":"https:\/\/now-news.de\/de\/#organization"},"image":{"@id":"https:\/\/now-news.de\/de\/deutschland\/kremlsprecher-peskow-bezeichnet-europas-politik-in-ukraine-krise-als-paradoxal\/#primaryimage"},"thumbnailUrl":"https:\/\/now-news.de\/de\/wp-content\/uploads\/sites\/3\/2025\/03\/Kremlsprecher-Peskow-bezeichnet-Europas-Politik-in-Ukraine-Krise-als-quotparadoxalquot.jpg","keywords":["als","bezeichnet","Europas","KremlSprecher","Peskow","Politik","quotparadoxalquot","UkraineKrise"],"articleSection":["Deutschland","Russland"],"inLanguage":"de","potentialAction":[{"@type":"CommentAction","name":"Comment","target":["https:\/\/now-news.de\/de\/deutschland\/kremlsprecher-peskow-bezeichnet-europas-politik-in-ukraine-krise-als-paradoxal\/#respond"]}]},{"@type":"WebPage","@id":"https:\/\/now-news.de\/de\/deutschland\/kremlsprecher-peskow-bezeichnet-europas-politik-in-ukraine-krise-als-paradoxal\/","url":"https:\/\/now-news.de\/de\/deutschland\/kremlsprecher-peskow-bezeichnet-europas-politik-in-ukraine-krise-als-paradoxal\/","name":"Kremlsprecher Peskow bezeichnet Europas Politik in Ukraine-Krise als &quot;paradoxal&quot; - just-now.NEWS Deutschland","isPartOf":{"@id":"https:\/\/now-news.de\/de\/#website"},"primaryImageOfPage":{"@id":"https:\/\/now-news.de\/de\/deutschland\/kremlsprecher-peskow-bezeichnet-europas-politik-in-ukraine-krise-als-paradoxal\/#primaryimage"},"image":{"@id":"https:\/\/now-news.de\/de\/deutschland\/kremlsprecher-peskow-bezeichnet-europas-politik-in-ukraine-krise-als-paradoxal\/#primaryimage"},"thumbnailUrl":"https:\/\/now-news.de\/de\/wp-content\/uploads\/sites\/3\/2025\/03\/Kremlsprecher-Peskow-bezeichnet-Europas-Politik-in-Ukraine-Krise-als-quotparadoxalquot.jpg","datePublished":"2025-03-23T20:04:41+00:00","dateModified":"2025-03-23T20:04:41+00:00","breadcrumb":{"@id":"https:\/\/now-news.de\/de\/deutschland\/kremlsprecher-peskow-bezeichnet-europas-politik-in-ukraine-krise-als-paradoxal\/#breadcrumb"},"inLanguage":"de","potentialAction":[{"@type":"ReadAction","target":["https:\/\/now-news.de\/de\/deutschland\/kremlsprecher-peskow-bezeichnet-europas-politik-in-ukraine-krise-als-paradoxal\/"]}]},{"@type":"ImageObject","inLanguage":"de","@id":"https:\/\/now-news.de\/de\/deutschland\/kremlsprecher-peskow-bezeichnet-europas-politik-in-ukraine-krise-als-paradoxal\/#primaryimage","url":"https:\/\/now-news.de\/de\/wp-content\/uploads\/sites\/3\/2025\/03\/Kremlsprecher-Peskow-bezeichnet-Europas-Politik-in-Ukraine-Krise-als-quotparadoxalquot.jpg","contentUrl":"https:\/\/now-news.de\/de\/wp-content\/uploads\/sites\/3\/2025\/03\/Kremlsprecher-Peskow-bezeichnet-Europas-Politik-in-Ukraine-Krise-als-quotparadoxalquot.jpg","width":460,"height":259,"caption":"Kremlsprecher Peskow bezeichnet Europas Politik in Ukraine-Krise als &quot;paradoxal&quot;"},{"@type":"BreadcrumbList","@id":"https:\/\/now-news.de\/de\/deutschland\/kremlsprecher-peskow-bezeichnet-europas-politik-in-ukraine-krise-als-paradoxal\/#breadcrumb","itemListElement":[{"@type":"ListItem","position":1,"name":"Home","item":"https:\/\/now-news.de\/de\/"},{"@type":"ListItem","position":2,"name":"Kremlsprecher Peskow bezeichnet Europas Politik in Ukraine-Krise als &quot;paradoxal&quot;"}]},{"@type":"WebSite","@id":"https:\/\/now-news.de\/de\/#website","url":"https:\/\/now-news.de\/de\/","name":"just-now.NEWS Deutschland","description":"Das Portal f\u00fcr unzensierte Nachrichten aus der Welt","publisher":{"@id":"https:\/\/now-news.de\/de\/#organization"},"potentialAction":[{"@type":"SearchAction","target":{"@type":"EntryPoint","urlTemplate":"https:\/\/now-news.de\/de\/?s={search_term_string}"},"query-input":"required name=search_term_string"}],"inLanguage":"de"},{"@type":"Organization","@id":"https:\/\/now-news.de\/de\/#organization","name":"Just Now News","url":"https:\/\/now-news.de\/de\/","logo":{"@type":"ImageObject","inLanguage":"de","@id":"https:\/\/now-news.de\/de\/#\/schema\/logo\/image\/","url":"http:\/\/just-now.news\/de\/wp-content\/uploads\/sites\/3\/2022\/04\/logo500x500.jpg","contentUrl":"http:\/\/just-now.news\/de\/wp-content\/uploads\/sites\/3\/2022\/04\/logo500x500.jpg","width":500,"height":500,"caption":"Just Now News"},"image":{"@id":"https:\/\/now-news.de\/de\/#\/schema\/logo\/image\/"},"sameAs":["https:\/\/www.facebook.com\/wirmachenauf","https:\/\/x.com\/WirMachenAuf_de"]},{"@type":"Person","@id":"https:\/\/now-news.de\/de\/#\/schema\/person\/fb534a4e865501d8b3285208df34a9b5","name":"rtnews","image":{"@type":"ImageObject","inLanguage":"de","@id":"https:\/\/now-news.de\/de\/#\/schema\/person\/image\/","url":"https:\/\/secure.gravatar.com\/avatar\/82aafea7d8127119dd649515f56e2117?s=96&d=mm&r=g","contentUrl":"https:\/\/secure.gravatar.com\/avatar\/82aafea7d8127119dd649515f56e2117?s=96&d=mm&r=g","caption":"rtnews"},"url":"https:\/\/now-news.de\/de\/author\/rnews\/"}]}},"_links":{"self":[{"href":"https:\/\/now-news.de\/de\/wp-json\/wp\/v2\/posts\/80795"}],"collection":[{"href":"https:\/\/now-news.de\/de\/wp-json\/wp\/v2\/posts"}],"about":[{"href":"https:\/\/now-news.de\/de\/wp-json\/wp\/v2\/types\/post"}],"author":[{"embeddable":true,"href":"https:\/\/now-news.de\/de\/wp-json\/wp\/v2\/users\/3"}],"replies":[{"embeddable":true,"href":"https:\/\/now-news.de\/de\/wp-json\/wp\/v2\/comments?post=80795"}],"version-history":[{"count":0,"href":"https:\/\/now-news.de\/de\/wp-json\/wp\/v2\/posts\/80795\/revisions"}],"wp:featuredmedia":[{"embeddable":true,"href":"https:\/\/now-news.de\/de\/wp-json\/wp\/v2\/media\/80796"}],"wp:attachment":[{"href":"https:\/\/now-news.de\/de\/wp-json\/wp\/v2\/media?parent=80795"}],"wp:term":[{"taxonomy":"category","embeddable":true,"href":"https:\/\/now-news.de\/de\/wp-json\/wp\/v2\/categories?post=80795"},{"taxonomy":"post_tag","embeddable":true,"href":"https:\/\/now-news.de\/de\/wp-json\/wp\/v2\/tags?post=80795"}],"curies":[{"name":"wp","href":"https:\/\/api.w.org\/{rel}","templated":true}]}}